{"id":8986,"date":"2025-09-29T09:00:00","date_gmt":"2025-09-29T07:00:00","guid":{"rendered":"https:\/\/costablanca-magazin.com\/?p=8986"},"modified":"2025-12-04T12:20:38","modified_gmt":"2025-12-04T11:20:38","slug":"koffie-aan-de-costa-blanca-cortado-bombon-cultuur","status":"publish","type":"post","link":"https:\/\/costablanca-magazin.com\/nl\/kulinarisches\/spezialitaeten-rezepte\/kaffee-an-der-costa-blanca-cortado-bombon-kultur\/","title":{"rendered":"Koffie aan de Costa Blanca - cortado, bomb\u00f3n &amp; cultuur"},"content":{"rendered":"<div data-elementor-type=\"wp-post\" data-elementor-id=\"8986\" class=\"elementor elementor-8986\" data-elementor-post-type=\"post\">\n\t\t\t\t<div class=\"elementor-element elementor-element-2e12eef e-flex e-con-boxed e-con e-parent\" data-id=\"2e12eef\" data-element_type=\"container\" data-e-type=\"container\">\n\t\t\t\t\t<div class=\"e-con-inner\">\n\t\t\t\t<div class=\"elementor-element elementor-element-c0573f8 elementor-widget elementor-widget-heading\" data-id=\"c0573f8\" data-element_type=\"widget\" data-e-type=\"widget\" data-widget_type=\"heading.default\">\n\t\t\t\t<div class=\"elementor-widget-container\">\n\t\t\t\t\t<h1 class=\"elementor-heading-title elementor-size-default\">Koffie aan de Costa Blanca - cortado, bomb\u00f3n &amp; cultuur<\/h1>\t\t\t\t<\/div>\n\t\t\t\t<\/div>\n\t\t\t\t<div class=\"elementor-element elementor-element-10b7eb1 elementor-widget elementor-widget-image\" data-id=\"10b7eb1\" data-element_type=\"widget\" data-e-type=\"widget\" data-widget_type=\"image.default\">\n\t\t\t\t<div class=\"elementor-widget-container\">\n\t\t\t\t\t\t\t\t\t\t\t\t\t\t\t<img decoding=\"async\" src=\"https:\/\/costablanca-magazin.com\/wp-content\/uploads\/elementor\/thumbs\/coffee-expert-barista-making-hot-americano-for-cus-2025-01-08-23-10-13-utc-e1759084734304-rcfmtu4nxcwt3z3aub3g3kj0nh77cspdfb39ixw8to.jpg\" title=\"Caf\u00e9, Cortado &amp; Bomb\u00f3n\" alt=\"Caf\u00e9, cortado &amp; bomb\u00f3n 3\" loading=\"lazy\" \/>\t\t\t\t\t\t\t\t\t\t\t\t\t\t\t<\/div>\n\t\t\t\t<\/div>\n\t\t\t\t\t<\/div>\n\t\t\t\t<\/div>\n\t\t<div class=\"elementor-element elementor-element-23dd09a e-flex e-con-boxed e-con e-parent\" data-id=\"23dd09a\" data-element_type=\"container\" data-e-type=\"container\">\n\t\t\t\t\t<div class=\"e-con-inner\">\n\t\t\t\t<div class=\"elementor-element elementor-element-02c4557 elementor-widget elementor-widget-heading\" data-id=\"02c4557\" data-element_type=\"widget\" data-e-type=\"widget\" data-widget_type=\"heading.default\">\n\t\t\t\t<div class=\"elementor-widget-container\">\n\t\t\t\t\t<h2 class=\"elementor-heading-title elementor-size-default\">Ontdek de koffiecultuur van de Costa Blanca - van Cortado tot Bomb\u00f3n. Hier is koffie meer dan alleen een genot: een ritueel, een ontmoetingsplaats, een stukje Spanje.<\/h2>\t\t\t\t<\/div>\n\t\t\t\t<\/div>\n\t\t\t\t\t<\/div>\n\t\t\t\t<\/div>\n\t\t<div class=\"elementor-element elementor-element-3d7d735 e-flex e-con-boxed e-con e-parent\" data-id=\"3d7d735\" data-element_type=\"container\" data-e-type=\"container\">\n\t\t\t\t\t<div class=\"e-con-inner\">\n\t\t<div class=\"elementor-element elementor-element-f04701c e-con-full e-flex e-con e-child\" data-id=\"f04701c\" data-element_type=\"container\" data-e-type=\"container\">\n\t\t\t\t<div class=\"elementor-element elementor-element-3f4ce4e elementor-widget elementor-widget-text-editor\" data-id=\"3f4ce4e\" data-element_type=\"widget\" data-e-type=\"widget\" data-widget_type=\"text-editor.default\">\n\t\t\t\t<div class=\"elementor-widget-container\">\n\t\t\t\t\t\t\t\t\t<p>Een snelle solo aan de bar, een gezellige con leche bij het ontbijt of een zoete bomb\u00f3n in de namiddag: koffie is veel meer dan zomaar een drankje aan de Costa Blanca - het is een ritueel, een stukje cultuur en een dagelijkse gelegenheid om een gesprek aan te knopen.<\/p><p>Als je door de straten van D\u00e9nia, Altea of Villajoyosa wandelt, hoor je het overal: het gerinkel van kleine kopjes, het ritmische gesis van de espressomachine, het geroezemoes van gasten. Koffie is hier nooit \u201eom mee te nemen\u201c, maar altijd een sociale ervaring.<\/p><p><strong>Variatie in een kopje - De klassiekers zijn duidelijk:<\/strong><br \/>\u25b6 Caf\u00e9 solo - de sterke espresso, snel en zonder franje.<br \/>\u25b6 Caf\u00e9 con leche - half melk, half koffie, de favoriet in de ochtend.<br \/>\u25b6 Cortado - een solo met een scheutje melk, ideaal voor tussendoor.<\/p><p><strong>Maar de regio heeft ook zijn eigen bijzonderheden:<\/strong><br \/>\u25b6 Caf\u00e9 bomb\u00f3n, beroemd in Alicante en Villajoyosa: espresso met gezoete gecondenseerde melk, een dessert in een glas.<br \/>Carajillo, meestal met brandy of anijs - ooit een volksdrankje, nu een cultfavoriet.<br \/>\u25b6 Blanco y negro, de zomerse versie met ijs of horchata.<\/p><p><strong>Koffie met couleur locale<\/strong><br \/>De Marina Alta &amp; Baixa leggen hun eigen accenten:<br \/>- In Villajoyosa vermengt de koffiecultuur zich met de chocoladetraditie. Veel caf\u00e9s serveren de bomb\u00f3n met een extra portie Valor chocolade - een zoete verbinding die alleen hier te vinden is.<br \/>- Altea en Benissa worden gekenmerkt door oude cafetaria's. Sommige worden al drie generaties door dezelfde familie gerund. Sommige worden al drie generaties door dezelfde familie gerund - en zijn ontmoetingsplaatsen gebleven waar de tijd langzamer voorbijgaat.<br \/>- In D\u00e9nia zorgen jonge branders voor een frisse wind. Ze experimenteren met koffiesoorten van \u00e9\u00e9n oorsprong en nieuwe zetmethoden - een spannend contrast met de traditionele barcultuur.<\/p>\t\t\t\t\t\t\t\t<\/div>\n\t\t\t\t<\/div>\n\t\t\t\t<\/div>\n\t\t<div class=\"elementor-element elementor-element-64199dc e-con-full e-flex e-con e-child\" data-id=\"64199dc\" data-element_type=\"container\" data-e-type=\"container\">\n\t\t\t\t<div class=\"elementor-element elementor-element-6b62586 elementor-widget__width-initial elementor-widget elementor-widget-gallery\" data-id=\"6b62586\" data-element_type=\"widget\" data-e-type=\"widget\" data-settings=\"{&quot;columns&quot;:1,&quot;gap&quot;:{&quot;unit&quot;:&quot;px&quot;,&quot;size&quot;:1,&quot;sizes&quot;:[]},&quot;aspect_ratio&quot;:&quot;1:1&quot;,&quot;lazyload&quot;:&quot;yes&quot;,&quot;gallery_layout&quot;:&quot;grid&quot;,&quot;columns_tablet&quot;:2,&quot;columns_mobile&quot;:1,&quot;gap_tablet&quot;:{&quot;unit&quot;:&quot;px&quot;,&quot;size&quot;:10,&quot;sizes&quot;:[]},&quot;gap_mobile&quot;:{&quot;unit&quot;:&quot;px&quot;,&quot;size&quot;:10,&quot;sizes&quot;:[]},&quot;link_to&quot;:&quot;file&quot;,&quot;overlay_background&quot;:&quot;yes&quot;,&quot;content_hover_animation&quot;:&quot;fade-in&quot;}\" data-widget_type=\"gallery.default\">\n\t\t\t\t<div class=\"elementor-widget-container\">\n\t\t\t\t\t\t\t<div class=\"elementor-gallery__container\">\n\t\t\t\t\t\t\t<a class=\"e-gallery-item elementor-gallery-item elementor-animated-content\" href=\"https:\/\/costablanca-magazin.com\/wp-content\/uploads\/2025\/09\/ice-coffee-americano-in-glass-with-ice-cubes-on-wo-2024-11-25-11-14-56-utc.jpg\" data-elementor-open-lightbox=\"yes\" data-elementor-lightbox-slideshow=\"6b62586\" data-elementor-lightbox-title=\"Caf\u00e9,  Cortado  &amp; Bomb\u00f3n\" data-elementor-lightbox-description=\"Caf\u00e9, Cortado &amp; Bomb\u00f3n\" data-e-action-hash=\"#elementor-action%3Aaction%3Dlightbox%26settings%3DeyJpZCI6ODk4OSwidXJsIjoiaHR0cHM6XC9cL2Nvc3RhYmxhbmNhLW1hZ2F6aW4uY29tXC93cC1jb250ZW50XC91cGxvYWRzXC8yMDI1XC8wOVwvaWNlLWNvZmZlZS1hbWVyaWNhbm8taW4tZ2xhc3Mtd2l0aC1pY2UtY3ViZXMtb24td28tMjAyNC0xMS0yNS0xMS0xNC01Ni11dGMuanBnIiwic2xpZGVzaG93IjoiNmI2MjU4NiJ9\">\n\t\t\t\t\t<div class=\"e-gallery-image elementor-gallery-item__image\" data-thumbnail=\"https:\/\/costablanca-magazin.com\/wp-content\/uploads\/2025\/09\/ice-coffee-americano-in-glass-with-ice-cubes-on-wo-2024-11-25-11-14-56-utc.jpg\" data-width=\"799\" data-height=\"1200\" aria-label=\"Caf\u00e9, cortado &amp; bomb\u00f3n 1\" role=\"img\" ><\/div>\n\t\t\t\t\t\t\t\t\t\t\t<div class=\"elementor-gallery-item__overlay\"><\/div>\n\t\t\t\t\t\t\t\t\t\t\t\t\t\t<\/a>\n\t\t\t\t\t\t\t<a class=\"e-gallery-item elementor-gallery-item elementor-animated-content\" href=\"https:\/\/costablanca-magazin.com\/wp-content\/uploads\/2025\/09\/vertical-photo-of-a-coffee-with-milk-served-in-a-c-2025-04-04-21-28-06-utc.jpg\" data-elementor-open-lightbox=\"yes\" data-elementor-lightbox-slideshow=\"6b62586\" data-elementor-lightbox-title=\"Caf\u00e9,  Cortado  &amp; Bomb\u00f3n\" data-elementor-lightbox-description=\"Caf\u00e9, Cortado &amp; Bomb\u00f3n\" data-e-action-hash=\"#elementor-action%3Aaction%3Dlightbox%26settings%3DeyJpZCI6ODk4OCwidXJsIjoiaHR0cHM6XC9cL2Nvc3RhYmxhbmNhLW1hZ2F6aW4uY29tXC93cC1jb250ZW50XC91cGxvYWRzXC8yMDI1XC8wOVwvdmVydGljYWwtcGhvdG8tb2YtYS1jb2ZmZWUtd2l0aC1taWxrLXNlcnZlZC1pbi1hLWMtMjAyNS0wNC0wNC0yMS0yOC0wNi11dGMuanBnIiwic2xpZGVzaG93IjoiNmI2MjU4NiJ9\">\n\t\t\t\t\t<div class=\"e-gallery-image elementor-gallery-item__image\" data-thumbnail=\"https:\/\/costablanca-magazin.com\/wp-content\/uploads\/2025\/09\/vertical-photo-of-a-coffee-with-milk-served-in-a-c-2025-04-04-21-28-06-utc.jpg\" data-width=\"799\" data-height=\"1200\" aria-label=\"Caf\u00e9, Cortado &amp; Bomb\u00f3n\" role=\"img\" ><\/div>\n\t\t\t\t\t\t\t\t\t\t\t<div class=\"elementor-gallery-item__overlay\"><\/div>\n\t\t\t\t\t\t\t\t\t\t\t\t\t\t<\/a>\n\t\t\t\t\t<\/div>\n\t\t\t\t\t<\/div>\n\t\t\t\t<\/div>\n\t\t\t\t<\/div>\n\t\t<div class=\"elementor-element elementor-element-46691ba e-con-full e-flex e-con e-child\" data-id=\"46691ba\" data-element_type=\"container\" data-e-type=\"container\">\n\t\t\t\t<div class=\"elementor-element elementor-element-1902845 elementor-widget__width-initial elementor-widget elementor-widget-gallery\" data-id=\"1902845\" data-element_type=\"widget\" data-e-type=\"widget\" data-settings=\"{&quot;columns&quot;:1,&quot;gap&quot;:{&quot;unit&quot;:&quot;px&quot;,&quot;size&quot;:1,&quot;sizes&quot;:[]},&quot;aspect_ratio&quot;:&quot;1:1&quot;,&quot;lazyload&quot;:&quot;yes&quot;,&quot;gallery_layout&quot;:&quot;grid&quot;,&quot;columns_tablet&quot;:2,&quot;columns_mobile&quot;:1,&quot;gap_tablet&quot;:{&quot;unit&quot;:&quot;px&quot;,&quot;size&quot;:10,&quot;sizes&quot;:[]},&quot;gap_mobile&quot;:{&quot;unit&quot;:&quot;px&quot;,&quot;size&quot;:10,&quot;sizes&quot;:[]},&quot;link_to&quot;:&quot;file&quot;,&quot;overlay_background&quot;:&quot;yes&quot;,&quot;content_hover_animation&quot;:&quot;fade-in&quot;}\" data-widget_type=\"gallery.default\">\n\t\t\t\t<div class=\"elementor-widget-container\">\n\t\t\t\t\t\t\t<div class=\"elementor-gallery__container\">\n\t\t\t\t\t\t\t<a class=\"e-gallery-item elementor-gallery-item elementor-animated-content\" href=\"https:\/\/costablanca-magazin.com\/wp-content\/uploads\/2025\/09\/glass-of-iced-dalgona-coffee-trendy-fluffy-creamy-2025-03-18-15-50-03-utc.jpg\" data-elementor-open-lightbox=\"yes\" data-elementor-lightbox-slideshow=\"1902845\" data-elementor-lightbox-title=\"Caf\u00e9,  Cortado  &amp; Bomb\u00f3n\" data-elementor-lightbox-description=\"Caf\u00e9, Cortado &amp; Bomb\u00f3n\" data-e-action-hash=\"#elementor-action%3Aaction%3Dlightbox%26settings%3DeyJpZCI6ODk5MCwidXJsIjoiaHR0cHM6XC9cL2Nvc3RhYmxhbmNhLW1hZ2F6aW4uY29tXC93cC1jb250ZW50XC91cGxvYWRzXC8yMDI1XC8wOVwvZ2xhc3Mtb2YtaWNlZC1kYWxnb25hLWNvZmZlZS10cmVuZHktZmx1ZmZ5LWNyZWFteS0yMDI1LTAzLTE4LTE1LTUwLTAzLXV0Yy5qcGciLCJzbGlkZXNob3ciOiIxOTAyODQ1In0%3D\">\n\t\t\t\t\t<div class=\"e-gallery-image elementor-gallery-item__image\" data-thumbnail=\"https:\/\/costablanca-magazin.com\/wp-content\/uploads\/2025\/09\/glass-of-iced-dalgona-coffee-trendy-fluffy-creamy-2025-03-18-15-50-03-utc.jpg\" data-width=\"1200\" data-height=\"800\" aria-label=\"Caf\u00e9, cortado &amp; bomb\u00f3n 2\" role=\"img\" ><\/div>\n\t\t\t\t\t\t\t\t\t\t\t<div class=\"elementor-gallery-item__overlay\"><\/div>\n\t\t\t\t\t\t\t\t\t\t\t\t\t\t<\/a>\n\t\t\t\t\t\t\t<a class=\"e-gallery-item elementor-gallery-item elementor-animated-content\" href=\"https:\/\/costablanca-magazin.com\/wp-content\/uploads\/2025\/09\/barraquito-coffee-multi-layered-drink-typical-in-2024-12-02-08-41-40-utc1.jpg\" data-elementor-open-lightbox=\"yes\" data-elementor-lightbox-slideshow=\"1902845\" data-elementor-lightbox-title=\"Caf\u00e9,  Cortado  &amp; Bomb\u00f3n\" data-elementor-lightbox-description=\"Caf\u00e9, Cortado &amp; Bomb\u00f3n\" data-e-action-hash=\"#elementor-action%3Aaction%3Dlightbox%26settings%3DeyJpZCI6ODk5MiwidXJsIjoiaHR0cHM6XC9cL2Nvc3RhYmxhbmNhLW1hZ2F6aW4uY29tXC93cC1jb250ZW50XC91cGxvYWRzXC8yMDI1XC8wOVwvYmFycmFxdWl0by1jb2ZmZWUtbXVsdGktbGF5ZXJlZC1kcmluay10eXBpY2FsLWluLTIwMjQtMTItMDItMDgtNDEtNDAtdXRjMS5qcGciLCJzbGlkZXNob3ciOiIxOTAyODQ1In0%3D\">\n\t\t\t\t\t<div class=\"e-gallery-image elementor-gallery-item__image\" data-thumbnail=\"https:\/\/costablanca-magazin.com\/wp-content\/uploads\/2025\/09\/barraquito-coffee-multi-layered-drink-typical-in-2024-12-02-08-41-40-utc1.jpg\" data-width=\"1200\" data-height=\"786\" aria-label=\"Caf\u00e9, cortado &amp; bomb\u00f3n 4\" role=\"img\" ><\/div>\n\t\t\t\t\t\t\t\t\t\t\t<div class=\"elementor-gallery-item__overlay\"><\/div>\n\t\t\t\t\t\t\t\t\t\t\t\t\t\t<\/a>\n\t\t\t\t\t<\/div>\n\t\t\t\t\t<\/div>\n\t\t\t\t<\/div>\n\t\t\t\t<\/div>\n\t\t<div class=\"elementor-element elementor-element-c9cace2 e-con-full e-flex e-con e-child\" data-id=\"c9cace2\" data-element_type=\"container\" data-e-type=\"container\">\n\t\t\t\t<div class=\"elementor-element elementor-element-03d0729 elementor-widget elementor-widget-text-editor\" data-id=\"03d0729\" data-element_type=\"widget\" data-e-type=\"widget\" data-widget_type=\"text-editor.default\">\n\t\t\t\t<div class=\"elementor-widget-container\">\n\t\t\t\t\t\t\t\t\t<p><strong>Ontmoetingspunt bar<\/strong><br \/>Een Spaans caf\u00e9 heeft weinig te maken met de rustige elegantie van een Weens koffiehuis. Hier is het luid, bruisend en direct: glazen rinkelen, espressomachines sissen, stemmen overlappen. Arbeiders verdringen zich rond de toonbank, gepensioneerden discussi\u00ebren luid aan de volgende tafel, werknemers grijpen snel een cortado terwijl de eerste tapas al worden geserveerd naast de deur. Taarten zijn hier zeldzaam - in plaats daarvan zijn er toast, churros of bocadillos. Het is precies deze levendige mix die de caf\u00e9s van de Costa Blanca maakt tot wat ze zijn: Alledaagse podia waar iedereen zichzelf kan vinden.<\/p><p><strong>Meer dan cafe\u00efne<\/strong><br \/>Koffie is hier altijd een excuus om mensen te ontmoeten. \u201eVamos a tomar un caf\u00e9\u201c betekent niet per se dat je dorst hebt - maar dat je wilt praten, lachen of gewoon tijd met elkaar wilt doorbrengen. Misschien is dat wel het geheim van deze cultuur: in elk kopje zit een stukje Costa Blanca.<\/p>\t\t\t\t\t\t\t\t<\/div>\n\t\t\t\t<\/div>\n\t\t\t\t<div class=\"elementor-element elementor-element-56c8d47 elementor-widget elementor-widget-heading\" data-id=\"56c8d47\" data-element_type=\"widget\" data-e-type=\"widget\" data-widget_type=\"heading.default\">\n\t\t\t\t<div class=\"elementor-widget-container\">\n\t\t\t\t\t<h3 class=\"elementor-heading-title elementor-size-default\">Populaire koffies<\/h3>\t\t\t\t<\/div>\n\t\t\t\t<\/div>\n\t\t\t\t<div class=\"elementor-element elementor-element-9dbb3af elementor-widget elementor-widget-text-editor\" data-id=\"9dbb3af\" data-element_type=\"widget\" data-e-type=\"widget\" data-widget_type=\"text-editor.default\">\n\t\t\t\t<div class=\"elementor-widget-container\">\n\t\t\t\t\t\t\t\t\t<p>\u25b6 Caf\u00e9 solo - espresso, sterk en kort<br \/>Caf\u00e9 con leche - halve koffie, halve melk<br \/>\u25b6 Cortado - espresso met een scheutje melk<br \/>\u25b6 Caf\u00e9 bomb\u00f3n - espresso met gezoete gecondenseerde melk<br \/>\u25b6 Carajillo - espresso met brandy, bailys, rum of anijs<br \/>Americano - zwarte koffie<br \/>\u25b6 Blanco y negro - koffie met horchata of ijs<\/p>\t\t\t\t\t\t\t\t<\/div>\n\t\t\t\t<\/div>\n\t\t\t\t<\/div>\n\t\t\t\t\t<\/div>\n\t\t\t\t<\/div>\n\t\t<div class=\"elementor-element elementor-element-709a6ec e-flex e-con-boxed e-con e-parent\" data-id=\"709a6ec\" data-element_type=\"container\" data-e-type=\"container\">\n\t\t\t\t\t<div class=\"e-con-inner\">\n\t\t\t\t<div class=\"elementor-element elementor-element-070a13d elementor-widget-divider--view-line_icon elementor-widget-divider--separator-type-pattern elementor-widget-divider--no-spacing elementor-view-default elementor-widget-divider--element-align-center elementor-widget elementor-widget-divider\" data-id=\"070a13d\" data-element_type=\"widget\" data-e-type=\"widget\" data-widget_type=\"divider.default\">\n\t\t\t\t<div class=\"elementor-widget-container\">\n\t\t\t\t\t\t\t<div class=\"elementor-divider\" style=\"--divider-pattern-url: url(&quot;data:image\/svg+xml,%3Csvg xmlns=&#039;http:\/\/www.w3.org\/2000\/svg&#039; preserveAspectRatio=&#039;xMidYMid meet&#039; overflow=&#039;visible&#039; height=&#039;100%&#039; viewBox=&#039;0 0 126 26&#039; fill=&#039;black&#039; stroke=&#039;none&#039;%3E%3Cpath d=&#039;M3,10.2c2.6,0,2.6,2,2.6,3.2S4.4,16.5,3,16.5s-3-1.4-3-3.2S0.4,10.2,3,10.2z M18.8,10.2c1.7,0,3.2,1.4,3.2,3.2s-1.4,3.2-3.2,3.2c-1.7,0-3.2-1.4-3.2-3.2S17,10.2,18.8,10.2z M34.6,10.2c1.5,0,2.6,1.4,2.6,3.2s-0.5,3.2-1.9,3.2c-1.5,0-3.4-1.4-3.4-3.2S33.1,10.2,34.6,10.2z M50.5,10.2c1.7,0,3.2,1.4,3.2,3.2s-1.4,3.2-3.2,3.2c-1.7,0-3.3-0.9-3.3-2.6S48.7,10.2,50.5,10.2z M66.2,10.2c1.5,0,3.4,1.4,3.4,3.2s-1.9,3.2-3.4,3.2c-1.5,0-2.6-0.4-2.6-2.1S64.8,10.2,66.2,10.2z M82.2,10.2c1.7,0.8,2.6,1.4,2.6,3.2s-0.1,3.2-1.6,3.2c-1.5,0-3.7-1.4-3.7-3.2S80.5,9.4,82.2,10.2zM98.6,10.2c1.5,0,2.6,0.4,2.6,2.1s-1.2,4.2-2.6,4.2c-1.5,0-3.7-0.4-3.7-2.1S97.1,10.2,98.6,10.2z M113.4,10.2c1.2,0,2.2,0.9,2.2,3.2s-0.1,3.2-1.3,3.2s-3.1-1.4-3.1-3.2S112.2,10.2,113.4,10.2z&#039;\/%3E%3C\/svg%3E&quot;);\">\n\t\t\t<span class=\"elementor-divider-separator\">\n\t\t\t\t\t\t\t<div class=\"elementor-icon elementor-divider__element\">\n\t\t\t\t\t<svg aria-hidden=\"true\" class=\"e-font-icon-svg e-fas-coffee\" viewbox=\"0 0 640 512\" xmlns=\"http:\/\/www.w3.org\/2000\/svg\"><path d=\"M192 384h192c53 0 96-43 96-96h32c70.6 0 128-57.4 128-128S582.6 32 512 32H120c-13.3 0-24 10.7-24 24v232c0 53 43 96 96 96zM512 96c35.3 0 64 28.7 64 64s-28.7 64-64 64h-32V96h32zm47.7 384H48.3c-47.6 0-61-64-36-64h583.3c25 0 11.8 64-35.9 64z\"><\/path><\/svg><\/div>\n\t\t\t\t\t\t<\/span>\n\t\t<\/div>\n\t\t\t\t\t\t<\/div>\n\t\t\t\t<\/div>\n\t\t\t\t<div class=\"elementor-element elementor-element-3328f96 elementor-grid-3 elementor-grid-tablet-2 elementor-grid-mobile-1 elementor-posts--thumbnail-top elementor-posts--show-avatar elementor-card-shadow-yes elementor-posts__hover-gradient elementor-widget elementor-widget-posts\" data-id=\"3328f96\" data-element_type=\"widget\" data-e-type=\"widget\" data-settings=\"{&quot;cards_columns&quot;:&quot;3&quot;,&quot;cards_columns_tablet&quot;:&quot;2&quot;,&quot;cards_columns_mobile&quot;:&quot;1&quot;,&quot;cards_row_gap&quot;:{&quot;unit&quot;:&quot;px&quot;,&quot;size&quot;:35,&quot;sizes&quot;:[]},&quot;cards_row_gap_tablet&quot;:{&quot;unit&quot;:&quot;px&quot;,&quot;size&quot;:&quot;&quot;,&quot;sizes&quot;:[]},&quot;cards_row_gap_mobile&quot;:{&quot;unit&quot;:&quot;px&quot;,&quot;size&quot;:&quot;&quot;,&quot;sizes&quot;:[]}}\" data-widget_type=\"posts.cards\">\n\t\t\t\t<div class=\"elementor-widget-container\">\n\t\t\t\t\t\t\t<div class=\"elementor-posts-container elementor-posts elementor-posts--skin-cards elementor-grid\" role=\"list\">\n\t\t\t\t<article class=\"elementor-post elementor-grid-item post-8962 post type-post status-publish format-standard has-post-thumbnail hentry category-spezialitaeten-rezepte tag-embutidos-spanien tag-handwerkliche-produktion tag-marina-baixa-oel tag-olivenoel-costa-blanca tag-olivenoel-marina-alta tag-regionale-spezialitaeten tag-spanische-tradition tag-traditionelle-wurstwaren\" role=\"listitem\">\n\t\t\t<div class=\"elementor-post__card\">\n\t\t\t\t<a class=\"elementor-post__thumbnail__link\" href=\"https:\/\/costablanca-magazin.com\/nl\/kulinarisches\/spezialitaeten-rezepte\/olivenoel-embutidos-tradition-aus-marina-alta-baixa\/\" tabindex=\"-1\" ><div class=\"elementor-post__thumbnail\"><img fetchpriority=\"high\" decoding=\"async\" width=\"1200\" height=\"800\" src=\"https:\/\/costablanca-magazin.com\/wp-content\/uploads\/2025\/09\/detail-of-olive-tree-with-green-olives-2025-03-23-21-44-42-utc.jpg\" class=\"attachment-2048x2048 size-2048x2048 wp-image-8963\" alt=\"Ambacht uit traditie: olie en embutidos\" srcset=\"https:\/\/costablanca-magazin.com\/wp-content\/uploads\/2025\/09\/detail-of-olive-tree-with-green-olives-2025-03-23-21-44-42-utc.jpg 1200w, https:\/\/costablanca-magazin.com\/wp-content\/uploads\/2025\/09\/detail-of-olive-tree-with-green-olives-2025-03-23-21-44-42-utc-300x200.jpg 300w, https:\/\/costablanca-magazin.com\/wp-content\/uploads\/2025\/09\/detail-of-olive-tree-with-green-olives-2025-03-23-21-44-42-utc-1024x683.jpg 1024w, https:\/\/costablanca-magazin.com\/wp-content\/uploads\/2025\/09\/detail-of-olive-tree-with-green-olives-2025-03-23-21-44-42-utc-768x512.jpg 768w\" sizes=\"(max-width: 1200px) 100vw, 1200px\" \/><\/div><\/a>\n\t\t\t\t<div class=\"elementor-post__badge\">Specialiteiten &amp; recepten<\/div>\n\t\t\t\t<div class=\"elementor-post__avatar\">\n\t\t\t\t\t<\/div>\n\t\t\t\t<div class=\"elementor-post__text\">\n\t\t\t\t<h3 class=\"elementor-post__title\">\n\t\t\t<a href=\"https:\/\/costablanca-magazin.com\/nl\/kulinarisches\/spezialitaeten-rezepte\/olivenoel-embutidos-tradition-aus-marina-alta-baixa\/\" >\n\t\t\t\tOlijfolie &amp; Embutidos - Traditie uit Marina Alta &amp; Baixa\t\t\t<\/a>\n\t\t<\/h3>\n\t\t\t\t<\/div>\n\t\t\t\t\t<\/div>\n\t\t<\/article>\n\t\t\t\t<article class=\"elementor-post elementor-grid-item post-8891 post type-post status-publish format-standard has-post-thumbnail hentry category-spezialitaeten-rezepte tag-marina-alta tag-marina-baixa tag-mistela tag-moscatel tag-regionale-weine tag-weinkultur tag-weinproben tag-weintradition\" role=\"listitem\">\n\t\t\t<div class=\"elementor-post__card\">\n\t\t\t\t<a class=\"elementor-post__thumbnail__link\" href=\"https:\/\/costablanca-magazin.com\/nl\/kulinarisches\/spezialitaeten-rezepte\/weine-der-marina-alta-baixa-moscatel-mistela-mehr\/\" tabindex=\"-1\" ><div class=\"elementor-post__thumbnail\"><img decoding=\"async\" width=\"1200\" height=\"878\" src=\"https:\/\/costablanca-magazin.com\/wp-content\/uploads\/2025\/09\/group-of-friends-wine-tasting-at-a-distillery-or-c-2025-04-06-09-58-00-utc.jpg\" class=\"attachment-2048x2048 size-2048x2048 wp-image-8952\" alt=\"Marina Alta &amp; Marina Baixa in een glas: Moscatel, Mistela &amp; meer\" srcset=\"https:\/\/costablanca-magazin.com\/wp-content\/uploads\/2025\/09\/group-of-friends-wine-tasting-at-a-distillery-or-c-2025-04-06-09-58-00-utc.jpg 1200w, https:\/\/costablanca-magazin.com\/wp-content\/uploads\/2025\/09\/group-of-friends-wine-tasting-at-a-distillery-or-c-2025-04-06-09-58-00-utc-300x220.jpg 300w, https:\/\/costablanca-magazin.com\/wp-content\/uploads\/2025\/09\/group-of-friends-wine-tasting-at-a-distillery-or-c-2025-04-06-09-58-00-utc-1024x749.jpg 1024w, https:\/\/costablanca-magazin.com\/wp-content\/uploads\/2025\/09\/group-of-friends-wine-tasting-at-a-distillery-or-c-2025-04-06-09-58-00-utc-768x562.jpg 768w\" sizes=\"(max-width: 1200px) 100vw, 1200px\" \/><\/div><\/a>\n\t\t\t\t<div class=\"elementor-post__badge\">Specialiteiten &amp; recepten<\/div>\n\t\t\t\t<div class=\"elementor-post__avatar\">\n\t\t\t\t\t<\/div>\n\t\t\t\t<div class=\"elementor-post__text\">\n\t\t\t\t<h3 class=\"elementor-post__title\">\n\t\t\t<a href=\"https:\/\/costablanca-magazin.com\/nl\/kulinarisches\/spezialitaeten-rezepte\/weine-der-marina-alta-baixa-moscatel-mistela-mehr\/\" >\n\t\t\t\tWijnen van de Marina Alta &amp; Baixa - Moscatel, Mistela &amp; meer\t\t\t<\/a>\n\t\t<\/h3>\n\t\t\t\t<\/div>\n\t\t\t\t\t<\/div>\n\t\t<\/article>\n\t\t\t\t<article class=\"elementor-post elementor-grid-item post-8881 post type-post status-publish format-standard has-post-thumbnail hentry category-spezialitaeten-rezepte tag-mandeln tag-marina-alta tag-marina-baixa tag-nispero tag-regionale-landwirtschaft tag-reis tag-rosinen tag-zitrusfruechte\" role=\"listitem\">\n\t\t\t<div class=\"elementor-post__card\">\n\t\t\t\t<a class=\"elementor-post__thumbnail__link\" href=\"https:\/\/costablanca-magazin.com\/nl\/kulinarisches\/spezialitaeten-rezepte\/schaetze-der-marina-alta-und-baixa-nispero-reis-fruechte\/\" tabindex=\"-1\" ><div class=\"elementor-post__thumbnail\"><img decoding=\"async\" width=\"2048\" height=\"1365\" src=\"https:\/\/costablanca-magazin.com\/wp-content\/uploads\/2025\/04\/nispero-fruits-ripening-on-the-tree-also-known-as-2025-03-10-05-01-12-utc-2048x1365.jpg\" class=\"attachment-2048x2048 size-2048x2048 wp-image-5722\" alt=\"Kleine, delicate vrucht, grote traditie \u2013 De n\u00edspero uit Callosa d&#039;en Sarri\u00e0 3\" srcset=\"https:\/\/costablanca-magazin.com\/wp-content\/uploads\/2025\/04\/nispero-fruits-ripening-on-the-tree-also-known-as-2025-03-10-05-01-12-utc-2048x1365.jpg 2048w, https:\/\/costablanca-magazin.com\/wp-content\/uploads\/2025\/04\/nispero-fruits-ripening-on-the-tree-also-known-as-2025-03-10-05-01-12-utc-300x200.jpg 300w, https:\/\/costablanca-magazin.com\/wp-content\/uploads\/2025\/04\/nispero-fruits-ripening-on-the-tree-also-known-as-2025-03-10-05-01-12-utc-1024x683.jpg 1024w, https:\/\/costablanca-magazin.com\/wp-content\/uploads\/2025\/04\/nispero-fruits-ripening-on-the-tree-also-known-as-2025-03-10-05-01-12-utc-768x512.jpg 768w, https:\/\/costablanca-magazin.com\/wp-content\/uploads\/2025\/04\/nispero-fruits-ripening-on-the-tree-also-known-as-2025-03-10-05-01-12-utc-1536x1024.jpg 1536w\" sizes=\"(max-width: 2048px) 100vw, 2048px\" \/><\/div><\/a>\n\t\t\t\t<div class=\"elementor-post__badge\">Specialiteiten &amp; recepten<\/div>\n\t\t\t\t<div class=\"elementor-post__avatar\">\n\t\t\t\t\t<\/div>\n\t\t\t\t<div class=\"elementor-post__text\">\n\t\t\t\t<h3 class=\"elementor-post__title\">\n\t\t\t<a href=\"https:\/\/costablanca-magazin.com\/nl\/kulinarisches\/spezialitaeten-rezepte\/schaetze-der-marina-alta-und-baixa-nispero-reis-fruechte\/\" >\n\t\t\t\tSchatten van de Marina Alta en Baixa - N\u00edspero, rijst &amp; fruit\t\t\t<\/a>\n\t\t<\/h3>\n\t\t\t\t<\/div>\n\t\t\t\t\t<\/div>\n\t\t<\/article>\n\t\t\t\t<\/div>\n\t\t\n\t\t\t\t\t\t<\/div>\n\t\t\t\t<\/div>\n\t\t\t\t\t<\/div>\n\t\t\t\t<\/div>\n\t\t\t\t<\/div>","protected":false},"excerpt":{"rendered":"<p>Koffie aan de Costa Blanca - Cortado, Bomb\u00f3n &amp; Cultuur Ontdek de koffiecultuur van de Costa Blanca - van Cortado tot<\/p>","protected":false},"author":1,"featured_media":8991,"comment_status":"closed","ping_status":"closed","sticky":false,"template":"elementor_header_footer","format":"standard","meta":{"om_disable_all_campaigns":false,"_monsterinsights_skip_tracking":false,"_monsterinsights_sitenote_active":false,"_monsterinsights_sitenote_note":"","_monsterinsights_sitenote_category":0,"footnotes":""},"categories":[20],"tags":[1258,765,1257,1256,1260,1259,1262,1261],"class_list":["post-8986","post","type-post","status-publish","format-standard","has-post-thumbnail","hentry","category-spezialitaeten-rezepte","tag-cafe-bombon","tag-cafe-con-leche","tag-cortado-spanien","tag-costa-blanca-kaffee","tag-denia-kaffee","tag-kaffeekultur-costa-blanca","tag-spanischer-kaffee","tag-villajoyosa-cafe"],"aioseo_notices":[],"_links":{"self":[{"href":"https:\/\/costablanca-magazin.com\/nl\/wp-json\/wp\/v2\/posts\/8986","targetHints":{"allow":["GET"]}}],"collection":[{"href":"https:\/\/costablanca-magazin.com\/nl\/wp-json\/wp\/v2\/posts"}],"about":[{"href":"https:\/\/costablanca-magazin.com\/nl\/wp-json\/wp\/v2\/types\/post"}],"author":[{"embeddable":true,"href":"https:\/\/costablanca-magazin.com\/nl\/wp-json\/wp\/v2\/users\/1"}],"replies":[{"embeddable":true,"href":"https:\/\/costablanca-magazin.com\/nl\/wp-json\/wp\/v2\/comments?post=8986"}],"version-history":[{"count":10,"href":"https:\/\/costablanca-magazin.com\/nl\/wp-json\/wp\/v2\/posts\/8986\/revisions"}],"predecessor-version":[{"id":10113,"href":"https:\/\/costablanca-magazin.com\/nl\/wp-json\/wp\/v2\/posts\/8986\/revisions\/10113"}],"wp:featuredmedia":[{"embeddable":true,"href":"https:\/\/costablanca-magazin.com\/nl\/wp-json\/wp\/v2\/media\/8991"}],"wp:attachment":[{"href":"https:\/\/costablanca-magazin.com\/nl\/wp-json\/wp\/v2\/media?parent=8986"}],"wp:term":[{"taxonomy":"category","embeddable":true,"href":"https:\/\/costablanca-magazin.com\/nl\/wp-json\/wp\/v2\/categories?post=8986"},{"taxonomy":"post_tag","embeddable":true,"href":"https:\/\/costablanca-magazin.com\/nl\/wp-json\/wp\/v2\/tags?post=8986"}],"curies":[{"name":"wp","href":"https:\/\/api.w.org\/{rel}","templated":true}]}}