{"id":8729,"date":"2025-09-14T09:00:00","date_gmt":"2025-09-14T07:00:00","guid":{"rendered":"https:\/\/costablanca-magazin.com\/?p=8729"},"modified":"2025-11-26T08:14:40","modified_gmt":"2025-11-26T07:14:40","slug":"september-oktober-evenementen-aan-de-costa-blanca-2025","status":"publish","type":"post","link":"https:\/\/costablanca-magazin.com\/nl\/freizeit\/aktivitaeten-und-ausfluege\/september-oktober-veranstaltungen-an-der-costa-blanca-2025\/","title":{"rendered":"Evenementen in september en oktober aan de Costa Blanca 2025"},"content":{"rendered":"<div data-elementor-type=\"wp-post\" data-elementor-id=\"8729\" class=\"elementor elementor-8729\" data-elementor-post-type=\"post\">\n\t\t\t\t<div class=\"elementor-element elementor-element-5e89a22 e-flex e-con-boxed e-con e-parent\" data-id=\"5e89a22\" data-element_type=\"container\" data-e-type=\"container\">\n\t\t\t\t\t<div class=\"e-con-inner\">\n\t\t\t\t<div class=\"elementor-element elementor-element-b49bd7b elementor-widget elementor-widget-heading\" data-id=\"b49bd7b\" data-element_type=\"widget\" data-e-type=\"widget\" data-widget_type=\"heading.default\">\n\t\t\t\t<div class=\"elementor-widget-container\">\n\t\t\t\t\t<h1 class=\"elementor-heading-title elementor-size-default\">Evenementen in september en oktober aan de Costa Blanca 2025<\/h1>\t\t\t\t<\/div>\n\t\t\t\t<\/div>\n\t\t\t\t<div class=\"elementor-element elementor-element-6fc40cd elementor-widget elementor-widget-image\" data-id=\"6fc40cd\" data-element_type=\"widget\" data-e-type=\"widget\" data-widget_type=\"image.default\">\n\t\t\t\t<div class=\"elementor-widget-container\">\n\t\t\t\t\t\t\t\t\t\t\t\t\t\t\t<img decoding=\"async\" src=\"https:\/\/costablanca-magazin.com\/wp-content\/uploads\/elementor\/thumbs\/Fotolia_59715372_XL-rjc5ao0i3qccy508w3j8p5zz1afus1i4yjxie6kae8.jpg\" title=\"Costa Blanca september 2025 - Festivals, flair &amp; plezier\" alt=\"Costa Blanca september 2025 - Festivals, flair &amp; plezier\" loading=\"lazy\" \/>\t\t\t\t\t\t\t\t\t\t\t\t\t\t\t<\/div>\n\t\t\t\t<\/div>\n\t\t\t\t<div class=\"elementor-element elementor-element-9ac2adf elementor-widget elementor-widget-heading\" data-id=\"9ac2adf\" data-element_type=\"widget\" data-e-type=\"widget\" data-widget_type=\"heading.default\">\n\t\t\t\t<div class=\"elementor-widget-container\">\n\t\t\t\t\t<h2 class=\"elementor-heading-title elementor-size-default\">Ontdek de beste evenementen aan de Costa Blanca in de herfst van 2025: festivals, zombierally's, bierfestivals &amp; kinderactiviteiten voor eindeloos plezier!<\/h2>\t\t\t\t<\/div>\n\t\t\t\t<\/div>\n\t\t\t\t<div class=\"elementor-element elementor-element-b8cfeb1 elementor-widget elementor-widget-text-editor\" data-id=\"b8cfeb1\" data-element_type=\"widget\" data-e-type=\"widget\" data-widget_type=\"text-editor.default\">\n\t\t\t\t<div class=\"elementor-widget-container\">\n\t\t\t\t\t\t\t\t\t<p>Meer evenementen dan zandkorrels op het strand - en minstens zo leuk!.<br \/>Verveling? Niet hier! Of het nu gaat om een zombierally in La Nuc\u00eda, een bierrush in Moraira of lachende kinderen op festivals in Javea - onze kalender laat je zien waar je kunt dansen, lachen, verwonderen en feesten. Haal je zonnebrandcr\u00e8me tevoorschijn en maak je klaar - de Costa Blanca wacht op je, en de pret begint hier!<\/p>\t\t\t\t\t\t\t\t<\/div>\n\t\t\t\t<\/div>\n\t\t\t\t<div class=\"elementor-element elementor-element-22cd8c9 elementor-widget-divider--separator-type-pattern elementor-widget-divider--view-line elementor-widget elementor-widget-divider\" data-id=\"22cd8c9\" data-element_type=\"widget\" data-e-type=\"widget\" data-widget_type=\"divider.default\">\n\t\t\t\t<div class=\"elementor-widget-container\">\n\t\t\t\t\t\t\t<div class=\"elementor-divider\" style=\"--divider-pattern-url: url(&quot;data:image\/svg+xml,%3Csvg xmlns=&#039;http:\/\/www.w3.org\/2000\/svg&#039; preserveAspectRatio=&#039;none&#039; overflow=&#039;visible&#039; height=&#039;100%&#039; viewBox=&#039;0 0 24 24&#039; fill=&#039;none&#039; stroke=&#039;black&#039; stroke-width=&#039;1.5&#039; stroke-linecap=&#039;square&#039; stroke-miterlimit=&#039;10&#039;%3E%3Cpath d=&#039;M0,6c6,0,0.9,11.1,6.9,11.1S18,6,24,6&#039;\/%3E%3C\/svg%3E&quot;);\">\n\t\t\t<span class=\"elementor-divider-separator\">\n\t\t\t\t\t\t<\/span>\n\t\t<\/div>\n\t\t\t\t\t\t<\/div>\n\t\t\t\t<\/div>\n\t\t\t\t\t<\/div>\n\t\t\t\t<\/div>\n\t\t<div class=\"elementor-element elementor-element-9583902 e-flex e-con-boxed e-con e-parent\" data-id=\"9583902\" data-element_type=\"container\" data-e-type=\"container\">\n\t\t\t\t\t<div class=\"e-con-inner\">\n\t\t<div class=\"elementor-element elementor-element-97eecd5 e-con-full e-flex e-con e-child\" data-id=\"97eecd5\" data-element_type=\"container\" data-e-type=\"container\">\n\t\t\t\t<div class=\"elementor-element elementor-element-35464e2 elementor-widget elementor-widget-heading\" data-id=\"35464e2\" data-element_type=\"widget\" data-e-type=\"widget\" data-widget_type=\"heading.default\">\n\t\t\t\t<div class=\"elementor-widget-container\">\n\t\t\t\t\t<h3 class=\"elementor-heading-title elementor-size-default\">Calpe\n<\/h3>\t\t\t\t<\/div>\n\t\t\t\t<\/div>\n\t\t\t\t<div class=\"elementor-element elementor-element-4a4cfc9 elementor-widget elementor-widget-text-editor\" data-id=\"4a4cfc9\" data-element_type=\"widget\" data-e-type=\"widget\" data-widget_type=\"text-editor.default\">\n\t\t\t\t<div class=\"elementor-widget-container\">\n\t\t\t\t\t\t\t\t\t<p>Van 14 september tot 30 december opent de tentoonstelling \u201eEls Banys de la Reina, la huella romana\u201c in het Museo del Coleccionismo (Plaza de la Villa, 15).<\/p><p>Op 3 september opent Alicia Mej\u00edas haar tentoonstelling \u201eXanad\u00fa ilustrado\u201c in de Sala de Exposiciones del Ajuntament Vell (C\/ Fco. Zaragoza, 2). Het is dagelijks geopend tot 30 september van 10:00 tot 13:00 en van 18:30 tot 22:00 met gratis toegang.<\/p><p>Rondleidingen door het Casco Antiguo vinden plaats op 6 en 13 september om 18:30 uur. Het trefpunt is het Casa de Cultura. Aanmelding vereist: 965 83 69 20 \/ 965 83 85 32 \/ <a href=\"mailto:turismo@ajcalp.es\">turismo@ajcalp.es<\/a>. Maximaal 25 personen per groep.<\/p><p>Vanaf 8 september presenteert Javier Mart\u00ednez zijn tentoonstelling \u201eColores en acci\u00f3n\u201c in de Sala de Exposiciones Casa de Cultura (Av. Masnou, 1). De tentoonstelling is open tot 30 september: maandag tot en met vrijdag van 9:00 tot 21:00 uur en zaterdag van 9:00 tot 14:00 uur. De toegang is gratis.<\/p><p>Op 12 en 13 september wordt het toneelstuk \u201eLas mujeres al poder\u201c, gepresenteerd door de Fil\u00e0 Moss\u00e0rabs d'Ifac, om 21:00 uur opgevoerd in het Auditorio van het Casa de la Cultura.<\/p><p>De vieringen ter ere van Nuestra Se\u00f1ora de la Merced vinden plaats van 14 tot 24 september:<br \/>\u2192 De vieringen beginnen op 14 september met een mis om 12:00 uur en de Preg\u00f3n de Fiestas door D. Alfonso Mart\u00edn T\u00e9llez. Alfonso Mart\u00edn T\u00e9llez.<br \/>\u2192 Van 15 tot 23 september vindt de Noveen ter ere van Nuestra Se\u00f1ora de la Merced plaats in de Parroquia.<br \/>\u2192 Op 19 september opent het Carpa Festera vanaf 21:00 uur met de \u201eNit de Coques\u201c, een gratis proeverij van traditionele gerechten. Het \u201eRumbados\u201c concert volgt om 22:00.<br \/>\u2192 Op 20 september begint de processie en het bloemenoffer om 18:15 uur (vertrek om 18:30 uur vanaf het Plaza Mediterrani). De plechtige mis wordt gehouden om 20:00 en de Carpa Festera gaat weer open om 20:30, gevolgd door een concert door \u201eEl Payo Ke Kanta\u201c om 22:30.<br \/>\u2192 Op 21 september is er de Almuerzo Motero \u201eBaydal\u201c vanaf 9.30 uur, skelters voor kinderen op Plaza Col\u00f3n om 10.00 uur, een fietstocht om 11.45 uur en een mis voor de overledenen om 12.00 uur. Er zijn kinderactiviteiten vanaf 12.30 uur, een batucada om 13.30 uur en een grote paella om 14.00 uur, begeleid door DJ-muziek. s Avonds om 20.30 uur is er een mis ter ere van Beato Francisco Sendra.<br \/>\u2192 Op 23 september om 20:30 Mis voor San Pio de Petrelcina.<br \/>\u2192 Op 24 september om 20:30 Mis ter ere van Nuestra Se\u00f1ora de la Merced.<\/p><p>Het muziekevenement \u201eLas canciones de tu vida\u201c vindt plaats op 19 september om 21:00 uur op het Plaza Mayor. Een familieavond met muziek voor verschillende generaties. Service bar ten gunste van de Asociaci\u00f3n Alicante para la lucha contra el c\u00e1ncer, sede Calp.<\/p><p>Ook op 19 en 20 september vinden de artistieke interventies \u201eCalpsulas\u201c plaats in het Museu de la Senyoreta en Ajuntament Vell. Passen om 19:00, 19:30, 20:00 en 20:30.<\/p><p>Op 27 september om 19.00 uur treden in het Auditorio Casa de Cultura (Av. Masnou, 1) het Colla Portitxol de X\u00e0bia en het Colla Xirimiters del Carellot de Calp op in het kader van de XXII Campanya de Concerts d'Intercanvis Musicals. Gratis toegang, beperkte plaatsen.<\/p><p>Het evenement \u201eIntercasas 2025\u201c, georganiseerd door het Casa de Andaluc\u00eda de Calp en FECUAS, begint op 28 september om 11.00 uur in het Parque de la Creatividad (Partida Gargasindi 1H). Er zijn koor- en dansoptredens, gemeenschapsmaaltijden en een liefdadigheidsbar.<\/p><p>Van 18 tot 23 oktober viert Calpe de traditionele Fiestas de Moros y Cristianos ter ere van de Sant\u00edsimo Cristo del Sudor met parades, historische heropvoeringen, de Desembarco op het strand van Arenal en plechtige missen:<br \/>\u2192 De vieringen beginnen met de Bombardeo a\u00e9reo en de processie van de muziekgroepen langs de Avenida Gabriel Mir\u00f3 naar het Plaza del Mosquit, gevolgd door de Izada de Estandartes en de Preg\u00f3n. De Ofrenda de Cirios vindt vervolgens plaats in de Parroquia Nuestra Se\u00f1ora de las Nieves.<br \/>\u2192 Tijdens de tweede dagen van het festival treden de gezelschappen op in de traditionele processies - Entrada Mora en Entrada Cristiana - begeleid door de bals van Capit\u00e1n Moro en Capit\u00e1n Cristiano.<br \/>\u2192 Een bijzonder hoogtepunt is de Desembarco op Playa del Arenal, gevolgd door de Primera Batalla, waar het historische conflict tussen Moren en Christenen wordt nagespeeld.<br \/>\u2192 Kinderen en gezinnen kunnen deelnemen aan de Desfile Infantil, waarbij de jongste kinderen in traditionele klederdracht door de straten paraderen.<br \/>\u2192 Op de laatste dag vindt het Mirakel plaats op het Plaza Mayor, een Correfoc in het Casco Antiguo en de plechtige mis ter ere van de Sant\u00edsimo Cristo del Sudor.<\/p><p>Verdere rondleidingen door het Casco Antiguo vinden plaats op 11, 18 en 25 oktober om 18:00 uur. Het trefpunt is het Casa de Cultura. Aanmelding vereist: 965 83 69 20 \/ 965 83 85 32 \/ <a href=\"mailto:turismo@ajcalp.es\">turismo@ajcalp.es<\/a><\/p>\t\t\t\t\t\t\t\t<\/div>\n\t\t\t\t<\/div>\n\t\t\t\t<div class=\"elementor-element elementor-element-03f40c0 elementor-widget elementor-widget-heading\" data-id=\"03f40c0\" data-element_type=\"widget\" data-e-type=\"widget\" data-widget_type=\"heading.default\">\n\t\t\t\t<div class=\"elementor-widget-container\">\n\t\t\t\t\t<h3 class=\"elementor-heading-title elementor-size-default\">Altea<\/h3>\t\t\t\t<\/div>\n\t\t\t\t<\/div>\n\t\t\t\t<div class=\"elementor-element elementor-element-842a52c elementor-widget elementor-widget-text-editor\" data-id=\"842a52c\" data-element_type=\"widget\" data-e-type=\"widget\" data-widget_type=\"text-editor.default\">\n\t\t\t\t<div class=\"elementor-widget-container\">\n\t\t\t\t\t\t\t\t\t<p>Van 26 tot 30 september vinden in Altea de Fiestas Patronales plaats ter ere van Sint Cristo del Sagrario en de Moros y Cristianos ter ere van San Blas, de beschermheilige van de stad. De festiviteiten beginnen met de Preg\u00f3n, gevolgd door embajadas, dianas en kleurrijke optochten. De straten van Altea staan in vuur en vlam met licht, kleur en muziek. Historisch gezien herdenken de festiviteiten de landing van Jaime I in Altea en de verdediging van het kustgebied. Hoogtepunten zijn de heropvoering van de Arabische bezetting en de Reconquista met tracas, masclet\u00e1s en traditionele gevechten.<\/p><p>Voor gezinnen zijn er activiteiten zoals kinderspelletjes, verteltijd en ritjes. Oudere bezoekers kunnen deelnemen aan dansevenementen en middagentertainment. Andere onderdelen op het programma zijn<br \/>\u2192 Verbenas, vuurwerk, barracas, muziek- en theatervoorstellingen<br \/>\u2192 Religieuze evenementen: Bloemenoffers aan de Virgen del Consuelo, processie van de Sant\u00edsimo Cristo del Sagrario, Entr\u00e1 de la Murt\u00e1<br \/>\u2192 Vooral de intocht van de Moren en Christenen met kleurrijke parades is de moeite waard. De concentratie van gelederen op Pla\u00e7a de la Creu, de Embajada Cristiana op Pla\u00e7a de l'Esgl\u00e9sia, de Alardo en de Moorse Renditie behoren tot de hoogtepunten. De parades vinden plaats op zaterdag en maandag.<br \/>\u2192 Het festival eindigt met een paella lunch, muzikale evenementen voor kinderen en een grote finale in de feestzaal met muziek en monologen.<\/p><p>Op 2 oktober om 20:00 uur wordt het ballet \u201eEl llac dels cignes\u201c uitgevoerd door het Kiev Ballet.<\/p><p>Op 4 oktober om 18:00 uur vindt de musical \u201eDumbo\u201c plaats voor het hele gezin, gevolgd door het muziekfestival Fesporrat 2025 vanaf 22:00 uur op dezelfde dag.<\/p><p>Op 11 oktober om 20:00 wordt het toneelstuk \u201eEl cuarto de atr\u00e1s\u201c opgevoerd.<\/p><p>Op 12 september om 20:30 is er een concert de M\u00fasica Festera met de Stat. Filharm\u00f2nica Alteanense.<\/p><p>Op 19 september om 20:00 uur geeft het Orquestra de la Comunitat Valenciana een symfonisch concert.<\/p><p>EcoAltea vindt plaats in Altea van 18 tot 19 oktober in de tuinen van het Palau en de Universiteit voor Schone Kunsten. De beurs brengt ambachtslieden, bezoekers en de lokale bevolking samen.<\/p>\t\t\t\t\t\t\t\t<\/div>\n\t\t\t\t<\/div>\n\t\t\t\t<div class=\"elementor-element elementor-element-2e95226 elementor-widget elementor-widget-heading\" data-id=\"2e95226\" data-element_type=\"widget\" data-e-type=\"widget\" data-widget_type=\"heading.default\">\n\t\t\t\t<div class=\"elementor-widget-container\">\n\t\t\t\t\t<h3 class=\"elementor-heading-title elementor-size-default\">La Vilajoiosa<\/h3>\t\t\t\t<\/div>\n\t\t\t\t<\/div>\n\t\t\t\t<div class=\"elementor-element elementor-element-99d6268 elementor-widget elementor-widget-text-editor\" data-id=\"99d6268\" data-element_type=\"widget\" data-e-type=\"widget\" data-widget_type=\"text-editor.default\">\n\t\t\t\t<div class=\"elementor-widget-container\">\n\t\t\t\t\t\t\t\t\t<p>Op 18 september om 18:30 wordt de film \u201eBruno (2024)\u201c voor volwassenen vertoond in het Centro Social Llar del Pensionista. Een humoristische en spannende kijk op de grenzen van rede en waanzin.<br \/><br \/>Op 20 september om 19:30 presenteert het Teatre Auditori het danstheaterstuk \u201eOlor a Tiempo\u201c van Sara Nieto. Flamenco en theater versmelten tot een emotioneel en po\u00ebtisch stuk over kindertijd, verlies en hoop.<br \/><br \/>Op 28 september om 11:00 uur wordt in het Teatre Auditori het toneelstuk \u201eBaby Esferic\u201c van Aboom Teatro vertoond voor kinderen van 0 tot 6 jaar. Een liefdevol toneelstuk over de magie van de aarde, verteld door sferische beelden en verhalen.<br \/><br \/>Op 3 oktober treedt Martita de Gran\u00e1 op met haar nieuwe hoe-programma \u201e\u00a1Martita Sea!\u201c in het Teatre Auditori de Villajoyosa.<br \/><br \/>Op 5 oktober om 19:00 uur presenteert het gezelschap Otradanza het dansstuk \u201eSempere C\u00eda.\u201c voor jongeren en volwassenen in het Teatre Auditori. Het is ge\u00efnspireerd door Eusebi Sempere en combineert beweging, licht en ritme tot een po\u00ebtische productie.<\/p>\t\t\t\t\t\t\t\t<\/div>\n\t\t\t\t<\/div>\n\t\t\t\t<\/div>\n\t\t<div class=\"elementor-element elementor-element-492f689 e-con-full e-flex e-con e-child\" data-id=\"492f689\" data-element_type=\"container\" data-e-type=\"container\">\n\t\t\t\t<div class=\"elementor-element elementor-element-7187425 elementor-widget elementor-widget-image\" data-id=\"7187425\" data-element_type=\"widget\" data-e-type=\"widget\" data-widget_type=\"image.default\">\n\t\t\t\t<div class=\"elementor-widget-container\">\n\t\t\t\t\t\t\t\t\t\t\t\t\t\t\t<img fetchpriority=\"high\" decoding=\"async\" width=\"724\" height=\"1024\" src=\"https:\/\/costablanca-magazin.com\/wp-content\/uploads\/2025\/09\/visitas-calpe-724x1024.jpg\" class=\"attachment-large size-large wp-image-8760\" alt=\"bezoeken aan Calpe\" srcset=\"https:\/\/costablanca-magazin.com\/wp-content\/uploads\/2025\/09\/visitas-calpe-724x1024.jpg 724w, https:\/\/costablanca-magazin.com\/wp-content\/uploads\/2025\/09\/visitas-calpe-212x300.jpg 212w, https:\/\/costablanca-magazin.com\/wp-content\/uploads\/2025\/09\/visitas-calpe-768x1087.jpg 768w, https:\/\/costablanca-magazin.com\/wp-content\/uploads\/2025\/09\/visitas-calpe.jpg 848w\" sizes=\"(max-width: 724px) 100vw, 724px\" \/>\t\t\t\t\t\t\t\t\t\t\t\t\t\t\t<\/div>\n\t\t\t\t<\/div>\n\t\t\t\t<div class=\"elementor-element elementor-element-e0c036d elementor-widget__width-initial elementor-widget elementor-widget-image\" data-id=\"e0c036d\" data-element_type=\"widget\" data-e-type=\"widget\" data-widget_type=\"image.default\">\n\t\t\t\t<div class=\"elementor-widget-container\">\n\t\t\t\t\t\t\t\t\t\t\t\t\t\t\t<img decoding=\"async\" width=\"1200\" height=\"899\" src=\"https:\/\/costablanca-magazin.com\/wp-content\/uploads\/2025\/09\/BABY-ESFERIC-villajoyosa.jpg\" class=\"attachment-1536x1536 size-1536x1536 wp-image-8735\" alt=\"BABY-ESFERIC- Villajoyosa\" srcset=\"https:\/\/costablanca-magazin.com\/wp-content\/uploads\/2025\/09\/BABY-ESFERIC-villajoyosa.jpg 1200w, https:\/\/costablanca-magazin.com\/wp-content\/uploads\/2025\/09\/BABY-ESFERIC-villajoyosa-300x225.jpg 300w, https:\/\/costablanca-magazin.com\/wp-content\/uploads\/2025\/09\/BABY-ESFERIC-villajoyosa-1024x767.jpg 1024w, https:\/\/costablanca-magazin.com\/wp-content\/uploads\/2025\/09\/BABY-ESFERIC-villajoyosa-768x575.jpg 768w\" sizes=\"(max-width: 1200px) 100vw, 1200px\" \/>\t\t\t\t\t\t\t\t\t\t\t\t\t\t\t<\/div>\n\t\t\t\t<\/div>\n\t\t\t\t<div class=\"elementor-element elementor-element-861d751 elementor-widget__width-initial elementor-widget elementor-widget-image\" data-id=\"861d751\" data-element_type=\"widget\" data-e-type=\"widget\" data-widget_type=\"image.default\">\n\t\t\t\t<div class=\"elementor-widget-container\">\n\t\t\t\t\t\t\t\t\t\t\t\t\t\t\t<img decoding=\"async\" width=\"847\" height=\"1200\" src=\"https:\/\/costablanca-magazin.com\/wp-content\/uploads\/2025\/09\/intercasas-calpe.jpg\" class=\"attachment-1536x1536 size-1536x1536 wp-image-8751\" alt=\"intercasas calpe\" srcset=\"https:\/\/costablanca-magazin.com\/wp-content\/uploads\/2025\/09\/intercasas-calpe.jpg 847w, https:\/\/costablanca-magazin.com\/wp-content\/uploads\/2025\/09\/intercasas-calpe-212x300.jpg 212w, https:\/\/costablanca-magazin.com\/wp-content\/uploads\/2025\/09\/intercasas-calpe-723x1024.jpg 723w, https:\/\/costablanca-magazin.com\/wp-content\/uploads\/2025\/09\/intercasas-calpe-768x1088.jpg 768w\" sizes=\"(max-width: 847px) 100vw, 847px\" \/>\t\t\t\t\t\t\t\t\t\t\t\t\t\t\t<\/div>\n\t\t\t\t<\/div>\n\t\t\t\t<div class=\"elementor-element elementor-element-3f25f1c elementor-widget__width-initial elementor-widget elementor-widget-image\" data-id=\"3f25f1c\" data-element_type=\"widget\" data-e-type=\"widget\" data-widget_type=\"image.default\">\n\t\t\t\t<div class=\"elementor-widget-container\">\n\t\t\t\t\t\t\t\t\t\t\t\t\t\t\t<img loading=\"lazy\" decoding=\"async\" width=\"853\" height=\"1200\" src=\"https:\/\/costablanca-magazin.com\/wp-content\/uploads\/2025\/09\/olas-canciones-calpe.jpg\" class=\"attachment-1536x1536 size-1536x1536 wp-image-8757\" alt=\"zijn liedjes calpe\" srcset=\"https:\/\/costablanca-magazin.com\/wp-content\/uploads\/2025\/09\/olas-canciones-calpe.jpg 853w, https:\/\/costablanca-magazin.com\/wp-content\/uploads\/2025\/09\/olas-canciones-calpe-213x300.jpg 213w, https:\/\/costablanca-magazin.com\/wp-content\/uploads\/2025\/09\/olas-canciones-calpe-728x1024.jpg 728w, https:\/\/costablanca-magazin.com\/wp-content\/uploads\/2025\/09\/olas-canciones-calpe-768x1080.jpg 768w\" sizes=\"(max-width: 853px) 100vw, 853px\" \/>\t\t\t\t\t\t\t\t\t\t\t\t\t\t\t<\/div>\n\t\t\t\t<\/div>\n\t\t\t\t<div class=\"elementor-element elementor-element-887d7bd elementor-widget elementor-widget-image\" data-id=\"887d7bd\" data-element_type=\"widget\" data-e-type=\"widget\" data-widget_type=\"image.default\">\n\t\t\t\t<div class=\"elementor-widget-container\">\n\t\t\t\t\t\t\t\t\t\t\t\t\t\t\t<img loading=\"lazy\" decoding=\"async\" width=\"740\" height=\"1024\" src=\"https:\/\/costablanca-magazin.com\/wp-content\/uploads\/2025\/09\/conciertos-calpe-740x1024.jpg\" class=\"attachment-large size-large wp-image-8742\" alt=\"concerten calpe\" srcset=\"https:\/\/costablanca-magazin.com\/wp-content\/uploads\/2025\/09\/conciertos-calpe-740x1024.jpg 740w, https:\/\/costablanca-magazin.com\/wp-content\/uploads\/2025\/09\/conciertos-calpe-217x300.jpg 217w, https:\/\/costablanca-magazin.com\/wp-content\/uploads\/2025\/09\/conciertos-calpe-768x1063.jpg 768w, https:\/\/costablanca-magazin.com\/wp-content\/uploads\/2025\/09\/conciertos-calpe.jpg 867w\" sizes=\"(max-width: 740px) 100vw, 740px\" \/>\t\t\t\t\t\t\t\t\t\t\t\t\t\t\t<\/div>\n\t\t\t\t<\/div>\n\t\t\t\t<div class=\"elementor-element elementor-element-a8dcb76 elementor-widget elementor-widget-image\" data-id=\"a8dcb76\" data-element_type=\"widget\" data-e-type=\"widget\" data-widget_type=\"image.default\">\n\t\t\t\t<div class=\"elementor-widget-container\">\n\t\t\t\t\t\t\t\t\t\t\t\t\t\t\t<img loading=\"lazy\" decoding=\"async\" width=\"792\" height=\"1024\" src=\"https:\/\/costablanca-magazin.com\/wp-content\/uploads\/2025\/09\/bruno-villajoyosa-792x1024.jpg\" class=\"attachment-large size-large wp-image-8737\" alt=\"bruno villajoyosa\" srcset=\"https:\/\/costablanca-magazin.com\/wp-content\/uploads\/2025\/09\/bruno-villajoyosa-792x1024.jpg 792w, https:\/\/costablanca-magazin.com\/wp-content\/uploads\/2025\/09\/bruno-villajoyosa-232x300.jpg 232w, https:\/\/costablanca-magazin.com\/wp-content\/uploads\/2025\/09\/bruno-villajoyosa-768x993.jpg 768w, https:\/\/costablanca-magazin.com\/wp-content\/uploads\/2025\/09\/bruno-villajoyosa.jpg 928w\" sizes=\"(max-width: 792px) 100vw, 792px\" \/>\t\t\t\t\t\t\t\t\t\t\t\t\t\t\t<\/div>\n\t\t\t\t<\/div>\n\t\t\t\t<div class=\"elementor-element elementor-element-006bc9c elementor-widget__width-initial elementor-widget elementor-widget-image\" data-id=\"006bc9c\" data-element_type=\"widget\" data-e-type=\"widget\" data-widget_type=\"image.default\">\n\t\t\t\t<div class=\"elementor-widget-container\">\n\t\t\t\t\t\t\t\t\t\t\t\t\t\t\t<img loading=\"lazy\" decoding=\"async\" width=\"1200\" height=\"799\" src=\"https:\/\/costablanca-magazin.com\/wp-content\/uploads\/2025\/09\/olor-a-tiempo-villajoyosa.jpg\" class=\"attachment-1536x1536 size-1536x1536 wp-image-8758\" alt=\"olor a tiempo villajoyosa\" srcset=\"https:\/\/costablanca-magazin.com\/wp-content\/uploads\/2025\/09\/olor-a-tiempo-villajoyosa.jpg 1200w, https:\/\/costablanca-magazin.com\/wp-content\/uploads\/2025\/09\/olor-a-tiempo-villajoyosa-300x200.jpg 300w, https:\/\/costablanca-magazin.com\/wp-content\/uploads\/2025\/09\/olor-a-tiempo-villajoyosa-1024x682.jpg 1024w, https:\/\/costablanca-magazin.com\/wp-content\/uploads\/2025\/09\/olor-a-tiempo-villajoyosa-768x511.jpg 768w\" sizes=\"(max-width: 1200px) 100vw, 1200px\" \/>\t\t\t\t\t\t\t\t\t\t\t\t\t\t\t<\/div>\n\t\t\t\t<\/div>\n\t\t\t\t<\/div>\n\t\t<div class=\"elementor-element elementor-element-aa5e092 e-con-full e-flex e-con e-child\" data-id=\"aa5e092\" data-element_type=\"container\" data-e-type=\"container\">\n\t\t\t\t<div class=\"elementor-element elementor-element-b80cb36 elementor-widget elementor-widget-image\" data-id=\"b80cb36\" data-element_type=\"widget\" data-e-type=\"widget\" data-widget_type=\"image.default\">\n\t\t\t\t<div class=\"elementor-widget-container\">\n\t\t\t\t\t\t\t\t\t\t\t\t\t\t\t<img loading=\"lazy\" decoding=\"async\" width=\"1200\" height=\"539\" src=\"https:\/\/costablanca-magazin.com\/wp-content\/uploads\/2025\/09\/calpe-moros.jpg\" class=\"attachment-full size-full wp-image-8738\" alt=\"calpe moros y cristianos\" srcset=\"https:\/\/costablanca-magazin.com\/wp-content\/uploads\/2025\/09\/calpe-moros.jpg 1200w, https:\/\/costablanca-magazin.com\/wp-content\/uploads\/2025\/09\/calpe-moros-300x135.jpg 300w, https:\/\/costablanca-magazin.com\/wp-content\/uploads\/2025\/09\/calpe-moros-1024x460.jpg 1024w, https:\/\/costablanca-magazin.com\/wp-content\/uploads\/2025\/09\/calpe-moros-768x345.jpg 768w\" sizes=\"(max-width: 1200px) 100vw, 1200px\" \/>\t\t\t\t\t\t\t\t\t\t\t\t\t\t\t<\/div>\n\t\t\t\t<\/div>\n\t\t\t\t<div class=\"elementor-element elementor-element-c2eaee3 elementor-widget elementor-widget-gallery\" data-id=\"c2eaee3\" data-element_type=\"widget\" data-e-type=\"widget\" data-settings=\"{&quot;columns&quot;:1,&quot;aspect_ratio&quot;:&quot;9:16&quot;,&quot;lazyload&quot;:&quot;yes&quot;,&quot;gallery_layout&quot;:&quot;grid&quot;,&quot;columns_tablet&quot;:2,&quot;columns_mobile&quot;:1,&quot;gap&quot;:{&quot;unit&quot;:&quot;px&quot;,&quot;size&quot;:10,&quot;sizes&quot;:[]},&quot;gap_tablet&quot;:{&quot;unit&quot;:&quot;px&quot;,&quot;size&quot;:10,&quot;sizes&quot;:[]},&quot;gap_mobile&quot;:{&quot;unit&quot;:&quot;px&quot;,&quot;size&quot;:10,&quot;sizes&quot;:[]},&quot;link_to&quot;:&quot;file&quot;,&quot;overlay_background&quot;:&quot;yes&quot;,&quot;content_hover_animation&quot;:&quot;fade-in&quot;}\" data-widget_type=\"gallery.default\">\n\t\t\t\t<div class=\"elementor-widget-container\">\n\t\t\t\t\t\t\t<div class=\"elementor-gallery__container\">\n\t\t\t\t\t\t\t<a class=\"e-gallery-item elementor-gallery-item elementor-animated-content\" href=\"https:\/\/costablanca-magazin.com\/wp-content\/uploads\/2025\/09\/La-Nucia-cartel-gincana-zombie-2025.jpg\" data-elementor-open-lightbox=\"yes\" data-elementor-lightbox-slideshow=\"c2eaee3\" data-elementor-lightbox-title=\"La Nucia cartel gincana zombie 2025\" data-elementor-lightbox-description=\"La Nucia cartel gincana zombie 2025\" data-e-action-hash=\"#elementor-action%3Aaction%3Dlightbox%26settings%3DeyJpZCI6ODc1NCwidXJsIjoiaHR0cHM6XC9cL2Nvc3RhYmxhbmNhLW1hZ2F6aW4uY29tXC93cC1jb250ZW50XC91cGxvYWRzXC8yMDI1XC8wOVwvTGEtTnVjaWEtY2FydGVsLWdpbmNhbmEtem9tYmllLTIwMjUuanBnIiwic2xpZGVzaG93IjoiYzJlYWVlMyJ9\">\n\t\t\t\t\t<div class=\"e-gallery-image elementor-gallery-item__image\" data-thumbnail=\"https:\/\/costablanca-magazin.com\/wp-content\/uploads\/2025\/09\/La-Nucia-cartel-gincana-zombie-2025.jpg\" data-width=\"852\" data-height=\"1200\" aria-label=\"La Nucia kartel gincana zombie 2025\" role=\"img\" ><\/div>\n\t\t\t\t\t\t\t\t\t\t\t<div class=\"elementor-gallery-item__overlay\"><\/div>\n\t\t\t\t\t\t\t\t\t\t\t\t\t\t<\/a>\n\t\t\t\t\t<\/div>\n\t\t\t\t\t<\/div>\n\t\t\t\t<\/div>\n\t\t\t\t<div class=\"elementor-element elementor-element-71f6fb6 elementor-widget elementor-widget-gallery\" data-id=\"71f6fb6\" data-element_type=\"widget\" data-e-type=\"widget\" data-settings=\"{&quot;columns&quot;:1,&quot;aspect_ratio&quot;:&quot;9:16&quot;,&quot;lazyload&quot;:&quot;yes&quot;,&quot;gallery_layout&quot;:&quot;grid&quot;,&quot;columns_tablet&quot;:2,&quot;columns_mobile&quot;:1,&quot;gap&quot;:{&quot;unit&quot;:&quot;px&quot;,&quot;size&quot;:10,&quot;sizes&quot;:[]},&quot;gap_tablet&quot;:{&quot;unit&quot;:&quot;px&quot;,&quot;size&quot;:10,&quot;sizes&quot;:[]},&quot;gap_mobile&quot;:{&quot;unit&quot;:&quot;px&quot;,&quot;size&quot;:10,&quot;sizes&quot;:[]},&quot;link_to&quot;:&quot;file&quot;,&quot;overlay_background&quot;:&quot;yes&quot;,&quot;content_hover_animation&quot;:&quot;fade-in&quot;}\" data-widget_type=\"gallery.default\">\n\t\t\t\t<div class=\"elementor-widget-container\">\n\t\t\t\t\t\t\t<div class=\"elementor-gallery__container\">\n\t\t\t\t\t\t\t<a class=\"e-gallery-item elementor-gallery-item elementor-animated-content\" href=\"https:\/\/costablanca-magazin.com\/wp-content\/uploads\/2025\/09\/Cartel.jpg\" data-elementor-open-lightbox=\"yes\" data-elementor-lightbox-slideshow=\"71f6fb6\" data-elementor-lightbox-title=\"Cartel\" data-elementor-lightbox-description=\"Cartel\" data-e-action-hash=\"#elementor-action%3Aaction%3Dlightbox%26settings%3DeyJpZCI6ODczOSwidXJsIjoiaHR0cHM6XC9cL2Nvc3RhYmxhbmNhLW1hZ2F6aW4uY29tXC93cC1jb250ZW50XC91cGxvYWRzXC8yMDI1XC8wOVwvQ2FydGVsLmpwZyIsInNsaWRlc2hvdyI6IjcxZjZmYjYifQ%3D%3D\">\n\t\t\t\t\t<div class=\"e-gallery-image elementor-gallery-item__image\" data-thumbnail=\"https:\/\/costablanca-magazin.com\/wp-content\/uploads\/2025\/09\/Cartel.jpg\" data-width=\"848\" data-height=\"1200\" aria-label=\"Kartel\" role=\"img\" ><\/div>\n\t\t\t\t\t\t\t\t\t\t\t<div class=\"elementor-gallery-item__overlay\"><\/div>\n\t\t\t\t\t\t\t\t\t\t\t\t\t\t<\/a>\n\t\t\t\t\t<\/div>\n\t\t\t\t\t<\/div>\n\t\t\t\t<\/div>\n\t\t\t\t<div class=\"elementor-element elementor-element-092db70 elementor-widget elementor-widget-image\" data-id=\"092db70\" data-element_type=\"widget\" data-e-type=\"widget\" data-widget_type=\"image.default\">\n\t\t\t\t<div class=\"elementor-widget-container\">\n\t\t\t\t\t\t\t\t\t\t\t\t\t\t\t<img loading=\"lazy\" decoding=\"async\" width=\"1200\" height=\"500\" src=\"https:\/\/costablanca-magazin.com\/wp-content\/uploads\/2025\/09\/gourmet-race-3.jpg\" class=\"attachment-full size-full wp-image-8748\" alt=\"gourmet race 3\" srcset=\"https:\/\/costablanca-magazin.com\/wp-content\/uploads\/2025\/09\/gourmet-race-3.jpg 1200w, https:\/\/costablanca-magazin.com\/wp-content\/uploads\/2025\/09\/gourmet-race-3-300x125.jpg 300w, https:\/\/costablanca-magazin.com\/wp-content\/uploads\/2025\/09\/gourmet-race-3-1024x427.jpg 1024w, https:\/\/costablanca-magazin.com\/wp-content\/uploads\/2025\/09\/gourmet-race-3-768x320.jpg 768w\" sizes=\"(max-width: 1200px) 100vw, 1200px\" \/>\t\t\t\t\t\t\t\t\t\t\t\t\t\t\t<\/div>\n\t\t\t\t<\/div>\n\t\t\t\t<div class=\"elementor-element elementor-element-464a015 elementor-widget elementor-widget-image\" data-id=\"464a015\" data-element_type=\"widget\" data-e-type=\"widget\" data-widget_type=\"image.default\">\n\t\t\t\t<div class=\"elementor-widget-container\">\n\t\t\t\t\t\t\t\t\t\t\t\t\t\t\t<img loading=\"lazy\" decoding=\"async\" width=\"800\" height=\"800\" src=\"https:\/\/costablanca-magazin.com\/wp-content\/uploads\/2025\/09\/Circo-Finestrat-1024x1024.jpg\" class=\"attachment-large size-large wp-image-8740\" alt=\"Circo Finestrat\" srcset=\"https:\/\/costablanca-magazin.com\/wp-content\/uploads\/2025\/09\/Circo-Finestrat-1024x1024.jpg 1024w, https:\/\/costablanca-magazin.com\/wp-content\/uploads\/2025\/09\/Circo-Finestrat-300x300.jpg 300w, https:\/\/costablanca-magazin.com\/wp-content\/uploads\/2025\/09\/Circo-Finestrat-150x150.jpg 150w, https:\/\/costablanca-magazin.com\/wp-content\/uploads\/2025\/09\/Circo-Finestrat-768x768.jpg 768w, https:\/\/costablanca-magazin.com\/wp-content\/uploads\/2025\/09\/Circo-Finestrat.jpg 1200w\" sizes=\"(max-width: 800px) 100vw, 800px\" \/>\t\t\t\t\t\t\t\t\t\t\t\t\t\t\t<\/div>\n\t\t\t\t<\/div>\n\t\t\t\t<\/div>\n\t\t<div class=\"elementor-element elementor-element-60ebb88 e-con-full e-flex e-con e-child\" data-id=\"60ebb88\" data-element_type=\"container\" data-e-type=\"container\">\n\t\t\t\t<div class=\"elementor-element elementor-element-8284b0a elementor-widget elementor-widget-heading\" data-id=\"8284b0a\" data-element_type=\"widget\" data-e-type=\"widget\" data-widget_type=\"heading.default\">\n\t\t\t\t<div class=\"elementor-widget-container\">\n\t\t\t\t\t<h3 class=\"elementor-heading-title elementor-size-default\">Teulada-Moraira\n\n<\/h3>\t\t\t\t<\/div>\n\t\t\t\t<\/div>\n\t\t\t\t<div class=\"elementor-element elementor-element-05bf077 elementor-widget elementor-widget-text-editor\" data-id=\"05bf077\" data-element_type=\"widget\" data-e-type=\"widget\" data-widget_type=\"text-editor.default\">\n\t\t\t\t<div class=\"elementor-widget-container\">\n\t\t\t\t\t\t\t\t\t<p>\u00a0Van 25 tot 28 september 2025 wordt Moraira omgetoverd tot een Duits festivalgebied met de viering van het traditionele Oktoberfest. De viering vindt plaats op de parkeerplaats Les Sorts in Moraira en er wordt meer dan 5.000 liter Duits bier geschonken, er wordt typisch eten geserveerd en er is livemuziek.<br \/>Het evenement wordt georganiseerd door de Feestcommissie en Sants de la Pedr\u00e1 in samenwerking met het stadsbestuur.<br \/><br \/>Op 27 september vindt \u201eTu Comercio en la Calle\u201c ook plaats in het centrum van Moraira.<br \/><br \/>Op 28 september, vanaf 12.00 uur, is er een traditionele dansvoorstelling op de P\u00e9rgola Platja l'Ampolla met de Grup de Danses Font Santa en de Grup de Danses Portitxol de X\u00e0bia.<br \/><br \/>De sportactiviteiten op de stranden van l'Ampolla en El Portet lopen tot 30 september onder het motto \u201eTeulada Moraira Saludable\u201c. <br \/><br \/>De artistieke installatie \u201eSabers i Sabors\u201c van de kunstenaar Ginestar is tot 10 oktober te zien in het Auditori Teulada Moraira.<br \/><br \/>Het Voramar Street Music Festival begint op 16 september met \u201eSax &amp; Keys\u201c om 20:00 uur in Calle Iglesia, Moraira.<br \/><br \/>De festivalvoorstelling \u201eLa Gran Babylon\u201c volgt op 18 september in Calle Dr Calatayud, Moraira, ook om 20:00 uur.<br \/><br \/>Op 19 september vindt de XXIIe Campagne voor Muzikale Uitwisseling plaats met een concert van traditionele muziek door Colla El Falc\u00f2 en ESMUJ Espai de M\u00fasica Jove de El Verger om 20:00 uur in Pla\u00e7a de la Constituci\u00f3, Teulada.<br \/><br \/>Op 20 september treden onder andere Polif\u00f3nica de Polop, Antonio Berenguer Fuster en Cor La Senieta op tijdens het concert \u201eCantada a la Fresca\u201c vanaf 21:00 uur. <br \/>in Carrer Esgl\u00e8sia, Moraira.<br \/><br \/>De XI editie van de Gourmet Race Moraira-Teulada vindt plaats op 4 oktober 2025. Bij de Club N\u00e1utico Moraira vanaf 13:00 uur. De deelnemers zullen zeilen en tegelijkertijd aan boord culinaire creaties bereiden, die zullen worden beoordeeld door een panel van experts.<br \/><br \/>Op 17 en 18 oktober vindt in beide steden het festival \u201eTeulada Moraira - Stad van Cultuur en Beeldhouwkunst\u201c plaats.<\/p>\t\t\t\t\t\t\t\t<\/div>\n\t\t\t\t<\/div>\n\t\t\t\t<div class=\"elementor-element elementor-element-2a6d607 elementor-widget elementor-widget-heading\" data-id=\"2a6d607\" data-element_type=\"widget\" data-e-type=\"widget\" data-widget_type=\"heading.default\">\n\t\t\t\t<div class=\"elementor-widget-container\">\n\t\t\t\t\t<h3 class=\"elementor-heading-title elementor-size-default\">La Nucia\n\n<\/h3>\t\t\t\t<\/div>\n\t\t\t\t<\/div>\n\t\t\t\t<div class=\"elementor-element elementor-element-3a1b158 elementor-widget elementor-widget-text-editor\" data-id=\"3a1b158\" data-element_type=\"widget\" data-e-type=\"widget\" data-widget_type=\"text-editor.default\">\n\t\t\t\t<div class=\"elementor-widget-container\">\n\t\t\t\t\t\t\t\t\t<p>Op 20 september vanaf 23:00 uur worden de straten van La Nuc\u00eda omgetoverd tot een speelveld voor de \u201eSupervivencia Zombie\u201c. In deze grote gincana strijden deelnemers als zombies of overlevenden en beleven ze een hele nacht racen, <br \/>Examens en vervolgingen. Tickets zijn verkrijgbaar op lovezombies.es.<\/p><p>Op 27 september vanaf 12:00 uur organiseert de Penya Els Festers - Majorals 2026 <br \/>het culinaire evenement \u201eFestitapa\u201c. Talloze kraampjes nodigen je uit om tapas te proberen en ervan te genieten in een gezellige sfeer.<\/p><p>Op 2 oktober wordt het \u201eOktoberfest La Nuc\u00eda 2025\u201c gevierd in de Ciudad Deportiva Camilo Cano. Het traditionele festival, dat al meer dan 35 jaar deel uitmaakt van de Costa Blanca <br \/>biedt authentieke Duitse gerechten met bratwurst en pretzels, een grote <br \/>Selectie van bieren en livemuziek van een Duitse band.<\/p>\t\t\t\t\t\t\t\t<\/div>\n\t\t\t\t<\/div>\n\t\t\t\t<div class=\"elementor-element elementor-element-5249d82 elementor-widget elementor-widget-heading\" data-id=\"5249d82\" data-element_type=\"widget\" data-e-type=\"widget\" data-widget_type=\"heading.default\">\n\t\t\t\t<div class=\"elementor-widget-container\">\n\t\t\t\t\t<h3 class=\"elementor-heading-title elementor-size-default\">Finestrat<\/h3>\t\t\t\t<\/div>\n\t\t\t\t<\/div>\n\t\t\t\t<div class=\"elementor-element elementor-element-326e055 elementor-widget__width-initial elementor-widget elementor-widget-text-editor\" data-id=\"326e055\" data-element_type=\"widget\" data-e-type=\"widget\" data-widget_type=\"text-editor.default\">\n\t\t\t\t<div class=\"elementor-widget-container\">\n\t\t\t\t\t\t\t\t\t<p>De literaire boekpresentatie \u201eErrores encadenados\u201c door Domingo S\u00e1nchez Vel\u00e1zquez vindt plaats op 19 september om 19:00 uur in het Museu de Finestrat.<\/p><p>De circusvoorstelling met Carlos Barfi vindt plaats op 27 september om 12:00 uur in de Cala de Finestrat.<\/p><p>Het concert \u201eTributo a Fito &amp; Fitipaldi\u201c vindt plaats op 27 september om 22:30 uur in de Cala de Finestrat.<\/p><p>Op 28 september, van 09:00 tot 14:00 uur, vindt het Concurso Nacional Canino plaats in de Cala de Finestrat als onderdeel van de Fiestas de La Cala. Georganiseerd door de Sociedad Canina de Alicante in samenwerking met de Ayuntamiento de Finestrat.<\/p><p>29 september, 16:30-20:30 uur Bloeddonatiecampagne in het Consultorio m\u00e9dico Fernando Mart\u00ednez<\/p><p>De tentoonstelling \u201eMaria Beneyto: vida ferida de lletra\u201c is van 2 tot 8 oktober te zien in het Ayuntamiento de Finestrat.<\/p><p>De literaire boekpresentatie \u201eDespr\u00e9s del salt\u201c van Natalia Gisbert Abad vindt plaats op 2 oktober om 18:30 uur in het Museu de Finestrat.<\/p>\t\t\t\t\t\t\t\t<\/div>\n\t\t\t\t<\/div>\n\t\t\t\t<\/div>\n\t\t\t\t\t<\/div>\n\t\t\t\t<\/div>\n\t\t<div class=\"elementor-element elementor-element-d8e3904 e-flex e-con-boxed e-con e-parent\" data-id=\"d8e3904\" data-element_type=\"container\" data-e-type=\"container\">\n\t\t\t\t\t<div class=\"e-con-inner\">\n\t\t<div class=\"elementor-element elementor-element-c542f99 e-con-full e-flex e-con e-child\" data-id=\"c542f99\" data-element_type=\"container\" data-e-type=\"container\">\n\t\t\t\t<div class=\"elementor-element elementor-element-5d0c0aa elementor-widget elementor-widget-heading\" data-id=\"5d0c0aa\" data-element_type=\"widget\" data-e-type=\"widget\" data-widget_type=\"heading.default\">\n\t\t\t\t<div class=\"elementor-widget-container\">\n\t\t\t\t\t<h3 class=\"elementor-heading-title elementor-size-default\">J\u00e1vea (X\u00e0bia)\n<\/h3>\t\t\t\t<\/div>\n\t\t\t\t<\/div>\n\t\t\t\t<div class=\"elementor-element elementor-element-a5dc7d2 elementor-widget elementor-widget-text-editor\" data-id=\"a5dc7d2\" data-element_type=\"widget\" data-e-type=\"widget\" data-widget_type=\"text-editor.default\">\n\t\t\t\t<div class=\"elementor-widget-container\">\n\t\t\t\t\t\t\t\t\t<p>De Feria de Artesan\u00eda de Autor vindt plaats op 13, 20 en 27 september. Alles wat er wordt verkocht is handgemaakt: Onder andere aquarellen, leerwerk met macram\u00e9, keramiek, sieraden, figuren van papier-mach\u00e9, mandala's en zeepjes.<\/p><p>De Feria de Artesan\u00eda de Autor keert terug op 14, 21 en 28 september, met opnieuw handgemaakte producten vol creativiteit en aandacht voor detail.<\/p><p>Tradidanses wordt gevierd van 13 tot 14 september en op 20 september. <br \/>Er zijn workshops in verschillende artistieke disciplines (dans, percussie...) <br \/>s ochtends bij de Portal del Clot.<\/p><p>Op 19 september nodigt een Taller de Personalizaci\u00f3n de Tazas je uit om je eigen ontbijtbeker creatief te ontwerpen.<\/p><p>Op 19 september organiseert PlayJove de Nit d'Estell\u00e9s avond - met een voordracht van gedichten ter ere van Vicent Andr\u00e9s Estell\u00e9s gevolgd door een \u201eCena de cabasset\u201c.<\/p><p>Op 20 september wordt er een sarau gehouden met de Rondalla Portitxol, een gezamenlijke <br \/>Diner en concert met traditionele Valenciaanse muziek.<\/p><p>Op 20 september leidt een begeleide nachtwandeling in Cap Prim door de II. Descubrimos la Marina Alta\u201e cyclus van de MACMA. <br \/>Deelname is gratis, maar er wordt \u20ac5 in rekening gebracht voor de verzekering. <br \/>. Aanmelden via: https:\/\/macma.org\/<\/p><p>Op 25 september wordt de dichtbundel \u201eNotaflorismos\u201c van Francisco Cejudo gepresenteerd.<\/p><p>Op 26 september organiseert PlayJove een middag met een klimmuur<\/p><p>Van 26 tot 27 september vindt het Sorollius Festival - een muziek- en theaterfestival voor kinderen en gezinnen - plaats in de oude binnenstad van X\u00e0bia.<br \/>\u2192 26 september: 18.45 uur circusvoorstelling en 19.45 uur verhalen vertellen <br \/>op het Placeta del Convent.<br \/>\u2192 27 september: 10:30-12:30 schilderworkshop in Pla\u00e7a de l'Esgl\u00e9sia, 12:00 theaterworkshop, 13:15 kookworkshop in Pla\u00e7a Celestino Pons.<\/p><p>Op 28 september treden de koren Ars Nova en Coral Ibense op in X\u00e0bia. Gratis toegang.<\/p><p>Op 28 september is er een optreden van traditionele dansen met de Grup de danses Font Santa Teulada en de Grup de danses Portitxol X\u00e0bia. De toegang is gratis.<\/p><p>De XIII TRIX\u00c0BIA 2025 - VII Memorial Edu Monfort wordt gehouden op 28 september.<\/p>\t\t\t\t\t\t\t\t<\/div>\n\t\t\t\t<\/div>\n\t\t\t\t<div class=\"elementor-element elementor-element-b1c06d8 elementor-widget elementor-widget-heading\" data-id=\"b1c06d8\" data-element_type=\"widget\" data-e-type=\"widget\" data-widget_type=\"heading.default\">\n\t\t\t\t<div class=\"elementor-widget-container\">\n\t\t\t\t\t<h3 class=\"elementor-heading-title elementor-size-default\">Denia\n<\/h3>\t\t\t\t<\/div>\n\t\t\t\t<\/div>\n\t\t\t\t<div class=\"elementor-element elementor-element-4ac5c9a elementor-widget__width-initial elementor-widget elementor-widget-text-editor\" data-id=\"4ac5c9a\" data-element_type=\"widget\" data-e-type=\"widget\" data-widget_type=\"text-editor.default\">\n\t\t\t\t<div class=\"elementor-widget-container\">\n\t\t\t\t\t\t\t\t\t<p>Van 1 tot 30 september is in de Espai Castej\u00f3n, Casa de Cultura, de tentoonstelling \u201eMediterr\u00e1neo. El lenguaje del agua\u201c van Humberto Valencia Giraldo.<br \/>Openingstijden: Maandag t\/m vrijdag van 11.00 tot 14.00 uur en van 17.00 tot 21.00 uur, zaterdag van 10.00 tot 13.30 uur.<\/p><p>Van 4 tot 20 september wordt in de Sala Gran, Casa de Cultura, de tentoonstelling <br \/>van de Associaci\u00f3 d'artistes de la Marina Alta, ADAMA.<br \/>De opening is op 4 september om 19:00 uur. Openingstijden: Maandag t\/m vrijdag <br \/>van 11:00 tot 14:00 en van 17:00 tot 21:00, zaterdag van 10:00 tot 13:30.<\/p><p>Van 25 september tot 11 oktober in de Sala Gran, Casa de Cultura, <br \/>de tentoonstelling \u201eLa Cultura\u201c georganiseerd door de fotoclub van D\u00e9nia.<br \/>De opening is op 25 september om 19:30 uur. Openingstijden: Maandag t\/m vrijdag <br \/>van 11:00 tot 14:00 en van 17:00 tot 21:00, zaterdag van 10:00 tot 13:30.<\/p><p>Het evenement \u201eConversa-Koin\u00f3s D\u00e9nia\u201c vindt plaats op 25 september om 19:30 uur in de Biblioteca Municipal.<\/p>\t\t\t\t\t\t\t\t<\/div>\n\t\t\t\t<\/div>\n\t\t\t\t<\/div>\n\t\t<div class=\"elementor-element elementor-element-55ce4ad e-con-full e-flex e-con e-child\" data-id=\"55ce4ad\" data-element_type=\"container\" data-e-type=\"container\">\n\t\t\t\t<div class=\"elementor-element elementor-element-0ae5e4d elementor-widget elementor-widget-image\" data-id=\"0ae5e4d\" data-element_type=\"widget\" data-e-type=\"widget\" data-widget_type=\"image.default\">\n\t\t\t\t<div class=\"elementor-widget-container\">\n\t\t\t\t\t\t\t\t\t\t\t\t\t\t\t<img loading=\"lazy\" decoding=\"async\" width=\"800\" height=\"800\" src=\"https:\/\/costablanca-magazin.com\/wp-content\/uploads\/2025\/09\/Despues-del-Salto-Finestrat-1024x1024.jpg\" class=\"attachment-large size-large wp-image-8744\" alt=\"Na de sprong Finestrat\" srcset=\"https:\/\/costablanca-magazin.com\/wp-content\/uploads\/2025\/09\/Despues-del-Salto-Finestrat-1024x1024.jpg 1024w, https:\/\/costablanca-magazin.com\/wp-content\/uploads\/2025\/09\/Despues-del-Salto-Finestrat-300x300.jpg 300w, https:\/\/costablanca-magazin.com\/wp-content\/uploads\/2025\/09\/Despues-del-Salto-Finestrat-150x150.jpg 150w, https:\/\/costablanca-magazin.com\/wp-content\/uploads\/2025\/09\/Despues-del-Salto-Finestrat-768x768.jpg 768w, https:\/\/costablanca-magazin.com\/wp-content\/uploads\/2025\/09\/Despues-del-Salto-Finestrat.jpg 1200w\" sizes=\"(max-width: 800px) 100vw, 800px\" \/>\t\t\t\t\t\t\t\t\t\t\t\t\t\t\t<\/div>\n\t\t\t\t<\/div>\n\t\t\t\t<div class=\"elementor-element elementor-element-270d454 elementor-widget elementor-widget-image\" data-id=\"270d454\" data-element_type=\"widget\" data-e-type=\"widget\" data-widget_type=\"image.default\">\n\t\t\t\t<div class=\"elementor-widget-container\">\n\t\t\t\t\t\t\t\t\t\t\t\t\t\t\t<img loading=\"lazy\" decoding=\"async\" width=\"800\" height=\"800\" src=\"https:\/\/costablanca-magazin.com\/wp-content\/uploads\/2025\/09\/Exposicion-Finestrat-1024x1024.jpg\" class=\"attachment-large size-large wp-image-8747\" alt=\"Tentoonstelling Finestrat\" srcset=\"https:\/\/costablanca-magazin.com\/wp-content\/uploads\/2025\/09\/Exposicion-Finestrat-1024x1024.jpg 1024w, https:\/\/costablanca-magazin.com\/wp-content\/uploads\/2025\/09\/Exposicion-Finestrat-300x300.jpg 300w, https:\/\/costablanca-magazin.com\/wp-content\/uploads\/2025\/09\/Exposicion-Finestrat-150x150.jpg 150w, https:\/\/costablanca-magazin.com\/wp-content\/uploads\/2025\/09\/Exposicion-Finestrat-768x768.jpg 768w, https:\/\/costablanca-magazin.com\/wp-content\/uploads\/2025\/09\/Exposicion-Finestrat.jpg 1200w\" sizes=\"(max-width: 800px) 100vw, 800px\" \/>\t\t\t\t\t\t\t\t\t\t\t\t\t\t\t<\/div>\n\t\t\t\t<\/div>\n\t\t\t\t<div class=\"elementor-element elementor-element-77081e7 elementor-widget elementor-widget-image\" data-id=\"77081e7\" data-element_type=\"widget\" data-e-type=\"widget\" data-widget_type=\"image.default\">\n\t\t\t\t<div class=\"elementor-widget-container\">\n\t\t\t\t\t\t\t\t\t\t\t\t\t\t\t<img loading=\"lazy\" decoding=\"async\" width=\"724\" height=\"1024\" src=\"https:\/\/costablanca-magazin.com\/wp-content\/uploads\/2025\/09\/Expo-Adam-Denia-724x1024.jpg\" class=\"attachment-large size-large wp-image-8745\" alt=\"Expo Adam Denia\" srcset=\"https:\/\/costablanca-magazin.com\/wp-content\/uploads\/2025\/09\/Expo-Adam-Denia-724x1024.jpg 724w, https:\/\/costablanca-magazin.com\/wp-content\/uploads\/2025\/09\/Expo-Adam-Denia-212x300.jpg 212w, https:\/\/costablanca-magazin.com\/wp-content\/uploads\/2025\/09\/Expo-Adam-Denia-768x1087.jpg 768w, https:\/\/costablanca-magazin.com\/wp-content\/uploads\/2025\/09\/Expo-Adam-Denia.jpg 848w\" sizes=\"(max-width: 724px) 100vw, 724px\" \/>\t\t\t\t\t\t\t\t\t\t\t\t\t\t\t<\/div>\n\t\t\t\t<\/div>\n\t\t\t\t<div class=\"elementor-element elementor-element-9149e67 elementor-widget elementor-widget-gallery\" data-id=\"9149e67\" data-element_type=\"widget\" data-e-type=\"widget\" data-settings=\"{&quot;columns&quot;:1,&quot;aspect_ratio&quot;:&quot;16:9&quot;,&quot;lazyload&quot;:&quot;yes&quot;,&quot;gallery_layout&quot;:&quot;grid&quot;,&quot;columns_tablet&quot;:2,&quot;columns_mobile&quot;:1,&quot;gap&quot;:{&quot;unit&quot;:&quot;px&quot;,&quot;size&quot;:10,&quot;sizes&quot;:[]},&quot;gap_tablet&quot;:{&quot;unit&quot;:&quot;px&quot;,&quot;size&quot;:10,&quot;sizes&quot;:[]},&quot;gap_mobile&quot;:{&quot;unit&quot;:&quot;px&quot;,&quot;size&quot;:10,&quot;sizes&quot;:[]},&quot;link_to&quot;:&quot;file&quot;,&quot;overlay_background&quot;:&quot;yes&quot;,&quot;content_hover_animation&quot;:&quot;fade-in&quot;}\" data-widget_type=\"gallery.default\">\n\t\t\t\t<div class=\"elementor-widget-container\">\n\t\t\t\t\t\t\t<div class=\"elementor-gallery__container\">\n\t\t\t\t\t\t\t<a class=\"e-gallery-item elementor-gallery-item elementor-animated-content\" href=\"https:\/\/costablanca-magazin.com\/wp-content\/uploads\/2025\/09\/La-cultura-Denia-Kopie.jpg\" data-elementor-open-lightbox=\"yes\" data-elementor-lightbox-slideshow=\"9149e67\" data-elementor-lightbox-title=\"La cultura Denia Kopie\" data-elementor-lightbox-description=\"La cultura Denia Kopie\" data-e-action-hash=\"#elementor-action%3Aaction%3Dlightbox%26settings%3DeyJpZCI6ODc1MiwidXJsIjoiaHR0cHM6XC9cL2Nvc3RhYmxhbmNhLW1hZ2F6aW4uY29tXC93cC1jb250ZW50XC91cGxvYWRzXC8yMDI1XC8wOVwvTGEtY3VsdHVyYS1EZW5pYS1Lb3BpZS5qcGciLCJzbGlkZXNob3ciOiI5MTQ5ZTY3In0%3D\">\n\t\t\t\t\t<div class=\"e-gallery-image elementor-gallery-item__image\" data-thumbnail=\"https:\/\/costablanca-magazin.com\/wp-content\/uploads\/2025\/09\/La-cultura-Denia-Kopie.jpg\" data-width=\"848\" data-height=\"1200\" aria-label=\"La cultura Denia kopi\u00ebren\" role=\"img\" ><\/div>\n\t\t\t\t\t\t\t\t\t\t\t<div class=\"elementor-gallery-item__overlay\"><\/div>\n\t\t\t\t\t\t\t\t\t\t\t\t\t\t<\/a>\n\t\t\t\t\t<\/div>\n\t\t\t\t\t<\/div>\n\t\t\t\t<\/div>\n\t\t\t\t<\/div>\n\t\t\t\t\t<\/div>\n\t\t\t\t<\/div>\n\t\t<div class=\"elementor-element elementor-element-8ee2d57 e-flex e-con-boxed e-con e-parent\" data-id=\"8ee2d57\" data-element_type=\"container\" data-e-type=\"container\">\n\t\t\t\t\t<div class=\"e-con-inner\">\n\t\t<div class=\"elementor-element elementor-element-305282b e-con-full e-flex e-con e-child\" data-id=\"305282b\" data-element_type=\"container\" data-e-type=\"container\">\n\t\t\t\t<div class=\"elementor-element elementor-element-3c0d816 elementor-widget elementor-widget-spacer\" data-id=\"3c0d816\" data-element_type=\"widget\" data-e-type=\"widget\" data-widget_type=\"spacer.default\">\n\t\t\t\t<div class=\"elementor-widget-container\">\n\t\t\t\t\t\t\t<div class=\"elementor-spacer\">\n\t\t\t<div class=\"elementor-spacer-inner\"><\/div>\n\t\t<\/div>\n\t\t\t\t\t\t<\/div>\n\t\t\t\t<\/div>\n\t\t\t\t<div class=\"elementor-element elementor-element-9f36599 elementor-widget elementor-widget-gallery\" data-id=\"9f36599\" data-element_type=\"widget\" data-e-type=\"widget\" data-settings=\"{&quot;columns&quot;:1,&quot;gallery_layout&quot;:&quot;masonry&quot;,&quot;lazyload&quot;:&quot;yes&quot;,&quot;columns_tablet&quot;:2,&quot;columns_mobile&quot;:1,&quot;gap&quot;:{&quot;unit&quot;:&quot;px&quot;,&quot;size&quot;:10,&quot;sizes&quot;:[]},&quot;gap_tablet&quot;:{&quot;unit&quot;:&quot;px&quot;,&quot;size&quot;:10,&quot;sizes&quot;:[]},&quot;gap_mobile&quot;:{&quot;unit&quot;:&quot;px&quot;,&quot;size&quot;:10,&quot;sizes&quot;:[]},&quot;link_to&quot;:&quot;file&quot;,&quot;overlay_background&quot;:&quot;yes&quot;,&quot;content_hover_animation&quot;:&quot;fade-in&quot;}\" data-widget_type=\"gallery.default\">\n\t\t\t\t<div class=\"elementor-widget-container\">\n\t\t\t\t\t\t\t<div class=\"elementor-gallery__container\">\n\t\t\t\t\t\t\t<a class=\"e-gallery-item elementor-gallery-item elementor-animated-content\" href=\"https:\/\/costablanca-magazin.com\/wp-content\/uploads\/2025\/09\/Colla-Pere-Bigot-Benissa.jpg\" data-elementor-open-lightbox=\"yes\" data-elementor-lightbox-slideshow=\"9f36599\" data-elementor-lightbox-title=\"Colla-Pere-Bigot Benissa\" data-elementor-lightbox-description=\"Colla-Pere-Bigot Benissa\" data-e-action-hash=\"#elementor-action%3Aaction%3Dlightbox%26settings%3DeyJpZCI6ODc0MSwidXJsIjoiaHR0cHM6XC9cL2Nvc3RhYmxhbmNhLW1hZ2F6aW4uY29tXC93cC1jb250ZW50XC91cGxvYWRzXC8yMDI1XC8wOVwvQ29sbGEtUGVyZS1CaWdvdC1CZW5pc3NhLmpwZyIsInNsaWRlc2hvdyI6IjlmMzY1OTkifQ%3D%3D\">\n\t\t\t\t\t<div class=\"e-gallery-image elementor-gallery-item__image\" data-thumbnail=\"https:\/\/costablanca-magazin.com\/wp-content\/uploads\/2025\/09\/Colla-Pere-Bigot-Benissa.jpg\" data-width=\"1200\" data-height=\"899\" aria-label=\"Colla-Pere-Bigot Benissa\" role=\"img\" ><\/div>\n\t\t\t\t\t\t\t\t\t\t\t<div class=\"elementor-gallery-item__overlay\"><\/div>\n\t\t\t\t\t\t\t\t\t\t\t\t\t\t<\/a>\n\t\t\t\t\t<\/div>\n\t\t\t\t\t<\/div>\n\t\t\t\t<\/div>\n\t\t\t\t<div class=\"elementor-element elementor-element-ad5ccf9 elementor-widget elementor-widget-image\" data-id=\"ad5ccf9\" data-element_type=\"widget\" data-e-type=\"widget\" data-widget_type=\"image.default\">\n\t\t\t\t<div class=\"elementor-widget-container\">\n\t\t\t\t\t\t\t\t\t\t\t\t\t\t\t<img loading=\"lazy\" decoding=\"async\" width=\"800\" height=\"450\" src=\"https:\/\/costablanca-magazin.com\/wp-content\/uploads\/2025\/09\/Expo-Juan-Alio-Benidorm-1024x576.jpg\" class=\"attachment-large size-large wp-image-8746\" alt=\"Expo Juan Ali\u00f3 Benidorm\" srcset=\"https:\/\/costablanca-magazin.com\/wp-content\/uploads\/2025\/09\/Expo-Juan-Alio-Benidorm-1024x576.jpg 1024w, https:\/\/costablanca-magazin.com\/wp-content\/uploads\/2025\/09\/Expo-Juan-Alio-Benidorm-300x169.jpg 300w, https:\/\/costablanca-magazin.com\/wp-content\/uploads\/2025\/09\/Expo-Juan-Alio-Benidorm-768x432.jpg 768w, https:\/\/costablanca-magazin.com\/wp-content\/uploads\/2025\/09\/Expo-Juan-Alio-Benidorm.jpg 1200w\" sizes=\"(max-width: 800px) 100vw, 800px\" \/>\t\t\t\t\t\t\t\t\t\t\t\t\t\t\t<\/div>\n\t\t\t\t<\/div>\n\t\t\t\t<div class=\"elementor-element elementor-element-03d2b14 elementor-widget elementor-widget-image\" data-id=\"03d2b14\" data-element_type=\"widget\" data-e-type=\"widget\" data-widget_type=\"image.default\">\n\t\t\t\t<div class=\"elementor-widget-container\">\n\t\t\t\t\t\t\t\t\t\t\t\t\t\t\t<img loading=\"lazy\" decoding=\"async\" width=\"800\" height=\"334\" src=\"https:\/\/costablanca-magazin.com\/wp-content\/uploads\/2025\/09\/iberia-benidorm-2-1024x427.jpg\" class=\"attachment-large size-large wp-image-8750\" alt=\"iberia benidorm 2\" srcset=\"https:\/\/costablanca-magazin.com\/wp-content\/uploads\/2025\/09\/iberia-benidorm-2-1024x427.jpg 1024w, https:\/\/costablanca-magazin.com\/wp-content\/uploads\/2025\/09\/iberia-benidorm-2-300x125.jpg 300w, https:\/\/costablanca-magazin.com\/wp-content\/uploads\/2025\/09\/iberia-benidorm-2-768x320.jpg 768w, https:\/\/costablanca-magazin.com\/wp-content\/uploads\/2025\/09\/iberia-benidorm-2.jpg 1200w\" sizes=\"(max-width: 800px) 100vw, 800px\" \/>\t\t\t\t\t\t\t\t\t\t\t\t\t\t\t<\/div>\n\t\t\t\t<\/div>\n\t\t\t\t<div class=\"elementor-element elementor-element-a4e302d elementor-widget elementor-widget-gallery\" data-id=\"a4e302d\" data-element_type=\"widget\" data-e-type=\"widget\" data-settings=\"{&quot;columns&quot;:1,&quot;aspect_ratio&quot;:&quot;1:1&quot;,&quot;lazyload&quot;:&quot;yes&quot;,&quot;gallery_layout&quot;:&quot;grid&quot;,&quot;columns_tablet&quot;:2,&quot;columns_mobile&quot;:1,&quot;gap&quot;:{&quot;unit&quot;:&quot;px&quot;,&quot;size&quot;:10,&quot;sizes&quot;:[]},&quot;gap_tablet&quot;:{&quot;unit&quot;:&quot;px&quot;,&quot;size&quot;:10,&quot;sizes&quot;:[]},&quot;gap_mobile&quot;:{&quot;unit&quot;:&quot;px&quot;,&quot;size&quot;:10,&quot;sizes&quot;:[]},&quot;link_to&quot;:&quot;file&quot;,&quot;overlay_background&quot;:&quot;yes&quot;,&quot;content_hover_animation&quot;:&quot;fade-in&quot;}\" data-widget_type=\"gallery.default\">\n\t\t\t\t<div class=\"elementor-widget-container\">\n\t\t\t\t\t\t\t<div class=\"elementor-gallery__container\">\n\t\t\t\t\t\t\t<a class=\"e-gallery-item elementor-gallery-item elementor-animated-content\" href=\"https:\/\/costablanca-magazin.com\/wp-content\/uploads\/2025\/09\/Guns-n-Roses-Bendirom.jpg\" data-elementor-open-lightbox=\"yes\" data-elementor-lightbox-slideshow=\"a4e302d\" data-elementor-lightbox-title=\"Guns n Roses Bendirom\" data-elementor-lightbox-description=\"Guns n Roses Bendirom\" data-e-action-hash=\"#elementor-action%3Aaction%3Dlightbox%26settings%3DeyJpZCI6ODc0OSwidXJsIjoiaHR0cHM6XC9cL2Nvc3RhYmxhbmNhLW1hZ2F6aW4uY29tXC93cC1jb250ZW50XC91cGxvYWRzXC8yMDI1XC8wOVwvR3Vucy1uLVJvc2VzLUJlbmRpcm9tLmpwZyIsInNsaWRlc2hvdyI6ImE0ZTMwMmQifQ%3D%3D\">\n\t\t\t\t\t<div class=\"e-gallery-image elementor-gallery-item__image\" data-thumbnail=\"https:\/\/costablanca-magazin.com\/wp-content\/uploads\/2025\/09\/Guns-n-Roses-Bendirom.jpg\" data-width=\"852\" data-height=\"1200\" aria-label=\"Guns n Roses Bendirom\" role=\"img\" ><\/div>\n\t\t\t\t\t\t\t\t\t\t\t<div class=\"elementor-gallery-item__overlay\"><\/div>\n\t\t\t\t\t\t\t\t\t\t\t\t\t\t<\/a>\n\t\t\t\t\t<\/div>\n\t\t\t\t\t<\/div>\n\t\t\t\t<\/div>\n\t\t\t\t<\/div>\n\t\t<div class=\"elementor-element elementor-element-4fff73e e-con-full e-flex e-con e-child\" data-id=\"4fff73e\" data-element_type=\"container\" data-e-type=\"container\">\n\t\t\t\t<div class=\"elementor-element elementor-element-866ab76 elementor-widget elementor-widget-heading\" data-id=\"866ab76\" data-element_type=\"widget\" data-e-type=\"widget\" data-widget_type=\"heading.default\">\n\t\t\t\t<div class=\"elementor-widget-container\">\n\t\t\t\t\t<h3 class=\"elementor-heading-title elementor-size-default\">Benissa<\/h3>\t\t\t\t<\/div>\n\t\t\t\t<\/div>\n\t\t\t\t<div class=\"elementor-element elementor-element-b007f9b elementor-widget__width-initial elementor-widget elementor-widget-text-editor\" data-id=\"b007f9b\" data-element_type=\"widget\" data-e-type=\"widget\" data-widget_type=\"text-editor.default\">\n\t\t\t\t<div class=\"elementor-widget-container\">\n\t\t\t\t\t\t\t\t\t<p>Op 19 en 20 september 2025 vindt de \u201eTardeo filadas capitanas Moros y Cristianos 2026\u201c plaats in Passeig Joaqu\u00edn Piera i Mariana Torres met muziek, dans en een feestelijk programma. <\/p><p>De \u201eTardeo filadas capitanas Moros y Cristianos 2026\u201c wordt daar opnieuw gevierd op 26 en 27 september 2025. Ook hier kunnen bezoekers muziek, dans en entertainment verwachten met gratis toegang.<\/p><p>Op 25 oktober 2025 zijn er verschillende evenementen in het Placeta de la Esgl\u00e9sia Vella om de 25e verjaardag van de Colla de Xirimiters Pere Bigot te vieren: boekpresentatie, fototentoonstelling, vino de honor en een concert met Tocant i Rodant &amp; AlVent.<\/p><p>Op 26 oktober 2025 organiseert het Colla de Xirimiters Pere Bigot de \u201eEncuentro Comarcal de Colles Marina Alta y Marina Baixa\u201c met een receptie, pasacalles, gezamenlijk optreden en diner in het Placeta de la Esgl\u00e9sia Vella.<\/p>\t\t\t\t\t\t\t\t<\/div>\n\t\t\t\t<\/div>\n\t\t\t\t<div class=\"elementor-element elementor-element-7554955 elementor-widget elementor-widget-heading\" data-id=\"7554955\" data-element_type=\"widget\" data-e-type=\"widget\" data-widget_type=\"heading.default\">\n\t\t\t\t<div class=\"elementor-widget-container\">\n\t\t\t\t\t<h3 class=\"elementor-heading-title elementor-size-default\">Benidorm<\/h3>\t\t\t\t<\/div>\n\t\t\t\t<\/div>\n\t\t\t\t<div class=\"elementor-element elementor-element-0ccc2b9 elementor-widget__width-initial elementor-widget elementor-widget-text-editor\" data-id=\"0ccc2b9\" data-element_type=\"widget\" data-e-type=\"widget\" data-widget_type=\"text-editor.default\">\n\t\t\t\t<div class=\"elementor-widget-container\">\n\t\t\t\t\t\t\t\t\t<p>Van 17 tot 20 september wordt in het Gran Hotel Bali het festival Sunny Days and Disco Nights gehouden, vier dagen lang disco's, muziek en dans in de Spaanse zon.<\/p><p>Van 16 september tot 10 oktober is de tentoonstelling Fantas\u00edas On\u00edricas van de schilder Juan Ali\u00f3 te zien in de Espai d'Art van de Ayuntamiento.<\/p><p>Op 26 september om 21:30 uur organiseert Rockstar Benidorm Parklife Fest, met een eerbetoon aan Oasis en een Britpop-avond vol livemuziek en dj-sets.<\/p><p>Op 27 september om 20:00 uur vindt in het Auditorio \u00d3scar Espl\u00e1 het concert M\u00fasica Festera plaats als onderdeel van het XXIV Concurso de Composici\u00f3n \u201eVilla de Benidorm\u201c, uitgevoerd door de S.M. L'Illa de Benidorm.<\/p><p>Van 2 tot 5 oktober wordt in Benidorm het traditionele festival Moros y Cristianos gevierd, met parades, gevechten, muziek, vuurwerk en de uiteindelijke herovering van het fort van Benidorm.<\/p><p>Op 3 oktober om 20:00 uur is er in de Sal\u00f3n de Actos van de Ayuntamiento een concert als onderdeel van de Ciclo Grandes Recitales: Piano a 4 manos met het Duo Scherzando.<\/p><p>Het concert Tributo a Guns N\u2019 Roses - Nightrain to Paradise vindt plaats op 4 oktober om 22:00 uur in de Sala Rockstar.<\/p><p>Het familietheater Presente van Mireia Mracle vindt plaats op 11 oktober om 18:00 uur in het Auditorio Centro Cultural.<\/p><p>Van 11 tot 12 oktober vindt in Benidorm het Iberia Festival plaats, twee dagen poprock met meer dan 20 uur muziek en een spectaculaire line-up van Spaanse bands.<\/p>\t\t\t\t\t\t\t\t<\/div>\n\t\t\t\t<\/div>\n\t\t\t\t<\/div>\n\t\t\t\t\t<\/div>\n\t\t\t\t<\/div>\n\t\t<div class=\"elementor-element elementor-element-0abd803 e-flex e-con-boxed e-con e-parent\" data-id=\"0abd803\" data-element_type=\"container\" data-e-type=\"container\">\n\t\t\t\t\t<div class=\"e-con-inner\">\n\t\t\t\t<div class=\"elementor-element elementor-element-f2fee74 elementor-widget-divider--separator-type-pattern elementor-widget-divider--view-line elementor-widget elementor-widget-divider\" data-id=\"f2fee74\" data-element_type=\"widget\" data-e-type=\"widget\" data-widget_type=\"divider.default\">\n\t\t\t\t<div class=\"elementor-widget-container\">\n\t\t\t\t\t\t\t<div class=\"elementor-divider\" style=\"--divider-pattern-url: url(&quot;data:image\/svg+xml,%3Csvg xmlns=&#039;http:\/\/www.w3.org\/2000\/svg&#039; preserveAspectRatio=&#039;none&#039; overflow=&#039;visible&#039; height=&#039;100%&#039; viewBox=&#039;0 0 24 24&#039; fill=&#039;none&#039; stroke=&#039;black&#039; stroke-width=&#039;1.5&#039; stroke-linecap=&#039;square&#039; stroke-miterlimit=&#039;10&#039;%3E%3Cpath d=&#039;M0,6c6,0,0.9,11.1,6.9,11.1S18,6,24,6&#039;\/%3E%3C\/svg%3E&quot;);\">\n\t\t\t<span class=\"elementor-divider-separator\">\n\t\t\t\t\t\t<\/span>\n\t\t<\/div>\n\t\t\t\t\t\t<\/div>\n\t\t\t\t<\/div>\n\t\t\t\t<div class=\"elementor-element elementor-element-c92deb9 elementor-widget elementor-widget-heading\" data-id=\"c92deb9\" data-element_type=\"widget\" data-e-type=\"widget\" data-widget_type=\"heading.default\">\n\t\t\t\t<div class=\"elementor-widget-container\">\n\t\t\t\t\t<h4 class=\"elementor-heading-title elementor-size-default\">Vertel ons over je evenement c.rehagel@die-inselzeitung.com -\nCharlotta Rehagel<\/h4>\t\t\t\t<\/div>\n\t\t\t\t<\/div>\n\t\t\t\t<div class=\"elementor-element elementor-element-ae81dc6 elementor-widget-divider--separator-type-pattern elementor-widget-divider--view-line elementor-widget elementor-widget-divider\" data-id=\"ae81dc6\" data-element_type=\"widget\" data-e-type=\"widget\" data-widget_type=\"divider.default\">\n\t\t\t\t<div class=\"elementor-widget-container\">\n\t\t\t\t\t\t\t<div class=\"elementor-divider\" style=\"--divider-pattern-url: url(&quot;data:image\/svg+xml,%3Csvg xmlns=&#039;http:\/\/www.w3.org\/2000\/svg&#039; preserveAspectRatio=&#039;none&#039; overflow=&#039;visible&#039; height=&#039;100%&#039; viewBox=&#039;0 0 24 24&#039; fill=&#039;none&#039; stroke=&#039;black&#039; stroke-width=&#039;1.5&#039; stroke-linecap=&#039;square&#039; stroke-miterlimit=&#039;10&#039;%3E%3Cpath d=&#039;M0,6c6,0,0.9,11.1,6.9,11.1S18,6,24,6&#039;\/%3E%3C\/svg%3E&quot;);\">\n\t\t\t<span class=\"elementor-divider-separator\">\n\t\t\t\t\t\t<\/span>\n\t\t<\/div>\n\t\t\t\t\t\t<\/div>\n\t\t\t\t<\/div>\n\t\t\t\t<div class=\"elementor-element elementor-element-b7c0fc3 elementor-grid-3 elementor-grid-tablet-2 elementor-grid-mobile-1 elementor-posts--thumbnail-top elementor-posts--show-avatar elementor-card-shadow-yes elementor-posts__hover-gradient elementor-widget elementor-widget-posts\" data-id=\"b7c0fc3\" data-element_type=\"widget\" data-e-type=\"widget\" data-settings=\"{&quot;cards_columns&quot;:&quot;3&quot;,&quot;cards_columns_tablet&quot;:&quot;2&quot;,&quot;cards_columns_mobile&quot;:&quot;1&quot;,&quot;cards_row_gap&quot;:{&quot;unit&quot;:&quot;px&quot;,&quot;size&quot;:35,&quot;sizes&quot;:[]},&quot;cards_row_gap_tablet&quot;:{&quot;unit&quot;:&quot;px&quot;,&quot;size&quot;:&quot;&quot;,&quot;sizes&quot;:[]},&quot;cards_row_gap_mobile&quot;:{&quot;unit&quot;:&quot;px&quot;,&quot;size&quot;:&quot;&quot;,&quot;sizes&quot;:[]}}\" data-widget_type=\"posts.cards\">\n\t\t\t\t<div class=\"elementor-widget-container\">\n\t\t\t\t\t\t\t<div class=\"elementor-posts-container elementor-posts elementor-posts--skin-cards elementor-grid\" role=\"list\">\n\t\t\t\t<article class=\"elementor-post elementor-grid-item post-8460 post type-post status-publish format-standard has-post-thumbnail hentry category-veranstaltungen-events tag-festa-del-moscatell tag-fiestas-de-la-vendimia tag-moscatel-wein tag-mostra-de-vins-benissa tag-weinlese-marina-alta tag-weinlese-marina-baixa\" role=\"listitem\">\n\t\t\t<div class=\"elementor-post__card\">\n\t\t\t\t<a class=\"elementor-post__thumbnail__link\" href=\"https:\/\/costablanca-magazin.com\/nl\/freizeit\/veranstaltungen-events\/spaetsommer-in-der-marina-alta-und-der-marina-baixa\/\" tabindex=\"-1\" ><div class=\"elementor-post__thumbnail\"><img loading=\"lazy\" decoding=\"async\" width=\"1536\" height=\"350\" src=\"https:\/\/costablanca-magazin.com\/wp-content\/uploads\/2025\/08\/weinabau01.jpg\" class=\"attachment-2048x2048 size-2048x2048 wp-image-10400\" alt=\"weinabau01\" srcset=\"https:\/\/costablanca-magazin.com\/wp-content\/uploads\/2025\/08\/weinabau01.jpg 1536w, https:\/\/costablanca-magazin.com\/wp-content\/uploads\/2025\/08\/weinabau01-300x68.jpg 300w, https:\/\/costablanca-magazin.com\/wp-content\/uploads\/2025\/08\/weinabau01-1024x233.jpg 1024w, https:\/\/costablanca-magazin.com\/wp-content\/uploads\/2025\/08\/weinabau01-768x175.jpg 768w, https:\/\/costablanca-magazin.com\/wp-content\/uploads\/2025\/08\/weinabau01-18x4.jpg 18w\" sizes=\"(max-width: 1536px) 100vw, 1536px\" \/><\/div><\/a>\n\t\t\t\t<div class=\"elementor-post__badge\">Evenementen<\/div>\n\t\t\t\t<div class=\"elementor-post__avatar\">\n\t\t\t\t\t<\/div>\n\t\t\t\t<div class=\"elementor-post__text\">\n\t\t\t\t<h3 class=\"elementor-post__title\">\n\t\t\t<a href=\"https:\/\/costablanca-magazin.com\/nl\/freizeit\/veranstaltungen-events\/spaetsommer-in-der-marina-alta-und-der-marina-baixa\/\" >\n\t\t\t\tNazomer in de Marina Alta en de Marina Baixa\t\t\t<\/a>\n\t\t<\/h3>\n\t\t\t\t<\/div>\n\t\t\t\t\t<\/div>\n\t\t<\/article>\n\t\t\t\t<article class=\"elementor-post elementor-grid-item post-8396 post type-post status-publish format-standard has-post-thumbnail hentry category-veranstaltungen-events tag-festivals-benidorm tag-konzerte-costa-blanca tag-open-air-kino-costa-blanca tag-patronatsfeste-costa-blanca tag-veranstaltungen-costa-blanca\" role=\"listitem\">\n\t\t\t<div class=\"elementor-post__card\">\n\t\t\t\t<a class=\"elementor-post__thumbnail__link\" href=\"https:\/\/costablanca-magazin.com\/nl\/freizeit\/veranstaltungen-events\/august-september-veranstaltungen-an-der-costa-blanca-2025\/\" tabindex=\"-1\" ><div class=\"elementor-post__thumbnail\"><img loading=\"lazy\" decoding=\"async\" width=\"2048\" height=\"1366\" src=\"https:\/\/costablanca-magazin.com\/wp-content\/uploads\/2025\/08\/happy-young-african-adult-afro-woman-dancing-with-2025-01-07-06-55-26-utc-2048x1366.jpg\" class=\"attachment-2048x2048 size-2048x2048 wp-image-8397\" alt=\"Zomer vol festivals, muziek en cultuur aan de Costa Blanca\" srcset=\"https:\/\/costablanca-magazin.com\/wp-content\/uploads\/2025\/08\/happy-young-african-adult-afro-woman-dancing-with-2025-01-07-06-55-26-utc-2048x1366.jpg 2048w, https:\/\/costablanca-magazin.com\/wp-content\/uploads\/2025\/08\/happy-young-african-adult-afro-woman-dancing-with-2025-01-07-06-55-26-utc-300x200.jpg 300w, https:\/\/costablanca-magazin.com\/wp-content\/uploads\/2025\/08\/happy-young-african-adult-afro-woman-dancing-with-2025-01-07-06-55-26-utc-1024x683.jpg 1024w, https:\/\/costablanca-magazin.com\/wp-content\/uploads\/2025\/08\/happy-young-african-adult-afro-woman-dancing-with-2025-01-07-06-55-26-utc-768x512.jpg 768w, https:\/\/costablanca-magazin.com\/wp-content\/uploads\/2025\/08\/happy-young-african-adult-afro-woman-dancing-with-2025-01-07-06-55-26-utc-1536x1024.jpg 1536w\" sizes=\"(max-width: 2048px) 100vw, 2048px\" \/><\/div><\/a>\n\t\t\t\t<div class=\"elementor-post__badge\">Evenementen<\/div>\n\t\t\t\t<div class=\"elementor-post__avatar\">\n\t\t\t\t\t<\/div>\n\t\t\t\t<div class=\"elementor-post__text\">\n\t\t\t\t<h3 class=\"elementor-post__title\">\n\t\t\t<a href=\"https:\/\/costablanca-magazin.com\/nl\/freizeit\/veranstaltungen-events\/august-september-veranstaltungen-an-der-costa-blanca-2025\/\" >\n\t\t\t\tEvenementen in augustus en september aan de Costa Blanca 2025\t\t\t<\/a>\n\t\t<\/h3>\n\t\t\t\t<\/div>\n\t\t\t\t\t<\/div>\n\t\t<\/article>\n\t\t\t\t<article class=\"elementor-post elementor-grid-item post-7991 post type-post status-publish format-standard has-post-thumbnail hentry category-veranstaltungen-events tag-costa-blanca-2 tag-feuerwerk-altea-castell-de-lolla tag-fiesta-costa-blanca tag-moros-y-cristianos tag-veranstaltungen-costablanca\" role=\"listitem\">\n\t\t\t<div class=\"elementor-post__card\">\n\t\t\t\t<a class=\"elementor-post__thumbnail__link\" href=\"https:\/\/costablanca-magazin.com\/nl\/freizeit\/veranstaltungen-events\/juli-2025-veranstaltungen-an-der-costa-blanca-fiestas-und-konzerte\/\" tabindex=\"-1\" ><div class=\"elementor-post__thumbnail\"><img loading=\"lazy\" decoding=\"async\" width=\"2048\" height=\"1365\" src=\"https:\/\/costablanca-magazin.com\/wp-content\/uploads\/2025\/07\/young-couple-eating-popcorn-while-watching-a-movie-2024-12-13-18-32-33-utc-2048x1365.jpg\" class=\"attachment-2048x2048 size-2048x2048 wp-image-8000\" alt=\"Juli 2025 Evenementen aan de Costa Blanca - Feesten en concerten\" srcset=\"https:\/\/costablanca-magazin.com\/wp-content\/uploads\/2025\/07\/young-couple-eating-popcorn-while-watching-a-movie-2024-12-13-18-32-33-utc-2048x1365.jpg 2048w, https:\/\/costablanca-magazin.com\/wp-content\/uploads\/2025\/07\/young-couple-eating-popcorn-while-watching-a-movie-2024-12-13-18-32-33-utc-300x200.jpg 300w, https:\/\/costablanca-magazin.com\/wp-content\/uploads\/2025\/07\/young-couple-eating-popcorn-while-watching-a-movie-2024-12-13-18-32-33-utc-1024x683.jpg 1024w, https:\/\/costablanca-magazin.com\/wp-content\/uploads\/2025\/07\/young-couple-eating-popcorn-while-watching-a-movie-2024-12-13-18-32-33-utc-768x512.jpg 768w, https:\/\/costablanca-magazin.com\/wp-content\/uploads\/2025\/07\/young-couple-eating-popcorn-while-watching-a-movie-2024-12-13-18-32-33-utc-1536x1024.jpg 1536w\" sizes=\"(max-width: 2048px) 100vw, 2048px\" \/><\/div><\/a>\n\t\t\t\t<div class=\"elementor-post__badge\">Evenementen<\/div>\n\t\t\t\t<div class=\"elementor-post__avatar\">\n\t\t\t\t\t<\/div>\n\t\t\t\t<div class=\"elementor-post__text\">\n\t\t\t\t<h3 class=\"elementor-post__title\">\n\t\t\t<a href=\"https:\/\/costablanca-magazin.com\/nl\/freizeit\/veranstaltungen-events\/juli-2025-veranstaltungen-an-der-costa-blanca-fiestas-und-konzerte\/\" >\n\t\t\t\tJuli 2025 Evenementen aan de Costa Blanca - Feesten en concerten\t\t\t<\/a>\n\t\t<\/h3>\n\t\t\t\t<\/div>\n\t\t\t\t\t<\/div>\n\t\t<\/article>\n\t\t\t\t<\/div>\n\t\t\n\t\t\t\t\t\t<\/div>\n\t\t\t\t<\/div>\n\t\t\t\t\t<\/div>\n\t\t\t\t<\/div>\n\t\t\t\t<\/div>","protected":false},"excerpt":{"rendered":"<p>September &amp; oktober Evenementen aan de Costa Blanca 2025 Ontdek de beste evenementen aan de Costa Blanca in de herfst<\/p>","protected":false},"author":1,"featured_media":8734,"comment_status":"closed","ping_status":"closed","sticky":false,"template":"elementor_header_footer","format":"standard","meta":{"om_disable_all_campaigns":false,"_monsterinsights_skip_tracking":false,"_monsterinsights_sitenote_active":false,"_monsterinsights_sitenote_note":"","_monsterinsights_sitenote_category":0,"footnotes":""},"categories":[22],"tags":[1155,1151,1153,1152,1156,1157,182,1154],"class_list":["post-8729","post","type-post","status-publish","format-standard","has-post-thumbnail","hentry","category-aktivitaeten-und-ausfluege","tag-bierfeste-moraira","tag-costa-blanca-veranstaltungen-2025","tag-festivals-costa-blanca","tag-herbst-events-costa-blanca","tag-kinderaktionen-javea","tag-kultur-events-calpe","tag-oktoberfest-la-nucia","tag-zombie-rallye-la-nucia"],"aioseo_notices":[],"_links":{"self":[{"href":"https:\/\/costablanca-magazin.com\/nl\/wp-json\/wp\/v2\/posts\/8729","targetHints":{"allow":["GET"]}}],"collection":[{"href":"https:\/\/costablanca-magazin.com\/nl\/wp-json\/wp\/v2\/posts"}],"about":[{"href":"https:\/\/costablanca-magazin.com\/nl\/wp-json\/wp\/v2\/types\/post"}],"author":[{"embeddable":true,"href":"https:\/\/costablanca-magazin.com\/nl\/wp-json\/wp\/v2\/users\/1"}],"replies":[{"embeddable":true,"href":"https:\/\/costablanca-magazin.com\/nl\/wp-json\/wp\/v2\/comments?post=8729"}],"version-history":[{"count":10,"href":"https:\/\/costablanca-magazin.com\/nl\/wp-json\/wp\/v2\/posts\/8729\/revisions"}],"predecessor-version":[{"id":9869,"href":"https:\/\/costablanca-magazin.com\/nl\/wp-json\/wp\/v2\/posts\/8729\/revisions\/9869"}],"wp:featuredmedia":[{"embeddable":true,"href":"https:\/\/costablanca-magazin.com\/nl\/wp-json\/wp\/v2\/media\/8734"}],"wp:attachment":[{"href":"https:\/\/costablanca-magazin.com\/nl\/wp-json\/wp\/v2\/media?parent=8729"}],"wp:term":[{"taxonomy":"category","embeddable":true,"href":"https:\/\/costablanca-magazin.com\/nl\/wp-json\/wp\/v2\/categories?post=8729"},{"taxonomy":"post_tag","embeddable":true,"href":"https:\/\/costablanca-magazin.com\/nl\/wp-json\/wp\/v2\/tags?post=8729"}],"curies":[{"name":"wp","href":"https:\/\/api.w.org\/{rel}","templated":true}]}}