{"id":8460,"date":"2025-08-20T09:00:00","date_gmt":"2025-08-20T07:00:00","guid":{"rendered":"https:\/\/costablanca-magazin.com\/?p=8460"},"modified":"2026-01-26T13:33:40","modified_gmt":"2026-01-26T12:33:40","slug":"late-zomer-in-de-marina-alta-en-de-marina-baixa","status":"publish","type":"post","link":"https:\/\/costablanca-magazin.com\/nl\/freizeit\/veranstaltungen-events\/spaetsommer-in-der-marina-alta-und-der-marina-baixa\/","title":{"rendered":"Nazomer in de Marina Alta en de Marina Baixa"},"content":{"rendered":"<div data-elementor-type=\"wp-post\" data-elementor-id=\"8460\" class=\"elementor elementor-8460\" data-elementor-post-type=\"post\">\n\t\t\t\t<div class=\"elementor-element elementor-element-c1854fa e-flex e-con-boxed e-con e-parent\" data-id=\"c1854fa\" data-element_type=\"container\" data-e-type=\"container\">\n\t\t\t\t\t<div class=\"e-con-inner\">\n\t\t\t\t<div class=\"elementor-element elementor-element-d698200 elementor-widget elementor-widget-heading\" data-id=\"d698200\" data-element_type=\"widget\" data-e-type=\"widget\" data-widget_type=\"heading.default\">\n\t\t\t\t<div class=\"elementor-widget-container\">\n\t\t\t\t\t<h1 class=\"elementor-heading-title elementor-size-default\">Nazomer\nin de jachthaven Alta\nen de jachthaven Baixa<\/h1>\t\t\t\t<\/div>\n\t\t\t\t<\/div>\n\t\t\t\t<div class=\"elementor-element elementor-element-a93f23c elementor-widget elementor-widget-heading\" data-id=\"a93f23c\" data-element_type=\"widget\" data-e-type=\"widget\" data-widget_type=\"heading.default\">\n\t\t\t\t<div class=\"elementor-widget-container\">\n\t\t\t\t\t<p class=\"elementor-heading-title elementor-size-default\">Tussen wijngaard en kermis\nhoe de regio zijn oogsttijd viert<\/p>\t\t\t\t<\/div>\n\t\t\t\t<\/div>\n\t\t\t\t<div class=\"elementor-element elementor-element-f7b549a elementor-widget elementor-widget-image\" data-id=\"f7b549a\" data-element_type=\"widget\" data-e-type=\"widget\" data-widget_type=\"image.default\">\n\t\t\t\t<div class=\"elementor-widget-container\">\n\t\t\t\t\t\t\t\t\t\t\t\t\t\t\t<img fetchpriority=\"high\" decoding=\"async\" width=\"2560\" height=\"1920\" src=\"https:\/\/costablanca-magazin.com\/wp-content\/uploads\/2024\/09\/Weinanbau-12-scaled.jpg\" class=\"attachment-full size-full wp-image-2324\" alt=\"De rijke geschiedenis van de wijnbouw\" srcset=\"https:\/\/costablanca-magazin.com\/wp-content\/uploads\/2024\/09\/Weinanbau-12-scaled.jpg 2560w, https:\/\/costablanca-magazin.com\/wp-content\/uploads\/2024\/09\/Weinanbau-12-300x225.jpg 300w, https:\/\/costablanca-magazin.com\/wp-content\/uploads\/2024\/09\/Weinanbau-12-1024x768.jpg 1024w, https:\/\/costablanca-magazin.com\/wp-content\/uploads\/2024\/09\/Weinanbau-12-768x576.jpg 768w, https:\/\/costablanca-magazin.com\/wp-content\/uploads\/2024\/09\/Weinanbau-12-1536x1152.jpg 1536w, https:\/\/costablanca-magazin.com\/wp-content\/uploads\/2024\/09\/Weinanbau-12-2048x1536.jpg 2048w\" sizes=\"(max-width: 2560px) 100vw, 2560px\" \/>\t\t\t\t\t\t\t\t\t\t\t\t\t\t\t<\/div>\n\t\t\t\t<\/div>\n\t\t\t\t\t<\/div>\n\t\t\t\t<\/div>\n\t\t<div class=\"elementor-element elementor-element-7678685 e-flex e-con-boxed e-con e-parent\" data-id=\"7678685\" data-element_type=\"container\" data-e-type=\"container\">\n\t\t\t\t\t<div class=\"e-con-inner\">\n\t\t<div class=\"elementor-element elementor-element-e944519 e-con-full e-flex e-con e-child\" data-id=\"e944519\" data-element_type=\"container\" data-e-type=\"container\">\n\t\t\t\t<div class=\"elementor-element elementor-element-c9b7e85 elementor-widget elementor-widget-text-editor\" data-id=\"c9b7e85\" data-element_type=\"widget\" data-e-type=\"widget\" data-widget_type=\"text-editor.default\">\n\t\t\t\t<div class=\"elementor-widget-container\">\n\t\t\t\t\t\t\t\t\t<p>In Teulada, Benissa, Xal\u00f3 en Parcent vullen de eerste oogstkisten zich. Tractoren sjokken naar de bodega, wijnboeren controleren de druiven met een ervaren oog - de druivenoogst is begonnen. Eind augustus en in september bepaalt deze het ritme van hele gemeenschappen. En terwijl het werk in de wijngaarden zich concentreert, worden pleinen, straten en kelders omgetoverd tot ontmoetingsplaatsen voor fijnproevers.<\/p><p><strong>Meer dan alleen oogsten<\/strong><br \/>Voor de wijnboeren is deze tijd het hoogtepunt van het jaar - en fysiek veeleisend. De druiven worden vaak vroeg in de ochtend of zelfs 's nachts geoogst om de Moscatel-druiven met de optimale temperatuur naar de pers te brengen. De vari\u00ebteit kenmerkt veel van de witte wijnen uit de regio en is de basis voor de traditionele Mistela, een zoete likeurwijn die al generaties lang volgens familierecept wordt geproduceerd in de Marina Alta.<br \/>Voor de mensen in de dorpen is de oogst ook een sociale gebeurtenis. Mensen ontmoeten elkaar, proeven het nieuwe oogstjaar of wisselen verhalen uit - in kleine kring in de wijnkelder of tijdens een groot feest op het marktplein.<\/p><p><strong>Waar de druivenoogst wordt gevierd<\/strong><br \/><strong>Festa del Moscatell - Teulada (begin september)<\/strong><br \/>Straatparades, druivenwedstrijden en open bodega's. Bezoekers kunnen proeven, praten met wijnmakers en het werk in de kelder van dichtbij meemaken.<\/p>\t\t\t\t\t\t\t\t<\/div>\n\t\t\t\t<\/div>\n\t\t\t\t<\/div>\n\t\t<div class=\"elementor-element elementor-element-2ca1d4c e-con-full e-flex e-con e-child\" data-id=\"2ca1d4c\" data-element_type=\"container\" data-e-type=\"container\">\n\t\t\t\t<div class=\"elementor-element elementor-element-7e028be elementor-widget elementor-widget-text-editor\" data-id=\"7e028be\" data-element_type=\"widget\" data-e-type=\"widget\" data-widget_type=\"text-editor.default\">\n\t\t\t\t<div class=\"elementor-widget-container\">\n\t\t\t\t\t\t\t\t\t<p><strong>Feesten van de Vendimia - Xal\u00f3 (half september)<\/strong><br \/>Marktkraampjes, livemuziek en proeverijen in het hart van Vall de Pop. Het hoogtepunt is de parade, waarbij druiven en wijnen van het huidige oogstjaar worden gepresenteerd.<\/p><p><strong>Mostra de Vins - Benissa (september)<\/strong><br \/>Regionale wijnhuizen presenteren hun beste wijnen, vergezeld van gerechten die perfect bij de wijn passen.<\/p><p><strong>Van de wijnstok naar het glas<\/strong><br \/>Sommige bodega's - bijvoorbeeld in Xal\u00f3, Teulada, Alfaz del Pi of Parcent - bieden rondleidingen aan tijdens deze periode. Bezoekers kunnen verse druiven proeven, een kijkje nemen in de kelders en zien hoe het nieuwe wijnjaar wordt gemaakt van de oogst.<\/p><p>Tijdens de oogsttijd is het de moeite waard om de kans te grijpen: ga langs bij een bodega of wijnboer, proef een glas, knoop een gesprek aan en neem een kijkje achter de schermen. Of het nu gaat om speciale cuv\u00e9es, beperkte jaargangen of vers geperste most - bijna elk wijnhuis heeft zijn eigen hoogtepunten. En als je met een open geest proeft, vind je misschien wel de wijn die niet alleen goed smaakt deze herfst, maar die je ook herinnert aan de speciale oogsttijd later.<\/p>\t\t\t\t\t\t\t\t<\/div>\n\t\t\t\t<\/div>\n\t\t\t\t<\/div>\n\t\t\t\t\t<\/div>\n\t\t\t\t<\/div>\n\t\t\t\t<\/div>","protected":false},"excerpt":{"rendered":"<p>Sp\u00e4tsommer in der Marina Alta und der Marina Baixa Zwischen Weinberg und Festplatz \u2013 so feiert die Region ihre Lesezeit In Teulada, Benissa, Xal\u00f3 und Parcent f\u00fcllen sich die ersten Erntekisten. Traktoren tuckern Richtung Bodega, Winzer pr\u00fcfen mit routiniertem Blick die Trauben \u2013 die Weinlese ist da. Ende August und im September bestimmt sie den [&hellip;]<\/p>\n","protected":false},"author":4,"featured_media":10400,"comment_status":"closed","ping_status":"closed","sticky":false,"template":"elementor_header_footer","format":"standard","meta":{"footnotes":""},"categories":[23],"tags":[],"class_list":["post-8460","post","type-post","status-publish","format-standard","has-post-thumbnail","hentry","category-veranstaltungen-events"],"aioseo_notices":[],"aioseo_head":"\n\t\t<!-- All in One SEO Pro 5.0.1.1 - aioseo.com -->\n\t<meta name=\"description\" content=\"Zwischen Weinberg und Festplatz \u2013 so feiert die Region ihre Lesezeit - In Teulada, Benissa, Xal\u00f3 und Parcent f\u00fcllen sich die ersten Erntekisten.\" \/>\n\t<meta name=\"robots\" content=\"max-snippet:-1, max-image-preview:large, max-video-preview:-1\" \/>\n\t<meta name=\"author\" content=\"Costablanca Magazin Redaktion\"\/>\n\t<link rel=\"canonical\" href=\"https:\/\/costablanca-magazin.com\/nl\/freizeit\/veranstaltungen-events\/spaetsommer-in-der-marina-alta-und-der-marina-baixa\/\" \/>\n\t<meta name=\"generator\" content=\"All in One SEO Pro (AIOSEO) 5.0.1.1\" \/>\n\t\t<meta property=\"og:locale\" content=\"nl_NL\" \/>\n\t\t<meta property=\"og:site_name\" content=\"Costa Blanca Magazine\" \/>\n\t\t<meta property=\"og:type\" content=\"article\" \/>\n\t\t<meta property=\"og:title\" content=\"Sp\u00e4tsommer in der Marina Alta und der Marina Baixa\" \/>\n\t\t<meta property=\"og:description\" content=\"Zwischen Weinberg und Festplatz \u2013 so feiert die Region ihre Lesezeit - In Teulada, Benissa, Xal\u00f3 und Parcent f\u00fcllen sich die ersten Erntekisten.\" \/>\n\t\t<meta property=\"og:url\" content=\"https:\/\/costablanca-magazin.com\/nl\/freizeit\/veranstaltungen-events\/spaetsommer-in-der-marina-alta-und-der-marina-baixa\/\" \/>\n\t\t<meta property=\"og:image\" content=\"https:\/\/costablanca-magazin.com\/wp-content\/uploads\/2025\/08\/weinabau01.jpg\" \/>\n\t\t<meta property=\"og:image:secure_url\" content=\"https:\/\/costablanca-magazin.com\/wp-content\/uploads\/2025\/08\/weinabau01.jpg\" \/>\n\t\t<meta property=\"og:image:width\" content=\"1536\" \/>\n\t\t<meta property=\"og:image:height\" content=\"350\" \/>\n\t\t<meta property=\"article:published_time\" content=\"2025-08-20T07:00:00+00:00\" \/>\n\t\t<meta property=\"article:modified_time\" content=\"2026-01-26T12:33:40+00:00\" \/>\n\t\t<meta property=\"article:publisher\" content=\"https:\/\/www.facebook.com\/costablancalifestyle\/\" \/>\n\t\t<meta name=\"twitter:card\" content=\"summary_large_image\" \/>\n\t\t<meta name=\"twitter:title\" content=\"Sp\u00e4tsommer in der Marina Alta und der Marina Baixa\" \/>\n\t\t<meta name=\"twitter:description\" content=\"Zwischen Weinberg und Festplatz \u2013 so feiert die Region ihre Lesezeit - In Teulada, Benissa, Xal\u00f3 und Parcent f\u00fcllen sich die ersten Erntekisten.\" \/>\n\t\t<meta name=\"twitter:image\" content=\"https:\/\/costablanca-magazin.com\/wp-content\/uploads\/2025\/08\/weinabau01.jpg\" \/>\n\t\t<script type=\"application\/ld+json\" class=\"aioseo-schema\">\n\t\t\t{\"@context\":\"https:\\\/\\\/schema.org\",\"@graph\":[{\"@type\":\"BreadcrumbList\",\"@id\":\"https:\\\/\\\/costablanca-magazin.com\\\/nl\\\/freizeit\\\/veranstaltungen-events\\\/spaetsommer-in-der-marina-alta-und-der-marina-baixa\\\/#breadcrumblist\",\"itemListElement\":[{\"@type\":\"ListItem\",\"@id\":\"https:\\\/\\\/costablanca-magazin.com\\\/nl#listItem\",\"position\":1,\"name\":\"Home\",\"item\":\"https:\\\/\\\/costablanca-magazin.com\\\/nl\",\"nextItem\":{\"@type\":\"ListItem\",\"@id\":\"https:\\\/\\\/costablanca-magazin.com\\\/nl\\\/vrije-tijd\\\/#listItem\",\"name\":\"Freizeit\"}},{\"@type\":\"ListItem\",\"@id\":\"https:\\\/\\\/costablanca-magazin.com\\\/nl\\\/vrije-tijd\\\/#listItem\",\"position\":2,\"name\":\"Freizeit\",\"item\":\"https:\\\/\\\/costablanca-magazin.com\\\/nl\\\/vrije-tijd\\\/\",\"nextItem\":{\"@type\":\"ListItem\",\"@id\":\"https:\\\/\\\/costablanca-magazin.com\\\/nl\\\/evenementen-events\\\/#listItem\",\"name\":\"Veranstaltungen &amp; Events\"},\"previousItem\":{\"@type\":\"ListItem\",\"@id\":\"https:\\\/\\\/costablanca-magazin.com\\\/nl#listItem\",\"name\":\"Home\"}},{\"@type\":\"ListItem\",\"@id\":\"https:\\\/\\\/costablanca-magazin.com\\\/nl\\\/evenementen-events\\\/#listItem\",\"position\":3,\"name\":\"Veranstaltungen &amp; Events\",\"item\":\"https:\\\/\\\/costablanca-magazin.com\\\/nl\\\/evenementen-events\\\/\",\"nextItem\":{\"@type\":\"ListItem\",\"@id\":\"https:\\\/\\\/costablanca-magazin.com\\\/nl\\\/freizeit\\\/veranstaltungen-events\\\/spaetsommer-in-der-marina-alta-und-der-marina-baixa\\\/#listItem\",\"name\":\"Sp\\u00e4tsommer in der Marina Alta und der Marina Baixa\"},\"previousItem\":{\"@type\":\"ListItem\",\"@id\":\"https:\\\/\\\/costablanca-magazin.com\\\/nl\\\/vrije-tijd\\\/#listItem\",\"name\":\"Freizeit\"}},{\"@type\":\"ListItem\",\"@id\":\"https:\\\/\\\/costablanca-magazin.com\\\/nl\\\/freizeit\\\/veranstaltungen-events\\\/spaetsommer-in-der-marina-alta-und-der-marina-baixa\\\/#listItem\",\"position\":4,\"name\":\"Sp\\u00e4tsommer in der Marina Alta und der Marina Baixa\",\"previousItem\":{\"@type\":\"ListItem\",\"@id\":\"https:\\\/\\\/costablanca-magazin.com\\\/nl\\\/evenementen-events\\\/#listItem\",\"name\":\"Veranstaltungen &amp; Events\"}}]},{\"@type\":\"NewsArticle\",\"@id\":\"https:\\\/\\\/costablanca-magazin.com\\\/nl\\\/freizeit\\\/veranstaltungen-events\\\/spaetsommer-in-der-marina-alta-und-der-marina-baixa\\\/#article\",\"name\":\"Sp\\u00e4tsommer in der Marina Alta und der Marina Baixa\",\"headline\":\"Sp\\u00e4tsommer in der Marina Alta und der Marina Baixa\",\"author\":{\"@id\":\"https:\\\/\\\/costablanca-magazin.com\\\/nl\\\/author\\\/costablanca-magazin-redaktion\\\/#author\"},\"publisher\":{\"@id\":\"https:\\\/\\\/costablanca-magazin.com\\\/nl\\\/#organization\"},\"image\":{\"@type\":\"ImageObject\",\"url\":\"https:\\\/\\\/costablanca-magazin.com\\\/wp-content\\\/uploads\\\/2025\\\/08\\\/weinabau01.jpg\",\"width\":1536,\"height\":350,\"caption\":\"Sp\\u00e4tsommer in der Marina Alta und der Marina Baixa\"},\"datePublished\":\"2025-08-20T09:00:00+02:00\",\"dateModified\":\"2026-01-26T13:33:40+01:00\",\"inLanguage\":\"nl-NL\",\"mainEntityOfPage\":{\"@id\":\"https:\\\/\\\/costablanca-magazin.com\\\/nl\\\/freizeit\\\/veranstaltungen-events\\\/spaetsommer-in-der-marina-alta-und-der-marina-baixa\\\/#webpage\"},\"isPartOf\":{\"@id\":\"https:\\\/\\\/costablanca-magazin.com\\\/nl\\\/freizeit\\\/veranstaltungen-events\\\/spaetsommer-in-der-marina-alta-und-der-marina-baixa\\\/#webpage\"},\"articleSection\":\"Veranstaltungen &amp; Events\"},{\"@type\":\"Person\",\"@id\":\"https:\\\/\\\/costablanca-magazin.com\\\/nl\\\/author\\\/costablanca-magazin-redaktion\\\/#author\",\"url\":\"https:\\\/\\\/costablanca-magazin.com\\\/nl\\\/author\\\/costablanca-magazin-redaktion\\\/\",\"name\":\"Costablanca Magazin Redaktion\"},{\"@type\":\"WebPage\",\"@id\":\"https:\\\/\\\/costablanca-magazin.com\\\/nl\\\/freizeit\\\/veranstaltungen-events\\\/spaetsommer-in-der-marina-alta-und-der-marina-baixa\\\/#webpage\",\"url\":\"https:\\\/\\\/costablanca-magazin.com\\\/nl\\\/freizeit\\\/veranstaltungen-events\\\/spaetsommer-in-der-marina-alta-und-der-marina-baixa\\\/\",\"name\":\"Sp\\u00e4tsommer in der Marina Alta und der Marina Baixa\",\"description\":\"Zwischen Weinberg und Festplatz \\u2013 so feiert die Region ihre Lesezeit - In Teulada, Benissa, Xal\\u00f3 und Parcent f\\u00fcllen sich die ersten Erntekisten.\",\"inLanguage\":\"nl-NL\",\"isPartOf\":{\"@id\":\"https:\\\/\\\/costablanca-magazin.com\\\/nl\\\/#website\"},\"breadcrumb\":{\"@id\":\"https:\\\/\\\/costablanca-magazin.com\\\/nl\\\/freizeit\\\/veranstaltungen-events\\\/spaetsommer-in-der-marina-alta-und-der-marina-baixa\\\/#breadcrumblist\"},\"author\":{\"@id\":\"https:\\\/\\\/costablanca-magazin.com\\\/nl\\\/author\\\/costablanca-magazin-redaktion\\\/#author\"},\"creator\":{\"@id\":\"https:\\\/\\\/costablanca-magazin.com\\\/nl\\\/author\\\/costablanca-magazin-redaktion\\\/#author\"},\"image\":{\"@type\":\"ImageObject\",\"url\":\"https:\\\/\\\/costablanca-magazin.com\\\/wp-content\\\/uploads\\\/2025\\\/08\\\/weinabau01.jpg\",\"@id\":\"https:\\\/\\\/costablanca-magazin.com\\\/nl\\\/freizeit\\\/veranstaltungen-events\\\/spaetsommer-in-der-marina-alta-und-der-marina-baixa\\\/#mainImage\",\"width\":1536,\"height\":350,\"caption\":\"Sp\\u00e4tsommer in der Marina Alta und der Marina Baixa\"},\"primaryImageOfPage\":{\"@id\":\"https:\\\/\\\/costablanca-magazin.com\\\/nl\\\/freizeit\\\/veranstaltungen-events\\\/spaetsommer-in-der-marina-alta-und-der-marina-baixa\\\/#mainImage\"},\"datePublished\":\"2025-08-20T09:00:00+02:00\",\"dateModified\":\"2026-01-26T13:33:40+01:00\",\"mainEntity\":{\"@id\":\"https:\\\/\\\/costablanca-magazin.com\\\/nl\\\/freizeit\\\/veranstaltungen-events\\\/spaetsommer-in-der-marina-alta-und-der-marina-baixa\\\/#article\"}},{\"@type\":\"WebSite\",\"@id\":\"https:\\\/\\\/costablanca-magazin.com\\\/nl\\\/#website\",\"url\":\"https:\\\/\\\/costablanca-magazin.com\\\/nl\\\/\",\"name\":\"Costa Blanca Magazin\",\"description\":\"Costa Blanca - alles um das Leben und die Freizeit an der K\\u00fcste\",\"inLanguage\":\"nl-NL\",\"publisher\":{\"@id\":\"https:\\\/\\\/costablanca-magazin.com\\\/nl\\\/#organization\"},\"potentialAction\":{\"@type\":\"SearchAction\",\"target\":\"https:\\\/\\\/costablanca-magazin.com\\\/nl\\\/?s={search_term_string}\",\"query-input\":\"required name=search_term_string\"}},{\"@type\":[\"Organization\",\"NewsMediaOrganization\"],\"@id\":\"https:\\\/\\\/costablanca-magazin.com\\\/nl\\\/#organization\",\"name\":\"Costa Blanca Magazin\",\"description\":\"Costa Blanca Magazin\",\"url\":\"https:\\\/\\\/costablanca-magazin.com\\\/nl\\\/\",\"email\":\"info@costablanca-magazin.com\",\"telephone\":\"+34 663 946 871\",\"logo\":{\"@type\":\"ImageObject\",\"url\":\"https:\\\/\\\/costablanca-magazin.com\\\/wp-content\\\/uploads\\\/2024\\\/05\\\/logo.jpg\",\"@id\":\"https:\\\/\\\/costablanca-magazin.com\\\/nl\\\/freizeit\\\/veranstaltungen-events\\\/spaetsommer-in-der-marina-alta-und-der-marina-baixa\\\/#organizationLogo\",\"width\":1605,\"height\":236,\"caption\":\"Costa Blanca Magazine\"},\"image\":{\"@id\":\"https:\\\/\\\/costablanca-magazin.com\\\/nl\\\/freizeit\\\/veranstaltungen-events\\\/spaetsommer-in-der-marina-alta-und-der-marina-baixa\\\/#organizationLogo\"},\"sameAs\":[\"https:\\\/\\\/www.facebook.com\\\/costablancalifestyle\\\/\",\"https:\\\/\\\/www.instagram.com\\\/costablancamagazin\\\/\"]}]}\n\t\t<\/script>\n\t\t<!-- All in One SEO Pro -->\r\n\t\t<title>Sp\u00e4tsommer in der Marina Alta und der Marina Baixa<\/title>\n\n","aioseo_head_json":{"title":"Nazomer in de Marina Alta en de Marina Baixa","description":"Tussen wijngaard en feestterrein \u2013 zo viert de regio haar oogsttijd - In Teulada, Benissa, Xal\u00f3 en Parcent worden de eerste oogstkisten gevuld.","canonical_url":"https:\/\/costablanca-magazin.com\/nl\/freizeit\/veranstaltungen-events\/spaetsommer-in-der-marina-alta-und-der-marina-baixa\/","robots":"max-snippet:-1, max-image-preview:large, max-video-preview:-1","keywords":"","webmasterTools":{"miscellaneous":""},"schema":{"@context":"https:\/\/schema.org","@graph":[{"@type":"BreadcrumbList","@id":"https:\/\/costablanca-magazin.com\/nl\/freizeit\/veranstaltungen-events\/spaetsommer-in-der-marina-alta-und-der-marina-baixa\/#breadcrumblist","itemListElement":[{"@type":"ListItem","@id":"https:\/\/costablanca-magazin.com\/nl#listItem","position":1,"name":"Home","item":"https:\/\/costablanca-magazin.com\/nl","nextItem":{"@type":"ListItem","@id":"https:\/\/costablanca-magazin.com\/nl\/vrije-tijd\/#listItem","name":"Freizeit"}},{"@type":"ListItem","@id":"https:\/\/costablanca-magazin.com\/nl\/vrije-tijd\/#listItem","position":2,"name":"Freizeit","item":"https:\/\/costablanca-magazin.com\/nl\/vrije-tijd\/","nextItem":{"@type":"ListItem","@id":"https:\/\/costablanca-magazin.com\/nl\/evenementen-events\/#listItem","name":"Veranstaltungen &amp; Events"},"previousItem":{"@type":"ListItem","@id":"https:\/\/costablanca-magazin.com\/nl#listItem","name":"Home"}},{"@type":"ListItem","@id":"https:\/\/costablanca-magazin.com\/nl\/evenementen-events\/#listItem","position":3,"name":"Veranstaltungen &amp; Events","item":"https:\/\/costablanca-magazin.com\/nl\/evenementen-events\/","nextItem":{"@type":"ListItem","@id":"https:\/\/costablanca-magazin.com\/nl\/freizeit\/veranstaltungen-events\/spaetsommer-in-der-marina-alta-und-der-marina-baixa\/#listItem","name":"Sp\u00e4tsommer in der Marina Alta und der Marina Baixa"},"previousItem":{"@type":"ListItem","@id":"https:\/\/costablanca-magazin.com\/nl\/vrije-tijd\/#listItem","name":"Freizeit"}},{"@type":"ListItem","@id":"https:\/\/costablanca-magazin.com\/nl\/freizeit\/veranstaltungen-events\/spaetsommer-in-der-marina-alta-und-der-marina-baixa\/#listItem","position":4,"name":"Sp\u00e4tsommer in der Marina Alta und der Marina Baixa","previousItem":{"@type":"ListItem","@id":"https:\/\/costablanca-magazin.com\/nl\/evenementen-events\/#listItem","name":"Veranstaltungen &amp; Events"}}]},{"@type":"NewsArticle","@id":"https:\/\/costablanca-magazin.com\/nl\/freizeit\/veranstaltungen-events\/spaetsommer-in-der-marina-alta-und-der-marina-baixa\/#article","name":"Sp\u00e4tsommer in der Marina Alta und der Marina Baixa","headline":"Sp\u00e4tsommer in der Marina Alta und der Marina Baixa","author":{"@id":"https:\/\/costablanca-magazin.com\/nl\/author\/costablanca-magazin-redaktion\/#author"},"publisher":{"@id":"https:\/\/costablanca-magazin.com\/nl\/#organization"},"image":{"@type":"ImageObject","url":"https:\/\/costablanca-magazin.com\/wp-content\/uploads\/2025\/08\/weinabau01.jpg","width":1536,"height":350,"caption":"Sp\u00e4tsommer in der Marina Alta und der Marina Baixa"},"datePublished":"2025-08-20T09:00:00+02:00","dateModified":"2026-01-26T13:33:40+01:00","inLanguage":"nl-NL","mainEntityOfPage":{"@id":"https:\/\/costablanca-magazin.com\/nl\/freizeit\/veranstaltungen-events\/spaetsommer-in-der-marina-alta-und-der-marina-baixa\/#webpage"},"isPartOf":{"@id":"https:\/\/costablanca-magazin.com\/nl\/freizeit\/veranstaltungen-events\/spaetsommer-in-der-marina-alta-und-der-marina-baixa\/#webpage"},"articleSection":"Veranstaltungen &amp; Events"},{"@type":"Person","@id":"https:\/\/costablanca-magazin.com\/nl\/author\/costablanca-magazin-redaktion\/#author","url":"https:\/\/costablanca-magazin.com\/nl\/author\/costablanca-magazin-redaktion\/","name":"Costablanca Magazin Redaktion"},{"@type":"WebPage","@id":"https:\/\/costablanca-magazin.com\/nl\/freizeit\/veranstaltungen-events\/spaetsommer-in-der-marina-alta-und-der-marina-baixa\/#webpage","url":"https:\/\/costablanca-magazin.com\/nl\/freizeit\/veranstaltungen-events\/spaetsommer-in-der-marina-alta-und-der-marina-baixa\/","name":"Sp\u00e4tsommer in der Marina Alta und der Marina Baixa","description":"Zwischen Weinberg und Festplatz \u2013 so feiert die Region ihre Lesezeit - In Teulada, Benissa, Xal\u00f3 und Parcent f\u00fcllen sich die ersten Erntekisten.","inLanguage":"nl-NL","isPartOf":{"@id":"https:\/\/costablanca-magazin.com\/nl\/#website"},"breadcrumb":{"@id":"https:\/\/costablanca-magazin.com\/nl\/freizeit\/veranstaltungen-events\/spaetsommer-in-der-marina-alta-und-der-marina-baixa\/#breadcrumblist"},"author":{"@id":"https:\/\/costablanca-magazin.com\/nl\/author\/costablanca-magazin-redaktion\/#author"},"creator":{"@id":"https:\/\/costablanca-magazin.com\/nl\/author\/costablanca-magazin-redaktion\/#author"},"image":{"@type":"ImageObject","url":"https:\/\/costablanca-magazin.com\/wp-content\/uploads\/2025\/08\/weinabau01.jpg","@id":"https:\/\/costablanca-magazin.com\/nl\/freizeit\/veranstaltungen-events\/spaetsommer-in-der-marina-alta-und-der-marina-baixa\/#mainImage","width":1536,"height":350,"caption":"Sp\u00e4tsommer in der Marina Alta und der Marina Baixa"},"primaryImageOfPage":{"@id":"https:\/\/costablanca-magazin.com\/nl\/freizeit\/veranstaltungen-events\/spaetsommer-in-der-marina-alta-und-der-marina-baixa\/#mainImage"},"datePublished":"2025-08-20T09:00:00+02:00","dateModified":"2026-01-26T13:33:40+01:00","mainEntity":{"@id":"https:\/\/costablanca-magazin.com\/nl\/freizeit\/veranstaltungen-events\/spaetsommer-in-der-marina-alta-und-der-marina-baixa\/#article"}},{"@type":"WebSite","@id":"https:\/\/costablanca-magazin.com\/nl\/#website","url":"https:\/\/costablanca-magazin.com\/nl\/","name":"Costa Blanca Magazin","description":"Costa Blanca - alles um das Leben und die Freizeit an der K\u00fcste","inLanguage":"nl-NL","publisher":{"@id":"https:\/\/costablanca-magazin.com\/nl\/#organization"},"potentialAction":{"@type":"SearchAction","target":"https:\/\/costablanca-magazin.com\/nl\/?s={search_term_string}","query-input":"required name=search_term_string"}},{"@type":["Organization","NewsMediaOrganization"],"@id":"https:\/\/costablanca-magazin.com\/nl\/#organization","name":"Costa Blanca Magazin","description":"Costa Blanca Magazin","url":"https:\/\/costablanca-magazin.com\/nl\/","email":"info@costablanca-magazin.com","telephone":"+34 663 946 871","logo":{"@type":"ImageObject","url":"https:\/\/costablanca-magazin.com\/wp-content\/uploads\/2024\/05\/logo.jpg","@id":"https:\/\/costablanca-magazin.com\/nl\/freizeit\/veranstaltungen-events\/spaetsommer-in-der-marina-alta-und-der-marina-baixa\/#organizationLogo","width":1605,"height":236,"caption":"Costa Blanca Magazine"},"image":{"@id":"https:\/\/costablanca-magazin.com\/nl\/freizeit\/veranstaltungen-events\/spaetsommer-in-der-marina-alta-und-der-marina-baixa\/#organizationLogo"},"sameAs":["https:\/\/www.facebook.com\/costablancalifestyle\/","https:\/\/www.instagram.com\/costablancamagazin\/"]}]},"og:locale":"nl_NL","og:site_name":"Costa Blanca Magazine","og:type":"article","og:title":"Sp\u00e4tsommer in der Marina Alta und der Marina Baixa","og:description":"Zwischen Weinberg und Festplatz \u2013 so feiert die Region ihre Lesezeit - In Teulada, Benissa, Xal\u00f3 und Parcent f\u00fcllen sich die ersten Erntekisten.","og:url":"https:\/\/costablanca-magazin.com\/nl\/freizeit\/veranstaltungen-events\/spaetsommer-in-der-marina-alta-und-der-marina-baixa\/","og:image":"https:\/\/costablanca-magazin.com\/wp-content\/uploads\/2025\/08\/weinabau01.jpg","og:image:secure_url":"https:\/\/costablanca-magazin.com\/wp-content\/uploads\/2025\/08\/weinabau01.jpg","og:image:width":1536,"og:image:height":350,"article:published_time":"2025-08-20T07:00:00+00:00","article:modified_time":"2026-01-26T12:33:40+00:00","article:publisher":"https:\/\/www.facebook.com\/costablancalifestyle\/","twitter:card":"summary_large_image","twitter:title":"Sp\u00e4tsommer in der Marina Alta und der Marina Baixa","twitter:description":"Zwischen Weinberg und Festplatz \u2013 so feiert die Region ihre Lesezeit - In Teulada, Benissa, Xal\u00f3 und Parcent f\u00fcllen sich die ersten Erntekisten.","twitter:image":"https:\/\/costablanca-magazin.com\/wp-content\/uploads\/2025\/08\/weinabau01.jpg"},"aioseo_meta_data":{"post_id":"8460","title":"Nazomer in de Marina Alta en de Marina Baixa","description":"Tussen wijngaard en feestterrein \u2013 zo viert de regio haar oogsttijd - In Teulada, Benissa, Xal\u00f3 en Parcent worden de eerste oogstkisten gevuld.","keywords":null,"keyphrases":{"focus":[],"additional":[]},"primary_term":null,"canonical_url":null,"og_title":null,"og_description":null,"og_object_type":"default","og_image_type":"default","og_image_url":null,"og_image_width":null,"og_image_height":null,"og_image_custom_url":null,"og_image_custom_fields":null,"og_video":"","og_custom_url":null,"og_article_section":null,"og_article_tags":null,"twitter_use_og":false,"twitter_card":"default","twitter_image_type":"default","twitter_image_url":null,"twitter_image_custom_url":null,"twitter_image_custom_fields":null,"twitter_title":null,"twitter_description":null,"schema":{"blockGraphs":[],"customGraphs":[],"default":{"data":{"Article":[],"Course":[],"Dataset":[],"FAQPage":[],"Movie":[],"Person":[],"Product":[],"ProductReview":[],"Car":[],"Recipe":[],"Service":[],"SoftwareApplication":[],"WebPage":[]},"graphName":"BlogPosting","isEnabled":true},"graphs":[]},"schema_type":"default","schema_type_options":null,"pillar_content":false,"robots_default":true,"robots_noindex":false,"robots_noarchive":false,"robots_nosnippet":false,"robots_nofollow":false,"robots_noimageindex":false,"robots_noodp":false,"robots_notranslate":false,"robots_max_snippet":"-1","robots_max_videopreview":"-1","robots_max_imagepreview":"large","priority":null,"frequency":"default","local_seo":null,"seo_analyzer_scan_date":"2026-07-25 13:55:05","breadcrumb_settings":null,"limit_modified_date":false,"reviewed_by":null,"open_ai":null,"ai":{"faqs":[],"keyPoints":[],"titles":[],"descriptions":[],"socialPosts":{"email":[],"linkedin":[],"twitter":[],"facebook":[],"instagram":[]}},"created":"2025-08-18 11:11:50","updated":"2026-08-10 07:29:47","focus_keyword":null,"additional_keywords":null,"truseo_locale":null},"aioseo_breadcrumb":"<div class=\"aioseo-breadcrumbs\"><span class=\"aioseo-breadcrumb\">\n\t<a href=\"https:\/\/costablanca-magazin.com\/nl\" title=\"Home\">Home<\/a>\n<\/span><span class=\"aioseo-breadcrumb-separator\">&raquo;<\/span><span class=\"aioseo-breadcrumb\">\n\t<a href=\"https:\/\/costablanca-magazin.com\/nl\/vrije-tijd\/\" title=\"Freizeit\">Freizeit<\/a>\n<\/span><span class=\"aioseo-breadcrumb-separator\">&raquo;<\/span><span class=\"aioseo-breadcrumb\">\n\t<a href=\"https:\/\/costablanca-magazin.com\/nl\/evenementen-events\/\" title=\"Veranstaltungen &amp; Events\">Veranstaltungen &amp; Events<\/a>\n<\/span><span class=\"aioseo-breadcrumb-separator\">&raquo;<\/span><span class=\"aioseo-breadcrumb\">\n\tSp\u00e4tsommer in der Marina Alta und der Marina Baixa\n<\/span><\/div>","aioseo_breadcrumb_json":[{"label":"Home","link":"https:\/\/costablanca-magazin.com\/nl"},{"label":"Freizeit","link":"https:\/\/costablanca-magazin.com\/nl\/vrije-tijd\/"},{"label":"Veranstaltungen &amp; Events","link":"https:\/\/costablanca-magazin.com\/nl\/evenementen-events\/"},{"label":"Sp\u00e4tsommer in der Marina Alta und der Marina Baixa","link":"https:\/\/costablanca-magazin.com\/nl\/freizeit\/veranstaltungen-events\/spaetsommer-in-der-marina-alta-und-der-marina-baixa\/"}],"_links":{"self":[{"href":"https:\/\/costablanca-magazin.com\/nl\/wp-json\/wp\/v2\/posts\/8460","targetHints":{"allow":["GET"]}}],"collection":[{"href":"https:\/\/costablanca-magazin.com\/nl\/wp-json\/wp\/v2\/posts"}],"about":[{"href":"https:\/\/costablanca-magazin.com\/nl\/wp-json\/wp\/v2\/types\/post"}],"author":[{"embeddable":true,"href":"https:\/\/costablanca-magazin.com\/nl\/wp-json\/wp\/v2\/users\/4"}],"replies":[{"embeddable":true,"href":"https:\/\/costablanca-magazin.com\/nl\/wp-json\/wp\/v2\/comments?post=8460"}],"version-history":[{"count":16,"href":"https:\/\/costablanca-magazin.com\/nl\/wp-json\/wp\/v2\/posts\/8460\/revisions"}],"predecessor-version":[{"id":10182,"href":"https:\/\/costablanca-magazin.com\/nl\/wp-json\/wp\/v2\/posts\/8460\/revisions\/10182"}],"wp:featuredmedia":[{"embeddable":true,"href":"https:\/\/costablanca-magazin.com\/nl\/wp-json\/wp\/v2\/media\/10400"}],"wp:attachment":[{"href":"https:\/\/costablanca-magazin.com\/nl\/wp-json\/wp\/v2\/media?parent=8460"}],"wp:term":[{"taxonomy":"category","embeddable":true,"href":"https:\/\/costablanca-magazin.com\/nl\/wp-json\/wp\/v2\/categories?post=8460"},{"taxonomy":"post_tag","embeddable":true,"href":"https:\/\/costablanca-magazin.com\/nl\/wp-json\/wp\/v2\/tags?post=8460"}],"curies":[{"name":"wp","href":"https:\/\/api.w.org\/{rel}","templated":true}]}}