{"id":7651,"date":"2025-06-17T09:00:00","date_gmt":"2025-06-17T07:00:00","guid":{"rendered":"https:\/\/costablanca-magazin.com\/?p=7651"},"modified":"2026-03-09T10:03:17","modified_gmt":"2026-03-09T09:03:17","slug":"de-juiste-zonbescherming-om-zorgeloos-van-de-kust-te-genieten","status":"publish","type":"post","link":"https:\/\/costablanca-magazin.com\/nl\/residenten\/gesundheit-lifestyle\/richtiger-sonnenschutz-unbesorgt-die-costa-geniessen\/","title":{"rendered":"Goede bescherming tegen de zon Zonder zorgen genieten aan de Costa Blanca"},"content":{"rendered":"<div data-elementor-type=\"wp-post\" data-elementor-id=\"7651\" class=\"elementor elementor-7651\" data-elementor-post-type=\"post\">\n\t\t\t\t<div class=\"elementor-element elementor-element-50ea871 e-flex e-con-boxed e-con e-parent\" data-id=\"50ea871\" data-element_type=\"container\" data-e-type=\"container\">\n\t\t\t\t\t<div class=\"e-con-inner\">\n\t\t\t\t<div class=\"elementor-element elementor-element-04c6a8b elementor-widget elementor-widget-heading\" data-id=\"04c6a8b\" data-element_type=\"widget\" data-e-type=\"widget\" data-widget_type=\"heading.default\">\n\t\t\t\t<div class=\"elementor-widget-container\">\n\t\t\t\t\t<h1 class=\"elementor-heading-title elementor-size-default\">De juiste zonbescherming aan de Costa Blanca <\/h1>\t\t\t\t<\/div>\n\t\t\t\t<\/div>\n\t\t\t\t<div class=\"elementor-element elementor-element-86423a6 elementor-widget elementor-widget-image\" data-id=\"86423a6\" data-element_type=\"widget\" data-e-type=\"widget\" data-widget_type=\"image.default\">\n\t\t\t\t<div class=\"elementor-widget-container\">\n\t\t\t\t\t\t\t\t\t\t\t\t\t\t\t<img decoding=\"async\" src=\"https:\/\/costablanca-magazin.com\/wp-content\/uploads\/elementor\/thumbs\/woman-with-sun-shaped-sunscreen-on-shoulder-2025-01-09-18-07-31-utc-rjc5iyx6h1p99u9x8nedginjqwah4uh6swmzzozlws.jpg\" title=\"Bescherming tegen de zon aan de Costa Blanca: licht, leven - en verantwoordelijkheid\" alt=\"Zonwering aan de Costa Blanca: licht, leven \u2013 en verantwoordelijkheid 1\" loading=\"lazy\" \/>\t\t\t\t\t\t\t\t\t\t\t\t\t\t\t<\/div>\n\t\t\t\t<\/div>\n\t\t\t\t\t<\/div>\n\t\t\t\t<\/div>\n\t\t<div class=\"elementor-element elementor-element-c758cd7 e-flex e-con-boxed e-con e-parent\" data-id=\"c758cd7\" data-element_type=\"container\" data-e-type=\"container\">\n\t\t\t\t\t<div class=\"e-con-inner\">\n\t\t\t\t<div class=\"elementor-element elementor-element-5b48c8a elementor-widget elementor-widget-heading\" data-id=\"5b48c8a\" data-element_type=\"widget\" data-e-type=\"widget\" data-widget_type=\"heading.default\">\n\t\t\t\t<div class=\"elementor-widget-container\">\n\t\t\t\t\t<h2 class=\"elementor-heading-title elementor-size-default\">Wie permanent aan de Middellandse Zeekust woont\nmoet niet alleen van de zon genieten,\nmaar ook begrijpen.\nWaarom bescherming meer is dan een tube cr\u00e8me<\/h2>\t\t\t\t<\/div>\n\t\t\t\t<\/div>\n\t\t\t\t\t<\/div>\n\t\t\t\t<\/div>\n\t\t<div class=\"elementor-element elementor-element-248a1bb e-flex e-con-boxed e-con e-parent\" data-id=\"248a1bb\" data-element_type=\"container\" data-e-type=\"container\">\n\t\t\t\t\t<div class=\"e-con-inner\">\n\t\t<div class=\"elementor-element elementor-element-fd4e0a2 e-con-full e-flex e-con e-child\" data-id=\"fd4e0a2\" data-element_type=\"container\" data-e-type=\"container\">\n\t\t\t\t<div class=\"elementor-element elementor-element-5f55a47 elementor-widget elementor-widget-text-editor\" data-id=\"5f55a47\" data-element_type=\"widget\" data-e-type=\"widget\" data-widget_type=\"text-editor.default\">\n\t\t\t\t<div class=\"elementor-widget-container\">\n\t\t\t\t\t\t\t\t\t<p>Aan de Costa Blanca bepaalt de zon het ritme van de dag - ze verwarmt je, maakt je wakker en geeft het leven buiten zijn natuurlijkheid. Maar waar de zon elke dag schijnt, is de juiste aanpak van UV-straling cruciaal. Niet alleen in de zomer en niet alleen op het strand.<\/p><p><strong>365 dagen UV-risico<\/strong><br \/>Veel mensen onderschatten de intensiteit van de zon het hele jaar door in gebieden zoals de Marina Alta of Marina Baixa. UV-stralen dringen zelfs door als het bewolkt en winderig is - en de effecten stapelen zich op in de loop der jaren. Vooral mensen die risico lopen: Mensen met een lichte huid, kinderen en iedereen die veel tijd buiten doorbrengt voor werk of vrije tijd.<\/p><p><strong>Mythes dat je jezelf kunt redden<\/strong><br \/>\u201eIk ben al gebruind, ik heb geen bescherming meer nodig\u201c - een wijdverbreide misvatting. Zelfs een gebruinde huid kan beschadigd raken door UV-stralen. De natuurlijke beschermende functie is beperkt. Als je permanent bruin blijft, riskeer je niet alleen rimpels, maar ook ernstige gevolgen voor je gezondheid, zoals huidkanker.<br \/>Het geloof dat zonbescherming de aanmaak van vitamine D blokkeert, blijft ook bestaan. Feit is dat slechts een paar minuten zonlicht per dag in Zuid-Europa al voldoende is om aan de behoefte te voldoen. De bescherming is dus niet \u201ete veel\u201c, maar komt precies op het juiste moment.<\/p><p><strong>De juiste bescherming - in het dagelijks leven<\/strong><br \/>De beste bescherming begint voordat je gaat zonnebaden - en niet alleen op het strand. Dermatologen raden aan:<\/p>\t\t\t\t\t\t\t\t<\/div>\n\t\t\t\t<\/div>\n\t\t\t\t<\/div>\n\t\t<div class=\"elementor-element elementor-element-fc36849 e-con-full e-flex e-con e-child\" data-id=\"fc36849\" data-element_type=\"container\" data-e-type=\"container\">\n\t\t\t\t<div class=\"elementor-element elementor-element-8510101 elementor-widget elementor-widget-text-editor\" data-id=\"8510101\" data-element_type=\"widget\" data-e-type=\"widget\" data-widget_type=\"text-editor.default\">\n\t\t\t\t<div class=\"elementor-widget-container\">\n\t\t\t\t\t\t\t\t\t<ul><li>Hoge beschermingsfactor: SPF 30 of 50, zelfs op bewolkte dagen.<\/li><li>Bescherming van textiel: kleding met UV-bescherming, hoeden, zonnebrillen.<\/li><li>Zoek de schaduw op: Tussen 11.00 en 16.00 uur, vooral voor kinderen.<\/li><li>Vergeet niet om opnieuw cr\u00e8me aan te brengen: Vooral na het zwemmen of zweten.<\/li><li>Verzorging na de zon: Ondersteunt de regeneratie van de huid.<\/li><\/ul><p>\u00a0<\/p><p><strong>Bijzonder risicovol: de huid van kinderen<\/strong><br \/>De huid van kinderen is dunner en gevoeliger - en loopt een leven lang schade op. Ouders die aandacht besteden aan schaduw, kleding en zonnebrandcr\u00e8me beschermen hun kinderen voor meer dan slechts \u00e9\u00e9n zomerdag.<\/p><p><strong>Zon heeft gevoel voor verhoudingen nodig<\/strong><br \/>Bescherming tegen de zon is geen luxe, maar een dagelijkse verzorging. Vooral aan de Costa Blanca, waar UV-straling deel uitmaakt van het klimaat. Als je goed ge\u00efnformeerd bent, kun je jezelf beter beschermen - zonder dat je het leven buiten hoeft op te geven. Het gaat er niet om zonder te doen, maar om verstandig te zijn. Want de zon blijft - de enige vraag is: hoe gaan we ermee om?<\/p>\t\t\t\t\t\t\t\t<\/div>\n\t\t\t\t<\/div>\n\t\t\t\t<div class=\"elementor-element elementor-element-a4073da elementor-widget elementor-widget-text-editor\" data-id=\"a4073da\" data-element_type=\"widget\" data-e-type=\"widget\" data-widget_type=\"text-editor.default\">\n\t\t\t\t<div class=\"elementor-widget-container\">\n\t\t\t\t\t\t\t\t\t<p><strong>Opmerking: <\/strong><br \/><strong>Informatie gebaseerd op <\/strong><strong>over de huidige aanbevelingen <\/strong><br \/><strong>Europese dermatologische verenigingen.<\/strong><\/p>\t\t\t\t\t\t\t\t<\/div>\n\t\t\t\t<\/div>\n\t\t\t\t<\/div>\n\t\t\t\t\t<\/div>\n\t\t\t\t<\/div>\n\t\t<div class=\"elementor-element elementor-element-7904681 e-flex e-con-boxed e-con e-parent\" data-id=\"7904681\" data-element_type=\"container\" data-e-type=\"container\">\n\t\t\t\t\t<div class=\"e-con-inner\">\n\t\t\t\t<div class=\"elementor-element elementor-element-af840ce elementor-widget-divider--separator-type-pattern elementor-widget-divider--view-line elementor-widget elementor-widget-divider\" data-id=\"af840ce\" data-element_type=\"widget\" data-e-type=\"widget\" data-widget_type=\"divider.default\">\n\t\t\t\t<div class=\"elementor-widget-container\">\n\t\t\t\t\t\t\t<div class=\"elementor-divider\" style=\"--divider-pattern-url: url(&quot;data:image\/svg+xml,%3Csvg xmlns=&#039;http:\/\/www.w3.org\/2000\/svg&#039; preserveAspectRatio=&#039;none&#039; overflow=&#039;visible&#039; height=&#039;100%&#039; viewBox=&#039;0 0 24 24&#039; fill=&#039;none&#039; stroke=&#039;black&#039; stroke-width=&#039;1&#039; stroke-linecap=&#039;square&#039; stroke-miterlimit=&#039;10&#039;%3E%3Cpath d=&#039;M0,6c6,0,0.9,11.1,6.9,11.1S18,6,24,6&#039;\/%3E%3C\/svg%3E&quot;);\">\n\t\t\t<span class=\"elementor-divider-separator\">\n\t\t\t\t\t\t<\/span>\n\t\t<\/div>\n\t\t\t\t\t\t<\/div>\n\t\t\t\t<\/div>\n\t\t\t\t\t<\/div>\n\t\t\t\t<\/div>\n\t\t<div class=\"elementor-element elementor-element-106e2d1 e-flex e-con-boxed e-con e-parent\" data-id=\"106e2d1\" data-element_type=\"container\" data-e-type=\"container\">\n\t\t\t\t\t<div class=\"e-con-inner\">\n\t\t\t\t<div class=\"elementor-element elementor-element-a4e64fb elementor-grid-3 elementor-grid-tablet-2 elementor-grid-mobile-1 elementor-posts--thumbnail-top elementor-posts--show-avatar elementor-card-shadow-yes elementor-posts__hover-gradient elementor-widget elementor-widget-posts\" data-id=\"a4e64fb\" data-element_type=\"widget\" data-e-type=\"widget\" data-settings=\"{&quot;cards_columns&quot;:&quot;3&quot;,&quot;cards_columns_tablet&quot;:&quot;2&quot;,&quot;cards_columns_mobile&quot;:&quot;1&quot;,&quot;cards_row_gap&quot;:{&quot;unit&quot;:&quot;px&quot;,&quot;size&quot;:35,&quot;sizes&quot;:[]},&quot;cards_row_gap_tablet&quot;:{&quot;unit&quot;:&quot;px&quot;,&quot;size&quot;:&quot;&quot;,&quot;sizes&quot;:[]},&quot;cards_row_gap_mobile&quot;:{&quot;unit&quot;:&quot;px&quot;,&quot;size&quot;:&quot;&quot;,&quot;sizes&quot;:[]}}\" data-widget_type=\"posts.cards\">\n\t\t\t\t<div class=\"elementor-widget-container\">\n\t\t\t\t\t\t\t<div class=\"elementor-posts-container elementor-posts elementor-posts--skin-cards elementor-grid\" role=\"list\">\n\t\t\t\t<article class=\"elementor-post elementor-grid-item post-6787 post type-post status-publish format-standard has-post-thumbnail hentry category-leben-in-spanien tag-schule-costa-blanca tag-schulfristen-spanien tag-schulstart-costa-blanca tag-wordschatz-schule\" role=\"listitem\">\n\t\t\t<div class=\"elementor-post__card\">\n\t\t\t\t<a class=\"elementor-post__thumbnail__link\" href=\"https:\/\/costablanca-magazin.com\/nl\/residenten\/leben-in-spanien\/schulstart-an-der-costa-blanca-fristen-fakten-formulare\/\" tabindex=\"-1\" ><div class=\"elementor-post__thumbnail\"><img fetchpriority=\"high\" decoding=\"async\" width=\"1200\" height=\"800\" src=\"https:\/\/costablanca-magazin.com\/wp-content\/uploads\/2025\/05\/group-of-smiling-young-multi-ethnic-school-kids-st-2024-10-19-12-02-45-utc.jpg\" class=\"attachment-1536x1536 size-1536x1536 wp-image-6793\" alt=\"Beginnen met school aan de Costa Blanca: deadlines, feiten, formulieren\" srcset=\"https:\/\/costablanca-magazin.com\/wp-content\/uploads\/2025\/05\/group-of-smiling-young-multi-ethnic-school-kids-st-2024-10-19-12-02-45-utc.jpg 1200w, https:\/\/costablanca-magazin.com\/wp-content\/uploads\/2025\/05\/group-of-smiling-young-multi-ethnic-school-kids-st-2024-10-19-12-02-45-utc-300x200.jpg 300w, https:\/\/costablanca-magazin.com\/wp-content\/uploads\/2025\/05\/group-of-smiling-young-multi-ethnic-school-kids-st-2024-10-19-12-02-45-utc-1024x683.jpg 1024w, https:\/\/costablanca-magazin.com\/wp-content\/uploads\/2025\/05\/group-of-smiling-young-multi-ethnic-school-kids-st-2024-10-19-12-02-45-utc-768x512.jpg 768w\" sizes=\"(max-width: 1200px) 100vw, 1200px\" \/><\/div><\/a>\n\t\t\t\t<div class=\"elementor-post__badge\">Wonen in Spanje<\/div>\n\t\t\t\t<div class=\"elementor-post__avatar\">\n\t\t\t\t\t<\/div>\n\t\t\t\t<div class=\"elementor-post__text\">\n\t\t\t\t<h3 class=\"elementor-post__title\">\n\t\t\t<a href=\"https:\/\/costablanca-magazin.com\/nl\/residenten\/leben-in-spanien\/schulstart-an-der-costa-blanca-fristen-fakten-formulare\/\" >\n\t\t\t\tBeginnen met school aan de Costa Blanca - deadlines, feiten &amp; formulieren\t\t\t<\/a>\n\t\t<\/h3>\n\t\t\t\t<\/div>\n\t\t\t\t\t<\/div>\n\t\t<\/article>\n\t\t\t\t<article class=\"elementor-post elementor-grid-item post-6564 post type-post status-publish format-standard has-post-thumbnail hentry category-leben-in-spanien tag-anmeldung tag-auswandern-an-die-costa-blanca tag-auswandern-nach-spanien tag-autonomo-spanien tag-nie-nummer tag-selbststaendigkeit-spanien tag-steuer-nummer\" role=\"listitem\">\n\t\t\t<div class=\"elementor-post__card\">\n\t\t\t\t<a class=\"elementor-post__thumbnail__link\" href=\"https:\/\/costablanca-magazin.com\/nl\/residenten\/leben-in-spanien\/so-gelingtder-neustart-an-der-costa-blanca\/\" tabindex=\"-1\" ><div class=\"elementor-post__thumbnail\"><img decoding=\"async\" width=\"1536\" height=\"1024\" src=\"https:\/\/costablanca-magazin.com\/wp-content\/uploads\/2025\/04\/Inselzeitung-Mallorca-Focus-girl-with-a-laptop-by-the-sea-remote-work-concept-2021-09-01-19-47-32-utc-1536x1024.jpg\" class=\"attachment-1536x1536 size-1536x1536 wp-image-6566\" alt=\"Een nieuwe start aan de Costa Blanca\" srcset=\"https:\/\/costablanca-magazin.com\/wp-content\/uploads\/2025\/04\/Inselzeitung-Mallorca-Focus-girl-with-a-laptop-by-the-sea-remote-work-concept-2021-09-01-19-47-32-utc-1536x1024.jpg 1536w, https:\/\/costablanca-magazin.com\/wp-content\/uploads\/2025\/04\/Inselzeitung-Mallorca-Focus-girl-with-a-laptop-by-the-sea-remote-work-concept-2021-09-01-19-47-32-utc-300x200.jpg 300w, https:\/\/costablanca-magazin.com\/wp-content\/uploads\/2025\/04\/Inselzeitung-Mallorca-Focus-girl-with-a-laptop-by-the-sea-remote-work-concept-2021-09-01-19-47-32-utc-1024x683.jpg 1024w, https:\/\/costablanca-magazin.com\/wp-content\/uploads\/2025\/04\/Inselzeitung-Mallorca-Focus-girl-with-a-laptop-by-the-sea-remote-work-concept-2021-09-01-19-47-32-utc-768x512.jpg 768w, https:\/\/costablanca-magazin.com\/wp-content\/uploads\/2025\/04\/Inselzeitung-Mallorca-Focus-girl-with-a-laptop-by-the-sea-remote-work-concept-2021-09-01-19-47-32-utc-2048x1365.jpg 2048w\" sizes=\"(max-width: 1536px) 100vw, 1536px\" \/><\/div><\/a>\n\t\t\t\t<div class=\"elementor-post__badge\">Wonen in Spanje<\/div>\n\t\t\t\t<div class=\"elementor-post__avatar\">\n\t\t\t\t\t<\/div>\n\t\t\t\t<div class=\"elementor-post__text\">\n\t\t\t\t<h3 class=\"elementor-post__title\">\n\t\t\t<a href=\"https:\/\/costablanca-magazin.com\/nl\/residenten\/leben-in-spanien\/so-gelingtder-neustart-an-der-costa-blanca\/\" >\n\t\t\t\tEen nieuwe start aan de Costa Blanca\t\t\t<\/a>\n\t\t<\/h3>\n\t\t\t\t<\/div>\n\t\t\t\t\t<\/div>\n\t\t<\/article>\n\t\t\t\t<article class=\"elementor-post elementor-grid-item post-5863 post type-post status-publish format-standard has-post-thumbnail hentry category-leben-in-spanien tag-autonomo tag-costa-blanca tag-empadronamiento-in-costa-blanca tag-gestoria-spanien tag-nie tag-residencia-spanien tag-seguridad-social tag-steuer-spanien\" role=\"listitem\">\n\t\t\t<div class=\"elementor-post__card\">\n\t\t\t\t<a class=\"elementor-post__thumbnail__link\" href=\"https:\/\/costablanca-magazin.com\/nl\/residenten\/leben-in-spanien\/ihr-leitfaden-fuer-leben-und-arbeiten-an-der-costa-blanca\/\" tabindex=\"-1\" ><div class=\"elementor-post__thumbnail\"><img decoding=\"async\" width=\"1536\" height=\"1024\" src=\"https:\/\/costablanca-magazin.com\/wp-content\/uploads\/2025\/04\/Fotolia_101040061_XL-1536x1024.jpg\" class=\"attachment-1536x1536 size-1536x1536 wp-image-5868\" alt=\"Uw gids voor wonen en werken aan de Costa Blanca\" srcset=\"https:\/\/costablanca-magazin.com\/wp-content\/uploads\/2025\/04\/Fotolia_101040061_XL-1536x1024.jpg 1536w, https:\/\/costablanca-magazin.com\/wp-content\/uploads\/2025\/04\/Fotolia_101040061_XL-300x200.jpg 300w, https:\/\/costablanca-magazin.com\/wp-content\/uploads\/2025\/04\/Fotolia_101040061_XL-1024x682.jpg 1024w, https:\/\/costablanca-magazin.com\/wp-content\/uploads\/2025\/04\/Fotolia_101040061_XL-768x512.jpg 768w, https:\/\/costablanca-magazin.com\/wp-content\/uploads\/2025\/04\/Fotolia_101040061_XL-2048x1365.jpg 2048w\" sizes=\"(max-width: 1536px) 100vw, 1536px\" \/><\/div><\/a>\n\t\t\t\t<div class=\"elementor-post__badge\">Wonen in Spanje<\/div>\n\t\t\t\t<div class=\"elementor-post__avatar\">\n\t\t\t\t\t<\/div>\n\t\t\t\t<div class=\"elementor-post__text\">\n\t\t\t\t<h3 class=\"elementor-post__title\">\n\t\t\t<a href=\"https:\/\/costablanca-magazin.com\/nl\/residenten\/leben-in-spanien\/ihr-leitfaden-fuer-leben-und-arbeiten-an-der-costa-blanca\/\" >\n\t\t\t\tUw gids voor wonen en werken aan de Costa Blanca\t\t\t<\/a>\n\t\t<\/h3>\n\t\t\t\t<\/div>\n\t\t\t\t\t<\/div>\n\t\t<\/article>\n\t\t\t\t<\/div>\n\t\t\n\t\t\t\t\t\t<\/div>\n\t\t\t\t<\/div>\n\t\t\t\t\t<\/div>\n\t\t\t\t<\/div>\n\t\t\t\t<\/div>","protected":false},"excerpt":{"rendered":"<p>Richtiger Sonnenschutz an der Costa Blanca Wer dauerhaft an der Mittelmeerk\u00fcste lebt, sollte die Sonne nicht nur genie\u00dfen, sondern auch<\/p>","protected":false},"author":1,"featured_media":7663,"comment_status":"closed","ping_status":"closed","sticky":false,"template":"elementor_header_footer","format":"standard","meta":{"om_disable_all_campaigns":false,"_monsterinsights_skip_tracking":false,"_monsterinsights_sitenote_active":false,"_monsterinsights_sitenote_note":"","_monsterinsights_sitenote_category":0,"footnotes":""},"categories":[16],"tags":[930,932,931,929],"class_list":["post-7651","post","type-post","status-publish","format-standard","has-post-thumbnail","hentry","category-gesundheit-lifestyle","tag-hautschutz-sonne","tag-richtige-sonnencreme","tag-sonnenschutz","tag-sonnenschutz-costablanca"],"aioseo_notices":[],"_links":{"self":[{"href":"https:\/\/costablanca-magazin.com\/nl\/wp-json\/wp\/v2\/posts\/7651","targetHints":{"allow":["GET"]}}],"collection":[{"href":"https:\/\/costablanca-magazin.com\/nl\/wp-json\/wp\/v2\/posts"}],"about":[{"href":"https:\/\/costablanca-magazin.com\/nl\/wp-json\/wp\/v2\/types\/post"}],"author":[{"embeddable":true,"href":"https:\/\/costablanca-magazin.com\/nl\/wp-json\/wp\/v2\/users\/1"}],"replies":[{"embeddable":true,"href":"https:\/\/costablanca-magazin.com\/nl\/wp-json\/wp\/v2\/comments?post=7651"}],"version-history":[{"count":14,"href":"https:\/\/costablanca-magazin.com\/nl\/wp-json\/wp\/v2\/posts\/7651\/revisions"}],"predecessor-version":[{"id":11078,"href":"https:\/\/costablanca-magazin.com\/nl\/wp-json\/wp\/v2\/posts\/7651\/revisions\/11078"}],"wp:featuredmedia":[{"embeddable":true,"href":"https:\/\/costablanca-magazin.com\/nl\/wp-json\/wp\/v2\/media\/7663"}],"wp:attachment":[{"href":"https:\/\/costablanca-magazin.com\/nl\/wp-json\/wp\/v2\/media?parent=7651"}],"wp:term":[{"taxonomy":"category","embeddable":true,"href":"https:\/\/costablanca-magazin.com\/nl\/wp-json\/wp\/v2\/categories?post=7651"},{"taxonomy":"post_tag","embeddable":true,"href":"https:\/\/costablanca-magazin.com\/nl\/wp-json\/wp\/v2\/tags?post=7651"}],"curies":[{"name":"wp","href":"https:\/\/api.w.org\/{rel}","templated":true}]}}