{"id":7589,"date":"2025-06-14T09:30:00","date_gmt":"2025-06-14T07:30:00","guid":{"rendered":"https:\/\/costablanca-magazin.com\/?p=7589"},"modified":"2026-03-18T08:05:27","modified_gmt":"2026-03-18T07:05:27","slug":"juni-en-juli-evenementen-de-zomer-aan-de-costa-blanca","status":"publish","type":"post","link":"https:\/\/costablanca-magazin.com\/nl\/freizeit\/veranstaltungen-events\/juni-und-juli-events-der-sommer-an-der-costa-blanca\/","title":{"rendered":"Evenementen in juni en juli - Zomer aan de Costa Blanca"},"content":{"rendered":"<div data-elementor-type=\"wp-post\" data-elementor-id=\"7589\" class=\"elementor elementor-7589\" data-elementor-post-type=\"post\">\n\t\t\t\t<div class=\"elementor-element elementor-element-f5647db e-flex e-con-boxed e-con e-parent\" data-id=\"f5647db\" data-element_type=\"container\" data-e-type=\"container\">\n\t\t\t\t\t<div class=\"e-con-inner\">\n\t\t\t\t<div class=\"elementor-element elementor-element-0f88320 elementor-widget elementor-widget-heading\" data-id=\"0f88320\" data-element_type=\"widget\" data-e-type=\"widget\" data-widget_type=\"heading.default\">\n\t\t\t\t<div class=\"elementor-widget-container\">\n\t\t\t\t\t<h1 class=\"elementor-heading-title elementor-size-default\">Evenementen in juni en juli - Zomer aan de Costa Blanca <\/h1>\t\t\t\t<\/div>\n\t\t\t\t<\/div>\n\t\t\t\t<div class=\"elementor-element elementor-element-3d0b016 elementor-widget elementor-widget-image\" data-id=\"3d0b016\" data-element_type=\"widget\" data-e-type=\"widget\" data-widget_type=\"image.default\">\n\t\t\t\t<div class=\"elementor-widget-container\">\n\t\t\t\t\t\t\t\t\t\t\t\t\t\t\t<img decoding=\"async\" src=\"https:\/\/costablanca-magazin.com\/wp-content\/uploads\/elementor\/thumbs\/silhouettes-of-crowd-group-of-people-cheering-in-2024-10-18-13-51-24-utc-scaled-rjc5jt00jquptnqdj1qnxuzay5ebm3s6vs9gd10hwg.jpg\" title=\"Cultuur verbindt: Zomer 2025 aan de Costa Blanca\" alt=\"Cultuur verbindt: Zomer 2025 aan de Costa Blanca\" loading=\"lazy\" \/>\t\t\t\t\t\t\t\t\t\t\t\t\t\t\t<\/div>\n\t\t\t\t<\/div>\n\t\t\t\t<div class=\"elementor-element elementor-element-367298b elementor-widget elementor-widget-heading\" data-id=\"367298b\" data-element_type=\"widget\" data-e-type=\"widget\" data-widget_type=\"heading.default\">\n\t\t\t\t<div class=\"elementor-widget-container\">\n\t\t\t\t\t<h2 class=\"elementor-heading-title elementor-size-default\">Van literatuur tot livemuziek - kustplaatsen vieren diversiteit en creativiteit<\/h2>\t\t\t\t<\/div>\n\t\t\t\t<\/div>\n\t\t\t\t<div class=\"elementor-element elementor-element-aed0365 elementor-widget elementor-widget-text-editor\" data-id=\"aed0365\" data-element_type=\"widget\" data-e-type=\"widget\" data-widget_type=\"text-editor.default\">\n\t\t\t\t<div class=\"elementor-widget-container\">\n\t\t\t\t\t\t\t\t\t<p>De Costa Blanca gaat het warme seizoen in met een veelzijdige culturele kalender. Tussen D\u00e9nia en Villajoyosa wachten lezingen, concerten, tentoonstellingen en festivals om ontdekt te worden. In Calp ontmoet literatuur joie de vivre - met boekpresentaties en het kleurrijke CALPRIDE 2025. Benissa brengt traditie op het podium: het Moros y Cristianos festival en het SONE muziekfestival combineren heden en verleden. Villajoyosa, Altea en J\u00e1vea richten zich op een levendige mix van jazz, theater en beeldende kunst, terwijl Benidorm culinaire themaweken en dansevenementen organiseert. La Nuc\u00eda en Finestrat hebben een sportieve kant, met wedstrijden en trainingen op het programma. Een zomer die laat zien: De Costa Blanca leeft van haar diversiteit - cultureel, muzikaal en menselijk.<\/p>\t\t\t\t\t\t\t\t<\/div>\n\t\t\t\t<\/div>\n\t\t\t\t\t<\/div>\n\t\t\t\t<\/div>\n\t\t<div class=\"elementor-element elementor-element-aa8c17c e-flex e-con-boxed e-con e-parent\" data-id=\"aa8c17c\" data-element_type=\"container\" data-e-type=\"container\">\n\t\t\t\t\t<div class=\"e-con-inner\">\n\t\t\t\t<div class=\"elementor-element elementor-element-7b79dde elementor-widget-divider--separator-type-pattern elementor-widget-divider--view-line elementor-widget elementor-widget-divider\" data-id=\"7b79dde\" data-element_type=\"widget\" data-e-type=\"widget\" data-widget_type=\"divider.default\">\n\t\t\t\t<div class=\"elementor-widget-container\">\n\t\t\t\t\t\t\t<div class=\"elementor-divider\" style=\"--divider-pattern-url: url(&quot;data:image\/svg+xml,%3Csvg xmlns=&#039;http:\/\/www.w3.org\/2000\/svg&#039; preserveAspectRatio=&#039;none&#039; overflow=&#039;visible&#039; height=&#039;100%&#039; viewBox=&#039;0 0 24 24&#039; fill=&#039;none&#039; stroke=&#039;black&#039; stroke-width=&#039;1.5&#039; stroke-linecap=&#039;square&#039; stroke-miterlimit=&#039;10&#039;%3E%3Cpath d=&#039;M0,6c6,0,0.9,11.1,6.9,11.1S18,6,24,6&#039;\/%3E%3C\/svg%3E&quot;);\">\n\t\t\t<span class=\"elementor-divider-separator\">\n\t\t\t\t\t\t<\/span>\n\t\t<\/div>\n\t\t\t\t\t\t<\/div>\n\t\t\t\t<\/div>\n\t\t\t\t\t<\/div>\n\t\t\t\t<\/div>\n\t\t<div class=\"elementor-element elementor-element-9ff5044 e-flex e-con-boxed e-con e-parent\" data-id=\"9ff5044\" data-element_type=\"container\" data-e-type=\"container\">\n\t\t\t\t\t<div class=\"e-con-inner\">\n\t\t<div class=\"elementor-element elementor-element-685487b e-con-full e-flex e-con e-child\" data-id=\"685487b\" data-element_type=\"container\" data-e-type=\"container\">\n\t\t\t\t<div class=\"elementor-element elementor-element-f0c1eac elementor-widget elementor-widget-heading\" data-id=\"f0c1eac\" data-element_type=\"widget\" data-e-type=\"widget\" data-widget_type=\"heading.default\">\n\t\t\t\t<div class=\"elementor-widget-container\">\n\t\t\t\t\t<h3 class=\"elementor-heading-title elementor-size-default\">Calpe\n<\/h3>\t\t\t\t<\/div>\n\t\t\t\t<\/div>\n\t\t\t\t<div class=\"elementor-element elementor-element-4e8938e elementor-widget elementor-widget-text-editor\" data-id=\"4e8938e\" data-element_type=\"widget\" data-e-type=\"widget\" data-widget_type=\"text-editor.default\">\n\t\t\t\t<div class=\"elementor-widget-container\">\n\t\t\t\t\t\t\t\t\t<p>- 26 juni om 20:00 in de Sal\u00f3 Blau, Casa de Cultura de Calp -. <br \/>Muziek- en po\u00ebzievoordracht - Por la libertad. 50 jaar democratie in Spanje, 1975-2025<br \/>- 27 juni om 20:00 in de Sal\u00f3 Blau de la Casa de la Cultura - Presentatie van het boek <br \/>\u201eDentro de Ifach\u201c van Rafael Terol<br \/>- 27 juni om 20:00 uur op de Plaza Miguel Rosell\u00f3 en Plaza Col\u00f3n - Evenement<br \/>CALPRIDE 2025<br \/>\u2192 20:00 Preg\u00f3n (Plaza Miguel Rosell\u00f3)<br \/>\u2192 20:30 Marcha Reivindicativa (Plaza Miguel Rosell\u00f3 &gt; Plaza Col\u00f3n)<br \/>\u2192 21:30 Actuaci\u00f3n de Alexia The Night (Plaza Col\u00f3n)<br \/>\u2192 23:00 Discom\u00f3vil L'Askamp\u00e0 Live Show (Plaza Col\u00f3n)<br \/><br \/>- 30 juni om 20:00 in het Auditorio de Calp - Casa de Cultura - Orquesta Filarm\u00f3nica <br \/>de la Universidad de Alicante - Concierto de una noche de verano<br \/>- 05 juli om 19:00 (Auditorio de Casa de Cultura) - Muziek - Broadway Festival<br \/>- 05 juli, 12 juli, 19 juli en 26 juli om 19:00 uur in het Casa de Cultura <br \/>(Trefpunt) - Gidsen bezoeken Casco Antiguo de Calp <br \/>Aanmelding verplicht: Toeristenbureau Calp: Tel. 965 83 69 20 \/ 965 83 85 32 \/ <br \/>turismo@ajcalp.es<br \/>- 06 juli om 20:00 Start in C\/ La Fuente, verschillende straten en einde in Plaza de la Villa - Muziek - Concierto itinerante Uni\u00f3 Musical Calp Ifach<br \/>- 11 juli om 20:00 in het Auditorio Casa de Cultura - Muziek - XXII Campa\u00f1a de Conciertos de Intercambios Musicales 2025 - Societat Recreativa Musical d'Altea la Vella &amp; Agrupaci\u00f3 Musical CLAUdeFA <br \/>- 16 juli in de vissershaven van Calpe - Fiesta de la Virgen del Carmen<br \/>- 17 juli tot 19 juli op het Plaza Mayor Calpe - Feria de Andaluc\u00eda<\/p>\t\t\t\t\t\t\t\t<\/div>\n\t\t\t\t<\/div>\n\t\t\t\t<div class=\"elementor-element elementor-element-0064267 elementor-widget elementor-widget-heading\" data-id=\"0064267\" data-element_type=\"widget\" data-e-type=\"widget\" data-widget_type=\"heading.default\">\n\t\t\t\t<div class=\"elementor-widget-container\">\n\t\t\t\t\t<h3 class=\"elementor-heading-title elementor-size-default\">Altea<\/h3>\t\t\t\t<\/div>\n\t\t\t\t<\/div>\n\t\t\t\t<div class=\"elementor-element elementor-element-3a761ac elementor-widget elementor-widget-text-editor\" data-id=\"3a761ac\" data-element_type=\"widget\" data-e-type=\"widget\" data-widget_type=\"text-editor.default\">\n\t\t\t\t<div class=\"elementor-widget-container\">\n\t\t\t\t\t\t\t\t\t<p>- 15 juni om 19:00 in het Palau Altea - Concert als onderdeel van het XXVII Festival de Corals d'Altea<br \/>- 20 juni om 21:00 uur in het Auditori Pla\u00e7a de l'Aigua Altea het concert \u201eAntonio Serrano <br \/>&amp; Kaele Jim\u00e9nez. Jazz Cal\u00e9\u201c als onderdeel van het Altea Blues Festival 2025<br \/>- 21 juni om 20:00 uur in het Auditori Pla\u00e7a de l'Aigua Altea het concert \u201eXocolater - Arrels d'Altea\u201c.\u201c<br \/>- 22 juni om 12:00 uur in het Cultureel Centrum Altea la Vella het concert \u201eM\u00e9s que corda. <br \/>Festival van de muziek van Pols i Plectre\u201c.\u201c <br \/>- 26 juni om 19:30 in het Palau Altea het \u201eGala de Dansa\u201c van de Escola de M\u00fasica <br \/>i Dansa d'Altea (EsMuAltea) <br \/>- 27 juni om 21:00 uur in het Auditori Pla\u00e7a de l'Aigua Altea het concert \u201eDavid Giorcelli Feat. Predicador Ram\u00edrez Trio\u201c als onderdeel van het Altea Blues Festival 2025<br \/>- 14 juli tot 18 juli op Playa de la Roda en in de haven - Feesten van San Pere <br \/>en de zee van D\u00e9u del Carme<\/p>\t\t\t\t\t\t\t\t<\/div>\n\t\t\t\t<\/div>\n\t\t\t\t<div class=\"elementor-element elementor-element-79aea88 elementor-widget elementor-widget-heading\" data-id=\"79aea88\" data-element_type=\"widget\" data-e-type=\"widget\" data-widget_type=\"heading.default\">\n\t\t\t\t<div class=\"elementor-widget-container\">\n\t\t\t\t\t<h3 class=\"elementor-heading-title elementor-size-default\">La Vilajoiosa<\/h3>\t\t\t\t<\/div>\n\t\t\t\t<\/div>\n\t\t\t\t<div class=\"elementor-element elementor-element-e5cb1ac elementor-widget elementor-widget-text-editor\" data-id=\"e5cb1ac\" data-element_type=\"widget\" data-e-type=\"widget\" data-widget_type=\"text-editor.default\">\n\t\t\t\t<div class=\"elementor-widget-container\">\n\t\t\t\t\t\t\t\t\t<p>- Van 15 juni tot 15 augustus is de tentoonstelling \u201eGEOMETR\u00cdA Y COLOR\u201c van Vicente Rubio Tarifa te zien in de Espai d'Art Contemporani la Barbera. <br \/>Open van maandag tot vrijdag van 10:00 tot 13:00 en van maandag tot donderdag <br \/>Daarnaast van 17:30 tot 20:00 uur.<br \/>- 15 juni om 20:00 in het Teatre Auditori een Concierto de intercambio van de Agrupaci\u00f3 Musical Mediterr\u00e0nia<br \/>- 15 juni om 20:00 in het Teatre Auditori - Orquestra de Pols i Pua del Ateneu Musical <br \/>een concert.<br \/>- 21 juni om 17:00 in het Teatre Auditori het kindertheaterstuk \u201eAladd\u00edn\u201c.\u201c <br \/>door het Ensemble ARTEATRO Infantil<br \/>- 21 juni om 20:30 in het Teatre Auditori het jeugdtheaterstuk \u201eEsperando el bus\u201c.\u201c <br \/>door Juan Luis Mira, uitgevoerd door ARTEATRO Juvenil.<br \/>- 22 juni om 19:30 in het Teatre Auditori het toneelstuk \u201eBAM BOOM!\u201c.\u201c <br \/>van ARTEATRO Adulto<br \/>- 26 juni om 20:00 in de Espai d'Art Contemporani la Barbera het gitaarconcert <br \/>\u201eOR\u00cdGENES\u201c door Javier Moya <br \/>- 27 en 29 juni om 20:00 in het Teatre Auditori voor het \u201eGala 20 Aniversario\u201c.\u201c<br \/>- 15 juni om 20:00 in het Teatre Auditori La Vila Joiosa een uitwisselingsconcert <br \/>de Agrupaci\u00f3 Musical Mediterraneo<\/p>\t\t\t\t\t\t\t\t<\/div>\n\t\t\t\t<\/div>\n\t\t\t\t<\/div>\n\t\t<div class=\"elementor-element elementor-element-ac56cdb e-con-full e-flex e-con e-child\" data-id=\"ac56cdb\" data-element_type=\"container\" data-e-type=\"container\">\n\t\t\t\t<div class=\"elementor-element elementor-element-3cb0940 elementor-widget elementor-widget-spacer\" data-id=\"3cb0940\" data-element_type=\"widget\" data-e-type=\"widget\" data-widget_type=\"spacer.default\">\n\t\t\t\t<div class=\"elementor-widget-container\">\n\t\t\t\t\t\t\t<div class=\"elementor-spacer\">\n\t\t\t<div class=\"elementor-spacer-inner\"><\/div>\n\t\t<\/div>\n\t\t\t\t\t\t<\/div>\n\t\t\t\t<\/div>\n\t\t\t\t<div class=\"elementor-element elementor-element-536f6e0 elementor-widget elementor-widget-image\" data-id=\"536f6e0\" data-element_type=\"widget\" data-e-type=\"widget\" data-widget_type=\"image.default\">\n\t\t\t\t<div class=\"elementor-widget-container\">\n\t\t\t\t\t\t\t\t\t\t\t\t\t\t\t<img fetchpriority=\"high\" decoding=\"async\" width=\"768\" height=\"1024\" src=\"https:\/\/costablanca-magazin.com\/wp-content\/uploads\/2025\/06\/Calpe-Claudefa-Konzert-768x1024.jpg\" class=\"attachment-large size-large wp-image-7599\" alt=\"Calpe Claudefa Concert\" srcset=\"https:\/\/costablanca-magazin.com\/wp-content\/uploads\/2025\/06\/Calpe-Claudefa-Konzert-768x1024.jpg 768w, https:\/\/costablanca-magazin.com\/wp-content\/uploads\/2025\/06\/Calpe-Claudefa-Konzert-225x300.jpg 225w, https:\/\/costablanca-magazin.com\/wp-content\/uploads\/2025\/06\/Calpe-Claudefa-Konzert.jpg 900w\" sizes=\"(max-width: 768px) 100vw, 768px\" \/>\t\t\t\t\t\t\t\t\t\t\t\t\t\t\t<\/div>\n\t\t\t\t<\/div>\n\t\t\t\t<div class=\"elementor-element elementor-element-e8a1f68 elementor-widget elementor-widget-image\" data-id=\"e8a1f68\" data-element_type=\"widget\" data-e-type=\"widget\" data-widget_type=\"image.default\">\n\t\t\t\t<div class=\"elementor-widget-container\">\n\t\t\t\t\t\t\t\t\t\t\t\t\t\t\t<img decoding=\"async\" width=\"848\" height=\"1200\" src=\"https:\/\/costablanca-magazin.com\/wp-content\/uploads\/2025\/06\/Calpride.jpg\" class=\"attachment-full size-full wp-image-7602\" alt=\"costablanca mallorca 365\" srcset=\"https:\/\/costablanca-magazin.com\/wp-content\/uploads\/2025\/06\/Calpride.jpg 848w, https:\/\/costablanca-magazin.com\/wp-content\/uploads\/2025\/06\/Calpride-212x300.jpg 212w, https:\/\/costablanca-magazin.com\/wp-content\/uploads\/2025\/06\/Calpride-724x1024.jpg 724w, https:\/\/costablanca-magazin.com\/wp-content\/uploads\/2025\/06\/Calpride-768x1087.jpg 768w\" sizes=\"(max-width: 848px) 100vw, 848px\" \/>\t\t\t\t\t\t\t\t\t\t\t\t\t\t\t<\/div>\n\t\t\t\t<\/div>\n\t\t\t\t<div class=\"elementor-element elementor-element-989b22d elementor-widget__width-initial elementor-widget elementor-widget-image\" data-id=\"989b22d\" data-element_type=\"widget\" data-e-type=\"widget\" data-widget_type=\"image.default\">\n\t\t\t\t<div class=\"elementor-widget-container\">\n\t\t\t\t\t\t\t\t\t\t\t\t\t\t\t<img decoding=\"async\" width=\"1200\" height=\"848\" src=\"https:\/\/costablanca-magazin.com\/wp-content\/uploads\/2025\/06\/mes-que-corda-altea.jpg\" class=\"attachment-1536x1536 size-1536x1536 wp-image-7616\" alt=\"mes que corda altea\" srcset=\"https:\/\/costablanca-magazin.com\/wp-content\/uploads\/2025\/06\/mes-que-corda-altea.jpg 1200w, https:\/\/costablanca-magazin.com\/wp-content\/uploads\/2025\/06\/mes-que-corda-altea-300x212.jpg 300w, https:\/\/costablanca-magazin.com\/wp-content\/uploads\/2025\/06\/mes-que-corda-altea-1024x724.jpg 1024w, https:\/\/costablanca-magazin.com\/wp-content\/uploads\/2025\/06\/mes-que-corda-altea-768x543.jpg 768w\" sizes=\"(max-width: 1200px) 100vw, 1200px\" \/>\t\t\t\t\t\t\t\t\t\t\t\t\t\t\t<\/div>\n\t\t\t\t<\/div>\n\t\t\t\t<div class=\"elementor-element elementor-element-b8ecda2 elementor-widget elementor-widget-image\" data-id=\"b8ecda2\" data-element_type=\"widget\" data-e-type=\"widget\" data-widget_type=\"image.default\">\n\t\t\t\t<div class=\"elementor-widget-container\">\n\t\t\t\t\t\t\t\t\t\t\t\t\t\t\t<img loading=\"lazy\" decoding=\"async\" width=\"800\" height=\"334\" src=\"https:\/\/costablanca-magazin.com\/wp-content\/uploads\/2025\/06\/Feria-Andalucia-de-Calpe-1024x427.jpg\" class=\"attachment-large size-large wp-image-7609\" alt=\"Feria Andaluc\u00eda van Calpe\" srcset=\"https:\/\/costablanca-magazin.com\/wp-content\/uploads\/2025\/06\/Feria-Andalucia-de-Calpe-1024x427.jpg 1024w, https:\/\/costablanca-magazin.com\/wp-content\/uploads\/2025\/06\/Feria-Andalucia-de-Calpe-300x125.jpg 300w, https:\/\/costablanca-magazin.com\/wp-content\/uploads\/2025\/06\/Feria-Andalucia-de-Calpe-768x320.jpg 768w, https:\/\/costablanca-magazin.com\/wp-content\/uploads\/2025\/06\/Feria-Andalucia-de-Calpe.jpg 1200w\" sizes=\"(max-width: 800px) 100vw, 800px\" \/>\t\t\t\t\t\t\t\t\t\t\t\t\t\t\t<\/div>\n\t\t\t\t<\/div>\n\t\t\t\t<div class=\"elementor-element elementor-element-c4a9c16 elementor-widget elementor-widget-image\" data-id=\"c4a9c16\" data-element_type=\"widget\" data-e-type=\"widget\" data-widget_type=\"image.default\">\n\t\t\t\t<div class=\"elementor-widget-container\">\n\t\t\t\t\t\t\t\t\t\t\t\t\t\t\t<img loading=\"lazy\" decoding=\"async\" width=\"800\" height=\"296\" src=\"https:\/\/costablanca-magazin.com\/wp-content\/uploads\/2025\/06\/Festival-De-Corals-Altea-1024x379.jpg\" class=\"attachment-large size-large wp-image-7610\" alt=\"Festival De Corals Altea\" srcset=\"https:\/\/costablanca-magazin.com\/wp-content\/uploads\/2025\/06\/Festival-De-Corals-Altea-1024x379.jpg 1024w, https:\/\/costablanca-magazin.com\/wp-content\/uploads\/2025\/06\/Festival-De-Corals-Altea-300x111.jpg 300w, https:\/\/costablanca-magazin.com\/wp-content\/uploads\/2025\/06\/Festival-De-Corals-Altea-768x284.jpg 768w, https:\/\/costablanca-magazin.com\/wp-content\/uploads\/2025\/06\/Festival-De-Corals-Altea.jpg 1200w\" sizes=\"(max-width: 800px) 100vw, 800px\" \/>\t\t\t\t\t\t\t\t\t\t\t\t\t\t\t<\/div>\n\t\t\t\t<\/div>\n\t\t\t\t<\/div>\n\t\t<div class=\"elementor-element elementor-element-f8b1ae2 e-con-full e-flex e-con e-child\" data-id=\"f8b1ae2\" data-element_type=\"container\" data-e-type=\"container\">\n\t\t\t\t<div class=\"elementor-element elementor-element-4e46b9b elementor-widget elementor-widget-gallery\" data-id=\"4e46b9b\" data-element_type=\"widget\" data-e-type=\"widget\" data-settings=\"{&quot;columns&quot;:1,&quot;lazyload&quot;:&quot;yes&quot;,&quot;gallery_layout&quot;:&quot;grid&quot;,&quot;columns_tablet&quot;:2,&quot;columns_mobile&quot;:1,&quot;gap&quot;:{&quot;unit&quot;:&quot;px&quot;,&quot;size&quot;:10,&quot;sizes&quot;:[]},&quot;gap_tablet&quot;:{&quot;unit&quot;:&quot;px&quot;,&quot;size&quot;:10,&quot;sizes&quot;:[]},&quot;gap_mobile&quot;:{&quot;unit&quot;:&quot;px&quot;,&quot;size&quot;:10,&quot;sizes&quot;:[]},&quot;link_to&quot;:&quot;file&quot;,&quot;aspect_ratio&quot;:&quot;3:2&quot;,&quot;overlay_background&quot;:&quot;yes&quot;,&quot;content_hover_animation&quot;:&quot;fade-in&quot;}\" data-widget_type=\"gallery.default\">\n\t\t\t\t<div class=\"elementor-widget-container\">\n\t\t\t\t\t\t\t<div class=\"elementor-gallery__container\">\n\t\t\t\t\t\t\t<a class=\"e-gallery-item elementor-gallery-item elementor-animated-content\" href=\"https:\/\/costablanca-magazin.com\/wp-content\/uploads\/2025\/06\/202501230916058.-La-Nucia-cartel-Tenis-Mesa-jun-2025.jpg\" data-elementor-open-lightbox=\"yes\" data-elementor-lightbox-slideshow=\"4e46b9b\" data-elementor-lightbox-title=\"La Nucia cartel Tenis Mesa jun 2025\" data-elementor-lightbox-description=\"La Nucia cartel Tenis Mesa jun 2025\" data-e-action-hash=\"#elementor-action%3Aaction%3Dlightbox%26settings%3DeyJpZCI6NzU5MywidXJsIjoiaHR0cHM6XC9cL2Nvc3RhYmxhbmNhLW1hZ2F6aW4uY29tXC93cC1jb250ZW50XC91cGxvYWRzXC8yMDI1XC8wNlwvMjAyNTAxMjMwOTE2MDU4Li1MYS1OdWNpYS1jYXJ0ZWwtVGVuaXMtTWVzYS1qdW4tMjAyNS5qcGciLCJzbGlkZXNob3ciOiI0ZTQ2YjliIn0%3D\">\n\t\t\t\t\t<div class=\"e-gallery-image elementor-gallery-item__image\" data-thumbnail=\"https:\/\/costablanca-magazin.com\/wp-content\/uploads\/2025\/06\/202501230916058.-La-Nucia-cartel-Tenis-Mesa-jun-2025.jpg\" data-width=\"847\" data-height=\"1200\" aria-label=\"La Nucia kartel Tenis Mesa jun 2025\" role=\"img\" ><\/div>\n\t\t\t\t\t\t\t\t\t\t\t<div class=\"elementor-gallery-item__overlay\"><\/div>\n\t\t\t\t\t\t\t\t\t\t\t\t\t\t<\/a>\n\t\t\t\t\t<\/div>\n\t\t\t\t\t<\/div>\n\t\t\t\t<\/div>\n\t\t\t\t<div class=\"elementor-element elementor-element-0ba0adf elementor-widget__width-initial elementor-widget elementor-widget-image\" data-id=\"0ba0adf\" data-element_type=\"widget\" data-e-type=\"widget\" data-widget_type=\"image.default\">\n\t\t\t\t<div class=\"elementor-widget-container\">\n\t\t\t\t\t\t\t\t\t\t\t\t\t\t\t<img loading=\"lazy\" decoding=\"async\" width=\"859\" height=\"1200\" src=\"https:\/\/costablanca-magazin.com\/wp-content\/uploads\/2025\/06\/Fogueres-Xabia.jpg\" class=\"attachment-1536x1536 size-1536x1536 wp-image-7613\" alt=\"Fogueres Xabia\" srcset=\"https:\/\/costablanca-magazin.com\/wp-content\/uploads\/2025\/06\/Fogueres-Xabia.jpg 859w, https:\/\/costablanca-magazin.com\/wp-content\/uploads\/2025\/06\/Fogueres-Xabia-215x300.jpg 215w, https:\/\/costablanca-magazin.com\/wp-content\/uploads\/2025\/06\/Fogueres-Xabia-733x1024.jpg 733w, https:\/\/costablanca-magazin.com\/wp-content\/uploads\/2025\/06\/Fogueres-Xabia-768x1073.jpg 768w\" sizes=\"(max-width: 859px) 100vw, 859px\" \/>\t\t\t\t\t\t\t\t\t\t\t\t\t\t\t<\/div>\n\t\t\t\t<\/div>\n\t\t\t\t<div class=\"elementor-element elementor-element-06d9cae elementor-widget elementor-widget-image\" data-id=\"06d9cae\" data-element_type=\"widget\" data-e-type=\"widget\" data-widget_type=\"image.default\">\n\t\t\t\t<div class=\"elementor-widget-container\">\n\t\t\t\t\t\t\t\t\t\t\t\t\t\t\t<img loading=\"lazy\" decoding=\"async\" width=\"1200\" height=\"500\" src=\"https:\/\/costablanca-magazin.com\/wp-content\/uploads\/2025\/06\/festival-internacional-javea.jpg\" class=\"attachment-full size-full wp-image-7611\" alt=\"internationaal festival javea\" srcset=\"https:\/\/costablanca-magazin.com\/wp-content\/uploads\/2025\/06\/festival-internacional-javea.jpg 1200w, https:\/\/costablanca-magazin.com\/wp-content\/uploads\/2025\/06\/festival-internacional-javea-300x125.jpg 300w, https:\/\/costablanca-magazin.com\/wp-content\/uploads\/2025\/06\/festival-internacional-javea-1024x427.jpg 1024w, https:\/\/costablanca-magazin.com\/wp-content\/uploads\/2025\/06\/festival-internacional-javea-768x320.jpg 768w\" sizes=\"(max-width: 1200px) 100vw, 1200px\" \/>\t\t\t\t\t\t\t\t\t\t\t\t\t\t\t<\/div>\n\t\t\t\t<\/div>\n\t\t\t\t<\/div>\n\t\t<div class=\"elementor-element elementor-element-6d15085 e-con-full e-flex e-con e-child\" data-id=\"6d15085\" data-element_type=\"container\" data-e-type=\"container\">\n\t\t\t\t<div class=\"elementor-element elementor-element-8cf6fef elementor-widget elementor-widget-heading\" data-id=\"8cf6fef\" data-element_type=\"widget\" data-e-type=\"widget\" data-widget_type=\"heading.default\">\n\t\t\t\t<div class=\"elementor-widget-container\">\n\t\t\t\t\t<h3 class=\"elementor-heading-title elementor-size-default\">Teulada-Moraira\n\n<\/h3>\t\t\t\t<\/div>\n\t\t\t\t<\/div>\n\t\t\t\t<div class=\"elementor-element elementor-element-4cf4c23 elementor-widget elementor-widget-text-editor\" data-id=\"4cf4c23\" data-element_type=\"widget\" data-e-type=\"widget\" data-widget_type=\"text-editor.default\">\n\t\t\t\t<div class=\"elementor-widget-container\">\n\t\t\t\t\t\t\t\t\t<p>- Op 15 juni wordt het traditionele festival \u201eMoros y Cristianos\u201c gehouden in Moraira.\u201c <br \/>en sluit het festival af met een grootse galaprocessie.<br \/>- 16 juli in de haven van Moraira - Fiesta de la Virgen del Carmen<br \/>- Van 05 juli tot 20 juli zijn het stadscentrum van Moraira en de haven van<br \/>Fiestas Patronales de Moraira vinden plaats<br \/><br \/><\/p>\t\t\t\t\t\t\t\t<\/div>\n\t\t\t\t<\/div>\n\t\t\t\t<div class=\"elementor-element elementor-element-2922d5f elementor-widget elementor-widget-heading\" data-id=\"2922d5f\" data-element_type=\"widget\" data-e-type=\"widget\" data-widget_type=\"heading.default\">\n\t\t\t\t<div class=\"elementor-widget-container\">\n\t\t\t\t\t<h3 class=\"elementor-heading-title elementor-size-default\">J\u00e1vea (X\u00e0bia)\n<\/h3>\t\t\t\t<\/div>\n\t\t\t\t<\/div>\n\t\t\t\t<div class=\"elementor-element elementor-element-af25324 elementor-widget elementor-widget-text-editor\" data-id=\"af25324\" data-element_type=\"widget\" data-e-type=\"widget\" data-widget_type=\"text-editor.default\">\n\t\t\t\t<div class=\"elementor-widget-container\">\n\t\t\t\t\t\t\t\t\t<p>- Van 4 tot 24 juni in X\u00e0bia - Fiestas de les Fogueres de Sant Joan 2025<br \/>\u2192 15 juni, 12:00 uur: Opening met loslaten van stier en koe (Avenida Palmela)<br \/>\u2192 15-17 juni: vrijlating van stieren en provinciale veewedstrijd<br \/>\u2192 15e, 22:00: Theater \u201eL'\u00daLTIMA DE TX\u00c9KHOV\u201c (Portal del Clot)<br \/>\u2192 17 juni, 22:00: Concert \u201eCan\u00e7ons de Festa\u201c (Portaal del Clot)<br \/>\u2192 18 juni, 22:00: ABBA-tribute (Pla\u00e7a de l'Esgl\u00e9sia)<br \/>\u2192 19 juni, 22:30: Concerten met Naina, Figa Flawas en Auxili (Pla\u00e7a de la Constituci\u00f3)<br \/>\u2192 20 juni, 23:30: Montecarlo Orkest (Pla\u00e7a de la Constituci\u00f3)<br \/>\u2192 21 juni, 14:00: Reuzenpaella voor iedereen (Parque Montaner)<br \/>\u2192 21 juni, 00:00: Concert \u201eCoraz\u00f3n Oxidado\u201c en Discom\u00f3vil<br \/>\u2192 23 juni, \u201es avonds: \u201cNit dels Focs\" met groot vuurwerk en Correfocs<br \/>\u2192 24 juni, 10:00 uur: Feestelijke mis en grote finale vuurwerkshow <br \/>(Pla\u00e7a de la Constituci\u00f3)<br \/>- 14 juli tot 22 juli in de straten van J\u00e1vea - Moros y Cristianos<br \/>- 04 juli - 06 juli in het centrum van J\u00e1vea - Festival Internacional en J\u00e1vea<\/p>\t\t\t\t\t\t\t\t<\/div>\n\t\t\t\t<\/div>\n\t\t\t\t<div class=\"elementor-element elementor-element-877593d elementor-widget elementor-widget-heading\" data-id=\"877593d\" data-element_type=\"widget\" data-e-type=\"widget\" data-widget_type=\"heading.default\">\n\t\t\t\t<div class=\"elementor-widget-container\">\n\t\t\t\t\t<h3 class=\"elementor-heading-title elementor-size-default\">La Nucia\n\n<\/h3>\t\t\t\t<\/div>\n\t\t\t\t<\/div>\n\t\t\t\t<div class=\"elementor-element elementor-element-a596476 elementor-widget elementor-widget-text-editor\" data-id=\"a596476\" data-element_type=\"widget\" data-e-type=\"widget\" data-widget_type=\"text-editor.default\">\n\t\t\t\t<div class=\"elementor-widget-container\">\n\t\t\t\t\t\t\t\t\t<p>- Van 21 juni tot 6 juli vindt in het Pabell\u00f3n Camilo Cano de <br \/>Campeonato de Espa\u00f1a de Tenis de Mesa 2025 vindt plaats in La Nuc\u00eda. <br \/>Alle categorie\u00ebn van Prebenjam\u00edn tot Sub21 worden gespeeld, <br \/>evenals veteranen (tot +75) en wedstrijden voor mensen met een handicap.<br \/>- Van 4 juli tot 6 juli in La Nuc\u00eda SkateparkCampeonato de Espa\u00f1a Bowl 2025<\/p>\t\t\t\t\t\t\t\t<\/div>\n\t\t\t\t<\/div>\n\t\t\t\t<\/div>\n\t\t\t\t\t<\/div>\n\t\t\t\t<\/div>\n\t\t<div class=\"elementor-element elementor-element-d6817da e-flex e-con-boxed e-con e-parent\" data-id=\"d6817da\" data-element_type=\"container\" data-e-type=\"container\">\n\t\t\t\t\t<div class=\"e-con-inner\">\n\t\t<div class=\"elementor-element elementor-element-d033929 e-con-full e-flex e-con e-child\" data-id=\"d033929\" data-element_type=\"container\" data-e-type=\"container\">\n\t\t\t\t<div class=\"elementor-element elementor-element-6cddcaa elementor-widget elementor-widget-heading\" data-id=\"6cddcaa\" data-element_type=\"widget\" data-e-type=\"widget\" data-widget_type=\"heading.default\">\n\t\t\t\t<div class=\"elementor-widget-container\">\n\t\t\t\t\t<h3 class=\"elementor-heading-title elementor-size-default\">Finestrat<\/h3>\t\t\t\t<\/div>\n\t\t\t\t<\/div>\n\t\t\t\t<div class=\"elementor-element elementor-element-4a47155 elementor-widget elementor-widget-text-editor\" data-id=\"4a47155\" data-element_type=\"widget\" data-e-type=\"widget\" data-widget_type=\"text-editor.default\">\n\t\t\t\t<div class=\"elementor-widget-container\">\n\t\t\t\t\t\t\t\t\t<p>- 15 juni om 20:00 uur op het Pla\u00e7a del Poble in Finestrat - concert \u201eConcierto Intercambio\u201c met de Banda Juvenil del Centre Musical Puig Campana en de Agrupaci\u00f3 Musical Mediterr\u00e1neo La Vila Joiosa.<br \/>- Van 3 juli tot 13 augustus organiseert het Centre Juvenil Finestrat de cursus \u201eZorgverlener voor vroegtijdige zorg, kantine en vervoer\u201c. De cursus is bedoeld voor jongeren tussen 16 en 29 jaar en vindt plaats op werkdagen van 9.00 tot 14.00 uur. Het project maakt deel uit van het programma \u201eTalento Joven 2025\u201c. Deelname is gratis, de plaatsen zijn beperkt. Informatie en inschrijving via WhatsApp (606 936 432), per e-mail naar joventut@finestrat.org of telefonisch op 678 391 982.<\/p>\t\t\t\t\t\t\t\t<\/div>\n\t\t\t\t<\/div>\n\t\t\t\t<div class=\"elementor-element elementor-element-934b2ec elementor-widget elementor-widget-heading\" data-id=\"934b2ec\" data-element_type=\"widget\" data-e-type=\"widget\" data-widget_type=\"heading.default\">\n\t\t\t\t<div class=\"elementor-widget-container\">\n\t\t\t\t\t<h3 class=\"elementor-heading-title elementor-size-default\">Benissa\n<\/h3>\t\t\t\t<\/div>\n\t\t\t\t<\/div>\n\t\t\t\t<div class=\"elementor-element elementor-element-c2e71bd elementor-widget elementor-widget-text-editor\" data-id=\"c2e71bd\" data-element_type=\"widget\" data-e-type=\"widget\" data-widget_type=\"text-editor.default\">\n\t\t\t\t<div class=\"elementor-widget-container\">\n\t\t\t\t\t\t\t\t\t<p>- 28 juni tot 2 juli in het centrum van Benissa - Moros y Cristianos Benissa 2025<br \/>\u2192 28 juni<br \/>12:00 uur: Herdenking van de overledene Festeros op de gemeentelijke begraafplaats<br \/>17:30: Optocht van alle Filaes met San Pedro Ap\u00f3stol en aansluitend offeren van bloemen<br \/>19:00: Kinderoptocht en XXXIII wedstrijd van kinder- en jeugdhoofdgroepen<br \/>20:00: Aanval van de Christelijke troepen van het Plaza del Convento naar het kasteel<br \/>21:15: Christelijke boodschap en herovering van de stad Benissa<br \/>\u2192 29 juni<br \/>11:00 uur: Optocht van alle fila's<br \/>12:00 uur: Feestelijke mis ter ere van San Pedro Ap\u00f3stol<br \/>18:30: Optocht van de muziekkorpsen<br \/>19:00: Grote parade vanaf de Avenida Pa\u00eds Valenci\u00e0<br \/>\u2192 30 juni<br \/>12:00 uur: Optocht van de Fila's en bezoek aan het bejaardentehuis<br \/>20:00: Humoristische parade van de Fila's en offici\u00eble afsluiting van het festival<br \/>- 22 juni om 18:30 in de Calle Fra Maseo Bedrijf het evenement <br \/>XIII Bailes del Corpus - Traditionele dansparade <br \/>- Van 3 juli om 22:00 tot 6 juli in het historische centrum van Benissa<br \/>Festival SONE 2025<br \/>\u2192 3 juli, 22:00 (Pinada de Selva): Tributo a Michael Bubl\u00e9 - met 11 muzikanten, <br \/>bijv. Pep Ferrer, liedjes van Sinatra, Elvis, Queen, The Beatles<br \/>\u2192 4 juli, 22:00 (Plaza del Convent Francisc\u00e0): Abril - de jonge kunstenaar presenteert <br \/>haar eerste album Instruccions per estimar una cirera<br \/>\u2192 5 juli, 22:00 (Placeta Vella): Tosca Ensemble - live concert <br \/>met de beroemdste soundtracks van filmmuziek<br \/>\u2192 6 juli, 20:00 (Placeta de l'Esgl\u00e9sia Vella): Vira Le\u00f3n Swingtet - Jazz en Swing <br \/>in de stijl van de jaren 20 en 30.<\/p>\t\t\t\t\t\t\t\t<\/div>\n\t\t\t\t<\/div>\n\t\t\t\t<\/div>\n\t\t<div class=\"elementor-element elementor-element-996e13c e-con-full e-flex e-con e-child\" data-id=\"996e13c\" data-element_type=\"container\" data-e-type=\"container\">\n\t\t\t\t<div class=\"elementor-element elementor-element-60dab5d elementor-widget elementor-widget-image\" data-id=\"60dab5d\" data-element_type=\"widget\" data-e-type=\"widget\" data-widget_type=\"image.default\">\n\t\t\t\t<div class=\"elementor-widget-container\">\n\t\t\t\t\t\t\t\t\t\t\t\t\t\t\t<img loading=\"lazy\" decoding=\"async\" width=\"724\" height=\"1024\" src=\"https:\/\/costablanca-magazin.com\/wp-content\/uploads\/2025\/06\/Calpe-Konzert-Union-Ifach-724x1024.jpg\" class=\"attachment-large size-large wp-image-7600\" alt=\"Calpe Concert Union Ifach\" srcset=\"https:\/\/costablanca-magazin.com\/wp-content\/uploads\/2025\/06\/Calpe-Konzert-Union-Ifach-724x1024.jpg 724w, https:\/\/costablanca-magazin.com\/wp-content\/uploads\/2025\/06\/Calpe-Konzert-Union-Ifach-212x300.jpg 212w, https:\/\/costablanca-magazin.com\/wp-content\/uploads\/2025\/06\/Calpe-Konzert-Union-Ifach-768x1087.jpg 768w, https:\/\/costablanca-magazin.com\/wp-content\/uploads\/2025\/06\/Calpe-Konzert-Union-Ifach.jpg 848w\" sizes=\"(max-width: 724px) 100vw, 724px\" \/>\t\t\t\t\t\t\t\t\t\t\t\t\t\t\t<\/div>\n\t\t\t\t<\/div>\n\t\t\t\t<div class=\"elementor-element elementor-element-e79e699 elementor-widget elementor-widget-image\" data-id=\"e79e699\" data-element_type=\"widget\" data-e-type=\"widget\" data-widget_type=\"image.default\">\n\t\t\t\t<div class=\"elementor-widget-container\">\n\t\t\t\t\t\t\t\t\t\t\t\t\t\t\t<img loading=\"lazy\" decoding=\"async\" width=\"800\" height=\"600\" src=\"https:\/\/costablanca-magazin.com\/wp-content\/uploads\/2025\/06\/Benissa-1024x768.jpg\" class=\"attachment-large size-large wp-image-7597\" alt=\"Benissa\" srcset=\"https:\/\/costablanca-magazin.com\/wp-content\/uploads\/2025\/06\/Benissa-1024x768.jpg 1024w, https:\/\/costablanca-magazin.com\/wp-content\/uploads\/2025\/06\/Benissa-300x225.jpg 300w, https:\/\/costablanca-magazin.com\/wp-content\/uploads\/2025\/06\/Benissa-768x576.jpg 768w, https:\/\/costablanca-magazin.com\/wp-content\/uploads\/2025\/06\/Benissa.jpg 1200w\" sizes=\"(max-width: 800px) 100vw, 800px\" \/>\t\t\t\t\t\t\t\t\t\t\t\t\t\t\t<\/div>\n\t\t\t\t<\/div>\n\t\t\t\t<div class=\"elementor-element elementor-element-72a39c2 elementor-widget__width-initial elementor-widget elementor-widget-image\" data-id=\"72a39c2\" data-element_type=\"widget\" data-e-type=\"widget\" data-widget_type=\"image.default\">\n\t\t\t\t<div class=\"elementor-widget-container\">\n\t\t\t\t\t\t\t\t\t\t\t\t\t\t\t<img loading=\"lazy\" decoding=\"async\" width=\"1200\" height=\"800\" src=\"https:\/\/costablanca-magazin.com\/wp-content\/uploads\/2025\/06\/Moros-y-Cristianos-Benissa.jpg\" class=\"attachment-full size-full wp-image-7618\" alt=\"Moros y Cristianos Benissa 1\" srcset=\"https:\/\/costablanca-magazin.com\/wp-content\/uploads\/2025\/06\/Moros-y-Cristianos-Benissa.jpg 1200w, https:\/\/costablanca-magazin.com\/wp-content\/uploads\/2025\/06\/Moros-y-Cristianos-Benissa-300x200.jpg 300w, https:\/\/costablanca-magazin.com\/wp-content\/uploads\/2025\/06\/Moros-y-Cristianos-Benissa-1024x683.jpg 1024w, https:\/\/costablanca-magazin.com\/wp-content\/uploads\/2025\/06\/Moros-y-Cristianos-Benissa-768x512.jpg 768w\" sizes=\"(max-width: 1200px) 100vw, 1200px\" \/>\t\t\t\t\t\t\t\t\t\t\t\t\t\t\t<\/div>\n\t\t\t\t<\/div>\n\t\t\t\t<\/div>\n\t\t\t\t\t<\/div>\n\t\t\t\t<\/div>\n\t\t<div class=\"elementor-element elementor-element-60368c1 e-flex e-con-boxed e-con e-parent\" data-id=\"60368c1\" data-element_type=\"container\" data-e-type=\"container\">\n\t\t\t\t\t<div class=\"e-con-inner\">\n\t\t<div class=\"elementor-element elementor-element-872a911 e-con-full e-flex e-con e-child\" data-id=\"872a911\" data-element_type=\"container\" data-e-type=\"container\">\n\t\t\t\t<div class=\"elementor-element elementor-element-573f85b elementor-widget__width-initial elementor-widget elementor-widget-image\" data-id=\"573f85b\" data-element_type=\"widget\" data-e-type=\"widget\" data-widget_type=\"image.default\">\n\t\t\t\t<div class=\"elementor-widget-container\">\n\t\t\t\t\t\t\t\t\t\t\t\t\t\t\t<img loading=\"lazy\" decoding=\"async\" width=\"1200\" height=\"500\" src=\"https:\/\/costablanca-magazin.com\/wp-content\/uploads\/2025\/06\/Low-Festival-Benidorm.jpg\" class=\"attachment-full size-full wp-image-7615\" alt=\"Low Festival Benidorm\" srcset=\"https:\/\/costablanca-magazin.com\/wp-content\/uploads\/2025\/06\/Low-Festival-Benidorm.jpg 1200w, https:\/\/costablanca-magazin.com\/wp-content\/uploads\/2025\/06\/Low-Festival-Benidorm-300x125.jpg 300w, https:\/\/costablanca-magazin.com\/wp-content\/uploads\/2025\/06\/Low-Festival-Benidorm-1024x427.jpg 1024w, https:\/\/costablanca-magazin.com\/wp-content\/uploads\/2025\/06\/Low-Festival-Benidorm-768x320.jpg 768w\" sizes=\"(max-width: 1200px) 100vw, 1200px\" \/>\t\t\t\t\t\t\t\t\t\t\t\t\t\t\t<\/div>\n\t\t\t\t<\/div>\n\t\t\t\t<div class=\"elementor-element elementor-element-e6b2a23 elementor-widget elementor-widget-image\" data-id=\"e6b2a23\" data-element_type=\"widget\" data-e-type=\"widget\" data-widget_type=\"image.default\">\n\t\t\t\t<div class=\"elementor-widget-container\">\n\t\t\t\t\t\t\t\t\t\t\t\t\t\t\t<img loading=\"lazy\" decoding=\"async\" width=\"853\" height=\"1200\" src=\"https:\/\/costablanca-magazin.com\/wp-content\/uploads\/2025\/06\/Les-ones-Benidorm.jpg\" class=\"attachment-full size-full wp-image-7614\" alt=\"Les ones Benidorm\" srcset=\"https:\/\/costablanca-magazin.com\/wp-content\/uploads\/2025\/06\/Les-ones-Benidorm.jpg 853w, https:\/\/costablanca-magazin.com\/wp-content\/uploads\/2025\/06\/Les-ones-Benidorm-213x300.jpg 213w, https:\/\/costablanca-magazin.com\/wp-content\/uploads\/2025\/06\/Les-ones-Benidorm-728x1024.jpg 728w, https:\/\/costablanca-magazin.com\/wp-content\/uploads\/2025\/06\/Les-ones-Benidorm-768x1080.jpg 768w\" sizes=\"(max-width: 853px) 100vw, 853px\" \/>\t\t\t\t\t\t\t\t\t\t\t\t\t\t\t<\/div>\n\t\t\t\t<\/div>\n\t\t\t\t<div class=\"elementor-element elementor-element-6ebe139 elementor-widget elementor-widget-image\" data-id=\"6ebe139\" data-element_type=\"widget\" data-e-type=\"widget\" data-widget_type=\"image.default\">\n\t\t\t\t<div class=\"elementor-widget-container\">\n\t\t\t\t\t\t\t\t\t\t\t\t\t\t\t<img loading=\"lazy\" decoding=\"async\" width=\"1200\" height=\"500\" src=\"https:\/\/costablanca-magazin.com\/wp-content\/uploads\/2025\/06\/Bous-a-la-mar.jpg\" class=\"attachment-full size-full wp-image-7598\" alt=\"Bous aan zee\" srcset=\"https:\/\/costablanca-magazin.com\/wp-content\/uploads\/2025\/06\/Bous-a-la-mar.jpg 1200w, https:\/\/costablanca-magazin.com\/wp-content\/uploads\/2025\/06\/Bous-a-la-mar-300x125.jpg 300w, https:\/\/costablanca-magazin.com\/wp-content\/uploads\/2025\/06\/Bous-a-la-mar-1024x427.jpg 1024w, https:\/\/costablanca-magazin.com\/wp-content\/uploads\/2025\/06\/Bous-a-la-mar-768x320.jpg 768w\" sizes=\"(max-width: 1200px) 100vw, 1200px\" \/>\t\t\t\t\t\t\t\t\t\t\t\t\t\t\t<\/div>\n\t\t\t\t<\/div>\n\t\t\t\t<div class=\"elementor-element elementor-element-30c6a55 elementor-widget elementor-widget-image\" data-id=\"30c6a55\" data-element_type=\"widget\" data-e-type=\"widget\" data-widget_type=\"image.default\">\n\t\t\t\t<div class=\"elementor-widget-container\">\n\t\t\t\t\t\t\t\t\t\t\t\t\t\t\t<img loading=\"lazy\" decoding=\"async\" width=\"960\" height=\"1200\" src=\"https:\/\/costablanca-magazin.com\/wp-content\/uploads\/2025\/06\/Balls-Denia.jpg\" class=\"attachment-full size-full wp-image-7596\" alt=\"Ballen Denia\" srcset=\"https:\/\/costablanca-magazin.com\/wp-content\/uploads\/2025\/06\/Balls-Denia.jpg 960w, https:\/\/costablanca-magazin.com\/wp-content\/uploads\/2025\/06\/Balls-Denia-240x300.jpg 240w, https:\/\/costablanca-magazin.com\/wp-content\/uploads\/2025\/06\/Balls-Denia-819x1024.jpg 819w, https:\/\/costablanca-magazin.com\/wp-content\/uploads\/2025\/06\/Balls-Denia-768x960.jpg 768w\" sizes=\"(max-width: 960px) 100vw, 960px\" \/>\t\t\t\t\t\t\t\t\t\t\t\t\t\t\t<\/div>\n\t\t\t\t<\/div>\n\t\t\t\t<div class=\"elementor-element elementor-element-5f7a5fa elementor-widget elementor-widget-image\" data-id=\"5f7a5fa\" data-element_type=\"widget\" data-e-type=\"widget\" data-widget_type=\"image.default\">\n\t\t\t\t<div class=\"elementor-widget-container\">\n\t\t\t\t\t\t\t\t\t\t\t\t\t\t\t<img loading=\"lazy\" decoding=\"async\" width=\"960\" height=\"1200\" src=\"https:\/\/costablanca-magazin.com\/wp-content\/uploads\/2025\/06\/Denia-Tejido.jpg\" class=\"attachment-full size-full wp-image-7607\" alt=\"Denia Tejido\" srcset=\"https:\/\/costablanca-magazin.com\/wp-content\/uploads\/2025\/06\/Denia-Tejido.jpg 960w, https:\/\/costablanca-magazin.com\/wp-content\/uploads\/2025\/06\/Denia-Tejido-240x300.jpg 240w, https:\/\/costablanca-magazin.com\/wp-content\/uploads\/2025\/06\/Denia-Tejido-819x1024.jpg 819w, https:\/\/costablanca-magazin.com\/wp-content\/uploads\/2025\/06\/Denia-Tejido-768x960.jpg 768w\" sizes=\"(max-width: 960px) 100vw, 960px\" \/>\t\t\t\t\t\t\t\t\t\t\t\t\t\t\t<\/div>\n\t\t\t\t<\/div>\n\t\t\t\t<\/div>\n\t\t<div class=\"elementor-element elementor-element-657a136 e-con-full e-flex e-con e-child\" data-id=\"657a136\" data-element_type=\"container\" data-e-type=\"container\">\n\t\t\t\t<div class=\"elementor-element elementor-element-279c4fe elementor-widget elementor-widget-heading\" data-id=\"279c4fe\" data-element_type=\"widget\" data-e-type=\"widget\" data-widget_type=\"heading.default\">\n\t\t\t\t<div class=\"elementor-widget-container\">\n\t\t\t\t\t<h3 class=\"elementor-heading-title elementor-size-default\">Benidorm<\/h3>\t\t\t\t<\/div>\n\t\t\t\t<\/div>\n\t\t\t\t<div class=\"elementor-element elementor-element-5002e33 elementor-widget__width-initial elementor-widget elementor-widget-text-editor\" data-id=\"5002e33\" data-element_type=\"widget\" data-e-type=\"widget\" data-widget_type=\"text-editor.default\">\n\t\t\t\t<div class=\"elementor-widget-container\">\n\t\t\t\t\t\t\t\t\t<p>- 14 juni tot 23 juni in verschillende restaurants in de oude stad <br \/>en in het centrum van Benidorm - Semana de la Tapa<br \/>- Van 26 juli tot 2 juli in het Guillermo Amor-stadion, Benidorm - Low Festival Benidorm<br \/>- Op 17 juni om 16:30 in de Hort de Colon (c\/ Tom\u00e1s Ortu\u00f1o, 16) <br \/>een vertelevenement voor senioren met Susu Ben\u00edtez, waar verhalen en legendes worden verteld die onze herinneringen vormen. <br \/>- 20 juni tot 22 juni in Benidorm - Campeonato de Espa\u00f1a Mapfre de Tenis Playa 2025:<br \/>\u2192 Op 20 en 21 juni worden de spelen gehouden in Playa de Poniente (Avda. Armada Espa\u00f1ola).<br \/>\u2192 De wedstrijden vinden plaats op 22 juni in het Colegio Internacional Lope de Vega. <br \/>- Op 20 juni om 18:00 uur geeft seksuoloog Rose Polo een lezing over gezonde en respectvolle seksualiteit in het Edificio Torrej\u00f3 (5e verdieping). <br \/>- Van 26 juni tot 28 juni dagelijks om 20:30 Festival de Dansa al Carrer \u201eLES ONES\u201c.\u201c <br \/>\u2192 Op 26 juni op het Plaza SS.MM los Reyes de Espa\u00f1a<br \/>\u2192 Op 27 en 28 juni op het Plaza del Castillo<\/p>\t\t\t\t\t\t\t\t<\/div>\n\t\t\t\t<\/div>\n\t\t\t\t<div class=\"elementor-element elementor-element-154f777 elementor-widget elementor-widget-spacer\" data-id=\"154f777\" data-element_type=\"widget\" data-e-type=\"widget\" data-widget_type=\"spacer.default\">\n\t\t\t\t<div class=\"elementor-widget-container\">\n\t\t\t\t\t\t\t<div class=\"elementor-spacer\">\n\t\t\t<div class=\"elementor-spacer-inner\"><\/div>\n\t\t<\/div>\n\t\t\t\t\t\t<\/div>\n\t\t\t\t<\/div>\n\t\t\t\t<div class=\"elementor-element elementor-element-3e9eec5 elementor-widget elementor-widget-heading\" data-id=\"3e9eec5\" data-element_type=\"widget\" data-e-type=\"widget\" data-widget_type=\"heading.default\">\n\t\t\t\t<div class=\"elementor-widget-container\">\n\t\t\t\t\t<h3 class=\"elementor-heading-title elementor-size-default\">Denia\n<\/h3>\t\t\t\t<\/div>\n\t\t\t\t<\/div>\n\t\t\t\t<div class=\"elementor-element elementor-element-9a6fc35 elementor-widget-divider--separator-type-pattern elementor-widget-divider--view-line elementor-widget elementor-widget-divider\" data-id=\"9a6fc35\" data-element_type=\"widget\" data-e-type=\"widget\" data-widget_type=\"divider.default\">\n\t\t\t\t<div class=\"elementor-widget-container\">\n\t\t\t\t\t\t\t<div class=\"elementor-divider\" style=\"--divider-pattern-url: url(&quot;data:image\/svg+xml,%3Csvg xmlns=&#039;http:\/\/www.w3.org\/2000\/svg&#039; preserveAspectRatio=&#039;none&#039; overflow=&#039;visible&#039; height=&#039;100%&#039; viewBox=&#039;0 0 24 24&#039; fill=&#039;none&#039; stroke=&#039;black&#039; stroke-width=&#039;1.5&#039; stroke-linecap=&#039;square&#039; stroke-miterlimit=&#039;10&#039;%3E%3Cpath d=&#039;M0,6c6,0,0.9,11.1,6.9,11.1S18,6,24,6&#039;\/%3E%3C\/svg%3E&quot;);\">\n\t\t\t<span class=\"elementor-divider-separator\">\n\t\t\t\t\t\t<\/span>\n\t\t<\/div>\n\t\t\t\t\t\t<\/div>\n\t\t\t\t<\/div>\n\t\t\t\t<div class=\"elementor-element elementor-element-6df83ba elementor-widget elementor-widget-text-editor\" data-id=\"6df83ba\" data-element_type=\"widget\" data-e-type=\"widget\" data-widget_type=\"text-editor.default\">\n\t\t\t\t<div class=\"elementor-widget-container\">\n\t\t\t\t\t\t\t\t\t<h4>18 juni - 19.00 - Restaurant Caval, haven van D\u00e9nia<br \/>ANUDAR ZAKELIJKE BIJEENKOMST<br \/>Doe je zaken aan de Costa Blanca? Dan nodigen we je van harte uit voor onze zakelijke netwerkavond. In de stijlvolle setting van restaurant Caval ontmoeten ondernemers en beslissers uit verschillende sectoren elkaar voor een persoonlijke dialoog.<br \/>Grijp de kans om waardevolle contacten te leggen en je netwerk doelgericht uit te breiden - want een goed netwerk is het sterkst als je het al hebt.<br \/>Aanmelding aanbevolen via: https:\/\/business-cb.es<\/h4>\t\t\t\t\t\t\t\t<\/div>\n\t\t\t\t<\/div>\n\t\t\t\t<div class=\"elementor-element elementor-element-392b4cf elementor-widget-divider--separator-type-pattern elementor-widget-divider--view-line elementor-widget elementor-widget-divider\" data-id=\"392b4cf\" data-element_type=\"widget\" data-e-type=\"widget\" data-widget_type=\"divider.default\">\n\t\t\t\t<div class=\"elementor-widget-container\">\n\t\t\t\t\t\t\t<div class=\"elementor-divider\" style=\"--divider-pattern-url: url(&quot;data:image\/svg+xml,%3Csvg xmlns=&#039;http:\/\/www.w3.org\/2000\/svg&#039; preserveAspectRatio=&#039;none&#039; overflow=&#039;visible&#039; height=&#039;100%&#039; viewBox=&#039;0 0 24 24&#039; fill=&#039;none&#039; stroke=&#039;black&#039; stroke-width=&#039;1.5&#039; stroke-linecap=&#039;square&#039; stroke-miterlimit=&#039;10&#039;%3E%3Cpath d=&#039;M0,6c6,0,0.9,11.1,6.9,11.1S18,6,24,6&#039;\/%3E%3C\/svg%3E&quot;);\">\n\t\t\t<span class=\"elementor-divider-separator\">\n\t\t\t\t\t\t<\/span>\n\t\t<\/div>\n\t\t\t\t\t\t<\/div>\n\t\t\t\t<\/div>\n\t\t\t\t<div class=\"elementor-element elementor-element-68f9396 elementor-widget__width-initial elementor-widget elementor-widget-text-editor\" data-id=\"68f9396\" data-element_type=\"widget\" data-e-type=\"widget\" data-widget_type=\"text-editor.default\">\n\t\t\t\t<div class=\"elementor-widget-container\">\n\t\t\t\t\t\t\t\t\t<p>- 15 juni om 09:00 uur in de straten van D\u00e9nia het XIe Concurs de Pintura R\u00e0pida <br \/>\u201eCiutat de D\u00e9nia\u201c <br \/>- 19 juni om 20:15 in het Teatre Auditori de documentaire \u201eTejiendo Rebeld\u00edas. <br \/>Mujeres en la lucha\u201c door Pau Soler gevolgd door een discussie<br \/>- 19 juni om 11:00 uur in het Casa de Cultura, Sala Gran, de tentoonstelling <br \/>\u201eXXIX Fotogr\u00e0fic Concurs Lact\u00e0ncia Materna Marina Alta\u201c geopend<br \/>- 21 juni om 11:00 uur in het Casa de Cultura, Sala Gran - Prijsuitreiking van de <br \/>\u201eXXIX Fotogr\u00e0fic Concurs Lact\u00e0ncia Materna Marina Alta\u201c.\u201c <br \/>- 22 juni om 19:30 in de Parr\u00f2quia de Sant Miquel - evenement \u201eBalls del Corpus\u201c met optocht naar de Parr\u00f2quia de l'Assumpci\u00f3<br \/>- 25 juni om 11:00 uur in het Casa de Cultura, Vest\u00edbul, de tentoonstelling <br \/>van de winnende werken van het \u201eXI Concurs de Pintura R\u00e0pida Ciutat de D\u00e9nia\u201c geopend <br \/>- Van 04 juli - 13 juli in de haven van D\u00e9nia - Fiestas Mayores de Denia y Bous a la Mar<br \/>\u2192 4 juli, 22:00 Festival Intergeneracional de la Canci\u00f3n FIC 2025 (Calle La V\u00eda)<br \/>\u2192 5 juli, 11:00 uur Aanvang van het Festa Major: optocht en uitreiking van de libriefjes <br \/>(Plaza de la Constituci\u00f3) <br \/>12:00-15:00 Cohete anunciador: Muziek &amp; animatie (Glorieta del Pa\u00eds Valenci\u00e0) <br \/>19:00 Anfang de toros en Bous a la mar (Marqu\u00e9s de Campo naar Plaza de toros <br \/>del puerto)<br \/>\u2192 6 juli, 10:00 uur Openbaar ontbijt met sardientjes en bier (parkeerplaats Lonja) <br \/>19:30 Bous a la mar (Puerto) <br \/>19:30 Dianium Dansa parade (Carlos Sent\u00ed &gt; Glorieta)<br \/>23:55-03:30 Orkest La Pato (Glorieta del Pa\u00eds Valenci\u00e0)<br \/>\u2192 7 juli, 19:30 Bous a la mar (Puerto)<br \/>21:00 Noche para nuestros mayores: muziek &amp; uitdelen van eten <br \/>(Parkeergarage bij het station)<br \/>\u2192 8 juli - D\u00eda del Fallero, 12:00 Paella kookshow (Marqu\u00e9s de Campo)<br \/>19:30 Bous a la mar (Puerto) <br \/>21:00 Benoeming van de Fallas-Cargos 2025-2026 (Calle La V\u00eda) <br \/>00:30 Correfoc Infernum met Dimonis Polopins (Marqu\u00e9s de Campo &gt; Plaza del Consell)<br \/>\u2192 9 juli - Dia de la Sant\u00edssima Sang, 19:30 Bous a la mar (Puerto)<br \/>\u2192 10 juli, 19:30 Bous a la mar (Puerto)<br \/>\u2192 11 juli (hele dag) 19:30 Bous a la mar (Puerto) 23:00 Orchester Platino <br \/>(Calle La V\u00eda)<br \/>\u2192 13 juli, 20:00 Caballos de Ensue\u00f1o paardenshow (Plaza de Bous a la mar)<\/p>\t\t\t\t\t\t\t\t<\/div>\n\t\t\t\t<\/div>\n\t\t\t\t<\/div>\n\t\t\t\t\t<\/div>\n\t\t\t\t<\/div>\n\t\t<div class=\"elementor-element elementor-element-f065926 e-flex e-con-boxed e-con e-parent\" data-id=\"f065926\" data-element_type=\"container\" data-e-type=\"container\">\n\t\t\t\t\t<div class=\"e-con-inner\">\n\t\t\t\t<div class=\"elementor-element elementor-element-008d0ae elementor-widget-divider--separator-type-pattern elementor-widget-divider--view-line elementor-widget elementor-widget-divider\" data-id=\"008d0ae\" data-element_type=\"widget\" data-e-type=\"widget\" data-widget_type=\"divider.default\">\n\t\t\t\t<div class=\"elementor-widget-container\">\n\t\t\t\t\t\t\t<div class=\"elementor-divider\" style=\"--divider-pattern-url: url(&quot;data:image\/svg+xml,%3Csvg xmlns=&#039;http:\/\/www.w3.org\/2000\/svg&#039; preserveAspectRatio=&#039;none&#039; overflow=&#039;visible&#039; height=&#039;100%&#039; viewBox=&#039;0 0 24 24&#039; fill=&#039;none&#039; stroke=&#039;black&#039; stroke-width=&#039;1.5&#039; stroke-linecap=&#039;square&#039; stroke-miterlimit=&#039;10&#039;%3E%3Cpath d=&#039;M0,6c6,0,0.9,11.1,6.9,11.1S18,6,24,6&#039;\/%3E%3C\/svg%3E&quot;);\">\n\t\t\t<span class=\"elementor-divider-separator\">\n\t\t\t\t\t\t<\/span>\n\t\t<\/div>\n\t\t\t\t\t\t<\/div>\n\t\t\t\t<\/div>\n\t\t\t\t\t<\/div>\n\t\t\t\t<\/div>\n\t\t<div class=\"elementor-element elementor-element-6815fd5 e-flex e-con-boxed e-con e-parent\" data-id=\"6815fd5\" data-element_type=\"container\" data-e-type=\"container\">\n\t\t\t\t\t<div class=\"e-con-inner\">\n\t\t\t\t<div class=\"elementor-element elementor-element-4a8a80e elementor-grid-3 elementor-grid-tablet-2 elementor-grid-mobile-1 elementor-posts--thumbnail-top elementor-posts--show-avatar elementor-card-shadow-yes elementor-posts__hover-gradient elementor-widget elementor-widget-posts\" data-id=\"4a8a80e\" data-element_type=\"widget\" data-e-type=\"widget\" data-settings=\"{&quot;cards_columns&quot;:&quot;3&quot;,&quot;cards_columns_tablet&quot;:&quot;2&quot;,&quot;cards_columns_mobile&quot;:&quot;1&quot;,&quot;cards_row_gap&quot;:{&quot;unit&quot;:&quot;px&quot;,&quot;size&quot;:35,&quot;sizes&quot;:[]},&quot;cards_row_gap_tablet&quot;:{&quot;unit&quot;:&quot;px&quot;,&quot;size&quot;:&quot;&quot;,&quot;sizes&quot;:[]},&quot;cards_row_gap_mobile&quot;:{&quot;unit&quot;:&quot;px&quot;,&quot;size&quot;:&quot;&quot;,&quot;sizes&quot;:[]}}\" data-widget_type=\"posts.cards\">\n\t\t\t\t<div class=\"elementor-widget-container\">\n\t\t\t\t\t\t\t<div class=\"elementor-posts-container elementor-posts elementor-posts--skin-cards elementor-grid\" role=\"list\">\n\t\t\t\t<article class=\"elementor-post elementor-grid-item post-6739 post type-post status-publish format-standard has-post-thumbnail hentry category-veranstaltungen-events tag-events-costablanca tag-fiesta-costablanca tag-mai-und-juni-veranstaltungen tag-moros-y-cristianos tag-patronatsfest tag-veranstaltungen-costa-blanca\" role=\"listitem\">\n\t\t\t<div class=\"elementor-post__card\">\n\t\t\t\t<a class=\"elementor-post__thumbnail__link\" href=\"https:\/\/costablanca-magazin.com\/nl\/freizeit\/veranstaltungen-events\/mai-juni-an-der-costa-blanca-top-events-erleben\/\" tabindex=\"-1\" ><div class=\"elementor-post__thumbnail\"><img loading=\"lazy\" decoding=\"async\" width=\"2048\" height=\"1366\" src=\"https:\/\/costablanca-magazin.com\/wp-content\/uploads\/2024\/09\/heart-shaped-hands-at-concert-music-concert-with-2023-11-27-05-35-30-utc-2048x1366.jpg\" class=\"attachment-2048x2048 size-2048x2048 wp-image-1910\" alt=\"Evenemententips Costa Blanca\" srcset=\"https:\/\/costablanca-magazin.com\/wp-content\/uploads\/2024\/09\/heart-shaped-hands-at-concert-music-concert-with-2023-11-27-05-35-30-utc-2048x1366.jpg 2048w, https:\/\/costablanca-magazin.com\/wp-content\/uploads\/2024\/09\/heart-shaped-hands-at-concert-music-concert-with-2023-11-27-05-35-30-utc-300x200.jpg 300w, https:\/\/costablanca-magazin.com\/wp-content\/uploads\/2024\/09\/heart-shaped-hands-at-concert-music-concert-with-2023-11-27-05-35-30-utc-1024x683.jpg 1024w, https:\/\/costablanca-magazin.com\/wp-content\/uploads\/2024\/09\/heart-shaped-hands-at-concert-music-concert-with-2023-11-27-05-35-30-utc-768x512.jpg 768w, https:\/\/costablanca-magazin.com\/wp-content\/uploads\/2024\/09\/heart-shaped-hands-at-concert-music-concert-with-2023-11-27-05-35-30-utc-1536x1025.jpg 1536w\" sizes=\"(max-width: 2048px) 100vw, 2048px\" \/><\/div><\/a>\n\t\t\t\t<div class=\"elementor-post__badge\">Evenementen<\/div>\n\t\t\t\t<div class=\"elementor-post__avatar\">\n\t\t\t\t\t<\/div>\n\t\t\t\t<div class=\"elementor-post__text\">\n\t\t\t\t<h3 class=\"elementor-post__title\">\n\t\t\t<a href=\"https:\/\/costablanca-magazin.com\/nl\/freizeit\/veranstaltungen-events\/mai-juni-an-der-costa-blanca-top-events-erleben\/\" >\n\t\t\t\tMei &amp; juni aan de Costa Blanca - beleef topevenementen\t\t\t<\/a>\n\t\t<\/h3>\n\t\t\t\t<\/div>\n\t\t\t\t\t<\/div>\n\t\t<\/article>\n\t\t\t\t<article class=\"elementor-post elementor-grid-item post-5678 post type-post status-publish format-standard has-post-thumbnail hentry category-veranstaltungen-events tag-costa-blanca-2 tag-veranstaltungen-costa-blanca tag-veranstaltungen-ostern\" role=\"listitem\">\n\t\t\t<div class=\"elementor-post__card\">\n\t\t\t\t<a class=\"elementor-post__thumbnail__link\" href=\"https:\/\/costablanca-magazin.com\/nl\/freizeit\/veranstaltungen-events\/costa-blanca-im-fruehlingserwachen-event-highlights\/\" tabindex=\"-1\" ><div class=\"elementor-post__thumbnail\"><img loading=\"lazy\" decoding=\"async\" width=\"1200\" height=\"800\" src=\"https:\/\/costablanca-magazin.com\/wp-content\/uploads\/2025\/04\/retro-microphone-for-outdoor-concert-party-2024-11-01-01-07-48-utc.jpg\" class=\"attachment-2048x2048 size-2048x2048 wp-image-6583\" alt=\"Lente in de Marina Alta: religieuze tradities, feesten en culturele hoogtepunten 1\" srcset=\"https:\/\/costablanca-magazin.com\/wp-content\/uploads\/2025\/04\/retro-microphone-for-outdoor-concert-party-2024-11-01-01-07-48-utc.jpg 1200w, https:\/\/costablanca-magazin.com\/wp-content\/uploads\/2025\/04\/retro-microphone-for-outdoor-concert-party-2024-11-01-01-07-48-utc-300x200.jpg 300w, https:\/\/costablanca-magazin.com\/wp-content\/uploads\/2025\/04\/retro-microphone-for-outdoor-concert-party-2024-11-01-01-07-48-utc-1024x683.jpg 1024w, https:\/\/costablanca-magazin.com\/wp-content\/uploads\/2025\/04\/retro-microphone-for-outdoor-concert-party-2024-11-01-01-07-48-utc-768x512.jpg 768w\" sizes=\"(max-width: 1200px) 100vw, 1200px\" \/><\/div><\/a>\n\t\t\t\t<div class=\"elementor-post__badge\">Evenementen<\/div>\n\t\t\t\t<div class=\"elementor-post__avatar\">\n\t\t\t\t\t<\/div>\n\t\t\t\t<div class=\"elementor-post__text\">\n\t\t\t\t<h3 class=\"elementor-post__title\">\n\t\t\t<a href=\"https:\/\/costablanca-magazin.com\/nl\/freizeit\/veranstaltungen-events\/costa-blanca-im-fruehlingserwachen-event-highlights\/\" >\n\t\t\t\tCosta Blanca in voorjaarsontwaken - hoogtepunten van het evenement\t\t\t<\/a>\n\t\t<\/h3>\n\t\t\t\t<\/div>\n\t\t\t\t\t<\/div>\n\t\t<\/article>\n\t\t\t\t<article class=\"elementor-post elementor-grid-item post-5073 post type-post status-publish format-standard has-post-thumbnail hentry category-veranstaltungen-events tag-alfaz-del-pi tag-altea tag-benidorm tag-benissa tag-calpe tag-costa-blanca tag-denia tag-fallas tag-javea tag-la-nucia tag-moraira tag-prozessionen-costa-blanca tag-semana-santa tag-teulada tag-veranstaltungen-costa-blanca tag-villajoyosa\" role=\"listitem\">\n\t\t\t<div class=\"elementor-post__card\">\n\t\t\t\t<a class=\"elementor-post__thumbnail__link\" href=\"https:\/\/costablanca-magazin.com\/nl\/freizeit\/veranstaltungen-events\/costa-blanca-ein-spannender-maerz-und-april-voller-events\/\" tabindex=\"-1\" ><div class=\"elementor-post__thumbnail\"><img loading=\"lazy\" decoding=\"async\" width=\"2048\" height=\"1368\" src=\"https:\/\/costablanca-magazin.com\/wp-content\/uploads\/2025\/03\/crowd-in-costumes-in-semana-santa-festival-capture-2025-02-04-09-02-01-utc-2048x1368.jpeg\" class=\"attachment-2048x2048 size-2048x2048 wp-image-5084\" alt=\"Culturele hoogtepunten aan de Costa Blanca: een spannende maart en april vol evenementen\" srcset=\"https:\/\/costablanca-magazin.com\/wp-content\/uploads\/2025\/03\/crowd-in-costumes-in-semana-santa-festival-capture-2025-02-04-09-02-01-utc-2048x1368.jpeg 2048w, https:\/\/costablanca-magazin.com\/wp-content\/uploads\/2025\/03\/crowd-in-costumes-in-semana-santa-festival-capture-2025-02-04-09-02-01-utc-300x200.jpeg 300w, https:\/\/costablanca-magazin.com\/wp-content\/uploads\/2025\/03\/crowd-in-costumes-in-semana-santa-festival-capture-2025-02-04-09-02-01-utc-1024x684.jpeg 1024w, https:\/\/costablanca-magazin.com\/wp-content\/uploads\/2025\/03\/crowd-in-costumes-in-semana-santa-festival-capture-2025-02-04-09-02-01-utc-768x513.jpeg 768w, https:\/\/costablanca-magazin.com\/wp-content\/uploads\/2025\/03\/crowd-in-costumes-in-semana-santa-festival-capture-2025-02-04-09-02-01-utc-1536x1026.jpeg 1536w\" sizes=\"(max-width: 2048px) 100vw, 2048px\" \/><\/div><\/a>\n\t\t\t\t<div class=\"elementor-post__badge\">Evenementen<\/div>\n\t\t\t\t<div class=\"elementor-post__avatar\">\n\t\t\t\t\t<\/div>\n\t\t\t\t<div class=\"elementor-post__text\">\n\t\t\t\t<h3 class=\"elementor-post__title\">\n\t\t\t<a href=\"https:\/\/costablanca-magazin.com\/nl\/freizeit\/veranstaltungen-events\/costa-blanca-ein-spannender-maerz-und-april-voller-events\/\" >\n\t\t\t\tCosta Blanca - Een spannende maart en april vol evenementen\t\t\t<\/a>\n\t\t<\/h3>\n\t\t\t\t<\/div>\n\t\t\t\t\t<\/div>\n\t\t<\/article>\n\t\t\t\t<\/div>\n\t\t\n\t\t\t\t\t\t<\/div>\n\t\t\t\t<\/div>\n\t\t\t\t\t<\/div>\n\t\t\t\t<\/div>\n\t\t\t\t<\/div>","protected":false},"excerpt":{"rendered":"<p>Juni und Juli Events &#8211; Der Sommer an der Costa Blanca Von Literatur bis Live-Musik \u2013 K\u00fcstenorte feiern Vielfalt und<\/p>","protected":false},"author":3,"featured_media":7592,"comment_status":"closed","ping_status":"closed","sticky":false,"template":"elementor_header_footer","format":"standard","meta":{"om_disable_all_campaigns":false,"_monsterinsights_skip_tracking":false,"_monsterinsights_sitenote_active":false,"_monsterinsights_sitenote_note":"","_monsterinsights_sitenote_category":0,"footnotes":""},"categories":[23],"tags":[910,133,914,913],"class_list":["post-7589","post","type-post","status-publish","format-standard","has-post-thumbnail","hentry","category-veranstaltungen-events","tag-events-costablanca","tag-fiesta-costablanca","tag-konzerte-alicante","tag-moros-y-cristianos-benissa"],"aioseo_notices":[],"_links":{"self":[{"href":"https:\/\/costablanca-magazin.com\/nl\/wp-json\/wp\/v2\/posts\/7589","targetHints":{"allow":["GET"]}}],"collection":[{"href":"https:\/\/costablanca-magazin.com\/nl\/wp-json\/wp\/v2\/posts"}],"about":[{"href":"https:\/\/costablanca-magazin.com\/nl\/wp-json\/wp\/v2\/types\/post"}],"author":[{"embeddable":true,"href":"https:\/\/costablanca-magazin.com\/nl\/wp-json\/wp\/v2\/users\/3"}],"replies":[{"embeddable":true,"href":"https:\/\/costablanca-magazin.com\/nl\/wp-json\/wp\/v2\/comments?post=7589"}],"version-history":[{"count":10,"href":"https:\/\/costablanca-magazin.com\/nl\/wp-json\/wp\/v2\/posts\/7589\/revisions"}],"predecessor-version":[{"id":11210,"href":"https:\/\/costablanca-magazin.com\/nl\/wp-json\/wp\/v2\/posts\/7589\/revisions\/11210"}],"wp:featuredmedia":[{"embeddable":true,"href":"https:\/\/costablanca-magazin.com\/nl\/wp-json\/wp\/v2\/media\/7592"}],"wp:attachment":[{"href":"https:\/\/costablanca-magazin.com\/nl\/wp-json\/wp\/v2\/media?parent=7589"}],"wp:term":[{"taxonomy":"category","embeddable":true,"href":"https:\/\/costablanca-magazin.com\/nl\/wp-json\/wp\/v2\/categories?post=7589"},{"taxonomy":"post_tag","embeddable":true,"href":"https:\/\/costablanca-magazin.com\/nl\/wp-json\/wp\/v2\/tags?post=7589"}],"curies":[{"name":"wp","href":"https:\/\/api.w.org\/{rel}","templated":true}]}}