{"id":7168,"date":"2025-05-26T09:00:00","date_gmt":"2025-05-26T07:00:00","guid":{"rendered":"https:\/\/costablanca-magazin.com\/?p=7168"},"modified":"2026-07-07T10:20:17","modified_gmt":"2026-07-07T08:20:17","slug":"de-kunstscene-van-de-costa-blanca-kunst-verbonden-met-het-dagelijks-leven","status":"publish","type":"post","link":"https:\/\/costablanca-magazin.com\/nl\/lokales\/infos\/die-kunstszene-der-costa-blanca-kunst-mit-alltag-verbunden\/","title":{"rendered":"De kunstsc\u00e8ne aan de Costa Blanca - kunst gecombineerd met het dagelijks leven"},"content":{"rendered":"<div data-elementor-type=\"wp-post\" data-elementor-id=\"7168\" class=\"elementor elementor-7168\" data-elementor-post-type=\"post\">\n\t\t\t\t<div class=\"elementor-element elementor-element-273e0c9 e-flex e-con-boxed e-con e-parent\" data-id=\"273e0c9\" data-element_type=\"container\" data-e-type=\"container\">\n\t\t\t\t\t<div class=\"e-con-inner\">\n\t\t\t\t<div class=\"elementor-element elementor-element-fe1c364 elementor-widget elementor-widget-heading\" data-id=\"fe1c364\" data-element_type=\"widget\" data-e-type=\"widget\" data-widget_type=\"heading.default\">\n\t\t\t\t<div class=\"elementor-widget-container\">\n\t\t\t\t\t<h1 class=\"elementor-heading-title elementor-size-default\">De kunstsc\u00e8ne aan de Costa Blanca - kunst gecombineerd met het dagelijks leven <\/h1>\t\t\t\t<\/div>\n\t\t\t\t<\/div>\n\t\t\t\t<div class=\"elementor-element elementor-element-7906581 elementor-widget elementor-widget-heading\" data-id=\"7906581\" data-element_type=\"widget\" data-e-type=\"widget\" data-widget_type=\"heading.default\">\n\t\t\t\t<div class=\"elementor-widget-container\">\n\t\t\t\t\t<p class=\"elementor-heading-title elementor-size-default\">Hoe kunst in Marina Alta en\nMarina Baixa zich verbindt met het dagelijks leven - zichtbaar\nzichtbaar, toegankelijk en verrassend divers.<\/p>\t\t\t\t<\/div>\n\t\t\t\t<\/div>\n\t\t\t\t<div class=\"elementor-element elementor-element-4ae12dc elementor-widget elementor-widget-image\" data-id=\"4ae12dc\" data-element_type=\"widget\" data-e-type=\"widget\" data-widget_type=\"image.default\">\n\t\t\t\t<div class=\"elementor-widget-container\">\n\t\t\t\t\t\t\t\t\t\t\t\t\t\t\t<img fetchpriority=\"high\" decoding=\"async\" width=\"1200\" height=\"675\" src=\"https:\/\/costablanca-magazin.com\/wp-content\/uploads\/2025\/05\/CBM-Kuenstler-Costablanca-Toni-Mari-13.jpg\" class=\"attachment-full size-full wp-image-7170\" alt=\"Tussen studiolicht en straatstof: de levendige kunstsc\u00e8ne aan de Costa Blanca\" srcset=\"https:\/\/costablanca-magazin.com\/wp-content\/uploads\/2025\/05\/CBM-Kuenstler-Costablanca-Toni-Mari-13.jpg 1200w, https:\/\/costablanca-magazin.com\/wp-content\/uploads\/2025\/05\/CBM-Kuenstler-Costablanca-Toni-Mari-13-300x169.jpg 300w, https:\/\/costablanca-magazin.com\/wp-content\/uploads\/2025\/05\/CBM-Kuenstler-Costablanca-Toni-Mari-13-1024x576.jpg 1024w, https:\/\/costablanca-magazin.com\/wp-content\/uploads\/2025\/05\/CBM-Kuenstler-Costablanca-Toni-Mari-13-768x432.jpg 768w\" sizes=\"(max-width: 1200px) 100vw, 1200px\" \/>\t\t\t\t\t\t\t\t\t\t\t\t\t\t\t<\/div>\n\t\t\t\t<\/div>\n\t\t\t\t\t<\/div>\n\t\t\t\t<\/div>\n\t\t<div class=\"elementor-element elementor-element-d0e2556 e-flex e-con-boxed e-con e-parent\" data-id=\"d0e2556\" data-element_type=\"container\" data-e-type=\"container\">\n\t\t\t\t\t<div class=\"e-con-inner\">\n\t\t<div class=\"elementor-element elementor-element-6a09732 e-con-full e-flex e-con e-child\" data-id=\"6a09732\" data-element_type=\"container\" data-e-type=\"container\">\n\t\t\t\t<div class=\"elementor-element elementor-element-6395a50 elementor-widget elementor-widget-text-editor\" data-id=\"6395a50\" data-element_type=\"widget\" data-e-type=\"widget\" data-widget_type=\"text-editor.default\">\n\t\t\t\t<div class=\"elementor-widget-container\">\n\t\t\t\t\t\t\t\t\t<p>Tussen toerisme en het dagelijks leven ontvouwt zich aan de Costa Blanca een kunstscene die niet schittert door grote musea, maar door nabijheid. Wie met open ogen reist, komt het bijna terloops tegen - in ateliers, op pleinen, op gevels.<\/p><p>In Altea, tussen witgekalkte muren en blauwe koepels, werken talloze kunstenaars in kleine ateliers. Sommigen verwelkomen spontaan bezoekers, anderen lijken zich af te zonderen - alleen zichtbaar via discrete bordjes. De Fundaci\u00f3n Eberhard Schlotter vormt een rustig centrum waar de Europese kunstgeschiedenis wordt gecultiveerd en voortgezet.<br \/>Met gevestigde galerie\u00ebn zoals de Isabel Bilbao Galer\u00eda de Arte of de Galer\u00eda Marqueze is J\u00e1vea een aanvulling op een scene die ook wordt gekenmerkt door open ateliers, creatieve workshops en kunstmarkten. Kunst wordt hier niet alleen bekeken, maar ook gedeeld en besproken.<br \/>De creatieve scene is ook aanwezig in D\u00e9nia en Benissa. Het Centro d'Art Taller d'Ivars is een van die plekken waar regelmatig tentoonstellingen, optredens en spontane projecten worden georganiseerd - vaak midden in het alledaagse stadsleven.<\/p><p><strong>Kunst die door het centrum van de stad loopt<\/strong><br \/>Niet elk artistiek werk heeft een omlijsting nodig. In Moraira vertellen beeldhouwwerken in rotondes over oude ambachten, de nabijheid van de zee en het agrarisch erfgoed.<br \/>Altea, aan de andere kant, gebruikt de promenade en de oude stad als een open tentoonstellingsruimte - moderne sculpturen gaan op natuurlijke wijze op in het stadslandschap.<br \/>In Alfaz del Pi zijn twee beeldentuinen te ontdekken: de Beeldentuin Klein-Schreuder met meer dan 40 permanente installaties en het Museo Delso, dat niet alleen kunst maar ook culturele evenementen in een rustige omgeving biedt.<\/p><p><strong>Een bijzonder open benadering <\/strong><strong>te zien in Els Poblets<\/strong><br \/>Het project Persianes amb Art, gestart in 2023, heeft een blijvende impact op het stadsbeeld. Meer dan 50 beschilderde luiken vertellen verhalen - over de zee, het leven, herinneringen. De werken zijn permanent zichtbaar en worden aangevuld met evenementen en nieuwe kunstactiviteiten.<\/p>\t\t\t\t\t\t\t\t<\/div>\n\t\t\t\t<\/div>\n\t\t\t\t<\/div>\n\t\t<div class=\"elementor-element elementor-element-cda841e e-con-full e-flex e-con e-child\" data-id=\"cda841e\" data-element_type=\"container\" data-e-type=\"container\">\n\t\t\t\t<div class=\"elementor-element elementor-element-15fe3b7 elementor-widget elementor-widget-gallery\" data-id=\"15fe3b7\" data-element_type=\"widget\" data-e-type=\"widget\" data-settings=\"{&quot;gallery_layout&quot;:&quot;justified&quot;,&quot;ideal_row_height&quot;:{&quot;unit&quot;:&quot;px&quot;,&quot;size&quot;:297,&quot;sizes&quot;:[]},&quot;gap&quot;:{&quot;unit&quot;:&quot;px&quot;,&quot;size&quot;:0,&quot;sizes&quot;:[]},&quot;lazyload&quot;:&quot;yes&quot;,&quot;ideal_row_height_tablet&quot;:{&quot;unit&quot;:&quot;px&quot;,&quot;size&quot;:150,&quot;sizes&quot;:[]},&quot;ideal_row_height_mobile&quot;:{&quot;unit&quot;:&quot;px&quot;,&quot;size&quot;:150,&quot;sizes&quot;:[]},&quot;gap_tablet&quot;:{&quot;unit&quot;:&quot;px&quot;,&quot;size&quot;:10,&quot;sizes&quot;:[]},&quot;gap_mobile&quot;:{&quot;unit&quot;:&quot;px&quot;,&quot;size&quot;:10,&quot;sizes&quot;:[]},&quot;link_to&quot;:&quot;file&quot;,&quot;overlay_background&quot;:&quot;yes&quot;,&quot;content_hover_animation&quot;:&quot;fade-in&quot;}\" data-widget_type=\"gallery.default\">\n\t\t\t\t<div class=\"elementor-widget-container\">\n\t\t\t\t\t\t\t<div class=\"elementor-gallery__container\">\n\t\t\t\t\t\t\t<a class=\"e-gallery-item elementor-gallery-item elementor-animated-content\" href=\"https:\/\/costablanca-magazin.com\/wp-content\/uploads\/2025\/05\/Alte-Costablanca-Magazin-15.jpg\" data-elementor-open-lightbox=\"yes\" data-elementor-lightbox-slideshow=\"15fe3b7\" data-elementor-lightbox-title=\"Zwischen  Atelierlicht und Stra\u00dfenstaub:  Die lebendige Kunstszene der Costa Blanca\" data-elementor-lightbox-description=\"Zwischen Atelierlicht und Stra\u00dfenstaub: Die lebendige Kunstszene der Costa Blanca\" data-e-action-hash=\"#elementor-action%3Aaction%3Dlightbox%26settings%3DeyJpZCI6NzE4MiwidXJsIjoiaHR0cHM6XC9cL2Nvc3RhYmxhbmNhLW1hZ2F6aW4uY29tXC93cC1jb250ZW50XC91cGxvYWRzXC8yMDI1XC8wNVwvQWx0ZS1Db3N0YWJsYW5jYS1NYWdhemluLTE1LmpwZyIsInNsaWRlc2hvdyI6IjE1ZmUzYjcifQ%3D%3D\">\n\t\t\t\t\t<div class=\"e-gallery-image elementor-gallery-item__image\" data-thumbnail=\"https:\/\/costablanca-magazin.com\/wp-content\/uploads\/2025\/05\/Alte-Costablanca-Magazin-15.jpg\" data-width=\"750\" data-height=\"1000\" aria-label=\"Tussen atelierlicht en straatstof: de levendige kunstscene van de Costa Blanca 11\" role=\"img\" ><\/div>\n\t\t\t\t\t\t\t\t\t\t\t<div class=\"elementor-gallery-item__overlay\"><\/div>\n\t\t\t\t\t\t\t\t\t\t\t\t\t\t<\/a>\n\t\t\t\t\t\t\t<a class=\"e-gallery-item elementor-gallery-item elementor-animated-content\" href=\"https:\/\/costablanca-magazin.com\/wp-content\/uploads\/2025\/05\/Alte-Costablanca-Magazin-1-1.jpg\" data-elementor-open-lightbox=\"yes\" data-elementor-lightbox-slideshow=\"15fe3b7\" data-elementor-lightbox-title=\"Zwischen  Atelierlicht und Stra\u00dfenstaub:  Die lebendige Kunstszene der Costa Blanca\" data-elementor-lightbox-description=\"Zwischen Atelierlicht und Stra\u00dfenstaub: Die lebendige Kunstszene der Costa Blanca\" data-e-action-hash=\"#elementor-action%3Aaction%3Dlightbox%26settings%3DeyJpZCI6NzE4MSwidXJsIjoiaHR0cHM6XC9cL2Nvc3RhYmxhbmNhLW1hZ2F6aW4uY29tXC93cC1jb250ZW50XC91cGxvYWRzXC8yMDI1XC8wNVwvQWx0ZS1Db3N0YWJsYW5jYS1NYWdhemluLTEtMS5qcGciLCJzbGlkZXNob3ciOiIxNWZlM2I3In0%3D\">\n\t\t\t\t\t<div class=\"e-gallery-image elementor-gallery-item__image\" data-thumbnail=\"https:\/\/costablanca-magazin.com\/wp-content\/uploads\/2025\/05\/Alte-Costablanca-Magazin-1-1.jpg\" data-width=\"750\" data-height=\"1000\" aria-label=\"Tussen atelierlicht en straatstof: de levendige kunstscene van de Costa Blanca 10\" role=\"img\" ><\/div>\n\t\t\t\t\t\t\t\t\t\t\t<div class=\"elementor-gallery-item__overlay\"><\/div>\n\t\t\t\t\t\t\t\t\t\t\t\t\t\t<\/a>\n\t\t\t\t\t\t\t<a class=\"e-gallery-item elementor-gallery-item elementor-animated-content\" href=\"https:\/\/costablanca-magazin.com\/wp-content\/uploads\/2025\/05\/Costablanca-Magazin-Altea-38.jpg\" data-elementor-open-lightbox=\"yes\" data-elementor-lightbox-slideshow=\"15fe3b7\" data-elementor-lightbox-title=\"Costablanca Magazin Altea (38)\" data-elementor-lightbox-description=\"Costablanca Magazin Altea (38)\" data-e-action-hash=\"#elementor-action%3Aaction%3Dlightbox%26settings%3DeyJpZCI6NzA4MSwidXJsIjoiaHR0cHM6XC9cL2Nvc3RhYmxhbmNhLW1hZ2F6aW4uY29tXC93cC1jb250ZW50XC91cGxvYWRzXC8yMDI1XC8wNVwvQ29zdGFibGFuY2EtTWFnYXppbi1BbHRlYS0zOC5qcGciLCJzbGlkZXNob3ciOiIxNWZlM2I3In0%3D\">\n\t\t\t\t\t<div class=\"e-gallery-image elementor-gallery-item__image\" data-thumbnail=\"https:\/\/costablanca-magazin.com\/wp-content\/uploads\/2025\/05\/Costablanca-Magazin-Altea-38.jpg\" data-width=\"1000\" data-height=\"563\" aria-label=\"Costablanca Magazine Altea (38)\" role=\"img\" ><\/div>\n\t\t\t\t\t\t\t\t\t\t\t<div class=\"elementor-gallery-item__overlay\"><\/div>\n\t\t\t\t\t\t\t\t\t\t\t\t\t\t<\/a>\n\t\t\t\t\t\t\t<a class=\"e-gallery-item elementor-gallery-item elementor-animated-content\" href=\"https:\/\/costablanca-magazin.com\/wp-content\/uploads\/2025\/05\/Costablanca-Magazin-Altea-6.jpg\" data-elementor-open-lightbox=\"yes\" data-elementor-lightbox-slideshow=\"15fe3b7\" data-elementor-lightbox-title=\"Costablanca Magazin Altea\" data-elementor-lightbox-description=\"Costablanca Magazin Altea \" data-e-action-hash=\"#elementor-action%3Aaction%3Dlightbox%26settings%3DeyJpZCI6NzE4NCwidXJsIjoiaHR0cHM6XC9cL2Nvc3RhYmxhbmNhLW1hZ2F6aW4uY29tXC93cC1jb250ZW50XC91cGxvYWRzXC8yMDI1XC8wNVwvQ29zdGFibGFuY2EtTWFnYXppbi1BbHRlYS02LmpwZyIsInNsaWRlc2hvdyI6IjE1ZmUzYjcifQ%3D%3D\">\n\t\t\t\t\t<div class=\"e-gallery-image elementor-gallery-item__image\" data-thumbnail=\"https:\/\/costablanca-magazin.com\/wp-content\/uploads\/2025\/05\/Costablanca-Magazin-Altea-6.jpg\" data-width=\"507\" data-height=\"1000\" aria-label=\"Costablanca Magazine Altea 1\" role=\"img\" ><\/div>\n\t\t\t\t\t\t\t\t\t\t\t<div class=\"elementor-gallery-item__overlay\"><\/div>\n\t\t\t\t\t\t\t\t\t\t\t\t\t\t<\/a>\n\t\t\t\t\t\t\t<a class=\"e-gallery-item elementor-gallery-item elementor-animated-content\" href=\"https:\/\/costablanca-magazin.com\/wp-content\/uploads\/2025\/05\/LR9B1906-Kopie.jpg\" data-elementor-open-lightbox=\"yes\" data-elementor-lightbox-slideshow=\"15fe3b7\" data-elementor-lightbox-title=\"Zwischen  Atelierlicht und Stra\u00dfenstaub:  Die lebendige Kunstszene der Costa Blanca\" data-elementor-lightbox-description=\"Zwischen Atelierlicht und Stra\u00dfenstaub: Die lebendige Kunstszene der Costa Blanca\" data-e-action-hash=\"#elementor-action%3Aaction%3Dlightbox%26settings%3DeyJpZCI6NzE3MywidXJsIjoiaHR0cHM6XC9cL2Nvc3RhYmxhbmNhLW1hZ2F6aW4uY29tXC93cC1jb250ZW50XC91cGxvYWRzXC8yMDI1XC8wNVwvTFI5QjE5MDYtS29waWUuanBnIiwic2xpZGVzaG93IjoiMTVmZTNiNyJ9\">\n\t\t\t\t\t<div class=\"e-gallery-image elementor-gallery-item__image\" data-thumbnail=\"https:\/\/costablanca-magazin.com\/wp-content\/uploads\/2025\/05\/LR9B1906-Kopie.jpg\" data-width=\"1200\" data-height=\"800\" aria-label=\"Tussen atelierlicht en straatstof: de levendige kunstscene van de Costa Blanca 3\" role=\"img\" ><\/div>\n\t\t\t\t\t\t\t\t\t\t\t<div class=\"elementor-gallery-item__overlay\"><\/div>\n\t\t\t\t\t\t\t\t\t\t\t\t\t\t<\/a>\n\t\t\t\t\t<\/div>\n\t\t\t\t\t<\/div>\n\t\t\t\t<\/div>\n\t\t\t\t<\/div>\n\t\t<div class=\"elementor-element elementor-element-ce21171 e-con-full e-flex e-con e-child\" data-id=\"ce21171\" data-element_type=\"container\" data-e-type=\"container\">\n\t\t\t\t<div class=\"elementor-element elementor-element-9bb9c3f elementor-widget elementor-widget-gallery\" data-id=\"9bb9c3f\" data-element_type=\"widget\" data-e-type=\"widget\" data-settings=\"{&quot;gallery_layout&quot;:&quot;justified&quot;,&quot;ideal_row_height&quot;:{&quot;unit&quot;:&quot;px&quot;,&quot;size&quot;:179,&quot;sizes&quot;:[]},&quot;gap&quot;:{&quot;unit&quot;:&quot;px&quot;,&quot;size&quot;:0,&quot;sizes&quot;:[]},&quot;lazyload&quot;:&quot;yes&quot;,&quot;ideal_row_height_tablet&quot;:{&quot;unit&quot;:&quot;px&quot;,&quot;size&quot;:150,&quot;sizes&quot;:[]},&quot;ideal_row_height_mobile&quot;:{&quot;unit&quot;:&quot;px&quot;,&quot;size&quot;:150,&quot;sizes&quot;:[]},&quot;gap_tablet&quot;:{&quot;unit&quot;:&quot;px&quot;,&quot;size&quot;:10,&quot;sizes&quot;:[]},&quot;gap_mobile&quot;:{&quot;unit&quot;:&quot;px&quot;,&quot;size&quot;:10,&quot;sizes&quot;:[]},&quot;link_to&quot;:&quot;file&quot;,&quot;overlay_background&quot;:&quot;yes&quot;,&quot;content_hover_animation&quot;:&quot;fade-in&quot;}\" data-widget_type=\"gallery.default\">\n\t\t\t\t<div class=\"elementor-widget-container\">\n\t\t\t\t\t\t\t<div class=\"elementor-gallery__container\">\n\t\t\t\t\t\t\t<a class=\"e-gallery-item elementor-gallery-item elementor-animated-content\" href=\"https:\/\/costablanca-magazin.com\/wp-content\/uploads\/2025\/05\/Klein-Schreuder-Sculpture-Garden-3.jpg\" data-elementor-open-lightbox=\"yes\" data-elementor-lightbox-slideshow=\"9bb9c3f\" data-elementor-lightbox-title=\"Zwischen  Atelierlicht und Stra\u00dfenstaub:  Die lebendige Kunstszene der Costa Blanca\" data-elementor-lightbox-description=\"Zwischen Atelierlicht und Stra\u00dfenstaub: Die lebendige Kunstszene der Costa Blanca\" data-e-action-hash=\"#elementor-action%3Aaction%3Dlightbox%26settings%3DeyJpZCI6NzE3OCwidXJsIjoiaHR0cHM6XC9cL2Nvc3RhYmxhbmNhLW1hZ2F6aW4uY29tXC93cC1jb250ZW50XC91cGxvYWRzXC8yMDI1XC8wNVwvS2xlaW4tU2NocmV1ZGVyLVNjdWxwdHVyZS1HYXJkZW4tMy5qcGciLCJzbGlkZXNob3ciOiI5YmI5YzNmIn0%3D\">\n\t\t\t\t\t<div class=\"e-gallery-image elementor-gallery-item__image\" data-thumbnail=\"https:\/\/costablanca-magazin.com\/wp-content\/uploads\/2025\/05\/Klein-Schreuder-Sculpture-Garden-3.jpg\" data-width=\"1200\" data-height=\"900\" aria-label=\"Tussen atelierlicht en straatstof: de levendige kunstscene van de Costa Blanca 8\" role=\"img\" ><\/div>\n\t\t\t\t\t\t\t\t\t\t\t<div class=\"elementor-gallery-item__overlay\"><\/div>\n\t\t\t\t\t\t\t\t\t\t\t\t\t\t<\/a>\n\t\t\t\t\t\t\t<a class=\"e-gallery-item elementor-gallery-item elementor-animated-content\" href=\"https:\/\/costablanca-magazin.com\/wp-content\/uploads\/2025\/05\/Klein-Schreuder-Sculpture-Garden-4-1.jpg\" data-elementor-open-lightbox=\"yes\" data-elementor-lightbox-slideshow=\"9bb9c3f\" data-elementor-lightbox-title=\"Zwischen  Atelierlicht und Stra\u00dfenstaub:  Die lebendige Kunstszene der Costa Blanca\" data-elementor-lightbox-description=\"Zwischen Atelierlicht und Stra\u00dfenstaub: Die lebendige Kunstszene der Costa Blanca\" data-e-action-hash=\"#elementor-action%3Aaction%3Dlightbox%26settings%3DeyJpZCI6NzE3OSwidXJsIjoiaHR0cHM6XC9cL2Nvc3RhYmxhbmNhLW1hZ2F6aW4uY29tXC93cC1jb250ZW50XC91cGxvYWRzXC8yMDI1XC8wNVwvS2xlaW4tU2NocmV1ZGVyLVNjdWxwdHVyZS1HYXJkZW4tNC0xLmpwZyIsInNsaWRlc2hvdyI6IjliYjljM2YifQ%3D%3D\">\n\t\t\t\t\t<div class=\"e-gallery-image elementor-gallery-item__image\" data-thumbnail=\"https:\/\/costablanca-magazin.com\/wp-content\/uploads\/2025\/05\/Klein-Schreuder-Sculpture-Garden-4-1.jpg\" data-width=\"1200\" data-height=\"901\" aria-label=\"Tussen atelierlicht en straatstof: de levendige kunstscene van de Costa Blanca 9\" role=\"img\" ><\/div>\n\t\t\t\t\t\t\t\t\t\t\t<div class=\"elementor-gallery-item__overlay\"><\/div>\n\t\t\t\t\t\t\t\t\t\t\t\t\t\t<\/a>\n\t\t\t\t\t\t\t<a class=\"e-gallery-item elementor-gallery-item elementor-animated-content\" href=\"https:\/\/costablanca-magazin.com\/wp-content\/uploads\/2025\/05\/Klein-Schreuder-Sculpture-Garden-2.jpg\" data-elementor-open-lightbox=\"yes\" data-elementor-lightbox-slideshow=\"9bb9c3f\" data-elementor-lightbox-title=\"Zwischen  Atelierlicht und Stra\u00dfenstaub:  Die lebendige Kunstszene der Costa Blanca\" data-elementor-lightbox-description=\"Zwischen Atelierlicht und Stra\u00dfenstaub: Die lebendige Kunstszene der Costa Blanca\" data-e-action-hash=\"#elementor-action%3Aaction%3Dlightbox%26settings%3DeyJpZCI6NzE3NywidXJsIjoiaHR0cHM6XC9cL2Nvc3RhYmxhbmNhLW1hZ2F6aW4uY29tXC93cC1jb250ZW50XC91cGxvYWRzXC8yMDI1XC8wNVwvS2xlaW4tU2NocmV1ZGVyLVNjdWxwdHVyZS1HYXJkZW4tMi5qcGciLCJzbGlkZXNob3ciOiI5YmI5YzNmIn0%3D\">\n\t\t\t\t\t<div class=\"e-gallery-image elementor-gallery-item__image\" data-thumbnail=\"https:\/\/costablanca-magazin.com\/wp-content\/uploads\/2025\/05\/Klein-Schreuder-Sculpture-Garden-2.jpg\" data-width=\"839\" data-height=\"1200\" aria-label=\"Tussen atelierlicht en straatstof: de levendige kunstscene van de Costa Blanca 7\" role=\"img\" ><\/div>\n\t\t\t\t\t\t\t\t\t\t\t<div class=\"elementor-gallery-item__overlay\"><\/div>\n\t\t\t\t\t\t\t\t\t\t\t\t\t\t<\/a>\n\t\t\t\t\t\t\t<a class=\"e-gallery-item elementor-gallery-item elementor-animated-content\" href=\"https:\/\/costablanca-magazin.com\/wp-content\/uploads\/2025\/05\/salzriese-Moraira-CorderchMalavi.jpg\" data-elementor-open-lightbox=\"yes\" data-elementor-lightbox-slideshow=\"9bb9c3f\" data-elementor-lightbox-title=\"Zwischen  Atelierlicht und Stra\u00dfenstaub:  Die lebendige Kunstszene der Costa Blanca\" data-elementor-lightbox-description=\"Zwischen Atelierlicht und Stra\u00dfenstaub: Die lebendige Kunstszene der Costa Blanca\" data-e-action-hash=\"#elementor-action%3Aaction%3Dlightbox%26settings%3DeyJpZCI6NzE3NSwidXJsIjoiaHR0cHM6XC9cL2Nvc3RhYmxhbmNhLW1hZ2F6aW4uY29tXC93cC1jb250ZW50XC91cGxvYWRzXC8yMDI1XC8wNVwvc2FsenJpZXNlLU1vcmFpcmEtQ29yZGVyY2hNYWxhdmkuanBnIiwic2xpZGVzaG93IjoiOWJiOWMzZiJ9\">\n\t\t\t\t\t<div class=\"e-gallery-image elementor-gallery-item__image\" data-thumbnail=\"https:\/\/costablanca-magazin.com\/wp-content\/uploads\/2025\/05\/salzriese-Moraira-CorderchMalavi.jpg\" data-width=\"1200\" data-height=\"695\" aria-label=\"Tussen atelierlicht en straatstof: de levendige kunstscene van de Costa Blanca 5\" role=\"img\" ><\/div>\n\t\t\t\t\t\t\t\t\t\t\t<div class=\"elementor-gallery-item__overlay\"><\/div>\n\t\t\t\t\t\t\t\t\t\t\t\t\t\t<\/a>\n\t\t\t\t\t\t\t<a class=\"e-gallery-item elementor-gallery-item elementor-animated-content\" href=\"https:\/\/costablanca-magazin.com\/wp-content\/uploads\/2025\/05\/Klein-Schreuder-Sculpture-Garden-1.jpg\" data-elementor-open-lightbox=\"yes\" data-elementor-lightbox-slideshow=\"9bb9c3f\" data-elementor-lightbox-title=\"Zwischen  Atelierlicht und Stra\u00dfenstaub:  Die lebendige Kunstszene der Costa Blanca\" data-elementor-lightbox-description=\"Zwischen Atelierlicht und Stra\u00dfenstaub: Die lebendige Kunstszene der Costa Blanca\" data-e-action-hash=\"#elementor-action%3Aaction%3Dlightbox%26settings%3DeyJpZCI6NzE3NiwidXJsIjoiaHR0cHM6XC9cL2Nvc3RhYmxhbmNhLW1hZ2F6aW4uY29tXC93cC1jb250ZW50XC91cGxvYWRzXC8yMDI1XC8wNVwvS2xlaW4tU2NocmV1ZGVyLVNjdWxwdHVyZS1HYXJkZW4tMS5qcGciLCJzbGlkZXNob3ciOiI5YmI5YzNmIn0%3D\">\n\t\t\t\t\t<div class=\"e-gallery-image elementor-gallery-item__image\" data-thumbnail=\"https:\/\/costablanca-magazin.com\/wp-content\/uploads\/2025\/05\/Klein-Schreuder-Sculpture-Garden-1.jpg\" data-width=\"838\" data-height=\"1200\" aria-label=\"Tussen atelierlicht en straatstof: de levendige kunstscene van de Costa Blanca 6\" role=\"img\" ><\/div>\n\t\t\t\t\t\t\t\t\t\t\t<div class=\"elementor-gallery-item__overlay\"><\/div>\n\t\t\t\t\t\t\t\t\t\t\t\t\t\t<\/a>\n\t\t\t\t\t\t\t<a class=\"e-gallery-item elementor-gallery-item elementor-animated-content\" href=\"https:\/\/costablanca-magazin.com\/wp-content\/uploads\/2025\/05\/CBM-Kuenstler-Costablanca-Toni-Mari-9.jpg\" data-elementor-open-lightbox=\"yes\" data-elementor-lightbox-slideshow=\"9bb9c3f\" data-elementor-lightbox-title=\"Zwischen  Atelierlicht und Stra\u00dfenstaub:  Die lebendige Kunstszene der Costa Blanca\" data-elementor-lightbox-description=\"Zwischen Atelierlicht und Stra\u00dfenstaub: Die lebendige Kunstszene der Costa Blanca\" data-e-action-hash=\"#elementor-action%3Aaction%3Dlightbox%26settings%3DeyJpZCI6NzE3NCwidXJsIjoiaHR0cHM6XC9cL2Nvc3RhYmxhbmNhLW1hZ2F6aW4uY29tXC93cC1jb250ZW50XC91cGxvYWRzXC8yMDI1XC8wNVwvQ0JNLUt1ZW5zdGxlci1Db3N0YWJsYW5jYS1Ub25pLU1hcmktOS5qcGciLCJzbGlkZXNob3ciOiI5YmI5YzNmIn0%3D\">\n\t\t\t\t\t<div class=\"e-gallery-image elementor-gallery-item__image\" data-thumbnail=\"https:\/\/costablanca-magazin.com\/wp-content\/uploads\/2025\/05\/CBM-Kuenstler-Costablanca-Toni-Mari-9.jpg\" data-width=\"1200\" data-height=\"900\" aria-label=\"Tussen atelierlicht en straatstof: de levendige kunstscene van de Costa Blanca 4\" role=\"img\" ><\/div>\n\t\t\t\t\t\t\t\t\t\t\t<div class=\"elementor-gallery-item__overlay\"><\/div>\n\t\t\t\t\t\t\t\t\t\t\t\t\t\t<\/a>\n\t\t\t\t\t<\/div>\n\t\t\t\t\t<\/div>\n\t\t\t\t<\/div>\n\t\t\t\t<\/div>\n\t\t<div class=\"elementor-element elementor-element-0a43534 e-con-full e-flex e-con e-child\" data-id=\"0a43534\" data-element_type=\"container\" data-e-type=\"container\">\n\t\t\t\t<div class=\"elementor-element elementor-element-69fab0b elementor-widget elementor-widget-text-editor\" data-id=\"69fab0b\" data-element_type=\"widget\" data-e-type=\"widget\" data-widget_type=\"text-editor.default\">\n\t\t\t\t<div class=\"elementor-widget-container\">\n\t\t\t\t\t\t\t\t\t<p>Kunst wordt ook onverwacht zichtbaar in het winkelcentrum Portal de la Marina in Ondara: in het project Escapararte worden etalages tentoonstellingsruimte - het publiek ontmoet schilderkunst, illustratie en fotografie op plekken waar ze nauwelijks kunst verwachten te zien.<\/p><p><strong>Een sc\u00e8ne, <\/strong><strong>ondersteund door uitwisseling<\/strong><br \/>Wat deze diversiteit mogelijk maakt zijn actieve netwerken: de Associaci\u00f3 d'Artistes de la Marina Alta brengt kunstenaars samen, cre\u00ebert ruimtes voor nieuwe idee\u00ebn en organiseert tentoonstellingen en workshops.<br \/>De Arts Society Marina Alta biedt daarentegen een platform voor iedereen die ge\u00efnteresseerd is in kunst - ongeacht taal of afkomst - met lezingen, excursies en open formats.<br \/>Het gaat hier niet om het spektakel, maar om de uitwisseling. Het gaat niet om grote namen, maar om levende cultuur - toegankelijk, generatie-overschrijdend en stevig verankerd in het dagelijks leven.<\/p><p><strong>Kunst als onderdeel van het dagelijks leven<\/strong><br \/>Aan de Costa Blanca heb je geen uitgebreide enscenering nodig om kunst te ervaren. Je kunt het zien in beschilderde winkels, in open ateliers, op verkeerseilanden en in rustige binnenplaatsen.<\/p><p><strong>Soms luid, soms stil - <\/strong><strong>maar altijd aanwezig<\/strong><br \/>Marina Alta en Marina Baixa bieden geen groot museumlandschap. Maar ze laten zien hoe cultuur een natuurlijk onderdeel van de openbare ruimte kan worden - levendig, toegankelijk en vaak slechts een blik verwijderd.<\/p>\t\t\t\t\t\t\t\t<\/div>\n\t\t\t\t<\/div>\n\t\t\t\t<\/div>\n\t\t\t\t\t<\/div>\n\t\t\t\t<\/div>\n\t\t\t\t<\/div>","protected":false},"excerpt":{"rendered":"<p>Die Kunstszene der Costa Blanca &#8211; Kunst mit Alltag verbunden Wie sich Kunst in Marina Alta und Marina Baixa mit dem Alltag verbindet \u2013 sichtbar, zug\u00e4nglich und \u00fcberraschend vielf\u00e4ltig. Zwischen Tourismus und Alltag entfaltet sich an der Costa Blanca eine Kunstszene, die nicht durch gro\u00dfe Museen gl\u00e4nzt, sondern durch N\u00e4he. Wer mit offenen Augen unterwegs [&hellip;]<\/p>\n","protected":false},"author":4,"featured_media":7170,"comment_status":"closed","ping_status":"closed","sticky":false,"template":"elementor_header_footer","format":"standard","meta":{"footnotes":""},"categories":[13],"tags":[1799],"class_list":["post-7168","post","type-post","status-publish","format-standard","has-post-thumbnail","hentry","category-infos","tag-kunst-kultur-costa-blanca"],"aioseo_notices":[],"aioseo_head":"\n\t\t<!-- All in One SEO Pro 5.0.1.1 - aioseo.com -->\n\t<meta name=\"description\" content=\"Zwischen Atelierlicht und Stra\u00dfenstaub - Wie sich Kunst in Marina Alta und Marina Baixa mit dem Alltag verbindet \u2013 sichtbar, zug\u00e4nglich und\u2026\" \/>\n\t<meta name=\"robots\" content=\"max-snippet:-1, max-image-preview:large, max-video-preview:-1\" \/>\n\t<meta name=\"author\" content=\"Costablanca Magazin Redaktion\"\/>\n\t<link rel=\"canonical\" href=\"https:\/\/costablanca-magazin.com\/nl\/lokales\/infos\/die-kunstszene-der-costa-blanca-kunst-mit-alltag-verbunden\/\" \/>\n\t<meta name=\"generator\" content=\"All in One SEO Pro (AIOSEO) 5.0.1.1\" \/>\n\t\t<meta property=\"og:locale\" content=\"nl_NL\" \/>\n\t\t<meta property=\"og:site_name\" content=\"Costa Blanca Magazine\" \/>\n\t\t<meta property=\"og:type\" content=\"article\" \/>\n\t\t<meta property=\"og:title\" content=\"Die Kunstszene der Costa Blanca - Kunst mit Alltag\u2026\" \/>\n\t\t<meta property=\"og:description\" content=\"Zwischen Atelierlicht und Stra\u00dfenstaub - Wie sich Kunst in Marina Alta und Marina Baixa mit dem Alltag verbindet \u2013 sichtbar, zug\u00e4nglich und\u2026\" \/>\n\t\t<meta property=\"og:url\" content=\"https:\/\/costablanca-magazin.com\/nl\/lokales\/infos\/die-kunstszene-der-costa-blanca-kunst-mit-alltag-verbunden\/\" \/>\n\t\t<meta property=\"og:image\" content=\"https:\/\/costablanca-magazin.com\/wp-content\/uploads\/2025\/05\/CBM-Kuenstler-Costablanca-Toni-Mari-13.jpg\" \/>\n\t\t<meta property=\"og:image:secure_url\" content=\"https:\/\/costablanca-magazin.com\/wp-content\/uploads\/2025\/05\/CBM-Kuenstler-Costablanca-Toni-Mari-13.jpg\" \/>\n\t\t<meta property=\"og:image:width\" content=\"1200\" \/>\n\t\t<meta property=\"og:image:height\" content=\"675\" \/>\n\t\t<meta property=\"article:published_time\" content=\"2025-05-26T07:00:00+00:00\" \/>\n\t\t<meta property=\"article:modified_time\" content=\"2026-07-07T08:20:17+00:00\" \/>\n\t\t<meta property=\"article:publisher\" content=\"https:\/\/www.facebook.com\/costablancalifestyle\/\" \/>\n\t\t<meta name=\"twitter:card\" content=\"summary_large_image\" \/>\n\t\t<meta name=\"twitter:title\" content=\"Die Kunstszene der Costa Blanca - Kunst mit Alltag\u2026\" \/>\n\t\t<meta name=\"twitter:description\" content=\"Zwischen Atelierlicht und Stra\u00dfenstaub - Wie sich Kunst in Marina Alta und Marina Baixa mit dem Alltag verbindet \u2013 sichtbar, zug\u00e4nglich und\u2026\" \/>\n\t\t<meta name=\"twitter:image\" content=\"https:\/\/costablanca-magazin.com\/wp-content\/uploads\/2025\/05\/CBM-Kuenstler-Costablanca-Toni-Mari-13.jpg\" \/>\n\t\t<script type=\"application\/ld+json\" class=\"aioseo-schema\">\n\t\t\t{\"@context\":\"https:\\\/\\\/schema.org\",\"@graph\":[{\"@type\":\"BreadcrumbList\",\"@id\":\"https:\\\/\\\/costablanca-magazin.com\\\/nl\\\/lokales\\\/infos\\\/die-kunstszene-der-costa-blanca-kunst-mit-alltag-verbunden\\\/#breadcrumblist\",\"itemListElement\":[{\"@type\":\"ListItem\",\"@id\":\"https:\\\/\\\/costablanca-magazin.com\\\/nl#listItem\",\"position\":1,\"name\":\"Home\",\"item\":\"https:\\\/\\\/costablanca-magazin.com\\\/nl\",\"nextItem\":{\"@type\":\"ListItem\",\"@id\":\"https:\\\/\\\/costablanca-magazin.com\\\/nl\\\/lokaal\\\/#listItem\",\"name\":\"Lokales\"}},{\"@type\":\"ListItem\",\"@id\":\"https:\\\/\\\/costablanca-magazin.com\\\/nl\\\/lokaal\\\/#listItem\",\"position\":2,\"name\":\"Lokales\",\"item\":\"https:\\\/\\\/costablanca-magazin.com\\\/nl\\\/lokaal\\\/\",\"nextItem\":{\"@type\":\"ListItem\",\"@id\":\"https:\\\/\\\/costablanca-magazin.com\\\/nl\\\/info\\\/#listItem\",\"name\":\"Infos\"},\"previousItem\":{\"@type\":\"ListItem\",\"@id\":\"https:\\\/\\\/costablanca-magazin.com\\\/nl#listItem\",\"name\":\"Home\"}},{\"@type\":\"ListItem\",\"@id\":\"https:\\\/\\\/costablanca-magazin.com\\\/nl\\\/info\\\/#listItem\",\"position\":3,\"name\":\"Infos\",\"item\":\"https:\\\/\\\/costablanca-magazin.com\\\/nl\\\/info\\\/\",\"nextItem\":{\"@type\":\"ListItem\",\"@id\":\"https:\\\/\\\/costablanca-magazin.com\\\/nl\\\/lokales\\\/infos\\\/die-kunstszene-der-costa-blanca-kunst-mit-alltag-verbunden\\\/#listItem\",\"name\":\"Die Kunstszene der Costa Blanca &#8211; Kunst mit Alltag verbunden\"},\"previousItem\":{\"@type\":\"ListItem\",\"@id\":\"https:\\\/\\\/costablanca-magazin.com\\\/nl\\\/lokaal\\\/#listItem\",\"name\":\"Lokales\"}},{\"@type\":\"ListItem\",\"@id\":\"https:\\\/\\\/costablanca-magazin.com\\\/nl\\\/lokales\\\/infos\\\/die-kunstszene-der-costa-blanca-kunst-mit-alltag-verbunden\\\/#listItem\",\"position\":4,\"name\":\"Die Kunstszene der Costa Blanca &#8211; Kunst mit Alltag verbunden\",\"previousItem\":{\"@type\":\"ListItem\",\"@id\":\"https:\\\/\\\/costablanca-magazin.com\\\/nl\\\/info\\\/#listItem\",\"name\":\"Infos\"}}]},{\"@type\":\"NewsArticle\",\"@id\":\"https:\\\/\\\/costablanca-magazin.com\\\/nl\\\/lokales\\\/infos\\\/die-kunstszene-der-costa-blanca-kunst-mit-alltag-verbunden\\\/#article\",\"name\":\"Die Kunstszene der Costa Blanca \\u2013 Kunst mit Alltag verbunden\",\"headline\":\"Die Kunstszene der Costa Blanca \\u2013 Kunst mit Alltag verbunden\",\"author\":{\"@id\":\"https:\\\/\\\/costablanca-magazin.com\\\/nl\\\/author\\\/costablanca-magazin-redaktion\\\/#author\"},\"publisher\":{\"@id\":\"https:\\\/\\\/costablanca-magazin.com\\\/nl\\\/#organization\"},\"image\":{\"@type\":\"ImageObject\",\"url\":\"https:\\\/\\\/costablanca-magazin.com\\\/wp-content\\\/uploads\\\/2025\\\/05\\\/CBM-Kuenstler-Costablanca-Toni-Mari-13.jpg\",\"width\":1200,\"height\":675,\"caption\":\"Die Kunstszene der Costa Blanca \\u2013 Kunst mit Alltag verbunden\"},\"datePublished\":\"2025-05-26T09:00:00+02:00\",\"dateModified\":\"2026-07-07T10:20:17+02:00\",\"inLanguage\":\"nl-NL\",\"mainEntityOfPage\":{\"@id\":\"https:\\\/\\\/costablanca-magazin.com\\\/nl\\\/lokales\\\/infos\\\/die-kunstszene-der-costa-blanca-kunst-mit-alltag-verbunden\\\/#webpage\"},\"isPartOf\":{\"@id\":\"https:\\\/\\\/costablanca-magazin.com\\\/nl\\\/lokales\\\/infos\\\/die-kunstszene-der-costa-blanca-kunst-mit-alltag-verbunden\\\/#webpage\"},\"articleSection\":\"Infos, Kunst &amp; Kultur\"},{\"@type\":\"Person\",\"@id\":\"https:\\\/\\\/costablanca-magazin.com\\\/nl\\\/author\\\/costablanca-magazin-redaktion\\\/#author\",\"url\":\"https:\\\/\\\/costablanca-magazin.com\\\/nl\\\/author\\\/costablanca-magazin-redaktion\\\/\",\"name\":\"Costablanca Magazin Redaktion\"},{\"@type\":\"WebPage\",\"@id\":\"https:\\\/\\\/costablanca-magazin.com\\\/nl\\\/lokales\\\/infos\\\/die-kunstszene-der-costa-blanca-kunst-mit-alltag-verbunden\\\/#webpage\",\"url\":\"https:\\\/\\\/costablanca-magazin.com\\\/nl\\\/lokales\\\/infos\\\/die-kunstszene-der-costa-blanca-kunst-mit-alltag-verbunden\\\/\",\"name\":\"Die Kunstszene der Costa Blanca - Kunst mit Alltag\\u2026\",\"description\":\"Zwischen Atelierlicht und Stra\\u00dfenstaub - Wie sich Kunst in Marina Alta und Marina Baixa mit dem Alltag verbindet \\u2013 sichtbar, zug\\u00e4nglich und\\u2026\",\"inLanguage\":\"nl-NL\",\"isPartOf\":{\"@id\":\"https:\\\/\\\/costablanca-magazin.com\\\/nl\\\/#website\"},\"breadcrumb\":{\"@id\":\"https:\\\/\\\/costablanca-magazin.com\\\/nl\\\/lokales\\\/infos\\\/die-kunstszene-der-costa-blanca-kunst-mit-alltag-verbunden\\\/#breadcrumblist\"},\"author\":{\"@id\":\"https:\\\/\\\/costablanca-magazin.com\\\/nl\\\/author\\\/costablanca-magazin-redaktion\\\/#author\"},\"creator\":{\"@id\":\"https:\\\/\\\/costablanca-magazin.com\\\/nl\\\/author\\\/costablanca-magazin-redaktion\\\/#author\"},\"image\":{\"@type\":\"ImageObject\",\"url\":\"https:\\\/\\\/costablanca-magazin.com\\\/wp-content\\\/uploads\\\/2025\\\/05\\\/CBM-Kuenstler-Costablanca-Toni-Mari-13.jpg\",\"@id\":\"https:\\\/\\\/costablanca-magazin.com\\\/nl\\\/lokales\\\/infos\\\/die-kunstszene-der-costa-blanca-kunst-mit-alltag-verbunden\\\/#mainImage\",\"width\":1200,\"height\":675,\"caption\":\"Die Kunstszene der Costa Blanca \\u2013 Kunst mit Alltag verbunden\"},\"primaryImageOfPage\":{\"@id\":\"https:\\\/\\\/costablanca-magazin.com\\\/nl\\\/lokales\\\/infos\\\/die-kunstszene-der-costa-blanca-kunst-mit-alltag-verbunden\\\/#mainImage\"},\"datePublished\":\"2025-05-26T09:00:00+02:00\",\"dateModified\":\"2026-07-07T10:20:17+02:00\",\"mainEntity\":{\"@id\":\"https:\\\/\\\/costablanca-magazin.com\\\/nl\\\/lokales\\\/infos\\\/die-kunstszene-der-costa-blanca-kunst-mit-alltag-verbunden\\\/#article\"}},{\"@type\":\"WebSite\",\"@id\":\"https:\\\/\\\/costablanca-magazin.com\\\/nl\\\/#website\",\"url\":\"https:\\\/\\\/costablanca-magazin.com\\\/nl\\\/\",\"name\":\"Costa Blanca Magazin\",\"description\":\"Costa Blanca - alles um das Leben und die Freizeit an der K\\u00fcste\",\"inLanguage\":\"nl-NL\",\"publisher\":{\"@id\":\"https:\\\/\\\/costablanca-magazin.com\\\/nl\\\/#organization\"},\"potentialAction\":{\"@type\":\"SearchAction\",\"target\":\"https:\\\/\\\/costablanca-magazin.com\\\/nl\\\/?s={search_term_string}\",\"query-input\":\"required name=search_term_string\"}},{\"@type\":[\"Organization\",\"NewsMediaOrganization\"],\"@id\":\"https:\\\/\\\/costablanca-magazin.com\\\/nl\\\/#organization\",\"name\":\"Costa Blanca Magazin\",\"description\":\"Costa Blanca Magazin\",\"url\":\"https:\\\/\\\/costablanca-magazin.com\\\/nl\\\/\",\"email\":\"info@costablanca-magazin.com\",\"telephone\":\"+34 663 946 871\",\"logo\":{\"@type\":\"ImageObject\",\"url\":\"https:\\\/\\\/costablanca-magazin.com\\\/wp-content\\\/uploads\\\/2024\\\/05\\\/logo.jpg\",\"@id\":\"https:\\\/\\\/costablanca-magazin.com\\\/nl\\\/lokales\\\/infos\\\/die-kunstszene-der-costa-blanca-kunst-mit-alltag-verbunden\\\/#organizationLogo\",\"width\":1605,\"height\":236,\"caption\":\"Costa Blanca Magazine\"},\"image\":{\"@id\":\"https:\\\/\\\/costablanca-magazin.com\\\/nl\\\/lokales\\\/infos\\\/die-kunstszene-der-costa-blanca-kunst-mit-alltag-verbunden\\\/#organizationLogo\"},\"sameAs\":[\"https:\\\/\\\/www.facebook.com\\\/costablancalifestyle\\\/\",\"https:\\\/\\\/www.instagram.com\\\/costablancamagazin\\\/\"]}]}\n\t\t<\/script>\n\t\t<!-- All in One SEO Pro -->\r\n\t\t<title>Die Kunstszene der Costa Blanca - Kunst mit Alltag\u2026<\/title>\n\n","aioseo_head_json":{"title":"De kunstsc\u00e8ne aan de Costa Blanca - kunst met het dagelijks leven...","description":"Tussen studiolicht en straatstof - Hoe kunst zich verbindt met het dagelijks leven in Marina Alta en Marina Baixa - zichtbaar, toegankelijk en...","canonical_url":"https:\/\/costablanca-magazin.com\/nl\/lokales\/infos\/die-kunstszene-der-costa-blanca-kunst-mit-alltag-verbunden\/","robots":"max-snippet:-1, max-image-preview:large, max-video-preview:-1","keywords":"","webmasterTools":{"miscellaneous":""},"schema":{"@context":"https:\/\/schema.org","@graph":[{"@type":"BreadcrumbList","@id":"https:\/\/costablanca-magazin.com\/nl\/lokales\/infos\/die-kunstszene-der-costa-blanca-kunst-mit-alltag-verbunden\/#breadcrumblist","itemListElement":[{"@type":"ListItem","@id":"https:\/\/costablanca-magazin.com\/nl#listItem","position":1,"name":"Home","item":"https:\/\/costablanca-magazin.com\/nl","nextItem":{"@type":"ListItem","@id":"https:\/\/costablanca-magazin.com\/nl\/lokaal\/#listItem","name":"Lokales"}},{"@type":"ListItem","@id":"https:\/\/costablanca-magazin.com\/nl\/lokaal\/#listItem","position":2,"name":"Lokales","item":"https:\/\/costablanca-magazin.com\/nl\/lokaal\/","nextItem":{"@type":"ListItem","@id":"https:\/\/costablanca-magazin.com\/nl\/info\/#listItem","name":"Infos"},"previousItem":{"@type":"ListItem","@id":"https:\/\/costablanca-magazin.com\/nl#listItem","name":"Home"}},{"@type":"ListItem","@id":"https:\/\/costablanca-magazin.com\/nl\/info\/#listItem","position":3,"name":"Infos","item":"https:\/\/costablanca-magazin.com\/nl\/info\/","nextItem":{"@type":"ListItem","@id":"https:\/\/costablanca-magazin.com\/nl\/lokales\/infos\/die-kunstszene-der-costa-blanca-kunst-mit-alltag-verbunden\/#listItem","name":"Die Kunstszene der Costa Blanca &#8211; Kunst mit Alltag verbunden"},"previousItem":{"@type":"ListItem","@id":"https:\/\/costablanca-magazin.com\/nl\/lokaal\/#listItem","name":"Lokales"}},{"@type":"ListItem","@id":"https:\/\/costablanca-magazin.com\/nl\/lokales\/infos\/die-kunstszene-der-costa-blanca-kunst-mit-alltag-verbunden\/#listItem","position":4,"name":"Die Kunstszene der Costa Blanca &#8211; Kunst mit Alltag verbunden","previousItem":{"@type":"ListItem","@id":"https:\/\/costablanca-magazin.com\/nl\/info\/#listItem","name":"Infos"}}]},{"@type":"NewsArticle","@id":"https:\/\/costablanca-magazin.com\/nl\/lokales\/infos\/die-kunstszene-der-costa-blanca-kunst-mit-alltag-verbunden\/#article","name":"Die Kunstszene der Costa Blanca \u2013 Kunst mit Alltag verbunden","headline":"Die Kunstszene der Costa Blanca \u2013 Kunst mit Alltag verbunden","author":{"@id":"https:\/\/costablanca-magazin.com\/nl\/author\/costablanca-magazin-redaktion\/#author"},"publisher":{"@id":"https:\/\/costablanca-magazin.com\/nl\/#organization"},"image":{"@type":"ImageObject","url":"https:\/\/costablanca-magazin.com\/wp-content\/uploads\/2025\/05\/CBM-Kuenstler-Costablanca-Toni-Mari-13.jpg","width":1200,"height":675,"caption":"Die Kunstszene der Costa Blanca \u2013 Kunst mit Alltag verbunden"},"datePublished":"2025-05-26T09:00:00+02:00","dateModified":"2026-07-07T10:20:17+02:00","inLanguage":"nl-NL","mainEntityOfPage":{"@id":"https:\/\/costablanca-magazin.com\/nl\/lokales\/infos\/die-kunstszene-der-costa-blanca-kunst-mit-alltag-verbunden\/#webpage"},"isPartOf":{"@id":"https:\/\/costablanca-magazin.com\/nl\/lokales\/infos\/die-kunstszene-der-costa-blanca-kunst-mit-alltag-verbunden\/#webpage"},"articleSection":"Infos, Kunst &amp; Kultur"},{"@type":"Person","@id":"https:\/\/costablanca-magazin.com\/nl\/author\/costablanca-magazin-redaktion\/#author","url":"https:\/\/costablanca-magazin.com\/nl\/author\/costablanca-magazin-redaktion\/","name":"Costablanca Magazin Redaktion"},{"@type":"WebPage","@id":"https:\/\/costablanca-magazin.com\/nl\/lokales\/infos\/die-kunstszene-der-costa-blanca-kunst-mit-alltag-verbunden\/#webpage","url":"https:\/\/costablanca-magazin.com\/nl\/lokales\/infos\/die-kunstszene-der-costa-blanca-kunst-mit-alltag-verbunden\/","name":"Die Kunstszene der Costa Blanca - Kunst mit Alltag\u2026","description":"Zwischen Atelierlicht und Stra\u00dfenstaub - Wie sich Kunst in Marina Alta und Marina Baixa mit dem Alltag verbindet \u2013 sichtbar, zug\u00e4nglich und\u2026","inLanguage":"nl-NL","isPartOf":{"@id":"https:\/\/costablanca-magazin.com\/nl\/#website"},"breadcrumb":{"@id":"https:\/\/costablanca-magazin.com\/nl\/lokales\/infos\/die-kunstszene-der-costa-blanca-kunst-mit-alltag-verbunden\/#breadcrumblist"},"author":{"@id":"https:\/\/costablanca-magazin.com\/nl\/author\/costablanca-magazin-redaktion\/#author"},"creator":{"@id":"https:\/\/costablanca-magazin.com\/nl\/author\/costablanca-magazin-redaktion\/#author"},"image":{"@type":"ImageObject","url":"https:\/\/costablanca-magazin.com\/wp-content\/uploads\/2025\/05\/CBM-Kuenstler-Costablanca-Toni-Mari-13.jpg","@id":"https:\/\/costablanca-magazin.com\/nl\/lokales\/infos\/die-kunstszene-der-costa-blanca-kunst-mit-alltag-verbunden\/#mainImage","width":1200,"height":675,"caption":"Die Kunstszene der Costa Blanca \u2013 Kunst mit Alltag verbunden"},"primaryImageOfPage":{"@id":"https:\/\/costablanca-magazin.com\/nl\/lokales\/infos\/die-kunstszene-der-costa-blanca-kunst-mit-alltag-verbunden\/#mainImage"},"datePublished":"2025-05-26T09:00:00+02:00","dateModified":"2026-07-07T10:20:17+02:00","mainEntity":{"@id":"https:\/\/costablanca-magazin.com\/nl\/lokales\/infos\/die-kunstszene-der-costa-blanca-kunst-mit-alltag-verbunden\/#article"}},{"@type":"WebSite","@id":"https:\/\/costablanca-magazin.com\/nl\/#website","url":"https:\/\/costablanca-magazin.com\/nl\/","name":"Costa Blanca Magazin","description":"Costa Blanca - alles um das Leben und die Freizeit an der K\u00fcste","inLanguage":"nl-NL","publisher":{"@id":"https:\/\/costablanca-magazin.com\/nl\/#organization"},"potentialAction":{"@type":"SearchAction","target":"https:\/\/costablanca-magazin.com\/nl\/?s={search_term_string}","query-input":"required name=search_term_string"}},{"@type":["Organization","NewsMediaOrganization"],"@id":"https:\/\/costablanca-magazin.com\/nl\/#organization","name":"Costa Blanca Magazin","description":"Costa Blanca Magazin","url":"https:\/\/costablanca-magazin.com\/nl\/","email":"info@costablanca-magazin.com","telephone":"+34 663 946 871","logo":{"@type":"ImageObject","url":"https:\/\/costablanca-magazin.com\/wp-content\/uploads\/2024\/05\/logo.jpg","@id":"https:\/\/costablanca-magazin.com\/nl\/lokales\/infos\/die-kunstszene-der-costa-blanca-kunst-mit-alltag-verbunden\/#organizationLogo","width":1605,"height":236,"caption":"Costa Blanca Magazine"},"image":{"@id":"https:\/\/costablanca-magazin.com\/nl\/lokales\/infos\/die-kunstszene-der-costa-blanca-kunst-mit-alltag-verbunden\/#organizationLogo"},"sameAs":["https:\/\/www.facebook.com\/costablancalifestyle\/","https:\/\/www.instagram.com\/costablancamagazin\/"]}]},"og:locale":"nl_NL","og:site_name":"Costa Blanca Magazine","og:type":"article","og:title":"Die Kunstszene der Costa Blanca - Kunst mit Alltag\u2026","og:description":"Zwischen Atelierlicht und Stra\u00dfenstaub - Wie sich Kunst in Marina Alta und Marina Baixa mit dem Alltag verbindet \u2013 sichtbar, zug\u00e4nglich und\u2026","og:url":"https:\/\/costablanca-magazin.com\/nl\/lokales\/infos\/die-kunstszene-der-costa-blanca-kunst-mit-alltag-verbunden\/","og:image":"https:\/\/costablanca-magazin.com\/wp-content\/uploads\/2025\/05\/CBM-Kuenstler-Costablanca-Toni-Mari-13.jpg","og:image:secure_url":"https:\/\/costablanca-magazin.com\/wp-content\/uploads\/2025\/05\/CBM-Kuenstler-Costablanca-Toni-Mari-13.jpg","og:image:width":1200,"og:image:height":675,"article:published_time":"2025-05-26T07:00:00+00:00","article:modified_time":"2026-07-07T08:20:17+00:00","article:publisher":"https:\/\/www.facebook.com\/costablancalifestyle\/","twitter:card":"summary_large_image","twitter:title":"Die Kunstszene der Costa Blanca - Kunst mit Alltag\u2026","twitter:description":"Zwischen Atelierlicht und Stra\u00dfenstaub - Wie sich Kunst in Marina Alta und Marina Baixa mit dem Alltag verbindet \u2013 sichtbar, zug\u00e4nglich und\u2026","twitter:image":"https:\/\/costablanca-magazin.com\/wp-content\/uploads\/2025\/05\/CBM-Kuenstler-Costablanca-Toni-Mari-13.jpg"},"aioseo_meta_data":{"post_id":"7168","title":"De kunstsc\u00e8ne aan de Costa Blanca - kunst met het dagelijks leven...","description":"Tussen studiolicht en straatstof - Hoe kunst zich verbindt met het dagelijks leven in Marina Alta en Marina Baixa - zichtbaar, toegankelijk en...","keywords":null,"keyphrases":{"focus":[],"additional":[]},"primary_term":null,"canonical_url":null,"og_title":null,"og_description":null,"og_object_type":"default","og_image_type":"default","og_image_url":null,"og_image_width":null,"og_image_height":null,"og_image_custom_url":null,"og_image_custom_fields":null,"og_video":"","og_custom_url":null,"og_article_section":null,"og_article_tags":null,"twitter_use_og":false,"twitter_card":"default","twitter_image_type":"default","twitter_image_url":null,"twitter_image_custom_url":null,"twitter_image_custom_fields":null,"twitter_title":null,"twitter_description":null,"schema":{"blockGraphs":[],"customGraphs":[],"default":{"data":{"Article":[],"Course":[],"Dataset":[],"FAQPage":[],"Movie":[],"Person":[],"Product":[],"ProductReview":[],"Car":[],"Recipe":[],"Service":[],"SoftwareApplication":[],"WebPage":[]},"graphName":"BlogPosting","isEnabled":true},"graphs":[]},"schema_type":"default","schema_type_options":null,"pillar_content":false,"robots_default":true,"robots_noindex":false,"robots_noarchive":false,"robots_nosnippet":false,"robots_nofollow":false,"robots_noimageindex":false,"robots_noodp":false,"robots_notranslate":false,"robots_max_snippet":"-1","robots_max_videopreview":"-1","robots_max_imagepreview":"large","priority":null,"frequency":"default","local_seo":null,"seo_analyzer_scan_date":"2026-07-07 09:40:04","breadcrumb_settings":null,"limit_modified_date":false,"reviewed_by":null,"open_ai":null,"ai":null,"created":"2025-05-25 10:30:40","updated":"2026-08-10 07:29:57","focus_keyword":null,"additional_keywords":null,"truseo_locale":null},"aioseo_breadcrumb":"<div class=\"aioseo-breadcrumbs\"><span class=\"aioseo-breadcrumb\">\n\t<a href=\"https:\/\/costablanca-magazin.com\/nl\" title=\"Home\">Home<\/a>\n<\/span><span class=\"aioseo-breadcrumb-separator\">&raquo;<\/span><span class=\"aioseo-breadcrumb\">\n\t<a href=\"https:\/\/costablanca-magazin.com\/nl\/lokaal\/\" title=\"Lokales\">Lokales<\/a>\n<\/span><span class=\"aioseo-breadcrumb-separator\">&raquo;<\/span><span class=\"aioseo-breadcrumb\">\n\t<a href=\"https:\/\/costablanca-magazin.com\/nl\/info\/\" title=\"Infos\">Infos<\/a>\n<\/span><span class=\"aioseo-breadcrumb-separator\">&raquo;<\/span><span class=\"aioseo-breadcrumb\">\n\tDie Kunstszene der Costa Blanca \u2013 Kunst mit Alltag verbunden\n<\/span><\/div>","aioseo_breadcrumb_json":[{"label":"Home","link":"https:\/\/costablanca-magazin.com\/nl"},{"label":"Lokales","link":"https:\/\/costablanca-magazin.com\/nl\/lokaal\/"},{"label":"Infos","link":"https:\/\/costablanca-magazin.com\/nl\/info\/"},{"label":"Die Kunstszene der Costa Blanca &#8211; Kunst mit Alltag verbunden","link":"https:\/\/costablanca-magazin.com\/nl\/lokales\/infos\/die-kunstszene-der-costa-blanca-kunst-mit-alltag-verbunden\/"}],"_links":{"self":[{"href":"https:\/\/costablanca-magazin.com\/nl\/wp-json\/wp\/v2\/posts\/7168","targetHints":{"allow":["GET"]}}],"collection":[{"href":"https:\/\/costablanca-magazin.com\/nl\/wp-json\/wp\/v2\/posts"}],"about":[{"href":"https:\/\/costablanca-magazin.com\/nl\/wp-json\/wp\/v2\/types\/post"}],"author":[{"embeddable":true,"href":"https:\/\/costablanca-magazin.com\/nl\/wp-json\/wp\/v2\/users\/4"}],"replies":[{"embeddable":true,"href":"https:\/\/costablanca-magazin.com\/nl\/wp-json\/wp\/v2\/comments?post=7168"}],"version-history":[{"count":7,"href":"https:\/\/costablanca-magazin.com\/nl\/wp-json\/wp\/v2\/posts\/7168\/revisions"}],"predecessor-version":[{"id":7471,"href":"https:\/\/costablanca-magazin.com\/nl\/wp-json\/wp\/v2\/posts\/7168\/revisions\/7471"}],"wp:featuredmedia":[{"embeddable":true,"href":"https:\/\/costablanca-magazin.com\/nl\/wp-json\/wp\/v2\/media\/7170"}],"wp:attachment":[{"href":"https:\/\/costablanca-magazin.com\/nl\/wp-json\/wp\/v2\/media?parent=7168"}],"wp:term":[{"taxonomy":"category","embeddable":true,"href":"https:\/\/costablanca-magazin.com\/nl\/wp-json\/wp\/v2\/categories?post=7168"},{"taxonomy":"post_tag","embeddable":true,"href":"https:\/\/costablanca-magazin.com\/nl\/wp-json\/wp\/v2\/tags?post=7168"}],"curies":[{"name":"wp","href":"https:\/\/api.w.org\/{rel}","templated":true}]}}