{"id":6907,"date":"2025-05-20T09:00:00","date_gmt":"2025-05-20T07:00:00","guid":{"rendered":"https:\/\/costablanca-magazin.com\/?p=6907"},"modified":"2026-03-10T08:38:24","modified_gmt":"2026-03-10T07:38:24","slug":"succesvolle-start-voor-ondernemersnetwerk-costa-blanca","status":"publish","type":"post","link":"https:\/\/costablanca-magazin.com\/nl\/lokales\/business-service\/gelungener-auftakt-fuer-unternehmer-netzwerk-costa-blanca\/","title":{"rendered":"Succesvolle start voor bedrijvennetwerk Costa Blanca"},"content":{"rendered":"<div data-elementor-type=\"wp-post\" data-elementor-id=\"6907\" class=\"elementor elementor-6907\" data-elementor-post-type=\"post\">\n\t\t\t\t<div class=\"elementor-element elementor-element-eff5a3c e-flex e-con-boxed e-con e-parent\" data-id=\"eff5a3c\" data-element_type=\"container\" data-e-type=\"container\">\n\t\t\t\t\t<div class=\"e-con-inner\">\n\t\t\t\t<div class=\"elementor-element elementor-element-7bd605f elementor-widget elementor-widget-heading\" data-id=\"7bd605f\" data-element_type=\"widget\" data-e-type=\"widget\" data-widget_type=\"heading.default\">\n\t\t\t\t<div class=\"elementor-widget-container\">\n\t\t\t\t\t<h1 class=\"elementor-heading-title elementor-size-default\">Succesvol\nKick-off voor\nondernemend\nnetwerk aan de Costa Blanca<\/h1>\t\t\t\t<\/div>\n\t\t\t\t<\/div>\n\t\t\t\t<div class=\"elementor-element elementor-element-a4183a9 elementor-widget elementor-widget-image\" data-id=\"a4183a9\" data-element_type=\"widget\" data-e-type=\"widget\" data-widget_type=\"image.default\">\n\t\t\t\t<div class=\"elementor-widget-container\">\n\t\t\t\t\t\t\t\t\t\t\t\t\t\t\t<img decoding=\"async\" src=\"https:\/\/costablanca-magazin.com\/wp-content\/uploads\/elementor\/thumbs\/Netzwerktreffen-Denia-Kerstin-Kleine-Rahn-16-rjc5p0zqim0cjytg7cca23ghy4vu0ii3kdhhcuj8us.jpg\" title=\"Netwerkbijeenkomst Denia Kerstin Kleine\" alt=\"Netwerkbijeenkomst Denia Kerstin Kleine 15\" loading=\"lazy\" \/>\t\t\t\t\t\t\t\t\t\t\t\t\t\t\t<\/div>\n\t\t\t\t<\/div>\n\t\t\t\t<div class=\"elementor-element elementor-element-8a24f5f elementor-widget elementor-widget-heading\" data-id=\"8a24f5f\" data-element_type=\"widget\" data-e-type=\"widget\" data-widget_type=\"heading.default\">\n\t\t\t\t<div class=\"elementor-widget-container\">\n\t\t\t\t\t<h2 class=\"elementor-heading-title elementor-size-default\">Volle zaal, inspirerende discussies\nen nieuwe contacten - de eerste netwerkbijeenkomst voor zelfstandigen en ondernemers\naan de Costa Blanca was een groot succes.<\/h2>\t\t\t\t<\/div>\n\t\t\t\t<\/div>\n\t\t\t\t\t<\/div>\n\t\t\t\t<\/div>\n\t\t<div class=\"elementor-element elementor-element-ff998c6 e-flex e-con-boxed e-con e-parent\" data-id=\"ff998c6\" data-element_type=\"container\" data-e-type=\"container\">\n\t\t\t\t\t<div class=\"e-con-inner\">\n\t\t<div class=\"elementor-element elementor-element-28e8f1f e-con-full e-flex e-con e-child\" data-id=\"28e8f1f\" data-element_type=\"container\" data-e-type=\"container\">\n\t\t\t\t<div class=\"elementor-element elementor-element-8972266 elementor-widget elementor-widget-text-editor\" data-id=\"8972266\" data-element_type=\"widget\" data-e-type=\"widget\" data-widget_type=\"text-editor.default\">\n\t\t\t\t<div class=\"elementor-widget-container\">\n\t\t\t\t\t\t\t\t\t<p>Met ongeveer 30 deelnemers uit een breed scala aan bedrijfstakken ging het evenement succesvol van start in restaurant Caval in de jachthaven van D\u00e9nia, waar een levendige uitwisseling plaatsvond onder het genot van tapas, cocktails en in een ontspannen sfeer.<\/p><p>Van ambachten en coaching tot vastgoed, IT en marketing - de meest uiteenlopende bedrijfstakken waren hier vertegenwoordigd. En allemaal met een duidelijk doel: netwerken, idee\u00ebn uitwisselen, synergie\u00ebn cre\u00ebren. Achter het idee staat Kerstin Kleine-Rahn, webdesigner en oprichter van business -cb.es. Met haar platform brengt ze zelfstandigen en ondernemers uit de regio samen - op een ongecompliceerde, open en ontspannen manier.<\/p><p>\u201eElke sector telt, elk idee kan groeien - als je maar netwerkt,\u201c zegt Kerstin Kleine-Rahn. \u201eDe Costa Blanca zit vol spannende mensen en projecten. Het is tijd om ze met elkaar te verbinden.\u201c<\/p><p><strong>Verdere netwerkbijeenkomsten <\/strong><strong>in planning<\/strong><br \/>Iedereen die wil deelnemen of meer wil weten over het ondernemersnetwerk kan rechtstreeks contact opnemen met Kerstin Kleine-Rahn.<br \/>Een frisse wind voor het bedrijfsleven, een open dialoog - en een netwerk dat groeit. In de geest van de regio: open, levendig, charmant. Redactie<\/p>\t\t\t\t\t\t\t\t<\/div>\n\t\t\t\t<\/div>\n\t\t\t\t<\/div>\n\t\t<div class=\"elementor-element elementor-element-6678221 e-con-full e-flex e-con e-child\" data-id=\"6678221\" data-element_type=\"container\" data-e-type=\"container\">\n\t\t\t\t<div class=\"elementor-element elementor-element-c7d29c6 elementor-widget elementor-widget-text-editor\" data-id=\"c7d29c6\" data-element_type=\"widget\" data-e-type=\"widget\" data-widget_type=\"text-editor.default\">\n\t\t\t\t<div class=\"elementor-widget-container\">\n\t\t\t\t\t\t\t\t\t<p><strong>Bedrijvennetwerk aan de Costa Blanca <\/strong><strong>support@anudar.app, <a href=\"https:\/\/www.business-cb.es\" target=\"_blank\" rel=\"noopener\">www.business-cb.es<\/a>, <\/strong><a href=\"https:\/\/www.facebook.com\/groups\/1354695492405435\/\" target=\"_blank\" rel=\"noopener\"><strong>www.facebook.com\/groups\/1354695492405435\/<\/strong><\/a><\/p>\t\t\t\t\t\t\t\t<\/div>\n\t\t\t\t<\/div>\n\t\t\t\t<div class=\"elementor-element elementor-element-a2e109d elementor-widget elementor-widget-gallery\" data-id=\"a2e109d\" data-element_type=\"widget\" data-e-type=\"widget\" data-settings=\"{&quot;gap&quot;:{&quot;unit&quot;:&quot;px&quot;,&quot;size&quot;:4,&quot;sizes&quot;:[]},&quot;aspect_ratio&quot;:&quot;4:3&quot;,&quot;lazyload&quot;:&quot;yes&quot;,&quot;gallery_layout&quot;:&quot;grid&quot;,&quot;columns&quot;:4,&quot;columns_tablet&quot;:2,&quot;columns_mobile&quot;:1,&quot;gap_tablet&quot;:{&quot;unit&quot;:&quot;px&quot;,&quot;size&quot;:10,&quot;sizes&quot;:[]},&quot;gap_mobile&quot;:{&quot;unit&quot;:&quot;px&quot;,&quot;size&quot;:10,&quot;sizes&quot;:[]},&quot;link_to&quot;:&quot;file&quot;,&quot;overlay_background&quot;:&quot;yes&quot;,&quot;content_hover_animation&quot;:&quot;fade-in&quot;}\" data-widget_type=\"gallery.default\">\n\t\t\t\t<div class=\"elementor-widget-container\">\n\t\t\t\t\t\t\t<div class=\"elementor-gallery__container\">\n\t\t\t\t\t\t\t<a class=\"e-gallery-item elementor-gallery-item elementor-animated-content\" href=\"https:\/\/costablanca-magazin.com\/wp-content\/uploads\/2025\/05\/Netzwerktreffen-Denia-Kerstin-Kleine-Rahn-17.jpg\" data-elementor-open-lightbox=\"yes\" data-elementor-lightbox-slideshow=\"a2e109d\" data-elementor-lightbox-title=\"Netzwerktreffen Denia Kerstin Kleine\" data-elementor-lightbox-description=\"Netzwerktreffen Denia Kerstin Kleine \" data-e-action-hash=\"#elementor-action%3Aaction%3Dlightbox%26settings%3DeyJpZCI6NjkzOCwidXJsIjoiaHR0cHM6XC9cL2Nvc3RhYmxhbmNhLW1hZ2F6aW4uY29tXC93cC1jb250ZW50XC91cGxvYWRzXC8yMDI1XC8wNVwvTmV0endlcmt0cmVmZmVuLURlbmlhLUtlcnN0aW4tS2xlaW5lLVJhaG4tMTcuanBnIiwic2xpZGVzaG93IjoiYTJlMTA5ZCJ9\">\n\t\t\t\t\t<div class=\"e-gallery-image elementor-gallery-item__image\" data-thumbnail=\"https:\/\/costablanca-magazin.com\/wp-content\/uploads\/2025\/05\/Netzwerktreffen-Denia-Kerstin-Kleine-Rahn-17.jpg\" data-width=\"1200\" data-height=\"900\" aria-label=\"Netwerkbijeenkomst Denia Kerstin Kleine 16\" role=\"img\" ><\/div>\n\t\t\t\t\t\t\t\t\t\t\t<div class=\"elementor-gallery-item__overlay\"><\/div>\n\t\t\t\t\t\t\t\t\t\t\t\t\t\t<\/a>\n\t\t\t\t\t\t\t<a class=\"e-gallery-item elementor-gallery-item elementor-animated-content\" href=\"https:\/\/costablanca-magazin.com\/wp-content\/uploads\/2025\/05\/Netzwerktreffen-Denia-Kerstin-Kleine-Rahn-7.jpg\" data-elementor-open-lightbox=\"yes\" data-elementor-lightbox-slideshow=\"a2e109d\" data-elementor-lightbox-title=\"Netzwerktreffen Denia Kerstin Kleine\" data-elementor-lightbox-description=\"Netzwerktreffen Denia Kerstin Kleine \" data-e-action-hash=\"#elementor-action%3Aaction%3Dlightbox%26settings%3DeyJpZCI6NjkyOCwidXJsIjoiaHR0cHM6XC9cL2Nvc3RhYmxhbmNhLW1hZ2F6aW4uY29tXC93cC1jb250ZW50XC91cGxvYWRzXC8yMDI1XC8wNVwvTmV0endlcmt0cmVmZmVuLURlbmlhLUtlcnN0aW4tS2xlaW5lLVJhaG4tNy5qcGciLCJzbGlkZXNob3ciOiJhMmUxMDlkIn0%3D\">\n\t\t\t\t\t<div class=\"e-gallery-image elementor-gallery-item__image\" data-thumbnail=\"https:\/\/costablanca-magazin.com\/wp-content\/uploads\/2025\/05\/Netzwerktreffen-Denia-Kerstin-Kleine-Rahn-7.jpg\" data-width=\"1200\" data-height=\"900\" aria-label=\"Netwerkbijeenkomst Denia Kerstin Kleine 6\" role=\"img\" ><\/div>\n\t\t\t\t\t\t\t\t\t\t\t<div class=\"elementor-gallery-item__overlay\"><\/div>\n\t\t\t\t\t\t\t\t\t\t\t\t\t\t<\/a>\n\t\t\t\t\t\t\t<a class=\"e-gallery-item elementor-gallery-item elementor-animated-content\" href=\"https:\/\/costablanca-magazin.com\/wp-content\/uploads\/2025\/05\/Netzwerktreffen-Denia-Kerstin-Kleine-Rahn-8.jpg\" data-elementor-open-lightbox=\"yes\" data-elementor-lightbox-slideshow=\"a2e109d\" data-elementor-lightbox-title=\"Netzwerktreffen Denia Kerstin Kleine\" data-elementor-lightbox-description=\"Netzwerktreffen Denia Kerstin Kleine \" data-e-action-hash=\"#elementor-action%3Aaction%3Dlightbox%26settings%3DeyJpZCI6NjkyOSwidXJsIjoiaHR0cHM6XC9cL2Nvc3RhYmxhbmNhLW1hZ2F6aW4uY29tXC93cC1jb250ZW50XC91cGxvYWRzXC8yMDI1XC8wNVwvTmV0endlcmt0cmVmZmVuLURlbmlhLUtlcnN0aW4tS2xlaW5lLVJhaG4tOC5qcGciLCJzbGlkZXNob3ciOiJhMmUxMDlkIn0%3D\">\n\t\t\t\t\t<div class=\"e-gallery-image elementor-gallery-item__image\" data-thumbnail=\"https:\/\/costablanca-magazin.com\/wp-content\/uploads\/2025\/05\/Netzwerktreffen-Denia-Kerstin-Kleine-Rahn-8.jpg\" data-width=\"1200\" data-height=\"900\" aria-label=\"Netwerkbijeenkomst Denia Kerstin Kleine 7\" role=\"img\" ><\/div>\n\t\t\t\t\t\t\t\t\t\t\t<div class=\"elementor-gallery-item__overlay\"><\/div>\n\t\t\t\t\t\t\t\t\t\t\t\t\t\t<\/a>\n\t\t\t\t\t\t\t<a class=\"e-gallery-item elementor-gallery-item elementor-animated-content\" href=\"https:\/\/costablanca-magazin.com\/wp-content\/uploads\/2025\/05\/Netzwerktreffen-Denia-Kerstin-Kleine-Rahn-15.jpg\" data-elementor-open-lightbox=\"yes\" data-elementor-lightbox-slideshow=\"a2e109d\" data-elementor-lightbox-title=\"Netzwerktreffen Denia Kerstin Kleine\" data-elementor-lightbox-description=\"Netzwerktreffen Denia Kerstin Kleine \" data-e-action-hash=\"#elementor-action%3Aaction%3Dlightbox%26settings%3DeyJpZCI6NjkzNiwidXJsIjoiaHR0cHM6XC9cL2Nvc3RhYmxhbmNhLW1hZ2F6aW4uY29tXC93cC1jb250ZW50XC91cGxvYWRzXC8yMDI1XC8wNVwvTmV0endlcmt0cmVmZmVuLURlbmlhLUtlcnN0aW4tS2xlaW5lLVJhaG4tMTUuanBnIiwic2xpZGVzaG93IjoiYTJlMTA5ZCJ9\">\n\t\t\t\t\t<div class=\"e-gallery-image elementor-gallery-item__image\" data-thumbnail=\"https:\/\/costablanca-magazin.com\/wp-content\/uploads\/2025\/05\/Netzwerktreffen-Denia-Kerstin-Kleine-Rahn-15.jpg\" data-width=\"1200\" data-height=\"900\" aria-label=\"Netwerkbijeenkomst Denia Kerstin Kleine 14\" role=\"img\" ><\/div>\n\t\t\t\t\t\t\t\t\t\t\t<div class=\"elementor-gallery-item__overlay\"><\/div>\n\t\t\t\t\t\t\t\t\t\t\t\t\t\t<\/a>\n\t\t\t\t\t\t\t<a class=\"e-gallery-item elementor-gallery-item elementor-animated-content\" href=\"https:\/\/costablanca-magazin.com\/wp-content\/uploads\/2025\/05\/Netzwerktreffen-Denia-Kerstin-Kleine-Rahn-14.jpg\" data-elementor-open-lightbox=\"yes\" data-elementor-lightbox-slideshow=\"a2e109d\" data-elementor-lightbox-title=\"Netzwerktreffen Denia Kerstin Kleine\" data-elementor-lightbox-description=\"Netzwerktreffen Denia Kerstin Kleine \" data-e-action-hash=\"#elementor-action%3Aaction%3Dlightbox%26settings%3DeyJpZCI6NjkzNSwidXJsIjoiaHR0cHM6XC9cL2Nvc3RhYmxhbmNhLW1hZ2F6aW4uY29tXC93cC1jb250ZW50XC91cGxvYWRzXC8yMDI1XC8wNVwvTmV0endlcmt0cmVmZmVuLURlbmlhLUtlcnN0aW4tS2xlaW5lLVJhaG4tMTQuanBnIiwic2xpZGVzaG93IjoiYTJlMTA5ZCJ9\">\n\t\t\t\t\t<div class=\"e-gallery-image elementor-gallery-item__image\" data-thumbnail=\"https:\/\/costablanca-magazin.com\/wp-content\/uploads\/2025\/05\/Netzwerktreffen-Denia-Kerstin-Kleine-Rahn-14.jpg\" data-width=\"1200\" data-height=\"900\" aria-label=\"Netwerkbijeenkomst Denia Kerstin Kleine 13\" role=\"img\" ><\/div>\n\t\t\t\t\t\t\t\t\t\t\t<div class=\"elementor-gallery-item__overlay\"><\/div>\n\t\t\t\t\t\t\t\t\t\t\t\t\t\t<\/a>\n\t\t\t\t\t\t\t<a class=\"e-gallery-item elementor-gallery-item elementor-animated-content\" href=\"https:\/\/costablanca-magazin.com\/wp-content\/uploads\/2025\/05\/Netzwerktreffen-Denia-Kerstin-Kleine-Rahn-12.jpg\" data-elementor-open-lightbox=\"yes\" data-elementor-lightbox-slideshow=\"a2e109d\" data-elementor-lightbox-title=\"Netzwerktreffen Denia Kerstin Kleine\" data-elementor-lightbox-description=\"Netzwerktreffen Denia Kerstin Kleine \" data-e-action-hash=\"#elementor-action%3Aaction%3Dlightbox%26settings%3DeyJpZCI6NjkzMywidXJsIjoiaHR0cHM6XC9cL2Nvc3RhYmxhbmNhLW1hZ2F6aW4uY29tXC93cC1jb250ZW50XC91cGxvYWRzXC8yMDI1XC8wNVwvTmV0endlcmt0cmVmZmVuLURlbmlhLUtlcnN0aW4tS2xlaW5lLVJhaG4tMTIuanBnIiwic2xpZGVzaG93IjoiYTJlMTA5ZCJ9\">\n\t\t\t\t\t<div class=\"e-gallery-image elementor-gallery-item__image\" data-thumbnail=\"https:\/\/costablanca-magazin.com\/wp-content\/uploads\/2025\/05\/Netzwerktreffen-Denia-Kerstin-Kleine-Rahn-12.jpg\" data-width=\"1200\" data-height=\"900\" aria-label=\"Netwerkbijeenkomst Denia Kerstin Kleine 11\" role=\"img\" ><\/div>\n\t\t\t\t\t\t\t\t\t\t\t<div class=\"elementor-gallery-item__overlay\"><\/div>\n\t\t\t\t\t\t\t\t\t\t\t\t\t\t<\/a>\n\t\t\t\t\t\t\t<a class=\"e-gallery-item elementor-gallery-item elementor-animated-content\" href=\"https:\/\/costablanca-magazin.com\/wp-content\/uploads\/2025\/05\/Netzwerktreffen-Denia-Kerstin-Kleine-Rahn-13.jpg\" data-elementor-open-lightbox=\"yes\" data-elementor-lightbox-slideshow=\"a2e109d\" data-elementor-lightbox-title=\"Netzwerktreffen Denia Kerstin Kleine\" data-elementor-lightbox-description=\"Netzwerktreffen Denia Kerstin Kleine \" data-e-action-hash=\"#elementor-action%3Aaction%3Dlightbox%26settings%3DeyJpZCI6NjkzNCwidXJsIjoiaHR0cHM6XC9cL2Nvc3RhYmxhbmNhLW1hZ2F6aW4uY29tXC93cC1jb250ZW50XC91cGxvYWRzXC8yMDI1XC8wNVwvTmV0endlcmt0cmVmZmVuLURlbmlhLUtlcnN0aW4tS2xlaW5lLVJhaG4tMTMuanBnIiwic2xpZGVzaG93IjoiYTJlMTA5ZCJ9\">\n\t\t\t\t\t<div class=\"e-gallery-image elementor-gallery-item__image\" data-thumbnail=\"https:\/\/costablanca-magazin.com\/wp-content\/uploads\/2025\/05\/Netzwerktreffen-Denia-Kerstin-Kleine-Rahn-13.jpg\" data-width=\"1200\" data-height=\"900\" aria-label=\"Netwerkbijeenkomst Denia Kerstin Kleine 12\" role=\"img\" ><\/div>\n\t\t\t\t\t\t\t\t\t\t\t<div class=\"elementor-gallery-item__overlay\"><\/div>\n\t\t\t\t\t\t\t\t\t\t\t\t\t\t<\/a>\n\t\t\t\t\t\t\t<a class=\"e-gallery-item elementor-gallery-item elementor-animated-content\" href=\"https:\/\/costablanca-magazin.com\/wp-content\/uploads\/2025\/05\/Netzwerktreffen-Denia-Kerstin-Kleine-Rahn-11.jpg\" data-elementor-open-lightbox=\"yes\" data-elementor-lightbox-slideshow=\"a2e109d\" data-elementor-lightbox-title=\"Netzwerktreffen Denia Kerstin Kleine\" data-elementor-lightbox-description=\"Netzwerktreffen Denia Kerstin Kleine \" data-e-action-hash=\"#elementor-action%3Aaction%3Dlightbox%26settings%3DeyJpZCI6NjkzMiwidXJsIjoiaHR0cHM6XC9cL2Nvc3RhYmxhbmNhLW1hZ2F6aW4uY29tXC93cC1jb250ZW50XC91cGxvYWRzXC8yMDI1XC8wNVwvTmV0endlcmt0cmVmZmVuLURlbmlhLUtlcnN0aW4tS2xlaW5lLVJhaG4tMTEuanBnIiwic2xpZGVzaG93IjoiYTJlMTA5ZCJ9\">\n\t\t\t\t\t<div class=\"e-gallery-image elementor-gallery-item__image\" data-thumbnail=\"https:\/\/costablanca-magazin.com\/wp-content\/uploads\/2025\/05\/Netzwerktreffen-Denia-Kerstin-Kleine-Rahn-11.jpg\" data-width=\"1200\" data-height=\"900\" aria-label=\"Netwerkbijeenkomst Denia Kerstin Kleine 10\" role=\"img\" ><\/div>\n\t\t\t\t\t\t\t\t\t\t\t<div class=\"elementor-gallery-item__overlay\"><\/div>\n\t\t\t\t\t\t\t\t\t\t\t\t\t\t<\/a>\n\t\t\t\t\t\t\t<a class=\"e-gallery-item elementor-gallery-item elementor-animated-content\" href=\"https:\/\/costablanca-magazin.com\/wp-content\/uploads\/2025\/05\/Netzwerktreffen-Denia-Kerstin-Kleine-Rahn-9.jpg\" data-elementor-open-lightbox=\"yes\" data-elementor-lightbox-slideshow=\"a2e109d\" data-elementor-lightbox-title=\"Netzwerktreffen Denia Kerstin Kleine\" data-elementor-lightbox-description=\"Netzwerktreffen Denia Kerstin Kleine \" data-e-action-hash=\"#elementor-action%3Aaction%3Dlightbox%26settings%3DeyJpZCI6NjkzMCwidXJsIjoiaHR0cHM6XC9cL2Nvc3RhYmxhbmNhLW1hZ2F6aW4uY29tXC93cC1jb250ZW50XC91cGxvYWRzXC8yMDI1XC8wNVwvTmV0endlcmt0cmVmZmVuLURlbmlhLUtlcnN0aW4tS2xlaW5lLVJhaG4tOS5qcGciLCJzbGlkZXNob3ciOiJhMmUxMDlkIn0%3D\">\n\t\t\t\t\t<div class=\"e-gallery-image elementor-gallery-item__image\" data-thumbnail=\"https:\/\/costablanca-magazin.com\/wp-content\/uploads\/2025\/05\/Netzwerktreffen-Denia-Kerstin-Kleine-Rahn-9.jpg\" data-width=\"1200\" data-height=\"900\" aria-label=\"Netwerkbijeenkomst Denia Kerstin Kleine 8\" role=\"img\" ><\/div>\n\t\t\t\t\t\t\t\t\t\t\t<div class=\"elementor-gallery-item__overlay\"><\/div>\n\t\t\t\t\t\t\t\t\t\t\t\t\t\t<\/a>\n\t\t\t\t\t\t\t<a class=\"e-gallery-item elementor-gallery-item elementor-animated-content\" href=\"https:\/\/costablanca-magazin.com\/wp-content\/uploads\/2025\/05\/Netzwerktreffen-Denia-Kerstin-Kleine-Rahn-2.jpg\" data-elementor-open-lightbox=\"yes\" data-elementor-lightbox-slideshow=\"a2e109d\" data-elementor-lightbox-title=\"Netzwerktreffen Denia Kerstin Kleine\" data-elementor-lightbox-description=\"Netzwerktreffen Denia Kerstin Kleine \" data-e-action-hash=\"#elementor-action%3Aaction%3Dlightbox%26settings%3DeyJpZCI6NjkyMywidXJsIjoiaHR0cHM6XC9cL2Nvc3RhYmxhbmNhLW1hZ2F6aW4uY29tXC93cC1jb250ZW50XC91cGxvYWRzXC8yMDI1XC8wNVwvTmV0endlcmt0cmVmZmVuLURlbmlhLUtlcnN0aW4tS2xlaW5lLVJhaG4tMi5qcGciLCJzbGlkZXNob3ciOiJhMmUxMDlkIn0%3D\">\n\t\t\t\t\t<div class=\"e-gallery-image elementor-gallery-item__image\" data-thumbnail=\"https:\/\/costablanca-magazin.com\/wp-content\/uploads\/2025\/05\/Netzwerktreffen-Denia-Kerstin-Kleine-Rahn-2.jpg\" data-width=\"1200\" data-height=\"900\" aria-label=\"Netwerkbijeenkomst Denia Kerstin Kleine 1\" role=\"img\" ><\/div>\n\t\t\t\t\t\t\t\t\t\t\t<div class=\"elementor-gallery-item__overlay\"><\/div>\n\t\t\t\t\t\t\t\t\t\t\t\t\t\t<\/a>\n\t\t\t\t\t\t\t<a class=\"e-gallery-item elementor-gallery-item elementor-animated-content\" href=\"https:\/\/costablanca-magazin.com\/wp-content\/uploads\/2025\/05\/Netzwerktreffen-Denia-Kerstin-Kleine-Rahn-4.jpg\" data-elementor-open-lightbox=\"yes\" data-elementor-lightbox-slideshow=\"a2e109d\" data-elementor-lightbox-title=\"Netzwerktreffen Denia Kerstin Kleine\" data-elementor-lightbox-description=\"Netzwerktreffen Denia Kerstin Kleine \" data-e-action-hash=\"#elementor-action%3Aaction%3Dlightbox%26settings%3DeyJpZCI6NjkyNSwidXJsIjoiaHR0cHM6XC9cL2Nvc3RhYmxhbmNhLW1hZ2F6aW4uY29tXC93cC1jb250ZW50XC91cGxvYWRzXC8yMDI1XC8wNVwvTmV0endlcmt0cmVmZmVuLURlbmlhLUtlcnN0aW4tS2xlaW5lLVJhaG4tNC5qcGciLCJzbGlkZXNob3ciOiJhMmUxMDlkIn0%3D\">\n\t\t\t\t\t<div class=\"e-gallery-image elementor-gallery-item__image\" data-thumbnail=\"https:\/\/costablanca-magazin.com\/wp-content\/uploads\/2025\/05\/Netzwerktreffen-Denia-Kerstin-Kleine-Rahn-4.jpg\" data-width=\"1200\" data-height=\"900\" aria-label=\"Netwerkbijeenkomst Denia Kerstin Kleine 3\" role=\"img\" ><\/div>\n\t\t\t\t\t\t\t\t\t\t\t<div class=\"elementor-gallery-item__overlay\"><\/div>\n\t\t\t\t\t\t\t\t\t\t\t\t\t\t<\/a>\n\t\t\t\t\t\t\t<a class=\"e-gallery-item elementor-gallery-item elementor-animated-content\" href=\"https:\/\/costablanca-magazin.com\/wp-content\/uploads\/2025\/05\/Netzwerktreffen-Denia-Kerstin-Kleine-Rahn-5.jpg\" data-elementor-open-lightbox=\"yes\" data-elementor-lightbox-slideshow=\"a2e109d\" data-elementor-lightbox-title=\"Netzwerktreffen Denia Kerstin Kleine\" data-elementor-lightbox-description=\"Netzwerktreffen Denia Kerstin Kleine \" data-e-action-hash=\"#elementor-action%3Aaction%3Dlightbox%26settings%3DeyJpZCI6NjkyNiwidXJsIjoiaHR0cHM6XC9cL2Nvc3RhYmxhbmNhLW1hZ2F6aW4uY29tXC93cC1jb250ZW50XC91cGxvYWRzXC8yMDI1XC8wNVwvTmV0endlcmt0cmVmZmVuLURlbmlhLUtlcnN0aW4tS2xlaW5lLVJhaG4tNS5qcGciLCJzbGlkZXNob3ciOiJhMmUxMDlkIn0%3D\">\n\t\t\t\t\t<div class=\"e-gallery-image elementor-gallery-item__image\" data-thumbnail=\"https:\/\/costablanca-magazin.com\/wp-content\/uploads\/2025\/05\/Netzwerktreffen-Denia-Kerstin-Kleine-Rahn-5.jpg\" data-width=\"1200\" data-height=\"900\" aria-label=\"Netwerkbijeenkomst Denia Kerstin Kleine 4\" role=\"img\" ><\/div>\n\t\t\t\t\t\t\t\t\t\t\t<div class=\"elementor-gallery-item__overlay\"><\/div>\n\t\t\t\t\t\t\t\t\t\t\t\t\t\t<\/a>\n\t\t\t\t\t<\/div>\n\t\t\t\t\t<\/div>\n\t\t\t\t<\/div>\n\t\t\t\t<\/div>\n\t\t\t\t\t<\/div>\n\t\t\t\t<\/div>\n\t\t\t\t<\/div>","protected":false},"excerpt":{"rendered":"<p>Gelungener Auftakt f\u00fcr Unternehmer- netzwerk an der Costa Blanca Volles Haus, inspirierende Gespr\u00e4che und neue Kontakte \u2013 das erste Netzwerktreffen f\u00fcr Selbst\u00e4ndige und Unternehmer an der Costa Blanca war ein voller Erfolg. Mit rund 30 Teilnehmende aus verschiedensten Branchen gelang im Restaurant Caval im Yachthafen von D\u00e9nia ein gelungener Auftakt.Bei Tapas, Cocktails und in entspannter [&hellip;]<\/p>\n","protected":false},"author":1,"featured_media":6937,"comment_status":"closed","ping_status":"closed","sticky":false,"template":"elementor_header_footer","format":"standard","meta":{"om_disable_all_campaigns":false,"_monsterinsights_skip_tracking":false,"_monsterinsights_sitenote_active":false,"_monsterinsights_sitenote_note":"","_monsterinsights_sitenote_category":0,"footnotes":""},"categories":[982],"tags":[866,867,865],"class_list":["post-6907","post","type-post","status-publish","format-standard","has-post-thumbnail","hentry","category-business-service","tag-messe-costa-blanca","tag-netzwerk-treffen-costa-blanca","tag-unternehmer-messe"],"aioseo_notices":[],"_links":{"self":[{"href":"https:\/\/costablanca-magazin.com\/nl\/wp-json\/wp\/v2\/posts\/6907","targetHints":{"allow":["GET"]}}],"collection":[{"href":"https:\/\/costablanca-magazin.com\/nl\/wp-json\/wp\/v2\/posts"}],"about":[{"href":"https:\/\/costablanca-magazin.com\/nl\/wp-json\/wp\/v2\/types\/post"}],"author":[{"embeddable":true,"href":"https:\/\/costablanca-magazin.com\/nl\/wp-json\/wp\/v2\/users\/1"}],"replies":[{"embeddable":true,"href":"https:\/\/costablanca-magazin.com\/nl\/wp-json\/wp\/v2\/comments?post=6907"}],"version-history":[{"count":7,"href":"https:\/\/costablanca-magazin.com\/nl\/wp-json\/wp\/v2\/posts\/6907\/revisions"}],"predecessor-version":[{"id":11123,"href":"https:\/\/costablanca-magazin.com\/nl\/wp-json\/wp\/v2\/posts\/6907\/revisions\/11123"}],"wp:featuredmedia":[{"embeddable":true,"href":"https:\/\/costablanca-magazin.com\/nl\/wp-json\/wp\/v2\/media\/6937"}],"wp:attachment":[{"href":"https:\/\/costablanca-magazin.com\/nl\/wp-json\/wp\/v2\/media?parent=6907"}],"wp:term":[{"taxonomy":"category","embeddable":true,"href":"https:\/\/costablanca-magazin.com\/nl\/wp-json\/wp\/v2\/categories?post=6907"},{"taxonomy":"post_tag","embeddable":true,"href":"https:\/\/costablanca-magazin.com\/nl\/wp-json\/wp\/v2\/tags?post=6907"}],"curies":[{"name":"wp","href":"https:\/\/api.w.org\/{rel}","templated":true}]}}