{"id":404,"date":"2024-06-10T11:46:51","date_gmt":"2024-06-10T09:46:51","guid":{"rendered":"https:\/\/costablanca-magazin.com\/?p=404"},"modified":"2025-07-08T05:49:23","modified_gmt":"2025-07-08T03:49:23","slug":"rentedalingen-gevolgen-voor-hypotheken-consumptie-en-spaargeld","status":"publish","type":"post","link":"https:\/\/costablanca-magazin.com\/nl\/immobilien\/kauf-miete\/zinssenkungen-auswirkungen-auf-hypotheken-konsum-und-ersparnisse\/","title":{"rendered":"Renteverlagingen: Effecten op hypotheken, consumptie en besparingen"},"content":{"rendered":"<div data-elementor-type=\"wp-post\" data-elementor-id=\"404\" class=\"elementor elementor-404\" data-elementor-post-type=\"post\">\n\t\t\t\t<div class=\"elementor-element elementor-element-b67b5a6 e-flex e-con-boxed e-con e-parent\" data-id=\"b67b5a6\" data-element_type=\"container\" data-e-type=\"container\">\n\t\t\t\t\t<div class=\"e-con-inner\">\n\t\t\t\t<div class=\"elementor-element elementor-element-8dd5814 elementor-widget elementor-widget-heading\" data-id=\"8dd5814\" data-element_type=\"widget\" data-e-type=\"widget\" data-widget_type=\"heading.default\">\n\t\t\t\t<div class=\"elementor-widget-container\">\n\t\t\t\t\t<h1 class=\"elementor-heading-title elementor-size-default\">Renteverlagingen: Effecten op hypotheken, consumptie en besparingen <\/h1>\t\t\t\t<\/div>\n\t\t\t\t<\/div>\n\t\t\t\t\t<\/div>\n\t\t\t\t<\/div>\n\t\t<div class=\"elementor-element elementor-element-1209828 e-flex e-con-boxed e-con e-parent\" data-id=\"1209828\" data-element_type=\"container\" data-e-type=\"container\">\n\t\t\t\t\t<div class=\"e-con-inner\">\n\t\t\t\t<div class=\"elementor-element elementor-element-3348f16 elementor-widget elementor-widget-text-editor\" data-id=\"3348f16\" data-element_type=\"widget\" data-e-type=\"widget\" data-widget_type=\"text-editor.default\">\n\t\t\t\t<div class=\"elementor-widget-container\">\n\t\t\t\t\t\t\t\t\t<figure id=\"attachment_405\" aria-describedby=\"caption-attachment-405\" style=\"width: 300px\" class=\"wp-caption alignleft\"><img fetchpriority=\"high\" decoding=\"async\" class=\"size-medium wp-image-405\" src=\"https:\/\/costablanca-magazin.com\/wp-content\/uploads\/2024\/06\/increase-the-interest-rate-high-income-interest-r-2023-11-27-05-30-22-utc-300x186.jpg\" alt=\"Renteverlagingen: Effecten op hypotheken, consumptie en besparingen\" width=\"300\" height=\"186\" srcset=\"https:\/\/costablanca-magazin.com\/wp-content\/uploads\/2024\/06\/increase-the-interest-rate-high-income-interest-r-2023-11-27-05-30-22-utc-300x186.jpg 300w, https:\/\/costablanca-magazin.com\/wp-content\/uploads\/2024\/06\/increase-the-interest-rate-high-income-interest-r-2023-11-27-05-30-22-utc-1024x636.jpg 1024w, https:\/\/costablanca-magazin.com\/wp-content\/uploads\/2024\/06\/increase-the-interest-rate-high-income-interest-r-2023-11-27-05-30-22-utc-768x477.jpg 768w, https:\/\/costablanca-magazin.com\/wp-content\/uploads\/2024\/06\/increase-the-interest-rate-high-income-interest-r-2023-11-27-05-30-22-utc-1536x953.jpg 1536w, https:\/\/costablanca-magazin.com\/wp-content\/uploads\/2024\/06\/increase-the-interest-rate-high-income-interest-r-2023-11-27-05-30-22-utc-2048x1271.jpg 2048w\" sizes=\"(max-width: 300px) 100vw, 300px\" \/><figcaption id=\"caption-attachment-405\" class=\"wp-caption-text\">Renteverlagingen: Effecten op hypotheken, consumptie en besparingen<\/figcaption><\/figure><p>De Europese Centrale Bank (ECB) heeft een renteverlaging van 25 basispunten aangekondigd, de eerste sinds maart 2016, waarmee een einde komt aan een reeks van 10 opeenvolgende renteverhogingen en de basisrente op 4,25 % komt. Dit heeft een onmiddellijk effect op hypotheken, consumptie en spaargeld.<\/p><h4>Achtergrond van de renteverlaging<\/h4><p>Het besluit van de ECB komt tegen de achtergrond van een neerwaartse trend in de inflatie in de eurozone. Verschillende leidende figuren bij de ECB, waaronder vicepresident Luis de Guindos en hoofdeconoom Philip Lane, hadden deze maatregel van tevoren aangekondigd. Volgens Christine Lagarde, president van de ECB, rechtvaardigt het huidige inflatiecijfer van 2,6 % deze stap.<\/p><p>De renteverlagingen hebben de volgende effecten:<\/p><h4>Effecten op hypotheken<\/h4><ul><li><strong>Hypotheken met variabele rente:<\/strong> Hypotheken die gekoppeld zijn aan de 12-maands Euribor worden iets ontlast. De Euribor daalde in mei naar 3,68 % en staat daarmee op het laagste niveau sinds december. Dit resulteert in een gemiddelde maandelijkse besparing van ongeveer 20 euro voor hypotheekhouders.<\/li><\/ul><h4>Effecten op nieuwe financiering<\/h4><ul><li><strong>Credits:<\/strong> De rentetarieven voor nieuwe leningen, zowel voor consumptie als voor de aankoop van een huis, zullen licht dalen. Dit kan lenen aantrekkelijker maken en de consumptie stimuleren.<\/li><\/ul><h4>Effecten op besparingen<\/h4><ul><li><strong>Financi\u00eble producten:<\/strong> De winstgevendheid van spaarproducten zoals deposito's en rekeningen zal waarschijnlijk dalen. Beleggers moeten voorbereid zijn op lagere rendementen.<\/li><\/ul><h4>Effecten op de vastgoedmarkt<\/h4><ul><li><strong>Stimulansen om te kopen:<\/strong> Lagere rentetarieven kunnen de vastgoedmarkt stimuleren omdat hypotheken goedkoper worden en meer mensen daardoor een huis kunnen kopen.<\/li><\/ul><h4>Vooruitzichten voor verdere renteverlagingen<\/h4><p>De ECB is van plan om het monetaire beleid voorlopig restrictief te houden en verwacht geen verdere grote renteverlagingen voor 2025. De markt verwacht echter tot twee verdere verlagingen in de tweede helft van 2024 als het desinflatieproces doorzet.<\/p><h4>Conclusie<\/h4><p>Het besluit van de ECB om de rente te verlagen is een stap in de aanpassing aan de huidige economische situatie. Hoewel de onmiddellijke impact op hypotheken en leningen beperkt is, kunnen toekomstige renteverlagingen een grotere impact hebben. De balans tussen het stimuleren van consumptie en het garanderen van stabiele rendementen voor spaarders blijft een uitdaging.<\/p><h3>Conclusie<\/h3><p>De renteverlagingen van de ECB hebben een breed scala aan effecten:<\/p><ul><li><strong>Variabele hypotheken<\/strong>Lichte verlichting voor leners.<\/li><li><strong>Nieuwe financiering<\/strong>Potentieel aantrekkelijkere kredietvoorwaarden.<\/li><li><strong>Besparingen<\/strong>Lagere winstgevendheid van spaarproducten.<\/li><li><strong>Vastgoedmarkt<\/strong>Mogelijke opleving door gunstigere hypotheken.<\/li><li><strong>Toekomstperspectieven<\/strong>Verdere renteverlagingen mogelijk, afhankelijk van inflatietrends.<\/li><\/ul><p>\u00a0<\/p><p>Bron - Idealista<\/p>\t\t\t\t\t\t\t\t<\/div>\n\t\t\t\t<\/div>\n\t\t\t\t\t<\/div>\n\t\t\t\t<\/div>\n\t\t<div class=\"elementor-element elementor-element-3d6dbda e-flex e-con-boxed e-con e-parent\" data-id=\"3d6dbda\" data-element_type=\"container\" data-e-type=\"container\">\n\t\t\t\t\t<div class=\"e-con-inner\">\n\t\t\t\t<div class=\"elementor-element elementor-element-d39807c elementor-widget elementor-widget-heading\" data-id=\"d39807c\" data-element_type=\"widget\" data-e-type=\"widget\" data-widget_type=\"heading.default\">\n\t\t\t\t<div class=\"elementor-widget-container\">\n\t\t\t\t\t<h2 class=\"elementor-heading-title elementor-size-default\">Dit kan je ook interesseren<\/h2>\t\t\t\t<\/div>\n\t\t\t\t<\/div>\n\t\t\t\t<div class=\"elementor-element elementor-element-e4d79da elementor-grid-4 elementor-grid-tablet-2 elementor-grid-mobile-1 elementor-posts--thumbnail-top elementor-card-shadow-yes elementor-posts__hover-gradient elementor-widget elementor-widget-posts\" data-id=\"e4d79da\" data-element_type=\"widget\" data-e-type=\"widget\" data-settings=\"{&quot;cards_columns&quot;:&quot;4&quot;,&quot;cards_columns_tablet&quot;:&quot;2&quot;,&quot;cards_columns_mobile&quot;:&quot;1&quot;,&quot;cards_row_gap&quot;:{&quot;unit&quot;:&quot;px&quot;,&quot;size&quot;:35,&quot;sizes&quot;:[]},&quot;cards_row_gap_tablet&quot;:{&quot;unit&quot;:&quot;px&quot;,&quot;size&quot;:&quot;&quot;,&quot;sizes&quot;:[]},&quot;cards_row_gap_mobile&quot;:{&quot;unit&quot;:&quot;px&quot;,&quot;size&quot;:&quot;&quot;,&quot;sizes&quot;:[]}}\" data-widget_type=\"posts.cards\">\n\t\t\t\t<div class=\"elementor-widget-container\">\n\t\t\t\t\t\t\t<div class=\"elementor-posts-container elementor-posts elementor-posts--skin-cards elementor-grid\" role=\"list\">\n\t\t\t\t<article class=\"elementor-post elementor-grid-item post-11423 post type-post status-publish format-standard has-post-thumbnail hentry category-veranstaltungen-events tag-fiestas-costa-blanca-2026 tag-moros-y-cristianos-benidorm tag-moros-y-cristianos-costa-blanca-2026 tag-moros-y-cristianos-denia tag-moros-y-cristianos-termine-2026 tag-moros-y-cristianos-villajoyosa\" role=\"listitem\">\n\t\t\t<div class=\"elementor-post__card\">\n\t\t\t\t<a class=\"elementor-post__thumbnail__link\" href=\"https:\/\/costablanca-magazin.com\/nl\/freizeit\/veranstaltungen-events\/moros-y-cristianos-costa-blanca-2026-termine-und-feste\/\" tabindex=\"-1\" ><div class=\"elementor-post__thumbnail\"><img decoding=\"async\" width=\"300\" height=\"135\" src=\"https:\/\/costablanca-magazin.com\/wp-content\/uploads\/2025\/09\/calpe-moros-300x135.jpg\" class=\"attachment-medium size-medium wp-image-8738\" alt=\"calpe moros y cristianos\" srcset=\"https:\/\/costablanca-magazin.com\/wp-content\/uploads\/2025\/09\/calpe-moros-300x135.jpg 300w, https:\/\/costablanca-magazin.com\/wp-content\/uploads\/2025\/09\/calpe-moros-1024x460.jpg 1024w, https:\/\/costablanca-magazin.com\/wp-content\/uploads\/2025\/09\/calpe-moros-768x345.jpg 768w, https:\/\/costablanca-magazin.com\/wp-content\/uploads\/2025\/09\/calpe-moros.jpg 1200w\" sizes=\"(max-width: 300px) 100vw, 300px\" \/><\/div><\/a>\n\t\t\t\t<div class=\"elementor-post__text\">\n\t\t\t\t<h3 class=\"elementor-post__title\">\n\t\t\t<a href=\"https:\/\/costablanca-magazin.com\/nl\/freizeit\/veranstaltungen-events\/moros-y-cristianos-costa-blanca-2026-termine-und-feste\/\" >\n\t\t\t\tMoros y Cristianos Costa Blanca 2026 - Data en festiviteiten\t\t\t<\/a>\n\t\t<\/h3>\n\t\t\t\t<\/div>\n\t\t\t\t\t<\/div>\n\t\t<\/article>\n\t\t\t\t<article class=\"elementor-post elementor-grid-item post-11405 post type-post status-publish format-standard has-post-thumbnail hentry category-news-politik tag-airlines-spanien tag-fluege-alicante tag-fluege-valencia tag-iran-konflikt-flugpreise tag-jet-fuel-spanien tag-kerosinpreise-europa\" role=\"listitem\">\n\t\t\t<div class=\"elementor-post__card\">\n\t\t\t\t<a class=\"elementor-post__thumbnail__link\" href=\"https:\/\/costablanca-magazin.com\/nl\/lokales\/news-politik\/iran-konflikt-und-flugpreise-was-alicante-und-valencia-wirklich-erwartet\/\" tabindex=\"-1\" ><div class=\"elementor-post__thumbnail\"><img decoding=\"async\" width=\"300\" height=\"227\" src=\"https:\/\/costablanca-magazin.com\/wp-content\/uploads\/2026\/04\/die-inselzeitung-mallorca-255-300x227.jpg\" class=\"attachment-medium size-medium wp-image-11406\" alt=\"Iran-conflict en vluchtprijzen: Wat staat Alicante en Valencia echt te wachten?\" srcset=\"https:\/\/costablanca-magazin.com\/wp-content\/uploads\/2026\/04\/die-inselzeitung-mallorca-255-300x227.jpg 300w, https:\/\/costablanca-magazin.com\/wp-content\/uploads\/2026\/04\/die-inselzeitung-mallorca-255-1024x776.jpg 1024w, https:\/\/costablanca-magazin.com\/wp-content\/uploads\/2026\/04\/die-inselzeitung-mallorca-255-768x582.jpg 768w, https:\/\/costablanca-magazin.com\/wp-content\/uploads\/2026\/04\/die-inselzeitung-mallorca-255-1536x1164.jpg 1536w, https:\/\/costablanca-magazin.com\/wp-content\/uploads\/2026\/04\/die-inselzeitung-mallorca-255-2048x1552.jpg 2048w, https:\/\/costablanca-magazin.com\/wp-content\/uploads\/2026\/04\/die-inselzeitung-mallorca-255-16x12.jpg 16w\" sizes=\"(max-width: 300px) 100vw, 300px\" \/><\/div><\/a>\n\t\t\t\t<div class=\"elementor-post__text\">\n\t\t\t\t<h3 class=\"elementor-post__title\">\n\t\t\t<a href=\"https:\/\/costablanca-magazin.com\/nl\/lokales\/news-politik\/iran-konflikt-und-flugpreise-was-alicante-und-valencia-wirklich-erwartet\/\" >\n\t\t\t\tIran-conflict en vluchtprijzen: Wat staat Alicante en Valencia echt te wachten?\t\t\t<\/a>\n\t\t<\/h3>\n\t\t\t\t<\/div>\n\t\t\t\t\t<\/div>\n\t\t<\/article>\n\t\t\t\t<article class=\"elementor-post elementor-grid-item post-11389 post type-post status-publish format-standard has-post-thumbnail hentry category-leben-in-spanien tag-antrag-pflege-spanien tag-comunitat-valenciana-pflege tag-dependencia-costa-blanca tag-pflege-costa-blanca tag-pflegegrad-spanien tag-pflegehilfe-alicante\" role=\"listitem\">\n\t\t\t<div class=\"elementor-post__card\">\n\t\t\t\t<a class=\"elementor-post__thumbnail__link\" href=\"https:\/\/costablanca-magazin.com\/nl\/residenten\/leben-in-spanien\/pflege-an-der-costa-blanca-leistungen-antrag-und-hilfe\/\" tabindex=\"-1\" ><div class=\"elementor-post__thumbnail\"><img loading=\"lazy\" decoding=\"async\" width=\"300\" height=\"100\" src=\"https:\/\/costablanca-magazin.com\/wp-content\/uploads\/2026\/04\/AdobeStock_210113313-300x100.jpeg\" class=\"attachment-medium size-medium wp-image-11390\" alt=\"Wanneer zorg plotseling een probleem wordt aan de Costa Blanca\" srcset=\"https:\/\/costablanca-magazin.com\/wp-content\/uploads\/2026\/04\/AdobeStock_210113313-300x100.jpeg 300w, https:\/\/costablanca-magazin.com\/wp-content\/uploads\/2026\/04\/AdobeStock_210113313-1024x341.jpeg 1024w, https:\/\/costablanca-magazin.com\/wp-content\/uploads\/2026\/04\/AdobeStock_210113313-768x256.jpeg 768w, https:\/\/costablanca-magazin.com\/wp-content\/uploads\/2026\/04\/AdobeStock_210113313-1536x512.jpeg 1536w, https:\/\/costablanca-magazin.com\/wp-content\/uploads\/2026\/04\/AdobeStock_210113313-2048x682.jpeg 2048w, https:\/\/costablanca-magazin.com\/wp-content\/uploads\/2026\/04\/AdobeStock_210113313-18x6.jpeg 18w\" sizes=\"(max-width: 300px) 100vw, 300px\" \/><\/div><\/a>\n\t\t\t\t<div class=\"elementor-post__text\">\n\t\t\t\t<h3 class=\"elementor-post__title\">\n\t\t\t<a href=\"https:\/\/costablanca-magazin.com\/nl\/residenten\/leben-in-spanien\/pflege-an-der-costa-blanca-leistungen-antrag-und-hilfe\/\" >\n\t\t\t\tZorg aan de Costa Blanca - voordelen, aanvraag en hulp\t\t\t<\/a>\n\t\t<\/h3>\n\t\t\t\t<\/div>\n\t\t\t\t\t<\/div>\n\t\t<\/article>\n\t\t\t\t<article class=\"elementor-post elementor-grid-item post-11377 post type-post status-publish format-standard has-post-thumbnail hentry category-leben-in-spanien tag-geburt-spanien tag-mutterschutz-spanien tag-schwangerschaft-costa-blanca tag-seguridad-social-schwangerschaft\" role=\"listitem\">\n\t\t\t<div class=\"elementor-post__card\">\n\t\t\t\t<a class=\"elementor-post__thumbnail__link\" href=\"https:\/\/costablanca-magazin.com\/nl\/residenten\/leben-in-spanien\/schwangerschaft-an-der-costa-blanca-vorsorge-mutterschutz\/\" tabindex=\"-1\" ><div class=\"elementor-post__thumbnail\"><img loading=\"lazy\" decoding=\"async\" width=\"300\" height=\"98\" src=\"https:\/\/costablanca-magazin.com\/wp-content\/uploads\/2026\/04\/smiling-happy-pregnant-woman-wear-casual-dress-ove-2023-11-27-05-23-42-utc-e1776345378550-300x98.jpg\" class=\"attachment-medium size-medium wp-image-11381\" alt=\"Zwanger aan de Costa Blanca: Zwangerschap, geboorte, bescherming van het moederschap &amp; financi\u00eble voordelen in Spanje\" srcset=\"https:\/\/costablanca-magazin.com\/wp-content\/uploads\/2026\/04\/smiling-happy-pregnant-woman-wear-casual-dress-ove-2023-11-27-05-23-42-utc-e1776345378550-300x98.jpg 300w, https:\/\/costablanca-magazin.com\/wp-content\/uploads\/2026\/04\/smiling-happy-pregnant-woman-wear-casual-dress-ove-2023-11-27-05-23-42-utc-e1776345378550-1024x334.jpg 1024w, https:\/\/costablanca-magazin.com\/wp-content\/uploads\/2026\/04\/smiling-happy-pregnant-woman-wear-casual-dress-ove-2023-11-27-05-23-42-utc-e1776345378550-768x251.jpg 768w, https:\/\/costablanca-magazin.com\/wp-content\/uploads\/2026\/04\/smiling-happy-pregnant-woman-wear-casual-dress-ove-2023-11-27-05-23-42-utc-e1776345378550-1536x502.jpg 1536w, https:\/\/costablanca-magazin.com\/wp-content\/uploads\/2026\/04\/smiling-happy-pregnant-woman-wear-casual-dress-ove-2023-11-27-05-23-42-utc-e1776345378550-2048x669.jpg 2048w, https:\/\/costablanca-magazin.com\/wp-content\/uploads\/2026\/04\/smiling-happy-pregnant-woman-wear-casual-dress-ove-2023-11-27-05-23-42-utc-e1776345378550-18x6.jpg 18w\" sizes=\"(max-width: 300px) 100vw, 300px\" \/><\/div><\/a>\n\t\t\t\t<div class=\"elementor-post__text\">\n\t\t\t\t<h3 class=\"elementor-post__title\">\n\t\t\t<a href=\"https:\/\/costablanca-magazin.com\/nl\/residenten\/leben-in-spanien\/schwangerschaft-an-der-costa-blanca-vorsorge-mutterschutz\/\" >\n\t\t\t\tZwangerschap Costa Blanca: Preventie en bescherming van het moederschap\t\t\t<\/a>\n\t\t<\/h3>\n\t\t\t\t<\/div>\n\t\t\t\t\t<\/div>\n\t\t<\/article>\n\t\t\t\t<\/div>\n\t\t\n\t\t\t\t\t\t<\/div>\n\t\t\t\t<\/div>\n\t\t\t\t\t<\/div>\n\t\t\t\t<\/div>\n\t\t\t\t<\/div>","protected":false},"excerpt":{"rendered":"<p>Zinssenkungen: Auswirkungen auf Hypotheken, Konsum und Ersparnisse Die Europ\u00e4ische Zentralbank (EZB) hat eine Senkung der Zinss\u00e4tze um 25 Basispunkte angek\u00fcndigt, die erste seit M\u00e4rz 2016.<\/p>","protected":false},"author":1,"featured_media":405,"comment_status":"closed","ping_status":"closed","sticky":false,"template":"elementor_header_footer","format":"standard","meta":{"footnotes":""},"categories":[983],"tags":[58,59],"class_list":["post-404","post","type-post","status-publish","format-standard","has-post-thumbnail","hentry","category-kauf-miete","tag-euribor","tag-zinssenkung"],"aioseo_notices":[],"_links":{"self":[{"href":"https:\/\/costablanca-magazin.com\/nl\/wp-json\/wp\/v2\/posts\/404","targetHints":{"allow":["GET"]}}],"collection":[{"href":"https:\/\/costablanca-magazin.com\/nl\/wp-json\/wp\/v2\/posts"}],"about":[{"href":"https:\/\/costablanca-magazin.com\/nl\/wp-json\/wp\/v2\/types\/post"}],"author":[{"embeddable":true,"href":"https:\/\/costablanca-magazin.com\/nl\/wp-json\/wp\/v2\/users\/1"}],"replies":[{"embeddable":true,"href":"https:\/\/costablanca-magazin.com\/nl\/wp-json\/wp\/v2\/comments?post=404"}],"version-history":[{"count":4,"href":"https:\/\/costablanca-magazin.com\/nl\/wp-json\/wp\/v2\/posts\/404\/revisions"}],"predecessor-version":[{"id":3057,"href":"https:\/\/costablanca-magazin.com\/nl\/wp-json\/wp\/v2\/posts\/404\/revisions\/3057"}],"wp:featuredmedia":[{"embeddable":true,"href":"https:\/\/costablanca-magazin.com\/nl\/wp-json\/wp\/v2\/media\/405"}],"wp:attachment":[{"href":"https:\/\/costablanca-magazin.com\/nl\/wp-json\/wp\/v2\/media?parent=404"}],"wp:term":[{"taxonomy":"category","embeddable":true,"href":"https:\/\/costablanca-magazin.com\/nl\/wp-json\/wp\/v2\/categories?post=404"},{"taxonomy":"post_tag","embeddable":true,"href":"https:\/\/costablanca-magazin.com\/nl\/wp-json\/wp\/v2\/tags?post=404"}],"curies":[{"name":"wp","href":"https:\/\/api.w.org\/{rel}","templated":true}]}}