{"id":2005,"date":"2024-09-12T16:23:03","date_gmt":"2024-09-12T14:23:03","guid":{"rendered":"https:\/\/costablanca-magazin.com\/?p=2005"},"modified":"2025-07-08T05:44:33","modified_gmt":"2025-07-08T03:44:33","slug":"cafe-con-leche-met-marina-uhde","status":"publish","type":"post","link":"https:\/\/costablanca-magazin.com\/nl\/residenten\/stories-und-stimmen\/cafe-con-leche-mit-marina-uhde\/","title":{"rendered":"Caf\u00e9 con leche met Marina Uhde"},"content":{"rendered":"<div data-elementor-type=\"wp-post\" data-elementor-id=\"2005\" class=\"elementor elementor-2005\" data-elementor-post-type=\"post\">\n\t\t\t\t<div class=\"elementor-element elementor-element-dc0052a e-flex e-con-boxed e-con e-parent\" data-id=\"dc0052a\" data-element_type=\"container\" data-e-type=\"container\">\n\t\t\t\t\t<div class=\"e-con-inner\">\n\t\t\t\t<div class=\"elementor-element elementor-element-1ba1767 elementor-widget elementor-widget-heading\" data-id=\"1ba1767\" data-element_type=\"widget\" data-e-type=\"widget\" data-widget_type=\"heading.default\">\n\t\t\t\t<div class=\"elementor-widget-container\">\n\t\t\t\t\t<h1 class=\"elementor-heading-title elementor-size-default\">Caf\u00e9 con leche met... Marina in Villajoyosa (La Vila Joiosa)\"<\/h1>\t\t\t\t<\/div>\n\t\t\t\t<\/div>\n\t\t\t\t<div class=\"elementor-element elementor-element-bd0e20e elementor-widget elementor-widget-heading\" data-id=\"bd0e20e\" data-element_type=\"widget\" data-e-type=\"widget\" data-widget_type=\"heading.default\">\n\t\t\t\t<div class=\"elementor-widget-container\">\n\t\t\t\t\t<h2 class=\"elementor-heading-title elementor-size-default\">Expats aan de Costa Blanca vertellen over hun leven en waarom de Costa Blanca voor hen de juiste plek is om te wonen. Hellmuth Kr\u00fcger in gesprek met Marina Uhde, een immigrant die al 25 jaar in Villajoyosa woont.<\/h2>\t\t\t\t<\/div>\n\t\t\t\t<\/div>\n\t\t\t\t\t<\/div>\n\t\t\t\t<\/div>\n\t\t<div class=\"elementor-element elementor-element-2644669 e-flex e-con-boxed e-con e-parent\" data-id=\"2644669\" data-element_type=\"container\" data-e-type=\"container\">\n\t\t\t\t\t<div class=\"e-con-inner\">\n\t\t<div class=\"elementor-element elementor-element-e4ba623 e-con-full e-flex e-con e-child\" data-id=\"e4ba623\" data-element_type=\"container\" data-e-type=\"container\">\n\t\t\t\t<div class=\"elementor-element elementor-element-915b711 elementor-widget elementor-widget-text-editor\" data-id=\"915b711\" data-element_type=\"widget\" data-e-type=\"widget\" data-widget_type=\"text-editor.default\">\n\t\t\t\t<div class=\"elementor-widget-container\">\n\t\t\t\t\t\t\t\t\t<figure id=\"attachment_2004\" aria-describedby=\"caption-attachment-2004\" style=\"width: 225px\" class=\"wp-caption alignleft\"><img fetchpriority=\"high\" decoding=\"async\" class=\"size-medium wp-image-2004\" src=\"https:\/\/costablanca-magazin.com\/wp-content\/uploads\/2024\/09\/Marina-Uhde-3-225x300.jpg\" alt=\"Marina Uhde\" width=\"225\" height=\"300\" srcset=\"https:\/\/costablanca-magazin.com\/wp-content\/uploads\/2024\/09\/Marina-Uhde-3-225x300.jpg 225w, https:\/\/costablanca-magazin.com\/wp-content\/uploads\/2024\/09\/Marina-Uhde-3-768x1024.jpg 768w, https:\/\/costablanca-magazin.com\/wp-content\/uploads\/2024\/09\/Marina-Uhde-3-1152x1536.jpg 1152w, https:\/\/costablanca-magazin.com\/wp-content\/uploads\/2024\/09\/Marina-Uhde-3.jpg 1536w\" sizes=\"(max-width: 225px) 100vw, 225px\" \/><figcaption id=\"caption-attachment-2004\" class=\"wp-caption-text\">Marina Uhde<\/figcaption><\/figure><p>In de rubriek \u201eCaf\u00e9 con leche met...\u201c ontmoet CBM interessante expats die hun verhaal aan de Costa Blanca delen. Deze keer spreekt Hellmuth Kr\u00fcger met Marina Uhde, een immigrant die al 25 jaar in het pittoreske Villajoyosa woont \u2013 en oorspronkelijk slechts een korte vakantie had gepland. In het gesprek vertelt ze over haar begin, de uitdagingen en gaan we in op de vraag of ze ooit terug zou gaan naar Duitsland.<\/p><p><strong>Hallo Marina, hartelijk dank dat we elkaar hier in Villajoyosa hebben kunnen ontmoeten. Een plaats die je nu al 25 jaar je thuis noemt. <\/strong><br \/><strong>Dat was oorspronkelijk niet zo gepland, toch?<\/strong><br \/>Nee, helemaal niet. Ik wilde eigenlijk maar drie maanden naar Spanje komen om wat afstand te nemen van mijn ex-man. Mijn tante woonde hier, dus ik dacht dat ik een tijdje bij haar zou blijven. Die drie maanden zijn uiteindelijk 25 jaar geworden.<\/p><p><strong>Dus het was geen vakantie en ook geen geplande emigratie?<\/strong><br \/>Precies. Ik was nooit van plan om te emigreren. Het was meer een soort time-out, die uiteindelijk langer duurde dan verwacht. En plotseling was dit mijn thuis.<\/p><p><strong>Je bent hier destijds met je zesjarige dochter naartoe gekomen en hebt haar alleen opgevoed. Dat was vast niet gemakkelijk.<\/strong><br \/>Het was niet altijd gemakkelijk, vooral in het begin. Er was niet veel steun en financieel was het ook moeilijk, maar mijn dochter voelde zich al snel thuis en sprak na drie maanden al vloeiend Spaans. Dat maakte veel dingen gemakkelijker.<\/p>\t\t\t\t\t\t\t\t<\/div>\n\t\t\t\t<\/div>\n\t\t\t\t<\/div>\n\t\t<div class=\"elementor-element elementor-element-6bb4728 e-con-full e-flex e-con e-child\" data-id=\"6bb4728\" data-element_type=\"container\" data-e-type=\"container\">\n\t\t\t\t<div class=\"elementor-element elementor-element-f806b8c elementor-widget elementor-widget-text-editor\" data-id=\"f806b8c\" data-element_type=\"widget\" data-e-type=\"widget\" data-widget_type=\"text-editor.default\">\n\t\t\t\t<div class=\"elementor-widget-container\">\n\t\t\t\t\t\t\t\t\t<p><strong>Je hebt toen al snel een vaste baan gevonden, die je tot op de dag van vandaag nog steeds hebt, klopt dat?<\/strong><br \/>Ja, ik heb een baan gevonden die ik nu al 23 jaar doe. Ik heb echt geluk gehad, want zonder deze vaste baan zou het veel moeilijker zijn geweest om hier voet aan de grond te krijgen.<\/p><p><strong>Hoe ervaar je de ontwikkeling van Villajoyosa in de afgelopen 25 jaar? Is de stad sterk veranderd en wat maakt haar voor jou nog steeds leefbaar?<\/strong><br \/>Ja, helaas. Vroeger was het een geheime tip, rustig en idyllisch. Tegenwoordig heeft het massatoerisme ook hier zijn intrede gedaan. Het strand is nog steeds prachtig, maar in de zomermaanden juli en augustus is het hier erg druk en luidruchtig. Toch zijn er nog steeds hoekjes, vooral in de oude wijken, waar het traditionele leven voortduurt.<br \/>Ik hou van de Vileros, de vele kleine boetiekjes, de deels uitstekende restaurants, de beroemde kleurrijke huizen en niet te vergeten mijn favoriete gastheer Pablo.<\/p><p><strong>Heb je nog een nauwe band met Duitsland?<\/strong><br \/>Ja, absoluut. Mijn familie woont in Duitsland en ik heb daar nog veel vrienden. We bezoeken elkaar regelmatig en ik zou me kunnen voorstellen dat ik op een dag terugga, als het hier niet meer lukt. Duitsland is voor mij nog steeds een mooi land.<\/p><p><strong>Zou je zeggen dat je ooit spijt hebt gehad van je beslissing om hier te blijven?<\/strong><br \/>Nee, ik heb nooit serieus overwogen om terug te gaan. Mijn dochter is hier opgegroeid en voelt zich meer Spaans dan Duits. Door haar heb ik altijd een sterke band met Spanje gehad.<\/p><p>Hartelijk dank voor het interessante gesprek, Marina. Jouw verhaal laat zien dat je ook onverwacht in een ander land wortel kunt schieten en <br \/>een vervuld leven kan leiden.<br \/>Graag gedaan, Hellmuth. Ik vond het leuk om mijn verhaal te delen.<\/p><p>Hellmuth Kr\u00fcger<\/p>\t\t\t\t\t\t\t\t<\/div>\n\t\t\t\t<\/div>\n\t\t\t\t<\/div>\n\t\t\t\t\t<\/div>\n\t\t\t\t<\/div>\n\t\t<div class=\"elementor-element elementor-element-2f76e46 e-flex e-con-boxed e-con e-parent\" data-id=\"2f76e46\" data-element_type=\"container\" data-e-type=\"container\">\n\t\t\t\t\t<div class=\"e-con-inner\">\n\t\t\t\t<div class=\"elementor-element elementor-element-da3f141 elementor-widget elementor-widget-heading\" data-id=\"da3f141\" data-element_type=\"widget\" data-e-type=\"widget\" data-widget_type=\"heading.default\">\n\t\t\t\t<div class=\"elementor-widget-container\">\n\t\t\t\t\t<h3 class=\"elementor-heading-title elementor-size-default\">Dit kan je ook interesseren<\/h3>\t\t\t\t<\/div>\n\t\t\t\t<\/div>\n\t\t\t\t\t<\/div>\n\t\t\t\t<\/div>\n\t\t\t\t<\/div>","protected":false},"excerpt":{"rendered":"<p>Caf\u00e9 con leche mit&#8230; Marina in Villajoyosa (La Vila Joiosa)&#8220; Expats an der Costa Blanca erz\u00e4hlen von ihrem Leben und warum die Costa Blanca f\u00fcr sie der richtige Ort zum Leben ist. Hellmuth Kr\u00fcger im Gespr\u00e4ch mit Marina Uhde, einer Einwanderin, die seit 25 Jahren in Villajoyosa lebt. In der Rubrik \u201eCaf\u00e9 con leche mit\u2026\u201c [&hellip;]<\/p>\n","protected":false},"author":4,"featured_media":2027,"comment_status":"closed","ping_status":"closed","sticky":false,"template":"elementor_header_footer","format":"standard","meta":{"footnotes":""},"categories":[981],"tags":[],"class_list":["post-2005","post","type-post","status-publish","format-standard","has-post-thumbnail","hentry","category-stories-und-stimmen"],"aioseo_notices":[],"aioseo_head":"\n\t\t<!-- All in One SEO Pro 5.0.1.1 - aioseo.com -->\n\t<meta name=\"description\" content=\"Expats an der Costa Blanca erz\u00e4hlen von ihrem Leben und warum die Costa Blanca f\u00fcr sie der richtige Ort zum Leben ist. Im September - Hellmuth\u2026\" \/>\n\t<meta name=\"robots\" content=\"max-snippet:-1, max-image-preview:large, max-video-preview:-1\" \/>\n\t<meta name=\"author\" content=\"Costablanca Magazin Redaktion\"\/>\n\t<link rel=\"canonical\" href=\"https:\/\/costablanca-magazin.com\/nl\/residenten\/stories-und-stimmen\/cafe-con-leche-mit-marina-uhde\/\" \/>\n\t<meta name=\"generator\" content=\"All in One SEO Pro (AIOSEO) 5.0.1.1\" \/>\n\t\t<meta property=\"og:locale\" content=\"nl_NL\" \/>\n\t\t<meta property=\"og:site_name\" content=\"Costa Blanca Magazine\" \/>\n\t\t<meta property=\"og:type\" content=\"article\" \/>\n\t\t<meta property=\"og:title\" content=\"Caf\u00e9 con leche mit... Marina in Villajoyosa (La Vila\u2026\" \/>\n\t\t<meta property=\"og:description\" content=\"Expats an der Costa Blanca erz\u00e4hlen von ihrem Leben und warum die Costa Blanca f\u00fcr sie der richtige Ort zum Leben ist. Im September - Hellmuth\u2026\" \/>\n\t\t<meta property=\"og:url\" content=\"https:\/\/costablanca-magazin.com\/nl\/residenten\/stories-und-stimmen\/cafe-con-leche-mit-marina-uhde\/\" \/>\n\t\t<meta property=\"og:image\" content=\"https:\/\/costablanca-magazin.com\/wp-content\/uploads\/2024\/09\/Marina-Uhde-3-768x1024-copy.jpg\" \/>\n\t\t<meta property=\"og:image:secure_url\" content=\"https:\/\/costablanca-magazin.com\/wp-content\/uploads\/2024\/09\/Marina-Uhde-3-768x1024-copy.jpg\" \/>\n\t\t<meta property=\"og:image:width\" content=\"759\" \/>\n\t\t<meta property=\"og:image:height\" content=\"658\" \/>\n\t\t<meta property=\"article:published_time\" content=\"2024-09-12T14:23:03+00:00\" \/>\n\t\t<meta property=\"article:modified_time\" content=\"2025-07-08T03:44:33+00:00\" \/>\n\t\t<meta property=\"article:publisher\" content=\"https:\/\/www.facebook.com\/costablancalifestyle\/\" \/>\n\t\t<meta name=\"twitter:card\" content=\"summary_large_image\" \/>\n\t\t<meta name=\"twitter:title\" content=\"Caf\u00e9 con leche mit... Marina in Villajoyosa (La Vila\u2026\" \/>\n\t\t<meta name=\"twitter:description\" content=\"Expats an der Costa Blanca erz\u00e4hlen von ihrem Leben und warum die Costa Blanca f\u00fcr sie der richtige Ort zum Leben ist. Im September - Hellmuth\u2026\" \/>\n\t\t<meta name=\"twitter:image\" content=\"https:\/\/costablanca-magazin.com\/wp-content\/uploads\/2024\/09\/Marina-Uhde-3-768x1024-copy.jpg\" \/>\n\t\t<script type=\"application\/ld+json\" class=\"aioseo-schema\">\n\t\t\t{\"@context\":\"https:\\\/\\\/schema.org\",\"@graph\":[{\"@type\":\"BreadcrumbList\",\"@id\":\"https:\\\/\\\/costablanca-magazin.com\\\/nl\\\/residenten\\\/stories-und-stimmen\\\/cafe-con-leche-mit-marina-uhde\\\/#breadcrumblist\",\"itemListElement\":[{\"@type\":\"ListItem\",\"@id\":\"https:\\\/\\\/costablanca-magazin.com\\\/nl#listItem\",\"position\":1,\"name\":\"Home\",\"item\":\"https:\\\/\\\/costablanca-magazin.com\\\/nl\",\"nextItem\":{\"@type\":\"ListItem\",\"@id\":\"https:\\\/\\\/costablanca-magazin.com\\\/nl\\\/residenten\\\/#listItem\",\"name\":\"Residenten\"}},{\"@type\":\"ListItem\",\"@id\":\"https:\\\/\\\/costablanca-magazin.com\\\/nl\\\/residenten\\\/#listItem\",\"position\":2,\"name\":\"Residenten\",\"item\":\"https:\\\/\\\/costablanca-magazin.com\\\/nl\\\/residenten\\\/\",\"nextItem\":{\"@type\":\"ListItem\",\"@id\":\"https:\\\/\\\/costablanca-magazin.com\\\/nl\\\/verhalen-en-stemmen\\\/#listItem\",\"name\":\"Stories und Stimmen\"},\"previousItem\":{\"@type\":\"ListItem\",\"@id\":\"https:\\\/\\\/costablanca-magazin.com\\\/nl#listItem\",\"name\":\"Home\"}},{\"@type\":\"ListItem\",\"@id\":\"https:\\\/\\\/costablanca-magazin.com\\\/nl\\\/verhalen-en-stemmen\\\/#listItem\",\"position\":3,\"name\":\"Stories und Stimmen\",\"item\":\"https:\\\/\\\/costablanca-magazin.com\\\/nl\\\/verhalen-en-stemmen\\\/\",\"nextItem\":{\"@type\":\"ListItem\",\"@id\":\"https:\\\/\\\/costablanca-magazin.com\\\/nl\\\/residenten\\\/stories-und-stimmen\\\/cafe-con-leche-mit-marina-uhde\\\/#listItem\",\"name\":\"Caf\\u00e9 con leche mit Marina Uhde\"},\"previousItem\":{\"@type\":\"ListItem\",\"@id\":\"https:\\\/\\\/costablanca-magazin.com\\\/nl\\\/residenten\\\/#listItem\",\"name\":\"Residenten\"}},{\"@type\":\"ListItem\",\"@id\":\"https:\\\/\\\/costablanca-magazin.com\\\/nl\\\/residenten\\\/stories-und-stimmen\\\/cafe-con-leche-mit-marina-uhde\\\/#listItem\",\"position\":4,\"name\":\"Caf\\u00e9 con leche mit Marina Uhde\",\"previousItem\":{\"@type\":\"ListItem\",\"@id\":\"https:\\\/\\\/costablanca-magazin.com\\\/nl\\\/verhalen-en-stemmen\\\/#listItem\",\"name\":\"Stories und Stimmen\"}}]},{\"@type\":\"NewsArticle\",\"@id\":\"https:\\\/\\\/costablanca-magazin.com\\\/nl\\\/residenten\\\/stories-und-stimmen\\\/cafe-con-leche-mit-marina-uhde\\\/#article\",\"name\":\"Caf\\u00e9 con leche mit Marina Uhde\",\"headline\":\"Caf\\u00e9 con leche mit Marina Uhde\",\"author\":{\"@id\":\"https:\\\/\\\/costablanca-magazin.com\\\/nl\\\/author\\\/costablanca-magazin-redaktion\\\/#author\"},\"publisher\":{\"@id\":\"https:\\\/\\\/costablanca-magazin.com\\\/nl\\\/#organization\"},\"image\":{\"@type\":\"ImageObject\",\"url\":\"https:\\\/\\\/costablanca-magazin.com\\\/wp-content\\\/uploads\\\/2024\\\/09\\\/Marina-Uhde-3-768x1024-copy.jpg\",\"width\":759,\"height\":658,\"caption\":\"Caf\\u00e9 con leche mit Marina Uhde\"},\"datePublished\":\"2024-09-12T16:23:03+02:00\",\"dateModified\":\"2025-07-08T05:44:33+02:00\",\"inLanguage\":\"nl-NL\",\"mainEntityOfPage\":{\"@id\":\"https:\\\/\\\/costablanca-magazin.com\\\/nl\\\/residenten\\\/stories-und-stimmen\\\/cafe-con-leche-mit-marina-uhde\\\/#webpage\"},\"isPartOf\":{\"@id\":\"https:\\\/\\\/costablanca-magazin.com\\\/nl\\\/residenten\\\/stories-und-stimmen\\\/cafe-con-leche-mit-marina-uhde\\\/#webpage\"},\"articleSection\":\"Stories und Stimmen\"},{\"@type\":\"Person\",\"@id\":\"https:\\\/\\\/costablanca-magazin.com\\\/nl\\\/author\\\/costablanca-magazin-redaktion\\\/#author\",\"url\":\"https:\\\/\\\/costablanca-magazin.com\\\/nl\\\/author\\\/costablanca-magazin-redaktion\\\/\",\"name\":\"Costablanca Magazin Redaktion\"},{\"@type\":\"WebPage\",\"@id\":\"https:\\\/\\\/costablanca-magazin.com\\\/nl\\\/residenten\\\/stories-und-stimmen\\\/cafe-con-leche-mit-marina-uhde\\\/#webpage\",\"url\":\"https:\\\/\\\/costablanca-magazin.com\\\/nl\\\/residenten\\\/stories-und-stimmen\\\/cafe-con-leche-mit-marina-uhde\\\/\",\"name\":\"Caf\\u00e9 con leche mit... Marina in Villajoyosa (La Vila\\u2026\",\"description\":\"Expats an der Costa Blanca erz\\u00e4hlen von ihrem Leben und warum die Costa Blanca f\\u00fcr sie der richtige Ort zum Leben ist. Im September - Hellmuth\\u2026\",\"inLanguage\":\"nl-NL\",\"isPartOf\":{\"@id\":\"https:\\\/\\\/costablanca-magazin.com\\\/nl\\\/#website\"},\"breadcrumb\":{\"@id\":\"https:\\\/\\\/costablanca-magazin.com\\\/nl\\\/residenten\\\/stories-und-stimmen\\\/cafe-con-leche-mit-marina-uhde\\\/#breadcrumblist\"},\"author\":{\"@id\":\"https:\\\/\\\/costablanca-magazin.com\\\/nl\\\/author\\\/costablanca-magazin-redaktion\\\/#author\"},\"creator\":{\"@id\":\"https:\\\/\\\/costablanca-magazin.com\\\/nl\\\/author\\\/costablanca-magazin-redaktion\\\/#author\"},\"image\":{\"@type\":\"ImageObject\",\"url\":\"https:\\\/\\\/costablanca-magazin.com\\\/wp-content\\\/uploads\\\/2024\\\/09\\\/Marina-Uhde-3-768x1024-copy.jpg\",\"@id\":\"https:\\\/\\\/costablanca-magazin.com\\\/nl\\\/residenten\\\/stories-und-stimmen\\\/cafe-con-leche-mit-marina-uhde\\\/#mainImage\",\"width\":759,\"height\":658,\"caption\":\"Caf\\u00e9 con leche mit Marina Uhde\"},\"primaryImageOfPage\":{\"@id\":\"https:\\\/\\\/costablanca-magazin.com\\\/nl\\\/residenten\\\/stories-und-stimmen\\\/cafe-con-leche-mit-marina-uhde\\\/#mainImage\"},\"datePublished\":\"2024-09-12T16:23:03+02:00\",\"dateModified\":\"2025-07-08T05:44:33+02:00\",\"mainEntity\":{\"@id\":\"https:\\\/\\\/costablanca-magazin.com\\\/nl\\\/residenten\\\/stories-und-stimmen\\\/cafe-con-leche-mit-marina-uhde\\\/#article\"}},{\"@type\":\"WebSite\",\"@id\":\"https:\\\/\\\/costablanca-magazin.com\\\/nl\\\/#website\",\"url\":\"https:\\\/\\\/costablanca-magazin.com\\\/nl\\\/\",\"name\":\"Costa Blanca Magazin\",\"description\":\"Costa Blanca - alles um das Leben und die Freizeit an der K\\u00fcste\",\"inLanguage\":\"nl-NL\",\"publisher\":{\"@id\":\"https:\\\/\\\/costablanca-magazin.com\\\/nl\\\/#organization\"},\"potentialAction\":{\"@type\":\"SearchAction\",\"target\":\"https:\\\/\\\/costablanca-magazin.com\\\/nl\\\/?s={search_term_string}\",\"query-input\":\"required name=search_term_string\"}},{\"@type\":[\"Organization\",\"NewsMediaOrganization\"],\"@id\":\"https:\\\/\\\/costablanca-magazin.com\\\/nl\\\/#organization\",\"name\":\"Costa Blanca Magazin\",\"description\":\"Costa Blanca Magazin\",\"url\":\"https:\\\/\\\/costablanca-magazin.com\\\/nl\\\/\",\"email\":\"info@costablanca-magazin.com\",\"telephone\":\"+34 663 946 871\",\"logo\":{\"@type\":\"ImageObject\",\"url\":\"https:\\\/\\\/costablanca-magazin.com\\\/wp-content\\\/uploads\\\/2024\\\/05\\\/logo.jpg\",\"@id\":\"https:\\\/\\\/costablanca-magazin.com\\\/nl\\\/residenten\\\/stories-und-stimmen\\\/cafe-con-leche-mit-marina-uhde\\\/#organizationLogo\",\"width\":1605,\"height\":236,\"caption\":\"Costa Blanca Magazine\"},\"image\":{\"@id\":\"https:\\\/\\\/costablanca-magazin.com\\\/nl\\\/residenten\\\/stories-und-stimmen\\\/cafe-con-leche-mit-marina-uhde\\\/#organizationLogo\"},\"sameAs\":[\"https:\\\/\\\/www.facebook.com\\\/costablancalifestyle\\\/\",\"https:\\\/\\\/www.instagram.com\\\/costablancamagazin\\\/\"]}]}\n\t\t<\/script>\n\t\t<!-- All in One SEO Pro -->\r\n\t\t<title>Caf\u00e9 con leche mit... Marina in Villajoyosa (La Vila\u2026<\/title>\n\n","aioseo_head_json":{"title":"Caf\u00e9 con leche met... Jachthaven in Villajoyosa (La Vila...","description":"Expats aan de Costa Blanca vertellen over hun leven en waarom de Costa Blanca voor hen de juiste plek is om te wonen. In september - Hellmuth...","canonical_url":"https:\/\/costablanca-magazin.com\/nl\/residenten\/stories-und-stimmen\/cafe-con-leche-mit-marina-uhde\/","robots":"max-snippet:-1, max-image-preview:large, max-video-preview:-1","keywords":"","webmasterTools":{"miscellaneous":""},"schema":{"@context":"https:\/\/schema.org","@graph":[{"@type":"BreadcrumbList","@id":"https:\/\/costablanca-magazin.com\/nl\/residenten\/stories-und-stimmen\/cafe-con-leche-mit-marina-uhde\/#breadcrumblist","itemListElement":[{"@type":"ListItem","@id":"https:\/\/costablanca-magazin.com\/nl#listItem","position":1,"name":"Home","item":"https:\/\/costablanca-magazin.com\/nl","nextItem":{"@type":"ListItem","@id":"https:\/\/costablanca-magazin.com\/nl\/residenten\/#listItem","name":"Residenten"}},{"@type":"ListItem","@id":"https:\/\/costablanca-magazin.com\/nl\/residenten\/#listItem","position":2,"name":"Residenten","item":"https:\/\/costablanca-magazin.com\/nl\/residenten\/","nextItem":{"@type":"ListItem","@id":"https:\/\/costablanca-magazin.com\/nl\/verhalen-en-stemmen\/#listItem","name":"Stories und Stimmen"},"previousItem":{"@type":"ListItem","@id":"https:\/\/costablanca-magazin.com\/nl#listItem","name":"Home"}},{"@type":"ListItem","@id":"https:\/\/costablanca-magazin.com\/nl\/verhalen-en-stemmen\/#listItem","position":3,"name":"Stories und Stimmen","item":"https:\/\/costablanca-magazin.com\/nl\/verhalen-en-stemmen\/","nextItem":{"@type":"ListItem","@id":"https:\/\/costablanca-magazin.com\/nl\/residenten\/stories-und-stimmen\/cafe-con-leche-mit-marina-uhde\/#listItem","name":"Caf\u00e9 con leche mit Marina Uhde"},"previousItem":{"@type":"ListItem","@id":"https:\/\/costablanca-magazin.com\/nl\/residenten\/#listItem","name":"Residenten"}},{"@type":"ListItem","@id":"https:\/\/costablanca-magazin.com\/nl\/residenten\/stories-und-stimmen\/cafe-con-leche-mit-marina-uhde\/#listItem","position":4,"name":"Caf\u00e9 con leche mit Marina Uhde","previousItem":{"@type":"ListItem","@id":"https:\/\/costablanca-magazin.com\/nl\/verhalen-en-stemmen\/#listItem","name":"Stories und Stimmen"}}]},{"@type":"NewsArticle","@id":"https:\/\/costablanca-magazin.com\/nl\/residenten\/stories-und-stimmen\/cafe-con-leche-mit-marina-uhde\/#article","name":"Caf\u00e9 con leche mit Marina Uhde","headline":"Caf\u00e9 con leche mit Marina Uhde","author":{"@id":"https:\/\/costablanca-magazin.com\/nl\/author\/costablanca-magazin-redaktion\/#author"},"publisher":{"@id":"https:\/\/costablanca-magazin.com\/nl\/#organization"},"image":{"@type":"ImageObject","url":"https:\/\/costablanca-magazin.com\/wp-content\/uploads\/2024\/09\/Marina-Uhde-3-768x1024-copy.jpg","width":759,"height":658,"caption":"Caf\u00e9 con leche mit Marina Uhde"},"datePublished":"2024-09-12T16:23:03+02:00","dateModified":"2025-07-08T05:44:33+02:00","inLanguage":"nl-NL","mainEntityOfPage":{"@id":"https:\/\/costablanca-magazin.com\/nl\/residenten\/stories-und-stimmen\/cafe-con-leche-mit-marina-uhde\/#webpage"},"isPartOf":{"@id":"https:\/\/costablanca-magazin.com\/nl\/residenten\/stories-und-stimmen\/cafe-con-leche-mit-marina-uhde\/#webpage"},"articleSection":"Stories und Stimmen"},{"@type":"Person","@id":"https:\/\/costablanca-magazin.com\/nl\/author\/costablanca-magazin-redaktion\/#author","url":"https:\/\/costablanca-magazin.com\/nl\/author\/costablanca-magazin-redaktion\/","name":"Costablanca Magazin Redaktion"},{"@type":"WebPage","@id":"https:\/\/costablanca-magazin.com\/nl\/residenten\/stories-und-stimmen\/cafe-con-leche-mit-marina-uhde\/#webpage","url":"https:\/\/costablanca-magazin.com\/nl\/residenten\/stories-und-stimmen\/cafe-con-leche-mit-marina-uhde\/","name":"Caf\u00e9 con leche mit... Marina in Villajoyosa (La Vila\u2026","description":"Expats an der Costa Blanca erz\u00e4hlen von ihrem Leben und warum die Costa Blanca f\u00fcr sie der richtige Ort zum Leben ist. Im September - Hellmuth\u2026","inLanguage":"nl-NL","isPartOf":{"@id":"https:\/\/costablanca-magazin.com\/nl\/#website"},"breadcrumb":{"@id":"https:\/\/costablanca-magazin.com\/nl\/residenten\/stories-und-stimmen\/cafe-con-leche-mit-marina-uhde\/#breadcrumblist"},"author":{"@id":"https:\/\/costablanca-magazin.com\/nl\/author\/costablanca-magazin-redaktion\/#author"},"creator":{"@id":"https:\/\/costablanca-magazin.com\/nl\/author\/costablanca-magazin-redaktion\/#author"},"image":{"@type":"ImageObject","url":"https:\/\/costablanca-magazin.com\/wp-content\/uploads\/2024\/09\/Marina-Uhde-3-768x1024-copy.jpg","@id":"https:\/\/costablanca-magazin.com\/nl\/residenten\/stories-und-stimmen\/cafe-con-leche-mit-marina-uhde\/#mainImage","width":759,"height":658,"caption":"Caf\u00e9 con leche mit Marina Uhde"},"primaryImageOfPage":{"@id":"https:\/\/costablanca-magazin.com\/nl\/residenten\/stories-und-stimmen\/cafe-con-leche-mit-marina-uhde\/#mainImage"},"datePublished":"2024-09-12T16:23:03+02:00","dateModified":"2025-07-08T05:44:33+02:00","mainEntity":{"@id":"https:\/\/costablanca-magazin.com\/nl\/residenten\/stories-und-stimmen\/cafe-con-leche-mit-marina-uhde\/#article"}},{"@type":"WebSite","@id":"https:\/\/costablanca-magazin.com\/nl\/#website","url":"https:\/\/costablanca-magazin.com\/nl\/","name":"Costa Blanca Magazin","description":"Costa Blanca - alles um das Leben und die Freizeit an der K\u00fcste","inLanguage":"nl-NL","publisher":{"@id":"https:\/\/costablanca-magazin.com\/nl\/#organization"},"potentialAction":{"@type":"SearchAction","target":"https:\/\/costablanca-magazin.com\/nl\/?s={search_term_string}","query-input":"required name=search_term_string"}},{"@type":["Organization","NewsMediaOrganization"],"@id":"https:\/\/costablanca-magazin.com\/nl\/#organization","name":"Costa Blanca Magazin","description":"Costa Blanca Magazin","url":"https:\/\/costablanca-magazin.com\/nl\/","email":"info@costablanca-magazin.com","telephone":"+34 663 946 871","logo":{"@type":"ImageObject","url":"https:\/\/costablanca-magazin.com\/wp-content\/uploads\/2024\/05\/logo.jpg","@id":"https:\/\/costablanca-magazin.com\/nl\/residenten\/stories-und-stimmen\/cafe-con-leche-mit-marina-uhde\/#organizationLogo","width":1605,"height":236,"caption":"Costa Blanca Magazine"},"image":{"@id":"https:\/\/costablanca-magazin.com\/nl\/residenten\/stories-und-stimmen\/cafe-con-leche-mit-marina-uhde\/#organizationLogo"},"sameAs":["https:\/\/www.facebook.com\/costablancalifestyle\/","https:\/\/www.instagram.com\/costablancamagazin\/"]}]},"og:locale":"nl_NL","og:site_name":"Costa Blanca Magazine","og:type":"article","og:title":"Caf\u00e9 con leche mit... Marina in Villajoyosa (La Vila\u2026","og:description":"Expats an der Costa Blanca erz\u00e4hlen von ihrem Leben und warum die Costa Blanca f\u00fcr sie der richtige Ort zum Leben ist. Im September - Hellmuth\u2026","og:url":"https:\/\/costablanca-magazin.com\/nl\/residenten\/stories-und-stimmen\/cafe-con-leche-mit-marina-uhde\/","og:image":"https:\/\/costablanca-magazin.com\/wp-content\/uploads\/2024\/09\/Marina-Uhde-3-768x1024-copy.jpg","og:image:secure_url":"https:\/\/costablanca-magazin.com\/wp-content\/uploads\/2024\/09\/Marina-Uhde-3-768x1024-copy.jpg","og:image:width":759,"og:image:height":658,"article:published_time":"2024-09-12T14:23:03+00:00","article:modified_time":"2025-07-08T03:44:33+00:00","article:publisher":"https:\/\/www.facebook.com\/costablancalifestyle\/","twitter:card":"summary_large_image","twitter:title":"Caf\u00e9 con leche mit... Marina in Villajoyosa (La Vila\u2026","twitter:description":"Expats an der Costa Blanca erz\u00e4hlen von ihrem Leben und warum die Costa Blanca f\u00fcr sie der richtige Ort zum Leben ist. Im September - Hellmuth\u2026","twitter:image":"https:\/\/costablanca-magazin.com\/wp-content\/uploads\/2024\/09\/Marina-Uhde-3-768x1024-copy.jpg"},"aioseo_meta_data":{"post_id":"2005","title":"Caf\u00e9 con leche met... Jachthaven in Villajoyosa (La Vila...","description":"Expats aan de Costa Blanca vertellen over hun leven en waarom de Costa Blanca voor hen de juiste plek is om te wonen. In september - Hellmuth...","keywords":null,"keyphrases":{"focus":[],"additional":[]},"primary_term":null,"canonical_url":null,"og_title":null,"og_description":null,"og_object_type":"default","og_image_type":"default","og_image_url":null,"og_image_width":null,"og_image_height":null,"og_image_custom_url":null,"og_image_custom_fields":null,"og_video":"","og_custom_url":null,"og_article_section":null,"og_article_tags":null,"twitter_use_og":false,"twitter_card":"default","twitter_image_type":"default","twitter_image_url":null,"twitter_image_custom_url":null,"twitter_image_custom_fields":null,"twitter_title":null,"twitter_description":null,"schema":{"blockGraphs":[],"customGraphs":[],"default":{"data":{"Article":[],"Course":[],"Dataset":[],"FAQPage":[],"Movie":[],"Person":[],"Product":[],"ProductReview":[],"Car":[],"Recipe":[],"Service":[],"SoftwareApplication":[],"WebPage":[]},"graphName":"BlogPosting","isEnabled":true},"graphs":[]},"schema_type":"default","schema_type_options":null,"pillar_content":false,"robots_default":true,"robots_noindex":false,"robots_noarchive":false,"robots_nosnippet":false,"robots_nofollow":false,"robots_noimageindex":false,"robots_noodp":false,"robots_notranslate":false,"robots_max_snippet":"-1","robots_max_videopreview":"-1","robots_max_imagepreview":"large","priority":null,"frequency":"default","local_seo":null,"seo_analyzer_scan_date":"2026-07-18 15:10:07","breadcrumb_settings":null,"limit_modified_date":false,"reviewed_by":null,"open_ai":null,"ai":null,"created":"2024-09-12 14:23:03","updated":"2026-08-10 07:30:32","focus_keyword":null,"additional_keywords":null,"truseo_locale":null},"aioseo_breadcrumb":"<div class=\"aioseo-breadcrumbs\"><span class=\"aioseo-breadcrumb\">\n\t<a href=\"https:\/\/costablanca-magazin.com\/nl\" title=\"Home\">Home<\/a>\n<\/span><span class=\"aioseo-breadcrumb-separator\">&raquo;<\/span><span class=\"aioseo-breadcrumb\">\n\t<a href=\"https:\/\/costablanca-magazin.com\/nl\/residenten\/\" title=\"Residenten\">Residenten<\/a>\n<\/span><span class=\"aioseo-breadcrumb-separator\">&raquo;<\/span><span class=\"aioseo-breadcrumb\">\n\t<a href=\"https:\/\/costablanca-magazin.com\/nl\/verhalen-en-stemmen\/\" title=\"Stories und Stimmen\">Stories und Stimmen<\/a>\n<\/span><span class=\"aioseo-breadcrumb-separator\">&raquo;<\/span><span class=\"aioseo-breadcrumb\">\n\tCaf\u00e9 con leche mit Marina Uhde\n<\/span><\/div>","aioseo_breadcrumb_json":[{"label":"Home","link":"https:\/\/costablanca-magazin.com\/nl"},{"label":"Residenten","link":"https:\/\/costablanca-magazin.com\/nl\/residenten\/"},{"label":"Stories und Stimmen","link":"https:\/\/costablanca-magazin.com\/nl\/verhalen-en-stemmen\/"},{"label":"Caf\u00e9 con leche mit Marina Uhde","link":"https:\/\/costablanca-magazin.com\/nl\/residenten\/stories-und-stimmen\/cafe-con-leche-mit-marina-uhde\/"}],"_links":{"self":[{"href":"https:\/\/costablanca-magazin.com\/nl\/wp-json\/wp\/v2\/posts\/2005","targetHints":{"allow":["GET"]}}],"collection":[{"href":"https:\/\/costablanca-magazin.com\/nl\/wp-json\/wp\/v2\/posts"}],"about":[{"href":"https:\/\/costablanca-magazin.com\/nl\/wp-json\/wp\/v2\/types\/post"}],"author":[{"embeddable":true,"href":"https:\/\/costablanca-magazin.com\/nl\/wp-json\/wp\/v2\/users\/4"}],"replies":[{"embeddable":true,"href":"https:\/\/costablanca-magazin.com\/nl\/wp-json\/wp\/v2\/comments?post=2005"}],"version-history":[{"count":10,"href":"https:\/\/costablanca-magazin.com\/nl\/wp-json\/wp\/v2\/posts\/2005\/revisions"}],"predecessor-version":[{"id":6165,"href":"https:\/\/costablanca-magazin.com\/nl\/wp-json\/wp\/v2\/posts\/2005\/revisions\/6165"}],"wp:featuredmedia":[{"embeddable":true,"href":"https:\/\/costablanca-magazin.com\/nl\/wp-json\/wp\/v2\/media\/2027"}],"wp:attachment":[{"href":"https:\/\/costablanca-magazin.com\/nl\/wp-json\/wp\/v2\/media?parent=2005"}],"wp:term":[{"taxonomy":"category","embeddable":true,"href":"https:\/\/costablanca-magazin.com\/nl\/wp-json\/wp\/v2\/categories?post=2005"},{"taxonomy":"post_tag","embeddable":true,"href":"https:\/\/costablanca-magazin.com\/nl\/wp-json\/wp\/v2\/tags?post=2005"}],"curies":[{"name":"wp","href":"https:\/\/api.w.org\/{rel}","templated":true}]}}