{"id":194,"date":"2024-06-03T13:37:15","date_gmt":"2024-06-03T11:37:15","guid":{"rendered":"https:\/\/costablanca-magazin.com\/?p=194"},"modified":"2025-07-17T10:22:41","modified_gmt":"2025-07-17T08:22:41","slug":"wandelen","status":"publish","type":"post","link":"https:\/\/costablanca-magazin.com\/nl\/freizeit\/radfahren-wandern\/wandern\/","title":{"rendered":"Wandelen"},"content":{"rendered":"<div data-elementor-type=\"wp-post\" data-elementor-id=\"194\" class=\"elementor elementor-194\" data-elementor-post-type=\"post\">\n\t\t\t\t<div class=\"elementor-element elementor-element-94e70b7 e-flex e-con-boxed e-con e-parent\" data-id=\"94e70b7\" data-element_type=\"container\" data-e-type=\"container\">\n\t\t\t\t\t<div class=\"e-con-inner\">\n\t\t\t\t<div class=\"elementor-element elementor-element-f3466bc elementor-widget elementor-widget-heading\" data-id=\"f3466bc\" data-element_type=\"widget\" data-e-type=\"widget\" data-widget_type=\"heading.default\">\n\t\t\t\t<div class=\"elementor-widget-container\">\n\t\t\t\t\t<h1 class=\"elementor-heading-title elementor-size-default\">Wandelen<\/h1>\t\t\t\t<\/div>\n\t\t\t\t<\/div>\n\t\t\t\t\t<\/div>\n\t\t\t\t<\/div>\n\t\t<div class=\"elementor-element elementor-element-068a2ba e-flex e-con-boxed e-con e-parent\" data-id=\"068a2ba\" data-element_type=\"container\" data-e-type=\"container\">\n\t\t\t\t\t<div class=\"e-con-inner\">\n\t\t<div class=\"elementor-element elementor-element-f92561c e-con-full e-flex e-con e-child\" data-id=\"f92561c\" data-element_type=\"container\" data-e-type=\"container\">\n\t\t\t\t<div class=\"elementor-element elementor-element-d2e1aa3 elementor-widget elementor-widget-image\" data-id=\"d2e1aa3\" data-element_type=\"widget\" data-e-type=\"widget\" data-widget_type=\"image.default\">\n\t\t\t\t<div class=\"elementor-widget-container\">\n\t\t\t\t\t\t\t\t\t\t\t\t\t\t\t<img decoding=\"async\" src=\"https:\/\/costablanca-magazin.com\/wp-content\/uploads\/elementor\/thumbs\/mature-man-hiking-on-mountains-nearby-sea-2022-12-01-18-10-45-utc-scaled-1-rjc8g374u6t3yxkt8qo6kspkhmugcdak5p7j9e6ulw.jpg\" title=\"Wandelen en trektochten aan de Costa Blanca\" alt=\"Wandelen en trektochten aan de Costa Blanca\" loading=\"lazy\" \/>\t\t\t\t\t\t\t\t\t\t\t\t\t\t\t<\/div>\n\t\t\t\t<\/div>\n\t\t\t\t<\/div>\n\t\t<div class=\"elementor-element elementor-element-22e6f80 e-con-full e-flex e-con e-child\" data-id=\"22e6f80\" data-element_type=\"container\" data-e-type=\"container\">\n\t\t\t\t<div class=\"elementor-element elementor-element-562484d elementor-widget elementor-widget-image\" data-id=\"562484d\" data-element_type=\"widget\" data-e-type=\"widget\" data-widget_type=\"image.default\">\n\t\t\t\t<div class=\"elementor-widget-container\">\n\t\t\t\t\t\t\t\t\t\t\t\t\t\t\t<img decoding=\"async\" src=\"https:\/\/costablanca-magazin.com\/wp-content\/uploads\/elementor\/thumbs\/werden2-rjc8g60neowyxrgps9w2a9zy9sgjzglr635zp82o38.jpg\" title=\"Les Fonts d`Algar bij Benidorm, Spanje\" alt=\"Les Fonts d`Algar bij Benidorm, Spanje\" loading=\"lazy\" \/>\t\t\t\t\t\t\t\t\t\t\t\t\t\t\t<\/div>\n\t\t\t\t<\/div>\n\t\t\t\t<\/div>\n\t\t\t\t\t<\/div>\n\t\t\t\t<\/div>\n\t\t<div class=\"elementor-element elementor-element-4fc311c e-flex e-con-boxed e-con e-parent\" data-id=\"4fc311c\" data-element_type=\"container\" data-e-type=\"container\">\n\t\t\t\t\t<div class=\"e-con-inner\">\n\t\t\t\t<div class=\"elementor-element elementor-element-2f19793 elementor-widget elementor-widget-text-editor\" data-id=\"2f19793\" data-element_type=\"widget\" data-e-type=\"widget\" data-widget_type=\"text-editor.default\">\n\t\t\t\t<div class=\"elementor-widget-container\">\n\t\t\t\t\t\t\t\t\t<div class=\"elementor-element elementor-element-96f24f9 elementor-widget elementor-widget-heading\" data-id=\"96f24f9\" data-element_type=\"widget\" data-widget_type=\"heading.default\"><div class=\"elementor-widget-container\"><h4 class=\"elementor-heading-title elementor-size-default\">Wandelen en trektochten aan de Costa Blanca<\/h4><\/div><\/div><div class=\"elementor-element elementor-element-f080464 elementor-widget elementor-widget-text-editor\" data-id=\"f080464\" data-element_type=\"widget\" data-widget_type=\"text-editor.default\"><div class=\"elementor-widget-container\"><p>De Spaanse Costa Blanca staat bekend om zijn prachtige stranden en milde klimaat, maar ook om zijn indrukwekkende berglandschap. Vooral de Sierra Aitana, een bergketen langs de kust, biedt wandelaars een spectaculair decor. Met toppen tot 1.500 meter en talloze wandelpaden is de Sierra Aitana een waar wandelparadijs. De wandelingen in dit gebied bieden niet alleen een adembenemend uitzicht op de zee en de kust, maar ook op de omliggende bergen en valleien. We laten je kennismaken met een aantal van de beste wandelroutes in Sierra Aitana en de Costa Blanca en geven je een aantal tips voor je wandelvakantie. Of je nu een ervaren wandelaar bent of een beginner: De Costa Blanca en Sierra Aitana hebben elke wandelaar iets te bieden.<\/p><\/div><\/div>\t\t\t\t\t\t\t\t<\/div>\n\t\t\t\t<\/div>\n\t\t\t\t\t<\/div>\n\t\t\t\t<\/div>\n\t\t<div class=\"elementor-element elementor-element-8a97cab e-flex e-con-boxed e-con e-parent\" data-id=\"8a97cab\" data-element_type=\"container\" data-e-type=\"container\">\n\t\t\t\t\t<div class=\"e-con-inner\">\n\t\t<div class=\"elementor-element elementor-element-025c5c4 e-con-full e-flex e-con e-child\" data-id=\"025c5c4\" data-element_type=\"container\" data-e-type=\"container\">\n\t\t\t\t<div class=\"elementor-element elementor-element-2135122 elementor-widget elementor-widget-image\" data-id=\"2135122\" data-element_type=\"widget\" data-e-type=\"widget\" data-widget_type=\"image.default\">\n\t\t\t\t<div class=\"elementor-widget-container\">\n\t\t\t\t\t\t\t\t\t\t\t\t\t\t\t<img decoding=\"async\" src=\"https:\/\/costablanca-magazin.com\/wp-content\/uploads\/elementor\/thumbs\/werden3-rjc8g60neowyxrgps9w2a9zy9sgjzglr635zp82o38.jpg\" title=\"worden3\" alt=\"costablanca mallorca 3\" loading=\"lazy\" \/>\t\t\t\t\t\t\t\t\t\t\t\t\t\t\t<\/div>\n\t\t\t\t<\/div>\n\t\t\t\t<\/div>\n\t\t<div class=\"elementor-element elementor-element-7b03a87 e-con-full e-flex e-con e-child\" data-id=\"7b03a87\" data-element_type=\"container\" data-e-type=\"container\">\n\t\t\t\t<div class=\"elementor-element elementor-element-f69a7fa elementor-widget elementor-widget-image\" data-id=\"f69a7fa\" data-element_type=\"widget\" data-e-type=\"widget\" data-widget_type=\"image.default\">\n\t\t\t\t<div class=\"elementor-widget-container\">\n\t\t\t\t\t\t\t\t\t\t\t\t\t\t\t<img decoding=\"async\" src=\"https:\/\/costablanca-magazin.com\/wp-content\/uploads\/elementor\/thumbs\/werden4-rjc8g6yhliy99dfcmsaourrev6bx75phi7th6i19x0.jpg\" title=\"costablanca-lifestyle-wandeling-faro-de-albir\" alt=\"costablanca-lifestyle-wandeling-faro-de-albir\" loading=\"lazy\" \/>\t\t\t\t\t\t\t\t\t\t\t\t\t\t\t<\/div>\n\t\t\t\t<\/div>\n\t\t\t\t<\/div>\n\t\t\t\t\t<\/div>\n\t\t\t\t<\/div>\n\t\t<div class=\"elementor-element elementor-element-1788c18 e-flex e-con-boxed e-con e-parent\" data-id=\"1788c18\" data-element_type=\"container\" data-e-type=\"container\">\n\t\t\t\t\t<div class=\"e-con-inner\">\n\t\t\t\t<div class=\"elementor-element elementor-element-cd8d4c3 elementor-widget elementor-widget-text-editor\" data-id=\"cd8d4c3\" data-element_type=\"widget\" data-e-type=\"widget\" data-widget_type=\"text-editor.default\">\n\t\t\t\t<div class=\"elementor-widget-container\">\n\t\t\t\t\t\t\t\t\t<div class=\"elementor-element elementor-element-0ac4398 elementor-widget elementor-widget-text-editor\" data-id=\"0ac4398\" data-element_type=\"widget\" data-widget_type=\"text-editor.default\"><div class=\"elementor-widget-container\"><p>Hier zijn enkele van de beste wandeltochten die beginnen en eindigen aan de Costa Blanca:<\/p><ol><li><p>Pe\u00f1on de Ifach: Een uitdagende wandeling naar de beroemde rots van Ifach in Calpe. De beklimming is steil en uitdagend, maar het uitzicht vanaf de top is spectaculair.<\/p><\/li><li><p>Sierra de Bernia: Een gematigd moeilijke tot uitdagende wandeling door de bergen van Bernia. De route biedt adembenemende uitzichten op de zee en het omringende landschap.<\/p><\/li><li><p>Fonts de l'Algar: Een gemakkelijke wandeling naar de schilderachtige watervallen van Algar in Callosa d'en Sarria. De route is gemakkelijk te volbrengen en is geschikt voor gezinnen met kinderen.<\/p><\/li><li><p>Serra Gelada: Een middelzware wandeling langs de kust van Benidorm naar de baai van Albir. De route biedt spectaculaire uitzichten op de zee en de omringende bergen.<\/p><\/li><li><p>Barranco del Infierno: Een uitdagende wandeling door een kloof bij Adeje. De route is steil en vereist goede tred, maar biedt spectaculaire uitzichten op het omringende landschap.<\/p><\/li><\/ol><p>Er zijn nog veel meer wandelingen en routes aan de Costa Blanca, van korte en gemakkelijke wandelingen tot meerdaagse trektochten. De Costa Blanca is de perfecte bestemming voor iedereen die van wandelen houdt.<\/p><\/div><\/div>\t\t\t\t\t\t\t\t<\/div>\n\t\t\t\t<\/div>\n\t\t\t\t\t<\/div>\n\t\t\t\t<\/div>\n\t\t<div class=\"elementor-element elementor-element-002c240 e-flex e-con-boxed e-con e-parent\" data-id=\"002c240\" data-element_type=\"container\" data-e-type=\"container\">\n\t\t\t\t\t<div class=\"e-con-inner\">\n\t\t\t\t<div class=\"elementor-element elementor-element-e439fd2 elementor-widget elementor-widget-heading\" data-id=\"e439fd2\" data-element_type=\"widget\" data-e-type=\"widget\" data-widget_type=\"heading.default\">\n\t\t\t\t<div class=\"elementor-widget-container\">\n\t\t\t\t\t<h2 class=\"elementor-heading-title elementor-size-default\">Dit kan je ook interesseren<\/h2>\t\t\t\t<\/div>\n\t\t\t\t<\/div>\n\t\t\t\t<div class=\"elementor-element elementor-element-d9d4729 elementor-grid-4 elementor-grid-tablet-2 elementor-grid-mobile-1 elementor-posts--thumbnail-top elementor-card-shadow-yes elementor-posts__hover-gradient elementor-widget elementor-widget-posts\" data-id=\"d9d4729\" data-element_type=\"widget\" data-e-type=\"widget\" data-settings=\"{&quot;cards_columns&quot;:&quot;4&quot;,&quot;cards_columns_tablet&quot;:&quot;2&quot;,&quot;cards_columns_mobile&quot;:&quot;1&quot;,&quot;cards_row_gap&quot;:{&quot;unit&quot;:&quot;px&quot;,&quot;size&quot;:35,&quot;sizes&quot;:[]},&quot;cards_row_gap_tablet&quot;:{&quot;unit&quot;:&quot;px&quot;,&quot;size&quot;:&quot;&quot;,&quot;sizes&quot;:[]},&quot;cards_row_gap_mobile&quot;:{&quot;unit&quot;:&quot;px&quot;,&quot;size&quot;:&quot;&quot;,&quot;sizes&quot;:[]}}\" data-widget_type=\"posts.cards\">\n\t\t\t\t<div class=\"elementor-widget-container\">\n\t\t\t\t\t\t\t<div class=\"elementor-posts-container elementor-posts elementor-posts--skin-cards elementor-grid\" role=\"list\">\n\t\t\t\t<article class=\"elementor-post elementor-grid-item post-11423 post type-post status-publish format-standard has-post-thumbnail hentry category-veranstaltungen-events tag-fiestas-costa-blanca-2026 tag-moros-y-cristianos-benidorm tag-moros-y-cristianos-costa-blanca-2026 tag-moros-y-cristianos-denia tag-moros-y-cristianos-termine-2026 tag-moros-y-cristianos-villajoyosa\" role=\"listitem\">\n\t\t\t<div class=\"elementor-post__card\">\n\t\t\t\t<a class=\"elementor-post__thumbnail__link\" href=\"https:\/\/costablanca-magazin.com\/nl\/freizeit\/veranstaltungen-events\/moros-y-cristianos-costa-blanca-2026-termine-und-feste\/\" tabindex=\"-1\" ><div class=\"elementor-post__thumbnail\"><img decoding=\"async\" width=\"300\" height=\"135\" src=\"https:\/\/costablanca-magazin.com\/wp-content\/uploads\/2025\/09\/calpe-moros-300x135.jpg\" class=\"attachment-medium size-medium wp-image-8738\" alt=\"calpe moros y cristianos\" srcset=\"https:\/\/costablanca-magazin.com\/wp-content\/uploads\/2025\/09\/calpe-moros-300x135.jpg 300w, https:\/\/costablanca-magazin.com\/wp-content\/uploads\/2025\/09\/calpe-moros-1024x460.jpg 1024w, https:\/\/costablanca-magazin.com\/wp-content\/uploads\/2025\/09\/calpe-moros-768x345.jpg 768w, https:\/\/costablanca-magazin.com\/wp-content\/uploads\/2025\/09\/calpe-moros.jpg 1200w\" sizes=\"(max-width: 300px) 100vw, 300px\" \/><\/div><\/a>\n\t\t\t\t<div class=\"elementor-post__text\">\n\t\t\t\t<h3 class=\"elementor-post__title\">\n\t\t\t<a href=\"https:\/\/costablanca-magazin.com\/nl\/freizeit\/veranstaltungen-events\/moros-y-cristianos-costa-blanca-2026-termine-und-feste\/\" >\n\t\t\t\tMoros y Cristianos Costa Blanca 2026 - Data en festiviteiten\t\t\t<\/a>\n\t\t<\/h3>\n\t\t\t\t<\/div>\n\t\t\t\t\t<\/div>\n\t\t<\/article>\n\t\t\t\t<article class=\"elementor-post elementor-grid-item post-11405 post type-post status-publish format-standard has-post-thumbnail hentry category-news-politik tag-airlines-spanien tag-fluege-alicante tag-fluege-valencia tag-iran-konflikt-flugpreise tag-jet-fuel-spanien tag-kerosinpreise-europa\" role=\"listitem\">\n\t\t\t<div class=\"elementor-post__card\">\n\t\t\t\t<a class=\"elementor-post__thumbnail__link\" href=\"https:\/\/costablanca-magazin.com\/nl\/lokales\/news-politik\/iran-konflikt-und-flugpreise-was-alicante-und-valencia-wirklich-erwartet\/\" tabindex=\"-1\" ><div class=\"elementor-post__thumbnail\"><img fetchpriority=\"high\" decoding=\"async\" width=\"300\" height=\"227\" src=\"https:\/\/costablanca-magazin.com\/wp-content\/uploads\/2026\/04\/die-inselzeitung-mallorca-255-300x227.jpg\" class=\"attachment-medium size-medium wp-image-11406\" alt=\"Iran-conflict en vluchtprijzen: Wat staat Alicante en Valencia echt te wachten?\" srcset=\"https:\/\/costablanca-magazin.com\/wp-content\/uploads\/2026\/04\/die-inselzeitung-mallorca-255-300x227.jpg 300w, https:\/\/costablanca-magazin.com\/wp-content\/uploads\/2026\/04\/die-inselzeitung-mallorca-255-1024x776.jpg 1024w, https:\/\/costablanca-magazin.com\/wp-content\/uploads\/2026\/04\/die-inselzeitung-mallorca-255-768x582.jpg 768w, https:\/\/costablanca-magazin.com\/wp-content\/uploads\/2026\/04\/die-inselzeitung-mallorca-255-1536x1164.jpg 1536w, https:\/\/costablanca-magazin.com\/wp-content\/uploads\/2026\/04\/die-inselzeitung-mallorca-255-2048x1552.jpg 2048w, https:\/\/costablanca-magazin.com\/wp-content\/uploads\/2026\/04\/die-inselzeitung-mallorca-255-16x12.jpg 16w\" sizes=\"(max-width: 300px) 100vw, 300px\" \/><\/div><\/a>\n\t\t\t\t<div class=\"elementor-post__text\">\n\t\t\t\t<h3 class=\"elementor-post__title\">\n\t\t\t<a href=\"https:\/\/costablanca-magazin.com\/nl\/lokales\/news-politik\/iran-konflikt-und-flugpreise-was-alicante-und-valencia-wirklich-erwartet\/\" >\n\t\t\t\tIran-conflict en vluchtprijzen: Wat staat Alicante en Valencia echt te wachten?\t\t\t<\/a>\n\t\t<\/h3>\n\t\t\t\t<\/div>\n\t\t\t\t\t<\/div>\n\t\t<\/article>\n\t\t\t\t<article class=\"elementor-post elementor-grid-item post-11389 post type-post status-publish format-standard has-post-thumbnail hentry category-leben-in-spanien tag-antrag-pflege-spanien tag-comunitat-valenciana-pflege tag-dependencia-costa-blanca tag-pflege-costa-blanca tag-pflegegrad-spanien tag-pflegehilfe-alicante\" role=\"listitem\">\n\t\t\t<div class=\"elementor-post__card\">\n\t\t\t\t<a class=\"elementor-post__thumbnail__link\" href=\"https:\/\/costablanca-magazin.com\/nl\/residenten\/leben-in-spanien\/pflege-an-der-costa-blanca-leistungen-antrag-und-hilfe\/\" tabindex=\"-1\" ><div class=\"elementor-post__thumbnail\"><img decoding=\"async\" width=\"300\" height=\"100\" src=\"https:\/\/costablanca-magazin.com\/wp-content\/uploads\/2026\/04\/AdobeStock_210113313-300x100.jpeg\" class=\"attachment-medium size-medium wp-image-11390\" alt=\"Wanneer zorg plotseling een probleem wordt aan de Costa Blanca\" srcset=\"https:\/\/costablanca-magazin.com\/wp-content\/uploads\/2026\/04\/AdobeStock_210113313-300x100.jpeg 300w, https:\/\/costablanca-magazin.com\/wp-content\/uploads\/2026\/04\/AdobeStock_210113313-1024x341.jpeg 1024w, https:\/\/costablanca-magazin.com\/wp-content\/uploads\/2026\/04\/AdobeStock_210113313-768x256.jpeg 768w, https:\/\/costablanca-magazin.com\/wp-content\/uploads\/2026\/04\/AdobeStock_210113313-1536x512.jpeg 1536w, https:\/\/costablanca-magazin.com\/wp-content\/uploads\/2026\/04\/AdobeStock_210113313-2048x682.jpeg 2048w, https:\/\/costablanca-magazin.com\/wp-content\/uploads\/2026\/04\/AdobeStock_210113313-18x6.jpeg 18w\" sizes=\"(max-width: 300px) 100vw, 300px\" \/><\/div><\/a>\n\t\t\t\t<div class=\"elementor-post__text\">\n\t\t\t\t<h3 class=\"elementor-post__title\">\n\t\t\t<a href=\"https:\/\/costablanca-magazin.com\/nl\/residenten\/leben-in-spanien\/pflege-an-der-costa-blanca-leistungen-antrag-und-hilfe\/\" >\n\t\t\t\tZorg aan de Costa Blanca - voordelen, aanvraag en hulp\t\t\t<\/a>\n\t\t<\/h3>\n\t\t\t\t<\/div>\n\t\t\t\t\t<\/div>\n\t\t<\/article>\n\t\t\t\t<article class=\"elementor-post elementor-grid-item post-11377 post type-post status-publish format-standard has-post-thumbnail hentry category-leben-in-spanien tag-geburt-spanien tag-mutterschutz-spanien tag-schwangerschaft-costa-blanca tag-seguridad-social-schwangerschaft\" role=\"listitem\">\n\t\t\t<div class=\"elementor-post__card\">\n\t\t\t\t<a class=\"elementor-post__thumbnail__link\" href=\"https:\/\/costablanca-magazin.com\/nl\/residenten\/leben-in-spanien\/schwangerschaft-an-der-costa-blanca-vorsorge-mutterschutz\/\" tabindex=\"-1\" ><div class=\"elementor-post__thumbnail\"><img loading=\"lazy\" decoding=\"async\" width=\"300\" height=\"98\" src=\"https:\/\/costablanca-magazin.com\/wp-content\/uploads\/2026\/04\/smiling-happy-pregnant-woman-wear-casual-dress-ove-2023-11-27-05-23-42-utc-e1776345378550-300x98.jpg\" class=\"attachment-medium size-medium wp-image-11381\" alt=\"Zwanger aan de Costa Blanca: Zwangerschap, geboorte, bescherming van het moederschap &amp; financi\u00eble voordelen in Spanje\" srcset=\"https:\/\/costablanca-magazin.com\/wp-content\/uploads\/2026\/04\/smiling-happy-pregnant-woman-wear-casual-dress-ove-2023-11-27-05-23-42-utc-e1776345378550-300x98.jpg 300w, https:\/\/costablanca-magazin.com\/wp-content\/uploads\/2026\/04\/smiling-happy-pregnant-woman-wear-casual-dress-ove-2023-11-27-05-23-42-utc-e1776345378550-1024x334.jpg 1024w, https:\/\/costablanca-magazin.com\/wp-content\/uploads\/2026\/04\/smiling-happy-pregnant-woman-wear-casual-dress-ove-2023-11-27-05-23-42-utc-e1776345378550-768x251.jpg 768w, https:\/\/costablanca-magazin.com\/wp-content\/uploads\/2026\/04\/smiling-happy-pregnant-woman-wear-casual-dress-ove-2023-11-27-05-23-42-utc-e1776345378550-1536x502.jpg 1536w, https:\/\/costablanca-magazin.com\/wp-content\/uploads\/2026\/04\/smiling-happy-pregnant-woman-wear-casual-dress-ove-2023-11-27-05-23-42-utc-e1776345378550-2048x669.jpg 2048w, https:\/\/costablanca-magazin.com\/wp-content\/uploads\/2026\/04\/smiling-happy-pregnant-woman-wear-casual-dress-ove-2023-11-27-05-23-42-utc-e1776345378550-18x6.jpg 18w\" sizes=\"(max-width: 300px) 100vw, 300px\" \/><\/div><\/a>\n\t\t\t\t<div class=\"elementor-post__text\">\n\t\t\t\t<h3 class=\"elementor-post__title\">\n\t\t\t<a href=\"https:\/\/costablanca-magazin.com\/nl\/residenten\/leben-in-spanien\/schwangerschaft-an-der-costa-blanca-vorsorge-mutterschutz\/\" >\n\t\t\t\tZwangerschap Costa Blanca: Preventie en bescherming van het moederschap\t\t\t<\/a>\n\t\t<\/h3>\n\t\t\t\t<\/div>\n\t\t\t\t\t<\/div>\n\t\t<\/article>\n\t\t\t\t<\/div>\n\t\t\n\t\t\t\t\t\t<\/div>\n\t\t\t\t<\/div>\n\t\t\t\t\t<\/div>\n\t\t\t\t<\/div>\n\t\t\t\t<\/div>","protected":false},"excerpt":{"rendered":"<p>Wandern und Wandertouren an der Costa Blanca Die spanische Costa Blanca ist bekannt f\u00fcr ihre herrlichen Str\u00e4nde und ihr mildes Klima, aber auch f\u00fcr ihre<\/p>","protected":false},"author":1,"featured_media":199,"comment_status":"closed","ping_status":"closed","sticky":false,"template":"elementor_header_footer","format":"standard","meta":{"footnotes":""},"categories":[27],"tags":[60,61,306,76],"class_list":["post-194","post","type-post","status-publish","format-standard","has-post-thumbnail","hentry","category-radfahren-wandern","tag-ausfluege-costablanca","tag-costa-blanca","tag-wandern-an-der-costa-blanca","tag-wandern-costablanca"],"aioseo_notices":[],"_links":{"self":[{"href":"https:\/\/costablanca-magazin.com\/nl\/wp-json\/wp\/v2\/posts\/194","targetHints":{"allow":["GET"]}}],"collection":[{"href":"https:\/\/costablanca-magazin.com\/nl\/wp-json\/wp\/v2\/posts"}],"about":[{"href":"https:\/\/costablanca-magazin.com\/nl\/wp-json\/wp\/v2\/types\/post"}],"author":[{"embeddable":true,"href":"https:\/\/costablanca-magazin.com\/nl\/wp-json\/wp\/v2\/users\/1"}],"replies":[{"embeddable":true,"href":"https:\/\/costablanca-magazin.com\/nl\/wp-json\/wp\/v2\/comments?post=194"}],"version-history":[{"count":3,"href":"https:\/\/costablanca-magazin.com\/nl\/wp-json\/wp\/v2\/posts\/194\/revisions"}],"predecessor-version":[{"id":3105,"href":"https:\/\/costablanca-magazin.com\/nl\/wp-json\/wp\/v2\/posts\/194\/revisions\/3105"}],"wp:featuredmedia":[{"embeddable":true,"href":"https:\/\/costablanca-magazin.com\/nl\/wp-json\/wp\/v2\/media\/199"}],"wp:attachment":[{"href":"https:\/\/costablanca-magazin.com\/nl\/wp-json\/wp\/v2\/media?parent=194"}],"wp:term":[{"taxonomy":"category","embeddable":true,"href":"https:\/\/costablanca-magazin.com\/nl\/wp-json\/wp\/v2\/categories?post=194"},{"taxonomy":"post_tag","embeddable":true,"href":"https:\/\/costablanca-magazin.com\/nl\/wp-json\/wp\/v2\/tags?post=194"}],"curies":[{"name":"wp","href":"https:\/\/api.w.org\/{rel}","templated":true}]}}