{"id":11484,"date":"2026-05-01T18:00:00","date_gmt":"2026-05-01T16:00:00","guid":{"rendered":"https:\/\/costablanca-magazin.com\/?p=11484"},"modified":"2026-05-01T16:41:21","modified_gmt":"2026-05-01T14:41:21","slug":"evenementen-en-gebeurtenissen-aan-de-costa-blanca-mei-2026","status":"publish","type":"post","link":"https:\/\/costablanca-magazin.com\/nl\/freizeit\/veranstaltungen-events\/veranstaltungen-un-events-an-der-costa-blanca-mai-2026\/","title":{"rendered":"Evenementen aan de Costa Blanca - Mei 2026"},"content":{"rendered":"<div data-elementor-type=\"wp-post\" data-elementor-id=\"11484\" class=\"elementor elementor-11484\" data-elementor-post-type=\"post\">\n\t\t\t\t<div class=\"elementor-element elementor-element-acae5bb e-flex e-con-boxed e-con e-parent\" data-id=\"acae5bb\" data-element_type=\"container\" data-e-type=\"container\">\n\t\t\t\t\t<div class=\"e-con-inner\">\n\t\t\t\t<div class=\"elementor-element elementor-element-e385beb elementor-widget elementor-widget-heading\" data-id=\"e385beb\" data-element_type=\"widget\" data-e-type=\"widget\" data-widget_type=\"heading.default\">\n\t\t\t\t<div class=\"elementor-widget-container\">\n\t\t\t\t\t<h1 class=\"elementor-heading-title elementor-size-default\">Evenementen en gebeurtenissen Costa Blanca - mei 2026  <\/h1>\t\t\t\t<\/div>\n\t\t\t\t<\/div>\n\t\t\t\t<div class=\"elementor-element elementor-element-1e4422b elementor-widget elementor-widget-image\" data-id=\"1e4422b\" data-element_type=\"widget\" data-e-type=\"widget\" data-widget_type=\"image.default\">\n\t\t\t\t<div class=\"elementor-widget-container\">\n\t\t\t\t\t\t\t\t\t\t\t\t\t\t\t<img decoding=\"async\" src=\"https:\/\/costablanca-magazin.com\/wp-content\/uploads\/elementor\/thumbs\/AdobeStock_296419932-rmthu9squ8c3fibdg5sp50lnb7xizw4kcloptmooto.jpeg\" title=\"Evenementen Costa Blanca - Mei 2026\" alt=\"Evenementen Costa Blanca - Mei 2026\" loading=\"lazy\" \/>\t\t\t\t\t\t\t\t\t\t\t\t\t\t\t<\/div>\n\t\t\t\t<\/div>\n\t\t\t\t<div class=\"elementor-element elementor-element-17cba99 elementor-widget elementor-widget-heading\" data-id=\"17cba99\" data-element_type=\"widget\" data-e-type=\"widget\" data-widget_type=\"heading.default\">\n\t\t\t\t<div class=\"elementor-widget-container\">\n\t\t\t\t\t<h2 class=\"elementor-heading-title elementor-size-default\">Evenementen in mei aan de Costa Blanca: Cultuur, concerten, theater, evenementen, feesten en lokale data van D\u00e9nia tot Torrevieja in een oogopslag.<\/h2>\t\t\t\t<\/div>\n\t\t\t\t<\/div>\n\t\t\t\t\t<\/div>\n\t\t\t\t<\/div>\n\t\t<div class=\"elementor-element elementor-element-cc0ba35 e-flex e-con-boxed e-con e-parent\" data-id=\"cc0ba35\" data-element_type=\"container\" data-e-type=\"container\">\n\t\t\t\t\t<div class=\"e-con-inner\">\n\t\t\t\t<div class=\"elementor-element elementor-element-d1aff0c elementor-widget elementor-widget-text-editor\" data-id=\"d1aff0c\" data-element_type=\"widget\" data-e-type=\"widget\" data-widget_type=\"text-editor.default\">\n\t\t\t\t<div class=\"elementor-widget-container\">\n\t\t\t\t\t\t\t\t\t<p>Mei brengt beweging in de kalender van de Costa Blanca. In Torrevieja is de <strong data-start=\"525\" data-end=\"542\">Feria de Mayo<\/strong> Andalusische festivalcultuur met casetas, sevillanas, flamenco en lange avonden in de stad. Calp zet de toon met de <strong data-start=\"653\" data-end=\"665\">Firacalp<\/strong> De stad D\u00e9nia richt zich op gastronomie, handel en lokale bedrijven, terwijl La Nuc\u00eda sport, workshops en gastronomische formats samenbrengt. In D\u00e9nia verlaat de cultuur het stadscentrum met straatkunst, dans en tentoonstellingen. Er is ook theater in Altea en Benidorm, concerten in Torrevieja, Alicante en Villajoyosa en kleinere evenementen die vaak dichter bij het dagelijks leven staan dan de grote evenementenaffiche. De evenementenkalender van mei toont de Costa Blanca tussen lokaal podium, buurt, muziek, markt en fiesta - van D\u00e9nia tot Torrevieja.<\/p>\t\t\t\t\t\t\t\t<\/div>\n\t\t\t\t<\/div>\n\t\t\t\t\t<\/div>\n\t\t\t\t<\/div>\n\t\t<div class=\"elementor-element elementor-element-e37328f e-flex e-con-boxed e-con e-parent\" data-id=\"e37328f\" data-element_type=\"container\" data-e-type=\"container\">\n\t\t\t\t\t<div class=\"e-con-inner\">\n\t\t\t\t<div class=\"elementor-element elementor-element-1e127f1 elementor-widget-divider--separator-type-pattern elementor-widget-divider--view-line elementor-widget elementor-widget-divider\" data-id=\"1e127f1\" data-element_type=\"widget\" data-e-type=\"widget\" data-widget_type=\"divider.default\">\n\t\t\t\t<div class=\"elementor-widget-container\">\n\t\t\t\t\t\t\t<div class=\"elementor-divider\" style=\"--divider-pattern-url: url(&quot;data:image\/svg+xml,%3Csvg xmlns=&#039;http:\/\/www.w3.org\/2000\/svg&#039; preserveAspectRatio=&#039;none&#039; overflow=&#039;visible&#039; height=&#039;100%&#039; viewBox=&#039;0 0 24 24&#039; fill=&#039;none&#039; stroke=&#039;black&#039; stroke-width=&#039;1.5&#039; stroke-linecap=&#039;square&#039; stroke-miterlimit=&#039;10&#039;%3E%3Cpath d=&#039;M0,6c6,0,0.9,11.1,6.9,11.1S18,6,24,6&#039;\/%3E%3C\/svg%3E&quot;);\">\n\t\t\t<span class=\"elementor-divider-separator\">\n\t\t\t\t\t\t<\/span>\n\t\t<\/div>\n\t\t\t\t\t\t<\/div>\n\t\t\t\t<\/div>\n\t\t\t\t\t<\/div>\n\t\t\t\t<\/div>\n\t\t<div class=\"elementor-element elementor-element-c17f1b4 e-flex e-con-boxed e-con e-parent\" data-id=\"c17f1b4\" data-element_type=\"container\" data-e-type=\"container\">\n\t\t\t\t\t<div class=\"e-con-inner\">\n\t\t<div class=\"elementor-element elementor-element-937fff6 e-con-full e-flex e-con e-child\" data-id=\"937fff6\" data-element_type=\"container\" data-e-type=\"container\">\n\t\t\t\t<div class=\"elementor-element elementor-element-fcd3619 elementor-widget elementor-widget-heading\" data-id=\"fcd3619\" data-element_type=\"widget\" data-e-type=\"widget\" data-widget_type=\"heading.default\">\n\t\t\t\t<div class=\"elementor-widget-container\">\n\t\t\t\t\t<h3 class=\"elementor-heading-title elementor-size-default\">Calpe\n<\/h3>\t\t\t\t<\/div>\n\t\t\t\t<\/div>\n\t\t\t\t<div class=\"elementor-element elementor-element-5a579c6 elementor-widget elementor-widget-text-editor\" data-id=\"5a579c6\" data-element_type=\"widget\" data-e-type=\"widget\" data-widget_type=\"text-editor.default\">\n\t\t\t\t<div class=\"elementor-widget-container\">\n\t\t\t\t\t\t\t\t\t<p>03 mei, 10.00 tot 14.00 - La Calle del Arte. Calle Sant\u00edsimo Cristo, Poble Antic de Calp. Kunst op straat in plaats van achter museumdeuren: Calle Sant\u00edsimo Cristo wordt een open kunstmijl in het oude stadscentrum. Het evenement vindt altijd plaats op de eerste zondag van de maand. Georganiseerd door de Concejal\u00eda de Cultura Calp.<\/p><p>07 mei 2026, 20:00 - Conferentie: Guardia Civil en historisch erfgoed. Sal\u00f3 d'Actes, Seu Universit\u00e0ria de Calp - Casa Nova. Ra\u00fal Berenguer Gonz\u00e1lez vertelt over het werk van de Guardia Civil in de bescherming van historisch erfgoed. Klinkt droog, maar het is een spannend kijkje achter de schermen van de bescherming van monumenten en cultureel erfgoed. Georganiseerd door Universitat d'Alacant, Ajuntament de Calp en UCO.<\/p><p>08 mei, 20.00 tot 22.00 - Calp Piano Festival: Jean-Paul Gasparian. Auditorio, Casa de la Cultura. De Parijse pianist Jean-Paul Gasparian opent de muzikale maand mei in Calp. Internationaal geprezen, meermaals bekroond, op vrijdagavond met gratis toegang tot het Auditorio. Er zijn zitplaatsen beschikbaar zolang de zaal meespeelt. Georganiseerd door de Concejal\u00eda de Cultura.<\/p><p>09 mei, 9.30 uur - Sendero Azul de Calalga a Bassetes 2026. Startpunt volgens inschrijving \/ Calalga-Bassetes route. Begeleide kustwandeling in het Spaans, 3,2 kilometer, ongeveer twee uur. Gratis, maar met inschrijving. Een goede gelegenheid om dit stuk kust niet alleen in het voorbijgaan te bekijken. Georganiseerd door de gemeente Calp.<\/p><p>09 mei, 11.30 uur - Lezing: Aspectos clave en el impacto visual, Sal\u00f3 Blau, Casa de Cultura. Jos\u00e9 Benito Ruiz spreekt over visuele impact - een onderwerp voor iedereen die niet alleen naar beelden wil kijken, maar ze ook wil begrijpen. Gratis toegang zolang er plaatsen beschikbaar zijn. Georganiseerd door Ajuntament de Calp, Concejal\u00eda de Cultura, Foto Club Ifach en andere partners.<\/p><p>15 mei, 20.00 - Calp Piano Festival: Congyu Wang. Auditorio, Casa de la Cultura. Tweede avond van het Calp Piano Festival. Congyu Wang speelt in het auditorium van het Casa de la Cultura. Gratis toegang tot de capaciteit, aanbevolen voor publiek vanaf acht jaar. Georganiseerd door Ajuntament de Calp en Concejal\u00eda de Cultura.<\/p><p>21 mei, 20:00 - XV Internationaal Winter-Spring Muziekfestival: Camerata Virtuosi. Auditorio, Casa de la Cultura. \u201eUna noche de solistas\u201c met Joaqu\u00edn Pall Palomares, Joaqu\u00edn Palomares en David Apell\u00e1niz. Klassieke avond met twee violen en violoncello. Toegangsprijs: 15 euro aan de kassa, reserveren via info@pal-music.com<\/p><p>Georganiseerd door Ajuntament de Calp en Concejal\u00eda de Cultura.<\/p><p>21 mei tot zondag 24 mei - Firacalp 2026 - Plaza Mayor. De XVI editie van de gastronomie- en handelsbeurs brengt lokale bedrijven, eten, ontmoetingen en zaken naar de Plaza Mayor. Calp laat zich hier niet van zijn glanzende kant zien, maar wat telt in het dagelijks leven: Gastronomie, handel, buurt. Georganiseerd door Ajuntament de Calp, OBRI'T A CALP en Empresarios de Calpe.<\/p><p>29 mei, 20.00 - Calp Piano Festival: Istv\u00e1n I. Sz\u00e9kely. Auditorio, Casa de la Cultura. Nog een pianoconcert in het Auditorio aan het eind van de maand. Istv\u00e1n I. Sz\u00e9kely speelt als onderdeel van het Calp Piano Festival. Gratis toegang tot de capaciteit, publiek vanaf acht jaar. Georganiseerd door Ajuntament de Calp en Concejal\u00eda de Cultura.<\/p><p>30 mei, 21.00 - Theater: Bienvenidos a bordo. Auditorio, Casa de la Cultura. De groep \u201eL@s Divin@s\u201c zal \u201eBienvenidos a bordo\u201c opvoeren onder leiding van Maite L\u00f3pez. Een avond vol theater met gratis toegang, zolang er plaatsen beschikbaar zijn. Georganiseerd door Ajuntament de Calp en Centre C\u00edvic de la Tercera Edat.<\/p>\t\t\t\t\t\t\t\t<\/div>\n\t\t\t\t<\/div>\n\t\t\t\t<div class=\"elementor-element elementor-element-2749e87 elementor-widget elementor-widget-heading\" data-id=\"2749e87\" data-element_type=\"widget\" data-e-type=\"widget\" data-widget_type=\"heading.default\">\n\t\t\t\t<div class=\"elementor-widget-container\">\n\t\t\t\t\t<h3 class=\"elementor-heading-title elementor-size-default\">Altea<\/h3>\t\t\t\t<\/div>\n\t\t\t\t<\/div>\n\t\t\t\t<div class=\"elementor-element elementor-element-103fe67 elementor-widget elementor-widget-text-editor\" data-id=\"103fe67\" data-element_type=\"widget\" data-e-type=\"widget\" data-widget_type=\"text-editor.default\">\n\t\t\t\t<div class=\"elementor-widget-container\">\n\t\t\t\t\t\t\t\t\t<p>02 mei, 18.00 - Vivo Vivaldi. Palau Altea. Vivaldi, maar niet in het schoolboek: \u201eVivo Vivaldi\u201c combineert muziek, beweging en hedendaags toneelwerk tot een reis door de vier seizoenen. Het stuk is ontwikkeld door 10&amp;10-Narv\u00e1ez, Runde, Sanz met de Cia. Teatro Espa\u00f1ol y 10&amp;10 Crega. Geschikt voor kinderen, jongeren en volwassenen.\u00a0<\/p><p>03 mei, 19.00 - \u00a1Por fin me voy! Palau Altea. Carles Sans, bekend van zijn lange tijd bij Tricicle, komt naar Altea met een nieuwe solo-avond. Het alledaagse leven, eigenaardigheden, afscheidsgedachten en veel timing: de acteur maakt van kleine observaties een geweldige komedie. Co-regie: Jos\u00e9 Corbacho. De voorstelling is in het Spaans.\u00a0<\/p><p>09 mei, 10.00 tot 14.00 - Taller de narraci\u00f3n oral: Te cuento. Casa de Cultura Altea. Iedereen kan verhalen vertellen? Niet helemaal. Deze workshop met Marisela Romero gaat over hoe een idee een verteld moment wordt. De sessie op 9 mei markeert het einde van de vierdelige workshop. De cursus wordt in het Spaans gegeven. Deelname alleen voor de gehele workshop met vier data. Inschrijven via <a href=\"https:\/\/www.alteacultural.com\/inscripcio\" target=\"_blank\" rel=\"noopener\">www.alteacultural.com\/inscripcio<\/a><\/p><p>09 mei, 20.00 - Teatro: El Futuro. Palau Altea. Met \u201eEl Futuro\u201c brengt het Cia. Gaudint Teatre een theaterreis door Europa op de planken - naar buiten toe onderweg, naar binnen toe niet minder. Tussen drama, komedie, vriendschap en onbeantwoorde vragen is er genoeg stof tot nadenken. Duur: ongeveer 105 minuten. De voorstelling is in het Spaans.\u00a0<\/p><p>17 mei, 19.00 - Teatro: La Ternura. Palau Altea. Shakespeare doet de groeten, Alfredo Sanzol herschrijft de klassieker: \u201eLa Ternura\u201c is een komedie over liefde, bescherming, verwarring en de misvatting van het kunnen beheersen van gevoelens. Het stuk werd bekroond met de Premio Max voor beste theaterstuk in 2019. Een koningin, twee prinsessen, een zogenaamd verlaten eiland - en natuurlijk gaat niets volgens plan. Duur: 120 minuten. De voorstelling is in het Spaans. Toegangsprijs: 20 tot 24 euro.<\/p><p>31 mei, 18.30 - Theater: M'entens o t'ho explique? Palau Altea. De Cia. Pla i Rev\u00e9s brengt aan het eind van de maand Valenciaans theater op de planken. \u201eM'entens o t'ho explique?\u201c klinkt als een duidelijke boodschap, zelfs in de titel - en waarschijnlijk na een paar misverstanden onderweg. Toegangsprijs: 12 euro. Kaarten via leden van de Comissi\u00f3 del Crist of via <a href=\"https:\/\/bit.ly\/entrades31maig\" target=\"_blank\" rel=\"noopener\">bit.ly\/entrades31maig.<\/a><\/p>\t\t\t\t\t\t\t\t<\/div>\n\t\t\t\t<\/div>\n\t\t\t\t<\/div>\n\t\t<div class=\"elementor-element elementor-element-f24f320 e-con-full e-flex e-con e-child\" data-id=\"f24f320\" data-element_type=\"container\" data-e-type=\"container\">\n\t\t\t\t<div class=\"elementor-element elementor-element-e8d5383 elementor-widget__width-initial elementor-widget elementor-widget-gallery\" data-id=\"e8d5383\" data-element_type=\"widget\" data-e-type=\"widget\" data-settings=\"{&quot;gallery_layout&quot;:&quot;masonry&quot;,&quot;columns&quot;:1,&quot;gap&quot;:{&quot;unit&quot;:&quot;px&quot;,&quot;size&quot;:5,&quot;sizes&quot;:[]},&quot;lazyload&quot;:&quot;yes&quot;,&quot;columns_tablet&quot;:2,&quot;columns_mobile&quot;:1,&quot;gap_tablet&quot;:{&quot;unit&quot;:&quot;px&quot;,&quot;size&quot;:10,&quot;sizes&quot;:[]},&quot;gap_mobile&quot;:{&quot;unit&quot;:&quot;px&quot;,&quot;size&quot;:10,&quot;sizes&quot;:[]},&quot;link_to&quot;:&quot;file&quot;,&quot;overlay_background&quot;:&quot;yes&quot;,&quot;content_hover_animation&quot;:&quot;fade-in&quot;}\" data-widget_type=\"gallery.default\">\n\t\t\t\t<div class=\"elementor-widget-container\">\n\t\t\t\t\t\t\t<div class=\"elementor-gallery__container\">\n\t\t\t\t\t\t\t<a class=\"e-gallery-item elementor-gallery-item elementor-animated-content\" href=\"https:\/\/costablanca-magazin.com\/wp-content\/uploads\/2026\/05\/pa_vivovivaldi.webp\" data-elementor-open-lightbox=\"yes\" data-elementor-lightbox-slideshow=\"e8d5383\" data-elementor-lightbox-title=\"pa_vivovivaldi\" data-elementor-lightbox-description=\"Veranstaltungen Costa Blanca \u2013 Mai 2026  \" data-e-action-hash=\"#elementor-action%3Aaction%3Dlightbox%26settings%3DeyJpZCI6MTE1MTQsInVybCI6Imh0dHBzOlwvXC9jb3N0YWJsYW5jYS1tYWdhemluLmNvbVwvd3AtY29udGVudFwvdXBsb2Fkc1wvMjAyNlwvMDVcL3BhX3Zpdm92aXZhbGRpLndlYnAiLCJzbGlkZXNob3ciOiJlOGQ1MzgzIn0%3D\">\n\t\t\t\t\t<div class=\"e-gallery-image elementor-gallery-item__image\" data-thumbnail=\"https:\/\/costablanca-magazin.com\/wp-content\/uploads\/2026\/05\/pa_vivovivaldi.webp\" data-width=\"1100\" data-height=\"733\" aria-label=\"Evenementen Costa Blanca - Mei 2026\" role=\"img\" ><\/div>\n\t\t\t\t\t\t\t\t\t\t\t<div class=\"elementor-gallery-item__overlay\"><\/div>\n\t\t\t\t\t\t\t\t\t\t\t\t\t\t<\/a>\n\t\t\t\t\t\t\t<a class=\"e-gallery-item elementor-gallery-item elementor-animated-content\" href=\"https:\/\/costablanca-magazin.com\/wp-content\/uploads\/2026\/05\/200526_cartel_individual_zee_zee.jpg\" data-elementor-open-lightbox=\"yes\" data-elementor-lightbox-slideshow=\"e8d5383\" data-elementor-lightbox-title=\"200526_cartel_individual_zee_zee\" data-elementor-lightbox-description=\"Veranstaltungen Costa Blanca \u2013 Mai 2026  \" data-e-action-hash=\"#elementor-action%3Aaction%3Dlightbox%26settings%3DeyJpZCI6MTE0OTMsInVybCI6Imh0dHBzOlwvXC9jb3N0YWJsYW5jYS1tYWdhemluLmNvbVwvd3AtY29udGVudFwvdXBsb2Fkc1wvMjAyNlwvMDVcLzIwMDUyNl9jYXJ0ZWxfaW5kaXZpZHVhbF96ZWVfemVlLmpwZyIsInNsaWRlc2hvdyI6ImU4ZDUzODMifQ%3D%3D\">\n\t\t\t\t\t<div class=\"e-gallery-image elementor-gallery-item__image\" data-thumbnail=\"https:\/\/costablanca-magazin.com\/wp-content\/uploads\/2026\/05\/200526_cartel_individual_zee_zee.jpg\" data-width=\"1414\" data-height=\"2000\" aria-label=\"Evenementen Costa Blanca - Mei 2026\" role=\"img\" ><\/div>\n\t\t\t\t\t\t\t\t\t\t\t<div class=\"elementor-gallery-item__overlay\"><\/div>\n\t\t\t\t\t\t\t\t\t\t\t\t\t\t<\/a>\n\t\t\t\t\t\t\t<a class=\"e-gallery-item elementor-gallery-item elementor-animated-content\" href=\"https:\/\/costablanca-magazin.com\/wp-content\/uploads\/2026\/05\/210526_camerata_virtuosi_en_calpe_21_de_mayo_de_2026_1.jpg\" data-elementor-open-lightbox=\"yes\" data-elementor-lightbox-slideshow=\"e8d5383\" data-elementor-lightbox-title=\"210526_camerata_virtuosi_en_calpe_21_de_mayo_de_2026_1\" data-elementor-lightbox-description=\"Veranstaltungen Costa Blanca \u2013 Mai 2026  \" data-e-action-hash=\"#elementor-action%3Aaction%3Dlightbox%26settings%3DeyJpZCI6MTE0OTQsInVybCI6Imh0dHBzOlwvXC9jb3N0YWJsYW5jYS1tYWdhemluLmNvbVwvd3AtY29udGVudFwvdXBsb2Fkc1wvMjAyNlwvMDVcLzIxMDUyNl9jYW1lcmF0YV92aXJ0dW9zaV9lbl9jYWxwZV8yMV9kZV9tYXlvX2RlXzIwMjZfMS5qcGciLCJzbGlkZXNob3ciOiJlOGQ1MzgzIn0%3D\">\n\t\t\t\t\t<div class=\"e-gallery-image elementor-gallery-item__image\" data-thumbnail=\"https:\/\/costablanca-magazin.com\/wp-content\/uploads\/2026\/05\/210526_camerata_virtuosi_en_calpe_21_de_mayo_de_2026_1.jpg\" data-width=\"1024\" data-height=\"1536\" aria-label=\"Evenementen Costa Blanca - Mei 2026\" role=\"img\" ><\/div>\n\t\t\t\t\t\t\t\t\t\t\t<div class=\"elementor-gallery-item__overlay\"><\/div>\n\t\t\t\t\t\t\t\t\t\t\t\t\t\t<\/a>\n\t\t\t\t\t\t\t<a class=\"e-gallery-item elementor-gallery-item elementor-animated-content\" href=\"https:\/\/costablanca-magazin.com\/wp-content\/uploads\/2026\/05\/21_05_firacalp_maig.jpg\" data-elementor-open-lightbox=\"yes\" data-elementor-lightbox-slideshow=\"e8d5383\" data-elementor-lightbox-title=\"21_05_firacalp_maig\" data-elementor-lightbox-description=\"Veranstaltungen Costa Blanca \u2013 Mai 2026  \" data-e-action-hash=\"#elementor-action%3Aaction%3Dlightbox%26settings%3DeyJpZCI6MTE0OTUsInVybCI6Imh0dHBzOlwvXC9jb3N0YWJsYW5jYS1tYWdhemluLmNvbVwvd3AtY29udGVudFwvdXBsb2Fkc1wvMjAyNlwvMDVcLzIxXzA1X2ZpcmFjYWxwX21haWcuanBnIiwic2xpZGVzaG93IjoiZThkNTM4MyJ9\">\n\t\t\t\t\t<div class=\"e-gallery-image elementor-gallery-item__image\" data-thumbnail=\"https:\/\/costablanca-magazin.com\/wp-content\/uploads\/2026\/05\/21_05_firacalp_maig.jpg\" data-width=\"1080\" data-height=\"1350\" aria-label=\"Evenementen Costa Blanca - Mei 2026\" role=\"img\" ><\/div>\n\t\t\t\t\t\t\t\t\t\t\t<div class=\"elementor-gallery-item__overlay\"><\/div>\n\t\t\t\t\t\t\t\t\t\t\t\t\t\t<\/a>\n\t\t\t\t\t\t\t<a class=\"e-gallery-item elementor-gallery-item elementor-animated-content\" href=\"https:\/\/costablanca-magazin.com\/wp-content\/uploads\/2026\/05\/2026-04-11-Taller-narracion-oral-TE-CUENTO-Marisela-768x1085-1.webp\" data-elementor-open-lightbox=\"yes\" data-elementor-lightbox-slideshow=\"e8d5383\" data-elementor-lightbox-title=\"2026-04-11-Taller-narracion-oral-TE-CUENTO-Marisela-768x1085\" data-elementor-lightbox-description=\"Veranstaltungen Costa Blanca \u2013 Mai 2026  \" data-e-action-hash=\"#elementor-action%3Aaction%3Dlightbox%26settings%3DeyJpZCI6MTE0OTYsInVybCI6Imh0dHBzOlwvXC9jb3N0YWJsYW5jYS1tYWdhemluLmNvbVwvd3AtY29udGVudFwvdXBsb2Fkc1wvMjAyNlwvMDVcLzIwMjYtMDQtMTEtVGFsbGVyLW5hcnJhY2lvbi1vcmFsLVRFLUNVRU5UTy1NYXJpc2VsYS03Njh4MTA4NS0xLndlYnAiLCJzbGlkZXNob3ciOiJlOGQ1MzgzIn0%3D\">\n\t\t\t\t\t<div class=\"e-gallery-image elementor-gallery-item__image\" data-thumbnail=\"https:\/\/costablanca-magazin.com\/wp-content\/uploads\/2026\/05\/2026-04-11-Taller-narracion-oral-TE-CUENTO-Marisela-768x1085-1.webp\" data-width=\"768\" data-height=\"1085\" aria-label=\"Evenementen Costa Blanca - Mei 2026\" role=\"img\" ><\/div>\n\t\t\t\t\t\t\t\t\t\t\t<div class=\"elementor-gallery-item__overlay\"><\/div>\n\t\t\t\t\t\t\t\t\t\t\t\t\t\t<\/a>\n\t\t\t\t\t<\/div>\n\t\t\t\t\t<\/div>\n\t\t\t\t<\/div>\n\t\t\t\t<\/div>\n\t\t<div class=\"elementor-element elementor-element-afd3436 e-con-full e-flex e-con e-child\" data-id=\"afd3436\" data-element_type=\"container\" data-e-type=\"container\">\n\t\t\t\t<div class=\"elementor-element elementor-element-3845770 elementor-widget__width-initial elementor-widget elementor-widget-gallery\" data-id=\"3845770\" data-element_type=\"widget\" data-e-type=\"widget\" data-settings=\"{&quot;columns&quot;:1,&quot;gallery_layout&quot;:&quot;masonry&quot;,&quot;gap&quot;:{&quot;unit&quot;:&quot;px&quot;,&quot;size&quot;:5,&quot;sizes&quot;:[]},&quot;lazyload&quot;:&quot;yes&quot;,&quot;columns_tablet&quot;:2,&quot;columns_mobile&quot;:1,&quot;gap_tablet&quot;:{&quot;unit&quot;:&quot;px&quot;,&quot;size&quot;:10,&quot;sizes&quot;:[]},&quot;gap_mobile&quot;:{&quot;unit&quot;:&quot;px&quot;,&quot;size&quot;:10,&quot;sizes&quot;:[]},&quot;link_to&quot;:&quot;file&quot;,&quot;overlay_background&quot;:&quot;yes&quot;,&quot;content_hover_animation&quot;:&quot;fade-in&quot;}\" data-widget_type=\"gallery.default\">\n\t\t\t\t<div class=\"elementor-widget-container\">\n\t\t\t\t\t\t\t<div class=\"elementor-gallery__container\">\n\t\t\t\t\t\t\t<a class=\"e-gallery-item elementor-gallery-item elementor-animated-content\" href=\"https:\/\/costablanca-magazin.com\/wp-content\/uploads\/2026\/05\/villajozosa-2.jpg\" data-elementor-open-lightbox=\"yes\" data-elementor-lightbox-slideshow=\"3845770\" data-elementor-lightbox-title=\"villajoyosa 2\" data-elementor-lightbox-description=\"Veranstaltungen Costa Blanca \u2013 Mai 2026  \" data-e-action-hash=\"#elementor-action%3Aaction%3Dlightbox%26settings%3DeyJpZCI6MTE1MjIsInVybCI6Imh0dHBzOlwvXC9jb3N0YWJsYW5jYS1tYWdhemluLmNvbVwvd3AtY29udGVudFwvdXBsb2Fkc1wvMjAyNlwvMDVcL3ZpbGxham96b3NhLTIuanBnIiwic2xpZGVzaG93IjoiMzg0NTc3MCJ9\">\n\t\t\t\t\t<div class=\"e-gallery-image elementor-gallery-item__image\" data-thumbnail=\"https:\/\/costablanca-magazin.com\/wp-content\/uploads\/2026\/05\/villajozosa-2.jpg\" data-width=\"700\" data-height=\"420\" aria-label=\"Evenementen Costa Blanca - Mei 2026\" role=\"img\" ><\/div>\n\t\t\t\t\t\t\t\t\t\t\t<div class=\"elementor-gallery-item__overlay\"><\/div>\n\t\t\t\t\t\t\t\t\t\t\t\t\t\t<\/a>\n\t\t\t\t\t\t\t<a class=\"e-gallery-item elementor-gallery-item elementor-animated-content\" href=\"https:\/\/costablanca-magazin.com\/wp-content\/uploads\/2026\/05\/vila-4.jpg\" data-elementor-open-lightbox=\"yes\" data-elementor-lightbox-slideshow=\"3845770\" data-elementor-lightbox-title=\"vila 4\" data-elementor-lightbox-description=\"Veranstaltungen Costa Blanca \u2013 Mai 2026  \" data-e-action-hash=\"#elementor-action%3Aaction%3Dlightbox%26settings%3DeyJpZCI6MTE1MjEsInVybCI6Imh0dHBzOlwvXC9jb3N0YWJsYW5jYS1tYWdhemluLmNvbVwvd3AtY29udGVudFwvdXBsb2Fkc1wvMjAyNlwvMDVcL3ZpbGEtNC5qcGciLCJzbGlkZXNob3ciOiIzODQ1NzcwIn0%3D\">\n\t\t\t\t\t<div class=\"e-gallery-image elementor-gallery-item__image\" data-thumbnail=\"https:\/\/costablanca-magazin.com\/wp-content\/uploads\/2026\/05\/vila-4.jpg\" data-width=\"1792\" data-height=\"2560\" aria-label=\"Evenementen Costa Blanca - Mei 2026\" role=\"img\" ><\/div>\n\t\t\t\t\t\t\t\t\t\t\t<div class=\"elementor-gallery-item__overlay\"><\/div>\n\t\t\t\t\t\t\t\t\t\t\t\t\t\t<\/a>\n\t\t\t\t\t\t\t<a class=\"e-gallery-item elementor-gallery-item elementor-animated-content\" href=\"https:\/\/costablanca-magazin.com\/wp-content\/uploads\/2026\/05\/vila-3.jpg\" data-elementor-open-lightbox=\"yes\" data-elementor-lightbox-slideshow=\"3845770\" data-elementor-lightbox-title=\"vila 3\" data-elementor-lightbox-description=\"Veranstaltungen Costa Blanca \u2013 Mai 2026  \" data-e-action-hash=\"#elementor-action%3Aaction%3Dlightbox%26settings%3DeyJpZCI6MTE1MjAsInVybCI6Imh0dHBzOlwvXC9jb3N0YWJsYW5jYS1tYWdhemluLmNvbVwvd3AtY29udGVudFwvdXBsb2Fkc1wvMjAyNlwvMDVcL3ZpbGEtMy5qcGciLCJzbGlkZXNob3ciOiIzODQ1NzcwIn0%3D\">\n\t\t\t\t\t<div class=\"e-gallery-image elementor-gallery-item__image\" data-thumbnail=\"https:\/\/costablanca-magazin.com\/wp-content\/uploads\/2026\/05\/vila-3.jpg\" data-width=\"2560\" data-height=\"1440\" aria-label=\"Evenementen Costa Blanca - Mei 2026\" role=\"img\" ><\/div>\n\t\t\t\t\t\t\t\t\t\t\t<div class=\"elementor-gallery-item__overlay\"><\/div>\n\t\t\t\t\t\t\t\t\t\t\t\t\t\t<\/a>\n\t\t\t\t\t\t\t<a class=\"e-gallery-item elementor-gallery-item elementor-animated-content\" href=\"https:\/\/costablanca-magazin.com\/wp-content\/uploads\/2026\/05\/pa_vivovivaldi_banner.webp\" data-elementor-open-lightbox=\"yes\" data-elementor-lightbox-slideshow=\"3845770\" data-elementor-lightbox-title=\"pa_vivovivaldi_banner\" data-elementor-lightbox-description=\"Veranstaltungen Costa Blanca \u2013 Mai 2026  \" data-e-action-hash=\"#elementor-action%3Aaction%3Dlightbox%26settings%3DeyJpZCI6MTE1MTUsInVybCI6Imh0dHBzOlwvXC9jb3N0YWJsYW5jYS1tYWdhemluLmNvbVwvd3AtY29udGVudFwvdXBsb2Fkc1wvMjAyNlwvMDVcL3BhX3Zpdm92aXZhbGRpX2Jhbm5lci53ZWJwIiwic2xpZGVzaG93IjoiMzg0NTc3MCJ9\">\n\t\t\t\t\t<div class=\"e-gallery-image elementor-gallery-item__image\" data-thumbnail=\"https:\/\/costablanca-magazin.com\/wp-content\/uploads\/2026\/05\/pa_vivovivaldi_banner.webp\" data-width=\"1096\" data-height=\"403\" aria-label=\"Evenementen Costa Blanca - Mei 2026\" role=\"img\" ><\/div>\n\t\t\t\t\t\t\t\t\t\t\t<div class=\"elementor-gallery-item__overlay\"><\/div>\n\t\t\t\t\t\t\t\t\t\t\t\t\t\t<\/a>\n\t\t\t\t\t\t\t<a class=\"e-gallery-item elementor-gallery-item elementor-animated-content\" href=\"https:\/\/costablanca-magazin.com\/wp-content\/uploads\/2026\/05\/WhatsApp_Image_2026-03-06_at_11-11-37.jpeg\" data-elementor-open-lightbox=\"yes\" data-elementor-lightbox-slideshow=\"3845770\" data-elementor-lightbox-title=\"WhatsApp_Image_2026-03-06_at_11-11-37\" data-elementor-lightbox-description=\"Veranstaltungen Costa Blanca \u2013 Mai 2026  \" data-e-action-hash=\"#elementor-action%3Aaction%3Dlightbox%26settings%3DeyJpZCI6MTE1MjMsInVybCI6Imh0dHBzOlwvXC9jb3N0YWJsYW5jYS1tYWdhemluLmNvbVwvd3AtY29udGVudFwvdXBsb2Fkc1wvMjAyNlwvMDVcL1doYXRzQXBwX0ltYWdlXzIwMjYtMDMtMDZfYXRfMTEtMTEtMzcuanBlZyIsInNsaWRlc2hvdyI6IjM4NDU3NzAifQ%3D%3D\">\n\t\t\t\t\t<div class=\"e-gallery-image elementor-gallery-item__image\" data-thumbnail=\"https:\/\/costablanca-magazin.com\/wp-content\/uploads\/2026\/05\/WhatsApp_Image_2026-03-06_at_11-11-37.jpeg\" data-width=\"1131\" data-height=\"1600\" aria-label=\"Evenementen Costa Blanca - Mei 2026\" role=\"img\" ><\/div>\n\t\t\t\t\t\t\t\t\t\t\t<div class=\"elementor-gallery-item__overlay\"><\/div>\n\t\t\t\t\t\t\t\t\t\t\t\t\t\t<\/a>\n\t\t\t\t\t<\/div>\n\t\t\t\t\t<\/div>\n\t\t\t\t<\/div>\n\t\t\t\t<\/div>\n\t\t<div class=\"elementor-element elementor-element-b6e5bc2 e-con-full e-flex e-con e-child\" data-id=\"b6e5bc2\" data-element_type=\"container\" data-e-type=\"container\">\n\t\t\t\t<div class=\"elementor-element elementor-element-fdc8bae elementor-widget elementor-widget-heading\" data-id=\"fdc8bae\" data-element_type=\"widget\" data-e-type=\"widget\" data-widget_type=\"heading.default\">\n\t\t\t\t<div class=\"elementor-widget-container\">\n\t\t\t\t\t<h3 class=\"elementor-heading-title elementor-size-default\">La Vilajoiosa<\/h3>\t\t\t\t<\/div>\n\t\t\t\t<\/div>\n\t\t\t\t<div class=\"elementor-element elementor-element-b648d7f elementor-widget elementor-widget-text-editor\" data-id=\"b648d7f\" data-element_type=\"widget\" data-e-type=\"widget\" data-widget_type=\"text-editor.default\">\n\t\t\t\t<div class=\"elementor-widget-container\">\n\t\t\t\t\t\t\t\t\t<p>Tot 04 mei, 18.00 - Tentoonstelling: Campo Abierto, Ernst Kraft Espai d'Art Contemporani La Barbera, C. Huit de Maig, s\/n. Abstractie ontmoet figuur, licht ontmoet schaduw: Ernst Kraft toont werken die niet schreeuwerig zijn, maar een langdurig effect hebben. De tentoonstelling loopt sinds 6 maart en is nog te zien tot 4 mei.<\/p><p>05 mei, 18.00 - Bioscoop: El jovencito Frankenstein. Auditorio Centro Social. Mel Brooks\u2019 klassieker uit 1974 brengt Frankenstein op het scherm zonder pathos, maar met snelheid en absurde humor. Gepresenteerd door Sebasti\u00e1n Ant\u00f3n. Geschikt voor alle leeftijden. Duur: 105 minuten.\u00a0<\/p><p>Zaterdag 9 mei 2026, 17.00 uur - Concert XIV Concurs de Tuba. Tuba in een competitieve context: de Agrupaci\u00f3 Musical Mediterraneo zet de schijnwerpers op een instrument dat anders vaak op de achtergrond werkt. Het concert begint om 17.00 uur. Georganiseerd door de Agrupaci\u00f3 Musical Mediterraneo.<\/p><p>16 mei, 19.00 - Dans: La Finitud, C\u00eda. Sara Calero. Teatre Auditori, Concepci\u00f3n Aragon\u00e9s, 2e Flamenco, dans en muziek als reflectie op vergankelijkheid: Sara Calero brengt met drie muzikanten een intens stuk voor een volwassen publiek op het podium. Duur: 75 minuten.\u00a0<\/p><p>23 mei, 18:00 - Poppentheater: Jagill\u00e9, el porquet verdblau. Auditorio Centro Social. Een grijs everzwijn droomt zichzelf in andere kleuren, vormen en identiteiten - en moet er uiteindelijk achter komen wie hij werkelijk is. Poppentheater in het Valenciaans voor gezinnen met kinderen vanaf vijf jaar. Duur: 50 minuten. Beperkte plaatsen, uitnodigingen zijn een maand voor de voorstelling verkrijgbaar.<\/p><p>30 mei, 19.00 - Muziek: Bront\u00eb, Guiem Soldevila. Jard\u00edn Do\u00f1a Concha La Barbera. De Menorcaanse muzikant Guiem Soldevila combineert folk, pop, literatuur en podiumpo\u00ebzie met de tekstuele werelden van de gezusters Bront\u00eb. Met zang, piano, gitaar, cello, fluit, dans en vertelling. Een avond voor een volwassen publiek die rustig werkt in plaats van te vertrouwen op grote effecten.<\/p><p>31 mei, 12.00 uur - Concert OCA Ateneu Musical. Auditorio Centro Social. Muziek aan het einde van de maand: de Societat Ateneu Musical nodigt u uit voor een concert in het Auditorio Centro Social. Het begint om 12.00 uur. Georganiseerd door de Societat Ateneu Musical.<\/p>\t\t\t\t\t\t\t\t<\/div>\n\t\t\t\t<\/div>\n\t\t\t\t<div class=\"elementor-element elementor-element-f3718b4 elementor-widget elementor-widget-heading\" data-id=\"f3718b4\" data-element_type=\"widget\" data-e-type=\"widget\" data-widget_type=\"heading.default\">\n\t\t\t\t<div class=\"elementor-widget-container\">\n\t\t\t\t\t<h3 class=\"elementor-heading-title elementor-size-default\">Benissa<\/h3>\t\t\t\t<\/div>\n\t\t\t\t<\/div>\n\t\t\t\t<div class=\"elementor-element elementor-element-39593e2 elementor-widget__width-initial elementor-widget elementor-widget-text-editor\" data-id=\"39593e2\" data-element_type=\"widget\" data-e-type=\"widget\" data-widget_type=\"text-editor.default\">\n\t\t\t\t<div class=\"elementor-widget-container\">\n\t\t\t\t\t\t\t\t\t<p>03 mei, 10.00 uur - Mercado del coleccionismo e intercambio filat\u00e9lico . Bajos del antiguo Casal Jove, Calle Francisco Sendra, 2nd Postzegels, munten, oude voorwerpen en kleine vondsten met een geschiedenis: de verzamelaars- en ruilmarkt in Benissa is niet voor haastigen, maar juist voor iedereen die graag snuffelt. Toegang gratis. Georganiseerd door de Agrupaci\u00f3n Filat\u00e9lica y Numism\u00e1tica Benissa.<\/p><p>Tot 18 mei, dinsdag t\/m zaterdag, 18.00 - 20.30 uur - Tentoonstelling Certamen pintura Salvador Soria. Centro de Arte Taller Ivars, Pla\u00e7a Germans Ivars. De Taller Ivars toont werken van de schilderwedstrijd van Salvador Soria. Een rustig kunstevenement voor de vroege avond - met genoeg tijd om te kijken, vergelijken en discussi\u00ebren. Gratis toegang. Gesloten op feestdagen en tijdens de festivalweek van 27 april tot 3 mei.<\/p><p>09 mei, 19:00 en 22:00 uur en 10 mei, 18:00 en 21:00 uur - Bioscoop: Kraken. El Libro Negro de las Horas. Sal\u00f3 Cultural, Calle Pare Andreu Ivars, 21, 3e verdieping. Spaanse thriller met Alejo Sauras, Maggie Civantos en Natalia Rodr\u00edguez. Intriges, politie, familie - niet het soort film dat je kunt kijken terwijl je WhatsApp-berichten doorneemt. Niet aanbevolen voor kinderen onder de 12 jaar. Georganiseerd door de Ayuntamiento de Benissa.<\/p><p>16 mei, 19.00 en 22.00 uur en 17 mei, 18.00 en 21.00 uur - Cinema: Michael, Sal\u00f3 Cultural, Calle Pare Andreu Ivars, 21, 3e verdieping. Biografisch muziekdrama over Michael Jackson, geregisseerd door Antoine Fuqua, met Jaafar Jackson, Nia Long, Laura Harrier, Miles Teller en Colman Domingo. Twee voorstellingen - voor popgeschiedenis in de bioscoop in plaats van op de streamingbank. Niet aanbevolen voor kinderen onder 12 jaar. Georganiseerd door de Ayuntamiento de<\/p>\t\t\t\t\t\t\t\t<\/div>\n\t\t\t\t<\/div>\n\t\t\t\t<\/div>\n\t\t\t\t\t<\/div>\n\t\t\t\t<\/div>\n\t\t<div class=\"elementor-element elementor-element-4af194c e-flex e-con-boxed e-con e-parent\" data-id=\"4af194c\" data-element_type=\"container\" data-e-type=\"container\">\n\t\t\t\t\t<div class=\"e-con-inner\">\n\t\t<div class=\"elementor-element elementor-element-5363c05 e-con-full e-flex e-con e-child\" data-id=\"5363c05\" data-element_type=\"container\" data-e-type=\"container\">\n\t\t\t\t<div class=\"elementor-element elementor-element-0d11699 elementor-widget elementor-widget-heading\" data-id=\"0d11699\" data-element_type=\"widget\" data-e-type=\"widget\" data-widget_type=\"heading.default\">\n\t\t\t\t<div class=\"elementor-widget-container\">\n\t\t\t\t\t<h3 class=\"elementor-heading-title elementor-size-default\">Teulada\/Moraira\n<\/h3>\t\t\t\t<\/div>\n\t\t\t\t<\/div>\n\t\t\t\t<div class=\"elementor-element elementor-element-b155506 elementor-widget elementor-widget-text-editor\" data-id=\"b155506\" data-element_type=\"widget\" data-e-type=\"widget\" data-widget_type=\"text-editor.default\">\n\t\t\t\t<div class=\"elementor-widget-container\">\n\t\t\t\t\t\t\t\t\t<p>10 mei, 18.00 - Santi Marcilla: \u201eDespierta! Est\u00e1s so\u00f1ando. Ellos tambi\u00e9n\u201c.\u201c <br \/>Auditorio Teulada Moraira. Geen klassieke goocheldoosavond: Santi Marcilla werkt met illusie, mentalisme en perceptie - met andere woorden, met het moment waarop je je in het publiek even afvraagt of je eigen hoofd nog meespeelt of stiekem is afgehaakt. Een live ervaring tussen magie, zintuiglijke illusie en verwondering.<\/p><p>16 mei, 20:00 - The 80\u2019s Symphony door Neon Collective <br \/>Auditorio Teulada Moraira. The Cure, U2 en Depeche Mode ontmoeten orkestrale kracht: Neon Collective brengt meer dan 40 muzikanten op het podium en verandert de grote 80s anthems in een symfonisch tribute formaat. Voor iedereen die \u201eEnjoy the Silence\u201c kent - en het graag met aanzienlijk meer strijkers zou willen horen.<\/p>\t\t\t\t\t\t\t\t<\/div>\n\t\t\t\t<\/div>\n\t\t\t\t<div class=\"elementor-element elementor-element-876ad6b elementor-widget elementor-widget-heading\" data-id=\"876ad6b\" data-element_type=\"widget\" data-e-type=\"widget\" data-widget_type=\"heading.default\">\n\t\t\t\t<div class=\"elementor-widget-container\">\n\t\t\t\t\t<h3 class=\"elementor-heading-title elementor-size-default\">La Nucia\n\n<\/h3>\t\t\t\t<\/div>\n\t\t\t\t<\/div>\n\t\t\t\t<div class=\"elementor-element elementor-element-ec8afb3 elementor-widget elementor-widget-text-editor\" data-id=\"ec8afb3\" data-element_type=\"widget\" data-e-type=\"widget\" data-widget_type=\"text-editor.default\">\n\t\t\t\t<div class=\"elementor-widget-container\">\n\t\t\t\t\t\t\t\t\t<p>\u00a002 mei t\/m 3 mei - Campeonato de Espa\u00f1a Raids Aventura. La Nuc\u00eda Ciudad del Deporte, stadion en buitengebieden. Het Spaanse kampioenschap Raid Aventura brengt ori\u00ebntatie, uithoudingsvermogen en teamwork naar La Nuc\u00eda. Twee dagen sportprogramma op en rond de faciliteiten van de Ciudad del Deporte. Open voor publiek.<\/p><p>06 maart , 18.00 - Tentoonstelling: Campo Abierto, Ernst Kraft. Op 6 maart opende de kunsttentoonstelling \u201eCampo Abierto\u201c van Ernst Kraft. Een rustige kunstdatum op de kalender van La Nuc\u00eda - met aanzienlijk minder puls dan de sportevenementen, maar zeker niet minder opvallend.<\/p><p>05 mei tot 23 juni - Talleres Xarxa Salut. La Nuc\u00eda, ruimte voor gezondheid en ouderschap. Negen gratis sessies voor vaders en moeders over opvoeden, het dagelijkse gezinsleven en leven met kinderen. De workshops worden geleid door specialisten van het Centro de Salud en het Centro de Especialidades La Nuc\u00eda. Praktisch, dicht bij het dagelijks leven en veilig zonder een glossy pedagogisch filter.<\/p><p>07 mei, 10.00 uur - Jornada Redes Sociales con IA. Lab_Nucia. Een workshop voor bedrijven die weten dat ze online meer aanwezig moeten zijn - maar nooit weten wat ze moeten posten. Onderwerp: Hoe kunstmatige intelligentie kan helpen met idee\u00ebn, teksten, redactionele plannen en sociale-mediastructuur. Georganiseerd in samenwerking met de OAP door FEMPA.<\/p><p>09 mei - 10 mei - Torxa Esculta. Ciutat Esportiva Camilo Cano, La Nuc\u00eda. Meer dan 200 jonge scouts uit de Comunitat Valenciana nemen het gedurende twee intensieve dagen tegen elkaar op in verschillende sportwedstrijden. La Nuc\u00eda doet wat La Nuc\u00eda vaak doet: optimaal gebruik maken van de sportfaciliteiten.<\/p><p>09 mei tot , 12 mei - II GastroWeekend. CEM Captivador. Vierdaags gastronomisch programma na het succes van de eerste editie. Plaatsen voor culinaire belevenissen en een speciaal algemeen abonnement met slechts 50 plaatsen zijn te koop. Tickets via www.elxato.com en <a href=\"https:\/\/www.lanuciagastronomica.com\" target=\"_blank\" rel=\"noopener\">www.lanuciagastronomica.com<\/a>.<\/p><p>09 mei - Gastrodag. CEM Captivador. Een gastronomische bijeenkomst met een menu van chef-koks uit de provincie. Geen snelle hap, maar een programma voor iedereen die wil weten wat de regionale keuken kan doen als professionals rond de tafel werken. Tickets via <a href=\"http:\/\/www.elxato.com\" target=\"_blank\" rel=\"noopener\">www.elxato.com<\/a> en <a href=\"https:\/\/www.lanuciagastronomica.com\" target=\"_blank\" rel=\"noopener\">www.lanuciagastronomica.com.<\/a><\/p><p>10 mei - Gastromarkt. CEM Captivador. Gastronomische markt met meer dan 20 producten en livemuziek. De toegang is gratis. Een goede gelegenheid om lokale producten te proeven zonder een volledig menu te hoeven reserveren.<\/p><p>10 mei , 19.00 - Concert van de Uni\u00f3 Musical de La Nuc\u00eda met Rub\u00e9n Sime\u00f3 <br \/>l'Auditori La Nuc\u00eda. De Uni\u00f3 Musical de La Nuc\u00eda treedt op samen met de internationaal ervaren trompettist Rub\u00e9n Sime\u00f3. Een concertavond voor iedereen die fanfaremuziek niet verwart met dorpskermisclich\u00e9s. Kaarten aan de kassa van l'Auditori en online via <a href=\"https:\/\/culturalanucia.com\" target=\"_blank\" rel=\"noopener\">culturalanucia.com.<\/a><\/p><p>16 mei - VI D\u00eda de la Familia. Pabell\u00f3n La Muixara. De familiedag vindt plaats in Pabell\u00f3n La Muixara en is toegankelijk voor het publiek. Een evenement met een duidelijke boodschap: minder programma, meer middag samen.<\/p><p>16 mei, 20.00 - Zarzuela: La Revoltosa. L'Auditori La Nuc\u00eda. Spaans muziektheater in het Auditori: \u201eLa Revoltosa\u201c brengt zarzuela op het podium - levendig, klassiek en met genoeg temperament om de avond niet zittend door te brengen. Tickets via <a href=\"https:\/\/culturalanucia.com\" target=\"_blank\" rel=\"noopener\">cultureleanucia.com<\/a><\/p><p>17 mei - Concentratie van klassieke trucks en oldtimers. Parkeerterrein bij het Estadio Ol\u00edmpico. Klassieke vrachtwagens en auto's ontmoeten elkaar bij het stadion. Open voor publiek. Een datum voor iedereen die meer kijkt naar chroom, motorgeluid en oude carrosserie\u00ebn dan naar nieuwe autofolders.<\/p><p>28 mei, 10.00 uur - Formaci\u00f3n Campa\u00f1as Publicitarias RRSS. Lab_Nucia. Workshop voor bedrijven die met een klein budget willen adverteren op sociale netwerken. De workshop richt zich op campagnedoelstellingen, het opzetten van advertenties, voorbeelden met beheersbare budgetten en hoe te herkennen of een campagne werkt. Georganiseerd door OAP FEMPA in samenwerking met Lab_Nucia.<\/p><p>29 mei , 19.00 - Psychologieconferentie: Decir que no es tambi\u00e9n salud mental. Jongerencentrum La Nuc\u00eda. Psychologe Manuela Escribano vertelt waarom nee zeggen ook deel uitmaakt van geestelijke gezondheid. Ook aangekondigd: Verrassingen, catering en live muziek. Een onderwerp dat waarschijnlijk meer mensen raakt dan ze toegeven.<\/p>\t\t\t\t\t\t\t\t<\/div>\n\t\t\t\t<\/div>\n\t\t\t\t<\/div>\n\t\t<div class=\"elementor-element elementor-element-e53adfe e-con-full e-flex e-con e-child\" data-id=\"e53adfe\" data-element_type=\"container\" data-e-type=\"container\">\n\t\t\t\t<div class=\"elementor-element elementor-element-5ba2065 elementor-widget__width-initial elementor-widget elementor-widget-gallery\" data-id=\"5ba2065\" data-element_type=\"widget\" data-e-type=\"widget\" data-settings=\"{&quot;columns&quot;:1,&quot;gallery_layout&quot;:&quot;masonry&quot;,&quot;gap&quot;:{&quot;unit&quot;:&quot;px&quot;,&quot;size&quot;:5,&quot;sizes&quot;:[]},&quot;lazyload&quot;:&quot;yes&quot;,&quot;columns_tablet&quot;:2,&quot;columns_mobile&quot;:1,&quot;gap_tablet&quot;:{&quot;unit&quot;:&quot;px&quot;,&quot;size&quot;:10,&quot;sizes&quot;:[]},&quot;gap_mobile&quot;:{&quot;unit&quot;:&quot;px&quot;,&quot;size&quot;:10,&quot;sizes&quot;:[]},&quot;link_to&quot;:&quot;file&quot;,&quot;overlay_background&quot;:&quot;yes&quot;,&quot;content_hover_animation&quot;:&quot;fade-in&quot;}\" data-widget_type=\"gallery.default\">\n\t\t\t\t<div class=\"elementor-widget-container\">\n\t\t\t\t\t\t\t<div class=\"elementor-gallery__container\">\n\t\t\t\t\t\t\t<a class=\"e-gallery-item elementor-gallery-item elementor-animated-content\" href=\"https:\/\/costablanca-magazin.com\/wp-content\/uploads\/2026\/05\/PHOTO-2026-04-16-21-17-19.jpg\" data-elementor-open-lightbox=\"yes\" data-elementor-lightbox-slideshow=\"5ba2065\" data-elementor-lightbox-title=\"PHOTO-2026-04-16-21-17-19\" data-elementor-lightbox-description=\"Veranstaltungen Costa Blanca \u2013 Mai 2026  \" data-e-action-hash=\"#elementor-action%3Aaction%3Dlightbox%26settings%3DeyJpZCI6MTE1MTYsInVybCI6Imh0dHBzOlwvXC9jb3N0YWJsYW5jYS1tYWdhemluLmNvbVwvd3AtY29udGVudFwvdXBsb2Fkc1wvMjAyNlwvMDVcL1BIT1RPLTIwMjYtMDQtMTYtMjEtMTctMTkuanBnIiwic2xpZGVzaG93IjoiNWJhMjA2NSJ9\">\n\t\t\t\t\t<div class=\"e-gallery-image elementor-gallery-item__image\" data-thumbnail=\"https:\/\/costablanca-magazin.com\/wp-content\/uploads\/2026\/05\/PHOTO-2026-04-16-21-17-19.jpg\" data-width=\"1080\" data-height=\"1350\" aria-label=\"Evenementen Costa Blanca - Mei 2026\" role=\"img\" ><\/div>\n\t\t\t\t\t\t\t\t\t\t\t<div class=\"elementor-gallery-item__overlay\"><\/div>\n\t\t\t\t\t\t\t\t\t\t\t\t\t\t<\/a>\n\t\t\t\t\t\t\t<a class=\"e-gallery-item elementor-gallery-item elementor-animated-content\" href=\"https:\/\/costablanca-magazin.com\/wp-content\/uploads\/2026\/05\/banner-inmaduros-2-2048x1152-1.webp\" data-elementor-open-lightbox=\"yes\" data-elementor-lightbox-slideshow=\"5ba2065\" data-elementor-lightbox-title=\"banner-inmaduros-2-2048x1152\" data-elementor-lightbox-description=\"Veranstaltungen Costa Blanca \u2013 Mai 2026  \" data-e-action-hash=\"#elementor-action%3Aaction%3Dlightbox%26settings%3DeyJpZCI6MTE1MDAsInVybCI6Imh0dHBzOlwvXC9jb3N0YWJsYW5jYS1tYWdhemluLmNvbVwvd3AtY29udGVudFwvdXBsb2Fkc1wvMjAyNlwvMDVcL2Jhbm5lci1pbm1hZHVyb3MtMi0yMDQ4eDExNTItMS53ZWJwIiwic2xpZGVzaG93IjoiNWJhMjA2NSJ9\">\n\t\t\t\t\t<div class=\"e-gallery-image elementor-gallery-item__image\" data-thumbnail=\"https:\/\/costablanca-magazin.com\/wp-content\/uploads\/2026\/05\/banner-inmaduros-2-2048x1152-1.webp\" data-width=\"1600\" data-height=\"900\" aria-label=\"Evenementen Costa Blanca - Mei 2026\" role=\"img\" ><\/div>\n\t\t\t\t\t\t\t\t\t\t\t<div class=\"elementor-gallery-item__overlay\"><\/div>\n\t\t\t\t\t\t\t\t\t\t\t\t\t\t<\/a>\n\t\t\t\t\t\t\t<a class=\"e-gallery-item elementor-gallery-item elementor-animated-content\" href=\"https:\/\/costablanca-magazin.com\/wp-content\/uploads\/2026\/05\/ARTESESCENICAS.jpg\" data-elementor-open-lightbox=\"yes\" data-elementor-lightbox-slideshow=\"5ba2065\" data-elementor-lightbox-title=\"ARTESESCENICAS\" data-elementor-lightbox-description=\"Veranstaltungen Costa Blanca \u2013 Mai 2026  \" data-e-action-hash=\"#elementor-action%3Aaction%3Dlightbox%26settings%3DeyJpZCI6MTE0OTksInVybCI6Imh0dHBzOlwvXC9jb3N0YWJsYW5jYS1tYWdhemluLmNvbVwvd3AtY29udGVudFwvdXBsb2Fkc1wvMjAyNlwvMDVcL0FSVEVTRVNDRU5JQ0FTLmpwZyIsInNsaWRlc2hvdyI6IjViYTIwNjUifQ%3D%3D\">\n\t\t\t\t\t<div class=\"e-gallery-image elementor-gallery-item__image\" data-thumbnail=\"https:\/\/costablanca-magazin.com\/wp-content\/uploads\/2026\/05\/ARTESESCENICAS.jpg\" data-width=\"1467\" data-height=\"1054\" aria-label=\"Evenementen Costa Blanca - Mei 2026\" role=\"img\" ><\/div>\n\t\t\t\t\t\t\t\t\t\t\t<div class=\"elementor-gallery-item__overlay\"><\/div>\n\t\t\t\t\t\t\t\t\t\t\t\t\t\t<\/a>\n\t\t\t\t\t\t\t<a class=\"e-gallery-item elementor-gallery-item elementor-animated-content\" href=\"https:\/\/costablanca-magazin.com\/wp-content\/uploads\/2026\/05\/taller-dIvars.jpg\" data-elementor-open-lightbox=\"yes\" data-elementor-lightbox-slideshow=\"5ba2065\" data-elementor-lightbox-title=\"taller-dIvars\" data-elementor-lightbox-description=\"Veranstaltungen Costa Blanca \u2013 Mai 2026  \" data-e-action-hash=\"#elementor-action%3Aaction%3Dlightbox%26settings%3DeyJpZCI6MTE1MTksInVybCI6Imh0dHBzOlwvXC9jb3N0YWJsYW5jYS1tYWdhemluLmNvbVwvd3AtY29udGVudFwvdXBsb2Fkc1wvMjAyNlwvMDVcL3RhbGxlci1kSXZhcnMuanBnIiwic2xpZGVzaG93IjoiNWJhMjA2NSJ9\">\n\t\t\t\t\t<div class=\"e-gallery-image elementor-gallery-item__image\" data-thumbnail=\"https:\/\/costablanca-magazin.com\/wp-content\/uploads\/2026\/05\/taller-dIvars.jpg\" data-width=\"600\" data-height=\"450\" aria-label=\"Evenementen Costa Blanca - Mei 2026\" role=\"img\" ><\/div>\n\t\t\t\t\t\t\t\t\t\t\t<div class=\"elementor-gallery-item__overlay\"><\/div>\n\t\t\t\t\t\t\t\t\t\t\t\t\t\t<\/a>\n\t\t\t\t\t\t\t<a class=\"e-gallery-item elementor-gallery-item elementor-animated-content\" href=\"https:\/\/costablanca-magazin.com\/wp-content\/uploads\/2026\/05\/Altea-1.jpg\" data-elementor-open-lightbox=\"yes\" data-elementor-lightbox-slideshow=\"5ba2065\" data-elementor-lightbox-title=\"Altea 1\" data-elementor-lightbox-description=\"Veranstaltungen Costa Blanca \u2013 Mai 2026  \" data-e-action-hash=\"#elementor-action%3Aaction%3Dlightbox%26settings%3DeyJpZCI6MTE0OTgsInVybCI6Imh0dHBzOlwvXC9jb3N0YWJsYW5jYS1tYWdhemluLmNvbVwvd3AtY29udGVudFwvdXBsb2Fkc1wvMjAyNlwvMDVcL0FsdGVhLTEuanBnIiwic2xpZGVzaG93IjoiNWJhMjA2NSJ9\">\n\t\t\t\t\t<div class=\"e-gallery-image elementor-gallery-item__image\" data-thumbnail=\"https:\/\/costablanca-magazin.com\/wp-content\/uploads\/2026\/05\/Altea-1.jpg\" data-width=\"1920\" data-height=\"1080\" aria-label=\"Evenementen Costa Blanca - Mei 2026\" role=\"img\" ><\/div>\n\t\t\t\t\t\t\t\t\t\t\t<div class=\"elementor-gallery-item__overlay\"><\/div>\n\t\t\t\t\t\t\t\t\t\t\t\t\t\t<\/a>\n\t\t\t\t\t\t\t<a class=\"e-gallery-item elementor-gallery-item elementor-animated-content\" href=\"https:\/\/costablanca-magazin.com\/wp-content\/uploads\/2026\/05\/080526_cartel_individual_gasparian.jpg\" data-elementor-open-lightbox=\"yes\" data-elementor-lightbox-slideshow=\"5ba2065\" data-elementor-lightbox-title=\"080526_cartel_individual_gasparian\" data-elementor-lightbox-description=\"Veranstaltungen Costa Blanca \u2013 Mai 2026  \" data-e-action-hash=\"#elementor-action%3Aaction%3Dlightbox%26settings%3DeyJpZCI6MTE0OTEsInVybCI6Imh0dHBzOlwvXC9jb3N0YWJsYW5jYS1tYWdhemluLmNvbVwvd3AtY29udGVudFwvdXBsb2Fkc1wvMjAyNlwvMDVcLzA4MDUyNl9jYXJ0ZWxfaW5kaXZpZHVhbF9nYXNwYXJpYW4uanBnIiwic2xpZGVzaG93IjoiNWJhMjA2NSJ9\">\n\t\t\t\t\t<div class=\"e-gallery-image elementor-gallery-item__image\" data-thumbnail=\"https:\/\/costablanca-magazin.com\/wp-content\/uploads\/2026\/05\/080526_cartel_individual_gasparian.jpg\" data-width=\"1414\" data-height=\"2000\" aria-label=\"Evenementen Costa Blanca - Mei 2026\" role=\"img\" ><\/div>\n\t\t\t\t\t\t\t\t\t\t\t<div class=\"elementor-gallery-item__overlay\"><\/div>\n\t\t\t\t\t\t\t\t\t\t\t\t\t\t<\/a>\n\t\t\t\t\t<\/div>\n\t\t\t\t\t<\/div>\n\t\t\t\t<\/div>\n\t\t\t\t<\/div>\n\t\t<div class=\"elementor-element elementor-element-45c7091 e-con-full e-flex e-con e-child\" data-id=\"45c7091\" data-element_type=\"container\" data-e-type=\"container\">\n\t\t\t\t<div class=\"elementor-element elementor-element-a4f5f13 elementor-widget__width-initial elementor-widget elementor-widget-gallery\" data-id=\"a4f5f13\" data-element_type=\"widget\" data-e-type=\"widget\" data-settings=\"{&quot;columns&quot;:1,&quot;gallery_layout&quot;:&quot;masonry&quot;,&quot;gap&quot;:{&quot;unit&quot;:&quot;px&quot;,&quot;size&quot;:5,&quot;sizes&quot;:[]},&quot;lazyload&quot;:&quot;yes&quot;,&quot;columns_tablet&quot;:2,&quot;columns_mobile&quot;:1,&quot;gap_tablet&quot;:{&quot;unit&quot;:&quot;px&quot;,&quot;size&quot;:10,&quot;sizes&quot;:[]},&quot;gap_mobile&quot;:{&quot;unit&quot;:&quot;px&quot;,&quot;size&quot;:10,&quot;sizes&quot;:[]},&quot;link_to&quot;:&quot;file&quot;,&quot;overlay_background&quot;:&quot;yes&quot;,&quot;content_hover_animation&quot;:&quot;fade-in&quot;}\" data-widget_type=\"gallery.default\">\n\t\t\t\t<div class=\"elementor-widget-container\">\n\t\t\t\t\t\t\t<div class=\"elementor-gallery__container\">\n\t\t\t\t\t\t\t<a class=\"e-gallery-item elementor-gallery-item elementor-animated-content\" href=\"https:\/\/costablanca-magazin.com\/wp-content\/uploads\/2026\/05\/cartel_teatro_bienvenidos_a_bordo_page-0001_0.jpg\" data-elementor-open-lightbox=\"yes\" data-elementor-lightbox-slideshow=\"a4f5f13\" data-elementor-lightbox-title=\"cartel_teatro_bienvenidos_a_bordo_page-0001_0\" data-elementor-lightbox-description=\"Veranstaltungen Costa Blanca \u2013 Mai 2026  \" data-e-action-hash=\"#elementor-action%3Aaction%3Dlightbox%26settings%3DeyJpZCI6MTE1MDQsInVybCI6Imh0dHBzOlwvXC9jb3N0YWJsYW5jYS1tYWdhemluLmNvbVwvd3AtY29udGVudFwvdXBsb2Fkc1wvMjAyNlwvMDVcL2NhcnRlbF90ZWF0cm9fYmllbnZlbmlkb3NfYV9ib3Jkb19wYWdlLTAwMDFfMC5qcGciLCJzbGlkZXNob3ciOiJhNGY1ZjEzIn0%3D\">\n\t\t\t\t\t<div class=\"e-gallery-image elementor-gallery-item__image\" data-thumbnail=\"https:\/\/costablanca-magazin.com\/wp-content\/uploads\/2026\/05\/cartel_teatro_bienvenidos_a_bordo_page-0001_0-1086x1536.jpg\" data-width=\"1086\" data-height=\"1536\" aria-label=\"Evenementen Costa Blanca - Mei 2026\" role=\"img\" ><\/div>\n\t\t\t\t\t\t\t\t\t\t\t<div class=\"elementor-gallery-item__overlay\"><\/div>\n\t\t\t\t\t\t\t\t\t\t\t\t\t\t<\/a>\n\t\t\t\t\t\t\t<a class=\"e-gallery-item elementor-gallery-item elementor-animated-content\" href=\"https:\/\/costablanca-magazin.com\/wp-content\/uploads\/2026\/05\/CARTELES-PRESENTACIONES-IMPRIMIR_page-0001-1.jpg\" data-elementor-open-lightbox=\"yes\" data-elementor-lightbox-slideshow=\"a4f5f13\" data-elementor-lightbox-title=\"CARTELES PRESENTACIONES IMPRIMIR_page-0001 1\" data-elementor-lightbox-description=\"Veranstaltungen Costa Blanca \u2013 Mai 2026  \" data-e-action-hash=\"#elementor-action%3Aaction%3Dlightbox%26settings%3DeyJpZCI6MTE1MDUsInVybCI6Imh0dHBzOlwvXC9jb3N0YWJsYW5jYS1tYWdhemluLmNvbVwvd3AtY29udGVudFwvdXBsb2Fkc1wvMjAyNlwvMDVcL0NBUlRFTEVTLVBSRVNFTlRBQ0lPTkVTLUlNUFJJTUlSX3BhZ2UtMDAwMS0xLmpwZyIsInNsaWRlc2hvdyI6ImE0ZjVmMTMifQ%3D%3D\">\n\t\t\t\t\t<div class=\"e-gallery-image elementor-gallery-item__image\" data-thumbnail=\"https:\/\/costablanca-magazin.com\/wp-content\/uploads\/2026\/05\/CARTELES-PRESENTACIONES-IMPRIMIR_page-0001-1.jpg\" data-width=\"764\" data-height=\"1080\" aria-label=\"Evenementen Costa Blanca - Mei 2026\" role=\"img\" ><\/div>\n\t\t\t\t\t\t\t\t\t\t\t<div class=\"elementor-gallery-item__overlay\"><\/div>\n\t\t\t\t\t\t\t\t\t\t\t\t\t\t<\/a>\n\t\t\t\t\t\t\t<a class=\"e-gallery-item elementor-gallery-item elementor-animated-content\" href=\"https:\/\/costablanca-magazin.com\/wp-content\/uploads\/2026\/05\/Adobe-Express-file-1_0.jpg\" data-elementor-open-lightbox=\"yes\" data-elementor-lightbox-slideshow=\"a4f5f13\" data-elementor-lightbox-title=\"Adobe Express - file 1_0\" data-elementor-lightbox-description=\"Veranstaltungen Costa Blanca \u2013 Mai 2026  \" data-e-action-hash=\"#elementor-action%3Aaction%3Dlightbox%26settings%3DeyJpZCI6MTE0OTcsInVybCI6Imh0dHBzOlwvXC9jb3N0YWJsYW5jYS1tYWdhemluLmNvbVwvd3AtY29udGVudFwvdXBsb2Fkc1wvMjAyNlwvMDVcL0Fkb2JlLUV4cHJlc3MtZmlsZS0xXzAuanBnIiwic2xpZGVzaG93IjoiYTRmNWYxMyJ9\">\n\t\t\t\t\t<div class=\"e-gallery-image elementor-gallery-item__image\" data-thumbnail=\"https:\/\/costablanca-magazin.com\/wp-content\/uploads\/2026\/05\/Adobe-Express-file-1_0.jpg\" data-width=\"759\" data-height=\"1080\" aria-label=\"Evenementen Costa Blanca - Mei 2026\" role=\"img\" ><\/div>\n\t\t\t\t\t\t\t\t\t\t\t<div class=\"elementor-gallery-item__overlay\"><\/div>\n\t\t\t\t\t\t\t\t\t\t\t\t\t\t<\/a>\n\t\t\t\t\t\t\t<a class=\"e-gallery-item elementor-gallery-item elementor-animated-content\" href=\"https:\/\/costablanca-magazin.com\/wp-content\/uploads\/2026\/05\/DAVIDDOMINGUEZ.jpg\" data-elementor-open-lightbox=\"yes\" data-elementor-lightbox-slideshow=\"a4f5f13\" data-elementor-lightbox-title=\"DAVIDDOMINGUEZ\" data-elementor-lightbox-description=\"Veranstaltungen Costa Blanca \u2013 Mai 2026  \" data-e-action-hash=\"#elementor-action%3Aaction%3Dlightbox%26settings%3DeyJpZCI6MTE1MDYsInVybCI6Imh0dHBzOlwvXC9jb3N0YWJsYW5jYS1tYWdhemluLmNvbVwvd3AtY29udGVudFwvdXBsb2Fkc1wvMjAyNlwvMDVcL0RBVklERE9NSU5HVUVaLmpwZyIsInNsaWRlc2hvdyI6ImE0ZjVmMTMifQ%3D%3D\">\n\t\t\t\t\t<div class=\"e-gallery-image elementor-gallery-item__image\" data-thumbnail=\"https:\/\/costablanca-magazin.com\/wp-content\/uploads\/2026\/05\/DAVIDDOMINGUEZ.jpg\" data-width=\"1467\" data-height=\"1054\" aria-label=\"Evenementen Costa Blanca - Mei 2026\" role=\"img\" ><\/div>\n\t\t\t\t\t\t\t\t\t\t\t<div class=\"elementor-gallery-item__overlay\"><\/div>\n\t\t\t\t\t\t\t\t\t\t\t\t\t\t<\/a>\n\t\t\t\t\t\t\t<a class=\"e-gallery-item elementor-gallery-item elementor-animated-content\" href=\"https:\/\/costablanca-magazin.com\/wp-content\/uploads\/2026\/05\/5-Expo-trobades.jpg\" data-elementor-open-lightbox=\"yes\" data-elementor-lightbox-slideshow=\"a4f5f13\" data-elementor-lightbox-title=\"5-Expo trobades\" data-elementor-lightbox-description=\"Veranstaltungen Costa Blanca \u2013 Mai 2026  \" data-e-action-hash=\"#elementor-action%3Aaction%3Dlightbox%26settings%3DeyJpZCI6MTE0ODgsInVybCI6Imh0dHBzOlwvXC9jb3N0YWJsYW5jYS1tYWdhemluLmNvbVwvd3AtY29udGVudFwvdXBsb2Fkc1wvMjAyNlwvMDVcLzUtRXhwby10cm9iYWRlcy5qcGciLCJzbGlkZXNob3ciOiJhNGY1ZjEzIn0%3D\">\n\t\t\t\t\t<div class=\"e-gallery-image elementor-gallery-item__image\" data-thumbnail=\"https:\/\/costablanca-magazin.com\/wp-content\/uploads\/2026\/05\/5-Expo-trobades.jpg\" data-width=\"1080\" data-height=\"1350\" aria-label=\"Affiche voor Exposici\u00f3 Trobades 2026 met een kleurrijk cartoontafereel van mensen die aan een spandoek werken; de data van het evenement en de locatie worden getoond: Del 9 al 16 de maig, Casa de la cultura de D\u00e9nia.\" role=\"img\" ><\/div>\n\t\t\t\t\t\t\t\t\t\t\t<div class=\"elementor-gallery-item__overlay\"><\/div>\n\t\t\t\t\t\t\t\t\t\t\t\t\t\t<\/a>\n\t\t\t\t\t\t\t<a class=\"e-gallery-item elementor-gallery-item elementor-animated-content\" href=\"https:\/\/costablanca-magazin.com\/wp-content\/uploads\/2026\/05\/7-DAMA.jpg\" data-elementor-open-lightbox=\"yes\" data-elementor-lightbox-slideshow=\"a4f5f13\" data-elementor-lightbox-title=\"7- DAMA\" data-elementor-lightbox-description=\"Veranstaltungen Costa Blanca \u2013 Mai 2026  \" data-e-action-hash=\"#elementor-action%3Aaction%3Dlightbox%26settings%3DeyJpZCI6MTE0OTAsInVybCI6Imh0dHBzOlwvXC9jb3N0YWJsYW5jYS1tYWdhemluLmNvbVwvd3AtY29udGVudFwvdXBsb2Fkc1wvMjAyNlwvMDVcLzctREFNQS5qcGciLCJzbGlkZXNob3ciOiJhNGY1ZjEzIn0%3D\">\n\t\t\t\t\t<div class=\"e-gallery-image elementor-gallery-item__image\" data-thumbnail=\"https:\/\/costablanca-magazin.com\/wp-content\/uploads\/2026\/05\/7-DAMA.jpg\" data-width=\"1080\" data-height=\"1350\" aria-label=\"Evenementen Costa Blanca - Mei 2026\" role=\"img\" ><\/div>\n\t\t\t\t\t\t\t\t\t\t\t<div class=\"elementor-gallery-item__overlay\"><\/div>\n\t\t\t\t\t\t\t\t\t\t\t\t\t\t<\/a>\n\t\t\t\t\t<\/div>\n\t\t\t\t\t<\/div>\n\t\t\t\t<\/div>\n\t\t\t\t<\/div>\n\t\t<div class=\"elementor-element elementor-element-5819762 e-con-full e-flex e-con e-child\" data-id=\"5819762\" data-element_type=\"container\" data-e-type=\"container\">\n\t\t\t\t<div class=\"elementor-element elementor-element-6026773 elementor-widget elementor-widget-heading\" data-id=\"6026773\" data-element_type=\"widget\" data-e-type=\"widget\" data-widget_type=\"heading.default\">\n\t\t\t\t<div class=\"elementor-widget-container\">\n\t\t\t\t\t<h3 class=\"elementor-heading-title elementor-size-default\">Denia\n<\/h3>\t\t\t\t<\/div>\n\t\t\t\t<\/div>\n\t\t\t\t<div class=\"elementor-element elementor-element-b75019b elementor-widget__width-initial elementor-widget elementor-widget-text-editor\" data-id=\"b75019b\" data-element_type=\"widget\" data-e-type=\"widget\" data-widget_type=\"text-editor.default\">\n\t\t\t\t<div class=\"elementor-widget-container\">\n\t\t\t\t\t\t\t\t\t<p>02 mei, 20.00 - En Femen\u00ed: Femmes. Teatre Auditori. Spaanse dans en flamenco, choreografie: Pilar And\u00fajar. Het stuk schetst de ontwikkeling van Antonia Merc\u00e9 \u201eLa Argentina\u201c tot hedendaagse fla Duur: ongeveer 70 minuten, taal: Spaans. Toegangsprijs: 5 euro via <a href=\"http:\/\/www.notikumi.com\">www.notikumi.com<\/a> of bij de kassa een uur voor aanvang.<\/p><p>03 mei, tijd volgens inschrijving - Gezinsexcursie: Aventura a la Torre del Gerro. Trefpunt: Centrum voor het observeren van cetacis de les Rotes<br \/>Begeleide familieroute te voet door het zeereservaat bij Cap de Sant Antoni. Twee uur, vijf euro, aanbevolen vanaf acht jaar. Inschrijven voor donderdag 14.00 uur, per e-mail naar <a href=\"mailto:viuiconviu@ayto-denia.es\">viuiconviu@ayto-denia.es<\/a>. Voor iedereen die Les Rotes met uitleg wil zien in plaats van alleen een selfie.<\/p><p>07 t\/m 23 mei, 11.00-14.00 en 17.00-21.00 - Tentoonstelling: Batxillerat Art\u00edstic IES Historiador Chab\u00e0s. Casa de Cultura, Sala Gran. Jonge kunst uit D\u00e9nia: Leerlingen van het Artistiek Bachillerato aan het IES Historiador Chab\u00e0s tonen hun werk. Geopend op zaterdag van 10.00 tot 13.30 uur.<\/p><p>09 t\/m 16 mei, 11.00 tot 14.00 en 17.00 tot 21.00 - Tentoonstelling: Trobades Escolars. Casa de Cultura, Vest\u00edbul. Een schoolproject met ontmoetingen en veel lokaal talent: De kunsttentoonstelling wordt geopend op 9 mei om 11.00 uur. Geopend op zaterdag van 10.00 tot 13.30 uur.<\/p><p>09 mei, 20.00 - Voorjaarsconcert: Grup Polif\u00f2nic Cadenza<br \/>Teatre Auditori. De Grup Polif\u00f2nic Cadenza zingt onder leiding van Silvia Pe\u00f1a. Ook optredens van Abhisek Ghosh op gitaar en Vicent Sendra op piano. Toegang gratis zolang er plaatsen beschikbaar zijn.\u00a0<\/p><p>Tot 10 mei, 10.00 tot 14.00 en 16.00 tot 19.00 - Tentoonstelling: A\u00fan susurra tu jard\u00edn. Kunstcentrum l'Estaci\u00f3. Susana Garc\u00eda Ungo toont werken getiteld \u201eA\u00fan susurra tu jard\u00edn\u201c in het Centre d'Art l'Estaci\u00f3. Open op zondag van 9.00 tot 15.00 uur, gesloten op 1 mei.\u00a0\u00a0<\/p><p>15 mei, 20.00 - En Femen\u00ed: Tango en tiempo de mujer<br \/>Teatre Auditori. Tango met het oog op de rol van de vrouw - muzikaal, dansant en verhalend. Onder leiding van Mariano Otero, met Juan Esteban Cuacci op piano, Virginia Gonz\u00e1lez Leonhart op viool, zangeres Anal\u00eda Bueti en danseressen Rebeca N\u00fa\u00f1ez en B\u00e1rbara Palmer. Toegang via <a href=\"http:\/\/www.notikumi.com\">www.notikumi.com<\/a> of bij de kassa een uur voor aanvang.\u00a0<\/p><p>16 mei 2026, 12.00 tot 20.00 - DAMA: IV Festival D\u00e9nia d'Arts de Carrer\/Moviment\/Acci\u00f3. Marqu\u00e9s de Campo en Pla\u00e7a del Consell\u00a0<br \/>Straatkunst, beweging, dans en actie in het centrum van D\u00e9nia. DAMA brengt cultuur van het theater naar de straat - waar je niet van tevoren hoeft te fluisteren. Artistieke leiding: Fr\u00e1giles Danza. Georganiseerd en ondersteund door het Ajuntament de D\u00e9nia, Cultura.\u00a0<\/p><p>16 mei, t\/m 7 juni 10.00 tot 14.00 en 17.00 tot 20.00 - Tentoonstelling: Nueva Arqueolog\u00eda. Kunstcentrum l'Estaci\u00f3. Anton Gudzykevych toont \u201eNueva Arqueolog\u00eda\u201c. Opening is op 16 mei om 18.30 uur. Open op zon- en feestdagen van 9.00 tot 15.00 uur.<\/p><p>17 mei, 12.00 uur - Concert: Agrupaci\u00f3 Art\u00edstica Musical de D\u00e9nia<br \/>Teatre Auditori. Concert als onderdeel van de XXXI Campanya M\u00fasica as Pobles 2026. Toegang gratis op uitnodiging, reserveren via <a href=\"http:\/\/www.notikumi.com\">www.notikumi.com<\/a>. Overgebleven kaarten aan de kassa een uur voor aanvang. Brassmuziek met een lokaal tintje - en zonder grote woorden.\u00a0<\/p><p>22 mei, 19.00 - Boekpresentatie: Ac\u00fastica de hu\u00e9rfanos. Casa de Cultura.<br \/>Eugenia S\u00e1nchez presenteert haar boek \u201eAc\u00fastica de hu\u00e9rfanos\u201c. Francisco Cejudo presenteert, Esteban Ferre begeleidt muzikaal. Georganiseerd door Poetes per la cultura. Toegang gratis tot de zaal vol is.\u00a0<\/p><p>23 mei, 20:00 - Voorjaarsconcert: Orfe\u00f3 de D\u00e9nia. Teatre Auditori. Het Orfe\u00f3 de D\u00e9nia geeft zijn voorjaarsconcert in het Teatre Auditori. Gratis toegang, zolang er plaatsen beschikbaar zijn. Een klassieke datum op de kalender - en meestal beter bezocht dan je kunt plannen voor \u201egratis toegang\u201c.<\/p><p>28 mei t\/m 6 juni, 11.00-14.00 en 17.00-21.00 - Tentoonstelling: Reinterpretaci\u00f3 de l'obra de Toni Ortol\u00e0. Casa de Cultura, Vest\u00edbul. De EPA D\u00e9nia toont werken die het werk van Toni Ortol\u00e0 herinterpreteren. Opening op 28 mei om 19.00 uur. Geopend op zaterdag van 10.00 tot 13.30 uur.<\/p><p>28 mei tot 13 juni, 11.00 tot 14.00 en 17.00 tot 21.00 - Tentoonstelling: Errancias. Casa de Cultura, Sala Gran. Ram\u00f3n Puig de la Bellacasa Alberola presenteert \u201eErrancias\u201c in de Sala Gran. Opening is op 28 mei om 19.00 uur. Geopend op zaterdag van 10.00 tot 13.30 uur.<\/p><p>30 mei, 20.00 - En Femen\u00ed: Menospausia. Teatre Auditori. Theater van Cia Bestreta met Arantxa Gonz\u00e1lez en Amparo Oltra. Twee dames, een bruiloft, veel organisatie en waarschijnlijk meer zenuwen dan rijst op het kerkplein. Uitgevoerd in het Spaans\/Valenciaans. Toegang via <a href=\"http:\/\/www.notikumi.com\">www.notikumi.com<\/a> of bij de kassa een uur voor aanvang.<\/p><p>31 mei, tijd volgens inschrijving - Familie-uitje: Descobrint les Rotes en kajak. Verzamelpunt: C\/ F\u00e9nix, einde van de Marineta. Familieroute in een kajak langs de rotskust van Les Rotes. Vier uur, vijf euro, aanbevolen vanaf acht jaar. Uitrusting bij het startpunt, met uitleg over verhalen en legendes onderweg. Inschrijven voor donderdag 14.00 uur, per e-mail naar viuiconviu@ayto-denia.es.<\/p><p>31 mei, 19.00 - Concert\/Dans: Jove Ballet de la Marina. Teatre Auditori. Klassieke en hedendaagse dans met het Jove Ballet de la Marina. Toegang via <a href=\"http:\/\/www.notikumi.com\">www.notikumi.com<\/a> of aan de kassa een uur voor aanvang. Een maandelijkse finale met beweging in plaats van een slotakkoord.<\/p>\t\t\t\t\t\t\t\t<\/div>\n\t\t\t\t<\/div>\n\t\t\t\t<div class=\"elementor-element elementor-element-ba435a6 elementor-widget elementor-widget-heading\" data-id=\"ba435a6\" data-element_type=\"widget\" data-e-type=\"widget\" data-widget_type=\"heading.default\">\n\t\t\t\t<div class=\"elementor-widget-container\">\n\t\t\t\t\t<h3 class=\"elementor-heading-title elementor-size-default\">Benidorm<\/h3>\t\t\t\t<\/div>\n\t\t\t\t<\/div>\n\t\t\t\t<div class=\"elementor-element elementor-element-9ee539a elementor-widget__width-initial elementor-widget elementor-widget-text-editor\" data-id=\"9ee539a\" data-element_type=\"widget\" data-e-type=\"widget\" data-widget_type=\"text-editor.default\">\n\t\t\t\t<div class=\"elementor-widget-container\">\n\t\t\t\t\t\t\t\t\t<p>05 mei, 12.00 - Tentoonstelling: Vamos a la Playa. Espai d'Art, Ayuntamiento de Benidorm. Victoria Udalova laat schilderijen zien over de zee, het strand en het zomerlicht - geen ligstoelprogramma, maar een artistieke kijk op wat er voor de deur van Benidorm te zien is. De tentoonstelling loopt van 5 tot 15 mei.<\/p><p>05 mei, 19.00 - Boekpresentatie: C\u00edrculo Cerrado. C.M. El Torrej\u00f3, Plaza Canalejas, Benidorm. Julio Pavanetti presenteert zijn nieuwe boek \u201eC\u00edrculo Cerrado\u201c. De avond wordt gepresenteerd door de dichter Francisco Cejudo, met muzikale begeleiding van Carlos Eduardo Mu\u00f1oz Clavijo. Literatuur ontmoet singer-songwriter - Benidorm kan meer dan alleen grote podia en luidruchtige promenades.<\/p><p>10 tot 16 mei, vanaf 12.00 uur - Mundiavocat: Wereldkampioenschap voetbal voor advocaten. Ciudad Deportiva Guillermo Amor en Campos Antonio L\u00f3pez Guerrero. Advocaten in truien in plaats van pakken: de Wereldbeker voetbal voor advocaten wordt gehouden in Benidorm. <br \/>De openingsceremonie vindt plaats op 10 mei om 10.30 uur in het Auditorio \u00d3scar Espl\u00e1 in het Parque de l'Aig\u00fcera. Om 12.00 uur begint de wedstrijd op de voetbalvelden van de stad.<\/p><p>14 mei, 19.00 - Boekpresentatie: Polvo de \u00c1nima y otros poemas. Biblioteca Central de Benidorm. Pablo Jankovich Ramos presenteert zijn dichtbundel \u201ePolvo de \u00c1nima y otros poemas\u201c. Een avond voor iedereen die po\u00ebzie niet ziet als verplicht lezen, maar als een korte onderbreking van het normale wekelijkse ritme.<\/p><p>17 mei, 20.00 - Theater: Paloma San Basilio - Dulcinea. Cultureel centrum van Benidorm. Paloma San Basilio komt naar Benidorm met \u201eDulcinea\u201c. Het stuk geeft een bekend literair personage haar eigen stem - met muziek, theater en een toneeldame die weet hoe ze een publiek moet vasthouden. Muzikale leiding: Julio Awad, regie: Juan Carlos Rubio. Kaarten zijn verkrijgbaar bij Vivaticket of de Concejal\u00eda de Cultura.<\/p><p>18 t\/m 29 mei, 11.00 uur - Tentoonstelling: CHO-KOLLAGES. Espai d'Art, Ayuntamiento de Benidorm. Juana Mart\u00ednez V\u00e1zquez toont met \u201eCHO-KOLLAGES\u201c een werk tussen collage, materiaal en kleur. De tentoonstelling loopt van 18 tot 29 mei. De opening is op 19 mei om 11.00 uur. Alledaagse materialen maken hier hun tweede opwachting - deze keer niet in de kast, maar aan de muur.<\/p>\t\t\t\t\t\t\t\t<\/div>\n\t\t\t\t<\/div>\n\t\t\t\t<\/div>\n\t\t\t\t\t<\/div>\n\t\t\t\t<\/div>\n\t\t<div class=\"elementor-element elementor-element-b4b88fd e-flex e-con-boxed e-con e-parent\" data-id=\"b4b88fd\" data-element_type=\"container\" data-e-type=\"container\">\n\t\t\t\t\t<div class=\"e-con-inner\">\n\t\t<div class=\"elementor-element elementor-element-714d34b e-con-full e-flex e-con e-child\" data-id=\"714d34b\" data-element_type=\"container\" data-e-type=\"container\">\n\t\t\t\t<div class=\"elementor-element elementor-element-04b6c50 elementor-widget elementor-widget-heading\" data-id=\"04b6c50\" data-element_type=\"widget\" data-e-type=\"widget\" data-widget_type=\"heading.default\">\n\t\t\t\t<div class=\"elementor-widget-container\">\n\t\t\t\t\t<h3 class=\"elementor-heading-title elementor-size-default\">Alicante<\/h3>\t\t\t\t<\/div>\n\t\t\t\t<\/div>\n\t\t\t\t<div class=\"elementor-element elementor-element-dac700d elementor-widget__width-initial elementor-widget elementor-widget-text-editor\" data-id=\"dac700d\" data-element_type=\"widget\" data-e-type=\"widget\" data-widget_type=\"text-editor.default\">\n\t\t\t\t<div class=\"elementor-widget-container\">\n\t\t\t\t\t\t\t\t\t<p>Tot 3 mei - JazzDay Alicante. Alicante, verschillende locaties \/ Afsluiting in het Teatro Principal. Er is een programma van bijna twintig activiteiten rond de Internationale Jazzdag. Jazz is niet alleen achtergrondmuziek, maar het gesprek van de dag.<\/p><p>03 mei, 12.00 uur - Concert door de Banda Sinf\u00f3nica Municipal de Alicante <br \/>ADDA - Auditorio de la Diputaci\u00f3n de Alicante. De Banda Sinf\u00f3nica Municipal speelt met als solisten David Mart\u00edn Mar\u00edn op tuba en Pablo Mart\u00ednez del Cerro op bombardino. Klassieke muziek tijdens de lunch - zonder poespas, maar met een goed geluid.<\/p><p>06 mei, 18.30 - Audici\u00f3n de alumnos del Conservatorio \u00d3scar Espl\u00e1 <br \/>Caja Negra, Cultureel Centrum Las Cigarreras. Leerlingen van het Conservatorio \u00d3scar Espl\u00e1 tonen hun vaardigheden met koperblaasinstrumenten en percussie. Gratis toegang tot de zaal.<\/p><p>06 t\/m 10 mei - Feria del Libro de Alicante. Espacio S\u00e9neca, Alicante, Ongeveer dertig stands en meer dan 200 activiteiten: signeersessies, bijeenkomsten, lezingen en programma's voor verschillende leeftijdsgroepen. Voor iedereen die niet alleen boeken wil kopen, maar er ook over wil discussi\u00ebren.<\/p><p>07 t\/m 10 mei - A contraluz. Muestra de cine in\u00e9dito. Alicante \/ Cultureel Centrum Las Cigarreras. De filmserie is gewijd aan minder bekende cinema. Het programma begint op 7 mei om 20:00 uur met een discussie over film en meditatie met David Victori; vanaf 8 mei volgen er meer vertoningen in de Caja Negra.<\/p><p>08 t\/m 09 mei, 18.30 uur - Cultura en Barrios: Obras maestras del cine universal. Alicante, wijkprogramma \/ locatie volgens programma. Klassiekers uit de internationale cinema met een sociale invalshoek, inclusief komedie en drama. De films worden niet alleen vertoond, maar ook besproken.<\/p><p>08 t\/m 09 mei, 18.30 uur - Cultura en Barrios: Trenzando cuentos <br \/>Alicante, wijkprogramma \/ locatie volgens programma. Miguel \u00c1ngel Montilla vertelt verhalen met een po\u00ebtisch geheugen en een flair voor het mondelinge. Goede verhalen hebben geen groot podium nodig, maar aandachtige luisteraars.<\/p><p>Tot 10 mei - Tentoonstelling \u201eUna mirada, una emoci\u00f3n\u201c Sala de Exposiciones de La Lonja del Pescado, Alicante. De tentoonstelling toont werken van het XIV Certamen Nacional en het XI Certamen Internacional de Pintura \u201eMiradas\u201c georganiseerd door de Fundaci\u00f3n Jorge Ali\u00f3 para la Prevenci\u00f3n de la Ceguera. Kunst met een duidelijke achtergrond: zien, waarnemen en de waarde van de blik.<\/p><p>15 mei, 21.00 - Dubbelconcert: This House en Disciplina Limitar <br \/>Caja Negra, Cultureel Centrum Las Cigarreras. This House met G.W. Sok, Ignacio Cordoba, S\u00f8ren H\u00f8i en Kristian Tangvik presenteren hun album \u201eSoft Rains Will Come\u201c. Disciplina Limitar zal ook spelen. Toegangsprijs: 8\/10 euro, te koop aan de kassa.<\/p><p>Tot 23 mei, 10.00 tot 21.30 - Tentoonstelling \u201eLa firmeza de un instante\u201c. Caja Blanca, Cultureel Centrum Las Cigarreras. Jes\u00fas Madri\u00f1\u00e1n toont centraal fotografisch werk. Een formaat voor iedereen die portretten, licht en het heden niet als aparte dingen ziet.<\/p><p>Tot 24 mei - Tentoonstelling \u201eTestimonio documental de \u00d3scar Espl\u00e1 y Emilio Varela\u201c. Gemeentearchief van Alicante. In het kader van het A\u00f1o Varela-Espl\u00e1 toont het Gemeentearchief documenten met betrekking tot \u00d3scar Espl\u00e1 en Emilio Varela. Cultuurgeschiedenis uit Alicante, rustig, maar zeker productief.<\/p><p>Van 24 april tot 31 mei - Tentoonstelling \u201eLa balada de Hugo Pratt\u201c.\u201c <br \/>Espacio S\u00e9neca, Alicante. De Espacio S\u00e9neca wijdt een tentoonstelling aan de Italiaanse tekenaar Hugo Pratt. Voor iedereen die strips nog nooit als bijvak heeft gezien.<\/p><p>Van 30 april tot 26 juni, 20:00 - Poetry Slam Alicante. Cultureel centrum Las Cigarreras. Tijdens het VII Torneo Poetry Slam Alicante wordt taal een podiumkwestie. Een paar minuten, directe impact, en aan het eind heeft het publiek het voor het zeggen.<\/p><p>Van 10 april tot 22 augustus - Tentoonstelling \u201eLa romer\u00eda de los cornudos\u201c.\u201c <br \/>Alicante, tentoonstellingslocatie volgens het programma. Uitgangspunt is het gelijknamige ballet van Garc\u00eda Lorca en Rivas Cherif uit 1933, dat aanleiding geeft tot een eigenzinnige verkenning van Romer\u00eda del Roc\u00edo en Do\u00f1ana - via video, dans, muziek en kostuums. Geen folkloredecoratie, maar kunst met wrijving<\/p>\t\t\t\t\t\t\t\t<\/div>\n\t\t\t\t<\/div>\n\t\t\t\t<div class=\"elementor-element elementor-element-5725728 elementor-widget elementor-widget-heading\" data-id=\"5725728\" data-element_type=\"widget\" data-e-type=\"widget\" data-widget_type=\"heading.default\">\n\t\t\t\t<div class=\"elementor-widget-container\">\n\t\t\t\t\t<h3 class=\"elementor-heading-title elementor-size-default\">Torrevieja<\/h3>\t\t\t\t<\/div>\n\t\t\t\t<\/div>\n\t\t\t\t<div class=\"elementor-element elementor-element-9aad2bb elementor-widget__width-initial elementor-widget elementor-widget-text-editor\" data-id=\"9aad2bb\" data-element_type=\"widget\" data-e-type=\"widget\" data-widget_type=\"text-editor.default\">\n\t\t\t\t<div class=\"elementor-widget-container\">\n\t\t\t\t\t\t\t\t\t<p>03 mei, 19.00 - PANGEA: Abraham Cupeiro &amp; Orquesta Arnova Ensemble <br \/>Auditorio Internacional de Torrevieja. Historische instrumenten, groot orkest, veel geluid: Abraham Cupeiro en het Arnova Ensemble brengen een concert dat niet klinkt als een standaardprogramma.<\/p><p>05 mei, 19.30 uur - Vespro della Beata Vergine van Claudio Monteverdi <br \/>Auditorio Internacional de Torrevieja. De Capella de Ministrers onder leiding van Carles Magraner is gewijd aan Monteverdi. Oude muziek, geweldige stemmen, geconcentreerde sfeer - geen avond om in het voorbijgaan naar te luisteren.<\/p><p>07 tot 10 mei, vanaf 12.00 uur - Feria de Mayo Torrevieja, Parque Antonio Soria, Torrevieja. Vier dagen lang wordt het plein een ontmoetingsplaats met Andalusische ritmes: casetas, sevillanas, flamenco, paarden,... De Feria is een festival dat de menigte snel in beweging krijgt. Het festival heeft zijn wortels in de Andalusische feria-traditie, maar in Torrevieja is het veel opener en toegankelijker dan zijn grote voorbeeld in Sevilla. De casetas zijn ontmoetingsplaatsen, geen gesloten genootschappen. Het festival wordt vooral levendig in de vroege avond. Dan stromen de straten vol, wordt de muziek luider, gaan de lichten aan en krijgt de feria een tweede karakter: minder familiemiddag, meer Spaanse feestavond. Als je de volledige feria wilt meemaken, kom dan op vrijdag of zaterdag na 21.00 uur.<\/p><p>Let op! Parkeren rond de camping kan moeilijk zijn op de hoofdavonden. Kom vroeg, parkeer iets verder weg of neem een taxi. Contant geld is ook handig, want kaartbetalingen worden niet overal geaccepteerd.<\/p><p>09 mei, 19.00 - Gala D\u00eda de Europa. Auditorio Internacional de Torrevieja. Dag van Europa in het Auditorio: In Torrevieja, waar veel Europese inwoners wonen, is dit niet zomaar een protocollaire gebeurtenis, maar een avond met een internationaal publiek.<\/p><p>10 mei, 12.00 uur - Casanovas Orquesta: Un Conciertazo para Todos <br \/>Gemeentelijk theater van Torrevieja. Concert rond lunchtijd, uitdrukkelijk bedoeld voor iedereen. Het Casanovas Orquesta concentreert zich op momentum in plaats van stijve zondagse plichten.<\/p><p>14 mei, 20.00 - Sabor &amp; Cultura. Gemeentelijk theater van Torrevieja. Gastronomie ontmoet cultuur. Een avond die niet alleen over het podium gaat, maar ook over hoe Torrevieja genieten en programma samenbrengt.<\/p><p>16 mei, 20.00 - Los Salerosos: El Gran Guateque - M\u00fasica para Bailar <br \/>Gemeentelijk theater van Torrevieja. De titel zet de toon: Dansmuziek, herinneringen aan geweldige dansavonden en een guateque die niet gemaakt is om stil te zitten.<\/p><p>17 mei, 12.00 uur - UMT &amp; Johan de Meij. Gemeentelijk theater van Torrevieja. <br \/>De Uni\u00f3n Musical Torrevejense ontmoet Johan de Meij. Lokaal ensemble, internationale naam - een concert met meer gewicht dan alleen zondagse muziek.<\/p><p>23 mei, 19.00 - OST: Brahms. Auditorio Internacional de Torrevieja. Het Orquesta Sinf\u00f3nica de Torrevieja wijdt zich aan Brahms. Groot geluid, helder kader, een programma zonder overbodige effecten.<\/p><p>23 mei, 20.00 - Theater: Mitad y Mitad. Gemeentelijk theater van Torrevieja <br \/>Theater in plaats van symfonie\u00ebn: \u201eMitad y Mitad\u201c staat die avond op het programma in het Teatro Municipal. Torrevieja maakt de keuze er niet makkelijker op.<\/p><p>24 mei, 20.00 - Theater: Mejor no decirlo. Gemeentelijk theater van Torrevieja. <br \/>Soms zit de halve clou in de titel. \u201eMejor no decirlo\u201c klinkt als theater waarin niet alles gezegd hoeft te worden.<\/p><p>29 mei, 20.30 - David Dom\u00ednguez: El raro de los 90\u2019s. Auditorio Internacional de Torrevieja. Een mon\u00f3logo voor iedereen die de jaren 90 niet alleen heeft meegemaakt, maar ook heeft overleefd. David Dom\u00ednguez blikt terug - eigenzinnig, direct en zeer herkenbaar.<\/p><p>30 mei, 9.30 uur - Competici\u00f3n Nacional de Artes Esc\u00e9nicas <br \/>Gemeentelijk theater van Torrevieja. Vroege start, veel podium: de nationale competitie laat dans, expressie en jong talent zien. Een datum voor iedereen die wil zien wat er gebeurt in de sector van jong talent.<\/p><p>31 mei, 18.00 - El Mago Invisible: Nada es lo que parece. Locatie niet gespecificeerd. Magie aan het einde van de maand. \u201eNada es lo que parece\u201c belooft illusie, verrassing en waarschijnlijk een paar zeer sceptische blikken van het publiek.<\/p>\t\t\t\t\t\t\t\t<\/div>\n\t\t\t\t<\/div>\n\t\t\t\t<\/div>\n\t\t<div class=\"elementor-element elementor-element-1497975 e-con-full e-flex e-con e-child\" data-id=\"1497975\" data-element_type=\"container\" data-e-type=\"container\">\n\t\t\t\t<div class=\"elementor-element elementor-element-c9f8b51 elementor-widget__width-initial elementor-widget elementor-widget-gallery\" data-id=\"c9f8b51\" data-element_type=\"widget\" data-e-type=\"widget\" data-settings=\"{&quot;columns&quot;:1,&quot;gallery_layout&quot;:&quot;masonry&quot;,&quot;gap&quot;:{&quot;unit&quot;:&quot;px&quot;,&quot;size&quot;:5,&quot;sizes&quot;:[]},&quot;lazyload&quot;:&quot;yes&quot;,&quot;columns_tablet&quot;:2,&quot;columns_mobile&quot;:1,&quot;gap_tablet&quot;:{&quot;unit&quot;:&quot;px&quot;,&quot;size&quot;:10,&quot;sizes&quot;:[]},&quot;gap_mobile&quot;:{&quot;unit&quot;:&quot;px&quot;,&quot;size&quot;:10,&quot;sizes&quot;:[]},&quot;link_to&quot;:&quot;file&quot;,&quot;overlay_background&quot;:&quot;yes&quot;,&quot;content_hover_animation&quot;:&quot;fade-in&quot;}\" data-widget_type=\"gallery.default\">\n\t\t\t\t<div class=\"elementor-widget-container\">\n\t\t\t\t\t\t\t<div class=\"elementor-gallery__container\">\n\t\t\t\t\t\t\t<a class=\"e-gallery-item elementor-gallery-item elementor-animated-content\" href=\"https:\/\/costablanca-magazin.com\/wp-content\/uploads\/2026\/05\/fla-cartel-2026.jpg\" data-elementor-open-lightbox=\"yes\" data-elementor-lightbox-slideshow=\"c9f8b51\" data-elementor-lightbox-title=\"fla-cartel-2026\" data-elementor-lightbox-description=\"Veranstaltungen Costa Blanca \u2013 Mai 2026  \" data-e-action-hash=\"#elementor-action%3Aaction%3Dlightbox%26settings%3DeyJpZCI6MTE1MDgsInVybCI6Imh0dHBzOlwvXC9jb3N0YWJsYW5jYS1tYWdhemluLmNvbVwvd3AtY29udGVudFwvdXBsb2Fkc1wvMjAyNlwvMDVcL2ZsYS1jYXJ0ZWwtMjAyNi5qcGciLCJzbGlkZXNob3ciOiJjOWY4YjUxIn0%3D\">\n\t\t\t\t\t<div class=\"e-gallery-image elementor-gallery-item__image\" data-thumbnail=\"https:\/\/costablanca-magazin.com\/wp-content\/uploads\/2026\/05\/fla-cartel-2026-1317x2048.jpg\" data-width=\"1317\" data-height=\"2048\" aria-label=\"Evenementen Costa Blanca - Mei 2026\" role=\"img\" ><\/div>\n\t\t\t\t\t\t\t\t\t\t\t<div class=\"elementor-gallery-item__overlay\"><\/div>\n\t\t\t\t\t\t\t\t\t\t\t\t\t\t<\/a>\n\t\t\t\t\t\t\t<a class=\"e-gallery-item elementor-gallery-item elementor-animated-content\" href=\"https:\/\/costablanca-magazin.com\/wp-content\/uploads\/2026\/05\/imagen-la-Ternura-768x512-1.webp\" data-elementor-open-lightbox=\"yes\" data-elementor-lightbox-slideshow=\"c9f8b51\" data-elementor-lightbox-title=\"imagen-la-TVeranstaltungen Costa Blanca \u2013 Mai 2026  ernura-768x512\" data-elementor-lightbox-description=\"Veranstaltungen Costa Blanca \u2013 Mai 2026  \" data-e-action-hash=\"#elementor-action%3Aaction%3Dlightbox%26settings%3DeyJpZCI6MTE1MTEsInVybCI6Imh0dHBzOlwvXC9jb3N0YWJsYW5jYS1tYWdhemluLmNvbVwvd3AtY29udGVudFwvdXBsb2Fkc1wvMjAyNlwvMDVcL2ltYWdlbi1sYS1UZXJudXJhLTc2OHg1MTItMS53ZWJwIiwic2xpZGVzaG93IjoiYzlmOGI1MSJ9\">\n\t\t\t\t\t<div class=\"e-gallery-image elementor-gallery-item__image\" data-thumbnail=\"https:\/\/costablanca-magazin.com\/wp-content\/uploads\/2026\/05\/imagen-la-Ternura-768x512-1.webp\" data-width=\"768\" data-height=\"512\" aria-label=\"Evenementen Costa Blanca - Mei 2026\" role=\"img\" ><\/div>\n\t\t\t\t\t\t\t\t\t\t\t<div class=\"elementor-gallery-item__overlay\"><\/div>\n\t\t\t\t\t\t\t\t\t\t\t\t\t\t<\/a>\n\t\t\t\t\t\t\t<a class=\"e-gallery-item elementor-gallery-item elementor-animated-content\" href=\"https:\/\/costablanca-magazin.com\/wp-content\/uploads\/2026\/05\/romeria.png\" data-elementor-open-lightbox=\"yes\" data-elementor-lightbox-slideshow=\"c9f8b51\" data-elementor-lightbox-title=\"Veranstaltungen Costa Blanca \u2013 Mai 2026\" data-elementor-lightbox-description=\"Veranstaltungen Costa Blanca \u2013 Mai 2026  \" data-e-action-hash=\"#elementor-action%3Aaction%3Dlightbox%26settings%3DeyJpZCI6MTE1MTcsInVybCI6Imh0dHBzOlwvXC9jb3N0YWJsYW5jYS1tYWdhemluLmNvbVwvd3AtY29udGVudFwvdXBsb2Fkc1wvMjAyNlwvMDVcL3JvbWVyaWEucG5nIiwic2xpZGVzaG93IjoiYzlmOGI1MSJ9\">\n\t\t\t\t\t<div class=\"e-gallery-image elementor-gallery-item__image\" data-thumbnail=\"https:\/\/costablanca-magazin.com\/wp-content\/uploads\/2026\/05\/romeria.png\" data-width=\"300\" data-height=\"200\" aria-label=\"Evenementen Costa Blanca - Mei 2026\" role=\"img\" ><\/div>\n\t\t\t\t\t\t\t\t\t\t\t<div class=\"elementor-gallery-item__overlay\"><\/div>\n\t\t\t\t\t\t\t\t\t\t\t\t\t\t<\/a>\n\t\t\t\t\t\t\t<a class=\"e-gallery-item elementor-gallery-item elementor-animated-content\" href=\"https:\/\/costablanca-magazin.com\/wp-content\/uploads\/2026\/05\/Kraken.jpg\" data-elementor-open-lightbox=\"yes\" data-elementor-lightbox-slideshow=\"c9f8b51\" data-elementor-lightbox-title=\"Kraken\" data-elementor-lightbox-description=\"Veranstaltungen Costa Blanca \u2013 Mai 2026  \" data-e-action-hash=\"#elementor-action%3Aaction%3Dlightbox%26settings%3DeyJpZCI6MTE1MTIsInVybCI6Imh0dHBzOlwvXC9jb3N0YWJsYW5jYS1tYWdhemluLmNvbVwvd3AtY29udGVudFwvdXBsb2Fkc1wvMjAyNlwvMDVcL0tyYWtlbi5qcGciLCJzbGlkZXNob3ciOiJjOWY4YjUxIn0%3D\">\n\t\t\t\t\t<div class=\"e-gallery-image elementor-gallery-item__image\" data-thumbnail=\"https:\/\/costablanca-magazin.com\/wp-content\/uploads\/2026\/05\/Kraken.jpg\" data-width=\"735\" data-height=\"1056\" aria-label=\"Evenementen Costa Blanca - Mei 2026\" role=\"img\" ><\/div>\n\t\t\t\t\t\t\t\t\t\t\t<div class=\"elementor-gallery-item__overlay\"><\/div>\n\t\t\t\t\t\t\t\t\t\t\t\t\t\t<\/a>\n\t\t\t\t\t\t\t<a class=\"e-gallery-item elementor-gallery-item elementor-animated-content\" href=\"https:\/\/costablanca-magazin.com\/wp-content\/uploads\/2026\/05\/3-Expo-Aun-susurra-tu-jardin-Fins-al-10.jpg\" data-elementor-open-lightbox=\"yes\" data-elementor-lightbox-slideshow=\"c9f8b51\" data-elementor-lightbox-title=\"3- Expo Aun susurra tu jard\u00edn Fins al 10\" data-elementor-lightbox-description=\"Veranstaltungen Costa Blanca \u2013 Mai 2026  \" data-e-action-hash=\"#elementor-action%3Aaction%3Dlightbox%26settings%3DeyJpZCI6MTE0ODcsInVybCI6Imh0dHBzOlwvXC9jb3N0YWJsYW5jYS1tYWdhemluLmNvbVwvd3AtY29udGVudFwvdXBsb2Fkc1wvMjAyNlwvMDVcLzMtRXhwby1BdW4tc3VzdXJyYS10dS1qYXJkaW4tRmlucy1hbC0xMC5qcGciLCJzbGlkZXNob3ciOiJjOWY4YjUxIn0%3D\">\n\t\t\t\t\t<div class=\"e-gallery-image elementor-gallery-item__image\" data-thumbnail=\"https:\/\/costablanca-magazin.com\/wp-content\/uploads\/2026\/05\/3-Expo-Aun-susurra-tu-jardin-Fins-al-10.jpg\" data-width=\"1080\" data-height=\"1350\" aria-label=\"Expositiekarton: &#039;A\u00daN SUSURRA TU JARD\u00cdN&#039; van Susana Garc\u00eda Ungo, met een collage van abstracte bloemenafbeeldingen in rosa, azul en pastel.\" role=\"img\" ><\/div>\n\t\t\t\t\t\t\t\t\t\t\t<div class=\"elementor-gallery-item__overlay\"><\/div>\n\t\t\t\t\t\t\t\t\t\t\t\t\t\t<\/a>\n\t\t\t\t\t\t\t<a class=\"e-gallery-item elementor-gallery-item elementor-animated-content\" href=\"https:\/\/costablanca-magazin.com\/wp-content\/uploads\/2026\/05\/5instagram-story.jpg\" data-elementor-open-lightbox=\"yes\" data-elementor-lightbox-slideshow=\"c9f8b51\" data-elementor-lightbox-title=\"5instagram-story\" data-elementor-lightbox-description=\"Veranstaltungen Costa Blanca \u2013 Mai 2026  \" data-e-action-hash=\"#elementor-action%3Aaction%3Dlightbox%26settings%3DeyJpZCI6MTE0ODksInVybCI6Imh0dHBzOlwvXC9jb3N0YWJsYW5jYS1tYWdhemluLmNvbVwvd3AtY29udGVudFwvdXBsb2Fkc1wvMjAyNlwvMDVcLzVpbnN0YWdyYW0tc3RvcnkuanBnIiwic2xpZGVzaG93IjoiYzlmOGI1MSJ9\">\n\t\t\t\t\t<div class=\"e-gallery-image elementor-gallery-item__image\" data-thumbnail=\"https:\/\/costablanca-magazin.com\/wp-content\/uploads\/2026\/05\/5instagram-story-1152x2048.jpg\" data-width=\"1152\" data-height=\"2048\" aria-label=\"Affiche ter promotie van een tentoonstelling getiteld &#039;LAS CIGARRERAS&#039; van Jes\u00fas Madri\u00f1\u00e1n (21\/02-23\/05). Met links een close-up selfie van twee jongeren en rechts een beschrijvende tekst met logo&#039;s.\" role=\"img\" ><\/div>\n\t\t\t\t\t\t\t\t\t\t\t<div class=\"elementor-gallery-item__overlay\"><\/div>\n\t\t\t\t\t\t\t\t\t\t\t\t\t\t<\/a>\n\t\t\t\t\t\t\t<a class=\"e-gallery-item elementor-gallery-item elementor-animated-content\" href=\"https:\/\/costablanca-magazin.com\/wp-content\/uploads\/2026\/05\/El-diablo-viste-de-.jpg\" data-elementor-open-lightbox=\"yes\" data-elementor-lightbox-slideshow=\"c9f8b51\" data-elementor-lightbox-title=\"El-diablo-viste-de-\" data-elementor-lightbox-description=\"#image_title\" data-e-action-hash=\"#elementor-action%3Aaction%3Dlightbox%26settings%3DeyJpZCI6MTE1MDcsInVybCI6Imh0dHBzOlwvXC9jb3N0YWJsYW5jYS1tYWdhemluLmNvbVwvd3AtY29udGVudFwvdXBsb2Fkc1wvMjAyNlwvMDVcL0VsLWRpYWJsby12aXN0ZS1kZS0uanBnIiwic2xpZGVzaG93IjoiYzlmOGI1MSJ9\">\n\t\t\t\t\t<div class=\"e-gallery-image elementor-gallery-item__image\" data-thumbnail=\"https:\/\/costablanca-magazin.com\/wp-content\/uploads\/2026\/05\/El-diablo-viste-de-.jpg\" data-width=\"736\" data-height=\"920\" aria-label=\"\" role=\"img\" ><\/div>\n\t\t\t\t\t\t\t\t\t\t\t<div class=\"elementor-gallery-item__overlay\"><\/div>\n\t\t\t\t\t\t\t\t\t\t\t\t\t\t<\/a>\n\t\t\t\t\t<\/div>\n\t\t\t\t\t<\/div>\n\t\t\t\t<\/div>\n\t\t\t\t<\/div>\n\t\t\t\t\t<\/div>\n\t\t\t\t<\/div>\n\t\t<div class=\"elementor-element elementor-element-902656d e-flex e-con-boxed e-con e-parent\" data-id=\"902656d\" data-element_type=\"container\" data-e-type=\"container\">\n\t\t\t\t\t<div class=\"e-con-inner\">\n\t\t\t\t<div class=\"elementor-element elementor-element-62ef34c elementor-share-buttons--view-icon elementor-share-buttons--skin-gradient elementor-share-buttons--shape-square elementor-grid-0 elementor-share-buttons--color-official elementor-widget elementor-widget-share-buttons\" data-id=\"62ef34c\" data-element_type=\"widget\" data-e-type=\"widget\" data-widget_type=\"share-buttons.default\">\n\t\t\t\t<div class=\"elementor-widget-container\">\n\t\t\t\t\t\t\t<div class=\"elementor-grid\" role=\"list\">\n\t\t\t\t\t\t\t\t<div class=\"elementor-grid-item\" role=\"listitem\">\n\t\t\t\t\t\t<div class=\"elementor-share-btn elementor-share-btn_facebook\" role=\"button\" tabindex=\"0\" aria-label=\"Share on facebook\">\n\t\t\t\t\t\t\t\t\t\t\t\t\t\t\t<span class=\"elementor-share-btn__icon\">\n\t\t\t\t\t\t\t\t<svg aria-hidden=\"true\" class=\"e-font-icon-svg e-fab-facebook\" viewbox=\"0 0 512 512\" xmlns=\"http:\/\/www.w3.org\/2000\/svg\"><path d=\"M504 256C504 119 393 8 256 8S8 119 8 256c0 123.78 90.69 226.38 209.25 245V327.69h-63V256h63v-54.64c0-62.15 37-96.48 93.67-96.48 27.14 0 55.52 4.84 55.52 4.84v61h-31.28c-30.8 0-40.41 19.12-40.41 38.73V256h68.78l-11 71.69h-57.78V501C413.31 482.38 504 379.78 504 256z\"><\/path><\/svg>\t\t\t\t\t\t\t<\/span>\n\t\t\t\t\t\t\t\t\t\t\t\t\t\t\t\t\t\t\t\t<\/div>\n\t\t\t\t\t<\/div>\n\t\t\t\t\t\t\t\t\t<div class=\"elementor-grid-item\" role=\"listitem\">\n\t\t\t\t\t\t<div class=\"elementor-share-btn elementor-share-btn_pinterest\" role=\"button\" tabindex=\"0\" aria-label=\"Share on pinterest\">\n\t\t\t\t\t\t\t\t\t\t\t\t\t\t\t<span class=\"elementor-share-btn__icon\">\n\t\t\t\t\t\t\t\t<svg aria-hidden=\"true\" class=\"e-font-icon-svg e-fab-pinterest\" viewbox=\"0 0 496 512\" xmlns=\"http:\/\/www.w3.org\/2000\/svg\"><path d=\"M496 256c0 137-111 248-248 248-25.6 0-50.2-3.9-73.4-11.1 10.1-16.5 25.2-43.5 30.8-65 3-11.6 15.4-59 15.4-59 8.1 15.4 31.7 28.5 56.8 28.5 74.8 0 128.7-68.8 128.7-154.3 0-81.9-66.9-143.2-152.9-143.2-107 0-163.9 71.8-163.9 150.1 0 36.4 19.4 81.7 50.3 96.1 4.7 2.2 7.2 1.2 8.3-3.3.8-3.4 5-20.3 6.9-28.1.6-2.5.3-4.7-1.7-7.1-10.1-12.5-18.3-35.3-18.3-56.6 0-54.7 41.4-107.6 112-107.6 60.9 0 103.6 41.5 103.6 100.9 0 67.1-33.9 113.6-78 113.6-24.3 0-42.6-20.1-36.7-44.8 7-29.5 20.5-61.3 20.5-82.6 0-19-10.2-34.9-31.4-34.9-24.9 0-44.9 25.7-44.9 60.2 0 22 7.4 36.8 7.4 36.8s-24.5 103.8-29 123.2c-5 21.4-3 51.6-.9 71.2C65.4 450.9 0 361.1 0 256 0 119 111 8 248 8s248 111 248 248z\"><\/path><\/svg>\t\t\t\t\t\t\t<\/span>\n\t\t\t\t\t\t\t\t\t\t\t\t\t\t\t\t\t\t\t\t<\/div>\n\t\t\t\t\t<\/div>\n\t\t\t\t\t\t\t\t\t<div class=\"elementor-grid-item\" role=\"listitem\">\n\t\t\t\t\t\t<div class=\"elementor-share-btn elementor-share-btn_x-twitter\" role=\"button\" tabindex=\"0\" aria-label=\"Share on x-twitter\">\n\t\t\t\t\t\t\t\t\t\t\t\t\t\t\t<span class=\"elementor-share-btn__icon\">\n\t\t\t\t\t\t\t\t<svg aria-hidden=\"true\" class=\"e-font-icon-svg e-fab-x-twitter\" viewbox=\"0 0 512 512\" xmlns=\"http:\/\/www.w3.org\/2000\/svg\"><path d=\"M389.2 48h70.6L305.6 224.2 487 464H345L233.7 318.6 106.5 464H35.8L200.7 275.5 26.8 48H172.4L272.9 180.9 389.2 48zM364.4 421.8h39.1L151.1 88h-42L364.4 421.8z\"><\/path><\/svg>\t\t\t\t\t\t\t<\/span>\n\t\t\t\t\t\t\t\t\t\t\t\t\t\t\t\t\t\t\t\t<\/div>\n\t\t\t\t\t<\/div>\n\t\t\t\t\t\t\t\t\t<div class=\"elementor-grid-item\" role=\"listitem\">\n\t\t\t\t\t\t<div class=\"elementor-share-btn elementor-share-btn_whatsapp\" role=\"button\" tabindex=\"0\" aria-label=\"Share on whatsapp\">\n\t\t\t\t\t\t\t\t\t\t\t\t\t\t\t<span class=\"elementor-share-btn__icon\">\n\t\t\t\t\t\t\t\t<svg aria-hidden=\"true\" class=\"e-font-icon-svg e-fab-whatsapp\" viewbox=\"0 0 448 512\" xmlns=\"http:\/\/www.w3.org\/2000\/svg\"><path d=\"M380.9 97.1C339 55.1 283.2 32 223.9 32c-122.4 0-222 99.6-222 222 0 39.1 10.2 77.3 29.6 111L0 480l117.7-30.9c32.4 17.7 68.9 27 106.1 27h.1c122.3 0 224.1-99.6 224.1-222 0-59.3-25.2-115-67.1-157zm-157 341.6c-33.2 0-65.7-8.9-94-25.7l-6.7-4-69.8 18.3L72 359.2l-4.4-7c-18.5-29.4-28.2-63.3-28.2-98.2 0-101.7 82.8-184.5 184.6-184.5 49.3 0 95.6 19.2 130.4 54.1 34.8 34.9 56.2 81.2 56.1 130.5 0 101.8-84.9 184.6-186.6 184.6zm101.2-138.2c-5.5-2.8-32.8-16.2-37.9-18-5.1-1.9-8.8-2.8-12.5 2.8-3.7 5.6-14.3 18-17.6 21.8-3.2 3.7-6.5 4.2-12 1.4-32.6-16.3-54-29.1-75.5-66-5.7-9.8 5.7-9.1 16.3-30.3 1.8-3.7.9-6.9-.5-9.7-1.4-2.8-12.5-30.1-17.1-41.2-4.5-10.8-9.1-9.3-12.5-9.5-3.2-.2-6.9-.2-10.6-.2-3.7 0-9.7 1.4-14.8 6.9-5.1 5.6-19.4 19-19.4 46.3 0 27.3 19.9 53.7 22.6 57.4 2.8 3.7 39.1 59.7 94.8 83.8 35.2 15.2 49 16.5 66.6 13.9 10.7-1.6 32.8-13.4 37.4-26.4 4.6-13 4.6-24.1 3.2-26.4-1.3-2.5-5-3.9-10.5-6.6z\"><\/path><\/svg>\t\t\t\t\t\t\t<\/span>\n\t\t\t\t\t\t\t\t\t\t\t\t\t\t\t\t\t\t\t\t<\/div>\n\t\t\t\t\t<\/div>\n\t\t\t\t\t\t\t\t\t<div class=\"elementor-grid-item\" role=\"listitem\">\n\t\t\t\t\t\t<div class=\"elementor-share-btn elementor-share-btn_email\" role=\"button\" tabindex=\"0\" aria-label=\"Share on email\">\n\t\t\t\t\t\t\t\t\t\t\t\t\t\t\t<span class=\"elementor-share-btn__icon\">\n\t\t\t\t\t\t\t\t<svg aria-hidden=\"true\" class=\"e-font-icon-svg e-fas-envelope\" viewbox=\"0 0 512 512\" xmlns=\"http:\/\/www.w3.org\/2000\/svg\"><path d=\"M502.3 190.8c3.9-3.1 9.7-.2 9.7 4.7V400c0 26.5-21.5 48-48 48H48c-26.5 0-48-21.5-48-48V195.6c0-5 5.7-7.8 9.7-4.7 22.4 17.4 52.1 39.5 154.1 113.6 21.1 15.4 56.7 47.8 92.2 47.6 35.7.3 72-32.8 92.3-47.6 102-74.1 131.6-96.3 154-113.7zM256 320c23.2.4 56.6-29.2 73.4-41.4 132.7-96.3 142.8-104.7 173.4-128.7 5.8-4.5 9.2-11.5 9.2-18.9v-19c0-26.5-21.5-48-48-48H48C21.5 64 0 85.5 0 112v19c0 7.4 3.4 14.3 9.2 18.9 30.6 23.9 40.7 32.4 173.4 128.7 16.8 12.2 50.2 41.8 73.4 41.4z\"><\/path><\/svg>\t\t\t\t\t\t\t<\/span>\n\t\t\t\t\t\t\t\t\t\t\t\t\t\t\t\t\t\t\t\t<\/div>\n\t\t\t\t\t<\/div>\n\t\t\t\t\t\t\t\t\t<div class=\"elementor-grid-item\" role=\"listitem\">\n\t\t\t\t\t\t<div class=\"elementor-share-btn elementor-share-btn_print\" role=\"button\" tabindex=\"0\" aria-label=\"Share on print\">\n\t\t\t\t\t\t\t\t\t\t\t\t\t\t\t<span class=\"elementor-share-btn__icon\">\n\t\t\t\t\t\t\t\t<svg aria-hidden=\"true\" class=\"e-font-icon-svg e-fas-print\" viewbox=\"0 0 512 512\" xmlns=\"http:\/\/www.w3.org\/2000\/svg\"><path d=\"M448 192V77.25c0-8.49-3.37-16.62-9.37-22.63L393.37 9.37c-6-6-14.14-9.37-22.63-9.37H96C78.33 0 64 14.33 64 32v160c-35.35 0-64 28.65-64 64v112c0 8.84 7.16 16 16 16h48v96c0 17.67 14.33 32 32 32h320c17.67 0 32-14.33 32-32v-96h48c8.84 0 16-7.16 16-16V256c0-35.35-28.65-64-64-64zm-64 256H128v-96h256v96zm0-224H128V64h192v48c0 8.84 7.16 16 16 16h48v96zm48 72c-13.25 0-24-10.75-24-24 0-13.26 10.75-24 24-24s24 10.74 24 24c0 13.25-10.75 24-24 24z\"><\/path><\/svg>\t\t\t\t\t\t\t<\/span>\n\t\t\t\t\t\t\t\t\t\t\t\t\t\t\t\t\t\t\t\t<\/div>\n\t\t\t\t\t<\/div>\n\t\t\t\t\t\t<\/div>\n\t\t\t\t\t\t<\/div>\n\t\t\t\t<\/div>\n\t\t\t\t\t<\/div>\n\t\t\t\t<\/div>\n\t\t<div class=\"elementor-element elementor-element-920a5d7 e-flex e-con-boxed e-con e-parent\" data-id=\"920a5d7\" data-element_type=\"container\" data-e-type=\"container\">\n\t\t\t\t\t<div class=\"e-con-inner\">\n\t\t\t\t<div class=\"elementor-element elementor-element-487fa2c elementor-widget-divider--separator-type-pattern elementor-widget-divider--view-line elementor-widget elementor-widget-divider\" data-id=\"487fa2c\" data-element_type=\"widget\" data-e-type=\"widget\" data-widget_type=\"divider.default\">\n\t\t\t\t<div class=\"elementor-widget-container\">\n\t\t\t\t\t\t\t<div class=\"elementor-divider\" style=\"--divider-pattern-url: url(&quot;data:image\/svg+xml,%3Csvg xmlns=&#039;http:\/\/www.w3.org\/2000\/svg&#039; preserveAspectRatio=&#039;none&#039; overflow=&#039;visible&#039; height=&#039;100%&#039; viewBox=&#039;0 0 24 24&#039; fill=&#039;none&#039; stroke=&#039;black&#039; stroke-width=&#039;1.5&#039; stroke-linecap=&#039;square&#039; stroke-miterlimit=&#039;10&#039;%3E%3Cpath d=&#039;M0,6c6,0,0.9,11.1,6.9,11.1S18,6,24,6&#039;\/%3E%3C\/svg%3E&quot;);\">\n\t\t\t<span class=\"elementor-divider-separator\">\n\t\t\t\t\t\t<\/span>\n\t\t<\/div>\n\t\t\t\t\t\t<\/div>\n\t\t\t\t<\/div>\n\t\t\t\t<div class=\"elementor-element elementor-element-6a9b094 elementor-widget elementor-widget-heading\" data-id=\"6a9b094\" data-element_type=\"widget\" data-e-type=\"widget\" data-widget_type=\"heading.default\">\n\t\t\t\t<div class=\"elementor-widget-container\">\n\t\t\t\t\t<h4 class=\"elementor-heading-title elementor-size-default\">Vertel ons over je evenement c.rehagel@die-inselzeitung.com -\nCharlotta Rehagel<\/h4>\t\t\t\t<\/div>\n\t\t\t\t<\/div>\n\t\t\t\t<div class=\"elementor-element elementor-element-c168ecc elementor-widget-divider--separator-type-pattern elementor-widget-divider--view-line elementor-widget elementor-widget-divider\" data-id=\"c168ecc\" data-element_type=\"widget\" data-e-type=\"widget\" data-widget_type=\"divider.default\">\n\t\t\t\t<div class=\"elementor-widget-container\">\n\t\t\t\t\t\t\t<div class=\"elementor-divider\" style=\"--divider-pattern-url: url(&quot;data:image\/svg+xml,%3Csvg xmlns=&#039;http:\/\/www.w3.org\/2000\/svg&#039; preserveAspectRatio=&#039;none&#039; overflow=&#039;visible&#039; height=&#039;100%&#039; viewBox=&#039;0 0 24 24&#039; fill=&#039;none&#039; stroke=&#039;black&#039; stroke-width=&#039;1.5&#039; stroke-linecap=&#039;square&#039; stroke-miterlimit=&#039;10&#039;%3E%3Cpath d=&#039;M0,6c6,0,0.9,11.1,6.9,11.1S18,6,24,6&#039;\/%3E%3C\/svg%3E&quot;);\">\n\t\t\t<span class=\"elementor-divider-separator\">\n\t\t\t\t\t\t<\/span>\n\t\t<\/div>\n\t\t\t\t\t\t<\/div>\n\t\t\t\t<\/div>\n\t\t\t\t<div class=\"elementor-element elementor-element-38736c6 elementor-grid-3 elementor-grid-tablet-2 elementor-grid-mobile-1 elementor-posts--thumbnail-top elementor-posts--show-avatar elementor-card-shadow-yes elementor-posts__hover-gradient elementor-widget elementor-widget-posts\" data-id=\"38736c6\" data-element_type=\"widget\" data-e-type=\"widget\" data-settings=\"{&quot;cards_columns&quot;:&quot;3&quot;,&quot;cards_columns_tablet&quot;:&quot;2&quot;,&quot;cards_columns_mobile&quot;:&quot;1&quot;,&quot;cards_row_gap&quot;:{&quot;unit&quot;:&quot;px&quot;,&quot;size&quot;:35,&quot;sizes&quot;:[]},&quot;cards_row_gap_tablet&quot;:{&quot;unit&quot;:&quot;px&quot;,&quot;size&quot;:&quot;&quot;,&quot;sizes&quot;:[]},&quot;cards_row_gap_mobile&quot;:{&quot;unit&quot;:&quot;px&quot;,&quot;size&quot;:&quot;&quot;,&quot;sizes&quot;:[]}}\" data-widget_type=\"posts.cards\">\n\t\t\t\t<div class=\"elementor-widget-container\">\n\t\t\t\t\t\t\t<div class=\"elementor-posts-container elementor-posts elementor-posts--skin-cards elementor-grid\" role=\"list\">\n\t\t\t\t<article class=\"elementor-post elementor-grid-item post-11484 post type-post status-publish format-standard has-post-thumbnail hentry category-veranstaltungen-events tag-costa-blanca-2 tag-events-costa-blanca tag-fiestas-costa-blanca tag-konzerte-costa-blanca tag-kultur-costa-blanca tag-veranstaltungen-costa-blanca-mai tag-veranstaltungskalender-costa-blanca\" role=\"listitem\">\n\t\t\t<div class=\"elementor-post__card\">\n\t\t\t\t<a class=\"elementor-post__thumbnail__link\" href=\"https:\/\/costablanca-magazin.com\/nl\/freizeit\/veranstaltungen-events\/veranstaltungen-un-events-an-der-costa-blanca-mai-2026\/\" tabindex=\"-1\" ><div class=\"elementor-post__thumbnail\"><img fetchpriority=\"high\" decoding=\"async\" width=\"2048\" height=\"1152\" src=\"https:\/\/costablanca-magazin.com\/wp-content\/uploads\/2026\/05\/AdobeStock_296419932-2048x1152.jpeg\" class=\"attachment-2048x2048 size-2048x2048 wp-image-11485\" alt=\"Evenementen Costa Blanca - Mei 2026\" srcset=\"https:\/\/costablanca-magazin.com\/wp-content\/uploads\/2026\/05\/AdobeStock_296419932-2048x1152.jpeg 2048w, https:\/\/costablanca-magazin.com\/wp-content\/uploads\/2026\/05\/AdobeStock_296419932-300x169.jpeg 300w, https:\/\/costablanca-magazin.com\/wp-content\/uploads\/2026\/05\/AdobeStock_296419932-1024x576.jpeg 1024w, https:\/\/costablanca-magazin.com\/wp-content\/uploads\/2026\/05\/AdobeStock_296419932-768x432.jpeg 768w, https:\/\/costablanca-magazin.com\/wp-content\/uploads\/2026\/05\/AdobeStock_296419932-1536x864.jpeg 1536w, https:\/\/costablanca-magazin.com\/wp-content\/uploads\/2026\/05\/AdobeStock_296419932-18x10.jpeg 18w\" sizes=\"(max-width: 2048px) 100vw, 2048px\" \/><\/div><\/a>\n\t\t\t\t<div class=\"elementor-post__badge\">Evenementen<\/div>\n\t\t\t\t<div class=\"elementor-post__avatar\">\n\t\t\t\t\t<\/div>\n\t\t\t\t<div class=\"elementor-post__text\">\n\t\t\t\t<h3 class=\"elementor-post__title\">\n\t\t\t<a href=\"https:\/\/costablanca-magazin.com\/nl\/freizeit\/veranstaltungen-events\/veranstaltungen-un-events-an-der-costa-blanca-mai-2026\/\" >\n\t\t\t\tEvenementen aan de Costa Blanca - Mei 2026\t\t\t<\/a>\n\t\t<\/h3>\n\t\t\t\t<\/div>\n\t\t\t\t\t<\/div>\n\t\t<\/article>\n\t\t\t\t<article class=\"elementor-post elementor-grid-item post-11423 post type-post status-publish format-standard has-post-thumbnail hentry category-veranstaltungen-events tag-fiestas-costa-blanca-2026 tag-moros-y-cristianos-benidorm tag-moros-y-cristianos-costa-blanca-2026 tag-moros-y-cristianos-denia tag-moros-y-cristianos-termine-2026 tag-moros-y-cristianos-villajoyosa\" role=\"listitem\">\n\t\t\t<div class=\"elementor-post__card\">\n\t\t\t\t<a class=\"elementor-post__thumbnail__link\" href=\"https:\/\/costablanca-magazin.com\/nl\/freizeit\/veranstaltungen-events\/moros-y-cristianos-costa-blanca-2026-termine-und-feste\/\" tabindex=\"-1\" ><div class=\"elementor-post__thumbnail\"><img decoding=\"async\" width=\"1200\" height=\"539\" src=\"https:\/\/costablanca-magazin.com\/wp-content\/uploads\/2025\/09\/calpe-moros.jpg\" class=\"attachment-2048x2048 size-2048x2048 wp-image-8738\" alt=\"calpe moros y cristianos\" srcset=\"https:\/\/costablanca-magazin.com\/wp-content\/uploads\/2025\/09\/calpe-moros.jpg 1200w, https:\/\/costablanca-magazin.com\/wp-content\/uploads\/2025\/09\/calpe-moros-300x135.jpg 300w, https:\/\/costablanca-magazin.com\/wp-content\/uploads\/2025\/09\/calpe-moros-1024x460.jpg 1024w, https:\/\/costablanca-magazin.com\/wp-content\/uploads\/2025\/09\/calpe-moros-768x345.jpg 768w\" sizes=\"(max-width: 1200px) 100vw, 1200px\" \/><\/div><\/a>\n\t\t\t\t<div class=\"elementor-post__badge\">Evenementen<\/div>\n\t\t\t\t<div class=\"elementor-post__avatar\">\n\t\t\t\t\t<\/div>\n\t\t\t\t<div class=\"elementor-post__text\">\n\t\t\t\t<h3 class=\"elementor-post__title\">\n\t\t\t<a href=\"https:\/\/costablanca-magazin.com\/nl\/freizeit\/veranstaltungen-events\/moros-y-cristianos-costa-blanca-2026-termine-und-feste\/\" >\n\t\t\t\tMoros y Cristianos Costa Blanca 2026 - Data en festiviteiten\t\t\t<\/a>\n\t\t<\/h3>\n\t\t\t\t<\/div>\n\t\t\t\t\t<\/div>\n\t\t<\/article>\n\t\t\t\t<article class=\"elementor-post elementor-grid-item post-11337 post type-post status-publish format-standard has-post-thumbnail hentry category-veranstaltungen-events tag-altea-veranstaltungen tag-april-costa-blanca tag-denia-veranstaltungen tag-events-costa-blanca-2026 tag-ostern-costa-blanca tag-semana-santa-costa-blanca tag-veranstaltungen-costa-blanca\" role=\"listitem\">\n\t\t\t<div class=\"elementor-post__card\">\n\t\t\t\t<a class=\"elementor-post__thumbnail__link\" href=\"https:\/\/costablanca-magazin.com\/nl\/freizeit\/veranstaltungen-events\/april-an-der-costa-blanca-events-und-ostern-2026\/\" tabindex=\"-1\" ><div class=\"elementor-post__thumbnail\"><img decoding=\"async\" width=\"2048\" height=\"1368\" src=\"https:\/\/costablanca-magazin.com\/wp-content\/uploads\/2026\/04\/crowd-in-costumes-in-semana-santa-festival-capture-2026-03-18-07-56-36-utc-2048x1368.jpeg\" class=\"attachment-2048x2048 size-2048x2048 wp-image-11338\" alt=\"April aan de Costa Blanca: evenementen, Pasen en evenementen 2026\" srcset=\"https:\/\/costablanca-magazin.com\/wp-content\/uploads\/2026\/04\/crowd-in-costumes-in-semana-santa-festival-capture-2026-03-18-07-56-36-utc-2048x1368.jpeg 2048w, https:\/\/costablanca-magazin.com\/wp-content\/uploads\/2026\/04\/crowd-in-costumes-in-semana-santa-festival-capture-2026-03-18-07-56-36-utc-300x200.jpeg 300w, https:\/\/costablanca-magazin.com\/wp-content\/uploads\/2026\/04\/crowd-in-costumes-in-semana-santa-festival-capture-2026-03-18-07-56-36-utc-1024x684.jpeg 1024w, https:\/\/costablanca-magazin.com\/wp-content\/uploads\/2026\/04\/crowd-in-costumes-in-semana-santa-festival-capture-2026-03-18-07-56-36-utc-768x513.jpeg 768w, https:\/\/costablanca-magazin.com\/wp-content\/uploads\/2026\/04\/crowd-in-costumes-in-semana-santa-festival-capture-2026-03-18-07-56-36-utc-1536x1026.jpeg 1536w, https:\/\/costablanca-magazin.com\/wp-content\/uploads\/2026\/04\/crowd-in-costumes-in-semana-santa-festival-capture-2026-03-18-07-56-36-utc-18x12.jpeg 18w\" sizes=\"(max-width: 2048px) 100vw, 2048px\" \/><\/div><\/a>\n\t\t\t\t<div class=\"elementor-post__badge\">Evenementen<\/div>\n\t\t\t\t<div class=\"elementor-post__avatar\">\n\t\t\t\t\t<\/div>\n\t\t\t\t<div class=\"elementor-post__text\">\n\t\t\t\t<h3 class=\"elementor-post__title\">\n\t\t\t<a href=\"https:\/\/costablanca-magazin.com\/nl\/freizeit\/veranstaltungen-events\/april-an-der-costa-blanca-events-und-ostern-2026\/\" >\n\t\t\t\tApril aan de Costa Blanca - Evenementen en Pasen 2026\t\t\t<\/a>\n\t\t<\/h3>\n\t\t\t\t<\/div>\n\t\t\t\t\t<\/div>\n\t\t<\/article>\n\t\t\t\t<\/div>\n\t\t\n\t\t\t\t\t\t<\/div>\n\t\t\t\t<\/div>\n\t\t\t\t\t<\/div>\n\t\t\t\t<\/div>\n\t\t\t\t<\/div>","protected":false},"excerpt":{"rendered":"<p>Veranstaltungen und Events Costa Blanca \u2013 Mai 2026 Veranstaltungen im Mai an der Costa Blanca: Kultur, Konzerte, Theater, Events, Fiestas<\/p>","protected":false},"author":3,"featured_media":11485,"comment_status":"closed","ping_status":"closed","sticky":false,"template":"elementor_header_footer","format":"standard","meta":{"om_disable_all_campaigns":false,"_monsterinsights_skip_tracking":false,"_monsterinsights_sitenote_active":false,"_monsterinsights_sitenote_note":"","_monsterinsights_sitenote_category":0,"footnotes":""},"categories":[23],"tags":[613,923,1733,1072,1734,1735,1736],"class_list":["post-11484","post","type-post","status-publish","format-standard","has-post-thumbnail","hentry","category-veranstaltungen-events","tag-costa-blanca-2","tag-events-costa-blanca","tag-fiestas-costa-blanca","tag-konzerte-costa-blanca","tag-kultur-costa-blanca","tag-veranstaltungen-costa-blanca-mai","tag-veranstaltungskalender-costa-blanca"],"aioseo_notices":[],"_links":{"self":[{"href":"https:\/\/costablanca-magazin.com\/nl\/wp-json\/wp\/v2\/posts\/11484","targetHints":{"allow":["GET"]}}],"collection":[{"href":"https:\/\/costablanca-magazin.com\/nl\/wp-json\/wp\/v2\/posts"}],"about":[{"href":"https:\/\/costablanca-magazin.com\/nl\/wp-json\/wp\/v2\/types\/post"}],"author":[{"embeddable":true,"href":"https:\/\/costablanca-magazin.com\/nl\/wp-json\/wp\/v2\/users\/3"}],"replies":[{"embeddable":true,"href":"https:\/\/costablanca-magazin.com\/nl\/wp-json\/wp\/v2\/comments?post=11484"}],"version-history":[{"count":4,"href":"https:\/\/costablanca-magazin.com\/nl\/wp-json\/wp\/v2\/posts\/11484\/revisions"}],"predecessor-version":[{"id":11526,"href":"https:\/\/costablanca-magazin.com\/nl\/wp-json\/wp\/v2\/posts\/11484\/revisions\/11526"}],"wp:featuredmedia":[{"embeddable":true,"href":"https:\/\/costablanca-magazin.com\/nl\/wp-json\/wp\/v2\/media\/11485"}],"wp:attachment":[{"href":"https:\/\/costablanca-magazin.com\/nl\/wp-json\/wp\/v2\/media?parent=11484"}],"wp:term":[{"taxonomy":"category","embeddable":true,"href":"https:\/\/costablanca-magazin.com\/nl\/wp-json\/wp\/v2\/categories?post=11484"},{"taxonomy":"post_tag","embeddable":true,"href":"https:\/\/costablanca-magazin.com\/nl\/wp-json\/wp\/v2\/tags?post=11484"}],"curies":[{"name":"wp","href":"https:\/\/api.w.org\/{rel}","templated":true}]}}