{"id":11423,"date":"2026-04-27T09:00:00","date_gmt":"2026-04-27T07:00:00","guid":{"rendered":"https:\/\/costablanca-magazin.com\/?p=11423"},"modified":"2026-04-27T15:45:55","modified_gmt":"2026-04-27T13:45:55","slug":"data-en-festivals-moros-y-cristianos-costa-blanca-2026","status":"publish","type":"post","link":"https:\/\/costablanca-magazin.com\/nl\/freizeit\/veranstaltungen-events\/moros-y-cristianos-costa-blanca-2026-termine-und-feste\/","title":{"rendered":"Moros y Cristianos Costa Blanca 2026 - Data en festiviteiten"},"content":{"rendered":"<div data-elementor-type=\"wp-post\" data-elementor-id=\"11423\" class=\"elementor elementor-11423\" data-elementor-post-type=\"post\">\n\t\t\t\t<div class=\"elementor-element elementor-element-fe43bb6 e-flex e-con-boxed e-con e-parent\" data-id=\"fe43bb6\" data-element_type=\"container\" data-e-type=\"container\">\n\t\t\t\t\t<div class=\"e-con-inner\">\n\t\t\t\t<div class=\"elementor-element elementor-element-f0dd263 elementor-widget elementor-widget-heading\" data-id=\"f0dd263\" data-element_type=\"widget\" data-e-type=\"widget\" data-widget_type=\"heading.default\">\n\t\t\t\t<div class=\"elementor-widget-container\">\n\t\t\t\t\t<h2 class=\"elementor-heading-title elementor-size-default\">Moros y Cristianos Costa Blanca 2026 - Data en festiviteiten<\/h2>\t\t\t\t<\/div>\n\t\t\t\t<\/div>\n\t\t\t\t<div class=\"elementor-element elementor-element-9c3e2b5 elementor-widget elementor-widget-image\" data-id=\"9c3e2b5\" data-element_type=\"widget\" data-e-type=\"widget\" data-widget_type=\"image.default\">\n\t\t\t\t<div class=\"elementor-widget-container\">\n\t\t\t\t\t\t\t\t\t\t\t\t\t\t\t<img decoding=\"async\" src=\"https:\/\/costablanca-magazin.com\/wp-content\/uploads\/elementor\/thumbs\/Moros-y-Cristianos-Benissa-rjc5j8bkde24hxw9prgn5ga5or059tii675usglo6k.jpg\" title=\"Moros y Cristianos Benissa\" alt=\"Moros y Cristianos Benissa 1\" loading=\"lazy\" \/>\t\t\t\t\t\t\t\t\t\t\t\t\t\t\t<\/div>\n\t\t\t\t<\/div>\n\t\t\t\t<div class=\"elementor-element elementor-element-5f46ce2 elementor-widget elementor-widget-heading\" data-id=\"5f46ce2\" data-element_type=\"widget\" data-e-type=\"widget\" data-widget_type=\"heading.default\">\n\t\t\t\t<div class=\"elementor-widget-container\">\n\t\t\t\t\t<h2 class=\"elementor-heading-title elementor-size-default\">Waarom deze feesten meer zijn dan kleurrijke optochten<\/h2>\t\t\t\t<\/div>\n\t\t\t\t<\/div>\n\t\t\t\t\t<\/div>\n\t\t\t\t<\/div>\n\t\t<div class=\"elementor-element elementor-element-2cfb824 e-flex e-con-boxed e-con e-parent\" data-id=\"2cfb824\" data-element_type=\"container\" data-e-type=\"container\">\n\t\t\t\t\t<div class=\"e-con-inner\">\n\t\t<div class=\"elementor-element elementor-element-1eb6761 e-con-full e-flex e-con e-child\" data-id=\"1eb6761\" data-element_type=\"container\" data-e-type=\"container\">\n\t\t\t\t<div class=\"elementor-element elementor-element-722820c elementor-widget elementor-widget-text-editor\" data-id=\"722820c\" data-element_type=\"widget\" data-e-type=\"widget\" data-widget_type=\"text-editor.default\">\n\t\t\t\t<div class=\"elementor-widget-container\">\n\t\t\t\t\t\t\t\t\t<p>Eerst komen de drums. Dan het koper. Dan vult de straat zich met zware doeken, glimmende helmen, vederkronen, standaarden, paarden en groepen die niet zomaar \u201emeelopen\u201c maar al maanden bezig zijn met de voorbereiding van hun optreden. Moros y Cristianos is een van die festivals aan de Costa Blanca waar een stad of dorp voor een paar dagen zijn normale ritme laat varen.<\/p><p>In Moraira, Benissa, X\u00e0bia, Villajoyosa, D\u00e9nia, Guardamar, Orihuela, Almorad\u00ed, Altea, Benidorm en Calp trekken de feesten elk jaar duizenden mensen de straat op. Niet overal op hetzelfde moment, niet overal even groot - maar altijd met muziek, geschiedenis, lokale trots en een organisatorische inspanning die veel verder gaat dan een normaal zomerfestival.<\/p><p>Voor inwoners en langetermijnvakantiegangers is het de moeite waard om vroeg op de kalender te kijken. Sommige data behoren tot de drukste evenementen van het jaar. Tijdens de grote optochten zijn wegen afgesloten, parkeerplaatsen schaars en de beste plaatsen snel bezet.<\/p><h2><strong>Waar Moros y Cristianos om draait<\/strong><\/h2><p>De feesten herinneren aan de middeleeuwse botsingen tussen moslim- en christelijke heersers op het Iberisch schiereiland. Uit dit historische materiaal is de eigen feestcultuur van de Costa Blanca ontstaan: luidruchtig, nauwkeurig georganiseerd, soms spectaculair - en op veel plaatsen diep verbonden met de lokale identiteit.<\/p><p>De hoofdrollen worden gespeeld door de filaes of comparsas, de feestelijke groepen van Moros en Cristianos. Ze hebben hun eigen kleuren, kostuums, muziekstukken, marsformaties en vaste rollen in het proces. Veel families zijn er al generaties lang bij betrokken. Kinderen groeien erin op, jongeren nemen hun eerste rollen op zich, volwassenen verschijnen als capitanes, abanderados of ambassadeurs.<\/p><p>Het grote moment is meestal de entradas, de ceremoni\u00eble intocht van de groepen. Er zijn ook embajadas, waarin verovering, onderhandeling en herovering worden opgevoerd. Sommige steden hebben hun eigen hoogtepunten: In Villajoyosa is dat de beroemde Desembarco op het strand, in Moraira de Conquista Mora en Reconquista Cristiana, in X\u00e0bia de optochten in de havenwijk Duanes de la Mar.<\/p><h2><strong>De belangrijkste data van Moros-y-Cristianos 2026<\/strong><\/h2><h3><strong>Moraira - vroege start met galaparade<\/strong><\/h3><ol start=\"5\"><li>tot 14 juni 2026<\/li><\/ol><p>Moraira opent het Moros-y-Cristianos-seizoen voor velen in de Marina Alta. De hoogtepunten van het programma zijn de Conquista Mora op 12 juni, de Reconquista Cristiana op 13 juni en de Desfile de Gala op 14 juni.<\/p><p>De stad is overzichtelijk, de afstanden zijn kort en de achtergrond bij de zee geeft het festival een unieke setting. Voor lezers uit Teulada, Benissa, Benitatxell, J\u00e1vea en Calp is Moraira een van de beste plaatsen om te beginnen.<\/p><h3><strong>Benissa - Moros y Cristianos in het historische stadscentrum<\/strong><\/h3><ol start=\"28\"><li>juni tot 2 juli 2026<\/li><\/ol><p>Benissa viert Ap\u00f3stol ter ere van San Pedro. De datum is traditioneel rond 29 juni. In 2026 wordt de periode van 28 juni tot 2 juli gebruikt.<\/p><p>Het festival heeft een andere sfeer dan de grote kustplaatsen. De straten in het centrum zijn smaller, de muziek staat dichter bij elkaar en de optochten lopen niet langs een willekeurige promenade, maar dwars door het centrum van de stad. Dit is precies wat Benissa zo interessant maakt voor de Marina Alta.<\/p><h3><strong>X\u00e0bia \/ J\u00e1vea - Moros y Cristianos in de havenwijk<\/strong><\/h3><p>juli 2026, grote parades op 18 en 19 juli<\/p><p>In X\u00e0bia hoort het feest bij Duanes de la Mar. De haven, de zee, de smalle straatjes en de avondsfeer geven de optochten hun eigen speciale toon. De grote desfiles zijn gepland op 18 en 19 juli.<\/p><p>X\u00e0bia is geen bijzaak. De Moros y Cristianos zijn hier een vaste waarde in de zomer, vooral aan de noordelijke Costa Blanca.<\/p>\t\t\t\t\t\t\t\t<\/div>\n\t\t\t\t<\/div>\n\t\t\t\t<\/div>\n\t\t<div class=\"elementor-element elementor-element-8decb01 e-con-full e-flex e-con e-child\" data-id=\"8decb01\" data-element_type=\"container\" data-e-type=\"container\">\n\t\t\t\t<div class=\"elementor-element elementor-element-a488339 elementor-widget elementor-widget-gallery\" data-id=\"a488339\" data-element_type=\"widget\" data-e-type=\"widget\" data-settings=\"{&quot;gallery_layout&quot;:&quot;masonry&quot;,&quot;columns&quot;:1,&quot;lazyload&quot;:&quot;yes&quot;,&quot;columns_tablet&quot;:2,&quot;columns_mobile&quot;:1,&quot;gap&quot;:{&quot;unit&quot;:&quot;px&quot;,&quot;size&quot;:10,&quot;sizes&quot;:[]},&quot;gap_tablet&quot;:{&quot;unit&quot;:&quot;px&quot;,&quot;size&quot;:10,&quot;sizes&quot;:[]},&quot;gap_mobile&quot;:{&quot;unit&quot;:&quot;px&quot;,&quot;size&quot;:10,&quot;sizes&quot;:[]},&quot;link_to&quot;:&quot;file&quot;,&quot;overlay_background&quot;:&quot;yes&quot;,&quot;content_hover_animation&quot;:&quot;fade-in&quot;}\" data-widget_type=\"gallery.default\">\n\t\t\t\t<div class=\"elementor-widget-container\">\n\t\t\t\t\t\t\t<div class=\"elementor-gallery__container\">\n\t\t\t\t\t\t\t<a class=\"e-gallery-item elementor-gallery-item elementor-animated-content\" href=\"https:\/\/costablanca-magazin.com\/wp-content\/uploads\/2026\/04\/Moros-i-Cristianos-Benidorm-Fiesta-1.jpg\" data-elementor-open-lightbox=\"yes\" data-elementor-lightbox-slideshow=\"a488339\" data-elementor-lightbox-title=\"Moros i Cristianos Benidorm Fiesta (1)\" data-elementor-lightbox-description=\"Moros i Cristianos Benidorm Fiesta (1)\" data-e-action-hash=\"#elementor-action%3Aaction%3Dlightbox%26settings%3DeyJpZCI6MTE0MjUsInVybCI6Imh0dHBzOlwvXC9jb3N0YWJsYW5jYS1tYWdhemluLmNvbVwvd3AtY29udGVudFwvdXBsb2Fkc1wvMjAyNlwvMDRcL01vcm9zLWktQ3Jpc3RpYW5vcy1CZW5pZG9ybS1GaWVzdGEtMS5qcGciLCJzbGlkZXNob3ciOiJhNDg4MzM5In0%3D\">\n\t\t\t\t\t<div class=\"e-gallery-image elementor-gallery-item__image\" data-thumbnail=\"https:\/\/costablanca-magazin.com\/wp-content\/uploads\/2026\/04\/Moros-i-Cristianos-Benidorm-Fiesta-1.jpg\" data-width=\"2560\" data-height=\"2047\" aria-label=\"Moros i Cristianos Benidorm Fiesta (1)\" role=\"img\" ><\/div>\n\t\t\t\t\t\t\t\t\t\t\t<div class=\"elementor-gallery-item__overlay\"><\/div>\n\t\t\t\t\t\t\t\t\t\t\t\t\t\t<\/a>\n\t\t\t\t\t\t\t<a class=\"e-gallery-item elementor-gallery-item elementor-animated-content\" href=\"https:\/\/costablanca-magazin.com\/wp-content\/uploads\/2026\/04\/Moros-i-Cristianos-Benidorm-Fiesta-4.jpg\" data-elementor-open-lightbox=\"yes\" data-elementor-lightbox-slideshow=\"a488339\" data-elementor-lightbox-title=\"Moros i Cristianos Benidorm Fiesta (4)\" data-elementor-lightbox-description=\"Moros i Cristianos Benidorm Fiesta (4)\" data-e-action-hash=\"#elementor-action%3Aaction%3Dlightbox%26settings%3DeyJpZCI6MTE0MjksInVybCI6Imh0dHBzOlwvXC9jb3N0YWJsYW5jYS1tYWdhemluLmNvbVwvd3AtY29udGVudFwvdXBsb2Fkc1wvMjAyNlwvMDRcL01vcm9zLWktQ3Jpc3RpYW5vcy1CZW5pZG9ybS1GaWVzdGEtNC5qcGciLCJzbGlkZXNob3ciOiJhNDg4MzM5In0%3D\">\n\t\t\t\t\t<div class=\"e-gallery-image elementor-gallery-item__image\" data-thumbnail=\"https:\/\/costablanca-magazin.com\/wp-content\/uploads\/2026\/04\/Moros-i-Cristianos-Benidorm-Fiesta-4.jpg\" data-width=\"2259\" data-height=\"2560\" aria-label=\"Moros i Cristianos Benidorm Fiesta (4)\" role=\"img\" ><\/div>\n\t\t\t\t\t\t\t\t\t\t\t<div class=\"elementor-gallery-item__overlay\"><\/div>\n\t\t\t\t\t\t\t\t\t\t\t\t\t\t<\/a>\n\t\t\t\t\t\t\t<a class=\"e-gallery-item elementor-gallery-item elementor-animated-content\" href=\"https:\/\/costablanca-magazin.com\/wp-content\/uploads\/2026\/04\/Moros-i-Cristianos-Benidorm-Fiesta-5.jpg\" data-elementor-open-lightbox=\"yes\" data-elementor-lightbox-slideshow=\"a488339\" data-elementor-lightbox-title=\"Moros i Cristianos Benidorm Fiesta (5)\" data-elementor-lightbox-description=\"Moros i Cristianos Benidorm Fiesta (5)\" data-e-action-hash=\"#elementor-action%3Aaction%3Dlightbox%26settings%3DeyJpZCI6MTE0MzAsInVybCI6Imh0dHBzOlwvXC9jb3N0YWJsYW5jYS1tYWdhemluLmNvbVwvd3AtY29udGVudFwvdXBsb2Fkc1wvMjAyNlwvMDRcL01vcm9zLWktQ3Jpc3RpYW5vcy1CZW5pZG9ybS1GaWVzdGEtNS5qcGciLCJzbGlkZXNob3ciOiJhNDg4MzM5In0%3D\">\n\t\t\t\t\t<div class=\"e-gallery-image elementor-gallery-item__image\" data-thumbnail=\"https:\/\/costablanca-magazin.com\/wp-content\/uploads\/2026\/04\/Moros-i-Cristianos-Benidorm-Fiesta-5.jpg\" data-width=\"2560\" data-height=\"1875\" aria-label=\"Moros i Cristianos Benidorm Fiesta (5)\" role=\"img\" ><\/div>\n\t\t\t\t\t\t\t\t\t\t\t<div class=\"elementor-gallery-item__overlay\"><\/div>\n\t\t\t\t\t\t\t\t\t\t\t\t\t\t<\/a>\n\t\t\t\t\t\t\t<a class=\"e-gallery-item elementor-gallery-item elementor-animated-content\" href=\"https:\/\/costablanca-magazin.com\/wp-content\/uploads\/2024\/07\/Denia-Morros-y-cristianos-4-rotated.jpg\" data-elementor-open-lightbox=\"yes\" data-elementor-lightbox-slideshow=\"a488339\" data-elementor-lightbox-title=\"Denia-Morros-y-cristianos (4)\" data-elementor-lightbox-description=\"Fiesta Moros y cristianos Denia \" data-e-action-hash=\"#elementor-action%3Aaction%3Dlightbox%26settings%3DeyJpZCI6MTU1MCwidXJsIjoiaHR0cHM6XC9cL2Nvc3RhYmxhbmNhLW1hZ2F6aW4uY29tXC93cC1jb250ZW50XC91cGxvYWRzXC8yMDI0XC8wN1wvRGVuaWEtTW9ycm9zLXktY3Jpc3RpYW5vcy00LXJvdGF0ZWQuanBnIiwic2xpZGVzaG93IjoiYTQ4ODMzOSJ9\">\n\t\t\t\t\t<div class=\"e-gallery-image elementor-gallery-item__image\" data-thumbnail=\"https:\/\/costablanca-magazin.com\/wp-content\/uploads\/2024\/07\/Denia-Morros-y-cristianos-4-rotated.jpg\" data-width=\"1920\" data-height=\"2560\" aria-label=\"Fiesta Moros y cristianos Denia 1\" role=\"img\" ><\/div>\n\t\t\t\t\t\t\t\t\t\t\t<div class=\"elementor-gallery-item__overlay\"><\/div>\n\t\t\t\t\t\t\t\t\t\t\t\t\t\t<\/a>\n\t\t\t\t\t<\/div>\n\t\t\t\t\t<\/div>\n\t\t\t\t<\/div>\n\t\t\t\t<\/div>\n\t\t<div class=\"elementor-element elementor-element-5ad7dcb e-con-full e-flex e-con e-child\" data-id=\"5ad7dcb\" data-element_type=\"container\" data-e-type=\"container\">\n\t\t\t\t<div class=\"elementor-element elementor-element-30f3ed5 elementor-widget elementor-widget-gallery\" data-id=\"30f3ed5\" data-element_type=\"widget\" data-e-type=\"widget\" data-settings=\"{&quot;gallery_layout&quot;:&quot;masonry&quot;,&quot;columns&quot;:1,&quot;lazyload&quot;:&quot;yes&quot;,&quot;columns_tablet&quot;:2,&quot;columns_mobile&quot;:1,&quot;gap&quot;:{&quot;unit&quot;:&quot;px&quot;,&quot;size&quot;:10,&quot;sizes&quot;:[]},&quot;gap_tablet&quot;:{&quot;unit&quot;:&quot;px&quot;,&quot;size&quot;:10,&quot;sizes&quot;:[]},&quot;gap_mobile&quot;:{&quot;unit&quot;:&quot;px&quot;,&quot;size&quot;:10,&quot;sizes&quot;:[]},&quot;link_to&quot;:&quot;file&quot;,&quot;overlay_background&quot;:&quot;yes&quot;,&quot;content_hover_animation&quot;:&quot;fade-in&quot;}\" data-widget_type=\"gallery.default\">\n\t\t\t\t<div class=\"elementor-widget-container\">\n\t\t\t\t\t\t\t<div class=\"elementor-gallery__container\">\n\t\t\t\t\t\t\t<a class=\"e-gallery-item elementor-gallery-item elementor-animated-content\" href=\"https:\/\/costablanca-magazin.com\/wp-content\/uploads\/2025\/06\/moros-benissa-3.jpg\" data-elementor-open-lightbox=\"yes\" data-elementor-lightbox-slideshow=\"30f3ed5\" data-elementor-lightbox-title=\"Moros y Cristianos Benissa\" data-elementor-lightbox-description=\"Moros y Cristianos Benissa\" data-e-action-hash=\"#elementor-action%3Aaction%3Dlightbox%26settings%3DeyJpZCI6NzYxNywidXJsIjoiaHR0cHM6XC9cL2Nvc3RhYmxhbmNhLW1hZ2F6aW4uY29tXC93cC1jb250ZW50XC91cGxvYWRzXC8yMDI1XC8wNlwvbW9yb3MtYmVuaXNzYS0zLmpwZyIsInNsaWRlc2hvdyI6IjMwZjNlZDUifQ%3D%3D\">\n\t\t\t\t\t<div class=\"e-gallery-image elementor-gallery-item__image\" data-thumbnail=\"https:\/\/costablanca-magazin.com\/wp-content\/uploads\/2025\/06\/moros-benissa-3.jpg\" data-width=\"1200\" data-height=\"500\" aria-label=\"Moros y Cristianos Benissa\" role=\"img\" ><\/div>\n\t\t\t\t\t\t\t\t\t\t\t<div class=\"elementor-gallery-item__overlay\"><\/div>\n\t\t\t\t\t\t\t\t\t\t\t\t\t\t<\/a>\n\t\t\t\t\t\t\t<a class=\"e-gallery-item elementor-gallery-item elementor-animated-content\" href=\"https:\/\/costablanca-magazin.com\/wp-content\/uploads\/2025\/04\/Moros-i-christianos-Alcoy-1.jpg\" data-elementor-open-lightbox=\"yes\" data-elementor-lightbox-slideshow=\"30f3ed5\" data-elementor-lightbox-title=\"Moros i christianos Alcoy\" data-elementor-lightbox-description=\"Moros i christianos Alcoy\" data-e-action-hash=\"#elementor-action%3Aaction%3Dlightbox%26settings%3DeyJpZCI6NjU5NCwidXJsIjoiaHR0cHM6XC9cL2Nvc3RhYmxhbmNhLW1hZ2F6aW4uY29tXC93cC1jb250ZW50XC91cGxvYWRzXC8yMDI1XC8wNFwvTW9yb3MtaS1jaHJpc3RpYW5vcy1BbGNveS0xLmpwZyIsInNsaWRlc2hvdyI6IjMwZjNlZDUifQ%3D%3D\">\n\t\t\t\t\t<div class=\"e-gallery-image elementor-gallery-item__image\" data-thumbnail=\"https:\/\/costablanca-magazin.com\/wp-content\/uploads\/2025\/04\/Moros-i-christianos-Alcoy-1.jpg\" data-width=\"859\" data-height=\"1200\" aria-label=\"Moros en christianos Alcoy\" role=\"img\" ><\/div>\n\t\t\t\t\t\t\t\t\t\t\t<div class=\"elementor-gallery-item__overlay\"><\/div>\n\t\t\t\t\t\t\t\t\t\t\t\t\t\t<\/a>\n\t\t\t\t\t\t\t<a class=\"e-gallery-item elementor-gallery-item elementor-animated-content\" href=\"https:\/\/costablanca-magazin.com\/wp-content\/uploads\/2024\/07\/shutterstock_1558707188-moros-y-cristianos-scaled.jpg\" data-elementor-open-lightbox=\"yes\" data-elementor-lightbox-slideshow=\"30f3ed5\" data-elementor-lightbox-title=\"Fiesta Moros y cristianos Denia 2024\" data-elementor-lightbox-description=\"Fiesta Moros y cristianos Denia 2024\" data-e-action-hash=\"#elementor-action%3Aaction%3Dlightbox%26settings%3DeyJpZCI6MTU0NywidXJsIjoiaHR0cHM6XC9cL2Nvc3RhYmxhbmNhLW1hZ2F6aW4uY29tXC93cC1jb250ZW50XC91cGxvYWRzXC8yMDI0XC8wN1wvc2h1dHRlcnN0b2NrXzE1NTg3MDcxODgtbW9yb3MteS1jcmlzdGlhbm9zLXNjYWxlZC5qcGciLCJzbGlkZXNob3ciOiIzMGYzZWQ1In0%3D\">\n\t\t\t\t\t<div class=\"e-gallery-image elementor-gallery-item__image\" data-thumbnail=\"https:\/\/costablanca-magazin.com\/wp-content\/uploads\/2024\/07\/shutterstock_1558707188-moros-y-cristianos-scaled.jpg\" data-width=\"1707\" data-height=\"2560\" aria-label=\"Fiesta Moros y cristianos Denia 2024\" role=\"img\" ><\/div>\n\t\t\t\t\t\t\t\t\t\t\t<div class=\"elementor-gallery-item__overlay\"><\/div>\n\t\t\t\t\t\t\t\t\t\t\t\t\t\t<\/a>\n\t\t\t\t\t\t\t<a class=\"e-gallery-item elementor-gallery-item elementor-animated-content\" href=\"https:\/\/costablanca-magazin.com\/wp-content\/uploads\/2025\/09\/calpe-moros.jpg\" data-elementor-open-lightbox=\"yes\" data-elementor-lightbox-slideshow=\"30f3ed5\" data-elementor-lightbox-title=\"calpe moros y cristianos\" data-elementor-lightbox-description=\"calpe moros y cristianos\" data-e-action-hash=\"#elementor-action%3Aaction%3Dlightbox%26settings%3DeyJpZCI6ODczOCwidXJsIjoiaHR0cHM6XC9cL2Nvc3RhYmxhbmNhLW1hZ2F6aW4uY29tXC93cC1jb250ZW50XC91cGxvYWRzXC8yMDI1XC8wOVwvY2FscGUtbW9yb3MuanBnIiwic2xpZGVzaG93IjoiMzBmM2VkNSJ9\">\n\t\t\t\t\t<div class=\"e-gallery-image elementor-gallery-item__image\" data-thumbnail=\"https:\/\/costablanca-magazin.com\/wp-content\/uploads\/2025\/09\/calpe-moros.jpg\" data-width=\"1200\" data-height=\"539\" aria-label=\"calpe moros y cristianos\" role=\"img\" ><\/div>\n\t\t\t\t\t\t\t\t\t\t\t<div class=\"elementor-gallery-item__overlay\"><\/div>\n\t\t\t\t\t\t\t\t\t\t\t\t\t\t<\/a>\n\t\t\t\t\t<\/div>\n\t\t\t\t\t<\/div>\n\t\t\t\t<\/div>\n\t\t\t\t<\/div>\n\t\t<div class=\"elementor-element elementor-element-e1f95d3 e-con-full e-flex e-con e-child\" data-id=\"e1f95d3\" data-element_type=\"container\" data-e-type=\"container\">\n\t\t\t\t<div class=\"elementor-element elementor-element-109d10e elementor-widget elementor-widget-text-editor\" data-id=\"109d10e\" data-element_type=\"widget\" data-e-type=\"widget\" data-widget_type=\"text-editor.default\">\n\t\t\t\t<div class=\"elementor-widget-container\">\n\t\t\t\t\t\t\t\t\t<h3><strong>Guardamar, Orihuela en Almorad\u00ed - de sterke data in het zuiden<\/strong><\/h3><p>Het is ook de moeite waard om een kijkje te nemen op de feestkalender in het zuiden van de Costa Blanca. Guardamar del Segura viert feest van 17 tot 27 juli als onderdeel van de Fiestas Patronales ter ere van San Jaime. Almorad\u00ed combineert Feria en Moros y Cristianos van 24 juli tot 2 augustus. Orihuela richt zich op een bijzonder sterke historische referentie met zijn Fiestas de la Reconquista.<\/p><p>Voor lezers uit Torrevieja, Orihuela Costa, La Zenia, Guardamar en de Vega Baja zijn deze data vaak dichterbij en praktischer dan de grote festivals in het noorden.<\/p><h3><strong>Villajoyosa - de klassieker met Desembarco<\/strong><\/h3><ol start=\"24\"><li>juli tot 2 augustus 2026<\/li><\/ol><p>Villajoyosa is de grote naam onder de Moros-y-Cristianos-festivals aan de Costa Blanca. De festiviteiten ter ere van Santa Marta lopen elk jaar van 24 juli tot 2 augustus 2026, met als bekendste act de Desembarco, de nagespeelde landing op het strand.<\/p><p>Dit gaat niet alleen over een parade. Villajoyosa combineert de zee, de geschiedenis van de stad, muziek, feestelijke groepen en een productie die tot ver buiten de regio bekend is. La Vila Joiosa is het duidelijke zomerhoogtepunt van de evenementenkalender.<\/p><h3><strong>D\u00e9nia - Sant Roc en Moros y Cristianos<\/strong><\/h3><p>13-16 augustus 2026<\/p><p>D\u00e9nia viert traditioneel zijn Moros y Cristianos in augustus ter ere van Sant Roc. De gedetailleerde programma's worden meestal later gepubliceerd, maar de periode 13-16 augustus moet al worden genoteerd.<\/p><p>De parades trekken door de centrale delen van de stad. Dit maakt D\u00e9nia een van de belangrijkste data in augustus voor de noordelijke Costa Blanca.<\/p><h2><strong>Noteer nu de herfstdata<\/strong><\/h2><h3><strong>Murcia - perifere regio met een sterke festivalkalender<\/strong><\/h3><ol start=\"9\"><li>tot 16 september 2026<\/li><\/ol><p>Murcia ligt buiten de Costa Blanca, maar is gemakkelijk bereikbaar voor lezers uit Torrevieja, La Zenia en Orihuela Costa. De Moros y Cristianos de Murcia loopt van 9 tot 16 september 2026 en is een sterke extra datum voor het zuiden.<\/p><h3><strong>Altea - Moros y Cristianos en Festes Majors<\/strong><\/h3><p>26 tot 30 september 2026<\/p><p>Altea is een van de belangrijkste herfstfeesten in de Marina Baixa. De Moros y Cristianos maken deel uit van de grote lokale festiviteiten en lopen van 26 tot 30 september 2026.<\/p><p>Na de zomerfestivals brengt Altea weer een vol programma met parades, muziek en avondevenementen op de kalender.<\/p><h3><strong>Benidorm - Moros y Cristianos in oktober<\/strong><\/h3><ol><li>tot 4 oktober 2026<\/li><\/ol><p>Benidorm viert zijn Moros y Cristianos 2026 van 1 tot 4 oktober. Dit is een belangrijke datum voor de Marina Baixa: centraal, gemakkelijk bereikbaar en met de zichtbaarheid die Benidorm bijna automatisch met zich meebrengt voor evenementen.<\/p><h3><strong>Calp \/ Calpe - Jubileumjaar voor de Fiesta<\/strong><\/h3><p>16 tot 22 oktober 2026<\/p><p>Calp is vooral interessant in 2026 omdat de Moros y Cristianos er hun 50e verjaardag vieren. De vieringen vinden traditioneel plaats in oktober. De exacte hoofddagen moeten nog een keer worden gecontroleerd via de Ayuntamiento of de website van het festival voordat de evenementenkalender wordt gepubliceerd.<\/p><p>Dit jaar maakt de verjaardag Calp redactiever dan normaal. Voor lezers uit Calp, Benissa, Moraira en Altea hoort de datum in de agenda.<\/p>\t\t\t\t\t\t\t\t<\/div>\n\t\t\t\t<\/div>\n\t\t\t\t<\/div>\n\t\t\t\t\t<\/div>\n\t\t\t\t<\/div>\n\t\t<div class=\"elementor-element elementor-element-eaec696 e-flex e-con-boxed e-con e-parent\" data-id=\"eaec696\" data-element_type=\"container\" data-e-type=\"container\">\n\t\t\t\t\t<div class=\"e-con-inner\">\n\t\t<div class=\"elementor-element elementor-element-28e53db e-con-full e-flex e-con e-child\" data-id=\"28e53db\" data-element_type=\"container\" data-e-type=\"container\">\n\t\t\t\t<div class=\"elementor-element elementor-element-8cf6bbe elementor-widget elementor-widget-text-editor\" data-id=\"8cf6bbe\" data-element_type=\"widget\" data-e-type=\"widget\" data-widget_type=\"text-editor.default\">\n\t\t\t\t<div class=\"elementor-widget-container\">\n\t\t\t\t\t\t\t\t\t<h2><strong>Data 2026 om te noteren<\/strong><\/h2><table><thead><tr><td><p>Locatie<\/p><\/td><td><p>Datum 2026<\/p><\/td><td><p>Opmerking<\/p><\/td><\/tr><\/thead><tbody><tr><td><p>Moraira<\/p><\/td><td><p>5-14 juni<\/p><\/td><td><p>Conquista Mora, Reconquista Cristiana, Galaparade<\/p><\/td><\/tr><tr><td><p>Benissa<\/p><\/td><td><p>28 juni-2 juli<\/p><\/td><td><p>Moros y Cristianos ter ere van San Pedro<\/p><\/td><\/tr><tr><td><p>X\u00e0bia \/ J\u00e1vea<\/p><\/td><td><p>11-19 juli, grote optochten 18\/19 juli<\/p><\/td><td><p>Havengebied Duanes de la Mar<\/p><\/td><\/tr><tr><td><p>Guardamar del Segura<\/p><\/td><td><p>17-27 juli<\/p><\/td><td><p>Patronale feesten en Moros y Cristianos<\/p><\/td><\/tr><tr><td><p>Villajoyosa \/ La Vila Joiosa<\/p><\/td><td><p>24-31 juli<\/p><\/td><td><p>Desembarco, een van de bekendste data<\/p><\/td><\/tr><tr><td><p>Almorad\u00ed<\/p><\/td><td><p>24 juli-2 augustus<\/p><\/td><td><p>Feria en Moros y Cristianos<\/p><\/td><\/tr><tr><td><p>Orihuela<\/p><\/td><td><p>Juli<\/p><\/td><td><p>Feesten van de Reconquista<\/p><\/td><\/tr><tr><td><p>D\u00e9nia<\/p><\/td><td><p>13-16 augustus<\/p><\/td><td><p>Ter ere van Sant Roc<\/p><\/td><\/tr><tr><td><p>Murcia<\/p><\/td><td><p>9-16 september<\/p><\/td><td><p>Perifeer gebied, vooral interessant voor het zuiden<\/p><\/td><\/tr><tr><td><p>Altea<\/p><\/td><td><p>26-30 september<\/p><\/td><td><p>Herfstuitje in de Marina Baixa<\/p><\/td><\/tr><tr><td><p>Benidorm<\/p><\/td><td><p>1-4 oktober<\/p><\/td><td><p>Moros y Cristianos in het centrum<\/p><\/td><\/tr><tr><td><p>Calp \/ Calpe<\/p><\/td><td><p>16-22 oktober<\/p><\/td><td><p>50 jaar Moros y Cristianos<\/p><\/td><\/tr><\/tbody><\/table><h2><strong>Praktisch denken: wacht niet tot het laatste moment<\/strong><\/h2><p>In Moros y Cristianos verandert een normaal stadscentrum al snel in een festivalzone. Wegen worden afgesloten, parkeerplaatsen verdwijnen en restaurants langs de parade routes zitten al vroeg vol. Als je een van de grote desfiles wilt zien, kun je beter wat extra tijd inplannen.<\/p><p>Voor gezinnen: trommels, toeters en vuurwerk kunnen behoorlijk luidruchtig zijn. In bredere straten kun je de formaties beter zien, in smalle steegjes sta je dichter bij de muziek en de feestende groepen. Beide hebben hun aantrekkingskracht - het is alleen zo dat spontaan doorrijden op zulke avonden zelden lukt.<\/p><h2><strong>Waarom deze festivals blijven<\/strong><\/h2><p>Moros y Cristianos zijn niet effectief omdat ze soepel in sc\u00e8ne worden gezet. Ze werken omdat de steden er zelf achter staan. Feestgroepen, muziekclubs, families, kleermakers, vrijwilligers, gemeentehuizen en hele buurten werken maandenlang naar deze dagen toe.<\/p><p>Je kunt de inspanning zien. Je kunt het horen. En je merkt al snel dat niemand alleen maar door de straten paradeert voor een paar foto's. Deze feesten horen bij de Costa Blanca zoals bijna geen ander zomer- en herfstfeest: luid, precies, soms uitbundig - maar nooit willekeurig.<\/p>\t\t\t\t\t\t\t\t<\/div>\n\t\t\t\t<\/div>\n\t\t\t\t<\/div>\n\t\t<div class=\"elementor-element elementor-element-f3b986e e-con-full e-flex e-con e-child\" data-id=\"f3b986e\" data-element_type=\"container\" data-e-type=\"container\">\n\t\t\t\t<div class=\"elementor-element elementor-element-2bc6342 elementor-widget elementor-widget-gallery\" data-id=\"2bc6342\" data-element_type=\"widget\" data-e-type=\"widget\" data-settings=\"{&quot;gallery_layout&quot;:&quot;masonry&quot;,&quot;columns&quot;:1,&quot;lazyload&quot;:&quot;yes&quot;,&quot;columns_tablet&quot;:2,&quot;columns_mobile&quot;:1,&quot;gap&quot;:{&quot;unit&quot;:&quot;px&quot;,&quot;size&quot;:10,&quot;sizes&quot;:[]},&quot;gap_tablet&quot;:{&quot;unit&quot;:&quot;px&quot;,&quot;size&quot;:10,&quot;sizes&quot;:[]},&quot;gap_mobile&quot;:{&quot;unit&quot;:&quot;px&quot;,&quot;size&quot;:10,&quot;sizes&quot;:[]},&quot;link_to&quot;:&quot;file&quot;,&quot;overlay_background&quot;:&quot;yes&quot;,&quot;content_hover_animation&quot;:&quot;fade-in&quot;}\" data-widget_type=\"gallery.default\">\n\t\t\t\t<div class=\"elementor-widget-container\">\n\t\t\t\t\t\t\t<div class=\"elementor-gallery__container\">\n\t\t\t\t\t\t\t<a class=\"e-gallery-item elementor-gallery-item elementor-animated-content\" href=\"https:\/\/costablanca-magazin.com\/wp-content\/uploads\/2024\/07\/Denia-Morros-y-cristianos-6-scaled.jpg\" data-elementor-open-lightbox=\"yes\" data-elementor-lightbox-slideshow=\"2bc6342\" data-elementor-lightbox-title=\"Denia-Morros-y-cristianos (6)\" data-elementor-lightbox-description=\"Fiesta Moros y cristianos Denia \" data-e-action-hash=\"#elementor-action%3Aaction%3Dlightbox%26settings%3DeyJpZCI6MTU1MSwidXJsIjoiaHR0cHM6XC9cL2Nvc3RhYmxhbmNhLW1hZ2F6aW4uY29tXC93cC1jb250ZW50XC91cGxvYWRzXC8yMDI0XC8wN1wvRGVuaWEtTW9ycm9zLXktY3Jpc3RpYW5vcy02LXNjYWxlZC5qcGciLCJzbGlkZXNob3ciOiIyYmM2MzQyIn0%3D\">\n\t\t\t\t\t<div class=\"e-gallery-image elementor-gallery-item__image\" data-thumbnail=\"https:\/\/costablanca-magazin.com\/wp-content\/uploads\/2024\/07\/Denia-Morros-y-cristianos-6-scaled.jpg\" data-width=\"2049\" data-height=\"2560\" aria-label=\"Fiesta Moros y cristianos Denia 2\" role=\"img\" ><\/div>\n\t\t\t\t\t\t\t\t\t\t\t<div class=\"elementor-gallery-item__overlay\"><\/div>\n\t\t\t\t\t\t\t\t\t\t\t\t\t\t<\/a>\n\t\t\t\t\t\t\t<a class=\"e-gallery-item elementor-gallery-item elementor-animated-content\" href=\"https:\/\/costablanca-magazin.com\/wp-content\/uploads\/2024\/07\/Denia-Morros-y-cristianos-8-scaled.jpg\" data-elementor-open-lightbox=\"yes\" data-elementor-lightbox-slideshow=\"2bc6342\" data-elementor-lightbox-title=\"Denia-Morros-y-cristianos (8)\" data-elementor-lightbox-description=\"Fiesta Moros y cristianos Denia \" data-e-action-hash=\"#elementor-action%3Aaction%3Dlightbox%26settings%3DeyJpZCI6MTU1MiwidXJsIjoiaHR0cHM6XC9cL2Nvc3RhYmxhbmNhLW1hZ2F6aW4uY29tXC93cC1jb250ZW50XC91cGxvYWRzXC8yMDI0XC8wN1wvRGVuaWEtTW9ycm9zLXktY3Jpc3RpYW5vcy04LXNjYWxlZC5qcGciLCJzbGlkZXNob3ciOiIyYmM2MzQyIn0%3D\">\n\t\t\t\t\t<div class=\"e-gallery-image elementor-gallery-item__image\" data-thumbnail=\"https:\/\/costablanca-magazin.com\/wp-content\/uploads\/2024\/07\/Denia-Morros-y-cristianos-8-scaled.jpg\" data-width=\"2174\" data-height=\"2560\" aria-label=\"Fiesta Moros y cristianos Denia 3\" role=\"img\" ><\/div>\n\t\t\t\t\t\t\t\t\t\t\t<div class=\"elementor-gallery-item__overlay\"><\/div>\n\t\t\t\t\t\t\t\t\t\t\t\t\t\t<\/a>\n\t\t\t\t\t\t\t<a class=\"e-gallery-item elementor-gallery-item elementor-animated-content\" href=\"https:\/\/costablanca-magazin.com\/wp-content\/uploads\/2026\/04\/cusco-peru-may-12-school-children-in-uniform-2026-03-26-11-38-04-utc.jpg\" data-elementor-open-lightbox=\"yes\" data-elementor-lightbox-slideshow=\"2bc6342\" data-elementor-lightbox-title=\"Moros y Cristianos\" data-elementor-lightbox-description=\"Moros y Cristianos\" data-e-action-hash=\"#elementor-action%3Aaction%3Dlightbox%26settings%3DeyJpZCI6MTE0MzMsInVybCI6Imh0dHBzOlwvXC9jb3N0YWJsYW5jYS1tYWdhemluLmNvbVwvd3AtY29udGVudFwvdXBsb2Fkc1wvMjAyNlwvMDRcL2N1c2NvLXBlcnUtbWF5LTEyLXNjaG9vbC1jaGlsZHJlbi1pbi11bmlmb3JtLTIwMjYtMDMtMjYtMTEtMzgtMDQtdXRjLmpwZyIsInNsaWRlc2hvdyI6IjJiYzYzNDIifQ%3D%3D\">\n\t\t\t\t\t<div class=\"e-gallery-image elementor-gallery-item__image\" data-thumbnail=\"https:\/\/costablanca-magazin.com\/wp-content\/uploads\/2026\/04\/cusco-peru-may-12-school-children-in-uniform-2026-03-26-11-38-04-utc.jpg\" data-width=\"2560\" data-height=\"1707\" aria-label=\"Moros y Cristianos\" role=\"img\" ><\/div>\n\t\t\t\t\t\t\t\t\t\t\t<div class=\"elementor-gallery-item__overlay\"><\/div>\n\t\t\t\t\t\t\t\t\t\t\t\t\t\t<\/a>\n\t\t\t\t\t\t\t<a class=\"e-gallery-item elementor-gallery-item elementor-animated-content\" href=\"https:\/\/costablanca-magazin.com\/wp-content\/uploads\/2026\/04\/medieval-knights-templar-at-war-history-and-repre-2026-03-25-22-49-56-utc.jpg\" data-elementor-open-lightbox=\"yes\" data-elementor-lightbox-slideshow=\"2bc6342\" data-elementor-lightbox-title=\"medieval-knights-templar-at-war-history-and-repre-2026-03-25-22-49-56-utc\" data-elementor-lightbox-description=\"Moros y Cristianos\" data-e-action-hash=\"#elementor-action%3Aaction%3Dlightbox%26settings%3DeyJpZCI6MTE0MzQsInVybCI6Imh0dHBzOlwvXC9jb3N0YWJsYW5jYS1tYWdhemluLmNvbVwvd3AtY29udGVudFwvdXBsb2Fkc1wvMjAyNlwvMDRcL21lZGlldmFsLWtuaWdodHMtdGVtcGxhci1hdC13YXItaGlzdG9yeS1hbmQtcmVwcmUtMjAyNi0wMy0yNS0yMi00OS01Ni11dGMuanBnIiwic2xpZGVzaG93IjoiMmJjNjM0MiJ9\">\n\t\t\t\t\t<div class=\"e-gallery-image elementor-gallery-item__image\" data-thumbnail=\"https:\/\/costablanca-magazin.com\/wp-content\/uploads\/2026\/04\/medieval-knights-templar-at-war-history-and-repre-2026-03-25-22-49-56-utc.jpg\" data-width=\"2060\" data-height=\"2221\" aria-label=\"Moros y Cristianos\" role=\"img\" ><\/div>\n\t\t\t\t\t\t\t\t\t\t\t<div class=\"elementor-gallery-item__overlay\"><\/div>\n\t\t\t\t\t\t\t\t\t\t\t\t\t\t<\/a>\n\t\t\t\t\t<\/div>\n\t\t\t\t\t<\/div>\n\t\t\t\t<\/div>\n\t\t\t\t<\/div>\n\t\t\t\t\t<\/div>\n\t\t\t\t<\/div>\n\t\t<div class=\"elementor-element elementor-element-1b4c618 e-flex e-con-boxed e-con e-parent\" data-id=\"1b4c618\" data-element_type=\"container\" data-e-type=\"container\">\n\t\t\t\t\t<div class=\"e-con-inner\">\n\t\t\t\t<div class=\"elementor-element elementor-element-fc1c004 elementor-widget-divider--view-line elementor-widget elementor-widget-divider\" data-id=\"fc1c004\" data-element_type=\"widget\" data-e-type=\"widget\" data-widget_type=\"divider.default\">\n\t\t\t\t<div class=\"elementor-widget-container\">\n\t\t\t\t\t\t\t<div class=\"elementor-divider\">\n\t\t\t<span class=\"elementor-divider-separator\">\n\t\t\t\t\t\t<\/span>\n\t\t<\/div>\n\t\t\t\t\t\t<\/div>\n\t\t\t\t<\/div>\n\t\t\t\t\t<\/div>\n\t\t\t\t<\/div>\n\t\t<div class=\"elementor-element elementor-element-81b4420 e-flex e-con-boxed e-con e-parent\" data-id=\"81b4420\" data-element_type=\"container\" data-e-type=\"container\">\n\t\t\t\t\t<div class=\"e-con-inner\">\n\t\t\t\t<div class=\"elementor-element elementor-element-bff3923 elementor-grid-3 elementor-grid-tablet-2 elementor-grid-mobile-1 elementor-posts--thumbnail-top elementor-posts--show-avatar elementor-card-shadow-yes elementor-posts__hover-gradient elementor-widget elementor-widget-posts\" data-id=\"bff3923\" data-element_type=\"widget\" data-e-type=\"widget\" data-settings=\"{&quot;cards_columns&quot;:&quot;3&quot;,&quot;cards_columns_tablet&quot;:&quot;2&quot;,&quot;cards_columns_mobile&quot;:&quot;1&quot;,&quot;cards_row_gap&quot;:{&quot;unit&quot;:&quot;px&quot;,&quot;size&quot;:35,&quot;sizes&quot;:[]},&quot;cards_row_gap_tablet&quot;:{&quot;unit&quot;:&quot;px&quot;,&quot;size&quot;:&quot;&quot;,&quot;sizes&quot;:[]},&quot;cards_row_gap_mobile&quot;:{&quot;unit&quot;:&quot;px&quot;,&quot;size&quot;:&quot;&quot;,&quot;sizes&quot;:[]}}\" data-widget_type=\"posts.cards\">\n\t\t\t\t<div class=\"elementor-widget-container\">\n\t\t\t\t\t\t\t<div class=\"elementor-posts-container elementor-posts elementor-posts--skin-cards elementor-grid\" role=\"list\">\n\t\t\t\t<article class=\"elementor-post elementor-grid-item post-11128 post type-post status-publish format-standard has-post-thumbnail hentry category-aktivitaeten-und-ausfluege tag-domingo-de-ramos-elche tag-easter-costa-blanca-events tag-ostern-costa-blanca tag-osterprozession-alicante tag-procesiones-semana-santa-alicante tag-semana-santa-alicante tag-semana-santa-costa-blanca tag-semana-santa-denia tag-semana-santa-elche-2 tag-semana-santa-orihuela\" role=\"listitem\">\n\t\t\t<div class=\"elementor-post__card\">\n\t\t\t\t<a class=\"elementor-post__thumbnail__link\" href=\"https:\/\/costablanca-magazin.com\/nl\/freizeit\/aktivitaeten-und-ausfluege\/ostern-an-der-costa-blanca-semana-santa-und-prozessionen\/\" tabindex=\"-1\" ><div class=\"elementor-post__thumbnail\"><img fetchpriority=\"high\" decoding=\"async\" width=\"683\" height=\"1024\" src=\"https:\/\/costablanca-magazin.com\/wp-content\/uploads\/2025\/03\/people-wearing-uniforms-and-bearing-the-statue-of-2025-02-09-13-18-51-utc-683x1024.jpg\" class=\"attachment-large size-large wp-image-5306\" alt=\"Pasen en geschiedenis: de belangrijkste kerken en religieuze plaatsen aan de Costa Blanca 2\" srcset=\"https:\/\/costablanca-magazin.com\/wp-content\/uploads\/2025\/03\/people-wearing-uniforms-and-bearing-the-statue-of-2025-02-09-13-18-51-utc-683x1024.jpg 683w, https:\/\/costablanca-magazin.com\/wp-content\/uploads\/2025\/03\/people-wearing-uniforms-and-bearing-the-statue-of-2025-02-09-13-18-51-utc-200x300.jpg 200w, https:\/\/costablanca-magazin.com\/wp-content\/uploads\/2025\/03\/people-wearing-uniforms-and-bearing-the-statue-of-2025-02-09-13-18-51-utc-768x1152.jpg 768w, https:\/\/costablanca-magazin.com\/wp-content\/uploads\/2025\/03\/people-wearing-uniforms-and-bearing-the-statue-of-2025-02-09-13-18-51-utc-1024x1536.jpg 1024w, https:\/\/costablanca-magazin.com\/wp-content\/uploads\/2025\/03\/people-wearing-uniforms-and-bearing-the-statue-of-2025-02-09-13-18-51-utc-1365x2048.jpg 1365w, https:\/\/costablanca-magazin.com\/wp-content\/uploads\/2025\/03\/people-wearing-uniforms-and-bearing-the-statue-of-2025-02-09-13-18-51-utc-scaled.jpg 1707w\" sizes=\"(max-width: 683px) 100vw, 683px\" \/><\/div><\/a>\n\t\t\t\t<div class=\"elementor-post__badge\">Activiteiten en excursies<\/div>\n\t\t\t\t<div class=\"elementor-post__avatar\">\n\t\t\t\t\t<\/div>\n\t\t\t\t<div class=\"elementor-post__text\">\n\t\t\t\t<span class=\"elementor-post__title\">\n\t\t\t<a href=\"https:\/\/costablanca-magazin.com\/nl\/freizeit\/aktivitaeten-und-ausfluege\/ostern-an-der-costa-blanca-semana-santa-und-prozessionen\/\" >\n\t\t\t\tPasen aan de Costa Blanca - Semana Santa en processies\t\t\t<\/a>\n\t\t<\/span>\n\t\t\t\t<div class=\"elementor-post__excerpt\">\n\t\t\t<p>Pasen aan de Costa Blanca - Semana Santa en processies Pasen aan de Costa Blanca: processies, broederschappen en tradities van de Costa Blanca<\/p>\n\t\t<\/div>\n\t\t\n\t\t<a class=\"elementor-post__read-more\" href=\"https:\/\/costablanca-magazin.com\/nl\/freizeit\/aktivitaeten-und-ausfluege\/ostern-an-der-costa-blanca-semana-santa-und-prozessionen\/\" aria-label=\"Lees meer over Pasen aan de Costa Blanca - Semana Santa en processies\" tabindex=\"-1\" >\n\t\t\tLees meer \u00bb\t\t<\/a>\n\n\t\t\t\t<\/div>\n\t\t\t\t\t<\/div>\n\t\t<\/article>\n\t\t\t\t<article class=\"elementor-post elementor-grid-item post-11085 post type-post status-publish format-standard has-post-thumbnail hentry category-aktivitaeten-und-ausfluege tag-chocolates-valor-museum tag-schokolade-villajoyosa tag-schokoladenfabriken-costa-blanca tag-schokoladenroute-villajoyosa tag-traditionelle-suesswaren-villajoyosa tag-turron-villajoyosa\" role=\"listitem\">\n\t\t\t<div class=\"elementor-post__card\">\n\t\t\t\t<a class=\"elementor-post__thumbnail__link\" href=\"https:\/\/costablanca-magazin.com\/nl\/freizeit\/aktivitaeten-und-ausfluege\/schokoladen-route-villajoyosa-suesse-tradition-entdecken\/\" tabindex=\"-1\" ><div class=\"elementor-post__thumbnail\"><img decoding=\"async\" width=\"684\" height=\"1024\" src=\"https:\/\/costablanca-magazin.com\/wp-content\/uploads\/2025\/09\/cocoa-drink-2025-01-10-22-33-37-utc-684x1024.jpg\" class=\"attachment-large size-large wp-image-8964\" alt=\"Villajoyosa \u2013 De geheime hoofdstad van de snoepjes\" \/><\/div><\/a>\n\t\t\t\t<div class=\"elementor-post__badge\">Activiteiten en excursies<\/div>\n\t\t\t\t<div class=\"elementor-post__avatar\">\n\t\t\t\t\t<\/div>\n\t\t\t\t<div class=\"elementor-post__text\">\n\t\t\t\t<span class=\"elementor-post__title\">\n\t\t\t<a href=\"https:\/\/costablanca-magazin.com\/nl\/freizeit\/aktivitaeten-und-ausfluege\/schokoladen-route-villajoyosa-suesse-tradition-entdecken\/\" >\n\t\t\t\tVillajoyosa chocolade route - ontdek zoete traditie\t\t\t<\/a>\n\t\t<\/span>\n\t\t\t\t<div class=\"elementor-post__excerpt\">\n\t\t\t<p>Chocoladeroute Villajoyosa - Ontdek de zoete traditie Villajoyosa wordt beschouwd als de chocoladestad van Spanje. De route van de chocolade- en turr\u00f3nindustrie leidt naar traditionele bedrijven<\/p>\n\t\t<\/div>\n\t\t\n\t\t<a class=\"elementor-post__read-more\" href=\"https:\/\/costablanca-magazin.com\/nl\/freizeit\/aktivitaeten-und-ausfluege\/schokoladen-route-villajoyosa-suesse-tradition-entdecken\/\" aria-label=\"Lees meer over Chocoladeroute Villajoyosa - Ontdek de zoete traditie\" tabindex=\"-1\" >\n\t\t\tLees meer \u00bb\t\t<\/a>\n\n\t\t\t\t<\/div>\n\t\t\t\t\t<\/div>\n\t\t<\/article>\n\t\t\t\t<article class=\"elementor-post elementor-grid-item post-11086 post type-post status-publish format-standard has-post-thumbnail hentry category-aktivitaeten-und-ausfluege tag-ausflug-burg-xativa tag-borgia-familie-xativa tag-burg-xativa tag-burg-xativa-geschichte tag-castell-de-xativa tag-sehenswuerdigkeit-xativa-valencia\" role=\"listitem\">\n\t\t\t<div class=\"elementor-post__card\">\n\t\t\t\t<a class=\"elementor-post__thumbnail__link\" href=\"https:\/\/costablanca-magazin.com\/nl\/freizeit\/aktivitaeten-und-ausfluege\/burg-von-xativa-geschichte-der-borgia-festung-entdecken\/\" tabindex=\"-1\" ><div class=\"elementor-post__thumbnail\"><img decoding=\"async\" width=\"512\" height=\"180\" src=\"https:\/\/costablanca-magazin.com\/wp-content\/uploads\/2025\/08\/castell-1-1024x580-2-e1755517144513.jpg\" class=\"attachment-large size-large wp-image-8493\" alt=\"Het kasteel van X\u00e0tiva: geschiedenis, macht en de lange schaduw van de Borgia&#039;s 6\" srcset=\"https:\/\/costablanca-magazin.com\/wp-content\/uploads\/2025\/08\/castell-1-1024x580-2-e1755517144513.jpg 512w, https:\/\/costablanca-magazin.com\/wp-content\/uploads\/2025\/08\/castell-1-1024x580-2-e1755517144513-300x105.jpg 300w\" sizes=\"(max-width: 512px) 100vw, 512px\" \/><\/div><\/a>\n\t\t\t\t<div class=\"elementor-post__badge\">Activiteiten en excursies<\/div>\n\t\t\t\t<div class=\"elementor-post__avatar\">\n\t\t\t\t\t<\/div>\n\t\t\t\t<div class=\"elementor-post__text\">\n\t\t\t\t<span class=\"elementor-post__title\">\n\t\t\t<a href=\"https:\/\/costablanca-magazin.com\/nl\/freizeit\/aktivitaeten-und-ausfluege\/burg-von-xativa-geschichte-der-borgia-festung-entdecken\/\" >\n\t\t\t\tKasteel X\u00e0tiva: ontdek de geschiedenis van het Borgia-fort\t\t\t<\/a>\n\t\t<\/span>\n\t\t\t\t<div class=\"elementor-post__excerpt\">\n\t\t\t<p>Kasteel X\u00e0tiva: ontdek de geschiedenis van het Borgia-fort Kasteel X\u00e0tiva is een van de meest indrukwekkende forten in de regio Valencia. Zijn geschiedenis<\/p>\n\t\t<\/div>\n\t\t\n\t\t<a class=\"elementor-post__read-more\" href=\"https:\/\/costablanca-magazin.com\/nl\/freizeit\/aktivitaeten-und-ausfluege\/burg-von-xativa-geschichte-der-borgia-festung-entdecken\/\" aria-label=\"Lees meer over Kasteel X\u00e0tiva: ontdek de geschiedenis van het Borgia fort\" tabindex=\"-1\" >\n\t\t\tLees meer \u00bb\t\t<\/a>\n\n\t\t\t\t<\/div>\n\t\t\t\t\t<\/div>\n\t\t<\/article>\n\t\t\t\t<\/div>\n\t\t\n\t\t\t\t\t\t<\/div>\n\t\t\t\t<\/div>\n\t\t\t\t\t<\/div>\n\t\t\t\t<\/div>\n\t\t\t\t<\/div>","protected":false},"excerpt":{"rendered":"<p>Moros y Cristianos Costa Blanca 2026 &#8211; Termine und Feste Warum diese Fiestas mehr sind als bunte Umz\u00fcge Erst kommen die Trommeln. Dann die Bl\u00e4ser. Dann f\u00fcllt sich die Stra\u00dfe mit schweren Stoffen, gl\u00e4nzenden Helmen, Federkronen, Standarten, Pferden und Gruppen, die nicht einfach \u201emitlaufen\u201c, sondern ihren Auftritt seit Monaten vorbereiten. Moros y Cristianos geh\u00f6ren an [&hellip;]<\/p>\n","protected":false},"author":1,"featured_media":8738,"comment_status":"closed","ping_status":"closed","sticky":false,"template":"elementor_header_footer","format":"standard","meta":{"footnotes":""},"categories":[23],"tags":[1729,235,1726,1727,1725,1728],"class_list":["post-11423","post","type-post","status-publish","format-standard","has-post-thumbnail","hentry","category-veranstaltungen-events","tag-fiestas-costa-blanca-2026","tag-moros-y-cristianos-benidorm","tag-moros-y-cristianos-costa-blanca-2026","tag-moros-y-cristianos-denia","tag-moros-y-cristianos-termine-2026","tag-moros-y-cristianos-villajoyosa"],"aioseo_notices":[],"_links":{"self":[{"href":"https:\/\/costablanca-magazin.com\/nl\/wp-json\/wp\/v2\/posts\/11423","targetHints":{"allow":["GET"]}}],"collection":[{"href":"https:\/\/costablanca-magazin.com\/nl\/wp-json\/wp\/v2\/posts"}],"about":[{"href":"https:\/\/costablanca-magazin.com\/nl\/wp-json\/wp\/v2\/types\/post"}],"author":[{"embeddable":true,"href":"https:\/\/costablanca-magazin.com\/nl\/wp-json\/wp\/v2\/users\/1"}],"replies":[{"embeddable":true,"href":"https:\/\/costablanca-magazin.com\/nl\/wp-json\/wp\/v2\/comments?post=11423"}],"version-history":[{"count":7,"href":"https:\/\/costablanca-magazin.com\/nl\/wp-json\/wp\/v2\/posts\/11423\/revisions"}],"predecessor-version":[{"id":11441,"href":"https:\/\/costablanca-magazin.com\/nl\/wp-json\/wp\/v2\/posts\/11423\/revisions\/11441"}],"wp:featuredmedia":[{"embeddable":true,"href":"https:\/\/costablanca-magazin.com\/nl\/wp-json\/wp\/v2\/media\/8738"}],"wp:attachment":[{"href":"https:\/\/costablanca-magazin.com\/nl\/wp-json\/wp\/v2\/media?parent=11423"}],"wp:term":[{"taxonomy":"category","embeddable":true,"href":"https:\/\/costablanca-magazin.com\/nl\/wp-json\/wp\/v2\/categories?post=11423"},{"taxonomy":"post_tag","embeddable":true,"href":"https:\/\/costablanca-magazin.com\/nl\/wp-json\/wp\/v2\/tags?post=11423"}],"curies":[{"name":"wp","href":"https:\/\/api.w.org\/{rel}","templated":true}]}}