{"id":10852,"date":"2026-03-07T09:00:00","date_gmt":"2026-03-07T08:00:00","guid":{"rendered":"https:\/\/costablanca-magazin.com\/?p=10852"},"modified":"2026-03-09T08:27:21","modified_gmt":"2026-03-09T07:27:21","slug":"voertuigregistratie-aan-de-costa-blanca-2026","status":"publish","type":"post","link":"https:\/\/costablanca-magazin.com\/nl\/residenten\/mobilitaet-verkehr\/fahrzeugummeldung-an-der-costa-blanca-2026\/","title":{"rendered":"Voertuigregistratie aan de Costa Blanca 2026"},"content":{"rendered":"<div data-elementor-type=\"wp-post\" data-elementor-id=\"10852\" class=\"elementor elementor-10852\" data-elementor-post-type=\"post\">\n\t\t\t\t<div class=\"elementor-element elementor-element-c3222ec e-flex e-con-boxed e-con e-parent\" data-id=\"c3222ec\" data-element_type=\"container\" data-e-type=\"container\">\n\t\t\t\t\t<div class=\"e-con-inner\">\n\t\t\t\t<div class=\"elementor-element elementor-element-47271da elementor-widget elementor-widget-heading\" data-id=\"47271da\" data-element_type=\"widget\" data-e-type=\"widget\" data-widget_type=\"heading.default\">\n\t\t\t\t<div class=\"elementor-widget-container\">\n\t\t\t\t\t<h1 class=\"elementor-heading-title elementor-size-default\"> Voertuigregistratie aan de Costa Blanca - procedure, kosten &amp; DGT data<\/h1>\t\t\t\t<\/div>\n\t\t\t\t<\/div>\n\t\t\t\t<div class=\"elementor-element elementor-element-0fe12ee elementor-widget elementor-widget-image\" data-id=\"0fe12ee\" data-element_type=\"widget\" data-e-type=\"widget\" data-widget_type=\"image.default\">\n\t\t\t\t<div class=\"elementor-widget-container\">\n\t\t\t\t\t\t\t\t\t\t\t\t\t\t\t<img fetchpriority=\"high\" decoding=\"async\" width=\"1200\" height=\"274\" src=\"https:\/\/costablanca-magazin.com\/wp-content\/uploads\/2026\/03\/IMG_8470-e1772545236723.jpg\" class=\"attachment-full size-full wp-image-10860\" alt=\"Voertuig herregistreren aan de Costa Blanca\" srcset=\"https:\/\/costablanca-magazin.com\/wp-content\/uploads\/2026\/03\/IMG_8470-e1772545236723.jpg 1200w, https:\/\/costablanca-magazin.com\/wp-content\/uploads\/2026\/03\/IMG_8470-e1772545236723-300x69.jpg 300w, https:\/\/costablanca-magazin.com\/wp-content\/uploads\/2026\/03\/IMG_8470-e1772545236723-1024x234.jpg 1024w, https:\/\/costablanca-magazin.com\/wp-content\/uploads\/2026\/03\/IMG_8470-e1772545236723-768x175.jpg 768w, https:\/\/costablanca-magazin.com\/wp-content\/uploads\/2026\/03\/IMG_8470-e1772545236723-18x4.jpg 18w\" sizes=\"(max-width: 1200px) 100vw, 1200px\" \/>\t\t\t\t\t\t\t\t\t\t\t\t\t\t\t<\/div>\n\t\t\t\t<\/div>\n\t\t\t\t\t<\/div>\n\t\t\t\t<\/div>\n\t\t<div class=\"elementor-element elementor-element-3e9f4a2 e-flex e-con-boxed e-con e-parent\" data-id=\"3e9f4a2\" data-element_type=\"container\" data-e-type=\"container\">\n\t\t\t\t\t<div class=\"e-con-inner\">\n\t\t\t\t<div class=\"elementor-element elementor-element-e0f7998 elementor-widget elementor-widget-heading\" data-id=\"e0f7998\" data-element_type=\"widget\" data-e-type=\"widget\" data-widget_type=\"heading.default\">\n\t\t\t\t<div class=\"elementor-widget-container\">\n\t\t\t\t\t<h2 class=\"elementor-heading-title elementor-size-default\">Registreer je voertuig aan de Costa Blanca: ITV, registratiebelasting, DGT Alicante en kosten in \u00e9\u00e9n oogopslag. Gids voor inwoners van de provincie Alicante.<\/h2>\t\t\t\t<\/div>\n\t\t\t\t<\/div>\n\t\t\t\t\t<\/div>\n\t\t\t\t<\/div>\n\t\t<div class=\"elementor-element elementor-element-9f469d4 e-flex e-con-boxed e-con e-parent\" data-id=\"9f469d4\" data-element_type=\"container\" data-e-type=\"container\">\n\t\t\t\t\t<div class=\"e-con-inner\">\n\t\t<div class=\"elementor-element elementor-element-c8ad0e2 e-con-full e-flex e-con e-child\" data-id=\"c8ad0e2\" data-element_type=\"container\" data-e-type=\"container\">\n\t\t\t\t<div class=\"elementor-element elementor-element-825ab37 elementor-widget elementor-widget-text-editor\" data-id=\"825ab37\" data-element_type=\"widget\" data-e-type=\"widget\" data-widget_type=\"text-editor.default\">\n\t\t\t\t<div class=\"elementor-widget-container\">\n\t\t\t\t\t\t\t\t\t<p>Iedereen die zijn woonplaats naar de Costa Blanca verplaatst - naar D\u00e9nia, J\u00e1vea, Calpe, Benidorm of La Zenia - moet ook zijn eigen voertuig opnieuw beoordelen: een auto die in Duitsland is geregistreerd, mag niet permanent in Spanje worden bestuurd met buitenlandse kentekenplaten. De termijn voor herinschrijving begint ten laatste na de offici\u00eble inschrijving als resident.<\/p><p>De Spaanse autoriteiten voeren hier strenge controles uit. Wie zijn voertuig niet correct registreert, riskeert boetes, immobilisatie of problemen met de verzekeringsmaatschappij in geval van schade.<\/p><p><strong>Waarom de Spaanse licentie verplicht is<br \/><\/strong>Zodra een voertuig permanent wordt gebruikt in Spanje, wordt het beschouwd als gestationeerd in Spanje voor fiscale en verkeersrechtelijke doeleinden. Dit geldt niet alleen voor het kenteken, maar ook:<\/p><ul><li>Verzekeringen<\/li><li>Technische inspectie-intervallen<\/li><li>Motorrijtuigenbelasting op gemeentelijk niveau<\/li><\/ul><p>Een Spaanse vergunning zorgt voor rechtszekerheid - en voorkomt onnodige discussies tijdens verkeerscontroles.<\/p><p><strong>Het proces - stap voor stap<\/strong><\/p><ol><li><strong>Technische inspectie bij ITV<br \/><\/strong>ITV<br \/>Niets werkt zonder een geslaagde technische inspectie. De ITV controleert of het voertuig voldoet aan de Spaanse normen. De originele voertuigdocumenten en - indien beschikbaar - het Europese Certificaat van Conformiteit (CoC) zijn vereist. Na een succesvolle inspectie wordt de Spaanse technische kaart afgegeven.<\/li><\/ol><ol start=\"2\"><li><strong>Toegangsbelasting (Impuesto de Matriculaci\u00f3n)<br \/><\/strong>Belastingdienst<br \/>De hoogte van de registratiebelasting is afhankelijk van de CO\u2082-uitstoot en de waarde van het voertuig. Betaling vindt plaats bij het Spaanse belastingkantoor. Een bewijs van betaling is een voorwaarde voor verdere verwerking.<\/li><\/ol><ol start=\"3\"><li><strong>Gemeentelijke motorrijtuigenbelasting<br \/><\/strong>Impuesto sobre Veh\u00edculos de Tracci\u00f3n Mec\u00e1nica<br \/>Deze jaarlijkse belasting wordt betaald aan de betreffende gemeente - bijvoorbeeld in D\u00e9nia, Benidorm of Orihuela. Het bedrag varieert afhankelijk van het motorvermogen en de gemeente.<\/li><\/ol>\t\t\t\t\t\t\t\t<\/div>\n\t\t\t\t<\/div>\n\t\t\t\t<\/div>\n\t\t<div class=\"elementor-element elementor-element-07f595a e-con-full e-flex e-con e-child\" data-id=\"07f595a\" data-element_type=\"container\" data-e-type=\"container\">\n\t\t\t\t<div class=\"elementor-element elementor-element-82691c3 elementor-widget elementor-widget-text-editor\" data-id=\"82691c3\" data-element_type=\"widget\" data-e-type=\"widget\" data-widget_type=\"text-editor.default\">\n\t\t\t\t<div class=\"elementor-widget-container\">\n\t\t\t\t\t\t\t\t\t<ol start=\"4\"><li><strong>Afspraak met de vervoersautoriteit - DGT Data\u00a0<br \/><\/strong>Directoraat-Generaal van de Belastingdienst<br \/>Breng alle documenten naar de verantwoordelijke transportautoriteit (DGT) in de provincie Alicante.<br \/>Je hebt onder andere het volgende nodig<\/li><\/ol><ul><li>Rijbewijs en kentekenbewijs (originelen)<\/li><li>NIE nummer<\/li><li>Empadronamiento (registratiebewijs)<\/li><li>Identiteitskaart of paspoort<\/li><li>Belastingdocumenten<\/li><li>ITV-verificatie<\/li><\/ul><p>Spaanse kentekenplaten worden uitgegeven na een succesvolle verwerking.<\/p><p><strong>Welke kosten kunnen we verwachten?<br \/><\/strong>Afhankelijk van het voertuigtype en de emissiewaarde liggen de totale kosten meestal tussen <strong>600 en 1.200 euro<\/strong>.<br \/>Typische items:<\/p><ul><li>ITV: ongeveer 50-120 \u20ac<\/li><li>Registratiebelasting: afhankelijk van CO\u2082-waarde<\/li><li>Gemeentelijke belasting: afhankelijk van de gemeente<\/li><li>DGT kosten: ongeveer \u20ac100<\/li><li>Kentekenplaten: ongeveer 20-40 \u20ac<\/li><\/ul><p><strong><br \/>Gestor\u00eda: Delegeer in plaats van zelf te organiseren<br \/><\/strong>SAB - Servicebureau Baierle<br \/>Als je je niet zelf een weg wilt banen door belastingformulieren, afspraken en de Spaanse taal van de autoriteiten, huur dan een gestor\u00eda in. Zij zorgen voor het hele proces - tegen een vergoeding van ongeveer 150 tot 300 euro. Dit bespaart tijd en voorkomt vormfouten, vooral voor nieuwe inwoners.<br \/>Het opnieuw registreren van een voertuig is geen bureaucratisch avontuur - maar het vereist wel structuur en volledige documentatie. Wie de procedure kent of professionele ondersteuning gebruikt, kan het proces in een redelijke tijd afronden.<br \/>En pas met Spaanse nummerplaten is het voertuig formeel aangekomen waar velen al lang zijn: in het dagelijks leven tussen Marina Alta en Marina Baixa.<\/p>\t\t\t\t\t\t\t\t<\/div>\n\t\t\t\t<\/div>\n\t\t\t\t<\/div>\n\t\t\t\t\t<\/div>\n\t\t\t\t<\/div>\n\t\t<div class=\"elementor-element elementor-element-0d1c892 e-flex e-con-boxed e-con e-parent\" data-id=\"0d1c892\" data-element_type=\"container\" data-e-type=\"container\">\n\t\t\t\t\t<div class=\"e-con-inner\">\n\t\t\t\t<div class=\"elementor-element elementor-element-7de7b0a elementor-widget-divider--separator-type-pattern elementor-widget-divider--no-spacing elementor-widget-divider--view-line elementor-widget elementor-widget-divider\" data-id=\"7de7b0a\" data-element_type=\"widget\" data-e-type=\"widget\" data-widget_type=\"divider.default\">\n\t\t\t\t<div class=\"elementor-widget-container\">\n\t\t\t\t\t\t\t<div class=\"elementor-divider\" style=\"--divider-pattern-url: url(&quot;data:image\/svg+xml,%3Csvg xmlns=&#039;http:\/\/www.w3.org\/2000\/svg&#039; preserveAspectRatio=&#039;xMidYMid meet&#039; overflow=&#039;visible&#039; height=&#039;100%&#039; viewBox=&#039;0 0 126 26&#039; fill=&#039;black&#039; stroke=&#039;none&#039;%3E%3Cpath d=&#039;M3,10.2c2.6,0,2.6,2,2.6,3.2S4.4,16.5,3,16.5s-3-1.4-3-3.2S0.4,10.2,3,10.2z M18.8,10.2c1.7,0,3.2,1.4,3.2,3.2s-1.4,3.2-3.2,3.2c-1.7,0-3.2-1.4-3.2-3.2S17,10.2,18.8,10.2z M34.6,10.2c1.5,0,2.6,1.4,2.6,3.2s-0.5,3.2-1.9,3.2c-1.5,0-3.4-1.4-3.4-3.2S33.1,10.2,34.6,10.2z M50.5,10.2c1.7,0,3.2,1.4,3.2,3.2s-1.4,3.2-3.2,3.2c-1.7,0-3.3-0.9-3.3-2.6S48.7,10.2,50.5,10.2z M66.2,10.2c1.5,0,3.4,1.4,3.4,3.2s-1.9,3.2-3.4,3.2c-1.5,0-2.6-0.4-2.6-2.1S64.8,10.2,66.2,10.2z M82.2,10.2c1.7,0.8,2.6,1.4,2.6,3.2s-0.1,3.2-1.6,3.2c-1.5,0-3.7-1.4-3.7-3.2S80.5,9.4,82.2,10.2zM98.6,10.2c1.5,0,2.6,0.4,2.6,2.1s-1.2,4.2-2.6,4.2c-1.5,0-3.7-0.4-3.7-2.1S97.1,10.2,98.6,10.2z M113.4,10.2c1.2,0,2.2,0.9,2.2,3.2s-0.1,3.2-1.3,3.2s-3.1-1.4-3.1-3.2S112.2,10.2,113.4,10.2z&#039;\/%3E%3C\/svg%3E&quot;);\">\n\t\t\t<span class=\"elementor-divider-separator\">\n\t\t\t\t\t\t<\/span>\n\t\t<\/div>\n\t\t\t\t\t\t<\/div>\n\t\t\t\t<\/div>\n\t\t\t\t<div class=\"elementor-element elementor-element-e7c04a0 elementor-grid-3 elementor-grid-tablet-2 elementor-grid-mobile-1 elementor-posts--thumbnail-top elementor-posts--show-avatar elementor-card-shadow-yes elementor-posts__hover-gradient elementor-widget elementor-widget-posts\" data-id=\"e7c04a0\" data-element_type=\"widget\" data-e-type=\"widget\" data-settings=\"{&quot;cards_columns&quot;:&quot;3&quot;,&quot;cards_columns_tablet&quot;:&quot;2&quot;,&quot;cards_columns_mobile&quot;:&quot;1&quot;,&quot;cards_row_gap&quot;:{&quot;unit&quot;:&quot;px&quot;,&quot;size&quot;:35,&quot;sizes&quot;:[]},&quot;cards_row_gap_tablet&quot;:{&quot;unit&quot;:&quot;px&quot;,&quot;size&quot;:&quot;&quot;,&quot;sizes&quot;:[]},&quot;cards_row_gap_mobile&quot;:{&quot;unit&quot;:&quot;px&quot;,&quot;size&quot;:&quot;&quot;,&quot;sizes&quot;:[]}}\" data-widget_type=\"posts.cards\">\n\t\t\t\t<div class=\"elementor-widget-container\">\n\t\t\t\t\t\t\t<div class=\"elementor-posts-container elementor-posts elementor-posts--skin-cards elementor-grid\" role=\"list\">\n\t\t\t\t<article class=\"elementor-post elementor-grid-item post-10539 post type-post status-publish format-standard has-post-thumbnail hentry category-mobilitaet-verkehr tag-bussgeld-e-scooter tag-costa-blanca-e-scooter tag-e-scooter-registrierung tag-e-scooter-spanien tag-e-scooter-versicherung-spanien tag-gesetz-5-2025 tag-vmp-register-dgt\" role=\"listitem\">\n\t\t\t<div class=\"elementor-post__card\">\n\t\t\t\t<a class=\"elementor-post__thumbnail__link\" href=\"https:\/\/costablanca-magazin.com\/nl\/residenten\/mobilitaet-verkehr\/e-scooter-neues-register-und-versicherungspflicht-ab-2026-in-spanien\/\" tabindex=\"-1\" ><div class=\"elementor-post__thumbnail\"><img decoding=\"async\" width=\"800\" height=\"534\" src=\"https:\/\/costablanca-magazin.com\/wp-content\/uploads\/2026\/02\/patinete-mallorca-y-costa-blanca-1024x683.jpg\" class=\"attachment-large size-large wp-image-10540\" alt=\"E-scooters: nieuw register &amp; verplichte verzekering vanaf 2026 in Spanje\" srcset=\"https:\/\/costablanca-magazin.com\/wp-content\/uploads\/2026\/02\/patinete-mallorca-y-costa-blanca-1024x683.jpg 1024w, https:\/\/costablanca-magazin.com\/wp-content\/uploads\/2026\/02\/patinete-mallorca-y-costa-blanca-300x200.jpg 300w, https:\/\/costablanca-magazin.com\/wp-content\/uploads\/2026\/02\/patinete-mallorca-y-costa-blanca-768x512.jpg 768w, https:\/\/costablanca-magazin.com\/wp-content\/uploads\/2026\/02\/patinete-mallorca-y-costa-blanca-1536x1025.jpg 1536w, https:\/\/costablanca-magazin.com\/wp-content\/uploads\/2026\/02\/patinete-mallorca-y-costa-blanca-18x12.jpg 18w\" sizes=\"(max-width: 800px) 100vw, 800px\" \/><\/div><\/a>\n\t\t\t\t<div class=\"elementor-post__badge\">Mobiliteit en transport<\/div>\n\t\t\t\t<div class=\"elementor-post__avatar\">\n\t\t\t\t\t<\/div>\n\t\t\t\t<div class=\"elementor-post__text\">\n\t\t\t\t<h3 class=\"elementor-post__title\">\n\t\t\t<a href=\"https:\/\/costablanca-magazin.com\/nl\/residenten\/mobilitaet-verkehr\/e-scooter-neues-register-und-versicherungspflicht-ab-2026-in-spanien\/\" >\n\t\t\t\tE-scooters: nieuw register en verplichte verzekering vanaf 2026 in Spanje\t\t\t<\/a>\n\t\t<\/h3>\n\t\t\t\t<div class=\"elementor-post__excerpt\">\n\t\t\t<p>E-scooters op Mallorca: registratie &amp; verzekering nu verplicht E-scooters op Mallorca moeten worden geregistreerd in het DGT-register. Alleen dan is een<\/p>\n\t\t<\/div>\n\t\t\n\t\t<a class=\"elementor-post__read-more\" href=\"https:\/\/costablanca-magazin.com\/nl\/residenten\/mobilitaet-verkehr\/e-scooter-neues-register-und-versicherungspflicht-ab-2026-in-spanien\/\" aria-label=\"Lees meer over E-scooters: Nieuw register en verplichte verzekering vanaf 2026 in Spanje\" tabindex=\"-1\" >\n\t\t\tLees meer \u00bb\t\t<\/a>\n\n\t\t\t\t<\/div>\n\t\t\t\t\t<\/div>\n\t\t<\/article>\n\t\t\t\t<article class=\"elementor-post elementor-grid-item post-8785 post type-post status-publish format-standard has-post-thumbnail hentry category-mobilitaet-verkehr tag-abschleppdienst-spanien tag-autopanne-costa-blanca tag-autopanne-spanien tag-panne-mietwagen-spanien tag-regeln-autopanne tag-sicherheit-autobahn-spanien tag-v16-led-leuchte tag-versicherungsservice-spanien\" role=\"listitem\">\n\t\t\t<div class=\"elementor-post__card\">\n\t\t\t\t<a class=\"elementor-post__thumbnail__link\" href=\"https:\/\/costablanca-magazin.com\/nl\/residenten\/mobilitaet-verkehr\/costa-blanca-autopanne-regeln-risiken-hilfe\/\" tabindex=\"-1\" ><div class=\"elementor-post__thumbnail\"><img decoding=\"async\" width=\"800\" height=\"534\" src=\"https:\/\/costablanca-magazin.com\/wp-content\/uploads\/2025\/09\/woman-with-broken-car-and-triangle-2024-10-14-14-58-13-utc-1024x684.jpg\" class=\"attachment-large size-large wp-image-8807\" alt=\"Autopech aan de Costa Blanca \u2013 regels, risico&#039;s en juiste reacties\" srcset=\"https:\/\/costablanca-magazin.com\/wp-content\/uploads\/2025\/09\/woman-with-broken-car-and-triangle-2024-10-14-14-58-13-utc-1024x684.jpg 1024w, https:\/\/costablanca-magazin.com\/wp-content\/uploads\/2025\/09\/woman-with-broken-car-and-triangle-2024-10-14-14-58-13-utc-300x200.jpg 300w, https:\/\/costablanca-magazin.com\/wp-content\/uploads\/2025\/09\/woman-with-broken-car-and-triangle-2024-10-14-14-58-13-utc-768x513.jpg 768w, https:\/\/costablanca-magazin.com\/wp-content\/uploads\/2025\/09\/woman-with-broken-car-and-triangle-2024-10-14-14-58-13-utc.jpg 1200w\" sizes=\"(max-width: 800px) 100vw, 800px\" \/><\/div><\/a>\n\t\t\t\t<div class=\"elementor-post__badge\">Mobiliteit en transport<\/div>\n\t\t\t\t<div class=\"elementor-post__avatar\">\n\t\t\t\t\t<\/div>\n\t\t\t\t<div class=\"elementor-post__text\">\n\t\t\t\t<h3 class=\"elementor-post__title\">\n\t\t\t<a href=\"https:\/\/costablanca-magazin.com\/nl\/residenten\/mobilitaet-verkehr\/costa-blanca-autopanne-regeln-risiken-hilfe\/\" >\n\t\t\t\tAutopech Costa Blanca - regels, risico's &amp; hulp\t\t\t<\/a>\n\t\t<\/h3>\n\t\t\t\t<div class=\"elementor-post__excerpt\">\n\t\t\t<p>Autopech Costa Blanca - regels, risico's &amp; hulp Autopech in Spanje? Hoe correct te reageren: van waarschuwingslampjes tot sleepdienst - Costa Blanca<\/p>\n\t\t<\/div>\n\t\t\n\t\t<a class=\"elementor-post__read-more\" href=\"https:\/\/costablanca-magazin.com\/nl\/residenten\/mobilitaet-verkehr\/costa-blanca-autopanne-regeln-risiken-hilfe\/\" aria-label=\"Lees meer over Autopech Costa Blanca - regels, risico&#039;s &amp; hulp\" tabindex=\"-1\" >\n\t\t\tLees meer \u00bb\t\t<\/a>\n\n\t\t\t\t<\/div>\n\t\t\t\t\t<\/div>\n\t\t<\/article>\n\t\t\t\t<article class=\"elementor-post elementor-grid-item post-8461 post type-post status-publish format-standard has-post-thumbnail hentry category-mobilitaet-verkehr tag-dgt-fuehrerschein-umtausch tag-fuehrerschein-fristen-spanien tag-fuehrerschein-in-spanien tag-fuehrerschein-umtauschen-spanien tag-punktesystem-spanien tag-spanischer-fuehrerschein\" role=\"listitem\">\n\t\t\t<div class=\"elementor-post__card\">\n\t\t\t\t<a class=\"elementor-post__thumbnail__link\" href=\"https:\/\/costablanca-magazin.com\/nl\/residenten\/mobilitaet-verkehr\/fuehrerschein-in-spanien-wer-umtauschen-muss-und-wie\/\" tabindex=\"-1\" ><div class=\"elementor-post__thumbnail\"><img loading=\"lazy\" decoding=\"async\" width=\"800\" height=\"534\" src=\"https:\/\/costablanca-magazin.com\/wp-content\/uploads\/2025\/08\/young-man-showing-driving-license-while-sitting-in-2025-01-25-02-07-19-utc-1024x683.jpg\" class=\"attachment-large size-large wp-image-8462\" alt=\"Rijbewijs in Spanje: wie moet het omwisselen \u2013 en hoe werkt dat?\" srcset=\"https:\/\/costablanca-magazin.com\/wp-content\/uploads\/2025\/08\/young-man-showing-driving-license-while-sitting-in-2025-01-25-02-07-19-utc-1024x683.jpg 1024w, https:\/\/costablanca-magazin.com\/wp-content\/uploads\/2025\/08\/young-man-showing-driving-license-while-sitting-in-2025-01-25-02-07-19-utc-300x200.jpg 300w, https:\/\/costablanca-magazin.com\/wp-content\/uploads\/2025\/08\/young-man-showing-driving-license-while-sitting-in-2025-01-25-02-07-19-utc-768x512.jpg 768w, https:\/\/costablanca-magazin.com\/wp-content\/uploads\/2025\/08\/young-man-showing-driving-license-while-sitting-in-2025-01-25-02-07-19-utc-1536x1024.jpg 1536w, https:\/\/costablanca-magazin.com\/wp-content\/uploads\/2025\/08\/young-man-showing-driving-license-while-sitting-in-2025-01-25-02-07-19-utc-2048x1365.jpg 2048w\" sizes=\"(max-width: 800px) 100vw, 800px\" \/><\/div><\/a>\n\t\t\t\t<div class=\"elementor-post__badge\">Mobiliteit en transport<\/div>\n\t\t\t\t<div class=\"elementor-post__avatar\">\n\t\t\t\t\t<\/div>\n\t\t\t\t<div class=\"elementor-post__text\">\n\t\t\t\t<h3 class=\"elementor-post__title\">\n\t\t\t<a href=\"https:\/\/costablanca-magazin.com\/nl\/residenten\/mobilitaet-verkehr\/fuehrerschein-in-spanien-wer-umtauschen-muss-und-wie\/\" >\n\t\t\t\tRijbewijs in Spanje - Wie moet het inwisselen en hoe?\t\t\t<\/a>\n\t\t<\/h3>\n\t\t\t\t<div class=\"elementor-post__excerpt\">\n\t\t\t<p>Rijbewijs in Spanje - Wie moet het omwisselen en hoe werkt het Internationale inwoners van Spanje moeten hun rijbewijs onder bepaalde voorwaarden omwisselen.<\/p>\n\t\t<\/div>\n\t\t\n\t\t<a class=\"elementor-post__read-more\" href=\"https:\/\/costablanca-magazin.com\/nl\/residenten\/mobilitaet-verkehr\/fuehrerschein-in-spanien-wer-umtauschen-muss-und-wie\/\" aria-label=\"Lees meer over Rijbewijs in Spanje - Wie moet inwisselen en hoe\" tabindex=\"-1\" >\n\t\t\tLees meer \u00bb\t\t<\/a>\n\n\t\t\t\t<\/div>\n\t\t\t\t\t<\/div>\n\t\t<\/article>\n\t\t\t\t<\/div>\n\t\t\n\t\t\t\t\t\t<\/div>\n\t\t\t\t<\/div>\n\t\t\t\t\t<\/div>\n\t\t\t\t<\/div>\n\t\t\t\t<\/div>","protected":false},"excerpt":{"rendered":"<p>Fahrzeugummeldung an der Costa Blanca \u2013 Ablauf, Kosten &amp; DGT-Termine Fahrzeug an der Costa Blanca ummelden: ITV, Zulassungssteuer, DGT Alicante und Kosten im \u00dcberblick. Leitfaden f\u00fcr Residenten in der Provinz Alicante. Wer seinen Wohnsitz an die Costa Blanca verlegt \u2013 ob nach D\u00e9nia, J\u00e1vea, Calpe, Benidorm oder La Zenia \u2013 muss auch das eigene Fahrzeug [&hellip;]<\/p>\n","protected":false},"author":3,"featured_media":10860,"comment_status":"closed","ping_status":"closed","sticky":false,"template":"elementor_header_footer","format":"standard","meta":{"footnotes":""},"categories":[19],"tags":[1657,1658,826,1656,1660,1659],"class_list":["post-10852","post","type-post","status-publish","format-standard","has-post-thumbnail","hentry","category-mobilitaet-verkehr","tag-auto-in-spanien-anmelden","tag-dgt-alicante","tag-fahrzeugummeldung-costa-blanca","tag-itv-spanien","tag-kfz-steuer-alicante","tag-zulassungssteuer-spanien"],"aioseo_notices":[],"_links":{"self":[{"href":"https:\/\/costablanca-magazin.com\/nl\/wp-json\/wp\/v2\/posts\/10852","targetHints":{"allow":["GET"]}}],"collection":[{"href":"https:\/\/costablanca-magazin.com\/nl\/wp-json\/wp\/v2\/posts"}],"about":[{"href":"https:\/\/costablanca-magazin.com\/nl\/wp-json\/wp\/v2\/types\/post"}],"author":[{"embeddable":true,"href":"https:\/\/costablanca-magazin.com\/nl\/wp-json\/wp\/v2\/users\/3"}],"replies":[{"embeddable":true,"href":"https:\/\/costablanca-magazin.com\/nl\/wp-json\/wp\/v2\/comments?post=10852"}],"version-history":[{"count":19,"href":"https:\/\/costablanca-magazin.com\/nl\/wp-json\/wp\/v2\/posts\/10852\/revisions"}],"predecessor-version":[{"id":11024,"href":"https:\/\/costablanca-magazin.com\/nl\/wp-json\/wp\/v2\/posts\/10852\/revisions\/11024"}],"wp:featuredmedia":[{"embeddable":true,"href":"https:\/\/costablanca-magazin.com\/nl\/wp-json\/wp\/v2\/media\/10860"}],"wp:attachment":[{"href":"https:\/\/costablanca-magazin.com\/nl\/wp-json\/wp\/v2\/media?parent=10852"}],"wp:term":[{"taxonomy":"category","embeddable":true,"href":"https:\/\/costablanca-magazin.com\/nl\/wp-json\/wp\/v2\/categories?post=10852"},{"taxonomy":"post_tag","embeddable":true,"href":"https:\/\/costablanca-magazin.com\/nl\/wp-json\/wp\/v2\/tags?post=10852"}],"curies":[{"name":"wp","href":"https:\/\/api.w.org\/{rel}","templated":true}]}}