{"id":10539,"date":"2026-02-02T17:42:14","date_gmt":"2026-02-02T16:42:14","guid":{"rendered":"https:\/\/costablanca-magazin.com\/?p=10539"},"modified":"2026-02-02T17:47:44","modified_gmt":"2026-02-02T16:47:44","slug":"e-scooter-nieuw-register-en-verplichte-verzekering-vanaf-2026-in-spanje","status":"publish","type":"post","link":"https:\/\/costablanca-magazin.com\/nl\/residenten\/mobilitaet-verkehr\/e-scooter-neues-register-und-versicherungspflicht-ab-2026-in-spanien\/","title":{"rendered":"E-scooters: nieuw register en verplichte verzekering vanaf 2026 in Spanje"},"content":{"rendered":"<div data-elementor-type=\"wp-post\" data-elementor-id=\"10539\" class=\"elementor elementor-10539\" data-elementor-post-type=\"post\">\n\t\t\t\t<div class=\"elementor-element elementor-element-5315649 e-flex e-con-boxed e-con e-parent\" data-id=\"5315649\" data-element_type=\"container\" data-e-type=\"container\">\n\t\t\t\t\t<div class=\"e-con-inner\">\n\t\t\t\t<div class=\"elementor-element elementor-element-8d99a21 elementor-widget elementor-widget-heading\" data-id=\"8d99a21\" data-element_type=\"widget\" data-e-type=\"widget\" data-widget_type=\"heading.default\">\n\t\t\t\t<div class=\"elementor-widget-container\">\n\t\t\t\t\t<h1 class=\"elementor-heading-title elementor-size-default\">E-scooters op Mallorca: registratie &amp; verzekering nu verplicht<\/h1>\t\t\t\t<\/div>\n\t\t\t\t<\/div>\n\t\t\t\t<div class=\"elementor-element elementor-element-09e8e4c elementor-widget elementor-widget-image\" data-id=\"09e8e4c\" data-element_type=\"widget\" data-e-type=\"widget\" data-widget_type=\"image.default\">\n\t\t\t\t<div class=\"elementor-widget-container\">\n\t\t\t\t\t\t\t\t\t\t\t\t\t\t\t<img decoding=\"async\" src=\"https:\/\/costablanca-magazin.com\/wp-content\/uploads\/elementor\/thumbs\/patinete-mallorca-y-costa-blanca-rjc4b7joapsyzoidxrrvn440c17ef2qnf204of4x40.jpg\" title=\"E-scooters: nieuw register &amp; verplichte verzekering vanaf 2026 in Spanje\" alt=\"E-scooters: nieuw register &amp; verplichte verzekering vanaf 2026 in Spanje\" loading=\"lazy\" \/>\t\t\t\t\t\t\t\t\t\t\t\t\t\t\t<\/div>\n\t\t\t\t<\/div>\n\t\t\t\t<div class=\"elementor-element elementor-element-850e83c elementor-widget elementor-widget-heading\" data-id=\"850e83c\" data-element_type=\"widget\" data-e-type=\"widget\" data-widget_type=\"heading.default\">\n\t\t\t\t<div class=\"elementor-widget-container\">\n\t\t\t\t\t<h2 class=\"elementor-heading-title elementor-size-default\">E-scooters op Mallorca moeten worden geregistreerd in het DGT-register. Alleen dan is verzekering mogelijk. Regels, deadlines &amp; boetes in \u00e9\u00e9n oogopslag.<\/h2>\t\t\t\t<\/div>\n\t\t\t\t<\/div>\n\t\t\t\t\t<\/div>\n\t\t\t\t<\/div>\n\t\t<div class=\"elementor-element elementor-element-cd72831 e-flex e-con-boxed e-con e-parent\" data-id=\"cd72831\" data-element_type=\"container\" data-e-type=\"container\">\n\t\t\t\t\t<div class=\"e-con-inner\">\n\t\t<div class=\"elementor-element elementor-element-fff774a e-con-full e-flex e-con e-child\" data-id=\"fff774a\" data-element_type=\"container\" data-e-type=\"container\">\n\t\t\t\t<div class=\"elementor-element elementor-element-20055b6 elementor-widget elementor-widget-text-editor\" data-id=\"20055b6\" data-element_type=\"widget\" data-e-type=\"widget\" data-widget_type=\"text-editor.default\">\n\t\t\t\t<div class=\"elementor-widget-container\">\n\t\t\t\t\t\t\t\t\t<p>Met de invoering van het nationale register voor lichte particuliere voertuigen (VMP) voert Spanje de wettelijke verzekeringsplicht voor e-scooters en soortgelijke voertuigen nu volledig in. De Ministerraad heeft hiertoe op 27 januari 2026 een Koninklijk Besluit aangenomen. Het treedt in werking op de dag van publicatie in het Staatsblad (BOE).<br \/>Het nieuwe register wordt beheerd door de Direcci\u00f3n General de Tr\u00e1fico (DGT), die rapporteert aan het Ministerie van Binnenlandse Zaken.<\/p><p><strong>Registratie wordt verplicht<\/strong><br \/>In de toekomst zal er geen verzekeringsdekking zijn zonder registratie. Alle eigenaren van e-scooters - of hun wettelijke vertegenwoordigers in het geval van minderjarigen - moeten hun voertuig laten registreren in het Nationale Voertuigregister voordat ze een verplichte aansprakelijkheidsverzekering afsluiten. Pas na registratie zal de DGT een digitaal kentekenbewijs uitgeven.<\/p><p>Een offici\u00eble identificatieplaat kan dan worden gekocht bij een erkende platenfabrikant. Deze moet duidelijk zichtbaar zijn op de daarvoor bestemde houder op het voertuig. Voor niet-gecertificeerde modellen is een andere zichtbare positie ook toegestaan.<\/p><p><strong>Achtergrond: Wet 5\/2025<\/strong><br \/>Het nieuwe register is de praktische uitvoering van de aanvullende bepaling van Wet 5\/2025 van 24 juli, die de wettelijke aansprakelijkheid en de verzekering in het wegverkeer wijzigde. De verzekeringsplicht voor persoonlijke mobiliteitsvoertuigen is al van kracht sinds 2 januari 2026, maar was niet volledig van toepassing tot de invoering van het register.<\/p><p>Online aanvraag, telefonische hulp - en binnenkort ook bij de dealer<br \/>Registratie vindt digitaal plaats via het elektronische platform van DGT (<a href=\"https:\/\/www.dgt.es\/nuestros-servicios\/tu-vehiculo\/matricular-un-vehiculo\/inscripcion-vmp\/\" target=\"_blank\" rel=\"noopener\">https:\/\/www.dgt.es\/nuestros-servicios\/tu-vehiculo\/matricular-un-vehiculo\/inscripcion-vmp\/<\/a>). Daarnaast ondersteunt het servicenummer 060 gebruikers bij de aanvraagprocedure.<\/p><p><strong>Daarnaast plant het ministerie van Binnenlandse Zaken nog meer manieren:<\/strong><br \/>- Registratie via verzekeringsagentschappen rechtstreeks bij het afsluiten van de polis<br \/>- Verwerking via Gestores administrativos<br \/>- Perspectief: directe registratie bij aankoop van een nieuwe VMP in erkende speciaalzaken<\/p><p><strong>Twee soorten e-scooters - met overgangsregelingen<\/strong><br \/>Volgens DGT zijn er momenteel twee categorie\u00ebn VMP in omloop:<\/p>\t\t\t\t\t\t\t\t<\/div>\n\t\t\t\t<\/div>\n\t\t\t\t<\/div>\n\t\t<div class=\"elementor-element elementor-element-a5ae0a0 e-con-full e-flex e-con e-child\" data-id=\"a5ae0a0\" data-element_type=\"container\" data-e-type=\"container\">\n\t\t\t\t<div class=\"elementor-element elementor-element-c2a5dbc elementor-widget elementor-widget-text-editor\" data-id=\"c2a5dbc\" data-element_type=\"widget\" data-e-type=\"widget\" data-widget_type=\"text-editor.default\">\n\t\t\t\t<div class=\"elementor-widget-container\">\n\t\t\t\t\t\t\t\t\t<p><strong>1. gecertificeerd VMP Deze voertuigen voldoen aan de vereisten van het offici\u00eble VMP-gegevensblad (veiligheids- en kwaliteitsnormen).<\/strong><br \/>- Sinds 22 januari 2024 mogen alleen dergelijke modellen nieuw worden verkocht.<br \/>- Ze hebben een permanent, duidelijk etiket van de fabrikant<br \/>- Het certificaatnummer en serienummer moeten worden ingevoerd tijdens de registratie<br \/>- Na betaling van de administratiekosten wordt het digitale registratiecertificaat afgegeven<\/p><p><strong>2. niet-gecertificeerd VMP (overgangsregeling) Deze modellen voldoen niet aan de technische eisen en hebben geen sticker van de fabrikant.<\/strong><br \/>- Ze mogen nog tot 22 januari 2027 in het wegverkeer worden gebruikt.<br \/>- Registratie en verzekering zijn echter verplicht<br \/>- Onder andere een factuur, technische gegevens of een foto van het voertuig zijn vereist.<br \/>- De identificatie is beperkt in de tijd en verliest zijn geldigheid in 2027.<br \/>- Vanaf deze datum is het gebruik van dergelijke voertuigen niet langer toegestaan<\/p><p><strong>Verandering van eigenaar en ontmanteling<\/strong><br \/>- Verandering van eigenaar: Net als bij andere voertuigen moet dit binnen 30 dagen worden gemeld. De DGT geeft dan een nieuw digitaal certificaat uit, het identificatienummer blijft behouden.<br \/>- Uitschrijving: gebeurt uitsluitend via erkende verwijderingscentra, die de uitbedrijfname en sloop elektronisch melden bij het register.<\/p><p><em>Hoge boetes voor overtredingen<\/em><\/p><p><strong>De wet voorziet in strenge sancties:<\/strong><br \/>- Geen verzekering: 202 tot 610 euro<br \/>- Rijden zonder verzekering: 250 tot 800 euro - afhankelijk van of het voertuig wordt geclassificeerd als een licht priv\u00e9voertuig of als een motorvoertuig waarvoor een verplichte verzekering geldt (meer dan 25 kg en sneller dan 14 km\/u)<\/p><p><strong>Classificatie voor de Costa Blanca<\/strong><br \/>Voor veel inwoners van Marina Alta en Marina Baixa die e-scooters in hun dagelijks leven gebruiken, brengt het nieuwe register duidelijke eisen met zich mee - en de noodzaak om actie te ondernemen. Als je je voertuig legaal wilt blijven gebruiken, moet je je zo snel mogelijk registreren om verzekeringsdekking en boetes te voorkomen.<\/p>\t\t\t\t\t\t\t\t<\/div>\n\t\t\t\t<\/div>\n\t\t\t\t<\/div>\n\t\t\t\t\t<\/div>\n\t\t\t\t<\/div>\n\t\t<div class=\"elementor-element elementor-element-3ef0deb e-flex e-con-boxed e-con e-parent\" data-id=\"3ef0deb\" data-element_type=\"container\" data-e-type=\"container\">\n\t\t\t\t\t<div class=\"e-con-inner\">\n\t\t\t\t<div class=\"elementor-element elementor-element-9de9ad8 elementor-widget-divider--separator-type-pattern elementor-widget-divider--no-spacing elementor-widget-divider--view-line elementor-widget elementor-widget-divider\" data-id=\"9de9ad8\" data-element_type=\"widget\" data-e-type=\"widget\" data-widget_type=\"divider.default\">\n\t\t\t\t<div class=\"elementor-widget-container\">\n\t\t\t\t\t\t\t<div class=\"elementor-divider\" style=\"--divider-pattern-url: url(&quot;data:image\/svg+xml,%3Csvg xmlns=&#039;http:\/\/www.w3.org\/2000\/svg&#039; preserveAspectRatio=&#039;xMidYMid meet&#039; overflow=&#039;visible&#039; height=&#039;100%&#039; viewBox=&#039;0 0 126 26&#039; fill=&#039;black&#039; stroke=&#039;none&#039;%3E%3Cpath d=&#039;M3,10.2c2.6,0,2.6,2,2.6,3.2S4.4,16.5,3,16.5s-3-1.4-3-3.2S0.4,10.2,3,10.2z M18.8,10.2c1.7,0,3.2,1.4,3.2,3.2s-1.4,3.2-3.2,3.2c-1.7,0-3.2-1.4-3.2-3.2S17,10.2,18.8,10.2z M34.6,10.2c1.5,0,2.6,1.4,2.6,3.2s-0.5,3.2-1.9,3.2c-1.5,0-3.4-1.4-3.4-3.2S33.1,10.2,34.6,10.2z M50.5,10.2c1.7,0,3.2,1.4,3.2,3.2s-1.4,3.2-3.2,3.2c-1.7,0-3.3-0.9-3.3-2.6S48.7,10.2,50.5,10.2z M66.2,10.2c1.5,0,3.4,1.4,3.4,3.2s-1.9,3.2-3.4,3.2c-1.5,0-2.6-0.4-2.6-2.1S64.8,10.2,66.2,10.2z M82.2,10.2c1.7,0.8,2.6,1.4,2.6,3.2s-0.1,3.2-1.6,3.2c-1.5,0-3.7-1.4-3.7-3.2S80.5,9.4,82.2,10.2zM98.6,10.2c1.5,0,2.6,0.4,2.6,2.1s-1.2,4.2-2.6,4.2c-1.5,0-3.7-0.4-3.7-2.1S97.1,10.2,98.6,10.2z M113.4,10.2c1.2,0,2.2,0.9,2.2,3.2s-0.1,3.2-1.3,3.2s-3.1-1.4-3.1-3.2S112.2,10.2,113.4,10.2z&#039;\/%3E%3C\/svg%3E&quot;);\">\n\t\t\t<span class=\"elementor-divider-separator\">\n\t\t\t\t\t\t<\/span>\n\t\t<\/div>\n\t\t\t\t\t\t<\/div>\n\t\t\t\t<\/div>\n\t\t\t\t<div class=\"elementor-element elementor-element-bbccd89 elementor-grid-3 elementor-grid-tablet-2 elementor-grid-mobile-1 elementor-posts--thumbnail-top elementor-posts--show-avatar elementor-card-shadow-yes elementor-posts__hover-gradient elementor-widget elementor-widget-posts\" data-id=\"bbccd89\" data-element_type=\"widget\" data-e-type=\"widget\" data-settings=\"{&quot;cards_columns&quot;:&quot;3&quot;,&quot;cards_columns_tablet&quot;:&quot;2&quot;,&quot;cards_columns_mobile&quot;:&quot;1&quot;,&quot;cards_row_gap&quot;:{&quot;unit&quot;:&quot;px&quot;,&quot;size&quot;:35,&quot;sizes&quot;:[]},&quot;cards_row_gap_tablet&quot;:{&quot;unit&quot;:&quot;px&quot;,&quot;size&quot;:&quot;&quot;,&quot;sizes&quot;:[]},&quot;cards_row_gap_mobile&quot;:{&quot;unit&quot;:&quot;px&quot;,&quot;size&quot;:&quot;&quot;,&quot;sizes&quot;:[]}}\" data-widget_type=\"posts.cards\">\n\t\t\t\t<div class=\"elementor-widget-container\">\n\t\t\t\t\t\t\t<div class=\"elementor-posts-container elementor-posts elementor-posts--skin-cards elementor-grid\" role=\"list\">\n\t\t\t\t<article class=\"elementor-post elementor-grid-item post-10341 post type-post status-publish format-standard has-post-thumbnail hentry category-news-politik tag-adif-hochgeschwindigkeitsnetz tag-cordoba-entgleisung tag-eisenbahnunglueck-andalusien tag-hochgeschwindigkeitszug-unfall tag-iryo-zug tag-viele-tote-zugunfall tag-zugunglueck-spanien\" role=\"listitem\">\n\t\t\t<div class=\"elementor-post__card\">\n\t\t\t\t<a class=\"elementor-post__thumbnail__link\" href=\"https:\/\/costablanca-magazin.com\/nl\/lokales\/news-politik\/spanien-schweres-zugunglueck-39-tote-nach-entgleisung-bei-cordoba\/\" tabindex=\"-1\" ><div class=\"elementor-post__thumbnail\"><img fetchpriority=\"high\" decoding=\"async\" width=\"1200\" height=\"800\" src=\"https:\/\/costablanca-magazin.com\/wp-content\/uploads\/2026\/01\/iryo-zug-@iryo.eu_.jpg\" class=\"attachment-1536x1536 size-1536x1536 wp-image-10342\" alt=\"iryo trein @iryo.eu\" srcset=\"https:\/\/costablanca-magazin.com\/wp-content\/uploads\/2026\/01\/iryo-zug-@iryo.eu_.jpg 1200w, https:\/\/costablanca-magazin.com\/wp-content\/uploads\/2026\/01\/iryo-zug-@iryo.eu_-300x200.jpg 300w, https:\/\/costablanca-magazin.com\/wp-content\/uploads\/2026\/01\/iryo-zug-@iryo.eu_-1024x683.jpg 1024w, https:\/\/costablanca-magazin.com\/wp-content\/uploads\/2026\/01\/iryo-zug-@iryo.eu_-768x512.jpg 768w, https:\/\/costablanca-magazin.com\/wp-content\/uploads\/2026\/01\/iryo-zug-@iryo.eu_-18x12.jpg 18w\" sizes=\"(max-width: 1200px) 100vw, 1200px\" \/><\/div><\/a>\n\t\t\t\t<div class=\"elementor-post__badge\">Nieuws &amp; politiek<\/div>\n\t\t\t\t<div class=\"elementor-post__avatar\">\n\t\t\t\t\t<\/div>\n\t\t\t\t<div class=\"elementor-post__text\">\n\t\t\t\t<h3 class=\"elementor-post__title\">\n\t\t\t<a href=\"https:\/\/costablanca-magazin.com\/nl\/lokales\/news-politik\/spanien-schweres-zugunglueck-39-tote-nach-entgleisung-bei-cordoba\/\" >\n\t\t\t\tSpanje - Ernstig treinongeluk: 39 doden na ontsporing bij C\u00f3rdoba\t\t\t<\/a>\n\t\t<\/h3>\n\t\t\t\t<div class=\"elementor-post__excerpt\">\n\t\t\t<p>Spanje - Ernstig treinongeluk: 39 doden na ontsporing bij C\u00f3rdoba 39 mensen zijn omgekomen nadat twee hogesnelheidstreinen ontspoorden in Adamuz bij C\u00f3rdoba,<\/p>\n\t\t<\/div>\n\t\t\n\t\t<a class=\"elementor-post__read-more\" href=\"https:\/\/costablanca-magazin.com\/nl\/lokales\/news-politik\/spanien-schweres-zugunglueck-39-tote-nach-entgleisung-bei-cordoba\/\" aria-label=\"Lees meer over Spanje - Ernstig treinongeluk: 39 doden na ontsporing bij C\u00f3rdoba\" tabindex=\"-1\" >\n\t\t\tLees meer \u00bb\t\t<\/a>\n\n\t\t\t\t<\/div>\n\t\t\t\t\t<\/div>\n\t\t<\/article>\n\t\t\t\t<article class=\"elementor-post elementor-grid-item post-9496 post type-post status-publish format-standard has-post-thumbnail hentry category-infos tag-consorcio-de-aguas-marina-baixa tag-entsalzungsanlage-denia tag-nachhaltige-bewaesserung tag-troepfchenbewaesserung tag-wasserknappheit tag-wassermanagement-costa-blanca tag-wiederverwendung-wasser-spanien\" role=\"listitem\">\n\t\t\t<div class=\"elementor-post__card\">\n\t\t\t\t<a class=\"elementor-post__thumbnail__link\" href=\"https:\/\/costablanca-magazin.com\/nl\/lokales\/infos\/intelligentes-wassermanagement-an-der-costa-blanca\/\" tabindex=\"-1\" ><div class=\"elementor-post__thumbnail\"><img decoding=\"async\" width=\"1200\" height=\"800\" src=\"https:\/\/costablanca-magazin.com\/wp-content\/uploads\/2025\/11\/be-water-wise-2025-04-05-16-36-59-utc.jpg\" class=\"attachment-1536x1536 size-1536x1536 wp-image-9498\" alt=\"Van D\u00e9nia tot Benidorm: zo organiseert de Costa Blanca waterkringlopen, ontzilting en hergebruik voor een duurzame toekomst.\" srcset=\"https:\/\/costablanca-magazin.com\/wp-content\/uploads\/2025\/11\/be-water-wise-2025-04-05-16-36-59-utc.jpg 1200w, https:\/\/costablanca-magazin.com\/wp-content\/uploads\/2025\/11\/be-water-wise-2025-04-05-16-36-59-utc-300x200.jpg 300w, https:\/\/costablanca-magazin.com\/wp-content\/uploads\/2025\/11\/be-water-wise-2025-04-05-16-36-59-utc-1024x683.jpg 1024w, https:\/\/costablanca-magazin.com\/wp-content\/uploads\/2025\/11\/be-water-wise-2025-04-05-16-36-59-utc-768x512.jpg 768w, https:\/\/costablanca-magazin.com\/wp-content\/uploads\/2025\/11\/be-water-wise-2025-04-05-16-36-59-utc-18x12.jpg 18w\" sizes=\"(max-width: 1200px) 100vw, 1200px\" \/><\/div><\/a>\n\t\t\t\t<div class=\"elementor-post__badge\">Info<\/div>\n\t\t\t\t<div class=\"elementor-post__avatar\">\n\t\t\t\t\t<\/div>\n\t\t\t\t<div class=\"elementor-post__text\">\n\t\t\t\t<h3 class=\"elementor-post__title\">\n\t\t\t<a href=\"https:\/\/costablanca-magazin.com\/nl\/lokales\/infos\/intelligentes-wassermanagement-an-der-costa-blanca\/\" >\n\t\t\t\tIntelligent waterbeheer aan de Costa Blanca\t\t\t<\/a>\n\t\t<\/h3>\n\t\t\t\t<div class=\"elementor-post__excerpt\">\n\t\t\t<p>Intelligent waterbeheer aan de Costa Blanca Van D\u00e9nia tot Benidorm: zo organiseert de Costa Blanca watercycli, ontzilting &amp; hergebruik voor een duurzame toekomst. Water is<\/p>\n\t\t<\/div>\n\t\t\n\t\t<a class=\"elementor-post__read-more\" href=\"https:\/\/costablanca-magazin.com\/nl\/lokales\/infos\/intelligentes-wassermanagement-an-der-costa-blanca\/\" aria-label=\"Lees meer over Intelligent waterbeheer aan de Costa Blanca\" tabindex=\"-1\" >\n\t\t\tLees meer \u00bb\t\t<\/a>\n\n\t\t\t\t<\/div>\n\t\t\t\t\t<\/div>\n\t\t<\/article>\n\t\t\t\t<article class=\"elementor-post elementor-grid-item post-9502 post type-post status-publish format-standard has-post-thumbnail hentry category-infos tag-angebote-costa-blanca-weihnachten tag-costa-blanca-black-friday-2025 tag-cyber-monday-costa-blanca tag-shopping-alicante-benidorm tag-verkaufsoffene-sonntage-comunidad-valenciana\" role=\"listitem\">\n\t\t\t<div class=\"elementor-post__card\">\n\t\t\t\t<a class=\"elementor-post__thumbnail__link\" href=\"https:\/\/costablanca-magazin.com\/nl\/lokales\/infos\/black-friday-2025-costa-blanca-termine-shopping-tipps\/\" tabindex=\"-1\" ><div class=\"elementor-post__thumbnail\"><img decoding=\"async\" width=\"1536\" height=\"901\" src=\"https:\/\/costablanca-magazin.com\/wp-content\/uploads\/2025\/11\/discount-bild-scaled-e1763562987290-1536x901.jpg\" class=\"attachment-1536x1536 size-1536x1536 wp-image-9503\" alt=\"Costa Blanca Black Friday 2025, Cyber Monday Costa Blanca, Winkelen Alicante Benidorm, koopzondagen Comunidad Valenciana, Aanbiedingen Costa Blanca Kerstmis\" srcset=\"https:\/\/costablanca-magazin.com\/wp-content\/uploads\/2025\/11\/discount-bild-scaled-e1763562987290-1536x901.jpg 1536w, https:\/\/costablanca-magazin.com\/wp-content\/uploads\/2025\/11\/discount-bild-scaled-e1763562987290-300x176.jpg 300w, https:\/\/costablanca-magazin.com\/wp-content\/uploads\/2025\/11\/discount-bild-scaled-e1763562987290-768x451.jpg 768w, https:\/\/costablanca-magazin.com\/wp-content\/uploads\/2025\/11\/discount-bild-scaled-e1763562987290-2048x1202.jpg 2048w, https:\/\/costablanca-magazin.com\/wp-content\/uploads\/2025\/11\/discount-bild-scaled-e1763562987290-18x12.jpg 18w\" sizes=\"(max-width: 1536px) 100vw, 1536px\" \/><\/div><\/a>\n\t\t\t\t<div class=\"elementor-post__badge\">Info<\/div>\n\t\t\t\t<div class=\"elementor-post__avatar\">\n\t\t\t\t\t<\/div>\n\t\t\t\t<div class=\"elementor-post__text\">\n\t\t\t\t<h3 class=\"elementor-post__title\">\n\t\t\t<a href=\"https:\/\/costablanca-magazin.com\/nl\/lokales\/infos\/black-friday-2025-costa-blanca-termine-shopping-tipps\/\" >\n\t\t\t\tBlack Friday 2025 Costa Blanca: data &amp; shopping tips\t\t\t<\/a>\n\t\t<\/h3>\n\t\t\t\t<div class=\"elementor-post__excerpt\">\n\t\t\t<p>Black Friday 2025 Costa Blanca: data &amp; shoppingtips Black Friday en Cyber Monday aan de Costa Blanca 2025: promoties, zondagopenstellingen in toeristische gebieden en tips voor<\/p>\n\t\t<\/div>\n\t\t\n\t\t<a class=\"elementor-post__read-more\" href=\"https:\/\/costablanca-magazin.com\/nl\/lokales\/infos\/black-friday-2025-costa-blanca-termine-shopping-tipps\/\" aria-label=\"Lees meer over Black Friday 2025 Costa Blanca: data &amp; shoppingtips\" tabindex=\"-1\" >\n\t\t\tLees meer \u00bb\t\t<\/a>\n\n\t\t\t\t<\/div>\n\t\t\t\t\t<\/div>\n\t\t<\/article>\n\t\t\t\t<\/div>\n\t\t\n\t\t\t\t\t\t<\/div>\n\t\t\t\t<\/div>\n\t\t\t\t\t<\/div>\n\t\t\t\t<\/div>\n\t\t\t\t<\/div>","protected":false},"excerpt":{"rendered":"<p>E-Scooter auf Mallorca: Registrierung &amp; Versicherung jetzt Pflicht E-Scooter auf Mallorca m\u00fcssen im DGT-Register eingetragen sein. Erst danach ist eine Versicherung m\u00f6glich. Regeln, Fristen &amp; Bu\u00dfgelder im \u00dcberblick. Mit der Einf\u00fchrung des nationalen Registers f\u00fcr leichte Privatfahrzeuge (VMP) setzt Spanien die gesetzlich vorgeschriebene Versicherungspflicht f\u00fcr E-Scooter und \u00e4hnliche Fahrzeuge nun vollst\u00e4ndig um. Der Ministerrat hat [&hellip;]<\/p>\n","protected":false},"author":1,"featured_media":10540,"comment_status":"closed","ping_status":"closed","sticky":false,"template":"elementor_header_footer","format":"standard","meta":{"om_disable_all_campaigns":false,"_monsterinsights_skip_tracking":false,"_monsterinsights_sitenote_active":false,"_monsterinsights_sitenote_note":"","_monsterinsights_sitenote_category":0,"footnotes":""},"categories":[19],"tags":[1572,1575,1570,1569,1571,1573,1574],"class_list":["post-10539","post","type-post","status-publish","format-standard","has-post-thumbnail","hentry","category-mobilitaet-verkehr","tag-bussgeld-e-scooter","tag-costa-blanca-e-scooter","tag-e-scooter-registrierung","tag-e-scooter-spanien","tag-e-scooter-versicherung-spanien","tag-gesetz-5-2025","tag-vmp-register-dgt"],"aioseo_notices":[],"_links":{"self":[{"href":"https:\/\/costablanca-magazin.com\/nl\/wp-json\/wp\/v2\/posts\/10539","targetHints":{"allow":["GET"]}}],"collection":[{"href":"https:\/\/costablanca-magazin.com\/nl\/wp-json\/wp\/v2\/posts"}],"about":[{"href":"https:\/\/costablanca-magazin.com\/nl\/wp-json\/wp\/v2\/types\/post"}],"author":[{"embeddable":true,"href":"https:\/\/costablanca-magazin.com\/nl\/wp-json\/wp\/v2\/users\/1"}],"replies":[{"embeddable":true,"href":"https:\/\/costablanca-magazin.com\/nl\/wp-json\/wp\/v2\/comments?post=10539"}],"version-history":[{"count":4,"href":"https:\/\/costablanca-magazin.com\/nl\/wp-json\/wp\/v2\/posts\/10539\/revisions"}],"predecessor-version":[{"id":10544,"href":"https:\/\/costablanca-magazin.com\/nl\/wp-json\/wp\/v2\/posts\/10539\/revisions\/10544"}],"wp:featuredmedia":[{"embeddable":true,"href":"https:\/\/costablanca-magazin.com\/nl\/wp-json\/wp\/v2\/media\/10540"}],"wp:attachment":[{"href":"https:\/\/costablanca-magazin.com\/nl\/wp-json\/wp\/v2\/media?parent=10539"}],"wp:term":[{"taxonomy":"category","embeddable":true,"href":"https:\/\/costablanca-magazin.com\/nl\/wp-json\/wp\/v2\/categories?post=10539"},{"taxonomy":"post_tag","embeddable":true,"href":"https:\/\/costablanca-magazin.com\/nl\/wp-json\/wp\/v2\/tags?post=10539"}],"curies":[{"name":"wp","href":"https:\/\/api.w.org\/{rel}","templated":true}]}}