{"id":9587,"date":"2025-11-23T11:39:59","date_gmt":"2025-11-23T10:39:59","guid":{"rendered":"https:\/\/costablanca-magazin.com\/?p=9587"},"modified":"2026-07-07T09:42:34","modified_gmt":"2026-07-07T07:42:34","slug":"jul-2025-pa-costa-blanca-krybbespill-ritualer","status":"publish","type":"post","link":"https:\/\/costablanca-magazin.com\/nb\/freizeit\/veranstaltungen-events\/weihnachten-2025-an-der-costa-blanca-krippen-rituale\/","title":{"rendered":"Julen 2025 p\u00e5 Costa Blanca - julekrybber og ritualer"},"content":{"rendered":"<div data-elementor-type=\"wp-post\" data-elementor-id=\"9587\" class=\"elementor elementor-9587\" data-elementor-post-type=\"post\">\n\t\t\t\t<div class=\"elementor-element elementor-element-64f2dfb e-flex e-con-boxed e-con e-parent\" data-id=\"64f2dfb\" data-element_type=\"container\" data-e-type=\"container\">\n\t\t\t\t\t<div class=\"e-con-inner\">\n\t\t\t\t<div class=\"elementor-element elementor-element-ab892f8 elementor-widget elementor-widget-heading\" data-id=\"ab892f8\" data-element_type=\"widget\" data-e-type=\"widget\" data-widget_type=\"heading.default\">\n\t\t\t\t<div class=\"elementor-widget-container\">\n\t\t\t\t\t<h1 class=\"elementor-heading-title elementor-size-default\">Julemarkeder Costa Blanca 2025 - Datoer og h\u00f8ydepunkter<\/h1>\t\t\t\t<\/div>\n\t\t\t\t<\/div>\n\t\t\t\t<div class=\"elementor-element elementor-element-baa4808 elementor-widget elementor-widget-heading\" data-id=\"baa4808\" data-element_type=\"widget\" data-e-type=\"widget\" data-widget_type=\"heading.default\">\n\t\t\t\t<div class=\"elementor-widget-container\">\n\t\t\t\t\t<p class=\"elementor-heading-title elementor-size-default\">Alle julemarkeder 2025 p\u00e5 Costa Blanca: Altea, D\u00e9nia, Alicante, Torrevieja, J\u00e1vea og flere. Datoer, tips og programmer.<\/p>\t\t\t\t<\/div>\n\t\t\t\t<\/div>\n\t\t\t\t<div class=\"elementor-element elementor-element-7cf7e11 elementor-widget elementor-widget-image\" data-id=\"7cf7e11\" data-element_type=\"widget\" data-e-type=\"widget\" data-widget_type=\"image.default\">\n\t\t\t\t<div class=\"elementor-widget-container\">\n\t\t\t\t\t\t\t\t\t\t\t\t\t\t\t<img fetchpriority=\"high\" decoding=\"async\" width=\"2560\" height=\"1440\" src=\"https:\/\/costablanca-magazin.com\/wp-content\/uploads\/2025\/11\/2.png\" class=\"attachment-full size-full wp-image-9588\" alt=\"Julemarkeder p\u00e5 Costa Blanca 2025: datoer, steder og h\u00f8ydepunkter\" \/>\t\t\t\t\t\t\t\t\t\t\t\t\t\t\t<\/div>\n\t\t\t\t<\/div>\n\t\t\t\t\t<\/div>\n\t\t\t\t<\/div>\n\t\t<div class=\"elementor-element elementor-element-4e0b7f2 e-flex e-con-boxed e-con e-parent\" data-id=\"4e0b7f2\" data-element_type=\"container\" data-e-type=\"container\">\n\t\t\t\t\t<div class=\"e-con-inner\">\n\t\t<div class=\"elementor-element elementor-element-b5331f4 e-con-full e-flex e-con e-child\" data-id=\"b5331f4\" data-element_type=\"container\" data-e-type=\"container\">\n\t\t\t\t<div class=\"elementor-element elementor-element-5fea295 elementor-widget elementor-widget-text-editor\" data-id=\"5fea295\" data-element_type=\"widget\" data-e-type=\"widget\" data-widget_type=\"text-editor.default\">\n\t\t\t\t<div class=\"elementor-widget-container\">\n\t\t\t\t\t\t\t\t\t<p>Hvordan kommunene fra Marina Alta til Vega Baja feirer h\u00f8ytiden \u2013 med regionale skikker, famili\u00e6re tradisjoner og en atmosf\u00e6re som gj\u00f8r at desember g\u00e5r i et merkbart roligere tempo.<\/p><p>Adventstiden p\u00e5 Costa Blanca begynner vanligvis allerede i slutten av november, n\u00e5r de f\u00f8rste kommunene tenner lysene sine. Festkalenderen har fulgt de samme koordinatene i flere ti\u00e5r: P\u00e5 <strong>8. desember<\/strong>, Inmaculada Concepci\u00f3n, starter juleperioden. Den <strong>6. januar<\/strong>, D\u00eda de Reyes, avslutter den \u2013 og er samtidig den viktigste familieh\u00f8ytiden i \u00e5ret.<\/p><p>Mellom disse datoene utvikler det seg et program som varierer fra sted til sted, men som er dypt forankret overalt. Spesielt synlig er den regionale <strong>Barnehagekultur<\/strong>: D\u00e9nia, Altea, Benissa, Calpe, Elche, Alicante og Torrevieja setter hvert \u00e5r opp belenes, som spenner fra enkle staller til detaljrike miniatyrlandskap. Mange krybber tar opp typiske kystelementer \u2013 havnemotiver, fiskeb\u00e5ter, appelsinlunder eller fjellhytter fra innlandet.<\/p>\t\t\t\t\t\t\t\t<\/div>\n\t\t\t\t<\/div>\n\t\t\t\t<div class=\"elementor-element elementor-element-e476caa elementor-widget elementor-widget-gallery\" data-id=\"e476caa\" data-element_type=\"widget\" data-e-type=\"widget\" data-settings=\"{&quot;columns&quot;:3,&quot;gap&quot;:{&quot;unit&quot;:&quot;px&quot;,&quot;size&quot;:2,&quot;sizes&quot;:[]},&quot;aspect_ratio&quot;:&quot;1:1&quot;,&quot;lazyload&quot;:&quot;yes&quot;,&quot;gallery_layout&quot;:&quot;grid&quot;,&quot;columns_tablet&quot;:2,&quot;columns_mobile&quot;:1,&quot;gap_tablet&quot;:{&quot;unit&quot;:&quot;px&quot;,&quot;size&quot;:10,&quot;sizes&quot;:[]},&quot;gap_mobile&quot;:{&quot;unit&quot;:&quot;px&quot;,&quot;size&quot;:10,&quot;sizes&quot;:[]},&quot;link_to&quot;:&quot;file&quot;,&quot;overlay_background&quot;:&quot;yes&quot;,&quot;content_hover_animation&quot;:&quot;fade-in&quot;}\" data-widget_type=\"gallery.default\">\n\t\t\t\t<div class=\"elementor-widget-container\">\n\t\t\t\t\t\t\t<div class=\"elementor-gallery__container\">\n\t\t\t\t\t\t\t<a class=\"e-gallery-item elementor-gallery-item elementor-animated-content\" href=\"https:\/\/costablanca-magazin.com\/wp-content\/uploads\/2025\/11\/religious-figures-of-nativity-scene-at-christmas-2024-10-18-09-43-07-utc-scaled.jpg\" data-elementor-open-lightbox=\"yes\" data-elementor-lightbox-slideshow=\"e476caa\" data-elementor-lightbox-title=\"Weihnachten an der Costa Blanca 2025: Traditionen, Krippen und regionale Br\u00e4uche\" data-elementor-lightbox-description=\"Weihnachten an der Costa Blanca 2025: Traditionen, Krippen und regionale Br\u00e4uche\" data-e-action-hash=\"#elementor-action%3Aaction%3Dlightbox%26settings%3DeyJpZCI6OTY0MSwidXJsIjoiaHR0cHM6XC9cL2Nvc3RhYmxhbmNhLW1hZ2F6aW4uY29tXC93cC1jb250ZW50XC91cGxvYWRzXC8yMDI1XC8xMVwvcmVsaWdpb3VzLWZpZ3VyZXMtb2YtbmF0aXZpdHktc2NlbmUtYXQtY2hyaXN0bWFzLTIwMjQtMTAtMTgtMDktNDMtMDctdXRjLXNjYWxlZC5qcGciLCJzbGlkZXNob3ciOiJlNDc2Y2FhIn0%3D\">\n\t\t\t\t\t<div class=\"e-gallery-image elementor-gallery-item__image\" data-thumbnail=\"https:\/\/costablanca-magazin.com\/wp-content\/uploads\/2025\/11\/religious-figures-of-nativity-scene-at-christmas-2024-10-18-09-43-07-utc-2048x1367.jpg\" data-width=\"2048\" data-height=\"1367\" aria-label=\"Julen p\u00e5 Costa Blanca 2025: Tradisjoner, julekrybber og regionale skikker\" role=\"img\" ><\/div>\n\t\t\t\t\t\t\t\t\t\t\t<div class=\"elementor-gallery-item__overlay\"><\/div>\n\t\t\t\t\t\t\t\t\t\t\t\t\t\t<\/a>\n\t\t\t\t\t\t\t<a class=\"e-gallery-item elementor-gallery-item elementor-animated-content\" href=\"https:\/\/costablanca-magazin.com\/wp-content\/uploads\/2025\/11\/Alicante-Krippe-Belem-18-scaled.jpg\" data-elementor-open-lightbox=\"yes\" data-elementor-lightbox-slideshow=\"e476caa\" data-elementor-lightbox-title=\"Alicante Krippe Belem\" data-elementor-lightbox-description=\"Alicante Krippe Belem\" data-e-action-hash=\"#elementor-action%3Aaction%3Dlightbox%26settings%3DeyJpZCI6OTYwMSwidXJsIjoiaHR0cHM6XC9cL2Nvc3RhYmxhbmNhLW1hZ2F6aW4uY29tXC93cC1jb250ZW50XC91cGxvYWRzXC8yMDI1XC8xMVwvQWxpY2FudGUtS3JpcHBlLUJlbGVtLTE4LXNjYWxlZC5qcGciLCJzbGlkZXNob3ciOiJlNDc2Y2FhIn0%3D\">\n\t\t\t\t\t<div class=\"e-gallery-image elementor-gallery-item__image\" data-thumbnail=\"https:\/\/costablanca-magazin.com\/wp-content\/uploads\/2025\/11\/Alicante-Krippe-Belem-18-1793x2048.jpg\" data-width=\"1793\" data-height=\"2048\" aria-label=\"Alicante krybbe Belem 1\" role=\"img\" ><\/div>\n\t\t\t\t\t\t\t\t\t\t\t<div class=\"elementor-gallery-item__overlay\"><\/div>\n\t\t\t\t\t\t\t\t\t\t\t\t\t\t<\/a>\n\t\t\t\t\t\t\t<a class=\"e-gallery-item elementor-gallery-item elementor-animated-content\" href=\"https:\/\/costablanca-magazin.com\/wp-content\/uploads\/2025\/11\/Weihnachtsbeleuchtung-Benidorm-2-scaled.jpg\" data-elementor-open-lightbox=\"yes\" data-elementor-lightbox-slideshow=\"e476caa\" data-elementor-lightbox-title=\"Weihnachtsbeleuchtung Benidorm (2)\" data-elementor-lightbox-description=\"Weihnachtsbeleuchtung Benidorm (2)\" data-e-action-hash=\"#elementor-action%3Aaction%3Dlightbox%26settings%3DeyJpZCI6OTYxNiwidXJsIjoiaHR0cHM6XC9cL2Nvc3RhYmxhbmNhLW1hZ2F6aW4uY29tXC93cC1jb250ZW50XC91cGxvYWRzXC8yMDI1XC8xMVwvV2VpaG5hY2h0c2JlbGV1Y2h0dW5nLUJlbmlkb3JtLTItc2NhbGVkLmpwZyIsInNsaWRlc2hvdyI6ImU0NzZjYWEifQ%3D%3D\">\n\t\t\t\t\t<div class=\"e-gallery-image elementor-gallery-item__image\" data-thumbnail=\"https:\/\/costablanca-magazin.com\/wp-content\/uploads\/2025\/11\/Weihnachtsbeleuchtung-Benidorm-2-2048x1536.jpg\" data-width=\"2048\" data-height=\"1536\" aria-label=\"Julebelysning Benidorm (2)\" role=\"img\" ><\/div>\n\t\t\t\t\t\t\t\t\t\t\t<div class=\"elementor-gallery-item__overlay\"><\/div>\n\t\t\t\t\t\t\t\t\t\t\t\t\t\t<\/a>\n\t\t\t\t\t<\/div>\n\t\t\t\t\t<\/div>\n\t\t\t\t<\/div>\n\t\t\t\t<\/div>\n\t\t<div class=\"elementor-element elementor-element-8ea3a46 e-con-full e-flex e-con e-child\" data-id=\"8ea3a46\" data-element_type=\"container\" data-e-type=\"container\">\n\t\t\t\t<div class=\"elementor-element elementor-element-68390cd elementor-widget elementor-widget-gallery\" data-id=\"68390cd\" data-element_type=\"widget\" data-e-type=\"widget\" data-settings=\"{&quot;columns&quot;:3,&quot;gap&quot;:{&quot;unit&quot;:&quot;px&quot;,&quot;size&quot;:2,&quot;sizes&quot;:[]},&quot;aspect_ratio&quot;:&quot;1:1&quot;,&quot;lazyload&quot;:&quot;yes&quot;,&quot;gallery_layout&quot;:&quot;grid&quot;,&quot;columns_tablet&quot;:2,&quot;columns_mobile&quot;:1,&quot;gap_tablet&quot;:{&quot;unit&quot;:&quot;px&quot;,&quot;size&quot;:10,&quot;sizes&quot;:[]},&quot;gap_mobile&quot;:{&quot;unit&quot;:&quot;px&quot;,&quot;size&quot;:10,&quot;sizes&quot;:[]},&quot;link_to&quot;:&quot;file&quot;,&quot;overlay_background&quot;:&quot;yes&quot;,&quot;content_hover_animation&quot;:&quot;fade-in&quot;}\" data-widget_type=\"gallery.default\">\n\t\t\t\t<div class=\"elementor-widget-container\">\n\t\t\t\t\t\t\t<div class=\"elementor-gallery__container\">\n\t\t\t\t\t\t\t<a class=\"e-gallery-item elementor-gallery-item elementor-animated-content\" href=\"https:\/\/costablanca-magazin.com\/wp-content\/uploads\/2025\/11\/Weihnachtsbeleuchtung-Benidorm-19-scaled.jpg\" data-elementor-open-lightbox=\"yes\" data-elementor-lightbox-slideshow=\"68390cd\" data-elementor-lightbox-title=\"Weihnachtsbeleuchtung Benidorm (2)\" data-elementor-lightbox-description=\"Weihnachtsbeleuchtung Benidorm (2)\" data-e-action-hash=\"#elementor-action%3Aaction%3Dlightbox%26settings%3DeyJpZCI6OTYyNiwidXJsIjoiaHR0cHM6XC9cL2Nvc3RhYmxhbmNhLW1hZ2F6aW4uY29tXC93cC1jb250ZW50XC91cGxvYWRzXC8yMDI1XC8xMVwvV2VpaG5hY2h0c2JlbGV1Y2h0dW5nLUJlbmlkb3JtLTE5LXNjYWxlZC5qcGciLCJzbGlkZXNob3ciOiI2ODM5MGNkIn0%3D\">\n\t\t\t\t\t<div class=\"e-gallery-image elementor-gallery-item__image\" data-thumbnail=\"https:\/\/costablanca-magazin.com\/wp-content\/uploads\/2025\/11\/Weihnachtsbeleuchtung-Benidorm-19-scaled.jpg\" data-width=\"2560\" data-height=\"1920\" aria-label=\"Julebelysning Benidorm (2) 2\" role=\"img\" ><\/div>\n\t\t\t\t\t\t\t\t\t\t\t<div class=\"elementor-gallery-item__overlay\"><\/div>\n\t\t\t\t\t\t\t\t\t\t\t\t\t\t<\/a>\n\t\t\t\t\t\t\t<a class=\"e-gallery-item elementor-gallery-item elementor-animated-content\" href=\"https:\/\/costablanca-magazin.com\/wp-content\/uploads\/2025\/11\/Alicante-Krippe-Belem-1-scaled.jpg\" data-elementor-open-lightbox=\"yes\" data-elementor-lightbox-slideshow=\"68390cd\" data-elementor-lightbox-title=\"Alicante Krippe Belem (1)\" data-elementor-lightbox-description=\"Alicante Krippe Belem\" data-e-action-hash=\"#elementor-action%3Aaction%3Dlightbox%26settings%3DeyJpZCI6OTU5MiwidXJsIjoiaHR0cHM6XC9cL2Nvc3RhYmxhbmNhLW1hZ2F6aW4uY29tXC93cC1jb250ZW50XC91cGxvYWRzXC8yMDI1XC8xMVwvQWxpY2FudGUtS3JpcHBlLUJlbGVtLTEtc2NhbGVkLmpwZyIsInNsaWRlc2hvdyI6IjY4MzkwY2QifQ%3D%3D\">\n\t\t\t\t\t<div class=\"e-gallery-image elementor-gallery-item__image\" data-thumbnail=\"https:\/\/costablanca-magazin.com\/wp-content\/uploads\/2025\/11\/Alicante-Krippe-Belem-1-scaled.jpg\" data-width=\"2560\" data-height=\"1920\" aria-label=\"Alicante krybbe Belem\" role=\"img\" ><\/div>\n\t\t\t\t\t\t\t\t\t\t\t<div class=\"elementor-gallery-item__overlay\"><\/div>\n\t\t\t\t\t\t\t\t\t\t\t\t\t\t<\/a>\n\t\t\t\t\t\t\t<a class=\"e-gallery-item elementor-gallery-item elementor-animated-content\" href=\"https:\/\/costablanca-magazin.com\/wp-content\/uploads\/2025\/11\/Weihnachtsbeleuchtung-Benidorm-4-rotated.jpg\" data-elementor-open-lightbox=\"yes\" data-elementor-lightbox-slideshow=\"68390cd\" data-elementor-lightbox-title=\"Weihnachtsbeleuchtung Benidorm (2)\" data-elementor-lightbox-description=\"Weihnachtsbeleuchtung Benidorm (2)\" data-e-action-hash=\"#elementor-action%3Aaction%3Dlightbox%26settings%3DeyJpZCI6OTYxOCwidXJsIjoiaHR0cHM6XC9cL2Nvc3RhYmxhbmNhLW1hZ2F6aW4uY29tXC93cC1jb250ZW50XC91cGxvYWRzXC8yMDI1XC8xMVwvV2VpaG5hY2h0c2JlbGV1Y2h0dW5nLUJlbmlkb3JtLTQtcm90YXRlZC5qcGciLCJzbGlkZXNob3ciOiI2ODM5MGNkIn0%3D\">\n\t\t\t\t\t<div class=\"e-gallery-image elementor-gallery-item__image\" data-thumbnail=\"https:\/\/costablanca-magazin.com\/wp-content\/uploads\/2025\/11\/Weihnachtsbeleuchtung-Benidorm-4-rotated.jpg\" data-width=\"1920\" data-height=\"2560\" aria-label=\"Julebelysning Benidorm (2) 1\" role=\"img\" ><\/div>\n\t\t\t\t\t\t\t\t\t\t\t<div class=\"elementor-gallery-item__overlay\"><\/div>\n\t\t\t\t\t\t\t\t\t\t\t\t\t\t<\/a>\n\t\t\t\t\t<\/div>\n\t\t\t\t\t<\/div>\n\t\t\t\t<\/div>\n\t\t\t\t<div class=\"elementor-element elementor-element-2d0a285 elementor-widget elementor-widget-text-editor\" data-id=\"2d0a285\" data-element_type=\"widget\" data-e-type=\"widget\" data-widget_type=\"text-editor.default\">\n\t\t\t\t<div class=\"elementor-widget-container\">\n\t\t\t\t\t\t\t\t\t<p>Juleaften er tradisjonelt en rolig dag. De fleste familier feirer i liten krets og bes\u00f8ker senere <strong>Misa del Gallo<\/strong>, Midnattsmessen, som i Altea, Alicante, D\u00e9nia, Villajoyosa og Torrevieja akkompagneres av kor og bl\u00e5seorkestre.<\/p><p>I ukene f\u00f8r og etter preger lysinstallasjoner gatebildet: Marqu\u00e9s de Campo i D\u00e9nia, gamlebyen i Altea, de store projeksjonene i Alicante eller de fargerike buene langs promenaden i Torrevieja. De skaper den blandingen av middelhavsro og festlig atmosf\u00e6re som gj\u00f8r regionen s\u00e5 gjenkjennelig i desember hvert \u00e5r.<\/p><p><strong>Viktige julekrybber (Belenes) 2025\/26<br \/><\/strong><\/p><ul><li>Alicante: Bel\u00e9n Gigante \u2013 Plaza del Ayuntamiento \u00b7 21. november \u2013 6. januar<\/li><li>Elche: Bel\u00e9n Municipal \u2013 gamlebyen \u00b7 Slutten av november \u2013 6. januar<\/li><li>D\u00e9nia: R\u00e5dhuset-Bel\u00e9n &amp; Centro Social \u00b7 Desember \u2013 6. januar<\/li><li>Altea: Kunstnerisk Bel\u00e9n p\u00e5 Plaza de la Iglesia \u00b7 Desember \u2013 6. januar<\/li><li>Torrevieja: Bel\u00e9n p\u00e5 Paseo Vista Alegre \u00b7 Desember \u2013 6. januar<\/li><\/ul>\t\t\t\t\t\t\t\t<\/div>\n\t\t\t\t<\/div>\n\t\t\t\t<\/div>\n\t\t\t\t\t<\/div>\n\t\t\t\t<\/div>\n\t\t\t\t<\/div>","protected":false},"excerpt":{"rendered":"<p>Weihnachtsm\u00e4rkte Costa Blanca 2025 \u2013 Termine &amp; Highlights Alle Weihnachtsm\u00e4rkte 2025 an der Costa Blanca: Altea, D\u00e9nia, Alicante, Torrevieja, J\u00e1vea und mehr. Termine, Tipps und Programme. Wie Gemeinden von der Marina Alta bis zur Vega Baja die Festtage gestalten \u2013 mit regionalen Br\u00e4uchen, famili\u00e4ren Abl\u00e4ufen und einer Atmosph\u00e4re, die den Dezember h\u00f6rbar entschleunigt. Die Adventszeit [&hellip;]<\/p>\n","protected":false},"author":4,"featured_media":9586,"comment_status":"closed","ping_status":"closed","sticky":false,"template":"elementor_header_footer","format":"standard","meta":{"footnotes":""},"categories":[23],"tags":[1766,1786,1767],"class_list":["post-9587","post","type-post","status-publish","format-standard","has-post-thumbnail","hentry","category-veranstaltungen-events","tag-feiertage-costa-blanca","tag-handwerkskunst-traditionen-costa-blanca","tag-maerkte-costa-blanca"],"aioseo_notices":[],"aioseo_head":"\n\t\t<!-- All in One SEO Pro 5.0.1.1 - aioseo.com -->\n\t<meta name=\"description\" content=\"Weihnachten an der Costa Blanca: Traditionen, Krippen, Beleuchtung und regionale Br\u00e4uche von D\u00e9nia bis Torrevieja.\" \/>\n\t<meta name=\"robots\" content=\"max-snippet:-1, max-image-preview:large, max-video-preview:-1\" \/>\n\t<meta name=\"author\" content=\"Costablanca Magazin Redaktion\"\/>\n\t<link rel=\"canonical\" href=\"https:\/\/costablanca-magazin.com\/nb\/freizeit\/veranstaltungen-events\/weihnachten-2025-an-der-costa-blanca-krippen-rituale\/\" \/>\n\t<meta name=\"generator\" content=\"All in One SEO Pro (AIOSEO) 5.0.1.1\" \/>\n\t\t<meta property=\"og:locale\" content=\"nb_NO\" \/>\n\t\t<meta property=\"og:site_name\" content=\"Costa Blanca Magazin\" \/>\n\t\t<meta property=\"og:type\" content=\"article\" \/>\n\t\t<meta property=\"og:title\" content=\"Weihnachten 2025 an der Costa Blanca \u2013 Krippen &amp;\u2026\" \/>\n\t\t<meta property=\"og:description\" content=\"Weihnachten an der Costa Blanca: Traditionen, Krippen, Beleuchtung und regionale Br\u00e4uche von D\u00e9nia bis Torrevieja.\" \/>\n\t\t<meta property=\"og:url\" content=\"https:\/\/costablanca-magazin.com\/nb\/freizeit\/veranstaltungen-events\/weihnachten-2025-an-der-costa-blanca-krippen-rituale\/\" \/>\n\t\t<meta property=\"og:image\" content=\"https:\/\/costablanca-magazin.com\/wp-content\/uploads\/2025\/11\/1.png\" \/>\n\t\t<meta property=\"og:image:secure_url\" content=\"https:\/\/costablanca-magazin.com\/wp-content\/uploads\/2025\/11\/1.png\" \/>\n\t\t<meta property=\"og:image:width\" content=\"2560\" \/>\n\t\t<meta property=\"og:image:height\" content=\"1440\" \/>\n\t\t<meta property=\"article:published_time\" content=\"2025-11-23T10:39:59+00:00\" \/>\n\t\t<meta property=\"article:modified_time\" content=\"2026-07-07T07:42:34+00:00\" \/>\n\t\t<meta property=\"article:publisher\" content=\"https:\/\/www.facebook.com\/costablancalifestyle\/\" \/>\n\t\t<meta name=\"twitter:card\" content=\"summary_large_image\" \/>\n\t\t<meta name=\"twitter:title\" content=\"Weihnachten 2025 an der Costa Blanca \u2013 Krippen &amp;\u2026\" \/>\n\t\t<meta name=\"twitter:description\" content=\"Weihnachten an der Costa Blanca: Traditionen, Krippen, Beleuchtung und regionale Br\u00e4uche von D\u00e9nia bis Torrevieja.\" \/>\n\t\t<meta name=\"twitter:image\" content=\"https:\/\/costablanca-magazin.com\/wp-content\/uploads\/2025\/11\/1.png\" \/>\n\t\t<script type=\"application\/ld+json\" class=\"aioseo-schema\">\n\t\t\t{\"@context\":\"https:\\\/\\\/schema.org\",\"@graph\":[{\"@type\":\"BreadcrumbList\",\"@id\":\"https:\\\/\\\/costablanca-magazin.com\\\/nb\\\/freizeit\\\/veranstaltungen-events\\\/weihnachten-2025-an-der-costa-blanca-krippen-rituale\\\/#breadcrumblist\",\"itemListElement\":[{\"@type\":\"ListItem\",\"@id\":\"https:\\\/\\\/costablanca-magazin.com\\\/nb#listItem\",\"position\":1,\"name\":\"Home\",\"item\":\"https:\\\/\\\/costablanca-magazin.com\\\/nb\",\"nextItem\":{\"@type\":\"ListItem\",\"@id\":\"https:\\\/\\\/costablanca-magazin.com\\\/nb\\\/fritid\\\/#listItem\",\"name\":\"Freizeit\"}},{\"@type\":\"ListItem\",\"@id\":\"https:\\\/\\\/costablanca-magazin.com\\\/nb\\\/fritid\\\/#listItem\",\"position\":2,\"name\":\"Freizeit\",\"item\":\"https:\\\/\\\/costablanca-magazin.com\\\/nb\\\/fritid\\\/\",\"nextItem\":{\"@type\":\"ListItem\",\"@id\":\"https:\\\/\\\/costablanca-magazin.com\\\/nb\\\/arrangementer-events\\\/#listItem\",\"name\":\"Veranstaltungen &amp; Events\"},\"previousItem\":{\"@type\":\"ListItem\",\"@id\":\"https:\\\/\\\/costablanca-magazin.com\\\/nb#listItem\",\"name\":\"Home\"}},{\"@type\":\"ListItem\",\"@id\":\"https:\\\/\\\/costablanca-magazin.com\\\/nb\\\/arrangementer-events\\\/#listItem\",\"position\":3,\"name\":\"Veranstaltungen &amp; Events\",\"item\":\"https:\\\/\\\/costablanca-magazin.com\\\/nb\\\/arrangementer-events\\\/\",\"nextItem\":{\"@type\":\"ListItem\",\"@id\":\"https:\\\/\\\/costablanca-magazin.com\\\/nb\\\/freizeit\\\/veranstaltungen-events\\\/weihnachten-2025-an-der-costa-blanca-krippen-rituale\\\/#listItem\",\"name\":\"Weihnachten 2025 an der Costa Blanca \\u2013 Krippen &amp; Rituale\"},\"previousItem\":{\"@type\":\"ListItem\",\"@id\":\"https:\\\/\\\/costablanca-magazin.com\\\/nb\\\/fritid\\\/#listItem\",\"name\":\"Freizeit\"}},{\"@type\":\"ListItem\",\"@id\":\"https:\\\/\\\/costablanca-magazin.com\\\/nb\\\/freizeit\\\/veranstaltungen-events\\\/weihnachten-2025-an-der-costa-blanca-krippen-rituale\\\/#listItem\",\"position\":4,\"name\":\"Weihnachten 2025 an der Costa Blanca \\u2013 Krippen &amp; Rituale\",\"previousItem\":{\"@type\":\"ListItem\",\"@id\":\"https:\\\/\\\/costablanca-magazin.com\\\/nb\\\/arrangementer-events\\\/#listItem\",\"name\":\"Veranstaltungen &amp; Events\"}}]},{\"@type\":\"NewsArticle\",\"@id\":\"https:\\\/\\\/costablanca-magazin.com\\\/nb\\\/freizeit\\\/veranstaltungen-events\\\/weihnachten-2025-an-der-costa-blanca-krippen-rituale\\\/#article\",\"name\":\"Weihnachten 2025 an der Costa Blanca \\u2013 Krippen & Rituale\",\"headline\":\"Weihnachten 2025 an der Costa Blanca \\u2013 Krippen & Rituale\",\"author\":{\"@id\":\"https:\\\/\\\/costablanca-magazin.com\\\/nb\\\/author\\\/costablanca-magazin-redaktion\\\/#author\"},\"publisher\":{\"@id\":\"https:\\\/\\\/costablanca-magazin.com\\\/nb\\\/#organization\"},\"image\":{\"@type\":\"ImageObject\",\"url\":\"https:\\\/\\\/costablanca-magazin.com\\\/wp-content\\\/uploads\\\/2025\\\/11\\\/1.png\",\"width\":2560,\"height\":1440,\"caption\":\"Weihnachten 2025 an der Costa Blanca \\u2013 Krippen & Rituale\"},\"datePublished\":\"2025-11-23T11:39:59+01:00\",\"dateModified\":\"2026-07-07T09:42:34+02:00\",\"inLanguage\":\"nb-NO\",\"mainEntityOfPage\":{\"@id\":\"https:\\\/\\\/costablanca-magazin.com\\\/nb\\\/freizeit\\\/veranstaltungen-events\\\/weihnachten-2025-an-der-costa-blanca-krippen-rituale\\\/#webpage\"},\"isPartOf\":{\"@id\":\"https:\\\/\\\/costablanca-magazin.com\\\/nb\\\/freizeit\\\/veranstaltungen-events\\\/weihnachten-2025-an-der-costa-blanca-krippen-rituale\\\/#webpage\"},\"articleSection\":\"Veranstaltungen &amp; Events, Feiertage Costa Blanca, Handwerkskunst &amp; Traditionen, M\\u00e4rkte Costa Blanca\"},{\"@type\":\"Person\",\"@id\":\"https:\\\/\\\/costablanca-magazin.com\\\/nb\\\/author\\\/costablanca-magazin-redaktion\\\/#author\",\"url\":\"https:\\\/\\\/costablanca-magazin.com\\\/nb\\\/author\\\/costablanca-magazin-redaktion\\\/\",\"name\":\"Costablanca Magazin Redaktion\"},{\"@type\":\"WebPage\",\"@id\":\"https:\\\/\\\/costablanca-magazin.com\\\/nb\\\/freizeit\\\/veranstaltungen-events\\\/weihnachten-2025-an-der-costa-blanca-krippen-rituale\\\/#webpage\",\"url\":\"https:\\\/\\\/costablanca-magazin.com\\\/nb\\\/freizeit\\\/veranstaltungen-events\\\/weihnachten-2025-an-der-costa-blanca-krippen-rituale\\\/\",\"name\":\"Weihnachten 2025 an der Costa Blanca \\u2013 Krippen &\\u2026\",\"description\":\"Weihnachten an der Costa Blanca: Traditionen, Krippen, Beleuchtung und regionale Br\\u00e4uche von D\\u00e9nia bis Torrevieja.\",\"inLanguage\":\"nb-NO\",\"isPartOf\":{\"@id\":\"https:\\\/\\\/costablanca-magazin.com\\\/nb\\\/#website\"},\"breadcrumb\":{\"@id\":\"https:\\\/\\\/costablanca-magazin.com\\\/nb\\\/freizeit\\\/veranstaltungen-events\\\/weihnachten-2025-an-der-costa-blanca-krippen-rituale\\\/#breadcrumblist\"},\"author\":{\"@id\":\"https:\\\/\\\/costablanca-magazin.com\\\/nb\\\/author\\\/costablanca-magazin-redaktion\\\/#author\"},\"creator\":{\"@id\":\"https:\\\/\\\/costablanca-magazin.com\\\/nb\\\/author\\\/costablanca-magazin-redaktion\\\/#author\"},\"image\":{\"@type\":\"ImageObject\",\"url\":\"https:\\\/\\\/costablanca-magazin.com\\\/wp-content\\\/uploads\\\/2025\\\/11\\\/1.png\",\"@id\":\"https:\\\/\\\/costablanca-magazin.com\\\/nb\\\/freizeit\\\/veranstaltungen-events\\\/weihnachten-2025-an-der-costa-blanca-krippen-rituale\\\/#mainImage\",\"width\":2560,\"height\":1440,\"caption\":\"Weihnachten 2025 an der Costa Blanca \\u2013 Krippen & Rituale\"},\"primaryImageOfPage\":{\"@id\":\"https:\\\/\\\/costablanca-magazin.com\\\/nb\\\/freizeit\\\/veranstaltungen-events\\\/weihnachten-2025-an-der-costa-blanca-krippen-rituale\\\/#mainImage\"},\"datePublished\":\"2025-11-23T11:39:59+01:00\",\"dateModified\":\"2026-07-07T09:42:34+02:00\",\"mainEntity\":{\"@id\":\"https:\\\/\\\/costablanca-magazin.com\\\/nb\\\/freizeit\\\/veranstaltungen-events\\\/weihnachten-2025-an-der-costa-blanca-krippen-rituale\\\/#article\"}},{\"@type\":\"WebSite\",\"@id\":\"https:\\\/\\\/costablanca-magazin.com\\\/nb\\\/#website\",\"url\":\"https:\\\/\\\/costablanca-magazin.com\\\/nb\\\/\",\"name\":\"Costa Blanca Magazin\",\"description\":\"Costa Blanca - alles um das Leben und die Freizeit an der K\\u00fcste\",\"inLanguage\":\"nb-NO\",\"publisher\":{\"@id\":\"https:\\\/\\\/costablanca-magazin.com\\\/nb\\\/#organization\"},\"potentialAction\":{\"@type\":\"SearchAction\",\"target\":\"https:\\\/\\\/costablanca-magazin.com\\\/nb\\\/?s={search_term_string}\",\"query-input\":\"required name=search_term_string\"}},{\"@type\":[\"Organization\",\"NewsMediaOrganization\"],\"@id\":\"https:\\\/\\\/costablanca-magazin.com\\\/nb\\\/#organization\",\"name\":\"Costa Blanca Magazin\",\"description\":\"Costa Blanca Magazin\",\"url\":\"https:\\\/\\\/costablanca-magazin.com\\\/nb\\\/\",\"email\":\"info@costablanca-magazin.com\",\"telephone\":\"+34 663 946 871\",\"logo\":{\"@type\":\"ImageObject\",\"url\":\"https:\\\/\\\/costablanca-magazin.com\\\/wp-content\\\/uploads\\\/2024\\\/05\\\/logo.jpg\",\"@id\":\"https:\\\/\\\/costablanca-magazin.com\\\/nb\\\/freizeit\\\/veranstaltungen-events\\\/weihnachten-2025-an-der-costa-blanca-krippen-rituale\\\/#organizationLogo\",\"width\":1605,\"height\":236,\"caption\":\"Costa Blanca Magazin\"},\"image\":{\"@id\":\"https:\\\/\\\/costablanca-magazin.com\\\/nb\\\/freizeit\\\/veranstaltungen-events\\\/weihnachten-2025-an-der-costa-blanca-krippen-rituale\\\/#organizationLogo\"},\"sameAs\":[\"https:\\\/\\\/www.facebook.com\\\/costablancalifestyle\\\/\",\"https:\\\/\\\/www.instagram.com\\\/costablancamagazin\\\/\"]}]}\n\t\t<\/script>\n\t\t<!-- All in One SEO Pro -->\r\n\t\t<title>Weihnachten 2025 an der Costa Blanca \u2013 Krippen &amp;\u2026<\/title>\n\n","aioseo_head_json":{"title":"Julen 2025 p\u00e5 Costa Blanca - julekrybber og julekrybber p\u00e5...","description":"Julen p\u00e5 Costa Blanca: Tradisjoner, julekrybber, lys og regionale skikker fra D\u00e9nia til Torrevieja.","canonical_url":"https:\/\/costablanca-magazin.com\/nb\/freizeit\/veranstaltungen-events\/weihnachten-2025-an-der-costa-blanca-krippen-rituale\/","robots":"max-snippet:-1, max-image-preview:large, max-video-preview:-1","keywords":"","webmasterTools":{"miscellaneous":""},"schema":{"@context":"https:\/\/schema.org","@graph":[{"@type":"BreadcrumbList","@id":"https:\/\/costablanca-magazin.com\/nb\/freizeit\/veranstaltungen-events\/weihnachten-2025-an-der-costa-blanca-krippen-rituale\/#breadcrumblist","itemListElement":[{"@type":"ListItem","@id":"https:\/\/costablanca-magazin.com\/nb#listItem","position":1,"name":"Home","item":"https:\/\/costablanca-magazin.com\/nb","nextItem":{"@type":"ListItem","@id":"https:\/\/costablanca-magazin.com\/nb\/fritid\/#listItem","name":"Freizeit"}},{"@type":"ListItem","@id":"https:\/\/costablanca-magazin.com\/nb\/fritid\/#listItem","position":2,"name":"Freizeit","item":"https:\/\/costablanca-magazin.com\/nb\/fritid\/","nextItem":{"@type":"ListItem","@id":"https:\/\/costablanca-magazin.com\/nb\/arrangementer-events\/#listItem","name":"Veranstaltungen &amp; Events"},"previousItem":{"@type":"ListItem","@id":"https:\/\/costablanca-magazin.com\/nb#listItem","name":"Home"}},{"@type":"ListItem","@id":"https:\/\/costablanca-magazin.com\/nb\/arrangementer-events\/#listItem","position":3,"name":"Veranstaltungen &amp; Events","item":"https:\/\/costablanca-magazin.com\/nb\/arrangementer-events\/","nextItem":{"@type":"ListItem","@id":"https:\/\/costablanca-magazin.com\/nb\/freizeit\/veranstaltungen-events\/weihnachten-2025-an-der-costa-blanca-krippen-rituale\/#listItem","name":"Weihnachten 2025 an der Costa Blanca \u2013 Krippen &amp; Rituale"},"previousItem":{"@type":"ListItem","@id":"https:\/\/costablanca-magazin.com\/nb\/fritid\/#listItem","name":"Freizeit"}},{"@type":"ListItem","@id":"https:\/\/costablanca-magazin.com\/nb\/freizeit\/veranstaltungen-events\/weihnachten-2025-an-der-costa-blanca-krippen-rituale\/#listItem","position":4,"name":"Weihnachten 2025 an der Costa Blanca \u2013 Krippen &amp; Rituale","previousItem":{"@type":"ListItem","@id":"https:\/\/costablanca-magazin.com\/nb\/arrangementer-events\/#listItem","name":"Veranstaltungen &amp; Events"}}]},{"@type":"NewsArticle","@id":"https:\/\/costablanca-magazin.com\/nb\/freizeit\/veranstaltungen-events\/weihnachten-2025-an-der-costa-blanca-krippen-rituale\/#article","name":"Weihnachten 2025 an der Costa Blanca \u2013 Krippen & Rituale","headline":"Weihnachten 2025 an der Costa Blanca \u2013 Krippen & Rituale","author":{"@id":"https:\/\/costablanca-magazin.com\/nb\/author\/costablanca-magazin-redaktion\/#author"},"publisher":{"@id":"https:\/\/costablanca-magazin.com\/nb\/#organization"},"image":{"@type":"ImageObject","url":"https:\/\/costablanca-magazin.com\/wp-content\/uploads\/2025\/11\/1.png","width":2560,"height":1440,"caption":"Weihnachten 2025 an der Costa Blanca \u2013 Krippen & Rituale"},"datePublished":"2025-11-23T11:39:59+01:00","dateModified":"2026-07-07T09:42:34+02:00","inLanguage":"nb-NO","mainEntityOfPage":{"@id":"https:\/\/costablanca-magazin.com\/nb\/freizeit\/veranstaltungen-events\/weihnachten-2025-an-der-costa-blanca-krippen-rituale\/#webpage"},"isPartOf":{"@id":"https:\/\/costablanca-magazin.com\/nb\/freizeit\/veranstaltungen-events\/weihnachten-2025-an-der-costa-blanca-krippen-rituale\/#webpage"},"articleSection":"Veranstaltungen &amp; Events, Feiertage Costa Blanca, Handwerkskunst &amp; Traditionen, M\u00e4rkte Costa Blanca"},{"@type":"Person","@id":"https:\/\/costablanca-magazin.com\/nb\/author\/costablanca-magazin-redaktion\/#author","url":"https:\/\/costablanca-magazin.com\/nb\/author\/costablanca-magazin-redaktion\/","name":"Costablanca Magazin Redaktion"},{"@type":"WebPage","@id":"https:\/\/costablanca-magazin.com\/nb\/freizeit\/veranstaltungen-events\/weihnachten-2025-an-der-costa-blanca-krippen-rituale\/#webpage","url":"https:\/\/costablanca-magazin.com\/nb\/freizeit\/veranstaltungen-events\/weihnachten-2025-an-der-costa-blanca-krippen-rituale\/","name":"Weihnachten 2025 an der Costa Blanca \u2013 Krippen &\u2026","description":"Weihnachten an der Costa Blanca: Traditionen, Krippen, Beleuchtung und regionale Br\u00e4uche von D\u00e9nia bis Torrevieja.","inLanguage":"nb-NO","isPartOf":{"@id":"https:\/\/costablanca-magazin.com\/nb\/#website"},"breadcrumb":{"@id":"https:\/\/costablanca-magazin.com\/nb\/freizeit\/veranstaltungen-events\/weihnachten-2025-an-der-costa-blanca-krippen-rituale\/#breadcrumblist"},"author":{"@id":"https:\/\/costablanca-magazin.com\/nb\/author\/costablanca-magazin-redaktion\/#author"},"creator":{"@id":"https:\/\/costablanca-magazin.com\/nb\/author\/costablanca-magazin-redaktion\/#author"},"image":{"@type":"ImageObject","url":"https:\/\/costablanca-magazin.com\/wp-content\/uploads\/2025\/11\/1.png","@id":"https:\/\/costablanca-magazin.com\/nb\/freizeit\/veranstaltungen-events\/weihnachten-2025-an-der-costa-blanca-krippen-rituale\/#mainImage","width":2560,"height":1440,"caption":"Weihnachten 2025 an der Costa Blanca \u2013 Krippen & Rituale"},"primaryImageOfPage":{"@id":"https:\/\/costablanca-magazin.com\/nb\/freizeit\/veranstaltungen-events\/weihnachten-2025-an-der-costa-blanca-krippen-rituale\/#mainImage"},"datePublished":"2025-11-23T11:39:59+01:00","dateModified":"2026-07-07T09:42:34+02:00","mainEntity":{"@id":"https:\/\/costablanca-magazin.com\/nb\/freizeit\/veranstaltungen-events\/weihnachten-2025-an-der-costa-blanca-krippen-rituale\/#article"}},{"@type":"WebSite","@id":"https:\/\/costablanca-magazin.com\/nb\/#website","url":"https:\/\/costablanca-magazin.com\/nb\/","name":"Costa Blanca Magazin","description":"Costa Blanca - alles um das Leben und die Freizeit an der K\u00fcste","inLanguage":"nb-NO","publisher":{"@id":"https:\/\/costablanca-magazin.com\/nb\/#organization"},"potentialAction":{"@type":"SearchAction","target":"https:\/\/costablanca-magazin.com\/nb\/?s={search_term_string}","query-input":"required name=search_term_string"}},{"@type":["Organization","NewsMediaOrganization"],"@id":"https:\/\/costablanca-magazin.com\/nb\/#organization","name":"Costa Blanca Magazin","description":"Costa Blanca Magazin","url":"https:\/\/costablanca-magazin.com\/nb\/","email":"info@costablanca-magazin.com","telephone":"+34 663 946 871","logo":{"@type":"ImageObject","url":"https:\/\/costablanca-magazin.com\/wp-content\/uploads\/2024\/05\/logo.jpg","@id":"https:\/\/costablanca-magazin.com\/nb\/freizeit\/veranstaltungen-events\/weihnachten-2025-an-der-costa-blanca-krippen-rituale\/#organizationLogo","width":1605,"height":236,"caption":"Costa Blanca Magazin"},"image":{"@id":"https:\/\/costablanca-magazin.com\/nb\/freizeit\/veranstaltungen-events\/weihnachten-2025-an-der-costa-blanca-krippen-rituale\/#organizationLogo"},"sameAs":["https:\/\/www.facebook.com\/costablancalifestyle\/","https:\/\/www.instagram.com\/costablancamagazin\/"]}]},"og:locale":"nb_NO","og:site_name":"Costa Blanca Magazin","og:type":"article","og:title":"Weihnachten 2025 an der Costa Blanca \u2013 Krippen &amp;\u2026","og:description":"Weihnachten an der Costa Blanca: Traditionen, Krippen, Beleuchtung und regionale Br\u00e4uche von D\u00e9nia bis Torrevieja.","og:url":"https:\/\/costablanca-magazin.com\/nb\/freizeit\/veranstaltungen-events\/weihnachten-2025-an-der-costa-blanca-krippen-rituale\/","og:image":"https:\/\/costablanca-magazin.com\/wp-content\/uploads\/2025\/11\/1.png","og:image:secure_url":"https:\/\/costablanca-magazin.com\/wp-content\/uploads\/2025\/11\/1.png","og:image:width":2560,"og:image:height":1440,"article:published_time":"2025-11-23T10:39:59+00:00","article:modified_time":"2026-07-07T07:42:34+00:00","article:publisher":"https:\/\/www.facebook.com\/costablancalifestyle\/","twitter:card":"summary_large_image","twitter:title":"Weihnachten 2025 an der Costa Blanca \u2013 Krippen &amp;\u2026","twitter:description":"Weihnachten an der Costa Blanca: Traditionen, Krippen, Beleuchtung und regionale Br\u00e4uche von D\u00e9nia bis Torrevieja.","twitter:image":"https:\/\/costablanca-magazin.com\/wp-content\/uploads\/2025\/11\/1.png"},"aioseo_meta_data":{"post_id":"9587","title":"Julen 2025 p\u00e5 Costa Blanca - julekrybber og julekrybber p\u00e5...","description":"Julen p\u00e5 Costa Blanca: Tradisjoner, julekrybber, lys og regionale skikker fra D\u00e9nia til Torrevieja.","keywords":null,"keyphrases":{"focus":[],"additional":[]},"primary_term":null,"canonical_url":null,"og_title":null,"og_description":null,"og_object_type":"default","og_image_type":"default","og_image_url":null,"og_image_width":null,"og_image_height":null,"og_image_custom_url":null,"og_image_custom_fields":null,"og_video":"","og_custom_url":null,"og_article_section":null,"og_article_tags":null,"twitter_use_og":false,"twitter_card":"default","twitter_image_type":"default","twitter_image_url":null,"twitter_image_custom_url":null,"twitter_image_custom_fields":null,"twitter_title":null,"twitter_description":null,"schema":{"blockGraphs":[],"customGraphs":[],"default":{"data":{"Article":[],"Course":[],"Dataset":[],"FAQPage":[],"Movie":[],"Person":[],"Product":[],"ProductReview":[],"Car":[],"Recipe":[],"Service":[],"SoftwareApplication":[],"WebPage":[]},"graphName":"BlogPosting","isEnabled":true},"graphs":[]},"schema_type":"default","schema_type_options":null,"pillar_content":false,"robots_default":true,"robots_noindex":false,"robots_noarchive":false,"robots_nosnippet":false,"robots_nofollow":false,"robots_noimageindex":false,"robots_noodp":false,"robots_notranslate":false,"robots_max_snippet":"-1","robots_max_videopreview":"-1","robots_max_imagepreview":"large","priority":null,"frequency":"default","local_seo":null,"seo_analyzer_scan_date":"2026-07-07 10:00:07","breadcrumb_settings":null,"limit_modified_date":false,"reviewed_by":null,"open_ai":null,"ai":{"faqs":[],"keyPoints":[],"titles":[],"descriptions":[],"socialPosts":{"email":[],"linkedin":[],"twitter":[],"facebook":[],"instagram":[]}},"created":"2025-11-23 10:29:55","updated":"2026-08-10 07:29:34","focus_keyword":null,"additional_keywords":null,"truseo_locale":null},"aioseo_breadcrumb":"<div class=\"aioseo-breadcrumbs\"><span class=\"aioseo-breadcrumb\">\n\t<a href=\"https:\/\/costablanca-magazin.com\/nb\" title=\"Home\">Home<\/a>\n<\/span><span class=\"aioseo-breadcrumb-separator\">&raquo;<\/span><span class=\"aioseo-breadcrumb\">\n\t<a href=\"https:\/\/costablanca-magazin.com\/nb\/fritid\/\" title=\"Freizeit\">Freizeit<\/a>\n<\/span><span class=\"aioseo-breadcrumb-separator\">&raquo;<\/span><span class=\"aioseo-breadcrumb\">\n\t<a href=\"https:\/\/costablanca-magazin.com\/nb\/arrangementer-events\/\" title=\"Veranstaltungen &amp; Events\">Veranstaltungen &amp; Events<\/a>\n<\/span><span class=\"aioseo-breadcrumb-separator\">&raquo;<\/span><span class=\"aioseo-breadcrumb\">\n\tWeihnachten 2025 an der Costa Blanca \u2013 Krippen &amp; Rituale\n<\/span><\/div>","aioseo_breadcrumb_json":[{"label":"Home","link":"https:\/\/costablanca-magazin.com\/nb"},{"label":"Freizeit","link":"https:\/\/costablanca-magazin.com\/nb\/fritid\/"},{"label":"Veranstaltungen &amp; Events","link":"https:\/\/costablanca-magazin.com\/nb\/arrangementer-events\/"},{"label":"Weihnachten 2025 an der Costa Blanca \u2013 Krippen &amp; Rituale","link":"https:\/\/costablanca-magazin.com\/nb\/freizeit\/veranstaltungen-events\/weihnachten-2025-an-der-costa-blanca-krippen-rituale\/"}],"_links":{"self":[{"href":"https:\/\/costablanca-magazin.com\/nb\/wp-json\/wp\/v2\/posts\/9587","targetHints":{"allow":["GET"]}}],"collection":[{"href":"https:\/\/costablanca-magazin.com\/nb\/wp-json\/wp\/v2\/posts"}],"about":[{"href":"https:\/\/costablanca-magazin.com\/nb\/wp-json\/wp\/v2\/types\/post"}],"author":[{"embeddable":true,"href":"https:\/\/costablanca-magazin.com\/nb\/wp-json\/wp\/v2\/users\/4"}],"replies":[{"embeddable":true,"href":"https:\/\/costablanca-magazin.com\/nb\/wp-json\/wp\/v2\/comments?post=9587"}],"version-history":[{"count":34,"href":"https:\/\/costablanca-magazin.com\/nb\/wp-json\/wp\/v2\/posts\/9587\/revisions"}],"predecessor-version":[{"id":11234,"href":"https:\/\/costablanca-magazin.com\/nb\/wp-json\/wp\/v2\/posts\/9587\/revisions\/11234"}],"wp:featuredmedia":[{"embeddable":true,"href":"https:\/\/costablanca-magazin.com\/nb\/wp-json\/wp\/v2\/media\/9586"}],"wp:attachment":[{"href":"https:\/\/costablanca-magazin.com\/nb\/wp-json\/wp\/v2\/media?parent=9587"}],"wp:term":[{"taxonomy":"category","embeddable":true,"href":"https:\/\/costablanca-magazin.com\/nb\/wp-json\/wp\/v2\/categories?post=9587"},{"taxonomy":"post_tag","embeddable":true,"href":"https:\/\/costablanca-magazin.com\/nb\/wp-json\/wp\/v2\/tags?post=9587"}],"curies":[{"name":"wp","href":"https:\/\/api.w.org\/{rel}","templated":true}]}}