{"id":9411,"date":"2025-11-15T09:00:00","date_gmt":"2025-11-15T08:00:00","guid":{"rendered":"https:\/\/costablanca-magazin.com\/?p=9411"},"modified":"2025-11-21T16:07:02","modified_gmt":"2025-11-21T15:07:02","slug":"arrangementer-costa-blanca-nov-des-2025-2026","status":"publish","type":"post","link":"https:\/\/costablanca-magazin.com\/nb\/freizeit\/veranstaltungen-events\/events-costa-blanca-nov-dez-2025-2026\/","title":{"rendered":"Vinter p\u00e5 Costa Blanca - Alle arrangementer 2025\/26"},"content":{"rendered":"<div data-elementor-type=\"wp-post\" data-elementor-id=\"9411\" class=\"elementor elementor-9411\" data-elementor-post-type=\"post\">\n\t\t\t\t<div class=\"elementor-element elementor-element-1adc998 e-flex e-con-boxed e-con e-parent\" data-id=\"1adc998\" data-element_type=\"container\" data-e-type=\"container\">\n\t\t\t\t\t<div class=\"e-con-inner\">\n\t\t\t\t<div class=\"elementor-element elementor-element-d02a950 elementor-widget elementor-widget-heading\" data-id=\"d02a950\" data-element_type=\"widget\" data-e-type=\"widget\" data-widget_type=\"heading.default\">\n\t\t\t\t<div class=\"elementor-widget-container\">\n\t\t\t\t\t<h1 class=\"elementor-heading-title elementor-size-default\">Arrangementer Costa Blanca november \/ desember 2025<\/h1>\t\t\t\t<\/div>\n\t\t\t\t<\/div>\n\t\t\t\t<div class=\"elementor-element elementor-element-f914f80 elementor-widget elementor-widget-image\" data-id=\"f914f80\" data-element_type=\"widget\" data-e-type=\"widget\" data-widget_type=\"image.default\">\n\t\t\t\t<div class=\"elementor-widget-container\">\n\t\t\t\t\t\t\t\t\t\t\t\t\t\t\t<img decoding=\"async\" src=\"https:\/\/costablanca-magazin.com\/wp-content\/uploads\/elementor\/thumbs\/santa-claus-opens-magic-christmas-gift-box-2024-11-20-04-20-21-utc-rjc4vqctihw28w12xlsetdrb1ytsu882xw0uvffzqk.jpg\" title=\"ARRANGEMENTER 11\/12\" alt=\"EVENTS 11\/12\" loading=\"lazy\" \/>\t\t\t\t\t\t\t\t\t\t\t\t\t\t\t<\/div>\n\t\t\t\t<\/div>\n\t\t\t\t\t<\/div>\n\t\t\t\t<\/div>\n\t\t<div class=\"elementor-element elementor-element-1669246 e-flex e-con-boxed e-con e-parent\" data-id=\"1669246\" data-element_type=\"container\" data-e-type=\"container\">\n\t\t\t\t\t<div class=\"e-con-inner\">\n\t\t\t\t<div class=\"elementor-element elementor-element-be29c3a elementor-widget elementor-widget-heading\" data-id=\"be29c3a\" data-element_type=\"widget\" data-e-type=\"widget\" data-widget_type=\"heading.default\">\n\t\t\t\t<div class=\"elementor-widget-container\">\n\t\t\t\t\t<h2 class=\"elementor-heading-title elementor-size-default\">H\u00f8ydepunkter p\u00e5 Costa Blanca: Julemarkeder, konserter, utstillinger og familiearrangementer fra november 2025 til januar 2026.<\/h2>\t\t\t\t<\/div>\n\t\t\t\t<\/div>\n\t\t\t\t\t<\/div>\n\t\t\t\t<\/div>\n\t\t<div class=\"elementor-element elementor-element-ee17a13 e-flex e-con-boxed e-con e-parent\" data-id=\"ee17a13\" data-element_type=\"container\" data-e-type=\"container\">\n\t\t\t\t\t<div class=\"e-con-inner\">\n\t\t\t\t<div class=\"elementor-element elementor-element-0b9743b elementor-widget elementor-widget-text-editor\" data-id=\"0b9743b\" data-element_type=\"widget\" data-e-type=\"widget\" data-widget_type=\"text-editor.default\">\n\t\t\t\t<div class=\"elementor-widget-container\">\n\t\t\t\t\t\t\t\t\t<p>Jul, advent og starten p\u00e5 det nye \u00e5ret p\u00e5 Costa Blanca! N\u00e5r dagene blir kortere og kveldene lengre, v\u00e5kner Costa Blanca i en helt spesiell gl\u00f8d. Adventsmarkeder, festkonserter og vinterlige h\u00f8ydepunkter inviterer deg til \u00e5 oppleve sesongen mellom november og januar i alle dens fasetter - uten stress, men med et lite festlig glimt i \u00f8yet.<\/p>\t\t\t\t\t\t\t\t<\/div>\n\t\t\t\t<\/div>\n\t\t\t\t\t<\/div>\n\t\t\t\t<\/div>\n\t\t<div class=\"elementor-element elementor-element-7bc9d3c e-flex e-con-boxed e-con e-parent\" data-id=\"7bc9d3c\" data-element_type=\"container\" data-e-type=\"container\">\n\t\t\t\t\t<div class=\"e-con-inner\">\n\t\t\t\t<div class=\"elementor-element elementor-element-fa59daa elementor-widget-divider--separator-type-pattern elementor-widget-divider--view-line elementor-widget elementor-widget-divider\" data-id=\"fa59daa\" data-element_type=\"widget\" data-e-type=\"widget\" data-widget_type=\"divider.default\">\n\t\t\t\t<div class=\"elementor-widget-container\">\n\t\t\t\t\t\t\t<div class=\"elementor-divider\" style=\"--divider-pattern-url: url(&quot;data:image\/svg+xml,%3Csvg xmlns=&#039;http:\/\/www.w3.org\/2000\/svg&#039; preserveAspectRatio=&#039;none&#039; overflow=&#039;visible&#039; height=&#039;100%&#039; viewBox=&#039;0 0 24 24&#039; fill=&#039;none&#039; stroke=&#039;black&#039; stroke-width=&#039;1.5&#039; stroke-linecap=&#039;square&#039; stroke-miterlimit=&#039;10&#039;%3E%3Cpath d=&#039;M0,6c6,0,0.9,11.1,6.9,11.1S18,6,24,6&#039;\/%3E%3C\/svg%3E&quot;);\">\n\t\t\t<span class=\"elementor-divider-separator\">\n\t\t\t\t\t\t<\/span>\n\t\t<\/div>\n\t\t\t\t\t\t<\/div>\n\t\t\t\t<\/div>\n\t\t\t\t\t<\/div>\n\t\t\t\t<\/div>\n\t\t<div class=\"elementor-element elementor-element-a2c4d00 e-flex e-con-boxed e-con e-parent\" data-id=\"a2c4d00\" data-element_type=\"container\" data-e-type=\"container\">\n\t\t\t\t\t<div class=\"e-con-inner\">\n\t\t<div class=\"elementor-element elementor-element-e6eb603 e-con-full e-flex e-con e-child\" data-id=\"e6eb603\" data-element_type=\"container\" data-e-type=\"container\">\n\t\t\t\t<div class=\"elementor-element elementor-element-134bb75 elementor-widget elementor-widget-heading\" data-id=\"134bb75\" data-element_type=\"widget\" data-e-type=\"widget\" data-widget_type=\"heading.default\">\n\t\t\t\t<div class=\"elementor-widget-container\">\n\t\t\t\t\t<h3 class=\"elementor-heading-title elementor-size-default\">Calpe\n<\/h3>\t\t\t\t<\/div>\n\t\t\t\t<\/div>\n\t\t\t\t<div class=\"elementor-element elementor-element-022cdd1 elementor-widget elementor-widget-text-editor\" data-id=\"022cdd1\" data-element_type=\"widget\" data-e-type=\"widget\" data-widget_type=\"text-editor.default\">\n\t\t\t\t<div class=\"elementor-widget-container\">\n\t\t\t\t\t\t\t\t\t<p><strong>15. november 2025<\/strong> klokken 10.00 p\u00e5 Plaza Mayor finner arrangementet \u201eSabors de la Mar \u2013 Talleres culinarios\u201c sted.<br \/><strong>16. november 2025<\/strong> kl. 18.30 i auditoriet i Casa de la Cultura blir teaterstykket \u201e7 a\u00f1os\u201c av Jos\u00e9 Cepeda fremf\u00f8rt som en del av XIII Certamen Nacional Teatro Amateur Antonio Ferrer \u201cEl Cartero\u201d.<br \/><strong>23. november 2025<\/strong> kl. 18.30 vises teaterstykket \u201eLa chica de la luci\u00e9rnaga\u201c av Juan Castilla i auditoriet i Casa de la Cultura.<br \/><strong>27. november 2025<\/strong> IES Ifach og Les Salines arrangerer arrangementet \u201eMicromachismos en la era digital y el fen\u00f3meno de los deepfakes\u201c.<br \/>\u00a0<strong>27. november 2025<\/strong> begynner kl. 20:30 i auditoriet til Casa de la Cultura \u201eJaume Pastor i Fluix\u00e0\u201c med I Gala del Deporte.<br \/><strong>\u00a030. november 2025<\/strong> Klokken 18.30 finner prisutdelingen og avslutningsseremonien for XIII Certamen Nacional Teatro Amateur \u201cAntonio Ferrer, El Cartero\u201d sted i auditoriet i Casa de la Cultura.<br \/><strong>\u00a05. desember 2025<\/strong> begynner julemarkedet i Calpe i Casco Antiguo, som varer til <strong>8. desember 2025<\/strong> varer.<br \/><strong>7. desember 2025<\/strong> kl. 11.30 arrangeres det en guidet tur i det historiske sentrum av Calpe. M\u00f8tested: Casa de la Cultura (Av. Masnou 1). P\u00e5melding er n\u00f8dvendig via turistkontorene i Calpe turismo@ajcalp.es <br \/><strong>30. desember 2025<\/strong> Det arrangeres guidede omvisninger i Banys de la Reina.<br \/>\u2192 Onsdag til l\u00f8rdag fra kl. 9.30 til 14.30 (omvisninger kl. 10.00, 11.30 og 13.00).<br \/>\u2192 S\u00f8ndager og helligdager fra kl. 9.30 til 13.30 (omvisninger kl. 10.00 og 12.00).<br \/>Guidede spr\u00e5kturer: Onsdag fransk, torsdag engelsk, s\u00f8ndag Valenciano.<br \/><strong>til 30. desember 2025<\/strong> kan man se utstillingen \u201eEls Banys de la Reina, la huella romana\u201c i Museo del Coleccionismo (Plaza de la Villa, 15).<br \/><strong>til slutten av januar 2026<\/strong> Zumba-kursene holdes i regi av Calp Esports.<br \/>\u2192 Mandag 11:30 Pista Blava<br \/>\u2192 onsdag kl. 9.30 Pista Blava<br \/>\u2192 Torsdag 19:30 Sala Multi<br \/>\u2192 fredag kl. 9.30 Pista Blava<br \/><strong>5. januar 2026<\/strong> finner trekongersparaden sted i Calpe. Start kl. 17:30 p\u00e5 Plaza Col\u00f3n, rute via Avenida Gabriel Mir\u00f3, Plaza Constituci\u00f3n, Avenida de Ifach, Calle Justicia, Llibertat, de Fora, Plaza del Mosquit, Pur\u00edsima, Sant\u00edsimo Cristo Vicente Gallart til kirken Virgen de las Nieves.<\/p>\t\t\t\t\t\t\t\t<\/div>\n\t\t\t\t<\/div>\n\t\t\t\t<div class=\"elementor-element elementor-element-4666c85 elementor-widget elementor-widget-heading\" data-id=\"4666c85\" data-element_type=\"widget\" data-e-type=\"widget\" data-widget_type=\"heading.default\">\n\t\t\t\t<div class=\"elementor-widget-container\">\n\t\t\t\t\t<h3 class=\"elementor-heading-title elementor-size-default\">Altea<\/h3>\t\t\t\t<\/div>\n\t\t\t\t<\/div>\n\t\t\t\t<div class=\"elementor-element elementor-element-cb00239 elementor-widget elementor-widget-text-editor\" data-id=\"cb00239\" data-element_type=\"widget\" data-e-type=\"widget\" data-widget_type=\"text-editor.default\">\n\t\t\t\t<div class=\"elementor-widget-container\">\n\t\t\t\t\t\t\t\t\t<p><strong>15. november 2025<\/strong> Klokken 20:00 finner konserten \u201eSanta Cec\u00edlia \u2013 Banda SRM Altea la Vella\u201c sted i Centre Cultural Altea la Vella.<br \/><strong>20. november 2025<\/strong> Klokken 19:30 blir boken \u201eDesconexi\u00f3n. C\u00f3mo el planeta Tierra se est\u00e1 desconectando del Universo\u201c av Sim\u00f3n M. Escudero presentert i Casa de Cultura Altea\/Biblioteca P\u00fablica.<br \/><strong>21. november 2025<\/strong> Klokken 18:00 finner barneteateret \u201eMarieta, Marieta\u2026 i altres contes\u201c med Carles Cano sted i Casa de Cultura Altea.<br \/><strong>27. november 2025<\/strong> Klokken 19:30 blir boken \u201eLa Materia que refulge\u201c av Marta Blanco Fern\u00e1ndez presentert i Casa de Cultura Altea\/Biblioteca P\u00fablica.<br \/><strong>29. november 2025<\/strong> Klokken 20:00 blir teaterstykket \u201eCamino a la Meca\u201c av Pentaci\u00f3n Espect\u00e1culos fremf\u00f8rt i Palau Altea.<br \/><strong>4. desember 2025<\/strong> Klokken 19:30 blir b\u00f8kene \u201eTotes les llums del temps\u201c av Marc Pallar\u00e8s Piquer og \u201eLa cuinera de not\u00edcies\u201c av Nina Busquet i Figueras presentert i Casa de Cultura Altea\/Biblioteca P\u00fablica.<\/p><p><br \/>\u2022 I \u00e5r flytter <strong>julemarked<\/strong> fra Altea til den nylig renoverte Avenida de la Comunidad Valenciana, bare 50 meter fra den store gratis parkeringsplassen, slik at bes\u00f8kende praktisk talt kan parkere \u201erett utenfor d\u00f8ren\u201d. I tillegg presenteres en helt spesiell krybbe, et samarbeidsprosjekt hvor hver figur er laget av en annen kunsth\u00e5ndverker. Resultatet er overraskende: Josef er laget av stoff, hyrden og sauene hans er laget av keramikk, en av de tre kongene er laget av s\u00e5pe, en annen av tre, og oksen er laget av sveiste hestesko. Markedet \u00e5pner fredag 5. desember fra kl. 18.00 til 21.00, og l\u00f8rdag, s\u00f8ndag og mandag fra kl. 11.00 til 21.00. En perfekt anledning til \u00e5 kj\u00f8pe eller bestille julegaver, slik at du f\u00e5r noe originalt, kj\u00e6rlig laget og h\u00e5ndlaget. <br \/>mottas. Endringer i siste liten - for eksempel p\u00e5 grunn av d\u00e5rlige v\u00e6rforhold - kan gj\u00f8res p\u00e5 <a href=\"https:\/\/www.puebloartesano.es\/altea\" target=\"_blank\" rel=\"noopener\">https:\/\/www.puebloartesano.es\/altea<\/a><\/p><p><strong>5. til 7. desember 2025<\/strong> finner sted p\u00e5 Pda. Sogai, festen \u201eSanta B\u00e0rbara\u201c.<br \/>- Festivalen \u201eLa Pur\u00edssima d'Altea la Vella\u201c vil finne sted i Altea la Vella fra 6. til 8. desember 2025.<br \/><strong>7. desember 2025<\/strong> Klokken 16:00 finner den 50. Certamen Internacional de M\u00fasica Vila d\u2019Altea \u2013 Secci\u00f3 Simf\u00f2nica sted i Palau Altea, med deltagelse av ulike bl\u00e5seorkestre.<br \/><strong>11. desember 2025<\/strong> Klokken 19:30 blir b\u00f8kene \u201eMil vidas de una gota\u201c, \u201eEl Or\u00e1culo de la Naturaleza\u201c og \u201eEl Or\u00e1culo del Alma Humana\u201c av Marta del Puerto presentert i Casa de Cultura Altea\/Biblioteca P\u00fablica.\u00a0<br \/><strong>18. desember 2025<\/strong> Klokken 19:30 blir boken \u201ePor qu\u00e9 los refranes siempre tienen raz\u00f3n\u201c av Sonia G\u00f3mez-Jordana Ferary presentert i Casa de Cultura Altea\/Biblioteca P\u00fablica.<br \/><strong>20. desember 2025<\/strong> Klokken 12.00 finner barneforestillingen \u201eCau de contes: M\u2019agrada\u201c med Silvia Colomer sted i Casa de Cultura Altea.<br \/><strong>20. desember<\/strong> Klokken 20:00 blir teaterstykket \u201eEl hijo de la c\u00f3mica\u201c fremf\u00f8rt i Palau Altea.<br \/><strong>26. desember<\/strong> Klokken 20:00 finner konserten \u201eMississipi Gospel Choir\u201c sted i Palau Altea.<br \/><strong>29. desember<\/strong> Klokken 18:00 blir barnemusikalen \u201eGarfio y la Isla del Tesoro\u201c fremf\u00f8rt i Palau Altea.<br \/><strong>1. januar 2026<\/strong> Klokken 19:00 finner nytt\u00e5rskonserten \u201eStrauss Festival Orchestra\u201c sted i Palau Altea.<br \/><strong>3. januar 2026<\/strong> Klokken 18:00 blir barneteateret \u201eJurassic Game\u201c fremf\u00f8rt i Palau Altea.<br \/><strong>10. januar 2026<\/strong> Klokken 20:00 vises balletten \u201eEl Cascanueces \u2013 Ballet de Kiev\u201c i Palau Altea.<\/p>\t\t\t\t\t\t\t\t<\/div>\n\t\t\t\t<\/div>\n\t\t\t\t<\/div>\n\t\t<div class=\"elementor-element elementor-element-4c9eab7 e-con-full e-flex e-con e-child\" data-id=\"4c9eab7\" data-element_type=\"container\" data-e-type=\"container\">\n\t\t\t\t<div class=\"elementor-element elementor-element-5c305ee elementor-widget__width-initial elementor-widget elementor-widget-image\" data-id=\"5c305ee\" data-element_type=\"widget\" data-e-type=\"widget\" data-widget_type=\"image.default\">\n\t\t\t\t<div class=\"elementor-widget-container\">\n\t\t\t\t\t\t\t\t\t\t\t\t\t\t\t<img fetchpriority=\"high\" decoding=\"async\" width=\"848\" height=\"1200\" src=\"https:\/\/costablanca-magazin.com\/wp-content\/uploads\/2025\/11\/calpe-2.jpg\" class=\"attachment-1536x1536 size-1536x1536 wp-image-9425\" alt=\"calpe 1 1\" srcset=\"https:\/\/costablanca-magazin.com\/wp-content\/uploads\/2025\/11\/calpe-2.jpg 848w, https:\/\/costablanca-magazin.com\/wp-content\/uploads\/2025\/11\/calpe-2-212x300.jpg 212w, https:\/\/costablanca-magazin.com\/wp-content\/uploads\/2025\/11\/calpe-2-724x1024.jpg 724w, https:\/\/costablanca-magazin.com\/wp-content\/uploads\/2025\/11\/calpe-2-768x1087.jpg 768w, https:\/\/costablanca-magazin.com\/wp-content\/uploads\/2025\/11\/calpe-2-8x12.jpg 8w\" sizes=\"(max-width: 848px) 100vw, 848px\" \/>\t\t\t\t\t\t\t\t\t\t\t\t\t\t\t<\/div>\n\t\t\t\t<\/div>\n\t\t\t\t<div class=\"elementor-element elementor-element-5a9459e elementor-widget elementor-widget-spacer\" data-id=\"5a9459e\" data-element_type=\"widget\" data-e-type=\"widget\" data-widget_type=\"spacer.default\">\n\t\t\t\t<div class=\"elementor-widget-container\">\n\t\t\t\t\t\t\t<div class=\"elementor-spacer\">\n\t\t\t<div class=\"elementor-spacer-inner\"><\/div>\n\t\t<\/div>\n\t\t\t\t\t\t<\/div>\n\t\t\t\t<\/div>\n\t\t\t\t<div class=\"elementor-element elementor-element-819edcb elementor-widget__width-initial elementor-widget elementor-widget-image\" data-id=\"819edcb\" data-element_type=\"widget\" data-e-type=\"widget\" data-widget_type=\"image.default\">\n\t\t\t\t<div class=\"elementor-widget-container\">\n\t\t\t\t\t\t\t\t\t\t\t\t\t\t\t<img decoding=\"async\" width=\"840\" height=\"1200\" src=\"https:\/\/costablanca-magazin.com\/wp-content\/uploads\/2025\/11\/calpe-1.jpg\" class=\"attachment-1536x1536 size-1536x1536 wp-image-9424\" alt=\"Calpe 1\" srcset=\"https:\/\/costablanca-magazin.com\/wp-content\/uploads\/2025\/11\/calpe-1.jpg 840w, https:\/\/costablanca-magazin.com\/wp-content\/uploads\/2025\/11\/calpe-1-210x300.jpg 210w, https:\/\/costablanca-magazin.com\/wp-content\/uploads\/2025\/11\/calpe-1-717x1024.jpg 717w, https:\/\/costablanca-magazin.com\/wp-content\/uploads\/2025\/11\/calpe-1-768x1097.jpg 768w, https:\/\/costablanca-magazin.com\/wp-content\/uploads\/2025\/11\/calpe-1-8x12.jpg 8w\" sizes=\"(max-width: 840px) 100vw, 840px\" \/>\t\t\t\t\t\t\t\t\t\t\t\t\t\t\t<\/div>\n\t\t\t\t<\/div>\n\t\t\t\t<div class=\"elementor-element elementor-element-92f207f elementor-widget elementor-widget-spacer\" data-id=\"92f207f\" data-element_type=\"widget\" data-e-type=\"widget\" data-widget_type=\"spacer.default\">\n\t\t\t\t<div class=\"elementor-widget-container\">\n\t\t\t\t\t\t\t<div class=\"elementor-spacer\">\n\t\t\t<div class=\"elementor-spacer-inner\"><\/div>\n\t\t<\/div>\n\t\t\t\t\t\t<\/div>\n\t\t\t\t<\/div>\n\t\t\t\t<div class=\"elementor-element elementor-element-b1d19ac elementor-widget elementor-widget-image\" data-id=\"b1d19ac\" data-element_type=\"widget\" data-e-type=\"widget\" data-widget_type=\"image.default\">\n\t\t\t\t<div class=\"elementor-widget-container\">\n\t\t\t\t\t\t\t\t\t\t\t\t\t\t\t<img decoding=\"async\" width=\"727\" height=\"1024\" src=\"https:\/\/costablanca-magazin.com\/wp-content\/uploads\/2025\/11\/2025-Folleto-A-Altea-727x1024.jpg\" class=\"attachment-large size-large wp-image-9414\" alt=\"2025 - Brosjyre A Altea\" srcset=\"https:\/\/costablanca-magazin.com\/wp-content\/uploads\/2025\/11\/2025-Folleto-A-Altea-727x1024.jpg 727w, https:\/\/costablanca-magazin.com\/wp-content\/uploads\/2025\/11\/2025-Folleto-A-Altea-213x300.jpg 213w, https:\/\/costablanca-magazin.com\/wp-content\/uploads\/2025\/11\/2025-Folleto-A-Altea-768x1082.jpg 768w, https:\/\/costablanca-magazin.com\/wp-content\/uploads\/2025\/11\/2025-Folleto-A-Altea-9x12.jpg 9w, https:\/\/costablanca-magazin.com\/wp-content\/uploads\/2025\/11\/2025-Folleto-A-Altea.jpg 852w\" sizes=\"(max-width: 727px) 100vw, 727px\" \/>\t\t\t\t\t\t\t\t\t\t\t\t\t\t\t<\/div>\n\t\t\t\t<\/div>\n\t\t\t\t<div class=\"elementor-element elementor-element-57ab1e0 elementor-widget elementor-widget-image\" data-id=\"57ab1e0\" data-element_type=\"widget\" data-e-type=\"widget\" data-widget_type=\"image.default\">\n\t\t\t\t<div class=\"elementor-widget-container\">\n\t\t\t\t\t\t\t\t\t\t\t\t\t\t\t<img loading=\"lazy\" decoding=\"async\" width=\"800\" height=\"800\" src=\"https:\/\/costablanca-magazin.com\/wp-content\/uploads\/2025\/11\/qr-code-Altea-1024x1024.jpg\" class=\"attachment-large size-large wp-image-9440\" alt=\"qr-kode Altea\" srcset=\"https:\/\/costablanca-magazin.com\/wp-content\/uploads\/2025\/11\/qr-code-Altea-1024x1024.jpg 1024w, https:\/\/costablanca-magazin.com\/wp-content\/uploads\/2025\/11\/qr-code-Altea-300x300.jpg 300w, https:\/\/costablanca-magazin.com\/wp-content\/uploads\/2025\/11\/qr-code-Altea-150x150.jpg 150w, https:\/\/costablanca-magazin.com\/wp-content\/uploads\/2025\/11\/qr-code-Altea-768x768.jpg 768w, https:\/\/costablanca-magazin.com\/wp-content\/uploads\/2025\/11\/qr-code-Altea-12x12.jpg 12w, https:\/\/costablanca-magazin.com\/wp-content\/uploads\/2025\/11\/qr-code-Altea.jpg 1200w\" sizes=\"(max-width: 800px) 100vw, 800px\" \/>\t\t\t\t\t\t\t\t\t\t\t\t\t\t\t<\/div>\n\t\t\t\t<\/div>\n\t\t\t\t<\/div>\n\t\t\t\t\t<\/div>\n\t\t\t\t<\/div>\n\t\t<div class=\"elementor-element elementor-element-37eb45c e-flex e-con-boxed e-con e-parent\" data-id=\"37eb45c\" data-element_type=\"container\" data-e-type=\"container\">\n\t\t\t\t\t<div class=\"e-con-inner\">\n\t\t<div class=\"elementor-element elementor-element-269d544 e-con-full e-flex e-con e-child\" data-id=\"269d544\" data-element_type=\"container\" data-e-type=\"container\">\n\t\t\t\t<div class=\"elementor-element elementor-element-10ccdad elementor-widget__width-initial elementor-widget elementor-widget-image\" data-id=\"10ccdad\" data-element_type=\"widget\" data-e-type=\"widget\" data-widget_type=\"image.default\">\n\t\t\t\t<div class=\"elementor-widget-container\">\n\t\t\t\t\t\t\t\t\t\t\t\t\t\t\t<img loading=\"lazy\" decoding=\"async\" width=\"846\" height=\"1200\" src=\"https:\/\/costablanca-magazin.com\/wp-content\/uploads\/2025\/11\/vilajoyosa-4.jpg\" class=\"attachment-1536x1536 size-1536x1536 wp-image-9444\" alt=\"vilajoyosa 1 1\" srcset=\"https:\/\/costablanca-magazin.com\/wp-content\/uploads\/2025\/11\/vilajoyosa-4.jpg 846w, https:\/\/costablanca-magazin.com\/wp-content\/uploads\/2025\/11\/vilajoyosa-4-212x300.jpg 212w, https:\/\/costablanca-magazin.com\/wp-content\/uploads\/2025\/11\/vilajoyosa-4-722x1024.jpg 722w, https:\/\/costablanca-magazin.com\/wp-content\/uploads\/2025\/11\/vilajoyosa-4-768x1089.jpg 768w, https:\/\/costablanca-magazin.com\/wp-content\/uploads\/2025\/11\/vilajoyosa-4-8x12.jpg 8w\" sizes=\"(max-width: 846px) 100vw, 846px\" \/>\t\t\t\t\t\t\t\t\t\t\t\t\t\t\t<\/div>\n\t\t\t\t<\/div>\n\t\t\t\t<div class=\"elementor-element elementor-element-2541ed7 elementor-widget__width-initial elementor-widget elementor-widget-image\" data-id=\"2541ed7\" data-element_type=\"widget\" data-e-type=\"widget\" data-widget_type=\"image.default\">\n\t\t\t\t<div class=\"elementor-widget-container\">\n\t\t\t\t\t\t\t\t\t\t\t\t\t\t\t<img loading=\"lazy\" decoding=\"async\" width=\"878\" height=\"1200\" src=\"https:\/\/costablanca-magazin.com\/wp-content\/uploads\/2025\/11\/vilajoyosa-3.jpg\" class=\"attachment-1536x1536 size-1536x1536 wp-image-9443\" alt=\"vilajoyosa 1\" srcset=\"https:\/\/costablanca-magazin.com\/wp-content\/uploads\/2025\/11\/vilajoyosa-3.jpg 878w, https:\/\/costablanca-magazin.com\/wp-content\/uploads\/2025\/11\/vilajoyosa-3-220x300.jpg 220w, https:\/\/costablanca-magazin.com\/wp-content\/uploads\/2025\/11\/vilajoyosa-3-749x1024.jpg 749w, https:\/\/costablanca-magazin.com\/wp-content\/uploads\/2025\/11\/vilajoyosa-3-768x1050.jpg 768w, https:\/\/costablanca-magazin.com\/wp-content\/uploads\/2025\/11\/vilajoyosa-3-9x12.jpg 9w\" sizes=\"(max-width: 878px) 100vw, 878px\" \/>\t\t\t\t\t\t\t\t\t\t\t\t\t\t\t<\/div>\n\t\t\t\t<\/div>\n\t\t\t\t<div class=\"elementor-element elementor-element-ea9db4a elementor-widget elementor-widget-image\" data-id=\"ea9db4a\" data-element_type=\"widget\" data-e-type=\"widget\" data-widget_type=\"image.default\">\n\t\t\t\t<div class=\"elementor-widget-container\">\n\t\t\t\t\t\t\t\t\t\t\t\t\t\t\t<img loading=\"lazy\" decoding=\"async\" width=\"1059\" height=\"1200\" src=\"https:\/\/costablanca-magazin.com\/wp-content\/uploads\/2025\/11\/2025-folleto-Javea-navidad.jpg\" class=\"attachment-full size-full wp-image-9415\" alt=\"2025 - brosjyre Javea jul\" srcset=\"https:\/\/costablanca-magazin.com\/wp-content\/uploads\/2025\/11\/2025-folleto-Javea-navidad.jpg 1059w, https:\/\/costablanca-magazin.com\/wp-content\/uploads\/2025\/11\/2025-folleto-Javea-navidad-265x300.jpg 265w, https:\/\/costablanca-magazin.com\/wp-content\/uploads\/2025\/11\/2025-folleto-Javea-navidad-904x1024.jpg 904w, https:\/\/costablanca-magazin.com\/wp-content\/uploads\/2025\/11\/2025-folleto-Javea-navidad-768x870.jpg 768w, https:\/\/costablanca-magazin.com\/wp-content\/uploads\/2025\/11\/2025-folleto-Javea-navidad-11x12.jpg 11w\" sizes=\"(max-width: 1059px) 100vw, 1059px\" \/>\t\t\t\t\t\t\t\t\t\t\t\t\t\t\t<\/div>\n\t\t\t\t<\/div>\n\t\t\t\t<div class=\"elementor-element elementor-element-3eb7303 elementor-widget elementor-widget-image\" data-id=\"3eb7303\" data-element_type=\"widget\" data-e-type=\"widget\" data-widget_type=\"image.default\">\n\t\t\t\t<div class=\"elementor-widget-container\">\n\t\t\t\t\t\t\t\t\t\t\t\t\t\t\t<img loading=\"lazy\" decoding=\"async\" width=\"900\" height=\"1200\" src=\"https:\/\/costablanca-magazin.com\/wp-content\/uploads\/2025\/11\/Meri-tartas.jpg\" class=\"attachment-full size-full wp-image-9439\" alt=\"Meri - tartas\" srcset=\"https:\/\/costablanca-magazin.com\/wp-content\/uploads\/2025\/11\/Meri-tartas.jpg 900w, https:\/\/costablanca-magazin.com\/wp-content\/uploads\/2025\/11\/Meri-tartas-225x300.jpg 225w, https:\/\/costablanca-magazin.com\/wp-content\/uploads\/2025\/11\/Meri-tartas-768x1024.jpg 768w, https:\/\/costablanca-magazin.com\/wp-content\/uploads\/2025\/11\/Meri-tartas-9x12.jpg 9w\" sizes=\"(max-width: 900px) 100vw, 900px\" \/>\t\t\t\t\t\t\t\t\t\t\t\t\t\t\t<\/div>\n\t\t\t\t<\/div>\n\t\t\t\t<div class=\"elementor-element elementor-element-e19cf7b elementor-widget elementor-widget-gallery\" data-id=\"e19cf7b\" data-element_type=\"widget\" data-e-type=\"widget\" data-settings=\"{&quot;columns&quot;:1,&quot;gap&quot;:{&quot;unit&quot;:&quot;px&quot;,&quot;size&quot;:0,&quot;sizes&quot;:[]},&quot;aspect_ratio&quot;:&quot;9:16&quot;,&quot;lazyload&quot;:&quot;yes&quot;,&quot;gallery_layout&quot;:&quot;grid&quot;,&quot;columns_tablet&quot;:2,&quot;columns_mobile&quot;:1,&quot;gap_tablet&quot;:{&quot;unit&quot;:&quot;px&quot;,&quot;size&quot;:10,&quot;sizes&quot;:[]},&quot;gap_mobile&quot;:{&quot;unit&quot;:&quot;px&quot;,&quot;size&quot;:10,&quot;sizes&quot;:[]},&quot;link_to&quot;:&quot;file&quot;,&quot;overlay_background&quot;:&quot;yes&quot;,&quot;content_hover_animation&quot;:&quot;fade-in&quot;}\" data-widget_type=\"gallery.default\">\n\t\t\t\t<div class=\"elementor-widget-container\">\n\t\t\t\t\t\t\t<div class=\"elementor-gallery__container\">\n\t\t\t\t\t\t\t<a class=\"e-gallery-item elementor-gallery-item elementor-animated-content\" href=\"https:\/\/costablanca-magazin.com\/wp-content\/uploads\/2025\/11\/Vilajoyosa-1.jpg\" data-elementor-open-lightbox=\"yes\" data-elementor-lightbox-slideshow=\"e19cf7b\" data-elementor-lightbox-title=\"Vilajoyosa 1\" data-elementor-lightbox-description=\"Vilajoyosa \" data-e-action-hash=\"#elementor-action%3Aaction%3Dlightbox%26settings%3DeyJpZCI6OTQ0MiwidXJsIjoiaHR0cHM6XC9cL2Nvc3RhYmxhbmNhLW1hZ2F6aW4uY29tXC93cC1jb250ZW50XC91cGxvYWRzXC8yMDI1XC8xMVwvVmlsYWpveW9zYS0xLmpwZyIsInNsaWRlc2hvdyI6ImUxOWNmN2IifQ%3D%3D\">\n\t\t\t\t\t<div class=\"e-gallery-image elementor-gallery-item__image\" data-thumbnail=\"https:\/\/costablanca-magazin.com\/wp-content\/uploads\/2025\/11\/Vilajoyosa-1.jpg\" data-width=\"1200\" data-height=\"800\" aria-label=\"Vilajoyosa\" role=\"img\" ><\/div>\n\t\t\t\t\t\t\t\t\t\t\t<div class=\"elementor-gallery-item__overlay\"><\/div>\n\t\t\t\t\t\t\t\t\t\t\t\t\t\t<\/a>\n\t\t\t\t\t<\/div>\n\t\t\t\t\t<\/div>\n\t\t\t\t<\/div>\n\t\t\t\t<div class=\"elementor-element elementor-element-573bd04 elementor-widget elementor-widget-gallery\" data-id=\"573bd04\" data-element_type=\"widget\" data-e-type=\"widget\" data-settings=\"{&quot;columns&quot;:1,&quot;gap&quot;:{&quot;unit&quot;:&quot;px&quot;,&quot;size&quot;:0,&quot;sizes&quot;:[]},&quot;aspect_ratio&quot;:&quot;1:1&quot;,&quot;lazyload&quot;:&quot;yes&quot;,&quot;gallery_layout&quot;:&quot;grid&quot;,&quot;columns_tablet&quot;:2,&quot;columns_mobile&quot;:1,&quot;gap_tablet&quot;:{&quot;unit&quot;:&quot;px&quot;,&quot;size&quot;:10,&quot;sizes&quot;:[]},&quot;gap_mobile&quot;:{&quot;unit&quot;:&quot;px&quot;,&quot;size&quot;:10,&quot;sizes&quot;:[]},&quot;link_to&quot;:&quot;file&quot;,&quot;overlay_background&quot;:&quot;yes&quot;,&quot;content_hover_animation&quot;:&quot;fade-in&quot;}\" data-widget_type=\"gallery.default\">\n\t\t\t\t<div class=\"elementor-widget-container\">\n\t\t\t\t\t\t\t<div class=\"elementor-gallery__container\">\n\t\t\t\t\t\t\t<a class=\"e-gallery-item elementor-gallery-item elementor-animated-content\" href=\"https:\/\/costablanca-magazin.com\/wp-content\/uploads\/2025\/11\/Julio-taller-instrumentos-de-cana.jpg\" data-elementor-open-lightbox=\"yes\" data-elementor-lightbox-slideshow=\"573bd04\" data-elementor-lightbox-title=\"Julio - taller instrumentos de ca\u00f1a\" data-elementor-lightbox-description=\"Julio - taller instrumentos de ca\u00f1a\" data-e-action-hash=\"#elementor-action%3Aaction%3Dlightbox%26settings%3DeyJpZCI6OTQzNSwidXJsIjoiaHR0cHM6XC9cL2Nvc3RhYmxhbmNhLW1hZ2F6aW4uY29tXC93cC1jb250ZW50XC91cGxvYWRzXC8yMDI1XC8xMVwvSnVsaW8tdGFsbGVyLWluc3RydW1lbnRvcy1kZS1jYW5hLmpwZyIsInNsaWRlc2hvdyI6IjU3M2JkMDQifQ%3D%3D\">\n\t\t\t\t\t<div class=\"e-gallery-image elementor-gallery-item__image\" data-thumbnail=\"https:\/\/costablanca-magazin.com\/wp-content\/uploads\/2025\/11\/Julio-taller-instrumentos-de-cana.jpg\" data-width=\"789\" data-height=\"1200\" aria-label=\"Julio - h\u00f8yere instrumentos de ca\u00f1a\" role=\"img\" ><\/div>\n\t\t\t\t\t\t\t\t\t\t\t<div class=\"elementor-gallery-item__overlay\"><\/div>\n\t\t\t\t\t\t\t\t\t\t\t\t\t\t<\/a>\n\t\t\t\t\t<\/div>\n\t\t\t\t\t<\/div>\n\t\t\t\t<\/div>\n\t\t\t\t<\/div>\n\t\t<div class=\"elementor-element elementor-element-8530fd9 e-con-full e-flex e-con e-child\" data-id=\"8530fd9\" data-element_type=\"container\" data-e-type=\"container\">\n\t\t\t\t<div class=\"elementor-element elementor-element-2921add elementor-widget elementor-widget-heading\" data-id=\"2921add\" data-element_type=\"widget\" data-e-type=\"widget\" data-widget_type=\"heading.default\">\n\t\t\t\t<div class=\"elementor-widget-container\">\n\t\t\t\t\t<h3 class=\"elementor-heading-title elementor-size-default\">La Vilajoiosa<\/h3>\t\t\t\t<\/div>\n\t\t\t\t<\/div>\n\t\t\t\t<div class=\"elementor-element elementor-element-97a4e8f elementor-widget elementor-widget-text-editor\" data-id=\"97a4e8f\" data-element_type=\"widget\" data-e-type=\"widget\" data-widget_type=\"text-editor.default\">\n\t\t\t\t<div class=\"elementor-widget-container\">\n\t\t\t\t\t\t\t\t\t<p><strong>15. november<\/strong> Klokken 19:00 viser Teatre Auditori \u201eAsesinato en el Orient Express\u201c av Saga Producciones for ungdom og voksne. Et spennende teaterstykke basert p\u00e5 den ber\u00f8mte krimromanen av Agatha Christie, med et str\u00e5lende ensemble.<br \/><strong>16. november 2025<\/strong> Kl. 19.30 presenterer Colla de dol\u00e7ainers i tabaleters Els Valerios konserten \u201eSanta Cecilia\u201c i Auditorio Centro Social.<br \/><strong>19. november 2025<\/strong> Klokken 18:00 viser Centro Social Llar del Pensionista filmen \u201eAtrapa a un ladr\u00f3n (1955)\u201c av Alfred Hitchcock for ungdom og voksne.<br \/><strong>22. november 2025<\/strong> Klokken 19:30 presenterer Agrupaci\u00f3 Musical Mediterraneo konserten \u201eSanta Cecilia\u201c i Teatre Auditori.<br \/><strong>23. november 2025<\/strong> Klokken 12.00 presenterer Societat Ateneu Musical konserten \u201eSanta Cecilia\u201c i Teatre Auditori.<br \/><strong>28. november 2025<\/strong> Klokken 19.00 presenterer Ignasi Tarrassa og A\u00edda Bou en konsert for ungdom og voksne i Teatre Auditori.<br \/><strong>29. november 202<\/strong>Klokken 19.00 viser Grup de danses Almadrava sitt \u00e5rlige danseshow i Teatre Auditori.<br \/><strong>30. november 2025<\/strong> Klokken 19:00 presenterer Perico Sambeat Jazz Quartet &amp; Andrea Motis et jazzkonsert for ungdom og voksne i Teatre Auditori.<br \/><strong>3. desember 2025<\/strong> Klokken 18:00 viser Auditorio Centro Social filmen \u201eEn temporada baja (2022)\u201c for ungdom og voksne.<br \/><strong>6. desember 2025<\/strong> Klokken 19:00 presenterer Grup de danses Centener XXI Muestra de danzas tradicionales y populares i Teatre Auditori.<br \/><strong>7. desember 2025<\/strong> Klokken 18:30 viser Teatre Auditori \u201eGran Circo Acrob\u00e1tico de China\u201c for alle over 8 \u00e5r.<br \/><strong>13. desember 2025<\/strong> Klokken 16.30 presenterer La Petita Malumaluga \u201eBitels for Babies\u201c for barn fra 0 til 5 \u00e5r i Teatre Auditori.<br \/><strong>14. desember 2025<\/strong> Klokken 18:00 holder Coral de Villajoyosa julekonsert i Auditorio Centro Social.<br \/><strong>18. desember 2025<\/strong> Klokken 12.00 holder Orquesta Filarm\u00f3nica og Coral der Universitat d\u2019Alacant julekonsert i Teatre Auditori.<br \/><strong>20. desember 2025<\/strong> Klokken 18:00 viser Pe\u00f1a L\u00edrica Alicantina zarzuelaen \u201eLa tabernera del puerto\u201c for voksne i Teatre Auditori.<br \/><strong>21. desember 2025<\/strong> Klokken 12.00 presenterer Societat Ateneu Musical et julekonsert i Teatre Auditori.<br \/><strong>23. desember 2025<\/strong> Klokken 20:00 presenterer Agrupaci\u00f3 Musical Mediterraneo et julekonsert i Teatre Auditori.<br \/><strong>27. desember 2025<\/strong> Klokken 18:00 viser Teatre Auditori \u201eCantaJuego presenta Tallar\u00edn: Un Mundo M\u00e1gico\u201c for familier.<br \/><strong>29. desember 2025<\/strong> Klokken 18.00 presenterer Periferia Teatro stykket \u201eBobo\u201c for barn fra 4 \u00e5r i Teatre Auditori.<\/p>\t\t\t\t\t\t\t\t<\/div>\n\t\t\t\t<\/div>\n\t\t\t\t<div class=\"elementor-element elementor-element-1d2bdd9 elementor-widget elementor-widget-heading\" data-id=\"1d2bdd9\" data-element_type=\"widget\" data-e-type=\"widget\" data-widget_type=\"heading.default\">\n\t\t\t\t<div class=\"elementor-widget-container\">\n\t\t\t\t\t<h3 class=\"elementor-heading-title elementor-size-default\">Marina Alta Kunstforening\n\n<\/h3>\t\t\t\t<\/div>\n\t\t\t\t<\/div>\n\t\t\t\t<div class=\"elementor-element elementor-element-06fee15 elementor-widget elementor-widget-text-editor\" data-id=\"06fee15\" data-element_type=\"widget\" data-e-type=\"widget\" data-widget_type=\"text-editor.default\">\n\t\t\t\t<div class=\"elementor-widget-container\">\n\t\t\t\t\t\t\t\t\t<p>\u2022 P\u00e5 <strong>Onsdag 3. desember<\/strong> 2025 holder Dr. Geri Parlby et foredrag om \u201eTilbedelsen av de hellige tre konger\u201c p\u00e5 to steder i Marina Alta. Formiddagsm\u00f8tet finner sted i Espai La Senieta i Moraira og begynner kl. 11.00, d\u00f8rene \u00e5pnes kl. 10.15. Kveldssamlingen holdes i Casa de la Cultura i J\u00e1vea og starter kl. 19.30, d\u00f8rene \u00e5pnes kl. 18.45. Foredraget arrangeres av The Arts Society Marina Alta (TASMA). Etterp\u00e5 f\u00e5r deltakerne muligheten til \u00e5 m\u00f8te andre gjester over en drink.<\/p>\t\t\t\t\t\t\t\t<\/div>\n\t\t\t\t<\/div>\n\t\t\t\t<div class=\"elementor-element elementor-element-5d60f37 elementor-widget elementor-widget-heading\" data-id=\"5d60f37\" data-element_type=\"widget\" data-e-type=\"widget\" data-widget_type=\"heading.default\">\n\t\t\t\t<div class=\"elementor-widget-container\">\n\t\t\t\t\t<h3 class=\"elementor-heading-title elementor-size-default\">J\u00e1vea (X\u00e0bia)\n<\/h3>\t\t\t\t<\/div>\n\t\t\t\t<\/div>\n\t\t\t\t<div class=\"elementor-element elementor-element-4ca20a2 elementor-widget elementor-widget-text-editor\" data-id=\"4ca20a2\" data-element_type=\"widget\" data-e-type=\"widget\" data-widget_type=\"text-editor.default\">\n\t\t\t\t<div class=\"elementor-widget-container\">\n\t\t\t\t\t\t\t\t\t<p><strong>15. og 16. november 2025<\/strong> Feria de Artesan\u00eda de Autor finner sted p\u00e5 Paseo Mar\u00edtimo Joaqu\u00edn Sorolla. Alt som selges der er h\u00e5ndlaget: akvareller, makram\u00e9-arbeider i l\u00e6r, keramikk, smykker, figurer i papmach\u00e9, mandalaer og s\u00e5per, og mye mer...<br \/><strong>15. november 2025<\/strong> Santa Cecilia Banda CAM X\u00e0bia opptrer.<br \/><strong>21. til 23. november 2025<\/strong> Feria de Artesan\u00eda de Autor finner sted p\u00e5 Paseo Mar\u00edtimo Joaqu\u00edn Sorolla.<br \/><strong>24. november 2025 til 10. januar 2026<\/strong> utstillingen \u201eTiempo para so\u00f1ar\u201c p\u00e5g\u00e5r.<br \/><strong>til 30. november 2025<\/strong> I forbindelse med VII Festival de Fotograf\u00eda Ojos Rojos arrangeres utstillingen \u201eCuando duermen las tortugas\u201c av Susana Galbis.<br \/><strong>24. oktober til 30. november 2025<\/strong> presenterer i forbindelse med samme festival:<br \/>\u2192 \u201eLa intrusi\u00f3n\u201c av Javier L\u00f3pez<br \/>\u2192 \u201eFosfograf\u00eda: el alma del bosque\u201c av R. Pablos og C. Blasco<br \/>\u2192 \u201eMiradas modernas\u201c av Palmira Puig og Marcel Gir\u00f3<br \/><strong>frem til 30. november<\/strong> I 2025 viser Lu\u00eds As\u00edn \u201eMemorias son\u00e1mbulas\u201c.<br \/><strong>frem til 22. november<\/strong> I 2025 vises utstillingen \u201eTransformando lo cotidiano\u201c i GudzGallery.<br \/><strong>29. og 30. november 2025<\/strong> \u2013 Feria de Artesan\u00eda de Autor p\u00e5 Paseo Mar\u00edtimo Joaqu\u00edn Sorolla<br \/><strong>1. til 4. desember 2025<\/strong> finner sted p\u00e5 D\u00eda Internacional de las Personas con Diversidad Funcional, inkludert sports- og utdanningsaktiviteter p\u00e5 skoler og idrettsanlegg.<\/p><p><br \/><strong>julemarked<\/strong> for kunsth\u00e5ndverk \u2013 I havnen i J\u00e1vea er kunsth\u00e5ndverkerne fra Amata til stede hver l\u00f8rdag og s\u00f8ndag formiddag, men 6., 7. og 8. desember er det enda flere boder som er \u00e5pne fra kl. 11.00 til 19.00, i en festlig atmosf\u00e6re rundt det store juletreet. En perfekt anledning til \u00e5 kj\u00f8pe eller bestille julegaver, slik at du f\u00e5r noe originalt, kj\u00e6rlig laget og h\u00e5ndlaget. Siste \u00f8yeblikks endringer \u2013 for eksempel p\u00e5 grunn av d\u00e5rlige v\u00e6rforhold \u2013 under <a href=\"https:\/\/www.puebloartesano.es\/javea\" target=\"_blank\" rel=\"noopener\">https:\/\/www.puebloartesano.es\/javea<\/a><\/p><p><br \/><strong>6. og 7. desember 2025<\/strong> Feria de Artesan\u00eda de Autor finner sted p\u00e5 Paseo Mar\u00edtimo Joaqu\u00edn Sorolla.<br \/><strong>5. desember 2025 til 31. januar 2026<\/strong> viser utstillingen \u201eAl hilo del grabado\u201c av M\u00aa Jos\u00e9 Blasco og Ana Estudillo<\/p><p><strong>5. desember 2025 til 6. januar 2026<\/strong> vises \u201eBel\u00e9n hebreo\u201c av Associaci\u00f3 de Betlemistes de X\u00e0bia.<br \/><strong>12. desember 2025 til 18. januar 2026<\/strong> presenterer kunstnerkollektivet Trama utstillingen \u201eTr\u00e1nsito\u201c.<br \/><strong>13. og 14. desember 2025<\/strong> Feria de Artesan\u00eda de Autor finner sted p\u00e5 Paseo Mar\u00edtimo Joaqu\u00edn Sorolla.<br \/><strong>20. og 21. desember 2025<\/strong> Feria de Artesan\u00eda de Autor finner sted p\u00e5 Paseo Mar\u00edtimo Joaqu\u00edn Sorolla.<br \/><strong>27. og 28. desember 2025<\/strong> Feria de Artesan\u00eda de Autor finner sted p\u00e5 Paseo Mar\u00edtimo Joaqu\u00edn Sorolla.<br \/><strong>6. november 2025 til 6. januar<\/strong> 2026 starter Mercado de Navidad GudzGallery.<br \/><strong>10. januar til februar 2026<\/strong> Universitat d\u2019Alacant viser utstillingen \u201eDel morado al negro. Violencia de g\u00e9nero a trav\u00e9s de la prensa gr\u00e1fica alicantina 2002-2007\u201c.<\/p>\t\t\t\t\t\t\t\t<\/div>\n\t\t\t\t<\/div>\n\t\t\t\t<div class=\"elementor-element elementor-element-aca1f1f elementor-widget elementor-widget-heading\" data-id=\"aca1f1f\" data-element_type=\"widget\" data-e-type=\"widget\" data-widget_type=\"heading.default\">\n\t\t\t\t<div class=\"elementor-widget-container\">\n\t\t\t\t\t<h3 class=\"elementor-heading-title elementor-size-default\">Finestrat \n\n<\/h3>\t\t\t\t<\/div>\n\t\t\t\t<\/div>\n\t\t\t\t<div class=\"elementor-element elementor-element-a6f5d76 elementor-widget elementor-widget-text-editor\" data-id=\"a6f5d76\" data-element_type=\"widget\" data-e-type=\"widget\" data-widget_type=\"text-editor.default\">\n\t\t\t\t<div class=\"elementor-widget-container\">\n\t\t\t\t\t\t\t\t\t<p><strong>26. november<\/strong> Er utstillingen Tierra de sombra av Nelly Baude \u00e5 se p\u00e5 Museu de Finestrat. \u00c5pningen fant sted 17. oktober kl. 19.00.<br \/><strong>16. november<\/strong> Fra kl. 19.00 til 20.00 finner konserten Homenaje a Astor Piazzolla med Essentia Ensemble sted i Casa de la Cultura.<br \/><strong>3. desember til 26. desember<\/strong> utstillingen Retratos y Cine. La mirada \u00fanica de un artista sin l\u00edmites av Jack kan ses p\u00e5 Museu de Finestrat. \u00c5pningen er kl. 18:00.<br \/><strong>6. desember<\/strong> Fra kl. 19.00 til 20.00 finner Concierto de Navidad av Rondalla Cordes i Veus Font del Mol\u00ed sted i Casa de la Cultura.<br \/><strong>8. desember<\/strong> Fra kl. 18.00 til 19.00 finner danseforestillingen El petit Pr\u00edncep av kompaniet NS Dansa sted i Casa de la Cultura.<br \/><strong>28. desember<\/strong> Fra kl. 18.30 til 20.00 blir musikalen Blancanieves y el espejo m\u00e1gico fremf\u00f8rt i Casa de la Cultura.<\/p>\t\t\t\t\t\t\t\t<\/div>\n\t\t\t\t<\/div>\n\t\t\t\t<\/div>\n\t\t\t\t\t<\/div>\n\t\t\t\t<\/div>\n\t\t<div class=\"elementor-element elementor-element-c660790 e-flex e-con-boxed e-con e-parent\" data-id=\"c660790\" data-element_type=\"container\" data-e-type=\"container\">\n\t\t\t\t\t<div class=\"e-con-inner\">\n\t\t<div class=\"elementor-element elementor-element-97beb7a e-con-full e-flex e-con e-child\" data-id=\"97beb7a\" data-element_type=\"container\" data-e-type=\"container\">\n\t\t\t\t<div class=\"elementor-element elementor-element-59291a3 elementor-widget elementor-widget-heading\" data-id=\"59291a3\" data-element_type=\"widget\" data-e-type=\"widget\" data-widget_type=\"heading.default\">\n\t\t\t\t<div class=\"elementor-widget-container\">\n\t\t\t\t\t<h3 class=\"elementor-heading-title elementor-size-default\">La Nucia <\/h3>\t\t\t\t<\/div>\n\t\t\t\t<\/div>\n\t\t\t\t<div class=\"elementor-element elementor-element-906b591 elementor-widget elementor-widget-text-editor\" data-id=\"906b591\" data-element_type=\"widget\" data-e-type=\"widget\" data-widget_type=\"text-editor.default\">\n\t\t\t\t<div class=\"elementor-widget-container\">\n\t\t\t\t\t\t\t\t\t<p><strong>15. til 16. november<\/strong> I 2025 arrangeres \u201eFestes del Sant\u00edssim Sacrament i Sant Rafel\u201c. <br \/><strong>\u2192<\/strong> P\u00e5 l\u00f8rdag, <strong>15. november<\/strong>, feires grunnleggelsen av sognekirken i La Nuc\u00eda med overf\u00f8ringen av \u201eSant\u00edssim Sacrament\u201c fra Polop til La Nuc\u00eda. <br \/>\u2192 P\u00e5 s\u00f8ndag, <strong>16. november<\/strong>, finner prosesjonen til Sant Rafel sted, inkludert de tradisjonelle Traca-l\u00f8pene og auksjonen av helgenens Andas og b\u00e5nd. <br \/>\u2192 Det blir ogs\u00e5 Majorals 2026-arrangementer p\u00e5 Carpa Festera: karaoke, musikalske opptredener, paellakonkurranser, kortspill og aktiviteter for barn.<br \/><strong>21. til 30. november 2025<\/strong> g\u00e5r \u201eRuta de Tapas\u201c i forskjellige barer i byen.<br \/><strong>23. november 2025<\/strong> XXIV Marcha BTT La Nuc\u00eda finner sted p\u00e5 den lokale vandrings- og sykkelruten. <a href=\"https:\/\/lanuciagastronomica.com\/degustalanucia\" target=\"_blank\" rel=\"noopener\">https:\/\/lanuciagastronomica.com\/degustalanucia<\/a><br \/>\u00a0<strong>28. november 2025<\/strong> II Jornada Turismo Gastron\u00f3mico UA finner sted p\u00e5 Seu Universit\u00e0ria, organisert av Gasterra-UA og bystyret i La Nuc\u00eda.<br \/><strong>3. til 8. desember 2025<\/strong> Campeonato de Espa\u00f1a Taekwondo WTF arrangeres i Pabellones Camilo Cano og Muixara.<br \/><strong>17. januar 2026<\/strong> klokken 19:00 opptrer den spanske sangeren Beret i La Nuc\u00eda Auditorium.\u00a0<\/p>\t\t\t\t\t\t\t\t<\/div>\n\t\t\t\t<\/div>\n\t\t\t\t<div class=\"elementor-element elementor-element-219e890 elementor-widget elementor-widget-heading\" data-id=\"219e890\" data-element_type=\"widget\" data-e-type=\"widget\" data-widget_type=\"heading.default\">\n\t\t\t\t<div class=\"elementor-widget-container\">\n\t\t\t\t\t<h3 class=\"elementor-heading-title elementor-size-default\">Denia\n<\/h3>\t\t\t\t<\/div>\n\t\t\t\t<\/div>\n\t\t\t\t<div class=\"elementor-element elementor-element-c1ac4dd elementor-widget__width-initial elementor-widget elementor-widget-text-editor\" data-id=\"c1ac4dd\" data-element_type=\"widget\" data-e-type=\"widget\" data-widget_type=\"text-editor.default\">\n\t\t\t\t<div class=\"elementor-widget-container\">\n\t\t\t\t\t\t\t\t\t<p><strong>15. november<\/strong> Fra kl. 12.00 finner barneteateret \u201eMe lo contaban en casa\u201c med Carlos Alba sted i Biblioteca de D\u00e9nia (c\/ de Sant Josep, 6).<br \/><strong>16. november<\/strong> vises filmen \u201eKneecap\u201c av Rich Peppiatt (Irland, 2024, 105 min.) i Cine Club. Originalspr\u00e5k: irsk og engelsk, med spanske undertekster. For seere over 16 \u00e5r.<br \/><strong>16. november<\/strong> Fra kl. 12.00 finner det sted i Biblioteca de D\u00e9nia (c\/ de Sant Josep, 6) <br \/>familieforestillingen \u201eB122: Viaje de una peque\u00f1a ni\u00f1a\u201c av Entretantos Danza. Varighet: 40 minutter, publikum fra 3 \u00e5r.<br \/><strong>21. november<\/strong> Fra kl. 19.00 finner foredragsserien Koin\u00f3s D\u00e9nia: M\u00f8te med Jos\u00e9 Luis Villaca\u00f1as sted i Biblioteca P\u00fablica de D\u00e9nia (c\/ de Sant Josep, 6).<br \/><strong>22. november<\/strong> Fra kl. 12.30 blir det barn- og familiekonsert med Billy Mandanga, \u201eLos autitos chocadores\u201c, i Glorieta del Pa\u00eds Valenci\u00e0.<br \/><strong>22. november<\/strong> Violincheli Brothers holder konsert i Denia sammen med Pau Chafer, Nacho Tamarit og \u00c1lvar Calabuig.<br \/><strong>23. november<\/strong> vises filmen \u201eSecretos de un crimen\u201c av Sandhya Suri i Cine Club. <br \/>(Storbritannia\/India, 2024, 125 min.) vil bli vist. Originalspr\u00e5k: hindi, med spanske undertekster. For seere fra 16 \u00e5r og oppover.<br \/><strong>23. november<\/strong> Cia. Infinit setter opp familieforestillingen \u201eNilu\u201c i D\u00e9nia. Varighet: 40 minutter, publikum fra 5 \u00e5r.<br \/><strong>24. november<\/strong> I D\u00e9nia finner konserten Tobias Lusser, baryton &amp; Maximilian Kromer, piano, sted som en del av prosjektet \u201eLied the Future\u201c. Verker av Beethoven, Schubert, Hugo Wolf og Richard Strauss.<br \/><strong>25. november<\/strong> Fra kl. 17.30 finner barneteateret \u201eLa por tamb\u00e9 te por\u201c av Sarima Tacos sted i Ag\u00e8ncia de Lectura Enric Valor, Jes\u00fas Pobre (Pl Pou de la Murtera, 4).<br \/><strong>26. november<\/strong> spiller G\u00fclsin Onay (Tyrkia) p\u00e5 D\u00e9nia International Piano Festival \u2013 La Reina verk av Bach, Mozart og Chopin.<br \/><strong>26. november<\/strong> Fra kl. 19.30 blir boken \u201eUn polsim de sal. Un pessic de vida\u201c av Paquibel Server i P\u00e9rez presentert i Biblioteca de D\u00e9nia (c\/ de Sant Josep, 6).<br \/><strong>28. november<\/strong> Fra kl. 17.30 finner barneteateret \u201eLa por tamb\u00e9 te por\u201c av Sarima Tacos sted i Ag\u00e8ncia de Lectura Josep Ivars, La Xara (c\/ de les Escoles, 1 \u2013 Espai Sociocultural).<br \/><strong>28. november<\/strong> blir boken \u201eUna hormiga en la aguja de un reloj\u201c av Francisco Cejudo presentert i D\u00e9nia.<br \/><strong>29. november<\/strong> I D\u00e9nia vises teaterstykket \u201ePostals\u201c av Cia. Horta Teatre. Varighet: 90 minutter, fra 12 \u00e5r.<br \/><strong>30. november<\/strong> Cine Club viser filmen \u201eLa Casa\u201c av Alex Montoya (Spania, 2024, 78 min.). Originalspr\u00e5k: spansk. For seere fra 7 \u00e5r.<br \/><strong>30. november<\/strong> Agrupaci\u00f3 Art\u00edstica Musical de D\u00e9nia \u2013 Santa Cec\u00edlia holder konsert i D\u00e9nia.<br \/><strong>4. desember<\/strong> spiller Milan Slijepcevic (Serbia) p\u00e5 D\u00e9nia International Piano Festival \u2013 Mastermind verk av Schumann, Debussy, Scriabin og Prokofiev.<br \/><strong>1. november 2025 til 20. mars 2026<\/strong> XXX Concurso de Fotograf\u00eda \u201eTema D\u00e9nia\u201c p\u00e5g\u00e5r i D\u00e9nia. Innlevering av verkene innen 20. mars 2026.<br \/><strong>5. oktober 2025 til 31. mai 2026<\/strong> I D\u00e9nia arrangeres det familieaktiviteter, blant annet:<br \/>\u2192 Cine en Valenci\u00e0 p\u00e5 Teatre Auditori del Centre Social<br \/>\u2192 Musikk- og teaterforestillinger for familier p\u00e5 Teatre Auditori del Centre Social<br \/>\u2192 Familieutflukter (med begrenset antall plasser, med guide, uten kj\u00e6ledyr)<br \/>\u2192 Omvisninger om arkeologi og landskap ved Museu Arqueol\u00f2gic de la Ciutat de D\u00e9nia<br \/><strong>3. oktober til 31. desember<\/strong> I 2025 vises utstillingen \u201eBrillant\u201c av Rafael Armengol i Espai d\u2019Art Joan Castej\u00f3n i D\u00e9nia.<br \/><strong>frem til 30. desember 2025<\/strong> I D\u00e9nia vises Joan Castej\u00f3ns permanente utstilling i Espai d\u2019Art Joan Castej\u00f3n de Participaci\u00f3 Est\u00e8tica.<br \/><strong>23. november til 22. november 2025<\/strong> D\u00e9nia International Piano Festival finner sted i D\u00e9nia. Datoer og artister: se programmet.<br \/><strong>15. november til 14. november<\/strong> <strong>2025<\/strong> I D\u00e9nia arrangeres XI Festival de Dansa Contempor\u00e0nia \u201eUltramar Dansa\u201c med forestillinger av Impuls a la Dansa, VDF2025, Cos a Cos og Ballet de Tenerife \u201eNuit en Danse\u201c.<br \/><strong>8. november til 29. november<\/strong> I 2025 vises utstillingen \u201eCalifornia Island\u201c av Jose Miguel Cerezo (Festival Ojos Rojos) i D\u00e9nia.<br \/>\u00a0<strong>til 15. november 2025<\/strong> I D\u00e9nia vises utstillingen \u201e7 A\u00f1os atravesando muros, tejiendo puentes de humanidad\u201c.<br \/><strong>til 31. desember 2025<\/strong> I D\u00e9nia vises utstillingen \u201eBrillant\u201c av Rafael Armengol.<br \/><strong>til 31. mai 2026<\/strong> programmet \u201eActivitats en Fam\u00edlia. D\u00e9nia 2025-2026\u201c er i gang\u201c<\/p>\t\t\t\t\t\t\t\t<\/div>\n\t\t\t\t<\/div>\n\t\t\t\t<div class=\"elementor-element elementor-element-c5cccb3 elementor-widget elementor-widget-heading\" data-id=\"c5cccb3\" data-element_type=\"widget\" data-e-type=\"widget\" data-widget_type=\"heading.default\">\n\t\t\t\t<div class=\"elementor-widget-container\">\n\t\t\t\t\t<h3 class=\"elementor-heading-title elementor-size-default\">Julebasar i Euroclub D\u00e9nia\n<\/h3>\t\t\t\t<\/div>\n\t\t\t\t<\/div>\n\t\t\t\t<div class=\"elementor-element elementor-element-7b386d1 elementor-widget__width-initial elementor-widget elementor-widget-text-editor\" data-id=\"7b386d1\" data-element_type=\"widget\" data-e-type=\"widget\" data-widget_type=\"text-editor.default\">\n\t\t\t\t<div class=\"elementor-widget-container\">\n\t\t\t\t\t\t\t\t\t<p>\u2022  Den<strong> Euroclub D\u00e9nia<\/strong> laster p\u00e5 tirsdag, den <strong>25. november<\/strong> 2025, fra kl. 19:00 til sin julebasar. Bes\u00f8kende kan glede seg til julestemning med musikk og duften av ristede mandler. Det tilbys adventsdekorasjoner, sjokolade, syltet\u00f8y, s\u00e5pe, eggelik\u00f8r, sm\u00e5 gaver, dekorasjoner, parfymer og mye mer. Basaren finner sted i restaurant ISA i Els Poblets, Las Marinas, Playa Almadrava 1. Kvelden byr p\u00e5 muligheten til \u00e5 rusle gjennom bodene i en hyggelig atmosf\u00e6re, la seg inspirere og allerede oppdage de f\u00f8rste julegaveideene.<\/p>\t\t\t\t\t\t\t\t<\/div>\n\t\t\t\t<\/div>\n\t\t\t\t<\/div>\n\t\t<div class=\"elementor-element elementor-element-19f61dc e-con-full e-flex e-con e-child\" data-id=\"19f61dc\" data-element_type=\"container\" data-e-type=\"container\">\n\t\t\t\t<div class=\"elementor-element elementor-element-2d62ff3 elementor-widget elementor-widget-image\" data-id=\"2d62ff3\" data-element_type=\"widget\" data-e-type=\"widget\" data-widget_type=\"image.default\">\n\t\t\t\t<div class=\"elementor-widget-container\">\n\t\t\t\t\t\t\t\t\t\t\t\t\t\t\t<img loading=\"lazy\" decoding=\"async\" width=\"768\" height=\"1024\" src=\"https:\/\/costablanca-magazin.com\/wp-content\/uploads\/2025\/11\/Lourdes-trabajando-768x1024.jpg\" class=\"attachment-large size-large wp-image-9438\" alt=\"Lourdes p\u00e5 jobb\" srcset=\"https:\/\/costablanca-magazin.com\/wp-content\/uploads\/2025\/11\/Lourdes-trabajando-768x1024.jpg 768w, https:\/\/costablanca-magazin.com\/wp-content\/uploads\/2025\/11\/Lourdes-trabajando-225x300.jpg 225w, https:\/\/costablanca-magazin.com\/wp-content\/uploads\/2025\/11\/Lourdes-trabajando-9x12.jpg 9w, https:\/\/costablanca-magazin.com\/wp-content\/uploads\/2025\/11\/Lourdes-trabajando.jpg 900w\" sizes=\"(max-width: 768px) 100vw, 768px\" \/>\t\t\t\t\t\t\t\t\t\t\t\t\t\t\t<\/div>\n\t\t\t\t<\/div>\n\t\t\t\t<div class=\"elementor-element elementor-element-ad01376 elementor-widget elementor-widget-image\" data-id=\"ad01376\" data-element_type=\"widget\" data-e-type=\"widget\" data-widget_type=\"image.default\">\n\t\t\t\t<div class=\"elementor-widget-container\">\n\t\t\t\t\t\t\t\t\t\t\t\t\t\t\t<img loading=\"lazy\" decoding=\"async\" width=\"800\" height=\"600\" src=\"https:\/\/costablanca-magazin.com\/wp-content\/uploads\/2025\/11\/Jose-Belen-de-cuerno-1024x768.jpg\" class=\"attachment-large size-large wp-image-9433\" alt=\"Jos\u00e9 - Bel\u00e9n de cuerno\" srcset=\"https:\/\/costablanca-magazin.com\/wp-content\/uploads\/2025\/11\/Jose-Belen-de-cuerno-1024x768.jpg 1024w, https:\/\/costablanca-magazin.com\/wp-content\/uploads\/2025\/11\/Jose-Belen-de-cuerno-300x225.jpg 300w, https:\/\/costablanca-magazin.com\/wp-content\/uploads\/2025\/11\/Jose-Belen-de-cuerno-768x576.jpg 768w, https:\/\/costablanca-magazin.com\/wp-content\/uploads\/2025\/11\/Jose-Belen-de-cuerno-16x12.jpg 16w, https:\/\/costablanca-magazin.com\/wp-content\/uploads\/2025\/11\/Jose-Belen-de-cuerno.jpg 1200w\" sizes=\"(max-width: 800px) 100vw, 800px\" \/>\t\t\t\t\t\t\t\t\t\t\t\t\t\t\t<\/div>\n\t\t\t\t<\/div>\n\t\t\t\t<div class=\"elementor-element elementor-element-b7b810d elementor-widget elementor-widget-image\" data-id=\"b7b810d\" data-element_type=\"widget\" data-e-type=\"widget\" data-widget_type=\"image.default\">\n\t\t\t\t<div class=\"elementor-widget-container\">\n\t\t\t\t\t\t\t\t\t\t\t\t\t\t\t<img loading=\"lazy\" decoding=\"async\" width=\"724\" height=\"1024\" src=\"https:\/\/costablanca-magazin.com\/wp-content\/uploads\/2025\/11\/La-nucia-2-724x1024.jpg\" class=\"attachment-large size-large wp-image-9437\" alt=\"La nucia 2\" srcset=\"https:\/\/costablanca-magazin.com\/wp-content\/uploads\/2025\/11\/La-nucia-2-724x1024.jpg 724w, https:\/\/costablanca-magazin.com\/wp-content\/uploads\/2025\/11\/La-nucia-2-212x300.jpg 212w, https:\/\/costablanca-magazin.com\/wp-content\/uploads\/2025\/11\/La-nucia-2-768x1087.jpg 768w, https:\/\/costablanca-magazin.com\/wp-content\/uploads\/2025\/11\/La-nucia-2-8x12.jpg 8w, https:\/\/costablanca-magazin.com\/wp-content\/uploads\/2025\/11\/La-nucia-2.jpg 848w\" sizes=\"(max-width: 724px) 100vw, 724px\" \/>\t\t\t\t\t\t\t\t\t\t\t\t\t\t\t<\/div>\n\t\t\t\t<\/div>\n\t\t\t\t<div class=\"elementor-element elementor-element-f0cacef elementor-widget elementor-widget-image\" data-id=\"f0cacef\" data-element_type=\"widget\" data-e-type=\"widget\" data-widget_type=\"image.default\">\n\t\t\t\t<div class=\"elementor-widget-container\">\n\t\t\t\t\t\t\t\t\t\t\t\t\t\t\t<img loading=\"lazy\" decoding=\"async\" width=\"708\" height=\"1024\" src=\"https:\/\/costablanca-magazin.com\/wp-content\/uploads\/2025\/11\/denia-2-708x1024.jpg\" class=\"attachment-large size-large wp-image-9428\" alt=\"denia 1\" srcset=\"https:\/\/costablanca-magazin.com\/wp-content\/uploads\/2025\/11\/denia-2-708x1024.jpg 708w, https:\/\/costablanca-magazin.com\/wp-content\/uploads\/2025\/11\/denia-2-208x300.jpg 208w, https:\/\/costablanca-magazin.com\/wp-content\/uploads\/2025\/11\/denia-2-768x1110.jpg 768w, https:\/\/costablanca-magazin.com\/wp-content\/uploads\/2025\/11\/denia-2-8x12.jpg 8w, https:\/\/costablanca-magazin.com\/wp-content\/uploads\/2025\/11\/denia-2.jpg 830w\" sizes=\"(max-width: 708px) 100vw, 708px\" \/>\t\t\t\t\t\t\t\t\t\t\t\t\t\t\t<\/div>\n\t\t\t\t<\/div>\n\t\t\t\t<div class=\"elementor-element elementor-element-fb72365 elementor-widget elementor-widget-image\" data-id=\"fb72365\" data-element_type=\"widget\" data-e-type=\"widget\" data-widget_type=\"image.default\">\n\t\t\t\t<div class=\"elementor-widget-container\">\n\t\t\t\t\t\t\t\t\t\t\t\t\t\t\t<img loading=\"lazy\" decoding=\"async\" width=\"723\" height=\"1024\" src=\"https:\/\/costablanca-magazin.com\/wp-content\/uploads\/2025\/11\/Weihnachtsbasar-723x1024.jpg\" class=\"attachment-large size-large wp-image-9446\" alt=\"costablanca mallorca 572\" srcset=\"https:\/\/costablanca-magazin.com\/wp-content\/uploads\/2025\/11\/Weihnachtsbasar-723x1024.jpg 723w, https:\/\/costablanca-magazin.com\/wp-content\/uploads\/2025\/11\/Weihnachtsbasar-212x300.jpg 212w, https:\/\/costablanca-magazin.com\/wp-content\/uploads\/2025\/11\/Weihnachtsbasar-768x1088.jpg 768w, https:\/\/costablanca-magazin.com\/wp-content\/uploads\/2025\/11\/Weihnachtsbasar-8x12.jpg 8w, https:\/\/costablanca-magazin.com\/wp-content\/uploads\/2025\/11\/Weihnachtsbasar.jpg 847w\" sizes=\"(max-width: 723px) 100vw, 723px\" \/>\t\t\t\t\t\t\t\t\t\t\t\t\t\t\t<\/div>\n\t\t\t\t<\/div>\n\t\t\t\t<\/div>\n\t\t<div class=\"elementor-element elementor-element-068032a e-con-full e-flex e-con e-child\" data-id=\"068032a\" data-element_type=\"container\" data-e-type=\"container\">\n\t\t\t\t<div class=\"elementor-element elementor-element-35ab6ff elementor-widget__width-initial elementor-widget elementor-widget-image\" data-id=\"35ab6ff\" data-element_type=\"widget\" data-e-type=\"widget\" data-widget_type=\"image.default\">\n\t\t\t\t<div class=\"elementor-widget-container\">\n\t\t\t\t\t\t\t\t\t\t\t\t\t\t\t<img loading=\"lazy\" decoding=\"async\" width=\"724\" height=\"1024\" src=\"https:\/\/costablanca-magazin.com\/wp-content\/uploads\/2025\/11\/denia-3-724x1024.jpg\" class=\"attachment-large size-large wp-image-9429\" alt=\"denia 2\" srcset=\"https:\/\/costablanca-magazin.com\/wp-content\/uploads\/2025\/11\/denia-3-724x1024.jpg 724w, https:\/\/costablanca-magazin.com\/wp-content\/uploads\/2025\/11\/denia-3-212x300.jpg 212w, https:\/\/costablanca-magazin.com\/wp-content\/uploads\/2025\/11\/denia-3-768x1087.jpg 768w, https:\/\/costablanca-magazin.com\/wp-content\/uploads\/2025\/11\/denia-3-8x12.jpg 8w, https:\/\/costablanca-magazin.com\/wp-content\/uploads\/2025\/11\/denia-3.jpg 848w\" sizes=\"(max-width: 724px) 100vw, 724px\" \/>\t\t\t\t\t\t\t\t\t\t\t\t\t\t\t<\/div>\n\t\t\t\t<\/div>\n\t\t\t\t<div class=\"elementor-element elementor-element-e6922ab elementor-widget elementor-widget-image\" data-id=\"e6922ab\" data-element_type=\"widget\" data-e-type=\"widget\" data-widget_type=\"image.default\">\n\t\t\t\t<div class=\"elementor-widget-container\">\n\t\t\t\t\t\t\t\t\t\t\t\t\t\t\t<img loading=\"lazy\" decoding=\"async\" width=\"800\" height=\"452\" src=\"https:\/\/costablanca-magazin.com\/wp-content\/uploads\/2025\/11\/benissa-3-1024x578.jpg\" class=\"attachment-large size-large wp-image-9421\" alt=\"Benissa 1\" srcset=\"https:\/\/costablanca-magazin.com\/wp-content\/uploads\/2025\/11\/benissa-3-1024x578.jpg 1024w, https:\/\/costablanca-magazin.com\/wp-content\/uploads\/2025\/11\/benissa-3-300x169.jpg 300w, https:\/\/costablanca-magazin.com\/wp-content\/uploads\/2025\/11\/benissa-3-768x433.jpg 768w, https:\/\/costablanca-magazin.com\/wp-content\/uploads\/2025\/11\/benissa-3-18x10.jpg 18w, https:\/\/costablanca-magazin.com\/wp-content\/uploads\/2025\/11\/benissa-3.jpg 1200w\" sizes=\"(max-width: 800px) 100vw, 800px\" \/>\t\t\t\t\t\t\t\t\t\t\t\t\t\t\t<\/div>\n\t\t\t\t<\/div>\n\t\t\t\t<div class=\"elementor-element elementor-element-8d1f56f elementor-widget elementor-widget-image\" data-id=\"8d1f56f\" data-element_type=\"widget\" data-e-type=\"widget\" data-widget_type=\"image.default\">\n\t\t\t\t<div class=\"elementor-widget-container\">\n\t\t\t\t\t\t\t\t\t\t\t\t\t\t\t<img loading=\"lazy\" decoding=\"async\" width=\"800\" height=\"449\" src=\"https:\/\/costablanca-magazin.com\/wp-content\/uploads\/2025\/11\/Benidorm-3-1024x575.jpg\" class=\"attachment-large size-large wp-image-9418\" alt=\"Benidorm 1\" srcset=\"https:\/\/costablanca-magazin.com\/wp-content\/uploads\/2025\/11\/Benidorm-3-1024x575.jpg 1024w, https:\/\/costablanca-magazin.com\/wp-content\/uploads\/2025\/11\/Benidorm-3-300x169.jpg 300w, https:\/\/costablanca-magazin.com\/wp-content\/uploads\/2025\/11\/Benidorm-3-768x431.jpg 768w, https:\/\/costablanca-magazin.com\/wp-content\/uploads\/2025\/11\/Benidorm-3-18x10.jpg 18w, https:\/\/costablanca-magazin.com\/wp-content\/uploads\/2025\/11\/Benidorm-3.jpg 1200w\" sizes=\"(max-width: 800px) 100vw, 800px\" \/>\t\t\t\t\t\t\t\t\t\t\t\t\t\t\t<\/div>\n\t\t\t\t<\/div>\n\t\t\t\t<div class=\"elementor-element elementor-element-0a79195 elementor-widget elementor-widget-image\" data-id=\"0a79195\" data-element_type=\"widget\" data-e-type=\"widget\" data-widget_type=\"image.default\">\n\t\t\t\t<div class=\"elementor-widget-container\">\n\t\t\t\t\t\t\t\t\t\t\t\t\t\t\t<img loading=\"lazy\" decoding=\"async\" width=\"724\" height=\"1024\" src=\"https:\/\/costablanca-magazin.com\/wp-content\/uploads\/2025\/11\/Benidorm-1-724x1024.jpg\" class=\"attachment-large size-large wp-image-9416\" alt=\"Benidorm\" srcset=\"https:\/\/costablanca-magazin.com\/wp-content\/uploads\/2025\/11\/Benidorm-1-724x1024.jpg 724w, https:\/\/costablanca-magazin.com\/wp-content\/uploads\/2025\/11\/Benidorm-1-212x300.jpg 212w, https:\/\/costablanca-magazin.com\/wp-content\/uploads\/2025\/11\/Benidorm-1-768x1087.jpg 768w, https:\/\/costablanca-magazin.com\/wp-content\/uploads\/2025\/11\/Benidorm-1-8x12.jpg 8w, https:\/\/costablanca-magazin.com\/wp-content\/uploads\/2025\/11\/Benidorm-1.jpg 848w\" sizes=\"(max-width: 724px) 100vw, 724px\" \/>\t\t\t\t\t\t\t\t\t\t\t\t\t\t\t<\/div>\n\t\t\t\t<\/div>\n\t\t\t\t<div class=\"elementor-element elementor-element-e35ef24 elementor-widget elementor-widget-gallery\" data-id=\"e35ef24\" data-element_type=\"widget\" data-e-type=\"widget\" data-settings=\"{&quot;columns&quot;:1,&quot;gap&quot;:{&quot;unit&quot;:&quot;px&quot;,&quot;size&quot;:0,&quot;sizes&quot;:[]},&quot;aspect_ratio&quot;:&quot;16:9&quot;,&quot;lazyload&quot;:&quot;yes&quot;,&quot;gallery_layout&quot;:&quot;grid&quot;,&quot;columns_tablet&quot;:2,&quot;columns_mobile&quot;:1,&quot;gap_tablet&quot;:{&quot;unit&quot;:&quot;px&quot;,&quot;size&quot;:10,&quot;sizes&quot;:[]},&quot;gap_mobile&quot;:{&quot;unit&quot;:&quot;px&quot;,&quot;size&quot;:10,&quot;sizes&quot;:[]},&quot;link_to&quot;:&quot;file&quot;,&quot;overlay_background&quot;:&quot;yes&quot;,&quot;content_hover_animation&quot;:&quot;fade-in&quot;}\" data-widget_type=\"gallery.default\">\n\t\t\t\t<div class=\"elementor-widget-container\">\n\t\t\t\t\t\t\t<div class=\"elementor-gallery__container\">\n\t\t\t\t\t\t\t<a class=\"e-gallery-item elementor-gallery-item elementor-animated-content\" href=\"https:\/\/costablanca-magazin.com\/wp-content\/uploads\/2025\/11\/denia-1.jpg\" data-elementor-open-lightbox=\"yes\" data-elementor-lightbox-slideshow=\"e35ef24\" data-elementor-lightbox-title=\"denia 1\" data-elementor-lightbox-description=\"denia \" data-e-action-hash=\"#elementor-action%3Aaction%3Dlightbox%26settings%3DeyJpZCI6OTQyNywidXJsIjoiaHR0cHM6XC9cL2Nvc3RhYmxhbmNhLW1hZ2F6aW4uY29tXC93cC1jb250ZW50XC91cGxvYWRzXC8yMDI1XC8xMVwvZGVuaWEtMS5qcGciLCJzbGlkZXNob3ciOiJlMzVlZjI0In0%3D\">\n\t\t\t\t\t<div class=\"e-gallery-image elementor-gallery-item__image\" data-thumbnail=\"https:\/\/costablanca-magazin.com\/wp-content\/uploads\/2025\/11\/denia-1.jpg\" data-width=\"1200\" data-height=\"524\" aria-label=\"denia\" role=\"img\" ><\/div>\n\t\t\t\t\t\t\t\t\t\t\t<div class=\"elementor-gallery-item__overlay\"><\/div>\n\t\t\t\t\t\t\t\t\t\t\t\t\t\t<\/a>\n\t\t\t\t\t<\/div>\n\t\t\t\t\t<\/div>\n\t\t\t\t<\/div>\n\t\t\t\t<\/div>\n\t\t<div class=\"elementor-element elementor-element-3b179a8 e-con-full e-flex e-con e-child\" data-id=\"3b179a8\" data-element_type=\"container\" data-e-type=\"container\">\n\t\t\t\t<div class=\"elementor-element elementor-element-0c08d24 elementor-widget elementor-widget-heading\" data-id=\"0c08d24\" data-element_type=\"widget\" data-e-type=\"widget\" data-widget_type=\"heading.default\">\n\t\t\t\t<div class=\"elementor-widget-container\">\n\t\t\t\t\t<h3 class=\"elementor-heading-title elementor-size-default\">Benissa<\/h3>\t\t\t\t<\/div>\n\t\t\t\t<\/div>\n\t\t\t\t<div class=\"elementor-element elementor-element-1300265 elementor-widget__width-initial elementor-widget elementor-widget-text-editor\" data-id=\"1300265\" data-element_type=\"widget\" data-e-type=\"widget\" data-widget_type=\"text-editor.default\">\n\t\t\t\t<div class=\"elementor-widget-container\">\n\t\t\t\t\t\t\t\t\t<p><strong>15. november 2025<\/strong> Festinf\u00e0ncia finner sted i Passeig Joaquim Piera i Mariana Torres og Passeig Dolores Piera \u2013 fra kl. 10.30 til 16.30 med workshops, spill, opplesning av manifestet til D\u00eda de la Infancia kl. 12.30 og Gran Espect\u00e1culo del Monstre Petorro kl. 15.<br \/><strong>15. november 2025<\/strong> Banda Juvenil de Benissa holder konsert i Centre d\u2019Art Taller d\u2019Ivars. Konserten starter kl. 19.30.<br \/><strong>15. og 16. november 2025<\/strong> Filmen \u201eTom y Jerry, aventura en el tiempo\u201c vises i Sal\u00f3n Cultural (C\/ Padre Andr\u00e9s Ivars, 21) \u2013 visninger 15. og 16. november kl. 17:00 og 19:15.<br \/><strong>22. og 23. november 2025<\/strong> vises filmen \u201eLa cena\u201c \u2013 fiksjon, komedie-drama \u2013 i Sal\u00f3n Cultural (C\/ Padre Andr\u00e9s Ivars, 21). Visninger 22. og 23. november: l\u00f8rdag kl. 19:00 og 22:00, s\u00f8ndag kl. 18:00 og 21:00.<br \/><strong>27. november 2025<\/strong> I Sal\u00f3n de Actos \/ Cine Municipal vises teaterstykket \u201eEl poder del voler\u201c og \u201eLa casa misteriosa\u201c av gruppen Saineters de Benissa. Forestillingen starter kl. 20.00.<br \/><strong>29. november 2025<\/strong> Concierto de Santa Cec\u00edlia av Societat L\u00edrica i Musical de Benissa finner sted i Auditori Teulada Moraira. Konserten starter kl. 19:00.<br \/><strong>29. og 30. november 2025<\/strong> vises filmen \u201eLos tigres\u201c \u2013 thriller, drama \u2013 i Sal\u00f3n Cultural (C\/ Padre Andr\u00e9s Ivars, 21). Visninger l\u00f8rdager kl. 19:00 og 22:00, s\u00f8ndager kl. 18:00 og 21:00.<br \/><strong>20. desember 2025 til 4. januar 2026<\/strong> Visitas Guiadas Experienciales \u201eNadal a Benissa\u201c finner sted \u2013 m\u00f8tested Fuente de la Pla\u00e7a Rei Jaume I, start kl. 11:00.<\/p>\t\t\t\t\t\t\t\t<\/div>\n\t\t\t\t<\/div>\n\t\t\t\t<div class=\"elementor-element elementor-element-2bef046 elementor-widget elementor-widget-heading\" data-id=\"2bef046\" data-element_type=\"widget\" data-e-type=\"widget\" data-widget_type=\"heading.default\">\n\t\t\t\t<div class=\"elementor-widget-container\">\n\t\t\t\t\t<h3 class=\"elementor-heading-title elementor-size-default\">Benidorm<\/h3>\t\t\t\t<\/div>\n\t\t\t\t<\/div>\n\t\t\t\t<div class=\"elementor-element elementor-element-1ff87fa elementor-widget__width-initial elementor-widget elementor-widget-text-editor\" data-id=\"1ff87fa\" data-element_type=\"widget\" data-e-type=\"widget\" data-widget_type=\"text-editor.default\">\n\t\t\t\t<div class=\"elementor-widget-container\">\n\t\t\t\t\t\t\t\t\t<p><strong>15. november 2025 til januar 2026<\/strong> Plaza de SS.MM. Reyes de Espa\u00f1a er \u00e5sted for Plaza de la Navidad, med attraksjoner, sk\u00f8ytebane og julemarked.<br \/><strong>15. november 2025 til januar 2026<\/strong> finner sted i Parque de Elche, Mercadillo Navide\u00f1o (El Porrat Navide\u00f1o), med boder som selger h\u00e5ndverk og juleprodukter.<br \/><strong>15. november 2025<\/strong> Casa de la Navidad og Campamento de SS.MM. er \u00e5pne, tematiske arrangementssteder for familier.<br \/><strong>21. november 2025<\/strong> MYSTERY BOX-spillet finner sted i Auditorio Centro Cultural, Calle de Ja\u00e9n. Deltakere fra 12 \u00e5r l\u00f8ser oppgaver i grupper p\u00e5 maksimalt 6 personer.<br \/><strong>22. november 2025<\/strong> Klokken 19:00 finner danseforestillingen AT\u00c1VICAS \u2013 Mujeres de Lorca hacia la libertad sted i Auditorio Centro Cultural.<br \/><strong>24. til 28. november 2025<\/strong>, hver dag fra kl. 19.00 til 21.00, holdes kurset Bricolaje dom\u00e9stico i Concejal\u00eda de Juventud. Innhold: skruer, lim, boring, reparasjon av sprekker, vedlikehold av vann og str\u00f8m.<br \/><strong>24. november til 5. desember<\/strong> <strong>2025<\/strong>, mandag til fredag fra kl. 10.00 til 14.00, holdes kurset Chapa y Pintura del Autom\u00f3vil i Concejal\u00eda de Juventud. Innhold: Karosseri, inspeksjon, reparasjon, lakkering, montering, b\u00e6rekraft.<br \/><strong>27. november 2025<\/strong> arrangementet RRSS y marca personal en la b\u00fasqueda de empleo finner sted.<br \/><strong>28. november 2025<\/strong> finner sted i Sala de Prensa del Ayuntamiento i V Foro Joven. Temaer: kommunikasjon, utdanning, aktiviteter, deltakelse, helse, byutvikling.<br \/><strong>28. november 2025<\/strong> Klokken 18:00 starter Gran Pot \u2013 pokerturneringen Texas Hold\u2019em No Limit i Casino Mediterr\u00e1neo Benidorm.<br \/><strong>25. desember 2025<\/strong> finner sted p\u00e5 Greeny\u2019s Karaoke and Sports Bar, Av. de Cuenca 18, med julemenyen.<br \/><strong>25. desember 2025<\/strong> finner sted p\u00e5 The Crown, Old Town, Av. Emilio Ortu\u00f1o 22B, med to serveringer av julemenyen.<br \/><strong>27. desember 2025<\/strong> Klokken 18:00 finner COCO EL MUSICAL sted i Auditorio Centro Cultural Benidorm.<br \/><strong>31. desember 2025<\/strong> Fra kl. 00:15 arrangeres festivalen Nochevieja 2025 p\u00e5 Penelope Benidorm.<br \/><strong>31. desember 2025<\/strong> San Silvestre Benidorm Christmas Run finner sted.<br \/><strong>5. januar 2026<\/strong> Cabalgata de Reyes Magos finner sted.<\/p>\t\t\t\t\t\t\t\t<\/div>\n\t\t\t\t<\/div>\n\t\t\t\t<div class=\"elementor-element elementor-element-79ffca3 elementor-widget elementor-widget-heading\" data-id=\"79ffca3\" data-element_type=\"widget\" data-e-type=\"widget\" data-widget_type=\"heading.default\">\n\t\t\t\t<div class=\"elementor-widget-container\">\n\t\t\t\t\t<h3 class=\"elementor-heading-title elementor-size-default\">Alfaz del Pi<\/h3>\t\t\t\t<\/div>\n\t\t\t\t<\/div>\n\t\t\t\t<div class=\"elementor-element elementor-element-199d9e3 elementor-widget__width-initial elementor-widget elementor-widget-text-editor\" data-id=\"199d9e3\" data-element_type=\"widget\" data-e-type=\"widget\" data-widget_type=\"text-editor.default\">\n\t\t\t\t<div class=\"elementor-widget-container\">\n\t\t\t\t\t\t\t\t\t<p>\u2022 Fra <strong>26. desember til 5. januar<\/strong> finner festivalen JAJAJAJAJA: Risas Navide\u00f1as sted \u2013 et 11 dager langt \u00e5rlig arrangement med musikk, teater, dans, magi, kino og fortellinger. Festivalen retter seg mot barn i juleferien og tilbyr et program <br \/>med kulturelle og morsomme aktiviteter. Festivalen sammenfaller med den lokale julekrybbe-konkurransen, juletrepyntkonkurransen og konkurransen om dekorering av butikkvinduer. Den avsluttes 5. januar med en barneteaterforestilling og helligtrekongersparaden.<\/p>\t\t\t\t\t\t\t\t<\/div>\n\t\t\t\t<\/div>\n\t\t\t\t<\/div>\n\t\t\t\t\t<\/div>\n\t\t\t\t<\/div>\n\t\t<div class=\"elementor-element elementor-element-bbc56b0 e-flex e-con-boxed e-con e-parent\" data-id=\"bbc56b0\" data-element_type=\"container\" data-e-type=\"container\">\n\t\t\t\t\t<div class=\"e-con-inner\">\n\t\t\t\t<div class=\"elementor-element elementor-element-d91b83b elementor-widget-divider--separator-type-pattern elementor-widget-divider--view-line elementor-widget elementor-widget-divider\" data-id=\"d91b83b\" data-element_type=\"widget\" data-e-type=\"widget\" data-widget_type=\"divider.default\">\n\t\t\t\t<div class=\"elementor-widget-container\">\n\t\t\t\t\t\t\t<div class=\"elementor-divider\" style=\"--divider-pattern-url: url(&quot;data:image\/svg+xml,%3Csvg xmlns=&#039;http:\/\/www.w3.org\/2000\/svg&#039; preserveAspectRatio=&#039;none&#039; overflow=&#039;visible&#039; height=&#039;100%&#039; viewBox=&#039;0 0 24 24&#039; fill=&#039;none&#039; stroke=&#039;black&#039; stroke-width=&#039;1.5&#039; stroke-linecap=&#039;square&#039; stroke-miterlimit=&#039;10&#039;%3E%3Cpath d=&#039;M0,6c6,0,0.9,11.1,6.9,11.1S18,6,24,6&#039;\/%3E%3C\/svg%3E&quot;);\">\n\t\t\t<span class=\"elementor-divider-separator\">\n\t\t\t\t\t\t<\/span>\n\t\t<\/div>\n\t\t\t\t\t\t<\/div>\n\t\t\t\t<\/div>\n\t\t\t\t<div class=\"elementor-element elementor-element-9814e7e elementor-widget elementor-widget-heading\" data-id=\"9814e7e\" data-element_type=\"widget\" data-e-type=\"widget\" data-widget_type=\"heading.default\">\n\t\t\t\t<div class=\"elementor-widget-container\">\n\t\t\t\t\t<h4 class=\"elementor-heading-title elementor-size-default\">Fortell oss om ditt arrangement c.rehagel@die-inselzeitung.com - - Charlotta Rehagel\nCharlotta Rehagel<\/h4>\t\t\t\t<\/div>\n\t\t\t\t<\/div>\n\t\t\t\t<div class=\"elementor-element elementor-element-12e1f76 elementor-widget-divider--separator-type-pattern elementor-widget-divider--view-line elementor-widget elementor-widget-divider\" data-id=\"12e1f76\" data-element_type=\"widget\" data-e-type=\"widget\" data-widget_type=\"divider.default\">\n\t\t\t\t<div class=\"elementor-widget-container\">\n\t\t\t\t\t\t\t<div class=\"elementor-divider\" style=\"--divider-pattern-url: url(&quot;data:image\/svg+xml,%3Csvg xmlns=&#039;http:\/\/www.w3.org\/2000\/svg&#039; preserveAspectRatio=&#039;none&#039; overflow=&#039;visible&#039; height=&#039;100%&#039; viewBox=&#039;0 0 24 24&#039; fill=&#039;none&#039; stroke=&#039;black&#039; stroke-width=&#039;1.5&#039; stroke-linecap=&#039;square&#039; stroke-miterlimit=&#039;10&#039;%3E%3Cpath d=&#039;M0,6c6,0,0.9,11.1,6.9,11.1S18,6,24,6&#039;\/%3E%3C\/svg%3E&quot;);\">\n\t\t\t<span class=\"elementor-divider-separator\">\n\t\t\t\t\t\t<\/span>\n\t\t<\/div>\n\t\t\t\t\t\t<\/div>\n\t\t\t\t<\/div>\n\t\t\t\t<div class=\"elementor-element elementor-element-6ffc182 elementor-grid-3 elementor-grid-tablet-2 elementor-grid-mobile-1 elementor-posts--thumbnail-top elementor-posts--show-avatar elementor-card-shadow-yes elementor-posts__hover-gradient elementor-widget elementor-widget-posts\" data-id=\"6ffc182\" data-element_type=\"widget\" data-e-type=\"widget\" data-settings=\"{&quot;cards_columns&quot;:&quot;3&quot;,&quot;cards_columns_tablet&quot;:&quot;2&quot;,&quot;cards_columns_mobile&quot;:&quot;1&quot;,&quot;cards_row_gap&quot;:{&quot;unit&quot;:&quot;px&quot;,&quot;size&quot;:35,&quot;sizes&quot;:[]},&quot;cards_row_gap_tablet&quot;:{&quot;unit&quot;:&quot;px&quot;,&quot;size&quot;:&quot;&quot;,&quot;sizes&quot;:[]},&quot;cards_row_gap_mobile&quot;:{&quot;unit&quot;:&quot;px&quot;,&quot;size&quot;:&quot;&quot;,&quot;sizes&quot;:[]}}\" data-widget_type=\"posts.cards\">\n\t\t\t\t<div class=\"elementor-widget-container\">\n\t\t\t\t\t\t\t<div class=\"elementor-posts-container elementor-posts elementor-posts--skin-cards elementor-grid\" role=\"list\">\n\t\t\t\t<article class=\"elementor-post elementor-grid-item post-9084 post type-post status-publish format-standard has-post-thumbnail hentry category-veranstaltungen-events tag-costa-blanca-2 tag-events-costa-banca tag-theater-benidorm tag-veranstaltungen-costa-blanca\" role=\"listitem\">\n\t\t\t<div class=\"elementor-post__card\">\n\t\t\t\t<a class=\"elementor-post__thumbnail__link\" href=\"https:\/\/costablanca-magazin.com\/nb\/freizeit\/veranstaltungen-events\/oktober-november-veranstaltungen-an-der-costa-blanca-2025\/\" tabindex=\"-1\" ><div class=\"elementor-post__thumbnail\"><img loading=\"lazy\" decoding=\"async\" width=\"2048\" height=\"1110\" src=\"https:\/\/costablanca-magazin.com\/wp-content\/uploads\/2025\/10\/happy-grandmother-and-little-girls-wearing-hallowe-2025-02-20-10-21-16-utc-scaled-e1760474398578-2048x1110.jpg\" class=\"attachment-2048x2048 size-2048x2048 wp-image-9085\" alt=\"Oktober til november: kultur, konserter og arrangementer p\u00e5 Costa Blanca\" srcset=\"https:\/\/costablanca-magazin.com\/wp-content\/uploads\/2025\/10\/happy-grandmother-and-little-girls-wearing-hallowe-2025-02-20-10-21-16-utc-scaled-e1760474398578-2048x1110.jpg 2048w, https:\/\/costablanca-magazin.com\/wp-content\/uploads\/2025\/10\/happy-grandmother-and-little-girls-wearing-hallowe-2025-02-20-10-21-16-utc-scaled-e1760474398578-300x163.jpg 300w, https:\/\/costablanca-magazin.com\/wp-content\/uploads\/2025\/10\/happy-grandmother-and-little-girls-wearing-hallowe-2025-02-20-10-21-16-utc-scaled-e1760474398578-768x416.jpg 768w, https:\/\/costablanca-magazin.com\/wp-content\/uploads\/2025\/10\/happy-grandmother-and-little-girls-wearing-hallowe-2025-02-20-10-21-16-utc-scaled-e1760474398578-1536x832.jpg 1536w\" sizes=\"(max-width: 2048px) 100vw, 2048px\" \/><\/div><\/a>\n\t\t\t\t<div class=\"elementor-post__badge\">Arrangementer og begivenheter<\/div>\n\t\t\t\t<div class=\"elementor-post__avatar\">\n\t\t\t\t\t<\/div>\n\t\t\t\t<div class=\"elementor-post__text\">\n\t\t\t\t<h3 class=\"elementor-post__title\">\n\t\t\t<a href=\"https:\/\/costablanca-magazin.com\/nb\/freizeit\/veranstaltungen-events\/oktober-november-veranstaltungen-an-der-costa-blanca-2025\/\" >\n\t\t\t\tOktober- og novemberarrangementer p\u00e5 Costa Blanca 2025\t\t\t<\/a>\n\t\t<\/h3>\n\t\t\t\t<\/div>\n\t\t\t\t\t<\/div>\n\t\t<\/article>\n\t\t\t\t<article class=\"elementor-post elementor-grid-item post-8396 post type-post status-publish format-standard has-post-thumbnail hentry category-veranstaltungen-events tag-festivals-benidorm tag-konzerte-costa-blanca tag-open-air-kino-costa-blanca tag-patronatsfeste-costa-blanca tag-veranstaltungen-costa-blanca\" role=\"listitem\">\n\t\t\t<div class=\"elementor-post__card\">\n\t\t\t\t<a class=\"elementor-post__thumbnail__link\" href=\"https:\/\/costablanca-magazin.com\/nb\/freizeit\/veranstaltungen-events\/august-september-veranstaltungen-an-der-costa-blanca-2025\/\" tabindex=\"-1\" ><div class=\"elementor-post__thumbnail\"><img loading=\"lazy\" decoding=\"async\" width=\"2048\" height=\"1366\" src=\"https:\/\/costablanca-magazin.com\/wp-content\/uploads\/2025\/08\/happy-young-african-adult-afro-woman-dancing-with-2025-01-07-06-55-26-utc-2048x1366.jpg\" class=\"attachment-2048x2048 size-2048x2048 wp-image-8397\" alt=\"En sommer full av festivaler, musikk og kultur p\u00e5 Costa Blanca\" srcset=\"https:\/\/costablanca-magazin.com\/wp-content\/uploads\/2025\/08\/happy-young-african-adult-afro-woman-dancing-with-2025-01-07-06-55-26-utc-2048x1366.jpg 2048w, https:\/\/costablanca-magazin.com\/wp-content\/uploads\/2025\/08\/happy-young-african-adult-afro-woman-dancing-with-2025-01-07-06-55-26-utc-300x200.jpg 300w, https:\/\/costablanca-magazin.com\/wp-content\/uploads\/2025\/08\/happy-young-african-adult-afro-woman-dancing-with-2025-01-07-06-55-26-utc-1024x683.jpg 1024w, https:\/\/costablanca-magazin.com\/wp-content\/uploads\/2025\/08\/happy-young-african-adult-afro-woman-dancing-with-2025-01-07-06-55-26-utc-768x512.jpg 768w, https:\/\/costablanca-magazin.com\/wp-content\/uploads\/2025\/08\/happy-young-african-adult-afro-woman-dancing-with-2025-01-07-06-55-26-utc-1536x1024.jpg 1536w\" sizes=\"(max-width: 2048px) 100vw, 2048px\" \/><\/div><\/a>\n\t\t\t\t<div class=\"elementor-post__badge\">Arrangementer og begivenheter<\/div>\n\t\t\t\t<div class=\"elementor-post__avatar\">\n\t\t\t\t\t<\/div>\n\t\t\t\t<div class=\"elementor-post__text\">\n\t\t\t\t<h3 class=\"elementor-post__title\">\n\t\t\t<a href=\"https:\/\/costablanca-magazin.com\/nb\/freizeit\/veranstaltungen-events\/august-september-veranstaltungen-an-der-costa-blanca-2025\/\" >\n\t\t\t\tArrangementer i august og september p\u00e5 Costa Blanca 2025\t\t\t<\/a>\n\t\t<\/h3>\n\t\t\t\t<\/div>\n\t\t\t\t\t<\/div>\n\t\t<\/article>\n\t\t\t\t<article class=\"elementor-post elementor-grid-item post-7991 post type-post status-publish format-standard has-post-thumbnail hentry category-veranstaltungen-events tag-costa-blanca-2 tag-feuerwerk-altea-castell-de-lolla tag-fiesta-costa-blanca tag-moros-y-cristianos tag-veranstaltungen-costablanca\" role=\"listitem\">\n\t\t\t<div class=\"elementor-post__card\">\n\t\t\t\t<a class=\"elementor-post__thumbnail__link\" href=\"https:\/\/costablanca-magazin.com\/nb\/freizeit\/veranstaltungen-events\/juli-2025-veranstaltungen-an-der-costa-blanca-fiestas-und-konzerte\/\" tabindex=\"-1\" ><div class=\"elementor-post__thumbnail\"><img loading=\"lazy\" decoding=\"async\" width=\"2048\" height=\"1365\" src=\"https:\/\/costablanca-magazin.com\/wp-content\/uploads\/2025\/07\/young-couple-eating-popcorn-while-watching-a-movie-2024-12-13-18-32-33-utc-2048x1365.jpg\" class=\"attachment-2048x2048 size-2048x2048 wp-image-8000\" alt=\"Juli 2025 Arrangementer p\u00e5 Costa Blanca - Fester og konserter\" srcset=\"https:\/\/costablanca-magazin.com\/wp-content\/uploads\/2025\/07\/young-couple-eating-popcorn-while-watching-a-movie-2024-12-13-18-32-33-utc-2048x1365.jpg 2048w, https:\/\/costablanca-magazin.com\/wp-content\/uploads\/2025\/07\/young-couple-eating-popcorn-while-watching-a-movie-2024-12-13-18-32-33-utc-300x200.jpg 300w, https:\/\/costablanca-magazin.com\/wp-content\/uploads\/2025\/07\/young-couple-eating-popcorn-while-watching-a-movie-2024-12-13-18-32-33-utc-1024x683.jpg 1024w, https:\/\/costablanca-magazin.com\/wp-content\/uploads\/2025\/07\/young-couple-eating-popcorn-while-watching-a-movie-2024-12-13-18-32-33-utc-768x512.jpg 768w, https:\/\/costablanca-magazin.com\/wp-content\/uploads\/2025\/07\/young-couple-eating-popcorn-while-watching-a-movie-2024-12-13-18-32-33-utc-1536x1024.jpg 1536w\" sizes=\"(max-width: 2048px) 100vw, 2048px\" \/><\/div><\/a>\n\t\t\t\t<div class=\"elementor-post__badge\">Arrangementer og begivenheter<\/div>\n\t\t\t\t<div class=\"elementor-post__avatar\">\n\t\t\t\t\t<\/div>\n\t\t\t\t<div class=\"elementor-post__text\">\n\t\t\t\t<h3 class=\"elementor-post__title\">\n\t\t\t<a href=\"https:\/\/costablanca-magazin.com\/nb\/freizeit\/veranstaltungen-events\/juli-2025-veranstaltungen-an-der-costa-blanca-fiestas-und-konzerte\/\" >\n\t\t\t\tJuli 2025 Arrangementer p\u00e5 Costa Blanca - Fester og konserter\t\t\t<\/a>\n\t\t<\/h3>\n\t\t\t\t<\/div>\n\t\t\t\t\t<\/div>\n\t\t<\/article>\n\t\t\t\t<\/div>\n\t\t\n\t\t\t\t\t\t<\/div>\n\t\t\t\t<\/div>\n\t\t\t\t\t<\/div>\n\t\t\t\t<\/div>\n\t\t\t\t<\/div>","protected":false},"excerpt":{"rendered":"<p>Veranstaltungen Costa Blanca November \/ Dezember 2025 Event Highlights an der Costa Blanca: Weihnachtsm\u00e4rkte, Konzerte, Ausstellungen und Familienevents von November<\/p>","protected":false},"author":3,"featured_media":9447,"comment_status":"closed","ping_status":"closed","sticky":false,"template":"elementor_header_footer","format":"standard","meta":{"om_disable_all_campaigns":false,"_monsterinsights_skip_tracking":false,"_monsterinsights_sitenote_active":false,"_monsterinsights_sitenote_note":"","_monsterinsights_sitenote_category":0,"footnotes":""},"categories":[23],"tags":[346,1395,1391,1394,1392,1396,1390,1393],"class_list":["post-9411","post","type-post","status-publish","format-standard","has-post-thumbnail","hentry","category-veranstaltungen-events","tag-advent-costa-blanca","tag-calpe-altea-benidorm-events","tag-costa-blanca-events-2025","tag-kulturprogramm-costa-blanca","tag-weihnachtsmaerkte-costa-blanca","tag-weihnachtsprogramm-costa-blanca","tag-weihnachtsveranstaltungen-costa-blanca","tag-winterevents-spanien"],"aioseo_notices":[],"_links":{"self":[{"href":"https:\/\/costablanca-magazin.com\/nb\/wp-json\/wp\/v2\/posts\/9411","targetHints":{"allow":["GET"]}}],"collection":[{"href":"https:\/\/costablanca-magazin.com\/nb\/wp-json\/wp\/v2\/posts"}],"about":[{"href":"https:\/\/costablanca-magazin.com\/nb\/wp-json\/wp\/v2\/types\/post"}],"author":[{"embeddable":true,"href":"https:\/\/costablanca-magazin.com\/nb\/wp-json\/wp\/v2\/users\/3"}],"replies":[{"embeddable":true,"href":"https:\/\/costablanca-magazin.com\/nb\/wp-json\/wp\/v2\/comments?post=9411"}],"version-history":[{"count":30,"href":"https:\/\/costablanca-magazin.com\/nb\/wp-json\/wp\/v2\/posts\/9411\/revisions"}],"predecessor-version":[{"id":9580,"href":"https:\/\/costablanca-magazin.com\/nb\/wp-json\/wp\/v2\/posts\/9411\/revisions\/9580"}],"wp:featuredmedia":[{"embeddable":true,"href":"https:\/\/costablanca-magazin.com\/nb\/wp-json\/wp\/v2\/media\/9447"}],"wp:attachment":[{"href":"https:\/\/costablanca-magazin.com\/nb\/wp-json\/wp\/v2\/media?parent=9411"}],"wp:term":[{"taxonomy":"category","embeddable":true,"href":"https:\/\/costablanca-magazin.com\/nb\/wp-json\/wp\/v2\/categories?post=9411"},{"taxonomy":"post_tag","embeddable":true,"href":"https:\/\/costablanca-magazin.com\/nb\/wp-json\/wp\/v2\/tags?post=9411"}],"curies":[{"name":"wp","href":"https:\/\/api.w.org\/{rel}","templated":true}]}}