{"id":9322,"date":"2025-10-31T09:00:00","date_gmt":"2025-10-31T08:00:00","guid":{"rendered":"https:\/\/costablanca-magazin.com\/?p=9322"},"modified":"2026-07-07T09:45:26","modified_gmt":"2026-07-07T07:45:26","slug":"vandring-langs-costa-blanca-i-klofter-og-langs-kyststier","status":"publish","type":"post","link":"https:\/\/costablanca-magazin.com\/nb\/freizeit\/radfahren-wandern\/wandern-an-der-costa-blanca-schluchten-und-kuestenwegen\/","title":{"rendered":"Fotturer p\u00e5 Costa Blanca - kl\u00f8fter og kyststier"},"content":{"rendered":"<div data-elementor-type=\"wp-post\" data-elementor-id=\"9322\" class=\"elementor elementor-9322\" data-elementor-post-type=\"post\">\n\t\t\t\t<div class=\"elementor-element elementor-element-cbfff5b e-flex e-con-boxed e-con e-parent\" data-id=\"cbfff5b\" data-element_type=\"container\" data-e-type=\"container\">\n\t\t\t\t\t<div class=\"e-con-inner\">\n\t\t\t\t<div class=\"elementor-element elementor-element-a6a90d7 elementor-widget elementor-widget-heading\" data-id=\"a6a90d7\" data-element_type=\"widget\" data-e-type=\"widget\" data-widget_type=\"heading.default\">\n\t\t\t\t<div class=\"elementor-widget-container\">\n\t\t\t\t\t<h1 class=\"elementor-heading-title elementor-size-default\">Fotturer p\u00e5 Costa Blanca - kl\u00f8fter og kyststier<\/h1>\t\t\t\t<\/div>\n\t\t\t\t<\/div>\n\t\t\t\t<div class=\"elementor-element elementor-element-ced72bc elementor-widget elementor-widget-heading\" data-id=\"ced72bc\" data-element_type=\"widget\" data-e-type=\"widget\" data-widget_type=\"heading.default\">\n\t\t\t\t<div class=\"elementor-widget-container\">\n\t\t\t\t\t<p class=\"elementor-heading-title elementor-size-default\">Fra rolige turer til utfordrende ruter: Oppdag Barranc de l'Infern, Serra Gelada og Pe\u00f1\u00f3n de Ifach p\u00e5 Costa Blanca.<\/p>\t\t\t\t<\/div>\n\t\t\t\t<\/div>\n\t\t\t\t<div class=\"elementor-element elementor-element-baa6bfe elementor-widget elementor-widget-image\" data-id=\"baa6bfe\" data-element_type=\"widget\" data-e-type=\"widget\" data-widget_type=\"image.default\">\n\t\t\t\t<div class=\"elementor-widget-container\">\n\t\t\t\t\t\t\t\t\t\t\t\t\t\t\t<img fetchpriority=\"high\" decoding=\"async\" width=\"1200\" height=\"606\" src=\"https:\/\/costablanca-magazin.com\/wp-content\/uploads\/2025\/10\/shutterstock_2138846675-e1761230590451.jpg\" class=\"attachment-full size-full wp-image-9342\" alt=\"Vandring \u2013 Fra kl\u00f8fter og kyststier\" srcset=\"https:\/\/costablanca-magazin.com\/wp-content\/uploads\/2025\/10\/shutterstock_2138846675-e1761230590451.jpg 1200w, https:\/\/costablanca-magazin.com\/wp-content\/uploads\/2025\/10\/shutterstock_2138846675-e1761230590451-300x152.jpg 300w, https:\/\/costablanca-magazin.com\/wp-content\/uploads\/2025\/10\/shutterstock_2138846675-e1761230590451-1024x517.jpg 1024w, https:\/\/costablanca-magazin.com\/wp-content\/uploads\/2025\/10\/shutterstock_2138846675-e1761230590451-768x388.jpg 768w\" sizes=\"(max-width: 1200px) 100vw, 1200px\" \/>\t\t\t\t\t\t\t\t\t\t\t\t\t\t\t<\/div>\n\t\t\t\t<\/div>\n\t\t\t\t\t<\/div>\n\t\t\t\t<\/div>\n\t\t<div class=\"elementor-element elementor-element-81b98ec e-flex e-con-boxed e-con e-parent\" data-id=\"81b98ec\" data-element_type=\"container\" data-e-type=\"container\">\n\t\t\t\t\t<div class=\"e-con-inner\">\n\t\t<div class=\"elementor-element elementor-element-5388a42 e-con-full e-flex e-con e-child\" data-id=\"5388a42\" data-element_type=\"container\" data-e-type=\"container\">\n\t\t<div class=\"elementor-element elementor-element-afc9d51 e-con-full e-flex e-con e-child\" data-id=\"afc9d51\" data-element_type=\"container\" data-e-type=\"container\">\n\t\t\t\t<div class=\"elementor-element elementor-element-69404c7 elementor-widget elementor-widget-text-editor\" data-id=\"69404c7\" data-element_type=\"widget\" data-e-type=\"widget\" data-widget_type=\"text-editor.default\">\n\t\t\t\t<div class=\"elementor-widget-container\">\n\t\t\t\t\t\t\t\t\t<p>I v\u00e5rt sportslige blikk p\u00e5 Costa Blanca er fotturer et must. Ingen annen aktivitet gj\u00f8r det s\u00e5 tydelig hvor tett kysten og innlandet henger sammen her: utsikten over havet, de bratte fjellene bak deg - og stier for alle niv\u00e5er imellom. Mens profesjonelle syklister ruller gjennom regionen og padelbanene er fulle av spillere, trekkes lokalbefolkningen, fastboende og gjester mot naturen. Noen s\u00f8ker en rolig spasertur, andre en sportslig utfordring.<\/p><p><strong>Klassikeren: Barranc de l'Infern<\/strong><br \/>\u201eHelveteskl\u00f8ften\u201c i Vall de Laguar er et kjent navn for alle som liker en utfordrende fottur. Den komplette runden med rundt 6 500 trappetrinn og nesten 15 kilometer krever god kondisjon. Hvis du ikke \u00f8nsker \u00e5 g\u00e5 s\u00e5 langt, kan du velge enkelte etapper og likevel oppleve det spektakul\u00e6re juvelandskapet. Dette gj\u00f8r Barranc til b\u00e5de en utfordring for erfarne turg\u00e5ere og et spennende reisem\u00e5l for dem som foretrekker kortere ruter.<\/p><p><strong>Kyststien: Serra Gelada<\/strong><br \/>Mellom Benidorm, Albir og Altea strekker Serra Gelada seg langs havet med sine forrevne klipper. Hvis du vil ta det med ro, kan du g\u00e5 langs brede stier til fyrt\u00e5rnet i Albir.<\/p>\t\t\t\t\t\t\t\t<\/div>\n\t\t\t\t<\/div>\n\t\t\t\t<\/div>\n\t\t<div class=\"elementor-element elementor-element-3f1dec6 e-con-full e-flex e-con e-child\" data-id=\"3f1dec6\" data-element_type=\"container\" data-e-type=\"container\">\n\t\t\t\t<div class=\"elementor-element elementor-element-1fa2184 elementor-widget elementor-widget-text-editor\" data-id=\"1fa2184\" data-element_type=\"widget\" data-e-type=\"widget\" data-widget_type=\"text-editor.default\">\n\t\t\t\t<div class=\"elementor-widget-container\">\n\t\t\t\t\t\t\t\t\t<p>For de mer atletiske turg\u00e5erne f\u00f8rer en \u00e5ssti over \u00e5skammen - mye brattere, men med vidstrakt utsikt over Middelhavet og kystbyene. Begge variantene viser hvor kontrastrik en fottur kan v\u00e6re p\u00e5 liten plass.<\/p><p><strong>Den sl\u00e5ende steinen: Pe\u00f1\u00f3n de Ifach<\/strong><br \/>I Calpe stiger den 332 meter h\u00f8ye klippen opp av havet, synlig p\u00e5 lang avstand. Stien til tunnelen er overkommelig for alle, men derfra blir oppstigningen mer utfordrende. <br \/>Smale stier, steinete passasjer og bratte partier krever godt fotfeste - men utsikten fra toppen, som strekker seg langt innover i landet, veier opp for dette. En kort, intensiv oppstigning som er perfekt for b\u00e5de nybegynnere og viderekomne.<\/p><p><strong>P\u00e5 reise sammen<\/strong><br \/>Enten det er i organiserte turgrupper, p\u00e5 guidede turer eller p\u00e5 egen h\u00e5nd - stiene er et m\u00f8tepunkt for mange. Her m\u00f8tes naboer, venner og feriegjester, som alle deler den samme motivasjonen: \u00e5 oppleve landskapet p\u00e5 en aktiv m\u00e5te. Dette gj\u00f8r fotturer til en integrert del av v\u00e5rt sportslige fokus - og en av de mest direkte m\u00e5tene \u00e5 bli kjent med Costa Blanca p\u00e5.<\/p>\t\t\t\t\t\t\t\t<\/div>\n\t\t\t\t<\/div>\n\t\t\t\t<\/div>\n\t\t\t\t<\/div>\n\t\t\t\t\t<\/div>\n\t\t\t\t<\/div>\n\t\t\t\t<\/div>","protected":false},"excerpt":{"rendered":"<p>Wandern an der Costa Blanca \u2013 Schluchten und K\u00fcstenwegen Von gem\u00fctlichen Spazierwegen bis zu anspruchsvollen Routen: Entdecke Barranc de l\u2019Infern, Serra Gelada und Pe\u00f1\u00f3n de Ifach an der Costa Blanca. In unserem sportlichen Blick auf die Costa Blanca darf das Wandern nicht fehlen. Keine andere Aktivit\u00e4t macht so deutlich, wie eng K\u00fcste und Hinterland hier [&hellip;]<\/p>\n","protected":false},"author":4,"featured_media":9342,"comment_status":"closed","ping_status":"closed","sticky":false,"template":"elementor_header_footer","format":"standard","meta":{"footnotes":""},"categories":[27],"tags":[1789],"class_list":["post-9322","post","type-post","status-publish","format-standard","has-post-thumbnail","hentry","category-radfahren-wandern","tag-wandern-costa-blanca"],"aioseo_notices":[],"aioseo_head":"\n\t\t<!-- All in One SEO Pro 5.0.1.1 - aioseo.com -->\n\t<meta name=\"description\" content=\"Von gem\u00fctlichen Spazierwegen bis zu anspruchsvollen Routen - Entdecke Barranc de l\u2019Infern, Serra Gelada und Pe\u00f1\u00f3n de Ifach an der Costa Blanca.\" \/>\n\t<meta name=\"robots\" content=\"max-snippet:-1, max-image-preview:large, max-video-preview:-1\" \/>\n\t<meta name=\"author\" content=\"Costablanca Magazin Redaktion\"\/>\n\t<link rel=\"canonical\" href=\"https:\/\/costablanca-magazin.com\/nb\/freizeit\/radfahren-wandern\/wandern-an-der-costa-blanca-schluchten-und-kuestenwegen\/\" \/>\n\t<meta name=\"generator\" content=\"All in One SEO Pro (AIOSEO) 5.0.1.1\" \/>\n\t\t<meta property=\"og:locale\" content=\"nb_NO\" \/>\n\t\t<meta property=\"og:site_name\" content=\"Costa Blanca Magazin\" \/>\n\t\t<meta property=\"og:type\" content=\"article\" \/>\n\t\t<meta property=\"og:title\" content=\"Wandern an der Costa Blanca \u2013 Schluchten und\u2026\" \/>\n\t\t<meta property=\"og:description\" content=\"Von gem\u00fctlichen Spazierwegen bis zu anspruchsvollen Routen - Entdecke Barranc de l\u2019Infern, Serra Gelada und Pe\u00f1\u00f3n de Ifach an der Costa Blanca.\" \/>\n\t\t<meta property=\"og:url\" content=\"https:\/\/costablanca-magazin.com\/nb\/freizeit\/radfahren-wandern\/wandern-an-der-costa-blanca-schluchten-und-kuestenwegen\/\" \/>\n\t\t<meta property=\"og:image\" content=\"https:\/\/costablanca-magazin.com\/wp-content\/uploads\/2025\/10\/shutterstock_2138846675-e1761230590451.jpg\" \/>\n\t\t<meta property=\"og:image:secure_url\" content=\"https:\/\/costablanca-magazin.com\/wp-content\/uploads\/2025\/10\/shutterstock_2138846675-e1761230590451.jpg\" \/>\n\t\t<meta property=\"og:image:width\" content=\"1200\" \/>\n\t\t<meta property=\"og:image:height\" content=\"606\" \/>\n\t\t<meta property=\"article:published_time\" content=\"2025-10-31T08:00:00+00:00\" \/>\n\t\t<meta property=\"article:modified_time\" content=\"2026-07-07T07:45:26+00:00\" \/>\n\t\t<meta property=\"article:publisher\" content=\"https:\/\/www.facebook.com\/costablancalifestyle\/\" \/>\n\t\t<meta name=\"twitter:card\" content=\"summary_large_image\" \/>\n\t\t<meta name=\"twitter:title\" content=\"Wandern an der Costa Blanca \u2013 Schluchten und\u2026\" \/>\n\t\t<meta name=\"twitter:description\" content=\"Von gem\u00fctlichen Spazierwegen bis zu anspruchsvollen Routen - Entdecke Barranc de l\u2019Infern, Serra Gelada und Pe\u00f1\u00f3n de Ifach an der Costa Blanca.\" \/>\n\t\t<meta name=\"twitter:image\" content=\"https:\/\/costablanca-magazin.com\/wp-content\/uploads\/2025\/10\/shutterstock_2138846675-e1761230590451.jpg\" \/>\n\t\t<script type=\"application\/ld+json\" class=\"aioseo-schema\">\n\t\t\t{\"@context\":\"https:\\\/\\\/schema.org\",\"@graph\":[{\"@type\":\"BreadcrumbList\",\"@id\":\"https:\\\/\\\/costablanca-magazin.com\\\/nb\\\/freizeit\\\/radfahren-wandern\\\/wandern-an-der-costa-blanca-schluchten-und-kuestenwegen\\\/#breadcrumblist\",\"itemListElement\":[{\"@type\":\"ListItem\",\"@id\":\"https:\\\/\\\/costablanca-magazin.com\\\/nb#listItem\",\"position\":1,\"name\":\"Home\",\"item\":\"https:\\\/\\\/costablanca-magazin.com\\\/nb\",\"nextItem\":{\"@type\":\"ListItem\",\"@id\":\"https:\\\/\\\/costablanca-magazin.com\\\/nb\\\/fritid\\\/#listItem\",\"name\":\"Freizeit\"}},{\"@type\":\"ListItem\",\"@id\":\"https:\\\/\\\/costablanca-magazin.com\\\/nb\\\/fritid\\\/#listItem\",\"position\":2,\"name\":\"Freizeit\",\"item\":\"https:\\\/\\\/costablanca-magazin.com\\\/nb\\\/fritid\\\/\",\"nextItem\":{\"@type\":\"ListItem\",\"@id\":\"https:\\\/\\\/costablanca-magazin.com\\\/nb\\\/sykling-fotturer\\\/#listItem\",\"name\":\"Radfahren &amp; Wandern\"},\"previousItem\":{\"@type\":\"ListItem\",\"@id\":\"https:\\\/\\\/costablanca-magazin.com\\\/nb#listItem\",\"name\":\"Home\"}},{\"@type\":\"ListItem\",\"@id\":\"https:\\\/\\\/costablanca-magazin.com\\\/nb\\\/sykling-fotturer\\\/#listItem\",\"position\":3,\"name\":\"Radfahren &amp; Wandern\",\"item\":\"https:\\\/\\\/costablanca-magazin.com\\\/nb\\\/sykling-fotturer\\\/\",\"nextItem\":{\"@type\":\"ListItem\",\"@id\":\"https:\\\/\\\/costablanca-magazin.com\\\/nb\\\/freizeit\\\/radfahren-wandern\\\/wandern-an-der-costa-blanca-schluchten-und-kuestenwegen\\\/#listItem\",\"name\":\"Wandern an der Costa Blanca \\u2013 Schluchten und K\\u00fcstenwegen\"},\"previousItem\":{\"@type\":\"ListItem\",\"@id\":\"https:\\\/\\\/costablanca-magazin.com\\\/nb\\\/fritid\\\/#listItem\",\"name\":\"Freizeit\"}},{\"@type\":\"ListItem\",\"@id\":\"https:\\\/\\\/costablanca-magazin.com\\\/nb\\\/freizeit\\\/radfahren-wandern\\\/wandern-an-der-costa-blanca-schluchten-und-kuestenwegen\\\/#listItem\",\"position\":4,\"name\":\"Wandern an der Costa Blanca \\u2013 Schluchten und K\\u00fcstenwegen\",\"previousItem\":{\"@type\":\"ListItem\",\"@id\":\"https:\\\/\\\/costablanca-magazin.com\\\/nb\\\/sykling-fotturer\\\/#listItem\",\"name\":\"Radfahren &amp; Wandern\"}}]},{\"@type\":\"NewsArticle\",\"@id\":\"https:\\\/\\\/costablanca-magazin.com\\\/nb\\\/freizeit\\\/radfahren-wandern\\\/wandern-an-der-costa-blanca-schluchten-und-kuestenwegen\\\/#article\",\"name\":\"Wandern an der Costa Blanca \\u2013 Schluchten und K\\u00fcstenwegen\",\"headline\":\"Wandern an der Costa Blanca \\u2013 Schluchten und K\\u00fcstenwegen\",\"author\":{\"@id\":\"https:\\\/\\\/costablanca-magazin.com\\\/nb\\\/author\\\/costablanca-magazin-redaktion\\\/#author\"},\"publisher\":{\"@id\":\"https:\\\/\\\/costablanca-magazin.com\\\/nb\\\/#organization\"},\"image\":{\"@type\":\"ImageObject\",\"url\":\"https:\\\/\\\/costablanca-magazin.com\\\/wp-content\\\/uploads\\\/2025\\\/10\\\/shutterstock_2138846675-e1761230590451.jpg\",\"width\":1200,\"height\":606,\"caption\":\"Wandern an der Costa Blanca \\u2013 Schluchten und K\\u00fcstenwegen\"},\"datePublished\":\"2025-10-31T09:00:00+01:00\",\"dateModified\":\"2026-07-07T09:45:26+02:00\",\"inLanguage\":\"nb-NO\",\"mainEntityOfPage\":{\"@id\":\"https:\\\/\\\/costablanca-magazin.com\\\/nb\\\/freizeit\\\/radfahren-wandern\\\/wandern-an-der-costa-blanca-schluchten-und-kuestenwegen\\\/#webpage\"},\"isPartOf\":{\"@id\":\"https:\\\/\\\/costablanca-magazin.com\\\/nb\\\/freizeit\\\/radfahren-wandern\\\/wandern-an-der-costa-blanca-schluchten-und-kuestenwegen\\\/#webpage\"},\"articleSection\":\"Radfahren &amp; Wandern, Wandern\"},{\"@type\":\"Person\",\"@id\":\"https:\\\/\\\/costablanca-magazin.com\\\/nb\\\/author\\\/costablanca-magazin-redaktion\\\/#author\",\"url\":\"https:\\\/\\\/costablanca-magazin.com\\\/nb\\\/author\\\/costablanca-magazin-redaktion\\\/\",\"name\":\"Costablanca Magazin Redaktion\"},{\"@type\":\"WebPage\",\"@id\":\"https:\\\/\\\/costablanca-magazin.com\\\/nb\\\/freizeit\\\/radfahren-wandern\\\/wandern-an-der-costa-blanca-schluchten-und-kuestenwegen\\\/#webpage\",\"url\":\"https:\\\/\\\/costablanca-magazin.com\\\/nb\\\/freizeit\\\/radfahren-wandern\\\/wandern-an-der-costa-blanca-schluchten-und-kuestenwegen\\\/\",\"name\":\"Wandern an der Costa Blanca \\u2013 Schluchten und\\u2026\",\"description\":\"Von gem\\u00fctlichen Spazierwegen bis zu anspruchsvollen Routen - Entdecke Barranc de l\\u2019Infern, Serra Gelada und Pe\\u00f1\\u00f3n de Ifach an der Costa Blanca.\",\"inLanguage\":\"nb-NO\",\"isPartOf\":{\"@id\":\"https:\\\/\\\/costablanca-magazin.com\\\/nb\\\/#website\"},\"breadcrumb\":{\"@id\":\"https:\\\/\\\/costablanca-magazin.com\\\/nb\\\/freizeit\\\/radfahren-wandern\\\/wandern-an-der-costa-blanca-schluchten-und-kuestenwegen\\\/#breadcrumblist\"},\"author\":{\"@id\":\"https:\\\/\\\/costablanca-magazin.com\\\/nb\\\/author\\\/costablanca-magazin-redaktion\\\/#author\"},\"creator\":{\"@id\":\"https:\\\/\\\/costablanca-magazin.com\\\/nb\\\/author\\\/costablanca-magazin-redaktion\\\/#author\"},\"image\":{\"@type\":\"ImageObject\",\"url\":\"https:\\\/\\\/costablanca-magazin.com\\\/wp-content\\\/uploads\\\/2025\\\/10\\\/shutterstock_2138846675-e1761230590451.jpg\",\"@id\":\"https:\\\/\\\/costablanca-magazin.com\\\/nb\\\/freizeit\\\/radfahren-wandern\\\/wandern-an-der-costa-blanca-schluchten-und-kuestenwegen\\\/#mainImage\",\"width\":1200,\"height\":606,\"caption\":\"Wandern an der Costa Blanca \\u2013 Schluchten und K\\u00fcstenwegen\"},\"primaryImageOfPage\":{\"@id\":\"https:\\\/\\\/costablanca-magazin.com\\\/nb\\\/freizeit\\\/radfahren-wandern\\\/wandern-an-der-costa-blanca-schluchten-und-kuestenwegen\\\/#mainImage\"},\"datePublished\":\"2025-10-31T09:00:00+01:00\",\"dateModified\":\"2026-07-07T09:45:26+02:00\",\"mainEntity\":{\"@id\":\"https:\\\/\\\/costablanca-magazin.com\\\/nb\\\/freizeit\\\/radfahren-wandern\\\/wandern-an-der-costa-blanca-schluchten-und-kuestenwegen\\\/#article\"}},{\"@type\":\"WebSite\",\"@id\":\"https:\\\/\\\/costablanca-magazin.com\\\/nb\\\/#website\",\"url\":\"https:\\\/\\\/costablanca-magazin.com\\\/nb\\\/\",\"name\":\"Costa Blanca Magazin\",\"description\":\"Costa Blanca - alles um das Leben und die Freizeit an der K\\u00fcste\",\"inLanguage\":\"nb-NO\",\"publisher\":{\"@id\":\"https:\\\/\\\/costablanca-magazin.com\\\/nb\\\/#organization\"},\"potentialAction\":{\"@type\":\"SearchAction\",\"target\":\"https:\\\/\\\/costablanca-magazin.com\\\/nb\\\/?s={search_term_string}\",\"query-input\":\"required name=search_term_string\"}},{\"@type\":[\"Organization\",\"NewsMediaOrganization\"],\"@id\":\"https:\\\/\\\/costablanca-magazin.com\\\/nb\\\/#organization\",\"name\":\"Costa Blanca Magazin\",\"description\":\"Costa Blanca Magazin\",\"url\":\"https:\\\/\\\/costablanca-magazin.com\\\/nb\\\/\",\"email\":\"info@costablanca-magazin.com\",\"telephone\":\"+34 663 946 871\",\"logo\":{\"@type\":\"ImageObject\",\"url\":\"https:\\\/\\\/costablanca-magazin.com\\\/wp-content\\\/uploads\\\/2024\\\/05\\\/logo.jpg\",\"@id\":\"https:\\\/\\\/costablanca-magazin.com\\\/nb\\\/freizeit\\\/radfahren-wandern\\\/wandern-an-der-costa-blanca-schluchten-und-kuestenwegen\\\/#organizationLogo\",\"width\":1605,\"height\":236,\"caption\":\"Costa Blanca Magazin\"},\"image\":{\"@id\":\"https:\\\/\\\/costablanca-magazin.com\\\/nb\\\/freizeit\\\/radfahren-wandern\\\/wandern-an-der-costa-blanca-schluchten-und-kuestenwegen\\\/#organizationLogo\"},\"sameAs\":[\"https:\\\/\\\/www.facebook.com\\\/costablancalifestyle\\\/\",\"https:\\\/\\\/www.instagram.com\\\/costablancamagazin\\\/\"]}]}\n\t\t<\/script>\n\t\t<!-- All in One SEO Pro -->\r\n\t\t<title>Wandern an der Costa Blanca \u2013 Schluchten und\u2026<\/title>\n\n","aioseo_head_json":{"title":"Fotturer p\u00e5 Costa Blanca - kl\u00f8fter og...","description":"Fra rolige turstier til krevende ruter \u2013 oppdag Barranc de l\u2019Infern, Serra Gelada og Pe\u00f1\u00f3n de Ifach p\u00e5 Costa Blanca.","canonical_url":"https:\/\/costablanca-magazin.com\/nb\/freizeit\/radfahren-wandern\/wandern-an-der-costa-blanca-schluchten-und-kuestenwegen\/","robots":"max-snippet:-1, max-image-preview:large, max-video-preview:-1","keywords":"","webmasterTools":{"miscellaneous":""},"schema":{"@context":"https:\/\/schema.org","@graph":[{"@type":"BreadcrumbList","@id":"https:\/\/costablanca-magazin.com\/nb\/freizeit\/radfahren-wandern\/wandern-an-der-costa-blanca-schluchten-und-kuestenwegen\/#breadcrumblist","itemListElement":[{"@type":"ListItem","@id":"https:\/\/costablanca-magazin.com\/nb#listItem","position":1,"name":"Home","item":"https:\/\/costablanca-magazin.com\/nb","nextItem":{"@type":"ListItem","@id":"https:\/\/costablanca-magazin.com\/nb\/fritid\/#listItem","name":"Freizeit"}},{"@type":"ListItem","@id":"https:\/\/costablanca-magazin.com\/nb\/fritid\/#listItem","position":2,"name":"Freizeit","item":"https:\/\/costablanca-magazin.com\/nb\/fritid\/","nextItem":{"@type":"ListItem","@id":"https:\/\/costablanca-magazin.com\/nb\/sykling-fotturer\/#listItem","name":"Radfahren &amp; Wandern"},"previousItem":{"@type":"ListItem","@id":"https:\/\/costablanca-magazin.com\/nb#listItem","name":"Home"}},{"@type":"ListItem","@id":"https:\/\/costablanca-magazin.com\/nb\/sykling-fotturer\/#listItem","position":3,"name":"Radfahren &amp; Wandern","item":"https:\/\/costablanca-magazin.com\/nb\/sykling-fotturer\/","nextItem":{"@type":"ListItem","@id":"https:\/\/costablanca-magazin.com\/nb\/freizeit\/radfahren-wandern\/wandern-an-der-costa-blanca-schluchten-und-kuestenwegen\/#listItem","name":"Wandern an der Costa Blanca \u2013 Schluchten und K\u00fcstenwegen"},"previousItem":{"@type":"ListItem","@id":"https:\/\/costablanca-magazin.com\/nb\/fritid\/#listItem","name":"Freizeit"}},{"@type":"ListItem","@id":"https:\/\/costablanca-magazin.com\/nb\/freizeit\/radfahren-wandern\/wandern-an-der-costa-blanca-schluchten-und-kuestenwegen\/#listItem","position":4,"name":"Wandern an der Costa Blanca \u2013 Schluchten und K\u00fcstenwegen","previousItem":{"@type":"ListItem","@id":"https:\/\/costablanca-magazin.com\/nb\/sykling-fotturer\/#listItem","name":"Radfahren &amp; Wandern"}}]},{"@type":"NewsArticle","@id":"https:\/\/costablanca-magazin.com\/nb\/freizeit\/radfahren-wandern\/wandern-an-der-costa-blanca-schluchten-und-kuestenwegen\/#article","name":"Wandern an der Costa Blanca \u2013 Schluchten und K\u00fcstenwegen","headline":"Wandern an der Costa Blanca \u2013 Schluchten und K\u00fcstenwegen","author":{"@id":"https:\/\/costablanca-magazin.com\/nb\/author\/costablanca-magazin-redaktion\/#author"},"publisher":{"@id":"https:\/\/costablanca-magazin.com\/nb\/#organization"},"image":{"@type":"ImageObject","url":"https:\/\/costablanca-magazin.com\/wp-content\/uploads\/2025\/10\/shutterstock_2138846675-e1761230590451.jpg","width":1200,"height":606,"caption":"Wandern an der Costa Blanca \u2013 Schluchten und K\u00fcstenwegen"},"datePublished":"2025-10-31T09:00:00+01:00","dateModified":"2026-07-07T09:45:26+02:00","inLanguage":"nb-NO","mainEntityOfPage":{"@id":"https:\/\/costablanca-magazin.com\/nb\/freizeit\/radfahren-wandern\/wandern-an-der-costa-blanca-schluchten-und-kuestenwegen\/#webpage"},"isPartOf":{"@id":"https:\/\/costablanca-magazin.com\/nb\/freizeit\/radfahren-wandern\/wandern-an-der-costa-blanca-schluchten-und-kuestenwegen\/#webpage"},"articleSection":"Radfahren &amp; Wandern, Wandern"},{"@type":"Person","@id":"https:\/\/costablanca-magazin.com\/nb\/author\/costablanca-magazin-redaktion\/#author","url":"https:\/\/costablanca-magazin.com\/nb\/author\/costablanca-magazin-redaktion\/","name":"Costablanca Magazin Redaktion"},{"@type":"WebPage","@id":"https:\/\/costablanca-magazin.com\/nb\/freizeit\/radfahren-wandern\/wandern-an-der-costa-blanca-schluchten-und-kuestenwegen\/#webpage","url":"https:\/\/costablanca-magazin.com\/nb\/freizeit\/radfahren-wandern\/wandern-an-der-costa-blanca-schluchten-und-kuestenwegen\/","name":"Wandern an der Costa Blanca \u2013 Schluchten und\u2026","description":"Von gem\u00fctlichen Spazierwegen bis zu anspruchsvollen Routen - Entdecke Barranc de l\u2019Infern, Serra Gelada und Pe\u00f1\u00f3n de Ifach an der Costa Blanca.","inLanguage":"nb-NO","isPartOf":{"@id":"https:\/\/costablanca-magazin.com\/nb\/#website"},"breadcrumb":{"@id":"https:\/\/costablanca-magazin.com\/nb\/freizeit\/radfahren-wandern\/wandern-an-der-costa-blanca-schluchten-und-kuestenwegen\/#breadcrumblist"},"author":{"@id":"https:\/\/costablanca-magazin.com\/nb\/author\/costablanca-magazin-redaktion\/#author"},"creator":{"@id":"https:\/\/costablanca-magazin.com\/nb\/author\/costablanca-magazin-redaktion\/#author"},"image":{"@type":"ImageObject","url":"https:\/\/costablanca-magazin.com\/wp-content\/uploads\/2025\/10\/shutterstock_2138846675-e1761230590451.jpg","@id":"https:\/\/costablanca-magazin.com\/nb\/freizeit\/radfahren-wandern\/wandern-an-der-costa-blanca-schluchten-und-kuestenwegen\/#mainImage","width":1200,"height":606,"caption":"Wandern an der Costa Blanca \u2013 Schluchten und K\u00fcstenwegen"},"primaryImageOfPage":{"@id":"https:\/\/costablanca-magazin.com\/nb\/freizeit\/radfahren-wandern\/wandern-an-der-costa-blanca-schluchten-und-kuestenwegen\/#mainImage"},"datePublished":"2025-10-31T09:00:00+01:00","dateModified":"2026-07-07T09:45:26+02:00","mainEntity":{"@id":"https:\/\/costablanca-magazin.com\/nb\/freizeit\/radfahren-wandern\/wandern-an-der-costa-blanca-schluchten-und-kuestenwegen\/#article"}},{"@type":"WebSite","@id":"https:\/\/costablanca-magazin.com\/nb\/#website","url":"https:\/\/costablanca-magazin.com\/nb\/","name":"Costa Blanca Magazin","description":"Costa Blanca - alles um das Leben und die Freizeit an der K\u00fcste","inLanguage":"nb-NO","publisher":{"@id":"https:\/\/costablanca-magazin.com\/nb\/#organization"},"potentialAction":{"@type":"SearchAction","target":"https:\/\/costablanca-magazin.com\/nb\/?s={search_term_string}","query-input":"required name=search_term_string"}},{"@type":["Organization","NewsMediaOrganization"],"@id":"https:\/\/costablanca-magazin.com\/nb\/#organization","name":"Costa Blanca Magazin","description":"Costa Blanca Magazin","url":"https:\/\/costablanca-magazin.com\/nb\/","email":"info@costablanca-magazin.com","telephone":"+34 663 946 871","logo":{"@type":"ImageObject","url":"https:\/\/costablanca-magazin.com\/wp-content\/uploads\/2024\/05\/logo.jpg","@id":"https:\/\/costablanca-magazin.com\/nb\/freizeit\/radfahren-wandern\/wandern-an-der-costa-blanca-schluchten-und-kuestenwegen\/#organizationLogo","width":1605,"height":236,"caption":"Costa Blanca Magazin"},"image":{"@id":"https:\/\/costablanca-magazin.com\/nb\/freizeit\/radfahren-wandern\/wandern-an-der-costa-blanca-schluchten-und-kuestenwegen\/#organizationLogo"},"sameAs":["https:\/\/www.facebook.com\/costablancalifestyle\/","https:\/\/www.instagram.com\/costablancamagazin\/"]}]},"og:locale":"nb_NO","og:site_name":"Costa Blanca Magazin","og:type":"article","og:title":"Wandern an der Costa Blanca \u2013 Schluchten und\u2026","og:description":"Von gem\u00fctlichen Spazierwegen bis zu anspruchsvollen Routen - Entdecke Barranc de l\u2019Infern, Serra Gelada und Pe\u00f1\u00f3n de Ifach an der Costa Blanca.","og:url":"https:\/\/costablanca-magazin.com\/nb\/freizeit\/radfahren-wandern\/wandern-an-der-costa-blanca-schluchten-und-kuestenwegen\/","og:image":"https:\/\/costablanca-magazin.com\/wp-content\/uploads\/2025\/10\/shutterstock_2138846675-e1761230590451.jpg","og:image:secure_url":"https:\/\/costablanca-magazin.com\/wp-content\/uploads\/2025\/10\/shutterstock_2138846675-e1761230590451.jpg","og:image:width":1200,"og:image:height":606,"article:published_time":"2025-10-31T08:00:00+00:00","article:modified_time":"2026-07-07T07:45:26+00:00","article:publisher":"https:\/\/www.facebook.com\/costablancalifestyle\/","twitter:card":"summary_large_image","twitter:title":"Wandern an der Costa Blanca \u2013 Schluchten und\u2026","twitter:description":"Von gem\u00fctlichen Spazierwegen bis zu anspruchsvollen Routen - Entdecke Barranc de l\u2019Infern, Serra Gelada und Pe\u00f1\u00f3n de Ifach an der Costa Blanca.","twitter:image":"https:\/\/costablanca-magazin.com\/wp-content\/uploads\/2025\/10\/shutterstock_2138846675-e1761230590451.jpg"},"aioseo_meta_data":{"post_id":"9322","title":"Fotturer p\u00e5 Costa Blanca - kl\u00f8fter og...","description":"Fra rolige turstier til krevende ruter \u2013 oppdag Barranc de l\u2019Infern, Serra Gelada og Pe\u00f1\u00f3n de Ifach p\u00e5 Costa Blanca.","keywords":null,"keyphrases":{"focus":[],"additional":[]},"primary_term":null,"canonical_url":null,"og_title":null,"og_description":null,"og_object_type":"default","og_image_type":"default","og_image_url":null,"og_image_width":null,"og_image_height":null,"og_image_custom_url":null,"og_image_custom_fields":null,"og_video":"","og_custom_url":null,"og_article_section":null,"og_article_tags":null,"twitter_use_og":false,"twitter_card":"default","twitter_image_type":"default","twitter_image_url":null,"twitter_image_custom_url":null,"twitter_image_custom_fields":null,"twitter_title":null,"twitter_description":null,"schema":{"blockGraphs":[],"customGraphs":[],"default":{"data":{"Article":[],"Course":[],"Dataset":[],"FAQPage":[],"Movie":[],"Person":[],"Product":[],"ProductReview":[],"Car":[],"Recipe":[],"Service":[],"SoftwareApplication":[],"WebPage":[]},"graphName":"BlogPosting","isEnabled":true},"graphs":[]},"schema_type":"default","schema_type_options":null,"pillar_content":false,"robots_default":true,"robots_noindex":false,"robots_noarchive":false,"robots_nosnippet":false,"robots_nofollow":false,"robots_noimageindex":false,"robots_noodp":false,"robots_notranslate":false,"robots_max_snippet":"-1","robots_max_videopreview":"-1","robots_max_imagepreview":"large","priority":null,"frequency":"default","local_seo":null,"seo_analyzer_scan_date":"2026-07-07 08:42:21","breadcrumb_settings":null,"limit_modified_date":false,"reviewed_by":null,"open_ai":null,"ai":{"faqs":[],"keyPoints":[],"titles":[],"descriptions":[],"socialPosts":{"email":[],"linkedin":[],"twitter":[],"facebook":[],"instagram":[]}},"created":"2025-10-23 14:42:07","updated":"2026-08-10 07:29:36","focus_keyword":null,"additional_keywords":null,"truseo_locale":null},"aioseo_breadcrumb":"<div class=\"aioseo-breadcrumbs\"><span class=\"aioseo-breadcrumb\">\n\t<a href=\"https:\/\/costablanca-magazin.com\/nb\" title=\"Home\">Home<\/a>\n<\/span><span class=\"aioseo-breadcrumb-separator\">&raquo;<\/span><span class=\"aioseo-breadcrumb\">\n\t<a href=\"https:\/\/costablanca-magazin.com\/nb\/fritid\/\" title=\"Freizeit\">Freizeit<\/a>\n<\/span><span class=\"aioseo-breadcrumb-separator\">&raquo;<\/span><span class=\"aioseo-breadcrumb\">\n\t<a href=\"https:\/\/costablanca-magazin.com\/nb\/sykling-fotturer\/\" title=\"Radfahren &amp; Wandern\">Radfahren &amp; Wandern<\/a>\n<\/span><span class=\"aioseo-breadcrumb-separator\">&raquo;<\/span><span class=\"aioseo-breadcrumb\">\n\tWandern an der Costa Blanca \u2013 Schluchten und K\u00fcstenwegen\n<\/span><\/div>","aioseo_breadcrumb_json":[{"label":"Home","link":"https:\/\/costablanca-magazin.com\/nb"},{"label":"Freizeit","link":"https:\/\/costablanca-magazin.com\/nb\/fritid\/"},{"label":"Radfahren &amp; Wandern","link":"https:\/\/costablanca-magazin.com\/nb\/sykling-fotturer\/"},{"label":"Wandern an der Costa Blanca \u2013 Schluchten und K\u00fcstenwegen","link":"https:\/\/costablanca-magazin.com\/nb\/freizeit\/radfahren-wandern\/wandern-an-der-costa-blanca-schluchten-und-kuestenwegen\/"}],"_links":{"self":[{"href":"https:\/\/costablanca-magazin.com\/nb\/wp-json\/wp\/v2\/posts\/9322","targetHints":{"allow":["GET"]}}],"collection":[{"href":"https:\/\/costablanca-magazin.com\/nb\/wp-json\/wp\/v2\/posts"}],"about":[{"href":"https:\/\/costablanca-magazin.com\/nb\/wp-json\/wp\/v2\/types\/post"}],"author":[{"embeddable":true,"href":"https:\/\/costablanca-magazin.com\/nb\/wp-json\/wp\/v2\/users\/4"}],"replies":[{"embeddable":true,"href":"https:\/\/costablanca-magazin.com\/nb\/wp-json\/wp\/v2\/comments?post=9322"}],"version-history":[{"count":10,"href":"https:\/\/costablanca-magazin.com\/nb\/wp-json\/wp\/v2\/posts\/9322\/revisions"}],"predecessor-version":[{"id":10065,"href":"https:\/\/costablanca-magazin.com\/nb\/wp-json\/wp\/v2\/posts\/9322\/revisions\/10065"}],"wp:featuredmedia":[{"embeddable":true,"href":"https:\/\/costablanca-magazin.com\/nb\/wp-json\/wp\/v2\/media\/9342"}],"wp:attachment":[{"href":"https:\/\/costablanca-magazin.com\/nb\/wp-json\/wp\/v2\/media?parent=9322"}],"wp:term":[{"taxonomy":"category","embeddable":true,"href":"https:\/\/costablanca-magazin.com\/nb\/wp-json\/wp\/v2\/categories?post=9322"},{"taxonomy":"post_tag","embeddable":true,"href":"https:\/\/costablanca-magazin.com\/nb\/wp-json\/wp\/v2\/tags?post=9322"}],"curies":[{"name":"wp","href":"https:\/\/api.w.org\/{rel}","templated":true}]}}