{"id":9265,"date":"2025-10-24T09:00:00","date_gmt":"2025-10-24T07:00:00","guid":{"rendered":"https:\/\/costablanca-magazin.com\/?p=9265"},"modified":"2025-12-04T12:18:49","modified_gmt":"2025-12-04T11:18:49","slug":"dagstur-til-ibiza-fra-denia-opplev-ibiza-i-24-timer","status":"publish","type":"post","link":"https:\/\/costablanca-magazin.com\/nb\/freizeit\/aktivitaeten-und-ausfluege\/tagesausflug-nach-ibiza-ab-denia-24-stunden-ibiza-erleben\/","title":{"rendered":"Dagstur til Ibiza fra D\u00e9nia - opplev Ibiza i 24 timer"},"content":{"rendered":"<div data-elementor-type=\"wp-post\" data-elementor-id=\"9265\" class=\"elementor elementor-9265\" data-elementor-post-type=\"post\">\n\t\t\t\t<div class=\"elementor-element elementor-element-019d6d1 e-flex e-con-boxed e-con e-parent\" data-id=\"019d6d1\" data-element_type=\"container\" data-e-type=\"container\">\n\t\t\t\t\t<div class=\"e-con-inner\">\n\t\t\t\t<div class=\"elementor-element elementor-element-beeeaf2 elementor-widget elementor-widget-heading\" data-id=\"beeeaf2\" data-element_type=\"widget\" data-e-type=\"widget\" data-widget_type=\"heading.default\">\n\t\t\t\t<div class=\"elementor-widget-container\">\n\t\t\t\t\t<h1 class=\"elementor-heading-title elementor-size-default\">Dagstur til Ibiza fra D\u00e9nia - opplev Ibiza i 24 timer<\/h1>\t\t\t\t<\/div>\n\t\t\t\t<\/div>\n\t\t\t\t<div class=\"elementor-element elementor-element-39fd61e elementor-widget elementor-widget-image\" data-id=\"39fd61e\" data-element_type=\"widget\" data-e-type=\"widget\" data-widget_type=\"image.default\">\n\t\t\t\t<div class=\"elementor-widget-container\">\n\t\t\t\t\t\t\t\t\t\t\t\t\t\t\t<img decoding=\"async\" src=\"https:\/\/costablanca-magazin.com\/wp-content\/uploads\/elementor\/thumbs\/Ibiza-rjc4x469kps9c80pupbmzj6qje0966pusqllb3e4ks.jpg\" title=\"Dagstur til Ibiza fra D\u00e9nia - opplev Ibiza by i 24 timer\" alt=\"Dagstur til Ibiza fra D\u00e9nia - opplev Ibiza by i 24 timer\" loading=\"lazy\" \/>\t\t\t\t\t\t\t\t\t\t\t\t\t\t\t<\/div>\n\t\t\t\t<\/div>\n\t\t\t\t<div class=\"elementor-element elementor-element-597ea97 elementor-widget elementor-widget-heading\" data-id=\"597ea97\" data-element_type=\"widget\" data-e-type=\"widget\" data-widget_type=\"heading.default\">\n\t\t\t\t<div class=\"elementor-widget-container\">\n\t\t\t\t\t<h2 class=\"elementor-heading-title elementor-size-default\">Med ferge fra D\u00e9nia til Ibiza by: en dag full av inntrykk, gamlebyen, havet og hverdagslivet ved Middelhavet - n\u00e6rt, avslappet og overraskende.<\/h2>\t\t\t\t<\/div>\n\t\t\t\t<\/div>\n\t\t\t\t\t<\/div>\n\t\t\t\t<\/div>\n\t\t<div class=\"elementor-element elementor-element-89d8d3d e-flex e-con-boxed e-con e-parent\" data-id=\"89d8d3d\" data-element_type=\"container\" data-e-type=\"container\">\n\t\t\t\t\t<div class=\"e-con-inner\">\n\t\t<div class=\"elementor-element elementor-element-3c9430f e-con-full e-flex e-con e-child\" data-id=\"3c9430f\" data-element_type=\"container\" data-e-type=\"container\">\n\t\t\t\t<div class=\"elementor-element elementor-element-e41bc8d elementor-widget elementor-widget-text-editor\" data-id=\"e41bc8d\" data-element_type=\"widget\" data-e-type=\"widget\" data-widget_type=\"text-editor.default\">\n\t\t\t\t<div class=\"elementor-widget-container\">\n\t\t\t\t\t\t\t\t\t<p>Fra mange steder p\u00e5 kysten mellom D\u00e9nia og Altea kan Ibiza gjenkjennes p\u00e5 en klar dag - som en lys linje bak havet. Hvis du kan se den, kan du dra dit: Hurtigfergen fra Bale\u00e0ria g\u00e5r daglig fra D\u00e9nia og n\u00e5r Ibiza by p\u00e5 litt over to timer. For mange som bor p\u00e5 Costa Blanca, er dette nesten rett rundt hj\u00f8rnet - og likevel er det en annen verden.<\/p><p>Ibiza by er ikke et postkortmotiv, men en velfungerende liten metropol med havn, myndigheter, butikker og ekte hverdagsliv. Samtidig er det et forbl\u00f8ffende mangfold: gamle bymurer, studioer, musikk, barer, b\u00e5ter - alt p\u00e5 en liten plass. I Dalt Vila er det bare \u00e5 sette i gang: Trapper, utsikt, smale stier som plutselig f\u00f8rer tilbake til havet.<\/p><p>Nede p\u00e5 Passeig de Vara de Rey finner du det Ibiza har \u00e5 by p\u00e5 hele \u00e5ret: Folk som blir fordi de bor og jobber her. Sm\u00e5 kafeer, butikker, markedshaller og torg der dagen g\u00e5r sakte.<\/p>\t\t\t\t\t\t\t\t<\/div>\n\t\t\t\t<\/div>\n\t\t\t\t<\/div>\n\t\t<div class=\"elementor-element elementor-element-c844a99 e-con-full e-flex e-con e-child\" data-id=\"c844a99\" data-element_type=\"container\" data-e-type=\"container\">\n\t\t\t\t<div class=\"elementor-element elementor-element-3d2b38d elementor-widget elementor-widget-text-editor\" data-id=\"3d2b38d\" data-element_type=\"widget\" data-e-type=\"widget\" data-widget_type=\"text-editor.default\">\n\t\t\t\t<div class=\"elementor-widget-container\">\n\t\t\t\t\t\t\t\t\t<p>Livet virker improvisert, men godt inn\u00f8vd - typisk spansk, bare mer kompakt.<\/p><p>En kort spasertur f\u00f8rer til Playa d'en Bossa. St\u00f8yende og overfylt om sommeren, men n\u00e5 er det behagelig stille. De kjente hotellene som Ushua\u00efa og Hard Rock er der, men uten showeffekten. Hvis du vil, kan du ta en kaffe p\u00e5 stranden, se p\u00e5 fergene eller bare se p\u00e5 vannet.<br \/>Om kvelden er det mange som trekker tilbake til gamlebyen. Her finnes det gode restauranter, \u00e6rlige tapas, enkle barer med utsikt over havnen. Ikke noe stort program, ikke noe obligatorisk bes\u00f8k - bare et sted som f\u00f8les riktig hvis du liker Spania og er ute etter noen nye inntrykk.<br \/>Neste morgen eller morgenen etter drar vi tilbake til D\u00e9nia - to timer for \u00e5 sortere det vi har opplevd. Ibiza er n\u00e6rmere, mer tilgjengelig og mer variert enn du kanskje tror. Du trenger bare \u00e5 bes\u00f8ke \u00f8ya \u00e9n gang for \u00e5 forst\u00e5 hvorfor mange \u00f8yboere liker \u00e5 komme til fastlandet - og omvendt.<\/p>\t\t\t\t\t\t\t\t<\/div>\n\t\t\t\t<\/div>\n\t\t\t\t<\/div>\n\t\t\t\t\t<\/div>\n\t\t\t\t<\/div>\n\t\t<div class=\"elementor-element elementor-element-5898e29 e-flex e-con-boxed e-con e-parent\" data-id=\"5898e29\" data-element_type=\"container\" data-e-type=\"container\">\n\t\t\t\t\t<div class=\"e-con-inner\">\n\t\t\t\t<div class=\"elementor-element elementor-element-5bec056 elementor-widget-divider--view-line elementor-widget elementor-widget-divider\" data-id=\"5bec056\" data-element_type=\"widget\" data-e-type=\"widget\" data-widget_type=\"divider.default\">\n\t\t\t\t<div class=\"elementor-widget-container\">\n\t\t\t\t\t\t\t<div class=\"elementor-divider\">\n\t\t\t<span class=\"elementor-divider-separator\">\n\t\t\t\t\t\t<\/span>\n\t\t<\/div>\n\t\t\t\t\t\t<\/div>\n\t\t\t\t<\/div>\n\t\t\t\t<div class=\"elementor-element elementor-element-bb76036 elementor-grid-3 elementor-grid-tablet-2 elementor-grid-mobile-1 elementor-posts--thumbnail-top elementor-posts--show-avatar elementor-card-shadow-yes elementor-posts__hover-gradient elementor-widget elementor-widget-posts\" data-id=\"bb76036\" data-element_type=\"widget\" data-e-type=\"widget\" data-settings=\"{&quot;cards_columns&quot;:&quot;3&quot;,&quot;cards_columns_tablet&quot;:&quot;2&quot;,&quot;cards_columns_mobile&quot;:&quot;1&quot;,&quot;cards_row_gap&quot;:{&quot;unit&quot;:&quot;px&quot;,&quot;size&quot;:35,&quot;sizes&quot;:[]},&quot;cards_row_gap_tablet&quot;:{&quot;unit&quot;:&quot;px&quot;,&quot;size&quot;:&quot;&quot;,&quot;sizes&quot;:[]},&quot;cards_row_gap_mobile&quot;:{&quot;unit&quot;:&quot;px&quot;,&quot;size&quot;:&quot;&quot;,&quot;sizes&quot;:[]}}\" data-widget_type=\"posts.cards\">\n\t\t\t\t<div class=\"elementor-widget-container\">\n\t\t\t\t\t\t\t<div class=\"elementor-posts-container elementor-posts elementor-posts--skin-cards elementor-grid\" role=\"list\">\n\t\t\t\t<article class=\"elementor-post elementor-grid-item post-9057 post type-post status-publish format-standard has-post-thumbnail hentry category-aktivitaeten-und-ausfluege tag-ciudad-deportiva-camilo-cano tag-costa-blanca-kultur tag-la-nucia tag-la-nucia-geschichte tag-la-nucia-legenden tag-la-nucia-sehenswuerdigkeiten tag-la-nucia-traditionen tag-mi-pueblo tag-sportstadt-spanien\" role=\"listitem\">\n\t\t\t<div class=\"elementor-post__card\">\n\t\t\t\t<a class=\"elementor-post__thumbnail__link\" href=\"https:\/\/costablanca-magazin.com\/nb\/freizeit\/aktivitaeten-und-ausfluege\/la-nucia-sportstadt-spaniens-mit-geschichte-kultur\/\" tabindex=\"-1\" ><div class=\"elementor-post__thumbnail\"><img fetchpriority=\"high\" decoding=\"async\" width=\"1600\" height=\"585\" src=\"https:\/\/costablanca-magazin.com\/wp-content\/uploads\/2025\/09\/ciudaddeportivacamilocano.com_deportes_estadio-olimpico-camilo-cano.jpg\" class=\"attachment-2048x2048 size-2048x2048 wp-image-9046\" alt=\"ciudad deportiva La nucia\" srcset=\"https:\/\/costablanca-magazin.com\/wp-content\/uploads\/2025\/09\/ciudaddeportivacamilocano.com_deportes_estadio-olimpico-camilo-cano.jpg 1600w, https:\/\/costablanca-magazin.com\/wp-content\/uploads\/2025\/09\/ciudaddeportivacamilocano.com_deportes_estadio-olimpico-camilo-cano-300x110.jpg 300w, https:\/\/costablanca-magazin.com\/wp-content\/uploads\/2025\/09\/ciudaddeportivacamilocano.com_deportes_estadio-olimpico-camilo-cano-1024x374.jpg 1024w, https:\/\/costablanca-magazin.com\/wp-content\/uploads\/2025\/09\/ciudaddeportivacamilocano.com_deportes_estadio-olimpico-camilo-cano-768x281.jpg 768w, https:\/\/costablanca-magazin.com\/wp-content\/uploads\/2025\/09\/ciudaddeportivacamilocano.com_deportes_estadio-olimpico-camilo-cano-1536x562.jpg 1536w\" sizes=\"(max-width: 1600px) 100vw, 1600px\" \/><\/div><\/a>\n\t\t\t\t<div class=\"elementor-post__badge\">Aktiviteter og utflukter<\/div>\n\t\t\t\t<div class=\"elementor-post__avatar\">\n\t\t\t\t\t<\/div>\n\t\t\t\t<div class=\"elementor-post__text\">\n\t\t\t\t<h3 class=\"elementor-post__title\">\n\t\t\t<a href=\"https:\/\/costablanca-magazin.com\/nb\/freizeit\/aktivitaeten-und-ausfluege\/la-nucia-sportstadt-spaniens-mit-geschichte-kultur\/\" >\n\t\t\t\tLa Nuc\u00eda - Spanias sportsby med historie og kultur\t\t\t<\/a>\n\t\t<\/h3>\n\t\t\t\t<\/div>\n\t\t\t\t\t<\/div>\n\t\t<\/article>\n\t\t\t\t<article class=\"elementor-post elementor-grid-item post-8883 post type-post status-publish format-standard has-post-thumbnail hentry category-aktivitaeten-und-ausfluege tag-chocolatier-spanien tag-kakao-geschichte tag-museo-del-chocolate tag-schokoladenmuseum tag-schokoladenverkostung tag-spanische-schokolade tag-valor-villajoyosa tag-villajoyosa tag-villajoyosa-sehenswuerdigkeit\" role=\"listitem\">\n\t\t\t<div class=\"elementor-post__card\">\n\t\t\t\t<a class=\"elementor-post__thumbnail__link\" href=\"https:\/\/costablanca-magazin.com\/nb\/freizeit\/aktivitaeten-und-ausfluege\/schokoladenmuseum-valor-geschichte-verkostung\/\" tabindex=\"-1\" ><div class=\"elementor-post__thumbnail\"><img decoding=\"async\" width=\"1200\" height=\"800\" src=\"https:\/\/costablanca-magazin.com\/wp-content\/uploads\/2025\/09\/homemade-chocolate-bars-2025-02-21-11-48-30-utc.jpg\" class=\"attachment-2048x2048 size-2048x2048 wp-image-8889\" alt=\"Der sjokolade skaper historie - Valor-museet i Villajoyosa\" srcset=\"https:\/\/costablanca-magazin.com\/wp-content\/uploads\/2025\/09\/homemade-chocolate-bars-2025-02-21-11-48-30-utc.jpg 1200w, https:\/\/costablanca-magazin.com\/wp-content\/uploads\/2025\/09\/homemade-chocolate-bars-2025-02-21-11-48-30-utc-300x200.jpg 300w, https:\/\/costablanca-magazin.com\/wp-content\/uploads\/2025\/09\/homemade-chocolate-bars-2025-02-21-11-48-30-utc-1024x683.jpg 1024w, https:\/\/costablanca-magazin.com\/wp-content\/uploads\/2025\/09\/homemade-chocolate-bars-2025-02-21-11-48-30-utc-768x512.jpg 768w\" sizes=\"(max-width: 1200px) 100vw, 1200px\" \/><\/div><\/a>\n\t\t\t\t<div class=\"elementor-post__badge\">Aktiviteter og utflukter<\/div>\n\t\t\t\t<div class=\"elementor-post__avatar\">\n\t\t\t\t\t<\/div>\n\t\t\t\t<div class=\"elementor-post__text\">\n\t\t\t\t<h3 class=\"elementor-post__title\">\n\t\t\t<a href=\"https:\/\/costablanca-magazin.com\/nb\/freizeit\/aktivitaeten-und-ausfluege\/schokoladenmuseum-valor-geschichte-verkostung\/\" >\n\t\t\t\tValor Chocolate Museum - historie og smakspr\u00f8ver\t\t\t<\/a>\n\t\t<\/h3>\n\t\t\t\t<\/div>\n\t\t\t\t\t<\/div>\n\t\t<\/article>\n\t\t\t\t<article class=\"elementor-post elementor-grid-item post-8729 post type-post status-publish format-standard has-post-thumbnail hentry category-aktivitaeten-und-ausfluege tag-bierfeste-moraira tag-costa-blanca-veranstaltungen-2025 tag-festivals-costa-blanca tag-herbst-events-costa-blanca tag-kinderaktionen-javea tag-kultur-events-calpe tag-oktoberfest-la-nucia tag-zombie-rallye-la-nucia\" role=\"listitem\">\n\t\t\t<div class=\"elementor-post__card\">\n\t\t\t\t<a class=\"elementor-post__thumbnail__link\" href=\"https:\/\/costablanca-magazin.com\/nb\/freizeit\/aktivitaeten-und-ausfluege\/september-oktober-veranstaltungen-an-der-costa-blanca-2025\/\" tabindex=\"-1\" ><div class=\"elementor-post__thumbnail\"><img decoding=\"async\" width=\"1200\" height=\"955\" src=\"https:\/\/costablanca-magazin.com\/wp-content\/uploads\/2025\/09\/Fotolia_59715372_XL.jpg\" class=\"attachment-2048x2048 size-2048x2048 wp-image-8734\" alt=\"Costa Blanca september 2025 - Festivaler, stil og moro\" srcset=\"https:\/\/costablanca-magazin.com\/wp-content\/uploads\/2025\/09\/Fotolia_59715372_XL.jpg 1200w, https:\/\/costablanca-magazin.com\/wp-content\/uploads\/2025\/09\/Fotolia_59715372_XL-300x239.jpg 300w, https:\/\/costablanca-magazin.com\/wp-content\/uploads\/2025\/09\/Fotolia_59715372_XL-1024x815.jpg 1024w, https:\/\/costablanca-magazin.com\/wp-content\/uploads\/2025\/09\/Fotolia_59715372_XL-768x611.jpg 768w\" sizes=\"(max-width: 1200px) 100vw, 1200px\" \/><\/div><\/a>\n\t\t\t\t<div class=\"elementor-post__badge\">Aktiviteter og utflukter<\/div>\n\t\t\t\t<div class=\"elementor-post__avatar\">\n\t\t\t\t\t<\/div>\n\t\t\t\t<div class=\"elementor-post__text\">\n\t\t\t\t<h3 class=\"elementor-post__title\">\n\t\t\t<a href=\"https:\/\/costablanca-magazin.com\/nb\/freizeit\/aktivitaeten-und-ausfluege\/september-oktober-veranstaltungen-an-der-costa-blanca-2025\/\" >\n\t\t\t\tSeptember- og oktoberarrangementer p\u00e5 Costa Blanca 2025\t\t\t<\/a>\n\t\t<\/h3>\n\t\t\t\t<\/div>\n\t\t\t\t\t<\/div>\n\t\t<\/article>\n\t\t\t\t<\/div>\n\t\t\n\t\t\t\t\t\t<\/div>\n\t\t\t\t<\/div>\n\t\t\t\t\t<\/div>\n\t\t\t\t<\/div>\n\t\t\t\t<\/div>","protected":false},"excerpt":{"rendered":"<p>Dagstur til Ibiza fra D\u00e9nia - opplev Ibiza i 24 timer Ta fergen fra D\u00e9nia til Ibiza by: en dag full av opplevelser<\/p>","protected":false},"author":1,"featured_media":9269,"comment_status":"closed","ping_status":"closed","sticky":false,"template":"elementor_header_footer","format":"standard","meta":{"om_disable_all_campaigns":false,"_monsterinsights_skip_tracking":false,"_monsterinsights_sitenote_active":false,"_monsterinsights_sitenote_note":"","_monsterinsights_sitenote_category":0,"footnotes":""},"categories":[22],"tags":[1347,1346,1342,1341,1343,1344,1340,1345],"class_list":["post-9265","post","type-post","status-publish","format-standard","has-post-thumbnail","hentry","category-aktivitaeten-und-ausfluege","tag-ausflug-von-costa-blanca-nach-ibiza","tag-balearia-faehre-ibiza","tag-faehre-denia-ibiza","tag-ibiza-ab-denia","tag-ibiza-stadt-erleben","tag-kurztrip-ibiza","tag-tagesausflug-ibiza","tag-wochenendtrip-ibiza"],"aioseo_notices":[],"_links":{"self":[{"href":"https:\/\/costablanca-magazin.com\/nb\/wp-json\/wp\/v2\/posts\/9265","targetHints":{"allow":["GET"]}}],"collection":[{"href":"https:\/\/costablanca-magazin.com\/nb\/wp-json\/wp\/v2\/posts"}],"about":[{"href":"https:\/\/costablanca-magazin.com\/nb\/wp-json\/wp\/v2\/types\/post"}],"author":[{"embeddable":true,"href":"https:\/\/costablanca-magazin.com\/nb\/wp-json\/wp\/v2\/users\/1"}],"replies":[{"embeddable":true,"href":"https:\/\/costablanca-magazin.com\/nb\/wp-json\/wp\/v2\/comments?post=9265"}],"version-history":[{"count":7,"href":"https:\/\/costablanca-magazin.com\/nb\/wp-json\/wp\/v2\/posts\/9265\/revisions"}],"predecessor-version":[{"id":10086,"href":"https:\/\/costablanca-magazin.com\/nb\/wp-json\/wp\/v2\/posts\/9265\/revisions\/10086"}],"wp:featuredmedia":[{"embeddable":true,"href":"https:\/\/costablanca-magazin.com\/nb\/wp-json\/wp\/v2\/media\/9269"}],"wp:attachment":[{"href":"https:\/\/costablanca-magazin.com\/nb\/wp-json\/wp\/v2\/media?parent=9265"}],"wp:term":[{"taxonomy":"category","embeddable":true,"href":"https:\/\/costablanca-magazin.com\/nb\/wp-json\/wp\/v2\/categories?post=9265"},{"taxonomy":"post_tag","embeddable":true,"href":"https:\/\/costablanca-magazin.com\/nb\/wp-json\/wp\/v2\/tags?post=9265"}],"curies":[{"name":"wp","href":"https:\/\/api.w.org\/{rel}","templated":true}]}}