{"id":8783,"date":"2025-09-17T09:00:00","date_gmt":"2025-09-17T07:00:00","guid":{"rendered":"https:\/\/costablanca-magazin.com\/?p=8783"},"modified":"2025-12-04T12:22:12","modified_gmt":"2025-12-04T11:22:12","slug":"okupas-pa-costa-blanca-nye-lover-gamle-problemer","status":"publish","type":"post","link":"https:\/\/costablanca-magazin.com\/nb\/lokales\/infos\/okupas-an-der-costa-blanca-neue-gesetze-alte-probleme\/","title":{"rendered":"Okupas p\u00e5 Costa Blanca - Nye lover, gamle problemer"},"content":{"rendered":"<div data-elementor-type=\"wp-post\" data-elementor-id=\"8783\" class=\"elementor elementor-8783\" data-elementor-post-type=\"post\">\n\t\t\t\t<div class=\"elementor-element elementor-element-934cf4f e-flex e-con-boxed e-con e-parent\" data-id=\"934cf4f\" data-element_type=\"container\" data-e-type=\"container\">\n\t\t\t\t\t<div class=\"e-con-inner\">\n\t\t\t\t<div class=\"elementor-element elementor-element-dc1597a elementor-widget elementor-widget-heading\" data-id=\"dc1597a\" data-element_type=\"widget\" data-e-type=\"widget\" data-widget_type=\"heading.default\">\n\t\t\t\t<div class=\"elementor-widget-container\">\n\t\t\t\t\t<h1 class=\"elementor-heading-title elementor-size-default\">Okupas p\u00e5 Costa Blanca - Nye lover, gamle problemer<\/h1>\t\t\t\t<\/div>\n\t\t\t\t<\/div>\n\t\t\t\t<div class=\"elementor-element elementor-element-c9c0501 elementor-widget elementor-widget-image\" data-id=\"c9c0501\" data-element_type=\"widget\" data-e-type=\"widget\" data-widget_type=\"image.default\">\n\t\t\t\t<div class=\"elementor-widget-container\">\n\t\t\t\t\t\t\t\t\t\t\t\t\t\t\t<img decoding=\"async\" src=\"https:\/\/costablanca-magazin.com\/wp-content\/uploads\/elementor\/thumbs\/Fotolia_81831064_XL-rjc5a0ijcvgh46mivcpsqdugdkvs2jwfu2daeqsm8k.jpg\" title=\"N\u00e5r fremmede flytter inn:  Problemet med ocupaer p\u00e5 Costa Blanca\" alt=\"N\u00e5r fremmede flytter inn: Problemet med okkupantene p\u00e5 Costa Blanca\" loading=\"lazy\" \/>\t\t\t\t\t\t\t\t\t\t\t\t\t\t\t<\/div>\n\t\t\t\t<\/div>\n\t\t\t\t<div class=\"elementor-element elementor-element-127106d elementor-widget elementor-widget-heading\" data-id=\"127106d\" data-element_type=\"widget\" data-e-type=\"widget\" data-widget_type=\"heading.default\">\n\t\t\t\t<div class=\"elementor-widget-container\">\n\t\t\t\t\t<h2 class=\"elementor-heading-title elementor-size-default\">Husokkupasjon er fortsatt Spanias st\u00f8rste kystproblem. Til tross for nye lover mot okkupasjon, fortsetter eierne \u00e5 slite med langvarige prosedyrer og juridiske hindringer.<\/h2>\t\t\t\t<\/div>\n\t\t\t\t<\/div>\n\t\t\t\t\t<\/div>\n\t\t\t\t<\/div>\n\t\t<div class=\"elementor-element elementor-element-b4e6126 e-flex e-con-boxed e-con e-parent\" data-id=\"b4e6126\" data-element_type=\"container\" data-e-type=\"container\">\n\t\t\t\t\t<div class=\"e-con-inner\">\n\t\t<div class=\"elementor-element elementor-element-2e2df44 e-con-full e-flex e-con e-child\" data-id=\"2e2df44\" data-element_type=\"container\" data-e-type=\"container\">\n\t\t\t\t<div class=\"elementor-element elementor-element-0d7837a elementor-widget elementor-widget-text-editor\" data-id=\"0d7837a\" data-element_type=\"widget\" data-e-type=\"widget\" data-widget_type=\"text-editor.default\">\n\t\t\t\t<div class=\"elementor-widget-container\">\n\t\t\t\t\t\t\t\t\t<p>Det er fortsatt et p\u00e5g\u00e5ende problem p\u00e5 Spanias kyster: okkupasjonen av hus av s\u00e5kalte okupas. Det er et mareritt for eierne - spesielt n\u00e5r de kommer tilbake flere uker senere og plutselig finner fremmede i sitt eget hjem. Alle som rammes m\u00e5 ikke bare handle raskt, men ogs\u00e5 strategisk. Spansk lov gj\u00f8r nemlig et presist skille - og gj\u00f8r det ikke enkelt for dem som rammes.<\/p><p><strong>To lovlige ruter - to hastigheter<\/strong><br \/>Loven anerkjenner to scenarier:<br \/>- Allanamiento de morada - dvs. ulovlig adgang til en bebodd eiendom. Her er det straffeloven som gjelder. Politiet kan gripe inn umiddelbart i l\u00f8pet av de f\u00f8rste 48 timene.<\/p><p>- Usurpaci\u00f3n - okkupasjon av en ledig eller bare midlertidig brukt bolig. I dette tilfellet er det sivilretten som gjelder. Det tar ofte flere m\u00e5neder f\u00f8r en namsmann kan gi ordre om utkastelse.<\/p><p>S\u00e6rlig eiere av fritids- eller investeringseiendommer opplever derfor langvarige prosesser - med usikkert utfall.<\/p><p><strong>F\u00f8rste skritt etter en okkupasjon<\/strong><br \/>De f\u00f8rste 48 timene er avgj\u00f8rende. Eiere b\u00f8r ringe politiet umiddelbart, anmelde forholdet og sikre bevis - bilder, videoer og vitneforklaringer. Deretter g\u00e5r veien nesten alltid via en advokat og en rettslig utkastelsesprosess (desahucio), som, hvis den lykkes, resulterer i en s\u00e5kalt lanzamiento: Namsmenn, politi og l\u00e5sesmeder h\u00e5ndhever utkastelsen.<\/p><p><strong>Ny \u201eLey antiokupas\u201c - h\u00e5p med begrensninger<\/strong><br \/>Ley Org\u00e1nica 1\/2025 har v\u00e6rt i kraft siden april 2025 og har til hensikt \u00e5 fremskynde saksbehandlingen. M\u00e5let er \u00e5 f\u00e5 en avgj\u00f8relse innen 15 dager, selv i tilfeller av usurpaci\u00f3n. Juridiske eksperter advarer imidlertid om at overbelastede domstoler og ankeinstanser lett kan komme til \u00e5 overskride fristene. I realiteten vil det sannsynligvis ta mye lenger tid.<\/p><p><strong>Hvorfor det fortsatt er s\u00e5 komplisert<\/strong><br \/>Den spanske grunnloven beskytter ogs\u00e5 beboere som er ulovlig kastet ut, mot vilk\u00e5rlig utkastelse. Uautoriserte handlinger - som \u00e5 bytte l\u00e5s eller stenge av vann og str\u00f8m - er ikke tillatt og kan til og med v\u00e6re straffbart.<\/p>\t\t\t\t\t\t\t\t<\/div>\n\t\t\t\t<\/div>\n\t\t\t\t<\/div>\n\t\t<div class=\"elementor-element elementor-element-9c9abf3 e-con-full e-flex e-con e-child\" data-id=\"9c9abf3\" data-element_type=\"container\" data-e-type=\"container\">\n\t\t\t\t<div class=\"elementor-element elementor-element-cb2f476 elementor-widget elementor-widget-text-editor\" data-id=\"cb2f476\" data-element_type=\"widget\" data-e-type=\"widget\" data-widget_type=\"text-editor.default\">\n\t\t\t\t<div class=\"elementor-widget-container\">\n\t\t\t\t\t\t\t\t\t<p>I tillegg f\u00e5r mange husokkupanter tilgang til sosiale ytelser ved \u00e5 registrere seg p\u00e5 r\u00e5dhuset (empadronamiento) - en annen faktor som forsinker saksbehandlingen.<\/p><p><strong>Forebygging er det beste v\u00e5penet<\/strong><br \/>Alarmsystemer, videooverv\u00e5king, nabolagsnettverk eller regelmessige kontroller: Den mest effektive forebyggingen er \u00e5 beskytte eiendommen din. For s\u00e5 snart en leilighet er bebodd, begynner en juridisk maraton.<\/p>\t\t\t\t\t\t\t\t<\/div>\n\t\t\t\t<\/div>\n\t\t\t\t<div class=\"elementor-element elementor-element-4f3ddb5 elementor-widget-divider--view-line elementor-widget elementor-widget-divider\" data-id=\"4f3ddb5\" data-element_type=\"widget\" data-e-type=\"widget\" data-widget_type=\"divider.default\">\n\t\t\t\t<div class=\"elementor-widget-container\">\n\t\t\t\t\t\t\t<div class=\"elementor-divider\">\n\t\t\t<span class=\"elementor-divider-separator\">\n\t\t\t\t\t\t<\/span>\n\t\t<\/div>\n\t\t\t\t\t\t<\/div>\n\t\t\t\t<\/div>\n\t\t\t\t<div class=\"elementor-element elementor-element-71b44ba elementor-widget elementor-widget-heading\" data-id=\"71b44ba\" data-element_type=\"widget\" data-e-type=\"widget\" data-widget_type=\"heading.default\">\n\t\t\t\t<div class=\"elementor-widget-container\">\n\t\t\t\t\t<h4 class=\"elementor-heading-title elementor-size-default\">\u00a0\n\nViktige trinn i bemanningen<\/h4>\t\t\t\t<\/div>\n\t\t\t\t<\/div>\n\t\t\t\t<div class=\"elementor-element elementor-element-865e827 elementor-widget elementor-widget-text-editor\" data-id=\"865e827\" data-element_type=\"widget\" data-e-type=\"widget\" data-widget_type=\"text-editor.default\">\n\t\t\t\t<div class=\"elementor-widget-container\">\n\t\t\t\t\t\t\t\t\t<p>\u25b6 0-48 timer<br \/>- Informer politiet (Polic\u00eda Nacional \/ Guardia Civil) umiddelbart.<br \/>- I tilfelle allanamiento de morada kan tjenestemenn evakuere direkte.<br \/>- Ved usurpaci\u00f3n kreves det vanligvis ogs\u00e5 en rettskjennelse innen denne perioden.<\/p><p>\u25b6 Etter 48 timer<br \/>- Kun mulig via utkastelsesaksjon (desahucio).<br \/>- S\u00f8knad via advokat, dommeren avgj\u00f8r.<\/p><p>\u25b6 Dokumenter til annonsen:<br \/>- Bevis p\u00e5 eierskap (Escritura eller utdrag fra grunnboken).<br \/>- ID eller pass til eieren.<br \/>- Bilder, videoer, vitneforklaringer, eventuelt kontrakter for str\u00f8m\/vann.<\/p><p>Frister i retten:<br \/>- Den nye loven \u00e5pner for en rask avgj\u00f8relse innen 15 dager.<br \/>- I praksis ofte lenger - avhengig av domstolens arbeidsbelastning.<\/p><p>Viktig merknad: Uautorisert fjerning eller parkering av forsyninger er forbudt og kan v\u00e6re straffbart.<\/p>\t\t\t\t\t\t\t\t<\/div>\n\t\t\t\t<\/div>\n\t\t\t\t<div class=\"elementor-element elementor-element-6c77647 elementor-widget-divider--view-line elementor-widget elementor-widget-divider\" data-id=\"6c77647\" data-element_type=\"widget\" data-e-type=\"widget\" data-widget_type=\"divider.default\">\n\t\t\t\t<div class=\"elementor-widget-container\">\n\t\t\t\t\t\t\t<div class=\"elementor-divider\">\n\t\t\t<span class=\"elementor-divider-separator\">\n\t\t\t\t\t\t<\/span>\n\t\t<\/div>\n\t\t\t\t\t\t<\/div>\n\t\t\t\t<\/div>\n\t\t\t\t<\/div>\n\t\t\t\t\t<\/div>\n\t\t\t\t<\/div>\n\t\t<div class=\"elementor-element elementor-element-6fbd470 e-flex e-con-boxed e-con e-parent\" data-id=\"6fbd470\" data-element_type=\"container\" data-e-type=\"container\">\n\t\t\t\t\t<div class=\"e-con-inner\">\n\t\t\t\t<div class=\"elementor-element elementor-element-299ea0b elementor-widget-divider--separator-type-pattern elementor-widget-divider--no-spacing elementor-widget-divider--view-line elementor-widget elementor-widget-divider\" data-id=\"299ea0b\" data-element_type=\"widget\" data-e-type=\"widget\" data-widget_type=\"divider.default\">\n\t\t\t\t<div class=\"elementor-widget-container\">\n\t\t\t\t\t\t\t<div class=\"elementor-divider\" style=\"--divider-pattern-url: url(&quot;data:image\/svg+xml,%3Csvg xmlns=&#039;http:\/\/www.w3.org\/2000\/svg&#039; preserveAspectRatio=&#039;xMidYMid meet&#039; overflow=&#039;visible&#039; height=&#039;100%&#039; viewBox=&#039;0 0 126 26&#039; fill=&#039;black&#039; stroke=&#039;none&#039;%3E%3Cpath d=&#039;M3,10.2c2.6,0,2.6,2,2.6,3.2S4.4,16.5,3,16.5s-3-1.4-3-3.2S0.4,10.2,3,10.2z M18.8,10.2c1.7,0,3.2,1.4,3.2,3.2s-1.4,3.2-3.2,3.2c-1.7,0-3.2-1.4-3.2-3.2S17,10.2,18.8,10.2z M34.6,10.2c1.5,0,2.6,1.4,2.6,3.2s-0.5,3.2-1.9,3.2c-1.5,0-3.4-1.4-3.4-3.2S33.1,10.2,34.6,10.2z M50.5,10.2c1.7,0,3.2,1.4,3.2,3.2s-1.4,3.2-3.2,3.2c-1.7,0-3.3-0.9-3.3-2.6S48.7,10.2,50.5,10.2z M66.2,10.2c1.5,0,3.4,1.4,3.4,3.2s-1.9,3.2-3.4,3.2c-1.5,0-2.6-0.4-2.6-2.1S64.8,10.2,66.2,10.2z M82.2,10.2c1.7,0.8,2.6,1.4,2.6,3.2s-0.1,3.2-1.6,3.2c-1.5,0-3.7-1.4-3.7-3.2S80.5,9.4,82.2,10.2zM98.6,10.2c1.5,0,2.6,0.4,2.6,2.1s-1.2,4.2-2.6,4.2c-1.5,0-3.7-0.4-3.7-2.1S97.1,10.2,98.6,10.2z M113.4,10.2c1.2,0,2.2,0.9,2.2,3.2s-0.1,3.2-1.3,3.2s-3.1-1.4-3.1-3.2S112.2,10.2,113.4,10.2z&#039;\/%3E%3C\/svg%3E&quot;);\">\n\t\t\t<span class=\"elementor-divider-separator\">\n\t\t\t\t\t\t<\/span>\n\t\t<\/div>\n\t\t\t\t\t\t<\/div>\n\t\t\t\t<\/div>\n\t\t\t\t<div class=\"elementor-element elementor-element-2001b5a elementor-grid-3 elementor-grid-tablet-2 elementor-grid-mobile-1 elementor-posts--thumbnail-top elementor-posts--show-avatar elementor-card-shadow-yes elementor-posts__hover-gradient elementor-widget elementor-widget-posts\" data-id=\"2001b5a\" data-element_type=\"widget\" data-e-type=\"widget\" data-settings=\"{&quot;cards_columns&quot;:&quot;3&quot;,&quot;cards_columns_tablet&quot;:&quot;2&quot;,&quot;cards_columns_mobile&quot;:&quot;1&quot;,&quot;cards_row_gap&quot;:{&quot;unit&quot;:&quot;px&quot;,&quot;size&quot;:35,&quot;sizes&quot;:[]},&quot;cards_row_gap_tablet&quot;:{&quot;unit&quot;:&quot;px&quot;,&quot;size&quot;:&quot;&quot;,&quot;sizes&quot;:[]},&quot;cards_row_gap_mobile&quot;:{&quot;unit&quot;:&quot;px&quot;,&quot;size&quot;:&quot;&quot;,&quot;sizes&quot;:[]}}\" data-widget_type=\"posts.cards\">\n\t\t\t\t<div class=\"elementor-widget-container\">\n\t\t\t\t\t\t\t<div class=\"elementor-posts-container elementor-posts elementor-posts--skin-cards elementor-grid\" role=\"list\">\n\t\t\t\t<article class=\"elementor-post elementor-grid-item post-8122 post type-post status-publish format-standard has-post-thumbnail hentry category-infos tag-ausweis-verloren-spanien tag-diebstahl-costa-blanca tag-handy-gestohlen-urlaub tag-notrufnummern-spanien-diebstahl tag-polizei-anzeige-online-spanien tag-rueckflug-ohne-ausweis\" role=\"listitem\">\n\t\t\t<div class=\"elementor-post__card\">\n\t\t\t\t<a class=\"elementor-post__thumbnail__link\" href=\"https:\/\/costablanca-magazin.com\/nb\/lokales\/infos\/bestohlen-an-der-costa-blanca-was-jetzt-zu-tun-ist\/\" tabindex=\"-1\" ><div class=\"elementor-post__thumbnail\"><img fetchpriority=\"high\" decoding=\"async\" width=\"300\" height=\"179\" src=\"https:\/\/costablanca-magazin.com\/wp-content\/uploads\/2025\/07\/pickpocket-thief-stealing-wallet-from-woman-handba-2025-03-18-18-37-03-utc-300x179.jpg\" class=\"attachment-medium size-medium wp-image-8126\" alt=\"Stj\u00e5let p\u00e5 Costa Blanca - hva du skal gj\u00f8re n\u00e5\" srcset=\"https:\/\/costablanca-magazin.com\/wp-content\/uploads\/2025\/07\/pickpocket-thief-stealing-wallet-from-woman-handba-2025-03-18-18-37-03-utc-300x179.jpg 300w, https:\/\/costablanca-magazin.com\/wp-content\/uploads\/2025\/07\/pickpocket-thief-stealing-wallet-from-woman-handba-2025-03-18-18-37-03-utc-1024x610.jpg 1024w, https:\/\/costablanca-magazin.com\/wp-content\/uploads\/2025\/07\/pickpocket-thief-stealing-wallet-from-woman-handba-2025-03-18-18-37-03-utc-768x457.jpg 768w, https:\/\/costablanca-magazin.com\/wp-content\/uploads\/2025\/07\/pickpocket-thief-stealing-wallet-from-woman-handba-2025-03-18-18-37-03-utc-1536x915.jpg 1536w, https:\/\/costablanca-magazin.com\/wp-content\/uploads\/2025\/07\/pickpocket-thief-stealing-wallet-from-woman-handba-2025-03-18-18-37-03-utc-2048x1220.jpg 2048w\" sizes=\"(max-width: 300px) 100vw, 300px\" \/><\/div><\/a>\n\t\t\t\t<div class=\"elementor-post__badge\">Info<\/div>\n\t\t\t\t<div class=\"elementor-post__avatar\">\n\t\t\t\t\t<\/div>\n\t\t\t\t<div class=\"elementor-post__text\">\n\t\t\t\t<h3 class=\"elementor-post__title\">\n\t\t\t<a href=\"https:\/\/costablanca-magazin.com\/nb\/lokales\/infos\/bestohlen-an-der-costa-blanca-was-jetzt-zu-tun-ist\/\" >\n\t\t\t\tStj\u00e5let p\u00e5 Costa Blanca - hva du skal gj\u00f8re n\u00e5\t\t\t<\/a>\n\t\t<\/h3>\n\t\t\t\t<\/div>\n\t\t\t\t\t<\/div>\n\t\t<\/article>\n\t\t\t\t<article class=\"elementor-post elementor-grid-item post-7623 post type-post status-publish format-standard has-post-thumbnail hentry category-infos tag-calpe tag-costa-blanca-2 tag-deutsche-drogerie-in-spanien tag-drogerie-markt-costa-blanca tag-rossmann-angebote-spanien tag-rossmann-calpe-eroeffnung\" role=\"listitem\">\n\t\t\t<div class=\"elementor-post__card\">\n\t\t\t\t<a class=\"elementor-post__thumbnail__link\" href=\"https:\/\/costablanca-magazin.com\/nb\/lokales\/infos\/drogerie-rossmann-mit-neuer-filiale-in-calpe\/\" tabindex=\"-1\" ><div class=\"elementor-post__thumbnail\"><img decoding=\"async\" width=\"300\" height=\"225\" src=\"https:\/\/costablanca-magazin.com\/wp-content\/uploads\/2025\/06\/Fachada-interior-galeria-6044-Calpe-3-300x225.jpg\" class=\"attachment-medium size-medium wp-image-7688\" alt=\"Rossmann apotek Calpe Costablanca\" srcset=\"https:\/\/costablanca-magazin.com\/wp-content\/uploads\/2025\/06\/Fachada-interior-galeria-6044-Calpe-3-300x225.jpg 300w, https:\/\/costablanca-magazin.com\/wp-content\/uploads\/2025\/06\/Fachada-interior-galeria-6044-Calpe-3-1024x768.jpg 1024w, https:\/\/costablanca-magazin.com\/wp-content\/uploads\/2025\/06\/Fachada-interior-galeria-6044-Calpe-3-768x576.jpg 768w, https:\/\/costablanca-magazin.com\/wp-content\/uploads\/2025\/06\/Fachada-interior-galeria-6044-Calpe-3-1536x1152.jpg 1536w, https:\/\/costablanca-magazin.com\/wp-content\/uploads\/2025\/06\/Fachada-interior-galeria-6044-Calpe-3-2048x1536.jpg 2048w\" sizes=\"(max-width: 300px) 100vw, 300px\" \/><\/div><\/a>\n\t\t\t\t<div class=\"elementor-post__badge\">Info<\/div>\n\t\t\t\t<div class=\"elementor-post__avatar\">\n\t\t\t\t\t<\/div>\n\t\t\t\t<div class=\"elementor-post__text\">\n\t\t\t\t<h3 class=\"elementor-post__title\">\n\t\t\t<a href=\"https:\/\/costablanca-magazin.com\/nb\/lokales\/infos\/drogerie-rossmann-mit-neuer-filiale-in-calpe\/\" >\n\t\t\t\tRossmann styrker sin tilstedev\u00e6relse med ny butikk i Calpe\t\t\t<\/a>\n\t\t<\/h3>\n\t\t\t\t<\/div>\n\t\t\t\t\t<\/div>\n\t\t<\/article>\n\t\t\t\t<article class=\"elementor-post elementor-grid-item post-7494 post type-post status-publish format-standard has-post-thumbnail hentry category-infos tag-altea tag-javea tag-kunst-an-der-costa-blanca tag-kuenstler-costablanca tag-moraira\" role=\"listitem\">\n\t\t\t<div class=\"elementor-post__card\">\n\t\t\t\t<a class=\"elementor-post__thumbnail__link\" href=\"https:\/\/costablanca-magazin.com\/nb\/lokales\/infos\/costa-blanca-kuenstler-zwischen-kueste-und-weltbuehne\/\" tabindex=\"-1\" ><div class=\"elementor-post__thumbnail\"><img decoding=\"async\" width=\"300\" height=\"225\" src=\"https:\/\/costablanca-magazin.com\/wp-content\/uploads\/2025\/05\/Tardor-La-Xara-1-300x225.jpg\" class=\"attachment-medium size-medium wp-image-7515\" alt=\"N\u00e6r og langt ute: Kunstnere mellom kysten og verdensscenen 19\" srcset=\"https:\/\/costablanca-magazin.com\/wp-content\/uploads\/2025\/05\/Tardor-La-Xara-1-300x225.jpg 300w, https:\/\/costablanca-magazin.com\/wp-content\/uploads\/2025\/05\/Tardor-La-Xara-1-1024x768.jpg 1024w, https:\/\/costablanca-magazin.com\/wp-content\/uploads\/2025\/05\/Tardor-La-Xara-1-768x576.jpg 768w, https:\/\/costablanca-magazin.com\/wp-content\/uploads\/2025\/05\/Tardor-La-Xara-1.jpg 1200w\" sizes=\"(max-width: 300px) 100vw, 300px\" \/><\/div><\/a>\n\t\t\t\t<div class=\"elementor-post__badge\">Info<\/div>\n\t\t\t\t<div class=\"elementor-post__avatar\">\n\t\t\t\t\t<\/div>\n\t\t\t\t<div class=\"elementor-post__text\">\n\t\t\t\t<h3 class=\"elementor-post__title\">\n\t\t\t<a href=\"https:\/\/costablanca-magazin.com\/nb\/lokales\/infos\/costa-blanca-kuenstler-zwischen-kueste-und-weltbuehne\/\" >\n\t\t\t\tCosta Blanca-artister mellom kysten og verdensscenen\t\t\t<\/a>\n\t\t<\/h3>\n\t\t\t\t<\/div>\n\t\t\t\t\t<\/div>\n\t\t<\/article>\n\t\t\t\t<\/div>\n\t\t\n\t\t\t\t\t\t<\/div>\n\t\t\t\t<\/div>\n\t\t\t\t\t<\/div>\n\t\t\t\t<\/div>\n\t\t\t\t<\/div>","protected":false},"excerpt":{"rendered":"<p>Okupas p\u00e5 Costa Blanca - Nye lover, gamle problemer Husokkupasjon er fortsatt Spanias kystproblem. Til tross for nye lover mot okkupasjon, fortsetter eierne \u00e5 kjempe<\/p>","protected":false},"author":1,"featured_media":8789,"comment_status":"closed","ping_status":"closed","sticky":false,"template":"elementor_header_footer","format":"standard","meta":{"footnotes":""},"categories":[13,15],"tags":[1171,1177,1174,1176,1173,1172,1178,1175],"class_list":["post-8783","post","type-post","status-publish","format-standard","has-post-thumbnail","hentry","category-infos","category-leben-in-spanien","tag-allanamiento-de-morada","tag-eigentuemerrechte-spanien","tag-ferienhaus-raeumung-spanien","tag-hausbesetzung-spanien","tag-ley-antiokupas-2025","tag-okupas-costa-blanca","tag-raeumungsverfahren-spanien","tag-usurpacion-costa-blanca"],"aioseo_notices":[],"_links":{"self":[{"href":"https:\/\/costablanca-magazin.com\/nb\/wp-json\/wp\/v2\/posts\/8783","targetHints":{"allow":["GET"]}}],"collection":[{"href":"https:\/\/costablanca-magazin.com\/nb\/wp-json\/wp\/v2\/posts"}],"about":[{"href":"https:\/\/costablanca-magazin.com\/nb\/wp-json\/wp\/v2\/types\/post"}],"author":[{"embeddable":true,"href":"https:\/\/costablanca-magazin.com\/nb\/wp-json\/wp\/v2\/users\/1"}],"replies":[{"embeddable":true,"href":"https:\/\/costablanca-magazin.com\/nb\/wp-json\/wp\/v2\/comments?post=8783"}],"version-history":[{"count":10,"href":"https:\/\/costablanca-magazin.com\/nb\/wp-json\/wp\/v2\/posts\/8783\/revisions"}],"predecessor-version":[{"id":10119,"href":"https:\/\/costablanca-magazin.com\/nb\/wp-json\/wp\/v2\/posts\/8783\/revisions\/10119"}],"wp:featuredmedia":[{"embeddable":true,"href":"https:\/\/costablanca-magazin.com\/nb\/wp-json\/wp\/v2\/media\/8789"}],"wp:attachment":[{"href":"https:\/\/costablanca-magazin.com\/nb\/wp-json\/wp\/v2\/media?parent=8783"}],"wp:term":[{"taxonomy":"category","embeddable":true,"href":"https:\/\/costablanca-magazin.com\/nb\/wp-json\/wp\/v2\/categories?post=8783"},{"taxonomy":"post_tag","embeddable":true,"href":"https:\/\/costablanca-magazin.com\/nb\/wp-json\/wp\/v2\/tags?post=8783"}],"curies":[{"name":"wp","href":"https:\/\/api.w.org\/{rel}","templated":true}]}}