{"id":8729,"date":"2025-09-14T09:00:00","date_gmt":"2025-09-14T07:00:00","guid":{"rendered":"https:\/\/costablanca-magazin.com\/?p=8729"},"modified":"2025-11-26T08:14:40","modified_gmt":"2025-11-26T07:14:40","slug":"september-oktober-arrangementer-pa-costa-blanca-2025","status":"publish","type":"post","link":"https:\/\/costablanca-magazin.com\/nb\/freizeit\/aktivitaeten-und-ausfluege\/september-oktober-veranstaltungen-an-der-costa-blanca-2025\/","title":{"rendered":"September- og oktoberarrangementer p\u00e5 Costa Blanca 2025"},"content":{"rendered":"<div data-elementor-type=\"wp-post\" data-elementor-id=\"8729\" class=\"elementor elementor-8729\" data-elementor-post-type=\"post\">\n\t\t\t\t<div class=\"elementor-element elementor-element-5e89a22 e-flex e-con-boxed e-con e-parent\" data-id=\"5e89a22\" data-element_type=\"container\" data-e-type=\"container\">\n\t\t\t\t\t<div class=\"e-con-inner\">\n\t\t\t\t<div class=\"elementor-element elementor-element-b49bd7b elementor-widget elementor-widget-heading\" data-id=\"b49bd7b\" data-element_type=\"widget\" data-e-type=\"widget\" data-widget_type=\"heading.default\">\n\t\t\t\t<div class=\"elementor-widget-container\">\n\t\t\t\t\t<h1 class=\"elementor-heading-title elementor-size-default\">September- og oktoberarrangementer p\u00e5 Costa Blanca 2025<\/h1>\t\t\t\t<\/div>\n\t\t\t\t<\/div>\n\t\t\t\t<div class=\"elementor-element elementor-element-6fc40cd elementor-widget elementor-widget-image\" data-id=\"6fc40cd\" data-element_type=\"widget\" data-e-type=\"widget\" data-widget_type=\"image.default\">\n\t\t\t\t<div class=\"elementor-widget-container\">\n\t\t\t\t\t\t\t\t\t\t\t\t\t\t\t<img decoding=\"async\" src=\"https:\/\/costablanca-magazin.com\/wp-content\/uploads\/elementor\/thumbs\/Fotolia_59715372_XL-rjc5ao0i3qccy508w3j8p5zz1afus1i4yjxie6kae8.jpg\" title=\"Costa Blanca september 2025 - Festivaler, stil og moro\" alt=\"Costa Blanca september 2025 - Festivaler, stil og moro\" loading=\"lazy\" \/>\t\t\t\t\t\t\t\t\t\t\t\t\t\t\t<\/div>\n\t\t\t\t<\/div>\n\t\t\t\t<div class=\"elementor-element elementor-element-9ac2adf elementor-widget elementor-widget-heading\" data-id=\"9ac2adf\" data-element_type=\"widget\" data-e-type=\"widget\" data-widget_type=\"heading.default\">\n\t\t\t\t<div class=\"elementor-widget-container\">\n\t\t\t\t\t<h2 class=\"elementor-heading-title elementor-size-default\">Oppdag de beste arrangementene p\u00e5 Costa Blanca h\u00f8sten 2025: festivaler, zombierallyer, \u00f8lfestivaler og barneaktiviteter for endel\u00f8s moro!<\/h2>\t\t\t\t<\/div>\n\t\t\t\t<\/div>\n\t\t\t\t<div class=\"elementor-element elementor-element-b8cfeb1 elementor-widget elementor-widget-text-editor\" data-id=\"b8cfeb1\" data-element_type=\"widget\" data-e-type=\"widget\" data-widget_type=\"text-editor.default\">\n\t\t\t\t<div class=\"elementor-widget-container\">\n\t\t\t\t\t\t\t\t\t<p>Flere arrangementer enn sandkorn p\u00e5 stranden - og minst like mye moro!.<br \/>Kjedsomhet? Ikke her! Enten det er zombierally i La Nuc\u00eda, \u00f8lrush i Moraira eller barnelatter p\u00e5 festivaler i Javea - kalenderen v\u00e5r viser deg hvor du kan danse, le, forundres og feste. Finn frem solkremen og gj\u00f8r deg klar - Costa Blanca venter p\u00e5 deg, og moroa starter akkurat her!<\/p>\t\t\t\t\t\t\t\t<\/div>\n\t\t\t\t<\/div>\n\t\t\t\t<div class=\"elementor-element elementor-element-22cd8c9 elementor-widget-divider--separator-type-pattern elementor-widget-divider--view-line elementor-widget elementor-widget-divider\" data-id=\"22cd8c9\" data-element_type=\"widget\" data-e-type=\"widget\" data-widget_type=\"divider.default\">\n\t\t\t\t<div class=\"elementor-widget-container\">\n\t\t\t\t\t\t\t<div class=\"elementor-divider\" style=\"--divider-pattern-url: url(&quot;data:image\/svg+xml,%3Csvg xmlns=&#039;http:\/\/www.w3.org\/2000\/svg&#039; preserveAspectRatio=&#039;none&#039; overflow=&#039;visible&#039; height=&#039;100%&#039; viewBox=&#039;0 0 24 24&#039; fill=&#039;none&#039; stroke=&#039;black&#039; stroke-width=&#039;1.5&#039; stroke-linecap=&#039;square&#039; stroke-miterlimit=&#039;10&#039;%3E%3Cpath d=&#039;M0,6c6,0,0.9,11.1,6.9,11.1S18,6,24,6&#039;\/%3E%3C\/svg%3E&quot;);\">\n\t\t\t<span class=\"elementor-divider-separator\">\n\t\t\t\t\t\t<\/span>\n\t\t<\/div>\n\t\t\t\t\t\t<\/div>\n\t\t\t\t<\/div>\n\t\t\t\t\t<\/div>\n\t\t\t\t<\/div>\n\t\t<div class=\"elementor-element elementor-element-9583902 e-flex e-con-boxed e-con e-parent\" data-id=\"9583902\" data-element_type=\"container\" data-e-type=\"container\">\n\t\t\t\t\t<div class=\"e-con-inner\">\n\t\t<div class=\"elementor-element elementor-element-97eecd5 e-con-full e-flex e-con e-child\" data-id=\"97eecd5\" data-element_type=\"container\" data-e-type=\"container\">\n\t\t\t\t<div class=\"elementor-element elementor-element-35464e2 elementor-widget elementor-widget-heading\" data-id=\"35464e2\" data-element_type=\"widget\" data-e-type=\"widget\" data-widget_type=\"heading.default\">\n\t\t\t\t<div class=\"elementor-widget-container\">\n\t\t\t\t\t<h3 class=\"elementor-heading-title elementor-size-default\">Calpe\n<\/h3>\t\t\t\t<\/div>\n\t\t\t\t<\/div>\n\t\t\t\t<div class=\"elementor-element elementor-element-4a4cfc9 elementor-widget elementor-widget-text-editor\" data-id=\"4a4cfc9\" data-element_type=\"widget\" data-e-type=\"widget\" data-widget_type=\"text-editor.default\">\n\t\t\t\t<div class=\"elementor-widget-container\">\n\t\t\t\t\t\t\t\t\t<p>Fra 14. september til 30. desember \u00e5pner utstillingen \u201eEls Banys de la Reina, la huella romana\u201c p\u00e5 Museo del Coleccionismo (Plaza de la Villa, 15).<\/p><p>3. september \u00e5pner Alicia Mej\u00edas sin utstilling \u201eXanad\u00fa ilustrado\u201c i Sala de Exposiciones del Ajuntament Vell (C\/ Fco. Zaragoza, 2). Utstillingen er \u00e5pen hver dag frem til 30. september fra kl. 10.00 til 13.00 og fra kl. 18.30 til 22.00, og det er gratis inngang.<\/p><p>Guidede omvisninger i Casco Antiguo finner sted 6. og 13. september kl. 18.30. M\u00f8testedet er Casa de Cultura. P\u00e5melding n\u00f8dvendig: 965 83 69 20 \/ 965 83 85 32 \/ <a href=\"mailto:turismo@ajcalp.es\">turismo@ajcalp.es<\/a>. Maksimalt 25 personer per gruppe.<\/p><p>Fra 8. september viser Javier Mart\u00ednez utstillingen \u201eColores en acci\u00f3n\u201c i Sala de Exposiciones Casa de Cultura (Av. Masnou, 1). Utstillingen er \u00e5pen frem til 30. september: mandag til fredag fra kl. 9.00 til 21.00 og l\u00f8rdager fra kl. 9.00 til 14.00. Det er gratis adgang.<\/p><p>Den 12. og 13. september kl. 21.00 vises teaterstykket \u201eLas mujeres al poder\u201c, presentert av Fil\u00e0 Moss\u00e0rabs d'Ifac, i Auditorio i Casa de la Cultura.<\/p><p>Feiringen til \u00e6re for Nuestra Se\u00f1ora de la Merced finner sted fra 14. til 24. september:<br \/>\u2192 Feiringen begynner den 14. september med en messe kl. 12.00 og Preg\u00f3n de Fiestas ved D. Alfonso Mart\u00edn T\u00e9llez.<br \/>\u2192 Fra 15. til 23. september finner Novena til \u00e6re for Nuestra Se\u00f1ora de la Merced sted i Parroquia.<br \/>\u2192 19. september \u00e5pner Carpa Festera fra kl. 21.00 med \u201eNit de Coques\u201c, en gratis smakspr\u00f8ve p\u00e5 tradisjonelle retter. Deretter f\u00f8lger \u201eRumbados\u201c-konserten kl. 22.00.<br \/>\u2192 20. september starter prosesjonen og blomsterofringen kl. 18.15 (avgang kl. 18.30 fra Plaza Mediterrani). Den h\u00f8ytidelige messen holdes kl. 20.00, Carpa Festera \u00e5pner igjen kl. 20.30, etterfulgt av en konsert med \u201eEl Payo Ke Kanta\u201c kl. 22.30.<br \/>\u2192 Den 21. september er det Almuerzo Motero \u201eBaydal\u201c fra kl. 9.30, gokart for barn p\u00e5 Plaza Col\u00f3n kl. 10.00, sykkeltur kl. 11.45 og messe for de avd\u00f8de kl. 12.00. Fra kl. 12.30 er det aktiviteter for barn, kl. 13.30 batucada og kl. 14.00 en stor paella, akkompagnert av DJ-musikk. Om kvelden kl. 20.30 er det messe til \u00e6re for Beato Francisco Sendra.<br \/>\u2192 Den 23. september kl. 20.30 messe for San Pio de Petrelcina.<br \/>\u2192 24. september kl. 20.30 messe til \u00e6re for Nuestra Se\u00f1ora de la Merced.<\/p><p>Musikkarrangementet \u201eLas canciones de tu vida\u201c finner sted 19. september kl. 21.00 p\u00e5 Plaza Mayor. En familiekveld med musikk for flere generasjoner. Servicebar til fordel for Asociaci\u00f3n Alicante para la lucha contra el c\u00e1ncer, sede Calp.<\/p><p>19. og 20. september vil de kunstneriske intervensjonene \u201eCalpsulas\u201c ogs\u00e5 finne sted p\u00e5 Museu de la Senyoreta og Ajuntament Vell. Innpass kl. 19.00, 19.30, 20.00 og 20.30.<\/p><p>Den 27. september kl. 19:00 i Auditorio Casa de Cultura (Av. Masnou, 1) vil Colla Portitxol de X\u00e0bia og Colla Xirimiters del Carellot de Calp opptre som en del av XXII Campanya de Concerts d'Intercanvis Musicals. Gratis adgang, begrenset antall sitteplasser.<\/p><p>Arrangementet \u201eIntercasas 2025\u201c, som arrangeres av Casa de Andaluc\u00eda de Calp og FECUAS, begynner kl. 11.00 den 28. september i Parque de la Creatividad (Partida Gargasindi 1H). Det blir kor- og danseopptredener, felles m\u00e5ltider og en veldedighetsbar.<\/p><p>Fra 18. til 23. oktober feirer Calpe de tradisjonelle Fiestas de Moros y Cristianos til \u00e6re for Sant\u00edsimo Cristo del Sudor med parader, historiske rekonstruksjoner, Desembarco p\u00e5 Arenal-stranden og h\u00f8ytidelige messer:<br \/>\u2192 Feiringen begynner med Bombardeo a\u00e9reo og musikkgruppenes prosesjon langs Avenida Gabriel Mir\u00f3 til Plaza del Mosquit, etterfulgt av Izada de Estandartes og Preg\u00f3n. Ofrenda de Cirios finner deretter sted i Parroquia Nuestra Se\u00f1ora de las Nieves.<br \/>\u2192 I l\u00f8pet av festivalens andre dag opptrer kompaniene i de tradisjonelle prosesjonene - Entrada Mora og Entrada Cristiana - akkompagnert av Capit\u00e1n Moro- og Capit\u00e1n Cristiano-ballene.<br \/>\u2192 Et spesielt h\u00f8ydepunkt er Desembarco p\u00e5 Playa del Arenal, etterfulgt av Primera Batalla, som gjenskaper den historiske konflikten mellom maurere og kristne.<br \/>\u2192 Barn og familier kan delta i Desfile Infantil, der de yngste barna g\u00e5r i parade gjennom gatene i tradisjonelle drakter.<br \/>\u2192 P\u00e5 den siste dagen finner Mirakelet sted p\u00e5 Plaza Mayor, et Correfoc i Casco Antiguo og en h\u00f8ytidelig messe til \u00e6re for Sant\u00edsimo Cristo del Sudor.<\/p><p>Flere omvisninger i Casco Antiguo finner sted 11., 18. og 25. oktober kl. 18.00. M\u00f8testedet er Casa de Cultura. P\u00e5melding n\u00f8dvendig: 965 83 69 20 \/ 965 83 85 32 \/ <a href=\"mailto:turismo@ajcalp.es\">turismo@ajcalp.es<\/a><\/p>\t\t\t\t\t\t\t\t<\/div>\n\t\t\t\t<\/div>\n\t\t\t\t<div class=\"elementor-element elementor-element-03f40c0 elementor-widget elementor-widget-heading\" data-id=\"03f40c0\" data-element_type=\"widget\" data-e-type=\"widget\" data-widget_type=\"heading.default\">\n\t\t\t\t<div class=\"elementor-widget-container\">\n\t\t\t\t\t<h3 class=\"elementor-heading-title elementor-size-default\">Altea<\/h3>\t\t\t\t<\/div>\n\t\t\t\t<\/div>\n\t\t\t\t<div class=\"elementor-element elementor-element-842a52c elementor-widget elementor-widget-text-editor\" data-id=\"842a52c\" data-element_type=\"widget\" data-e-type=\"widget\" data-widget_type=\"text-editor.default\">\n\t\t\t\t<div class=\"elementor-widget-container\">\n\t\t\t\t\t\t\t\t\t<p>Fra 26. til 30. september er Altea vertskap for Fiestas Patronales til \u00e6re for Saint Cristo del Sagrario og Moros y Cristianos til \u00e6re for San Blas, byens skytshelgen. Festlighetene begynner med Preg\u00f3n, etterfulgt av embajadas, dianas og fargerike parader. Gatene i Altea st\u00e5r i flammer av lys, farger og musikk. Historisk sett er festlighetene til minne om Jaime I's landgang i Altea og forsvaret av kystomr\u00e5det. H\u00f8ydepunktene er blant annet rekonstruksjonen av den arabiske okkupasjonen og Reconquista med tracas, masclet\u00e1s og tradisjonelle slag.<\/p><p>For familier finnes det aktiviteter som barneleker, eventyrstund og forlystelser. Eldre bes\u00f8kende kan delta i dansearrangementer og ettermiddagsunderholdning. Andre programpunkter er blant annet<br \/>\u2192 Verbenas, fyrverkeri, barracas, musikk- og teaterforestillinger<br \/>\u2192 Religi\u00f8se begivenheter: Blomsterofringer til Virgen del Consuelo, prosesjon til Sant\u00edsimo Cristo del Sagrario, Entr\u00e1 de la Murt\u00e1<br \/>\u2192 Maurernes og de kristnes inntog med fargerike parader er spesielt verdt \u00e5 se. Konsentrasjonen av parader p\u00e5 Pla\u00e7a de la Creu, Embajada Cristiana p\u00e5 Pla\u00e7a de l'Esgl\u00e9sia, Alardo og den mauriske gjengivelsen er blant h\u00f8ydepunktene. Paradene finner sted l\u00f8rdag og mandag.<br \/>\u2192 Festivalen avsluttes med paellalunsj, musikalske innslag for barn og en storsl\u00e5tt finale i festsalen med musikk og monologer.<\/p><p>Den 2. oktober kl. 20:00 fremf\u00f8res balletten \u201eEl llac dels cignes\u201c av Kiev-balletten.<\/p><p>Den 4. oktober kl. 18.00 vises musikalen \u201eDumbo\u201c for hele familien, etterfulgt av musikkfestivalen Fesporrat 2025 fra kl. 22.00 samme dag.<\/p><p>Den 11. oktober kl. 20:00 vises teaterstykket \u201eEl cuarto de atr\u00e1s\u201c.<\/p><p>Den 12. september kl. 20.30 blir det konsert med M\u00fasica Festera med Stat. Filharm\u00f2nica Alteanense.<\/p><p>Den 19. september kl. 20.00 fremf\u00f8rer Orquestra de la Comunitat Valenciana en symfonisk konsert.<\/p><p>EcoAltea finner sted i Altea fra 18. til 19. oktober i hagene til Palau og University of Fine Arts. Messen samler h\u00e5ndverkere, bes\u00f8kende og lokalbefolkningen.<\/p>\t\t\t\t\t\t\t\t<\/div>\n\t\t\t\t<\/div>\n\t\t\t\t<div class=\"elementor-element elementor-element-2e95226 elementor-widget elementor-widget-heading\" data-id=\"2e95226\" data-element_type=\"widget\" data-e-type=\"widget\" data-widget_type=\"heading.default\">\n\t\t\t\t<div class=\"elementor-widget-container\">\n\t\t\t\t\t<h3 class=\"elementor-heading-title elementor-size-default\">La Vilajoiosa<\/h3>\t\t\t\t<\/div>\n\t\t\t\t<\/div>\n\t\t\t\t<div class=\"elementor-element elementor-element-99d6268 elementor-widget elementor-widget-text-editor\" data-id=\"99d6268\" data-element_type=\"widget\" data-e-type=\"widget\" data-widget_type=\"text-editor.default\">\n\t\t\t\t<div class=\"elementor-widget-container\">\n\t\t\t\t\t\t\t\t\t<p>18. september kl. 18.30 vises filmen \u201eBruno (2024)\u201c for voksne p\u00e5 Centro Social Llar del Pensionista. Et humoristisk og spennende blikk p\u00e5 fornuftens og galskapens grenser.<br \/><br \/>20. september kl. 19.30 presenterer Teatre Auditori danseteaterstykket \u201eOlor a Tiempo\u201c av Sara Nieto. Flamenco og teater smelter sammen i et f\u00f8lelsesladet og poetisk stykke om barndom, savn og h\u00e5p.<br \/><br \/>28. september kl. 11.00 viser Teatre Auditori forestillingen \u201eBaby Esferic\u201c av Aboom Teatro for barn mellom 0 og 6 \u00e5r. Et kj\u00e6rlig stykke om jordens magi, fortalt gjennom sf\u00e6riske bilder og historier.<br \/><br \/>Den 3. oktober fremf\u00f8rer Martita de Gran\u00e1 sitt nye How-program \u201e\u00a1Martita Sea!\u201c p\u00e5 Teatre Auditori de Villajoyosa.<br \/><br \/>5. oktober kl. 19.00 presenterer kompaniet Otradanza danseforestillingen \u201eSempere C\u00eda.\u201c for ungdom og voksne p\u00e5 Teatre Auditori. Inspirert av Eusebi Sempere kombinerer forestillingen bevegelse, lys og rytme for \u00e5 skape en poetisk produksjon.<\/p>\t\t\t\t\t\t\t\t<\/div>\n\t\t\t\t<\/div>\n\t\t\t\t<\/div>\n\t\t<div class=\"elementor-element elementor-element-492f689 e-con-full e-flex e-con e-child\" data-id=\"492f689\" data-element_type=\"container\" data-e-type=\"container\">\n\t\t\t\t<div class=\"elementor-element elementor-element-7187425 elementor-widget elementor-widget-image\" data-id=\"7187425\" data-element_type=\"widget\" data-e-type=\"widget\" data-widget_type=\"image.default\">\n\t\t\t\t<div class=\"elementor-widget-container\">\n\t\t\t\t\t\t\t\t\t\t\t\t\t\t\t<img fetchpriority=\"high\" decoding=\"async\" width=\"724\" height=\"1024\" src=\"https:\/\/costablanca-magazin.com\/wp-content\/uploads\/2025\/09\/visitas-calpe-724x1024.jpg\" class=\"attachment-large size-large wp-image-8760\" alt=\"bes\u00f8k calpe\" srcset=\"https:\/\/costablanca-magazin.com\/wp-content\/uploads\/2025\/09\/visitas-calpe-724x1024.jpg 724w, https:\/\/costablanca-magazin.com\/wp-content\/uploads\/2025\/09\/visitas-calpe-212x300.jpg 212w, https:\/\/costablanca-magazin.com\/wp-content\/uploads\/2025\/09\/visitas-calpe-768x1087.jpg 768w, https:\/\/costablanca-magazin.com\/wp-content\/uploads\/2025\/09\/visitas-calpe.jpg 848w\" sizes=\"(max-width: 724px) 100vw, 724px\" \/>\t\t\t\t\t\t\t\t\t\t\t\t\t\t\t<\/div>\n\t\t\t\t<\/div>\n\t\t\t\t<div class=\"elementor-element elementor-element-e0c036d elementor-widget__width-initial elementor-widget elementor-widget-image\" data-id=\"e0c036d\" data-element_type=\"widget\" data-e-type=\"widget\" data-widget_type=\"image.default\">\n\t\t\t\t<div class=\"elementor-widget-container\">\n\t\t\t\t\t\t\t\t\t\t\t\t\t\t\t<img decoding=\"async\" width=\"1200\" height=\"899\" src=\"https:\/\/costablanca-magazin.com\/wp-content\/uploads\/2025\/09\/BABY-ESFERIC-villajoyosa.jpg\" class=\"attachment-1536x1536 size-1536x1536 wp-image-8735\" alt=\"BABY-ESFERIC- Villajoyosa\" srcset=\"https:\/\/costablanca-magazin.com\/wp-content\/uploads\/2025\/09\/BABY-ESFERIC-villajoyosa.jpg 1200w, https:\/\/costablanca-magazin.com\/wp-content\/uploads\/2025\/09\/BABY-ESFERIC-villajoyosa-300x225.jpg 300w, https:\/\/costablanca-magazin.com\/wp-content\/uploads\/2025\/09\/BABY-ESFERIC-villajoyosa-1024x767.jpg 1024w, https:\/\/costablanca-magazin.com\/wp-content\/uploads\/2025\/09\/BABY-ESFERIC-villajoyosa-768x575.jpg 768w\" sizes=\"(max-width: 1200px) 100vw, 1200px\" \/>\t\t\t\t\t\t\t\t\t\t\t\t\t\t\t<\/div>\n\t\t\t\t<\/div>\n\t\t\t\t<div class=\"elementor-element elementor-element-861d751 elementor-widget__width-initial elementor-widget elementor-widget-image\" data-id=\"861d751\" data-element_type=\"widget\" data-e-type=\"widget\" data-widget_type=\"image.default\">\n\t\t\t\t<div class=\"elementor-widget-container\">\n\t\t\t\t\t\t\t\t\t\t\t\t\t\t\t<img decoding=\"async\" width=\"847\" height=\"1200\" src=\"https:\/\/costablanca-magazin.com\/wp-content\/uploads\/2025\/09\/intercasas-calpe.jpg\" class=\"attachment-1536x1536 size-1536x1536 wp-image-8751\" alt=\"intercasas calpe\" srcset=\"https:\/\/costablanca-magazin.com\/wp-content\/uploads\/2025\/09\/intercasas-calpe.jpg 847w, https:\/\/costablanca-magazin.com\/wp-content\/uploads\/2025\/09\/intercasas-calpe-212x300.jpg 212w, https:\/\/costablanca-magazin.com\/wp-content\/uploads\/2025\/09\/intercasas-calpe-723x1024.jpg 723w, https:\/\/costablanca-magazin.com\/wp-content\/uploads\/2025\/09\/intercasas-calpe-768x1088.jpg 768w\" sizes=\"(max-width: 847px) 100vw, 847px\" \/>\t\t\t\t\t\t\t\t\t\t\t\t\t\t\t<\/div>\n\t\t\t\t<\/div>\n\t\t\t\t<div class=\"elementor-element elementor-element-3f25f1c elementor-widget__width-initial elementor-widget elementor-widget-image\" data-id=\"3f25f1c\" data-element_type=\"widget\" data-e-type=\"widget\" data-widget_type=\"image.default\">\n\t\t\t\t<div class=\"elementor-widget-container\">\n\t\t\t\t\t\t\t\t\t\t\t\t\t\t\t<img loading=\"lazy\" decoding=\"async\" width=\"853\" height=\"1200\" src=\"https:\/\/costablanca-magazin.com\/wp-content\/uploads\/2025\/09\/olas-canciones-calpe.jpg\" class=\"attachment-1536x1536 size-1536x1536 wp-image-8757\" alt=\"olas canciones calpe\" srcset=\"https:\/\/costablanca-magazin.com\/wp-content\/uploads\/2025\/09\/olas-canciones-calpe.jpg 853w, https:\/\/costablanca-magazin.com\/wp-content\/uploads\/2025\/09\/olas-canciones-calpe-213x300.jpg 213w, https:\/\/costablanca-magazin.com\/wp-content\/uploads\/2025\/09\/olas-canciones-calpe-728x1024.jpg 728w, https:\/\/costablanca-magazin.com\/wp-content\/uploads\/2025\/09\/olas-canciones-calpe-768x1080.jpg 768w\" sizes=\"(max-width: 853px) 100vw, 853px\" \/>\t\t\t\t\t\t\t\t\t\t\t\t\t\t\t<\/div>\n\t\t\t\t<\/div>\n\t\t\t\t<div class=\"elementor-element elementor-element-887d7bd elementor-widget elementor-widget-image\" data-id=\"887d7bd\" data-element_type=\"widget\" data-e-type=\"widget\" data-widget_type=\"image.default\">\n\t\t\t\t<div class=\"elementor-widget-container\">\n\t\t\t\t\t\t\t\t\t\t\t\t\t\t\t<img loading=\"lazy\" decoding=\"async\" width=\"740\" height=\"1024\" src=\"https:\/\/costablanca-magazin.com\/wp-content\/uploads\/2025\/09\/conciertos-calpe-740x1024.jpg\" class=\"attachment-large size-large wp-image-8742\" alt=\"konserter calpe\" srcset=\"https:\/\/costablanca-magazin.com\/wp-content\/uploads\/2025\/09\/conciertos-calpe-740x1024.jpg 740w, https:\/\/costablanca-magazin.com\/wp-content\/uploads\/2025\/09\/conciertos-calpe-217x300.jpg 217w, https:\/\/costablanca-magazin.com\/wp-content\/uploads\/2025\/09\/conciertos-calpe-768x1063.jpg 768w, https:\/\/costablanca-magazin.com\/wp-content\/uploads\/2025\/09\/conciertos-calpe.jpg 867w\" sizes=\"(max-width: 740px) 100vw, 740px\" \/>\t\t\t\t\t\t\t\t\t\t\t\t\t\t\t<\/div>\n\t\t\t\t<\/div>\n\t\t\t\t<div class=\"elementor-element elementor-element-a8dcb76 elementor-widget elementor-widget-image\" data-id=\"a8dcb76\" data-element_type=\"widget\" data-e-type=\"widget\" data-widget_type=\"image.default\">\n\t\t\t\t<div class=\"elementor-widget-container\">\n\t\t\t\t\t\t\t\t\t\t\t\t\t\t\t<img loading=\"lazy\" decoding=\"async\" width=\"792\" height=\"1024\" src=\"https:\/\/costablanca-magazin.com\/wp-content\/uploads\/2025\/09\/bruno-villajoyosa-792x1024.jpg\" class=\"attachment-large size-large wp-image-8737\" alt=\"bruno villajoyosa\" srcset=\"https:\/\/costablanca-magazin.com\/wp-content\/uploads\/2025\/09\/bruno-villajoyosa-792x1024.jpg 792w, https:\/\/costablanca-magazin.com\/wp-content\/uploads\/2025\/09\/bruno-villajoyosa-232x300.jpg 232w, https:\/\/costablanca-magazin.com\/wp-content\/uploads\/2025\/09\/bruno-villajoyosa-768x993.jpg 768w, https:\/\/costablanca-magazin.com\/wp-content\/uploads\/2025\/09\/bruno-villajoyosa.jpg 928w\" sizes=\"(max-width: 792px) 100vw, 792px\" \/>\t\t\t\t\t\t\t\t\t\t\t\t\t\t\t<\/div>\n\t\t\t\t<\/div>\n\t\t\t\t<div class=\"elementor-element elementor-element-006bc9c elementor-widget__width-initial elementor-widget elementor-widget-image\" data-id=\"006bc9c\" data-element_type=\"widget\" data-e-type=\"widget\" data-widget_type=\"image.default\">\n\t\t\t\t<div class=\"elementor-widget-container\">\n\t\t\t\t\t\t\t\t\t\t\t\t\t\t\t<img loading=\"lazy\" decoding=\"async\" width=\"1200\" height=\"799\" src=\"https:\/\/costablanca-magazin.com\/wp-content\/uploads\/2025\/09\/olor-a-tiempo-villajoyosa.jpg\" class=\"attachment-1536x1536 size-1536x1536 wp-image-8758\" alt=\"olor a tiempo villajoyosa\" srcset=\"https:\/\/costablanca-magazin.com\/wp-content\/uploads\/2025\/09\/olor-a-tiempo-villajoyosa.jpg 1200w, https:\/\/costablanca-magazin.com\/wp-content\/uploads\/2025\/09\/olor-a-tiempo-villajoyosa-300x200.jpg 300w, https:\/\/costablanca-magazin.com\/wp-content\/uploads\/2025\/09\/olor-a-tiempo-villajoyosa-1024x682.jpg 1024w, https:\/\/costablanca-magazin.com\/wp-content\/uploads\/2025\/09\/olor-a-tiempo-villajoyosa-768x511.jpg 768w\" sizes=\"(max-width: 1200px) 100vw, 1200px\" \/>\t\t\t\t\t\t\t\t\t\t\t\t\t\t\t<\/div>\n\t\t\t\t<\/div>\n\t\t\t\t<\/div>\n\t\t<div class=\"elementor-element elementor-element-aa5e092 e-con-full e-flex e-con e-child\" data-id=\"aa5e092\" data-element_type=\"container\" data-e-type=\"container\">\n\t\t\t\t<div class=\"elementor-element elementor-element-b80cb36 elementor-widget elementor-widget-image\" data-id=\"b80cb36\" data-element_type=\"widget\" data-e-type=\"widget\" data-widget_type=\"image.default\">\n\t\t\t\t<div class=\"elementor-widget-container\">\n\t\t\t\t\t\t\t\t\t\t\t\t\t\t\t<img loading=\"lazy\" decoding=\"async\" width=\"1200\" height=\"539\" src=\"https:\/\/costablanca-magazin.com\/wp-content\/uploads\/2025\/09\/calpe-moros.jpg\" class=\"attachment-full size-full wp-image-8738\" alt=\"calpe moros y cristianos\" srcset=\"https:\/\/costablanca-magazin.com\/wp-content\/uploads\/2025\/09\/calpe-moros.jpg 1200w, https:\/\/costablanca-magazin.com\/wp-content\/uploads\/2025\/09\/calpe-moros-300x135.jpg 300w, https:\/\/costablanca-magazin.com\/wp-content\/uploads\/2025\/09\/calpe-moros-1024x460.jpg 1024w, https:\/\/costablanca-magazin.com\/wp-content\/uploads\/2025\/09\/calpe-moros-768x345.jpg 768w\" sizes=\"(max-width: 1200px) 100vw, 1200px\" \/>\t\t\t\t\t\t\t\t\t\t\t\t\t\t\t<\/div>\n\t\t\t\t<\/div>\n\t\t\t\t<div class=\"elementor-element elementor-element-c2eaee3 elementor-widget elementor-widget-gallery\" data-id=\"c2eaee3\" data-element_type=\"widget\" data-e-type=\"widget\" data-settings=\"{&quot;columns&quot;:1,&quot;aspect_ratio&quot;:&quot;9:16&quot;,&quot;lazyload&quot;:&quot;yes&quot;,&quot;gallery_layout&quot;:&quot;grid&quot;,&quot;columns_tablet&quot;:2,&quot;columns_mobile&quot;:1,&quot;gap&quot;:{&quot;unit&quot;:&quot;px&quot;,&quot;size&quot;:10,&quot;sizes&quot;:[]},&quot;gap_tablet&quot;:{&quot;unit&quot;:&quot;px&quot;,&quot;size&quot;:10,&quot;sizes&quot;:[]},&quot;gap_mobile&quot;:{&quot;unit&quot;:&quot;px&quot;,&quot;size&quot;:10,&quot;sizes&quot;:[]},&quot;link_to&quot;:&quot;file&quot;,&quot;overlay_background&quot;:&quot;yes&quot;,&quot;content_hover_animation&quot;:&quot;fade-in&quot;}\" data-widget_type=\"gallery.default\">\n\t\t\t\t<div class=\"elementor-widget-container\">\n\t\t\t\t\t\t\t<div class=\"elementor-gallery__container\">\n\t\t\t\t\t\t\t<a class=\"e-gallery-item elementor-gallery-item elementor-animated-content\" href=\"https:\/\/costablanca-magazin.com\/wp-content\/uploads\/2025\/09\/La-Nucia-cartel-gincana-zombie-2025.jpg\" data-elementor-open-lightbox=\"yes\" data-elementor-lightbox-slideshow=\"c2eaee3\" data-elementor-lightbox-title=\"La Nucia cartel gincana zombie 2025\" data-elementor-lightbox-description=\"La Nucia cartel gincana zombie 2025\" data-e-action-hash=\"#elementor-action%3Aaction%3Dlightbox%26settings%3DeyJpZCI6ODc1NCwidXJsIjoiaHR0cHM6XC9cL2Nvc3RhYmxhbmNhLW1hZ2F6aW4uY29tXC93cC1jb250ZW50XC91cGxvYWRzXC8yMDI1XC8wOVwvTGEtTnVjaWEtY2FydGVsLWdpbmNhbmEtem9tYmllLTIwMjUuanBnIiwic2xpZGVzaG93IjoiYzJlYWVlMyJ9\">\n\t\t\t\t\t<div class=\"e-gallery-image elementor-gallery-item__image\" data-thumbnail=\"https:\/\/costablanca-magazin.com\/wp-content\/uploads\/2025\/09\/La-Nucia-cartel-gincana-zombie-2025.jpg\" data-width=\"852\" data-height=\"1200\" aria-label=\"La Nucia-kartellet gincana zombie 2025\" role=\"img\" ><\/div>\n\t\t\t\t\t\t\t\t\t\t\t<div class=\"elementor-gallery-item__overlay\"><\/div>\n\t\t\t\t\t\t\t\t\t\t\t\t\t\t<\/a>\n\t\t\t\t\t<\/div>\n\t\t\t\t\t<\/div>\n\t\t\t\t<\/div>\n\t\t\t\t<div class=\"elementor-element elementor-element-71f6fb6 elementor-widget elementor-widget-gallery\" data-id=\"71f6fb6\" data-element_type=\"widget\" data-e-type=\"widget\" data-settings=\"{&quot;columns&quot;:1,&quot;aspect_ratio&quot;:&quot;9:16&quot;,&quot;lazyload&quot;:&quot;yes&quot;,&quot;gallery_layout&quot;:&quot;grid&quot;,&quot;columns_tablet&quot;:2,&quot;columns_mobile&quot;:1,&quot;gap&quot;:{&quot;unit&quot;:&quot;px&quot;,&quot;size&quot;:10,&quot;sizes&quot;:[]},&quot;gap_tablet&quot;:{&quot;unit&quot;:&quot;px&quot;,&quot;size&quot;:10,&quot;sizes&quot;:[]},&quot;gap_mobile&quot;:{&quot;unit&quot;:&quot;px&quot;,&quot;size&quot;:10,&quot;sizes&quot;:[]},&quot;link_to&quot;:&quot;file&quot;,&quot;overlay_background&quot;:&quot;yes&quot;,&quot;content_hover_animation&quot;:&quot;fade-in&quot;}\" data-widget_type=\"gallery.default\">\n\t\t\t\t<div class=\"elementor-widget-container\">\n\t\t\t\t\t\t\t<div class=\"elementor-gallery__container\">\n\t\t\t\t\t\t\t<a class=\"e-gallery-item elementor-gallery-item elementor-animated-content\" href=\"https:\/\/costablanca-magazin.com\/wp-content\/uploads\/2025\/09\/Cartel.jpg\" data-elementor-open-lightbox=\"yes\" data-elementor-lightbox-slideshow=\"71f6fb6\" data-elementor-lightbox-title=\"Cartel\" data-elementor-lightbox-description=\"Cartel\" data-e-action-hash=\"#elementor-action%3Aaction%3Dlightbox%26settings%3DeyJpZCI6ODczOSwidXJsIjoiaHR0cHM6XC9cL2Nvc3RhYmxhbmNhLW1hZ2F6aW4uY29tXC93cC1jb250ZW50XC91cGxvYWRzXC8yMDI1XC8wOVwvQ2FydGVsLmpwZyIsInNsaWRlc2hvdyI6IjcxZjZmYjYifQ%3D%3D\">\n\t\t\t\t\t<div class=\"e-gallery-image elementor-gallery-item__image\" data-thumbnail=\"https:\/\/costablanca-magazin.com\/wp-content\/uploads\/2025\/09\/Cartel.jpg\" data-width=\"848\" data-height=\"1200\" aria-label=\"Kartell\" role=\"img\" ><\/div>\n\t\t\t\t\t\t\t\t\t\t\t<div class=\"elementor-gallery-item__overlay\"><\/div>\n\t\t\t\t\t\t\t\t\t\t\t\t\t\t<\/a>\n\t\t\t\t\t<\/div>\n\t\t\t\t\t<\/div>\n\t\t\t\t<\/div>\n\t\t\t\t<div class=\"elementor-element elementor-element-092db70 elementor-widget elementor-widget-image\" data-id=\"092db70\" data-element_type=\"widget\" data-e-type=\"widget\" data-widget_type=\"image.default\">\n\t\t\t\t<div class=\"elementor-widget-container\">\n\t\t\t\t\t\t\t\t\t\t\t\t\t\t\t<img loading=\"lazy\" decoding=\"async\" width=\"1200\" height=\"500\" src=\"https:\/\/costablanca-magazin.com\/wp-content\/uploads\/2025\/09\/gourmet-race-3.jpg\" class=\"attachment-full size-full wp-image-8748\" alt=\"gourmet race 3\" srcset=\"https:\/\/costablanca-magazin.com\/wp-content\/uploads\/2025\/09\/gourmet-race-3.jpg 1200w, https:\/\/costablanca-magazin.com\/wp-content\/uploads\/2025\/09\/gourmet-race-3-300x125.jpg 300w, https:\/\/costablanca-magazin.com\/wp-content\/uploads\/2025\/09\/gourmet-race-3-1024x427.jpg 1024w, https:\/\/costablanca-magazin.com\/wp-content\/uploads\/2025\/09\/gourmet-race-3-768x320.jpg 768w\" sizes=\"(max-width: 1200px) 100vw, 1200px\" \/>\t\t\t\t\t\t\t\t\t\t\t\t\t\t\t<\/div>\n\t\t\t\t<\/div>\n\t\t\t\t<div class=\"elementor-element elementor-element-464a015 elementor-widget elementor-widget-image\" data-id=\"464a015\" data-element_type=\"widget\" data-e-type=\"widget\" data-widget_type=\"image.default\">\n\t\t\t\t<div class=\"elementor-widget-container\">\n\t\t\t\t\t\t\t\t\t\t\t\t\t\t\t<img loading=\"lazy\" decoding=\"async\" width=\"800\" height=\"800\" src=\"https:\/\/costablanca-magazin.com\/wp-content\/uploads\/2025\/09\/Circo-Finestrat-1024x1024.jpg\" class=\"attachment-large size-large wp-image-8740\" alt=\"Circo Finestrat\" srcset=\"https:\/\/costablanca-magazin.com\/wp-content\/uploads\/2025\/09\/Circo-Finestrat-1024x1024.jpg 1024w, https:\/\/costablanca-magazin.com\/wp-content\/uploads\/2025\/09\/Circo-Finestrat-300x300.jpg 300w, https:\/\/costablanca-magazin.com\/wp-content\/uploads\/2025\/09\/Circo-Finestrat-150x150.jpg 150w, https:\/\/costablanca-magazin.com\/wp-content\/uploads\/2025\/09\/Circo-Finestrat-768x768.jpg 768w, https:\/\/costablanca-magazin.com\/wp-content\/uploads\/2025\/09\/Circo-Finestrat.jpg 1200w\" sizes=\"(max-width: 800px) 100vw, 800px\" \/>\t\t\t\t\t\t\t\t\t\t\t\t\t\t\t<\/div>\n\t\t\t\t<\/div>\n\t\t\t\t<\/div>\n\t\t<div class=\"elementor-element elementor-element-60ebb88 e-con-full e-flex e-con e-child\" data-id=\"60ebb88\" data-element_type=\"container\" data-e-type=\"container\">\n\t\t\t\t<div class=\"elementor-element elementor-element-8284b0a elementor-widget elementor-widget-heading\" data-id=\"8284b0a\" data-element_type=\"widget\" data-e-type=\"widget\" data-widget_type=\"heading.default\">\n\t\t\t\t<div class=\"elementor-widget-container\">\n\t\t\t\t\t<h3 class=\"elementor-heading-title elementor-size-default\">Teulada-Moraira\n\n<\/h3>\t\t\t\t<\/div>\n\t\t\t\t<\/div>\n\t\t\t\t<div class=\"elementor-element elementor-element-05bf077 elementor-widget elementor-widget-text-editor\" data-id=\"05bf077\" data-element_type=\"widget\" data-e-type=\"widget\" data-widget_type=\"text-editor.default\">\n\t\t\t\t<div class=\"elementor-widget-container\">\n\t\t\t\t\t\t\t\t\t<p>\u00a0Fra 25. til 28. september 2025 vil Moraira bli forvandlet til et tysk festivalomr\u00e5de med feiringen av den tradisjonelle Oktoberfest. Feiringen vil finne sted p\u00e5 Les Sorts parkeringsplass i Moraira og vil inneholde over 5,000 liter tysk \u00f8l, typisk mat og levende musikk.<br \/>Arrangementet arrangeres av Festkommisjonen og Sants de la Pedr\u00e1 i samarbeid med byr\u00e5det.<br \/><br \/>Den 27. september arrangeres ogs\u00e5 \u201eTu Comercio en la Calle\u201c i sentrum av Moraira.<br \/><br \/>Den 28. september, fra kl. 12:00, blir det en tradisjonell danseforestilling p\u00e5 P\u00e9rgola Platja l'Ampolla med Grup de Danses Font Santa og Grup de Danses Portitxol de X\u00e0bia.<br \/><br \/>Sportsaktiviteter p\u00e5 strendene i l'Ampolla og El Portet vil p\u00e5g\u00e5 frem til 30. september under mottoet \u201eTeulada Moraira Saludable\u201c. <br \/><br \/>Den kunstneriske installasjonen \u201eSabers i Sabors\u201c av kunstneren Ginestar kan sees i Auditori Teulada Moraira frem til 10. oktober.<br \/><br \/>Voramar Street Music Festival starter 16. september med \u201eSax &amp; Keys\u201c kl. 20:00 i Calle Iglesia, Moraira.<br \/><br \/>Festivalens \u201eLa Gran Babylon\u201c-show f\u00f8lger 18. september i Calle Dr Calatayud, Moraira, ogs\u00e5 kl. 20.00.<br \/><br \/>Den 19. september arrangeres den XXII. kampanjen for musikalsk utveksling med en konsert med tradisjonell musikk av Colla El Falc\u00f2 og ESMUJ Espai de M\u00fasica Jove de El Verger kl. 20.00 p\u00e5 Pla\u00e7a de la Constituci\u00f3 i Teulada.<br \/><br \/>Den 20. september opptrer blant andre Polif\u00f3nica de Polop, Antonio Berenguer Fuster og Cor La Senieta p\u00e5 konserten \u201eCantada a la Fresca\u201c fra kl. 21.00. <br \/>i Carrer Esgl\u00e8sia, Moraira.<br \/><br \/>XI-utgaven av Gourmet Race Moraira-Teulada finner sted 4. oktober 2025. P\u00e5 Club N\u00e1utico Moraira fra 13:00. Deltakerne vil seile og samtidig tilberede kulinariske kreasjoner om bord, som vil bli bed\u00f8mt av et ekspertpanel.<br \/><br \/>Den 17. og 18. oktober arrangeres festivalen \u201eTeulada Moraira - City of Culture and Sculpture\u201c i begge byene.<\/p>\t\t\t\t\t\t\t\t<\/div>\n\t\t\t\t<\/div>\n\t\t\t\t<div class=\"elementor-element elementor-element-2a6d607 elementor-widget elementor-widget-heading\" data-id=\"2a6d607\" data-element_type=\"widget\" data-e-type=\"widget\" data-widget_type=\"heading.default\">\n\t\t\t\t<div class=\"elementor-widget-container\">\n\t\t\t\t\t<h3 class=\"elementor-heading-title elementor-size-default\">La Nucia\n\n<\/h3>\t\t\t\t<\/div>\n\t\t\t\t<\/div>\n\t\t\t\t<div class=\"elementor-element elementor-element-3a1b158 elementor-widget elementor-widget-text-editor\" data-id=\"3a1b158\" data-element_type=\"widget\" data-e-type=\"widget\" data-widget_type=\"text-editor.default\">\n\t\t\t\t<div class=\"elementor-widget-container\">\n\t\t\t\t\t\t\t\t\t<p>Den 20. september fra kl. 23.00 forvandles gatene i La Nuc\u00eda til en spillebane for \u201eSupervivencia Zombie\u201c. I denne store gincanaen konkurrerer deltakerne som zombier eller overlevende og opplever en hel natt med racing, <br \/>Pr\u00f8ver og forf\u00f8lgelser. Billetter er tilgjengelige p\u00e5 lovezombies.es.<\/p><p>Den 27. september fra kl. 12.00 arrangerer Penya Els Festers - Majorals 2026 <br \/>det kulinariske arrangementet \u201eFestitapa\u201c. Mange boder inviterer deg til \u00e5 pr\u00f8ve tapas og nyte dem i en hyggelig atmosf\u00e6re.<\/p><p>Den 2. oktober feires \u201eOktoberfest La Nuc\u00eda 2025\u201c i Ciudad Deportiva Camilo Cano. Den tradisjonelle festivalen, som har v\u00e6rt en del av Costa Blanca i mer enn 35 \u00e5r <br \/>tilbyr autentisk tysk mat med bratwurst og saltkringler, et stort <br \/>Et utvalg av \u00f8l og livemusikk med et tysk band.<\/p>\t\t\t\t\t\t\t\t<\/div>\n\t\t\t\t<\/div>\n\t\t\t\t<div class=\"elementor-element elementor-element-5249d82 elementor-widget elementor-widget-heading\" data-id=\"5249d82\" data-element_type=\"widget\" data-e-type=\"widget\" data-widget_type=\"heading.default\">\n\t\t\t\t<div class=\"elementor-widget-container\">\n\t\t\t\t\t<h3 class=\"elementor-heading-title elementor-size-default\">Finestrat<\/h3>\t\t\t\t<\/div>\n\t\t\t\t<\/div>\n\t\t\t\t<div class=\"elementor-element elementor-element-326e055 elementor-widget__width-initial elementor-widget elementor-widget-text-editor\" data-id=\"326e055\" data-element_type=\"widget\" data-e-type=\"widget\" data-widget_type=\"text-editor.default\">\n\t\t\t\t<div class=\"elementor-widget-container\">\n\t\t\t\t\t\t\t\t\t<p>Den litter\u00e6re bokpresentasjonen \u201eErrores encadenados\u201c av Domingo S\u00e1nchez Vel\u00e1zquez finner sted 19. september kl. 19.00 p\u00e5 Museu de Finestrat.<\/p><p>Sirkusforestillingen med Carlos Barfi finner sted 27. september kl. 12.00 i Cala de Finestrat.<\/p><p>Konserten \u201eTributo a Fito &amp; Fitipaldi\u201c finner sted 27. september kl. 22.30 i Cala de Finestrat.<\/p><p>Den 28. september, fra kl. 09.00 til 14.00, finner Concurso Nacional Canino sted i Cala de Finestrat som en del av Fiestas de La Cala. Organisert av Sociedad Canina de Alicante i samarbeid med Ayuntamiento de Finestrat.<\/p><p>29. september, kl. 16.30-20.30 Bloddonasjonskampanje p\u00e5 Consultorio m\u00e9dico Fernando Mart\u00ednez<\/p><p>Fra 2. til 8. oktober kan man se utstillingen \u201eMaria Beneyto: vida ferida de lletra\u201c p\u00e5 Ayuntamiento de Finestrat.<\/p><p>Den litter\u00e6re bokpresentasjonen \u201eDespr\u00e9s del salt\u201c av Natalia Gisbert Abad finner sted 2. oktober kl. 18.30 p\u00e5 Museu de Finestrat.<\/p>\t\t\t\t\t\t\t\t<\/div>\n\t\t\t\t<\/div>\n\t\t\t\t<\/div>\n\t\t\t\t\t<\/div>\n\t\t\t\t<\/div>\n\t\t<div class=\"elementor-element elementor-element-d8e3904 e-flex e-con-boxed e-con e-parent\" data-id=\"d8e3904\" data-element_type=\"container\" data-e-type=\"container\">\n\t\t\t\t\t<div class=\"e-con-inner\">\n\t\t<div class=\"elementor-element elementor-element-c542f99 e-con-full e-flex e-con e-child\" data-id=\"c542f99\" data-element_type=\"container\" data-e-type=\"container\">\n\t\t\t\t<div class=\"elementor-element elementor-element-5d0c0aa elementor-widget elementor-widget-heading\" data-id=\"5d0c0aa\" data-element_type=\"widget\" data-e-type=\"widget\" data-widget_type=\"heading.default\">\n\t\t\t\t<div class=\"elementor-widget-container\">\n\t\t\t\t\t<h3 class=\"elementor-heading-title elementor-size-default\">J\u00e1vea (X\u00e0bia)\n<\/h3>\t\t\t\t<\/div>\n\t\t\t\t<\/div>\n\t\t\t\t<div class=\"elementor-element elementor-element-a5dc7d2 elementor-widget elementor-widget-text-editor\" data-id=\"a5dc7d2\" data-element_type=\"widget\" data-e-type=\"widget\" data-widget_type=\"text-editor.default\">\n\t\t\t\t<div class=\"elementor-widget-container\">\n\t\t\t\t\t\t\t\t\t<p>Feria de Artesan\u00eda de Autor finner sted 13., 20. og 27. september. Alt som selges der er h\u00e5ndlaget: Akvareller, skinnarbeid med makram\u00e9, keramikk, smykker, figurer i pappmasj\u00e9, mandalaer og s\u00e5per, blant annet.<\/p><p>Feria de Artesan\u00eda de Autor er tilbake 14., 21. og 28. september, og nok en gang er det h\u00e5ndlagde produkter fulle av kreativitet og sans for detaljer som st\u00e5r i fokus.<\/p><p>Tradidansene feires fra 13. til 14. september og den 20. september. <br \/>Det er workshops i ulike kunstneriske disipliner (dans, perkusjon...) <br \/>om morgenen ved Portal del Clot.<\/p><p>Den 19. september inviterer Taller de Personalizaci\u00f3n de Tazas deg til \u00e5 designe din egen frokostkopp p\u00e5 en kreativ m\u00e5te.<\/p><p>19. september er PlayJove vertskap for Nit d'Estell\u00e9s-kvelden - med en opplesning av dikt til \u00e6re for Vicent Andr\u00e9s Estell\u00e9s etterfulgt av en \u201eCena de cabasset\u201c.<\/p><p>Den 20. september arrangeres en sarau med Rondalla Portitxol, en felles <br \/>Middag og konsert med tradisjonell valensiansk musikk.<\/p><p>Den 20. september arrangeres det en guidet nattevandring p\u00e5 Cap Prim gjennom II. Descubrimos la Marina Alta\u201e-syklusen til MACMA. <br \/>Det er gratis \u00e5 delta, men det p\u00e5l\u00f8per en avgift p\u00e5 5 euro for forsikring. <br \/>Registrering p\u00e5: https:\/\/macma.org\/<\/p><p>Diktsamlingen \u201eNotaflorismos\u201c av Francisco Cejudo blir presentert 25. september.<\/p><p>26. september arrangerer PlayJove en ettermiddag med klatrevegg<\/p><p>Den 26.-27. september arrangeres Sorollius-festivalen - en musikk- og teaterfestival for barn og familier - i gamlebyen i X\u00e0bia.<br \/>\u2192 26. september: 18:45 sirkusforestilling og 19:45 historiefortelling <br \/>p\u00e5 Placeta del Convent.<br \/>\u2192 27. september: 10.30-12.30 malerverksted p\u00e5 Pla\u00e7a de l'Esgl\u00e9sia, 12.00 teaterverksted, 13.15 matlagingsverksted p\u00e5 Pla\u00e7a Celestino Pons.<\/p><p>28. september opptrer korene Ars Nova og Coral Ibense i X\u00e0bia. Gratis inngang.<\/p><p>Den 28. september blir det oppvisning av tradisjonelle danser med Grup de danses Font Santa Teulada og Grup de danses Portitxol X\u00e0bia. Det er gratis adgang.<\/p><p>XIII TRIX\u00c0BIA 2025 - VII Memorial Edu Monfort arrangeres 28. september.<\/p>\t\t\t\t\t\t\t\t<\/div>\n\t\t\t\t<\/div>\n\t\t\t\t<div class=\"elementor-element elementor-element-b1c06d8 elementor-widget elementor-widget-heading\" data-id=\"b1c06d8\" data-element_type=\"widget\" data-e-type=\"widget\" data-widget_type=\"heading.default\">\n\t\t\t\t<div class=\"elementor-widget-container\">\n\t\t\t\t\t<h3 class=\"elementor-heading-title elementor-size-default\">Denia\n<\/h3>\t\t\t\t<\/div>\n\t\t\t\t<\/div>\n\t\t\t\t<div class=\"elementor-element elementor-element-4ac5c9a elementor-widget__width-initial elementor-widget elementor-widget-text-editor\" data-id=\"4ac5c9a\" data-element_type=\"widget\" data-e-type=\"widget\" data-widget_type=\"text-editor.default\">\n\t\t\t\t<div class=\"elementor-widget-container\">\n\t\t\t\t\t\t\t\t\t<p>Fra 1. til 30. september er Espai Castej\u00f3n, Casa de Cultura, vertskap for utstillingen \u201eMediterr\u00e1neo. El lenguaje del agua\u201c av Humberto Valencia Giraldo.<br \/>\u00c5pningstider: Mandag til fredag fra 11:00 til 14:00 og fra 17:00 til 21:00, l\u00f8rdag fra 10:00 til 13:30.<\/p><p>Fra 4. til 20. september vil Sala Gran, Casa de Cultura, v\u00e6re vertskap for utstillingen <br \/>av Associaci\u00f3 d'artistes de la Marina Alta, ADAMA.<br \/>\u00c5pningen er den 4. september kl. 19.00. \u00c5pningstider: Mandag til fredag <br \/>fra kl. 11.00 til 14.00 og fra kl. 17.00 til 21.00, l\u00f8rdag fra kl. 10.00 til 13.30.<\/p><p>Fra 25. september til 11. oktober, Sala Gran, Casa de Cultura, <br \/>utstillingen \u201eLa Cultura\u201c, arrangert av D\u00e9nia fotoklubb.<br \/>\u00c5pningen er 25. september kl. 19.30. \u00c5pningstider: Mandag til fredag <br \/>fra kl. 11.00 til 14.00 og fra kl. 17.00 til 21.00, l\u00f8rdag fra kl. 10.00 til 13.30.<\/p><p>Arrangementet \u201eConversa-Koin\u00f3s D\u00e9nia\u201c finner sted 25. september kl. 19.30 i Biblioteca Municipal.<\/p>\t\t\t\t\t\t\t\t<\/div>\n\t\t\t\t<\/div>\n\t\t\t\t<\/div>\n\t\t<div class=\"elementor-element elementor-element-55ce4ad e-con-full e-flex e-con e-child\" data-id=\"55ce4ad\" data-element_type=\"container\" data-e-type=\"container\">\n\t\t\t\t<div class=\"elementor-element elementor-element-0ae5e4d elementor-widget elementor-widget-image\" data-id=\"0ae5e4d\" data-element_type=\"widget\" data-e-type=\"widget\" data-widget_type=\"image.default\">\n\t\t\t\t<div class=\"elementor-widget-container\">\n\t\t\t\t\t\t\t\t\t\t\t\t\t\t\t<img loading=\"lazy\" decoding=\"async\" width=\"800\" height=\"800\" src=\"https:\/\/costablanca-magazin.com\/wp-content\/uploads\/2025\/09\/Despues-del-Salto-Finestrat-1024x1024.jpg\" class=\"attachment-large size-large wp-image-8744\" alt=\"Etter hoppet Finestrat\" srcset=\"https:\/\/costablanca-magazin.com\/wp-content\/uploads\/2025\/09\/Despues-del-Salto-Finestrat-1024x1024.jpg 1024w, https:\/\/costablanca-magazin.com\/wp-content\/uploads\/2025\/09\/Despues-del-Salto-Finestrat-300x300.jpg 300w, https:\/\/costablanca-magazin.com\/wp-content\/uploads\/2025\/09\/Despues-del-Salto-Finestrat-150x150.jpg 150w, https:\/\/costablanca-magazin.com\/wp-content\/uploads\/2025\/09\/Despues-del-Salto-Finestrat-768x768.jpg 768w, https:\/\/costablanca-magazin.com\/wp-content\/uploads\/2025\/09\/Despues-del-Salto-Finestrat.jpg 1200w\" sizes=\"(max-width: 800px) 100vw, 800px\" \/>\t\t\t\t\t\t\t\t\t\t\t\t\t\t\t<\/div>\n\t\t\t\t<\/div>\n\t\t\t\t<div class=\"elementor-element elementor-element-270d454 elementor-widget elementor-widget-image\" data-id=\"270d454\" data-element_type=\"widget\" data-e-type=\"widget\" data-widget_type=\"image.default\">\n\t\t\t\t<div class=\"elementor-widget-container\">\n\t\t\t\t\t\t\t\t\t\t\t\t\t\t\t<img loading=\"lazy\" decoding=\"async\" width=\"800\" height=\"800\" src=\"https:\/\/costablanca-magazin.com\/wp-content\/uploads\/2025\/09\/Exposicion-Finestrat-1024x1024.jpg\" class=\"attachment-large size-large wp-image-8747\" alt=\"Utstilling Finestrat\" srcset=\"https:\/\/costablanca-magazin.com\/wp-content\/uploads\/2025\/09\/Exposicion-Finestrat-1024x1024.jpg 1024w, https:\/\/costablanca-magazin.com\/wp-content\/uploads\/2025\/09\/Exposicion-Finestrat-300x300.jpg 300w, https:\/\/costablanca-magazin.com\/wp-content\/uploads\/2025\/09\/Exposicion-Finestrat-150x150.jpg 150w, https:\/\/costablanca-magazin.com\/wp-content\/uploads\/2025\/09\/Exposicion-Finestrat-768x768.jpg 768w, https:\/\/costablanca-magazin.com\/wp-content\/uploads\/2025\/09\/Exposicion-Finestrat.jpg 1200w\" sizes=\"(max-width: 800px) 100vw, 800px\" \/>\t\t\t\t\t\t\t\t\t\t\t\t\t\t\t<\/div>\n\t\t\t\t<\/div>\n\t\t\t\t<div class=\"elementor-element elementor-element-77081e7 elementor-widget elementor-widget-image\" data-id=\"77081e7\" data-element_type=\"widget\" data-e-type=\"widget\" data-widget_type=\"image.default\">\n\t\t\t\t<div class=\"elementor-widget-container\">\n\t\t\t\t\t\t\t\t\t\t\t\t\t\t\t<img loading=\"lazy\" decoding=\"async\" width=\"724\" height=\"1024\" src=\"https:\/\/costablanca-magazin.com\/wp-content\/uploads\/2025\/09\/Expo-Adam-Denia-724x1024.jpg\" class=\"attachment-large size-large wp-image-8745\" alt=\"Expo Adam Denia\" srcset=\"https:\/\/costablanca-magazin.com\/wp-content\/uploads\/2025\/09\/Expo-Adam-Denia-724x1024.jpg 724w, https:\/\/costablanca-magazin.com\/wp-content\/uploads\/2025\/09\/Expo-Adam-Denia-212x300.jpg 212w, https:\/\/costablanca-magazin.com\/wp-content\/uploads\/2025\/09\/Expo-Adam-Denia-768x1087.jpg 768w, https:\/\/costablanca-magazin.com\/wp-content\/uploads\/2025\/09\/Expo-Adam-Denia.jpg 848w\" sizes=\"(max-width: 724px) 100vw, 724px\" \/>\t\t\t\t\t\t\t\t\t\t\t\t\t\t\t<\/div>\n\t\t\t\t<\/div>\n\t\t\t\t<div class=\"elementor-element elementor-element-9149e67 elementor-widget elementor-widget-gallery\" data-id=\"9149e67\" data-element_type=\"widget\" data-e-type=\"widget\" data-settings=\"{&quot;columns&quot;:1,&quot;aspect_ratio&quot;:&quot;16:9&quot;,&quot;lazyload&quot;:&quot;yes&quot;,&quot;gallery_layout&quot;:&quot;grid&quot;,&quot;columns_tablet&quot;:2,&quot;columns_mobile&quot;:1,&quot;gap&quot;:{&quot;unit&quot;:&quot;px&quot;,&quot;size&quot;:10,&quot;sizes&quot;:[]},&quot;gap_tablet&quot;:{&quot;unit&quot;:&quot;px&quot;,&quot;size&quot;:10,&quot;sizes&quot;:[]},&quot;gap_mobile&quot;:{&quot;unit&quot;:&quot;px&quot;,&quot;size&quot;:10,&quot;sizes&quot;:[]},&quot;link_to&quot;:&quot;file&quot;,&quot;overlay_background&quot;:&quot;yes&quot;,&quot;content_hover_animation&quot;:&quot;fade-in&quot;}\" data-widget_type=\"gallery.default\">\n\t\t\t\t<div class=\"elementor-widget-container\">\n\t\t\t\t\t\t\t<div class=\"elementor-gallery__container\">\n\t\t\t\t\t\t\t<a class=\"e-gallery-item elementor-gallery-item elementor-animated-content\" href=\"https:\/\/costablanca-magazin.com\/wp-content\/uploads\/2025\/09\/La-cultura-Denia-Kopie.jpg\" data-elementor-open-lightbox=\"yes\" data-elementor-lightbox-slideshow=\"9149e67\" data-elementor-lightbox-title=\"La cultura Denia Kopie\" data-elementor-lightbox-description=\"La cultura Denia Kopie\" data-e-action-hash=\"#elementor-action%3Aaction%3Dlightbox%26settings%3DeyJpZCI6ODc1MiwidXJsIjoiaHR0cHM6XC9cL2Nvc3RhYmxhbmNhLW1hZ2F6aW4uY29tXC93cC1jb250ZW50XC91cGxvYWRzXC8yMDI1XC8wOVwvTGEtY3VsdHVyYS1EZW5pYS1Lb3BpZS5qcGciLCJzbGlkZXNob3ciOiI5MTQ5ZTY3In0%3D\">\n\t\t\t\t\t<div class=\"e-gallery-image elementor-gallery-item__image\" data-thumbnail=\"https:\/\/costablanca-magazin.com\/wp-content\/uploads\/2025\/09\/La-cultura-Denia-Kopie.jpg\" data-width=\"848\" data-height=\"1200\" aria-label=\"La cultura Denia kopi\" role=\"img\" ><\/div>\n\t\t\t\t\t\t\t\t\t\t\t<div class=\"elementor-gallery-item__overlay\"><\/div>\n\t\t\t\t\t\t\t\t\t\t\t\t\t\t<\/a>\n\t\t\t\t\t<\/div>\n\t\t\t\t\t<\/div>\n\t\t\t\t<\/div>\n\t\t\t\t<\/div>\n\t\t\t\t\t<\/div>\n\t\t\t\t<\/div>\n\t\t<div class=\"elementor-element elementor-element-8ee2d57 e-flex e-con-boxed e-con e-parent\" data-id=\"8ee2d57\" data-element_type=\"container\" data-e-type=\"container\">\n\t\t\t\t\t<div class=\"e-con-inner\">\n\t\t<div class=\"elementor-element elementor-element-305282b e-con-full e-flex e-con e-child\" data-id=\"305282b\" data-element_type=\"container\" data-e-type=\"container\">\n\t\t\t\t<div class=\"elementor-element elementor-element-3c0d816 elementor-widget elementor-widget-spacer\" data-id=\"3c0d816\" data-element_type=\"widget\" data-e-type=\"widget\" data-widget_type=\"spacer.default\">\n\t\t\t\t<div class=\"elementor-widget-container\">\n\t\t\t\t\t\t\t<div class=\"elementor-spacer\">\n\t\t\t<div class=\"elementor-spacer-inner\"><\/div>\n\t\t<\/div>\n\t\t\t\t\t\t<\/div>\n\t\t\t\t<\/div>\n\t\t\t\t<div class=\"elementor-element elementor-element-9f36599 elementor-widget elementor-widget-gallery\" data-id=\"9f36599\" data-element_type=\"widget\" data-e-type=\"widget\" data-settings=\"{&quot;columns&quot;:1,&quot;gallery_layout&quot;:&quot;masonry&quot;,&quot;lazyload&quot;:&quot;yes&quot;,&quot;columns_tablet&quot;:2,&quot;columns_mobile&quot;:1,&quot;gap&quot;:{&quot;unit&quot;:&quot;px&quot;,&quot;size&quot;:10,&quot;sizes&quot;:[]},&quot;gap_tablet&quot;:{&quot;unit&quot;:&quot;px&quot;,&quot;size&quot;:10,&quot;sizes&quot;:[]},&quot;gap_mobile&quot;:{&quot;unit&quot;:&quot;px&quot;,&quot;size&quot;:10,&quot;sizes&quot;:[]},&quot;link_to&quot;:&quot;file&quot;,&quot;overlay_background&quot;:&quot;yes&quot;,&quot;content_hover_animation&quot;:&quot;fade-in&quot;}\" data-widget_type=\"gallery.default\">\n\t\t\t\t<div class=\"elementor-widget-container\">\n\t\t\t\t\t\t\t<div class=\"elementor-gallery__container\">\n\t\t\t\t\t\t\t<a class=\"e-gallery-item elementor-gallery-item elementor-animated-content\" href=\"https:\/\/costablanca-magazin.com\/wp-content\/uploads\/2025\/09\/Colla-Pere-Bigot-Benissa.jpg\" data-elementor-open-lightbox=\"yes\" data-elementor-lightbox-slideshow=\"9f36599\" data-elementor-lightbox-title=\"Colla-Pere-Bigot Benissa\" data-elementor-lightbox-description=\"Colla-Pere-Bigot Benissa\" data-e-action-hash=\"#elementor-action%3Aaction%3Dlightbox%26settings%3DeyJpZCI6ODc0MSwidXJsIjoiaHR0cHM6XC9cL2Nvc3RhYmxhbmNhLW1hZ2F6aW4uY29tXC93cC1jb250ZW50XC91cGxvYWRzXC8yMDI1XC8wOVwvQ29sbGEtUGVyZS1CaWdvdC1CZW5pc3NhLmpwZyIsInNsaWRlc2hvdyI6IjlmMzY1OTkifQ%3D%3D\">\n\t\t\t\t\t<div class=\"e-gallery-image elementor-gallery-item__image\" data-thumbnail=\"https:\/\/costablanca-magazin.com\/wp-content\/uploads\/2025\/09\/Colla-Pere-Bigot-Benissa.jpg\" data-width=\"1200\" data-height=\"899\" aria-label=\"Colla-Pere-Bigot Benissa\" role=\"img\" ><\/div>\n\t\t\t\t\t\t\t\t\t\t\t<div class=\"elementor-gallery-item__overlay\"><\/div>\n\t\t\t\t\t\t\t\t\t\t\t\t\t\t<\/a>\n\t\t\t\t\t<\/div>\n\t\t\t\t\t<\/div>\n\t\t\t\t<\/div>\n\t\t\t\t<div class=\"elementor-element elementor-element-ad5ccf9 elementor-widget elementor-widget-image\" data-id=\"ad5ccf9\" data-element_type=\"widget\" data-e-type=\"widget\" data-widget_type=\"image.default\">\n\t\t\t\t<div class=\"elementor-widget-container\">\n\t\t\t\t\t\t\t\t\t\t\t\t\t\t\t<img loading=\"lazy\" decoding=\"async\" width=\"800\" height=\"450\" src=\"https:\/\/costablanca-magazin.com\/wp-content\/uploads\/2025\/09\/Expo-Juan-Alio-Benidorm-1024x576.jpg\" class=\"attachment-large size-large wp-image-8746\" alt=\"Expo Juan Ali\u00f3 Benidorm\" srcset=\"https:\/\/costablanca-magazin.com\/wp-content\/uploads\/2025\/09\/Expo-Juan-Alio-Benidorm-1024x576.jpg 1024w, https:\/\/costablanca-magazin.com\/wp-content\/uploads\/2025\/09\/Expo-Juan-Alio-Benidorm-300x169.jpg 300w, https:\/\/costablanca-magazin.com\/wp-content\/uploads\/2025\/09\/Expo-Juan-Alio-Benidorm-768x432.jpg 768w, https:\/\/costablanca-magazin.com\/wp-content\/uploads\/2025\/09\/Expo-Juan-Alio-Benidorm.jpg 1200w\" sizes=\"(max-width: 800px) 100vw, 800px\" \/>\t\t\t\t\t\t\t\t\t\t\t\t\t\t\t<\/div>\n\t\t\t\t<\/div>\n\t\t\t\t<div class=\"elementor-element elementor-element-03d2b14 elementor-widget elementor-widget-image\" data-id=\"03d2b14\" data-element_type=\"widget\" data-e-type=\"widget\" data-widget_type=\"image.default\">\n\t\t\t\t<div class=\"elementor-widget-container\">\n\t\t\t\t\t\t\t\t\t\t\t\t\t\t\t<img loading=\"lazy\" decoding=\"async\" width=\"800\" height=\"334\" src=\"https:\/\/costablanca-magazin.com\/wp-content\/uploads\/2025\/09\/iberia-benidorm-2-1024x427.jpg\" class=\"attachment-large size-large wp-image-8750\" alt=\"iberia benidorm 2\" srcset=\"https:\/\/costablanca-magazin.com\/wp-content\/uploads\/2025\/09\/iberia-benidorm-2-1024x427.jpg 1024w, https:\/\/costablanca-magazin.com\/wp-content\/uploads\/2025\/09\/iberia-benidorm-2-300x125.jpg 300w, https:\/\/costablanca-magazin.com\/wp-content\/uploads\/2025\/09\/iberia-benidorm-2-768x320.jpg 768w, https:\/\/costablanca-magazin.com\/wp-content\/uploads\/2025\/09\/iberia-benidorm-2.jpg 1200w\" sizes=\"(max-width: 800px) 100vw, 800px\" \/>\t\t\t\t\t\t\t\t\t\t\t\t\t\t\t<\/div>\n\t\t\t\t<\/div>\n\t\t\t\t<div class=\"elementor-element elementor-element-a4e302d elementor-widget elementor-widget-gallery\" data-id=\"a4e302d\" data-element_type=\"widget\" data-e-type=\"widget\" data-settings=\"{&quot;columns&quot;:1,&quot;aspect_ratio&quot;:&quot;1:1&quot;,&quot;lazyload&quot;:&quot;yes&quot;,&quot;gallery_layout&quot;:&quot;grid&quot;,&quot;columns_tablet&quot;:2,&quot;columns_mobile&quot;:1,&quot;gap&quot;:{&quot;unit&quot;:&quot;px&quot;,&quot;size&quot;:10,&quot;sizes&quot;:[]},&quot;gap_tablet&quot;:{&quot;unit&quot;:&quot;px&quot;,&quot;size&quot;:10,&quot;sizes&quot;:[]},&quot;gap_mobile&quot;:{&quot;unit&quot;:&quot;px&quot;,&quot;size&quot;:10,&quot;sizes&quot;:[]},&quot;link_to&quot;:&quot;file&quot;,&quot;overlay_background&quot;:&quot;yes&quot;,&quot;content_hover_animation&quot;:&quot;fade-in&quot;}\" data-widget_type=\"gallery.default\">\n\t\t\t\t<div class=\"elementor-widget-container\">\n\t\t\t\t\t\t\t<div class=\"elementor-gallery__container\">\n\t\t\t\t\t\t\t<a class=\"e-gallery-item elementor-gallery-item elementor-animated-content\" href=\"https:\/\/costablanca-magazin.com\/wp-content\/uploads\/2025\/09\/Guns-n-Roses-Bendirom.jpg\" data-elementor-open-lightbox=\"yes\" data-elementor-lightbox-slideshow=\"a4e302d\" data-elementor-lightbox-title=\"Guns n Roses Bendirom\" data-elementor-lightbox-description=\"Guns n Roses Bendirom\" data-e-action-hash=\"#elementor-action%3Aaction%3Dlightbox%26settings%3DeyJpZCI6ODc0OSwidXJsIjoiaHR0cHM6XC9cL2Nvc3RhYmxhbmNhLW1hZ2F6aW4uY29tXC93cC1jb250ZW50XC91cGxvYWRzXC8yMDI1XC8wOVwvR3Vucy1uLVJvc2VzLUJlbmRpcm9tLmpwZyIsInNsaWRlc2hvdyI6ImE0ZTMwMmQifQ%3D%3D\">\n\t\t\t\t\t<div class=\"e-gallery-image elementor-gallery-item__image\" data-thumbnail=\"https:\/\/costablanca-magazin.com\/wp-content\/uploads\/2025\/09\/Guns-n-Roses-Bendirom.jpg\" data-width=\"852\" data-height=\"1200\" aria-label=\"Guns n Roses Bendirom\" role=\"img\" ><\/div>\n\t\t\t\t\t\t\t\t\t\t\t<div class=\"elementor-gallery-item__overlay\"><\/div>\n\t\t\t\t\t\t\t\t\t\t\t\t\t\t<\/a>\n\t\t\t\t\t<\/div>\n\t\t\t\t\t<\/div>\n\t\t\t\t<\/div>\n\t\t\t\t<\/div>\n\t\t<div class=\"elementor-element elementor-element-4fff73e e-con-full e-flex e-con e-child\" data-id=\"4fff73e\" data-element_type=\"container\" data-e-type=\"container\">\n\t\t\t\t<div class=\"elementor-element elementor-element-866ab76 elementor-widget elementor-widget-heading\" data-id=\"866ab76\" data-element_type=\"widget\" data-e-type=\"widget\" data-widget_type=\"heading.default\">\n\t\t\t\t<div class=\"elementor-widget-container\">\n\t\t\t\t\t<h3 class=\"elementor-heading-title elementor-size-default\">Benissa<\/h3>\t\t\t\t<\/div>\n\t\t\t\t<\/div>\n\t\t\t\t<div class=\"elementor-element elementor-element-b007f9b elementor-widget__width-initial elementor-widget elementor-widget-text-editor\" data-id=\"b007f9b\" data-element_type=\"widget\" data-e-type=\"widget\" data-widget_type=\"text-editor.default\">\n\t\t\t\t<div class=\"elementor-widget-container\">\n\t\t\t\t\t\t\t\t\t<p>19. og 20. september 2025 arrangeres \u201eTardeo filadas capitanas Moros y Cristianos 2026\u201c i Passeig Joaqu\u00edn Piera i Mariana Torres med musikk, dans og et festlig program. <\/p><p>\u201eTardeo filadas capitanas Moros y Cristianos 2026\u201c vil bli feiret der igjen den 26. og 27. september 2025. Ogs\u00e5 her kan bes\u00f8kende forvente musikk, dans og underholdning med gratis inngang.<\/p><p>Den 25. oktober 2025 blir det flere arrangementer p\u00e5 Placeta de la Esgl\u00e9sia Vella for \u00e5 feire 25-\u00e5rsjubileet til Colla de Xirimiters Pere Bigot: bokpresentasjon, fotoutstilling, vino de honore og en konsert med Tocant i Rodant &amp; AlVent.<\/p><p>Den 26. oktober 2025 arrangerer Colla de Xirimiters Pere Bigot \u201eEncuentro Comarcal de Colles Marina Alta y Marina Baixa\u201c med mottakelse, pasacalles, felles opptreden og middag i Placeta de la Esgl\u00e9sia Vella.<\/p>\t\t\t\t\t\t\t\t<\/div>\n\t\t\t\t<\/div>\n\t\t\t\t<div class=\"elementor-element elementor-element-7554955 elementor-widget elementor-widget-heading\" data-id=\"7554955\" data-element_type=\"widget\" data-e-type=\"widget\" data-widget_type=\"heading.default\">\n\t\t\t\t<div class=\"elementor-widget-container\">\n\t\t\t\t\t<h3 class=\"elementor-heading-title elementor-size-default\">Benidorm<\/h3>\t\t\t\t<\/div>\n\t\t\t\t<\/div>\n\t\t\t\t<div class=\"elementor-element elementor-element-0ccc2b9 elementor-widget__width-initial elementor-widget elementor-widget-text-editor\" data-id=\"0ccc2b9\" data-element_type=\"widget\" data-e-type=\"widget\" data-widget_type=\"text-editor.default\">\n\t\t\t\t<div class=\"elementor-widget-container\">\n\t\t\t\t\t\t\t\t\t<p>Fra 17. til 20. september er Gran Hotel Bali vertskap for festivalen Sunny Days and Disco Nights, fire dager med diskotek, musikk og dans i det spanske solskinnet.<\/p><p>Fra 16. september til 10. oktober kan du se utstillingen Fantas\u00edas On\u00edricas av maleren Juan Ali\u00f3 i Espai d'Art i Ayuntamiento.<\/p><p>Den 26. september kl. 21.30 er Rockstar Benidorm vertskap for Parklife Fest, med en hyllest til Oasis og en Britpop-kveld full av livemusikk og DJ-sett.<\/p><p>Den 27. september kl. 20.00 i Auditorio \u00d3scar Espl\u00e1 vil konserten M\u00fasica Festera finne sted som en del av XXIV Concurso de Composici\u00f3n \u201eVilla de Benidorm\u201c, fremf\u00f8rt av S.M. L'Illa de Benidorm.<\/p><p>Fra 2. til 5. oktober feires den tradisjonelle Moros y Cristianos-festivalen i Benidorm, med parader, slag, musikk, pyroteknikk og den endelige gjenerobringen av festningen i Benidorm.<\/p><p>Den 3. oktober kl. 20:00 i Sal\u00f3n de Actos i Ayuntamiento blir det konsert som en del av Ciclo Grandes Recitales: Piano a 4 manos med Duo Scherzando.<\/p><p>Konserten Tributo a Guns N\u2019 Roses - Nightrain to Paradise finner sted 4. oktober kl. 22:00 i Sala Rockstar<\/p><p>Familieteateret Presente av Mireia Mracle finner sted 11. oktober kl. 18.00 i Auditorio Centro Cultural<\/p><p>Fra 11. til 12. oktober er Benidorm vertskap for Iberia Festival, to dager med poprock med mer enn 20 timer med musikk og en spektakul\u00e6r line-up av spanske band.<\/p>\t\t\t\t\t\t\t\t<\/div>\n\t\t\t\t<\/div>\n\t\t\t\t<\/div>\n\t\t\t\t\t<\/div>\n\t\t\t\t<\/div>\n\t\t<div class=\"elementor-element elementor-element-0abd803 e-flex e-con-boxed e-con e-parent\" data-id=\"0abd803\" data-element_type=\"container\" data-e-type=\"container\">\n\t\t\t\t\t<div class=\"e-con-inner\">\n\t\t\t\t<div class=\"elementor-element elementor-element-f2fee74 elementor-widget-divider--separator-type-pattern elementor-widget-divider--view-line elementor-widget elementor-widget-divider\" data-id=\"f2fee74\" data-element_type=\"widget\" data-e-type=\"widget\" data-widget_type=\"divider.default\">\n\t\t\t\t<div class=\"elementor-widget-container\">\n\t\t\t\t\t\t\t<div class=\"elementor-divider\" style=\"--divider-pattern-url: url(&quot;data:image\/svg+xml,%3Csvg xmlns=&#039;http:\/\/www.w3.org\/2000\/svg&#039; preserveAspectRatio=&#039;none&#039; overflow=&#039;visible&#039; height=&#039;100%&#039; viewBox=&#039;0 0 24 24&#039; fill=&#039;none&#039; stroke=&#039;black&#039; stroke-width=&#039;1.5&#039; stroke-linecap=&#039;square&#039; stroke-miterlimit=&#039;10&#039;%3E%3Cpath d=&#039;M0,6c6,0,0.9,11.1,6.9,11.1S18,6,24,6&#039;\/%3E%3C\/svg%3E&quot;);\">\n\t\t\t<span class=\"elementor-divider-separator\">\n\t\t\t\t\t\t<\/span>\n\t\t<\/div>\n\t\t\t\t\t\t<\/div>\n\t\t\t\t<\/div>\n\t\t\t\t<div class=\"elementor-element elementor-element-c92deb9 elementor-widget elementor-widget-heading\" data-id=\"c92deb9\" data-element_type=\"widget\" data-e-type=\"widget\" data-widget_type=\"heading.default\">\n\t\t\t\t<div class=\"elementor-widget-container\">\n\t\t\t\t\t<h4 class=\"elementor-heading-title elementor-size-default\">Fortell oss om ditt arrangement c.rehagel@die-inselzeitung.com - - Charlotta Rehagel\nCharlotta Rehagel<\/h4>\t\t\t\t<\/div>\n\t\t\t\t<\/div>\n\t\t\t\t<div class=\"elementor-element elementor-element-ae81dc6 elementor-widget-divider--separator-type-pattern elementor-widget-divider--view-line elementor-widget elementor-widget-divider\" data-id=\"ae81dc6\" data-element_type=\"widget\" data-e-type=\"widget\" data-widget_type=\"divider.default\">\n\t\t\t\t<div class=\"elementor-widget-container\">\n\t\t\t\t\t\t\t<div class=\"elementor-divider\" style=\"--divider-pattern-url: url(&quot;data:image\/svg+xml,%3Csvg xmlns=&#039;http:\/\/www.w3.org\/2000\/svg&#039; preserveAspectRatio=&#039;none&#039; overflow=&#039;visible&#039; height=&#039;100%&#039; viewBox=&#039;0 0 24 24&#039; fill=&#039;none&#039; stroke=&#039;black&#039; stroke-width=&#039;1.5&#039; stroke-linecap=&#039;square&#039; stroke-miterlimit=&#039;10&#039;%3E%3Cpath d=&#039;M0,6c6,0,0.9,11.1,6.9,11.1S18,6,24,6&#039;\/%3E%3C\/svg%3E&quot;);\">\n\t\t\t<span class=\"elementor-divider-separator\">\n\t\t\t\t\t\t<\/span>\n\t\t<\/div>\n\t\t\t\t\t\t<\/div>\n\t\t\t\t<\/div>\n\t\t\t\t<div class=\"elementor-element elementor-element-b7c0fc3 elementor-grid-3 elementor-grid-tablet-2 elementor-grid-mobile-1 elementor-posts--thumbnail-top elementor-posts--show-avatar elementor-card-shadow-yes elementor-posts__hover-gradient elementor-widget elementor-widget-posts\" data-id=\"b7c0fc3\" data-element_type=\"widget\" data-e-type=\"widget\" data-settings=\"{&quot;cards_columns&quot;:&quot;3&quot;,&quot;cards_columns_tablet&quot;:&quot;2&quot;,&quot;cards_columns_mobile&quot;:&quot;1&quot;,&quot;cards_row_gap&quot;:{&quot;unit&quot;:&quot;px&quot;,&quot;size&quot;:35,&quot;sizes&quot;:[]},&quot;cards_row_gap_tablet&quot;:{&quot;unit&quot;:&quot;px&quot;,&quot;size&quot;:&quot;&quot;,&quot;sizes&quot;:[]},&quot;cards_row_gap_mobile&quot;:{&quot;unit&quot;:&quot;px&quot;,&quot;size&quot;:&quot;&quot;,&quot;sizes&quot;:[]}}\" data-widget_type=\"posts.cards\">\n\t\t\t\t<div class=\"elementor-widget-container\">\n\t\t\t\t\t\t\t<div class=\"elementor-posts-container elementor-posts elementor-posts--skin-cards elementor-grid\" role=\"list\">\n\t\t\t\t<article class=\"elementor-post elementor-grid-item post-8460 post type-post status-publish format-standard has-post-thumbnail hentry category-veranstaltungen-events tag-festa-del-moscatell tag-fiestas-de-la-vendimia tag-moscatel-wein tag-mostra-de-vins-benissa tag-weinlese-marina-alta tag-weinlese-marina-baixa\" role=\"listitem\">\n\t\t\t<div class=\"elementor-post__card\">\n\t\t\t\t<a class=\"elementor-post__thumbnail__link\" href=\"https:\/\/costablanca-magazin.com\/nb\/freizeit\/veranstaltungen-events\/spaetsommer-in-der-marina-alta-und-der-marina-baixa\/\" tabindex=\"-1\" ><div class=\"elementor-post__thumbnail\"><img loading=\"lazy\" decoding=\"async\" width=\"1536\" height=\"350\" src=\"https:\/\/costablanca-magazin.com\/wp-content\/uploads\/2025\/08\/weinabau01.jpg\" class=\"attachment-2048x2048 size-2048x2048 wp-image-10400\" alt=\"weinabau01\" srcset=\"https:\/\/costablanca-magazin.com\/wp-content\/uploads\/2025\/08\/weinabau01.jpg 1536w, https:\/\/costablanca-magazin.com\/wp-content\/uploads\/2025\/08\/weinabau01-300x68.jpg 300w, https:\/\/costablanca-magazin.com\/wp-content\/uploads\/2025\/08\/weinabau01-1024x233.jpg 1024w, https:\/\/costablanca-magazin.com\/wp-content\/uploads\/2025\/08\/weinabau01-768x175.jpg 768w, https:\/\/costablanca-magazin.com\/wp-content\/uploads\/2025\/08\/weinabau01-18x4.jpg 18w\" sizes=\"(max-width: 1536px) 100vw, 1536px\" \/><\/div><\/a>\n\t\t\t\t<div class=\"elementor-post__badge\">Arrangementer og begivenheter<\/div>\n\t\t\t\t<div class=\"elementor-post__avatar\">\n\t\t\t\t\t<\/div>\n\t\t\t\t<div class=\"elementor-post__text\">\n\t\t\t\t<h3 class=\"elementor-post__title\">\n\t\t\t<a href=\"https:\/\/costablanca-magazin.com\/nb\/freizeit\/veranstaltungen-events\/spaetsommer-in-der-marina-alta-und-der-marina-baixa\/\" >\n\t\t\t\tSensommer i Marina Alta og Marina Baixa\t\t\t<\/a>\n\t\t<\/h3>\n\t\t\t\t<\/div>\n\t\t\t\t\t<\/div>\n\t\t<\/article>\n\t\t\t\t<article class=\"elementor-post elementor-grid-item post-8396 post type-post status-publish format-standard has-post-thumbnail hentry category-veranstaltungen-events tag-festivals-benidorm tag-konzerte-costa-blanca tag-open-air-kino-costa-blanca tag-patronatsfeste-costa-blanca tag-veranstaltungen-costa-blanca\" role=\"listitem\">\n\t\t\t<div class=\"elementor-post__card\">\n\t\t\t\t<a class=\"elementor-post__thumbnail__link\" href=\"https:\/\/costablanca-magazin.com\/nb\/freizeit\/veranstaltungen-events\/august-september-veranstaltungen-an-der-costa-blanca-2025\/\" tabindex=\"-1\" ><div class=\"elementor-post__thumbnail\"><img loading=\"lazy\" decoding=\"async\" width=\"2048\" height=\"1366\" src=\"https:\/\/costablanca-magazin.com\/wp-content\/uploads\/2025\/08\/happy-young-african-adult-afro-woman-dancing-with-2025-01-07-06-55-26-utc-2048x1366.jpg\" class=\"attachment-2048x2048 size-2048x2048 wp-image-8397\" alt=\"En sommer full av festivaler, musikk og kultur p\u00e5 Costa Blanca\" srcset=\"https:\/\/costablanca-magazin.com\/wp-content\/uploads\/2025\/08\/happy-young-african-adult-afro-woman-dancing-with-2025-01-07-06-55-26-utc-2048x1366.jpg 2048w, https:\/\/costablanca-magazin.com\/wp-content\/uploads\/2025\/08\/happy-young-african-adult-afro-woman-dancing-with-2025-01-07-06-55-26-utc-300x200.jpg 300w, https:\/\/costablanca-magazin.com\/wp-content\/uploads\/2025\/08\/happy-young-african-adult-afro-woman-dancing-with-2025-01-07-06-55-26-utc-1024x683.jpg 1024w, https:\/\/costablanca-magazin.com\/wp-content\/uploads\/2025\/08\/happy-young-african-adult-afro-woman-dancing-with-2025-01-07-06-55-26-utc-768x512.jpg 768w, https:\/\/costablanca-magazin.com\/wp-content\/uploads\/2025\/08\/happy-young-african-adult-afro-woman-dancing-with-2025-01-07-06-55-26-utc-1536x1024.jpg 1536w\" sizes=\"(max-width: 2048px) 100vw, 2048px\" \/><\/div><\/a>\n\t\t\t\t<div class=\"elementor-post__badge\">Arrangementer og begivenheter<\/div>\n\t\t\t\t<div class=\"elementor-post__avatar\">\n\t\t\t\t\t<\/div>\n\t\t\t\t<div class=\"elementor-post__text\">\n\t\t\t\t<h3 class=\"elementor-post__title\">\n\t\t\t<a href=\"https:\/\/costablanca-magazin.com\/nb\/freizeit\/veranstaltungen-events\/august-september-veranstaltungen-an-der-costa-blanca-2025\/\" >\n\t\t\t\tArrangementer i august og september p\u00e5 Costa Blanca 2025\t\t\t<\/a>\n\t\t<\/h3>\n\t\t\t\t<\/div>\n\t\t\t\t\t<\/div>\n\t\t<\/article>\n\t\t\t\t<article class=\"elementor-post elementor-grid-item post-7991 post type-post status-publish format-standard has-post-thumbnail hentry category-veranstaltungen-events tag-costa-blanca-2 tag-feuerwerk-altea-castell-de-lolla tag-fiesta-costa-blanca tag-moros-y-cristianos tag-veranstaltungen-costablanca\" role=\"listitem\">\n\t\t\t<div class=\"elementor-post__card\">\n\t\t\t\t<a class=\"elementor-post__thumbnail__link\" href=\"https:\/\/costablanca-magazin.com\/nb\/freizeit\/veranstaltungen-events\/juli-2025-veranstaltungen-an-der-costa-blanca-fiestas-und-konzerte\/\" tabindex=\"-1\" ><div class=\"elementor-post__thumbnail\"><img loading=\"lazy\" decoding=\"async\" width=\"2048\" height=\"1365\" src=\"https:\/\/costablanca-magazin.com\/wp-content\/uploads\/2025\/07\/young-couple-eating-popcorn-while-watching-a-movie-2024-12-13-18-32-33-utc-2048x1365.jpg\" class=\"attachment-2048x2048 size-2048x2048 wp-image-8000\" alt=\"Juli 2025 Arrangementer p\u00e5 Costa Blanca - Fester og konserter\" srcset=\"https:\/\/costablanca-magazin.com\/wp-content\/uploads\/2025\/07\/young-couple-eating-popcorn-while-watching-a-movie-2024-12-13-18-32-33-utc-2048x1365.jpg 2048w, https:\/\/costablanca-magazin.com\/wp-content\/uploads\/2025\/07\/young-couple-eating-popcorn-while-watching-a-movie-2024-12-13-18-32-33-utc-300x200.jpg 300w, https:\/\/costablanca-magazin.com\/wp-content\/uploads\/2025\/07\/young-couple-eating-popcorn-while-watching-a-movie-2024-12-13-18-32-33-utc-1024x683.jpg 1024w, https:\/\/costablanca-magazin.com\/wp-content\/uploads\/2025\/07\/young-couple-eating-popcorn-while-watching-a-movie-2024-12-13-18-32-33-utc-768x512.jpg 768w, https:\/\/costablanca-magazin.com\/wp-content\/uploads\/2025\/07\/young-couple-eating-popcorn-while-watching-a-movie-2024-12-13-18-32-33-utc-1536x1024.jpg 1536w\" sizes=\"(max-width: 2048px) 100vw, 2048px\" \/><\/div><\/a>\n\t\t\t\t<div class=\"elementor-post__badge\">Arrangementer og begivenheter<\/div>\n\t\t\t\t<div class=\"elementor-post__avatar\">\n\t\t\t\t\t<\/div>\n\t\t\t\t<div class=\"elementor-post__text\">\n\t\t\t\t<h3 class=\"elementor-post__title\">\n\t\t\t<a href=\"https:\/\/costablanca-magazin.com\/nb\/freizeit\/veranstaltungen-events\/juli-2025-veranstaltungen-an-der-costa-blanca-fiestas-und-konzerte\/\" >\n\t\t\t\tJuli 2025 Arrangementer p\u00e5 Costa Blanca - Fester og konserter\t\t\t<\/a>\n\t\t<\/h3>\n\t\t\t\t<\/div>\n\t\t\t\t\t<\/div>\n\t\t<\/article>\n\t\t\t\t<\/div>\n\t\t\n\t\t\t\t\t\t<\/div>\n\t\t\t\t<\/div>\n\t\t\t\t\t<\/div>\n\t\t\t\t<\/div>\n\t\t\t\t<\/div>","protected":false},"excerpt":{"rendered":"<p>September- og oktoberarrangementer p\u00e5 Costa Blanca 2025 Oppdag de beste arrangementene p\u00e5 Costa Blanca om h\u00f8sten<\/p>","protected":false},"author":1,"featured_media":8734,"comment_status":"closed","ping_status":"closed","sticky":false,"template":"elementor_header_footer","format":"standard","meta":{"om_disable_all_campaigns":false,"_monsterinsights_skip_tracking":false,"_monsterinsights_sitenote_active":false,"_monsterinsights_sitenote_note":"","_monsterinsights_sitenote_category":0,"footnotes":""},"categories":[22],"tags":[1155,1151,1153,1152,1156,1157,182,1154],"class_list":["post-8729","post","type-post","status-publish","format-standard","has-post-thumbnail","hentry","category-aktivitaeten-und-ausfluege","tag-bierfeste-moraira","tag-costa-blanca-veranstaltungen-2025","tag-festivals-costa-blanca","tag-herbst-events-costa-blanca","tag-kinderaktionen-javea","tag-kultur-events-calpe","tag-oktoberfest-la-nucia","tag-zombie-rallye-la-nucia"],"aioseo_notices":[],"_links":{"self":[{"href":"https:\/\/costablanca-magazin.com\/nb\/wp-json\/wp\/v2\/posts\/8729","targetHints":{"allow":["GET"]}}],"collection":[{"href":"https:\/\/costablanca-magazin.com\/nb\/wp-json\/wp\/v2\/posts"}],"about":[{"href":"https:\/\/costablanca-magazin.com\/nb\/wp-json\/wp\/v2\/types\/post"}],"author":[{"embeddable":true,"href":"https:\/\/costablanca-magazin.com\/nb\/wp-json\/wp\/v2\/users\/1"}],"replies":[{"embeddable":true,"href":"https:\/\/costablanca-magazin.com\/nb\/wp-json\/wp\/v2\/comments?post=8729"}],"version-history":[{"count":10,"href":"https:\/\/costablanca-magazin.com\/nb\/wp-json\/wp\/v2\/posts\/8729\/revisions"}],"predecessor-version":[{"id":9869,"href":"https:\/\/costablanca-magazin.com\/nb\/wp-json\/wp\/v2\/posts\/8729\/revisions\/9869"}],"wp:featuredmedia":[{"embeddable":true,"href":"https:\/\/costablanca-magazin.com\/nb\/wp-json\/wp\/v2\/media\/8734"}],"wp:attachment":[{"href":"https:\/\/costablanca-magazin.com\/nb\/wp-json\/wp\/v2\/media?parent=8729"}],"wp:term":[{"taxonomy":"category","embeddable":true,"href":"https:\/\/costablanca-magazin.com\/nb\/wp-json\/wp\/v2\/categories?post=8729"},{"taxonomy":"post_tag","embeddable":true,"href":"https:\/\/costablanca-magazin.com\/nb\/wp-json\/wp\/v2\/tags?post=8729"}],"curies":[{"name":"wp","href":"https:\/\/api.w.org\/{rel}","templated":true}]}}