{"id":7995,"date":"2025-07-16T09:00:00","date_gmt":"2025-07-16T07:00:00","guid":{"rendered":"https:\/\/costablanca-magazin.com\/?p=7995"},"modified":"2026-08-20T08:19:17","modified_gmt":"2026-08-20T06:19:17","slug":"nytt-leieregister-spania-registreringsplikt-for-ferieutleie","status":"publish","type":"post","link":"https:\/\/costablanca-magazin.com\/nb\/immobilien\/service-recht\/neues-mietregister-spanien-registrierungs-pflicht-fuer-ferienvermietung\/","title":{"rendered":"Nytt utleieregister Spania - obligatorisk registrering for ferieboliger"},"content":{"rendered":"<div data-elementor-type=\"wp-post\" data-elementor-id=\"7995\" class=\"elementor elementor-7995\" data-elementor-post-type=\"post\">\n\t\t\t\t<div class=\"elementor-element elementor-element-ea2a2d5 e-flex e-con-boxed e-con e-parent\" data-id=\"ea2a2d5\" data-element_type=\"container\" data-e-type=\"container\">\n\t\t\t\t\t<div class=\"e-con-inner\">\n\t\t\t\t<div class=\"elementor-element elementor-element-9336df4 elementor-widget elementor-widget-heading\" data-id=\"9336df4\" data-element_type=\"widget\" data-e-type=\"widget\" data-widget_type=\"heading.default\">\n\t\t\t\t<div class=\"elementor-widget-container\">\n\t\t\t\t\t<h1 class=\"elementor-heading-title elementor-size-default\">Nytt utleieregister lansert:\nRegistreringsplikt\nregistreringsplikt for\nfritidsleiligheter<\/h1>\t\t\t\t<\/div>\n\t\t\t\t<\/div>\n\t\t\t\t<div class=\"elementor-element elementor-element-556f333 elementor-widget elementor-widget-image\" data-id=\"556f333\" data-element_type=\"widget\" data-e-type=\"widget\" data-widget_type=\"image.default\">\n\t\t\t\t<div class=\"elementor-widget-container\">\n\t\t\t\t\t\t\t\t\t\t\t\t\t\t\t<img decoding=\"async\" src=\"https:\/\/costablanca-magazin.com\/wp-content\/uploads\/elementor\/thumbs\/small-toy-houses-over-keyboard-2024-10-16-14-29-09-utc-rjc5gdv5og5vcg13c16b3o4wxr14yt7rg41xhatl0s.jpg\" title=\"Nytt utleieregister lansert: obligatorisk registrering av fritidsleiligheter\" alt=\"Nytt leieregister opprettet: Registreringsplikt for ferieboliger\" loading=\"lazy\" \/>\t\t\t\t\t\t\t\t\t\t\t\t\t\t\t<\/div>\n\t\t\t\t<\/div>\n\t\t\t\t\t<\/div>\n\t\t\t\t<\/div>\n\t\t<div class=\"elementor-element elementor-element-74cf0c8 e-flex e-con-boxed e-con e-parent\" data-id=\"74cf0c8\" data-element_type=\"container\" data-e-type=\"container\">\n\t\t\t\t\t<div class=\"e-con-inner\">\n\t\t\t\t<div class=\"elementor-element elementor-element-7aefd07 elementor-widget elementor-widget-heading\" data-id=\"7aefd07\" data-element_type=\"widget\" data-e-type=\"widget\" data-widget_type=\"heading.default\">\n\t\t\t\t<div class=\"elementor-widget-container\">\n\t\t\t\t\t<h2 class=\"elementor-heading-title elementor-size-default\">Eiere m\u00e5 rapportere eiendommene sine\np\u00e5 nettet - h\u00f8ye straffer\nfor lovbrudd<\/h2>\t\t\t\t<\/div>\n\t\t\t\t<\/div>\n\t\t\t\t\t<\/div>\n\t\t\t\t<\/div>\n\t\t<div class=\"elementor-element elementor-element-e3b50e5 e-flex e-con-boxed e-con e-parent\" data-id=\"e3b50e5\" data-element_type=\"container\" data-e-type=\"container\">\n\t\t\t\t\t<div class=\"e-con-inner\">\n\t\t<div class=\"elementor-element elementor-element-f5a05ec e-con-full e-flex e-con e-child\" data-id=\"f5a05ec\" data-element_type=\"container\" data-e-type=\"container\">\n\t\t\t\t<div class=\"elementor-element elementor-element-ab6cf20 elementor-widget elementor-widget-text-editor\" data-id=\"ab6cf20\" data-element_type=\"widget\" data-e-type=\"widget\" data-widget_type=\"text-editor.default\">\n\t\t\t\t<div class=\"elementor-widget-container\">\n\t\t\t\t\t\t\t\t\t<p>Den nye europeiske forordningen for korttidsutleie har v\u00e6rt i kraft i Spania siden 1. juli. Den forplikter eiere til \u00e5 registrere ferie- og sesongboligene sine i et sentralt register for \u00e5 skape \u00e5penhet og bedre kontroll med ulovlige tilbud.<br \/>If\u00f8lge boligdepartementet er det n\u00e5 flere hundre tusen ferieboliger som jevnlig annonseres p\u00e5 plattformer som Airbnb, Booking eller Vrbo. Et spesielt stort antall av disse eiendommene er konsentrert i Alicante-provinsen - if\u00f8lge dagens tall befinner over 40 prosent av hele det spanske ferieboligmarkedet seg her alene.<\/p><p><strong>Hvilken innkvartering <\/strong><strong>m\u00e5 registreres?<\/strong><br \/>Alle eiendommer som regelmessig leies ut for turist- eller sesongopphold p\u00e5 mindre enn 31 dager, m\u00e5 registreres - uavhengig av om de markedsf\u00f8res privat eller via en megler. Hver annonse skal i fremtiden inneholde et unikt identifikasjonsnummer. Uten denne koden er det forbudt \u00e5 publisere p\u00e5 Internett.<\/p><p>Lengre leieforhold p\u00e5 mer enn \u00e9n m\u00e5ned for boligform\u00e5l og sporadisk leie av rom i egen hovedbolig er unntatt - med mindre regionale forskrifter bestemmer noe annet.<\/p><p><strong>Slik fungerer registreringen<\/strong><br \/>Meldingen skjer via den sentrale plattformen Ventanilla \u00danica Digital de Arrendamientos, som samler s\u00f8knadene og videresender dem til de ansvarlige myndighetene.<\/p><p>Steg for steg:<br \/>1. Fyll ut det elektroniske skjemaet med alle opplysninger om eiendommen, eieren og type bruk<br \/>2. Lagre skjemaet som en PDF-fil.<br \/>3. Send inn s\u00f8knaden om tildeling av registreringsnummer p\u00e5 nett.<br \/>4. Last opp alle n\u00f8dvendige dokumenter, f.eks. autorisasjoner eller erkl\u00e6ringer i henhold til regional lovgivning.<\/p>\t\t\t\t\t\t\t\t<\/div>\n\t\t\t\t<\/div>\n\t\t\t\t<\/div>\n\t\t<div class=\"elementor-element elementor-element-c94bec4 e-con-full e-flex e-con e-child\" data-id=\"c94bec4\" data-element_type=\"container\" data-e-type=\"container\">\n\t\t\t\t<div class=\"elementor-element elementor-element-62dfaca elementor-widget elementor-widget-text-editor\" data-id=\"62dfaca\" data-element_type=\"widget\" data-e-type=\"widget\" data-widget_type=\"text-editor.default\">\n\t\t\t\t<div class=\"elementor-widget-container\">\n\t\t\t\t\t\t\t\t\t<p>Etter kontroll tildeles det unike registreringsnummeret - det m\u00e5 v\u00e6re godt synlig i hver annonse.<\/p><p><strong>Hvilken informasjon trenger du?<\/strong><br \/>Blant annet kreves f\u00f8lgende:<br \/>- Fullstendig adresse og matrikkelreferanse<br \/>- Maksimalt belegg<br \/>- Angivelse av om eiendommen ligger i en boligbygning<br \/>- Bevis p\u00e5 kommunale autorisasjoner (hvis p\u00e5krevd)<br \/>- Personopplysninger om eieren eller representanten<\/p><p>Portalen er tilgjengelig p\u00e5 flere spr\u00e5k - blant annet engelsk, tysk og fransk.<\/p><p><strong>Sanksjoner ved manglende overholdelse<\/strong><br \/>Den som enn\u00e5 ikke har registrert eiendommen sin eller gir ufullstendige opplysninger, risikerer store konsekvenser: Departementet kan f\u00e5 uregistrerte eiendommer blokkert umiddelbart. Plattformer som Airbnb eller Booking m\u00e5 fjerne slike oppf\u00f8ringer innen 48 timer etter at de har blitt informert.<\/p><p>Siden midten av fjor\u00e5ret har titusenvis av ferieleiligheter allerede forsvunnet fra markedet - s\u00e6rlig i popul\u00e6re kystomr\u00e5der.<\/p><p>Hvis du som eier eiendom p\u00e5 Costa Blanca \u00f8nsker \u00e5 fortsette \u00e5 leie ut p\u00e5 lovlig vis, b\u00f8r du oppfylle registreringskravene n\u00e5. Arbeidet er overkommelig - men straffen for \u00e5 ikke overholde kravene er streng.<\/p><p><strong>Detaljert informasjon <\/strong><strong>og muligheten til \u00e5 <\/strong><br \/><strong>S\u00f8knad p\u00e5 nett <\/strong><strong>finner du under:<\/strong><br \/><strong><a href=\"https:\/\/www.registradores.org\" target=\"_blank\" rel=\"noopener\">https:\/\/www.registradores.org<\/a><\/strong><\/p>\t\t\t\t\t\t\t\t<\/div>\n\t\t\t\t<\/div>\n\t\t\t\t<\/div>\n\t\t\t\t\t<\/div>\n\t\t\t\t<\/div>\n\t\t\t\t<\/div>","protected":false},"excerpt":{"rendered":"<p>Neues Mietregister gestartet: Registrierungs- Pflicht f\u00fcr Ferienwohnungen Eigent\u00fcmer m\u00fcssen ihre Objekte online melden \u2013 hohe Strafen bei Verst\u00f6\u00dfen Seit dem 1. Juli ist in Spanien die neue europ\u00e4ische Verordnung f\u00fcr Kurzzeitvermietungen verbindlich in Kraft. Sie verpflichtet Eigen\u00adt\u00fcmer, ihre Ferien- und Saisonunterk\u00fcnfte in ein zentrales Register einzutragen, um Transparenz zu schaffen und illegale Angebote besser kontrollieren [&hellip;]<\/p>\n","protected":false},"author":2,"featured_media":8042,"comment_status":"closed","ping_status":"closed","sticky":false,"template":"elementor_header_footer","format":"standard","meta":{"footnotes":""},"categories":[984],"tags":[1804,1760,1793],"class_list":["post-7995","post","type-post","status-publish","format-standard","has-post-thumbnail","hentry","category-service-recht","tag-ferienvermietung-costa-blanca","tag-immobilienrecht-spanien","tag-recht-spanien"],"aioseo_notices":[],"aioseo_head":"\n\t\t<!-- All in One SEO Pro 5.0.1.1 - aioseo.com -->\n\t<meta name=\"description\" content=\"Ferienwohnungen - Eigent\u00fcmer m\u00fcssen ihre Objekte online melden \u2013 hohe Strafen bei Verst\u00f6\u00dfen\" \/>\n\t<meta name=\"robots\" content=\"max-snippet:-1, max-image-preview:large, max-video-preview:-1\" \/>\n\t<meta name=\"author\" content=\"Manuela Rehagel\"\/>\n\t<link rel=\"canonical\" href=\"https:\/\/costablanca-magazin.com\/nb\/immobilien\/service-recht\/neues-mietregister-spanien-registrierungs-pflicht-fuer-ferienvermietung\/\" \/>\n\t<meta name=\"generator\" content=\"All in One SEO Pro (AIOSEO) 5.0.1.1\" \/>\n\t\t<meta property=\"og:locale\" content=\"nb_NO\" \/>\n\t\t<meta property=\"og:site_name\" content=\"Costa Blanca Magazin\" \/>\n\t\t<meta property=\"og:type\" content=\"article\" \/>\n\t\t<meta property=\"og:title\" content=\"Neues Mietregister gestartet - Registrierungs-Pflicht\" \/>\n\t\t<meta property=\"og:description\" content=\"Ferienwohnungen - Eigent\u00fcmer m\u00fcssen ihre Objekte online melden \u2013 hohe Strafen bei Verst\u00f6\u00dfen\" \/>\n\t\t<meta property=\"og:url\" content=\"https:\/\/costablanca-magazin.com\/nb\/immobilien\/service-recht\/neues-mietregister-spanien-registrierungs-pflicht-fuer-ferienvermietung\/\" \/>\n\t\t<meta property=\"og:image\" content=\"https:\/\/costablanca-magazin.com\/wp-content\/uploads\/2025\/07\/small-toy-houses-over-keyboard-2024-10-16-14-29-09-utc.jpg\" \/>\n\t\t<meta property=\"og:image:secure_url\" content=\"https:\/\/costablanca-magazin.com\/wp-content\/uploads\/2025\/07\/small-toy-houses-over-keyboard-2024-10-16-14-29-09-utc.jpg\" \/>\n\t\t<meta property=\"og:image:width\" content=\"2100\" \/>\n\t\t<meta property=\"og:image:height\" content=\"1400\" \/>\n\t\t<meta property=\"article:published_time\" content=\"2025-07-16T07:00:00+00:00\" \/>\n\t\t<meta property=\"article:modified_time\" content=\"2026-08-20T06:19:17+00:00\" \/>\n\t\t<meta property=\"article:publisher\" content=\"https:\/\/www.facebook.com\/costablancalifestyle\/\" \/>\n\t\t<meta name=\"twitter:card\" content=\"summary_large_image\" \/>\n\t\t<meta name=\"twitter:title\" content=\"Neues Mietregister gestartet - Registrierungs-Pflicht\" \/>\n\t\t<meta name=\"twitter:description\" content=\"Ferienwohnungen - Eigent\u00fcmer m\u00fcssen ihre Objekte online melden \u2013 hohe Strafen bei Verst\u00f6\u00dfen\" \/>\n\t\t<meta name=\"twitter:image\" content=\"https:\/\/costablanca-magazin.com\/wp-content\/uploads\/2025\/07\/small-toy-houses-over-keyboard-2024-10-16-14-29-09-utc.jpg\" \/>\n\t\t<script type=\"application\/ld+json\" class=\"aioseo-schema\">\n\t\t\t{\"@context\":\"https:\\\/\\\/schema.org\",\"@graph\":[{\"@type\":\"BreadcrumbList\",\"@id\":\"https:\\\/\\\/costablanca-magazin.com\\\/nb\\\/immobilien\\\/service-recht\\\/neues-mietregister-spanien-registrierungs-pflicht-fuer-ferienvermietung\\\/#breadcrumblist\",\"itemListElement\":[{\"@type\":\"ListItem\",\"@id\":\"https:\\\/\\\/costablanca-magazin.com\\\/nb#listItem\",\"position\":1,\"name\":\"Home\",\"item\":\"https:\\\/\\\/costablanca-magazin.com\\\/nb\",\"nextItem\":{\"@type\":\"ListItem\",\"@id\":\"https:\\\/\\\/costablanca-magazin.com\\\/nb\\\/eiendom\\\/#listItem\",\"name\":\"Immobilien\"}},{\"@type\":\"ListItem\",\"@id\":\"https:\\\/\\\/costablanca-magazin.com\\\/nb\\\/eiendom\\\/#listItem\",\"position\":2,\"name\":\"Immobilien\",\"item\":\"https:\\\/\\\/costablanca-magazin.com\\\/nb\\\/eiendom\\\/\",\"nextItem\":{\"@type\":\"ListItem\",\"@id\":\"https:\\\/\\\/costablanca-magazin.com\\\/nb\\\/service-rett\\\/#listItem\",\"name\":\"Service &amp; Recht\"},\"previousItem\":{\"@type\":\"ListItem\",\"@id\":\"https:\\\/\\\/costablanca-magazin.com\\\/nb#listItem\",\"name\":\"Home\"}},{\"@type\":\"ListItem\",\"@id\":\"https:\\\/\\\/costablanca-magazin.com\\\/nb\\\/service-rett\\\/#listItem\",\"position\":3,\"name\":\"Service &amp; Recht\",\"item\":\"https:\\\/\\\/costablanca-magazin.com\\\/nb\\\/service-rett\\\/\",\"nextItem\":{\"@type\":\"ListItem\",\"@id\":\"https:\\\/\\\/costablanca-magazin.com\\\/nb\\\/immobilien\\\/service-recht\\\/neues-mietregister-spanien-registrierungs-pflicht-fuer-ferienvermietung\\\/#listItem\",\"name\":\"Neues Mietregister Spanien &#8211; Registrierungs Pflicht fuer Ferienvermietung\"},\"previousItem\":{\"@type\":\"ListItem\",\"@id\":\"https:\\\/\\\/costablanca-magazin.com\\\/nb\\\/eiendom\\\/#listItem\",\"name\":\"Immobilien\"}},{\"@type\":\"ListItem\",\"@id\":\"https:\\\/\\\/costablanca-magazin.com\\\/nb\\\/immobilien\\\/service-recht\\\/neues-mietregister-spanien-registrierungs-pflicht-fuer-ferienvermietung\\\/#listItem\",\"position\":4,\"name\":\"Neues Mietregister Spanien &#8211; Registrierungs Pflicht fuer Ferienvermietung\",\"previousItem\":{\"@type\":\"ListItem\",\"@id\":\"https:\\\/\\\/costablanca-magazin.com\\\/nb\\\/service-rett\\\/#listItem\",\"name\":\"Service &amp; Recht\"}}]},{\"@type\":\"NewsArticle\",\"@id\":\"https:\\\/\\\/costablanca-magazin.com\\\/nb\\\/immobilien\\\/service-recht\\\/neues-mietregister-spanien-registrierungs-pflicht-fuer-ferienvermietung\\\/#article\",\"name\":\"Neues Mietregister Spanien \\u2013 Registrierungs Pflicht fuer Ferienvermietung\",\"headline\":\"Neues Mietregister Spanien \\u2013 Registrierungs Pflicht fuer Ferienvermietung\",\"author\":{\"@id\":\"https:\\\/\\\/costablanca-magazin.com\\\/nb\\\/author\\\/manuela\\\/#author\"},\"publisher\":{\"@id\":\"https:\\\/\\\/costablanca-magazin.com\\\/nb\\\/#organization\"},\"image\":{\"@type\":\"ImageObject\",\"url\":\"https:\\\/\\\/costablanca-magazin.com\\\/wp-content\\\/uploads\\\/2025\\\/07\\\/small-toy-houses-over-keyboard-2024-10-16-14-29-09-utc.jpg\",\"width\":2100,\"height\":1400,\"caption\":\"Neues Mietregister Spanien \\u2013 Registrierungs Pflicht fuer Ferienvermietung\"},\"datePublished\":\"2025-07-16T09:00:00+02:00\",\"dateModified\":\"2026-08-20T08:19:17+02:00\",\"inLanguage\":\"nb-NO\",\"mainEntityOfPage\":{\"@id\":\"https:\\\/\\\/costablanca-magazin.com\\\/nb\\\/immobilien\\\/service-recht\\\/neues-mietregister-spanien-registrierungs-pflicht-fuer-ferienvermietung\\\/#webpage\"},\"isPartOf\":{\"@id\":\"https:\\\/\\\/costablanca-magazin.com\\\/nb\\\/immobilien\\\/service-recht\\\/neues-mietregister-spanien-registrierungs-pflicht-fuer-ferienvermietung\\\/#webpage\"},\"articleSection\":\"Service &amp; Recht, Ferienvermietung, Immobilienrecht Spanien, Recht\"},{\"@type\":\"Person\",\"@id\":\"https:\\\/\\\/costablanca-magazin.com\\\/nb\\\/author\\\/manuela\\\/#author\",\"url\":\"https:\\\/\\\/costablanca-magazin.com\\\/nb\\\/author\\\/manuela\\\/\",\"name\":\"Manuela Rehagel\",\"description\":\"Journalistin, Marketingleiterin und Redaktionsleitung Manuela Rehagel ist Journalistin, Marketingleiterin der Mediagroup Balear und redaktionell f\\u00fcr das Costablanca Magazin t\\u00e4tig. Seit 19 Jahren lebt und arbeitet sie in Spanien und verbindet journalistische Themenplanung mit Online-Marketing, Markenentwicklung und crossmedialer Medienarbeit. F\\u00fcr das Costablanca Magazin begleitet sie Inhalte rund um Leben, Immobilien, Wirtschaft, Service, Recht, Veranstaltungen und regionale Entwicklungen an der Costa Blanca. Dabei richtet sich ihr Blick besonders auf Themen, die f\\u00fcr internationale Residenten, Immobilieneigent\\u00fcmer, Unternehmer und Langzeiturlauber relevant sind. Vor ihrer T\\u00e4tigkeit in Spanien war Manuela Rehagel rund 20 Jahre im Vertrieb in Deutschland t\\u00e4tig, unter anderem in der Vertriebsleitung f\\u00fcr Gesch\\u00e4ftskunden. Diese Erfahrung pr\\u00e4gt ihre Arbeit bis heute: Redaktion, Marketing und Vertrieb werden als Zusammenspiel aus relevanten Inhalten, klarer Positionierung und wirtschaftlicher Medienentwicklung verstanden.\",\"jobTitle\":\"Marketing Leitung , Redaktion\"},{\"@type\":\"WebPage\",\"@id\":\"https:\\\/\\\/costablanca-magazin.com\\\/nb\\\/immobilien\\\/service-recht\\\/neues-mietregister-spanien-registrierungs-pflicht-fuer-ferienvermietung\\\/#webpage\",\"url\":\"https:\\\/\\\/costablanca-magazin.com\\\/nb\\\/immobilien\\\/service-recht\\\/neues-mietregister-spanien-registrierungs-pflicht-fuer-ferienvermietung\\\/\",\"name\":\"Neues Mietregister gestartet - Registrierungs-Pflicht\",\"description\":\"Ferienwohnungen - Eigent\\u00fcmer m\\u00fcssen ihre Objekte online melden \\u2013 hohe Strafen bei Verst\\u00f6\\u00dfen\",\"inLanguage\":\"nb-NO\",\"isPartOf\":{\"@id\":\"https:\\\/\\\/costablanca-magazin.com\\\/nb\\\/#website\"},\"breadcrumb\":{\"@id\":\"https:\\\/\\\/costablanca-magazin.com\\\/nb\\\/immobilien\\\/service-recht\\\/neues-mietregister-spanien-registrierungs-pflicht-fuer-ferienvermietung\\\/#breadcrumblist\"},\"author\":{\"@id\":\"https:\\\/\\\/costablanca-magazin.com\\\/nb\\\/author\\\/manuela\\\/#author\"},\"creator\":{\"@id\":\"https:\\\/\\\/costablanca-magazin.com\\\/nb\\\/author\\\/manuela\\\/#author\"},\"image\":{\"@type\":\"ImageObject\",\"url\":\"https:\\\/\\\/costablanca-magazin.com\\\/wp-content\\\/uploads\\\/2025\\\/07\\\/small-toy-houses-over-keyboard-2024-10-16-14-29-09-utc.jpg\",\"@id\":\"https:\\\/\\\/costablanca-magazin.com\\\/nb\\\/immobilien\\\/service-recht\\\/neues-mietregister-spanien-registrierungs-pflicht-fuer-ferienvermietung\\\/#mainImage\",\"width\":2100,\"height\":1400,\"caption\":\"Neues Mietregister Spanien \\u2013 Registrierungs Pflicht fuer Ferienvermietung\"},\"primaryImageOfPage\":{\"@id\":\"https:\\\/\\\/costablanca-magazin.com\\\/nb\\\/immobilien\\\/service-recht\\\/neues-mietregister-spanien-registrierungs-pflicht-fuer-ferienvermietung\\\/#mainImage\"},\"datePublished\":\"2025-07-16T09:00:00+02:00\",\"dateModified\":\"2026-08-20T08:19:17+02:00\",\"mainEntity\":{\"@id\":\"https:\\\/\\\/costablanca-magazin.com\\\/nb\\\/immobilien\\\/service-recht\\\/neues-mietregister-spanien-registrierungs-pflicht-fuer-ferienvermietung\\\/#article\"}},{\"@type\":\"WebSite\",\"@id\":\"https:\\\/\\\/costablanca-magazin.com\\\/nb\\\/#website\",\"url\":\"https:\\\/\\\/costablanca-magazin.com\\\/nb\\\/\",\"name\":\"Costa Blanca Magazin\",\"description\":\"Costa Blanca - alles um das Leben und die Freizeit an der K\\u00fcste\",\"inLanguage\":\"nb-NO\",\"publisher\":{\"@id\":\"https:\\\/\\\/costablanca-magazin.com\\\/nb\\\/#organization\"},\"potentialAction\":{\"@type\":\"SearchAction\",\"target\":\"https:\\\/\\\/costablanca-magazin.com\\\/nb\\\/?s={search_term_string}\",\"query-input\":\"required name=search_term_string\"}},{\"@type\":[\"Organization\",\"NewsMediaOrganization\"],\"@id\":\"https:\\\/\\\/costablanca-magazin.com\\\/nb\\\/#organization\",\"name\":\"Costa Blanca Magazin\",\"description\":\"Costa Blanca Magazin\",\"url\":\"https:\\\/\\\/costablanca-magazin.com\\\/nb\\\/\",\"email\":\"info@costablanca-magazin.com\",\"telephone\":\"+34 663 946 871\",\"logo\":{\"@type\":\"ImageObject\",\"url\":\"https:\\\/\\\/costablanca-magazin.com\\\/wp-content\\\/uploads\\\/2024\\\/05\\\/logo.jpg\",\"@id\":\"https:\\\/\\\/costablanca-magazin.com\\\/nb\\\/immobilien\\\/service-recht\\\/neues-mietregister-spanien-registrierungs-pflicht-fuer-ferienvermietung\\\/#organizationLogo\",\"width\":1605,\"height\":236,\"caption\":\"Costa Blanca Magazin\"},\"image\":{\"@id\":\"https:\\\/\\\/costablanca-magazin.com\\\/nb\\\/immobilien\\\/service-recht\\\/neues-mietregister-spanien-registrierungs-pflicht-fuer-ferienvermietung\\\/#organizationLogo\"},\"sameAs\":[\"https:\\\/\\\/www.facebook.com\\\/costablancalifestyle\\\/\",\"https:\\\/\\\/www.instagram.com\\\/costablancamagazin\\\/\"]}]}\n\t\t<\/script>\n\t\t<!-- All in One SEO Pro -->\r\n\t\t<title>Neues Mietregister gestartet - Registrierungs-Pflicht<\/title>\n\n","aioseo_head_json":{"title":"Nytt leieregister opprettet \u2013 registreringsplikt","description":"Ferieboliger \u2013 eiere m\u00e5 registrere sine eiendommer online \u2013 h\u00f8ye straffer ved brudd","canonical_url":"https:\/\/costablanca-magazin.com\/nb\/immobilien\/service-recht\/neues-mietregister-spanien-registrierungs-pflicht-fuer-ferienvermietung\/","robots":"max-snippet:-1, max-image-preview:large, max-video-preview:-1","keywords":"","webmasterTools":{"miscellaneous":""},"schema":{"@context":"https:\/\/schema.org","@graph":[{"@type":"BreadcrumbList","@id":"https:\/\/costablanca-magazin.com\/nb\/immobilien\/service-recht\/neues-mietregister-spanien-registrierungs-pflicht-fuer-ferienvermietung\/#breadcrumblist","itemListElement":[{"@type":"ListItem","@id":"https:\/\/costablanca-magazin.com\/nb#listItem","position":1,"name":"Home","item":"https:\/\/costablanca-magazin.com\/nb","nextItem":{"@type":"ListItem","@id":"https:\/\/costablanca-magazin.com\/nb\/eiendom\/#listItem","name":"Immobilien"}},{"@type":"ListItem","@id":"https:\/\/costablanca-magazin.com\/nb\/eiendom\/#listItem","position":2,"name":"Immobilien","item":"https:\/\/costablanca-magazin.com\/nb\/eiendom\/","nextItem":{"@type":"ListItem","@id":"https:\/\/costablanca-magazin.com\/nb\/service-rett\/#listItem","name":"Service &amp; Recht"},"previousItem":{"@type":"ListItem","@id":"https:\/\/costablanca-magazin.com\/nb#listItem","name":"Home"}},{"@type":"ListItem","@id":"https:\/\/costablanca-magazin.com\/nb\/service-rett\/#listItem","position":3,"name":"Service &amp; Recht","item":"https:\/\/costablanca-magazin.com\/nb\/service-rett\/","nextItem":{"@type":"ListItem","@id":"https:\/\/costablanca-magazin.com\/nb\/immobilien\/service-recht\/neues-mietregister-spanien-registrierungs-pflicht-fuer-ferienvermietung\/#listItem","name":"Neues Mietregister Spanien &#8211; Registrierungs Pflicht fuer Ferienvermietung"},"previousItem":{"@type":"ListItem","@id":"https:\/\/costablanca-magazin.com\/nb\/eiendom\/#listItem","name":"Immobilien"}},{"@type":"ListItem","@id":"https:\/\/costablanca-magazin.com\/nb\/immobilien\/service-recht\/neues-mietregister-spanien-registrierungs-pflicht-fuer-ferienvermietung\/#listItem","position":4,"name":"Neues Mietregister Spanien &#8211; Registrierungs Pflicht fuer Ferienvermietung","previousItem":{"@type":"ListItem","@id":"https:\/\/costablanca-magazin.com\/nb\/service-rett\/#listItem","name":"Service &amp; Recht"}}]},{"@type":"NewsArticle","@id":"https:\/\/costablanca-magazin.com\/nb\/immobilien\/service-recht\/neues-mietregister-spanien-registrierungs-pflicht-fuer-ferienvermietung\/#article","name":"Neues Mietregister Spanien \u2013 Registrierungs Pflicht fuer Ferienvermietung","headline":"Neues Mietregister Spanien \u2013 Registrierungs Pflicht fuer Ferienvermietung","author":{"@id":"https:\/\/costablanca-magazin.com\/nb\/author\/manuela\/#author"},"publisher":{"@id":"https:\/\/costablanca-magazin.com\/nb\/#organization"},"image":{"@type":"ImageObject","url":"https:\/\/costablanca-magazin.com\/wp-content\/uploads\/2025\/07\/small-toy-houses-over-keyboard-2024-10-16-14-29-09-utc.jpg","width":2100,"height":1400,"caption":"Neues Mietregister Spanien \u2013 Registrierungs Pflicht fuer Ferienvermietung"},"datePublished":"2025-07-16T09:00:00+02:00","dateModified":"2026-08-20T08:19:17+02:00","inLanguage":"nb-NO","mainEntityOfPage":{"@id":"https:\/\/costablanca-magazin.com\/nb\/immobilien\/service-recht\/neues-mietregister-spanien-registrierungs-pflicht-fuer-ferienvermietung\/#webpage"},"isPartOf":{"@id":"https:\/\/costablanca-magazin.com\/nb\/immobilien\/service-recht\/neues-mietregister-spanien-registrierungs-pflicht-fuer-ferienvermietung\/#webpage"},"articleSection":"Service &amp; Recht, Ferienvermietung, Immobilienrecht Spanien, Recht"},{"@type":"Person","@id":"https:\/\/costablanca-magazin.com\/nb\/author\/manuela\/#author","url":"https:\/\/costablanca-magazin.com\/nb\/author\/manuela\/","name":"Manuela Rehagel","description":"Journalistin, Marketingleiterin und Redaktionsleitung Manuela Rehagel ist Journalistin, Marketingleiterin der Mediagroup Balear und redaktionell f\u00fcr das Costablanca Magazin t\u00e4tig. Seit 19 Jahren lebt und arbeitet sie in Spanien und verbindet journalistische Themenplanung mit Online-Marketing, Markenentwicklung und crossmedialer Medienarbeit. F\u00fcr das Costablanca Magazin begleitet sie Inhalte rund um Leben, Immobilien, Wirtschaft, Service, Recht, Veranstaltungen und regionale Entwicklungen an der Costa Blanca. Dabei richtet sich ihr Blick besonders auf Themen, die f\u00fcr internationale Residenten, Immobilieneigent\u00fcmer, Unternehmer und Langzeiturlauber relevant sind. Vor ihrer T\u00e4tigkeit in Spanien war Manuela Rehagel rund 20 Jahre im Vertrieb in Deutschland t\u00e4tig, unter anderem in der Vertriebsleitung f\u00fcr Gesch\u00e4ftskunden. Diese Erfahrung pr\u00e4gt ihre Arbeit bis heute: Redaktion, Marketing und Vertrieb werden als Zusammenspiel aus relevanten Inhalten, klarer Positionierung und wirtschaftlicher Medienentwicklung verstanden.","jobTitle":"Marketing Leitung , Redaktion"},{"@type":"WebPage","@id":"https:\/\/costablanca-magazin.com\/nb\/immobilien\/service-recht\/neues-mietregister-spanien-registrierungs-pflicht-fuer-ferienvermietung\/#webpage","url":"https:\/\/costablanca-magazin.com\/nb\/immobilien\/service-recht\/neues-mietregister-spanien-registrierungs-pflicht-fuer-ferienvermietung\/","name":"Neues Mietregister gestartet - Registrierungs-Pflicht","description":"Ferienwohnungen - Eigent\u00fcmer m\u00fcssen ihre Objekte online melden \u2013 hohe Strafen bei Verst\u00f6\u00dfen","inLanguage":"nb-NO","isPartOf":{"@id":"https:\/\/costablanca-magazin.com\/nb\/#website"},"breadcrumb":{"@id":"https:\/\/costablanca-magazin.com\/nb\/immobilien\/service-recht\/neues-mietregister-spanien-registrierungs-pflicht-fuer-ferienvermietung\/#breadcrumblist"},"author":{"@id":"https:\/\/costablanca-magazin.com\/nb\/author\/manuela\/#author"},"creator":{"@id":"https:\/\/costablanca-magazin.com\/nb\/author\/manuela\/#author"},"image":{"@type":"ImageObject","url":"https:\/\/costablanca-magazin.com\/wp-content\/uploads\/2025\/07\/small-toy-houses-over-keyboard-2024-10-16-14-29-09-utc.jpg","@id":"https:\/\/costablanca-magazin.com\/nb\/immobilien\/service-recht\/neues-mietregister-spanien-registrierungs-pflicht-fuer-ferienvermietung\/#mainImage","width":2100,"height":1400,"caption":"Neues Mietregister Spanien \u2013 Registrierungs Pflicht fuer Ferienvermietung"},"primaryImageOfPage":{"@id":"https:\/\/costablanca-magazin.com\/nb\/immobilien\/service-recht\/neues-mietregister-spanien-registrierungs-pflicht-fuer-ferienvermietung\/#mainImage"},"datePublished":"2025-07-16T09:00:00+02:00","dateModified":"2026-08-20T08:19:17+02:00","mainEntity":{"@id":"https:\/\/costablanca-magazin.com\/nb\/immobilien\/service-recht\/neues-mietregister-spanien-registrierungs-pflicht-fuer-ferienvermietung\/#article"}},{"@type":"WebSite","@id":"https:\/\/costablanca-magazin.com\/nb\/#website","url":"https:\/\/costablanca-magazin.com\/nb\/","name":"Costa Blanca Magazin","description":"Costa Blanca - alles um das Leben und die Freizeit an der K\u00fcste","inLanguage":"nb-NO","publisher":{"@id":"https:\/\/costablanca-magazin.com\/nb\/#organization"},"potentialAction":{"@type":"SearchAction","target":"https:\/\/costablanca-magazin.com\/nb\/?s={search_term_string}","query-input":"required name=search_term_string"}},{"@type":["Organization","NewsMediaOrganization"],"@id":"https:\/\/costablanca-magazin.com\/nb\/#organization","name":"Costa Blanca Magazin","description":"Costa Blanca Magazin","url":"https:\/\/costablanca-magazin.com\/nb\/","email":"info@costablanca-magazin.com","telephone":"+34 663 946 871","logo":{"@type":"ImageObject","url":"https:\/\/costablanca-magazin.com\/wp-content\/uploads\/2024\/05\/logo.jpg","@id":"https:\/\/costablanca-magazin.com\/nb\/immobilien\/service-recht\/neues-mietregister-spanien-registrierungs-pflicht-fuer-ferienvermietung\/#organizationLogo","width":1605,"height":236,"caption":"Costa Blanca Magazin"},"image":{"@id":"https:\/\/costablanca-magazin.com\/nb\/immobilien\/service-recht\/neues-mietregister-spanien-registrierungs-pflicht-fuer-ferienvermietung\/#organizationLogo"},"sameAs":["https:\/\/www.facebook.com\/costablancalifestyle\/","https:\/\/www.instagram.com\/costablancamagazin\/"]}]},"og:locale":"nb_NO","og:site_name":"Costa Blanca Magazin","og:type":"article","og:title":"Neues Mietregister gestartet - Registrierungs-Pflicht","og:description":"Ferienwohnungen - Eigent\u00fcmer m\u00fcssen ihre Objekte online melden \u2013 hohe Strafen bei Verst\u00f6\u00dfen","og:url":"https:\/\/costablanca-magazin.com\/nb\/immobilien\/service-recht\/neues-mietregister-spanien-registrierungs-pflicht-fuer-ferienvermietung\/","og:image":"https:\/\/costablanca-magazin.com\/wp-content\/uploads\/2025\/07\/small-toy-houses-over-keyboard-2024-10-16-14-29-09-utc.jpg","og:image:secure_url":"https:\/\/costablanca-magazin.com\/wp-content\/uploads\/2025\/07\/small-toy-houses-over-keyboard-2024-10-16-14-29-09-utc.jpg","og:image:width":2100,"og:image:height":1400,"article:published_time":"2025-07-16T07:00:00+00:00","article:modified_time":"2026-08-20T06:19:17+00:00","article:publisher":"https:\/\/www.facebook.com\/costablancalifestyle\/","twitter:card":"summary_large_image","twitter:title":"Neues Mietregister gestartet - Registrierungs-Pflicht","twitter:description":"Ferienwohnungen - Eigent\u00fcmer m\u00fcssen ihre Objekte online melden \u2013 hohe Strafen bei Verst\u00f6\u00dfen","twitter:image":"https:\/\/costablanca-magazin.com\/wp-content\/uploads\/2025\/07\/small-toy-houses-over-keyboard-2024-10-16-14-29-09-utc.jpg"},"aioseo_meta_data":{"post_id":"7995","title":"Nytt leieregister opprettet \u2013 registreringsplikt","description":"Ferieboliger \u2013 eiere m\u00e5 registrere sine eiendommer online \u2013 h\u00f8ye straffer ved brudd","keywords":null,"keyphrases":{"focus":[],"additional":[]},"primary_term":null,"canonical_url":null,"og_title":null,"og_description":null,"og_object_type":"default","og_image_type":"default","og_image_url":null,"og_image_width":null,"og_image_height":null,"og_image_custom_url":null,"og_image_custom_fields":null,"og_video":"","og_custom_url":null,"og_article_section":null,"og_article_tags":null,"twitter_use_og":false,"twitter_card":"default","twitter_image_type":"default","twitter_image_url":null,"twitter_image_custom_url":null,"twitter_image_custom_fields":null,"twitter_title":null,"twitter_description":null,"schema":{"blockGraphs":[],"customGraphs":[],"default":{"data":{"Article":[],"Course":[],"Dataset":[],"FAQPage":[],"Movie":[],"Person":[],"Product":[],"ProductReview":[],"Car":[],"Recipe":[],"Service":[],"SoftwareApplication":[],"WebPage":[]},"graphName":"BlogPosting","isEnabled":true},"graphs":[]},"schema_type":"default","schema_type_options":null,"pillar_content":false,"robots_default":true,"robots_noindex":false,"robots_noarchive":false,"robots_nosnippet":false,"robots_nofollow":false,"robots_noimageindex":false,"robots_noodp":false,"robots_notranslate":false,"robots_max_snippet":"-1","robots_max_videopreview":"-1","robots_max_imagepreview":"large","priority":null,"frequency":"default","local_seo":null,"seo_analyzer_scan_date":"2026-08-20 06:19:27","breadcrumb_settings":null,"limit_modified_date":false,"reviewed_by":null,"open_ai":null,"ai":null,"created":"2025-07-14 09:15:19","updated":"2026-08-20 09:55:02","focus_keyword":null,"additional_keywords":null,"truseo_locale":null},"aioseo_breadcrumb":"<div class=\"aioseo-breadcrumbs\"><span class=\"aioseo-breadcrumb\">\n\t<a href=\"https:\/\/costablanca-magazin.com\/nb\" title=\"Home\">Home<\/a>\n<\/span><span class=\"aioseo-breadcrumb-separator\">&raquo;<\/span><span class=\"aioseo-breadcrumb\">\n\t<a href=\"https:\/\/costablanca-magazin.com\/nb\/eiendom\/\" title=\"Immobilien\">Immobilien<\/a>\n<\/span><span class=\"aioseo-breadcrumb-separator\">&raquo;<\/span><span class=\"aioseo-breadcrumb\">\n\t<a href=\"https:\/\/costablanca-magazin.com\/nb\/service-rett\/\" title=\"Service &amp; Recht\">Service &amp; Recht<\/a>\n<\/span><span class=\"aioseo-breadcrumb-separator\">&raquo;<\/span><span class=\"aioseo-breadcrumb\">\n\tNeues Mietregister Spanien \u2013 Registrierungs Pflicht fuer Ferienvermietung\n<\/span><\/div>","aioseo_breadcrumb_json":[{"label":"Home","link":"https:\/\/costablanca-magazin.com\/nb"},{"label":"Immobilien","link":"https:\/\/costablanca-magazin.com\/nb\/eiendom\/"},{"label":"Service &amp; Recht","link":"https:\/\/costablanca-magazin.com\/nb\/service-rett\/"},{"label":"Neues Mietregister Spanien &#8211; Registrierungs Pflicht fuer Ferienvermietung","link":"https:\/\/costablanca-magazin.com\/nb\/immobilien\/service-recht\/neues-mietregister-spanien-registrierungs-pflicht-fuer-ferienvermietung\/"}],"_links":{"self":[{"href":"https:\/\/costablanca-magazin.com\/nb\/wp-json\/wp\/v2\/posts\/7995","targetHints":{"allow":["GET"]}}],"collection":[{"href":"https:\/\/costablanca-magazin.com\/nb\/wp-json\/wp\/v2\/posts"}],"about":[{"href":"https:\/\/costablanca-magazin.com\/nb\/wp-json\/wp\/v2\/types\/post"}],"author":[{"embeddable":true,"href":"https:\/\/costablanca-magazin.com\/nb\/wp-json\/wp\/v2\/users\/2"}],"replies":[{"embeddable":true,"href":"https:\/\/costablanca-magazin.com\/nb\/wp-json\/wp\/v2\/comments?post=7995"}],"version-history":[{"count":9,"href":"https:\/\/costablanca-magazin.com\/nb\/wp-json\/wp\/v2\/posts\/7995\/revisions"}],"predecessor-version":[{"id":10236,"href":"https:\/\/costablanca-magazin.com\/nb\/wp-json\/wp\/v2\/posts\/7995\/revisions\/10236"}],"wp:featuredmedia":[{"embeddable":true,"href":"https:\/\/costablanca-magazin.com\/nb\/wp-json\/wp\/v2\/media\/8042"}],"wp:attachment":[{"href":"https:\/\/costablanca-magazin.com\/nb\/wp-json\/wp\/v2\/media?parent=7995"}],"wp:term":[{"taxonomy":"category","embeddable":true,"href":"https:\/\/costablanca-magazin.com\/nb\/wp-json\/wp\/v2\/categories?post=7995"},{"taxonomy":"post_tag","embeddable":true,"href":"https:\/\/costablanca-magazin.com\/nb\/wp-json\/wp\/v2\/tags?post=7995"}],"curies":[{"name":"wp","href":"https:\/\/api.w.org\/{rel}","templated":true}]}}