{"id":7788,"date":"2025-06-25T09:00:00","date_gmt":"2025-06-25T07:00:00","guid":{"rendered":"https:\/\/costablanca-magazin.com\/?p=7788"},"modified":"2026-03-18T07:59:33","modified_gmt":"2026-03-18T06:59:33","slug":"strendene-pa-costa-blanca","status":"publish","type":"post","link":"https:\/\/costablanca-magazin.com\/nb\/freizeit\/straende-buchten\/straende-costa-blanca\/","title":{"rendered":"Strender mellom hverdag og fritid"},"content":{"rendered":"<div data-elementor-type=\"wp-post\" data-elementor-id=\"7788\" class=\"elementor elementor-7788\" data-elementor-post-type=\"post\">\n\t\t\t\t<div class=\"elementor-element elementor-element-f6229a9 e-flex e-con-boxed e-con e-parent\" data-id=\"f6229a9\" data-element_type=\"container\" data-e-type=\"container\">\n\t\t\t\t\t<div class=\"e-con-inner\">\n\t\t\t\t<div class=\"elementor-element elementor-element-3fb998f elementor-widget elementor-widget-heading\" data-id=\"3fb998f\" data-element_type=\"widget\" data-e-type=\"widget\" data-widget_type=\"heading.default\">\n\t\t\t\t<div class=\"elementor-widget-container\">\n\t\t\t\t\t<h1 class=\"elementor-heading-title elementor-size-default\">Strender mellom hverdag og fritid<\/h1>\t\t\t\t<\/div>\n\t\t\t\t<\/div>\n\t\t\t\t<div class=\"elementor-element elementor-element-7f910f3 elementor-widget elementor-widget-image\" data-id=\"7f910f3\" data-element_type=\"widget\" data-e-type=\"widget\" data-widget_type=\"image.default\">\n\t\t\t\t<div class=\"elementor-widget-container\">\n\t\t\t\t\t\t\t\t\t\t\t\t\t\t\t<img decoding=\"async\" src=\"https:\/\/costablanca-magazin.com\/wp-content\/uploads\/elementor\/thumbs\/Calpe-Strand-2-rjc5hm1klnu29tks00xjlb2knxradn3jzfyu0tqldk.jpg\" title=\"Strender mellom hverdag og fritid - Calp\" alt=\"Strender mellom hverdag og fritid \u2013 Calp 1\" loading=\"lazy\" \/>\t\t\t\t\t\t\t\t\t\t\t\t\t\t\t<\/div>\n\t\t\t\t<\/div>\n\t\t\t\t<div class=\"elementor-element elementor-element-490ee86 elementor-widget elementor-widget-heading\" data-id=\"490ee86\" data-element_type=\"widget\" data-e-type=\"widget\" data-widget_type=\"heading.default\">\n\t\t\t\t<div class=\"elementor-widget-container\">\n\t\t\t\t\t<h2 class=\"elementor-heading-title elementor-size-default\">Sand, grus, bukt - hva kysten\nmellom D\u00e9nia og Villajoyosa\negentlig er<\/h2>\t\t\t\t<\/div>\n\t\t\t\t<\/div>\n\t\t\t\t\t<\/div>\n\t\t\t\t<\/div>\n\t\t<div class=\"elementor-element elementor-element-08e6460 e-flex e-con-boxed e-con e-parent\" data-id=\"08e6460\" data-element_type=\"container\" data-e-type=\"container\">\n\t\t\t\t\t<div class=\"e-con-inner\">\n\t\t<div class=\"elementor-element elementor-element-8b8d3de e-con-full e-flex e-con e-child\" data-id=\"8b8d3de\" data-element_type=\"container\" data-e-type=\"container\">\n\t\t\t\t<div class=\"elementor-element elementor-element-e4b34f7 elementor-widget elementor-widget-text-editor\" data-id=\"e4b34f7\" data-element_type=\"widget\" data-e-type=\"widget\" data-widget_type=\"text-editor.default\">\n\t\t\t\t<div class=\"elementor-widget-container\">\n\t\t\t\t\t\t\t\t\t<p>Ikke alle strender er postkortmotiver. Og det trenger den heller ikke \u00e5 v\u00e6re. Alle som bor mellom D\u00e9nia og Villajoyosa vet at kysten har mange ansikter - fra den brede familiestranden med lekeplass til den trange rullesteinsbukten som bare kan n\u00e5s til fots.<\/p><p>I dette nummeret har vi organisert kystlinjen systematisk - etter overflate, ikke etter popularitet: sand, rullestein, bukt. Det som skiller seg ut, er at det ikke handler om skue, men om samspillet mellom bruk, vedlikehold og atmosf\u00e6re.<\/p><p><strong>Sandstrender mellom hverdag og fritid - funksjonelle, velholdte og allsidige<\/strong><br \/>Sandstrendene i Marina Alta og Marina Baixa er vanligvis de beste adressene. De byr p\u00e5 god tilgjengelighet, grunne innganger og infrastruktur - og tiltrekker seg tilsvarende mange badegjester.<\/p>\t\t\t\t\t\t\t\t<\/div>\n\t\t\t\t<\/div>\n\t\t\t\t<div class=\"elementor-element elementor-element-c1273a6 elementor-widget elementor-widget-text-editor\" data-id=\"c1273a6\" data-element_type=\"widget\" data-e-type=\"widget\" data-widget_type=\"text-editor.default\">\n\t\t\t\t<div class=\"elementor-widget-container\">\n\t\t\t\t\t\t\t\t\t<p>I D\u00e9nia er Les Marines en klassiker: bred, lang og uten overraskelser - men det er nettopp det mange setter pris p\u00e5. Lenger s\u00f8r, i J\u00e1vea, ligger Arenal med strandpromenade, kafeer og grunt vann. Til tross for at den har mistet det bl\u00e5 flagget, er den fortsatt den mest popul\u00e6re bystranden i regionen.<\/p><p>Calpe scorer med Playa de la Fossa - velholdt, velorganisert og popul\u00e6r blant b\u00e5de familier og eldre. Benidorm bidrar med Levante-stranden, som imponerer med sin plass, service og tilgjengelighet til tross for sin urbane tetthet.<br \/><br \/>To strender i Moraira er verdt et bes\u00f8k. Den sentrale Playa l'Ampolla ligger rett nedenfor det gamle vaktt\u00e5rnet - barnevennlig, oversiktlig og popul\u00e6r.\u00a0 \u00a0<\/p>\t\t\t\t\t\t\t\t<\/div>\n\t\t\t\t<\/div>\n\t\t\t\t<div class=\"elementor-element elementor-element-bd67751 elementor-widget elementor-widget-text-editor\" data-id=\"bd67751\" data-element_type=\"widget\" data-e-type=\"widget\" data-widget_type=\"text-editor.default\">\n\t\t\t\t<div class=\"elementor-widget-container\">\n\t\t\t\t\t\t\t\t\t<p>Og bare noen minutters gange unna ligger El Portet, en bukt med fin sand, rolig vann og en liten strandpromenade. Mindre livlig, men med mye atmosf\u00e6re - et sted som tiltrekker seg flan\u00f8rer snarere enn soltilbedere.<\/p><p>Villajoyosa byr p\u00e5 en klassisk bystrand i form av Playa Centro: en strandpromenade med skygge, brede solomr\u00e5der og god vannkvalitet. Bor du i nabolaget, trenger du ikke s\u00e5 mye mer.<\/p><p>Og s\u00e5 er det stranden La Marina i D\u00e9nia - ikke spektakul\u00e6r, men funksjonell. Spesielt interessant for familier med barn: Om sommeren flyter en stor lekeplattform i vannet her. Det er ikke ofte man ser det i regionen.<\/p><p><strong>Rullesteinsstrender - klare, stille og undervurderte<\/strong><br \/>Grus har et d\u00e5rlig rykte - ofte med urette.\u00a0<\/p>\t\t\t\t\t\t\t\t<\/div>\n\t\t\t\t<\/div>\n\t\t\t\t<\/div>\n\t\t<div class=\"elementor-element elementor-element-89962e0 e-con-full e-flex e-con e-child\" data-id=\"89962e0\" data-element_type=\"container\" data-e-type=\"container\">\n\t\t\t\t<div class=\"elementor-element elementor-element-6dd02a8 elementor-widget elementor-widget-heading\" data-id=\"6dd02a8\" data-element_type=\"widget\" data-e-type=\"widget\" data-widget_type=\"heading.default\">\n\t\t\t\t<div class=\"elementor-widget-container\">\n\t\t\t\t\t<h3 class=\"elementor-heading-title elementor-size-default\">VILLAJOYOSSA<\/h3>\t\t\t\t<\/div>\n\t\t\t\t<\/div>\n\t\t\t\t<div class=\"elementor-element elementor-element-a2323a5 elementor-widget elementor-widget-gallery\" data-id=\"a2323a5\" data-element_type=\"widget\" data-e-type=\"widget\" data-settings=\"{&quot;columns&quot;:1,&quot;gap&quot;:{&quot;unit&quot;:&quot;px&quot;,&quot;size&quot;:2,&quot;sizes&quot;:[]},&quot;aspect_ratio&quot;:&quot;21:9&quot;,&quot;lazyload&quot;:&quot;yes&quot;,&quot;gallery_layout&quot;:&quot;grid&quot;,&quot;columns_tablet&quot;:2,&quot;columns_mobile&quot;:1,&quot;gap_tablet&quot;:{&quot;unit&quot;:&quot;px&quot;,&quot;size&quot;:10,&quot;sizes&quot;:[]},&quot;gap_mobile&quot;:{&quot;unit&quot;:&quot;px&quot;,&quot;size&quot;:10,&quot;sizes&quot;:[]},&quot;link_to&quot;:&quot;file&quot;,&quot;overlay_background&quot;:&quot;yes&quot;,&quot;content_hover_animation&quot;:&quot;fade-in&quot;}\" data-widget_type=\"gallery.default\">\n\t\t\t\t<div class=\"elementor-widget-container\">\n\t\t\t\t\t\t\t<div class=\"elementor-gallery__container\">\n\t\t\t\t\t\t\t<a class=\"e-gallery-item elementor-gallery-item elementor-animated-content\" href=\"https:\/\/costablanca-magazin.com\/wp-content\/uploads\/2025\/06\/Costablana-magazin-Villajoyossa-3.jpg\" data-elementor-open-lightbox=\"yes\" data-elementor-lightbox-slideshow=\"a2323a5\" data-elementor-lightbox-title=\"Str\u00e4nde zwischen Alltag und Auszeit - Villajoyossa\" data-elementor-lightbox-description=\"Str\u00e4nde zwischen Alltag und Auszeit - Villajoyossa \" data-e-action-hash=\"#elementor-action%3Aaction%3Dlightbox%26settings%3DeyJpZCI6Nzc5MSwidXJsIjoiaHR0cHM6XC9cL2Nvc3RhYmxhbmNhLW1hZ2F6aW4uY29tXC93cC1jb250ZW50XC91cGxvYWRzXC8yMDI1XC8wNlwvQ29zdGFibGFuYS1tYWdhemluLVZpbGxham95b3NzYS0zLmpwZyIsInNsaWRlc2hvdyI6ImEyMzIzYTUifQ%3D%3D\">\n\t\t\t\t\t<div class=\"e-gallery-image elementor-gallery-item__image\" data-thumbnail=\"https:\/\/costablanca-magazin.com\/wp-content\/uploads\/2025\/06\/Costablana-magazin-Villajoyossa-3.jpg\" data-width=\"1200\" data-height=\"567\" aria-label=\"Strender mellom hverdag og fritid - Villajoyossa\" role=\"img\" ><\/div>\n\t\t\t\t\t\t\t\t\t\t\t<div class=\"elementor-gallery-item__overlay\"><\/div>\n\t\t\t\t\t\t\t\t\t\t\t\t\t\t<\/a>\n\t\t\t\t\t\t\t<a class=\"e-gallery-item elementor-gallery-item elementor-animated-content\" href=\"https:\/\/costablanca-magazin.com\/wp-content\/uploads\/2025\/06\/Costablana-magazin-Villajoyossa-18.jpg\" data-elementor-open-lightbox=\"yes\" data-elementor-lightbox-slideshow=\"a2323a5\" data-elementor-lightbox-title=\"Str\u00e4nde zwischen Alltag und Auszeit - Villajoyossa\" data-elementor-lightbox-description=\"Str\u00e4nde zwischen Alltag und Auszeit - Villajoyossa \" data-e-action-hash=\"#elementor-action%3Aaction%3Dlightbox%26settings%3DeyJpZCI6Nzc5MiwidXJsIjoiaHR0cHM6XC9cL2Nvc3RhYmxhbmNhLW1hZ2F6aW4uY29tXC93cC1jb250ZW50XC91cGxvYWRzXC8yMDI1XC8wNlwvQ29zdGFibGFuYS1tYWdhemluLVZpbGxham95b3NzYS0xOC5qcGciLCJzbGlkZXNob3ciOiJhMjMyM2E1In0%3D\">\n\t\t\t\t\t<div class=\"e-gallery-image elementor-gallery-item__image\" data-thumbnail=\"https:\/\/costablanca-magazin.com\/wp-content\/uploads\/2025\/06\/Costablana-magazin-Villajoyossa-18.jpg\" data-width=\"1200\" data-height=\"567\" aria-label=\"Strender mellom hverdag og fritid \u2013 Villajoyossa 1\" role=\"img\" ><\/div>\n\t\t\t\t\t\t\t\t\t\t\t<div class=\"elementor-gallery-item__overlay\"><\/div>\n\t\t\t\t\t\t\t\t\t\t\t\t\t\t<\/a>\n\t\t\t\t\t<\/div>\n\t\t\t\t\t<\/div>\n\t\t\t\t<\/div>\n\t\t\t\t<div class=\"elementor-element elementor-element-a32793d elementor-widget elementor-widget-heading\" data-id=\"a32793d\" data-element_type=\"widget\" data-e-type=\"widget\" data-widget_type=\"heading.default\">\n\t\t\t\t<div class=\"elementor-widget-container\">\n\t\t\t\t\t<h3 class=\"elementor-heading-title elementor-size-default\">MORAIRA<\/h3>\t\t\t\t<\/div>\n\t\t\t\t<\/div>\n\t\t\t\t<div class=\"elementor-element elementor-element-655b1cb elementor-widget elementor-widget-gallery\" data-id=\"655b1cb\" data-element_type=\"widget\" data-e-type=\"widget\" data-settings=\"{&quot;columns&quot;:2,&quot;gap&quot;:{&quot;unit&quot;:&quot;px&quot;,&quot;size&quot;:2,&quot;sizes&quot;:[]},&quot;lazyload&quot;:&quot;yes&quot;,&quot;gallery_layout&quot;:&quot;grid&quot;,&quot;columns_tablet&quot;:2,&quot;columns_mobile&quot;:1,&quot;gap_tablet&quot;:{&quot;unit&quot;:&quot;px&quot;,&quot;size&quot;:10,&quot;sizes&quot;:[]},&quot;gap_mobile&quot;:{&quot;unit&quot;:&quot;px&quot;,&quot;size&quot;:10,&quot;sizes&quot;:[]},&quot;link_to&quot;:&quot;file&quot;,&quot;aspect_ratio&quot;:&quot;3:2&quot;,&quot;overlay_background&quot;:&quot;yes&quot;,&quot;content_hover_animation&quot;:&quot;fade-in&quot;}\" data-widget_type=\"gallery.default\">\n\t\t\t\t<div class=\"elementor-widget-container\">\n\t\t\t\t\t\t\t<div class=\"elementor-gallery__container\">\n\t\t\t\t\t\t\t<a class=\"e-gallery-item elementor-gallery-item elementor-animated-content\" href=\"https:\/\/costablanca-magazin.com\/wp-content\/uploads\/2025\/06\/Moraira.jpg\" data-elementor-open-lightbox=\"yes\" data-elementor-lightbox-slideshow=\"655b1cb\" data-elementor-lightbox-title=\"Str\u00e4nde zwischen Alltag und Auszeit - Moraira\" data-elementor-lightbox-description=\"Str\u00e4nde zwischen Alltag und Auszeit - Moraira\" data-e-action-hash=\"#elementor-action%3Aaction%3Dlightbox%26settings%3DeyJpZCI6Nzc5NCwidXJsIjoiaHR0cHM6XC9cL2Nvc3RhYmxhbmNhLW1hZ2F6aW4uY29tXC93cC1jb250ZW50XC91cGxvYWRzXC8yMDI1XC8wNlwvTW9yYWlyYS5qcGciLCJzbGlkZXNob3ciOiI2NTViMWNiIn0%3D\">\n\t\t\t\t\t<div class=\"e-gallery-image elementor-gallery-item__image\" data-thumbnail=\"https:\/\/costablanca-magazin.com\/wp-content\/uploads\/2025\/06\/Moraira-300x225.jpg\" data-width=\"300\" data-height=\"225\" aria-label=\"Strender mellom hverdag og fritid - Moraira\" role=\"img\" ><\/div>\n\t\t\t\t\t\t\t\t\t\t\t<div class=\"elementor-gallery-item__overlay\"><\/div>\n\t\t\t\t\t\t\t\t\t\t\t\t\t\t<\/a>\n\t\t\t\t\t\t\t<a class=\"e-gallery-item elementor-gallery-item elementor-animated-content\" href=\"https:\/\/costablanca-magazin.com\/wp-content\/uploads\/2025\/05\/moraira1.jpg\" data-elementor-open-lightbox=\"yes\" data-elementor-lightbox-slideshow=\"655b1cb\" data-elementor-lightbox-title=\"moraira\" data-elementor-lightbox-description=\"moraira\" data-e-action-hash=\"#elementor-action%3Aaction%3Dlightbox%26settings%3DeyJpZCI6NzQxNiwidXJsIjoiaHR0cHM6XC9cL2Nvc3RhYmxhbmNhLW1hZ2F6aW4uY29tXC93cC1jb250ZW50XC91cGxvYWRzXC8yMDI1XC8wNVwvbW9yYWlyYTEuanBnIiwic2xpZGVzaG93IjoiNjU1YjFjYiJ9\">\n\t\t\t\t\t<div class=\"e-gallery-image elementor-gallery-item__image\" data-thumbnail=\"https:\/\/costablanca-magazin.com\/wp-content\/uploads\/2025\/05\/moraira1-300x225.jpg\" data-width=\"300\" data-height=\"225\" aria-label=\"moraira\" role=\"img\" ><\/div>\n\t\t\t\t\t\t\t\t\t\t\t<div class=\"elementor-gallery-item__overlay\"><\/div>\n\t\t\t\t\t\t\t\t\t\t\t\t\t\t<\/a>\n\t\t\t\t\t<\/div>\n\t\t\t\t\t<\/div>\n\t\t\t\t<\/div>\n\t\t\t\t<div class=\"elementor-element elementor-element-a0e8ff8 elementor-widget elementor-widget-heading\" data-id=\"a0e8ff8\" data-element_type=\"widget\" data-e-type=\"widget\" data-widget_type=\"heading.default\">\n\t\t\t\t<div class=\"elementor-widget-container\">\n\t\t\t\t\t<h3 class=\"elementor-heading-title elementor-size-default\">ALTEA<\/h3>\t\t\t\t<\/div>\n\t\t\t\t<\/div>\n\t\t\t\t<div class=\"elementor-element elementor-element-f5b57b1 elementor-widget__width-initial elementor-widget elementor-widget-gallery\" data-id=\"f5b57b1\" data-element_type=\"widget\" data-e-type=\"widget\" data-settings=\"{&quot;columns&quot;:1,&quot;gap&quot;:{&quot;unit&quot;:&quot;px&quot;,&quot;size&quot;:2,&quot;sizes&quot;:[]},&quot;aspect_ratio&quot;:&quot;21:9&quot;,&quot;lazyload&quot;:&quot;yes&quot;,&quot;gallery_layout&quot;:&quot;grid&quot;,&quot;columns_tablet&quot;:2,&quot;columns_mobile&quot;:1,&quot;gap_tablet&quot;:{&quot;unit&quot;:&quot;px&quot;,&quot;size&quot;:10,&quot;sizes&quot;:[]},&quot;gap_mobile&quot;:{&quot;unit&quot;:&quot;px&quot;,&quot;size&quot;:10,&quot;sizes&quot;:[]},&quot;link_to&quot;:&quot;file&quot;,&quot;overlay_background&quot;:&quot;yes&quot;,&quot;content_hover_animation&quot;:&quot;fade-in&quot;}\" data-widget_type=\"gallery.default\">\n\t\t\t\t<div class=\"elementor-widget-container\">\n\t\t\t\t\t\t\t<div class=\"elementor-gallery__container\">\n\t\t\t\t\t\t\t<a class=\"e-gallery-item elementor-gallery-item elementor-animated-content\" href=\"https:\/\/costablanca-magazin.com\/wp-content\/uploads\/2025\/06\/Altea-Costablanca-Magazin-6.jpg\" data-elementor-open-lightbox=\"yes\" data-elementor-lightbox-slideshow=\"f5b57b1\" data-elementor-lightbox-title=\"Str\u00e4nde zwischen Alltag und Auszeit - Altea\" data-elementor-lightbox-description=\"Str\u00e4nde zwischen Alltag und Auszeit - Altea\" data-e-action-hash=\"#elementor-action%3Aaction%3Dlightbox%26settings%3DeyJpZCI6NzgwMCwidXJsIjoiaHR0cHM6XC9cL2Nvc3RhYmxhbmNhLW1hZ2F6aW4uY29tXC93cC1jb250ZW50XC91cGxvYWRzXC8yMDI1XC8wNlwvQWx0ZWEtQ29zdGFibGFuY2EtTWFnYXppbi02LmpwZyIsInNsaWRlc2hvdyI6ImY1YjU3YjEifQ%3D%3D\">\n\t\t\t\t\t<div class=\"e-gallery-image elementor-gallery-item__image\" data-thumbnail=\"https:\/\/costablanca-magazin.com\/wp-content\/uploads\/2025\/06\/Altea-Costablanca-Magazin-6.jpg\" data-width=\"1200\" data-height=\"900\" aria-label=\"Strender mellom hverdag og fritid - Altea 1\" role=\"img\" ><\/div>\n\t\t\t\t\t\t\t\t\t\t\t<div class=\"elementor-gallery-item__overlay\"><\/div>\n\t\t\t\t\t\t\t\t\t\t\t\t\t\t<\/a>\n\t\t\t\t\t\t\t<a class=\"e-gallery-item elementor-gallery-item elementor-animated-content\" href=\"https:\/\/costablanca-magazin.com\/wp-content\/uploads\/2025\/06\/Costablanca-Magazin-Altea-16.jpg\" data-elementor-open-lightbox=\"yes\" data-elementor-lightbox-slideshow=\"f5b57b1\" data-elementor-lightbox-title=\"Str\u00e4nde zwischen Alltag und Auszeit - Altea\" data-elementor-lightbox-description=\"Str\u00e4nde zwischen Alltag und Auszeit - Altea\" data-e-action-hash=\"#elementor-action%3Aaction%3Dlightbox%26settings%3DeyJpZCI6Nzc5MywidXJsIjoiaHR0cHM6XC9cL2Nvc3RhYmxhbmNhLW1hZ2F6aW4uY29tXC93cC1jb250ZW50XC91cGxvYWRzXC8yMDI1XC8wNlwvQ29zdGFibGFuY2EtTWFnYXppbi1BbHRlYS0xNi5qcGciLCJzbGlkZXNob3ciOiJmNWI1N2IxIn0%3D\">\n\t\t\t\t\t<div class=\"e-gallery-image elementor-gallery-item__image\" data-thumbnail=\"https:\/\/costablanca-magazin.com\/wp-content\/uploads\/2025\/06\/Costablanca-Magazin-Altea-16.jpg\" data-width=\"1200\" data-height=\"900\" aria-label=\"Strender mellom hverdag og fritid - Altea\" role=\"img\" ><\/div>\n\t\t\t\t\t\t\t\t\t\t\t<div class=\"elementor-gallery-item__overlay\"><\/div>\n\t\t\t\t\t\t\t\t\t\t\t\t\t\t<\/a>\n\t\t\t\t\t<\/div>\n\t\t\t\t\t<\/div>\n\t\t\t\t<\/div>\n\t\t\t\t<\/div>\n\t\t\t\t\t<\/div>\n\t\t\t\t<\/div>\n\t\t<div class=\"elementor-element elementor-element-b41ed4e e-flex e-con-boxed e-con e-parent\" data-id=\"b41ed4e\" data-element_type=\"container\" data-e-type=\"container\">\n\t\t\t\t\t<div class=\"e-con-inner\">\n\t\t<div class=\"elementor-element elementor-element-cc9956f e-con-full e-flex e-con e-child\" data-id=\"cc9956f\" data-element_type=\"container\" data-e-type=\"container\">\n\t\t\t\t<div class=\"elementor-element elementor-element-b5d8257 elementor-widget elementor-widget-heading\" data-id=\"b5d8257\" data-element_type=\"widget\" data-e-type=\"widget\" data-widget_type=\"heading.default\">\n\t\t\t\t<div class=\"elementor-widget-container\">\n\t\t\t\t\t<h3 class=\"elementor-heading-title elementor-size-default\">BENIDORM<\/h3>\t\t\t\t<\/div>\n\t\t\t\t<\/div>\n\t\t\t\t<div class=\"elementor-element elementor-element-bab2020 elementor-widget__width-initial elementor-widget elementor-widget-gallery\" data-id=\"bab2020\" data-element_type=\"widget\" data-e-type=\"widget\" data-settings=\"{&quot;columns&quot;:1,&quot;gap&quot;:{&quot;unit&quot;:&quot;px&quot;,&quot;size&quot;:2,&quot;sizes&quot;:[]},&quot;aspect_ratio&quot;:&quot;21:9&quot;,&quot;lazyload&quot;:&quot;yes&quot;,&quot;gallery_layout&quot;:&quot;grid&quot;,&quot;columns_tablet&quot;:2,&quot;columns_mobile&quot;:1,&quot;gap_tablet&quot;:{&quot;unit&quot;:&quot;px&quot;,&quot;size&quot;:10,&quot;sizes&quot;:[]},&quot;gap_mobile&quot;:{&quot;unit&quot;:&quot;px&quot;,&quot;size&quot;:10,&quot;sizes&quot;:[]},&quot;link_to&quot;:&quot;file&quot;,&quot;overlay_background&quot;:&quot;yes&quot;,&quot;content_hover_animation&quot;:&quot;fade-in&quot;}\" data-widget_type=\"gallery.default\">\n\t\t\t\t<div class=\"elementor-widget-container\">\n\t\t\t\t\t\t\t<div class=\"elementor-gallery__container\">\n\t\t\t\t\t\t\t<a class=\"e-gallery-item elementor-gallery-item elementor-animated-content\" href=\"https:\/\/costablanca-magazin.com\/wp-content\/uploads\/2025\/06\/strand-benidorm-costablanca-magazin-1.jpg\" data-elementor-open-lightbox=\"yes\" data-elementor-lightbox-slideshow=\"bab2020\" data-elementor-lightbox-title=\"Str\u00e4nde zwischen Alltag und Auszeit - benidorm\" data-elementor-lightbox-description=\"Str\u00e4nde zwischen Alltag und Auszeit - benidorm\" data-e-action-hash=\"#elementor-action%3Aaction%3Dlightbox%26settings%3DeyJpZCI6Nzc5NywidXJsIjoiaHR0cHM6XC9cL2Nvc3RhYmxhbmNhLW1hZ2F6aW4uY29tXC93cC1jb250ZW50XC91cGxvYWRzXC8yMDI1XC8wNlwvc3RyYW5kLWJlbmlkb3JtLWNvc3RhYmxhbmNhLW1hZ2F6aW4tMS5qcGciLCJzbGlkZXNob3ciOiJiYWIyMDIwIn0%3D\">\n\t\t\t\t\t<div class=\"e-gallery-image elementor-gallery-item__image\" data-thumbnail=\"https:\/\/costablanca-magazin.com\/wp-content\/uploads\/2025\/06\/strand-benidorm-costablanca-magazin-1.jpg\" data-width=\"1200\" data-height=\"900\" aria-label=\"Strender mellom hverdag og fritid - benidorm\" role=\"img\" ><\/div>\n\t\t\t\t\t\t\t\t\t\t\t<div class=\"elementor-gallery-item__overlay\"><\/div>\n\t\t\t\t\t\t\t\t\t\t\t\t\t\t<\/a>\n\t\t\t\t\t\t\t<a class=\"e-gallery-item elementor-gallery-item elementor-animated-content\" href=\"https:\/\/costablanca-magazin.com\/wp-content\/uploads\/2025\/06\/IMG-20241012-WA0034.jpg\" data-elementor-open-lightbox=\"yes\" data-elementor-lightbox-slideshow=\"bab2020\" data-elementor-lightbox-title=\"Str\u00e4nde zwischen Alltag und Auszeit - benidorm\" data-elementor-lightbox-description=\"Str\u00e4nde zwischen Alltag und Auszeit - benidorm\" data-e-action-hash=\"#elementor-action%3Aaction%3Dlightbox%26settings%3DeyJpZCI6Nzc5OCwidXJsIjoiaHR0cHM6XC9cL2Nvc3RhYmxhbmNhLW1hZ2F6aW4uY29tXC93cC1jb250ZW50XC91cGxvYWRzXC8yMDI1XC8wNlwvSU1HLTIwMjQxMDEyLVdBMDAzNC5qcGciLCJzbGlkZXNob3ciOiJiYWIyMDIwIn0%3D\">\n\t\t\t\t\t<div class=\"e-gallery-image elementor-gallery-item__image\" data-thumbnail=\"https:\/\/costablanca-magazin.com\/wp-content\/uploads\/2025\/06\/IMG-20241012-WA0034.jpg\" data-width=\"1200\" data-height=\"568\" aria-label=\"Strender mellom hverdag og fritid - benidorm 1\" role=\"img\" ><\/div>\n\t\t\t\t\t\t\t\t\t\t\t<div class=\"elementor-gallery-item__overlay\"><\/div>\n\t\t\t\t\t\t\t\t\t\t\t\t\t\t<\/a>\n\t\t\t\t\t<\/div>\n\t\t\t\t\t<\/div>\n\t\t\t\t<\/div>\n\t\t\t\t<div class=\"elementor-element elementor-element-a27416d elementor-widget elementor-widget-heading\" data-id=\"a27416d\" data-element_type=\"widget\" data-e-type=\"widget\" data-widget_type=\"heading.default\">\n\t\t\t\t<div class=\"elementor-widget-container\">\n\t\t\t\t\t<h3 class=\"elementor-heading-title elementor-size-default\">CALPE<\/h3>\t\t\t\t<\/div>\n\t\t\t\t<\/div>\n\t\t\t\t<div class=\"elementor-element elementor-element-6559049 elementor-widget__width-initial elementor-widget elementor-widget-gallery\" data-id=\"6559049\" data-element_type=\"widget\" data-e-type=\"widget\" data-settings=\"{&quot;columns&quot;:2,&quot;gap&quot;:{&quot;unit&quot;:&quot;px&quot;,&quot;size&quot;:2,&quot;sizes&quot;:[]},&quot;aspect_ratio&quot;:&quot;1:1&quot;,&quot;lazyload&quot;:&quot;yes&quot;,&quot;gallery_layout&quot;:&quot;grid&quot;,&quot;columns_tablet&quot;:2,&quot;columns_mobile&quot;:1,&quot;gap_tablet&quot;:{&quot;unit&quot;:&quot;px&quot;,&quot;size&quot;:10,&quot;sizes&quot;:[]},&quot;gap_mobile&quot;:{&quot;unit&quot;:&quot;px&quot;,&quot;size&quot;:10,&quot;sizes&quot;:[]},&quot;link_to&quot;:&quot;file&quot;,&quot;overlay_background&quot;:&quot;yes&quot;,&quot;content_hover_animation&quot;:&quot;fade-in&quot;}\" data-widget_type=\"gallery.default\">\n\t\t\t\t<div class=\"elementor-widget-container\">\n\t\t\t\t\t\t\t<div class=\"elementor-gallery__container\">\n\t\t\t\t\t\t\t<a class=\"e-gallery-item elementor-gallery-item elementor-animated-content\" href=\"https:\/\/costablanca-magazin.com\/wp-content\/uploads\/2025\/06\/Calpe.jpg\" data-elementor-open-lightbox=\"yes\" data-elementor-lightbox-slideshow=\"6559049\" data-elementor-lightbox-title=\"Str\u00e4nde zwischen Alltag und Auszeit - Calp\" data-elementor-lightbox-description=\"Str\u00e4nde zwischen Alltag und Auszeit - Calp\" data-e-action-hash=\"#elementor-action%3Aaction%3Dlightbox%26settings%3DeyJpZCI6Nzc5MCwidXJsIjoiaHR0cHM6XC9cL2Nvc3RhYmxhbmNhLW1hZ2F6aW4uY29tXC93cC1jb250ZW50XC91cGxvYWRzXC8yMDI1XC8wNlwvQ2FscGUuanBnIiwic2xpZGVzaG93IjoiNjU1OTA0OSJ9\">\n\t\t\t\t\t<div class=\"e-gallery-image elementor-gallery-item__image\" data-thumbnail=\"https:\/\/costablanca-magazin.com\/wp-content\/uploads\/2025\/06\/Calpe.jpg\" data-width=\"1200\" data-height=\"900\" aria-label=\"Strender mellom hverdag og fritid \u2013 Calp 2\" role=\"img\" ><\/div>\n\t\t\t\t\t\t\t\t\t\t\t<div class=\"elementor-gallery-item__overlay\"><\/div>\n\t\t\t\t\t\t\t\t\t\t\t\t\t\t<\/a>\n\t\t\t\t\t\t\t<a class=\"e-gallery-item elementor-gallery-item elementor-animated-content\" href=\"https:\/\/costablanca-magazin.com\/wp-content\/uploads\/2024\/05\/calpe2.jpg\" data-elementor-open-lightbox=\"yes\" data-elementor-lightbox-slideshow=\"6559049\" data-elementor-lightbox-title=\"Str\u00e4nde zwischen Alltag und Auszeit - Calp\" data-elementor-lightbox-description=\"Str\u00e4nde zwischen Alltag und Auszeit - Calp\" data-e-action-hash=\"#elementor-action%3Aaction%3Dlightbox%26settings%3DeyJpZCI6MTIzLCJ1cmwiOiJodHRwczpcL1wvY29zdGFibGFuY2EtbWFnYXppbi5jb21cL3dwLWNvbnRlbnRcL3VwbG9hZHNcLzIwMjRcLzA1XC9jYWxwZTIuanBnIiwic2xpZGVzaG93IjoiNjU1OTA0OSJ9\">\n\t\t\t\t\t<div class=\"e-gallery-image elementor-gallery-item__image\" data-thumbnail=\"https:\/\/costablanca-magazin.com\/wp-content\/uploads\/2024\/05\/calpe2.jpg\" data-width=\"768\" data-height=\"512\" aria-label=\"Strender mellom hverdag og fritid - Calp\" role=\"img\" ><\/div>\n\t\t\t\t\t\t\t\t\t\t\t<div class=\"elementor-gallery-item__overlay\"><\/div>\n\t\t\t\t\t\t\t\t\t\t\t\t\t\t<\/a>\n\t\t\t\t\t<\/div>\n\t\t\t\t\t<\/div>\n\t\t\t\t<\/div>\n\t\t\t\t<div class=\"elementor-element elementor-element-2d27a19 elementor-widget elementor-widget-heading\" data-id=\"2d27a19\" data-element_type=\"widget\" data-e-type=\"widget\" data-widget_type=\"heading.default\">\n\t\t\t\t<div class=\"elementor-widget-container\">\n\t\t\t\t\t<h3 class=\"elementor-heading-title elementor-size-default\">PLAYA ALMADRAVA D\u00c8NIA<\/h3>\t\t\t\t<\/div>\n\t\t\t\t<\/div>\n\t\t\t\t<div class=\"elementor-element elementor-element-ffc628a elementor-widget__width-initial elementor-widget elementor-widget-gallery\" data-id=\"ffc628a\" data-element_type=\"widget\" data-e-type=\"widget\" data-settings=\"{&quot;columns&quot;:1,&quot;gap&quot;:{&quot;unit&quot;:&quot;px&quot;,&quot;size&quot;:4,&quot;sizes&quot;:[]},&quot;aspect_ratio&quot;:&quot;21:9&quot;,&quot;lazyload&quot;:&quot;yes&quot;,&quot;gallery_layout&quot;:&quot;grid&quot;,&quot;columns_tablet&quot;:2,&quot;columns_mobile&quot;:1,&quot;gap_tablet&quot;:{&quot;unit&quot;:&quot;px&quot;,&quot;size&quot;:10,&quot;sizes&quot;:[]},&quot;gap_mobile&quot;:{&quot;unit&quot;:&quot;px&quot;,&quot;size&quot;:10,&quot;sizes&quot;:[]},&quot;link_to&quot;:&quot;file&quot;,&quot;overlay_background&quot;:&quot;yes&quot;,&quot;content_hover_animation&quot;:&quot;fade-in&quot;}\" data-widget_type=\"gallery.default\">\n\t\t\t\t<div class=\"elementor-widget-container\">\n\t\t\t\t\t\t\t<div class=\"elementor-gallery__container\">\n\t\t\t\t\t\t\t<a class=\"e-gallery-item elementor-gallery-item elementor-animated-content\" href=\"https:\/\/costablanca-magazin.com\/wp-content\/uploads\/2025\/06\/Playa-Almadrava-Denia-4.jpg\" data-elementor-open-lightbox=\"yes\" data-elementor-lightbox-slideshow=\"ffc628a\" data-elementor-lightbox-title=\"Str\u00e4nde zwischen Alltag und Auszeit - Playa Almadrava Denia\" data-elementor-lightbox-description=\"Str\u00e4nde zwischen Alltag und Auszeit - Playa Almadrava Denia \" data-e-action-hash=\"#elementor-action%3Aaction%3Dlightbox%26settings%3DeyJpZCI6Nzc5NiwidXJsIjoiaHR0cHM6XC9cL2Nvc3RhYmxhbmNhLW1hZ2F6aW4uY29tXC93cC1jb250ZW50XC91cGxvYWRzXC8yMDI1XC8wNlwvUGxheWEtQWxtYWRyYXZhLURlbmlhLTQuanBnIiwic2xpZGVzaG93IjoiZmZjNjI4YSJ9\">\n\t\t\t\t\t<div class=\"e-gallery-image elementor-gallery-item__image\" data-thumbnail=\"https:\/\/costablanca-magazin.com\/wp-content\/uploads\/2025\/06\/Playa-Almadrava-Denia-4.jpg\" data-width=\"1200\" data-height=\"900\" aria-label=\"Strender mellom hverdag og fritid \u2013 Playa Almadrava Denia 1\" role=\"img\" ><\/div>\n\t\t\t\t\t\t\t\t\t\t\t<div class=\"elementor-gallery-item__overlay\"><\/div>\n\t\t\t\t\t\t\t\t\t\t\t\t\t\t<\/a>\n\t\t\t\t\t\t\t<a class=\"e-gallery-item elementor-gallery-item elementor-animated-content\" href=\"https:\/\/costablanca-magazin.com\/wp-content\/uploads\/2025\/06\/Playa-Almadrava-Denia-3.jpg\" data-elementor-open-lightbox=\"yes\" data-elementor-lightbox-slideshow=\"ffc628a\" data-elementor-lightbox-title=\"Str\u00e4nde zwischen Alltag und Auszeit - Playa Almadrava Denia\" data-elementor-lightbox-description=\"Str\u00e4nde zwischen Alltag und Auszeit - Playa Almadrava Denia \" data-e-action-hash=\"#elementor-action%3Aaction%3Dlightbox%26settings%3DeyJpZCI6Nzc5NSwidXJsIjoiaHR0cHM6XC9cL2Nvc3RhYmxhbmNhLW1hZ2F6aW4uY29tXC93cC1jb250ZW50XC91cGxvYWRzXC8yMDI1XC8wNlwvUGxheWEtQWxtYWRyYXZhLURlbmlhLTMuanBnIiwic2xpZGVzaG93IjoiZmZjNjI4YSJ9\">\n\t\t\t\t\t<div class=\"e-gallery-image elementor-gallery-item__image\" data-thumbnail=\"https:\/\/costablanca-magazin.com\/wp-content\/uploads\/2025\/06\/Playa-Almadrava-Denia-3.jpg\" data-width=\"1200\" data-height=\"900\" aria-label=\"Strender mellom hverdag og fritid - Playa Almadrava Denia\" role=\"img\" ><\/div>\n\t\t\t\t\t\t\t\t\t\t\t<div class=\"elementor-gallery-item__overlay\"><\/div>\n\t\t\t\t\t\t\t\t\t\t\t\t\t\t<\/a>\n\t\t\t\t\t<\/div>\n\t\t\t\t\t<\/div>\n\t\t\t\t<\/div>\n\t\t\t\t<\/div>\n\t\t<div class=\"elementor-element elementor-element-35ff279 e-con-full e-flex e-con e-child\" data-id=\"35ff279\" data-element_type=\"container\" data-e-type=\"container\">\n\t\t\t\t<div class=\"elementor-element elementor-element-6ba0042 elementor-widget elementor-widget-text-editor\" data-id=\"6ba0042\" data-element_type=\"widget\" data-e-type=\"widget\" data-widget_type=\"text-editor.default\">\n\t\t\t\t<div class=\"elementor-widget-container\">\n\t\t\t\t\t\t\t\t\t<p>For det som mangler, er sand. I stedet er det klart vann, mindre liv og r\u00f8re og en annen m\u00e5te \u00e5 bruke stranden p\u00e5.<br \/><br \/>I Altea strekker Cap Negret seg elegant langs kystveien, flankert av palmer, benker og stille samtaler. Stranden L'Olla, med utsikt over den lille \u00f8ya utenfor kysten, lever i takt med lokalbefolkningens rytme - bading om morgenen, spaserturer om kvelden.\u00a0<br \/>Playa del Bol, som ble tildelt Bl\u00e5tt flagg for f\u00f8rste gang i 2025, kompletterer tilbudet.<\/p><p>I L'Alf\u00e0s del Pi ligger Rac\u00f3 de l'Albir, en av de mest velholdte strendene i regionen: barrierefri, regelmessig vedlikeholdt og med sin egen sjarm.<br \/><br \/>Med Arenal-Bol og Cantal Roig tilbyr Calpe to rullesteinsstrender som imponerer med sin organisering og renhet.<\/p>\t\t\t\t\t\t\t\t<\/div>\n\t\t\t\t<\/div>\n\t\t\t\t<div class=\"elementor-element elementor-element-7929e0a elementor-widget elementor-widget-text-editor\" data-id=\"7929e0a\" data-element_type=\"widget\" data-e-type=\"widget\" data-widget_type=\"text-editor.default\">\n\t\t\t\t<div class=\"elementor-widget-container\">\n\t\t\t\t\t\t\t\t\t<p>Hvis du setter pris p\u00e5 oversiktlige strukturer i h\u00f8ysesongen, er dette det rette stedet for deg.<\/p><p><strong>Bukter - sm\u00e5, reduserte, presise<\/strong><br \/>Den som er ute etter noe annerledes, havner i buktene. De er ikke steder \u00e5 oppholde seg lenge, men for et bevisst opphold. Sm\u00e5, stille, ofte bare tilgjengelige til fots - men med masse karakter.<\/p><p>Benissa har flere: Cala Llobella, Baladrar, Els Pinets - alle litt avsidesliggende, ikke for spontane utflukter med kj\u00f8leboks, men ideelle for noen rolige timer ved vannet.<\/p><p>Benitachell byr p\u00e5 kontraster: Cala Moraig er velutviklet, popul\u00e6r og har en spektakul\u00e6r natur. Cala Llebeig ligger bare noen kilometer unna, og kan n\u00e5s til fots via klippestien - et n\u00e6rmest kontemplativt sted.<\/p>\t\t\t\t\t\t\t\t<\/div>\n\t\t\t\t<\/div>\n\t\t\t\t<div class=\"elementor-element elementor-element-baa5354 elementor-widget elementor-widget-text-editor\" data-id=\"baa5354\" data-element_type=\"widget\" data-e-type=\"widget\" data-widget_type=\"text-editor.default\">\n\t\t\t\t<div class=\"elementor-widget-container\">\n\t\t\t\t\t\t\t\t\t<p>Benidorm, som ofte blir oversett n\u00e5r det gjelder bukter, overrasker med Cala del T\u00edo Ximo og Cala Almadrava. Begge er sm\u00e5, skjermede og har en overraskende lokal karakter - selv midt i sentrum av byen.<\/p><p>I Villajoyosa er det verdt \u00e5 ta turen til Cala de la Malladeta, som for tiden er under restaurering, men som allerede er en fredfylt oase langt fra bystranden.<\/p><p><strong>Mangfoldet ligger i overflaten<\/strong><br \/>Kysten mellom D\u00e9nia og Villajoyosa byr ikke p\u00e5 noen konsensusstrand - og det er nettopp det som er fordelen. <br \/>Hvis du ikke binder deg til \u00e9n destinasjon, men er \u00e5pen for forskjellige steder, vil du finne den rette delen for nesten alle stemninger. Noen ganger h\u00f8ylytt, <br \/>Noen ganger stille. Noen ganger perfekt utstyrt, andre ganger nesten glemt.\u00a0<\/p>\t\t\t\t\t\t\t\t<\/div>\n\t\t\t\t<\/div>\n\t\t\t\t<\/div>\n\t\t\t\t\t<\/div>\n\t\t\t\t<\/div>\n\t\t<div class=\"elementor-element elementor-element-04715d9 e-flex e-con-boxed e-con e-parent\" data-id=\"04715d9\" data-element_type=\"container\" data-e-type=\"container\">\n\t\t\t\t\t<div class=\"e-con-inner\">\n\t\t\t\t<div class=\"elementor-element elementor-element-3bd9904 elementor-widget-divider--separator-type-pattern elementor-widget-divider--view-line elementor-widget elementor-widget-divider\" data-id=\"3bd9904\" data-element_type=\"widget\" data-e-type=\"widget\" data-widget_type=\"divider.default\">\n\t\t\t\t<div class=\"elementor-widget-container\">\n\t\t\t\t\t\t\t<div class=\"elementor-divider\" style=\"--divider-pattern-url: url(&quot;data:image\/svg+xml,%3Csvg xmlns=&#039;http:\/\/www.w3.org\/2000\/svg&#039; preserveAspectRatio=&#039;none&#039; overflow=&#039;visible&#039; height=&#039;100%&#039; viewBox=&#039;0 0 24 24&#039; fill=&#039;none&#039; stroke=&#039;black&#039; stroke-width=&#039;1.5&#039; stroke-linecap=&#039;square&#039; stroke-miterlimit=&#039;10&#039;%3E%3Cpath d=&#039;M0,6c6,0,0.9,11.1,6.9,11.1S18,6,24,6&#039;\/%3E%3C\/svg%3E&quot;);\">\n\t\t\t<span class=\"elementor-divider-separator\">\n\t\t\t\t\t\t<\/span>\n\t\t<\/div>\n\t\t\t\t\t\t<\/div>\n\t\t\t\t<\/div>\n\t\t\t\t\t<\/div>\n\t\t\t\t<\/div>\n\t\t<div class=\"elementor-element elementor-element-a0e81ab e-flex e-con-boxed e-con e-parent\" data-id=\"a0e81ab\" data-element_type=\"container\" data-e-type=\"container\">\n\t\t\t\t\t<div class=\"e-con-inner\">\n\t\t\t\t<div class=\"elementor-element elementor-element-41eb6fd elementor-grid-3 elementor-grid-tablet-2 elementor-grid-mobile-1 elementor-posts--thumbnail-top elementor-posts--show-avatar elementor-card-shadow-yes elementor-posts__hover-gradient elementor-widget elementor-widget-posts\" data-id=\"41eb6fd\" data-element_type=\"widget\" data-e-type=\"widget\" data-settings=\"{&quot;cards_columns&quot;:&quot;3&quot;,&quot;cards_columns_tablet&quot;:&quot;2&quot;,&quot;cards_columns_mobile&quot;:&quot;1&quot;,&quot;cards_row_gap&quot;:{&quot;unit&quot;:&quot;px&quot;,&quot;size&quot;:35,&quot;sizes&quot;:[]},&quot;cards_row_gap_tablet&quot;:{&quot;unit&quot;:&quot;px&quot;,&quot;size&quot;:&quot;&quot;,&quot;sizes&quot;:[]},&quot;cards_row_gap_mobile&quot;:{&quot;unit&quot;:&quot;px&quot;,&quot;size&quot;:&quot;&quot;,&quot;sizes&quot;:[]}}\" data-widget_type=\"posts.cards\">\n\t\t\t\t<div class=\"elementor-widget-container\">\n\t\t\t\t\t\t\t<div class=\"elementor-posts-container elementor-posts elementor-posts--skin-cards elementor-grid\" role=\"list\">\n\t\t\t\t<article class=\"elementor-post elementor-grid-item post-5834 post type-post status-publish format-standard has-post-thumbnail hentry category-infos category-straende-buchten tag-benidorm tag-bussgeld-fuer-rauchen-an-straenden tag-rauch-verbot-straende-costa-blanca tag-straende-costa-blanca-2\" role=\"listitem\">\n\t\t\t<div class=\"elementor-post__card\">\n\t\t\t\t<a class=\"elementor-post__thumbnail__link\" href=\"https:\/\/costablanca-magazin.com\/nb\/lokales\/infos\/straende-an-der-costa-blanca-wo-rauchen-strikt-verboten-ist\/\" tabindex=\"-1\" ><div class=\"elementor-post__thumbnail\"><img fetchpriority=\"high\" decoding=\"async\" width=\"2048\" height=\"1099\" src=\"https:\/\/costablanca-magazin.com\/wp-content\/uploads\/2025\/04\/mediterranean-beach-mountain-penyal-d-ifach-calp-2024-12-15-19-01-56-utc-2048x1099.jpg\" class=\"attachment-2048x2048 size-2048x2048 wp-image-5839\" alt=\"Strender uten \u201ebl\u00e5 r\u00f8yk\u201c \u2013 hvor r\u00f8yking er strengt forbudt 2\" srcset=\"https:\/\/costablanca-magazin.com\/wp-content\/uploads\/2025\/04\/mediterranean-beach-mountain-penyal-d-ifach-calp-2024-12-15-19-01-56-utc-2048x1099.jpg 2048w, https:\/\/costablanca-magazin.com\/wp-content\/uploads\/2025\/04\/mediterranean-beach-mountain-penyal-d-ifach-calp-2024-12-15-19-01-56-utc-300x161.jpg 300w, https:\/\/costablanca-magazin.com\/wp-content\/uploads\/2025\/04\/mediterranean-beach-mountain-penyal-d-ifach-calp-2024-12-15-19-01-56-utc-1024x549.jpg 1024w, https:\/\/costablanca-magazin.com\/wp-content\/uploads\/2025\/04\/mediterranean-beach-mountain-penyal-d-ifach-calp-2024-12-15-19-01-56-utc-768x412.jpg 768w, https:\/\/costablanca-magazin.com\/wp-content\/uploads\/2025\/04\/mediterranean-beach-mountain-penyal-d-ifach-calp-2024-12-15-19-01-56-utc-1536x824.jpg 1536w\" sizes=\"(max-width: 2048px) 100vw, 2048px\" \/><\/div><\/a>\n\t\t\t\t<div class=\"elementor-post__badge\">Info<\/div>\n\t\t\t\t<div class=\"elementor-post__avatar\">\n\t\t\t\t\t<\/div>\n\t\t\t\t<div class=\"elementor-post__text\">\n\t\t\t\t<h4 class=\"elementor-post__title\">\n\t\t\t<a href=\"https:\/\/costablanca-magazin.com\/nb\/lokales\/infos\/straende-an-der-costa-blanca-wo-rauchen-strikt-verboten-ist\/\" >\n\t\t\t\tStrender p\u00e5 Costa Blanca hvor r\u00f8yking er strengt forbudt\t\t\t<\/a>\n\t\t<\/h4>\n\t\t\t\t<\/div>\n\t\t\t\t\t<\/div>\n\t\t<\/article>\n\t\t\t\t<article class=\"elementor-post elementor-grid-item post-210 post type-post status-publish format-standard has-post-thumbnail hentry category-straende-buchten tag-ausfluege-costablanca tag-costa-blanca tag-straende-an-der-costablanca\" role=\"listitem\">\n\t\t\t<div class=\"elementor-post__card\">\n\t\t\t\t<a class=\"elementor-post__thumbnail__link\" href=\"https:\/\/costablanca-magazin.com\/nb\/freizeit\/straende-buchten\/straende\/\" tabindex=\"-1\" ><div class=\"elementor-post__thumbnail\"><img decoding=\"async\" width=\"800\" height=\"533\" src=\"https:\/\/costablanca-magazin.com\/wp-content\/uploads\/2024\/06\/strande1.jpg\" class=\"attachment-2048x2048 size-2048x2048 wp-image-211\" alt=\"Costa Blanca Strand Altea utsikt over Calpe 1\" srcset=\"https:\/\/costablanca-magazin.com\/wp-content\/uploads\/2024\/06\/strande1.jpg 800w, https:\/\/costablanca-magazin.com\/wp-content\/uploads\/2024\/06\/strande1-300x200.jpg 300w, https:\/\/costablanca-magazin.com\/wp-content\/uploads\/2024\/06\/strande1-768x512.jpg 768w\" sizes=\"(max-width: 800px) 100vw, 800px\" \/><\/div><\/a>\n\t\t\t\t<div class=\"elementor-post__badge\">Strender og bukter<\/div>\n\t\t\t\t<div class=\"elementor-post__avatar\">\n\t\t\t\t\t<\/div>\n\t\t\t\t<div class=\"elementor-post__text\">\n\t\t\t\t<h4 class=\"elementor-post__title\">\n\t\t\t<a href=\"https:\/\/costablanca-magazin.com\/nb\/freizeit\/straende-buchten\/straende\/\" >\n\t\t\t\tStrender\t\t\t<\/a>\n\t\t<\/h4>\n\t\t\t\t<\/div>\n\t\t\t\t\t<\/div>\n\t\t<\/article>\n\t\t\t\t<\/div>\n\t\t\n\t\t\t\t\t\t<\/div>\n\t\t\t\t<\/div>\n\t\t\t\t\t<\/div>\n\t\t\t\t<\/div>\n\t\t\t\t<\/div>","protected":false},"excerpt":{"rendered":"<p>Strender mellom hverdag og fritid Sand, rullestein, bukt - hva kjennetegner egentlig kysten mellom D\u00e9nia og Villajoyosa Ikke alle<\/p>","protected":false},"author":1,"featured_media":7789,"comment_status":"closed","ping_status":"closed","sticky":false,"template":"elementor_header_footer","format":"standard","meta":{"om_disable_all_campaigns":false,"_monsterinsights_skip_tracking":false,"_monsterinsights_sitenote_active":false,"_monsterinsights_sitenote_note":"","_monsterinsights_sitenote_category":0,"footnotes":""},"categories":[24],"tags":[63,64,66,613,67,70],"class_list":["post-7788","post","type-post","status-publish","format-standard","has-post-thumbnail","hentry","category-straende-buchten","tag-altea","tag-benidorm","tag-calpe","tag-costa-blanca-2","tag-denia","tag-villajoyosa"],"aioseo_notices":[],"_links":{"self":[{"href":"https:\/\/costablanca-magazin.com\/nb\/wp-json\/wp\/v2\/posts\/7788","targetHints":{"allow":["GET"]}}],"collection":[{"href":"https:\/\/costablanca-magazin.com\/nb\/wp-json\/wp\/v2\/posts"}],"about":[{"href":"https:\/\/costablanca-magazin.com\/nb\/wp-json\/wp\/v2\/types\/post"}],"author":[{"embeddable":true,"href":"https:\/\/costablanca-magazin.com\/nb\/wp-json\/wp\/v2\/users\/1"}],"replies":[{"embeddable":true,"href":"https:\/\/costablanca-magazin.com\/nb\/wp-json\/wp\/v2\/comments?post=7788"}],"version-history":[{"count":13,"href":"https:\/\/costablanca-magazin.com\/nb\/wp-json\/wp\/v2\/posts\/7788\/revisions"}],"predecessor-version":[{"id":11183,"href":"https:\/\/costablanca-magazin.com\/nb\/wp-json\/wp\/v2\/posts\/7788\/revisions\/11183"}],"wp:featuredmedia":[{"embeddable":true,"href":"https:\/\/costablanca-magazin.com\/nb\/wp-json\/wp\/v2\/media\/7789"}],"wp:attachment":[{"href":"https:\/\/costablanca-magazin.com\/nb\/wp-json\/wp\/v2\/media?parent=7788"}],"wp:term":[{"taxonomy":"category","embeddable":true,"href":"https:\/\/costablanca-magazin.com\/nb\/wp-json\/wp\/v2\/categories?post=7788"},{"taxonomy":"post_tag","embeddable":true,"href":"https:\/\/costablanca-magazin.com\/nb\/wp-json\/wp\/v2\/tags?post=7788"}],"curies":[{"name":"wp","href":"https:\/\/api.w.org\/{rel}","templated":true}]}}