{"id":7782,"date":"2025-06-24T09:00:00","date_gmt":"2025-06-24T07:00:00","guid":{"rendered":"https:\/\/costablanca-magazin.com\/?p=7782"},"modified":"2025-12-04T12:30:23","modified_gmt":"2025-12-04T11:30:23","slug":"strender-og-bukter-costa-blanca","status":"publish","type":"post","link":"https:\/\/costablanca-magazin.com\/nb\/freizeit\/straende-buchten\/straende-und-buchten-costa-blanca\/","title":{"rendered":"Strender og bukter med karakter p\u00e5 Costa Blanca"},"content":{"rendered":"<div data-elementor-type=\"wp-post\" data-elementor-id=\"7782\" class=\"elementor elementor-7782\" data-elementor-post-type=\"post\">\n\t\t\t\t<div class=\"elementor-element elementor-element-9ece3fd e-flex e-con-boxed e-con e-parent\" data-id=\"9ece3fd\" data-element_type=\"container\" data-e-type=\"container\">\n\t\t\t\t\t<div class=\"e-con-inner\">\n\t\t\t\t<div class=\"elementor-element elementor-element-fb867ef elementor-widget elementor-widget-heading\" data-id=\"fb867ef\" data-element_type=\"widget\" data-e-type=\"widget\" data-widget_type=\"heading.default\">\n\t\t\t\t<div class=\"elementor-widget-container\">\n\t\t\t\t\t<h1 class=\"elementor-heading-title elementor-size-default\">Strender og bukter med\nbukter med karakter p\u00e5 Costa Blanca<\/h1>\t\t\t\t<\/div>\n\t\t\t\t<\/div>\n\t\t\t\t<div class=\"elementor-element elementor-element-77d1599 elementor-widget elementor-widget-image\" data-id=\"77d1599\" data-element_type=\"widget\" data-e-type=\"widget\" data-widget_type=\"image.default\">\n\t\t\t\t<div class=\"elementor-widget-container\">\n\t\t\t\t\t\t\t\t\t\t\t\t\t\t\t<img decoding=\"async\" src=\"https:\/\/costablanca-magazin.com\/wp-content\/uploads\/elementor\/thumbs\/Costablana-magazin-Villajoyossa-16-rjc5hmzeshvmtq7k0koefcr1g8ur8a6vmbd8ikyoq4.jpg\" title=\"Kystlinje med karakter - strender og bukter fra D\u00e9nia til Villajoyosa\" alt=\"Kystlinje med karakter \u2013 strender og bukter fra D\u00e9nia til Villajoyosa\" loading=\"lazy\" \/>\t\t\t\t\t\t\t\t\t\t\t\t\t\t\t<\/div>\n\t\t\t\t<\/div>\n\t\t\t\t<div class=\"elementor-element elementor-element-4b9012f elementor-widget elementor-widget-heading\" data-id=\"4b9012f\" data-element_type=\"widget\" data-e-type=\"widget\" data-widget_type=\"heading.default\">\n\t\t\t\t<div class=\"elementor-widget-container\">\n\t\t\t\t\t<h2 class=\"elementor-heading-title elementor-size-default\">Fra D\u00e9nia til Villajoyosa - mellom solkomfort, vannkvalitet og rolige tilfluktssteder\nrolige tilfluktssteder: en oversikt over kysten for deg som vil ha mer enn bare en sv\u00f8mmetur.<\/h2>\t\t\t\t<\/div>\n\t\t\t\t<\/div>\n\t\t\t\t\t<\/div>\n\t\t\t\t<\/div>\n\t\t<div class=\"elementor-element elementor-element-fda5ce6 e-flex e-con-boxed e-con e-parent\" data-id=\"fda5ce6\" data-element_type=\"container\" data-e-type=\"container\">\n\t\t\t\t\t<div class=\"e-con-inner\">\n\t\t<div class=\"elementor-element elementor-element-ea85426 e-con-full e-flex e-con e-child\" data-id=\"ea85426\" data-element_type=\"container\" data-e-type=\"container\">\n\t\t\t\t<div class=\"elementor-element elementor-element-4c21f51 elementor-widget elementor-widget-text-editor\" data-id=\"4c21f51\" data-element_type=\"widget\" data-e-type=\"widget\" data-widget_type=\"text-editor.default\">\n\t\t\t\t<div class=\"elementor-widget-container\">\n\t\t\t\t\t\t\t\t\t<p>Den ca. 70 kilometer lange kystlinjen mellom D\u00e9nia og Villajoyosa er kjent for mange - i hvert fall p\u00e5 overflaten. Men utenfor de velkjente strandpromenadene og hovedstrendene finnes det en rekke bukter og strekninger som kan gjenoppdages. I denne utgaven tar vi en titt p\u00e5 de spesielle stedene langs den nordlige Costa Blanca: strender med bl\u00e5tt flagg, familievennlige strekninger, barrierefri tilgang og skjulte bukter som kanskje er ukjente selv for de som har bodd her lenge.<\/p><p><strong>Kystens skjulte skatter<\/strong><br \/>Noen av de mest bemerkelsesverdige stedene er bare tilgjengelige til fots, via smale stier eller med b\u00e5t. Cala Llebeig n\u00e6r Benitachell er for eksempel en bortgjemt bukt som bare er tilgjengelig via en kyststi eller fra sj\u00f8en. Den avsidesliggende beliggenheten og naturskj\u00f8nnheten gj\u00f8r den til et spesielt reisem\u00e5l for turg\u00e5ere og naturelskere.<\/p><p>I Benidorm, som er kjent for sin livlige strandkultur, finnes det ogs\u00e5 rolige tilfluktssteder.<\/p>\t\t\t\t\t\t\t\t<\/div>\n\t\t\t\t<\/div>\n\t\t\t\t<\/div>\n\t\t<div class=\"elementor-element elementor-element-a530c1a e-con-full e-flex e-con e-child\" data-id=\"a530c1a\" data-element_type=\"container\" data-e-type=\"container\">\n\t\t\t\t<div class=\"elementor-element elementor-element-9b3e08e elementor-widget elementor-widget-text-editor\" data-id=\"9b3e08e\" data-element_type=\"widget\" data-e-type=\"widget\" data-widget_type=\"text-editor.default\">\n\t\t\t\t<div class=\"elementor-widget-container\">\n\t\t\t\t\t\t\t\t\t<p>Cala del T\u00edo Ximo og Cala Almadrava tilbyr et roligere alternativ til de livlige hovedstrendene, og er spesielt popul\u00e6re blant lokalbefolkningen som \u00f8nsker \u00e5 unnslippe kjas og mas.<\/p><p><strong>Strender med s\u00e6rpreg <\/strong><strong>og infrastruktur<\/strong><br \/>Regionen har mange strender som har f\u00e5tt tildelt Bl\u00e5tt flagg - et tegn p\u00e5 h\u00f8y vannkvalitet, sikkerhet og milj\u00f8forvaltning. Strender som Playa del Arenal i J\u00e1vea eller Playa de la Fossa i Calpe har ikke bare rent vann, men ogs\u00e5 fasiliteter som universell utforming, lekeplasser og badevakttjenester, noe som gj\u00f8r dem spesielt familievennlige.<\/p><p><strong>Invitasjon til \u00e5 gjenoppdage<\/strong><br \/>Fokuset i denne utgaven er en invitasjon til \u00e5 utforske kysten mellom D\u00e9nia og Villajoyosa p\u00e5 en ny m\u00e5te. Her er det mye \u00e5 oppdage utenfor allfarvei: fra bortgjemte bukter og flotte strender til steder med spesiell infrastruktur for ulike behov. I de f\u00f8lgende artiklene vil vi introdusere deg for disse spesielle stedene og gi deg praktiske tips til din neste tur til sj\u00f8en.<\/p>\t\t\t\t\t\t\t\t<\/div>\n\t\t\t\t<\/div>\n\t\t\t\t<\/div>\n\t\t\t\t\t<\/div>\n\t\t\t\t<\/div>\n\t\t<div class=\"elementor-element elementor-element-eebd0f0 e-flex e-con-boxed e-con e-parent\" data-id=\"eebd0f0\" data-element_type=\"container\" data-e-type=\"container\">\n\t\t\t\t\t<div class=\"e-con-inner\">\n\t\t\t\t<div class=\"elementor-element elementor-element-ddc30e4 elementor-widget-divider--separator-type-pattern elementor-widget-divider--view-line elementor-widget elementor-widget-divider\" data-id=\"ddc30e4\" data-element_type=\"widget\" data-e-type=\"widget\" data-widget_type=\"divider.default\">\n\t\t\t\t<div class=\"elementor-widget-container\">\n\t\t\t\t\t\t\t<div class=\"elementor-divider\" style=\"--divider-pattern-url: url(&quot;data:image\/svg+xml,%3Csvg xmlns=&#039;http:\/\/www.w3.org\/2000\/svg&#039; preserveAspectRatio=&#039;none&#039; overflow=&#039;visible&#039; height=&#039;100%&#039; viewBox=&#039;0 0 24 24&#039; fill=&#039;none&#039; stroke=&#039;black&#039; stroke-width=&#039;2.2&#039; stroke-linecap=&#039;square&#039; stroke-miterlimit=&#039;10&#039;%3E%3Cpath d=&#039;M0,6c6,0,0.9,11.1,6.9,11.1S18,6,24,6&#039;\/%3E%3C\/svg%3E&quot;);\">\n\t\t\t<span class=\"elementor-divider-separator\">\n\t\t\t\t\t\t<\/span>\n\t\t<\/div>\n\t\t\t\t\t\t<\/div>\n\t\t\t\t<\/div>\n\t\t\t\t<div class=\"elementor-element elementor-element-6c69bd9 elementor-grid-3 elementor-grid-tablet-2 elementor-grid-mobile-1 elementor-posts--thumbnail-top elementor-posts--show-avatar elementor-card-shadow-yes elementor-posts__hover-gradient elementor-widget elementor-widget-posts\" data-id=\"6c69bd9\" data-element_type=\"widget\" data-e-type=\"widget\" data-settings=\"{&quot;cards_columns&quot;:&quot;3&quot;,&quot;cards_columns_tablet&quot;:&quot;2&quot;,&quot;cards_columns_mobile&quot;:&quot;1&quot;,&quot;cards_row_gap&quot;:{&quot;unit&quot;:&quot;px&quot;,&quot;size&quot;:35,&quot;sizes&quot;:[]},&quot;cards_row_gap_tablet&quot;:{&quot;unit&quot;:&quot;px&quot;,&quot;size&quot;:&quot;&quot;,&quot;sizes&quot;:[]},&quot;cards_row_gap_mobile&quot;:{&quot;unit&quot;:&quot;px&quot;,&quot;size&quot;:&quot;&quot;,&quot;sizes&quot;:[]}}\" data-widget_type=\"posts.cards\">\n\t\t\t\t<div class=\"elementor-widget-container\">\n\t\t\t\t\t\t\t<div class=\"elementor-posts-container elementor-posts elementor-posts--skin-cards elementor-grid\" role=\"list\">\n\t\t\t\t<article class=\"elementor-post elementor-grid-item post-7827 post type-post status-publish format-standard has-post-thumbnail hentry category-straende-buchten tag-blaue-flagge-costa-blanca tag-liste-der-straende-mit-blauer-flagge-an-der-costa-blanca tag-straende-mit-bester-wasserqualitaet tag-straende-und-buchten\" role=\"listitem\">\n\t\t\t<div class=\"elementor-post__card\">\n\t\t\t\t<a class=\"elementor-post__thumbnail__link\" href=\"https:\/\/costablanca-magazin.com\/nb\/freizeit\/straende-buchten\/costa-blanca-straende-2025-mit-blauer-flagge\/\" tabindex=\"-1\" ><div class=\"elementor-post__thumbnail\"><img fetchpriority=\"high\" decoding=\"async\" width=\"2048\" height=\"1349\" src=\"https:\/\/costablanca-magazin.com\/wp-content\/uploads\/2025\/06\/bathing-area-2881973-2048x1349.jpg\" class=\"attachment-2048x2048 size-2048x2048 wp-image-7828\" alt=\"Bl\u00e5tt krav \u2013 Disse strendene vil ha bl\u00e5tt flagg i 2025\" srcset=\"https:\/\/costablanca-magazin.com\/wp-content\/uploads\/2025\/06\/bathing-area-2881973-2048x1349.jpg 2048w, https:\/\/costablanca-magazin.com\/wp-content\/uploads\/2025\/06\/bathing-area-2881973-300x198.jpg 300w, https:\/\/costablanca-magazin.com\/wp-content\/uploads\/2025\/06\/bathing-area-2881973-1024x674.jpg 1024w, https:\/\/costablanca-magazin.com\/wp-content\/uploads\/2025\/06\/bathing-area-2881973-768x506.jpg 768w, https:\/\/costablanca-magazin.com\/wp-content\/uploads\/2025\/06\/bathing-area-2881973-1536x1012.jpg 1536w\" sizes=\"(max-width: 2048px) 100vw, 2048px\" \/><\/div><\/a>\n\t\t\t\t<div class=\"elementor-post__badge\">Strender og bukter<\/div>\n\t\t\t\t<div class=\"elementor-post__avatar\">\n\t\t\t\t\t<\/div>\n\t\t\t\t<div class=\"elementor-post__text\">\n\t\t\t\t<h3 class=\"elementor-post__title\">\n\t\t\t<a href=\"https:\/\/costablanca-magazin.com\/nb\/freizeit\/straende-buchten\/costa-blanca-straende-2025-mit-blauer-flagge\/\" >\n\t\t\t\tDisse strendene vil b\u00e6re Bl\u00e5tt flagg-Costablanca i 2025\t\t\t<\/a>\n\t\t<\/h3>\n\t\t\t\t<\/div>\n\t\t\t\t\t<\/div>\n\t\t<\/article>\n\t\t\t\t<article class=\"elementor-post elementor-grid-item post-7817 post type-post status-publish format-standard has-post-thumbnail hentry category-straende-buchten tag-barrierefreie-straende tag-barrierefreier-zugang tag-behindertenfreundlicher-badeurlaub tag-behindertengerechte-einrichtungen tag-benidorm tag-cala-de-finestrat tag-calpe tag-costa-blanca-2 tag-denia tag-javea tag-playa-de-la-fossa tag-playa-de-poniente tag-playa-del-arenal tag-playa-las-marinas tag-playa-les-marines tag-playa-raco-del-albir\" role=\"listitem\">\n\t\t\t<div class=\"elementor-post__card\">\n\t\t\t\t<a class=\"elementor-post__thumbnail__link\" href=\"https:\/\/costablanca-magazin.com\/nb\/freizeit\/straende-buchten\/behindertengerechte-straende-an-der-costa-blanca\/\" tabindex=\"-1\" ><div class=\"elementor-post__thumbnail\"><img decoding=\"async\" width=\"1200\" height=\"586\" src=\"https:\/\/costablanca-magazin.com\/wp-content\/uploads\/2025\/06\/outdoor-activity-travel-by-wheelchair-with-diverse-2025-01-09-08-18-39-utc-e1750595327138.jpg\" class=\"attachment-2048x2048 size-2048x2048 wp-image-7818\" alt=\"Uten hindringer ut i havet\" srcset=\"https:\/\/costablanca-magazin.com\/wp-content\/uploads\/2025\/06\/outdoor-activity-travel-by-wheelchair-with-diverse-2025-01-09-08-18-39-utc-e1750595327138.jpg 1200w, https:\/\/costablanca-magazin.com\/wp-content\/uploads\/2025\/06\/outdoor-activity-travel-by-wheelchair-with-diverse-2025-01-09-08-18-39-utc-e1750595327138-300x147.jpg 300w, https:\/\/costablanca-magazin.com\/wp-content\/uploads\/2025\/06\/outdoor-activity-travel-by-wheelchair-with-diverse-2025-01-09-08-18-39-utc-e1750595327138-1024x500.jpg 1024w, https:\/\/costablanca-magazin.com\/wp-content\/uploads\/2025\/06\/outdoor-activity-travel-by-wheelchair-with-diverse-2025-01-09-08-18-39-utc-e1750595327138-768x375.jpg 768w\" sizes=\"(max-width: 1200px) 100vw, 1200px\" \/><\/div><\/a>\n\t\t\t\t<div class=\"elementor-post__badge\">Strender og bukter<\/div>\n\t\t\t\t<div class=\"elementor-post__avatar\">\n\t\t\t\t\t<\/div>\n\t\t\t\t<div class=\"elementor-post__text\">\n\t\t\t\t<h3 class=\"elementor-post__title\">\n\t\t\t<a href=\"https:\/\/costablanca-magazin.com\/nb\/freizeit\/straende-buchten\/behindertengerechte-straende-an-der-costa-blanca\/\" >\n\t\t\t\tUt i havet p\u00e5 Costa Blanca uten barrierer\t\t\t<\/a>\n\t\t<\/h3>\n\t\t\t\t<\/div>\n\t\t\t\t\t<\/div>\n\t\t<\/article>\n\t\t\t\t<article class=\"elementor-post elementor-grid-item post-7804 post type-post status-publish format-standard has-post-thumbnail hentry category-straende-buchten tag-benidorm tag-calpe tag-costa-blanca-2 tag-denia tag-javea tag-playa-centro tag-playa-de-la-fossa tag-playa-de-poniente tag-playa-del-arenal tag-playa-las-marinas\" role=\"listitem\">\n\t\t\t<div class=\"elementor-post__card\">\n\t\t\t\t<a class=\"elementor-post__thumbnail__link\" href=\"https:\/\/costablanca-magazin.com\/nb\/freizeit\/straende-buchten\/fuenf-kinderfreundliche-straende-an-der-costa-blanca\/\" tabindex=\"-1\" ><div class=\"elementor-post__thumbnail\"><img decoding=\"async\" width=\"1200\" height=\"638\" src=\"https:\/\/costablanca-magazin.com\/wp-content\/uploads\/2025\/06\/amazing-day-at-the-beach-with-the-family-2025-04-06-11-15-36-utc-e1750593539788.jpg\" class=\"attachment-2048x2048 size-2048x2048 wp-image-7806\" alt=\"De fem mest barnevennlige strendene p\u00e5 Costa Blanca\" srcset=\"https:\/\/costablanca-magazin.com\/wp-content\/uploads\/2025\/06\/amazing-day-at-the-beach-with-the-family-2025-04-06-11-15-36-utc-e1750593539788.jpg 1200w, https:\/\/costablanca-magazin.com\/wp-content\/uploads\/2025\/06\/amazing-day-at-the-beach-with-the-family-2025-04-06-11-15-36-utc-e1750593539788-300x160.jpg 300w, https:\/\/costablanca-magazin.com\/wp-content\/uploads\/2025\/06\/amazing-day-at-the-beach-with-the-family-2025-04-06-11-15-36-utc-e1750593539788-1024x544.jpg 1024w, https:\/\/costablanca-magazin.com\/wp-content\/uploads\/2025\/06\/amazing-day-at-the-beach-with-the-family-2025-04-06-11-15-36-utc-e1750593539788-768x408.jpg 768w\" sizes=\"(max-width: 1200px) 100vw, 1200px\" \/><\/div><\/a>\n\t\t\t\t<div class=\"elementor-post__badge\">Strender og bukter<\/div>\n\t\t\t\t<div class=\"elementor-post__avatar\">\n\t\t\t\t\t<\/div>\n\t\t\t\t<div class=\"elementor-post__text\">\n\t\t\t\t<h3 class=\"elementor-post__title\">\n\t\t\t<a href=\"https:\/\/costablanca-magazin.com\/nb\/freizeit\/straende-buchten\/fuenf-kinderfreundliche-straende-an-der-costa-blanca\/\" >\n\t\t\t\tFem av de mest barnevennlige strendene p\u00e5 Costa Blanca\t\t\t<\/a>\n\t\t<\/h3>\n\t\t\t\t<\/div>\n\t\t\t\t\t<\/div>\n\t\t<\/article>\n\t\t\t\t<\/div>\n\t\t\n\t\t\t\t\t\t<\/div>\n\t\t\t\t<\/div>\n\t\t\t\t\t<\/div>\n\t\t\t\t<\/div>\n\t\t\t\t<\/div>","protected":false},"excerpt":{"rendered":"<p>Strender og bukter med karakter p\u00e5 Costa Blanca Fra D\u00e9nia til Villajoyosa - mellom solkomfort, vannkvalitet og rolige tilfluktssteder:<\/p>","protected":false},"author":1,"featured_media":7784,"comment_status":"closed","ping_status":"closed","sticky":false,"template":"elementor_header_footer","format":"standard","meta":{"om_disable_all_campaigns":false,"_monsterinsights_skip_tracking":false,"_monsterinsights_sitenote_active":false,"_monsterinsights_sitenote_note":"","_monsterinsights_sitenote_category":0,"footnotes":""},"categories":[24],"tags":[957,956,955,613,958,959],"class_list":["post-7782","post","type-post","status-publish","format-standard","has-post-thumbnail","hentry","category-straende-buchten","tag-barrierefreiheit","tag-blaue-flagge","tag-buchten","tag-costa-blanca-2","tag-familienstraende","tag-geheimtipps"],"aioseo_notices":[],"_links":{"self":[{"href":"https:\/\/costablanca-magazin.com\/nb\/wp-json\/wp\/v2\/posts\/7782","targetHints":{"allow":["GET"]}}],"collection":[{"href":"https:\/\/costablanca-magazin.com\/nb\/wp-json\/wp\/v2\/posts"}],"about":[{"href":"https:\/\/costablanca-magazin.com\/nb\/wp-json\/wp\/v2\/types\/post"}],"author":[{"embeddable":true,"href":"https:\/\/costablanca-magazin.com\/nb\/wp-json\/wp\/v2\/users\/1"}],"replies":[{"embeddable":true,"href":"https:\/\/costablanca-magazin.com\/nb\/wp-json\/wp\/v2\/comments?post=7782"}],"version-history":[{"count":7,"href":"https:\/\/costablanca-magazin.com\/nb\/wp-json\/wp\/v2\/posts\/7782\/revisions"}],"predecessor-version":[{"id":10257,"href":"https:\/\/costablanca-magazin.com\/nb\/wp-json\/wp\/v2\/posts\/7782\/revisions\/10257"}],"wp:featuredmedia":[{"embeddable":true,"href":"https:\/\/costablanca-magazin.com\/nb\/wp-json\/wp\/v2\/media\/7784"}],"wp:attachment":[{"href":"https:\/\/costablanca-magazin.com\/nb\/wp-json\/wp\/v2\/media?parent=7782"}],"wp:term":[{"taxonomy":"category","embeddable":true,"href":"https:\/\/costablanca-magazin.com\/nb\/wp-json\/wp\/v2\/categories?post=7782"},{"taxonomy":"post_tag","embeddable":true,"href":"https:\/\/costablanca-magazin.com\/nb\/wp-json\/wp\/v2\/tags?post=7782"}],"curies":[{"name":"wp","href":"https:\/\/api.w.org\/{rel}","templated":true}]}}