{"id":7494,"date":"2025-05-27T09:00:00","date_gmt":"2025-05-27T07:00:00","guid":{"rendered":"https:\/\/costablanca-magazin.com\/?p=7494"},"modified":"2026-07-07T10:20:10","modified_gmt":"2026-07-07T08:20:10","slug":"costa-blanca-kunstnere-mellom-kysten-og-verdensscenen","status":"publish","type":"post","link":"https:\/\/costablanca-magazin.com\/nb\/lokales\/infos\/costa-blanca-kuenstler-zwischen-kueste-und-weltbuehne\/","title":{"rendered":"Costa Blanca-artister mellom kysten og verdensscenen"},"content":{"rendered":"<div data-elementor-type=\"wp-post\" data-elementor-id=\"7494\" class=\"elementor elementor-7494\" data-elementor-post-type=\"post\">\n\t\t\t\t<div class=\"elementor-element elementor-element-ee8f0c8 e-flex e-con-boxed e-con e-parent\" data-id=\"ee8f0c8\" data-element_type=\"container\" data-e-type=\"container\">\n\t\t\t\t\t<div class=\"e-con-inner\">\n\t\t\t\t<div class=\"elementor-element elementor-element-6718bd5 elementor-widget elementor-widget-heading\" data-id=\"6718bd5\" data-element_type=\"widget\" data-e-type=\"widget\" data-widget_type=\"heading.default\">\n\t\t\t\t<div class=\"elementor-widget-container\">\n\t\t\t\t\t<h1 class=\"elementor-heading-title elementor-size-default\">Costa Blanca\nKunstnere\nmellom kysten\nog verdensscenen<\/h1>\t\t\t\t<\/div>\n\t\t\t\t<\/div>\n\t\t\t\t<div class=\"elementor-element elementor-element-c060aeb elementor-widget elementor-widget-image\" data-id=\"c060aeb\" data-element_type=\"widget\" data-e-type=\"widget\" data-widget_type=\"image.default\">\n\t\t\t\t<div class=\"elementor-widget-container\">\n\t\t\t\t\t\t\t\t\t\t\t\t\t\t\t<img decoding=\"async\" src=\"https:\/\/costablanca-magazin.com\/wp-content\/uploads\/elementor\/thumbs\/Tardor-La-Xara-1-rjc5kn2umg06dh6ttg2yf7b25ei63d36ynvwqd1dw4.jpg\" title=\"P\u00e5 n\u00e6rt hold og langt ute: kunstnere mellom kysten og verdensscenen\" alt=\"N\u00e6r og langt ute: Kunstnere mellom kysten og verdensscenen 19\" loading=\"lazy\" \/>\t\t\t\t\t\t\t\t\t\t\t\t\t\t\t<\/div>\n\t\t\t\t<\/div>\n\t\t\t\t\t<\/div>\n\t\t\t\t<\/div>\n\t\t<div class=\"elementor-element elementor-element-44c27e3 e-flex e-con-boxed e-con e-parent\" data-id=\"44c27e3\" data-element_type=\"container\" data-e-type=\"container\">\n\t\t\t\t\t<div class=\"e-con-inner\">\n\t\t\t\t<div class=\"elementor-element elementor-element-eca0160 elementor-widget elementor-widget-heading\" data-id=\"eca0160\" data-element_type=\"widget\" data-e-type=\"widget\" data-widget_type=\"heading.default\">\n\t\t\t\t<div class=\"elementor-widget-container\">\n\t\t\t\t\t<h2 class=\"elementor-heading-title elementor-size-default\">Fra gatekunst til sakral kunst\nhvordan Costa Blanca har satt sine kreative spor\ngjennom \u00e5rhundrene.<\/h2>\t\t\t\t<\/div>\n\t\t\t\t<\/div>\n\t\t\t\t\t<\/div>\n\t\t\t\t<\/div>\n\t\t<div class=\"elementor-element elementor-element-b90e371 e-flex e-con-boxed e-con e-parent\" data-id=\"b90e371\" data-element_type=\"container\" data-e-type=\"container\">\n\t\t\t\t\t<div class=\"e-con-inner\">\n\t\t<div class=\"elementor-element elementor-element-2080a59 e-con-full e-flex e-con e-child\" data-id=\"2080a59\" data-element_type=\"container\" data-e-type=\"container\">\n\t\t\t\t<div class=\"elementor-element elementor-element-0029626 elementor-widget elementor-widget-text-editor\" data-id=\"0029626\" data-element_type=\"widget\" data-e-type=\"widget\" data-widget_type=\"text-editor.default\">\n\t\t\t\t<div class=\"elementor-widget-container\">\n\t\t\t\t\t\t\t\t\t<p>P\u00e5 Costa Blanca skapes ikke kunst i retreat, men i dialog med omgivelsene. Her m\u00f8tes hverdagsliv og ekspressivitet, tradisjon og samtid - og noen verk finner veien til verdensscenen. <br \/>Mellom Alicante og D\u00e9nia viser regionale kunstnere hvor livlig det kreative arbeidet er her i dag. Samtidig minner store navn i kunsthistorien oss om at denne kystregionen lenge har v\u00e6rt en inspirasjonskilde for verk som i dag henger p\u00e5 internasjonale museer.<br \/>Fire kunstnere, fire perspektiver - et tverrsnitt gjennom fortid og n\u00e5tid i en region der kunst ikke bare ses, men ogs\u00e5 oppleves.<\/p><p><strong>Toni Mar\u00ed Sart - <\/strong><strong>N\u00e5r st\u00e5l tar form<\/strong><br \/>Toni Mar\u00ed Sart ble f\u00f8dt i J\u00e1vea i 1963, og hans metallskulpturer i stort format preger det offentlige rom som ingen andre. <br \/>Verkene hans st\u00e5r ikke bak glass, men midt i trafikken: ved innkj\u00f8ringene til Moraira, Teulada og J\u00e1vea, i rundkj\u00f8ringen i Pedreguer, p\u00e5 torg i D\u00e9nia og rundt bydelen \u201eBous a la Mar\u201c.<br \/>En monumental hval laget av st\u00e5l foran verkstedet hans i Gata de Gorgos viser ikke bare hans kunstneriske stil - men ogs\u00e5 hans r\u00f8tter i regionen.<\/p><p><strong>Tardor Rosell\u00f3 - Veggen som lerret<\/strong><br \/>Tardor Rosell\u00f3 m\u00f8ter nakne vegger med farger. Gatekunstneren fra Marina Alta har klart \u00e5 legge graffitifordommene bak seg. Veggmaleriene hans, som n\u00e5 er lovlige, setter farge p\u00e5 steder som Jes\u00fas Pobre, Benigembla og La Xara.<\/p>\t\t\t\t\t\t\t\t<\/div>\n\t\t\t\t<\/div>\n\t\t\t\t<div class=\"elementor-element elementor-element-a36097a elementor-widget elementor-widget-gallery\" data-id=\"a36097a\" data-element_type=\"widget\" data-e-type=\"widget\" data-settings=\"{&quot;columns&quot;:3,&quot;gap&quot;:{&quot;unit&quot;:&quot;px&quot;,&quot;size&quot;:5,&quot;sizes&quot;:[]},&quot;lazyload&quot;:&quot;yes&quot;,&quot;gallery_layout&quot;:&quot;grid&quot;,&quot;columns_tablet&quot;:2,&quot;columns_mobile&quot;:1,&quot;gap_tablet&quot;:{&quot;unit&quot;:&quot;px&quot;,&quot;size&quot;:10,&quot;sizes&quot;:[]},&quot;gap_mobile&quot;:{&quot;unit&quot;:&quot;px&quot;,&quot;size&quot;:10,&quot;sizes&quot;:[]},&quot;link_to&quot;:&quot;file&quot;,&quot;aspect_ratio&quot;:&quot;3:2&quot;,&quot;overlay_background&quot;:&quot;yes&quot;,&quot;content_hover_animation&quot;:&quot;fade-in&quot;}\" data-widget_type=\"gallery.default\">\n\t\t\t\t<div class=\"elementor-widget-container\">\n\t\t\t\t\t\t\t<div class=\"elementor-gallery__container\">\n\t\t\t\t\t\t\t<a class=\"e-gallery-item elementor-gallery-item elementor-animated-content\" href=\"https:\/\/costablanca-magazin.com\/wp-content\/uploads\/2025\/05\/Toni-Mari-3.jpg\" data-elementor-open-lightbox=\"yes\" data-elementor-lightbox-slideshow=\"a36097a\" data-elementor-lightbox-title=\"Nah dran  und weit hinaus:  K\u00fcnstler  zwischen K\u00fcste  und Weltb\u00fchne\" data-elementor-lightbox-description=\"Nah dran und weit hinaus: K\u00fcnstler zwischen K\u00fcste und Weltb\u00fchne\" data-e-action-hash=\"#elementor-action%3Aaction%3Dlightbox%26settings%3DeyJpZCI6NzUxMiwidXJsIjoiaHR0cHM6XC9cL2Nvc3RhYmxhbmNhLW1hZ2F6aW4uY29tXC93cC1jb250ZW50XC91cGxvYWRzXC8yMDI1XC8wNVwvVG9uaS1NYXJpLTMuanBnIiwic2xpZGVzaG93IjoiYTM2MDk3YSJ9\">\n\t\t\t\t\t<div class=\"e-gallery-image elementor-gallery-item__image\" data-thumbnail=\"https:\/\/costablanca-magazin.com\/wp-content\/uploads\/2025\/05\/Toni-Mari-3-300x169.jpg\" data-width=\"300\" data-height=\"169\" aria-label=\"N\u00e6r og langt unna: Kunstnere mellom kysten og verdensscenen 16\" role=\"img\" ><\/div>\n\t\t\t\t\t\t\t\t\t\t\t<div class=\"elementor-gallery-item__overlay\"><\/div>\n\t\t\t\t\t\t\t\t\t\t\t\t\t\t<\/a>\n\t\t\t\t\t\t\t<a class=\"e-gallery-item elementor-gallery-item elementor-animated-content\" href=\"https:\/\/costablanca-magazin.com\/wp-content\/uploads\/2025\/05\/Toni-Mari-2.jpg\" data-elementor-open-lightbox=\"yes\" data-elementor-lightbox-slideshow=\"a36097a\" data-elementor-lightbox-title=\"Nah dran  und weit hinaus:  K\u00fcnstler  zwischen K\u00fcste  und Weltb\u00fchne\" data-elementor-lightbox-description=\"Nah dran und weit hinaus: K\u00fcnstler zwischen K\u00fcste und Weltb\u00fchne\" data-e-action-hash=\"#elementor-action%3Aaction%3Dlightbox%26settings%3DeyJpZCI6NzUxMSwidXJsIjoiaHR0cHM6XC9cL2Nvc3RhYmxhbmNhLW1hZ2F6aW4uY29tXC93cC1jb250ZW50XC91cGxvYWRzXC8yMDI1XC8wNVwvVG9uaS1NYXJpLTIuanBnIiwic2xpZGVzaG93IjoiYTM2MDk3YSJ9\">\n\t\t\t\t\t<div class=\"e-gallery-image elementor-gallery-item__image\" data-thumbnail=\"https:\/\/costablanca-magazin.com\/wp-content\/uploads\/2025\/05\/Toni-Mari-2-300x169.jpg\" data-width=\"300\" data-height=\"169\" aria-label=\"N\u00e6r og langt ute: Kunstnere mellom kysten og verdensscenen 15\" role=\"img\" ><\/div>\n\t\t\t\t\t\t\t\t\t\t\t<div class=\"elementor-gallery-item__overlay\"><\/div>\n\t\t\t\t\t\t\t\t\t\t\t\t\t\t<\/a>\n\t\t\t\t\t\t\t<a class=\"e-gallery-item elementor-gallery-item elementor-animated-content\" href=\"https:\/\/costablanca-magazin.com\/wp-content\/uploads\/2025\/05\/CBM-Kuenstler-Costablanca-Toni-Mari-12.jpg\" data-elementor-open-lightbox=\"yes\" data-elementor-lightbox-slideshow=\"a36097a\" data-elementor-lightbox-title=\"Nah dran  und weit hinaus:  K\u00fcnstler  zwischen K\u00fcste  und Weltb\u00fchne\" data-elementor-lightbox-description=\"Nah dran und weit hinaus: K\u00fcnstler zwischen K\u00fcste und Weltb\u00fchne\" data-e-action-hash=\"#elementor-action%3Aaction%3Dlightbox%26settings%3DeyJpZCI6NzUwNywidXJsIjoiaHR0cHM6XC9cL2Nvc3RhYmxhbmNhLW1hZ2F6aW4uY29tXC93cC1jb250ZW50XC91cGxvYWRzXC8yMDI1XC8wNVwvQ0JNLUt1ZW5zdGxlci1Db3N0YWJsYW5jYS1Ub25pLU1hcmktMTIuanBnIiwic2xpZGVzaG93IjoiYTM2MDk3YSJ9\">\n\t\t\t\t\t<div class=\"e-gallery-image elementor-gallery-item__image\" data-thumbnail=\"https:\/\/costablanca-magazin.com\/wp-content\/uploads\/2025\/05\/CBM-Kuenstler-Costablanca-Toni-Mari-12-300x169.jpg\" data-width=\"300\" data-height=\"169\" aria-label=\"N\u00e6r og langt ute: Kunstnere mellom kysten og verdensscenen 11\" role=\"img\" ><\/div>\n\t\t\t\t\t\t\t\t\t\t\t<div class=\"elementor-gallery-item__overlay\"><\/div>\n\t\t\t\t\t\t\t\t\t\t\t\t\t\t<\/a>\n\t\t\t\t\t\t\t<a class=\"e-gallery-item elementor-gallery-item elementor-animated-content\" href=\"https:\/\/costablanca-magazin.com\/wp-content\/uploads\/2025\/05\/CBM-Kuenstler-Costablanca-Toni-Mari-6.jpg\" data-elementor-open-lightbox=\"yes\" data-elementor-lightbox-slideshow=\"a36097a\" data-elementor-lightbox-title=\"Nah dran  und weit hinaus:  K\u00fcnstler  zwischen K\u00fcste  und Weltb\u00fchne\" data-elementor-lightbox-description=\"Nah dran und weit hinaus: K\u00fcnstler zwischen K\u00fcste und Weltb\u00fchne\" data-e-action-hash=\"#elementor-action%3Aaction%3Dlightbox%26settings%3DeyJpZCI6NzUwMSwidXJsIjoiaHR0cHM6XC9cL2Nvc3RhYmxhbmNhLW1hZ2F6aW4uY29tXC93cC1jb250ZW50XC91cGxvYWRzXC8yMDI1XC8wNVwvQ0JNLUt1ZW5zdGxlci1Db3N0YWJsYW5jYS1Ub25pLU1hcmktNi5qcGciLCJzbGlkZXNob3ciOiJhMzYwOTdhIn0%3D\">\n\t\t\t\t\t<div class=\"e-gallery-image elementor-gallery-item__image\" data-thumbnail=\"https:\/\/costablanca-magazin.com\/wp-content\/uploads\/2025\/05\/CBM-Kuenstler-Costablanca-Toni-Mari-6-300x169.jpg\" data-width=\"300\" data-height=\"169\" aria-label=\"N\u00e6r og langt ute: Kunstnere mellom kysten og verdensscenen 5\" role=\"img\" ><\/div>\n\t\t\t\t\t\t\t\t\t\t\t<div class=\"elementor-gallery-item__overlay\"><\/div>\n\t\t\t\t\t\t\t\t\t\t\t\t\t\t<\/a>\n\t\t\t\t\t\t\t<a class=\"e-gallery-item elementor-gallery-item elementor-animated-content\" href=\"https:\/\/costablanca-magazin.com\/wp-content\/uploads\/2025\/05\/CBM-Kuenstler-Costablanca-Toni-Mari-7.jpg\" data-elementor-open-lightbox=\"yes\" data-elementor-lightbox-slideshow=\"a36097a\" data-elementor-lightbox-title=\"Nah dran  und weit hinaus:  K\u00fcnstler  zwischen K\u00fcste  und Weltb\u00fchne\" data-elementor-lightbox-description=\"Nah dran und weit hinaus: K\u00fcnstler zwischen K\u00fcste und Weltb\u00fchne\" data-e-action-hash=\"#elementor-action%3Aaction%3Dlightbox%26settings%3DeyJpZCI6NzUwMiwidXJsIjoiaHR0cHM6XC9cL2Nvc3RhYmxhbmNhLW1hZ2F6aW4uY29tXC93cC1jb250ZW50XC91cGxvYWRzXC8yMDI1XC8wNVwvQ0JNLUt1ZW5zdGxlci1Db3N0YWJsYW5jYS1Ub25pLU1hcmktNy5qcGciLCJzbGlkZXNob3ciOiJhMzYwOTdhIn0%3D\">\n\t\t\t\t\t<div class=\"e-gallery-image elementor-gallery-item__image\" data-thumbnail=\"https:\/\/costablanca-magazin.com\/wp-content\/uploads\/2025\/05\/CBM-Kuenstler-Costablanca-Toni-Mari-7-300x225.jpg\" data-width=\"300\" data-height=\"225\" aria-label=\"N\u00e6r og langt ute: Kunstnere mellom kysten og verdensscenen 6\" role=\"img\" ><\/div>\n\t\t\t\t\t\t\t\t\t\t\t<div class=\"elementor-gallery-item__overlay\"><\/div>\n\t\t\t\t\t\t\t\t\t\t\t\t\t\t<\/a>\n\t\t\t\t\t\t\t<a class=\"e-gallery-item elementor-gallery-item elementor-animated-content\" href=\"https:\/\/costablanca-magazin.com\/wp-content\/uploads\/2025\/05\/CBM-Kuenstler-Costablanca-Toni-Mari-1.jpg\" data-elementor-open-lightbox=\"yes\" data-elementor-lightbox-slideshow=\"a36097a\" data-elementor-lightbox-title=\"Nah dran  und weit hinaus:  K\u00fcnstler  zwischen K\u00fcste  und Weltb\u00fchne\" data-elementor-lightbox-description=\"Nah dran und weit hinaus: K\u00fcnstler zwischen K\u00fcste und Weltb\u00fchne\" data-e-action-hash=\"#elementor-action%3Aaction%3Dlightbox%26settings%3DeyJpZCI6NzQ5NiwidXJsIjoiaHR0cHM6XC9cL2Nvc3RhYmxhbmNhLW1hZ2F6aW4uY29tXC93cC1jb250ZW50XC91cGxvYWRzXC8yMDI1XC8wNVwvQ0JNLUt1ZW5zdGxlci1Db3N0YWJsYW5jYS1Ub25pLU1hcmktMS5qcGciLCJzbGlkZXNob3ciOiJhMzYwOTdhIn0%3D\">\n\t\t\t\t\t<div class=\"e-gallery-image elementor-gallery-item__image\" data-thumbnail=\"https:\/\/costablanca-magazin.com\/wp-content\/uploads\/2025\/05\/CBM-Kuenstler-Costablanca-Toni-Mari-1-300x169.jpg\" data-width=\"300\" data-height=\"169\" aria-label=\"P\u00e5 n\u00e6rt hold og langt ute: kunstnere mellom kysten og verdensscenen\" role=\"img\" ><\/div>\n\t\t\t\t\t\t\t\t\t\t\t<div class=\"elementor-gallery-item__overlay\"><\/div>\n\t\t\t\t\t\t\t\t\t\t\t\t\t\t<\/a>\n\t\t\t\t\t<\/div>\n\t\t\t\t\t<\/div>\n\t\t\t\t<\/div>\n\t\t\t\t<\/div>\n\t\t<div class=\"elementor-element elementor-element-df1e301 e-con-full e-flex e-con e-child\" data-id=\"df1e301\" data-element_type=\"container\" data-e-type=\"container\">\n\t\t\t\t<div class=\"elementor-element elementor-element-eee7cc3 elementor-widget elementor-widget-gallery\" data-id=\"eee7cc3\" data-element_type=\"widget\" data-e-type=\"widget\" data-settings=\"{&quot;gallery_layout&quot;:&quot;justified&quot;,&quot;ideal_row_height&quot;:{&quot;unit&quot;:&quot;px&quot;,&quot;size&quot;:128,&quot;sizes&quot;:[]},&quot;gap&quot;:{&quot;unit&quot;:&quot;px&quot;,&quot;size&quot;:5,&quot;sizes&quot;:[]},&quot;lazyload&quot;:&quot;yes&quot;,&quot;ideal_row_height_tablet&quot;:{&quot;unit&quot;:&quot;px&quot;,&quot;size&quot;:150,&quot;sizes&quot;:[]},&quot;ideal_row_height_mobile&quot;:{&quot;unit&quot;:&quot;px&quot;,&quot;size&quot;:150,&quot;sizes&quot;:[]},&quot;gap_tablet&quot;:{&quot;unit&quot;:&quot;px&quot;,&quot;size&quot;:10,&quot;sizes&quot;:[]},&quot;gap_mobile&quot;:{&quot;unit&quot;:&quot;px&quot;,&quot;size&quot;:10,&quot;sizes&quot;:[]},&quot;link_to&quot;:&quot;file&quot;,&quot;overlay_background&quot;:&quot;yes&quot;,&quot;content_hover_animation&quot;:&quot;fade-in&quot;}\" data-widget_type=\"gallery.default\">\n\t\t\t\t<div class=\"elementor-widget-container\">\n\t\t\t\t\t\t\t<div class=\"elementor-gallery__container\">\n\t\t\t\t\t\t\t<a class=\"e-gallery-item elementor-gallery-item elementor-animated-content\" href=\"https:\/\/costablanca-magazin.com\/wp-content\/uploads\/2025\/05\/Tardor-La-Xara-1.jpg\" data-elementor-open-lightbox=\"yes\" data-elementor-lightbox-slideshow=\"eee7cc3\" data-elementor-lightbox-title=\"Nah dran  und weit hinaus:  K\u00fcnstler  zwischen K\u00fcste  und Weltb\u00fchne\" data-elementor-lightbox-description=\"Nah dran und weit hinaus: K\u00fcnstler zwischen K\u00fcste und Weltb\u00fchne\" data-e-action-hash=\"#elementor-action%3Aaction%3Dlightbox%26settings%3DeyJpZCI6NzUxNSwidXJsIjoiaHR0cHM6XC9cL2Nvc3RhYmxhbmNhLW1hZ2F6aW4uY29tXC93cC1jb250ZW50XC91cGxvYWRzXC8yMDI1XC8wNVwvVGFyZG9yLUxhLVhhcmEtMS5qcGciLCJzbGlkZXNob3ciOiJlZWU3Y2MzIn0%3D\">\n\t\t\t\t\t<div class=\"e-gallery-image elementor-gallery-item__image\" data-thumbnail=\"https:\/\/costablanca-magazin.com\/wp-content\/uploads\/2025\/05\/Tardor-La-Xara-1-300x225.jpg\" data-width=\"300\" data-height=\"225\" aria-label=\"N\u00e6r og langt ute: Kunstnere mellom kysten og verdensscenen 19\" role=\"img\" ><\/div>\n\t\t\t\t\t\t\t\t\t\t\t<div class=\"elementor-gallery-item__overlay\"><\/div>\n\t\t\t\t\t\t\t\t\t\t\t\t\t\t<\/a>\n\t\t\t\t\t\t\t<a class=\"e-gallery-item elementor-gallery-item elementor-animated-content\" href=\"https:\/\/costablanca-magazin.com\/wp-content\/uploads\/2025\/05\/Tardor-Rosello-CBM-8.jpg\" data-elementor-open-lightbox=\"yes\" data-elementor-lightbox-slideshow=\"eee7cc3\" data-elementor-lightbox-title=\"Nah dran  und weit hinaus:  K\u00fcnstler  zwischen K\u00fcste  und Weltb\u00fchne\" data-elementor-lightbox-description=\"Nah dran und weit hinaus: K\u00fcnstler zwischen K\u00fcste und Weltb\u00fchne\" data-e-action-hash=\"#elementor-action%3Aaction%3Dlightbox%26settings%3DeyJpZCI6NzUwOSwidXJsIjoiaHR0cHM6XC9cL2Nvc3RhYmxhbmNhLW1hZ2F6aW4uY29tXC93cC1jb250ZW50XC91cGxvYWRzXC8yMDI1XC8wNVwvVGFyZG9yLVJvc2VsbG8tQ0JNLTguanBnIiwic2xpZGVzaG93IjoiZWVlN2NjMyJ9\">\n\t\t\t\t\t<div class=\"e-gallery-image elementor-gallery-item__image\" data-thumbnail=\"https:\/\/costablanca-magazin.com\/wp-content\/uploads\/2025\/05\/Tardor-Rosello-CBM-8-300x219.jpg\" data-width=\"300\" data-height=\"219\" aria-label=\"N\u00e6r og langt ute: Kunstnere mellom kysten og verdensscenen 13\" role=\"img\" ><\/div>\n\t\t\t\t\t\t\t\t\t\t\t<div class=\"elementor-gallery-item__overlay\"><\/div>\n\t\t\t\t\t\t\t\t\t\t\t\t\t\t<\/a>\n\t\t\t\t\t\t\t<a class=\"e-gallery-item elementor-gallery-item elementor-animated-content\" href=\"https:\/\/costablanca-magazin.com\/wp-content\/uploads\/2025\/05\/CBM-Kuenstler-Costablanca-Toni-Mari-10.jpg\" data-elementor-open-lightbox=\"yes\" data-elementor-lightbox-slideshow=\"eee7cc3\" data-elementor-lightbox-title=\"Nah dran  und weit hinaus:  K\u00fcnstler  zwischen K\u00fcste  und Weltb\u00fchne\" data-elementor-lightbox-description=\"Nah dran und weit hinaus: K\u00fcnstler zwischen K\u00fcste und Weltb\u00fchne\" data-e-action-hash=\"#elementor-action%3Aaction%3Dlightbox%26settings%3DeyJpZCI6NzUwNSwidXJsIjoiaHR0cHM6XC9cL2Nvc3RhYmxhbmNhLW1hZ2F6aW4uY29tXC93cC1jb250ZW50XC91cGxvYWRzXC8yMDI1XC8wNVwvQ0JNLUt1ZW5zdGxlci1Db3N0YWJsYW5jYS1Ub25pLU1hcmktMTAuanBnIiwic2xpZGVzaG93IjoiZWVlN2NjMyJ9\">\n\t\t\t\t\t<div class=\"e-gallery-image elementor-gallery-item__image\" data-thumbnail=\"https:\/\/costablanca-magazin.com\/wp-content\/uploads\/2025\/05\/CBM-Kuenstler-Costablanca-Toni-Mari-10-300x225.jpg\" data-width=\"300\" data-height=\"225\" aria-label=\"N\u00e6r og langt ute: Kunstnere mellom kysten og verdensscenen 9\" role=\"img\" ><\/div>\n\t\t\t\t\t\t\t\t\t\t\t<div class=\"elementor-gallery-item__overlay\"><\/div>\n\t\t\t\t\t\t\t\t\t\t\t\t\t\t<\/a>\n\t\t\t\t\t\t\t<a class=\"e-gallery-item elementor-gallery-item elementor-animated-content\" href=\"https:\/\/costablanca-magazin.com\/wp-content\/uploads\/2025\/05\/CBM-Kuenstler-Costablanca-Toni-Mari-5.jpg\" data-elementor-open-lightbox=\"yes\" data-elementor-lightbox-slideshow=\"eee7cc3\" data-elementor-lightbox-title=\"Nah dran  und weit hinaus:  K\u00fcnstler  zwischen K\u00fcste  und Weltb\u00fchne\" data-elementor-lightbox-description=\"Nah dran und weit hinaus: K\u00fcnstler zwischen K\u00fcste und Weltb\u00fchne\" data-e-action-hash=\"#elementor-action%3Aaction%3Dlightbox%26settings%3DeyJpZCI6NzUwMCwidXJsIjoiaHR0cHM6XC9cL2Nvc3RhYmxhbmNhLW1hZ2F6aW4uY29tXC93cC1jb250ZW50XC91cGxvYWRzXC8yMDI1XC8wNVwvQ0JNLUt1ZW5zdGxlci1Db3N0YWJsYW5jYS1Ub25pLU1hcmktNS5qcGciLCJzbGlkZXNob3ciOiJlZWU3Y2MzIn0%3D\">\n\t\t\t\t\t<div class=\"e-gallery-image elementor-gallery-item__image\" data-thumbnail=\"https:\/\/costablanca-magazin.com\/wp-content\/uploads\/2025\/05\/CBM-Kuenstler-Costablanca-Toni-Mari-5-300x169.jpg\" data-width=\"300\" data-height=\"169\" aria-label=\"N\u00e6r og langt ute: Kunstnere mellom kysten og verdensscenen 4\" role=\"img\" ><\/div>\n\t\t\t\t\t\t\t\t\t\t\t<div class=\"elementor-gallery-item__overlay\"><\/div>\n\t\t\t\t\t\t\t\t\t\t\t\t\t\t<\/a>\n\t\t\t\t\t\t\t<a class=\"e-gallery-item elementor-gallery-item elementor-animated-content\" href=\"https:\/\/costablanca-magazin.com\/wp-content\/uploads\/2025\/05\/CBM-Kuenstler-Costablanca-Toni-Mari-13-1.jpg\" data-elementor-open-lightbox=\"yes\" data-elementor-lightbox-slideshow=\"eee7cc3\" data-elementor-lightbox-title=\"Nah dran  und weit hinaus:  K\u00fcnstler  zwischen K\u00fcste  und Weltb\u00fchne\" data-elementor-lightbox-description=\"Nah dran und weit hinaus: K\u00fcnstler zwischen K\u00fcste und Weltb\u00fchne\" data-e-action-hash=\"#elementor-action%3Aaction%3Dlightbox%26settings%3DeyJpZCI6NzUwOCwidXJsIjoiaHR0cHM6XC9cL2Nvc3RhYmxhbmNhLW1hZ2F6aW4uY29tXC93cC1jb250ZW50XC91cGxvYWRzXC8yMDI1XC8wNVwvQ0JNLUt1ZW5zdGxlci1Db3N0YWJsYW5jYS1Ub25pLU1hcmktMTMtMS5qcGciLCJzbGlkZXNob3ciOiJlZWU3Y2MzIn0%3D\">\n\t\t\t\t\t<div class=\"e-gallery-image elementor-gallery-item__image\" data-thumbnail=\"https:\/\/costablanca-magazin.com\/wp-content\/uploads\/2025\/05\/CBM-Kuenstler-Costablanca-Toni-Mari-13-1-300x169.jpg\" data-width=\"300\" data-height=\"169\" aria-label=\"N\u00e6r og langt ute: Kunstnere mellom kysten og verdensscenen 12\" role=\"img\" ><\/div>\n\t\t\t\t\t\t\t\t\t\t\t<div class=\"elementor-gallery-item__overlay\"><\/div>\n\t\t\t\t\t\t\t\t\t\t\t\t\t\t<\/a>\n\t\t\t\t\t\t\t<a class=\"e-gallery-item elementor-gallery-item elementor-animated-content\" href=\"https:\/\/costablanca-magazin.com\/wp-content\/uploads\/2024\/12\/Tardor-Rosello-CBM-7.jpeg\" data-elementor-open-lightbox=\"yes\" data-elementor-lightbox-slideshow=\"eee7cc3\" data-elementor-lightbox-title=\"Tardor Rosell\u00f3:  Vom Graffiti-Talent  zum gefeierten Muralisten\" data-elementor-lightbox-description=\"Tardor Rosell\u00f3: Vom Graffiti-Talent zum gefeierten Muralisten\" data-e-action-hash=\"#elementor-action%3Aaction%3Dlightbox%26settings%3DeyJpZCI6MzU0NywidXJsIjoiaHR0cHM6XC9cL2Nvc3RhYmxhbmNhLW1hZ2F6aW4uY29tXC93cC1jb250ZW50XC91cGxvYWRzXC8yMDI0XC8xMlwvVGFyZG9yLVJvc2VsbG8tQ0JNLTcuanBlZyIsInNsaWRlc2hvdyI6ImVlZTdjYzMifQ%3D%3D\">\n\t\t\t\t\t<div class=\"e-gallery-image elementor-gallery-item__image\" data-thumbnail=\"https:\/\/costablanca-magazin.com\/wp-content\/uploads\/2024\/12\/Tardor-Rosello-CBM-7-300x251.jpeg\" data-width=\"300\" data-height=\"251\" aria-label=\"Tardor Rosell\u00f3: Fra graffititalent til hyllet muralist 7\" role=\"img\" ><\/div>\n\t\t\t\t\t\t\t\t\t\t\t<div class=\"elementor-gallery-item__overlay\"><\/div>\n\t\t\t\t\t\t\t\t\t\t\t\t\t\t<\/a>\n\t\t\t\t\t\t\t<a class=\"e-gallery-item elementor-gallery-item elementor-animated-content\" href=\"https:\/\/costablanca-magazin.com\/wp-content\/uploads\/2024\/12\/Tardor-Rosello-CBM-6-scaled.jpeg\" data-elementor-open-lightbox=\"yes\" data-elementor-lightbox-slideshow=\"eee7cc3\" data-elementor-lightbox-title=\"Tardor Rosell\u00f3:  Vom Graffiti-Talent  zum gefeierten Muralisten\" data-elementor-lightbox-description=\"Tardor Rosell\u00f3: Vom Graffiti-Talent zum gefeierten Muralisten\" data-e-action-hash=\"#elementor-action%3Aaction%3Dlightbox%26settings%3DeyJpZCI6MzU0NiwidXJsIjoiaHR0cHM6XC9cL2Nvc3RhYmxhbmNhLW1hZ2F6aW4uY29tXC93cC1jb250ZW50XC91cGxvYWRzXC8yMDI0XC8xMlwvVGFyZG9yLVJvc2VsbG8tQ0JNLTYtc2NhbGVkLmpwZWciLCJzbGlkZXNob3ciOiJlZWU3Y2MzIn0%3D\">\n\t\t\t\t\t<div class=\"e-gallery-image elementor-gallery-item__image\" data-thumbnail=\"https:\/\/costablanca-magazin.com\/wp-content\/uploads\/2024\/12\/Tardor-Rosello-CBM-6-225x300.jpeg\" data-width=\"225\" data-height=\"300\" aria-label=\"Tardor Rosell\u00f3: Fra graffititalent til hyllet muralist 6\" role=\"img\" ><\/div>\n\t\t\t\t\t\t\t\t\t\t\t<div class=\"elementor-gallery-item__overlay\"><\/div>\n\t\t\t\t\t\t\t\t\t\t\t\t\t\t<\/a>\n\t\t\t\t\t\t\t<a class=\"e-gallery-item elementor-gallery-item elementor-animated-content\" href=\"https:\/\/costablanca-magazin.com\/wp-content\/uploads\/2024\/12\/Tardor-Rosello-CBM-9-scaled.jpeg\" data-elementor-open-lightbox=\"yes\" data-elementor-lightbox-slideshow=\"eee7cc3\" data-elementor-lightbox-title=\"Tardor Rosell\u00f3:  Vom Graffiti-Talent  zum gefeierten Muralisten\" data-elementor-lightbox-description=\"Tardor Rosell\u00f3: Vom Graffiti-Talent zum gefeierten Muralisten\" data-e-action-hash=\"#elementor-action%3Aaction%3Dlightbox%26settings%3DeyJpZCI6MzU0OSwidXJsIjoiaHR0cHM6XC9cL2Nvc3RhYmxhbmNhLW1hZ2F6aW4uY29tXC93cC1jb250ZW50XC91cGxvYWRzXC8yMDI0XC8xMlwvVGFyZG9yLVJvc2VsbG8tQ0JNLTktc2NhbGVkLmpwZWciLCJzbGlkZXNob3ciOiJlZWU3Y2MzIn0%3D\">\n\t\t\t\t\t<div class=\"e-gallery-image elementor-gallery-item__image\" data-thumbnail=\"https:\/\/costablanca-magazin.com\/wp-content\/uploads\/2024\/12\/Tardor-Rosello-CBM-9-300x242.jpeg\" data-width=\"300\" data-height=\"242\" aria-label=\"Tardor Rosell\u00f3: Fra graffititalent til hyllet muralist 9\" role=\"img\" ><\/div>\n\t\t\t\t\t\t\t\t\t\t\t<div class=\"elementor-gallery-item__overlay\"><\/div>\n\t\t\t\t\t\t\t\t\t\t\t\t\t\t<\/a>\n\t\t\t\t\t\t\t<a class=\"e-gallery-item elementor-gallery-item elementor-animated-content\" href=\"https:\/\/costablanca-magazin.com\/wp-content\/uploads\/2024\/12\/Tardor-Rosello-CBM-1-scaled.jpeg\" data-elementor-open-lightbox=\"yes\" data-elementor-lightbox-slideshow=\"eee7cc3\" data-elementor-lightbox-title=\"Tardor Rosell\u00f3:  Vom Graffiti-Talent  zum gefeierten Muralisten\" data-elementor-lightbox-description=\"Tardor Rosell\u00f3: Vom Graffiti-Talent zum gefeierten Muralisten\" data-e-action-hash=\"#elementor-action%3Aaction%3Dlightbox%26settings%3DeyJpZCI6MzU0MSwidXJsIjoiaHR0cHM6XC9cL2Nvc3RhYmxhbmNhLW1hZ2F6aW4uY29tXC93cC1jb250ZW50XC91cGxvYWRzXC8yMDI0XC8xMlwvVGFyZG9yLVJvc2VsbG8tQ0JNLTEtc2NhbGVkLmpwZWciLCJzbGlkZXNob3ciOiJlZWU3Y2MzIn0%3D\">\n\t\t\t\t\t<div class=\"e-gallery-image elementor-gallery-item__image\" data-thumbnail=\"https:\/\/costablanca-magazin.com\/wp-content\/uploads\/2024\/12\/Tardor-Rosello-CBM-1-300x225.jpeg\" data-width=\"300\" data-height=\"225\" aria-label=\"Tardor Rosell\u00f3: Fra graffititalent til hyllet muralist 1\" role=\"img\" ><\/div>\n\t\t\t\t\t\t\t\t\t\t\t<div class=\"elementor-gallery-item__overlay\"><\/div>\n\t\t\t\t\t\t\t\t\t\t\t\t\t\t<\/a>\n\t\t\t\t\t\t\t<a class=\"e-gallery-item elementor-gallery-item elementor-animated-content\" href=\"https:\/\/costablanca-magazin.com\/wp-content\/uploads\/2025\/05\/CBM-Kuenstler-Costablanca-Toni-Mari-12.jpg\" data-elementor-open-lightbox=\"yes\" data-elementor-lightbox-slideshow=\"eee7cc3\" data-elementor-lightbox-title=\"Nah dran  und weit hinaus:  K\u00fcnstler  zwischen K\u00fcste  und Weltb\u00fchne\" data-elementor-lightbox-description=\"Nah dran und weit hinaus: K\u00fcnstler zwischen K\u00fcste und Weltb\u00fchne\" data-e-action-hash=\"#elementor-action%3Aaction%3Dlightbox%26settings%3DeyJpZCI6NzUwNywidXJsIjoiaHR0cHM6XC9cL2Nvc3RhYmxhbmNhLW1hZ2F6aW4uY29tXC93cC1jb250ZW50XC91cGxvYWRzXC8yMDI1XC8wNVwvQ0JNLUt1ZW5zdGxlci1Db3N0YWJsYW5jYS1Ub25pLU1hcmktMTIuanBnIiwic2xpZGVzaG93IjoiZWVlN2NjMyJ9\">\n\t\t\t\t\t<div class=\"e-gallery-image elementor-gallery-item__image\" data-thumbnail=\"https:\/\/costablanca-magazin.com\/wp-content\/uploads\/2025\/05\/CBM-Kuenstler-Costablanca-Toni-Mari-12-300x169.jpg\" data-width=\"300\" data-height=\"169\" aria-label=\"N\u00e6r og langt ute: Kunstnere mellom kysten og verdensscenen 11\" role=\"img\" ><\/div>\n\t\t\t\t\t\t\t\t\t\t\t<div class=\"elementor-gallery-item__overlay\"><\/div>\n\t\t\t\t\t\t\t\t\t\t\t\t\t\t<\/a>\n\t\t\t\t\t<\/div>\n\t\t\t\t\t<\/div>\n\t\t\t\t<\/div>\n\t\t\t\t<div class=\"elementor-element elementor-element-a8d673e elementor-widget elementor-widget-text-editor\" data-id=\"a8d673e\" data-element_type=\"widget\" data-e-type=\"widget\" data-widget_type=\"text-editor.default\">\n\t\t\t\t<div class=\"elementor-widget-container\">\n\t\t\t\t\t\t\t\t\t<p>Den er s\u00e6rlig utbredt i D\u00e9nia, for eksempel i Calle La V\u00eda, like bak tunnelen til Castillo.<br \/>Stilen hans: leken, dristig, fortellende - og alltid i sentrum av det offentlige rom.<\/p><p><strong>Joaqu\u00edn Sorolla - <\/strong><strong>En lysstr\u00e5le i maleriet<\/strong><br \/>P\u00e5 begynnelsen av 1900-tallet fanget Joaqu\u00edn Sorolla middelhavslyset som ingen andre. Hans scener - barn p\u00e5 stranden, seilb\u00e5ter, fiskere - fanger ikke bare det visuelle spillet mellom vann og sol, men ogs\u00e5 en holdning: letthet, varme, bevegelse.<br \/>I dag henger Sorollas verker p\u00e5 museer over hele verden - men deres opprinnelse kan fremdeles merkes i den atmosf\u00e6ren som kystbyene fortsatt utstr\u00e5ler i dag.<\/p><p><strong>Jer\u00f3nimo Jacinto Espinosa - <\/strong><strong>Mellom hengivenhet og uttrykk<\/strong><br \/>Mindre til stede i det offentlige rom, men ikke mindre innflytelsesrik: Jer\u00f3nimo Jacinto Espinosa, en 1600-tallsmaler som med sine altertavler bidro til \u00e5 forme det religi\u00f8se billedspr\u00e5ket i Levanten.<br \/>I kirker fra Orihuela til Valencia kombineres dramatisk komposisjon og \u00e5ndelig dybde for \u00e5 skape en kunstnerisk arv som fortsatt gir gjenklang i stille rom i dag.<\/p><p>Enten den er laget av st\u00e5l, med pensel eller p\u00e5 gips - kunsten p\u00e5 Costa Blanca kommer i mange former. Og den forblir akkurat der den har st\u00f8rst gjennomslagskraft: midt i livet, \u00e5pen for m\u00f8ter, n\u00e6r menneskene.<\/p>\t\t\t\t\t\t\t\t<\/div>\n\t\t\t\t<\/div>\n\t\t\t\t<\/div>\n\t\t\t\t\t<\/div>\n\t\t\t\t<\/div>\n\t\t\t\t<\/div>","protected":false},"excerpt":{"rendered":"<p>Costa Blanca K\u00fcnstler zwischen K\u00fcste und Weltb\u00fchne Von Stra\u00dfenkunst bis Sakralkunst \u2013 wie die Costa Blanca kreative Spuren durch Jahrhunderte zieht. An der Costa Blanca entsteht Kunst nicht in R\u00fcckzugsr\u00e4umen, sondern im Austausch mit ihrer Umgebung. Hier trifft Alltagsn\u00e4he auf Ausdruckskraft, Tradition auf Gegenwart \u2013 und manche Werke ihren Weg auf die Weltb\u00fchne. Zwischen Alicante [&hellip;]<\/p>\n","protected":false},"author":4,"featured_media":7515,"comment_status":"closed","ping_status":"closed","sticky":false,"template":"elementor_header_footer","format":"standard","meta":{"footnotes":""},"categories":[13],"tags":[1799],"class_list":["post-7494","post","type-post","status-publish","format-standard","has-post-thumbnail","hentry","category-infos","tag-kunst-kultur-costa-blanca"],"aioseo_notices":[],"aioseo_head":"\n\t\t<!-- All in One SEO Pro 5.0.1.1 - aioseo.com -->\n\t<meta name=\"description\" content=\"Von Stra\u00dfenkunst bis Sakralkunst \u2013 wie die Costa Blanca kreative Spuren durch Jahrhunderte zieht.\" \/>\n\t<meta name=\"robots\" content=\"max-snippet:-1, max-image-preview:large, max-video-preview:-1\" \/>\n\t<meta name=\"author\" content=\"Costablanca Magazin Redaktion\"\/>\n\t<link rel=\"canonical\" href=\"https:\/\/costablanca-magazin.com\/nb\/lokales\/infos\/costa-blanca-kuenstler-zwischen-kueste-und-weltbuehne\/\" \/>\n\t<meta name=\"generator\" content=\"All in One SEO Pro (AIOSEO) 5.0.1.1\" \/>\n\t\t<meta property=\"og:locale\" content=\"nb_NO\" \/>\n\t\t<meta property=\"og:site_name\" content=\"Costa Blanca Magazin\" \/>\n\t\t<meta property=\"og:type\" content=\"article\" \/>\n\t\t<meta property=\"og:title\" content=\"Costa Blanca K\u00fcnstler zwischen K\u00fcste und Weltb\u00fchne\" \/>\n\t\t<meta property=\"og:description\" content=\"Von Stra\u00dfenkunst bis Sakralkunst \u2013 wie die Costa Blanca kreative Spuren durch Jahrhunderte zieht.\" \/>\n\t\t<meta property=\"og:url\" content=\"https:\/\/costablanca-magazin.com\/nb\/lokales\/infos\/costa-blanca-kuenstler-zwischen-kueste-und-weltbuehne\/\" \/>\n\t\t<meta property=\"og:image\" content=\"https:\/\/costablanca-magazin.com\/wp-content\/uploads\/2025\/05\/Tardor-La-Xara-1.jpg\" \/>\n\t\t<meta property=\"og:image:secure_url\" content=\"https:\/\/costablanca-magazin.com\/wp-content\/uploads\/2025\/05\/Tardor-La-Xara-1.jpg\" \/>\n\t\t<meta property=\"og:image:width\" content=\"1200\" \/>\n\t\t<meta property=\"og:image:height\" content=\"900\" \/>\n\t\t<meta property=\"article:published_time\" content=\"2025-05-27T07:00:00+00:00\" \/>\n\t\t<meta property=\"article:modified_time\" content=\"2026-07-07T08:20:10+00:00\" \/>\n\t\t<meta property=\"article:publisher\" content=\"https:\/\/www.facebook.com\/costablancalifestyle\/\" \/>\n\t\t<meta name=\"twitter:card\" content=\"summary_large_image\" \/>\n\t\t<meta name=\"twitter:title\" content=\"Costa Blanca K\u00fcnstler zwischen K\u00fcste und Weltb\u00fchne\" \/>\n\t\t<meta name=\"twitter:description\" content=\"Von Stra\u00dfenkunst bis Sakralkunst \u2013 wie die Costa Blanca kreative Spuren durch Jahrhunderte zieht.\" \/>\n\t\t<meta name=\"twitter:image\" content=\"https:\/\/costablanca-magazin.com\/wp-content\/uploads\/2025\/05\/Tardor-La-Xara-1.jpg\" \/>\n\t\t<script type=\"application\/ld+json\" class=\"aioseo-schema\">\n\t\t\t{\"@context\":\"https:\\\/\\\/schema.org\",\"@graph\":[{\"@type\":\"BreadcrumbList\",\"@id\":\"https:\\\/\\\/costablanca-magazin.com\\\/nb\\\/lokales\\\/infos\\\/costa-blanca-kuenstler-zwischen-kueste-und-weltbuehne\\\/#breadcrumblist\",\"itemListElement\":[{\"@type\":\"ListItem\",\"@id\":\"https:\\\/\\\/costablanca-magazin.com\\\/nb#listItem\",\"position\":1,\"name\":\"Home\",\"item\":\"https:\\\/\\\/costablanca-magazin.com\\\/nb\",\"nextItem\":{\"@type\":\"ListItem\",\"@id\":\"https:\\\/\\\/costablanca-magazin.com\\\/nb\\\/lokalt\\\/#listItem\",\"name\":\"Lokales\"}},{\"@type\":\"ListItem\",\"@id\":\"https:\\\/\\\/costablanca-magazin.com\\\/nb\\\/lokalt\\\/#listItem\",\"position\":2,\"name\":\"Lokales\",\"item\":\"https:\\\/\\\/costablanca-magazin.com\\\/nb\\\/lokalt\\\/\",\"nextItem\":{\"@type\":\"ListItem\",\"@id\":\"https:\\\/\\\/costablanca-magazin.com\\\/nb\\\/informasjon\\\/#listItem\",\"name\":\"Infos\"},\"previousItem\":{\"@type\":\"ListItem\",\"@id\":\"https:\\\/\\\/costablanca-magazin.com\\\/nb#listItem\",\"name\":\"Home\"}},{\"@type\":\"ListItem\",\"@id\":\"https:\\\/\\\/costablanca-magazin.com\\\/nb\\\/informasjon\\\/#listItem\",\"position\":3,\"name\":\"Infos\",\"item\":\"https:\\\/\\\/costablanca-magazin.com\\\/nb\\\/informasjon\\\/\",\"nextItem\":{\"@type\":\"ListItem\",\"@id\":\"https:\\\/\\\/costablanca-magazin.com\\\/nb\\\/lokales\\\/infos\\\/costa-blanca-kuenstler-zwischen-kueste-und-weltbuehne\\\/#listItem\",\"name\":\"Costa Blanca K\\u00fcnstler zwischen K\\u00fcste und Weltb\\u00fchne\"},\"previousItem\":{\"@type\":\"ListItem\",\"@id\":\"https:\\\/\\\/costablanca-magazin.com\\\/nb\\\/lokalt\\\/#listItem\",\"name\":\"Lokales\"}},{\"@type\":\"ListItem\",\"@id\":\"https:\\\/\\\/costablanca-magazin.com\\\/nb\\\/lokales\\\/infos\\\/costa-blanca-kuenstler-zwischen-kueste-und-weltbuehne\\\/#listItem\",\"position\":4,\"name\":\"Costa Blanca K\\u00fcnstler zwischen K\\u00fcste und Weltb\\u00fchne\",\"previousItem\":{\"@type\":\"ListItem\",\"@id\":\"https:\\\/\\\/costablanca-magazin.com\\\/nb\\\/informasjon\\\/#listItem\",\"name\":\"Infos\"}}]},{\"@type\":\"NewsArticle\",\"@id\":\"https:\\\/\\\/costablanca-magazin.com\\\/nb\\\/lokales\\\/infos\\\/costa-blanca-kuenstler-zwischen-kueste-und-weltbuehne\\\/#article\",\"name\":\"Costa Blanca K\\u00fcnstler zwischen K\\u00fcste und Weltb\\u00fchne\",\"headline\":\"Costa Blanca K\\u00fcnstler zwischen K\\u00fcste und Weltb\\u00fchne\",\"author\":{\"@id\":\"https:\\\/\\\/costablanca-magazin.com\\\/nb\\\/author\\\/costablanca-magazin-redaktion\\\/#author\"},\"publisher\":{\"@id\":\"https:\\\/\\\/costablanca-magazin.com\\\/nb\\\/#organization\"},\"image\":{\"@type\":\"ImageObject\",\"url\":\"https:\\\/\\\/costablanca-magazin.com\\\/wp-content\\\/uploads\\\/2025\\\/05\\\/Tardor-La-Xara-1.jpg\",\"width\":1200,\"height\":900,\"caption\":\"Costa Blanca K\\u00fcnstler zwischen K\\u00fcste und Weltb\\u00fchne\"},\"datePublished\":\"2025-05-27T09:00:00+02:00\",\"dateModified\":\"2026-07-07T10:20:10+02:00\",\"inLanguage\":\"nb-NO\",\"mainEntityOfPage\":{\"@id\":\"https:\\\/\\\/costablanca-magazin.com\\\/nb\\\/lokales\\\/infos\\\/costa-blanca-kuenstler-zwischen-kueste-und-weltbuehne\\\/#webpage\"},\"isPartOf\":{\"@id\":\"https:\\\/\\\/costablanca-magazin.com\\\/nb\\\/lokales\\\/infos\\\/costa-blanca-kuenstler-zwischen-kueste-und-weltbuehne\\\/#webpage\"},\"articleSection\":\"Infos, Kunst &amp; Kultur\"},{\"@type\":\"Person\",\"@id\":\"https:\\\/\\\/costablanca-magazin.com\\\/nb\\\/author\\\/costablanca-magazin-redaktion\\\/#author\",\"url\":\"https:\\\/\\\/costablanca-magazin.com\\\/nb\\\/author\\\/costablanca-magazin-redaktion\\\/\",\"name\":\"Costablanca Magazin Redaktion\"},{\"@type\":\"WebPage\",\"@id\":\"https:\\\/\\\/costablanca-magazin.com\\\/nb\\\/lokales\\\/infos\\\/costa-blanca-kuenstler-zwischen-kueste-und-weltbuehne\\\/#webpage\",\"url\":\"https:\\\/\\\/costablanca-magazin.com\\\/nb\\\/lokales\\\/infos\\\/costa-blanca-kuenstler-zwischen-kueste-und-weltbuehne\\\/\",\"name\":\"Costa Blanca K\\u00fcnstler zwischen K\\u00fcste und Weltb\\u00fchne\",\"description\":\"Von Stra\\u00dfenkunst bis Sakralkunst \\u2013 wie die Costa Blanca kreative Spuren durch Jahrhunderte zieht.\",\"inLanguage\":\"nb-NO\",\"isPartOf\":{\"@id\":\"https:\\\/\\\/costablanca-magazin.com\\\/nb\\\/#website\"},\"breadcrumb\":{\"@id\":\"https:\\\/\\\/costablanca-magazin.com\\\/nb\\\/lokales\\\/infos\\\/costa-blanca-kuenstler-zwischen-kueste-und-weltbuehne\\\/#breadcrumblist\"},\"author\":{\"@id\":\"https:\\\/\\\/costablanca-magazin.com\\\/nb\\\/author\\\/costablanca-magazin-redaktion\\\/#author\"},\"creator\":{\"@id\":\"https:\\\/\\\/costablanca-magazin.com\\\/nb\\\/author\\\/costablanca-magazin-redaktion\\\/#author\"},\"image\":{\"@type\":\"ImageObject\",\"url\":\"https:\\\/\\\/costablanca-magazin.com\\\/wp-content\\\/uploads\\\/2025\\\/05\\\/Tardor-La-Xara-1.jpg\",\"@id\":\"https:\\\/\\\/costablanca-magazin.com\\\/nb\\\/lokales\\\/infos\\\/costa-blanca-kuenstler-zwischen-kueste-und-weltbuehne\\\/#mainImage\",\"width\":1200,\"height\":900,\"caption\":\"Costa Blanca K\\u00fcnstler zwischen K\\u00fcste und Weltb\\u00fchne\"},\"primaryImageOfPage\":{\"@id\":\"https:\\\/\\\/costablanca-magazin.com\\\/nb\\\/lokales\\\/infos\\\/costa-blanca-kuenstler-zwischen-kueste-und-weltbuehne\\\/#mainImage\"},\"datePublished\":\"2025-05-27T09:00:00+02:00\",\"dateModified\":\"2026-07-07T10:20:10+02:00\",\"mainEntity\":{\"@id\":\"https:\\\/\\\/costablanca-magazin.com\\\/nb\\\/lokales\\\/infos\\\/costa-blanca-kuenstler-zwischen-kueste-und-weltbuehne\\\/#article\"}},{\"@type\":\"WebSite\",\"@id\":\"https:\\\/\\\/costablanca-magazin.com\\\/nb\\\/#website\",\"url\":\"https:\\\/\\\/costablanca-magazin.com\\\/nb\\\/\",\"name\":\"Costa Blanca Magazin\",\"description\":\"Costa Blanca - alles um das Leben und die Freizeit an der K\\u00fcste\",\"inLanguage\":\"nb-NO\",\"publisher\":{\"@id\":\"https:\\\/\\\/costablanca-magazin.com\\\/nb\\\/#organization\"},\"potentialAction\":{\"@type\":\"SearchAction\",\"target\":\"https:\\\/\\\/costablanca-magazin.com\\\/nb\\\/?s={search_term_string}\",\"query-input\":\"required name=search_term_string\"}},{\"@type\":[\"Organization\",\"NewsMediaOrganization\"],\"@id\":\"https:\\\/\\\/costablanca-magazin.com\\\/nb\\\/#organization\",\"name\":\"Costa Blanca Magazin\",\"description\":\"Costa Blanca Magazin\",\"url\":\"https:\\\/\\\/costablanca-magazin.com\\\/nb\\\/\",\"email\":\"info@costablanca-magazin.com\",\"telephone\":\"+34 663 946 871\",\"logo\":{\"@type\":\"ImageObject\",\"url\":\"https:\\\/\\\/costablanca-magazin.com\\\/wp-content\\\/uploads\\\/2024\\\/05\\\/logo.jpg\",\"@id\":\"https:\\\/\\\/costablanca-magazin.com\\\/nb\\\/lokales\\\/infos\\\/costa-blanca-kuenstler-zwischen-kueste-und-weltbuehne\\\/#organizationLogo\",\"width\":1605,\"height\":236,\"caption\":\"Costa Blanca Magazin\"},\"image\":{\"@id\":\"https:\\\/\\\/costablanca-magazin.com\\\/nb\\\/lokales\\\/infos\\\/costa-blanca-kuenstler-zwischen-kueste-und-weltbuehne\\\/#organizationLogo\"},\"sameAs\":[\"https:\\\/\\\/www.facebook.com\\\/costablancalifestyle\\\/\",\"https:\\\/\\\/www.instagram.com\\\/costablancamagazin\\\/\"]}]}\n\t\t<\/script>\n\t\t<!-- All in One SEO Pro -->\r\n\t\t<title>Costa Blanca K\u00fcnstler zwischen K\u00fcste und Weltb\u00fchne<\/title>\n\n","aioseo_head_json":{"title":"Costa Blanca-artister mellom kysten og verdensscenen","description":"Fra gatekunst til sakral kunst \u2013 hvordan Costa Blanca har satt kreative spor gjennom \u00e5rhundrene.","canonical_url":"https:\/\/costablanca-magazin.com\/nb\/lokales\/infos\/costa-blanca-kuenstler-zwischen-kueste-und-weltbuehne\/","robots":"max-snippet:-1, max-image-preview:large, max-video-preview:-1","keywords":"","webmasterTools":{"miscellaneous":""},"schema":{"@context":"https:\/\/schema.org","@graph":[{"@type":"BreadcrumbList","@id":"https:\/\/costablanca-magazin.com\/nb\/lokales\/infos\/costa-blanca-kuenstler-zwischen-kueste-und-weltbuehne\/#breadcrumblist","itemListElement":[{"@type":"ListItem","@id":"https:\/\/costablanca-magazin.com\/nb#listItem","position":1,"name":"Home","item":"https:\/\/costablanca-magazin.com\/nb","nextItem":{"@type":"ListItem","@id":"https:\/\/costablanca-magazin.com\/nb\/lokalt\/#listItem","name":"Lokales"}},{"@type":"ListItem","@id":"https:\/\/costablanca-magazin.com\/nb\/lokalt\/#listItem","position":2,"name":"Lokales","item":"https:\/\/costablanca-magazin.com\/nb\/lokalt\/","nextItem":{"@type":"ListItem","@id":"https:\/\/costablanca-magazin.com\/nb\/informasjon\/#listItem","name":"Infos"},"previousItem":{"@type":"ListItem","@id":"https:\/\/costablanca-magazin.com\/nb#listItem","name":"Home"}},{"@type":"ListItem","@id":"https:\/\/costablanca-magazin.com\/nb\/informasjon\/#listItem","position":3,"name":"Infos","item":"https:\/\/costablanca-magazin.com\/nb\/informasjon\/","nextItem":{"@type":"ListItem","@id":"https:\/\/costablanca-magazin.com\/nb\/lokales\/infos\/costa-blanca-kuenstler-zwischen-kueste-und-weltbuehne\/#listItem","name":"Costa Blanca K\u00fcnstler zwischen K\u00fcste und Weltb\u00fchne"},"previousItem":{"@type":"ListItem","@id":"https:\/\/costablanca-magazin.com\/nb\/lokalt\/#listItem","name":"Lokales"}},{"@type":"ListItem","@id":"https:\/\/costablanca-magazin.com\/nb\/lokales\/infos\/costa-blanca-kuenstler-zwischen-kueste-und-weltbuehne\/#listItem","position":4,"name":"Costa Blanca K\u00fcnstler zwischen K\u00fcste und Weltb\u00fchne","previousItem":{"@type":"ListItem","@id":"https:\/\/costablanca-magazin.com\/nb\/informasjon\/#listItem","name":"Infos"}}]},{"@type":"NewsArticle","@id":"https:\/\/costablanca-magazin.com\/nb\/lokales\/infos\/costa-blanca-kuenstler-zwischen-kueste-und-weltbuehne\/#article","name":"Costa Blanca K\u00fcnstler zwischen K\u00fcste und Weltb\u00fchne","headline":"Costa Blanca K\u00fcnstler zwischen K\u00fcste und Weltb\u00fchne","author":{"@id":"https:\/\/costablanca-magazin.com\/nb\/author\/costablanca-magazin-redaktion\/#author"},"publisher":{"@id":"https:\/\/costablanca-magazin.com\/nb\/#organization"},"image":{"@type":"ImageObject","url":"https:\/\/costablanca-magazin.com\/wp-content\/uploads\/2025\/05\/Tardor-La-Xara-1.jpg","width":1200,"height":900,"caption":"Costa Blanca K\u00fcnstler zwischen K\u00fcste und Weltb\u00fchne"},"datePublished":"2025-05-27T09:00:00+02:00","dateModified":"2026-07-07T10:20:10+02:00","inLanguage":"nb-NO","mainEntityOfPage":{"@id":"https:\/\/costablanca-magazin.com\/nb\/lokales\/infos\/costa-blanca-kuenstler-zwischen-kueste-und-weltbuehne\/#webpage"},"isPartOf":{"@id":"https:\/\/costablanca-magazin.com\/nb\/lokales\/infos\/costa-blanca-kuenstler-zwischen-kueste-und-weltbuehne\/#webpage"},"articleSection":"Infos, Kunst &amp; Kultur"},{"@type":"Person","@id":"https:\/\/costablanca-magazin.com\/nb\/author\/costablanca-magazin-redaktion\/#author","url":"https:\/\/costablanca-magazin.com\/nb\/author\/costablanca-magazin-redaktion\/","name":"Costablanca Magazin Redaktion"},{"@type":"WebPage","@id":"https:\/\/costablanca-magazin.com\/nb\/lokales\/infos\/costa-blanca-kuenstler-zwischen-kueste-und-weltbuehne\/#webpage","url":"https:\/\/costablanca-magazin.com\/nb\/lokales\/infos\/costa-blanca-kuenstler-zwischen-kueste-und-weltbuehne\/","name":"Costa Blanca K\u00fcnstler zwischen K\u00fcste und Weltb\u00fchne","description":"Von Stra\u00dfenkunst bis Sakralkunst \u2013 wie die Costa Blanca kreative Spuren durch Jahrhunderte zieht.","inLanguage":"nb-NO","isPartOf":{"@id":"https:\/\/costablanca-magazin.com\/nb\/#website"},"breadcrumb":{"@id":"https:\/\/costablanca-magazin.com\/nb\/lokales\/infos\/costa-blanca-kuenstler-zwischen-kueste-und-weltbuehne\/#breadcrumblist"},"author":{"@id":"https:\/\/costablanca-magazin.com\/nb\/author\/costablanca-magazin-redaktion\/#author"},"creator":{"@id":"https:\/\/costablanca-magazin.com\/nb\/author\/costablanca-magazin-redaktion\/#author"},"image":{"@type":"ImageObject","url":"https:\/\/costablanca-magazin.com\/wp-content\/uploads\/2025\/05\/Tardor-La-Xara-1.jpg","@id":"https:\/\/costablanca-magazin.com\/nb\/lokales\/infos\/costa-blanca-kuenstler-zwischen-kueste-und-weltbuehne\/#mainImage","width":1200,"height":900,"caption":"Costa Blanca K\u00fcnstler zwischen K\u00fcste und Weltb\u00fchne"},"primaryImageOfPage":{"@id":"https:\/\/costablanca-magazin.com\/nb\/lokales\/infos\/costa-blanca-kuenstler-zwischen-kueste-und-weltbuehne\/#mainImage"},"datePublished":"2025-05-27T09:00:00+02:00","dateModified":"2026-07-07T10:20:10+02:00","mainEntity":{"@id":"https:\/\/costablanca-magazin.com\/nb\/lokales\/infos\/costa-blanca-kuenstler-zwischen-kueste-und-weltbuehne\/#article"}},{"@type":"WebSite","@id":"https:\/\/costablanca-magazin.com\/nb\/#website","url":"https:\/\/costablanca-magazin.com\/nb\/","name":"Costa Blanca Magazin","description":"Costa Blanca - alles um das Leben und die Freizeit an der K\u00fcste","inLanguage":"nb-NO","publisher":{"@id":"https:\/\/costablanca-magazin.com\/nb\/#organization"},"potentialAction":{"@type":"SearchAction","target":"https:\/\/costablanca-magazin.com\/nb\/?s={search_term_string}","query-input":"required name=search_term_string"}},{"@type":["Organization","NewsMediaOrganization"],"@id":"https:\/\/costablanca-magazin.com\/nb\/#organization","name":"Costa Blanca Magazin","description":"Costa Blanca Magazin","url":"https:\/\/costablanca-magazin.com\/nb\/","email":"info@costablanca-magazin.com","telephone":"+34 663 946 871","logo":{"@type":"ImageObject","url":"https:\/\/costablanca-magazin.com\/wp-content\/uploads\/2024\/05\/logo.jpg","@id":"https:\/\/costablanca-magazin.com\/nb\/lokales\/infos\/costa-blanca-kuenstler-zwischen-kueste-und-weltbuehne\/#organizationLogo","width":1605,"height":236,"caption":"Costa Blanca Magazin"},"image":{"@id":"https:\/\/costablanca-magazin.com\/nb\/lokales\/infos\/costa-blanca-kuenstler-zwischen-kueste-und-weltbuehne\/#organizationLogo"},"sameAs":["https:\/\/www.facebook.com\/costablancalifestyle\/","https:\/\/www.instagram.com\/costablancamagazin\/"]}]},"og:locale":"nb_NO","og:site_name":"Costa Blanca Magazin","og:type":"article","og:title":"Costa Blanca K\u00fcnstler zwischen K\u00fcste und Weltb\u00fchne","og:description":"Von Stra\u00dfenkunst bis Sakralkunst \u2013 wie die Costa Blanca kreative Spuren durch Jahrhunderte zieht.","og:url":"https:\/\/costablanca-magazin.com\/nb\/lokales\/infos\/costa-blanca-kuenstler-zwischen-kueste-und-weltbuehne\/","og:image":"https:\/\/costablanca-magazin.com\/wp-content\/uploads\/2025\/05\/Tardor-La-Xara-1.jpg","og:image:secure_url":"https:\/\/costablanca-magazin.com\/wp-content\/uploads\/2025\/05\/Tardor-La-Xara-1.jpg","og:image:width":1200,"og:image:height":900,"article:published_time":"2025-05-27T07:00:00+00:00","article:modified_time":"2026-07-07T08:20:10+00:00","article:publisher":"https:\/\/www.facebook.com\/costablancalifestyle\/","twitter:card":"summary_large_image","twitter:title":"Costa Blanca K\u00fcnstler zwischen K\u00fcste und Weltb\u00fchne","twitter:description":"Von Stra\u00dfenkunst bis Sakralkunst \u2013 wie die Costa Blanca kreative Spuren durch Jahrhunderte zieht.","twitter:image":"https:\/\/costablanca-magazin.com\/wp-content\/uploads\/2025\/05\/Tardor-La-Xara-1.jpg"},"aioseo_meta_data":{"post_id":"7494","title":"Costa Blanca-artister mellom kysten og verdensscenen","description":"Fra gatekunst til sakral kunst \u2013 hvordan Costa Blanca har satt kreative spor gjennom \u00e5rhundrene.","keywords":null,"keyphrases":{"focus":[],"additional":[]},"primary_term":null,"canonical_url":null,"og_title":null,"og_description":null,"og_object_type":"default","og_image_type":"default","og_image_url":null,"og_image_width":null,"og_image_height":null,"og_image_custom_url":null,"og_image_custom_fields":null,"og_video":"","og_custom_url":null,"og_article_section":null,"og_article_tags":null,"twitter_use_og":false,"twitter_card":"default","twitter_image_type":"default","twitter_image_url":null,"twitter_image_custom_url":null,"twitter_image_custom_fields":null,"twitter_title":null,"twitter_description":null,"schema":{"blockGraphs":[],"customGraphs":[],"default":{"data":{"Article":[],"Course":[],"Dataset":[],"FAQPage":[],"Movie":[],"Person":[],"Product":[],"ProductReview":[],"Car":[],"Recipe":[],"Service":[],"SoftwareApplication":[],"WebPage":[]},"graphName":"BlogPosting","isEnabled":true},"graphs":[]},"schema_type":"default","schema_type_options":null,"pillar_content":false,"robots_default":true,"robots_noindex":false,"robots_noarchive":false,"robots_nosnippet":false,"robots_nofollow":false,"robots_noimageindex":false,"robots_noodp":false,"robots_notranslate":false,"robots_max_snippet":"-1","robots_max_videopreview":"-1","robots_max_imagepreview":"large","priority":null,"frequency":"default","local_seo":null,"seo_analyzer_scan_date":"2026-07-07 09:38:41","breadcrumb_settings":null,"limit_modified_date":false,"reviewed_by":null,"open_ai":null,"ai":{"faqs":[],"keyPoints":[],"titles":[],"descriptions":[],"socialPosts":{"email":[],"linkedin":[],"twitter":[],"facebook":[],"instagram":[]}},"created":"2025-05-28 13:21:27","updated":"2026-08-10 07:29:57","focus_keyword":null,"additional_keywords":null,"truseo_locale":null},"aioseo_breadcrumb":"<div class=\"aioseo-breadcrumbs\"><span class=\"aioseo-breadcrumb\">\n\t<a href=\"https:\/\/costablanca-magazin.com\/nb\" title=\"Home\">Home<\/a>\n<\/span><span class=\"aioseo-breadcrumb-separator\">&raquo;<\/span><span class=\"aioseo-breadcrumb\">\n\t<a href=\"https:\/\/costablanca-magazin.com\/nb\/lokalt\/\" title=\"Lokales\">Lokales<\/a>\n<\/span><span class=\"aioseo-breadcrumb-separator\">&raquo;<\/span><span class=\"aioseo-breadcrumb\">\n\t<a href=\"https:\/\/costablanca-magazin.com\/nb\/informasjon\/\" title=\"Infos\">Infos<\/a>\n<\/span><span class=\"aioseo-breadcrumb-separator\">&raquo;<\/span><span class=\"aioseo-breadcrumb\">\n\tCosta Blanca K\u00fcnstler zwischen K\u00fcste und Weltb\u00fchne\n<\/span><\/div>","aioseo_breadcrumb_json":[{"label":"Home","link":"https:\/\/costablanca-magazin.com\/nb"},{"label":"Lokales","link":"https:\/\/costablanca-magazin.com\/nb\/lokalt\/"},{"label":"Infos","link":"https:\/\/costablanca-magazin.com\/nb\/informasjon\/"},{"label":"Costa Blanca K\u00fcnstler zwischen K\u00fcste und Weltb\u00fchne","link":"https:\/\/costablanca-magazin.com\/nb\/lokales\/infos\/costa-blanca-kuenstler-zwischen-kueste-und-weltbuehne\/"}],"_links":{"self":[{"href":"https:\/\/costablanca-magazin.com\/nb\/wp-json\/wp\/v2\/posts\/7494","targetHints":{"allow":["GET"]}}],"collection":[{"href":"https:\/\/costablanca-magazin.com\/nb\/wp-json\/wp\/v2\/posts"}],"about":[{"href":"https:\/\/costablanca-magazin.com\/nb\/wp-json\/wp\/v2\/types\/post"}],"author":[{"embeddable":true,"href":"https:\/\/costablanca-magazin.com\/nb\/wp-json\/wp\/v2\/users\/4"}],"replies":[{"embeddable":true,"href":"https:\/\/costablanca-magazin.com\/nb\/wp-json\/wp\/v2\/comments?post=7494"}],"version-history":[{"count":13,"href":"https:\/\/costablanca-magazin.com\/nb\/wp-json\/wp\/v2\/posts\/7494\/revisions"}],"predecessor-version":[{"id":11075,"href":"https:\/\/costablanca-magazin.com\/nb\/wp-json\/wp\/v2\/posts\/7494\/revisions\/11075"}],"wp:featuredmedia":[{"embeddable":true,"href":"https:\/\/costablanca-magazin.com\/nb\/wp-json\/wp\/v2\/media\/7515"}],"wp:attachment":[{"href":"https:\/\/costablanca-magazin.com\/nb\/wp-json\/wp\/v2\/media?parent=7494"}],"wp:term":[{"taxonomy":"category","embeddable":true,"href":"https:\/\/costablanca-magazin.com\/nb\/wp-json\/wp\/v2\/categories?post=7494"},{"taxonomy":"post_tag","embeddable":true,"href":"https:\/\/costablanca-magazin.com\/nb\/wp-json\/wp\/v2\/tags?post=7494"}],"curies":[{"name":"wp","href":"https:\/\/api.w.org\/{rel}","templated":true}]}}