{"id":7020,"date":"2025-05-21T14:32:31","date_gmt":"2025-05-21T12:32:31","guid":{"rendered":"https:\/\/costablanca-magazin.com\/?p=7020"},"modified":"2025-07-08T05:24:29","modified_gmt":"2025-07-08T03:24:29","slug":"la-nucia-samler-inn-matvarer-i-mai-2025-til-trengende","status":"publish","type":"post","link":"https:\/\/costablanca-magazin.com\/nb\/lokales\/infos\/la-nucia-sammelt-lebensmittel-im-mai-2025-fuer-beduerftige\/","title":{"rendered":"La Nuc\u00eda samler inn mat til trengende i mai 2025"},"content":{"rendered":"<div data-elementor-type=\"wp-post\" data-elementor-id=\"7020\" class=\"elementor elementor-7020\" data-elementor-post-type=\"post\">\n\t\t\t\t<div class=\"elementor-element elementor-element-c5266ef e-flex e-con-boxed e-con e-parent\" data-id=\"c5266ef\" data-element_type=\"container\" data-e-type=\"container\">\n\t\t\t\t\t<div class=\"e-con-inner\">\n\t\t\t\t<div class=\"elementor-element elementor-element-f1fff20 elementor-widget elementor-widget-heading\" data-id=\"f1fff20\" data-element_type=\"widget\" data-e-type=\"widget\" data-widget_type=\"heading.default\">\n\t\t\t\t<div class=\"elementor-widget-container\">\n\t\t\t\t\t<h1 class=\"elementor-heading-title elementor-size-default\"> La Nuc\u00eda samler inn mat til trengende i mai 2025<\/h1>\t\t\t\t<\/div>\n\t\t\t\t<\/div>\n\t\t\t\t<div class=\"elementor-element elementor-element-a92e01d elementor-widget elementor-widget-image\" data-id=\"a92e01d\" data-element_type=\"widget\" data-e-type=\"widget\" data-widget_type=\"image.default\">\n\t\t\t\t<div class=\"elementor-widget-container\">\n\t\t\t\t\t\t\t\t\t\t\t\t\t\t\t<img decoding=\"async\" src=\"https:\/\/costablanca-magazin.com\/wp-content\/uploads\/elementor\/thumbs\/La-Nucia-BSocial-Recogida-Primavera-1-2025-scaled-rjc5o51828svtis0jzv6yvftxyhgdqyteq1w1x4494.jpg\" title=\"La Nuc\u00eda samler inn mat til trengende i mai 2025\" alt=\"La Nuc\u00eda samler inn mat til trengende i mai 2025\" loading=\"lazy\" \/>\t\t\t\t\t\t\t\t\t\t\t\t\t\t\t<\/div>\n\t\t\t\t<\/div>\n\t\t\t\t\t<\/div>\n\t\t\t\t<\/div>\n\t\t<div class=\"elementor-element elementor-element-15edfb4 e-flex e-con-boxed e-con e-parent\" data-id=\"15edfb4\" data-element_type=\"container\" data-e-type=\"container\">\n\t\t\t\t\t<div class=\"e-con-inner\">\n\t\t\t\t<div class=\"elementor-element elementor-element-2b87bcc elementor-widget elementor-widget-heading\" data-id=\"2b87bcc\" data-element_type=\"widget\" data-e-type=\"widget\" data-widget_type=\"heading.default\">\n\t\t\t\t<div class=\"elementor-widget-container\">\n\t\t\t\t\t<h2 class=\"elementor-heading-title elementor-size-default\">Fra 23. til 25. mai 2025 blir supermarkedene i La Nuc\u00eda innsamlingssteder for mat som ikke er lett bedervelig, som en del av FESBALs v\u00e5rkampanje.<\/h2>\t\t\t\t<\/div>\n\t\t\t\t<\/div>\n\t\t\t\t\t<\/div>\n\t\t\t\t<\/div>\n\t\t<div class=\"elementor-element elementor-element-fbff24c e-flex e-con-boxed e-con e-parent\" data-id=\"fbff24c\" data-element_type=\"container\" data-e-type=\"container\">\n\t\t\t\t\t<div class=\"e-con-inner\">\n\t\t<div class=\"elementor-element elementor-element-cde81b9 e-con-full e-flex e-con e-child\" data-id=\"cde81b9\" data-element_type=\"container\" data-e-type=\"container\">\n\t\t\t\t<div class=\"elementor-element elementor-element-edbd0a8 elementor-widget elementor-widget-text-editor\" data-id=\"edbd0a8\" data-element_type=\"widget\" data-e-type=\"widget\" data-widget_type=\"text-editor.default\">\n\t\t\t\t<div class=\"elementor-widget-container\">\n\t\t\t\t\t\t\t\t\t<p data-start=\"421\" data-end=\"824\"><span class=\"_fadeIn_m1hgl_8\">N\u00e5r <\/span><span class=\"_fadeIn_m1hgl_8\">den <\/span><span class=\"_fadeIn_m1hgl_8\">V\u00e5r <\/span><span class=\"_fadeIn_m1hgl_8\">p\u00e5 <\/span><span class=\"_fadeIn_m1hgl_8\">den <\/span><span class=\"_fadeIn_m1hgl_8\">Costa <\/span><span class=\"_fadeIn_m1hgl_8\">Blanca <\/span><span class=\"_fadeIn_m1hgl_8\">i <\/span><span class=\"_fadeIn_m1hgl_8\">full <\/span><span class=\"_fadeIn_m1hgl_8\">Blossom <\/span><span class=\"_fadeIn_m1hgl_8\">st\u00e5r, <\/span><span class=\"_fadeIn_m1hgl_8\">viser <\/span><span class=\"_fadeIn_m1hgl_8\">La <\/span><span class=\"_fadeIn_m1hgl_8\">Nuc\u00eda, <\/span><span class=\"_fadeIn_m1hgl_8\">at <\/span><span class=\"_fadeIn_m1hgl_8\">Medf\u00f8lelse <\/span><span class=\"_fadeIn_m1hgl_8\">ogs\u00e5 <\/span><span class=\"_fadeIn_m1hgl_8\">vokse <\/span><span class=\"_fadeIn_m1hgl_8\">kan. <\/span><span class=\"_fadeIn_m1hgl_8\">Fra <\/span><span class=\"_fadeIn_m1hgl_8\">23. <\/span><span class=\"_fadeIn_m1hgl_8\">inntil <\/span><span class=\"_fadeIn_m1hgl_8\">25. <\/span><span class=\"_fadeIn_m1hgl_8\">Mai <\/span><span class=\"_fadeIn_m1hgl_8\">involvert <\/span><span class=\"_fadeIn_m1hgl_8\">seg selv <\/span><span class=\"_fadeIn_m1hgl_8\">den <\/span><span class=\"_fadeIn_m1hgl_8\">Kommune <\/span><span class=\"_fadeIn_m1hgl_8\">p\u00e5 <\/span><span class=\"_fadeIn_m1hgl_8\">den <\/span><span class=\"_fadeIn_m1hgl_8\">landsdekkende <\/span><span class=\"_fadeIn_m1hgl_8\">Solidaritetskampanje \u201e<\/span><span class=\"_fadeIn_m1hgl_8\">Recogida <\/span><span class=\"_fadeIn_m1hgl_8\">Primavera - <\/span><span class=\"_fadeIn_m1hgl_8\">Alimenta <\/span><span class=\"_fadeIn_m1hgl_8\">la <\/span><span class=\"_fadeIn_m1hgl_8\">esperanza\u201c, <\/span><span class=\"_fadeIn_m1hgl_8\">organisert <\/span><span class=\"_fadeIn_m1hgl_8\">fra <\/span><span class=\"_fadeIn_m1hgl_8\">den <\/span><span class=\"_fadeIn_m1hgl_8\">Spansk <\/span><span class=\"_fadeIn_m1hgl_8\">F\u00f8derasjonen <\/span><span class=\"_fadeIn_m1hgl_8\">den <\/span><span class=\"_fadeIn_m1hgl_8\">Matbanker (<\/span><span class=\"_fadeIn_m1hgl_8\">FESBAL). <\/span><span class=\"_fadeIn_m1hgl_8\">Den <\/span><span class=\"_fadeIn_m1hgl_8\">M\u00e5let: <\/span><span class=\"_fadeIn_m1hgl_8\">N\u00f8dlidende mennesker <\/span><span class=\"_fadeIn_m1hgl_8\">Mennesker <\/span><span class=\"_fadeIn_m1hgl_8\">H\u00e5p <\/span><span class=\"_fadeIn_m1hgl_8\">til <\/span><span class=\"_fadeIn_m1hgl_8\">gi - <\/span><span class=\"_fadeIn_m1hgl_8\">i <\/span><span class=\"_fadeIn_m1hgl_8\">Form <\/span><span class=\"_fadeIn_m1hgl_8\">fra <\/span><span class=\"_fadeIn_m1hgl_8\">Matvarer.<\/span><\/p><p data-start=\"826\" data-end=\"1167\"><span class=\"_fadeIn_m1hgl_8\">Tre <\/span><span class=\"_fadeIn_m1hgl_8\">Dager <\/span><span class=\"_fadeIn_m1hgl_8\">lang <\/span><span class=\"_fadeIn_m1hgl_8\">forvandle <\/span><span class=\"_fadeIn_m1hgl_8\">seg selv <\/span><span class=\"_fadeIn_m1hgl_8\">seks <\/span><span class=\"_fadeIn_m1hgl_8\">Supermarkeder <\/span><span class=\"_fadeIn_m1hgl_8\">i <\/span><span class=\"_fadeIn_m1hgl_8\">La <\/span><span class=\"_fadeIn_m1hgl_8\">Nuc\u00eda <\/span><span class=\"_fadeIn_m1hgl_8\">i \u201e<\/span><span class=\"_fadeIn_m1hgl_8\">V\u00e5rens innsamlingssteder\u201c. <\/span><span class=\"_fadeIn_m1hgl_8\">Kunder <\/span><span class=\"_fadeIn_m1hgl_8\">og <\/span><span class=\"_fadeIn_m1hgl_8\">Kunder <\/span><span class=\"_fadeIn_m1hgl_8\">kan <\/span><span class=\"_fadeIn_m1hgl_8\">enten <\/span><span class=\"_fadeIn_m1hgl_8\">holdbar <\/span><span class=\"_fadeIn_m1hgl_8\">Mat <\/span><span class=\"_fadeIn_m1hgl_8\">direkte <\/span><span class=\"_fadeIn_m1hgl_8\">donere <\/span><span class=\"_fadeIn_m1hgl_8\">eller <\/span><span class=\"_fadeIn_m1hgl_8\">p\u00e5 <\/span><span class=\"_fadeIn_m1hgl_8\">den <\/span><span class=\"_fadeIn_m1hgl_8\">Kasse <\/span><span class=\"_fadeIn_m1hgl_8\">en <\/span><span class=\"_fadeIn_m1hgl_8\">\u00f8konomisk <\/span><span class=\"_fadeIn_m1hgl_8\">Bidrag <\/span><span class=\"_fadeIn_m1hgl_8\">\u00e5 utf\u00f8re. <\/span><span class=\"_fadeIn_m1hgl_8\">St\u00f8ttet <\/span><span class=\"_fadeIn_m1hgl_8\">blir <\/span><span class=\"_fadeIn_m1hgl_8\">den <\/span><span class=\"_fadeIn_m1hgl_8\">Handling <\/span><span class=\"_fadeIn_m1hgl_8\">fra <\/span><span class=\"_fadeIn_m1hgl_8\">mange <\/span><span class=\"_fadeIn_m1hgl_8\">Frivillige, <\/span><span class=\"_fadeIn_m1hgl_8\">den <\/span><span class=\"_fadeIn_m1hgl_8\">f\u00f8r <\/span><span class=\"_fadeIn_m1hgl_8\">Beliggenhet <\/span><span class=\"_fadeIn_m1hgl_8\">informere, <\/span><span class=\"_fadeIn_m1hgl_8\">motivere <\/span><span class=\"_fadeIn_m1hgl_8\">og <\/span><span class=\"_fadeIn_m1hgl_8\">med <\/span><span class=\"_fadeIn_m1hgl_8\">en <\/span><span class=\"_fadeIn_m1hgl_8\">Smil <\/span><span class=\"_fadeIn_m1hgl_8\">Takk skal du ha.<\/span><\/p><p data-start=\"1359\" data-end=\"1523\"><strong data-start=\"1359\" data-end=\"1391\"><span class=\"_fadeIn_m1hgl_8\">Hva <\/span><span class=\"_fadeIn_m1hgl_8\">blir <\/span><span class=\"_fadeIn_m1hgl_8\">presserende <\/span><span class=\"_fadeIn_m1hgl_8\">trengs?<\/span><\/strong><br data-start=\"1391\" data-end=\"1394\" \/><span class=\"_fadeIn_m1hgl_8\">Ikke <\/span><span class=\"_fadeIn_m1hgl_8\">lett bedervelig <\/span><span class=\"_fadeIn_m1hgl_8\">Mat <\/span><span class=\"_fadeIn_m1hgl_8\">som <\/span><span class=\"_fadeIn_m1hgl_8\">Hermetikk (<\/span><span class=\"_fadeIn_m1hgl_8\">Kj\u00f8tt, <\/span><span class=\"_fadeIn_m1hgl_8\">Fisk, <\/span><span class=\"_fadeIn_m1hgl_8\">gr\u00f8nnsaker), <\/span><span class=\"_fadeIn_m1hgl_8\">Melk, <\/span><span class=\"_fadeIn_m1hgl_8\">Barnemat, <\/span><span class=\"_fadeIn_m1hgl_8\">Olje, <\/span><span class=\"_fadeIn_m1hgl_8\">Ris, <\/span><span class=\"_fadeIn_m1hgl_8\">Nudler <\/span><span class=\"_fadeIn_m1hgl_8\">og <\/span><span class=\"_fadeIn_m1hgl_8\">Pulser.<\/span><\/p><p>\u00a0Mer enn \u00e9n million mennesker mottar i dag st\u00f8tte fra FESBAL - ogs\u00e5 i La Nuc\u00eda kanaliseres donasjoner til de trengende via sosialkontoret. Hvert bidrag teller, hver gest gj\u00f8r en forskjell.<\/p>\t\t\t\t\t\t\t\t<\/div>\n\t\t\t\t<\/div>\n\t\t\t\t<\/div>\n\t\t<div class=\"elementor-element elementor-element-ae72021 e-con-full e-flex e-con e-child\" data-id=\"ae72021\" data-element_type=\"container\" data-e-type=\"container\">\n\t\t\t\t<div class=\"elementor-element elementor-element-e1221ef elementor-widget elementor-widget-text-editor\" data-id=\"e1221ef\" data-element_type=\"widget\" data-e-type=\"widget\" data-widget_type=\"text-editor.default\">\n\t\t\t\t<div class=\"elementor-widget-container\">\n\t\t\t\t\t\t\t\t\t<p data-start=\"1753\" data-end=\"1977\"><span class=\"_fadeIn_m1hgl_8\">Fordi <\/span><span class=\"_fadeIn_m1hgl_8\">mens <\/span><span class=\"_fadeIn_m1hgl_8\">den <\/span><span class=\"_fadeIn_m1hgl_8\">V\u00e5r <\/span><span class=\"_fadeIn_m1hgl_8\">utenfor <\/span><span class=\"_fadeIn_m1hgl_8\">blomstrer, <\/span><span class=\"_fadeIn_m1hgl_8\">kan <\/span><span class=\"_fadeIn_m1hgl_8\">i <\/span><span class=\"_fadeIn_m1hgl_8\">Hjerter <\/span><span class=\"_fadeIn_m1hgl_8\">ogs\u00e5 <\/span><span class=\"_fadeIn_m1hgl_8\">noe <\/span><span class=\"_fadeIn_m1hgl_8\">vokse: <\/span><span class=\"_fadeIn_m1hgl_8\">Solidaritet. <\/span><span class=\"_fadeIn_m1hgl_8\">Hvem <\/span><span class=\"_fadeIn_m1hgl_8\">i <\/span><span class=\"_fadeIn_m1hgl_8\">dette <\/span><span class=\"_fadeIn_m1hgl_8\">Dager <\/span><span class=\"_fadeIn_m1hgl_8\">shopping <\/span><span class=\"_fadeIn_m1hgl_8\">...g\u00e5r, <\/span><span class=\"_fadeIn_m1hgl_8\">har <\/span><span class=\"_fadeIn_m1hgl_8\">den <\/span><span class=\"_fadeIn_m1hgl_8\">Mulighet, <\/span><span class=\"_fadeIn_m1hgl_8\">ikke <\/span><span class=\"_fadeIn_m1hgl_8\">bare <\/span><span class=\"_fadeIn_m1hgl_8\">hans <\/span><span class=\"_fadeIn_m1hgl_8\">Kurv <\/span><span class=\"_fadeIn_m1hgl_8\">til <\/span><span class=\"_fadeIn_m1hgl_8\">fyll - <\/span><span class=\"_fadeIn_m1hgl_8\">men <\/span><span class=\"_fadeIn_m1hgl_8\">ogs\u00e5 <\/span><span class=\"_fadeIn_m1hgl_8\">H\u00e5p <\/span><span class=\"_fadeIn_m1hgl_8\">til <\/span><span class=\"_fadeIn_m1hgl_8\">gi bort.<\/span><\/p>\t\t\t\t\t\t\t\t<\/div>\n\t\t\t\t<\/div>\n\t\t\t\t<div class=\"elementor-element elementor-element-e215509 elementor-widget elementor-widget-text-editor\" data-id=\"e215509\" data-element_type=\"widget\" data-e-type=\"widget\" data-widget_type=\"text-editor.default\">\n\t\t\t\t<div class=\"elementor-widget-container\">\n\t\t\t\t\t\t\t\t\t<p data-start=\"1169\" data-end=\"1197\"><strong data-start=\"1169\" data-end=\"1197\"><span class=\"_fadeIn_m1hgl_8\">Disse <\/span><span class=\"_fadeIn_m1hgl_8\">Markeder <\/span><span class=\"_fadeIn_m1hgl_8\">lage <\/span><span class=\"_fadeIn_m1hgl_8\">med:<\/span><\/strong><\/p><p data-start=\"1200\" data-end=\"1237\"><span class=\"_fadeIn_m1hgl_8\">\ud83d\udccd <\/span><span class=\"_fadeIn_m1hgl_8\">Dialprix <\/span><span class=\"_fadeIn_m1hgl_8\">La <\/span><span class=\"_fadeIn_m1hgl_8\">Nuc\u00eda (<\/span><span class=\"_fadeIn_m1hgl_8\">Urb. <\/span><span class=\"_fadeIn_m1hgl_8\">Miramar)<\/span><\/p><p data-start=\"1240\" data-end=\"1263\"><span class=\"_fadeIn_m1hgl_8\">\ud83d\udccd <\/span><span class=\"_fadeIn_m1hgl_8\">M\u00e1s <\/span><span class=\"_fadeIn_m1hgl_8\">y <\/span><span class=\"_fadeIn_m1hgl_8\">M\u00e1s <\/span><span class=\"_fadeIn_m1hgl_8\">La <\/span><span class=\"_fadeIn_m1hgl_8\">Nuc\u00eda<\/span><\/p><p data-start=\"1266\" data-end=\"1275\"><span class=\"_fadeIn_m1hgl_8\">\ud83d\udccd <\/span><span class=\"_fadeIn_m1hgl_8\">Besparelser<\/span><\/p><p data-start=\"1278\" data-end=\"1295\"><span class=\"_fadeIn_m1hgl_8\">\ud83d\udccd <\/span><span class=\"_fadeIn_m1hgl_8\">\u00d8konomi <\/span><span class=\"_fadeIn_m1hgl_8\">Kontanter<\/span><\/p><p data-start=\"1298\" data-end=\"1330\"><span class=\"_fadeIn_m1hgl_8\">\ud83d\udccd <\/span><span class=\"_fadeIn_m1hgl_8\">Mercadona (<\/span><span class=\"_fadeIn_m1hgl_8\">bare <\/span><span class=\"_fadeIn_m1hgl_8\">ved kassa)<\/span><\/p><p data-start=\"1333\" data-end=\"1357\"><span class=\"_fadeIn_m1hgl_8\">\ud83d\udccd <\/span><span class=\"_fadeIn_m1hgl_8\">Lysbilde (<\/span><span class=\"_fadeIn_m1hgl_8\">bare <\/span><span class=\"_fadeIn_m1hgl_8\">ved kassa)<\/span><\/p>\t\t\t\t\t\t\t\t<\/div>\n\t\t\t\t<\/div>\n\t\t\t\t<\/div>\n\t\t\t\t\t<\/div>\n\t\t\t\t<\/div>\n\t\t\t\t<\/div>","protected":false},"excerpt":{"rendered":"<p>La Nuc\u00eda sammelt Lebensmittel im Mai 2025 f\u00fcr Bed\u00fcrftige Vom 23. bis 25. Mai 2025 werden Superm\u00e4rkte in La Nuc\u00eda zu Sammelstellen f\u00fcr haltbare Lebensmittel \u2013 eine Aktion im Rahmen der FESBAL-Fr\u00fchjahrskampagne. Wenn der Fr\u00fchling an der Costa Blanca in voller Bl\u00fcte steht, zeigt La Nuc\u00eda, dass Mitgef\u00fchl ebenfalls wachsen kann. Vom 23. bis 25. [&hellip;]<\/p>\n","protected":false},"author":4,"featured_media":7021,"comment_status":"closed","ping_status":"closed","sticky":false,"template":"elementor_header_footer","format":"standard","meta":{"footnotes":""},"categories":[13],"tags":[],"class_list":["post-7020","post","type-post","status-publish","format-standard","has-post-thumbnail","hentry","category-infos"],"aioseo_notices":[],"aioseo_head":"\n\t\t<!-- All in One SEO Pro 5.0.1.1 - aioseo.com -->\n\t<meta name=\"description\" content=\"Vom 23. bis 25. Mai 2025 werden Superm\u00e4rkte in La Nuc\u00eda zu Sammelstellen f\u00fcr haltbare Lebensmittel \u2013 eine Aktion im Rahmen der\u2026\" \/>\n\t<meta name=\"robots\" content=\"max-snippet:-1, max-image-preview:large, max-video-preview:-1\" \/>\n\t<meta name=\"author\" content=\"Costablanca Magazin Redaktion\"\/>\n\t<link rel=\"canonical\" href=\"https:\/\/costablanca-magazin.com\/nb\/lokales\/infos\/la-nucia-sammelt-lebensmittel-im-mai-2025-fuer-beduerftige\/\" \/>\n\t<meta name=\"generator\" content=\"All in One SEO Pro (AIOSEO) 5.0.1.1\" \/>\n\t\t<meta property=\"og:locale\" content=\"nb_NO\" \/>\n\t\t<meta property=\"og:site_name\" content=\"Costa Blanca Magazin\" \/>\n\t\t<meta property=\"og:type\" content=\"article\" \/>\n\t\t<meta property=\"og:title\" content=\"La Nuc\u00eda sammelt Lebensmittel im Mai 2025 f\u00fcr\u2026\" \/>\n\t\t<meta property=\"og:description\" content=\"Vom 23. bis 25. Mai 2025 werden Superm\u00e4rkte in La Nuc\u00eda zu Sammelstellen f\u00fcr haltbare Lebensmittel \u2013 eine Aktion im Rahmen der\u2026\" \/>\n\t\t<meta property=\"og:url\" content=\"https:\/\/costablanca-magazin.com\/nb\/lokales\/infos\/la-nucia-sammelt-lebensmittel-im-mai-2025-fuer-beduerftige\/\" \/>\n\t\t<meta property=\"og:image\" content=\"https:\/\/costablanca-magazin.com\/wp-content\/uploads\/2025\/05\/La-Nucia-BSocial-Recogida-Primavera-1-2025-scaled.jpg\" \/>\n\t\t<meta property=\"og:image:secure_url\" content=\"https:\/\/costablanca-magazin.com\/wp-content\/uploads\/2025\/05\/La-Nucia-BSocial-Recogida-Primavera-1-2025-scaled.jpg\" \/>\n\t\t<meta property=\"og:image:width\" content=\"2560\" \/>\n\t\t<meta property=\"og:image:height\" content=\"1920\" \/>\n\t\t<meta property=\"article:published_time\" content=\"2025-05-21T12:32:31+00:00\" \/>\n\t\t<meta property=\"article:modified_time\" content=\"2025-07-08T03:24:29+00:00\" \/>\n\t\t<meta property=\"article:publisher\" content=\"https:\/\/www.facebook.com\/costablancalifestyle\/\" \/>\n\t\t<meta name=\"twitter:card\" content=\"summary_large_image\" \/>\n\t\t<meta name=\"twitter:title\" content=\"La Nuc\u00eda sammelt Lebensmittel im Mai 2025 f\u00fcr\u2026\" \/>\n\t\t<meta name=\"twitter:description\" content=\"Vom 23. bis 25. Mai 2025 werden Superm\u00e4rkte in La Nuc\u00eda zu Sammelstellen f\u00fcr haltbare Lebensmittel \u2013 eine Aktion im Rahmen der\u2026\" \/>\n\t\t<meta name=\"twitter:image\" content=\"https:\/\/costablanca-magazin.com\/wp-content\/uploads\/2025\/05\/La-Nucia-BSocial-Recogida-Primavera-1-2025-scaled.jpg\" \/>\n\t\t<script type=\"application\/ld+json\" class=\"aioseo-schema\">\n\t\t\t{\"@context\":\"https:\\\/\\\/schema.org\",\"@graph\":[{\"@type\":\"BreadcrumbList\",\"@id\":\"https:\\\/\\\/costablanca-magazin.com\\\/nb\\\/lokales\\\/infos\\\/la-nucia-sammelt-lebensmittel-im-mai-2025-fuer-beduerftige\\\/#breadcrumblist\",\"itemListElement\":[{\"@type\":\"ListItem\",\"@id\":\"https:\\\/\\\/costablanca-magazin.com\\\/nb#listItem\",\"position\":1,\"name\":\"Home\",\"item\":\"https:\\\/\\\/costablanca-magazin.com\\\/nb\",\"nextItem\":{\"@type\":\"ListItem\",\"@id\":\"https:\\\/\\\/costablanca-magazin.com\\\/nb\\\/lokalt\\\/#listItem\",\"name\":\"Lokales\"}},{\"@type\":\"ListItem\",\"@id\":\"https:\\\/\\\/costablanca-magazin.com\\\/nb\\\/lokalt\\\/#listItem\",\"position\":2,\"name\":\"Lokales\",\"item\":\"https:\\\/\\\/costablanca-magazin.com\\\/nb\\\/lokalt\\\/\",\"nextItem\":{\"@type\":\"ListItem\",\"@id\":\"https:\\\/\\\/costablanca-magazin.com\\\/nb\\\/informasjon\\\/#listItem\",\"name\":\"Infos\"},\"previousItem\":{\"@type\":\"ListItem\",\"@id\":\"https:\\\/\\\/costablanca-magazin.com\\\/nb#listItem\",\"name\":\"Home\"}},{\"@type\":\"ListItem\",\"@id\":\"https:\\\/\\\/costablanca-magazin.com\\\/nb\\\/informasjon\\\/#listItem\",\"position\":3,\"name\":\"Infos\",\"item\":\"https:\\\/\\\/costablanca-magazin.com\\\/nb\\\/informasjon\\\/\",\"nextItem\":{\"@type\":\"ListItem\",\"@id\":\"https:\\\/\\\/costablanca-magazin.com\\\/nb\\\/lokales\\\/infos\\\/la-nucia-sammelt-lebensmittel-im-mai-2025-fuer-beduerftige\\\/#listItem\",\"name\":\"La Nuc\\u00eda sammelt Lebensmittel im Mai 2025 f\\u00fcr Bed\\u00fcrftige\"},\"previousItem\":{\"@type\":\"ListItem\",\"@id\":\"https:\\\/\\\/costablanca-magazin.com\\\/nb\\\/lokalt\\\/#listItem\",\"name\":\"Lokales\"}},{\"@type\":\"ListItem\",\"@id\":\"https:\\\/\\\/costablanca-magazin.com\\\/nb\\\/lokales\\\/infos\\\/la-nucia-sammelt-lebensmittel-im-mai-2025-fuer-beduerftige\\\/#listItem\",\"position\":4,\"name\":\"La Nuc\\u00eda sammelt Lebensmittel im Mai 2025 f\\u00fcr Bed\\u00fcrftige\",\"previousItem\":{\"@type\":\"ListItem\",\"@id\":\"https:\\\/\\\/costablanca-magazin.com\\\/nb\\\/informasjon\\\/#listItem\",\"name\":\"Infos\"}}]},{\"@type\":\"NewsArticle\",\"@id\":\"https:\\\/\\\/costablanca-magazin.com\\\/nb\\\/lokales\\\/infos\\\/la-nucia-sammelt-lebensmittel-im-mai-2025-fuer-beduerftige\\\/#article\",\"name\":\"La Nuc\\u00eda sammelt Lebensmittel im Mai 2025 f\\u00fcr Bed\\u00fcrftige\",\"headline\":\"La Nuc\\u00eda sammelt Lebensmittel im Mai 2025 f\\u00fcr Bed\\u00fcrftige\",\"author\":{\"@id\":\"https:\\\/\\\/costablanca-magazin.com\\\/nb\\\/author\\\/costablanca-magazin-redaktion\\\/#author\"},\"publisher\":{\"@id\":\"https:\\\/\\\/costablanca-magazin.com\\\/nb\\\/#organization\"},\"image\":{\"@type\":\"ImageObject\",\"url\":\"https:\\\/\\\/costablanca-magazin.com\\\/wp-content\\\/uploads\\\/2025\\\/05\\\/La-Nucia-BSocial-Recogida-Primavera-1-2025-scaled.jpg\",\"width\":2560,\"height\":1920,\"caption\":\"La Nuc\\u00eda sammelt Lebensmittel im Mai 2025 f\\u00fcr Bed\\u00fcrftige\"},\"datePublished\":\"2025-05-21T14:32:31+02:00\",\"dateModified\":\"2025-07-08T05:24:29+02:00\",\"inLanguage\":\"nb-NO\",\"mainEntityOfPage\":{\"@id\":\"https:\\\/\\\/costablanca-magazin.com\\\/nb\\\/lokales\\\/infos\\\/la-nucia-sammelt-lebensmittel-im-mai-2025-fuer-beduerftige\\\/#webpage\"},\"isPartOf\":{\"@id\":\"https:\\\/\\\/costablanca-magazin.com\\\/nb\\\/lokales\\\/infos\\\/la-nucia-sammelt-lebensmittel-im-mai-2025-fuer-beduerftige\\\/#webpage\"},\"articleSection\":\"Infos\"},{\"@type\":\"Person\",\"@id\":\"https:\\\/\\\/costablanca-magazin.com\\\/nb\\\/author\\\/costablanca-magazin-redaktion\\\/#author\",\"url\":\"https:\\\/\\\/costablanca-magazin.com\\\/nb\\\/author\\\/costablanca-magazin-redaktion\\\/\",\"name\":\"Costablanca Magazin Redaktion\"},{\"@type\":\"WebPage\",\"@id\":\"https:\\\/\\\/costablanca-magazin.com\\\/nb\\\/lokales\\\/infos\\\/la-nucia-sammelt-lebensmittel-im-mai-2025-fuer-beduerftige\\\/#webpage\",\"url\":\"https:\\\/\\\/costablanca-magazin.com\\\/nb\\\/lokales\\\/infos\\\/la-nucia-sammelt-lebensmittel-im-mai-2025-fuer-beduerftige\\\/\",\"name\":\"La Nuc\\u00eda sammelt Lebensmittel im Mai 2025 f\\u00fcr\\u2026\",\"description\":\"Vom 23. bis 25. Mai 2025 werden Superm\\u00e4rkte in La Nuc\\u00eda zu Sammelstellen f\\u00fcr haltbare Lebensmittel \\u2013 eine Aktion im Rahmen der\\u2026\",\"inLanguage\":\"nb-NO\",\"isPartOf\":{\"@id\":\"https:\\\/\\\/costablanca-magazin.com\\\/nb\\\/#website\"},\"breadcrumb\":{\"@id\":\"https:\\\/\\\/costablanca-magazin.com\\\/nb\\\/lokales\\\/infos\\\/la-nucia-sammelt-lebensmittel-im-mai-2025-fuer-beduerftige\\\/#breadcrumblist\"},\"author\":{\"@id\":\"https:\\\/\\\/costablanca-magazin.com\\\/nb\\\/author\\\/costablanca-magazin-redaktion\\\/#author\"},\"creator\":{\"@id\":\"https:\\\/\\\/costablanca-magazin.com\\\/nb\\\/author\\\/costablanca-magazin-redaktion\\\/#author\"},\"image\":{\"@type\":\"ImageObject\",\"url\":\"https:\\\/\\\/costablanca-magazin.com\\\/wp-content\\\/uploads\\\/2025\\\/05\\\/La-Nucia-BSocial-Recogida-Primavera-1-2025-scaled.jpg\",\"@id\":\"https:\\\/\\\/costablanca-magazin.com\\\/nb\\\/lokales\\\/infos\\\/la-nucia-sammelt-lebensmittel-im-mai-2025-fuer-beduerftige\\\/#mainImage\",\"width\":2560,\"height\":1920,\"caption\":\"La Nuc\\u00eda sammelt Lebensmittel im Mai 2025 f\\u00fcr Bed\\u00fcrftige\"},\"primaryImageOfPage\":{\"@id\":\"https:\\\/\\\/costablanca-magazin.com\\\/nb\\\/lokales\\\/infos\\\/la-nucia-sammelt-lebensmittel-im-mai-2025-fuer-beduerftige\\\/#mainImage\"},\"datePublished\":\"2025-05-21T14:32:31+02:00\",\"dateModified\":\"2025-07-08T05:24:29+02:00\",\"mainEntity\":{\"@id\":\"https:\\\/\\\/costablanca-magazin.com\\\/nb\\\/lokales\\\/infos\\\/la-nucia-sammelt-lebensmittel-im-mai-2025-fuer-beduerftige\\\/#article\"}},{\"@type\":\"WebSite\",\"@id\":\"https:\\\/\\\/costablanca-magazin.com\\\/nb\\\/#website\",\"url\":\"https:\\\/\\\/costablanca-magazin.com\\\/nb\\\/\",\"name\":\"Costa Blanca Magazin\",\"description\":\"Costa Blanca - alles um das Leben und die Freizeit an der K\\u00fcste\",\"inLanguage\":\"nb-NO\",\"publisher\":{\"@id\":\"https:\\\/\\\/costablanca-magazin.com\\\/nb\\\/#organization\"},\"potentialAction\":{\"@type\":\"SearchAction\",\"target\":\"https:\\\/\\\/costablanca-magazin.com\\\/nb\\\/?s={search_term_string}\",\"query-input\":\"required name=search_term_string\"}},{\"@type\":[\"Organization\",\"NewsMediaOrganization\"],\"@id\":\"https:\\\/\\\/costablanca-magazin.com\\\/nb\\\/#organization\",\"name\":\"Costa Blanca Magazin\",\"description\":\"Costa Blanca Magazin\",\"url\":\"https:\\\/\\\/costablanca-magazin.com\\\/nb\\\/\",\"email\":\"info@costablanca-magazin.com\",\"telephone\":\"+34 663 946 871\",\"logo\":{\"@type\":\"ImageObject\",\"url\":\"https:\\\/\\\/costablanca-magazin.com\\\/wp-content\\\/uploads\\\/2024\\\/05\\\/logo.jpg\",\"@id\":\"https:\\\/\\\/costablanca-magazin.com\\\/nb\\\/lokales\\\/infos\\\/la-nucia-sammelt-lebensmittel-im-mai-2025-fuer-beduerftige\\\/#organizationLogo\",\"width\":1605,\"height\":236,\"caption\":\"Costa Blanca Magazin\"},\"image\":{\"@id\":\"https:\\\/\\\/costablanca-magazin.com\\\/nb\\\/lokales\\\/infos\\\/la-nucia-sammelt-lebensmittel-im-mai-2025-fuer-beduerftige\\\/#organizationLogo\"},\"sameAs\":[\"https:\\\/\\\/www.facebook.com\\\/costablancalifestyle\\\/\",\"https:\\\/\\\/www.instagram.com\\\/costablancamagazin\\\/\"]}]}\n\t\t<\/script>\n\t\t<!-- All in One SEO Pro -->\r\n\t\t<title>La Nuc\u00eda sammelt Lebensmittel im Mai 2025 f\u00fcr\u2026<\/title>\n\n","aioseo_head_json":{"title":"La Nuc\u00eda samler inn mat i mai 2025 til...","description":"Fra 23. til 25. mai 2025 vil supermarkeder i La Nuc\u00eda bli innsamlingssteder for mat som ikke er lett bedervelig - en kampanje som er en del av...","canonical_url":"https:\/\/costablanca-magazin.com\/nb\/lokales\/infos\/la-nucia-sammelt-lebensmittel-im-mai-2025-fuer-beduerftige\/","robots":"max-snippet:-1, max-image-preview:large, max-video-preview:-1","keywords":"","webmasterTools":{"miscellaneous":""},"schema":{"@context":"https:\/\/schema.org","@graph":[{"@type":"BreadcrumbList","@id":"https:\/\/costablanca-magazin.com\/nb\/lokales\/infos\/la-nucia-sammelt-lebensmittel-im-mai-2025-fuer-beduerftige\/#breadcrumblist","itemListElement":[{"@type":"ListItem","@id":"https:\/\/costablanca-magazin.com\/nb#listItem","position":1,"name":"Home","item":"https:\/\/costablanca-magazin.com\/nb","nextItem":{"@type":"ListItem","@id":"https:\/\/costablanca-magazin.com\/nb\/lokalt\/#listItem","name":"Lokales"}},{"@type":"ListItem","@id":"https:\/\/costablanca-magazin.com\/nb\/lokalt\/#listItem","position":2,"name":"Lokales","item":"https:\/\/costablanca-magazin.com\/nb\/lokalt\/","nextItem":{"@type":"ListItem","@id":"https:\/\/costablanca-magazin.com\/nb\/informasjon\/#listItem","name":"Infos"},"previousItem":{"@type":"ListItem","@id":"https:\/\/costablanca-magazin.com\/nb#listItem","name":"Home"}},{"@type":"ListItem","@id":"https:\/\/costablanca-magazin.com\/nb\/informasjon\/#listItem","position":3,"name":"Infos","item":"https:\/\/costablanca-magazin.com\/nb\/informasjon\/","nextItem":{"@type":"ListItem","@id":"https:\/\/costablanca-magazin.com\/nb\/lokales\/infos\/la-nucia-sammelt-lebensmittel-im-mai-2025-fuer-beduerftige\/#listItem","name":"La Nuc\u00eda sammelt Lebensmittel im Mai 2025 f\u00fcr Bed\u00fcrftige"},"previousItem":{"@type":"ListItem","@id":"https:\/\/costablanca-magazin.com\/nb\/lokalt\/#listItem","name":"Lokales"}},{"@type":"ListItem","@id":"https:\/\/costablanca-magazin.com\/nb\/lokales\/infos\/la-nucia-sammelt-lebensmittel-im-mai-2025-fuer-beduerftige\/#listItem","position":4,"name":"La Nuc\u00eda sammelt Lebensmittel im Mai 2025 f\u00fcr Bed\u00fcrftige","previousItem":{"@type":"ListItem","@id":"https:\/\/costablanca-magazin.com\/nb\/informasjon\/#listItem","name":"Infos"}}]},{"@type":"NewsArticle","@id":"https:\/\/costablanca-magazin.com\/nb\/lokales\/infos\/la-nucia-sammelt-lebensmittel-im-mai-2025-fuer-beduerftige\/#article","name":"La Nuc\u00eda sammelt Lebensmittel im Mai 2025 f\u00fcr Bed\u00fcrftige","headline":"La Nuc\u00eda sammelt Lebensmittel im Mai 2025 f\u00fcr Bed\u00fcrftige","author":{"@id":"https:\/\/costablanca-magazin.com\/nb\/author\/costablanca-magazin-redaktion\/#author"},"publisher":{"@id":"https:\/\/costablanca-magazin.com\/nb\/#organization"},"image":{"@type":"ImageObject","url":"https:\/\/costablanca-magazin.com\/wp-content\/uploads\/2025\/05\/La-Nucia-BSocial-Recogida-Primavera-1-2025-scaled.jpg","width":2560,"height":1920,"caption":"La Nuc\u00eda sammelt Lebensmittel im Mai 2025 f\u00fcr Bed\u00fcrftige"},"datePublished":"2025-05-21T14:32:31+02:00","dateModified":"2025-07-08T05:24:29+02:00","inLanguage":"nb-NO","mainEntityOfPage":{"@id":"https:\/\/costablanca-magazin.com\/nb\/lokales\/infos\/la-nucia-sammelt-lebensmittel-im-mai-2025-fuer-beduerftige\/#webpage"},"isPartOf":{"@id":"https:\/\/costablanca-magazin.com\/nb\/lokales\/infos\/la-nucia-sammelt-lebensmittel-im-mai-2025-fuer-beduerftige\/#webpage"},"articleSection":"Infos"},{"@type":"Person","@id":"https:\/\/costablanca-magazin.com\/nb\/author\/costablanca-magazin-redaktion\/#author","url":"https:\/\/costablanca-magazin.com\/nb\/author\/costablanca-magazin-redaktion\/","name":"Costablanca Magazin Redaktion"},{"@type":"WebPage","@id":"https:\/\/costablanca-magazin.com\/nb\/lokales\/infos\/la-nucia-sammelt-lebensmittel-im-mai-2025-fuer-beduerftige\/#webpage","url":"https:\/\/costablanca-magazin.com\/nb\/lokales\/infos\/la-nucia-sammelt-lebensmittel-im-mai-2025-fuer-beduerftige\/","name":"La Nuc\u00eda sammelt Lebensmittel im Mai 2025 f\u00fcr\u2026","description":"Vom 23. bis 25. Mai 2025 werden Superm\u00e4rkte in La Nuc\u00eda zu Sammelstellen f\u00fcr haltbare Lebensmittel \u2013 eine Aktion im Rahmen der\u2026","inLanguage":"nb-NO","isPartOf":{"@id":"https:\/\/costablanca-magazin.com\/nb\/#website"},"breadcrumb":{"@id":"https:\/\/costablanca-magazin.com\/nb\/lokales\/infos\/la-nucia-sammelt-lebensmittel-im-mai-2025-fuer-beduerftige\/#breadcrumblist"},"author":{"@id":"https:\/\/costablanca-magazin.com\/nb\/author\/costablanca-magazin-redaktion\/#author"},"creator":{"@id":"https:\/\/costablanca-magazin.com\/nb\/author\/costablanca-magazin-redaktion\/#author"},"image":{"@type":"ImageObject","url":"https:\/\/costablanca-magazin.com\/wp-content\/uploads\/2025\/05\/La-Nucia-BSocial-Recogida-Primavera-1-2025-scaled.jpg","@id":"https:\/\/costablanca-magazin.com\/nb\/lokales\/infos\/la-nucia-sammelt-lebensmittel-im-mai-2025-fuer-beduerftige\/#mainImage","width":2560,"height":1920,"caption":"La Nuc\u00eda sammelt Lebensmittel im Mai 2025 f\u00fcr Bed\u00fcrftige"},"primaryImageOfPage":{"@id":"https:\/\/costablanca-magazin.com\/nb\/lokales\/infos\/la-nucia-sammelt-lebensmittel-im-mai-2025-fuer-beduerftige\/#mainImage"},"datePublished":"2025-05-21T14:32:31+02:00","dateModified":"2025-07-08T05:24:29+02:00","mainEntity":{"@id":"https:\/\/costablanca-magazin.com\/nb\/lokales\/infos\/la-nucia-sammelt-lebensmittel-im-mai-2025-fuer-beduerftige\/#article"}},{"@type":"WebSite","@id":"https:\/\/costablanca-magazin.com\/nb\/#website","url":"https:\/\/costablanca-magazin.com\/nb\/","name":"Costa Blanca Magazin","description":"Costa Blanca - alles um das Leben und die Freizeit an der K\u00fcste","inLanguage":"nb-NO","publisher":{"@id":"https:\/\/costablanca-magazin.com\/nb\/#organization"},"potentialAction":{"@type":"SearchAction","target":"https:\/\/costablanca-magazin.com\/nb\/?s={search_term_string}","query-input":"required name=search_term_string"}},{"@type":["Organization","NewsMediaOrganization"],"@id":"https:\/\/costablanca-magazin.com\/nb\/#organization","name":"Costa Blanca Magazin","description":"Costa Blanca Magazin","url":"https:\/\/costablanca-magazin.com\/nb\/","email":"info@costablanca-magazin.com","telephone":"+34 663 946 871","logo":{"@type":"ImageObject","url":"https:\/\/costablanca-magazin.com\/wp-content\/uploads\/2024\/05\/logo.jpg","@id":"https:\/\/costablanca-magazin.com\/nb\/lokales\/infos\/la-nucia-sammelt-lebensmittel-im-mai-2025-fuer-beduerftige\/#organizationLogo","width":1605,"height":236,"caption":"Costa Blanca Magazin"},"image":{"@id":"https:\/\/costablanca-magazin.com\/nb\/lokales\/infos\/la-nucia-sammelt-lebensmittel-im-mai-2025-fuer-beduerftige\/#organizationLogo"},"sameAs":["https:\/\/www.facebook.com\/costablancalifestyle\/","https:\/\/www.instagram.com\/costablancamagazin\/"]}]},"og:locale":"nb_NO","og:site_name":"Costa Blanca Magazin","og:type":"article","og:title":"La Nuc\u00eda sammelt Lebensmittel im Mai 2025 f\u00fcr\u2026","og:description":"Vom 23. bis 25. Mai 2025 werden Superm\u00e4rkte in La Nuc\u00eda zu Sammelstellen f\u00fcr haltbare Lebensmittel \u2013 eine Aktion im Rahmen der\u2026","og:url":"https:\/\/costablanca-magazin.com\/nb\/lokales\/infos\/la-nucia-sammelt-lebensmittel-im-mai-2025-fuer-beduerftige\/","og:image":"https:\/\/costablanca-magazin.com\/wp-content\/uploads\/2025\/05\/La-Nucia-BSocial-Recogida-Primavera-1-2025-scaled.jpg","og:image:secure_url":"https:\/\/costablanca-magazin.com\/wp-content\/uploads\/2025\/05\/La-Nucia-BSocial-Recogida-Primavera-1-2025-scaled.jpg","og:image:width":2560,"og:image:height":1920,"article:published_time":"2025-05-21T12:32:31+00:00","article:modified_time":"2025-07-08T03:24:29+00:00","article:publisher":"https:\/\/www.facebook.com\/costablancalifestyle\/","twitter:card":"summary_large_image","twitter:title":"La Nuc\u00eda sammelt Lebensmittel im Mai 2025 f\u00fcr\u2026","twitter:description":"Vom 23. bis 25. Mai 2025 werden Superm\u00e4rkte in La Nuc\u00eda zu Sammelstellen f\u00fcr haltbare Lebensmittel \u2013 eine Aktion im Rahmen der\u2026","twitter:image":"https:\/\/costablanca-magazin.com\/wp-content\/uploads\/2025\/05\/La-Nucia-BSocial-Recogida-Primavera-1-2025-scaled.jpg"},"aioseo_meta_data":{"post_id":"7020","title":"La Nuc\u00eda samler inn mat i mai 2025 til...","description":"Fra 23. til 25. mai 2025 vil supermarkeder i La Nuc\u00eda bli innsamlingssteder for mat som ikke er lett bedervelig - en kampanje som er en del av...","keywords":null,"keyphrases":{"focus":[],"additional":[]},"primary_term":null,"canonical_url":null,"og_title":null,"og_description":null,"og_object_type":"default","og_image_type":"default","og_image_url":null,"og_image_width":null,"og_image_height":null,"og_image_custom_url":null,"og_image_custom_fields":null,"og_video":"","og_custom_url":null,"og_article_section":null,"og_article_tags":null,"twitter_use_og":false,"twitter_card":"default","twitter_image_type":"default","twitter_image_url":null,"twitter_image_custom_url":null,"twitter_image_custom_fields":null,"twitter_title":null,"twitter_description":null,"schema":{"blockGraphs":[],"customGraphs":[],"default":{"data":{"Article":[],"Course":[],"Dataset":[],"FAQPage":[],"Movie":[],"Person":[],"Product":[],"ProductReview":[],"Car":[],"Recipe":[],"Service":[],"SoftwareApplication":[],"WebPage":[]},"graphName":"BlogPosting","isEnabled":true},"graphs":[]},"schema_type":"default","schema_type_options":null,"pillar_content":false,"robots_default":true,"robots_noindex":false,"robots_noarchive":false,"robots_nosnippet":false,"robots_nofollow":false,"robots_noimageindex":false,"robots_noodp":false,"robots_notranslate":false,"robots_max_snippet":"-1","robots_max_videopreview":"-1","robots_max_imagepreview":"large","priority":null,"frequency":"default","local_seo":null,"seo_analyzer_scan_date":"2026-07-18 14:00:13","breadcrumb_settings":null,"limit_modified_date":false,"reviewed_by":null,"open_ai":null,"ai":null,"created":"2025-05-21 12:31:49","updated":"2026-08-10 07:29:58","focus_keyword":null,"additional_keywords":null,"truseo_locale":null},"aioseo_breadcrumb":"<div class=\"aioseo-breadcrumbs\"><span class=\"aioseo-breadcrumb\">\n\t<a href=\"https:\/\/costablanca-magazin.com\/nb\" title=\"Home\">Home<\/a>\n<\/span><span class=\"aioseo-breadcrumb-separator\">&raquo;<\/span><span class=\"aioseo-breadcrumb\">\n\t<a href=\"https:\/\/costablanca-magazin.com\/nb\/lokalt\/\" title=\"Lokales\">Lokales<\/a>\n<\/span><span class=\"aioseo-breadcrumb-separator\">&raquo;<\/span><span class=\"aioseo-breadcrumb\">\n\t<a href=\"https:\/\/costablanca-magazin.com\/nb\/informasjon\/\" title=\"Infos\">Infos<\/a>\n<\/span><span class=\"aioseo-breadcrumb-separator\">&raquo;<\/span><span class=\"aioseo-breadcrumb\">\n\tLa Nuc\u00eda sammelt Lebensmittel im Mai 2025 f\u00fcr Bed\u00fcrftige\n<\/span><\/div>","aioseo_breadcrumb_json":[{"label":"Home","link":"https:\/\/costablanca-magazin.com\/nb"},{"label":"Lokales","link":"https:\/\/costablanca-magazin.com\/nb\/lokalt\/"},{"label":"Infos","link":"https:\/\/costablanca-magazin.com\/nb\/informasjon\/"},{"label":"La Nuc\u00eda sammelt Lebensmittel im Mai 2025 f\u00fcr Bed\u00fcrftige","link":"https:\/\/costablanca-magazin.com\/nb\/lokales\/infos\/la-nucia-sammelt-lebensmittel-im-mai-2025-fuer-beduerftige\/"}],"_links":{"self":[{"href":"https:\/\/costablanca-magazin.com\/nb\/wp-json\/wp\/v2\/posts\/7020","targetHints":{"allow":["GET"]}}],"collection":[{"href":"https:\/\/costablanca-magazin.com\/nb\/wp-json\/wp\/v2\/posts"}],"about":[{"href":"https:\/\/costablanca-magazin.com\/nb\/wp-json\/wp\/v2\/types\/post"}],"author":[{"embeddable":true,"href":"https:\/\/costablanca-magazin.com\/nb\/wp-json\/wp\/v2\/users\/4"}],"replies":[{"embeddable":true,"href":"https:\/\/costablanca-magazin.com\/nb\/wp-json\/wp\/v2\/comments?post=7020"}],"version-history":[{"count":10,"href":"https:\/\/costablanca-magazin.com\/nb\/wp-json\/wp\/v2\/posts\/7020\/revisions"}],"predecessor-version":[{"id":7031,"href":"https:\/\/costablanca-magazin.com\/nb\/wp-json\/wp\/v2\/posts\/7020\/revisions\/7031"}],"wp:featuredmedia":[{"embeddable":true,"href":"https:\/\/costablanca-magazin.com\/nb\/wp-json\/wp\/v2\/media\/7021"}],"wp:attachment":[{"href":"https:\/\/costablanca-magazin.com\/nb\/wp-json\/wp\/v2\/media?parent=7020"}],"wp:term":[{"taxonomy":"category","embeddable":true,"href":"https:\/\/costablanca-magazin.com\/nb\/wp-json\/wp\/v2\/categories?post=7020"},{"taxonomy":"post_tag","embeddable":true,"href":"https:\/\/costablanca-magazin.com\/nb\/wp-json\/wp\/v2\/tags?post=7020"}],"curies":[{"name":"wp","href":"https:\/\/api.w.org\/{rel}","templated":true}]}}