{"id":6906,"date":"2025-05-19T09:00:00","date_gmt":"2025-05-19T07:00:00","guid":{"rendered":"https:\/\/costablanca-magazin.com\/?p=6906"},"modified":"2026-03-18T08:07:12","modified_gmt":"2026-03-18T07:07:12","slug":"baerekraft-hos-mueller-mer-enn-et-lofte","status":"publish","type":"post","link":"https:\/\/costablanca-magazin.com\/nb\/lokales\/infos\/nachhaltigkeit-bei-mueller-mehr-als-ein-versprechen\/","title":{"rendered":"B\u00e6rekraft hos M\u00fcller - mer enn bare et l\u00f8fte"},"content":{"rendered":"<div data-elementor-type=\"wp-post\" data-elementor-id=\"6906\" class=\"elementor elementor-6906\" data-elementor-post-type=\"post\">\n\t\t\t\t<div class=\"elementor-element elementor-element-2236557 e-flex e-con-boxed e-con e-parent\" data-id=\"2236557\" data-element_type=\"container\" data-e-type=\"container\">\n\t\t\t\t\t<div class=\"e-con-inner\">\n\t\t\t\t<div class=\"elementor-element elementor-element-fcbd008 elementor-widget elementor-widget-heading\" data-id=\"fcbd008\" data-element_type=\"widget\" data-e-type=\"widget\" data-widget_type=\"heading.default\">\n\t\t\t\t<div class=\"elementor-widget-container\">\n\t\t\t\t\t<h1 class=\"elementor-heading-title elementor-size-default\">B\u00e6rekraft hos M\u00fcller:\nMer enn et l\u00f8fte - et system<\/h1>\t\t\t\t<\/div>\n\t\t\t\t<\/div>\n\t\t\t\t<div class=\"elementor-element elementor-element-2198632 elementor-widget elementor-widget-image\" data-id=\"2198632\" data-element_type=\"widget\" data-e-type=\"widget\" data-widget_type=\"image.default\">\n\t\t\t\t<div class=\"elementor-widget-container\">\n\t\t\t\t\t\t\t\t\t\t\t\t\t\t\t<img decoding=\"async\" src=\"https:\/\/costablanca-magazin.com\/wp-content\/uploads\/elementor\/thumbs\/biene-an-baum-575x320-90335-0-rjc5pg15jykxpq7lriub5znvgatpfo5syfx919wy38.jpg\" title=\"B\u00e6rekraft hos M\u00fcller: Mer enn et l\u00f8fte - et system\" alt=\"B\u00e6rekraft hos M\u00fcller: Mer enn et l\u00f8fte - et system\" loading=\"lazy\" \/>\t\t\t\t\t\t\t\t\t\t\t\t\t\t\t<\/div>\n\t\t\t\t<\/div>\n\t\t\t\t<div class=\"elementor-element elementor-element-3ca8a5f elementor-widget elementor-widget-heading\" data-id=\"3ca8a5f\" data-element_type=\"widget\" data-e-type=\"widget\" data-widget_type=\"heading.default\">\n\t\t\t\t<div class=\"elementor-widget-container\">\n\t\t\t\t\t<h2 class=\"elementor-heading-title elementor-size-default\">Fra bieprosjekter p\u00e5 Mallorca til milj\u00f8vennlige alternativer i produktsortimentet:\nSlik tar M\u00fcller konkret ansvar for milj\u00f8, ressurser og fremtidige generasjoner.<\/h2>\t\t\t\t<\/div>\n\t\t\t\t<\/div>\n\t\t\t\t\t<\/div>\n\t\t\t\t<\/div>\n\t\t<div class=\"elementor-element elementor-element-6f451ca e-flex e-con-boxed e-con e-parent\" data-id=\"6f451ca\" data-element_type=\"container\" data-e-type=\"container\">\n\t\t\t\t\t<div class=\"e-con-inner\">\n\t\t<div class=\"elementor-element elementor-element-3ccb5b1 e-con-full e-flex e-con e-child\" data-id=\"3ccb5b1\" data-element_type=\"container\" data-e-type=\"container\">\n\t\t\t\t<div class=\"elementor-element elementor-element-aa2dd4d elementor-widget elementor-widget-text-editor\" data-id=\"aa2dd4d\" data-element_type=\"widget\" data-e-type=\"widget\" data-widget_type=\"text-editor.default\">\n\t\t\t\t<div class=\"elementor-widget-container\">\n\t\t\t\t\t\t\t\t\t<p>B\u00e6rekraft er et moteord for mange selskaper - hos M\u00fcller er det levd praksis. Detaljhandelsselskapet satser p\u00e5 et omfattende konsept som g\u00e5r langt utover enkelttiltak. Med prosjekter for artsbevaring, rene strender og resirkuleringsbaserte produktsykluser f\u00f8lger M\u00fcller en tydelig kurs: aktiv, transparent og langsiktig. <br \/>Engasjementet spenner fra regionale initiativer, som bikubene p\u00e5 Mallorca, til internasjonale partnerskap for \u00e5 beskytte verdenshavene og milj\u00f8vennlige alternativer i butikkhyllene.<\/p><p><strong>Hvilke tiltak iverksetter M\u00fcller for \u00e5 v\u00e6re b\u00e6rekraftig?<\/strong><br \/>Hos M\u00fcller ser vi p\u00e5 b\u00e6rekraft som et felles og strategisk ansvar. Derfor utvikler vi konkrete tiltak for \u00e5 redusere milj\u00f8p\u00e5virkningen fra aktivitetene v\u00e5re. <br \/>Initiativene v\u00e5re spenner fra samarbeid med milj\u00f8organisasjoner til innf\u00f8ring av egne resirkuleringssystemer.<\/p><p><strong>Kan du gi et eksempel p\u00e5 et slikt samarbeid?<\/strong><br \/>Et av v\u00e5re mest representative prosjekter er samarbeidet med beefuture. Som en del av dette samarbeidet har M\u00fcller installert 20 bikuber p\u00e5 en tomt i Art\u00e0 (Mallorca), noe som har bidratt til \u00e5 kolonisere mer enn \u00e9n million bier. Dette er en bekreftelse p\u00e5 v\u00e5rt engasjement for biologisk mangfold og balansen i lokale \u00f8kosystemer.<\/p><p><strong>Hvorfor er det viktig \u00e5 beskytte biene?<\/strong><br \/>Biene spiller en avgj\u00f8rende rolle for pollinering og bevaring av det biologiske mangfoldet. At de gradvis forsvinner - den spanske biebestanden er mer enn halvert siden 1950 - utgj\u00f8r en direkte trussel mot den \u00f8kologiske balansen. Med denne typen initiativ styrker M\u00fcller sitt aktive engasjement for milj\u00f8vern p\u00e5 et lokalt og b\u00e6rekraftig niv\u00e5.<\/p>\t\t\t\t\t\t\t\t<\/div>\n\t\t\t\t<\/div>\n\t\t\t\t<\/div>\n\t\t<div class=\"elementor-element elementor-element-8346565 e-con-full e-flex e-con e-child\" data-id=\"8346565\" data-element_type=\"container\" data-e-type=\"container\">\n\t\t\t\t<div class=\"elementor-element elementor-element-9ee2bf7 elementor-widget elementor-widget-gallery\" data-id=\"9ee2bf7\" data-element_type=\"widget\" data-e-type=\"widget\" data-settings=\"{&quot;columns&quot;:1,&quot;aspect_ratio&quot;:&quot;9:16&quot;,&quot;lazyload&quot;:&quot;yes&quot;,&quot;gallery_layout&quot;:&quot;grid&quot;,&quot;columns_tablet&quot;:2,&quot;columns_mobile&quot;:1,&quot;gap&quot;:{&quot;unit&quot;:&quot;px&quot;,&quot;size&quot;:10,&quot;sizes&quot;:[]},&quot;gap_tablet&quot;:{&quot;unit&quot;:&quot;px&quot;,&quot;size&quot;:10,&quot;sizes&quot;:[]},&quot;gap_mobile&quot;:{&quot;unit&quot;:&quot;px&quot;,&quot;size&quot;:10,&quot;sizes&quot;:[]},&quot;link_to&quot;:&quot;file&quot;,&quot;overlay_background&quot;:&quot;yes&quot;,&quot;content_hover_animation&quot;:&quot;fade-in&quot;}\" data-widget_type=\"gallery.default\">\n\t\t\t\t<div class=\"elementor-widget-container\">\n\t\t\t\t\t\t\t<div class=\"elementor-gallery__container\">\n\t\t\t\t\t\t\t<a class=\"e-gallery-item elementor-gallery-item elementor-animated-content\" href=\"https:\/\/costablanca-magazin.com\/wp-content\/uploads\/2025\/05\/MBRC-MUeLLER.jpg\" data-elementor-open-lightbox=\"yes\" data-elementor-lightbox-slideshow=\"9ee2bf7\" data-elementor-lightbox-title=\"Nachhaltigkeit bei M\u00fcller:  Mehr als ein Versprechen \u2013 ein System\" data-elementor-lightbox-description=\"Nachhaltigkeit bei M\u00fcller: Mehr als ein Versprechen \u2013 ein System\" data-e-action-hash=\"#elementor-action%3Aaction%3Dlightbox%26settings%3DeyJpZCI6NjkxMCwidXJsIjoiaHR0cHM6XC9cL2Nvc3RhYmxhbmNhLW1hZ2F6aW4uY29tXC93cC1jb250ZW50XC91cGxvYWRzXC8yMDI1XC8wNVwvTUJSQy1NVWVMTEVSLmpwZyIsInNsaWRlc2hvdyI6IjllZTJiZjcifQ%3D%3D\">\n\t\t\t\t\t<div class=\"e-gallery-image elementor-gallery-item__image\" data-thumbnail=\"https:\/\/costablanca-magazin.com\/wp-content\/uploads\/2025\/05\/MBRC-MUeLLER.jpg\" data-width=\"1200\" data-height=\"900\" aria-label=\"B\u00e6rekraft hos M\u00fcller: Mer enn et l\u00f8fte \u2013 et system 2\" role=\"img\" ><\/div>\n\t\t\t\t\t\t\t\t\t\t\t<div class=\"elementor-gallery-item__overlay\"><\/div>\n\t\t\t\t\t\t\t\t\t\t\t\t\t\t<\/a>\n\t\t\t\t\t<\/div>\n\t\t\t\t\t<\/div>\n\t\t\t\t<\/div>\n\t\t\t\t<\/div>\n\t\t<div class=\"elementor-element elementor-element-b736201 e-con-full e-flex e-con e-child\" data-id=\"b736201\" data-element_type=\"container\" data-e-type=\"container\">\n\t\t\t\t<div class=\"elementor-element elementor-element-9872062 elementor-widget elementor-widget-gallery\" data-id=\"9872062\" data-element_type=\"widget\" data-e-type=\"widget\" data-settings=\"{&quot;columns&quot;:1,&quot;aspect_ratio&quot;:&quot;9:16&quot;,&quot;lazyload&quot;:&quot;yes&quot;,&quot;gallery_layout&quot;:&quot;grid&quot;,&quot;columns_tablet&quot;:2,&quot;columns_mobile&quot;:1,&quot;gap&quot;:{&quot;unit&quot;:&quot;px&quot;,&quot;size&quot;:10,&quot;sizes&quot;:[]},&quot;gap_tablet&quot;:{&quot;unit&quot;:&quot;px&quot;,&quot;size&quot;:10,&quot;sizes&quot;:[]},&quot;gap_mobile&quot;:{&quot;unit&quot;:&quot;px&quot;,&quot;size&quot;:10,&quot;sizes&quot;:[]},&quot;link_to&quot;:&quot;file&quot;,&quot;overlay_background&quot;:&quot;yes&quot;,&quot;content_hover_animation&quot;:&quot;fade-in&quot;}\" data-widget_type=\"gallery.default\">\n\t\t\t\t<div class=\"elementor-widget-container\">\n\t\t\t\t\t\t\t<div class=\"elementor-gallery__container\">\n\t\t\t\t\t\t\t<a class=\"e-gallery-item elementor-gallery-item elementor-animated-content\" href=\"https:\/\/costablanca-magazin.com\/wp-content\/uploads\/2025\/05\/MBRC-BEEFUTURE.jpg\" data-elementor-open-lightbox=\"yes\" data-elementor-lightbox-slideshow=\"9872062\" data-elementor-lightbox-title=\"Nachhaltigkeit bei M\u00fcller:  Mehr als ein Versprechen \u2013 ein System\" data-elementor-lightbox-description=\"Nachhaltigkeit bei M\u00fcller: Mehr als ein Versprechen \u2013 ein System\" data-e-action-hash=\"#elementor-action%3Aaction%3Dlightbox%26settings%3DeyJpZCI6NjkwOSwidXJsIjoiaHR0cHM6XC9cL2Nvc3RhYmxhbmNhLW1hZ2F6aW4uY29tXC93cC1jb250ZW50XC91cGxvYWRzXC8yMDI1XC8wNVwvTUJSQy1CRUVGVVRVUkUuanBnIiwic2xpZGVzaG93IjoiOTg3MjA2MiJ9\">\n\t\t\t\t\t<div class=\"e-gallery-image elementor-gallery-item__image\" data-thumbnail=\"https:\/\/costablanca-magazin.com\/wp-content\/uploads\/2025\/05\/MBRC-BEEFUTURE.jpg\" data-width=\"1200\" data-height=\"900\" aria-label=\"B\u00e6rekraft hos M\u00fcller: Mer enn et l\u00f8fte \u2013 et system 1\" role=\"img\" ><\/div>\n\t\t\t\t\t\t\t\t\t\t\t<div class=\"elementor-gallery-item__overlay\"><\/div>\n\t\t\t\t\t\t\t\t\t\t\t\t\t\t<\/a>\n\t\t\t\t\t<\/div>\n\t\t\t\t\t<\/div>\n\t\t\t\t<\/div>\n\t\t\t\t<\/div>\n\t\t<div class=\"elementor-element elementor-element-e524fa6 e-con-full e-flex e-con e-child\" data-id=\"e524fa6\" data-element_type=\"container\" data-e-type=\"container\">\n\t\t\t\t<div class=\"elementor-element elementor-element-bbb2ea0 elementor-widget elementor-widget-text-editor\" data-id=\"bbb2ea0\" data-element_type=\"widget\" data-e-type=\"widget\" data-widget_type=\"text-editor.default\">\n\t\t\t\t<div class=\"elementor-widget-container\">\n\t\t\t\t\t\t\t\t\t<p><strong>Hvilke tiltak har blitt iverksatt for \u00e5 beskytte havene?<\/strong><br \/>Siden 2022 har vi engasjert oss aktivt for \u00e5 beskytte havene sammen med MBRC the Ocean. I tett samarbeid har vi organisert to store oppryddingsaksjoner som en del av \u201eAfrikas st\u00f8rste opprydding\u201c. Vi har ogs\u00e5 opprettet ryddehubber p\u00e5 Mallorca, i Kroatia og p\u00e5 Malta for \u00e5 fjerne s\u00f8ppel fra strendene i salgsregionene v\u00e5re p\u00e5 lang sikt. Vi har ogs\u00e5 opprettet ryddehubber p\u00e5 Mallorca og i Kroatia for \u00e5 fjerne s\u00f8ppel fra strendene i salgsregionene v\u00e5re p\u00e5 lang sikt. Takket v\u00e6re v\u00e5rt engasjement har vi allerede fjernet over 100 000 kilo s\u00f8ppel fra strendene.<\/p><p><strong>M\u00fcller utvikler seg ved siden av <\/strong><strong>eksterne samarbeidspartnere <\/strong><strong>ogs\u00e5 interne tiltak?<\/strong><br \/>Naturligvis. Vi bruker en sirkul\u00e6r \u00f8konomimodell som har en direkte innvirkning p\u00e5 driften v\u00e5r. All papp fra emballasjen resirkuleres og bearbeides delvis til produkter som toalettpapir og kj\u00f8kkenpapir, som selges under v\u00e5rt eget varemerke \u201eSoftstar\u201c. Dette systemet optimaliserer ressursene og minimerer avfallsmengden.<\/p><p><strong>Gjenspeiles b\u00e6rekraft ogs\u00e5 i produktutvalget?<\/strong><br \/>Uansett. V\u00e5rt utvalg av naturkosmetikk har vokst betydelig de siste \u00e5rene. I dag tilbyr vi 47 merker og rundt 4000 produkter, med fokus p\u00e5 naturlige ingredienser, hudkompatibilitet og ansvarlige produksjonsprosesser. Vi satser p\u00e5 etablerte merker som Weleda og innovative merker som Primavera, Dr. Hauschka og v\u00e5rt eget merke Terra Naturi.<\/p><p><strong>Hva er det endelige m\u00e5let <\/strong><strong>av disse initiativene?<\/strong><br \/>M\u00e5let v\u00e5rt er klart: Vi \u00f8nsker \u00e5 gj\u00f8re det mulig for kundene v\u00e5re \u00e5 forbruke mer bevisst og ansvarlig, uten at det g\u00e5r p\u00e5 bekostning av kvalitet eller variasjon. Hos M\u00fcller mener vi at b\u00e6rekraft ikke er en trend, men en langsiktig forpliktelse overfor milj\u00f8et og fremtidige generasjoner.<\/p><p>M\u00fcller viser: B\u00e6rekraft fungerer best n\u00e5r det ikke bare er noe man tenker p\u00e5, men n\u00e5r det implementeres konsekvent - steg for steg, i stor og liten skala.<\/p>\t\t\t\t\t\t\t\t<\/div>\n\t\t\t\t<\/div>\n\t\t\t\t<div class=\"elementor-element elementor-element-79f2828 elementor-widget elementor-widget-text-editor\" data-id=\"79f2828\" data-element_type=\"widget\" data-e-type=\"widget\" data-widget_type=\"text-editor.default\">\n\t\t\t\t<div class=\"elementor-widget-container\">\n\t\t\t\t\t\t\t\t\t<p>Mer om produktutvalget p\u00e5 <a href=\"https:\/\/www.m\u00fcller.es\" target=\"_blank\" rel=\"noopener\">www.m\u00fcller.es<\/a><\/p>\t\t\t\t\t\t\t\t<\/div>\n\t\t\t\t<\/div>\n\t\t\t\t<\/div>\n\t\t\t\t\t<\/div>\n\t\t\t\t<\/div>\n\t\t<div class=\"elementor-element elementor-element-d707906 e-flex e-con-boxed e-con e-parent\" data-id=\"d707906\" data-element_type=\"container\" data-e-type=\"container\">\n\t\t\t\t\t<div class=\"e-con-inner\">\n\t\t\t\t<div class=\"elementor-element elementor-element-8bb42d0 elementor-widget-divider--separator-type-pattern elementor-widget-divider--view-line elementor-widget elementor-widget-divider\" data-id=\"8bb42d0\" data-element_type=\"widget\" data-e-type=\"widget\" data-widget_type=\"divider.default\">\n\t\t\t\t<div class=\"elementor-widget-container\">\n\t\t\t\t\t\t\t<div class=\"elementor-divider\" style=\"--divider-pattern-url: url(&quot;data:image\/svg+xml,%3Csvg xmlns=&#039;http:\/\/www.w3.org\/2000\/svg&#039; preserveAspectRatio=&#039;none&#039; overflow=&#039;visible&#039; height=&#039;100%&#039; viewBox=&#039;0 0 24 24&#039; fill=&#039;none&#039; stroke=&#039;black&#039; stroke-width=&#039;1&#039; stroke-linecap=&#039;square&#039; stroke-miterlimit=&#039;10&#039;%3E%3Cpath d=&#039;M0,6c6,0,6,13,12,13S18,6,24,6&#039;\/%3E%3C\/svg%3E&quot;);\">\n\t\t\t<span class=\"elementor-divider-separator\">\n\t\t\t\t\t\t<\/span>\n\t\t<\/div>\n\t\t\t\t\t\t<\/div>\n\t\t\t\t<\/div>\n\t\t\t\t<div class=\"elementor-element elementor-element-676a29e elementor-grid-3 elementor-grid-tablet-2 elementor-grid-mobile-1 elementor-posts--thumbnail-top elementor-posts--show-avatar elementor-card-shadow-yes elementor-posts__hover-gradient elementor-widget elementor-widget-posts\" data-id=\"676a29e\" data-element_type=\"widget\" data-e-type=\"widget\" data-settings=\"{&quot;cards_columns&quot;:&quot;3&quot;,&quot;cards_columns_tablet&quot;:&quot;2&quot;,&quot;cards_columns_mobile&quot;:&quot;1&quot;,&quot;cards_row_gap&quot;:{&quot;unit&quot;:&quot;px&quot;,&quot;size&quot;:35,&quot;sizes&quot;:[]},&quot;cards_row_gap_tablet&quot;:{&quot;unit&quot;:&quot;px&quot;,&quot;size&quot;:&quot;&quot;,&quot;sizes&quot;:[]},&quot;cards_row_gap_mobile&quot;:{&quot;unit&quot;:&quot;px&quot;,&quot;size&quot;:&quot;&quot;,&quot;sizes&quot;:[]}}\" data-widget_type=\"posts.cards\">\n\t\t\t\t<div class=\"elementor-widget-container\">\n\t\t\t\t\t\t\t<div class=\"elementor-posts-container elementor-posts elementor-posts--skin-cards elementor-grid\" role=\"list\">\n\t\t\t\t<article class=\"elementor-post elementor-grid-item post-2603 post type-post status-publish format-standard has-post-thumbnail hentry category-business-service tag-costa-blanca-marina-alta tag-costa-blanca-marina-baixa tag-costa-blanca tag-drogeriemarkt-mueller-spanien tag-finestrat tag-marina-alta tag-marina-baixa tag-mueller-an-der-costa-blanca tag-mueller-filiale\" role=\"listitem\">\n\t\t\t<div class=\"elementor-post__card\">\n\t\t\t\t<a class=\"elementor-post__thumbnail__link\" href=\"https:\/\/costablanca-magazin.com\/nb\/lokales\/business-service\/mueller-markt-in-finestrat-ein-vielfaeltiges-einkaufserlebnis\/\" tabindex=\"-1\" ><div class=\"elementor-post__thumbnail\"><img fetchpriority=\"high\" decoding=\"async\" width=\"1536\" height=\"1152\" src=\"https:\/\/costablanca-magazin.com\/wp-content\/uploads\/2024\/10\/FotoMuellerCostaBlanca-1536x1152.jpg\" class=\"attachment-1536x1536 size-1536x1536 wp-image-2606\" alt=\"M\u00fcller Markt i Finestrat \u2013 Et mangfoldig shoppingopplevelse for hele familien\" srcset=\"https:\/\/costablanca-magazin.com\/wp-content\/uploads\/2024\/10\/FotoMuellerCostaBlanca-1536x1152.jpg 1536w, https:\/\/costablanca-magazin.com\/wp-content\/uploads\/2024\/10\/FotoMuellerCostaBlanca-300x225.jpg 300w, https:\/\/costablanca-magazin.com\/wp-content\/uploads\/2024\/10\/FotoMuellerCostaBlanca-1024x768.jpg 1024w, https:\/\/costablanca-magazin.com\/wp-content\/uploads\/2024\/10\/FotoMuellerCostaBlanca-768x576.jpg 768w, https:\/\/costablanca-magazin.com\/wp-content\/uploads\/2024\/10\/FotoMuellerCostaBlanca.jpg 2000w\" sizes=\"(max-width: 1536px) 100vw, 1536px\" \/><\/div><\/a>\n\t\t\t\t<div class=\"elementor-post__badge\">Forretning og service<\/div>\n\t\t\t\t<div class=\"elementor-post__avatar\">\n\t\t\t\t\t<\/div>\n\t\t\t\t<div class=\"elementor-post__text\">\n\t\t\t\t<h3 class=\"elementor-post__title\">\n\t\t\t<a href=\"https:\/\/costablanca-magazin.com\/nb\/lokales\/business-service\/mueller-markt-in-finestrat-ein-vielfaeltiges-einkaufserlebnis\/\" >\n\t\t\t\tM\u00fcller-butikken i Finestrat - en variert shoppingopplevelse\t\t\t<\/a>\n\t\t<\/h3>\n\t\t\t\t<\/div>\n\t\t\t\t\t<\/div>\n\t\t<\/article>\n\t\t\t\t<\/div>\n\t\t\n\t\t\t\t\t\t<\/div>\n\t\t\t\t<\/div>\n\t\t\t\t\t<\/div>\n\t\t\t\t<\/div>\n\t\t\t\t<\/div>","protected":false},"excerpt":{"rendered":"<p>Nachhaltigkeit bei M\u00fcller: Mehr als ein Versprechen \u2013 ein System Von Bienenprojekten auf Mallorca bis zu umweltfreundliche Alternativen im Sortiment:<\/p>","protected":false},"author":1,"featured_media":6908,"comment_status":"closed","ping_status":"closed","sticky":false,"template":"elementor_header_footer","format":"standard","meta":{"om_disable_all_campaigns":false,"_monsterinsights_skip_tracking":false,"_monsterinsights_sitenote_active":false,"_monsterinsights_sitenote_note":"","_monsterinsights_sitenote_category":0,"footnotes":""},"categories":[13],"tags":[857,859,903,856],"class_list":["post-6906","post","type-post","status-publish","format-standard","has-post-thumbnail","hentry","category-infos","tag-beefuture","tag-bienenprojekten","tag-drogeriemarkt-mueller","tag-mueller-costa-blanca"],"aioseo_notices":[],"_links":{"self":[{"href":"https:\/\/costablanca-magazin.com\/nb\/wp-json\/wp\/v2\/posts\/6906","targetHints":{"allow":["GET"]}}],"collection":[{"href":"https:\/\/costablanca-magazin.com\/nb\/wp-json\/wp\/v2\/posts"}],"about":[{"href":"https:\/\/costablanca-magazin.com\/nb\/wp-json\/wp\/v2\/types\/post"}],"author":[{"embeddable":true,"href":"https:\/\/costablanca-magazin.com\/nb\/wp-json\/wp\/v2\/users\/1"}],"replies":[{"embeddable":true,"href":"https:\/\/costablanca-magazin.com\/nb\/wp-json\/wp\/v2\/comments?post=6906"}],"version-history":[{"count":13,"href":"https:\/\/costablanca-magazin.com\/nb\/wp-json\/wp\/v2\/posts\/6906\/revisions"}],"predecessor-version":[{"id":11219,"href":"https:\/\/costablanca-magazin.com\/nb\/wp-json\/wp\/v2\/posts\/6906\/revisions\/11219"}],"wp:featuredmedia":[{"embeddable":true,"href":"https:\/\/costablanca-magazin.com\/nb\/wp-json\/wp\/v2\/media\/6908"}],"wp:attachment":[{"href":"https:\/\/costablanca-magazin.com\/nb\/wp-json\/wp\/v2\/media?parent=6906"}],"wp:term":[{"taxonomy":"category","embeddable":true,"href":"https:\/\/costablanca-magazin.com\/nb\/wp-json\/wp\/v2\/categories?post=6906"},{"taxonomy":"post_tag","embeddable":true,"href":"https:\/\/costablanca-magazin.com\/nb\/wp-json\/wp\/v2\/tags?post=6906"}],"curies":[{"name":"wp","href":"https:\/\/api.w.org\/{rel}","templated":true}]}}