{"id":6787,"date":"2025-05-17T09:00:00","date_gmt":"2025-05-17T07:00:00","guid":{"rendered":"https:\/\/costablanca-magazin.com\/?p=6787"},"modified":"2025-07-08T05:25:03","modified_gmt":"2025-07-08T03:25:03","slug":"skolestart-pa-costa-blanca-frister-fakta-skjemaer","status":"publish","type":"post","link":"https:\/\/costablanca-magazin.com\/nb\/residenten\/leben-in-spanien\/schulstart-an-der-costa-blanca-fristen-fakten-formulare\/","title":{"rendered":"Skolestart p\u00e5 Costa Blanca - frister, fakta og skjemaer"},"content":{"rendered":"<div data-elementor-type=\"wp-post\" data-elementor-id=\"6787\" class=\"elementor elementor-6787\" data-elementor-post-type=\"post\">\n\t\t\t\t<div class=\"elementor-element elementor-element-3c2b969 e-flex e-con-boxed e-con e-parent\" data-id=\"3c2b969\" data-element_type=\"container\" data-e-type=\"container\">\n\t\t\t\t\t<div class=\"e-con-inner\">\n\t\t\t\t<div class=\"elementor-element elementor-element-c9b8795 elementor-widget elementor-widget-heading\" data-id=\"c9b8795\" data-element_type=\"widget\" data-e-type=\"widget\" data-widget_type=\"heading.default\">\n\t\t\t\t<div class=\"elementor-widget-container\">\n\t\t\t\t\t<h1 class=\"elementor-heading-title elementor-size-default\">Skolestart p\u00e5 Costa Blanca\nFrister og fakta,\nSkjemaer<\/h1>\t\t\t\t<\/div>\n\t\t\t\t<\/div>\n\t\t\t\t<div class=\"elementor-element elementor-element-bccfbdc elementor-widget elementor-widget-image\" data-id=\"bccfbdc\" data-element_type=\"widget\" data-e-type=\"widget\" data-widget_type=\"image.default\">\n\t\t\t\t<div class=\"elementor-widget-container\">\n\t\t\t\t\t\t\t\t\t\t\t\t\t\t\t<img decoding=\"async\" src=\"https:\/\/costablanca-magazin.com\/wp-content\/uploads\/elementor\/thumbs\/group-of-smiling-young-multi-ethnic-school-kids-st-2024-10-19-12-02-45-utc-rjc5phwtxmnicy4vgjnkaz6sn2kfv2d9mp87ztu5qs.jpg\" title=\"Skolestart p\u00e5 Costa Blanca: frister, fakta, skjemaer\" alt=\"Skolestart p\u00e5 Costa Blanca: frister, fakta, skjemaer\" loading=\"lazy\" \/>\t\t\t\t\t\t\t\t\t\t\t\t\t\t\t<\/div>\n\t\t\t\t<\/div>\n\t\t\t\t<div class=\"elementor-element elementor-element-bcd637f elementor-widget elementor-widget-heading\" data-id=\"bcd637f\" data-element_type=\"widget\" data-e-type=\"widget\" data-widget_type=\"heading.default\">\n\t\t\t\t<div class=\"elementor-widget-container\">\n\t\t\t\t\t<h2 class=\"elementor-heading-title elementor-size-default\">Hva foreldre m\u00e5 tenke p\u00e5 n\u00e5r de\nm\u00e5 tenke p\u00e5 n\u00e5r de g\u00e5r inn i det spanske skolesystemet<\/h2>\t\t\t\t<\/div>\n\t\t\t\t<\/div>\n\t\t\t\t\t<\/div>\n\t\t\t\t<\/div>\n\t\t<div class=\"elementor-element elementor-element-c699401 e-flex e-con-boxed e-con e-parent\" data-id=\"c699401\" data-element_type=\"container\" data-e-type=\"container\">\n\t\t\t\t\t<div class=\"e-con-inner\">\n\t\t<div class=\"elementor-element elementor-element-0a59c07 e-con-full e-flex e-con e-child\" data-id=\"0a59c07\" data-element_type=\"container\" data-e-type=\"container\">\n\t\t\t\t<div class=\"elementor-element elementor-element-c6c9236 elementor-widget elementor-widget-gallery\" data-id=\"c6c9236\" data-element_type=\"widget\" data-e-type=\"widget\" data-settings=\"{&quot;columns&quot;:1,&quot;aspect_ratio&quot;:&quot;1:1&quot;,&quot;lazyload&quot;:&quot;yes&quot;,&quot;gallery_layout&quot;:&quot;grid&quot;,&quot;columns_tablet&quot;:2,&quot;columns_mobile&quot;:1,&quot;gap&quot;:{&quot;unit&quot;:&quot;px&quot;,&quot;size&quot;:10,&quot;sizes&quot;:[]},&quot;gap_tablet&quot;:{&quot;unit&quot;:&quot;px&quot;,&quot;size&quot;:10,&quot;sizes&quot;:[]},&quot;gap_mobile&quot;:{&quot;unit&quot;:&quot;px&quot;,&quot;size&quot;:10,&quot;sizes&quot;:[]},&quot;link_to&quot;:&quot;file&quot;,&quot;overlay_background&quot;:&quot;yes&quot;,&quot;content_hover_animation&quot;:&quot;fade-in&quot;}\" data-widget_type=\"gallery.default\">\n\t\t\t\t<div class=\"elementor-widget-container\">\n\t\t\t\t\t\t\t<div class=\"elementor-gallery__container\">\n\t\t\t\t\t\t\t<a class=\"e-gallery-item elementor-gallery-item elementor-animated-content\" href=\"https:\/\/costablanca-magazin.com\/wp-content\/uploads\/2025\/05\/high-school-students-walking-on-stairs-between-les-2024-10-21-18-00-18-utc.jpg\" data-elementor-open-lightbox=\"yes\" data-elementor-lightbox-slideshow=\"c6c9236\" data-elementor-lightbox-title=\"Schulstart an der Costa Blanca:  Fristen, Fakten,  Formulare\" data-elementor-lightbox-description=\"Schulstart an der Costa Blanca: Fristen, Fakten, Formulare\" data-e-action-hash=\"#elementor-action%3Aaction%3Dlightbox%26settings%3DeyJpZCI6Njc5NCwidXJsIjoiaHR0cHM6XC9cL2Nvc3RhYmxhbmNhLW1hZ2F6aW4uY29tXC93cC1jb250ZW50XC91cGxvYWRzXC8yMDI1XC8wNVwvaGlnaC1zY2hvb2wtc3R1ZGVudHMtd2Fsa2luZy1vbi1zdGFpcnMtYmV0d2Vlbi1sZXMtMjAyNC0xMC0yMS0xOC0wMC0xOC11dGMuanBnIiwic2xpZGVzaG93IjoiYzZjOTIzNiJ9\">\n\t\t\t\t\t<div class=\"e-gallery-image elementor-gallery-item__image\" data-thumbnail=\"https:\/\/costablanca-magazin.com\/wp-content\/uploads\/2025\/05\/high-school-students-walking-on-stairs-between-les-2024-10-21-18-00-18-utc.jpg\" data-width=\"800\" data-height=\"1200\" aria-label=\"Skoleoppstart p\u00e5 Costa Blanca: Frister, fakta, skjemaer 1\" role=\"img\" ><\/div>\n\t\t\t\t\t\t\t\t\t\t\t<div class=\"elementor-gallery-item__overlay\"><\/div>\n\t\t\t\t\t\t\t\t\t\t\t\t\t\t<\/a>\n\t\t\t\t\t<\/div>\n\t\t\t\t\t<\/div>\n\t\t\t\t<\/div>\n\t\t\t\t<\/div>\n\t\t<div class=\"elementor-element elementor-element-3681118 e-con-full e-flex e-con e-child\" data-id=\"3681118\" data-element_type=\"container\" data-e-type=\"container\">\n\t\t\t\t<div class=\"elementor-element elementor-element-74c3747 elementor-widget elementor-widget-text-editor\" data-id=\"74c3747\" data-element_type=\"widget\" data-e-type=\"widget\" data-widget_type=\"text-editor.default\">\n\t\t\t\t<div class=\"elementor-widget-container\">\n\t\t\t\t\t\t\t\t\t<p>Skolestart p\u00e5 Costa Blanca er mer enn bare en ny timeplan - for mange familier betyr det \u00e5 komme inn i et ukjent utdanningssystem med ulike spr\u00e5k, strukturer og administrative kanaler. Comunidad Valenciana administrerer det offentlige skolesystemet regionalt, og undervisningen er tospr\u00e5klig: p\u00e5 spansk og valenciansk. Systemet er oversiktlig organisert: Frivillig f\u00f8rskole (Infantil, 3-6 \u00e5r), barneskole (Primaria, 6-12 \u00e5r), ungdomsskole (ESO, 12-16 \u00e5r) og frivillig videreg\u00e5ende skole (Bachillerato, 16-18 \u00e5r).<\/p><p>Foreldre kan velge mellom statlige skoler, halvstatlige institusjoner (concertados), offentlige skoler og internasjonale programmer. Alle som \u00f8nsker \u00e5 s\u00f8ke om skoleplass, m\u00e5 gj\u00f8re det digitalt via utdanningsmyndighetenes sentrale nettportal (https:\/\/portal.edu.gva.es\/adminova\/es\/inicio\/). Bekreftelse av allerede tildelte plasser gj\u00f8res ogs\u00e5 utelukkende p\u00e5 nettet.<\/p><p>Det finnes spesifikke frister for barn som skal begynne i barnehage, grunnskole eller videreg\u00e5ende skole - fra s\u00f8knad til innskriving og til innhentingsfasen. Fristene varierer avhengig av skoletype. Uteblitt nettinnmelding kan tas igjen ved personlig oppm\u00f8te innen bestemte tidsfrister.<\/p>\t\t\t\t\t\t\t\t<\/div>\n\t\t\t\t<\/div>\n\t\t\t\t<\/div>\n\t\t\t\t\t<\/div>\n\t\t\t\t<\/div>\n\t\t<div class=\"elementor-element elementor-element-adc8555 e-flex e-con-boxed e-con e-parent\" data-id=\"adc8555\" data-element_type=\"container\" data-e-type=\"container\">\n\t\t\t\t\t<div class=\"e-con-inner\">\n\t\t<div class=\"elementor-element elementor-element-db1bc32 e-con-full e-flex e-con e-child\" data-id=\"db1bc32\" data-element_type=\"container\" data-e-type=\"container\">\n\t\t\t\t<div class=\"elementor-element elementor-element-2b44a67 elementor-widget elementor-widget-text-editor\" data-id=\"2b44a67\" data-element_type=\"widget\" data-e-type=\"widget\" data-widget_type=\"text-editor.default\">\n\t\t\t\t<div class=\"elementor-widget-container\">\n\t\t\t\t\t\t\t\t\t<p>F\u00f8lgende kreves for p\u00e5melding: et gjeldende registreringsbevis (empadronamiento), identitetsbevis (NIE\/DNI eller pass), SIP-kortet, eventuelt vaksinasjonsattest og tidligere attester, hvis tilgjengelig. Viktig \u00e5 vite: I offentlige skoler foreg\u00e5r en del av undervisningen ogs\u00e5 p\u00e5 valensiansk. Det finnes st\u00f8tteprogrammer for barn uten spr\u00e5kkunnskaper, men de er ikke alltid tilgjengelige overalt.<\/p><p>I mange tilfeller m\u00e5 foreldrene selv kj\u00f8pe inn l\u00e6remidler og skoleb\u00f8ker. Noen kommuner tilbyr st\u00f8tte gjennom programmet \u201eXarxa de Llibres\u201c, der brukte b\u00f8ker kan leveres inn og gjenbrukes.<\/p><p>Hvis du trenger hjelp, kan du kontakte utdanningsavdelingene i kommunene. Utdanningsmyndighetene i Comunidad Valenciana gir en oversikt over alle datoer og dokumenter p\u00e5 www.ceice.gva.es.<\/p><p>Konklusjon: Tidlig informasjon, digitale forberedelser og litt t\u00e5lmodighet bidrar til en strukturert og stressfri start p\u00e5 spansk skolehverdag.<\/p>\t\t\t\t\t\t\t\t<\/div>\n\t\t\t\t<\/div>\n\t\t\t\t<\/div>\n\t\t<div class=\"elementor-element elementor-element-887a0aa e-con-full e-flex e-con e-child\" data-id=\"887a0aa\" data-element_type=\"container\" data-e-type=\"container\">\n\t\t\t\t<div class=\"elementor-element elementor-element-2fcfd9b elementor-widget elementor-widget-heading\" data-id=\"2fcfd9b\" data-element_type=\"widget\" data-e-type=\"widget\" data-widget_type=\"heading.default\">\n\t\t\t\t<div class=\"elementor-widget-container\">\n\t\t\t\t\t<h6 class=\"elementor-heading-title elementor-size-default\">Viktige p\u00e5meldingsdatoer fra 05.2025 <\/h6>\t\t\t\t<\/div>\n\t\t\t\t<\/div>\n\t\t\t\t<div class=\"elementor-element elementor-element-ebed060 elementor-widget elementor-widget-text-editor\" data-id=\"ebed060\" data-element_type=\"widget\" data-e-type=\"widget\" data-widget_type=\"text-editor.default\">\n\t\t\t\t<div class=\"elementor-widget-container\">\n\t\t\t\t\t\t\t\t\t<p>REGUL\u00c6R REGISTRERINGSFASE (elektronisk)<br \/>\u25b6 F\u00f8rskole og barneskole 06.05. - 14.05.<br \/>\u25b6 Videreg\u00e5ende niv\u00e5 I og II (ESO\/Bachillerato) 15.05. - 23.05.<br \/>\u25b6 Spesialskoler (CEE\/UECO) 06.05. - 14.05.<\/p><p>P\u00c5MELDING (for bekreftede plasser fra den ordin\u00e6re fasen)<br \/>F\u00f8rskole og barneskole 18.07. - 27.07.<br \/>\u25b6 Videreg\u00e5ende trinn I (ESO) 16.07. - 21.07.<br \/>\u25b6 Videreg\u00e5ende niv\u00e5 II (Bachillerato) 22.07. - 25.07.<\/p><p>EKSTRAORDIN\u00c6R REGISTRERING (elektronisk)<br \/>\u25b6 F\u00f8rskole og grunnskole 17.07. - 22.07.<br \/>\u25b6 Videreg\u00e5ende trinn I (ESO) 23.07. - 24.07.<br \/>\u25b6 Videreg\u00e5ende niv\u00e5 II (Bachillerato) 25.07. - 28.07.<\/p><p>REGISTRERING etter ekstraordin\u00e6r fase (p\u00e5 stedet)<br \/>\u25b6 F\u00f8rskole og barneskole 29.07. - 31.07.<br \/>\u25b6 ESO 01.09. - 03.09.<br \/>\u25b6 Bachillerato: 03.09. - 05.09.<\/p>\t\t\t\t\t\t\t\t<\/div>\n\t\t\t\t<\/div>\n\t\t\t\t<\/div>\n\t\t\t\t\t<\/div>\n\t\t\t\t<\/div>\n\t\t<div class=\"elementor-element elementor-element-7f969fb e-flex e-con-boxed e-con e-parent\" data-id=\"7f969fb\" data-element_type=\"container\" data-e-type=\"container\">\n\t\t\t\t\t<div class=\"e-con-inner\">\n\t\t\t\t<div class=\"elementor-element elementor-element-7ac0b18 elementor-widget-divider--separator-type-pattern elementor-widget-divider--no-spacing elementor-widget-divider--view-line elementor-widget elementor-widget-divider\" data-id=\"7ac0b18\" data-element_type=\"widget\" data-e-type=\"widget\" data-widget_type=\"divider.default\">\n\t\t\t\t<div class=\"elementor-widget-container\">\n\t\t\t\t\t\t\t<div class=\"elementor-divider\" style=\"--divider-pattern-url: url(&quot;data:image\/svg+xml,%3Csvg xmlns=&#039;http:\/\/www.w3.org\/2000\/svg&#039; preserveAspectRatio=&#039;xMidYMid meet&#039; overflow=&#039;visible&#039; height=&#039;100%&#039; viewBox=&#039;0 0 126 26&#039; fill=&#039;black&#039; stroke=&#039;none&#039;%3E%3Cpath d=&#039;M3,10.2c2.6,0,2.6,2,2.6,3.2S4.4,16.5,3,16.5s-3-1.4-3-3.2S0.4,10.2,3,10.2z M18.8,10.2c1.7,0,3.2,1.4,3.2,3.2s-1.4,3.2-3.2,3.2c-1.7,0-3.2-1.4-3.2-3.2S17,10.2,18.8,10.2z M34.6,10.2c1.5,0,2.6,1.4,2.6,3.2s-0.5,3.2-1.9,3.2c-1.5,0-3.4-1.4-3.4-3.2S33.1,10.2,34.6,10.2z M50.5,10.2c1.7,0,3.2,1.4,3.2,3.2s-1.4,3.2-3.2,3.2c-1.7,0-3.3-0.9-3.3-2.6S48.7,10.2,50.5,10.2z M66.2,10.2c1.5,0,3.4,1.4,3.4,3.2s-1.9,3.2-3.4,3.2c-1.5,0-2.6-0.4-2.6-2.1S64.8,10.2,66.2,10.2z M82.2,10.2c1.7,0.8,2.6,1.4,2.6,3.2s-0.1,3.2-1.6,3.2c-1.5,0-3.7-1.4-3.7-3.2S80.5,9.4,82.2,10.2zM98.6,10.2c1.5,0,2.6,0.4,2.6,2.1s-1.2,4.2-2.6,4.2c-1.5,0-3.7-0.4-3.7-2.1S97.1,10.2,98.6,10.2z M113.4,10.2c1.2,0,2.2,0.9,2.2,3.2s-0.1,3.2-1.3,3.2s-3.1-1.4-3.1-3.2S112.2,10.2,113.4,10.2z&#039;\/%3E%3C\/svg%3E&quot;);\">\n\t\t\t<span class=\"elementor-divider-separator\">\n\t\t\t\t\t\t<\/span>\n\t\t<\/div>\n\t\t\t\t\t\t<\/div>\n\t\t\t\t<\/div>\n\t\t\t\t<div class=\"elementor-element elementor-element-cba0389 elementor-widget elementor-widget-heading\" data-id=\"cba0389\" data-element_type=\"widget\" data-e-type=\"widget\" data-widget_type=\"heading.default\">\n\t\t\t\t<div class=\"elementor-widget-container\">\n\t\t\t\t\t<h4 class=\"elementor-heading-title elementor-size-default\">Viktig ordforr\u00e5d <\/h4>\t\t\t\t<\/div>\n\t\t\t\t<\/div>\n\t\t\t\t\t<\/div>\n\t\t\t\t<\/div>\n\t\t<div class=\"elementor-element elementor-element-d602ca0 e-flex e-con-boxed e-con e-parent\" data-id=\"d602ca0\" data-element_type=\"container\" data-e-type=\"container\">\n\t\t\t\t\t<div class=\"e-con-inner\">\n\t\t<div class=\"elementor-element elementor-element-2672264 e-con-full e-flex e-con e-child\" data-id=\"2672264\" data-element_type=\"container\" data-e-type=\"container\">\n\t\t\t\t<div class=\"elementor-element elementor-element-0d29863 elementor-widget elementor-widget-heading\" data-id=\"0d29863\" data-element_type=\"widget\" data-e-type=\"widget\" data-widget_type=\"heading.default\">\n\t\t\t\t<div class=\"elementor-widget-container\">\n\t\t\t\t\t<h5 class=\"elementor-heading-title elementor-size-default\">CASTELLANO\n<\/h5>\t\t\t\t<\/div>\n\t\t\t\t<\/div>\n\t\t\t\t<div class=\"elementor-element elementor-element-5d72262 elementor-widget elementor-widget-text-editor\" data-id=\"5d72262\" data-element_type=\"widget\" data-e-type=\"widget\" data-widget_type=\"text-editor.default\">\n\t\t\t\t<div class=\"elementor-widget-container\">\n\t\t\t\t\t\t\t\t\t<ul><li>escuela \/ colegio<\/li><li>infantil - Preescolar<\/li><li>educaci\u00f3n primaria<\/li><li>educaci\u00f3n secundaria\u00a0<\/li><li>obligatorisk (ESO)<\/li><li>bachillerato<\/li><li>matr\u00edcula \/ inscripci\u00f3n<\/li><li>inicio del curso escolar<\/li><li>plaza escolar<\/li><li>Notatbok<\/li><li>libro de texto<\/li><li>plan de estudios<\/li><li>skoleferier<\/li><li>horario escolar<\/li><li>reuni\u00f3n de padres<\/li><li>direcci\u00f3n \/ direkt\u00f8r(a)<\/li><li>veileder(a)<\/li><li>conseller\u00eda de educaci\u00f3n<\/li><li>kontakt for n\u00f8dstilfeller<\/li><li>cartilla de vacunaci\u00f3n<\/li><li>tarjeta SIP<\/li><li>portal online \/ telematr\u00edcula<\/li><\/ul>\t\t\t\t\t\t\t\t<\/div>\n\t\t\t\t<\/div>\n\t\t\t\t<\/div>\n\t\t<div class=\"elementor-element elementor-element-5a8eae0 e-con-full e-flex e-con e-child\" data-id=\"5a8eae0\" data-element_type=\"container\" data-e-type=\"container\">\n\t\t\t\t<div class=\"elementor-element elementor-element-b1f4d00 elementor-widget elementor-widget-heading\" data-id=\"b1f4d00\" data-element_type=\"widget\" data-e-type=\"widget\" data-widget_type=\"heading.default\">\n\t\t\t\t<div class=\"elementor-widget-container\">\n\t\t\t\t\t<h5 class=\"elementor-heading-title elementor-size-default\">VALENCIAN<\/h5>\t\t\t\t<\/div>\n\t\t\t\t<\/div>\n\t\t\t\t<div class=\"elementor-element elementor-element-455389c elementor-widget elementor-widget-text-editor\" data-id=\"455389c\" data-element_type=\"widget\" data-e-type=\"widget\" data-widget_type=\"text-editor.default\">\n\t\t\t\t<div class=\"elementor-widget-container\">\n\t\t\t\t\t\t\t\t\t<ul><li>escola \/ col-legi<\/li><li>infantil<\/li><li>educaci\u00f3 prim\u00e0ria<\/li><li>educaci\u00f3 secund\u00e0ria obligat\u00f2ria (ESO)<\/li><li>batxillerate<\/li><li>matr\u00edcula \/ inscripci\u00f3<\/li><li>inici del curs escolar<\/li><li>pla\u00e7a escolar<\/li><li>butllet\u00ed de notes<\/li><li>llibre de text<\/li><li>pla d'estudis<\/li><li>vacances escolars<\/li><li>horari escolar<\/li><li>reuni\u00f3 de pares<\/li><li>direcci\u00f3 \/ direkt\u00f8r(a)<\/li><li>veileder \/ tutora<\/li><li>conselleria d'educaci\u00f3<\/li><li>kontakt for n\u00f8dstilfeller<\/li><li>cartilla de vacunaci\u00f3<\/li><li>targeta SIP<\/li><li>portal online \/ telematr\u00edcula<\/li><\/ul>\t\t\t\t\t\t\t\t<\/div>\n\t\t\t\t<\/div>\n\t\t\t\t<\/div>\n\t\t\t\t\t<\/div>\n\t\t\t\t<\/div>\n\t\t<div class=\"elementor-element elementor-element-fefa07b e-flex e-con-boxed e-con e-parent\" data-id=\"fefa07b\" data-element_type=\"container\" data-e-type=\"container\">\n\t\t\t\t\t<div class=\"e-con-inner\">\n\t\t\t\t<div class=\"elementor-element elementor-element-b502970 elementor-widget-divider--separator-type-pattern elementor-widget-divider--no-spacing elementor-widget-divider--view-line elementor-widget elementor-widget-divider\" data-id=\"b502970\" data-element_type=\"widget\" data-e-type=\"widget\" data-widget_type=\"divider.default\">\n\t\t\t\t<div class=\"elementor-widget-container\">\n\t\t\t\t\t\t\t<div class=\"elementor-divider\" style=\"--divider-pattern-url: url(&quot;data:image\/svg+xml,%3Csvg xmlns=&#039;http:\/\/www.w3.org\/2000\/svg&#039; preserveAspectRatio=&#039;xMidYMid meet&#039; overflow=&#039;visible&#039; height=&#039;100%&#039; viewBox=&#039;0 0 126 26&#039; fill=&#039;black&#039; stroke=&#039;none&#039;%3E%3Cpath d=&#039;M3,10.2c2.6,0,2.6,2,2.6,3.2S4.4,16.5,3,16.5s-3-1.4-3-3.2S0.4,10.2,3,10.2z M18.8,10.2c1.7,0,3.2,1.4,3.2,3.2s-1.4,3.2-3.2,3.2c-1.7,0-3.2-1.4-3.2-3.2S17,10.2,18.8,10.2z M34.6,10.2c1.5,0,2.6,1.4,2.6,3.2s-0.5,3.2-1.9,3.2c-1.5,0-3.4-1.4-3.4-3.2S33.1,10.2,34.6,10.2z M50.5,10.2c1.7,0,3.2,1.4,3.2,3.2s-1.4,3.2-3.2,3.2c-1.7,0-3.3-0.9-3.3-2.6S48.7,10.2,50.5,10.2z M66.2,10.2c1.5,0,3.4,1.4,3.4,3.2s-1.9,3.2-3.4,3.2c-1.5,0-2.6-0.4-2.6-2.1S64.8,10.2,66.2,10.2z M82.2,10.2c1.7,0.8,2.6,1.4,2.6,3.2s-0.1,3.2-1.6,3.2c-1.5,0-3.7-1.4-3.7-3.2S80.5,9.4,82.2,10.2zM98.6,10.2c1.5,0,2.6,0.4,2.6,2.1s-1.2,4.2-2.6,4.2c-1.5,0-3.7-0.4-3.7-2.1S97.1,10.2,98.6,10.2z M113.4,10.2c1.2,0,2.2,0.9,2.2,3.2s-0.1,3.2-1.3,3.2s-3.1-1.4-3.1-3.2S112.2,10.2,113.4,10.2z&#039;\/%3E%3C\/svg%3E&quot;);\">\n\t\t\t<span class=\"elementor-divider-separator\">\n\t\t\t\t\t\t<\/span>\n\t\t<\/div>\n\t\t\t\t\t\t<\/div>\n\t\t\t\t<\/div>\n\t\t\t\t\t<\/div>\n\t\t\t\t<\/div>\n\t\t<div class=\"elementor-element elementor-element-5e1e2b3 e-flex e-con-boxed e-con e-parent\" data-id=\"5e1e2b3\" data-element_type=\"container\" data-e-type=\"container\">\n\t\t\t\t\t<div class=\"e-con-inner\">\n\t\t\t\t<div class=\"elementor-element elementor-element-6776f8c elementor-grid-3 elementor-grid-tablet-2 elementor-grid-mobile-1 elementor-posts--thumbnail-top elementor-posts--show-avatar elementor-card-shadow-yes elementor-posts__hover-gradient elementor-widget elementor-widget-posts\" data-id=\"6776f8c\" data-element_type=\"widget\" data-e-type=\"widget\" data-settings=\"{&quot;cards_columns&quot;:&quot;3&quot;,&quot;cards_columns_tablet&quot;:&quot;2&quot;,&quot;cards_columns_mobile&quot;:&quot;1&quot;,&quot;cards_row_gap&quot;:{&quot;unit&quot;:&quot;px&quot;,&quot;size&quot;:35,&quot;sizes&quot;:[]},&quot;cards_row_gap_tablet&quot;:{&quot;unit&quot;:&quot;px&quot;,&quot;size&quot;:&quot;&quot;,&quot;sizes&quot;:[]},&quot;cards_row_gap_mobile&quot;:{&quot;unit&quot;:&quot;px&quot;,&quot;size&quot;:&quot;&quot;,&quot;sizes&quot;:[]}}\" data-widget_type=\"posts.cards\">\n\t\t\t\t<div class=\"elementor-widget-container\">\n\t\t\t\t\t\t\t<div class=\"elementor-posts-container elementor-posts elementor-posts--skin-cards elementor-grid\" role=\"list\">\n\t\t\t\t<article class=\"elementor-post elementor-grid-item post-6787 post type-post status-publish format-standard has-post-thumbnail hentry category-leben-in-spanien tag-schule-costa-blanca tag-schulfristen-spanien tag-schulstart-costa-blanca tag-wordschatz-schule\" role=\"listitem\">\n\t\t\t<div class=\"elementor-post__card\">\n\t\t\t\t<a class=\"elementor-post__thumbnail__link\" href=\"https:\/\/costablanca-magazin.com\/nb\/residenten\/leben-in-spanien\/schulstart-an-der-costa-blanca-fristen-fakten-formulare\/\" tabindex=\"-1\" ><div class=\"elementor-post__thumbnail\"><img fetchpriority=\"high\" decoding=\"async\" width=\"1200\" height=\"800\" src=\"https:\/\/costablanca-magazin.com\/wp-content\/uploads\/2025\/05\/group-of-smiling-young-multi-ethnic-school-kids-st-2024-10-19-12-02-45-utc.jpg\" class=\"attachment-2048x2048 size-2048x2048 wp-image-6793\" alt=\"Skolestart p\u00e5 Costa Blanca: frister, fakta, skjemaer\" srcset=\"https:\/\/costablanca-magazin.com\/wp-content\/uploads\/2025\/05\/group-of-smiling-young-multi-ethnic-school-kids-st-2024-10-19-12-02-45-utc.jpg 1200w, https:\/\/costablanca-magazin.com\/wp-content\/uploads\/2025\/05\/group-of-smiling-young-multi-ethnic-school-kids-st-2024-10-19-12-02-45-utc-300x200.jpg 300w, https:\/\/costablanca-magazin.com\/wp-content\/uploads\/2025\/05\/group-of-smiling-young-multi-ethnic-school-kids-st-2024-10-19-12-02-45-utc-1024x683.jpg 1024w, https:\/\/costablanca-magazin.com\/wp-content\/uploads\/2025\/05\/group-of-smiling-young-multi-ethnic-school-kids-st-2024-10-19-12-02-45-utc-768x512.jpg 768w\" sizes=\"(max-width: 1200px) 100vw, 1200px\" \/><\/div><\/a>\n\t\t\t\t<div class=\"elementor-post__badge\">\u00c5 bo i Spania<\/div>\n\t\t\t\t<div class=\"elementor-post__avatar\">\n\t\t\t\t\t<\/div>\n\t\t\t\t<div class=\"elementor-post__text\">\n\t\t\t\t<h3 class=\"elementor-post__title\">\n\t\t\t<a href=\"https:\/\/costablanca-magazin.com\/nb\/residenten\/leben-in-spanien\/schulstart-an-der-costa-blanca-fristen-fakten-formulare\/\" >\n\t\t\t\tSkolestart p\u00e5 Costa Blanca - frister, fakta og skjemaer\t\t\t<\/a>\n\t\t<\/h3>\n\t\t\t\t<\/div>\n\t\t\t\t\t<\/div>\n\t\t<\/article>\n\t\t\t\t<article class=\"elementor-post elementor-grid-item post-6785 post type-post status-publish format-standard has-post-thumbnail hentry category-tiere-natur tag-hunde-im-urlaub tag-hunde-strand-costa-blanca tag-regeln-hunde-costablanca tag-straende-an-der-costablanca\" role=\"listitem\">\n\t\t\t<div class=\"elementor-post__card\">\n\t\t\t\t<a class=\"elementor-post__thumbnail__link\" href=\"https:\/\/costablanca-magazin.com\/nb\/residenten\/tiere-natur\/pfoten-an-den-strand-mit-hund-an-der-costa-blanca\/\" tabindex=\"-1\" ><div class=\"elementor-post__thumbnail\"><img decoding=\"async\" width=\"1200\" height=\"799\" src=\"https:\/\/costablanca-magazin.com\/wp-content\/uploads\/2025\/05\/fit-and-active-labrador-retriever-dog-running-out-2025-01-08-20-43-58-utc.jpg\" class=\"attachment-2048x2048 size-2048x2048 wp-image-6790\" alt=\"Poter p\u00e5 stranden: Med hund p\u00e5 Costa Blanca 1\" srcset=\"https:\/\/costablanca-magazin.com\/wp-content\/uploads\/2025\/05\/fit-and-active-labrador-retriever-dog-running-out-2025-01-08-20-43-58-utc.jpg 1200w, https:\/\/costablanca-magazin.com\/wp-content\/uploads\/2025\/05\/fit-and-active-labrador-retriever-dog-running-out-2025-01-08-20-43-58-utc-300x200.jpg 300w, https:\/\/costablanca-magazin.com\/wp-content\/uploads\/2025\/05\/fit-and-active-labrador-retriever-dog-running-out-2025-01-08-20-43-58-utc-1024x682.jpg 1024w, https:\/\/costablanca-magazin.com\/wp-content\/uploads\/2025\/05\/fit-and-active-labrador-retriever-dog-running-out-2025-01-08-20-43-58-utc-768x511.jpg 768w\" sizes=\"(max-width: 1200px) 100vw, 1200px\" \/><\/div><\/a>\n\t\t\t\t<div class=\"elementor-post__badge\">Dyr og natur<\/div>\n\t\t\t\t<div class=\"elementor-post__avatar\">\n\t\t\t\t\t<\/div>\n\t\t\t\t<div class=\"elementor-post__text\">\n\t\t\t\t<h3 class=\"elementor-post__title\">\n\t\t\t<a href=\"https:\/\/costablanca-magazin.com\/nb\/residenten\/tiere-natur\/pfoten-an-den-strand-mit-hund-an-der-costa-blanca\/\" >\n\t\t\t\tPoter p\u00e5 stranden - med hunden din p\u00e5 Costa Blanca\t\t\t<\/a>\n\t\t<\/h3>\n\t\t\t\t<\/div>\n\t\t\t\t\t<\/div>\n\t\t<\/article>\n\t\t\t\t<article class=\"elementor-post elementor-grid-item post-6739 post type-post status-publish format-standard has-post-thumbnail hentry category-veranstaltungen-events tag-events-costablanca tag-fiesta-costablanca tag-mai-und-juni-veranstaltungen tag-moros-y-cristianos tag-patronatsfest tag-veranstaltungen-costa-blanca\" role=\"listitem\">\n\t\t\t<div class=\"elementor-post__card\">\n\t\t\t\t<a class=\"elementor-post__thumbnail__link\" href=\"https:\/\/costablanca-magazin.com\/nb\/freizeit\/veranstaltungen-events\/mai-juni-an-der-costa-blanca-top-events-erleben\/\" tabindex=\"-1\" ><div class=\"elementor-post__thumbnail\"><img decoding=\"async\" width=\"2048\" height=\"1366\" src=\"https:\/\/costablanca-magazin.com\/wp-content\/uploads\/2024\/09\/heart-shaped-hands-at-concert-music-concert-with-2023-11-27-05-35-30-utc-2048x1366.jpg\" class=\"attachment-2048x2048 size-2048x2048 wp-image-1910\" alt=\"Tips til arrangementer Costa Blanca\" srcset=\"https:\/\/costablanca-magazin.com\/wp-content\/uploads\/2024\/09\/heart-shaped-hands-at-concert-music-concert-with-2023-11-27-05-35-30-utc-2048x1366.jpg 2048w, https:\/\/costablanca-magazin.com\/wp-content\/uploads\/2024\/09\/heart-shaped-hands-at-concert-music-concert-with-2023-11-27-05-35-30-utc-300x200.jpg 300w, https:\/\/costablanca-magazin.com\/wp-content\/uploads\/2024\/09\/heart-shaped-hands-at-concert-music-concert-with-2023-11-27-05-35-30-utc-1024x683.jpg 1024w, https:\/\/costablanca-magazin.com\/wp-content\/uploads\/2024\/09\/heart-shaped-hands-at-concert-music-concert-with-2023-11-27-05-35-30-utc-768x512.jpg 768w, https:\/\/costablanca-magazin.com\/wp-content\/uploads\/2024\/09\/heart-shaped-hands-at-concert-music-concert-with-2023-11-27-05-35-30-utc-1536x1025.jpg 1536w\" sizes=\"(max-width: 2048px) 100vw, 2048px\" \/><\/div><\/a>\n\t\t\t\t<div class=\"elementor-post__badge\">Arrangementer og begivenheter<\/div>\n\t\t\t\t<div class=\"elementor-post__avatar\">\n\t\t\t\t\t<\/div>\n\t\t\t\t<div class=\"elementor-post__text\">\n\t\t\t\t<h3 class=\"elementor-post__title\">\n\t\t\t<a href=\"https:\/\/costablanca-magazin.com\/nb\/freizeit\/veranstaltungen-events\/mai-juni-an-der-costa-blanca-top-events-erleben\/\" >\n\t\t\t\tMai og juni p\u00e5 Costa Blanca - opplev de beste arrangementene\t\t\t<\/a>\n\t\t<\/h3>\n\t\t\t\t<\/div>\n\t\t\t\t\t<\/div>\n\t\t<\/article>\n\t\t\t\t<\/div>\n\t\t\n\t\t\t\t\t\t<\/div>\n\t\t\t\t<\/div>\n\t\t\t\t\t<\/div>\n\t\t\t\t<\/div>\n\t\t\t\t<\/div>","protected":false},"excerpt":{"rendered":"<p>Skolestart p\u00e5 Costa Blanca - frister, fakta, skjemaer Hva foreldre m\u00e5 tenke p\u00e5 ved skolestart i Spania Skolestart<\/p>","protected":false},"author":1,"featured_media":6793,"comment_status":"closed","ping_status":"closed","sticky":false,"template":"elementor_header_footer","format":"standard","meta":{"om_disable_all_campaigns":false,"_monsterinsights_skip_tracking":false,"_monsterinsights_sitenote_active":false,"_monsterinsights_sitenote_note":"","_monsterinsights_sitenote_category":0,"footnotes":""},"categories":[15],"tags":[852,853,854,855],"class_list":["post-6787","post","type-post","status-publish","format-standard","has-post-thumbnail","hentry","category-leben-in-spanien","tag-schule-costa-blanca","tag-schulfristen-spanien","tag-schulstart-costa-blanca","tag-wordschatz-schule"],"aioseo_notices":[],"_links":{"self":[{"href":"https:\/\/costablanca-magazin.com\/nb\/wp-json\/wp\/v2\/posts\/6787","targetHints":{"allow":["GET"]}}],"collection":[{"href":"https:\/\/costablanca-magazin.com\/nb\/wp-json\/wp\/v2\/posts"}],"about":[{"href":"https:\/\/costablanca-magazin.com\/nb\/wp-json\/wp\/v2\/types\/post"}],"author":[{"embeddable":true,"href":"https:\/\/costablanca-magazin.com\/nb\/wp-json\/wp\/v2\/users\/1"}],"replies":[{"embeddable":true,"href":"https:\/\/costablanca-magazin.com\/nb\/wp-json\/wp\/v2\/comments?post=6787"}],"version-history":[{"count":13,"href":"https:\/\/costablanca-magazin.com\/nb\/wp-json\/wp\/v2\/posts\/6787\/revisions"}],"predecessor-version":[{"id":6942,"href":"https:\/\/costablanca-magazin.com\/nb\/wp-json\/wp\/v2\/posts\/6787\/revisions\/6942"}],"wp:featuredmedia":[{"embeddable":true,"href":"https:\/\/costablanca-magazin.com\/nb\/wp-json\/wp\/v2\/media\/6793"}],"wp:attachment":[{"href":"https:\/\/costablanca-magazin.com\/nb\/wp-json\/wp\/v2\/media?parent=6787"}],"wp:term":[{"taxonomy":"category","embeddable":true,"href":"https:\/\/costablanca-magazin.com\/nb\/wp-json\/wp\/v2\/categories?post=6787"},{"taxonomy":"post_tag","embeddable":true,"href":"https:\/\/costablanca-magazin.com\/nb\/wp-json\/wp\/v2\/tags?post=6787"}],"curies":[{"name":"wp","href":"https:\/\/api.w.org\/{rel}","templated":true}]}}