{"id":6785,"date":"2025-05-16T19:00:21","date_gmt":"2025-05-16T17:00:21","guid":{"rendered":"https:\/\/costablanca-magazin.com\/?p=6785"},"modified":"2025-06-02T08:44:25","modified_gmt":"2025-06-02T06:44:25","slug":"poter-pa-stranden-med-hund-pa-costa-blanca","status":"publish","type":"post","link":"https:\/\/costablanca-magazin.com\/nb\/residenten\/tiere-natur\/pfoten-an-den-strand-mit-hund-an-der-costa-blanca\/","title":{"rendered":"Poter p\u00e5 stranden - med hunden din p\u00e5 Costa Blanca"},"content":{"rendered":"<div data-elementor-type=\"wp-post\" data-elementor-id=\"6785\" class=\"elementor elementor-6785\" data-elementor-post-type=\"post\">\n\t\t\t\t<div class=\"elementor-element elementor-element-18945b2 e-flex e-con-boxed e-con e-parent\" data-id=\"18945b2\" data-element_type=\"container\" data-e-type=\"container\">\n\t\t\t\t\t<div class=\"e-con-inner\">\n\t\t\t\t<div class=\"elementor-element elementor-element-f297559 elementor-widget elementor-widget-heading\" data-id=\"f297559\" data-element_type=\"widget\" data-e-type=\"widget\" data-widget_type=\"heading.default\">\n\t\t\t\t<div class=\"elementor-widget-container\">\n\t\t\t\t\t<h1 class=\"elementor-heading-title elementor-size-default\">Tassene p\u00e5\nstranden\nMed hund p\u00e5\nCosta Blanca<\/h1>\t\t\t\t<\/div>\n\t\t\t\t<\/div>\n\t\t\t\t<div class=\"elementor-element elementor-element-6093d36 elementor-widget elementor-widget-image\" data-id=\"6093d36\" data-element_type=\"widget\" data-e-type=\"widget\" data-widget_type=\"image.default\">\n\t\t\t\t<div class=\"elementor-widget-container\">\n\t\t\t\t\t\t\t\t\t\t\t\t\t\t\t<img decoding=\"async\" src=\"https:\/\/costablanca-magazin.com\/wp-content\/uploads\/elementor\/thumbs\/fit-and-active-labrador-retriever-dog-running-out-2025-01-08-20-43-58-utc-rjc5pjsibaqd8gqablt1pimq0rj9xekblpa3yv0ux4.jpg\" title=\"Poter p\u00e5 stranden: med hund p\u00e5 Costa Blanca\" alt=\"Poter p\u00e5 stranden: Med hund p\u00e5 Costa Blanca 1\" loading=\"lazy\" \/>\t\t\t\t\t\t\t\t\t\t\t\t\t\t\t<\/div>\n\t\t\t\t<\/div>\n\t\t\t\t<div class=\"elementor-element elementor-element-0f27b42 elementor-widget elementor-widget-heading\" data-id=\"0f27b42\" data-element_type=\"widget\" data-e-type=\"widget\" data-widget_type=\"heading.default\">\n\t\t\t\t<div class=\"elementor-widget-container\">\n\t\t\t\t\t<h2 class=\"elementor-heading-title elementor-size-default\">Hva som er tillatt, hva som er irriterende - og hvor firbeinte venner\ni Marina Alta og Marina Baixa\nf\u00e5r v\u00e6re uforstyrret i vannet.\nEn oversikt for eiere med hjerte og holdning.<\/h2>\t\t\t\t<\/div>\n\t\t\t\t<\/div>\n\t\t\t\t\t<\/div>\n\t\t\t\t<\/div>\n\t\t<div class=\"elementor-element elementor-element-0428c2e e-flex e-con-boxed e-con e-parent\" data-id=\"0428c2e\" data-element_type=\"container\" data-e-type=\"container\">\n\t\t\t\t\t<div class=\"e-con-inner\">\n\t\t<div class=\"elementor-element elementor-element-4b3a248 e-con-full e-flex e-con e-child\" data-id=\"4b3a248\" data-element_type=\"container\" data-e-type=\"container\">\n\t\t\t\t<div class=\"elementor-element elementor-element-2e88d8f elementor-widget elementor-widget-text-editor\" data-id=\"2e88d8f\" data-element_type=\"widget\" data-e-type=\"widget\" data-widget_type=\"text-editor.default\">\n\t\t\t\t<div class=\"elementor-widget-container\">\n\t\t\t\t\t\t\t\t\t<p>For mange er hunden mer enn bare en f\u00f8lgesvenn - den er en del av familien. Og alle som bor eller ferierer p\u00e5 Costa Blanca \u00f8nsker naturligvis \u00e5 ha dem med seg: p\u00e5 tur gjennom byen, p\u00e5 stranden, p\u00e5 kaf\u00e9. Men hva er tillatt, hva tolereres - og hvor ligger misforst\u00e5elsene p\u00e5 lur? Mellom b\u00e5ndtvang, b\u00e6sjeposer og sand p\u00e5 potene viser det seg at de som er godt informert, f\u00e5r mer avslappede dager - b\u00e5de for to- og firbeinte venner.<\/p><p><strong>Regler og virkelighet: <\/strong><strong>Hva hundeeiere b\u00f8r vite<\/strong><br \/>I Spania gjelder ulike regler p\u00e5 kommunalt niv\u00e5 - ogs\u00e5 p\u00e5 Costa Blanca. I utgangspunktet skal hunder holdes i b\u00e5nd p\u00e5 offentlige omr\u00e5der. I noen kommuner er det ogs\u00e5 krav om munnkurv for visse raser. Hunder har bare lov til \u00e5 l\u00f8pe fritt i avgrensede omr\u00e5der eller p\u00e5 landsbygda. Overtredelser risikerer b\u00f8ter - i noen tilfeller fra 100 euro og oppover.<\/p><p><strong>Obligatorisk utstyr for en spasertur:<\/strong><br \/>B\u00e5nd (ikke lenger enn 2 m)<br \/>Avf\u00f8ringsposer (obligatorisk \u00e5 kaste)<br \/>EU-pass for kj\u00e6ledyr med gyldig rabiesvaksinasjon (for feriereisende)<br \/>\u25b6 Mikrochip (obligatorisk for alle hunder i Spania)<\/p><p><strong>Hund p\u00e5 stranden? <\/strong><strong>Offisielt bare i utpekte soner<\/strong><br \/>Den store skuffelsen kommer ofte den f\u00f8rste dagen p\u00e5 stranden: Hunder er forbudt p\u00e5 de fleste offentlige strender mellom april og oktober - selv om dette h\u00e5ndteres l\u00f8st mange steder i lavsesongen. Hvis du vil v\u00e6re p\u00e5 den sikre siden, b\u00f8r du ta turen til offisielle hundestrender. Der er det uttrykkelig tillatt \u00e5 bade, grave og boltre seg - uten stygge blikk eller advarsler.<\/p>\t\t\t\t\t\t\t\t<\/div>\n\t\t\t\t<\/div>\n\t\t\t\t<\/div>\n\t\t<div class=\"elementor-element elementor-element-bb6ef73 e-con-full e-flex e-con e-child\" data-id=\"bb6ef73\" data-element_type=\"container\" data-e-type=\"container\">\n\t\t\t\t<div class=\"elementor-element elementor-element-e489849 elementor-widget elementor-widget-gallery\" data-id=\"e489849\" data-element_type=\"widget\" data-e-type=\"widget\" data-settings=\"{&quot;gallery_layout&quot;:&quot;masonry&quot;,&quot;columns&quot;:1,&quot;lazyload&quot;:&quot;yes&quot;,&quot;columns_tablet&quot;:2,&quot;columns_mobile&quot;:1,&quot;gap&quot;:{&quot;unit&quot;:&quot;px&quot;,&quot;size&quot;:10,&quot;sizes&quot;:[]},&quot;gap_tablet&quot;:{&quot;unit&quot;:&quot;px&quot;,&quot;size&quot;:10,&quot;sizes&quot;:[]},&quot;gap_mobile&quot;:{&quot;unit&quot;:&quot;px&quot;,&quot;size&quot;:10,&quot;sizes&quot;:[]},&quot;link_to&quot;:&quot;file&quot;,&quot;overlay_background&quot;:&quot;yes&quot;,&quot;content_hover_animation&quot;:&quot;fade-in&quot;}\" data-widget_type=\"gallery.default\">\n\t\t\t\t<div class=\"elementor-widget-container\">\n\t\t\t\t\t\t\t<div class=\"elementor-gallery__container\">\n\t\t\t\t\t\t\t<a class=\"e-gallery-item elementor-gallery-item elementor-animated-content\" href=\"https:\/\/costablanca-magazin.com\/wp-content\/uploads\/2025\/05\/a-fit-and-active-labrador-retriever-dog-ready-for-2025-01-07-16-04-39-utc.jpg\" data-elementor-open-lightbox=\"yes\" data-elementor-lightbox-slideshow=\"e489849\" data-elementor-lightbox-title=\"Pfoten an  den Strand:  Mit Hund an der  Costa Blanca\" data-elementor-lightbox-description=\"Pfoten an den Strand: Mit Hund an der Costa Blanca\" data-e-action-hash=\"#elementor-action%3Aaction%3Dlightbox%26settings%3DeyJpZCI6Njc4OSwidXJsIjoiaHR0cHM6XC9cL2Nvc3RhYmxhbmNhLW1hZ2F6aW4uY29tXC93cC1jb250ZW50XC91cGxvYWRzXC8yMDI1XC8wNVwvYS1maXQtYW5kLWFjdGl2ZS1sYWJyYWRvci1yZXRyaWV2ZXItZG9nLXJlYWR5LWZvci0yMDI1LTAxLTA3LTE2LTA0LTM5LXV0Yy5qcGciLCJzbGlkZXNob3ciOiJlNDg5ODQ5In0%3D\">\n\t\t\t\t\t<div class=\"e-gallery-image elementor-gallery-item__image\" data-thumbnail=\"https:\/\/costablanca-magazin.com\/wp-content\/uploads\/2025\/05\/a-fit-and-active-labrador-retriever-dog-ready-for-2025-01-07-16-04-39-utc.jpg\" data-width=\"800\" data-height=\"1200\" aria-label=\"Poter p\u00e5 stranden: med hund p\u00e5 Costa Blanca\" role=\"img\" ><\/div>\n\t\t\t\t\t\t\t\t\t\t\t<div class=\"elementor-gallery-item__overlay\"><\/div>\n\t\t\t\t\t\t\t\t\t\t\t\t\t\t<\/a>\n\t\t\t\t\t<\/div>\n\t\t\t\t\t<\/div>\n\t\t\t\t<\/div>\n\t\t\t\t<\/div>\n\t\t<div class=\"elementor-element elementor-element-ae042f0 e-con-full e-flex e-con e-child\" data-id=\"ae042f0\" data-element_type=\"container\" data-e-type=\"container\">\n\t\t\t\t<div class=\"elementor-element elementor-element-bafb196 elementor-widget elementor-widget-gallery\" data-id=\"bafb196\" data-element_type=\"widget\" data-e-type=\"widget\" data-settings=\"{&quot;columns&quot;:1,&quot;aspect_ratio&quot;:&quot;1:1&quot;,&quot;lazyload&quot;:&quot;yes&quot;,&quot;gallery_layout&quot;:&quot;grid&quot;,&quot;columns_tablet&quot;:2,&quot;columns_mobile&quot;:1,&quot;gap&quot;:{&quot;unit&quot;:&quot;px&quot;,&quot;size&quot;:10,&quot;sizes&quot;:[]},&quot;gap_tablet&quot;:{&quot;unit&quot;:&quot;px&quot;,&quot;size&quot;:10,&quot;sizes&quot;:[]},&quot;gap_mobile&quot;:{&quot;unit&quot;:&quot;px&quot;,&quot;size&quot;:10,&quot;sizes&quot;:[]},&quot;link_to&quot;:&quot;file&quot;,&quot;overlay_background&quot;:&quot;yes&quot;,&quot;content_hover_animation&quot;:&quot;fade-in&quot;}\" data-widget_type=\"gallery.default\">\n\t\t\t\t<div class=\"elementor-widget-container\">\n\t\t\t\t\t\t\t<div class=\"elementor-gallery__container\">\n\t\t\t\t\t\t\t<a class=\"e-gallery-item elementor-gallery-item elementor-animated-content\" href=\"https:\/\/costablanca-magazin.com\/wp-content\/uploads\/2025\/05\/Schild-Hundestrand-e1747414553226.jpg\" data-elementor-open-lightbox=\"yes\" data-elementor-lightbox-slideshow=\"bafb196\" data-elementor-lightbox-title=\"Pfoten an  den Strand:  Mit Hund an der  Costa Blanca\" data-elementor-lightbox-description=\"Pfoten an den Strand: Mit Hund an der Costa Blanca\" data-e-action-hash=\"#elementor-action%3Aaction%3Dlightbox%26settings%3DeyJpZCI6Njc5MSwidXJsIjoiaHR0cHM6XC9cL2Nvc3RhYmxhbmNhLW1hZ2F6aW4uY29tXC93cC1jb250ZW50XC91cGxvYWRzXC8yMDI1XC8wNVwvU2NoaWxkLUh1bmRlc3RyYW5kLWUxNzQ3NDE0NTUzMjI2LmpwZyIsInNsaWRlc2hvdyI6ImJhZmIxOTYifQ%3D%3D\">\n\t\t\t\t\t<div class=\"e-gallery-image elementor-gallery-item__image\" data-thumbnail=\"https:\/\/costablanca-magazin.com\/wp-content\/uploads\/2025\/05\/Schild-Hundestrand-e1747414553226.jpg\" data-width=\"675\" data-height=\"512\" aria-label=\"Poter p\u00e5 stranden: Med hund p\u00e5 Costa Blanca 2\" role=\"img\" ><\/div>\n\t\t\t\t\t\t\t\t\t\t\t<div class=\"elementor-gallery-item__overlay\"><\/div>\n\t\t\t\t\t\t\t\t\t\t\t\t\t\t<\/a>\n\t\t\t\t\t<\/div>\n\t\t\t\t\t<\/div>\n\t\t\t\t<\/div>\n\t\t\t\t<\/div>\n\t\t<div class=\"elementor-element elementor-element-d5a00da e-con-full e-flex e-con e-child\" data-id=\"d5a00da\" data-element_type=\"container\" data-e-type=\"container\">\n\t\t\t\t<div class=\"elementor-element elementor-element-3a2e8cc elementor-widget elementor-widget-text-editor\" data-id=\"3a2e8cc\" data-element_type=\"widget\" data-e-type=\"widget\" data-widget_type=\"text-editor.default\">\n\t\t\t\t<div class=\"elementor-widget-container\">\n\t\t\t\t\t\t\t\t\t<p><strong>Tips og triks for avslappende dager med hunden din<\/strong><br \/>\u25b6 G\u00e5 tur om morgenen eller kvelden: I sommervarmen er de tidlige eller sene timene ideelle - for f\u00f8lsomme poter og avslappede spaserturer.<br \/>\u25b6 Ha alltid med deg vann: Mange strender har ingen vannforsyning - en liten flaske og en sammenleggbar sk\u00e5l er gull verdt.<br \/>\u25b6 Kjenn de lokale veterin\u00e6rene dine: I en n\u00f8dsituasjon teller hvert minutt - lagre telefonnumrene p\u00e5 mobiltelefonen din.<br \/>\u25b6 Reis med respekt: Ikke alle liker hunder. Hensyn til andre badegjester, rent hundeefterlatenskaper og vennlig samhandling skaper aksept.<\/p><p><strong>Hundelykke med en plan og omtanke<\/strong><br \/>Costa Blanca er ikke hundeparadis - men med n\u00f8dvendig kunnskap kan hverdagen med firbeinte venner organiseres p\u00e5 en god m\u00e5te. F\u00f8lger du reglene, kjenner alternativene og ikke stoler p\u00e5 magef\u00f8lelsen, vil du bli bel\u00f8nnet med avslappede dager. Til syvende og sist er det ikke hvor hunden bader som teller - det er at den f\u00e5r lov til \u00e5 v\u00e6re der.<\/p>\t\t\t\t\t\t\t\t<\/div>\n\t\t\t\t<\/div>\n\t\t\t\t<\/div>\n\t\t\t\t\t<\/div>\n\t\t\t\t<\/div>\n\t\t<div class=\"elementor-element elementor-element-b616627 e-flex e-con-boxed e-con e-parent\" data-id=\"b616627\" data-element_type=\"container\" data-e-type=\"container\">\n\t\t\t\t\t<div class=\"e-con-inner\">\n\t\t\t\t<div class=\"elementor-element elementor-element-62a4e94 elementor-widget elementor-widget-text-editor\" data-id=\"62a4e94\" data-element_type=\"widget\" data-e-type=\"widget\" data-widget_type=\"text-editor.default\">\n\t\t\t\t<div class=\"elementor-widget-container\">\n\t\t\t\t\t\t\t\t\t<p><strong>Hundestrender i regionen - v\u00e5rt utvalg Marina Alta:<\/strong><br \/>\u25b6 Playa de la Escollera - D\u00e9nia<br \/>Sentralt plassert og lett tilgjengelig. Hundeomr\u00e5det ligger ved siden av havnen. Grunnen er steinete, men vannet er klart. Avfallsposer og s\u00f8ppelkasser er tilgjengelig.<\/p><p>Les Rotes (delen n\u00e6r Punta Negra)<br \/>Selv om det ikke er en offisiell hundestrand, brukes den ofte av lokalbefolkningen med hund utenom h\u00f8ysesongen. V\u00e6r oppmerksom p\u00e5 at det ikke er noen beskyttelse mot kontroller om sommeren.<\/p><p>Marina Baixa:<br \/>Playa Mar y Monta\u00f1a - Altea (La Olla)<br \/>Liten, rolig del nord for Altea, offisielt godkjent for hunder. Uber\u00f8rt, lite infrastruktur, men flott for \u00e5 plaske rundt.<\/p><p>El Xarco i Villajoyosa<br \/>Det er en liten naturstrand med sm\u00e5stein og steiner s\u00f8r i byen. Den h\u00f8yre delen av stranden er reservert for hunder.<\/p>\t\t\t\t\t\t\t\t<\/div>\n\t\t\t\t<\/div>\n\t\t\t\t\t<\/div>\n\t\t\t\t<\/div>\n\t\t<div class=\"elementor-element elementor-element-381c93b e-flex e-con-boxed e-con e-parent\" data-id=\"381c93b\" data-element_type=\"container\" data-e-type=\"container\">\n\t\t\t\t\t<div class=\"e-con-inner\">\n\t\t\t\t<div class=\"elementor-element elementor-element-2ecdcc8 elementor-widget-divider--separator-type-pattern elementor-widget-divider--view-line elementor-widget elementor-widget-divider\" data-id=\"2ecdcc8\" data-element_type=\"widget\" data-e-type=\"widget\" data-widget_type=\"divider.default\">\n\t\t\t\t<div class=\"elementor-widget-container\">\n\t\t\t\t\t\t\t<div class=\"elementor-divider\" style=\"--divider-pattern-url: url(&quot;data:image\/svg+xml,%3Csvg xmlns=&#039;http:\/\/www.w3.org\/2000\/svg&#039; preserveAspectRatio=&#039;none&#039; overflow=&#039;visible&#039; height=&#039;100%&#039; viewBox=&#039;0 0 24 24&#039; fill=&#039;none&#039; stroke=&#039;black&#039; stroke-width=&#039;1&#039; stroke-linecap=&#039;square&#039; stroke-miterlimit=&#039;10&#039;%3E%3Cpath d=&#039;M0,6c6,0,0.9,11.1,6.9,11.1S18,6,24,6&#039;\/%3E%3C\/svg%3E&quot;);\">\n\t\t\t<span class=\"elementor-divider-separator\">\n\t\t\t\t\t\t<\/span>\n\t\t<\/div>\n\t\t\t\t\t\t<\/div>\n\t\t\t\t<\/div>\n\t\t\t\t\t<\/div>\n\t\t\t\t<\/div>\n\t\t<div class=\"elementor-element elementor-element-6bbfcea e-flex e-con-boxed e-con e-parent\" data-id=\"6bbfcea\" data-element_type=\"container\" data-e-type=\"container\">\n\t\t\t\t\t<div class=\"e-con-inner\">\n\t\t\t\t<div class=\"elementor-element elementor-element-736de4f elementor-grid-3 elementor-grid-tablet-2 elementor-grid-mobile-1 elementor-posts--thumbnail-top elementor-posts--show-avatar elementor-card-shadow-yes elementor-posts__hover-gradient elementor-widget elementor-widget-posts\" data-id=\"736de4f\" data-element_type=\"widget\" data-e-type=\"widget\" data-settings=\"{&quot;cards_columns&quot;:&quot;3&quot;,&quot;cards_columns_tablet&quot;:&quot;2&quot;,&quot;cards_columns_mobile&quot;:&quot;1&quot;,&quot;cards_row_gap&quot;:{&quot;unit&quot;:&quot;px&quot;,&quot;size&quot;:35,&quot;sizes&quot;:[]},&quot;cards_row_gap_tablet&quot;:{&quot;unit&quot;:&quot;px&quot;,&quot;size&quot;:&quot;&quot;,&quot;sizes&quot;:[]},&quot;cards_row_gap_mobile&quot;:{&quot;unit&quot;:&quot;px&quot;,&quot;size&quot;:&quot;&quot;,&quot;sizes&quot;:[]}}\" data-widget_type=\"posts.cards\">\n\t\t\t\t<div class=\"elementor-widget-container\">\n\t\t\t\t\t\t\t<div class=\"elementor-posts-container elementor-posts elementor-posts--skin-cards elementor-grid\" role=\"list\">\n\t\t\t\t<article class=\"elementor-post elementor-grid-item post-6564 post type-post status-publish format-standard has-post-thumbnail hentry category-leben-in-spanien tag-anmeldung tag-auswandern-an-die-costa-blanca tag-auswandern-nach-spanien tag-autonomo-spanien tag-nie-nummer tag-selbststaendigkeit-spanien tag-steuer-nummer\" role=\"listitem\">\n\t\t\t<div class=\"elementor-post__card\">\n\t\t\t\t<a class=\"elementor-post__thumbnail__link\" href=\"https:\/\/costablanca-magazin.com\/nb\/residenten\/leben-in-spanien\/so-gelingtder-neustart-an-der-costa-blanca\/\" tabindex=\"-1\" ><div class=\"elementor-post__thumbnail\"><img fetchpriority=\"high\" decoding=\"async\" width=\"800\" height=\"534\" src=\"https:\/\/costablanca-magazin.com\/wp-content\/uploads\/2025\/04\/Inselzeitung-Mallorca-Focus-girl-with-a-laptop-by-the-sea-remote-work-concept-2021-09-01-19-47-32-utc-1024x683.jpg\" class=\"attachment-large size-large wp-image-6566\" alt=\"Hvordan starte p\u00e5 nytt p\u00e5 Costa Blanca\" srcset=\"https:\/\/costablanca-magazin.com\/wp-content\/uploads\/2025\/04\/Inselzeitung-Mallorca-Focus-girl-with-a-laptop-by-the-sea-remote-work-concept-2021-09-01-19-47-32-utc-1024x683.jpg 1024w, https:\/\/costablanca-magazin.com\/wp-content\/uploads\/2025\/04\/Inselzeitung-Mallorca-Focus-girl-with-a-laptop-by-the-sea-remote-work-concept-2021-09-01-19-47-32-utc-300x200.jpg 300w, https:\/\/costablanca-magazin.com\/wp-content\/uploads\/2025\/04\/Inselzeitung-Mallorca-Focus-girl-with-a-laptop-by-the-sea-remote-work-concept-2021-09-01-19-47-32-utc-768x512.jpg 768w, https:\/\/costablanca-magazin.com\/wp-content\/uploads\/2025\/04\/Inselzeitung-Mallorca-Focus-girl-with-a-laptop-by-the-sea-remote-work-concept-2021-09-01-19-47-32-utc-1536x1024.jpg 1536w, https:\/\/costablanca-magazin.com\/wp-content\/uploads\/2025\/04\/Inselzeitung-Mallorca-Focus-girl-with-a-laptop-by-the-sea-remote-work-concept-2021-09-01-19-47-32-utc-2048x1365.jpg 2048w\" sizes=\"(max-width: 800px) 100vw, 800px\" \/><\/div><\/a>\n\t\t\t\t<div class=\"elementor-post__badge\">\u00c5 bo i Spania<\/div>\n\t\t\t\t<div class=\"elementor-post__avatar\">\n\t\t\t\t\t<\/div>\n\t\t\t\t<div class=\"elementor-post__text\">\n\t\t\t\t<h3 class=\"elementor-post__title\">\n\t\t\t<a href=\"https:\/\/costablanca-magazin.com\/nb\/residenten\/leben-in-spanien\/so-gelingtder-neustart-an-der-costa-blanca\/\" >\n\t\t\t\tHvordan starte p\u00e5 nytt p\u00e5 Costa Blanca\t\t\t<\/a>\n\t\t<\/h3>\n\t\t\t\t<\/div>\n\t\t\t\t\t<\/div>\n\t\t<\/article>\n\t\t\t\t<article class=\"elementor-post elementor-grid-item post-5863 post type-post status-publish format-standard has-post-thumbnail hentry category-leben-in-spanien tag-autonomo tag-costa-blanca tag-empadronamiento-in-costa-blanca tag-gestoria-spanien tag-nie tag-residencia-spanien tag-seguridad-social tag-steuer-spanien\" role=\"listitem\">\n\t\t\t<div class=\"elementor-post__card\">\n\t\t\t\t<a class=\"elementor-post__thumbnail__link\" href=\"https:\/\/costablanca-magazin.com\/nb\/residenten\/leben-in-spanien\/ihr-leitfaden-fuer-leben-und-arbeiten-an-der-costa-blanca\/\" tabindex=\"-1\" ><div class=\"elementor-post__thumbnail\"><img decoding=\"async\" width=\"800\" height=\"533\" src=\"https:\/\/costablanca-magazin.com\/wp-content\/uploads\/2025\/04\/Fotolia_101040061_XL-1024x682.jpg\" class=\"attachment-large size-large wp-image-5868\" alt=\"Din guide til \u00e5 bo og jobbe p\u00e5 Costa Blanca\" srcset=\"https:\/\/costablanca-magazin.com\/wp-content\/uploads\/2025\/04\/Fotolia_101040061_XL-1024x682.jpg 1024w, https:\/\/costablanca-magazin.com\/wp-content\/uploads\/2025\/04\/Fotolia_101040061_XL-300x200.jpg 300w, https:\/\/costablanca-magazin.com\/wp-content\/uploads\/2025\/04\/Fotolia_101040061_XL-768x512.jpg 768w, https:\/\/costablanca-magazin.com\/wp-content\/uploads\/2025\/04\/Fotolia_101040061_XL-1536x1024.jpg 1536w, https:\/\/costablanca-magazin.com\/wp-content\/uploads\/2025\/04\/Fotolia_101040061_XL-2048x1365.jpg 2048w\" sizes=\"(max-width: 800px) 100vw, 800px\" \/><\/div><\/a>\n\t\t\t\t<div class=\"elementor-post__badge\">\u00c5 bo i Spania<\/div>\n\t\t\t\t<div class=\"elementor-post__avatar\">\n\t\t\t\t\t<\/div>\n\t\t\t\t<div class=\"elementor-post__text\">\n\t\t\t\t<h3 class=\"elementor-post__title\">\n\t\t\t<a href=\"https:\/\/costablanca-magazin.com\/nb\/residenten\/leben-in-spanien\/ihr-leitfaden-fuer-leben-und-arbeiten-an-der-costa-blanca\/\" >\n\t\t\t\tDin guide til \u00e5 bo og jobbe p\u00e5 Costa Blanca\t\t\t<\/a>\n\t\t<\/h3>\n\t\t\t\t<\/div>\n\t\t\t\t\t<\/div>\n\t\t<\/article>\n\t\t\t\t<article class=\"elementor-post elementor-grid-item post-5812 post type-post status-publish format-standard has-post-thumbnail hentry category-leben-in-spanien tag-costa-blanca-2 tag-fahrzeugummeldung-costa-blanca tag-krankenversicherung-seguridad-social tag-nie-nummer-beantragung tag-selbststaendig-spanien tag-steuern-auswanderer-spanien\" role=\"listitem\">\n\t\t\t<div class=\"elementor-post__card\">\n\t\t\t\t<a class=\"elementor-post__thumbnail__link\" href=\"https:\/\/costablanca-magazin.com\/nb\/residenten\/leben-in-spanien\/richter-consultants-costa-blanca-tipps-zum-einwandern\/\" tabindex=\"-1\" ><div class=\"elementor-post__thumbnail\"><img decoding=\"async\" width=\"683\" height=\"1024\" src=\"https:\/\/costablanca-magazin.com\/wp-content\/uploads\/2025\/04\/Inselzeitung-Mallorca-Focus-business-partners-with-documents-having-conversati-2021-08-31-02-07-44-utc-683x1024.jpg\" class=\"attachment-large size-large wp-image-5813\" alt=\"God r\u00e5dgivning til et nytt liv \u2013 eksperttips for innvandring til Costa Blanca\" srcset=\"https:\/\/costablanca-magazin.com\/wp-content\/uploads\/2025\/04\/Inselzeitung-Mallorca-Focus-business-partners-with-documents-having-conversati-2021-08-31-02-07-44-utc-683x1024.jpg 683w, https:\/\/costablanca-magazin.com\/wp-content\/uploads\/2025\/04\/Inselzeitung-Mallorca-Focus-business-partners-with-documents-having-conversati-2021-08-31-02-07-44-utc-1367x2048.jpg 1367w\" sizes=\"(max-width: 683px) 100vw, 683px\" \/><\/div><\/a>\n\t\t\t\t<div class=\"elementor-post__badge\">\u00c5 bo i Spania<\/div>\n\t\t\t\t<div class=\"elementor-post__avatar\">\n\t\t\t\t\t<\/div>\n\t\t\t\t<div class=\"elementor-post__text\">\n\t\t\t\t<h3 class=\"elementor-post__title\">\n\t\t\t<a href=\"https:\/\/costablanca-magazin.com\/nb\/residenten\/leben-in-spanien\/richter-consultants-costa-blanca-tipps-zum-einwandern\/\" >\n\t\t\t\tRichter Consultants Costa Blanca - Tips om innvandring\t\t\t<\/a>\n\t\t<\/h3>\n\t\t\t\t<\/div>\n\t\t\t\t\t<\/div>\n\t\t<\/article>\n\t\t\t\t<\/div>\n\t\t\n\t\t\t\t\t\t<\/div>\n\t\t\t\t<\/div>\n\t\t\t\t\t<\/div>\n\t\t\t\t<\/div>\n\t\t\t\t<\/div>","protected":false},"excerpt":{"rendered":"<p>Poter p\u00e5 stranden - med hund p\u00e5 Costa Blanca Hva som er tillatt, hva som er irriterende - og hvor firbeinte venner<\/p>","protected":false},"author":1,"featured_media":6790,"comment_status":"closed","ping_status":"closed","sticky":false,"template":"elementor_header_footer","format":"standard","meta":{"om_disable_all_campaigns":false,"_monsterinsights_skip_tracking":false,"_monsterinsights_sitenote_active":false,"_monsterinsights_sitenote_note":"","_monsterinsights_sitenote_category":0,"footnotes":""},"categories":[18],"tags":[908,851,909,78],"class_list":["post-6785","post","type-post","status-publish","format-standard","has-post-thumbnail","hentry","category-tiere-natur","tag-hunde-im-urlaub","tag-hunde-strand-costa-blanca","tag-regeln-hunde-costablanca","tag-straende-an-der-costablanca"],"aioseo_notices":[],"_links":{"self":[{"href":"https:\/\/costablanca-magazin.com\/nb\/wp-json\/wp\/v2\/posts\/6785","targetHints":{"allow":["GET"]}}],"collection":[{"href":"https:\/\/costablanca-magazin.com\/nb\/wp-json\/wp\/v2\/posts"}],"about":[{"href":"https:\/\/costablanca-magazin.com\/nb\/wp-json\/wp\/v2\/types\/post"}],"author":[{"embeddable":true,"href":"https:\/\/costablanca-magazin.com\/nb\/wp-json\/wp\/v2\/users\/1"}],"replies":[{"embeddable":true,"href":"https:\/\/costablanca-magazin.com\/nb\/wp-json\/wp\/v2\/comments?post=6785"}],"version-history":[{"count":13,"href":"https:\/\/costablanca-magazin.com\/nb\/wp-json\/wp\/v2\/posts\/6785\/revisions"}],"predecessor-version":[{"id":6951,"href":"https:\/\/costablanca-magazin.com\/nb\/wp-json\/wp\/v2\/posts\/6785\/revisions\/6951"}],"wp:featuredmedia":[{"embeddable":true,"href":"https:\/\/costablanca-magazin.com\/nb\/wp-json\/wp\/v2\/media\/6790"}],"wp:attachment":[{"href":"https:\/\/costablanca-magazin.com\/nb\/wp-json\/wp\/v2\/media?parent=6785"}],"wp:term":[{"taxonomy":"category","embeddable":true,"href":"https:\/\/costablanca-magazin.com\/nb\/wp-json\/wp\/v2\/categories?post=6785"},{"taxonomy":"post_tag","embeddable":true,"href":"https:\/\/costablanca-magazin.com\/nb\/wp-json\/wp\/v2\/tags?post=6785"}],"curies":[{"name":"wp","href":"https:\/\/api.w.org\/{rel}","templated":true}]}}