{"id":6601,"date":"2025-04-29T08:59:56","date_gmt":"2025-04-29T06:59:56","guid":{"rendered":"https:\/\/costablanca-magazin.com\/?p=6601"},"modified":"2026-03-18T07:52:07","modified_gmt":"2026-03-18T06:52:07","slug":"hold-hodet-kaldt-etter-strombruddet-pa-costa-blanca-vaer-godt-forberedt","status":"publish","type":"post","link":"https:\/\/costablanca-magazin.com\/nb\/lokales\/news-politik\/nach-dem-stromausfall-an-der-costa-blanca-besonnen-bleiben-gut-vorbereitet-sein\/","title":{"rendered":"Str\u00f8mbrudd i Spania - situasjonen normaliseres p\u00e5 Costa Blanca"},"content":{"rendered":"<div data-elementor-type=\"wp-post\" data-elementor-id=\"6601\" class=\"elementor elementor-6601\" data-elementor-post-type=\"post\">\n\t\t\t\t\t\t<section class=\"elementor-section elementor-top-section elementor-element elementor-element-463c007 elementor-section-boxed elementor-section-height-default elementor-section-height-default\" data-id=\"463c007\" data-element_type=\"section\" data-e-type=\"section\">\n\t\t\t\t\t\t<div class=\"elementor-container elementor-column-gap-default\">\n\t\t\t\t\t<div class=\"elementor-column elementor-col-100 elementor-top-column elementor-element elementor-element-e8f48f7\" data-id=\"e8f48f7\" data-element_type=\"column\" data-e-type=\"column\">\n\t\t\t<div class=\"elementor-widget-wrap elementor-element-populated\">\n\t\t\t\t\t\t<div class=\"elementor-element elementor-element-9a2825d elementor-widget elementor-widget-text-editor\" data-id=\"9a2825d\" data-element_type=\"widget\" data-e-type=\"widget\" data-widget_type=\"text-editor.default\">\n\t\t\t\t<div class=\"elementor-widget-container\">\n\t\t\t\t\t\t\t\t\t<p class=\"ai-h1title\"><strong>Str\u00f8mbrudd i Spania - situasjonen normaliseres p\u00e5 Costa Blanca<\/strong><\/p>\t\t\t\t\t\t\t\t<\/div>\n\t\t\t\t<\/div>\n\t\t\t\t\t<\/div>\n\t\t<\/div>\n\t\t\t\t\t<\/div>\n\t\t<\/section>\n\t\t<div class=\"elementor-element elementor-element-b8f3dad e-flex e-con-boxed e-con e-parent\" data-id=\"b8f3dad\" data-element_type=\"container\" data-e-type=\"container\">\n\t\t\t\t\t<div class=\"e-con-inner\">\n\t\t\t\t<div class=\"elementor-element elementor-element-4cab3b3 elementor-widget elementor-widget-image\" data-id=\"4cab3b3\" data-element_type=\"widget\" data-e-type=\"widget\" data-widget_type=\"image.default\">\n\t\t\t\t<div class=\"elementor-widget-container\">\n\t\t\t\t\t\t\t\t\t\t\t\t<figure class=\"wp-caption\">\n\t\t\t\t\t\t\t\t\t\t<img fetchpriority=\"high\" decoding=\"async\" width=\"768\" height=\"512\" src=\"https:\/\/costablanca-magazin.com\/wp-content\/uploads\/2025\/04\/shutterstock_2224154875-Blackout-Spanien--768x512.jpg\" class=\"attachment-medium_large size-medium_large wp-image-6602\" alt=\"Blackout Spania april 2025\" srcset=\"https:\/\/costablanca-magazin.com\/wp-content\/uploads\/2025\/04\/shutterstock_2224154875-Blackout-Spanien--768x512.jpg 768w, https:\/\/costablanca-magazin.com\/wp-content\/uploads\/2025\/04\/shutterstock_2224154875-Blackout-Spanien--300x200.jpg 300w, https:\/\/costablanca-magazin.com\/wp-content\/uploads\/2025\/04\/shutterstock_2224154875-Blackout-Spanien--1024x683.jpg 1024w, https:\/\/costablanca-magazin.com\/wp-content\/uploads\/2025\/04\/shutterstock_2224154875-Blackout-Spanien-.jpg 1200w\" sizes=\"(max-width: 768px) 100vw, 768px\" \/>\t\t\t\t\t\t\t\t\t\t\t<figcaption class=\"widget-image-caption wp-caption-text\">Blackout Spania april 2025 <\/figcaption>\n\t\t\t\t\t\t\t\t\t\t<\/figure>\n\t\t\t\t\t\t\t\t\t<\/div>\n\t\t\t\t<\/div>\n\t\t\t\t<div class=\"elementor-element elementor-element-9d976bd elementor-widget elementor-widget-heading\" data-id=\"9d976bd\" data-element_type=\"widget\" data-e-type=\"widget\" data-widget_type=\"heading.default\">\n\t\t\t\t<div class=\"elementor-widget-container\">\n\t\t\t\t\t<h1 class=\"elementor-heading-title elementor-size-default\">Etter str\u00f8mbruddet p\u00e5 Costa Blanca: Hold hodet kaldt og v\u00e6r godt forberedt<\/h1>\t\t\t\t<\/div>\n\t\t\t\t<\/div>\n\t\t\t\t\t<\/div>\n\t\t\t\t<\/div>\n\t\t<div class=\"elementor-element elementor-element-1d977be e-flex e-con-boxed e-con e-parent\" data-id=\"1d977be\" data-element_type=\"container\" data-e-type=\"container\">\n\t\t\t\t\t<div class=\"e-con-inner\">\n\t\t<div class=\"elementor-element elementor-element-915b63a e-con-full e-flex e-con e-child\" data-id=\"915b63a\" data-element_type=\"container\" data-e-type=\"container\">\n\t\t\t\t<div class=\"elementor-element elementor-element-eb11af1 elementor-widget elementor-widget-text-editor\" data-id=\"eb11af1\" data-element_type=\"widget\" data-e-type=\"widget\" data-widget_type=\"text-editor.default\">\n\t\t\t\t<div class=\"elementor-widget-container\">\n\t\t\t\t\t\t\t\t\t<p class=\"\" data-start=\"471\" data-end=\"1003\">Mandag 28. april 2025 opplevde store deler av Spania, Portugal og S\u00f8r-Frankrike et av de mest omfattende str\u00f8mbruddene de siste \u00e5rene. Byer og kommuner p\u00e5 Costa Blanca ble ogs\u00e5 rammet av <strong data-start=\"678\" data-end=\"690\">Alicante<\/strong>, <strong data-start=\"692\" data-end=\"704\">Benidorm<\/strong>, <strong data-start=\"706\" data-end=\"715\">D\u00e9nia<\/strong>, <strong data-start=\"717\" data-end=\"726\">Altea<\/strong>, <strong data-start=\"728\" data-end=\"737\">J\u00e1vea<\/strong>, <strong data-start=\"739\" data-end=\"748\">Calpe<\/strong> og <strong data-start=\"753\" data-end=\"772\">Teulada-Moraira<\/strong> var til tider helt uten str\u00f8m. Trafikklysene sviktet, tog og trikker sto stille, supermarkeder og sm\u00e5butikker m\u00e5tte stenge p\u00e5 kort varsel. Til tross for den eksepsjonelle situasjonen forble situasjonen stort sett ryddig.<\/p><p><!-- ai-h1words --><\/p><p>Etter det omfattende str\u00f8mbruddet p\u00e5 Costa Blanca er det viktig \u00e5 bevare roen og opptre pragmatisk, normalisere n\u00f8dkontakter, sjekke oppdateringer og forsyninger slik at familiene forblir trygge, samtidig som myndighetene gir informasjon n\u00e5 og lokale tjenester gradvis starter opp igjen.<\/p><p><!-- \/ai-h1words --><\/p><h2 data-start=\"1005\" data-end=\"1039\">Str\u00f8mbrudd - hva vet vi?<\/h2><p class=\"\" data-start=\"1041\" data-end=\"1683\">If\u00f8lge den siste informasjonen fra den spanske str\u00f8mnettoperat\u00f8ren <strong data-start=\"1099\" data-end=\"1132\">Red El\u00e9ctrica de Espa\u00f1a (REE)<\/strong> I l\u00f8pet av noen f\u00e5 sekunder oppstod det et plutselig bortfall p\u00e5 rundt 15 gigawatt - rundt 60 % av det totale nasjonale str\u00f8mbehovet. Dette ekstreme lastfallet f\u00f8rte til automatiske, beskyttende nedstengninger i hele det sammenkoblede nettet.<br data-start=\"1362\" data-end=\"1365\" \/>Samtidig har den portugisiske operat\u00f8ren <strong data-start=\"1411\" data-end=\"1418\">REN<\/strong>, at uvanlige atmosf\u00e6riske fenomener - muligens store temperaturforskjeller - hadde bidratt til ustabilitet i h\u00f8yspentledningene.<br data-start=\"1576\" data-end=\"1579\" \/>Myndighetene har utelukket et cyberangrep. De n\u00f8yaktige \u00e5rsakene er fortsatt under etterforskning.<\/p><h3 data-start=\"1685\" data-end=\"1747\">Tydelig kommunikasjon: politi og r\u00e5dhus s\u00f8rget for ro<\/h3><p class=\"\" data-start=\"1749\" data-end=\"2304\">P\u00e5 Costa Blanca var det f\u00f8rst og fremst de <strong data-start=\"1814\" data-end=\"1854\">velorganiserte informasjonskjeder<\/strong>Politi, brannvesen og r\u00e5dhusene i de ber\u00f8rte byene informerte raskt, tydelig og \u00e5pent om situasjonen via sosiale nettverk, lokale radiostasjoner og n\u00f8dkanaler.<br data-start=\"2039\" data-end=\"2042\" \/>Det ble satt opp omkj\u00f8ringsruter, mobilradiostasjoner ble aktivert, og innbyggerne ble bedt om \u00e5 unng\u00e5 un\u00f8dvendig kj\u00f8ring. Denne rolige og profesjonelle kommunikasjonen spilte en n\u00f8kkelrolle i \u00e5 forhindre panikk og holde situasjonen under kontroll.<\/p>\t\t\t\t\t\t\t\t<\/div>\n\t\t\t\t<\/div>\n\t\t\t\t<\/div>\n\t\t<div class=\"elementor-element elementor-element-628c28d e-con-full e-flex e-con e-child\" data-id=\"628c28d\" data-element_type=\"container\" data-e-type=\"container\">\n\t\t\t\t<div class=\"elementor-element elementor-element-dab5220 elementor-widget elementor-widget-text-editor\" data-id=\"dab5220\" data-element_type=\"widget\" data-e-type=\"widget\" data-widget_type=\"text-editor.default\">\n\t\t\t\t<div class=\"elementor-widget-container\">\n\t\t\t\t\t\t\t\t\t<h4 data-start=\"2306\" data-end=\"2342\">Den n\u00e5v\u00e6rende situasjonen p\u00e5 Costa Blanca<\/h4>\n<p class=\"\" data-start=\"2344\" data-end=\"2613\">I dag, 29. april 2025, er str\u00f8mforsyningen gjenopprettet i nesten alle byer p\u00e5 Costa Blanca.<br data-start=\"2450\" data-end=\"2453\" \/>Den <strong data-start=\"2457\" data-end=\"2507\">R\u00e5dhusene i D\u00e9nia, Benidorm, Altea og J\u00e1vea<\/strong> har besluttet spesielle tiltak for i dag for \u00e5 muliggj\u00f8re en ordnet tilbakevending til hverdagen:<\/p>\n\n<ul data-start=\"2614\" data-end=\"3178\">\n \t<li class=\"\" data-start=\"2614\" data-end=\"2761\">\n<p class=\"\" data-start=\"2616\" data-end=\"2761\"><strong data-start=\"2616\" data-end=\"2644\">Skolene holder \u00e5pent<\/strong>, men den finner <strong data-start=\"2661\" data-end=\"2690\">ingen regelmessige timer<\/strong> finner sted. Oppm\u00f8te tjener f\u00f8rst og fremst tilsynets form\u00e5l, ikke l\u00e6replanens.<\/p>\n<\/li>\n \t<li class=\"\" data-start=\"2762\" data-end=\"2858\">\n<p class=\"\" data-start=\"2764\" data-end=\"2858\"><strong data-start=\"2764\" data-end=\"2810\">Administrasjoner og offentlige institusjoner<\/strong> fungerer i begrenset grad, men kan likevel n\u00e5s.<\/p>\n<\/li>\n \t<li class=\"\" data-start=\"2859\" data-end=\"3010\">\n<p class=\"\" data-start=\"2861\" data-end=\"3010\"><strong data-start=\"2861\" data-end=\"2879\">Trafikklys<\/strong> og <strong data-start=\"2884\" data-end=\"2914\">Offentlig transport<\/strong> er stort sett stabile igjen, men det anbefales spesiell forsiktighet i veitrafikken.<\/p>\n<\/li>\n \t<li class=\"\" data-start=\"3011\" data-end=\"3178\">\n<p class=\"\" data-start=\"3013\" data-end=\"3178\"><strong data-start=\"3013\" data-end=\"3054\">Innbyggertjenester og informasjonssentre<\/strong> v\u00e6re bemannet hele dagen for raskt \u00e5 kunne svare p\u00e5 henvendelser om str\u00f8mforsyning, transport og assistansetjenester.<\/p>\n<\/li>\n<\/ul>\n<p class=\"\" data-start=\"3957\" data-end=\"4264\">G\u00e5rsdagens str\u00f8mbrudd viste nok en gang hvor tett det moderne samfunnet er knyttet til energiforsyningen. Panikk hjelper imidlertid ikke i slike situasjoner.<br data-start=\"4134\" data-end=\"4137\" \/>Med god informasjon, ro og litt forberedelse er selv store forstyrrelser mye enklere \u00e5 h\u00e5ndtere.<\/p>\n<p class=\"\" data-start=\"4266\" data-end=\"4370\"><\/p>\t\t\t\t\t\t\t\t<\/div>\n\t\t\t\t<\/div>\n\t\t\t\t<\/div>\n\t\t\t\t\t<\/div>\n\t\t\t\t<\/div>\n\t\t<div class=\"elementor-element elementor-element-800e76d e-flex e-con-boxed e-con e-parent\" data-id=\"800e76d\" data-element_type=\"container\" data-e-type=\"container\">\n\t\t\t\t\t<div class=\"e-con-inner\">\n\t\t\t\t<div class=\"elementor-element elementor-element-f5d587e elementor-grid-3 elementor-grid-tablet-2 elementor-grid-mobile-1 elementor-posts--thumbnail-top elementor-widget elementor-widget-posts\" data-id=\"f5d587e\" data-element_type=\"widget\" data-e-type=\"widget\" data-settings=\"{&quot;classic_columns&quot;:&quot;3&quot;,&quot;classic_columns_tablet&quot;:&quot;2&quot;,&quot;classic_columns_mobile&quot;:&quot;1&quot;,&quot;classic_row_gap&quot;:{&quot;unit&quot;:&quot;px&quot;,&quot;size&quot;:35,&quot;sizes&quot;:[]},&quot;classic_row_gap_tablet&quot;:{&quot;unit&quot;:&quot;px&quot;,&quot;size&quot;:&quot;&quot;,&quot;sizes&quot;:[]},&quot;classic_row_gap_mobile&quot;:{&quot;unit&quot;:&quot;px&quot;,&quot;size&quot;:&quot;&quot;,&quot;sizes&quot;:[]}}\" data-widget_type=\"posts.classic\">\n\t\t\t\t<div class=\"elementor-widget-container\">\n\t\t\t\t\t\t\t<div class=\"elementor-posts-container elementor-posts elementor-posts--skin-classic elementor-grid\" role=\"list\">\n\t\t\t\t<article class=\"elementor-post elementor-grid-item post-11423 post type-post status-publish format-standard has-post-thumbnail hentry category-veranstaltungen-events tag-fiestas-costa-blanca-2026 tag-moros-y-cristianos-benidorm tag-moros-y-cristianos-costa-blanca-2026 tag-moros-y-cristianos-denia tag-moros-y-cristianos-termine-2026 tag-moros-y-cristianos-villajoyosa\" role=\"listitem\">\n\t\t\t\t<a class=\"elementor-post__thumbnail__link\" href=\"https:\/\/costablanca-magazin.com\/nb\/freizeit\/veranstaltungen-events\/moros-y-cristianos-costa-blanca-2026-termine-und-feste\/\" tabindex=\"-1\" >\n\t\t\t<div class=\"elementor-post__thumbnail\"><img decoding=\"async\" width=\"300\" height=\"135\" src=\"https:\/\/costablanca-magazin.com\/wp-content\/uploads\/2025\/09\/calpe-moros-300x135.jpg\" class=\"attachment-medium size-medium wp-image-8738\" alt=\"calpe moros y cristianos\" srcset=\"https:\/\/costablanca-magazin.com\/wp-content\/uploads\/2025\/09\/calpe-moros-300x135.jpg 300w, https:\/\/costablanca-magazin.com\/wp-content\/uploads\/2025\/09\/calpe-moros-1024x460.jpg 1024w, https:\/\/costablanca-magazin.com\/wp-content\/uploads\/2025\/09\/calpe-moros-768x345.jpg 768w, https:\/\/costablanca-magazin.com\/wp-content\/uploads\/2025\/09\/calpe-moros.jpg 1200w\" sizes=\"(max-width: 300px) 100vw, 300px\" \/><\/div>\n\t\t<\/a>\n\t\t\t\t<div class=\"elementor-post__text\">\n\t\t\t\t<h3 class=\"elementor-post__title\">\n\t\t\t<a href=\"https:\/\/costablanca-magazin.com\/nb\/freizeit\/veranstaltungen-events\/moros-y-cristianos-costa-blanca-2026-termine-und-feste\/\" >\n\t\t\t\tMoros y Cristianos Costa Blanca 2026 - Datoer og festligheter\t\t\t<\/a>\n\t\t<\/h3>\n\t\t\t\t<\/div>\n\t\t\t\t<\/article>\n\t\t\t\t<article class=\"elementor-post elementor-grid-item post-11405 post type-post status-publish format-standard has-post-thumbnail hentry category-news-politik tag-airlines-spanien tag-fluege-alicante tag-fluege-valencia tag-iran-konflikt-flugpreise tag-jet-fuel-spanien tag-kerosinpreise-europa\" role=\"listitem\">\n\t\t\t\t<a class=\"elementor-post__thumbnail__link\" href=\"https:\/\/costablanca-magazin.com\/nb\/lokales\/news-politik\/iran-konflikt-und-flugpreise-was-alicante-und-valencia-wirklich-erwartet\/\" tabindex=\"-1\" >\n\t\t\t<div class=\"elementor-post__thumbnail\"><img decoding=\"async\" width=\"300\" height=\"227\" src=\"https:\/\/costablanca-magazin.com\/wp-content\/uploads\/2026\/04\/die-inselzeitung-mallorca-255-300x227.jpg\" class=\"attachment-medium size-medium wp-image-11406\" alt=\"Iran-konflikten og flyprisene: Hva som egentlig venter Alicante og Valencia\" srcset=\"https:\/\/costablanca-magazin.com\/wp-content\/uploads\/2026\/04\/die-inselzeitung-mallorca-255-300x227.jpg 300w, https:\/\/costablanca-magazin.com\/wp-content\/uploads\/2026\/04\/die-inselzeitung-mallorca-255-1024x776.jpg 1024w, https:\/\/costablanca-magazin.com\/wp-content\/uploads\/2026\/04\/die-inselzeitung-mallorca-255-768x582.jpg 768w, https:\/\/costablanca-magazin.com\/wp-content\/uploads\/2026\/04\/die-inselzeitung-mallorca-255-1536x1164.jpg 1536w, https:\/\/costablanca-magazin.com\/wp-content\/uploads\/2026\/04\/die-inselzeitung-mallorca-255-2048x1552.jpg 2048w, https:\/\/costablanca-magazin.com\/wp-content\/uploads\/2026\/04\/die-inselzeitung-mallorca-255-16x12.jpg 16w\" sizes=\"(max-width: 300px) 100vw, 300px\" \/><\/div>\n\t\t<\/a>\n\t\t\t\t<div class=\"elementor-post__text\">\n\t\t\t\t<h3 class=\"elementor-post__title\">\n\t\t\t<a href=\"https:\/\/costablanca-magazin.com\/nb\/lokales\/news-politik\/iran-konflikt-und-flugpreise-was-alicante-und-valencia-wirklich-erwartet\/\" >\n\t\t\t\tIran-konflikten og flyprisene: Hva som egentlig venter Alicante og Valencia\t\t\t<\/a>\n\t\t<\/h3>\n\t\t\t\t<\/div>\n\t\t\t\t<\/article>\n\t\t\t\t<article class=\"elementor-post elementor-grid-item post-11389 post type-post status-publish format-standard has-post-thumbnail hentry category-leben-in-spanien tag-antrag-pflege-spanien tag-comunitat-valenciana-pflege tag-dependencia-costa-blanca tag-pflege-costa-blanca tag-pflegegrad-spanien tag-pflegehilfe-alicante\" role=\"listitem\">\n\t\t\t\t<a class=\"elementor-post__thumbnail__link\" href=\"https:\/\/costablanca-magazin.com\/nb\/residenten\/leben-in-spanien\/pflege-an-der-costa-blanca-leistungen-antrag-und-hilfe\/\" tabindex=\"-1\" >\n\t\t\t<div class=\"elementor-post__thumbnail\"><img loading=\"lazy\" decoding=\"async\" width=\"300\" height=\"100\" src=\"https:\/\/costablanca-magazin.com\/wp-content\/uploads\/2026\/04\/AdobeStock_210113313-300x100.jpeg\" class=\"attachment-medium size-medium wp-image-11390\" alt=\"N\u00e5r omsorg plutselig blir et problem p\u00e5 Costa Blanca\" srcset=\"https:\/\/costablanca-magazin.com\/wp-content\/uploads\/2026\/04\/AdobeStock_210113313-300x100.jpeg 300w, https:\/\/costablanca-magazin.com\/wp-content\/uploads\/2026\/04\/AdobeStock_210113313-1024x341.jpeg 1024w, https:\/\/costablanca-magazin.com\/wp-content\/uploads\/2026\/04\/AdobeStock_210113313-768x256.jpeg 768w, https:\/\/costablanca-magazin.com\/wp-content\/uploads\/2026\/04\/AdobeStock_210113313-1536x512.jpeg 1536w, https:\/\/costablanca-magazin.com\/wp-content\/uploads\/2026\/04\/AdobeStock_210113313-2048x682.jpeg 2048w, https:\/\/costablanca-magazin.com\/wp-content\/uploads\/2026\/04\/AdobeStock_210113313-18x6.jpeg 18w\" sizes=\"(max-width: 300px) 100vw, 300px\" \/><\/div>\n\t\t<\/a>\n\t\t\t\t<div class=\"elementor-post__text\">\n\t\t\t\t<h3 class=\"elementor-post__title\">\n\t\t\t<a href=\"https:\/\/costablanca-magazin.com\/nb\/residenten\/leben-in-spanien\/pflege-an-der-costa-blanca-leistungen-antrag-und-hilfe\/\" >\n\t\t\t\tOmsorg p\u00e5 Costa Blanca - fordeler, s\u00f8knad og assistanse\t\t\t<\/a>\n\t\t<\/h3>\n\t\t\t\t<\/div>\n\t\t\t\t<\/article>\n\t\t\t\t<\/div>\n\t\t\n\t\t\t\t\t\t<\/div>\n\t\t\t\t<\/div>\n\t\t\t\t\t<\/div>\n\t\t\t\t<\/div>\n\t\t\t\t<\/div>","protected":false},"excerpt":{"rendered":"<p>Str\u00f8mbrudd i Spania - situasjonen normaliseres p\u00e5 Costa Blanca Str\u00f8mbrudd Spania april 2025 Etter str\u00f8mbruddet p\u00e5 Costa Blanca<\/p>","protected":false},"author":1,"featured_media":6602,"comment_status":"closed","ping_status":"closed","sticky":false,"template":"elementor_header_footer","format":"standard","meta":{"footnotes":""},"categories":[12],"tags":[836,837,839,838],"class_list":["post-6601","post","type-post","status-publish","format-standard","has-post-thumbnail","hentry","category-news-politik","tag-blackout-spanien","tag-costa-blanca-im-blackout","tag-stromausfall-an-der-costa-blanca","tag-stromausfall-in-ganz-spanien"],"aioseo_notices":[],"_links":{"self":[{"href":"https:\/\/costablanca-magazin.com\/nb\/wp-json\/wp\/v2\/posts\/6601","targetHints":{"allow":["GET"]}}],"collection":[{"href":"https:\/\/costablanca-magazin.com\/nb\/wp-json\/wp\/v2\/posts"}],"about":[{"href":"https:\/\/costablanca-magazin.com\/nb\/wp-json\/wp\/v2\/types\/post"}],"author":[{"embeddable":true,"href":"https:\/\/costablanca-magazin.com\/nb\/wp-json\/wp\/v2\/users\/1"}],"replies":[{"embeddable":true,"href":"https:\/\/costablanca-magazin.com\/nb\/wp-json\/wp\/v2\/comments?post=6601"}],"version-history":[{"count":17,"href":"https:\/\/costablanca-magazin.com\/nb\/wp-json\/wp\/v2\/posts\/6601\/revisions"}],"predecessor-version":[{"id":11165,"href":"https:\/\/costablanca-magazin.com\/nb\/wp-json\/wp\/v2\/posts\/6601\/revisions\/11165"}],"wp:featuredmedia":[{"embeddable":true,"href":"https:\/\/costablanca-magazin.com\/nb\/wp-json\/wp\/v2\/media\/6602"}],"wp:attachment":[{"href":"https:\/\/costablanca-magazin.com\/nb\/wp-json\/wp\/v2\/media?parent=6601"}],"wp:term":[{"taxonomy":"category","embeddable":true,"href":"https:\/\/costablanca-magazin.com\/nb\/wp-json\/wp\/v2\/categories?post=6601"},{"taxonomy":"post_tag","embeddable":true,"href":"https:\/\/costablanca-magazin.com\/nb\/wp-json\/wp\/v2\/tags?post=6601"}],"curies":[{"name":"wp","href":"https:\/\/api.w.org\/{rel}","templated":true}]}}