{"id":6565,"date":"2025-04-28T09:00:00","date_gmt":"2025-04-28T07:00:00","guid":{"rendered":"https:\/\/costablanca-magazin.com\/?p=6565"},"modified":"2025-07-08T05:25:28","modified_gmt":"2025-07-08T03:25:28","slug":"marina-baixa-drar-nytte-av-regnet-men-trenger-perspektiver","status":"publish","type":"post","link":"https:\/\/costablanca-magazin.com\/nb\/lokales\/news-politik\/marina-baixa-profitiert-vom-regen-braucht-aber-perspektiven\/","title":{"rendered":"Marina Baixa nyter godt av regnet, men trenger utsikter"},"content":{"rendered":"<div data-elementor-type=\"wp-post\" data-elementor-id=\"6565\" class=\"elementor elementor-6565\" data-elementor-post-type=\"post\">\n\t\t\t\t<div class=\"elementor-element elementor-element-92e807d e-flex e-con-boxed e-con e-parent\" data-id=\"92e807d\" data-element_type=\"container\" data-e-type=\"container\">\n\t\t\t\t\t<div class=\"e-con-inner\">\n\t\t\t\t<div class=\"elementor-element elementor-element-f201b81 elementor-widget elementor-widget-heading\" data-id=\"f201b81\" data-element_type=\"widget\" data-e-type=\"widget\" data-widget_type=\"heading.default\">\n\t\t\t\t<div class=\"elementor-widget-container\">\n\t\t\t\t\t<h1 class=\"elementor-heading-title elementor-size-default\">Marina Baixa\ndrar nytte av\nregn, men trenger\nperspektiver<\/h1>\t\t\t\t<\/div>\n\t\t\t\t<\/div>\n\t\t\t\t<div class=\"elementor-element elementor-element-67443c9 elementor-widget elementor-widget-image\" data-id=\"67443c9\" data-element_type=\"widget\" data-e-type=\"widget\" data-widget_type=\"image.default\">\n\t\t\t\t<div class=\"elementor-widget-container\">\n\t\t\t\t\t\t\t\t\t\t\t\t\t\t\t<img decoding=\"async\" src=\"https:\/\/costablanca-magazin.com\/wp-content\/uploads\/elementor\/thumbs\/happy-girl-playing-by-the-forest-lake-with-an-umbr-2025-02-09-23-48-03-utc-scaled-rjc5qp5eo0azfb27m3omr8705pvfc34ifdzh31bjbc.jpg\" title=\"Marina Baixa nyter godt av regnet, men trenger utsikter\" alt=\"Marina Baixa nyter godt av regnet, men trenger utsikter\" loading=\"lazy\" \/>\t\t\t\t\t\t\t\t\t\t\t\t\t\t\t<\/div>\n\t\t\t\t<\/div>\n\t\t\t\t<div class=\"elementor-element elementor-element-7b7d3d0 elementor-widget elementor-widget-heading\" data-id=\"7b7d3d0\" data-element_type=\"widget\" data-e-type=\"widget\" data-widget_type=\"heading.default\">\n\t\t\t\t<div class=\"elementor-widget-container\">\n\t\t\t\t\t<h2 class=\"elementor-heading-title elementor-size-default\">Det er en overgang mellom \u00e5 puste lettet ut og \u00e5 vente. Med en fyllingsgrad p\u00e5 over 50% er regionen bedre posisjonert enn i\nenn i 2024 - strukturelle problemer gjenst\u00e5r.<\/h2>\t\t\t\t<\/div>\n\t\t\t\t<\/div>\n\t\t\t\t<div class=\"elementor-element elementor-element-641a469 elementor-widget elementor-widget-text-editor\" data-id=\"641a469\" data-element_type=\"widget\" data-e-type=\"widget\" data-widget_type=\"text-editor.default\">\n\t\t\t\t<div class=\"elementor-widget-container\">\n\t\t\t\t\t\t\t\t\t<p>Den siste tidens nedb\u00f8r har lettet situasjonen, men de grunnleggende infrastrukturproblemene vedvarer. Til tross for h\u00f8yere fyllingsgrad i vannmagasinene venter regionen forgjeves p\u00e5 viktige investeringer.<br \/>Selv om regnet de siste ukene har lettet situasjonen, er vannsituasjonen i Marina Baixa fortsatt anspent. Lagringsreservene ligger n\u00e5 p\u00e5 rundt 53 prosent - en betydelig \u00f8kning fra fjor\u00e5rets 41 prosent og litt over ti\u00e5rsgjennomsnittet p\u00e5 48 prosent. If\u00f8lge Confederaci\u00f3n Hidrogr\u00e1fica del J\u00facar (CHJ) er regionen likevel offisielt fortsatt i en t\u00f8rken\u00f8dstilstand - som det eneste av ni forvaltningssystemer i J\u00facars nedb\u00f8rfelt.<\/p><p>I \u00e5revis har de ber\u00f8rte lokalsamfunnene ventet p\u00e5 en b\u00e6rekraftig modernisering av vanninfrastrukturen. De strukturelle manglene har nylig blitt tydelige igjen: Selv om det regner mer i enkelte omr\u00e5der, er ikke lagringskapasiteten tilstrekkelig til \u00e5 utnytte disse volumene p\u00e5 lang sikt.<br \/><br \/>H\u00f8y ettersp\u00f8rsel, lav kapasitet<br \/>Vann er en kritisk ressurs, s\u00e6rlig i Marina Baixa, der over 93 prosent av regionens befolkning er konsentrert p\u00e5 bare 41 prosent av arealet. Reservoarene Amadorio og Guadalest - som er sentrale elementer i forsyningen - rommer til sammen bare 25 hm\u00b3. Selv gjennomsnittlige t\u00f8rre perioder som 2023\/2024 vil presse systemet til det ytterste.<\/p><p>CHJs krav har ogs\u00e5 blitt kritisert: I elvemunninger som Guadalest og Amadorio er det krav om \u00f8kologiske minsteutslipp, selv om disse bare f\u00f8rer vann midlertidig. Saken er anket til H\u00f8yesterett.<\/p><p><strong>Mye lovet - lite realisert<\/strong><br \/>I den n\u00e5v\u00e6rende nasjonale forvaltningsplanen er det satt av 57,6 millioner euro til investeringer i regionen, men ingen av disse er hittil blitt gjennomf\u00f8rt. Nye reservoarer, forbedrede fordr\u00f8yningsbasseng eller en bedre tilkobling til eksisterende avsaltingsanlegg mangler fortsatt. Det siste store tiltaket var tilkoblingen til avsaltingsanlegget Mutxamel, som ble satt i drift i 2014.<\/p><p><strong>Midlertidige l\u00f8sninger med et system<\/strong><br \/>Regionen har gjennom flere ti\u00e5r bevist at pragmatisk, lokal vannforvaltning fungerer - selv uten st\u00f8tte fra sentralt hold. Befolkningsvekst, \u00f8kt ettersp\u00f8rsel fra landbruket og \u00f8kende press p\u00e5 de \u00f8kologiske reservene gj\u00f8r det imidlertid klart at uten en strategisk utbygging av ytterligere infrastruktur - som det planlagte avsaltingsanlegget i Benidorm fra 2028 - er ikke vannforsyningen sikret p\u00e5 mellomlang sikt.<\/p><p>Til tross for at reservoarene n\u00e5 er bedre fylt opp, er vannsituasjonen i Marina Baixa fortsatt et \u00f8mt\u00e5lig tema. Det som mangler, er ikke kortsiktig lindring - men et langsiktig perspektiv.<\/p><p>Under <a href=\"https:\/\/www.embalses.net\" target=\"_blank\" rel=\"noopener\">www.embalses.net<\/a> finner du de daglige oppdaterte vannstandene<\/p>\t\t\t\t\t\t\t\t<\/div>\n\t\t\t\t<\/div>\n\t\t\t\t\t<\/div>\n\t\t\t\t<\/div>\n\t\t<div class=\"elementor-element elementor-element-44451ef e-flex e-con-boxed e-con e-parent\" data-id=\"44451ef\" data-element_type=\"container\" data-e-type=\"container\">\n\t\t\t\t\t<div class=\"e-con-inner\">\n\t\t\t\t<div class=\"elementor-element elementor-element-4a99165 elementor-grid-3 elementor-grid-tablet-2 elementor-grid-mobile-1 elementor-posts--thumbnail-top elementor-posts--show-avatar elementor-card-shadow-yes elementor-posts__hover-gradient elementor-widget elementor-widget-posts\" data-id=\"4a99165\" data-element_type=\"widget\" data-e-type=\"widget\" data-settings=\"{&quot;cards_columns&quot;:&quot;3&quot;,&quot;cards_columns_tablet&quot;:&quot;2&quot;,&quot;cards_columns_mobile&quot;:&quot;1&quot;,&quot;cards_row_gap&quot;:{&quot;unit&quot;:&quot;px&quot;,&quot;size&quot;:35,&quot;sizes&quot;:[]},&quot;cards_row_gap_tablet&quot;:{&quot;unit&quot;:&quot;px&quot;,&quot;size&quot;:&quot;&quot;,&quot;sizes&quot;:[]},&quot;cards_row_gap_mobile&quot;:{&quot;unit&quot;:&quot;px&quot;,&quot;size&quot;:&quot;&quot;,&quot;sizes&quot;:[]}}\" data-widget_type=\"posts.cards\">\n\t\t\t\t<div class=\"elementor-widget-container\">\n\t\t\t\t\t\t\t<div class=\"elementor-posts-container elementor-posts elementor-posts--skin-cards elementor-grid\" role=\"list\">\n\t\t\t\t<article class=\"elementor-post elementor-grid-item post-5317 post type-post status-publish format-standard has-post-thumbnail hentry category-infos tag-fastenzeit tag-suessen tag-versuchungen tag-zwischen\" role=\"listitem\">\n\t\t\t<div class=\"elementor-post__card\">\n\t\t\t\t<a class=\"elementor-post__thumbnail__link\" href=\"https:\/\/costablanca-magazin.com\/nb\/lokales\/infos\/costa-blanca-zwischen-fastenzeit-und-suessen-versuchungen\/\" tabindex=\"-1\" ><div class=\"elementor-post__thumbnail\"><img fetchpriority=\"high\" decoding=\"async\" width=\"300\" height=\"200\" src=\"https:\/\/costablanca-magazin.com\/wp-content\/uploads\/2025\/03\/chocolate-easter-bunny-eggs-and-sweets-on-rustic-2024-09-18-18-55-58-utc-300x200.jpg\" class=\"attachment-medium size-medium wp-image-5319\" alt=\"Mellom fastetid og s\u00f8te fristelser\" srcset=\"https:\/\/costablanca-magazin.com\/wp-content\/uploads\/2025\/03\/chocolate-easter-bunny-eggs-and-sweets-on-rustic-2024-09-18-18-55-58-utc-300x200.jpg 300w, https:\/\/costablanca-magazin.com\/wp-content\/uploads\/2025\/03\/chocolate-easter-bunny-eggs-and-sweets-on-rustic-2024-09-18-18-55-58-utc-1024x683.jpg 1024w, https:\/\/costablanca-magazin.com\/wp-content\/uploads\/2025\/03\/chocolate-easter-bunny-eggs-and-sweets-on-rustic-2024-09-18-18-55-58-utc-768x512.jpg 768w, https:\/\/costablanca-magazin.com\/wp-content\/uploads\/2025\/03\/chocolate-easter-bunny-eggs-and-sweets-on-rustic-2024-09-18-18-55-58-utc-1536x1024.jpg 1536w, https:\/\/costablanca-magazin.com\/wp-content\/uploads\/2025\/03\/chocolate-easter-bunny-eggs-and-sweets-on-rustic-2024-09-18-18-55-58-utc-2048x1365.jpg 2048w\" sizes=\"(max-width: 300px) 100vw, 300px\" \/><\/div><\/a>\n\t\t\t\t<div class=\"elementor-post__badge\">Info<\/div>\n\t\t\t\t<div class=\"elementor-post__avatar\">\n\t\t\t\t\t<\/div>\n\t\t\t\t<div class=\"elementor-post__text\">\n\t\t\t\t<h3 class=\"elementor-post__title\">\n\t\t\t<a href=\"https:\/\/costablanca-magazin.com\/nb\/lokales\/infos\/costa-blanca-zwischen-fastenzeit-und-suessen-versuchungen\/\" >\n\t\t\t\tCosta Blanca - Mellom fastetid og s\u00f8te fristelser\t\t\t<\/a>\n\t\t<\/h3>\n\t\t\t\t<\/div>\n\t\t\t\t\t<\/div>\n\t\t<\/article>\n\t\t\t\t<article class=\"elementor-post elementor-grid-item post-5286 post type-post status-publish format-standard has-post-thumbnail hentry category-infos\" role=\"listitem\">\n\t\t\t<div class=\"elementor-post__card\">\n\t\t\t\t<a class=\"elementor-post__thumbnail__link\" href=\"https:\/\/costablanca-magazin.com\/nb\/lokales\/infos\/oster-wortschatz-den-sie-an-der-costa-blanca-brauchen-werden\/\" tabindex=\"-1\" ><div class=\"elementor-post__thumbnail\"><img decoding=\"async\" width=\"300\" height=\"100\" src=\"https:\/\/costablanca-magazin.com\/wp-content\/uploads\/2025\/03\/easter-eggs-nest-with-bunnies-celebrating-spring-h-2025-02-06-18-31-13-utc-e1742402120689-300x100.jpg\" class=\"attachment-medium size-medium wp-image-5288\" alt=\"P\u00e5skeordforr\u00e5d\" srcset=\"https:\/\/costablanca-magazin.com\/wp-content\/uploads\/2025\/03\/easter-eggs-nest-with-bunnies-celebrating-spring-h-2025-02-06-18-31-13-utc-e1742402120689-300x100.jpg 300w, https:\/\/costablanca-magazin.com\/wp-content\/uploads\/2025\/03\/easter-eggs-nest-with-bunnies-celebrating-spring-h-2025-02-06-18-31-13-utc-e1742402120689-1024x341.jpg 1024w, https:\/\/costablanca-magazin.com\/wp-content\/uploads\/2025\/03\/easter-eggs-nest-with-bunnies-celebrating-spring-h-2025-02-06-18-31-13-utc-e1742402120689-768x256.jpg 768w, https:\/\/costablanca-magazin.com\/wp-content\/uploads\/2025\/03\/easter-eggs-nest-with-bunnies-celebrating-spring-h-2025-02-06-18-31-13-utc-e1742402120689-1536x512.jpg 1536w, https:\/\/costablanca-magazin.com\/wp-content\/uploads\/2025\/03\/easter-eggs-nest-with-bunnies-celebrating-spring-h-2025-02-06-18-31-13-utc-e1742402120689-2048x683.jpg 2048w\" sizes=\"(max-width: 300px) 100vw, 300px\" \/><\/div><\/a>\n\t\t\t\t<div class=\"elementor-post__badge\">Info<\/div>\n\t\t\t\t<div class=\"elementor-post__avatar\">\n\t\t\t\t\t<\/div>\n\t\t\t\t<div class=\"elementor-post__text\">\n\t\t\t\t<h3 class=\"elementor-post__title\">\n\t\t\t<a href=\"https:\/\/costablanca-magazin.com\/nb\/lokales\/infos\/oster-wortschatz-den-sie-an-der-costa-blanca-brauchen-werden\/\" >\n\t\t\t\tP\u00e5skevokabularet du trenger p\u00e5 Costa Blanca\t\t\t<\/a>\n\t\t<\/h3>\n\t\t\t\t<\/div>\n\t\t\t\t\t<\/div>\n\t\t<\/article>\n\t\t\t\t<article class=\"elementor-post elementor-grid-item post-4932 post type-post status-publish format-standard has-post-thumbnail hentry category-infos tag-glovo-costa-blanca tag-lebensmittel-lieferdienst-costa-blanca tag-masymas-hauslieferservice tag-pepe-la-sal-online-shop tag-supermarkt-lieferung-marina-alta tag-supermercado-costablanca-online tag-uber-eats-costa-blanca\" role=\"listitem\">\n\t\t\t<div class=\"elementor-post__card\">\n\t\t\t\t<a class=\"elementor-post__thumbnail__link\" href=\"https:\/\/costablanca-magazin.com\/nb\/lokales\/infos\/lieferhelden-und-sofa-shopper-die-neue-bequemlichkeit\/\" tabindex=\"-1\" ><div class=\"elementor-post__thumbnail\"><img decoding=\"async\" width=\"300\" height=\"200\" src=\"https:\/\/costablanca-magazin.com\/wp-content\/uploads\/2025\/02\/food-delivery-service-courier-giving-customer-pizz-2023-11-27-05-34-07-utc-300x200.jpg\" class=\"attachment-medium size-medium wp-image-4934\" alt=\"Leveringshelter og sofashoppere: Den nye bekvemmeligheten\" srcset=\"https:\/\/costablanca-magazin.com\/wp-content\/uploads\/2025\/02\/food-delivery-service-courier-giving-customer-pizz-2023-11-27-05-34-07-utc-300x200.jpg 300w, https:\/\/costablanca-magazin.com\/wp-content\/uploads\/2025\/02\/food-delivery-service-courier-giving-customer-pizz-2023-11-27-05-34-07-utc-1024x683.jpg 1024w, https:\/\/costablanca-magazin.com\/wp-content\/uploads\/2025\/02\/food-delivery-service-courier-giving-customer-pizz-2023-11-27-05-34-07-utc-768x512.jpg 768w, https:\/\/costablanca-magazin.com\/wp-content\/uploads\/2025\/02\/food-delivery-service-courier-giving-customer-pizz-2023-11-27-05-34-07-utc-1536x1024.jpg 1536w, https:\/\/costablanca-magazin.com\/wp-content\/uploads\/2025\/02\/food-delivery-service-courier-giving-customer-pizz-2023-11-27-05-34-07-utc-2048x1365.jpg 2048w\" sizes=\"(max-width: 300px) 100vw, 300px\" \/><\/div><\/a>\n\t\t\t\t<div class=\"elementor-post__badge\">Info<\/div>\n\t\t\t\t<div class=\"elementor-post__avatar\">\n\t\t\t\t\t<\/div>\n\t\t\t\t<div class=\"elementor-post__text\">\n\t\t\t\t<h3 class=\"elementor-post__title\">\n\t\t\t<a href=\"https:\/\/costablanca-magazin.com\/nb\/lokales\/infos\/lieferhelden-und-sofa-shopper-die-neue-bequemlichkeit\/\" >\n\t\t\t\tLeveringshelter og sofashoppere - den nye bekvemmeligheten\t\t\t<\/a>\n\t\t<\/h3>\n\t\t\t\t<\/div>\n\t\t\t\t\t<\/div>\n\t\t<\/article>\n\t\t\t\t<\/div>\n\t\t\n\t\t\t\t\t\t<\/div>\n\t\t\t\t<\/div>\n\t\t\t\t\t<\/div>\n\t\t\t\t<\/div>\n\t\t\t\t<\/div>","protected":false},"excerpt":{"rendered":"<p>Marina Baixa drar nytte av regnet, men m\u00e5 ta en pust i bakken og vente og se. Med over 50%-niv\u00e5 er regionen bedre<\/p>","protected":false},"author":1,"featured_media":6575,"comment_status":"closed","ping_status":"closed","sticky":false,"template":"elementor_header_footer","format":"standard","meta":{"om_disable_all_campaigns":false,"_monsterinsights_skip_tracking":false,"_monsterinsights_sitenote_active":false,"_monsterinsights_sitenote_note":"","_monsterinsights_sitenote_category":0,"footnotes":""},"categories":[12],"tags":[841,842,840],"class_list":["post-6565","post","type-post","status-publish","format-standard","has-post-thumbnail","hentry","category-news-politik","tag-nach-vielen-regen-entspannt-sich-die-grundwassersituation","tag-trinkwasser-costa-blanca","tag-wassersituation-an-der-costa-blanca"],"aioseo_notices":[],"_links":{"self":[{"href":"https:\/\/costablanca-magazin.com\/nb\/wp-json\/wp\/v2\/posts\/6565","targetHints":{"allow":["GET"]}}],"collection":[{"href":"https:\/\/costablanca-magazin.com\/nb\/wp-json\/wp\/v2\/posts"}],"about":[{"href":"https:\/\/costablanca-magazin.com\/nb\/wp-json\/wp\/v2\/types\/post"}],"author":[{"embeddable":true,"href":"https:\/\/costablanca-magazin.com\/nb\/wp-json\/wp\/v2\/users\/1"}],"replies":[{"embeddable":true,"href":"https:\/\/costablanca-magazin.com\/nb\/wp-json\/wp\/v2\/comments?post=6565"}],"version-history":[{"count":13,"href":"https:\/\/costablanca-magazin.com\/nb\/wp-json\/wp\/v2\/posts\/6565\/revisions"}],"predecessor-version":[{"id":6836,"href":"https:\/\/costablanca-magazin.com\/nb\/wp-json\/wp\/v2\/posts\/6565\/revisions\/6836"}],"wp:featuredmedia":[{"embeddable":true,"href":"https:\/\/costablanca-magazin.com\/nb\/wp-json\/wp\/v2\/media\/6575"}],"wp:attachment":[{"href":"https:\/\/costablanca-magazin.com\/nb\/wp-json\/wp\/v2\/media?parent=6565"}],"wp:term":[{"taxonomy":"category","embeddable":true,"href":"https:\/\/costablanca-magazin.com\/nb\/wp-json\/wp\/v2\/categories?post=6565"},{"taxonomy":"post_tag","embeddable":true,"href":"https:\/\/costablanca-magazin.com\/nb\/wp-json\/wp\/v2\/tags?post=6565"}],"curies":[{"name":"wp","href":"https:\/\/api.w.org\/{rel}","templated":true}]}}