{"id":5836,"date":"2025-04-25T09:00:00","date_gmt":"2025-04-25T07:00:00","guid":{"rendered":"https:\/\/costablanca-magazin.com\/?p=5836"},"modified":"2026-01-27T10:26:25","modified_gmt":"2026-01-27T09:26:25","slug":"andreas-schaich-eiendomsekspert-ny-start-med-fremsyn","status":"publish","type":"post","link":"https:\/\/costablanca-magazin.com\/nb\/immobilien\/kauf-miete\/andreas-schaich-immobilienexperte-neustart-mit-weitblick\/","title":{"rendered":"Andreas Schaich eiendomsekspert - En ny start med visjoner"},"content":{"rendered":"<div data-elementor-type=\"wp-post\" data-elementor-id=\"5836\" class=\"elementor elementor-5836\" data-elementor-post-type=\"post\">\n\t\t\t\t\t\t<section class=\"elementor-section elementor-top-section elementor-element elementor-element-400b418 elementor-section-boxed elementor-section-height-default elementor-section-height-default\" data-id=\"400b418\" data-element_type=\"section\" data-e-type=\"section\">\n\t\t\t\t\t\t<div class=\"elementor-container elementor-column-gap-default\">\n\t\t\t\t\t<div class=\"elementor-column elementor-col-100 elementor-top-column elementor-element elementor-element-7d4d18b\" data-id=\"7d4d18b\" data-element_type=\"column\" data-e-type=\"column\">\n\t\t\t<div class=\"elementor-widget-wrap elementor-element-populated\">\n\t\t\t\t\t\t<div class=\"elementor-element elementor-element-8daf894 elementor-widget elementor-widget-text-editor\" data-id=\"8daf894\" data-element_type=\"widget\" data-e-type=\"widget\" data-widget_type=\"text-editor.default\">\n\t\t\t\t<div class=\"elementor-widget-container\">\n\t\t\t\t\t\t\t\t\t<p class=\"ai-h1title\"><strong>Andreas Schaich eiendomsekspert - En ny start med visjoner<\/strong><\/p>\t\t\t\t\t\t\t\t<\/div>\n\t\t\t\t<\/div>\n\t\t\t\t\t<\/div>\n\t\t<\/div>\n\t\t\t\t\t<\/div>\n\t\t<\/section>\n\t\t<div class=\"elementor-element elementor-element-97e26fc e-flex e-con-boxed e-con e-parent\" data-id=\"97e26fc\" data-element_type=\"container\" data-e-type=\"container\">\n\t\t\t\t\t<div class=\"e-con-inner\">\n\t\t\t\t<div class=\"elementor-element elementor-element-0754899 elementor-widget elementor-widget-heading\" data-id=\"0754899\" data-element_type=\"widget\" data-e-type=\"widget\" data-widget_type=\"heading.default\">\n\t\t\t\t<div class=\"elementor-widget-container\">\n\t\t\t\t\t<h1 class=\"elementor-heading-title elementor-size-default\">Andreas Schaich eiendomsekspert - En ny start med visjoner<\/h1>\t\t\t\t<\/div>\n\t\t\t\t<\/div>\n\t\t\t\t<div class=\"elementor-element elementor-element-968b283 elementor-widget elementor-widget-image\" data-id=\"968b283\" data-element_type=\"widget\" data-e-type=\"widget\" data-widget_type=\"image.default\">\n\t\t\t\t<div class=\"elementor-widget-container\">\n\t\t\t\t\t\t\t\t\t\t\t\t\t\t\t<img decoding=\"async\" src=\"https:\/\/costablanca-magazin.com\/wp-content\/uploads\/elementor\/thumbs\/Andreas-Schaich2-scaled-rjc5si09rks1wp459f24atqtc87uq59kz1qw7lwuws.jpg\" title=\"Andreas Schaich\" alt=\"Andreas Schaich\" loading=\"lazy\" \/>\t\t\t\t\t\t\t\t\t\t\t\t\t\t\t<\/div>\n\t\t\t\t<\/div>\n\t\t\t\t<div class=\"elementor-element elementor-element-8b683f6 elementor-widget elementor-widget-heading\" data-id=\"8b683f6\" data-element_type=\"widget\" data-e-type=\"widget\" data-widget_type=\"heading.default\">\n\t\t\t\t<div class=\"elementor-widget-container\">\n\t\t\t\t\t<h2 class=\"elementor-heading-title elementor-size-default\">Fra riktig tidspunkt \u00e5 kj\u00f8pe\nbyr\u00e5kratiske hindringer\ntil det virkelige sp\u00f8rsm\u00e5let om beliggenhet:\nEiendomsekspert Andreas Schaich\ngir nykommere en klar orientering for starten\ntil et nytt liv under den spanske solen - uten\nuten overraskelser.<\/h2>\t\t\t\t<\/div>\n\t\t\t\t<\/div>\n\t\t\t\t\t<\/div>\n\t\t\t\t<\/div>\n\t\t<div class=\"elementor-element elementor-element-ebb9b35 e-flex e-con-boxed e-con e-parent\" data-id=\"ebb9b35\" data-element_type=\"container\" data-e-type=\"container\">\n\t\t\t\t\t<div class=\"e-con-inner\">\n\t\t<div class=\"elementor-element elementor-element-a634803 e-con-full e-flex e-con e-child\" data-id=\"a634803\" data-element_type=\"container\" data-e-type=\"container\">\n\t\t\t\t<div class=\"elementor-element elementor-element-f23c413 elementor-widget elementor-widget-text-editor\" data-id=\"f23c413\" data-element_type=\"widget\" data-e-type=\"widget\" data-widget_type=\"text-editor.default\">\n\t\t\t\t<div class=\"elementor-widget-container\">\n\t\t\t\t\t\t\t\t\t<p>For mange begynner dr\u00f8mmen om \u00e5 bo p\u00e5 Costa Blanca med \u00f8nsket om \u00e5 kj\u00f8pe en bolig i en av Europas mest ettertraktede regioner. Men det er mer enn bare forventning mellom boligannonsen og n\u00f8kkeloverrekkelsen: Sp\u00f8rsm\u00e5l om skatter, skjulte kostnader, infrastruktur eller bruksmuligheter blir ofte undervurdert - og kan bli dyre i ettertid.<br \/>Andreas Schaich har i en \u00e5rrekke veiledet kj\u00f8pere gjennom eiendomsprosessen i regionen. I et intervju med CBM gir han praktisk innsikt: N\u00e5r l\u00f8nner det seg \u00e5 leie i stedet for \u00e5 kj\u00f8pe? Hvorfor kan en manglende kloakktilkobling bli en juridisk snublestein? Og hva b\u00f8r du v\u00e6re spesielt oppmerksom p\u00e5 for at din f\u00f8rste bolig ikke snart skal bli en midlertidig l\u00f8sning? En kompakt oversikt for alle som kommer til Costa Blanca - og som \u00f8nsker \u00e5 bli v\u00e6rende.<\/p>\n<!-- ai-h1words -->\n<p>Ny start Med tydelig ekspertise forklarer Andreas Schaich nykommere de viktigste stegene n\u00e5r de skal kj\u00f8pe eiendom p\u00e5 Costa Blanca, slik at byr\u00e5kratiske feller og skjulte kostnader ikke lenger kommer som en overraskelse.<\/p>\n<!-- \/ai-h1words -->\n\n<p><strong>Leie eller kj\u00f8pe? <\/strong><strong>N\u00e5r er leie det beste valget <\/strong><strong>for nyankomne?<\/strong><br \/>Jeg synes du b\u00f8r leie hvis du ikke kjenner omr\u00e5det enn\u00e5 og vil se hvordan du takler klimaet f\u00f8rst. Overvintring er ogs\u00e5 et godt alternativ for dette. Mange av kundene v\u00e5re leier fra november til februar for \u00e5 f\u00e5 et inntrykk av landet og menneskene. Spesielt i denne perioden kan du leie boliger til en fast pris og slipper \u00e5 betale den h\u00f8ye sesongprisen. \u00c5 kj\u00f8pe er helt klart den beste \u00f8konomiske beslutningen p\u00e5 lang sikt og gir en viss grad av sikkerhet. Hvis leieforholdet sies opp, m\u00e5 du flytte. Dette kan ikke skje hvis du kj\u00f8per. \u00c5 kj\u00f8pe gir ogs\u00e5 ulike bruksmuligheter. Eget bruk, familie, venner, kapitalplassering. Hvis markedet g\u00e5r bra, kan du oppn\u00e5 en sikker avkastning med en eiendom. (Til syvende og sist m\u00e5 alle selv avgj\u00f8re hvilket alternativ som er best for dem, og om de \u00f8nsker \u00e5 ta den \u00f8konomiske risikoen ved for eksempel \u00e5 finansiere eiendommen.<br \/><br \/><strong>Skatter og avgifter: Hvilke \u00f8konomiske forpliktelser overser mange kj\u00f8pere?<\/strong><br \/>I Spania er engangskostnadene ved kj\u00f8p av bolig relativt h\u00f8ye. For eksempel betaler du bare 10% av kj\u00f8pesummen i eiendomsskatt. Dette plasserer Spania i toppen sammenlignet med andre europeiske land. I tillegg kommer gebyrer til notarius publicus og tinglysing, samt ekstra kostnader til skatter\u00e5dgivere eller rett og slett konto\u00e5pningsgebyr. Dette utgj\u00f8r fort rundt 12,5 % av kj\u00f8pesummen. Hvis du i tillegg tar opp et l\u00e5n, kommer det ytterligere 1,5-2 % i gebyrer og skatter. Dette er noe kj\u00f8perne ofte overser. Det er derfor lurt \u00e5 r\u00e5df\u00f8re seg med en eiendomsmegler, skatter\u00e5dgiver eller advokat f\u00f8r kj\u00f8pet, som kan forklare de n\u00f8yaktige merkostnadene og gi r\u00e5d og hjelp. Ikke glem ekstrautgifter i form av oppussing eller gjenoppretting av str\u00f8m- og vannforsyningen, hvis den tidligere eieren har avbrutt disse for \u00e5 spare kostnader. For \u00e5 unng\u00e5 overraskelser b\u00f8r du ogs\u00e5 sjekke at selgeren har betalt l\u00f8pende avdrag og at det ikke er noen skatterestanser knyttet til eiendommen.<\/p>\t\t\t\t\t\t\t\t<\/div>\n\t\t\t\t<\/div>\n\t\t\t\t<\/div>\n\t\t<div class=\"elementor-element elementor-element-8a9ad70 e-con-full e-flex e-con e-child\" data-id=\"8a9ad70\" data-element_type=\"container\" data-e-type=\"container\">\n\t\t\t\t<div class=\"elementor-element elementor-element-c81680d elementor-widget elementor-widget-gallery\" data-id=\"c81680d\" data-element_type=\"widget\" data-e-type=\"widget\" data-settings=\"{&quot;columns&quot;:1,&quot;aspect_ratio&quot;:&quot;9:16&quot;,&quot;lazyload&quot;:&quot;yes&quot;,&quot;gallery_layout&quot;:&quot;grid&quot;,&quot;columns_tablet&quot;:2,&quot;columns_mobile&quot;:1,&quot;gap&quot;:{&quot;unit&quot;:&quot;px&quot;,&quot;size&quot;:10,&quot;sizes&quot;:[]},&quot;gap_tablet&quot;:{&quot;unit&quot;:&quot;px&quot;,&quot;size&quot;:10,&quot;sizes&quot;:[]},&quot;gap_mobile&quot;:{&quot;unit&quot;:&quot;px&quot;,&quot;size&quot;:10,&quot;sizes&quot;:[]},&quot;link_to&quot;:&quot;file&quot;,&quot;overlay_background&quot;:&quot;yes&quot;,&quot;content_hover_animation&quot;:&quot;fade-in&quot;}\" data-widget_type=\"gallery.default\">\n\t\t\t\t<div class=\"elementor-widget-container\">\n\t\t\t\t\t\t\t<div class=\"elementor-gallery__container\">\n\t\t\t\t\t\t\t<a class=\"e-gallery-item elementor-gallery-item elementor-animated-content\" href=\"https:\/\/costablanca-magazin.com\/wp-content\/uploads\/2025\/04\/white-village-altea-in-spain-2025-04-01-21-45-37-utc-scaled.jpg\" data-elementor-open-lightbox=\"yes\" data-elementor-lightbox-slideshow=\"c81680d\" data-elementor-lightbox-title=\"Neustart  mit Weitblick  f\u00fcr Immobilienk\u00e4ufer\" data-e-action-hash=\"#elementor-action%3Aaction%3Dlightbox%26settings%3DeyJpZCI6NTg1NiwidXJsIjoiaHR0cHM6XC9cL2Nvc3RhYmxhbmNhLW1hZ2F6aW4uY29tXC93cC1jb250ZW50XC91cGxvYWRzXC8yMDI1XC8wNFwvd2hpdGUtdmlsbGFnZS1hbHRlYS1pbi1zcGFpbi0yMDI1LTA0LTAxLTIxLTQ1LTM3LXV0Yy1zY2FsZWQuanBnIiwic2xpZGVzaG93IjoiYzgxNjgwZCJ9\">\n\t\t\t\t\t<div class=\"e-gallery-image elementor-gallery-item__image\" data-thumbnail=\"https:\/\/costablanca-magazin.com\/wp-content\/uploads\/2025\/04\/white-village-altea-in-spain-2025-04-01-21-45-37-utc-2048x1367.jpg\" data-width=\"2048\" data-height=\"1367\" aria-label=\"En ny start med fremsyn for boligkj\u00f8pere 1\" role=\"img\" ><\/div>\n\t\t\t\t\t\t\t\t\t\t\t<div class=\"elementor-gallery-item__overlay\"><\/div>\n\t\t\t\t\t\t\t\t\t\t\t\t\t\t<\/a>\n\t\t\t\t\t<\/div>\n\t\t\t\t\t<\/div>\n\t\t\t\t<\/div>\n\t\t\t\t<div class=\"elementor-element elementor-element-12618de elementor-widget elementor-widget-gallery\" data-id=\"12618de\" data-element_type=\"widget\" data-e-type=\"widget\" data-settings=\"{&quot;columns&quot;:1,&quot;aspect_ratio&quot;:&quot;16:9&quot;,&quot;lazyload&quot;:&quot;yes&quot;,&quot;gallery_layout&quot;:&quot;grid&quot;,&quot;columns_tablet&quot;:2,&quot;columns_mobile&quot;:1,&quot;gap&quot;:{&quot;unit&quot;:&quot;px&quot;,&quot;size&quot;:10,&quot;sizes&quot;:[]},&quot;gap_tablet&quot;:{&quot;unit&quot;:&quot;px&quot;,&quot;size&quot;:10,&quot;sizes&quot;:[]},&quot;gap_mobile&quot;:{&quot;unit&quot;:&quot;px&quot;,&quot;size&quot;:10,&quot;sizes&quot;:[]},&quot;link_to&quot;:&quot;file&quot;,&quot;overlay_background&quot;:&quot;yes&quot;,&quot;content_hover_animation&quot;:&quot;fade-in&quot;}\" data-widget_type=\"gallery.default\">\n\t\t\t\t<div class=\"elementor-widget-container\">\n\t\t\t\t\t\t\t<div class=\"elementor-gallery__container\">\n\t\t\t\t\t\t\t<a class=\"e-gallery-item elementor-gallery-item elementor-animated-content\" href=\"https:\/\/costablanca-magazin.com\/wp-content\/uploads\/2025\/04\/Schaich-Team-scaled.jpg\" data-elementor-open-lightbox=\"yes\" data-elementor-lightbox-slideshow=\"12618de\" data-elementor-lightbox-title=\"Schaich Team\" data-elementor-lightbox-description=\"Schaich Team\" data-e-action-hash=\"#elementor-action%3Aaction%3Dlightbox%26settings%3DeyJpZCI6NTg1MywidXJsIjoiaHR0cHM6XC9cL2Nvc3RhYmxhbmNhLW1hZ2F6aW4uY29tXC93cC1jb250ZW50XC91cGxvYWRzXC8yMDI1XC8wNFwvU2NoYWljaC1UZWFtLXNjYWxlZC5qcGciLCJzbGlkZXNob3ciOiIxMjYxOGRlIn0%3D\">\n\t\t\t\t\t<div class=\"e-gallery-image elementor-gallery-item__image\" data-thumbnail=\"https:\/\/costablanca-magazin.com\/wp-content\/uploads\/2025\/04\/Schaich-Team-2048x1095.jpg\" data-width=\"2048\" data-height=\"1095\" aria-label=\"Schaich-teamet\" role=\"img\" ><\/div>\n\t\t\t\t\t\t\t\t\t\t\t<div class=\"elementor-gallery-item__overlay\"><\/div>\n\t\t\t\t\t\t\t\t\t\t\t\t\t\t<\/a>\n\t\t\t\t\t<\/div>\n\t\t\t\t\t<\/div>\n\t\t\t\t<\/div>\n\t\t\t\t<\/div>\n\t\t\t\t\t<\/div>\n\t\t\t\t<\/div>\n\t\t<div class=\"elementor-element elementor-element-41acb6b e-flex e-con-boxed e-con e-parent\" data-id=\"41acb6b\" data-element_type=\"container\" data-e-type=\"container\">\n\t\t\t\t\t<div class=\"e-con-inner\">\n\t\t\t\t<div class=\"elementor-element elementor-element-17d15b8 elementor-widget elementor-widget-text-editor\" data-id=\"17d15b8\" data-element_type=\"widget\" data-e-type=\"widget\" data-widget_type=\"text-editor.default\">\n\t\t\t\t<div class=\"elementor-widget-container\">\n\t\t\t\t\t\t\t\t\t<p><strong>Byr\u00e5kratiske hindringer - Hvilke dokumenter kreves for kj\u00f8pet, og hvor svikter de ofte?<\/strong><br \/>Byr\u00e5kratiet stopper ikke ved Spania. For \u00f8yeblikket implementerer Spania mange EU-lover som til n\u00e5 har blitt ignorert. Et slitsomt tema her er sertifikater for beboelighet, kloakkforbindelser eller utleielisenser. For \u00e5 sikre et smidig salg \/ kj\u00f8p, anbefaler vi at du sjekker f\u00f8lgende dokumenter.<\/p><p>- Hvis huset er koblet til det offentlige kloakksystemet, kan det kobles til eller en septiktank i samsvar med forskriftene er installert. <br \/>- Har eiendommen en offisiell str\u00f8m-\/vannm\u00e5ler?. <br \/>- Hvis det er uoverensstemmelse mellom grunnboken og matrikkelen, m\u00e5 eiendommen rettes opp. <br \/>- Stemmer huset overens med de nyeste georeferansene\/m\u00e5lte verdiene, eller m\u00e5 bygninger og konstruksjoner m\u00e5les p\u00e5 nytt?. <br \/>- Er alle deler av bygningen (tilbygg, p\u00e5bygg, tilbygg, br\u00f8nner, garasjer, bassenger) registrert i grunnboken?. <br \/>- Er alle skatter og avgifter, f.eks. eiendomsskatt, betalt av selger?. <br \/>- Foreligger det en gyldig energiattest?. <br \/>- Det b\u00f8r sjekkes om det foreligger brudd p\u00e5 byplanleggingen. Hver kommune utsteder et papir for dette form\u00e5let p\u00e5 foresp\u00f8rsel. <br \/>- Foreligger det en gyldig beboelighetserkl\u00e6ring eller ansvarserkl\u00e6ring?. <br \/>- Hvis boligen skal leies ut som fritidsbolig, b\u00f8r du p\u00e5 forh\u00e5nd unders\u00f8ke om du kan f\u00e5 utleielisens i denne sonen.<\/p><p>Dette er de viktigste tingene \u00e5 sjekke, slik at man ikke f\u00e5r noen overraskelser senere. I prinsippet kan eiendommer ogs\u00e5 kj\u00f8pes gjennom en notarius publicus selv om ikke alle kravene er oppfylt. Til syvende og sist er det opp til kj\u00f8peren \u00e5 avgj\u00f8re hvordan de \u00f8nsker \u00e5 bruke eiendommen, og om de \u00f8nsker \u00e5 s\u00f8ke om utleiekonsesjon.<\/p><p>De fleste salg mislykkes i dag p\u00e5 grunn av manglende kloakktilkobling, noe som for eksempel betyr at det ikke er mulig \u00e5 oppdatere sertifikatet for beboelighet og dermed heller ikke \u00e5 f\u00e5 utleiekonsesjon.<br \/><br \/><strong>Kj\u00f8pe eiendom: <\/strong><strong>Hvilke vanlige feil <\/strong><strong>gj\u00f8re utenlandske kj\u00f8pere <\/strong><strong>p\u00e5 Costa Blanca?<\/strong><br \/>Utenlandske kj\u00f8pere er fremmede i Spania og kjenner ofte ikke til skikker og lovgivning. Hvis du sparer p\u00e5 feil sted eller velger feil partner, er du fortapt og vil angre p\u00e5 avgj\u00f8relsen din senere. For \u00e5 sikre at dette ikke skjer og at alle kj\u00f8pere har det g\u00f8y med eiendommen sin senere, anbefaler vi p\u00e5 det sterkeste \u00e5 kj\u00f8pe med en p\u00e5litelig eiendomsmegler, skatter\u00e5dgiver eller advokat. Google-anmeldelser og kundekommentarer er en god hjelp her. De som sparer for mye i begynnelsen, ender som regel opp med \u00e5 betale mer til slutt.<br \/>Markedsutvikling:<\/p>\t\t\t\t\t\t\t\t<\/div>\n\t\t\t\t<\/div>\n\t\t\t\t\t<\/div>\n\t\t\t\t<\/div>\n\t\t<div class=\"elementor-element elementor-element-470fc75 e-flex e-con-boxed e-con e-parent\" data-id=\"470fc75\" data-element_type=\"container\" data-e-type=\"container\">\n\t\t\t\t\t<div class=\"e-con-inner\">\n\t\t<div class=\"elementor-element elementor-element-eb55e57 e-con-full e-flex e-con e-child\" data-id=\"eb55e57\" data-element_type=\"container\" data-e-type=\"container\">\n\t\t\t\t<div class=\"elementor-element elementor-element-4d1485c elementor-widget elementor-widget-spacer\" data-id=\"4d1485c\" data-element_type=\"widget\" data-e-type=\"widget\" data-widget_type=\"spacer.default\">\n\t\t\t\t<div class=\"elementor-widget-container\">\n\t\t\t\t\t\t\t<div class=\"elementor-spacer\">\n\t\t\t<div class=\"elementor-spacer-inner\"><\/div>\n\t\t<\/div>\n\t\t\t\t\t\t<\/div>\n\t\t\t\t<\/div>\n\t\t\t\t<div class=\"elementor-element elementor-element-66bc1ce elementor-widget elementor-widget-gallery\" data-id=\"66bc1ce\" data-element_type=\"widget\" data-e-type=\"widget\" data-settings=\"{&quot;columns&quot;:1,&quot;aspect_ratio&quot;:&quot;1:1&quot;,&quot;lazyload&quot;:&quot;yes&quot;,&quot;gallery_layout&quot;:&quot;grid&quot;,&quot;columns_tablet&quot;:2,&quot;columns_mobile&quot;:1,&quot;gap&quot;:{&quot;unit&quot;:&quot;px&quot;,&quot;size&quot;:10,&quot;sizes&quot;:[]},&quot;gap_tablet&quot;:{&quot;unit&quot;:&quot;px&quot;,&quot;size&quot;:10,&quot;sizes&quot;:[]},&quot;gap_mobile&quot;:{&quot;unit&quot;:&quot;px&quot;,&quot;size&quot;:10,&quot;sizes&quot;:[]},&quot;link_to&quot;:&quot;file&quot;,&quot;overlay_background&quot;:&quot;yes&quot;,&quot;content_hover_animation&quot;:&quot;fade-in&quot;}\" data-widget_type=\"gallery.default\">\n\t\t\t\t<div class=\"elementor-widget-container\">\n\t\t\t\t\t\t\t<div class=\"elementor-gallery__container\">\n\t\t\t\t\t\t\t<a class=\"e-gallery-item elementor-gallery-item elementor-animated-content\" href=\"https:\/\/costablanca-magazin.com\/wp-content\/uploads\/2025\/04\/the-home-is-surrounded-by-greenery-and-modern-arch-2025-02-11-16-04-09-utc-scaled.jpg\" data-elementor-open-lightbox=\"yes\" data-elementor-lightbox-slideshow=\"66bc1ce\" data-elementor-lightbox-title=\"Neustart  mit Weitblick  f\u00fcr Immobilienk\u00e4ufer\" data-elementor-lightbox-description=\"Neustart mit Weitblick  f\u00fcrImmobilienk\u00e4ufer\" data-e-action-hash=\"#elementor-action%3Aaction%3Dlightbox%26settings%3DeyJpZCI6NTg1NSwidXJsIjoiaHR0cHM6XC9cL2Nvc3RhYmxhbmNhLW1hZ2F6aW4uY29tXC93cC1jb250ZW50XC91cGxvYWRzXC8yMDI1XC8wNFwvdGhlLWhvbWUtaXMtc3Vycm91bmRlZC1ieS1ncmVlbmVyeS1hbmQtbW9kZXJuLWFyY2gtMjAyNS0wMi0xMS0xNi0wNC0wOS11dGMtc2NhbGVkLmpwZyIsInNsaWRlc2hvdyI6IjY2YmMxY2UifQ%3D%3D\">\n\t\t\t\t\t<div class=\"e-gallery-image elementor-gallery-item__image\" data-thumbnail=\"https:\/\/costablanca-magazin.com\/wp-content\/uploads\/2025\/04\/the-home-is-surrounded-by-greenery-and-modern-arch-2025-02-11-16-04-09-utc-2048x1365.jpg\" data-width=\"2048\" data-height=\"1365\" aria-label=\"En ny start med visjoner for eiendomskj\u00f8pere\" role=\"img\" ><\/div>\n\t\t\t\t\t\t\t\t\t\t\t<div class=\"elementor-gallery-item__overlay\"><\/div>\n\t\t\t\t\t\t\t\t\t\t\t\t\t\t<\/a>\n\t\t\t\t\t<\/div>\n\t\t\t\t\t<\/div>\n\t\t\t\t<\/div>\n\t\t\t\t<div class=\"elementor-element elementor-element-08c8d87 elementor-widget elementor-widget-gallery\" data-id=\"08c8d87\" data-element_type=\"widget\" data-e-type=\"widget\" data-settings=\"{&quot;gallery_layout&quot;:&quot;masonry&quot;,&quot;columns&quot;:1,&quot;link_to&quot;:&quot;custom&quot;,&quot;url&quot;:{&quot;url&quot;:&quot;&quot;,&quot;is_external&quot;:&quot;on&quot;,&quot;nofollow&quot;:&quot;&quot;,&quot;custom_attributes&quot;:&quot;&quot;},&quot;lazyload&quot;:&quot;yes&quot;,&quot;columns_tablet&quot;:2,&quot;columns_mobile&quot;:1,&quot;gap&quot;:{&quot;unit&quot;:&quot;px&quot;,&quot;size&quot;:10,&quot;sizes&quot;:[]},&quot;gap_tablet&quot;:{&quot;unit&quot;:&quot;px&quot;,&quot;size&quot;:10,&quot;sizes&quot;:[]},&quot;gap_mobile&quot;:{&quot;unit&quot;:&quot;px&quot;,&quot;size&quot;:10,&quot;sizes&quot;:[]},&quot;overlay_background&quot;:&quot;yes&quot;,&quot;content_hover_animation&quot;:&quot;fade-in&quot;}\" data-widget_type=\"gallery.default\">\n\t\t\t\t<div class=\"elementor-widget-container\">\n\t\t\t\t\t\t\t<div class=\"elementor-gallery__container\">\n\t\t\t\t\t\t\t<a class=\"e-gallery-item elementor-gallery-item elementor-animated-content\" target=\"_blank\">\n\t\t\t\t\t<div class=\"e-gallery-image elementor-gallery-item__image\" data-thumbnail=\"https:\/\/costablanca-magazin.com\/wp-content\/uploads\/2025\/04\/mit-Kontakt-2048x628.jpg\" data-width=\"2048\" data-height=\"628\" aria-label=\"Andreas Schaich med kontaktperson\" role=\"img\" ><\/div>\n\t\t\t\t\t\t\t\t\t\t\t<div class=\"elementor-gallery-item__overlay\"><\/div>\n\t\t\t\t\t\t\t\t\t\t\t\t\t\t<\/a>\n\t\t\t\t\t<\/div>\n\t\t\t\t\t<\/div>\n\t\t\t\t<\/div>\n\t\t\t\t<\/div>\n\t\t<div class=\"elementor-element elementor-element-4b352db e-con-full e-flex e-con e-child\" data-id=\"4b352db\" data-element_type=\"container\" data-e-type=\"container\">\n\t\t\t\t<div class=\"elementor-element elementor-element-ab35da7 elementor-widget elementor-widget-text-editor\" data-id=\"ab35da7\" data-element_type=\"widget\" data-e-type=\"widget\" data-widget_type=\"text-editor.default\">\n\t\t\t\t<div class=\"elementor-widget-container\">\n\t\t\t\t\t\t\t\t\t<p><strong>Hvilke trender preger det lokale eiendomsmarkedet for \u00f8yeblikket?<\/strong><br \/>P\u00e5 grunn av den trange boligsituasjonen flytter stadig flere unge familier og samboerpar ut p\u00e5 landet. De kj\u00f8per seg en tomt, gjerder den inn og bor i et lite hus eller en campingvogn\/bobil. Dette er en trend. Folk \u00f8nsker \u00e5 leve s\u00e5 fritt og uavhengig som mulig. Dette er imidlertid juridisk tvilsomt og f\u00f8rer alltid til diskusjoner. Baksiden av medaljen er trenden mot stadig mer luksuri\u00f8se boliger. Prisene p\u00e5 luksusvillaer og luksusleiligheter i f\u00f8rste sj\u00f8linje eller p\u00e5 stranden skyter for tiden i v\u00e6ret. Noen investorer spekulerer med denne typen eiendommer og driver prisspiralen enda h\u00f8yere. Jeg vet om eiendommer som har blitt solgt for 1,5 millioner utenfor planen. De ble solgt videre for 2,5 millioner kort tid f\u00f8r ferdigstillelse, og s\u00e5 fant de en ny eier for 3,2 millioner euro et \u00e5r senere. Folk som har penger, vil ikke vente 2-3 \u00e5r p\u00e5 den boligen de \u00f8nsker seg, de vil kj\u00f8pe med en gang og er villige til \u00e5 betale en h\u00f8y pris for den.<\/p><p><strong>Til slutt - eksperttips: Hva b\u00f8r innvandrere etter din mening huske p\u00e5 for \u00e5 lykkes med \u00e5 komme hit p\u00e5 lang sikt?<\/strong><br \/>Det er faktisk ganske enkelt. Vi bor i et klimatisk og naturskj\u00f8nt paradis her. Hvis du forbereder deg godt og finner den rette eiendommen med den rette beliggenheten, b\u00f8r det ikke v\u00e6re noe problem. <br \/>Det er viktig \u00e5 vurdere forbindelsen til n\u00e6rmeste infrastruktur. Hvis du er for langt unna skoler, shoppingmuligheter, restauranter osv., vil du ofte m\u00e5tte flytte igjen etter 4-5 \u00e5r. Dette b\u00f8r unng\u00e5s, ettersom hver endring av eiendom mellom 13% - 22% resulterer i \u00f8deleggelse av kapital. S\u00e5 det er bedre \u00e5 ta den riktige avgj\u00f8relsen med en gang.<\/p>\t\t\t\t\t\t\t\t<\/div>\n\t\t\t\t<\/div>\n\t\t\t\t<\/div>\n\t\t\t\t\t<\/div>\n\t\t\t\t<\/div>\n\t\t<div class=\"elementor-element elementor-element-b2f0e7f e-flex e-con-boxed e-con e-parent\" data-id=\"b2f0e7f\" data-element_type=\"container\" data-e-type=\"container\">\n\t\t\t\t\t<div class=\"e-con-inner\">\n\t\t\t\t<div class=\"elementor-element elementor-element-7b29a2c elementor-widget elementor-widget-text-editor\" data-id=\"7b29a2c\" data-element_type=\"widget\" data-e-type=\"widget\" data-widget_type=\"text-editor.default\">\n\t\t\t\t<div class=\"elementor-widget-container\">\n\t\t\t\t\t\t\t\t\t<p>Uansett er min erfaring at de fleste eiendomsbeslutninger blir tatt p\u00e5 instinkt og ikke alltid er resultatet av det du hadde forestilt deg i dr\u00f8mmene dine. Men det er det som gj\u00f8r det spennende for alle involverte.<\/p>\t\t\t\t\t\t\t\t<\/div>\n\t\t\t\t<\/div>\n\t\t\t\t\t<\/div>\n\t\t\t\t<\/div>\n\t\t<div class=\"elementor-element elementor-element-ee5a4d4 e-flex e-con-boxed e-con e-parent\" data-id=\"ee5a4d4\" data-element_type=\"container\" data-e-type=\"container\">\n\t\t\t\t\t<div class=\"e-con-inner\">\n\t\t\t\t<div class=\"elementor-element elementor-element-6fd1099 elementor-grid-3 elementor-grid-tablet-2 elementor-grid-mobile-1 elementor-posts--thumbnail-top elementor-posts--show-avatar elementor-card-shadow-yes elementor-posts__hover-gradient elementor-widget elementor-widget-posts\" data-id=\"6fd1099\" data-element_type=\"widget\" data-e-type=\"widget\" data-settings=\"{&quot;cards_columns&quot;:&quot;3&quot;,&quot;cards_columns_tablet&quot;:&quot;2&quot;,&quot;cards_columns_mobile&quot;:&quot;1&quot;,&quot;cards_row_gap&quot;:{&quot;unit&quot;:&quot;px&quot;,&quot;size&quot;:35,&quot;sizes&quot;:[]},&quot;cards_row_gap_tablet&quot;:{&quot;unit&quot;:&quot;px&quot;,&quot;size&quot;:&quot;&quot;,&quot;sizes&quot;:[]},&quot;cards_row_gap_mobile&quot;:{&quot;unit&quot;:&quot;px&quot;,&quot;size&quot;:&quot;&quot;,&quot;sizes&quot;:[]}}\" data-widget_type=\"posts.cards\">\n\t\t\t\t<div class=\"elementor-widget-container\">\n\t\t\t\t\t\t\t<div class=\"elementor-posts-container elementor-posts elementor-posts--skin-cards elementor-grid\" role=\"list\">\n\t\t\t\t<article class=\"elementor-post elementor-grid-item post-10772 post type-post status-publish format-standard has-post-thumbnail hentry category-kauf-miete tag-ferienimmobilie-rechtliche-vorgaben-spanien tag-ferienvermietung-costa-blanca-2 tag-irnr-vermietung-spanien tag-kurzzeitmiete-steuerpflicht-spanien tag-kurzzeitvermietung-spanien-meldepflicht tag-modelo-210-ferienwohnung tag-nrua-2026-spanien tag-registro-turismo-valencia tag-touristische-vermietung-comunidad-valenciana tag-vermietung-benidorm-denia-altea-vorschriften\" role=\"listitem\">\n\t\t\t<div class=\"elementor-post__card\">\n\t\t\t\t<a class=\"elementor-post__thumbnail__link\" href=\"https:\/\/costablanca-magazin.com\/nb\/immobilien\/kauf-miete\/nrua-2026-costa-blanca-melde-und-steuerpflicht-fuer-vermieter\/\" tabindex=\"-1\" ><div class=\"elementor-post__thumbnail\"><img decoding=\"async\" width=\"300\" height=\"142\" src=\"https:\/\/costablanca-magazin.com\/wp-content\/uploads\/2026\/02\/bauen-und-wohnen-mallorca-inselmagazin-haus-e1771429547307-300x142.jpg\" class=\"attachment-medium size-medium wp-image-10778\" alt=\"NRUA 2026 p\u00e5 Costa Blanca: registreringskrav, skatteregler og risiko for ferieutleiere\" srcset=\"https:\/\/costablanca-magazin.com\/wp-content\/uploads\/2026\/02\/bauen-und-wohnen-mallorca-inselmagazin-haus-e1771429547307-300x142.jpg 300w, https:\/\/costablanca-magazin.com\/wp-content\/uploads\/2026\/02\/bauen-und-wohnen-mallorca-inselmagazin-haus-e1771429547307-768x363.jpg 768w, https:\/\/costablanca-magazin.com\/wp-content\/uploads\/2026\/02\/bauen-und-wohnen-mallorca-inselmagazin-haus-e1771429547307-18x9.jpg 18w, https:\/\/costablanca-magazin.com\/wp-content\/uploads\/2026\/02\/bauen-und-wohnen-mallorca-inselmagazin-haus-e1771429547307.jpg 890w\" sizes=\"(max-width: 300px) 100vw, 300px\" \/><\/div><\/a>\n\t\t\t\t<div class=\"elementor-post__badge\">Kj\u00f8p og leie<\/div>\n\t\t\t\t<div class=\"elementor-post__avatar\">\n\t\t\t\t\t<\/div>\n\t\t\t\t<div class=\"elementor-post__text\">\n\t\t\t\t<h3 class=\"elementor-post__title\">\n\t\t\t<a href=\"https:\/\/costablanca-magazin.com\/nb\/immobilien\/kauf-miete\/nrua-2026-costa-blanca-melde-und-steuerpflicht-fuer-vermieter\/\" >\n\t\t\t\tNRUA 2026 Costa Blanca: Registrerings- og skatteplikt for utleiere\t\t\t<\/a>\n\t\t<\/h3>\n\t\t\t\t<\/div>\n\t\t\t\t\t<\/div>\n\t\t<\/article>\n\t\t\t\t<article class=\"elementor-post elementor-grid-item post-9926 post type-post status-publish format-standard has-post-thumbnail hentry category-service-recht tag-ferienvermietung-spanien tag-immobiliensteuer-costa-blanca tag-modelo-210 tag-nicht-residenten-steuern-costa-blanca tag-nra-registrierung tag-steuererklaerung-nicht-residenten\" role=\"listitem\">\n\t\t\t<div class=\"elementor-post__card\">\n\t\t\t\t<a class=\"elementor-post__thumbnail__link\" href=\"https:\/\/costablanca-magazin.com\/nb\/immobilien\/service-recht\/steuern-fuer-nicht-residenten-an-der-costa-blanca-2025-26\/\" tabindex=\"-1\" ><div class=\"elementor-post__thumbnail\"><img fetchpriority=\"high\" decoding=\"async\" width=\"300\" height=\"169\" src=\"https:\/\/costablanca-magazin.com\/wp-content\/uploads\/2025\/11\/property-investment-and-house-mortgage-financial-c-2025-03-08-19-55-48-utc-300x169.jpg\" class=\"attachment-medium size-medium wp-image-9964\" alt=\"Skatt for ikke-bosatte p\u00e5 Costa Blanca 2025\/26\" srcset=\"https:\/\/costablanca-magazin.com\/wp-content\/uploads\/2025\/11\/property-investment-and-house-mortgage-financial-c-2025-03-08-19-55-48-utc-300x169.jpg 300w, https:\/\/costablanca-magazin.com\/wp-content\/uploads\/2025\/11\/property-investment-and-house-mortgage-financial-c-2025-03-08-19-55-48-utc-1024x576.jpg 1024w, https:\/\/costablanca-magazin.com\/wp-content\/uploads\/2025\/11\/property-investment-and-house-mortgage-financial-c-2025-03-08-19-55-48-utc-768x432.jpg 768w, https:\/\/costablanca-magazin.com\/wp-content\/uploads\/2025\/11\/property-investment-and-house-mortgage-financial-c-2025-03-08-19-55-48-utc-1536x864.jpg 1536w, https:\/\/costablanca-magazin.com\/wp-content\/uploads\/2025\/11\/property-investment-and-house-mortgage-financial-c-2025-03-08-19-55-48-utc-18x10.jpg 18w\" sizes=\"(max-width: 300px) 100vw, 300px\" \/><\/div><\/a>\n\t\t\t\t<div class=\"elementor-post__badge\">Service og jus<\/div>\n\t\t\t\t<div class=\"elementor-post__avatar\">\n\t\t\t\t\t<\/div>\n\t\t\t\t<div class=\"elementor-post__text\">\n\t\t\t\t<h3 class=\"elementor-post__title\">\n\t\t\t<a href=\"https:\/\/costablanca-magazin.com\/nb\/immobilien\/service-recht\/steuern-fuer-nicht-residenten-an-der-costa-blanca-2025-26\/\" >\n\t\t\t\tSkatt for ikke-bosatte p\u00e5 Costa Blanca 2025\/26\t\t\t<\/a>\n\t\t<\/h3>\n\t\t\t\t<\/div>\n\t\t\t\t\t<\/div>\n\t\t<\/article>\n\t\t\t\t<article class=\"elementor-post elementor-grid-item post-9748 post type-post status-publish format-standard has-post-thumbnail hentry category-kauf-miete tag-immobilieninvestment-mallorca tag-immobilienkauf-mallorca-fuer-investoren tag-kernsaniertes-stadthaus-llucmajor-erfahrung tag-kernsaniertes-stadthaus-mallorca tag-llucmajor-immobilie tag-mallorca-immobilien tag-mallorca-immobilien-wertentwicklung--altstadthaus-mallorca-modernisiert tag-mallorca-invest-2026 tag-stadthaus-mallorca-kaufen\" role=\"listitem\">\n\t\t\t<div class=\"elementor-post__card\">\n\t\t\t\t<a class=\"elementor-post__thumbnail__link\" href=\"https:\/\/costablanca-magazin.com\/nb\/immobilien\/kauf-miete\/mallorca-immobilien-wertstabiles-investment-in-llucmajor\/\" tabindex=\"-1\" ><div class=\"elementor-post__thumbnail\"><img decoding=\"async\" width=\"300\" height=\"169\" src=\"https:\/\/costablanca-magazin.com\/wp-content\/uploads\/2025\/11\/20251122_111433-300x169.jpg\" class=\"attachment-medium size-medium wp-image-9798\" alt=\"Mallorca som investeringsmarked: Hvorfor er det s\u00e6rlig ettersp\u00f8rsel etter eksklusive byhus i sentrum?\" srcset=\"https:\/\/costablanca-magazin.com\/wp-content\/uploads\/2025\/11\/20251122_111433-300x169.jpg 300w, https:\/\/costablanca-magazin.com\/wp-content\/uploads\/2025\/11\/20251122_111433-1024x577.jpg 1024w, https:\/\/costablanca-magazin.com\/wp-content\/uploads\/2025\/11\/20251122_111433-768x432.jpg 768w, https:\/\/costablanca-magazin.com\/wp-content\/uploads\/2025\/11\/20251122_111433-1536x865.jpg 1536w, https:\/\/costablanca-magazin.com\/wp-content\/uploads\/2025\/11\/20251122_111433-2048x1153.jpg 2048w, https:\/\/costablanca-magazin.com\/wp-content\/uploads\/2025\/11\/20251122_111433-18x10.jpg 18w\" sizes=\"(max-width: 300px) 100vw, 300px\" \/><\/div><\/a>\n\t\t\t\t<div class=\"elementor-post__badge\">Kj\u00f8p og leie<\/div>\n\t\t\t\t<div class=\"elementor-post__avatar\">\n\t\t\t\t\t<\/div>\n\t\t\t\t<div class=\"elementor-post__text\">\n\t\t\t\t<h3 class=\"elementor-post__title\">\n\t\t\t<a href=\"https:\/\/costablanca-magazin.com\/nb\/immobilien\/kauf-miete\/mallorca-immobilien-wertstabiles-investment-in-llucmajor\/\" >\n\t\t\t\tMallorca eiendom \u2013 verdistabil investering i Llucmajor\t\t\t<\/a>\n\t\t<\/h3>\n\t\t\t\t<\/div>\n\t\t\t\t\t<\/div>\n\t\t<\/article>\n\t\t\t\t<\/div>\n\t\t\n\t\t\t\t\t\t<\/div>\n\t\t\t\t<\/div>\n\t\t\t\t\t<\/div>\n\t\t\t\t<\/div>\n\t\t\t\t<\/div>","protected":false},"excerpt":{"rendered":"<p>Andreas Schaich Immobilienexperte &#8211; Neustart mit Weitblick Andreas Schaich Immobilienexperte &#8211; Neustart mit Weitblick Vom richtigen Zeitpunkt zum Kauf \u00fcber<\/p>","protected":false},"author":1,"featured_media":5851,"comment_status":"closed","ping_status":"closed","sticky":false,"template":"elementor_header_footer","format":"standard","meta":{"footnotes":""},"categories":[983],"tags":[192,613,176],"class_list":["post-5836","post","type-post","status-publish","format-standard","has-post-thumbnail","hentry","category-kauf-miete","tag-andreas-schaich","tag-costa-blanca-2","tag-immobilien-costa-blanca"],"aioseo_notices":[],"_links":{"self":[{"href":"https:\/\/costablanca-magazin.com\/nb\/wp-json\/wp\/v2\/posts\/5836","targetHints":{"allow":["GET"]}}],"collection":[{"href":"https:\/\/costablanca-magazin.com\/nb\/wp-json\/wp\/v2\/posts"}],"about":[{"href":"https:\/\/costablanca-magazin.com\/nb\/wp-json\/wp\/v2\/types\/post"}],"author":[{"embeddable":true,"href":"https:\/\/costablanca-magazin.com\/nb\/wp-json\/wp\/v2\/users\/1"}],"replies":[{"embeddable":true,"href":"https:\/\/costablanca-magazin.com\/nb\/wp-json\/wp\/v2\/comments?post=5836"}],"version-history":[{"count":19,"href":"https:\/\/costablanca-magazin.com\/nb\/wp-json\/wp\/v2\/posts\/5836\/revisions"}],"predecessor-version":[{"id":10475,"href":"https:\/\/costablanca-magazin.com\/nb\/wp-json\/wp\/v2\/posts\/5836\/revisions\/10475"}],"wp:featuredmedia":[{"embeddable":true,"href":"https:\/\/costablanca-magazin.com\/nb\/wp-json\/wp\/v2\/media\/5851"}],"wp:attachment":[{"href":"https:\/\/costablanca-magazin.com\/nb\/wp-json\/wp\/v2\/media?parent=5836"}],"wp:term":[{"taxonomy":"category","embeddable":true,"href":"https:\/\/costablanca-magazin.com\/nb\/wp-json\/wp\/v2\/categories?post=5836"},{"taxonomy":"post_tag","embeddable":true,"href":"https:\/\/costablanca-magazin.com\/nb\/wp-json\/wp\/v2\/tags?post=5836"}],"curies":[{"name":"wp","href":"https:\/\/api.w.org\/{rel}","templated":true}]}}