{"id":5708,"date":"2025-04-18T09:00:00","date_gmt":"2025-04-18T07:00:00","guid":{"rendered":"https:\/\/costablanca-magazin.com\/?p=5708"},"modified":"2026-03-09T09:54:10","modified_gmt":"2026-03-09T08:54:10","slug":"faro-de-lalbir-pa-costa-blanca-vandring-med-vid-utsikt","status":"publish","type":"post","link":"https:\/\/costablanca-magazin.com\/nb\/freizeit\/aktivitaeten-und-ausfluege\/faro-de-lalbir-an-der-costa-blanca-wandern-mit-weitblick\/","title":{"rendered":"Faro de l'Albir p\u00e5 Costa Blanca - fotturer med vidstrakt utsikt"},"content":{"rendered":"<div data-elementor-type=\"wp-post\" data-elementor-id=\"5708\" class=\"elementor elementor-5708\" data-elementor-post-type=\"post\">\n\t\t\t\t\t\t<section class=\"elementor-section elementor-top-section elementor-element elementor-element-0ca9219 elementor-section-boxed elementor-section-height-default elementor-section-height-default\" data-id=\"0ca9219\" data-element_type=\"section\" data-e-type=\"section\">\n\t\t\t\t\t\t<div class=\"elementor-container elementor-column-gap-default\">\n\t\t\t\t\t<div class=\"elementor-column elementor-col-100 elementor-top-column elementor-element elementor-element-6e6272c\" data-id=\"6e6272c\" data-element_type=\"column\" data-e-type=\"column\">\n\t\t\t<div class=\"elementor-widget-wrap elementor-element-populated\">\n\t\t\t\t\t\t<div class=\"elementor-element elementor-element-f1a900f elementor-widget elementor-widget-text-editor\" data-id=\"f1a900f\" data-element_type=\"widget\" data-e-type=\"widget\" data-widget_type=\"text-editor.default\">\n\t\t\t\t<div class=\"elementor-widget-container\">\n\t\t\t\t\t\t\t\t\t<p class=\"ai-h1title\"><strong>Faro de l'Albir p\u00e5 Costa Blanca - fotturer med vidstrakt utsikt<\/strong><\/p>\t\t\t\t\t\t\t\t<\/div>\n\t\t\t\t<\/div>\n\t\t\t\t\t<\/div>\n\t\t<\/div>\n\t\t\t\t\t<\/div>\n\t\t<\/section>\n\t\t<div class=\"elementor-element elementor-element-d5f3770 e-flex e-con-boxed e-con e-parent\" data-id=\"d5f3770\" data-element_type=\"container\" data-e-type=\"container\">\n\t\t\t\t\t<div class=\"e-con-inner\">\n\t\t\t\t<div class=\"elementor-element elementor-element-b7b7e71 elementor-widget elementor-widget-heading\" data-id=\"b7b7e71\" data-element_type=\"widget\" data-e-type=\"widget\" data-widget_type=\"heading.default\">\n\t\t\t\t<div class=\"elementor-widget-container\">\n\t\t\t\t\t<h1 class=\"elementor-heading-title elementor-size-default\">Faro de l'Albir\n - Panoramautsikt s\u00e5 langt som til Ibiza<\/h1>\t\t\t\t<\/div>\n\t\t\t\t<\/div>\n\t\t\t\t<div class=\"elementor-element elementor-element-6dbcb47 elementor-widget elementor-widget-image\" data-id=\"6dbcb47\" data-element_type=\"widget\" data-e-type=\"widget\" data-widget_type=\"image.default\">\n\t\t\t\t<div class=\"elementor-widget-container\">\n\t\t\t\t\t\t\t\t\t\t\t\t\t\t\t<img fetchpriority=\"high\" decoding=\"async\" width=\"1781\" height=\"500\" src=\"https:\/\/costablanca-magazin.com\/wp-content\/uploads\/2025\/04\/CV-Ruta_al_Faro_del_Albir-_1781X500.jpg\" class=\"attachment-full size-full wp-image-5736\" alt=\"Faro de l\u2019Albir 7\" srcset=\"https:\/\/costablanca-magazin.com\/wp-content\/uploads\/2025\/04\/CV-Ruta_al_Faro_del_Albir-_1781X500.jpg 1781w, https:\/\/costablanca-magazin.com\/wp-content\/uploads\/2025\/04\/CV-Ruta_al_Faro_del_Albir-_1781X500-300x84.jpg 300w, https:\/\/costablanca-magazin.com\/wp-content\/uploads\/2025\/04\/CV-Ruta_al_Faro_del_Albir-_1781X500-1024x287.jpg 1024w, https:\/\/costablanca-magazin.com\/wp-content\/uploads\/2025\/04\/CV-Ruta_al_Faro_del_Albir-_1781X500-768x216.jpg 768w, https:\/\/costablanca-magazin.com\/wp-content\/uploads\/2025\/04\/CV-Ruta_al_Faro_del_Albir-_1781X500-1536x431.jpg 1536w\" sizes=\"(max-width: 1781px) 100vw, 1781px\" \/>\t\t\t\t\t\t\t\t\t\t\t\t\t\t\t<\/div>\n\t\t\t\t<\/div>\n\t\t\t\t<div class=\"elementor-element elementor-element-9302c71 elementor-widget elementor-widget-heading\" data-id=\"9302c71\" data-element_type=\"widget\" data-e-type=\"widget\" data-widget_type=\"heading.default\">\n\t\t\t\t<div class=\"elementor-widget-container\">\n\t\t\t\t\t<h2 class=\"elementor-heading-title elementor-size-default\">En utflukt til naturparken Serra Gelada byr p\u00e5 mer enn bare frisk luft: ved fyrt\u00e5rnet i Albir\nVed Albir-fyrt\u00e5rnet m\u00f8tes avslappede turstier og sporty l\u00f8yper - med utsikt helt til Ibiza.<\/h2>\t\t\t\t<\/div>\n\t\t\t\t<\/div>\n\t\t\t\t\t<\/div>\n\t\t\t\t<\/div>\n\t\t<div class=\"elementor-element elementor-element-ca03d4b e-flex e-con-boxed e-con e-parent\" data-id=\"ca03d4b\" data-element_type=\"container\" data-e-type=\"container\">\n\t\t\t\t\t<div class=\"e-con-inner\">\n\t\t<div class=\"elementor-element elementor-element-32b4e1e e-con-full e-flex e-con e-child\" data-id=\"32b4e1e\" data-element_type=\"container\" data-e-type=\"container\">\n\t\t\t\t<div class=\"elementor-element elementor-element-d5407c3 elementor-widget elementor-widget-text-editor\" data-id=\"d5407c3\" data-element_type=\"widget\" data-e-type=\"widget\" data-widget_type=\"text-editor.default\">\n\t\t\t\t<div class=\"elementor-widget-container\">\n\t\t\t\t\t\t\t\t\t<p>Ikke alle utflukter trenger \u00e5 v\u00e6re spektakul\u00e6re for \u00e5 gj\u00f8re inntrykk. Noen ganger er det nok med en godt vedlikeholdt sti, det rette lyset og et utfluktsm\u00e5l som kombinerer historie og utsikt - som Faro de l'Albir. Fyret, som har v\u00e5ket over Albir-bukten siden 1800-tallet, er midtpunktet i et lite, men mangfoldig nettverk av stier i naturparken Serra Gelada mellom Albir og Benidorm. Veien dit er like tilgjengelig som den er naturskj\u00f8nn.<\/p>\n<!-- ai-h1words -->\n<p>Faro de l'Albir kombinerer natur, historie, panoramautsikt og fotturer p\u00e5 en behagelig og uanstrengt m\u00e5te, og er ideelt for korte spaserturer og lengre turer langs Serra Gelada.<\/p>\n<!-- \/ai-h1words -->\n\n\t\t\t\t\t\t\t\t<\/div>\n\t\t\t\t<\/div>\n\t\t\t\t<div class=\"elementor-element elementor-element-4edf50a elementor-widget-divider--separator-type-pattern elementor-widget-divider--view-line elementor-widget elementor-widget-divider\" data-id=\"4edf50a\" data-element_type=\"widget\" data-e-type=\"widget\" data-widget_type=\"divider.default\">\n\t\t\t\t<div class=\"elementor-widget-container\">\n\t\t\t\t\t\t\t<div class=\"elementor-divider\" style=\"--divider-pattern-url: url(&quot;data:image\/svg+xml,%3Csvg xmlns=&#039;http:\/\/www.w3.org\/2000\/svg&#039; preserveAspectRatio=&#039;none&#039; overflow=&#039;visible&#039; height=&#039;100%&#039; viewBox=&#039;0 0 24 24&#039; fill=&#039;none&#039; stroke=&#039;black&#039; stroke-width=&#039;3.5&#039; stroke-linecap=&#039;square&#039; stroke-miterlimit=&#039;10&#039;%3E%3Cpath d=&#039;M0,6c6,0,6,13,12,13S18,6,24,6&#039;\/%3E%3C\/svg%3E&quot;);\">\n\t\t\t<span class=\"elementor-divider-separator\">\n\t\t\t\t\t\t<\/span>\n\t\t<\/div>\n\t\t\t\t\t\t<\/div>\n\t\t\t\t<\/div>\n\t\t\t\t<div class=\"elementor-element elementor-element-5f66351 elementor-widget elementor-widget-gallery\" data-id=\"5f66351\" data-element_type=\"widget\" data-e-type=\"widget\" data-settings=\"{&quot;gap&quot;:{&quot;unit&quot;:&quot;px&quot;,&quot;size&quot;:1,&quot;sizes&quot;:[]},&quot;aspect_ratio&quot;:&quot;9:16&quot;,&quot;lazyload&quot;:&quot;yes&quot;,&quot;gallery_layout&quot;:&quot;grid&quot;,&quot;columns&quot;:4,&quot;columns_tablet&quot;:2,&quot;columns_mobile&quot;:1,&quot;gap_tablet&quot;:{&quot;unit&quot;:&quot;px&quot;,&quot;size&quot;:10,&quot;sizes&quot;:[]},&quot;gap_mobile&quot;:{&quot;unit&quot;:&quot;px&quot;,&quot;size&quot;:10,&quot;sizes&quot;:[]},&quot;link_to&quot;:&quot;file&quot;,&quot;overlay_background&quot;:&quot;yes&quot;,&quot;content_hover_animation&quot;:&quot;fade-in&quot;}\" data-widget_type=\"gallery.default\">\n\t\t\t\t<div class=\"elementor-widget-container\">\n\t\t\t\t\t\t\t<div class=\"elementor-gallery__container\">\n\t\t\t\t\t\t\t<a class=\"e-gallery-item elementor-gallery-item elementor-animated-content\" href=\"https:\/\/costablanca-magazin.com\/wp-content\/uploads\/2025\/04\/costablanca-lifestyle-wanderung-faro-de-albir-51-scaled.jpg\" data-elementor-open-lightbox=\"yes\" data-elementor-lightbox-slideshow=\"5f66351\" data-elementor-lightbox-title=\"Der Faro de l\u2019Albir\" data-elementor-lightbox-description=\"Der Faro de l\u2019Albir \" data-e-action-hash=\"#elementor-action%3Aaction%3Dlightbox%26settings%3DeyJpZCI6NTczNSwidXJsIjoiaHR0cHM6XC9cL2Nvc3RhYmxhbmNhLW1hZ2F6aW4uY29tXC93cC1jb250ZW50XC91cGxvYWRzXC8yMDI1XC8wNFwvY29zdGFibGFuY2EtbGlmZXN0eWxlLXdhbmRlcnVuZy1mYXJvLWRlLWFsYmlyLTUxLXNjYWxlZC5qcGciLCJzbGlkZXNob3ciOiI1ZjY2MzUxIn0%3D\">\n\t\t\t\t\t<div class=\"e-gallery-image elementor-gallery-item__image\" data-thumbnail=\"https:\/\/costablanca-magazin.com\/wp-content\/uploads\/2025\/04\/costablanca-lifestyle-wanderung-faro-de-albir-51-2048x1365.jpg\" data-width=\"2048\" data-height=\"1365\" aria-label=\"Faro de l\u2019Albir 6\" role=\"img\" ><\/div>\n\t\t\t\t\t\t\t\t\t\t\t<div class=\"elementor-gallery-item__overlay\"><\/div>\n\t\t\t\t\t\t\t\t\t\t\t\t\t\t<\/a>\n\t\t\t\t\t\t\t<a class=\"e-gallery-item elementor-gallery-item elementor-animated-content\" href=\"https:\/\/costablanca-magazin.com\/wp-content\/uploads\/2025\/04\/costablanca-lifestyle-wanderung-faro-de-albir-46-scaled.jpg\" data-elementor-open-lightbox=\"yes\" data-elementor-lightbox-slideshow=\"5f66351\" data-elementor-lightbox-title=\"Der Faro de l\u2019Albir\" data-elementor-lightbox-description=\"Der Faro de l\u2019Albir \" data-e-action-hash=\"#elementor-action%3Aaction%3Dlightbox%26settings%3DeyJpZCI6NTczNCwidXJsIjoiaHR0cHM6XC9cL2Nvc3RhYmxhbmNhLW1hZ2F6aW4uY29tXC93cC1jb250ZW50XC91cGxvYWRzXC8yMDI1XC8wNFwvY29zdGFibGFuY2EtbGlmZXN0eWxlLXdhbmRlcnVuZy1mYXJvLWRlLWFsYmlyLTQ2LXNjYWxlZC5qcGciLCJzbGlkZXNob3ciOiI1ZjY2MzUxIn0%3D\">\n\t\t\t\t\t<div class=\"e-gallery-image elementor-gallery-item__image\" data-thumbnail=\"https:\/\/costablanca-magazin.com\/wp-content\/uploads\/2025\/04\/costablanca-lifestyle-wanderung-faro-de-albir-46-2048x1365.jpg\" data-width=\"2048\" data-height=\"1365\" aria-label=\"Faro de l\u2019Albir 5\" role=\"img\" ><\/div>\n\t\t\t\t\t\t\t\t\t\t\t<div class=\"elementor-gallery-item__overlay\"><\/div>\n\t\t\t\t\t\t\t\t\t\t\t\t\t\t<\/a>\n\t\t\t\t\t\t\t<a class=\"e-gallery-item elementor-gallery-item elementor-animated-content\" href=\"https:\/\/costablanca-magazin.com\/wp-content\/uploads\/2025\/04\/costablanca-lifestyle-wanderung-faro-de-albir-8-rotated.jpg\" data-elementor-open-lightbox=\"yes\" data-elementor-lightbox-slideshow=\"5f66351\" data-elementor-lightbox-title=\"Der Faro de l\u2019Albir\" data-elementor-lightbox-description=\"Der Faro de l\u2019Albir \" data-e-action-hash=\"#elementor-action%3Aaction%3Dlightbox%26settings%3DeyJpZCI6NTcyOSwidXJsIjoiaHR0cHM6XC9cL2Nvc3RhYmxhbmNhLW1hZ2F6aW4uY29tXC93cC1jb250ZW50XC91cGxvYWRzXC8yMDI1XC8wNFwvY29zdGFibGFuY2EtbGlmZXN0eWxlLXdhbmRlcnVuZy1mYXJvLWRlLWFsYmlyLTgtcm90YXRlZC5qcGciLCJzbGlkZXNob3ciOiI1ZjY2MzUxIn0%3D\">\n\t\t\t\t\t<div class=\"e-gallery-image elementor-gallery-item__image\" data-thumbnail=\"https:\/\/costablanca-magazin.com\/wp-content\/uploads\/2025\/04\/costablanca-lifestyle-wanderung-faro-de-albir-8-1365x2048.jpg\" data-width=\"1365\" data-height=\"2048\" aria-label=\"Faro de l&#039;Albir\" role=\"img\" ><\/div>\n\t\t\t\t\t\t\t\t\t\t\t<div class=\"elementor-gallery-item__overlay\"><\/div>\n\t\t\t\t\t\t\t\t\t\t\t\t\t\t<\/a>\n\t\t\t\t\t<\/div>\n\t\t\t\t\t<\/div>\n\t\t\t\t<\/div>\n\t\t\t\t<div class=\"elementor-element elementor-element-fea7558 elementor-widget-divider--separator-type-pattern elementor-widget-divider--view-line elementor-widget elementor-widget-divider\" data-id=\"fea7558\" data-element_type=\"widget\" data-e-type=\"widget\" data-widget_type=\"divider.default\">\n\t\t\t\t<div class=\"elementor-widget-container\">\n\t\t\t\t\t\t\t<div class=\"elementor-divider\" style=\"--divider-pattern-url: url(&quot;data:image\/svg+xml,%3Csvg xmlns=&#039;http:\/\/www.w3.org\/2000\/svg&#039; preserveAspectRatio=&#039;none&#039; overflow=&#039;visible&#039; height=&#039;100%&#039; viewBox=&#039;0 0 24 24&#039; fill=&#039;none&#039; stroke=&#039;black&#039; stroke-width=&#039;3.5&#039; stroke-linecap=&#039;square&#039; stroke-miterlimit=&#039;10&#039;%3E%3Cpath d=&#039;M0,6c6,0,6,13,12,13S18,6,24,6&#039;\/%3E%3C\/svg%3E&quot;);\">\n\t\t\t<span class=\"elementor-divider-separator\">\n\t\t\t\t\t\t<\/span>\n\t\t<\/div>\n\t\t\t\t\t\t<\/div>\n\t\t\t\t<\/div>\n\t\t\t\t<div class=\"elementor-element elementor-element-266286a elementor-widget elementor-widget-text-editor\" data-id=\"266286a\" data-element_type=\"widget\" data-e-type=\"widget\" data-widget_type=\"text-editor.default\">\n\t\t\t\t<div class=\"elementor-widget-container\">\n\t\t\t\t\t\t\t\t\t<p><strong>Asfalt, utsikt, utstilling <\/strong><strong>Den klassiske fyrstien<\/strong><br \/>Hovedstien til Faro er ca. fem kilometer lang (tur\/retur), fullstendig tilrettelagt og barrierefri. Den f\u00f8lger den tidligere forsyningsruten og passer for alle aldersgrupper - b\u00e5de til fots, med barnevogn og p\u00e5 sykkel. Informasjonstavler langs veien gir informasjon om geologi, vegetasjon og det lokale livet i havet. P\u00e5 klare dager strekker utsikten seg over Alteabukten til Pe\u00f1\u00f3n de Ifach. De som kommer frem til m\u00e5let, blir bel\u00f8nnet med mer enn bare panoramautsikt: Fyrbygningen huser i dag en liten utstilling om historien til regionens maritime signalsystem.<br \/><br \/><strong>For de erfarne: Oppstigning til Alt del Governador<\/strong><br \/>Hvis den direkte ruten er for slak for deg, kan du ta stien halvveis opp til Alt del Governador - det h\u00f8yeste punktet i parken. Den bratte oppstigningen krever god kondisjon, men byr ogs\u00e5 p\u00e5 en spektakul\u00e6r panoramautsikt<\/p>\t\t\t\t\t\t\t\t<\/div>\n\t\t\t\t<\/div>\n\t\t\t\t<\/div>\n\t\t<div class=\"elementor-element elementor-element-6e16620 e-con-full e-flex e-con e-child\" data-id=\"6e16620\" data-element_type=\"container\" data-e-type=\"container\">\n\t\t\t\t<div class=\"elementor-element elementor-element-9f02b7b elementor-widget elementor-widget-text-editor\" data-id=\"9f02b7b\" data-element_type=\"widget\" data-e-type=\"widget\" data-widget_type=\"text-editor.default\">\n\t\t\t\t<div class=\"elementor-widget-container\">\n\t\t\t\t\t\t\t\t\t<p>Godt fotfeste og solide sko er et must, da ruten g\u00e5r over asfalterte og smale stier. Vel oppe p\u00e5 toppen venter en panoramautsikt som - i godt v\u00e6r - strekker seg helt til nabo\u00f8ya Ibiza. <br \/><br \/><strong>Vill kyststi for oppdagelsesreisende<\/strong><br \/>Det tredje alternativet f\u00f8rer langs de forrevne klippene. Mindre utviklet, med et variert landskap, men stedvis utfordrende. Stien f\u00f8rer til skjulte viker, langs smale stier og gjennom middelhavsvegetasjon. Hvis du velger denne delen, b\u00f8r du v\u00e6re sikker p\u00e5 foten og sette av nok tid. Til gjengjeld byr ruten p\u00e5 en ren naturopplevelse - langt fra hovedstiene.<\/p>\t\t\t\t\t\t\t\t<\/div>\n\t\t\t\t<\/div>\n\t\t\t\t<div class=\"elementor-element elementor-element-37a0e31 elementor-widget-divider--separator-type-pattern elementor-widget-divider--view-line elementor-widget elementor-widget-divider\" data-id=\"37a0e31\" data-element_type=\"widget\" data-e-type=\"widget\" data-widget_type=\"divider.default\">\n\t\t\t\t<div class=\"elementor-widget-container\">\n\t\t\t\t\t\t\t<div class=\"elementor-divider\" style=\"--divider-pattern-url: url(&quot;data:image\/svg+xml,%3Csvg xmlns=&#039;http:\/\/www.w3.org\/2000\/svg&#039; preserveAspectRatio=&#039;none&#039; overflow=&#039;visible&#039; height=&#039;100%&#039; viewBox=&#039;0 0 24 24&#039; fill=&#039;none&#039; stroke=&#039;black&#039; stroke-width=&#039;3.5&#039; stroke-linecap=&#039;square&#039; stroke-miterlimit=&#039;10&#039;%3E%3Cpath d=&#039;M0,6c6,0,6,13,12,13S18,6,24,6&#039;\/%3E%3C\/svg%3E&quot;);\">\n\t\t\t<span class=\"elementor-divider-separator\">\n\t\t\t\t\t\t<\/span>\n\t\t<\/div>\n\t\t\t\t\t\t<\/div>\n\t\t\t\t<\/div>\n\t\t\t\t<div class=\"elementor-element elementor-element-66cc65b elementor-widget elementor-widget-gallery\" data-id=\"66cc65b\" data-element_type=\"widget\" data-e-type=\"widget\" data-settings=\"{&quot;columns&quot;:2,&quot;gap&quot;:{&quot;unit&quot;:&quot;px&quot;,&quot;size&quot;:1,&quot;sizes&quot;:[]},&quot;lazyload&quot;:&quot;yes&quot;,&quot;gallery_layout&quot;:&quot;grid&quot;,&quot;columns_tablet&quot;:2,&quot;columns_mobile&quot;:1,&quot;gap_tablet&quot;:{&quot;unit&quot;:&quot;px&quot;,&quot;size&quot;:10,&quot;sizes&quot;:[]},&quot;gap_mobile&quot;:{&quot;unit&quot;:&quot;px&quot;,&quot;size&quot;:10,&quot;sizes&quot;:[]},&quot;link_to&quot;:&quot;file&quot;,&quot;aspect_ratio&quot;:&quot;3:2&quot;,&quot;overlay_background&quot;:&quot;yes&quot;,&quot;content_hover_animation&quot;:&quot;fade-in&quot;}\" data-widget_type=\"gallery.default\">\n\t\t\t\t<div class=\"elementor-widget-container\">\n\t\t\t\t\t\t\t<div class=\"elementor-gallery__container\">\n\t\t\t\t\t\t\t<a class=\"e-gallery-item elementor-gallery-item elementor-animated-content\" href=\"https:\/\/costablanca-magazin.com\/wp-content\/uploads\/2025\/04\/costablanca-lifestyle-wanderung-faro-de-albir-27-rotated.jpg\" data-elementor-open-lightbox=\"yes\" data-elementor-lightbox-slideshow=\"66cc65b\" data-elementor-lightbox-title=\"Der Faro de l\u2019Albir\" data-elementor-lightbox-description=\"Der Faro de l\u2019Albir \" data-e-action-hash=\"#elementor-action%3Aaction%3Dlightbox%26settings%3DeyJpZCI6NTczMSwidXJsIjoiaHR0cHM6XC9cL2Nvc3RhYmxhbmNhLW1hZ2F6aW4uY29tXC93cC1jb250ZW50XC91cGxvYWRzXC8yMDI1XC8wNFwvY29zdGFibGFuY2EtbGlmZXN0eWxlLXdhbmRlcnVuZy1mYXJvLWRlLWFsYmlyLTI3LXJvdGF0ZWQuanBnIiwic2xpZGVzaG93IjoiNjZjYzY1YiJ9\">\n\t\t\t\t\t<div class=\"e-gallery-image elementor-gallery-item__image\" data-thumbnail=\"https:\/\/costablanca-magazin.com\/wp-content\/uploads\/2025\/04\/costablanca-lifestyle-wanderung-faro-de-albir-27-683x1024.jpg\" data-width=\"683\" data-height=\"1024\" aria-label=\"Faro de l\u2019Albir 2\" role=\"img\" ><\/div>\n\t\t\t\t\t\t\t\t\t\t\t<div class=\"elementor-gallery-item__overlay\"><\/div>\n\t\t\t\t\t\t\t\t\t\t\t\t\t\t<\/a>\n\t\t\t\t\t\t\t<a class=\"e-gallery-item elementor-gallery-item elementor-animated-content\" href=\"https:\/\/costablanca-magazin.com\/wp-content\/uploads\/2025\/04\/costablanca-lifestyle-wanderung-faro-de-albir-29-rotated.jpg\" data-elementor-open-lightbox=\"yes\" data-elementor-lightbox-slideshow=\"66cc65b\" data-elementor-lightbox-title=\"Der Faro de l\u2019Albir\" data-elementor-lightbox-description=\"Der Faro de l\u2019Albir \" data-e-action-hash=\"#elementor-action%3Aaction%3Dlightbox%26settings%3DeyJpZCI6NTczMiwidXJsIjoiaHR0cHM6XC9cL2Nvc3RhYmxhbmNhLW1hZ2F6aW4uY29tXC93cC1jb250ZW50XC91cGxvYWRzXC8yMDI1XC8wNFwvY29zdGFibGFuY2EtbGlmZXN0eWxlLXdhbmRlcnVuZy1mYXJvLWRlLWFsYmlyLTI5LXJvdGF0ZWQuanBnIiwic2xpZGVzaG93IjoiNjZjYzY1YiJ9\">\n\t\t\t\t\t<div class=\"e-gallery-image elementor-gallery-item__image\" data-thumbnail=\"https:\/\/costablanca-magazin.com\/wp-content\/uploads\/2025\/04\/costablanca-lifestyle-wanderung-faro-de-albir-29-683x1024.jpg\" data-width=\"683\" data-height=\"1024\" aria-label=\"Faro de l\u2019Albir 3\" role=\"img\" ><\/div>\n\t\t\t\t\t\t\t\t\t\t\t<div class=\"elementor-gallery-item__overlay\"><\/div>\n\t\t\t\t\t\t\t\t\t\t\t\t\t\t<\/a>\n\t\t\t\t\t\t\t<a class=\"e-gallery-item elementor-gallery-item elementor-animated-content\" href=\"https:\/\/costablanca-magazin.com\/wp-content\/uploads\/2025\/04\/costablanca-lifestyle-wanderung-faro-de-albir-40-scaled.jpg\" data-elementor-open-lightbox=\"yes\" data-elementor-lightbox-slideshow=\"66cc65b\" data-elementor-lightbox-title=\"Der Faro de l\u2019Albir\" data-elementor-lightbox-description=\"Der Faro de l\u2019Albir \" data-e-action-hash=\"#elementor-action%3Aaction%3Dlightbox%26settings%3DeyJpZCI6NTczMywidXJsIjoiaHR0cHM6XC9cL2Nvc3RhYmxhbmNhLW1hZ2F6aW4uY29tXC93cC1jb250ZW50XC91cGxvYWRzXC8yMDI1XC8wNFwvY29zdGFibGFuY2EtbGlmZXN0eWxlLXdhbmRlcnVuZy1mYXJvLWRlLWFsYmlyLTQwLXNjYWxlZC5qcGciLCJzbGlkZXNob3ciOiI2NmNjNjViIn0%3D\">\n\t\t\t\t\t<div class=\"e-gallery-image elementor-gallery-item__image\" data-thumbnail=\"https:\/\/costablanca-magazin.com\/wp-content\/uploads\/2025\/04\/costablanca-lifestyle-wanderung-faro-de-albir-40-1024x683.jpg\" data-width=\"800\" data-height=\"534\" aria-label=\"Faro de l\u2019Albir 4\" role=\"img\" ><\/div>\n\t\t\t\t\t\t\t\t\t\t\t<div class=\"elementor-gallery-item__overlay\"><\/div>\n\t\t\t\t\t\t\t\t\t\t\t\t\t\t<\/a>\n\t\t\t\t\t\t\t<a class=\"e-gallery-item elementor-gallery-item elementor-animated-content\" href=\"https:\/\/costablanca-magazin.com\/wp-content\/uploads\/2025\/04\/costablanca-lifestyle-wanderung-faro-de-albir-17-scaled.jpg\" data-elementor-open-lightbox=\"yes\" data-elementor-lightbox-slideshow=\"66cc65b\" data-elementor-lightbox-title=\"Der Faro de l\u2019Albir\" data-elementor-lightbox-description=\"Der Faro de l\u2019Albir \" data-e-action-hash=\"#elementor-action%3Aaction%3Dlightbox%26settings%3DeyJpZCI6NTczMCwidXJsIjoiaHR0cHM6XC9cL2Nvc3RhYmxhbmNhLW1hZ2F6aW4uY29tXC93cC1jb250ZW50XC91cGxvYWRzXC8yMDI1XC8wNFwvY29zdGFibGFuY2EtbGlmZXN0eWxlLXdhbmRlcnVuZy1mYXJvLWRlLWFsYmlyLTE3LXNjYWxlZC5qcGciLCJzbGlkZXNob3ciOiI2NmNjNjViIn0%3D\">\n\t\t\t\t\t<div class=\"e-gallery-image elementor-gallery-item__image\" data-thumbnail=\"https:\/\/costablanca-magazin.com\/wp-content\/uploads\/2025\/04\/costablanca-lifestyle-wanderung-faro-de-albir-17-1024x683.jpg\" data-width=\"800\" data-height=\"534\" aria-label=\"Faro de l\u2019Albir 1\" role=\"img\" ><\/div>\n\t\t\t\t\t\t\t\t\t\t\t<div class=\"elementor-gallery-item__overlay\"><\/div>\n\t\t\t\t\t\t\t\t\t\t\t\t\t\t<\/a>\n\t\t\t\t\t<\/div>\n\t\t\t\t\t<\/div>\n\t\t\t\t<\/div>\n\t\t\t\t<div class=\"elementor-element elementor-element-ad72aeb elementor-widget-divider--separator-type-pattern elementor-widget-divider--view-line elementor-widget elementor-widget-divider\" data-id=\"ad72aeb\" data-element_type=\"widget\" data-e-type=\"widget\" data-widget_type=\"divider.default\">\n\t\t\t\t<div class=\"elementor-widget-container\">\n\t\t\t\t\t\t\t<div class=\"elementor-divider\" style=\"--divider-pattern-url: url(&quot;data:image\/svg+xml,%3Csvg xmlns=&#039;http:\/\/www.w3.org\/2000\/svg&#039; preserveAspectRatio=&#039;none&#039; overflow=&#039;visible&#039; height=&#039;100%&#039; viewBox=&#039;0 0 24 24&#039; fill=&#039;none&#039; stroke=&#039;black&#039; stroke-width=&#039;3.5&#039; stroke-linecap=&#039;square&#039; stroke-miterlimit=&#039;10&#039;%3E%3Cpath d=&#039;M0,6c6,0,6,13,12,13S18,6,24,6&#039;\/%3E%3C\/svg%3E&quot;);\">\n\t\t\t<span class=\"elementor-divider-separator\">\n\t\t\t\t\t\t<\/span>\n\t\t<\/div>\n\t\t\t\t\t\t<\/div>\n\t\t\t\t<\/div>\n\t\t\t\t<div class=\"elementor-element elementor-element-224cc9c elementor-widget elementor-widget-text-editor\" data-id=\"224cc9c\" data-element_type=\"widget\" data-e-type=\"widget\" data-widget_type=\"text-editor.default\">\n\t\t\t\t<div class=\"elementor-widget-container\">\n\t\t\t\t\t\t\t\t\t<p><strong>Opplev naturen - uten en lang reise<\/strong><br \/>Faro de l'Albir er et eksempel p\u00e5 hvordan n\u00e6rrekreasjon p\u00e5 Costa Blanca kan se ut: allsidig, naturn\u00e6rt og egnet for ulike treningsniv\u00e5er. Hvis du legger ut tidlig, kan du nyte de kj\u00f8ligere timene og det spesielle lyset om morgenen - med vidstrakt utsikt inkludert.<\/p><p>Enten det gjelder noen f\u00e5 skritt eller ambisi\u00f8se h\u00f8ydemeter - veien til fyret er alltid en god beslutning.<\/p>\t\t\t\t\t\t\t\t<\/div>\n\t\t\t\t<\/div>\n\t\t\t\t<\/div>\n\t\t\t\t\t<\/div>\n\t\t\t\t<\/div>\n\t\t\t\t<\/div>","protected":false},"excerpt":{"rendered":"<p>Faro de l\u2019Albir an der Costa Blanca &#8211; Wandern mit Weitblick Der Faro de l\u2019Albir &#8211; Rundumblick bis nach Ibiza Ein Ausflug in den Naturpark Serra Gelada bietet mehr als frische Luft: Am Leuchtturm von Albir kreuzen sich entspannte Spazierwege und sportliche Pfade \u2013 inklusive Fernsicht bis Ibiza. Nicht jeder Ausflug muss spektakul\u00e4r sein, um [&hellip;]<\/p>\n","protected":false},"author":1,"featured_media":5736,"comment_status":"closed","ping_status":"closed","sticky":false,"template":"elementor_header_footer","format":"standard","meta":{"om_disable_all_campaigns":false,"_monsterinsights_skip_tracking":false,"_monsterinsights_sitenote_active":false,"_monsterinsights_sitenote_note":"","_monsterinsights_sitenote_category":0,"footnotes":""},"categories":[22],"tags":[814,420,813,811,815,816,812,306],"class_list":["post-5708","post","type-post","status-publish","format-standard","has-post-thumbnail","hentry","category-aktivitaeten-und-ausfluege","tag-alt-del-governador","tag-ausfluege-costa-blanca","tag-barrierefreie-wanderwege-costa-blanca","tag-faro-de-lalbir","tag-kuestenpfad-albir","tag-naturpark-albir-benidorm","tag-serra-gelada-wanderung","tag-wandern-an-der-costa-blanca"],"aioseo_notices":[],"_links":{"self":[{"href":"https:\/\/costablanca-magazin.com\/nb\/wp-json\/wp\/v2\/posts\/5708","targetHints":{"allow":["GET"]}}],"collection":[{"href":"https:\/\/costablanca-magazin.com\/nb\/wp-json\/wp\/v2\/posts"}],"about":[{"href":"https:\/\/costablanca-magazin.com\/nb\/wp-json\/wp\/v2\/types\/post"}],"author":[{"embeddable":true,"href":"https:\/\/costablanca-magazin.com\/nb\/wp-json\/wp\/v2\/users\/1"}],"replies":[{"embeddable":true,"href":"https:\/\/costablanca-magazin.com\/nb\/wp-json\/wp\/v2\/comments?post=5708"}],"version-history":[{"count":13,"href":"https:\/\/costablanca-magazin.com\/nb\/wp-json\/wp\/v2\/posts\/5708\/revisions"}],"predecessor-version":[{"id":11063,"href":"https:\/\/costablanca-magazin.com\/nb\/wp-json\/wp\/v2\/posts\/5708\/revisions\/11063"}],"wp:featuredmedia":[{"embeddable":true,"href":"https:\/\/costablanca-magazin.com\/nb\/wp-json\/wp\/v2\/media\/5736"}],"wp:attachment":[{"href":"https:\/\/costablanca-magazin.com\/nb\/wp-json\/wp\/v2\/media?parent=5708"}],"wp:term":[{"taxonomy":"category","embeddable":true,"href":"https:\/\/costablanca-magazin.com\/nb\/wp-json\/wp\/v2\/categories?post=5708"},{"taxonomy":"post_tag","embeddable":true,"href":"https:\/\/costablanca-magazin.com\/nb\/wp-json\/wp\/v2\/tags?post=5708"}],"curies":[{"name":"wp","href":"https:\/\/api.w.org\/{rel}","templated":true}]}}