{"id":5707,"date":"2025-04-17T09:00:00","date_gmt":"2025-04-17T07:00:00","guid":{"rendered":"https:\/\/costablanca-magazin.com\/?p=5707"},"modified":"2025-07-08T05:27:42","modified_gmt":"2025-07-08T03:27:42","slug":"costa-blanca-nispero-en-liten-frukt-stor-tradisjon","status":"publish","type":"post","link":"https:\/\/costablanca-magazin.com\/nb\/residenten\/tiere-natur\/costa-blanca-nispero-eine-kleine-frucht-grosse-tradition\/","title":{"rendered":"Costa Blanca - N\u00edspero - en liten frukt, en stor tradisjon"},"content":{"rendered":"<div data-elementor-type=\"wp-post\" data-elementor-id=\"5707\" class=\"elementor elementor-5707\" data-elementor-post-type=\"post\">\n\t\t\t\t<div class=\"elementor-element elementor-element-e7028a2 e-flex e-con-boxed e-con e-parent\" data-id=\"e7028a2\" data-element_type=\"container\" data-e-type=\"container\">\n\t\t\t\t\t<div class=\"e-con-inner\">\n\t\t\t\t<div class=\"elementor-element elementor-element-f0f5119 elementor-widget elementor-widget-heading\" data-id=\"f0f5119\" data-element_type=\"widget\" data-e-type=\"widget\" data-widget_type=\"heading.default\">\n\t\t\t\t<div class=\"elementor-widget-container\">\n\t\t\t\t\t<h1 class=\"elementor-heading-title elementor-size-default\">Costa Blanca - N\u00edspero - en liten frukt, en stor tradisjon<\/h1>\t\t\t\t<\/div>\n\t\t\t\t<\/div>\n\t\t\t\t<div class=\"elementor-element elementor-element-12200b3 elementor-widget elementor-widget-image\" data-id=\"12200b3\" data-element_type=\"widget\" data-e-type=\"widget\" data-widget_type=\"image.default\">\n\t\t\t\t<div class=\"elementor-widget-container\">\n\t\t\t\t\t\t\t\t\t\t\t\t\t\t\t<img decoding=\"async\" src=\"https:\/\/costablanca-magazin.com\/wp-content\/uploads\/elementor\/thumbs\/loquat-fruit-nispero-eriobotrya-japonica-loquat-2024-11-26-15-38-52-utc-scaled-rjc5x8524l8dtiwqbvx4t0z8h4h35h1tcyby1qdml0.jpg\" title=\"Liten, f\u00f8lsom frukt, stor tradisjon - N\u00edspero fra Callosa d&#039;en Sarri\u00e0\" alt=\"Liten, delikat frukt, stor tradisjon \u2013 N\u00edspero fra Callosa d&#039;en Sarri\u00e0 2\" loading=\"lazy\" \/>\t\t\t\t\t\t\t\t\t\t\t\t\t\t\t<\/div>\n\t\t\t\t<\/div>\n\t\t\t\t<div class=\"elementor-element elementor-element-740f15b elementor-widget elementor-widget-heading\" data-id=\"740f15b\" data-element_type=\"widget\" data-e-type=\"widget\" data-widget_type=\"heading.default\">\n\t\t\t\t<div class=\"elementor-widget-container\">\n\t\t\t\t\t<h2 class=\"elementor-heading-title elementor-size-default\">Hvorfor den lille loquaten rundt Callosa, Polop og La Nuc\u00eda er en stor sak.<\/h2>\t\t\t\t<\/div>\n\t\t\t\t<\/div>\n\t\t\t\t\t<\/div>\n\t\t\t\t<\/div>\n\t\t<div class=\"elementor-element elementor-element-16b97bb e-flex e-con-boxed e-con e-parent\" data-id=\"16b97bb\" data-element_type=\"container\" data-e-type=\"container\">\n\t\t\t\t\t<div class=\"e-con-inner\">\n\t\t<div class=\"elementor-element elementor-element-867c03f e-con-full e-flex e-con e-child\" data-id=\"867c03f\" data-element_type=\"container\" data-e-type=\"container\">\n\t\t\t\t<div class=\"elementor-element elementor-element-e799c34 elementor-widget elementor-widget-text-editor\" data-id=\"e799c34\" data-element_type=\"widget\" data-e-type=\"widget\" data-widget_type=\"text-editor.default\">\n\t\t\t\t<div class=\"elementor-widget-container\">\n\t\t\t\t\t\t\t\t\t<p>N\u00e5r n\u00edspero-sesongen begynner i Callosa d'en Sarri\u00e0, Polop eller La Nuc\u00eda, er det hektisk aktivitet. De delikate oransjefargede fruktene m\u00e5 h\u00f8stes i l\u00f8pet av noen f\u00e5 uker, ettersom de er ekstremt f\u00f8lsomme. Derfor hjelper hele regionen til - ofte til og med ordf\u00f8reren selv - for \u00e5 f\u00e5 de delikate n\u00edsperoene i kurvene i tide.<br \/>Den japanske loquaten (\u201eN\u00edspero\u201c), som opprinnelig kommer fra Kina, har trivdes i det milde klimaet p\u00e5 Costa Blanca i nesten hundre \u00e5r. <br \/>Rundt Callosa d'en Sarri\u00e0, det viktigste dyrkingsomr\u00e5det i Spania, b\u00e6rer frukten til og med kvalitetsstempelet \u201eDOP N\u00edspero de Callosa d'en Sarri\u00e0\u201c. Dette garanterer eksepsjonell s\u00f8dme og friskhet, noe som har gitt frukten sitt rykte.<br \/>N\u00edsperos har en s\u00f8t og syrlig smak og passer perfekt til desserter, syltet\u00f8y, forfriskende sorbeter, eksotiske chutneyer eller til og med som tilbeh\u00f8r til salte retter som ostetallerkener eller grillet kj\u00f8tt. I tillegg til den unike smaken har de ogs\u00e5 en rekke helsefordeler: De er rike p\u00e5 kalium, vitamin A og fiber, hjelper ford\u00f8yelsen og kan bidra til \u00e5 senke kolesterolniv\u00e5et.<\/p>\t\t\t\t\t\t\t\t<\/div>\n\t\t\t\t<\/div>\n\t\t\t\t<\/div>\n\t\t<div class=\"elementor-element elementor-element-93cce3e e-con-full e-flex e-con e-child\" data-id=\"93cce3e\" data-element_type=\"container\" data-e-type=\"container\">\n\t\t\t\t<div class=\"elementor-element elementor-element-48c4477 elementor-widget elementor-widget-gallery\" data-id=\"48c4477\" data-element_type=\"widget\" data-e-type=\"widget\" data-settings=\"{&quot;columns&quot;:1,&quot;aspect_ratio&quot;:&quot;1:1&quot;,&quot;lazyload&quot;:&quot;yes&quot;,&quot;gallery_layout&quot;:&quot;grid&quot;,&quot;columns_tablet&quot;:2,&quot;columns_mobile&quot;:1,&quot;gap&quot;:{&quot;unit&quot;:&quot;px&quot;,&quot;size&quot;:10,&quot;sizes&quot;:[]},&quot;gap_tablet&quot;:{&quot;unit&quot;:&quot;px&quot;,&quot;size&quot;:10,&quot;sizes&quot;:[]},&quot;gap_mobile&quot;:{&quot;unit&quot;:&quot;px&quot;,&quot;size&quot;:10,&quot;sizes&quot;:[]},&quot;link_to&quot;:&quot;file&quot;,&quot;overlay_background&quot;:&quot;yes&quot;,&quot;content_hover_animation&quot;:&quot;fade-in&quot;}\" data-widget_type=\"gallery.default\">\n\t\t\t\t<div class=\"elementor-widget-container\">\n\t\t\t\t\t\t\t<div class=\"elementor-gallery__container\">\n\t\t\t\t\t\t\t<a class=\"e-gallery-item elementor-gallery-item elementor-animated-content\" href=\"https:\/\/costablanca-magazin.com\/wp-content\/uploads\/2025\/04\/Fonts-del-Algar-Wasserfaelle-Costablanca-12.jpeg\" data-elementor-open-lightbox=\"yes\" data-elementor-lightbox-slideshow=\"48c4477\" data-elementor-lightbox-title=\"Kleine,  sensible Frucht,  gro\u00dfe Tradition \u2013  Die N\u00edspero aus Callosa d&#039;en Sarri\u00e0\" data-elementor-lightbox-description=\"Kleine, sensible Frucht, gro\u00dfe Tradition \u2013 Die N\u00edspero aus Callosa d&#039;en Sarri\u00e0\" data-e-action-hash=\"#elementor-action%3Aaction%3Dlightbox%26settings%3DeyJpZCI6NTcxOSwidXJsIjoiaHR0cHM6XC9cL2Nvc3RhYmxhbmNhLW1hZ2F6aW4uY29tXC93cC1jb250ZW50XC91cGxvYWRzXC8yMDI1XC8wNFwvRm9udHMtZGVsLUFsZ2FyLVdhc3NlcmZhZWxsZS1Db3N0YWJsYW5jYS0xMi5qcGVnIiwic2xpZGVzaG93IjoiNDhjNDQ3NyJ9\">\n\t\t\t\t\t<div class=\"e-gallery-image elementor-gallery-item__image\" data-thumbnail=\"https:\/\/costablanca-magazin.com\/wp-content\/uploads\/2025\/04\/Fonts-del-Algar-Wasserfaelle-Costablanca-12-768x1024.jpeg\" data-width=\"768\" data-height=\"1024\" aria-label=\"Liten, f\u00f8lsom frukt, stor tradisjon - N\u00edspero fra Callosa d&#039;en Sarri\u00e0\" role=\"img\" ><\/div>\n\t\t\t\t\t\t\t\t\t\t\t<div class=\"elementor-gallery-item__overlay\"><\/div>\n\t\t\t\t\t\t\t\t\t\t\t\t\t\t<\/a>\n\t\t\t\t\t<\/div>\n\t\t\t\t\t<\/div>\n\t\t\t\t<\/div>\n\t\t\t\t<\/div>\n\t\t<div class=\"elementor-element elementor-element-075ee96 e-con-full e-flex e-con e-child\" data-id=\"075ee96\" data-element_type=\"container\" data-e-type=\"container\">\n\t\t\t\t<div class=\"elementor-element elementor-element-84bdd6b elementor-widget elementor-widget-gallery\" data-id=\"84bdd6b\" data-element_type=\"widget\" data-e-type=\"widget\" data-settings=\"{&quot;columns&quot;:1,&quot;aspect_ratio&quot;:&quot;16:9&quot;,&quot;lazyload&quot;:&quot;yes&quot;,&quot;gallery_layout&quot;:&quot;grid&quot;,&quot;columns_tablet&quot;:2,&quot;columns_mobile&quot;:1,&quot;gap&quot;:{&quot;unit&quot;:&quot;px&quot;,&quot;size&quot;:10,&quot;sizes&quot;:[]},&quot;gap_tablet&quot;:{&quot;unit&quot;:&quot;px&quot;,&quot;size&quot;:10,&quot;sizes&quot;:[]},&quot;gap_mobile&quot;:{&quot;unit&quot;:&quot;px&quot;,&quot;size&quot;:10,&quot;sizes&quot;:[]},&quot;link_to&quot;:&quot;file&quot;,&quot;overlay_background&quot;:&quot;yes&quot;,&quot;content_hover_animation&quot;:&quot;fade-in&quot;}\" data-widget_type=\"gallery.default\">\n\t\t\t\t<div class=\"elementor-widget-container\">\n\t\t\t\t\t\t\t<div class=\"elementor-gallery__container\">\n\t\t\t\t\t\t\t<a class=\"e-gallery-item elementor-gallery-item elementor-animated-content\" href=\"https:\/\/costablanca-magazin.com\/wp-content\/uploads\/2025\/04\/nispero-fruits-ripening-on-the-tree-also-known-as-2025-03-10-05-01-12-utc-scaled.jpg\" data-elementor-open-lightbox=\"yes\" data-elementor-lightbox-slideshow=\"84bdd6b\" data-elementor-lightbox-title=\"Kleine,  sensible Frucht,  gro\u00dfe Tradition \u2013  Die N\u00edspero aus Callosa d&#039;en Sarri\u00e0\" data-elementor-lightbox-description=\"Kleine, sensible Frucht, gro\u00dfe Tradition \u2013 Die N\u00edspero aus Callosa d&#039;en Sarri\u00e0\" data-e-action-hash=\"#elementor-action%3Aaction%3Dlightbox%26settings%3DeyJpZCI6NTcyMiwidXJsIjoiaHR0cHM6XC9cL2Nvc3RhYmxhbmNhLW1hZ2F6aW4uY29tXC93cC1jb250ZW50XC91cGxvYWRzXC8yMDI1XC8wNFwvbmlzcGVyby1mcnVpdHMtcmlwZW5pbmctb24tdGhlLXRyZWUtYWxzby1rbm93bi1hcy0yMDI1LTAzLTEwLTA1LTAxLTEyLXV0Yy1zY2FsZWQuanBnIiwic2xpZGVzaG93IjoiODRiZGQ2YiJ9\">\n\t\t\t\t\t<div class=\"e-gallery-image elementor-gallery-item__image\" data-thumbnail=\"https:\/\/costablanca-magazin.com\/wp-content\/uploads\/2025\/04\/nispero-fruits-ripening-on-the-tree-also-known-as-2025-03-10-05-01-12-utc-1536x1024.jpg\" data-width=\"1536\" data-height=\"1024\" aria-label=\"Liten, delikat frukt, stor tradisjon \u2013 N\u00edspero fra Callosa d&#039;en Sarri\u00e0 3\" role=\"img\" ><\/div>\n\t\t\t\t\t\t\t\t\t\t\t<div class=\"elementor-gallery-item__overlay\"><\/div>\n\t\t\t\t\t\t\t\t\t\t\t\t\t\t<\/a>\n\t\t\t\t\t\t\t<a class=\"e-gallery-item elementor-gallery-item elementor-animated-content\" href=\"https:\/\/costablanca-magazin.com\/wp-content\/uploads\/2025\/04\/japanese-loquat-also-known-as-a-nispero-or-medlar-2025-03-09-12-54-58-utc-scaled.jpg\" data-elementor-open-lightbox=\"yes\" data-elementor-lightbox-slideshow=\"84bdd6b\" data-elementor-lightbox-title=\"Kleine,  sensible Frucht,  gro\u00dfe Tradition \u2013  Die N\u00edspero aus Callosa d&#039;en Sarri\u00e0\" data-elementor-lightbox-description=\"Kleine, sensible Frucht, gro\u00dfe Tradition \u2013 Die N\u00edspero aus Callosa d&#039;en Sarri\u00e0\" data-e-action-hash=\"#elementor-action%3Aaction%3Dlightbox%26settings%3DeyJpZCI6NTcyMCwidXJsIjoiaHR0cHM6XC9cL2Nvc3RhYmxhbmNhLW1hZ2F6aW4uY29tXC93cC1jb250ZW50XC91cGxvYWRzXC8yMDI1XC8wNFwvamFwYW5lc2UtbG9xdWF0LWFsc28ta25vd24tYXMtYS1uaXNwZXJvLW9yLW1lZGxhci0yMDI1LTAzLTA5LTEyLTU0LTU4LXV0Yy1zY2FsZWQuanBnIiwic2xpZGVzaG93IjoiODRiZGQ2YiJ9\">\n\t\t\t\t\t<div class=\"e-gallery-image elementor-gallery-item__image\" data-thumbnail=\"https:\/\/costablanca-magazin.com\/wp-content\/uploads\/2025\/04\/japanese-loquat-also-known-as-a-nispero-or-medlar-2025-03-09-12-54-58-utc-1536x1024.jpg\" data-width=\"1536\" data-height=\"1024\" aria-label=\"Liten, delikat frukt, stor tradisjon \u2013 N\u00edspero fra Callosa d&#039;en Sarri\u00e0 1\" role=\"img\" ><\/div>\n\t\t\t\t\t\t\t\t\t\t\t<div class=\"elementor-gallery-item__overlay\"><\/div>\n\t\t\t\t\t\t\t\t\t\t\t\t\t\t<\/a>\n\t\t\t\t\t<\/div>\n\t\t\t\t\t<\/div>\n\t\t\t\t<\/div>\n\t\t\t\t<\/div>\n\t\t<div class=\"elementor-element elementor-element-a3fdf55 e-con-full e-flex e-con e-child\" data-id=\"a3fdf55\" data-element_type=\"container\" data-e-type=\"container\">\n\t\t\t\t<div class=\"elementor-element elementor-element-acf652c elementor-widget elementor-widget-text-editor\" data-id=\"acf652c\" data-element_type=\"widget\" data-e-type=\"widget\" data-widget_type=\"text-editor.default\">\n\t\t\t\t<div class=\"elementor-widget-container\">\n\t\t\t\t\t\t\t\t\t<p>Et spesielt h\u00f8ydepunkt hver v\u00e5r (vanligvis i mai, avhengig av innh\u00f8stingen) er \u201eFeria del N\u00edspero\u201c i Callosa d'en Sarri\u00e0. Denne tradisjonelle festivalen feirer ikke bare innh\u00f8stingen, men gir ogs\u00e5 lokalbefolkningen og tilreisende muligheten til \u00e5 bli kjent med frukten p\u00e5 en rekke ulike m\u00e5ter. Lokale produsenter presenterer produktene sine, restaurat\u00f8rer overrasker med nye kreasjoner, og bes\u00f8kende f\u00e5r vite interessante fakta om dyrking, bearbeiding og spesiell h\u00e5ndtering av den delikate frukten.<br \/>Det er ogs\u00e5 kjent at hele familier og nabolag er aktive sammen under innh\u00f8stingen - det er en slags stilltiende avtale: I denne korte innh\u00f8stingsfasen tar andre aktiviteter og forpliktelser ofte en pause. I tillegg til profesjonelle b\u00f8nder kan man se bankansatte, l\u00e6rere og til og med butikkeiere plukke den delikate frukten p\u00e5 plantasjene.<br \/>N\u00edsperoens betydning for regionen gjenspeiles ogs\u00e5 i en rekke sagn og anekdoter. En popul\u00e6r historie forteller at de tidlige b\u00f8ndene trodde at de hvite nettene ville holde onde \u00e5nder unna og beskytte innh\u00f8stingen. I dag brukes nettene i hovedsak til \u00e5 beskytte frukten mot for mye sol og skader fra fugler.<br \/>Ogs\u00e5 internasjonale matentusiaster har for lengst oppdaget N\u00edspero for seg selv. Nye kulinariske ideer dukker stadig opp i regionen, fra hjemmelagde lik\u00f8rer til innovative dessertvarianter. En liten frukt med stort potensial.<\/p>\t\t\t\t\t\t\t\t<\/div>\n\t\t\t\t<\/div>\n\t\t\t\t<\/div>\n\t\t\t\t\t<\/div>\n\t\t\t\t<\/div>\n\t\t\t\t<\/div>","protected":false},"excerpt":{"rendered":"<p>Costa Blanca &#8211; N\u00edspero eine Kleine Frucht, gro\u00dfe Tradition Warum die kleine Wollmispel rund um Callosa, Polop und La Nuc\u00eda eine gro\u00dfe Sache ist. Wenn in Callosa d&#8217;en Sarri\u00e0, Polop oder La Nuc\u00eda die Zeit der N\u00edsperos beginnt, herrscht hektische Betriebsamkeit. Die zart-orangefarbenen Fr\u00fcchte m\u00fcssen innerhalb weniger Wochen geerntet werden, da sie ausgesprochen empfindlich sind. [&hellip;]<\/p>\n","protected":false},"author":1,"featured_media":5721,"comment_status":"closed","ping_status":"closed","sticky":false,"template":"elementor_header_footer","format":"standard","meta":{"om_disable_all_campaigns":false,"_monsterinsights_skip_tracking":false,"_monsterinsights_sitenote_active":false,"_monsterinsights_sitenote_note":"","_monsterinsights_sitenote_category":0,"footnotes":""},"categories":[18],"tags":[807,808,809,806,810],"class_list":["post-5707","post","type-post","status-publish","format-standard","has-post-thumbnail","hentry","category-tiere-natur","tag-callosa-den-sarria","tag-feria-del-nispero","tag-fruechte-callosa-den-sarria","tag-nispero-costa-blanca","tag-nispero-gesundheitliche-vorteile"],"aioseo_notices":[],"_links":{"self":[{"href":"https:\/\/costablanca-magazin.com\/nb\/wp-json\/wp\/v2\/posts\/5707","targetHints":{"allow":["GET"]}}],"collection":[{"href":"https:\/\/costablanca-magazin.com\/nb\/wp-json\/wp\/v2\/posts"}],"about":[{"href":"https:\/\/costablanca-magazin.com\/nb\/wp-json\/wp\/v2\/types\/post"}],"author":[{"embeddable":true,"href":"https:\/\/costablanca-magazin.com\/nb\/wp-json\/wp\/v2\/users\/1"}],"replies":[{"embeddable":true,"href":"https:\/\/costablanca-magazin.com\/nb\/wp-json\/wp\/v2\/comments?post=5707"}],"version-history":[{"count":7,"href":"https:\/\/costablanca-magazin.com\/nb\/wp-json\/wp\/v2\/posts\/5707\/revisions"}],"predecessor-version":[{"id":5904,"href":"https:\/\/costablanca-magazin.com\/nb\/wp-json\/wp\/v2\/posts\/5707\/revisions\/5904"}],"wp:featuredmedia":[{"embeddable":true,"href":"https:\/\/costablanca-magazin.com\/nb\/wp-json\/wp\/v2\/media\/5721"}],"wp:attachment":[{"href":"https:\/\/costablanca-magazin.com\/nb\/wp-json\/wp\/v2\/media?parent=5707"}],"wp:term":[{"taxonomy":"category","embeddable":true,"href":"https:\/\/costablanca-magazin.com\/nb\/wp-json\/wp\/v2\/categories?post=5707"},{"taxonomy":"post_tag","embeddable":true,"href":"https:\/\/costablanca-magazin.com\/nb\/wp-json\/wp\/v2\/tags?post=5707"}],"curies":[{"name":"wp","href":"https:\/\/api.w.org\/{rel}","templated":true}]}}