{"id":5073,"date":"2025-03-14T09:00:00","date_gmt":"2025-03-14T08:00:00","guid":{"rendered":"https:\/\/costablanca-magazin.com\/?p=5073"},"modified":"2025-05-15T13:31:01","modified_gmt":"2025-05-15T11:31:01","slug":"costa-blanca-en-spennende-mars-og-april-full-av-arrangementer","status":"publish","type":"post","link":"https:\/\/costablanca-magazin.com\/nb\/freizeit\/veranstaltungen-events\/costa-blanca-ein-spannender-maerz-und-april-voller-events\/","title":{"rendered":"Costa Blanca - En spennende mars og april full av arrangementer"},"content":{"rendered":"<div data-elementor-type=\"wp-post\" data-elementor-id=\"5073\" class=\"elementor elementor-5073\" data-elementor-post-type=\"post\">\n\t\t\t\t<div class=\"elementor-element elementor-element-67897e8 e-flex e-con-boxed e-con e-parent\" data-id=\"67897e8\" data-element_type=\"container\" data-e-type=\"container\">\n\t\t\t\t\t<div class=\"e-con-inner\">\n\t\t\t\t<div class=\"elementor-element elementor-element-600e4d1 elementor-widget elementor-widget-heading\" data-id=\"600e4d1\" data-element_type=\"widget\" data-e-type=\"widget\" data-widget_type=\"heading.default\">\n\t\t\t\t<div class=\"elementor-widget-container\">\n\t\t\t\t\t<h1 class=\"elementor-heading-title elementor-size-default\">Costa Blanca - En spennende mars og april full av arrangementer <\/h1>\t\t\t\t<\/div>\n\t\t\t\t<\/div>\n\t\t\t\t<div class=\"elementor-element elementor-element-e5c231c elementor-widget__width-initial elementor-widget elementor-widget-heading\" data-id=\"e5c231c\" data-element_type=\"widget\" data-e-type=\"widget\" data-widget_type=\"heading.default\">\n\t\t\t\t<div class=\"elementor-widget-container\">\n\t\t\t\t\t<p class=\"elementor-heading-title elementor-size-default\">Opplev konserter, utstillinger og tradisjonelle festivaler i Calpe, Altea, Villajoyosa og mange andre byer p\u00e5 Costa Blanca.\nI mars og april v\u00e5kner Costa Blanca til liv med et vell av kulturelle og tradisjonelle arrangementer som vil fenge enhver bes\u00f8kende. Fra den imponerende \"Fallas\"-festivalen\ni Calpe til spesielle konsert- og teaterforestillinger i Altea, Villajoyosa og andre byer - regionen byr p\u00e5 opplevelser for enhver smak.\nNyt mangfoldet av kunst, musikk, gastronomi og religi\u00f8se tradisjoner som gj\u00f8r Costa Blanca til et unikt reisem\u00e5l.<\/p>\t\t\t\t<\/div>\n\t\t\t\t<\/div>\n\t\t\t\t<div class=\"elementor-element elementor-element-aece5be elementor-widget elementor-widget-image\" data-id=\"aece5be\" data-element_type=\"widget\" data-e-type=\"widget\" data-widget_type=\"image.default\">\n\t\t\t\t<div class=\"elementor-widget-container\">\n\t\t\t\t\t\t\t\t\t\t\t\t\t\t\t<img fetchpriority=\"high\" decoding=\"async\" width=\"2560\" height=\"1710\" src=\"https:\/\/costablanca-magazin.com\/wp-content\/uploads\/2025\/03\/crowd-in-costumes-in-semana-santa-festival-capture-2025-02-04-09-02-01-utc-scaled.jpeg\" class=\"attachment-full size-full wp-image-5084\" alt=\"Kulturelle h\u00f8ydepunkter p\u00e5 Costa Blanca: en spennende mars og april full av arrangementer\" srcset=\"https:\/\/costablanca-magazin.com\/wp-content\/uploads\/2025\/03\/crowd-in-costumes-in-semana-santa-festival-capture-2025-02-04-09-02-01-utc-scaled.jpeg 2560w, https:\/\/costablanca-magazin.com\/wp-content\/uploads\/2025\/03\/crowd-in-costumes-in-semana-santa-festival-capture-2025-02-04-09-02-01-utc-300x200.jpeg 300w, https:\/\/costablanca-magazin.com\/wp-content\/uploads\/2025\/03\/crowd-in-costumes-in-semana-santa-festival-capture-2025-02-04-09-02-01-utc-1024x684.jpeg 1024w, https:\/\/costablanca-magazin.com\/wp-content\/uploads\/2025\/03\/crowd-in-costumes-in-semana-santa-festival-capture-2025-02-04-09-02-01-utc-768x513.jpeg 768w, https:\/\/costablanca-magazin.com\/wp-content\/uploads\/2025\/03\/crowd-in-costumes-in-semana-santa-festival-capture-2025-02-04-09-02-01-utc-1536x1026.jpeg 1536w, https:\/\/costablanca-magazin.com\/wp-content\/uploads\/2025\/03\/crowd-in-costumes-in-semana-santa-festival-capture-2025-02-04-09-02-01-utc-2048x1368.jpeg 2048w\" sizes=\"(max-width: 2560px) 100vw, 2560px\" \/>\t\t\t\t\t\t\t\t\t\t\t\t\t\t\t<\/div>\n\t\t\t\t<\/div>\n\t\t\t\t\t<\/div>\n\t\t\t\t<\/div>\n\t\t<div class=\"elementor-element elementor-element-4cd2e85 e-flex e-con-boxed e-con e-parent\" data-id=\"4cd2e85\" data-element_type=\"container\" data-e-type=\"container\">\n\t\t\t\t\t<div class=\"e-con-inner\">\n\t\t<div class=\"elementor-element elementor-element-bea4d78 e-con-full e-flex e-con e-child\" data-id=\"bea4d78\" data-element_type=\"container\" data-e-type=\"container\">\n\t\t\t\t<div class=\"elementor-element elementor-element-4930597 elementor-widget elementor-widget-heading\" data-id=\"4930597\" data-element_type=\"widget\" data-e-type=\"widget\" data-widget_type=\"heading.default\">\n\t\t\t\t<div class=\"elementor-widget-container\">\n\t\t\t\t\t<h3 class=\"elementor-heading-title elementor-size-default\">Calpe\n<\/h3>\t\t\t\t<\/div>\n\t\t\t\t<\/div>\n\t\t\t\t<div class=\"elementor-element elementor-element-4a4caab elementor-widget elementor-widget-text-editor\" data-id=\"4a4caab\" data-element_type=\"widget\" data-e-type=\"widget\" data-widget_type=\"text-editor.default\">\n\t\t\t\t<div class=\"elementor-widget-container\">\n\t\t\t\t\t\t\t\t\t<p><em>15. mars<\/em> p\u00e5 Auditorio Casa de Cultura kl. 19:00 \u201e<strong>Orquesta de C\u00e1mara de la Sociedad Filarm\u00f3nica de Valencia<\/strong>\u201e. <br \/><em>15. mars - 19. mars<\/em> \u201e<strong>Fallas de Calpe<\/strong>\u201cJosef med fyrverkeri, parader og kunstnerisk utformede figurer som stilles ut over hele byen. <span style=\"text-decoration: underline;\">H\u00f8ydepunkt<\/span> er <strong>Brenning av \u201eFallas\u201c<\/strong> i natten til <em>19. mars<\/em>.<br \/><em>22. mars<\/em> kl. 19:00 Konsert \u201e<strong>Uni\u00f3 Musical Calp Ifach - A la Llum dels Ciris<\/strong>\u201c p\u00e5 Centro Historico \/ kl. 20:00 konsert p\u00e5 Plaza de la Villa \u201e<strong>La Rondalla de Calp - A la LLum dels Ciris<\/strong>\u201d.<br \/><em>27. mars<\/em> i Sal\u00f3 Blau i Casa de Cultura ble foredraget \u201e<strong>Denominacions Tradicionals al Voltant del Penyal d'Ifach<\/strong>\u201c finner sted.<br \/><em>30. mars<\/em> kl. 19.45 i Auditorio Casa de Cultura konserten \u201e<strong>Coral Ifach<\/strong>\u201c finner sted.<br \/><em>28. mars<\/em> p\u00e5 Auditorio Casa de Cultura, kl. 20.00 \u201e<strong>Bar Manolo<\/strong>\u201c Teater - av Jean-Pierre Mart\u00ednez, presentert av Hermandad Penitencial del Silencio.<br \/><em>03. april<\/em> til 30. april Utstilling i Sala de Exposiciones i Ajuntament Vell, daglig fra 10:00 til 14:00 og fra 16:00 til 19:00 \u201e<strong>Numen<\/strong>\u201e- Presentasjon av samtidskunst.<br \/><em>03. april<\/em> Auditorio Casa de Cultura vil v\u00e6re vertskap for konserten \u201e<strong>Mar\u00eda P\u00eda &amp; Beaux Arts Stryketrio<\/strong>\u201c finner sted.<br \/><em>04. april<\/em> p\u00e5 Casa de Cultura, kl. 20.00 \u201e<strong>Verdi-arier<\/strong>\u201c Hyllestkonsert til Giuseppe Verdi.<br \/><em>05. april<\/em> p\u00e5 Auditorio Casa de Cultura \u201e<strong>Bunji. La peque\u00f1a koala<\/strong>\u201c - Forestilling for barn <br \/><em>06. april - 27. april<\/em> - Kostnadsfritt <strong>Guidede turer gjennom det gamle sentrum av Calp.<\/strong> <br \/><span style=\"text-decoration: underline;\">Datoer<\/span>6., 13., 19. og 27. april kl. 11:00 \/\/ 17. og 18. april kl. 18:00<br \/><span style=\"text-decoration: underline;\">M\u00f8teplass<\/span>Casa de Cultura. P\u00e5melding n\u00f8dvendig p\u00e5 965 83 69 20 \/ 965 83 85 32 eller turismo@ajcalp.es. <br \/><span style=\"text-decoration: underline;\">Maksimalt antall deltakere<\/span>25 personer per gruppe.<br \/><em>12. april<\/em> i Auditorio Casa de Cultura, kl. 18.30 \u201e<strong>Cultura y Sociedad<\/strong>\u201c Diskusjonsrunde - utveksling om kulturelle sp\u00f8rsm\u00e5l.<br \/><em>11. til 13. april<\/em> Hotel Bahia Calpe er vertskap for \u201e<strong>Calpe dansefestival 2025<\/strong>\u201c finner sted. Festivalen tilbyr dansekurs og forestillinger for dansere fra hele verden. P\u00e5melding er n\u00f8dvendig for \u00e5 delta p\u00e5 dette arrangementet. <br \/><em>13. april - 20. april<\/em> \u201e<strong>Semana Santa 2025<\/strong>\u201c - Religi\u00f8se prosesjoner og arrangementer i hele byen - en av de viktigste religi\u00f8se festivalene i Spania.<br \/>Feiringen strekker seg over hele den hellige uken og byr p\u00e5 en blanding av tradisjon, religi\u00f8s andakt og kulturelle \u00f8yeblikk.<\/p>\t\t\t\t\t\t\t\t<\/div>\n\t\t\t\t<\/div>\n\t\t\t\t<div class=\"elementor-element elementor-element-db1cb43 elementor-widget elementor-widget-heading\" data-id=\"db1cb43\" data-element_type=\"widget\" data-e-type=\"widget\" data-widget_type=\"heading.default\">\n\t\t\t\t<div class=\"elementor-widget-container\">\n\t\t\t\t\t<h3 class=\"elementor-heading-title elementor-size-default\">Altea<\/h3>\t\t\t\t<\/div>\n\t\t\t\t<\/div>\n\t\t\t\t<div class=\"elementor-element elementor-element-a78412c elementor-widget elementor-widget-text-editor\" data-id=\"a78412c\" data-element_type=\"widget\" data-e-type=\"widget\" data-widget_type=\"text-editor.default\">\n\t\t\t\t<div class=\"elementor-widget-container\">\n\t\t\t\t\t\t\t\t\t<p><em>Den 15. mars<\/em> 2025 vil finne sted fra 10:00 til 20:00 p\u00e5 <strong>Mercat del Convent<\/strong> (Winter Edition 2025) finner sted p\u00e5 Plaza del Convento i Altea. Markedet byr p\u00e5 en rekke h\u00e5ndlagde produkter og regionale spesialiteter.<br \/><em>Den 15. mars<\/em> p\u00e5 Hotel Cap Negret kl. 17:00 \u201e<strong>Taller de Coaching: \u00a1Mereces un Cambio!<\/strong>\u201c med Mariana Ferreira. Et coachingverksted for personlig utvikling. <br \/><em>18. mars til 11. april<\/em> Casa de Cultura Altea er vertskap for utstillingen: \u201e<strong>Po\u00e8tiques en llibertat<\/strong>\u201c av Josep Sou fant sted.<br \/><em>20. mars<\/em> kl. 19.30 i Casa de Cultura Altea \u201e<strong>Desterrats per ordre de Carles III. <\/strong><strong>El llarg exili dels jesu\u00eftes valencians<\/strong>\u201c Boklansering.<br \/><em>22. mars<\/em> p\u00e5 Centro Cultural Altea la Vella kl. 19:00 \u201e<strong>Toobrass Quartet<\/strong>\u201e Konsert <br \/><em>23. mars<\/em> kl. 11.00 p\u00e5 Centro Cultural Altea la Vella \u201c<strong>III Encuentro J\u00f3venes <\/strong><strong>Klarinettister 2025<\/strong>\u201d Konsert<br \/><em>23. mars<\/em> kl. 20.00 p\u00e5 AlteArte, Calle Concepci\u00f3n 4, Altea \u201e<strong>Barbershop-konsert<\/strong>\u201e. En kveld med musikk og underholdning. <br \/><em>27. mars<\/em> kl. 19.30 i Casa de Cultura Altea \u201e<strong>\u00bfSe puede educar la felicidad? S\u00ed\u00ed\u00ed<\/strong>\u201c Boklansering.<br \/><em>29. mars<\/em> kl. 12.30 i Palau Altea \u201e<strong>Fiestukids<\/strong>\u201c Konsert.<br \/><em>30. mars<\/em> kl. 18.00 i Palau Altea spilles teaterstykket: \u201e<strong>Campeones 2 en el teatro, si Lorca levantara la cabeza...<\/strong>\u201c finner sted. <br \/><em>3. april<\/em> kl. 19.30 i Casa de Cultura Altea \u201e<strong>Sm\u00e5 detektiver. Un fin de semana <\/strong><br \/><strong>en el cole<\/strong>\u201c Boklansering. <br \/><em>Den 5. april<\/em> Begivenheten begynner <strong>T\u00e8rra Urbana 2025<\/strong> - en serie aktiviteter og utstillinger med fokus p\u00e5 b\u00e6rekraftig byutvikling og byutvikling. <br \/><em>10. april<\/em> p\u00e5 Casa de Cultura Altea kl. 19.30 \u201e<strong>Mitt Atlantis. La creaci\u00f3n de tu propio imperio<\/strong>\u201c Boklansering. <br \/><em>Fra 13. til 21. april<\/em> I 2025 vil Altea <strong>Semana Santa<\/strong> en rekke religi\u00f8se prosesjoner og arrangementer. Disse inkluderer:<br \/>- Den <strong>Palmeinnvielse<\/strong> p\u00e5 <em>13. april<\/em><br \/>- Den <strong>Barneprosesjon<\/strong> p\u00e5 <em>16. april<\/em><br \/>- Den <strong>Korsveisprosesjon p\u00e5 skj\u00e6rtorsdag<\/strong> <em>17. april<\/em><br \/>- Den <strong>Prosesjon av den hellige begravelse<\/strong> p\u00e5 <em>18. april<\/em> <br \/>- Den <strong>P\u00e5skevigilien<\/strong> p\u00e5 <em>19. april<\/em> og <strong>p\u00e5skemesse<\/strong> p\u00e5 <em>20. april.<\/em> <br \/>Disse festlige begivenhetene gir et unikt innblikk i Alteas religi\u00f8se tradisjon.<\/p>\t\t\t\t\t\t\t\t<\/div>\n\t\t\t\t<\/div>\n\t\t\t\t<\/div>\n\t\t<div class=\"elementor-element elementor-element-05874e1 e-con-full e-flex e-con e-child\" data-id=\"05874e1\" data-element_type=\"container\" data-e-type=\"container\">\n\t\t\t\t<div class=\"elementor-element elementor-element-0d533a9 elementor-widget elementor-widget-image\" data-id=\"0d533a9\" data-element_type=\"widget\" data-e-type=\"widget\" data-widget_type=\"image.default\">\n\t\t\t\t<div class=\"elementor-widget-container\">\n\t\t\t\t\t\t\t\t\t\t\t\t\t\t\t<img decoding=\"async\" width=\"740\" height=\"1024\" src=\"https:\/\/costablanca-magazin.com\/wp-content\/uploads\/2025\/03\/semana-santa-altea-2025-740x1024.webp\" class=\"attachment-large size-large wp-image-5083\" alt=\"semana santa altea 2025\" srcset=\"https:\/\/costablanca-magazin.com\/wp-content\/uploads\/2025\/03\/semana-santa-altea-2025-740x1024.webp 740w, https:\/\/costablanca-magazin.com\/wp-content\/uploads\/2025\/03\/semana-santa-altea-2025-217x300.webp 217w, https:\/\/costablanca-magazin.com\/wp-content\/uploads\/2025\/03\/semana-santa-altea-2025.webp 768w\" sizes=\"(max-width: 740px) 100vw, 740px\" \/>\t\t\t\t\t\t\t\t\t\t\t\t\t\t\t<\/div>\n\t\t\t\t<\/div>\n\t\t\t\t<div class=\"elementor-element elementor-element-f60d46d elementor-widget elementor-widget-image\" data-id=\"f60d46d\" data-element_type=\"widget\" data-e-type=\"widget\" data-widget_type=\"image.default\">\n\t\t\t\t<div class=\"elementor-widget-container\">\n\t\t\t\t\t\t\t\t\t\t\t\t\t\t\t<img decoding=\"async\" width=\"1414\" height=\"2000\" src=\"https:\/\/costablanca-magazin.com\/wp-content\/uploads\/2025\/03\/a-la-llum-dels-ciris-calpe.jpg\" class=\"attachment-full size-full wp-image-5078\" alt=\"a la llum dels ciris calpe\" srcset=\"https:\/\/costablanca-magazin.com\/wp-content\/uploads\/2025\/03\/a-la-llum-dels-ciris-calpe.jpg 1414w, https:\/\/costablanca-magazin.com\/wp-content\/uploads\/2025\/03\/a-la-llum-dels-ciris-calpe-212x300.jpg 212w, https:\/\/costablanca-magazin.com\/wp-content\/uploads\/2025\/03\/a-la-llum-dels-ciris-calpe-724x1024.jpg 724w, https:\/\/costablanca-magazin.com\/wp-content\/uploads\/2025\/03\/a-la-llum-dels-ciris-calpe-768x1086.jpg 768w, https:\/\/costablanca-magazin.com\/wp-content\/uploads\/2025\/03\/a-la-llum-dels-ciris-calpe-1086x1536.jpg 1086w\" sizes=\"(max-width: 1414px) 100vw, 1414px\" \/>\t\t\t\t\t\t\t\t\t\t\t\t\t\t\t<\/div>\n\t\t\t\t<\/div>\n\t\t\t\t<div class=\"elementor-element elementor-element-b887edf elementor-widget__width-initial elementor-widget elementor-widget-image\" data-id=\"b887edf\" data-element_type=\"widget\" data-e-type=\"widget\" data-widget_type=\"image.default\">\n\t\t\t\t<div class=\"elementor-widget-container\">\n\t\t\t\t\t\t\t\t\t\t\t\t\t\t\t<img loading=\"lazy\" decoding=\"async\" width=\"1536\" height=\"775\" src=\"https:\/\/costablanca-magazin.com\/wp-content\/uploads\/2025\/03\/mercat-del-convent-abril-1536x775.webp\" class=\"attachment-1536x1536 size-1536x1536 wp-image-5085\" alt=\"klostermarked april\" srcset=\"https:\/\/costablanca-magazin.com\/wp-content\/uploads\/2025\/03\/mercat-del-convent-abril-1536x775.webp 1536w, https:\/\/costablanca-magazin.com\/wp-content\/uploads\/2025\/03\/mercat-del-convent-abril-300x151.webp 300w, https:\/\/costablanca-magazin.com\/wp-content\/uploads\/2025\/03\/mercat-del-convent-abril-1024x516.webp 1024w, https:\/\/costablanca-magazin.com\/wp-content\/uploads\/2025\/03\/mercat-del-convent-abril-768x387.webp 768w, https:\/\/costablanca-magazin.com\/wp-content\/uploads\/2025\/03\/mercat-del-convent-abril.webp 1600w\" sizes=\"(max-width: 1536px) 100vw, 1536px\" \/>\t\t\t\t\t\t\t\t\t\t\t\t\t\t\t<\/div>\n\t\t\t\t<\/div>\n\t\t\t\t<div class=\"elementor-element elementor-element-3cbbd79 elementor-widget__width-initial elementor-widget elementor-widget-image\" data-id=\"3cbbd79\" data-element_type=\"widget\" data-e-type=\"widget\" data-widget_type=\"image.default\">\n\t\t\t\t<div class=\"elementor-widget-container\">\n\t\t\t\t\t\t\t\t\t\t\t\t\t\t\t<img loading=\"lazy\" decoding=\"async\" width=\"1001\" height=\"415\" src=\"https:\/\/costablanca-magazin.com\/wp-content\/uploads\/2025\/03\/Altea-Fiestukids.webp\" class=\"attachment-1536x1536 size-1536x1536 wp-image-5076\" alt=\"Altea Fiestukids\" srcset=\"https:\/\/costablanca-magazin.com\/wp-content\/uploads\/2025\/03\/Altea-Fiestukids.webp 1001w, https:\/\/costablanca-magazin.com\/wp-content\/uploads\/2025\/03\/Altea-Fiestukids-300x124.webp 300w, https:\/\/costablanca-magazin.com\/wp-content\/uploads\/2025\/03\/Altea-Fiestukids-768x318.webp 768w\" sizes=\"(max-width: 1001px) 100vw, 1001px\" \/>\t\t\t\t\t\t\t\t\t\t\t\t\t\t\t<\/div>\n\t\t\t\t<\/div>\n\t\t\t\t<div class=\"elementor-element elementor-element-c78eb40 elementor-widget__width-initial elementor-widget elementor-widget-image\" data-id=\"c78eb40\" data-element_type=\"widget\" data-e-type=\"widget\" data-widget_type=\"image.default\">\n\t\t\t\t<div class=\"elementor-widget-container\">\n\t\t\t\t\t\t\t\t\t\t\t\t\t\t\t<img decoding=\"async\" src=\"https:\/\/costablanca-magazin.com\/wp-content\/uploads\/elementor\/thumbs\/Semana-Santa-Calpe-rjc6atult0d9y8gsn1gka943a4unqutieno8p7aolw.jpg\" title=\"Semana Santa Calpe\" alt=\"Semana Santa Calpe\" loading=\"lazy\" \/>\t\t\t\t\t\t\t\t\t\t\t\t\t\t\t<\/div>\n\t\t\t\t<\/div>\n\t\t\t\t<\/div>\n\t\t<div class=\"elementor-element elementor-element-d74ec3a e-con-full e-flex e-con e-child\" data-id=\"d74ec3a\" data-element_type=\"container\" data-e-type=\"container\">\n\t\t\t\t<div class=\"elementor-element elementor-element-2e0fba1 elementor-widget elementor-widget-spacer\" data-id=\"2e0fba1\" data-element_type=\"widget\" data-e-type=\"widget\" data-widget_type=\"spacer.default\">\n\t\t\t\t<div class=\"elementor-widget-container\">\n\t\t\t\t\t\t\t<div class=\"elementor-spacer\">\n\t\t\t<div class=\"elementor-spacer-inner\"><\/div>\n\t\t<\/div>\n\t\t\t\t\t\t<\/div>\n\t\t\t\t<\/div>\n\t\t\t\t<div class=\"elementor-element elementor-element-221463a elementor-widget elementor-widget-image\" data-id=\"221463a\" data-element_type=\"widget\" data-e-type=\"widget\" data-widget_type=\"image.default\">\n\t\t\t\t<div class=\"elementor-widget-container\">\n\t\t\t\t\t\t\t\t\t\t\t\t\t\t\t<img loading=\"lazy\" decoding=\"async\" width=\"1600\" height=\"1599\" src=\"https:\/\/costablanca-magazin.com\/wp-content\/uploads\/2025\/03\/street-battle-vilajoyosa.jpeg\" class=\"attachment-full size-full wp-image-5086\" alt=\"gatekamp vilajoyosa\" srcset=\"https:\/\/costablanca-magazin.com\/wp-content\/uploads\/2025\/03\/street-battle-vilajoyosa.jpeg 1600w, https:\/\/costablanca-magazin.com\/wp-content\/uploads\/2025\/03\/street-battle-vilajoyosa-300x300.jpeg 300w, https:\/\/costablanca-magazin.com\/wp-content\/uploads\/2025\/03\/street-battle-vilajoyosa-1024x1024.jpeg 1024w, https:\/\/costablanca-magazin.com\/wp-content\/uploads\/2025\/03\/street-battle-vilajoyosa-150x150.jpeg 150w, https:\/\/costablanca-magazin.com\/wp-content\/uploads\/2025\/03\/street-battle-vilajoyosa-768x768.jpeg 768w, https:\/\/costablanca-magazin.com\/wp-content\/uploads\/2025\/03\/street-battle-vilajoyosa-1536x1536.jpeg 1536w\" sizes=\"(max-width: 1600px) 100vw, 1600px\" \/>\t\t\t\t\t\t\t\t\t\t\t\t\t\t\t<\/div>\n\t\t\t\t<\/div>\n\t\t\t\t<div class=\"elementor-element elementor-element-3116b24 elementor-widget elementor-widget-image\" data-id=\"3116b24\" data-element_type=\"widget\" data-e-type=\"widget\" data-widget_type=\"image.default\">\n\t\t\t\t<div class=\"elementor-widget-container\">\n\t\t\t\t\t\t\t\t\t\t\t\t\t\t\t<img loading=\"lazy\" decoding=\"async\" width=\"749\" height=\"500\" src=\"https:\/\/costablanca-magazin.com\/wp-content\/uploads\/2025\/03\/feria-artesana-xabia.jpg\" class=\"attachment-full size-full wp-image-5088\" alt=\"h\u00e5ndverksmarked xabia\" srcset=\"https:\/\/costablanca-magazin.com\/wp-content\/uploads\/2025\/03\/feria-artesana-xabia.jpg 749w, https:\/\/costablanca-magazin.com\/wp-content\/uploads\/2025\/03\/feria-artesana-xabia-300x200.jpg 300w\" sizes=\"(max-width: 749px) 100vw, 749px\" \/>\t\t\t\t\t\t\t\t\t\t\t\t\t\t\t<\/div>\n\t\t\t\t<\/div>\n\t\t\t\t<div class=\"elementor-element elementor-element-d41e985 elementor-widget elementor-widget-image\" data-id=\"d41e985\" data-element_type=\"widget\" data-e-type=\"widget\" data-widget_type=\"image.default\">\n\t\t\t\t<div class=\"elementor-widget-container\">\n\t\t\t\t\t\t\t\t\t\t\t\t\t\t\t<img loading=\"lazy\" decoding=\"async\" width=\"440\" height=\"342\" src=\"https:\/\/costablanca-magazin.com\/wp-content\/uploads\/2025\/03\/XXI-Cursa-Popular-Teulada.webp\" class=\"attachment-full size-full wp-image-5087\" alt=\"XXI Cursa Popular Teulada\" srcset=\"https:\/\/costablanca-magazin.com\/wp-content\/uploads\/2025\/03\/XXI-Cursa-Popular-Teulada.webp 440w, https:\/\/costablanca-magazin.com\/wp-content\/uploads\/2025\/03\/XXI-Cursa-Popular-Teulada-300x233.webp 300w\" sizes=\"(max-width: 440px) 100vw, 440px\" \/>\t\t\t\t\t\t\t\t\t\t\t\t\t\t\t<\/div>\n\t\t\t\t<\/div>\n\t\t\t\t<\/div>\n\t\t<div class=\"elementor-element elementor-element-468ffb5 e-con-full e-flex e-con e-child\" data-id=\"468ffb5\" data-element_type=\"container\" data-e-type=\"container\">\n\t\t\t\t<div class=\"elementor-element elementor-element-226db9d elementor-widget elementor-widget-heading\" data-id=\"226db9d\" data-element_type=\"widget\" data-e-type=\"widget\" data-widget_type=\"heading.default\">\n\t\t\t\t<div class=\"elementor-widget-container\">\n\t\t\t\t\t<h3 class=\"elementor-heading-title elementor-size-default\">La Vilajoiosa<\/h3>\t\t\t\t<\/div>\n\t\t\t\t<\/div>\n\t\t\t\t<div class=\"elementor-element elementor-element-69128a1 elementor-widget elementor-widget-text-editor\" data-id=\"69128a1\" data-element_type=\"widget\" data-e-type=\"widget\" data-widget_type=\"text-editor.default\">\n\t\t\t\t<div class=\"elementor-widget-container\">\n\t\t\t\t\t\t\t\t\t<p><em>Den 15. og 16. mars<\/em> vil finne sted fra kl. 11.00 til 00.00 p\u00e5 Teatre Auditori La Vila Joiosa. <br \/><strong>Villajoyosa Game Party 2025<\/strong> et arrangement for spillentusiaster med virtuell virkelighet, kj\u00f8resimulatorer og fritt tilgjengelige konsoller.<br \/><em>Den 22. mars<\/em> den <strong>Street Battle La Vila 2025<\/strong> et urbant dansearrangement med battles og forestillinger.<br \/><em>Frem til 16. mars<\/em> finner <strong>25. Mostra de Cuina Marinera<\/strong> et gastronomisk arrangement som hyller lokal sj\u00f8mat og tradisjonelle retter.<br \/><em>Fra 13. til 20. april<\/em> de tradisjonelle religi\u00f8se seremoniene holdes i hele byen.<\/p><ul><li><strong>Prosesjoner i forbindelse med Semana Santa<\/strong> (Den hellige uke).<\/li><li><strong>Prosesjon av Nuestra Se\u00f1ora de la Caridad<\/strong> - Den er kjent som De syv lidelsers prosesjon, og g\u00e5r gjennom gatene i gamlebyen.<\/li><li><strong>Prosesjon av Virgen Dolorosa <\/strong>- Dette tallet presenteres hvert \u00e5r p\u00e5 langfredag under <br \/>b\u00e5ret i prosesjonen av den hellige begravelse.<\/li><\/ul>\t\t\t\t\t\t\t\t<\/div>\n\t\t\t\t<\/div>\n\t\t\t\t<div class=\"elementor-element elementor-element-13f305c elementor-widget elementor-widget-heading\" data-id=\"13f305c\" data-element_type=\"widget\" data-e-type=\"widget\" data-widget_type=\"heading.default\">\n\t\t\t\t<div class=\"elementor-widget-container\">\n\t\t\t\t\t<h3 class=\"elementor-heading-title elementor-size-default\">Teulada-Moraira\n\n<\/h3>\t\t\t\t<\/div>\n\t\t\t\t<\/div>\n\t\t\t\t<div class=\"elementor-element elementor-element-c098021 elementor-widget elementor-widget-text-editor\" data-id=\"c098021\" data-element_type=\"widget\" data-e-type=\"widget\" data-widget_type=\"text-editor.default\">\n\t\t\t\t<div class=\"elementor-widget-container\">\n\t\t\t\t\t\t\t\t\t<p><em>15. mars<\/em> i Auditori Teulada Moraira kl. 19:00 Konsert <strong>Amerikansk jazz og blues<\/strong> med Joey Sommerville, Dara Carter og Tyler Neal.<br \/><em>16. mars<\/em> fra kl. 10.00 p\u00e5 Plaza Constituci\u00f3n, 2, i Teulada <strong>XXII Cursa Teulada<\/strong> -idrettskonkurranse.<br \/><em>Fra 13. til 21. april<\/em> i Teulada og Moraira <strong>Semana<\/strong> <strong>Julenissen<\/strong> med tradisjonelle festligheter:<br \/>- <em>13. april<\/em> - <strong>Palmes\u00f8ndag<\/strong><br \/>- <em>17. april<\/em> kl. 23:00 <strong>Jueves Santo - Stillhetens prosesjon<\/strong><br \/>- <em>18. april<\/em> kl. 19:30 <strong>Viernes Santo - Den hellige gravleggelsens prosesjon<\/strong><br \/>- <em>20. april<\/em> kl. 08.30 - <strong>Prosesjon <\/strong>\u201e<strong>L'Encontre<\/strong>\u201c (P\u00e5skedag)<\/p>\t\t\t\t\t\t\t\t<\/div>\n\t\t\t\t<\/div>\n\t\t\t\t<div class=\"elementor-element elementor-element-dffd8c0 elementor-widget elementor-widget-heading\" data-id=\"dffd8c0\" data-element_type=\"widget\" data-e-type=\"widget\" data-widget_type=\"heading.default\">\n\t\t\t\t<div class=\"elementor-widget-container\">\n\t\t\t\t\t<h3 class=\"elementor-heading-title elementor-size-default\">J\u00e1vea (X\u00e0bia)\n<\/h3>\t\t\t\t<\/div>\n\t\t\t\t<\/div>\n\t\t\t\t<div class=\"elementor-element elementor-element-7765f68 elementor-widget elementor-widget-text-editor\" data-id=\"7765f68\" data-element_type=\"widget\" data-e-type=\"widget\" data-widget_type=\"text-editor.default\">\n\t\t\t\t<div class=\"elementor-widget-container\">\n\t\t\t\t\t\t\t\t\t<p><em>05. april<\/em>, 20:00, Plaza de la Constituci\u00f3n - \u201e<strong>Folkefest<\/strong>\u201c (konsert)<br \/><em>12. april<\/em>, kl. 10.00, Plaza de la Constituci\u00f3n - \u201e<strong>Mercat de la Terra<\/strong>\u201c (Market)<br \/><em>13. april<\/em>, 19:30, Casa de Cultura - \u201e<strong>La Casa de Bernarda Alba<\/strong>\u201c (Teater)<br \/><em>18. til 19. april<\/em> i Recinto La Fontana \u201e<strong>Mar de J\u00e1vea-festivalen<\/strong>\u201c - med artister som Alex Ubago, \u00c1lvaro de Luna, Dani Fern\u00e1ndez og flere. (konsert) <br \/><em>18. til 21. april<\/em> fra kl. 10.00 p\u00e5 Centro Hist\u00f3rico - <strong>Feria de Artesan\u00eda de Semana Santa<\/strong> (H\u00e5ndverksmesse)<\/p>\t\t\t\t\t\t\t\t<\/div>\n\t\t\t\t<\/div>\n\t\t\t\t<\/div>\n\t\t\t\t\t<\/div>\n\t\t\t\t<\/div>\n\t\t<div class=\"elementor-element elementor-element-24713af e-flex e-con-boxed e-con e-parent\" data-id=\"24713af\" data-element_type=\"container\" data-e-type=\"container\">\n\t\t\t\t\t<div class=\"e-con-inner\">\n\t\t<div class=\"elementor-element elementor-element-7f808d1 e-con-full e-flex e-con e-child\" data-id=\"7f808d1\" data-element_type=\"container\" data-e-type=\"container\">\n\t\t\t\t<div class=\"elementor-element elementor-element-4629b84 elementor-widget elementor-widget-heading\" data-id=\"4629b84\" data-element_type=\"widget\" data-e-type=\"widget\" data-widget_type=\"heading.default\">\n\t\t\t\t<div class=\"elementor-widget-container\">\n\t\t\t\t\t<h3 class=\"elementor-heading-title elementor-size-default\">La Nucia<\/h3>\t\t\t\t<\/div>\n\t\t\t\t<\/div>\n\t\t\t\t<div class=\"elementor-element elementor-element-d7e3502 elementor-widget elementor-widget-text-editor\" data-id=\"d7e3502\" data-element_type=\"widget\" data-e-type=\"widget\" data-widget_type=\"text-editor.default\">\n\t\t\t\t<div class=\"elementor-widget-container\">\n\t\t\t\t\t\t\t\t\t<p><em>Den 15. mars 2025<\/em> Auditori La Nuc\u00eda vil v\u00e6re vertskap for forestillingen \u201e<strong>Tot Canet<\/strong>\u201c av Banda Uni\u00f3 Musical La Nuc\u00eda.<br \/><em>Den 29. mars<\/em> 2025 kl. 16:30 og 19:00 i Auditori La Nuc\u00eda vises forestillingene \u201e<strong>Cantajuego MegaHits<\/strong>\u201c p\u00e5 programmet.<br \/><em>Den 30. mars<\/em> finner <strong>XIV Marcha Solidaria<\/strong> til inntekt for kampen mot kreft. De opprinnelig planlagte loddene vil fortsatt v\u00e6re gyldige 30. mars.<br \/><em>Frem til 31. mars<\/em> Auditori i Centre Cultural La Nuc\u00eda er vertskap for utstillingen \u201e<strong>Ana Frank<\/strong>\u201c - en f\u00f8lelsesladet og historisk forestilling som gir et dypt innblikk i Anne Franks liv og hennes tid i skjul.<br \/><em>Den 5. april<\/em> operaen \u201e<strong>Madama Butterfly<\/strong>\u201c, arrangert av Moon World Records.<br \/><em>Fra 5. til 7. april<\/em> \u201e<strong>GastroWeekend<\/strong>\u201c - et kulinarisk arrangement med en rekke gastronomiske tilbud og smakspr\u00f8ver.<br \/><em>Fra 17. til 20. april<\/em> fotballturneringen for ungdom \u201e<strong>Desaf\u00edoCup<\/strong>\u201c ble avholdt.<br \/><em>Fra 18. til 21. april<\/em> \u201e<strong>Semana Santa<\/strong>\u201c (Den hellige uke). Siden 1997 har Jesu Kristi lidelseshistorie blitt fremf\u00f8rt p\u00e5 Plaza Mayor og Monte Calvario i La Nuc\u00eda. Denne religi\u00f8se teaterforestillingen begynte som et initiativ fra en gruppe teaterelskere og innbyggere i kommunen, og har med tiden blitt et av de mest popul\u00e6re arrangementene i Den hellige uke i La Nuc\u00eda.<br \/><em>Den 12. april<\/em> bandet \u201e<strong>F\u00f3rmula V<\/strong>\u201c kl. 20.00 i Auditori La Nuc\u00eda.<\/p>\t\t\t\t\t\t\t\t<\/div>\n\t\t\t\t<\/div>\n\t\t\t\t<div class=\"elementor-element elementor-element-f8cf4cd elementor-widget elementor-widget-heading\" data-id=\"f8cf4cd\" data-element_type=\"widget\" data-e-type=\"widget\" data-widget_type=\"heading.default\">\n\t\t\t\t<div class=\"elementor-widget-container\">\n\t\t\t\t\t<h3 class=\"elementor-heading-title elementor-size-default\">Alfaz del Pi<\/h3>\t\t\t\t<\/div>\n\t\t\t\t<\/div>\n\t\t\t\t<div class=\"elementor-element elementor-element-6e9db19 elementor-widget elementor-widget-text-editor\" data-id=\"6e9db19\" data-element_type=\"widget\" data-e-type=\"widget\" data-widget_type=\"text-editor.default\">\n\t\t\t\t<div class=\"elementor-widget-container\">\n\t\t\t\t\t\t\t\t\t<p><em>Den 15. og 16. mars<\/em> Pabell\u00f3n Pau Gasol vil v\u00e6re vertskap for workshopen \u201e<strong>H\u00f8yere trenger \u00e5 jobbe<\/strong>\u201c finner sted. P\u00e5 l\u00f8rdager er det frokost og treningsverksted fra kl. 9.30 til 12.00.<br \/><em>Den 16. mars<\/em> vil bli avholdt kl. 12.00 p\u00e5 Centre Social l'Albir. <strong>Pianokonsert<\/strong> presentert av Maurizio Moretta.<br \/><em>Den 18. mars<\/em> Sexologi-workshopen holdes fra kl. 9.30 til 12.00 i Casa de Cultura. <br \/>\u201e<strong>Alt du alltid har villet vite om sex, men aldri v\u00e5get \u00e5 sp\u00f8rre om<\/strong>\u201c ble avholdt.<br \/><em>Den 20. mars<\/em> det vil v\u00e6re et praktisk verksted fra 17:00 til 19:00 p\u00e5 Casa de Cultura \u201e<strong>Baeza-testen anvendt p\u00e5 illustrasjoner i museer<\/strong>\u201c med Carolina Fr\u00edas Castillejo.<br \/>P\u00e5<em> 22. mars<\/em> fra kl. 9.30 til 12.00 <strong>Workshop i selvforsvar<\/strong> av Club Krav Maga p\u00e5 Pabell\u00f3n Pau Gasol.<br \/><em>Den 23. mars<\/em> vil bli avholdt kl. 10.00 i Auditorio Casa de Cultura p\u00e5 <strong>VI Konkurranse <\/strong><strong>av de unge musikerne<\/strong> fra Marina Baixa.<br \/><em>Den 27. mars<\/em> fra kl. 17:00 til 19:00 verkstedet \u201e<strong>Representasjoner av kvinner <\/strong><br \/><strong>i kunsthistorien: muser vs. skapere<\/strong>\u201c med Carolina Fr\u00edas Castillejo p\u00e5 Casa de Cultura.<br \/><em>Den 4. april<\/em> kl. 20.00 i Auditorio Casa de Cultura, hvor <strong>Konsert av Maria Pia<\/strong> <strong>(piano) &amp; Beaux Arts<\/strong> <strong>Stryketrio<\/strong> oppf\u00f8rt.<br \/><em>Den 5. april<\/em> Auditorio Casa de Cultura vil v\u00e6re vertskap for <strong>Valg av dronning og \u00e6resrunde<\/strong> <strong>2025<\/strong> i stedet.<br \/><em>Den 6. april<\/em> vil bli avholdt kl. 12.00 p\u00e5 Centre Social l'Albir. <strong>Konsert <\/strong><strong>av Maria Pia (piano) &amp; Beaux Arts Stryketrio<\/strong> gitt.<br \/><em>Den 6. april<\/em> finner sted kl. 20.00 i Auditorio Casa de Cultura. <strong>V\u00e5rkonsert<\/strong> av Sociedad Musical la Lira de l'Alf\u00e0s del Pi.<br \/><em>Fra 11. til 13. april<\/em> den<strong> XIV. kulturuke<\/strong> av L'Alf\u00e0s del Pi med temaet \u201e<strong>Et folks stemme<\/strong>\u201c feiret.<\/p>\t\t\t\t\t\t\t\t<\/div>\n\t\t\t\t<\/div>\n\t\t\t\t<div class=\"elementor-element elementor-element-2b77b4e elementor-widget elementor-widget-heading\" data-id=\"2b77b4e\" data-element_type=\"widget\" data-e-type=\"widget\" data-widget_type=\"heading.default\">\n\t\t\t\t<div class=\"elementor-widget-container\">\n\t\t\t\t\t<h3 class=\"elementor-heading-title elementor-size-default\">Benissa\n<\/h3>\t\t\t\t<\/div>\n\t\t\t\t<\/div>\n\t\t\t\t<div class=\"elementor-element elementor-element-fd7ff8b elementor-widget elementor-widget-text-editor\" data-id=\"fd7ff8b\" data-element_type=\"widget\" data-e-type=\"widget\" data-widget_type=\"text-editor.default\">\n\t\t\t\t<div class=\"elementor-widget-container\">\n\t\t\t\t\t\t\t\t\t<p>Fra<em> 07. mars til 02. april<\/em> Espai Cultural Les Cases del Batlle er vertskap for utstillingen \u201e<strong>Sorolla, Moda y Sostenibilidad<\/strong>\u201c finner sted. <br \/><em>Den 15. og 16. mars<\/em> filmen \u201e<strong>Paddington: Aventura en la selva<\/strong>\u201c av regiss\u00f8r Dougal Wilson. <br \/><em>Den 21. mars<\/em> p\u00e5 Sal\u00f3n Cultural Municipal de Benissa \u201e<strong>Concierto Sis veus per al poeta<\/strong>\u201c minnekonsert for Vicent Andr\u00e9s Estell\u00e9s.<br \/><em>Den 22. og 23. mars<\/em> filmen \u201e<strong>El secreto del Orfebre<\/strong>\u201c av regiss\u00f8r Olga Osorio.<br \/><em>Den 29. og 30. mars<\/em> filmen \u201e<strong>Padres<\/strong>\u201c av regiss\u00f8r Jos\u00e9 \u00c1ngel Bohollo.<br \/><em>Den 29. mars<\/em> kl. 19.00 p\u00e5 Pla\u00e7a Germans Ivars \u201e<strong>Concierto concurso de pasodobles<\/strong>\u201e<\/p>\t\t\t\t\t\t\t\t<\/div>\n\t\t\t\t<\/div>\n\t\t\t\t<\/div>\n\t\t<div class=\"elementor-element elementor-element-759ab3d e-con-full e-flex e-con e-child\" data-id=\"759ab3d\" data-element_type=\"container\" data-e-type=\"container\">\n\t\t\t\t<div class=\"elementor-element elementor-element-18aa9e7 elementor-widget elementor-widget-image\" data-id=\"18aa9e7\" data-element_type=\"widget\" data-e-type=\"widget\" data-widget_type=\"image.default\">\n\t\t\t\t<div class=\"elementor-widget-container\">\n\t\t\t\t\t\t\t\t\t\t\t\t\t\t\t<img loading=\"lazy\" decoding=\"async\" width=\"800\" height=\"800\" src=\"https:\/\/costablanca-magazin.com\/wp-content\/uploads\/2025\/03\/Madame-Butterfly-La-Nucia-1024x1024.jpg\" class=\"attachment-large size-large wp-image-5089\" alt=\"Madame Butterfly La Nucia\" srcset=\"https:\/\/costablanca-magazin.com\/wp-content\/uploads\/2025\/03\/Madame-Butterfly-La-Nucia-1024x1024.jpg 1024w, https:\/\/costablanca-magazin.com\/wp-content\/uploads\/2025\/03\/Madame-Butterfly-La-Nucia-300x300.jpg 300w, https:\/\/costablanca-magazin.com\/wp-content\/uploads\/2025\/03\/Madame-Butterfly-La-Nucia-150x150.jpg 150w, https:\/\/costablanca-magazin.com\/wp-content\/uploads\/2025\/03\/Madame-Butterfly-La-Nucia-768x768.jpg 768w, https:\/\/costablanca-magazin.com\/wp-content\/uploads\/2025\/03\/Madame-Butterfly-La-Nucia.jpg 1200w\" sizes=\"(max-width: 800px) 100vw, 800px\" \/>\t\t\t\t\t\t\t\t\t\t\t\t\t\t\t<\/div>\n\t\t\t\t<\/div>\n\t\t\t\t<div class=\"elementor-element elementor-element-63d39a8 elementor-widget__width-initial elementor-widget elementor-widget-image\" data-id=\"63d39a8\" data-element_type=\"widget\" data-e-type=\"widget\" data-widget_type=\"image.default\">\n\t\t\t\t<div class=\"elementor-widget-container\">\n\t\t\t\t\t\t\t\t\t\t\t\t\t\t\t<img loading=\"lazy\" decoding=\"async\" width=\"1200\" height=\"1200\" src=\"https:\/\/costablanca-magazin.com\/wp-content\/uploads\/2025\/03\/formula-v-la-nucia.jpg\" class=\"attachment-full size-full wp-image-5091\" alt=\"formel v la nucia\" srcset=\"https:\/\/costablanca-magazin.com\/wp-content\/uploads\/2025\/03\/formula-v-la-nucia.jpg 1200w, https:\/\/costablanca-magazin.com\/wp-content\/uploads\/2025\/03\/formula-v-la-nucia-300x300.jpg 300w, https:\/\/costablanca-magazin.com\/wp-content\/uploads\/2025\/03\/formula-v-la-nucia-1024x1024.jpg 1024w, https:\/\/costablanca-magazin.com\/wp-content\/uploads\/2025\/03\/formula-v-la-nucia-150x150.jpg 150w, https:\/\/costablanca-magazin.com\/wp-content\/uploads\/2025\/03\/formula-v-la-nucia-768x768.jpg 768w\" sizes=\"(max-width: 1200px) 100vw, 1200px\" \/>\t\t\t\t\t\t\t\t\t\t\t\t\t\t\t<\/div>\n\t\t\t\t<\/div>\n\t\t\t\t<div class=\"elementor-element elementor-element-e86832f elementor-widget__width-initial elementor-widget elementor-widget-image\" data-id=\"e86832f\" data-element_type=\"widget\" data-e-type=\"widget\" data-widget_type=\"image.default\">\n\t\t\t\t<div class=\"elementor-widget-container\">\n\t\t\t\t\t\t\t\t\t\t\t\t\t\t\t<img loading=\"lazy\" decoding=\"async\" width=\"1240\" height=\"930\" src=\"https:\/\/costablanca-magazin.com\/wp-content\/uploads\/2025\/03\/ana-frank-austellung-la-nucia.jpg\" class=\"attachment-full size-full wp-image-5092\" alt=\"ana frank utstilling la nucia\" srcset=\"https:\/\/costablanca-magazin.com\/wp-content\/uploads\/2025\/03\/ana-frank-austellung-la-nucia.jpg 1240w, https:\/\/costablanca-magazin.com\/wp-content\/uploads\/2025\/03\/ana-frank-austellung-la-nucia-300x225.jpg 300w, https:\/\/costablanca-magazin.com\/wp-content\/uploads\/2025\/03\/ana-frank-austellung-la-nucia-1024x768.jpg 1024w, https:\/\/costablanca-magazin.com\/wp-content\/uploads\/2025\/03\/ana-frank-austellung-la-nucia-768x576.jpg 768w\" sizes=\"(max-width: 1240px) 100vw, 1240px\" \/>\t\t\t\t\t\t\t\t\t\t\t\t\t\t\t<\/div>\n\t\t\t\t<\/div>\n\t\t\t\t<div class=\"elementor-element elementor-element-77dc75e elementor-widget__width-initial elementor-widget elementor-widget-image\" data-id=\"77dc75e\" data-element_type=\"widget\" data-e-type=\"widget\" data-widget_type=\"image.default\">\n\t\t\t\t<div class=\"elementor-widget-container\">\n\t\t\t\t\t\t\t\t\t\t\t\t\t\t\t<img loading=\"lazy\" decoding=\"async\" width=\"1920\" height=\"1281\" src=\"https:\/\/costablanca-magazin.com\/wp-content\/uploads\/2025\/03\/benissa-concierto.jpg\" class=\"attachment-full size-full wp-image-5095\" alt=\"benissa konsert\" srcset=\"https:\/\/costablanca-magazin.com\/wp-content\/uploads\/2025\/03\/benissa-concierto.jpg 1920w, https:\/\/costablanca-magazin.com\/wp-content\/uploads\/2025\/03\/benissa-concierto-300x200.jpg 300w, https:\/\/costablanca-magazin.com\/wp-content\/uploads\/2025\/03\/benissa-concierto-1024x683.jpg 1024w, https:\/\/costablanca-magazin.com\/wp-content\/uploads\/2025\/03\/benissa-concierto-768x512.jpg 768w, https:\/\/costablanca-magazin.com\/wp-content\/uploads\/2025\/03\/benissa-concierto-1536x1025.jpg 1536w\" sizes=\"(max-width: 1920px) 100vw, 1920px\" \/>\t\t\t\t\t\t\t\t\t\t\t\t\t\t\t<\/div>\n\t\t\t\t<\/div>\n\t\t\t\t<div class=\"elementor-element elementor-element-45c7f64 elementor-widget__width-initial elementor-widget elementor-widget-image\" data-id=\"45c7f64\" data-element_type=\"widget\" data-e-type=\"widget\" data-widget_type=\"image.default\">\n\t\t\t\t<div class=\"elementor-widget-container\">\n\t\t\t\t\t\t\t\t\t\t\t\t\t\t\t<img decoding=\"async\" src=\"https:\/\/costablanca-magazin.com\/wp-content\/uploads\/elementor\/thumbs\/concierto-sis-veus-per-el-poeta-benissa-rjc6afr0yhtovsd4rc0xhar66fk1wg9y1z51hkm3og.jpg\" title=\"concierto sis veus per el poeta benissa\" alt=\"concierto sis veus per el poeta benissa\" loading=\"lazy\" \/>\t\t\t\t\t\t\t\t\t\t\t\t\t\t\t<\/div>\n\t\t\t\t<\/div>\n\t\t\t\t<\/div>\n\t\t\t\t\t<\/div>\n\t\t\t\t<\/div>\n\t\t<div class=\"elementor-element elementor-element-fa23d5b e-flex e-con-boxed e-con e-parent\" data-id=\"fa23d5b\" data-element_type=\"container\" data-e-type=\"container\">\n\t\t\t\t\t<div class=\"e-con-inner\">\n\t\t<div class=\"elementor-element elementor-element-9ca6b2d e-con-full e-flex e-con e-child\" data-id=\"9ca6b2d\" data-element_type=\"container\" data-e-type=\"container\">\n\t\t\t\t<div class=\"elementor-element elementor-element-8b16915 elementor-widget elementor-widget-image\" data-id=\"8b16915\" data-element_type=\"widget\" data-e-type=\"widget\" data-widget_type=\"image.default\">\n\t\t\t\t<div class=\"elementor-widget-container\">\n\t\t\t\t\t\t\t\t\t\t\t\t\t\t\t<img decoding=\"async\" src=\"https:\/\/costablanca-magazin.com\/wp-content\/uploads\/elementor\/thumbs\/bienvendiso-80s-und-90s-Denia-rjc6abzsgngmoyey5k3z4phltf9hmp37w8314byxis.jpg\" title=\"Bienvenidos 80- og 90-tallet Denia\" alt=\"Bienvenidos 80- og 90-tallet Denia\" loading=\"lazy\" \/>\t\t\t\t\t\t\t\t\t\t\t\t\t\t\t<\/div>\n\t\t\t\t<\/div>\n\t\t\t\t<div class=\"elementor-element elementor-element-a96dad6 elementor-widget elementor-widget-image\" data-id=\"a96dad6\" data-element_type=\"widget\" data-e-type=\"widget\" data-widget_type=\"image.default\">\n\t\t\t\t<div class=\"elementor-widget-container\">\n\t\t\t\t\t\t\t\t\t\t\t\t\t\t\t<img loading=\"lazy\" decoding=\"async\" width=\"1080\" height=\"1350\" src=\"https:\/\/costablanca-magazin.com\/wp-content\/uploads\/2025\/03\/Denia-Teatre-regalam-esta-nit.png\" class=\"attachment-full size-full wp-image-5099\" alt=\"Denia Teatre regala&amp;apos;m esta nit\" srcset=\"https:\/\/costablanca-magazin.com\/wp-content\/uploads\/2025\/03\/Denia-Teatre-regalam-esta-nit.png 1080w, https:\/\/costablanca-magazin.com\/wp-content\/uploads\/2025\/03\/Denia-Teatre-regalam-esta-nit-240x300.png 240w, https:\/\/costablanca-magazin.com\/wp-content\/uploads\/2025\/03\/Denia-Teatre-regalam-esta-nit-819x1024.png 819w, https:\/\/costablanca-magazin.com\/wp-content\/uploads\/2025\/03\/Denia-Teatre-regalam-esta-nit-768x960.png 768w\" sizes=\"(max-width: 1080px) 100vw, 1080px\" \/>\t\t\t\t\t\t\t\t\t\t\t\t\t\t\t<\/div>\n\t\t\t\t<\/div>\n\t\t\t\t<div class=\"elementor-element elementor-element-f24584d elementor-widget elementor-widget-image\" data-id=\"f24584d\" data-element_type=\"widget\" data-e-type=\"widget\" data-widget_type=\"image.default\">\n\t\t\t\t<div class=\"elementor-widget-container\">\n\t\t\t\t\t\t\t\t\t\t\t\t\t\t\t<img loading=\"lazy\" decoding=\"async\" width=\"344\" height=\"327\" src=\"https:\/\/costablanca-magazin.com\/wp-content\/uploads\/2025\/03\/fallas-benido0rm.webp\" class=\"attachment-full size-full wp-image-5109\" alt=\"fallas benidorm\" srcset=\"https:\/\/costablanca-magazin.com\/wp-content\/uploads\/2025\/03\/fallas-benido0rm.webp 344w, https:\/\/costablanca-magazin.com\/wp-content\/uploads\/2025\/03\/fallas-benido0rm-300x285.webp 300w\" sizes=\"(max-width: 344px) 100vw, 344px\" \/>\t\t\t\t\t\t\t\t\t\t\t\t\t\t\t<\/div>\n\t\t\t\t<\/div>\n\t\t\t\t<div class=\"elementor-element elementor-element-1bd34a1 elementor-widget elementor-widget-image\" data-id=\"1bd34a1\" data-element_type=\"widget\" data-e-type=\"widget\" data-widget_type=\"image.default\">\n\t\t\t\t<div class=\"elementor-widget-container\">\n\t\t\t\t\t\t\t\t\t\t\t\t\t\t\t<img loading=\"lazy\" decoding=\"async\" width=\"1920\" height=\"1080\" src=\"https:\/\/costablanca-magazin.com\/wp-content\/uploads\/2025\/03\/bsf-benidorm.webp\" class=\"attachment-full size-full wp-image-5108\" alt=\"bsf benidorm\" srcset=\"https:\/\/costablanca-magazin.com\/wp-content\/uploads\/2025\/03\/bsf-benidorm.webp 1920w, https:\/\/costablanca-magazin.com\/wp-content\/uploads\/2025\/03\/bsf-benidorm-300x169.webp 300w, https:\/\/costablanca-magazin.com\/wp-content\/uploads\/2025\/03\/bsf-benidorm-1024x576.webp 1024w, https:\/\/costablanca-magazin.com\/wp-content\/uploads\/2025\/03\/bsf-benidorm-768x432.webp 768w, https:\/\/costablanca-magazin.com\/wp-content\/uploads\/2025\/03\/bsf-benidorm-1536x864.webp 1536w\" sizes=\"(max-width: 1920px) 100vw, 1920px\" \/>\t\t\t\t\t\t\t\t\t\t\t\t\t\t\t<\/div>\n\t\t\t\t<\/div>\n\t\t\t\t<div class=\"elementor-element elementor-element-1c5ae08 elementor-widget elementor-widget-image\" data-id=\"1c5ae08\" data-element_type=\"widget\" data-e-type=\"widget\" data-widget_type=\"image.default\">\n\t\t\t\t<div class=\"elementor-widget-container\">\n\t\t\t\t\t\t\t\t\t\t\t\t\t\t\t<img loading=\"lazy\" decoding=\"async\" width=\"344\" height=\"327\" src=\"https:\/\/costablanca-magazin.com\/wp-content\/uploads\/2025\/03\/semana-santa-benidorm-1.webp\" class=\"attachment-large size-large wp-image-5106\" alt=\"semana santa benidorm 1\" srcset=\"https:\/\/costablanca-magazin.com\/wp-content\/uploads\/2025\/03\/semana-santa-benidorm-1.webp 344w, https:\/\/costablanca-magazin.com\/wp-content\/uploads\/2025\/03\/semana-santa-benidorm-1-300x285.webp 300w\" sizes=\"(max-width: 344px) 100vw, 344px\" \/>\t\t\t\t\t\t\t\t\t\t\t\t\t\t\t<\/div>\n\t\t\t\t<\/div>\n\t\t\t\t<\/div>\n\t\t<div class=\"elementor-element elementor-element-9256262 e-con-full e-flex e-con e-child\" data-id=\"9256262\" data-element_type=\"container\" data-e-type=\"container\">\n\t\t\t\t<div class=\"elementor-element elementor-element-536bcfb elementor-widget elementor-widget-heading\" data-id=\"536bcfb\" data-element_type=\"widget\" data-e-type=\"widget\" data-widget_type=\"heading.default\">\n\t\t\t\t<div class=\"elementor-widget-container\">\n\t\t\t\t\t<h3 class=\"elementor-heading-title elementor-size-default\">D\u00e9nia<\/h3>\t\t\t\t<\/div>\n\t\t\t\t<\/div>\n\t\t\t\t<div class=\"elementor-element elementor-element-994c8ec elementor-widget__width-initial elementor-widget elementor-widget-text-editor\" data-id=\"994c8ec\" data-element_type=\"widget\" data-e-type=\"widget\" data-widget_type=\"text-editor.default\">\n\t\t\t\t<div class=\"elementor-widget-container\">\n\t\t\t\t\t\t\t\t\t<p>Fallas i D\u00e9nia <em>fra 13. til 19. mars<\/em>:<br \/>- <em>15. mars<\/em>: 18:15 - <strong>Konsentrasjon av Fallas oppdrag og parade<\/strong><br \/>- <em>16. mars<\/em>: 10:30 gjennom D\u00e9nia - <strong>Brassband-parade<\/strong><br \/>- <em>17. mars<\/em>Kl. 11.30 p\u00e5 Plaza del Ayuntamiento - <strong>Morgen\u00f8l og <\/strong><strong>Folkloreforestillinger<\/strong> <br \/>- 18. mars: kl. 22.00 - <br \/>\u201e<strong>Nit de Foc<\/strong>\u201e, fyrverkeri og musikkshow<br \/>-<em> 19. mars<\/em>: 00:00 - \u201e<strong>Crem\u00e0<\/strong>\u201cFallas<br \/><em>Den 16. mars<\/em> kl. 19:00 p\u00e5 Teatre Auditori vises filmen \u201e<strong>Viaje a alguna parte<\/strong>\u201c av Helena de Llanos.<br \/><em>Den 20. mars<\/em> <em>frem til 05. april<\/em> Casa de Cultura vil v\u00e6re vertskap for utstillingen \u201e<strong>Bunter<\/strong>\u201c av Gary Cook med skulpturer.<br \/><em>Den 20. mars<\/em> kl. 19:30 vil Teatre Auditori v\u00e6re vertskap for <strong>Konsert med Sof\u00eda Guti\u00e9rrez-Tobar (sopran) og Duncan Gifford (piano)<\/strong> med verk av Richard Strauss, Gustav Mahler og Alban Berg.<br \/><em>Den 21. mars<\/em> kl. 19.00 p\u00e5 Casa de la Cultura presenteres boken \u201e<strong>La Marina en Verso<\/strong>\u201c av foreningen Poetes per la Cultura.<br \/><em>Den 22. mars<\/em> kl. 20:00 i Teatre Auditori, danseforestillingen \u201e<strong>Minimal<\/strong>\u201c presentert av Irene de la Rosa.<br \/><em>Den 23. mars<\/em> kl. 12:00 vil Teatre Auditori v\u00e6re vertskap for sirkus- og musikkforestillingen \u201e<strong>Sonata Circus<\/strong>\u201c for familier finner sted.<br \/><em>Den 23. mars<\/em> kl. 19:00 p\u00e5 Teatre Auditori vises filmen \u201e<strong>Los destellos<\/strong>\u201c av Pilar Palomero.<br \/><em>Den 28. mars<\/em> kl. 19:00 vil Teatre Auditori v\u00e6re vertskap for <strong>Konsert av Santiago Juan <\/strong><br \/><strong>(fiolin) og Vicent Ballester (gitar)<\/strong> med verker av J.S. Bach, N. Paganini, <br \/>P. Sarasate og M. de Falla.<br \/><em>Den 29. mars<\/em> kl. 20:00 p\u00e5 Teatre Auditori vises teaterstykket \u201e<strong>Regala'm Esta Nit<\/strong>\u201c av Albena Teatre.<br \/><em>Den 30. mars<\/em> kl. 12.00 i Teatre Auditori the <strong>Agrupaci\u00f3n ungdomsband <\/strong><br \/><strong>Art\u00edstica Musical de D\u00e9nia<\/strong>.<br \/><em>Frem til 29. mars<\/em> utstillingen \u201e<strong>Els Magazinos - <\/strong><br \/><strong>El mes de la Dona<\/strong>\u201c finner sted.<br \/><em>Den 29. mars<\/em> kl. 19.30 p\u00e5 Teatro Auditori musikalen \u201e<strong>Bienvenidos<\/strong>\u201c, en musikalsk reise gjennom 80- og 90-tallets hits.<br \/><em>Den 30. mars<\/em> kl. 19:00 p\u00e5 Teatre Auditori vises filmen \u201e<strong>Salve Maria<\/strong>\u201c av Mar Coll.<br \/><em>Den 1. april<\/em> 2025 fra kl. 09.00 p\u00e5 Estaci\u00f3n Mar\u00edtima i D\u00e9nia arrangementet \u201e<strong>De Alicante Al Mundo<\/strong>\u201c - deltakerne f\u00e5r mulighet til \u00e5 bygge nettverk med internasjonale konsulenter og tjenesteleverand\u00f8rer og f\u00e5 verdifulle tips om globalisering og internasjonalisering.<\/p>\t\t\t\t\t\t\t\t<\/div>\n\t\t\t\t<\/div>\n\t\t\t\t<div class=\"elementor-element elementor-element-9d96fda elementor-widget elementor-widget-spacer\" data-id=\"9d96fda\" data-element_type=\"widget\" data-e-type=\"widget\" data-widget_type=\"spacer.default\">\n\t\t\t\t<div class=\"elementor-widget-container\">\n\t\t\t\t\t\t\t<div class=\"elementor-spacer\">\n\t\t\t<div class=\"elementor-spacer-inner\"><\/div>\n\t\t<\/div>\n\t\t\t\t\t\t<\/div>\n\t\t\t\t<\/div>\n\t\t\t\t<div class=\"elementor-element elementor-element-91280b9 elementor-widget elementor-widget-heading\" data-id=\"91280b9\" data-element_type=\"widget\" data-e-type=\"widget\" data-widget_type=\"heading.default\">\n\t\t\t\t<div class=\"elementor-widget-container\">\n\t\t\t\t\t<h3 class=\"elementor-heading-title elementor-size-default\">Benidorm<\/h3>\t\t\t\t<\/div>\n\t\t\t\t<\/div>\n\t\t\t\t<div class=\"elementor-element elementor-element-11ae00b elementor-widget elementor-widget-text-editor\" data-id=\"11ae00b\" data-element_type=\"widget\" data-e-type=\"widget\" data-widget_type=\"text-editor.default\">\n\t\t\t\t<div class=\"elementor-widget-container\">\n\t\t\t\t\t\t\t\t\t<p><em>Den 15. mars<\/em> den <strong>Ofrenda de Flores<\/strong> til Hallazgo de la Virgen, der det ofres blomster til \u00e6re for Virgen del Sufragio. <br \/><em>Den 15. mars<\/em> Auditorio Julio Iglesias vil v\u00e6re vertskap for \u201e<strong>Homenaje <\/strong><strong>a la Ruta y 90\u2019s &amp; 2mil<\/strong>\u201c finner sted. <br \/><em>Den 16. mars<\/em> den <strong>Hallazgo de la Virgen<\/strong> med en <strong>Prosesjon<\/strong> feiret gjennom gatene i Benidorm. <br \/><em>Fra 17. til 19. mars<\/em> finne <strong>Fallas<\/strong> med imponerende monumenter laget av pappmasj\u00e9 og tre, masclet\u00e1s og fyrverkeri, <strong>Gateparader og Crem\u00e0<\/strong> <em>den 19. mars<\/em>. <br \/><em>Den 17. mars<\/em> i Benidorm er <strong>Saint Patrick's Day<\/strong> feiret. <br \/><em>Den 19. mars<\/em> g\u00e5r inn i <strong>Bandet The Manfreds<\/strong> p\u00e5 Benidorm Palace (kl. 20.30). <br \/><em>Den 23. mars<\/em> Benidorm Palace vil v\u00e6re vertskap for<strong> Konsert av Valery Meladze<\/strong> finner sted (kl. 20.00). <br \/><em>Fra 13. til 20. april<\/em> i Benidorm er <strong>Semana Santa<\/strong> med religi\u00f8se prosesjoner og kulturelle aktiviteter. <br \/><em>Den 21. mars<\/em> den <strong>offisiell festivalplakat presentert<\/strong>. <br \/><em>Fra 4. til 6. april<\/em> finner <strong>Mig Any Moros y Cristianos-festivalen<\/strong> som gjenskaper det historiske m\u00f8tet mellom maurere og kristne. <br \/><em>Den 30. mars<\/em> den <strong>Save My Life 13-gallaen<\/strong> p\u00e5 Benidorm Palace (kl. 13.00). <br \/><em>Den 18. april<\/em> finner <strong>V\u00e5rfestivalen i Benidorm<\/strong> finner sted (23:30). <br \/><em>Fra 11. til 13. april<\/em> den <strong>Benidorm Punk Weekender<\/strong> feiret p\u00e5 Rockstar Benidorm. <br \/><em>Den 12. april<\/em> Luis Piedrahita fremf\u00f8rer sin monolog <strong>Apocal\u00edpticamente<\/strong> <strong>Correcto<\/strong> p\u00e5 Centro Cultural de Benidorm. <br \/><em>Fra 4. til 6. april<\/em> blir <strong>Dronningene p\u00e5 slottet<\/strong> \u2013 <strong>Det store draglandskapet<\/strong> organisert i Benidorm.<\/p>\t\t\t\t\t\t\t\t<\/div>\n\t\t\t\t<\/div>\n\t\t\t\t<\/div>\n\t\t\t\t\t<\/div>\n\t\t\t\t<\/div>\n\t\t\t\t<\/div>","protected":false},"excerpt":{"rendered":"<p>Costa Blanca \u2013 Ein spannender M\u00e4rz und April voller Events Erleben Sie Konzerte, Ausstellungen und traditionelle Feste in Calpe, Altea, Villajoyosa und vielen weiteren St\u00e4dten der Costa Blanca. Die Costa Blanca erwacht im M\u00e4rz und April zu einer F\u00fclle kultureller und traditioneller Veranstaltungen, die jeden Besucher in ihren Bann ziehen. Vom beeindruckenden &#8222;Fallas&#8220;-Fest in Calpe [&hellip;]<\/p>\n","protected":false},"author":4,"featured_media":5084,"comment_status":"closed","ping_status":"closed","sticky":false,"template":"elementor_header_footer","format":"standard","meta":{"footnotes":""},"categories":[23],"tags":[],"class_list":["post-5073","post","type-post","status-publish","format-standard","has-post-thumbnail","hentry","category-veranstaltungen-events"],"aioseo_notices":[],"aioseo_head":"\n\t\t<!-- All in One SEO Pro 5.0.1.1 - aioseo.com -->\n\t<meta name=\"description\" content=\"Erleben Sie Konzerte, Ausstellungen und traditionelle Feste an der Costa Blanca - kultureller und traditionellen Veranstaltungen, die jeden in\u2026\" \/>\n\t<meta name=\"robots\" content=\"max-snippet:-1, max-image-preview:large, max-video-preview:-1\" \/>\n\t<meta name=\"author\" content=\"Costablanca Magazin Redaktion\"\/>\n\t<link rel=\"canonical\" href=\"https:\/\/costablanca-magazin.com\/nb\/freizeit\/veranstaltungen-events\/costa-blanca-ein-spannender-maerz-und-april-voller-events\/\" \/>\n\t<meta name=\"generator\" content=\"All in One SEO Pro (AIOSEO) 5.0.1.1\" \/>\n\t\t<meta property=\"og:locale\" content=\"nb_NO\" \/>\n\t\t<meta property=\"og:site_name\" content=\"Costa Blanca Magazin\" \/>\n\t\t<meta property=\"og:type\" content=\"article\" \/>\n\t\t<meta property=\"og:title\" content=\"Costa Blanca - Ein spannender M\u00e4rz und April voller\u2026\" \/>\n\t\t<meta property=\"og:description\" content=\"Erleben Sie Konzerte, Ausstellungen und traditionelle Feste an der Costa Blanca - kultureller und traditionellen Veranstaltungen, die jeden in\u2026\" \/>\n\t\t<meta property=\"og:url\" content=\"https:\/\/costablanca-magazin.com\/nb\/freizeit\/veranstaltungen-events\/costa-blanca-ein-spannender-maerz-und-april-voller-events\/\" \/>\n\t\t<meta property=\"og:image\" content=\"https:\/\/costablanca-magazin.com\/wp-content\/uploads\/2025\/03\/crowd-in-costumes-in-semana-santa-festival-capture-2025-02-04-09-02-01-utc-scaled.jpeg\" \/>\n\t\t<meta property=\"og:image:secure_url\" content=\"https:\/\/costablanca-magazin.com\/wp-content\/uploads\/2025\/03\/crowd-in-costumes-in-semana-santa-festival-capture-2025-02-04-09-02-01-utc-scaled.jpeg\" \/>\n\t\t<meta property=\"og:image:width\" content=\"2560\" \/>\n\t\t<meta property=\"og:image:height\" content=\"1710\" \/>\n\t\t<meta property=\"article:published_time\" content=\"2025-03-14T08:00:00+00:00\" \/>\n\t\t<meta property=\"article:modified_time\" content=\"2025-05-15T11:31:01+00:00\" \/>\n\t\t<meta property=\"article:publisher\" content=\"https:\/\/www.facebook.com\/costablancalifestyle\/\" \/>\n\t\t<meta name=\"twitter:card\" content=\"summary_large_image\" \/>\n\t\t<meta name=\"twitter:title\" content=\"Costa Blanca - Ein spannender M\u00e4rz und April voller\u2026\" \/>\n\t\t<meta name=\"twitter:description\" content=\"Erleben Sie Konzerte, Ausstellungen und traditionelle Feste an der Costa Blanca - kultureller und traditionellen Veranstaltungen, die jeden in\u2026\" \/>\n\t\t<meta name=\"twitter:image\" content=\"https:\/\/costablanca-magazin.com\/wp-content\/uploads\/2025\/03\/crowd-in-costumes-in-semana-santa-festival-capture-2025-02-04-09-02-01-utc-scaled.jpeg\" \/>\n\t\t<script type=\"application\/ld+json\" class=\"aioseo-schema\">\n\t\t\t{\"@context\":\"https:\\\/\\\/schema.org\",\"@graph\":[{\"@type\":\"BreadcrumbList\",\"@id\":\"https:\\\/\\\/costablanca-magazin.com\\\/nb\\\/freizeit\\\/veranstaltungen-events\\\/costa-blanca-ein-spannender-maerz-und-april-voller-events\\\/#breadcrumblist\",\"itemListElement\":[{\"@type\":\"ListItem\",\"@id\":\"https:\\\/\\\/costablanca-magazin.com\\\/nb#listItem\",\"position\":1,\"name\":\"Home\",\"item\":\"https:\\\/\\\/costablanca-magazin.com\\\/nb\",\"nextItem\":{\"@type\":\"ListItem\",\"@id\":\"https:\\\/\\\/costablanca-magazin.com\\\/nb\\\/fritid\\\/#listItem\",\"name\":\"Freizeit\"}},{\"@type\":\"ListItem\",\"@id\":\"https:\\\/\\\/costablanca-magazin.com\\\/nb\\\/fritid\\\/#listItem\",\"position\":2,\"name\":\"Freizeit\",\"item\":\"https:\\\/\\\/costablanca-magazin.com\\\/nb\\\/fritid\\\/\",\"nextItem\":{\"@type\":\"ListItem\",\"@id\":\"https:\\\/\\\/costablanca-magazin.com\\\/nb\\\/arrangementer-events\\\/#listItem\",\"name\":\"Veranstaltungen &amp; Events\"},\"previousItem\":{\"@type\":\"ListItem\",\"@id\":\"https:\\\/\\\/costablanca-magazin.com\\\/nb#listItem\",\"name\":\"Home\"}},{\"@type\":\"ListItem\",\"@id\":\"https:\\\/\\\/costablanca-magazin.com\\\/nb\\\/arrangementer-events\\\/#listItem\",\"position\":3,\"name\":\"Veranstaltungen &amp; Events\",\"item\":\"https:\\\/\\\/costablanca-magazin.com\\\/nb\\\/arrangementer-events\\\/\",\"nextItem\":{\"@type\":\"ListItem\",\"@id\":\"https:\\\/\\\/costablanca-magazin.com\\\/nb\\\/freizeit\\\/veranstaltungen-events\\\/costa-blanca-ein-spannender-maerz-und-april-voller-events\\\/#listItem\",\"name\":\"Costa Blanca &#8211; Ein spannender M\\u00e4rz und April voller Events\"},\"previousItem\":{\"@type\":\"ListItem\",\"@id\":\"https:\\\/\\\/costablanca-magazin.com\\\/nb\\\/fritid\\\/#listItem\",\"name\":\"Freizeit\"}},{\"@type\":\"ListItem\",\"@id\":\"https:\\\/\\\/costablanca-magazin.com\\\/nb\\\/freizeit\\\/veranstaltungen-events\\\/costa-blanca-ein-spannender-maerz-und-april-voller-events\\\/#listItem\",\"position\":4,\"name\":\"Costa Blanca &#8211; Ein spannender M\\u00e4rz und April voller Events\",\"previousItem\":{\"@type\":\"ListItem\",\"@id\":\"https:\\\/\\\/costablanca-magazin.com\\\/nb\\\/arrangementer-events\\\/#listItem\",\"name\":\"Veranstaltungen &amp; Events\"}}]},{\"@type\":\"NewsArticle\",\"@id\":\"https:\\\/\\\/costablanca-magazin.com\\\/nb\\\/freizeit\\\/veranstaltungen-events\\\/costa-blanca-ein-spannender-maerz-und-april-voller-events\\\/#article\",\"name\":\"Costa Blanca \\u2013 Ein spannender M\\u00e4rz und April voller Events\",\"headline\":\"Costa Blanca \\u2013 Ein spannender M\\u00e4rz und April voller Events\",\"author\":{\"@id\":\"https:\\\/\\\/costablanca-magazin.com\\\/nb\\\/author\\\/costablanca-magazin-redaktion\\\/#author\"},\"publisher\":{\"@id\":\"https:\\\/\\\/costablanca-magazin.com\\\/nb\\\/#organization\"},\"image\":{\"@type\":\"ImageObject\",\"url\":\"https:\\\/\\\/costablanca-magazin.com\\\/wp-content\\\/uploads\\\/2025\\\/03\\\/crowd-in-costumes-in-semana-santa-festival-capture-2025-02-04-09-02-01-utc-scaled.jpeg\",\"width\":2560,\"height\":1710,\"caption\":\"Costa Blanca \\u2013 Ein spannender M\\u00e4rz und April voller Events\"},\"datePublished\":\"2025-03-14T09:00:00+01:00\",\"dateModified\":\"2025-05-15T13:31:01+02:00\",\"inLanguage\":\"nb-NO\",\"mainEntityOfPage\":{\"@id\":\"https:\\\/\\\/costablanca-magazin.com\\\/nb\\\/freizeit\\\/veranstaltungen-events\\\/costa-blanca-ein-spannender-maerz-und-april-voller-events\\\/#webpage\"},\"isPartOf\":{\"@id\":\"https:\\\/\\\/costablanca-magazin.com\\\/nb\\\/freizeit\\\/veranstaltungen-events\\\/costa-blanca-ein-spannender-maerz-und-april-voller-events\\\/#webpage\"},\"articleSection\":\"Veranstaltungen &amp; Events\"},{\"@type\":\"Person\",\"@id\":\"https:\\\/\\\/costablanca-magazin.com\\\/nb\\\/author\\\/costablanca-magazin-redaktion\\\/#author\",\"url\":\"https:\\\/\\\/costablanca-magazin.com\\\/nb\\\/author\\\/costablanca-magazin-redaktion\\\/\",\"name\":\"Costablanca Magazin Redaktion\"},{\"@type\":\"WebPage\",\"@id\":\"https:\\\/\\\/costablanca-magazin.com\\\/nb\\\/freizeit\\\/veranstaltungen-events\\\/costa-blanca-ein-spannender-maerz-und-april-voller-events\\\/#webpage\",\"url\":\"https:\\\/\\\/costablanca-magazin.com\\\/nb\\\/freizeit\\\/veranstaltungen-events\\\/costa-blanca-ein-spannender-maerz-und-april-voller-events\\\/\",\"name\":\"Costa Blanca - Ein spannender M\\u00e4rz und April voller\\u2026\",\"description\":\"Erleben Sie Konzerte, Ausstellungen und traditionelle Feste an der Costa Blanca - kultureller und traditionellen Veranstaltungen, die jeden in\\u2026\",\"inLanguage\":\"nb-NO\",\"isPartOf\":{\"@id\":\"https:\\\/\\\/costablanca-magazin.com\\\/nb\\\/#website\"},\"breadcrumb\":{\"@id\":\"https:\\\/\\\/costablanca-magazin.com\\\/nb\\\/freizeit\\\/veranstaltungen-events\\\/costa-blanca-ein-spannender-maerz-und-april-voller-events\\\/#breadcrumblist\"},\"author\":{\"@id\":\"https:\\\/\\\/costablanca-magazin.com\\\/nb\\\/author\\\/costablanca-magazin-redaktion\\\/#author\"},\"creator\":{\"@id\":\"https:\\\/\\\/costablanca-magazin.com\\\/nb\\\/author\\\/costablanca-magazin-redaktion\\\/#author\"},\"image\":{\"@type\":\"ImageObject\",\"url\":\"https:\\\/\\\/costablanca-magazin.com\\\/wp-content\\\/uploads\\\/2025\\\/03\\\/crowd-in-costumes-in-semana-santa-festival-capture-2025-02-04-09-02-01-utc-scaled.jpeg\",\"@id\":\"https:\\\/\\\/costablanca-magazin.com\\\/nb\\\/freizeit\\\/veranstaltungen-events\\\/costa-blanca-ein-spannender-maerz-und-april-voller-events\\\/#mainImage\",\"width\":2560,\"height\":1710,\"caption\":\"Costa Blanca \\u2013 Ein spannender M\\u00e4rz und April voller Events\"},\"primaryImageOfPage\":{\"@id\":\"https:\\\/\\\/costablanca-magazin.com\\\/nb\\\/freizeit\\\/veranstaltungen-events\\\/costa-blanca-ein-spannender-maerz-und-april-voller-events\\\/#mainImage\"},\"datePublished\":\"2025-03-14T09:00:00+01:00\",\"dateModified\":\"2025-05-15T13:31:01+02:00\",\"mainEntity\":{\"@id\":\"https:\\\/\\\/costablanca-magazin.com\\\/nb\\\/freizeit\\\/veranstaltungen-events\\\/costa-blanca-ein-spannender-maerz-und-april-voller-events\\\/#article\"}},{\"@type\":\"WebSite\",\"@id\":\"https:\\\/\\\/costablanca-magazin.com\\\/nb\\\/#website\",\"url\":\"https:\\\/\\\/costablanca-magazin.com\\\/nb\\\/\",\"name\":\"Costa Blanca Magazin\",\"description\":\"Costa Blanca - alles um das Leben und die Freizeit an der K\\u00fcste\",\"inLanguage\":\"nb-NO\",\"publisher\":{\"@id\":\"https:\\\/\\\/costablanca-magazin.com\\\/nb\\\/#organization\"},\"potentialAction\":{\"@type\":\"SearchAction\",\"target\":\"https:\\\/\\\/costablanca-magazin.com\\\/nb\\\/?s={search_term_string}\",\"query-input\":\"required name=search_term_string\"}},{\"@type\":[\"Organization\",\"NewsMediaOrganization\"],\"@id\":\"https:\\\/\\\/costablanca-magazin.com\\\/nb\\\/#organization\",\"name\":\"Costa Blanca Magazin\",\"description\":\"Costa Blanca Magazin\",\"url\":\"https:\\\/\\\/costablanca-magazin.com\\\/nb\\\/\",\"email\":\"info@costablanca-magazin.com\",\"telephone\":\"+34 663 946 871\",\"logo\":{\"@type\":\"ImageObject\",\"url\":\"https:\\\/\\\/costablanca-magazin.com\\\/wp-content\\\/uploads\\\/2024\\\/05\\\/logo.jpg\",\"@id\":\"https:\\\/\\\/costablanca-magazin.com\\\/nb\\\/freizeit\\\/veranstaltungen-events\\\/costa-blanca-ein-spannender-maerz-und-april-voller-events\\\/#organizationLogo\",\"width\":1605,\"height\":236,\"caption\":\"Costa Blanca Magazin\"},\"image\":{\"@id\":\"https:\\\/\\\/costablanca-magazin.com\\\/nb\\\/freizeit\\\/veranstaltungen-events\\\/costa-blanca-ein-spannender-maerz-und-april-voller-events\\\/#organizationLogo\"},\"sameAs\":[\"https:\\\/\\\/www.facebook.com\\\/costablancalifestyle\\\/\",\"https:\\\/\\\/www.instagram.com\\\/costablancamagazin\\\/\"]}]}\n\t\t<\/script>\n\t\t<!-- All in One SEO Pro -->\r\n\t\t<title>Costa Blanca - Ein spannender M\u00e4rz und April voller\u2026<\/title>\n\n","aioseo_head_json":{"title":"Costa Blanca - En spennende mars og april full av...","description":"Nyt konserter, utstillinger og tradisjonelle festivaler p\u00e5 Costa Blanca - kulturelle og tradisjonelle arrangementer som vil glede alle.","canonical_url":"https:\/\/costablanca-magazin.com\/nb\/freizeit\/veranstaltungen-events\/costa-blanca-ein-spannender-maerz-und-april-voller-events\/","robots":"max-snippet:-1, max-image-preview:large, max-video-preview:-1","keywords":"","webmasterTools":{"miscellaneous":""},"schema":{"@context":"https:\/\/schema.org","@graph":[{"@type":"BreadcrumbList","@id":"https:\/\/costablanca-magazin.com\/nb\/freizeit\/veranstaltungen-events\/costa-blanca-ein-spannender-maerz-und-april-voller-events\/#breadcrumblist","itemListElement":[{"@type":"ListItem","@id":"https:\/\/costablanca-magazin.com\/nb#listItem","position":1,"name":"Home","item":"https:\/\/costablanca-magazin.com\/nb","nextItem":{"@type":"ListItem","@id":"https:\/\/costablanca-magazin.com\/nb\/fritid\/#listItem","name":"Freizeit"}},{"@type":"ListItem","@id":"https:\/\/costablanca-magazin.com\/nb\/fritid\/#listItem","position":2,"name":"Freizeit","item":"https:\/\/costablanca-magazin.com\/nb\/fritid\/","nextItem":{"@type":"ListItem","@id":"https:\/\/costablanca-magazin.com\/nb\/arrangementer-events\/#listItem","name":"Veranstaltungen &amp; Events"},"previousItem":{"@type":"ListItem","@id":"https:\/\/costablanca-magazin.com\/nb#listItem","name":"Home"}},{"@type":"ListItem","@id":"https:\/\/costablanca-magazin.com\/nb\/arrangementer-events\/#listItem","position":3,"name":"Veranstaltungen &amp; Events","item":"https:\/\/costablanca-magazin.com\/nb\/arrangementer-events\/","nextItem":{"@type":"ListItem","@id":"https:\/\/costablanca-magazin.com\/nb\/freizeit\/veranstaltungen-events\/costa-blanca-ein-spannender-maerz-und-april-voller-events\/#listItem","name":"Costa Blanca &#8211; Ein spannender M\u00e4rz und April voller Events"},"previousItem":{"@type":"ListItem","@id":"https:\/\/costablanca-magazin.com\/nb\/fritid\/#listItem","name":"Freizeit"}},{"@type":"ListItem","@id":"https:\/\/costablanca-magazin.com\/nb\/freizeit\/veranstaltungen-events\/costa-blanca-ein-spannender-maerz-und-april-voller-events\/#listItem","position":4,"name":"Costa Blanca &#8211; Ein spannender M\u00e4rz und April voller Events","previousItem":{"@type":"ListItem","@id":"https:\/\/costablanca-magazin.com\/nb\/arrangementer-events\/#listItem","name":"Veranstaltungen &amp; Events"}}]},{"@type":"NewsArticle","@id":"https:\/\/costablanca-magazin.com\/nb\/freizeit\/veranstaltungen-events\/costa-blanca-ein-spannender-maerz-und-april-voller-events\/#article","name":"Costa Blanca \u2013 Ein spannender M\u00e4rz und April voller Events","headline":"Costa Blanca \u2013 Ein spannender M\u00e4rz und April voller Events","author":{"@id":"https:\/\/costablanca-magazin.com\/nb\/author\/costablanca-magazin-redaktion\/#author"},"publisher":{"@id":"https:\/\/costablanca-magazin.com\/nb\/#organization"},"image":{"@type":"ImageObject","url":"https:\/\/costablanca-magazin.com\/wp-content\/uploads\/2025\/03\/crowd-in-costumes-in-semana-santa-festival-capture-2025-02-04-09-02-01-utc-scaled.jpeg","width":2560,"height":1710,"caption":"Costa Blanca \u2013 Ein spannender M\u00e4rz und April voller Events"},"datePublished":"2025-03-14T09:00:00+01:00","dateModified":"2025-05-15T13:31:01+02:00","inLanguage":"nb-NO","mainEntityOfPage":{"@id":"https:\/\/costablanca-magazin.com\/nb\/freizeit\/veranstaltungen-events\/costa-blanca-ein-spannender-maerz-und-april-voller-events\/#webpage"},"isPartOf":{"@id":"https:\/\/costablanca-magazin.com\/nb\/freizeit\/veranstaltungen-events\/costa-blanca-ein-spannender-maerz-und-april-voller-events\/#webpage"},"articleSection":"Veranstaltungen &amp; Events"},{"@type":"Person","@id":"https:\/\/costablanca-magazin.com\/nb\/author\/costablanca-magazin-redaktion\/#author","url":"https:\/\/costablanca-magazin.com\/nb\/author\/costablanca-magazin-redaktion\/","name":"Costablanca Magazin Redaktion"},{"@type":"WebPage","@id":"https:\/\/costablanca-magazin.com\/nb\/freizeit\/veranstaltungen-events\/costa-blanca-ein-spannender-maerz-und-april-voller-events\/#webpage","url":"https:\/\/costablanca-magazin.com\/nb\/freizeit\/veranstaltungen-events\/costa-blanca-ein-spannender-maerz-und-april-voller-events\/","name":"Costa Blanca - Ein spannender M\u00e4rz und April voller\u2026","description":"Erleben Sie Konzerte, Ausstellungen und traditionelle Feste an der Costa Blanca - kultureller und traditionellen Veranstaltungen, die jeden in\u2026","inLanguage":"nb-NO","isPartOf":{"@id":"https:\/\/costablanca-magazin.com\/nb\/#website"},"breadcrumb":{"@id":"https:\/\/costablanca-magazin.com\/nb\/freizeit\/veranstaltungen-events\/costa-blanca-ein-spannender-maerz-und-april-voller-events\/#breadcrumblist"},"author":{"@id":"https:\/\/costablanca-magazin.com\/nb\/author\/costablanca-magazin-redaktion\/#author"},"creator":{"@id":"https:\/\/costablanca-magazin.com\/nb\/author\/costablanca-magazin-redaktion\/#author"},"image":{"@type":"ImageObject","url":"https:\/\/costablanca-magazin.com\/wp-content\/uploads\/2025\/03\/crowd-in-costumes-in-semana-santa-festival-capture-2025-02-04-09-02-01-utc-scaled.jpeg","@id":"https:\/\/costablanca-magazin.com\/nb\/freizeit\/veranstaltungen-events\/costa-blanca-ein-spannender-maerz-und-april-voller-events\/#mainImage","width":2560,"height":1710,"caption":"Costa Blanca \u2013 Ein spannender M\u00e4rz und April voller Events"},"primaryImageOfPage":{"@id":"https:\/\/costablanca-magazin.com\/nb\/freizeit\/veranstaltungen-events\/costa-blanca-ein-spannender-maerz-und-april-voller-events\/#mainImage"},"datePublished":"2025-03-14T09:00:00+01:00","dateModified":"2025-05-15T13:31:01+02:00","mainEntity":{"@id":"https:\/\/costablanca-magazin.com\/nb\/freizeit\/veranstaltungen-events\/costa-blanca-ein-spannender-maerz-und-april-voller-events\/#article"}},{"@type":"WebSite","@id":"https:\/\/costablanca-magazin.com\/nb\/#website","url":"https:\/\/costablanca-magazin.com\/nb\/","name":"Costa Blanca Magazin","description":"Costa Blanca - alles um das Leben und die Freizeit an der K\u00fcste","inLanguage":"nb-NO","publisher":{"@id":"https:\/\/costablanca-magazin.com\/nb\/#organization"},"potentialAction":{"@type":"SearchAction","target":"https:\/\/costablanca-magazin.com\/nb\/?s={search_term_string}","query-input":"required name=search_term_string"}},{"@type":["Organization","NewsMediaOrganization"],"@id":"https:\/\/costablanca-magazin.com\/nb\/#organization","name":"Costa Blanca Magazin","description":"Costa Blanca Magazin","url":"https:\/\/costablanca-magazin.com\/nb\/","email":"info@costablanca-magazin.com","telephone":"+34 663 946 871","logo":{"@type":"ImageObject","url":"https:\/\/costablanca-magazin.com\/wp-content\/uploads\/2024\/05\/logo.jpg","@id":"https:\/\/costablanca-magazin.com\/nb\/freizeit\/veranstaltungen-events\/costa-blanca-ein-spannender-maerz-und-april-voller-events\/#organizationLogo","width":1605,"height":236,"caption":"Costa Blanca Magazin"},"image":{"@id":"https:\/\/costablanca-magazin.com\/nb\/freizeit\/veranstaltungen-events\/costa-blanca-ein-spannender-maerz-und-april-voller-events\/#organizationLogo"},"sameAs":["https:\/\/www.facebook.com\/costablancalifestyle\/","https:\/\/www.instagram.com\/costablancamagazin\/"]}]},"og:locale":"nb_NO","og:site_name":"Costa Blanca Magazin","og:type":"article","og:title":"Costa Blanca - Ein spannender M\u00e4rz und April voller\u2026","og:description":"Erleben Sie Konzerte, Ausstellungen und traditionelle Feste an der Costa Blanca - kultureller und traditionellen Veranstaltungen, die jeden in\u2026","og:url":"https:\/\/costablanca-magazin.com\/nb\/freizeit\/veranstaltungen-events\/costa-blanca-ein-spannender-maerz-und-april-voller-events\/","og:image":"https:\/\/costablanca-magazin.com\/wp-content\/uploads\/2025\/03\/crowd-in-costumes-in-semana-santa-festival-capture-2025-02-04-09-02-01-utc-scaled.jpeg","og:image:secure_url":"https:\/\/costablanca-magazin.com\/wp-content\/uploads\/2025\/03\/crowd-in-costumes-in-semana-santa-festival-capture-2025-02-04-09-02-01-utc-scaled.jpeg","og:image:width":2560,"og:image:height":1710,"article:published_time":"2025-03-14T08:00:00+00:00","article:modified_time":"2025-05-15T11:31:01+00:00","article:publisher":"https:\/\/www.facebook.com\/costablancalifestyle\/","twitter:card":"summary_large_image","twitter:title":"Costa Blanca - Ein spannender M\u00e4rz und April voller\u2026","twitter:description":"Erleben Sie Konzerte, Ausstellungen und traditionelle Feste an der Costa Blanca - kultureller und traditionellen Veranstaltungen, die jeden in\u2026","twitter:image":"https:\/\/costablanca-magazin.com\/wp-content\/uploads\/2025\/03\/crowd-in-costumes-in-semana-santa-festival-capture-2025-02-04-09-02-01-utc-scaled.jpeg"},"aioseo_meta_data":{"post_id":"5073","title":"Costa Blanca - En spennende mars og april full av...","description":"Nyt konserter, utstillinger og tradisjonelle festivaler p\u00e5 Costa Blanca - kulturelle og tradisjonelle arrangementer som vil glede alle.","keywords":null,"keyphrases":{"focus":[],"additional":[]},"primary_term":null,"canonical_url":null,"og_title":null,"og_description":null,"og_object_type":"default","og_image_type":"default","og_image_url":null,"og_image_width":null,"og_image_height":null,"og_image_custom_url":null,"og_image_custom_fields":null,"og_video":"","og_custom_url":null,"og_article_section":null,"og_article_tags":null,"twitter_use_og":false,"twitter_card":"default","twitter_image_type":"default","twitter_image_url":null,"twitter_image_custom_url":null,"twitter_image_custom_fields":null,"twitter_title":null,"twitter_description":null,"schema":{"blockGraphs":[],"customGraphs":[],"default":{"data":{"Article":[],"Course":[],"Dataset":[],"FAQPage":[],"Movie":[],"Person":[],"Product":[],"ProductReview":[],"Car":[],"Recipe":[],"Service":[],"SoftwareApplication":[],"WebPage":[]},"graphName":"BlogPosting","isEnabled":true},"graphs":[]},"schema_type":"default","schema_type_options":null,"pillar_content":false,"robots_default":true,"robots_noindex":false,"robots_noarchive":false,"robots_nosnippet":false,"robots_nofollow":false,"robots_noimageindex":false,"robots_noodp":false,"robots_notranslate":false,"robots_max_snippet":"-1","robots_max_videopreview":"-1","robots_max_imagepreview":"large","priority":null,"frequency":"default","local_seo":null,"seo_analyzer_scan_date":"2026-07-18 14:00:05","breadcrumb_settings":null,"limit_modified_date":false,"reviewed_by":null,"open_ai":null,"ai":null,"created":"2025-03-14 16:24:13","updated":"2026-08-10 07:30:07","focus_keyword":null,"additional_keywords":null,"truseo_locale":null},"aioseo_breadcrumb":"<div class=\"aioseo-breadcrumbs\"><span class=\"aioseo-breadcrumb\">\n\t<a href=\"https:\/\/costablanca-magazin.com\/nb\" title=\"Home\">Home<\/a>\n<\/span><span class=\"aioseo-breadcrumb-separator\">&raquo;<\/span><span class=\"aioseo-breadcrumb\">\n\t<a href=\"https:\/\/costablanca-magazin.com\/nb\/fritid\/\" title=\"Freizeit\">Freizeit<\/a>\n<\/span><span class=\"aioseo-breadcrumb-separator\">&raquo;<\/span><span class=\"aioseo-breadcrumb\">\n\t<a href=\"https:\/\/costablanca-magazin.com\/nb\/arrangementer-events\/\" title=\"Veranstaltungen &amp; Events\">Veranstaltungen &amp; Events<\/a>\n<\/span><span class=\"aioseo-breadcrumb-separator\">&raquo;<\/span><span class=\"aioseo-breadcrumb\">\n\tCosta Blanca \u2013 Ein spannender M\u00e4rz und April voller Events\n<\/span><\/div>","aioseo_breadcrumb_json":[{"label":"Home","link":"https:\/\/costablanca-magazin.com\/nb"},{"label":"Freizeit","link":"https:\/\/costablanca-magazin.com\/nb\/fritid\/"},{"label":"Veranstaltungen &amp; Events","link":"https:\/\/costablanca-magazin.com\/nb\/arrangementer-events\/"},{"label":"Costa Blanca &#8211; Ein spannender M\u00e4rz und April voller Events","link":"https:\/\/costablanca-magazin.com\/nb\/freizeit\/veranstaltungen-events\/costa-blanca-ein-spannender-maerz-und-april-voller-events\/"}],"_links":{"self":[{"href":"https:\/\/costablanca-magazin.com\/nb\/wp-json\/wp\/v2\/posts\/5073","targetHints":{"allow":["GET"]}}],"collection":[{"href":"https:\/\/costablanca-magazin.com\/nb\/wp-json\/wp\/v2\/posts"}],"about":[{"href":"https:\/\/costablanca-magazin.com\/nb\/wp-json\/wp\/v2\/types\/post"}],"author":[{"embeddable":true,"href":"https:\/\/costablanca-magazin.com\/nb\/wp-json\/wp\/v2\/users\/4"}],"replies":[{"embeddable":true,"href":"https:\/\/costablanca-magazin.com\/nb\/wp-json\/wp\/v2\/comments?post=5073"}],"version-history":[{"count":14,"href":"https:\/\/costablanca-magazin.com\/nb\/wp-json\/wp\/v2\/posts\/5073\/revisions"}],"predecessor-version":[{"id":6479,"href":"https:\/\/costablanca-magazin.com\/nb\/wp-json\/wp\/v2\/posts\/5073\/revisions\/6479"}],"wp:featuredmedia":[{"embeddable":true,"href":"https:\/\/costablanca-magazin.com\/nb\/wp-json\/wp\/v2\/media\/5084"}],"wp:attachment":[{"href":"https:\/\/costablanca-magazin.com\/nb\/wp-json\/wp\/v2\/media?parent=5073"}],"wp:term":[{"taxonomy":"category","embeddable":true,"href":"https:\/\/costablanca-magazin.com\/nb\/wp-json\/wp\/v2\/categories?post=5073"},{"taxonomy":"post_tag","embeddable":true,"href":"https:\/\/costablanca-magazin.com\/nb\/wp-json\/wp\/v2\/tags?post=5073"}],"curies":[{"name":"wp","href":"https:\/\/api.w.org\/{rel}","templated":true}]}}