{"id":3696,"date":"2024-12-22T09:00:00","date_gmt":"2024-12-22T08:00:00","guid":{"rendered":"https:\/\/costablanca-magazin.com\/?p=3696"},"modified":"2025-10-11T12:10:07","modified_gmt":"2025-10-11T10:10:07","slug":"der-mangfold-moter-tradisjon-jul-i-marina-alta-og-marina-baja","status":"publish","type":"post","link":"https:\/\/costablanca-magazin.com\/nb\/residenten\/leben-in-spanien\/wo-vielfalt-tradition-trifft-weihnachten-in-der-marina-alta-und-marina-baja\/","title":{"rendered":"Der mangfold m\u00f8ter tradisjon - Jul i Marina Alta og Marina Baja"},"content":{"rendered":"<div data-elementor-type=\"wp-post\" data-elementor-id=\"3696\" class=\"elementor elementor-3696\" data-elementor-post-type=\"post\">\n\t\t\t\t<div class=\"elementor-element elementor-element-bdfae85 e-flex e-con-boxed e-con e-parent\" data-id=\"bdfae85\" data-element_type=\"container\" data-e-type=\"container\">\n\t\t\t\t\t<div class=\"e-con-inner\">\n\t\t\t\t<div class=\"elementor-element elementor-element-9cda839 elementor-widget elementor-widget-heading\" data-id=\"9cda839\" data-element_type=\"widget\" data-e-type=\"widget\" data-widget_type=\"heading.default\">\n\t\t\t\t<div class=\"elementor-widget-container\">\n\t\t\t\t\t<h1 class=\"elementor-heading-title elementor-size-default\">Der mangfold m\u00f8ter tradisjon \u2013 jul i Marina Alta og Marina Baja<\/h1>\t\t\t\t<\/div>\n\t\t\t\t<\/div>\n\t\t\t\t<div class=\"elementor-element elementor-element-2e6235e elementor-widget elementor-widget-image\" data-id=\"2e6235e\" data-element_type=\"widget\" data-e-type=\"widget\" data-widget_type=\"image.default\">\n\t\t\t\t<div class=\"elementor-widget-container\">\n\t\t\t\t\t\t\t\t\t\t\t\t\t\t\t<img decoding=\"async\" src=\"https:\/\/costablanca-magazin.com\/wp-content\/uploads\/elementor\/thumbs\/christmas-party-at-a-bar-focus-on-foreground-deco-2024-10-19-05-06-35-utc-scaled-rjc6y9y1ihxz7wf5td4ibmhb7ymtx15c5lb10w6hsw.jpg\" title=\"Der mangfold m\u00f8ter tradisjon: Jul i Marina Alta og Marina Baja\" alt=\"Der mangfold m\u00f8ter tradisjon: Jul i Marina Alta og Marina Baja\" loading=\"lazy\" \/>\t\t\t\t\t\t\t\t\t\t\t\t\t\t\t<\/div>\n\t\t\t\t<\/div>\n\t\t\t\t<div class=\"elementor-element elementor-element-3a2a2b8 elementor-widget elementor-widget-heading\" data-id=\"3a2a2b8\" data-element_type=\"widget\" data-e-type=\"widget\" data-widget_type=\"heading.default\">\n\t\t\t\t<div class=\"elementor-widget-container\">\n\t\t\t\t\t<h2 class=\"elementor-heading-title elementor-size-default\">Hvordan internasjonale p\u00e5virkninger og spanske festtradisjoner skaper en unik julestemning p\u00e5 Costa Blanca<\/h2>\t\t\t\t<\/div>\n\t\t\t\t<\/div>\n\t\t\t\t\t<\/div>\n\t\t\t\t<\/div>\n\t\t<div class=\"elementor-element elementor-element-6c5706c e-flex e-con-boxed e-con e-parent\" data-id=\"6c5706c\" data-element_type=\"container\" data-e-type=\"container\">\n\t\t\t\t\t<div class=\"e-con-inner\">\n\t\t<div class=\"elementor-element elementor-element-6122dfb e-con-full e-flex e-con e-child\" data-id=\"6122dfb\" data-element_type=\"container\" data-e-type=\"container\">\n\t\t\t\t<div class=\"elementor-element elementor-element-8966b18 elementor-widget elementor-widget-text-editor\" data-id=\"8966b18\" data-element_type=\"widget\" data-e-type=\"widget\" data-widget_type=\"text-editor.default\">\n\t\t\t\t<div class=\"elementor-widget-container\">\n\t\t\t\t\t\t\t\t\t<p>Mens duften av gl\u00f8gg og pepperkaker fyller de sn\u00f8dekte julemarkedene i Tyskland, festlige julesanger gjaller gjennom gatene i England og Lucia-kroner lyser opp m\u00f8rket i Norge, utfolder julen seg i Marina Alta og Marina Baja p\u00e5 Costa Blanca med en helt unik karakter. Her, i en region som er like fargerik som et lappeteppe, smelter tradisjoner sammen til en unik feiring av fellesskapet.<\/p><p><strong>Mangfold som julemelodi<\/strong><br \/>Marina Alta og Baja er hjemsted for en fascinerende blanding av spanske, britiske, nederlandske, tyske og skandinaviske innbyggere. Men til tross for \u2013 eller nettopp p\u00e5 grunn av \u2013 denne kulturelle mangfoldigheten, er julen her fortsatt en h\u00f8ytid som bygger p\u00e5 tradisjoner. Spesielt de spanske skikkene st\u00e5r i forgrunnen: De kunstferdige krybbelandskapene, bel\u00e9nes, er et sentralt element i festdekorasjonen i hver by. Enten de er stort iscenesatt i r\u00e5dhus eller kj\u00e6rlig plassert i private hager \u2013 de forteller historier som forbinder generasjoner.<\/p><p><br \/>Men mellom disse tradisjonelle scenene blander seg ogs\u00e5 den kulturelle mangfoldigheten til de nyankomne. Britiske juleknekkere pryder bordet ved siden av spanske polvorones, og tyske julesanger finner sin plass i spanske gatekonserter. Denne blandingen gir h\u00f8ytiden her en spesiell dynamikk som skiller seg fra den rent tradisjonelle stemningen i Tyskland eller den overd\u00e5dige h\u00f8ytidskulturen i England.<\/p><p><strong>Festdagenees rytme<\/strong><br \/>Mens adventen i Tyskland, Sveits og \u00d8sterrike feires med festlige kranser og lys, spiller forberedelsene til julen i Spania en mindre rituell rolle. Fokuset ligger p\u00e5 Nochebuena, julaften, som ofte feires med store familiem\u00e5ltider \u2013 ikke sm\u00e5 snacks, men rikt dekket bord med sj\u00f8mat, kj\u00f8tt og den uunnv\u00e6rlige turr\u00f3nen.<\/p><p>En koselig avslutning foran peisen, slik nordmenn setter pris p\u00e5, erstattes ofte i Marina Baja av en kveldstur langs opplyste gater \u2013 for selv i desember er klimaet mildt.<\/p>\t\t\t\t\t\t\t\t<\/div>\n\t\t\t\t<\/div>\n\t\t\t\t<\/div>\n\t\t<div class=\"elementor-element elementor-element-ce37a57 e-con-full e-flex e-con e-child\" data-id=\"ce37a57\" data-element_type=\"container\" data-e-type=\"container\">\n\t\t\t\t<div class=\"elementor-element elementor-element-025b564 elementor-widget elementor-widget-text-editor\" data-id=\"025b564\" data-element_type=\"widget\" data-e-type=\"widget\" data-widget_type=\"text-editor.default\">\n\t\t\t\t<div class=\"elementor-widget-container\">\n\t\t\t\t\t\t\t\t\t<p>I Nederlandene er det Sinterklaas og hans gaveb\u00e6rere som dominerer bildet i begynnelsen av desember. I Marina Alta er derimot h\u00f8ydepunktet D\u00eda de los Reyes Magos den 6. januar. Mens barn i England venter spent p\u00e5 Father Christmas og i Tyskland p\u00e5 Christkind, er det de tre vise mennene fra \u00d8sten som har oppgaven med \u00e5 oppfylle \u00f8nskene her.<\/p><p><br \/><strong>Tradisjon som varer<\/strong><br \/>Til tross for de internasjonale p\u00e5virkningene som viser seg i gatene og ved julebordet, er h\u00f8ytiden i Marina Alta og Baja fortsatt dypt forankret i den spanske kulturen. Mercadillos Navide\u00f1os, julemarkedene, er en fast del av juleforberedelsene. Men i motsetning til de glamor\u00f8se, ofte kommersielle markedene i Tyskland eller Sveits, er de her ofte mer beskjedne, med fokus p\u00e5 lokalt h\u00e5ndverk og tradisjoner.<\/p><p><em>En annen spesiell egenskap:<\/em> Gatene blir fylt med stemningsfulle julekrybber og levende bel\u00e9nes. I steder som Benidorm eller D\u00e9nia er dette ikke bare et show \u2013 hele lokalsamfunn samarbeider for \u00e5 holde denne tradisjonen i live. I motsetning til i Norge, hvor den m\u00f8rke \u00e5rstiden ofte er preget av levende lys og stille \u00f8yeblikk, satser regionen p\u00e5 sosialt samv\u00e6r, enten det er p\u00e5 \u00e5pne fester eller kveldskonserter.<\/p><p><strong>Et blikk p\u00e5 kommende temaer<\/strong><br \/>Julen i Marina Alta og Baja er ikke bare en h\u00f8ytid, men en opplevelse som feirer regionens kulturelle mangfold og tradisjonelle arv. I de f\u00f8lgende artiklene g\u00e5r vi dypere inn p\u00e5 dette:<br \/><em>\u2022 Tradisjoner og ritualer <\/em><br \/><em>\u2022 De beste julemarkedene <\/em><br \/><em>og barnehageruter<\/em><br \/><em>\u2022 Kulinariske spesialiteter <\/em><br \/><em>h\u00f8ytiden<\/em><br \/><em>\u2022 Residentene feirer jul<\/em><\/p><p>Marina Alta og Baja viser hvordan julen feires i et flerkulturelt samfunn \u2013 ikke som et kompromiss, men som en berikelse. En h\u00f8ytid som feirer mangfoldets \u00e5nd like mye som tradisjonenes magi.<\/p>\t\t\t\t\t\t\t\t<\/div>\n\t\t\t\t<\/div>\n\t\t\t\t<\/div>\n\t\t\t\t\t<\/div>\n\t\t\t\t<\/div>\n\t\t\t\t<\/div>","protected":false},"excerpt":{"rendered":"<p>Wo Vielfalt Tradition trifft &#8211; Weihnachten in der Marina Alta und Marina Baja Wie an der Costa Blanca internationale Einfl\u00fcsse und spanische Festbr\u00e4uche ein einzigartiges Weihnachtsgef\u00fchl schaffen W\u00e4hrend in Deutschland der Duft von Gl\u00fchwein und Lebkuchen \u00fcber verschneite Weihnachtsm\u00e4rkte zieht, in England festliche Christmas Carols durch die Stra\u00dfen hallen und in Norwegen Lucia -Kronen die [&hellip;]<\/p>\n","protected":false},"author":1,"featured_media":3697,"comment_status":"closed","ping_status":"closed","sticky":false,"template":"elementor_header_footer","format":"standard","meta":{"footnotes":""},"categories":[15],"tags":[385,386],"class_list":["post-3696","post","type-post","status-publish","format-standard","has-post-thumbnail","hentry","category-leben-in-spanien","tag-weihnachten-an-der-costa-blanca","tag-weihnachts-traditionen-spanien"],"aioseo_notices":[],"_links":{"self":[{"href":"https:\/\/costablanca-magazin.com\/nb\/wp-json\/wp\/v2\/posts\/3696","targetHints":{"allow":["GET"]}}],"collection":[{"href":"https:\/\/costablanca-magazin.com\/nb\/wp-json\/wp\/v2\/posts"}],"about":[{"href":"https:\/\/costablanca-magazin.com\/nb\/wp-json\/wp\/v2\/types\/post"}],"author":[{"embeddable":true,"href":"https:\/\/costablanca-magazin.com\/nb\/wp-json\/wp\/v2\/users\/1"}],"replies":[{"embeddable":true,"href":"https:\/\/costablanca-magazin.com\/nb\/wp-json\/wp\/v2\/comments?post=3696"}],"version-history":[{"count":10,"href":"https:\/\/costablanca-magazin.com\/nb\/wp-json\/wp\/v2\/posts\/3696\/revisions"}],"predecessor-version":[{"id":6096,"href":"https:\/\/costablanca-magazin.com\/nb\/wp-json\/wp\/v2\/posts\/3696\/revisions\/6096"}],"wp:featuredmedia":[{"embeddable":true,"href":"https:\/\/costablanca-magazin.com\/nb\/wp-json\/wp\/v2\/media\/3697"}],"wp:attachment":[{"href":"https:\/\/costablanca-magazin.com\/nb\/wp-json\/wp\/v2\/media?parent=3696"}],"wp:term":[{"taxonomy":"category","embeddable":true,"href":"https:\/\/costablanca-magazin.com\/nb\/wp-json\/wp\/v2\/categories?post=3696"},{"taxonomy":"post_tag","embeddable":true,"href":"https:\/\/costablanca-magazin.com\/nb\/wp-json\/wp\/v2\/tags?post=3696"}],"curies":[{"name":"wp","href":"https:\/\/api.w.org\/{rel}","templated":true}]}}