{"id":3599,"date":"2024-12-25T09:00:00","date_gmt":"2024-12-25T08:00:00","guid":{"rendered":"https:\/\/costablanca-magazin.com\/?p=3599"},"modified":"2025-07-08T05:35:38","modified_gmt":"2025-07-08T03:35:38","slug":"lysglans-krybbedrommer-og-sote-konger","status":"publish","type":"post","link":"https:\/\/costablanca-magazin.com\/nb\/residenten\/leben-in-spanien\/lichterglanz-krippentraeume-und-suesse-koenige\/","title":{"rendered":"Blinkende lys, barnesengedr\u00f8mmer og s\u00f8te konger"},"content":{"rendered":"<div data-elementor-type=\"wp-post\" data-elementor-id=\"3599\" class=\"elementor elementor-3599\" data-elementor-post-type=\"post\">\n\t\t\t\t<div class=\"elementor-element elementor-element-3f6410f e-flex e-con-boxed e-con e-parent\" data-id=\"3f6410f\" data-element_type=\"container\" data-e-type=\"container\">\n\t\t\t\t\t<div class=\"e-con-inner\">\n\t\t\t\t<div class=\"elementor-element elementor-element-c6f8ceb elementor-widget elementor-widget-heading\" data-id=\"c6f8ceb\" data-element_type=\"widget\" data-e-type=\"widget\" data-widget_type=\"heading.default\">\n\t\t\t\t<div class=\"elementor-widget-container\">\n\t\t\t\t\t<h1 class=\"elementor-heading-title elementor-size-default\">Lysglans, krybbedr\u00f8mmer og s\u00f8te konger<\/h1>\t\t\t\t<\/div>\n\t\t\t\t<\/div>\n\t\t\t\t<div class=\"elementor-element elementor-element-0e0e067 elementor-widget elementor-widget-image\" data-id=\"0e0e067\" data-element_type=\"widget\" data-e-type=\"widget\" data-widget_type=\"image.default\">\n\t\t\t\t<div class=\"elementor-widget-container\">\n\t\t\t\t\t\t\t\t\t\t\t\t\t\t\t<img decoding=\"async\" src=\"https:\/\/costablanca-magazin.com\/wp-content\/uploads\/elementor\/thumbs\/very-large-christmas-nativity-crib-2023-11-27-04-55-17-utc-scaled-rjc72sk4cu4l0fuyfteyszg1zmdbwo2wfy611rhdwg.jpg\" title=\"Sm\u00e5 verdener, store historier: Julekrybbenes magi p\u00e5 Costa Blanca\" alt=\"Sm\u00e5 verdener, store historier: Magien ved julekrybbene p\u00e5 Costa Blanca 2\" loading=\"lazy\" \/>\t\t\t\t\t\t\t\t\t\t\t\t\t\t\t<\/div>\n\t\t\t\t<\/div>\n\t\t\t\t<div class=\"elementor-element elementor-element-e4f07df elementor-widget elementor-widget-heading\" data-id=\"e4f07df\" data-element_type=\"widget\" data-e-type=\"widget\" data-widget_type=\"heading.default\">\n\t\t\t\t<div class=\"elementor-widget-container\">\n\t\t\t\t\t<h2 class=\"elementor-heading-title elementor-size-default\">Marina Alta og Marina Baixa feirer jul med unike tradisjoner og et snev av magi<\/h2>\t\t\t\t<\/div>\n\t\t\t\t<\/div>\n\t\t\t\t\t<\/div>\n\t\t\t\t<\/div>\n\t\t<div class=\"elementor-element elementor-element-3019d14 e-flex e-con-boxed e-con e-parent\" data-id=\"3019d14\" data-element_type=\"container\" data-e-type=\"container\">\n\t\t\t\t\t<div class=\"e-con-inner\">\n\t\t<div class=\"elementor-element elementor-element-4d45732 e-con-full e-flex e-con e-child\" data-id=\"4d45732\" data-element_type=\"container\" data-e-type=\"container\">\n\t\t\t\t<div class=\"elementor-element elementor-element-7bb0c46 elementor-widget elementor-widget-text-editor\" data-id=\"7bb0c46\" data-element_type=\"widget\" data-e-type=\"widget\" data-widget_type=\"text-editor.default\">\n\t\t\t\t<div class=\"elementor-widget-container\">\n\t\t\t\t\t\t\t\t\t<p>Julen i regionene Marina Alta og Marina Baixa er en fest for sansene. Mellom praktfulle parader, kunstferdige krybber og deilige Rosc\u00f3n de Reyes feires tradisjoner som b\u00e5de er dypt forankret i historien og unike for denne regionen. Her m\u00f8ter varmen fra spanske skikker den lokale identiteten til Costa Blanca.<\/p><p><strong>Krybber med regional sjarm<\/strong><br \/>De detaljrike krybbene, \u201ebel\u00e9ns\u201c, er hjertet i julepynten i Spania. Men i Marina Alta og Marina Baixa f\u00e5r denne tradisjonen et personlig preg: Her gjenspeiler krybbene ofte det lokale landskapet, med \u00e5ser, oliventr\u00e6r og tradisjonelle hus. I kommuner som X\u00e0bia og Benissa blir disse kunstverkene presentert i offentlige utstillinger, ledsaget av julemarkeder som forsterker den festlige stemningen.<\/p><p><strong>De hellige tre kongers magi<\/strong><br \/>N\u00e5r de hellige tre konger ankommer byene p\u00e5 kvelden den 5. januar, holder barna pusten. \u201eCabalgatas de Reyes\u201c \u2013 parader hvor praktfullt dekorerte vogner ruller gjennom gatene \u2013 er h\u00f8ydepunktet i juleh\u00f8ytiden. I byer som D\u00e9nia og Teulada-Moraira kaster kongene godteri ut til folkemengden, mens musikk og lys lyser opp natten. Det er et spektakul\u00e6rt syn som tiltrekker bes\u00f8kende fra hele regionen og gir de sm\u00e5 h\u00e5p om gaver.<\/p>\t\t\t\t\t\t\t\t<\/div>\n\t\t\t\t<\/div>\n\t\t\t\t<\/div>\n\t\t<div class=\"elementor-element elementor-element-b4e27c2 e-con-full e-flex e-con e-child\" data-id=\"b4e27c2\" data-element_type=\"container\" data-e-type=\"container\">\n\t\t\t\t<div class=\"elementor-element elementor-element-0e47d04 elementor-widget elementor-widget-gallery\" data-id=\"0e47d04\" data-element_type=\"widget\" data-e-type=\"widget\" data-settings=\"{&quot;columns&quot;:1,&quot;gap&quot;:{&quot;unit&quot;:&quot;px&quot;,&quot;size&quot;:1,&quot;sizes&quot;:[]},&quot;lazyload&quot;:&quot;yes&quot;,&quot;gallery_layout&quot;:&quot;grid&quot;,&quot;columns_tablet&quot;:2,&quot;columns_mobile&quot;:1,&quot;gap_tablet&quot;:{&quot;unit&quot;:&quot;px&quot;,&quot;size&quot;:10,&quot;sizes&quot;:[]},&quot;gap_mobile&quot;:{&quot;unit&quot;:&quot;px&quot;,&quot;size&quot;:10,&quot;sizes&quot;:[]},&quot;link_to&quot;:&quot;file&quot;,&quot;aspect_ratio&quot;:&quot;3:2&quot;,&quot;overlay_background&quot;:&quot;yes&quot;,&quot;content_hover_animation&quot;:&quot;fade-in&quot;}\" data-widget_type=\"gallery.default\">\n\t\t\t\t<div class=\"elementor-widget-container\">\n\t\t\t\t\t\t\t<div class=\"elementor-gallery__container\">\n\t\t\t\t\t\t\t<a class=\"e-gallery-item elementor-gallery-item elementor-animated-content\" href=\"https:\/\/costablanca-magazin.com\/wp-content\/uploads\/2024\/12\/religious-figures-of-nativity-scene-at-christmas-2024-10-18-09-43-07-utc-scaled.jpg\" data-elementor-open-lightbox=\"yes\" data-elementor-lightbox-slideshow=\"0e47d04\" data-elementor-lightbox-title=\"Kleine Welten,  gro\u00dfe Geschichten: Die Magie der Krippen  an der Costa Blanca\" data-elementor-lightbox-description=\"Kleine Welten, gro\u00dfe Geschichten: Die Magie der Krippen an der Costa Blanca\" data-e-action-hash=\"#elementor-action%3Aaction%3Dlightbox%26settings%3DeyJpZCI6MzYwNCwidXJsIjoiaHR0cHM6XC9cL2Nvc3RhYmxhbmNhLW1hZ2F6aW4uY29tXC93cC1jb250ZW50XC91cGxvYWRzXC8yMDI0XC8xMlwvcmVsaWdpb3VzLWZpZ3VyZXMtb2YtbmF0aXZpdHktc2NlbmUtYXQtY2hyaXN0bWFzLTIwMjQtMTAtMTgtMDktNDMtMDctdXRjLXNjYWxlZC5qcGciLCJzbGlkZXNob3ciOiIwZTQ3ZDA0In0%3D\">\n\t\t\t\t\t<div class=\"e-gallery-image elementor-gallery-item__image\" data-thumbnail=\"https:\/\/costablanca-magazin.com\/wp-content\/uploads\/2024\/12\/religious-figures-of-nativity-scene-at-christmas-2024-10-18-09-43-07-utc-768x513.jpg\" data-width=\"768\" data-height=\"513\" aria-label=\"Sm\u00e5 verdener, store historier: Magien ved julekrybbene p\u00e5 Costa Blanca 3\" role=\"img\" ><\/div>\n\t\t\t\t\t\t\t\t\t\t\t<div class=\"elementor-gallery-item__overlay\"><\/div>\n\t\t\t\t\t\t\t\t\t\t\t\t\t\t<\/a>\n\t\t\t\t\t\t\t<a class=\"e-gallery-item elementor-gallery-item elementor-animated-content\" href=\"https:\/\/costablanca-magazin.com\/wp-content\/uploads\/2024\/12\/hand-painting-the-surface-of-a-raw-roscon-de-reyes-2023-11-27-05-02-15-utc-scaled.jpg\" data-elementor-open-lightbox=\"yes\" data-elementor-lightbox-slideshow=\"0e47d04\" data-elementor-lightbox-title=\"Lichterglanz,  Krippentr\u00e4ume und s\u00fc\u00dfe K\u00f6nige\" data-elementor-lightbox-description=\"Lichterglanz, Krippentr\u00e4ume und s\u00fc\u00dfe K\u00f6nige\" data-e-action-hash=\"#elementor-action%3Aaction%3Dlightbox%26settings%3DeyJpZCI6MzY5MiwidXJsIjoiaHR0cHM6XC9cL2Nvc3RhYmxhbmNhLW1hZ2F6aW4uY29tXC93cC1jb250ZW50XC91cGxvYWRzXC8yMDI0XC8xMlwvaGFuZC1wYWludGluZy10aGUtc3VyZmFjZS1vZi1hLXJhdy1yb3Njb24tZGUtcmV5ZXMtMjAyMy0xMS0yNy0wNS0wMi0xNS11dGMtc2NhbGVkLmpwZyIsInNsaWRlc2hvdyI6IjBlNDdkMDQifQ%3D%3D\">\n\t\t\t\t\t<div class=\"e-gallery-image elementor-gallery-item__image\" data-thumbnail=\"https:\/\/costablanca-magazin.com\/wp-content\/uploads\/2024\/12\/hand-painting-the-surface-of-a-raw-roscon-de-reyes-2023-11-27-05-02-15-utc-768x512.jpg\" data-width=\"768\" data-height=\"512\" aria-label=\"Lysglans, krybbedr\u00f8mmer og s\u00f8te konger 1\" role=\"img\" ><\/div>\n\t\t\t\t\t\t\t\t\t\t\t<div class=\"elementor-gallery-item__overlay\"><\/div>\n\t\t\t\t\t\t\t\t\t\t\t\t\t\t<\/a>\n\t\t\t\t\t<\/div>\n\t\t\t\t\t<\/div>\n\t\t\t\t<\/div>\n\t\t\t\t<\/div>\n\t\t\t\t\t<\/div>\n\t\t\t\t<\/div>\n\t\t<div class=\"elementor-element elementor-element-63c34d3 e-flex e-con-boxed e-con e-parent\" data-id=\"63c34d3\" data-element_type=\"container\" data-e-type=\"container\">\n\t\t\t\t\t<div class=\"e-con-inner\">\n\t\t<div class=\"elementor-element elementor-element-9e06075 e-con-full e-flex e-con e-child\" data-id=\"9e06075\" data-element_type=\"container\" data-e-type=\"container\">\n\t\t\t\t<div class=\"elementor-element elementor-element-c93a367 elementor-widget elementor-widget-gallery\" data-id=\"c93a367\" data-element_type=\"widget\" data-e-type=\"widget\" data-settings=\"{&quot;columns&quot;:1,&quot;gap&quot;:{&quot;unit&quot;:&quot;px&quot;,&quot;size&quot;:1,&quot;sizes&quot;:[]},&quot;lazyload&quot;:&quot;yes&quot;,&quot;gallery_layout&quot;:&quot;grid&quot;,&quot;columns_tablet&quot;:2,&quot;columns_mobile&quot;:1,&quot;gap_tablet&quot;:{&quot;unit&quot;:&quot;px&quot;,&quot;size&quot;:10,&quot;sizes&quot;:[]},&quot;gap_mobile&quot;:{&quot;unit&quot;:&quot;px&quot;,&quot;size&quot;:10,&quot;sizes&quot;:[]},&quot;link_to&quot;:&quot;file&quot;,&quot;aspect_ratio&quot;:&quot;3:2&quot;,&quot;overlay_background&quot;:&quot;yes&quot;,&quot;content_hover_animation&quot;:&quot;fade-in&quot;}\" data-widget_type=\"gallery.default\">\n\t\t\t\t<div class=\"elementor-widget-container\">\n\t\t\t\t\t\t\t<div class=\"elementor-gallery__container\">\n\t\t\t\t\t\t\t<a class=\"e-gallery-item elementor-gallery-item elementor-animated-content\" href=\"https:\/\/costablanca-magazin.com\/wp-content\/uploads\/2024\/12\/traditional-spanish-epiphany-cake-roscon-de-reyes-2024-10-11-10-09-12-utc-scaled.jpg\" data-elementor-open-lightbox=\"yes\" data-elementor-lightbox-slideshow=\"c93a367\" data-elementor-lightbox-title=\"Lichterglanz,  Krippentr\u00e4ume und s\u00fc\u00dfe K\u00f6nige\" data-elementor-lightbox-description=\"Lichterglanz, Krippentr\u00e4ume und s\u00fc\u00dfe K\u00f6nige\" data-e-action-hash=\"#elementor-action%3Aaction%3Dlightbox%26settings%3DeyJpZCI6MzY5MSwidXJsIjoiaHR0cHM6XC9cL2Nvc3RhYmxhbmNhLW1hZ2F6aW4uY29tXC93cC1jb250ZW50XC91cGxvYWRzXC8yMDI0XC8xMlwvdHJhZGl0aW9uYWwtc3BhbmlzaC1lcGlwaGFueS1jYWtlLXJvc2Nvbi1kZS1yZXllcy0yMDI0LTEwLTExLTEwLTA5LTEyLXV0Yy1zY2FsZWQuanBnIiwic2xpZGVzaG93IjoiYzkzYTM2NyJ9\">\n\t\t\t\t\t<div class=\"e-gallery-image elementor-gallery-item__image\" data-thumbnail=\"https:\/\/costablanca-magazin.com\/wp-content\/uploads\/2024\/12\/traditional-spanish-epiphany-cake-roscon-de-reyes-2024-10-11-10-09-12-utc-768x512.jpg\" data-width=\"768\" data-height=\"512\" aria-label=\"Blinkende lys, barnesengedr\u00f8mmer og s\u00f8te konger\" role=\"img\" ><\/div>\n\t\t\t\t\t\t\t\t\t\t\t<div class=\"elementor-gallery-item__overlay\"><\/div>\n\t\t\t\t\t\t\t\t\t\t\t\t\t\t<\/a>\n\t\t\t\t\t\t\t<a class=\"e-gallery-item elementor-gallery-item elementor-animated-content\" href=\"https:\/\/costablanca-magazin.com\/wp-content\/uploads\/2024\/12\/religious-figures-of-nativity-scene-at-christmas-2024-10-20-18-26-46-utc-scaled.jpg\" data-elementor-open-lightbox=\"yes\" data-elementor-lightbox-slideshow=\"c93a367\" data-elementor-lightbox-title=\"Kleine Welten,  gro\u00dfe Geschichten: Die Magie der Krippen  an der Costa Blanca\" data-elementor-lightbox-description=\"Kleine Welten, gro\u00dfe Geschichten: Die Magie der Krippen an der Costa Blanca\" data-e-action-hash=\"#elementor-action%3Aaction%3Dlightbox%26settings%3DeyJpZCI6MzYwNSwidXJsIjoiaHR0cHM6XC9cL2Nvc3RhYmxhbmNhLW1hZ2F6aW4uY29tXC93cC1jb250ZW50XC91cGxvYWRzXC8yMDI0XC8xMlwvcmVsaWdpb3VzLWZpZ3VyZXMtb2YtbmF0aXZpdHktc2NlbmUtYXQtY2hyaXN0bWFzLTIwMjQtMTAtMjAtMTgtMjYtNDYtdXRjLXNjYWxlZC5qcGciLCJzbGlkZXNob3ciOiJjOTNhMzY3In0%3D\">\n\t\t\t\t\t<div class=\"e-gallery-image elementor-gallery-item__image\" data-thumbnail=\"https:\/\/costablanca-magazin.com\/wp-content\/uploads\/2024\/12\/religious-figures-of-nativity-scene-at-christmas-2024-10-20-18-26-46-utc-768x513.jpg\" data-width=\"768\" data-height=\"513\" aria-label=\"Sm\u00e5 verdener, store historier: Magien ved julekrybbene p\u00e5 Costa Blanca 4\" role=\"img\" ><\/div>\n\t\t\t\t\t\t\t\t\t\t\t<div class=\"elementor-gallery-item__overlay\"><\/div>\n\t\t\t\t\t\t\t\t\t\t\t\t\t\t<\/a>\n\t\t\t\t\t<\/div>\n\t\t\t\t\t<\/div>\n\t\t\t\t<\/div>\n\t\t\t\t<\/div>\n\t\t<div class=\"elementor-element elementor-element-5e3fb6a e-con-full e-flex e-con e-child\" data-id=\"5e3fb6a\" data-element_type=\"container\" data-e-type=\"container\">\n\t\t\t\t<div class=\"elementor-element elementor-element-ea618fb elementor-widget elementor-widget-text-editor\" data-id=\"ea618fb\" data-element_type=\"widget\" data-e-type=\"widget\" data-widget_type=\"text-editor.default\">\n\t\t\t\t<div class=\"elementor-widget-container\">\n\t\t\t\t\t\t\t\t\t<p><strong>Fra Rosc\u00f3n til festdans<\/strong><br \/>Kj\u00f8kkenet spiller en spesiell rolle i denne \u00e5rstiden. \u201eRosc\u00f3n de Reyes\u201c, en ringformet kake, skjuler sm\u00e5 overraskelser i deigen. Den som finner kronen, f\u00e5r feire seg som dagens konge eller dronning. Tradisjonelle julematretter som turr\u00f3n, den ber\u00f8mte nougaten fra Alicante, er uunnv\u00e6rlige. Men det finnes ogs\u00e5 kulturelle finesser: I Parcent og Alcalal\u00ed blir det for eksempel fremf\u00f8rt regionale danser som bare vises i juleperioden \u2013 en tradisjon som feirer den lokale identiteten.<\/p><p><strong>Julen med spesielle detaljer<\/strong><br \/>I tillegg til de typiske festene finnes det ogs\u00e5 unike skikker i Marina Alta og Marina Baixa. Noen landsbyer arrangerer historiske julekrybbespill, hvor hele gater blir forvandlet til bibelske scener. I andre steder, som La Vall de Gallinera, innledes adventstiden med fakkelopptog og tradisjonelle sanger.<br \/>I Marina Alta og Marina Baixa smelter gamle og nye tradisjoner sammen til en fest med mange fasetter i juleh\u00f8ytiden. Mens spanske skikker som \u201eBel\u00e9ns\u201c og de praktfulle prosesjonene med de tre vise menn har sin faste plass, bidrar mange innbyggere med sine egne ritualer. Slik blir julen her en fargerik samling \u2013 jordn\u00e6r, hjertelig og alltid litt annerledes.<\/p>\t\t\t\t\t\t\t\t<\/div>\n\t\t\t\t<\/div>\n\t\t\t\t<\/div>\n\t\t\t\t\t<\/div>\n\t\t\t\t<\/div>\n\t\t\t\t<\/div>","protected":false},"excerpt":{"rendered":"<p>Lichterglanz, Krippentr\u00e4ume und s\u00fc\u00dfe K\u00f6nige Die Marina Alta und Marina Baixa feiern Weihnachten mit einzigartigen Traditionen und einem Hauch Magie Die Weihnachtszeit in den Regionen Marina Alta und Marina Baixa ist ein Fest f\u00fcr die Sinne. Zwischen prachtvollen Umz\u00fcgen, kunstvollen Krippen und k\u00f6stlichem Rosc\u00f3n de Reyes werden Traditionen gefeiert, die sowohl tief in der Geschichte [&hellip;]<\/p>\n","protected":false},"author":1,"featured_media":3603,"comment_status":"closed","ping_status":"closed","sticky":false,"template":"elementor_header_footer","format":"standard","meta":{"footnotes":""},"categories":[15],"tags":[380,356],"class_list":["post-3599","post","type-post","status-publish","format-standard","has-post-thumbnail","hentry","category-leben-in-spanien","tag-traditionen-weihnachten-costa-blanca","tag-weihnachten-costa-blanca"],"aioseo_notices":[],"_links":{"self":[{"href":"https:\/\/costablanca-magazin.com\/nb\/wp-json\/wp\/v2\/posts\/3599","targetHints":{"allow":["GET"]}}],"collection":[{"href":"https:\/\/costablanca-magazin.com\/nb\/wp-json\/wp\/v2\/posts"}],"about":[{"href":"https:\/\/costablanca-magazin.com\/nb\/wp-json\/wp\/v2\/types\/post"}],"author":[{"embeddable":true,"href":"https:\/\/costablanca-magazin.com\/nb\/wp-json\/wp\/v2\/users\/1"}],"replies":[{"embeddable":true,"href":"https:\/\/costablanca-magazin.com\/nb\/wp-json\/wp\/v2\/comments?post=3599"}],"version-history":[{"count":11,"href":"https:\/\/costablanca-magazin.com\/nb\/wp-json\/wp\/v2\/posts\/3599\/revisions"}],"predecessor-version":[{"id":6087,"href":"https:\/\/costablanca-magazin.com\/nb\/wp-json\/wp\/v2\/posts\/3599\/revisions\/6087"}],"wp:featuredmedia":[{"embeddable":true,"href":"https:\/\/costablanca-magazin.com\/nb\/wp-json\/wp\/v2\/media\/3603"}],"wp:attachment":[{"href":"https:\/\/costablanca-magazin.com\/nb\/wp-json\/wp\/v2\/media?parent=3599"}],"wp:term":[{"taxonomy":"category","embeddable":true,"href":"https:\/\/costablanca-magazin.com\/nb\/wp-json\/wp\/v2\/categories?post=3599"},{"taxonomy":"post_tag","embeddable":true,"href":"https:\/\/costablanca-magazin.com\/nb\/wp-json\/wp\/v2\/tags?post=3599"}],"curies":[{"name":"wp","href":"https:\/\/api.w.org\/{rel}","templated":true}]}}