{"id":3448,"date":"2024-11-30T09:00:00","date_gmt":"2024-11-30T08:00:00","guid":{"rendered":"https:\/\/costablanca-magazin.com\/?p=3448"},"modified":"2024-12-20T08:53:12","modified_gmt":"2024-12-20T07:53:12","slug":"betenkende-advent-pa-costa-blanca-tips-og-trender","status":"publish","type":"post","link":"https:\/\/costablanca-magazin.com\/nb\/residenten\/leben-in-spanien\/besinnlicher-advent-an-der-costa-blanca-tipps-und-trends\/","title":{"rendered":"Kontemplativ adventstid p\u00e5 Costa Blanca - tips og trender"},"content":{"rendered":"<div data-elementor-type=\"wp-post\" data-elementor-id=\"3448\" class=\"elementor elementor-3448\" data-elementor-post-type=\"post\">\n\t\t\t\t<div class=\"elementor-element elementor-element-3aea509 e-flex e-con-boxed e-con e-parent\" data-id=\"3aea509\" data-element_type=\"container\" data-e-type=\"container\">\n\t\t\t\t\t<div class=\"e-con-inner\">\n\t\t\t\t<div class=\"elementor-element elementor-element-7ec3355 elementor-widget elementor-widget-heading\" data-id=\"7ec3355\" data-element_type=\"widget\" data-e-type=\"widget\" data-widget_type=\"heading.default\">\n\t\t\t\t<div class=\"elementor-widget-container\">\n\t\t\t\t\t<h1 class=\"elementor-heading-title elementor-size-default\">Betenkende advent p\u00e5 Costa Blanca \u2013 tips og trender for en stemningsfull juleforberedelse<\/h1>\t\t\t\t<\/div>\n\t\t\t\t<\/div>\n\t\t\t\t\t<\/div>\n\t\t\t\t<\/div>\n\t\t<div class=\"elementor-element elementor-element-e6aaba9 e-flex e-con-boxed e-con e-parent\" data-id=\"e6aaba9\" data-element_type=\"container\" data-e-type=\"container\">\n\t\t\t\t\t<div class=\"e-con-inner\">\n\t\t\t\t<div class=\"elementor-element elementor-element-cb5b02f elementor-widget elementor-widget-image\" data-id=\"cb5b02f\" data-element_type=\"widget\" data-e-type=\"widget\" data-widget_type=\"image.default\">\n\t\t\t\t<div class=\"elementor-widget-container\">\n\t\t\t\t\t\t\t\t\t\t\t\t\t\t\t<img decoding=\"async\" src=\"https:\/\/costablanca-magazin.com\/wp-content\/uploads\/elementor\/thumbs\/still-life-advent-wreath-2024-09-23-12-12-11-utc-scaled-rjc77ne3o0rwzwt02wzkorbshaflodcz3zicb8a5r4.jpg\" title=\"Stilleben adventskrans\" alt=\"costablanca mallorca 201\" loading=\"lazy\" \/>\t\t\t\t\t\t\t\t\t\t\t\t\t\t\t<\/div>\n\t\t\t\t<\/div>\n\t\t\t\t<div class=\"elementor-element elementor-element-f22cb56 elementor-widget elementor-widget-heading\" data-id=\"f22cb56\" data-element_type=\"widget\" data-e-type=\"widget\" data-widget_type=\"heading.default\">\n\t\t\t\t<div class=\"elementor-widget-container\">\n\t\t\t\t\t<h2 class=\"elementor-heading-title elementor-size-default\">B\u00e6rekraft, minimalisme og nostalgiske tradisjoner \u2013 slik kan du gj\u00f8re adventstiden i \u00e5r bevisst og stilig.<\/h2>\t\t\t\t<\/div>\n\t\t\t\t<\/div>\n\t\t\t\t\t<\/div>\n\t\t\t\t<\/div>\n\t\t<div class=\"elementor-element elementor-element-13985ef e-flex e-con-boxed e-con e-parent\" data-id=\"13985ef\" data-element_type=\"container\" data-e-type=\"container\">\n\t\t\t\t\t<div class=\"e-con-inner\">\n\t\t<div class=\"elementor-element elementor-element-46a5498 e-con-full e-flex e-con e-child\" data-id=\"46a5498\" data-element_type=\"container\" data-e-type=\"container\">\n\t\t\t\t<div class=\"elementor-element elementor-element-a2be8b9 elementor-widget elementor-widget-text-editor\" data-id=\"a2be8b9\" data-element_type=\"widget\" data-e-type=\"widget\" data-widget_type=\"text-editor.default\">\n\t\t\t\t<div class=\"elementor-widget-container\">\n\t\t\t\t\t\t\t\t\t<p>Advent er en helt spesiell tid p\u00e5 \u00e5ret \u2013 en tid for ettertanke, forventning og bevisst nytelse. P\u00e5 Costa Blanca kan man utnytte tiden f\u00f8r jul til \u00e5 pynte hjemmet og komme i julestemning. I \u00e5r er det fokus p\u00e5 noen spennende trender som ikke bare er vakre \u00e5 se p\u00e5, men ogs\u00e5 b\u00e6rekraftige og bevisste.<\/p><p><strong>Tilbake til r\u00f8ttene: Tradisjon m\u00f8ter nostalgi<\/strong><br \/>I en hektisk og digital verden lengter mange mennesker etter det autentiske. Adventstiden er den perfekte tiden for \u00e5 gjenopplive tradisjonelle ritualer. Den klassiske adventsdekorasjonen blir ekstra stemningsfull i \u00e5r med kongler, h\u00e5ndlagde figurer og stearinlys. De velpr\u00f8vde fargene r\u00f8d, gr\u00f8nn og gull gir hjemmet ditt en varm, nostalgisk atmosf\u00e6re. De som foretrekker en mer moderne stil, kan kombinere disse med delikate pastellfarger eller vinterbl\u00e5tt.<\/p><p><strong>minimalisme <\/strong><strong>for en rolig adventstid<\/strong><br \/>\u201eMindre er mer\u201c er mottoet for adventen 2024. Diskret dekorasjon i naturlige farger som beige, brunt og olivengr\u00f8nt skaper en rolig og avslappet stemning. Enkle lysestaker, filigrane ornamenter og diskrete adventskranser setter stilfulle aksenter og gir rom for det vesentlige: ettertenksomhet og hygge.<\/p><p><strong>B\u00e6rekraft som en viktig trend<\/strong><br \/>B\u00e6rekraft er et sentralt tema i juleforberedelsene. Hvorfor ikke v\u00e6re kreativ selv? Lag adventsdekorasjoner av resirkulert papir, gamle stoffer eller naturmaterialer. En spesielt sjarmerende id\u00e9 er h\u00e5ndlagde trekort, som ikke bare kan brukes som gratulasjonskort, men ogs\u00e5 som gjenbrukbare juletrepynt. P\u00e5 denne m\u00e5ten gir du ikke bare glede, men ogs\u00e5 et stykke b\u00e6rekraft.<\/p><p><br \/><strong>koselig atmosf\u00e6re <\/strong><strong>bevisst feire<\/strong><br \/>Adventstiden b\u00f8r v\u00e6re en tid for \u00e5 stoppe opp og nyte livet. Gj\u00f8r det koselig med en kopp varm gl\u00f8gg, hjemmelagde kaker og et mykt teppe. Tilbring rolige kvelder ved levende lys og la forventningen til julen vokse. Denne tiden er nemlig ideell for \u00e5 ta en bevisst pause og nyte \u00f8yeblikket.<\/p>\t\t\t\t\t\t\t\t<\/div>\n\t\t\t\t<\/div>\n\t\t\t\t<\/div>\n\t\t<div class=\"elementor-element elementor-element-af346e1 e-con-full e-flex e-con e-child\" data-id=\"af346e1\" data-element_type=\"container\" data-e-type=\"container\">\n\t\t<div class=\"elementor-element elementor-element-22568d8 e-con-full e-flex e-con e-child\" data-id=\"22568d8\" data-element_type=\"container\" data-e-type=\"container\">\n\t\t\t\t<div class=\"elementor-element elementor-element-7c47773 elementor-widget elementor-widget-gallery\" data-id=\"7c47773\" data-element_type=\"widget\" data-e-type=\"widget\" data-settings=\"{&quot;columns&quot;:2,&quot;gap&quot;:{&quot;unit&quot;:&quot;px&quot;,&quot;size&quot;:0,&quot;sizes&quot;:[]},&quot;lazyload&quot;:&quot;yes&quot;,&quot;gallery_layout&quot;:&quot;grid&quot;,&quot;columns_tablet&quot;:2,&quot;columns_mobile&quot;:1,&quot;gap_tablet&quot;:{&quot;unit&quot;:&quot;px&quot;,&quot;size&quot;:10,&quot;sizes&quot;:[]},&quot;gap_mobile&quot;:{&quot;unit&quot;:&quot;px&quot;,&quot;size&quot;:10,&quot;sizes&quot;:[]},&quot;link_to&quot;:&quot;file&quot;,&quot;aspect_ratio&quot;:&quot;3:2&quot;,&quot;overlay_background&quot;:&quot;yes&quot;,&quot;content_hover_animation&quot;:&quot;fade-in&quot;}\" data-widget_type=\"gallery.default\">\n\t\t\t\t<div class=\"elementor-widget-container\">\n\t\t\t\t\t\t\t<div class=\"elementor-gallery__container\">\n\t\t\t\t\t\t\t<a class=\"e-gallery-item elementor-gallery-item elementor-animated-content\" href=\"https:\/\/costablanca-magazin.com\/wp-content\/uploads\/2024\/11\/girl-makes-an-advent-christmas-wreath-close-up-of-2023-11-27-05-11-21-utc-scaled.jpg\" data-elementor-open-lightbox=\"yes\" data-elementor-lightbox-slideshow=\"7c47773\" data-elementor-lightbox-title=\"Besinnlicher Advent an der Costa Blanca: Tipps und Trends  f\u00fcr stimmungsvolle Vorweihnachtszeit\" data-elementor-lightbox-description=\"Besinnlicher Advent an der Costa Blanca: Tipps und Trends f\u00fcr stimmungsvolle Vorweihnachtszeit\" data-e-action-hash=\"#elementor-action%3Aaction%3Dlightbox%26settings%3DeyJpZCI6MzQ1MywidXJsIjoiaHR0cHM6XC9cL2Nvc3RhYmxhbmNhLW1hZ2F6aW4uY29tXC93cC1jb250ZW50XC91cGxvYWRzXC8yMDI0XC8xMVwvZ2lybC1tYWtlcy1hbi1hZHZlbnQtY2hyaXN0bWFzLXdyZWF0aC1jbG9zZS11cC1vZi0yMDIzLTExLTI3LTA1LTExLTIxLXV0Yy1zY2FsZWQuanBnIiwic2xpZGVzaG93IjoiN2M0Nzc3MyJ9\">\n\t\t\t\t\t<div class=\"e-gallery-image elementor-gallery-item__image\" data-thumbnail=\"https:\/\/costablanca-magazin.com\/wp-content\/uploads\/2024\/11\/girl-makes-an-advent-christmas-wreath-close-up-of-2023-11-27-05-11-21-utc-300x200.jpg\" data-width=\"300\" data-height=\"200\" aria-label=\"Betenkende advent p\u00e5 Costa Blanca: Tips og trender for en stemningsfull juleforberedelse 3\" role=\"img\" ><\/div>\n\t\t\t\t\t\t\t\t\t\t\t<div class=\"elementor-gallery-item__overlay\"><\/div>\n\t\t\t\t\t\t\t\t\t\t\t\t\t\t<\/a>\n\t\t\t\t\t\t\t<a class=\"e-gallery-item elementor-gallery-item elementor-animated-content\" href=\"https:\/\/costablanca-magazin.com\/wp-content\/uploads\/2024\/11\/christmas-lights-2023-11-27-04-51-41-utc-scaled.jpg\" data-elementor-open-lightbox=\"yes\" data-elementor-lightbox-slideshow=\"7c47773\" data-elementor-lightbox-title=\"Besinnlicher Advent an der Costa Blanca: Tipps und Trends  f\u00fcr stimmungsvolle Vorweihnachtszeit\" data-elementor-lightbox-description=\"Besinnlicher Advent an der Costa Blanca: Tipps und Trends f\u00fcr stimmungsvolle Vorweihnachtszeit\" data-e-action-hash=\"#elementor-action%3Aaction%3Dlightbox%26settings%3DeyJpZCI6MzQ1MiwidXJsIjoiaHR0cHM6XC9cL2Nvc3RhYmxhbmNhLW1hZ2F6aW4uY29tXC93cC1jb250ZW50XC91cGxvYWRzXC8yMDI0XC8xMVwvY2hyaXN0bWFzLWxpZ2h0cy0yMDIzLTExLTI3LTA0LTUxLTQxLXV0Yy1zY2FsZWQuanBnIiwic2xpZGVzaG93IjoiN2M0Nzc3MyJ9\">\n\t\t\t\t\t<div class=\"e-gallery-image elementor-gallery-item__image\" data-thumbnail=\"https:\/\/costablanca-magazin.com\/wp-content\/uploads\/2024\/11\/christmas-lights-2023-11-27-04-51-41-utc-300x200.jpg\" data-width=\"300\" data-height=\"200\" aria-label=\"Betenkende advent p\u00e5 Costa Blanca: Tips og trender for en stemningsfull juleforberedelse 2\" role=\"img\" ><\/div>\n\t\t\t\t\t\t\t\t\t\t\t<div class=\"elementor-gallery-item__overlay\"><\/div>\n\t\t\t\t\t\t\t\t\t\t\t\t\t\t<\/a>\n\t\t\t\t\t\t\t<a class=\"e-gallery-item elementor-gallery-item elementor-animated-content\" href=\"https:\/\/costablanca-magazin.com\/wp-content\/uploads\/2024\/11\/creative-christmas-advent-calendar-as-cute-house-w-2023-11-27-05-23-36-utc-scaled.jpg\" data-elementor-open-lightbox=\"yes\" data-elementor-lightbox-slideshow=\"7c47773\" data-elementor-lightbox-title=\"Besinnlicher Advent an der Costa Blanca: Tipps und Trends  f\u00fcr stimmungsvolle Vorweihnachtszeit\" data-elementor-lightbox-description=\"Besinnlicher Advent an der Costa Blanca: Tipps und Trends f\u00fcr stimmungsvolle Vorweihnachtszeit\" data-e-action-hash=\"#elementor-action%3Aaction%3Dlightbox%26settings%3DeyJpZCI6MzQ1MSwidXJsIjoiaHR0cHM6XC9cL2Nvc3RhYmxhbmNhLW1hZ2F6aW4uY29tXC93cC1jb250ZW50XC91cGxvYWRzXC8yMDI0XC8xMVwvY3JlYXRpdmUtY2hyaXN0bWFzLWFkdmVudC1jYWxlbmRhci1hcy1jdXRlLWhvdXNlLXctMjAyMy0xMS0yNy0wNS0yMy0zNi11dGMtc2NhbGVkLmpwZyIsInNsaWRlc2hvdyI6IjdjNDc3NzMifQ%3D%3D\">\n\t\t\t\t\t<div class=\"e-gallery-image elementor-gallery-item__image\" data-thumbnail=\"https:\/\/costablanca-magazin.com\/wp-content\/uploads\/2024\/11\/creative-christmas-advent-calendar-as-cute-house-w-2023-11-27-05-23-36-utc-300x200.jpg\" data-width=\"300\" data-height=\"200\" aria-label=\"En stemningsfull advent p\u00e5 Costa Blanca: Tips og trender for en hyggelig juleforberedelse 1\" role=\"img\" ><\/div>\n\t\t\t\t\t\t\t\t\t\t\t<div class=\"elementor-gallery-item__overlay\"><\/div>\n\t\t\t\t\t\t\t\t\t\t\t\t\t\t<\/a>\n\t\t\t\t\t\t\t<a class=\"e-gallery-item elementor-gallery-item elementor-animated-content\" href=\"https:\/\/costablanca-magazin.com\/wp-content\/uploads\/2024\/11\/handmade-christmas-advent-activity-surprise-festiv-2023-11-27-05-06-00-utc-scaled.jpg\" data-elementor-open-lightbox=\"yes\" data-elementor-lightbox-slideshow=\"7c47773\" data-elementor-lightbox-title=\"Besinnlicher Advent an der Costa Blanca: Tipps und Trends  f\u00fcr stimmungsvolle Vorweihnachtszeit\" data-elementor-lightbox-description=\"Besinnlicher Advent an der Costa Blanca: Tipps und Trends f\u00fcr stimmungsvolle Vorweihnachtszeit\" data-e-action-hash=\"#elementor-action%3Aaction%3Dlightbox%26settings%3DeyJpZCI6MzQ1MCwidXJsIjoiaHR0cHM6XC9cL2Nvc3RhYmxhbmNhLW1hZ2F6aW4uY29tXC93cC1jb250ZW50XC91cGxvYWRzXC8yMDI0XC8xMVwvaGFuZG1hZGUtY2hyaXN0bWFzLWFkdmVudC1hY3Rpdml0eS1zdXJwcmlzZS1mZXN0aXYtMjAyMy0xMS0yNy0wNS0wNi0wMC11dGMtc2NhbGVkLmpwZyIsInNsaWRlc2hvdyI6IjdjNDc3NzMifQ%3D%3D\">\n\t\t\t\t\t<div class=\"e-gallery-image elementor-gallery-item__image\" data-thumbnail=\"https:\/\/costablanca-magazin.com\/wp-content\/uploads\/2024\/11\/handmade-christmas-advent-activity-surprise-festiv-2023-11-27-05-06-00-utc-300x200.jpg\" data-width=\"300\" data-height=\"200\" aria-label=\"Betenkende advent p\u00e5 Costa Blanca: Tips og trender for en stemningsfull juleforberedelse\" role=\"img\" ><\/div>\n\t\t\t\t\t\t\t\t\t\t\t<div class=\"elementor-gallery-item__overlay\"><\/div>\n\t\t\t\t\t\t\t\t\t\t\t\t\t\t<\/a>\n\t\t\t\t\t<\/div>\n\t\t\t\t\t<\/div>\n\t\t\t\t<\/div>\n\t\t\t\t<\/div>\n\t\t<div class=\"elementor-element elementor-element-a2fff99 e-con-full e-flex e-con e-child\" data-id=\"a2fff99\" data-element_type=\"container\" data-e-type=\"container\">\n\t\t\t\t<div class=\"elementor-element elementor-element-2c2e12f elementor-widget elementor-widget-text-editor\" data-id=\"2c2e12f\" data-element_type=\"widget\" data-e-type=\"widget\" data-widget_type=\"text-editor.default\">\n\t\t\t\t<div class=\"elementor-widget-container\">\n\t\t\t\t\t\t\t\t\t<p><strong>H\u00e5ndlagde gaver som uttrykk for takknemlighet<\/strong><br \/>Hjemmelagde gaver er ogs\u00e5 veldig popul\u00e6re i adventstiden. Enten det er hjemmebakte kaker, et kj\u00e6rlig strikket skjerf eller en \u201ejul i glass\u201c \u2013 h\u00e5ndlagde gaver viser din takknemlighet og bringer et smil til ansiktene til dine kj\u00e6re. Bruk adventstiden til \u00e5 v\u00e6re kreativ og lage spesielle gaver.<\/p><p><strong>Personlige adventshilsener<\/strong><br \/>En personlig touch bringer glede i adventstiden. Send h\u00e5ndskrevne kort med hjertelige hilsener til dine kj\u00e6re, venner eller forretningsforbindelser. Det viser ikke bare din takknemlighet, men styrker ogs\u00e5 de mellommenneskelige b\u00e5ndene i en ofte stressende \u00e5rstid.<\/p><p><strong>Dekorere med stil og bevissthet<\/strong><br \/>I \u00e5r er adventsdekorasjonen en blanding av rustikke elementer og moderne h\u00f8ydepunkter. Filigrane ornamenter av glass, utsk\u00e5rne trefigurer og skinnende detaljer i gull og s\u00f8lv skaper en festlig, men stilig atmosf\u00e6re. La deg inspirere av skandinaviske tradisjoner: Stearinlys, vintage-dekorasjon og diskrete farger bringer hygge inn i hjemmet ditt.<\/p><p>Med disse tipsene blir adventstiden 2024 en rolig og bevisst tid full av forventning og inspirasjon. Bruk ukene f\u00f8r jul til \u00e5 fokusere p\u00e5 det vesentlige og bevisst nyte adventstidens magi. <\/p>\t\t\t\t\t\t\t\t<\/div>\n\t\t\t\t<\/div>\n\t\t\t\t<\/div>\n\t\t\t\t<\/div>\n\t\t\t\t\t<\/div>\n\t\t\t\t<\/div>\n\t\t\t\t<\/div>","protected":false},"excerpt":{"rendered":"<p>Besinnlicher Advent an der Costa Blanca &#8211; Tipps und Trends f\u00fcr stimmungsvolle Vorweihnachtszeit Nachhaltigkeit, Minimalismus und nostalgische Traditionen \u2013 so gestalten Sie die Adventszeit dieses Jahr bewusst und stilvoll. Der Advent ist eine ganz besondere Zeit im Jahr \u2013 eine Zeit des Innehaltens, der Vorfreude und des bewussten Genie\u00dfens. An der Costa Blanca l\u00e4sst sich [&hellip;]<\/p>\n","protected":false},"author":1,"featured_media":3445,"comment_status":"closed","ping_status":"closed","sticky":false,"template":"elementor_header_footer","format":"standard","meta":{"om_disable_all_campaigns":false,"_monsterinsights_skip_tracking":false,"_monsterinsights_sitenote_active":false,"_monsterinsights_sitenote_note":"","_monsterinsights_sitenote_category":0,"footnotes":""},"categories":[15],"tags":[346,348,347,345],"class_list":["post-3448","post","type-post","status-publish","format-standard","has-post-thumbnail","hentry","category-leben-in-spanien","tag-advent-costa-blanca","tag-advent-deko","tag-dekorations-ideen-advent","tag-tipps-fuer-denn-advent"],"aioseo_notices":[],"_links":{"self":[{"href":"https:\/\/costablanca-magazin.com\/nb\/wp-json\/wp\/v2\/posts\/3448","targetHints":{"allow":["GET"]}}],"collection":[{"href":"https:\/\/costablanca-magazin.com\/nb\/wp-json\/wp\/v2\/posts"}],"about":[{"href":"https:\/\/costablanca-magazin.com\/nb\/wp-json\/wp\/v2\/types\/post"}],"author":[{"embeddable":true,"href":"https:\/\/costablanca-magazin.com\/nb\/wp-json\/wp\/v2\/users\/1"}],"replies":[{"embeddable":true,"href":"https:\/\/costablanca-magazin.com\/nb\/wp-json\/wp\/v2\/comments?post=3448"}],"version-history":[{"count":13,"href":"https:\/\/costablanca-magazin.com\/nb\/wp-json\/wp\/v2\/posts\/3448\/revisions"}],"predecessor-version":[{"id":3860,"href":"https:\/\/costablanca-magazin.com\/nb\/wp-json\/wp\/v2\/posts\/3448\/revisions\/3860"}],"wp:featuredmedia":[{"embeddable":true,"href":"https:\/\/costablanca-magazin.com\/nb\/wp-json\/wp\/v2\/media\/3445"}],"wp:attachment":[{"href":"https:\/\/costablanca-magazin.com\/nb\/wp-json\/wp\/v2\/media?parent=3448"}],"wp:term":[{"taxonomy":"category","embeddable":true,"href":"https:\/\/costablanca-magazin.com\/nb\/wp-json\/wp\/v2\/categories?post=3448"},{"taxonomy":"post_tag","embeddable":true,"href":"https:\/\/costablanca-magazin.com\/nb\/wp-json\/wp\/v2\/tags?post=3448"}],"curies":[{"name":"wp","href":"https:\/\/api.w.org\/{rel}","templated":true}]}}