{"id":2795,"date":"2024-10-28T09:00:00","date_gmt":"2024-10-28T08:00:00","guid":{"rendered":"https:\/\/costablanca-magazin.com\/?p=2795"},"modified":"2026-03-09T09:56:02","modified_gmt":"2026-03-09T08:56:02","slug":"fargerikt-liv-og-middelhavsnytelser-costa-blanca-ukentlige-markeder","status":"publish","type":"post","link":"https:\/\/costablanca-magazin.com\/nb\/residenten\/leben-in-spanien\/buntes-treiben-und-mediterrane-genuesse-costa-blanca-wochenmaerkte\/","title":{"rendered":"Fargerikt folkeliv og middelhavsretter - Costa Blancas ukentlige markeder"},"content":{"rendered":"<div data-elementor-type=\"wp-post\" data-elementor-id=\"2795\" class=\"elementor elementor-2795\" data-elementor-post-type=\"post\">\n\t\t\t\t<div class=\"elementor-element elementor-element-32c9327 e-flex e-con-boxed e-con e-parent\" data-id=\"32c9327\" data-element_type=\"container\" data-e-type=\"container\">\n\t\t\t\t\t<div class=\"e-con-inner\">\n\t\t\t\t<div class=\"elementor-element elementor-element-32c1126 elementor-widget elementor-widget-heading\" data-id=\"32c1126\" data-element_type=\"widget\" data-e-type=\"widget\" data-widget_type=\"heading.default\">\n\t\t\t\t<div class=\"elementor-widget-container\">\n\t\t\t\t\t<h1 class=\"elementor-heading-title elementor-size-default\">Fargerikt folkeliv og liv og\nMiddelhavets herligheter<\/h1>\t\t\t\t<\/div>\n\t\t\t\t<\/div>\n\t\t\t\t<div class=\"elementor-element elementor-element-2817f40 elementor-widget elementor-widget-image\" data-id=\"2817f40\" data-element_type=\"widget\" data-e-type=\"widget\" data-widget_type=\"image.default\">\n\t\t\t\t<div class=\"elementor-widget-container\">\n\t\t\t\t\t\t\t\t\t\t\t\t\t\t\t<img decoding=\"async\" src=\"https:\/\/costablanca-magazin.com\/wp-content\/uploads\/elementor\/thumbs\/shutterstock_2039700356-scaled-rjc7gfcjuuiuftofos18jlxl2q5w4idsf0de4n90ug.jpg\" title=\"Fargerikt folkeliv og middelhavsretter - de ukentlige markedene i Marina Alta og Marina Baixa\" alt=\"Livlig aktivitet og middelhavsdelikatesser \u2013 Ukentlige markeder i Marina Alta og Marina Baixa 6\" loading=\"lazy\" \/>\t\t\t\t\t\t\t\t\t\t\t\t\t\t\t<\/div>\n\t\t\t\t<\/div>\n\t\t\t\t<div class=\"elementor-element elementor-element-2740fd1 elementor-widget elementor-widget-heading\" data-id=\"2740fd1\" data-element_type=\"widget\" data-e-type=\"widget\" data-widget_type=\"heading.default\">\n\t\t\t\t<div class=\"elementor-widget-container\">\n\t\t\t\t\t<h2 class=\"elementor-heading-title elementor-size-default\">De ukentlige markedene\ni Marina Alta og Marina Baixa<\/h2>\t\t\t\t<\/div>\n\t\t\t\t<\/div>\n\t\t\t\t\t<\/div>\n\t\t\t\t<\/div>\n\t\t<div class=\"elementor-element elementor-element-c20e3bf e-flex e-con-boxed e-con e-parent\" data-id=\"c20e3bf\" data-element_type=\"container\" data-e-type=\"container\">\n\t\t\t\t\t<div class=\"e-con-inner\">\n\t\t<div class=\"elementor-element elementor-element-5baa0df e-con-full e-flex e-con e-child\" data-id=\"5baa0df\" data-element_type=\"container\" data-e-type=\"container\">\n\t\t\t\t<div class=\"elementor-element elementor-element-fb468b7 elementor-widget elementor-widget-image\" data-id=\"fb468b7\" data-element_type=\"widget\" data-e-type=\"widget\" data-widget_type=\"image.default\">\n\t\t\t\t<div class=\"elementor-widget-container\">\n\t\t\t\t\t\t\t\t\t\t\t\t\t\t\t<img fetchpriority=\"high\" decoding=\"async\" width=\"683\" height=\"1024\" src=\"https:\/\/costablanca-magazin.com\/wp-content\/uploads\/2024\/10\/mother-and-daughter-at-the-market-2023-11-27-05-17-57-utc-683x1024.jpg\" class=\"attachment-large size-large wp-image-2799\" alt=\"Livlig aktivitet og middelhavsdelikatesser \u2013 Ukentlige markeder i Marina Alta og Marina Baixa 3\" srcset=\"https:\/\/costablanca-magazin.com\/wp-content\/uploads\/2024\/10\/mother-and-daughter-at-the-market-2023-11-27-05-17-57-utc-683x1024.jpg 683w, https:\/\/costablanca-magazin.com\/wp-content\/uploads\/2024\/10\/mother-and-daughter-at-the-market-2023-11-27-05-17-57-utc-200x300.jpg 200w, https:\/\/costablanca-magazin.com\/wp-content\/uploads\/2024\/10\/mother-and-daughter-at-the-market-2023-11-27-05-17-57-utc-768x1152.jpg 768w, https:\/\/costablanca-magazin.com\/wp-content\/uploads\/2024\/10\/mother-and-daughter-at-the-market-2023-11-27-05-17-57-utc-1024x1536.jpg 1024w, https:\/\/costablanca-magazin.com\/wp-content\/uploads\/2024\/10\/mother-and-daughter-at-the-market-2023-11-27-05-17-57-utc-1366x2048.jpg 1366w, https:\/\/costablanca-magazin.com\/wp-content\/uploads\/2024\/10\/mother-and-daughter-at-the-market-2023-11-27-05-17-57-utc-scaled.jpg 1707w\" sizes=\"(max-width: 683px) 100vw, 683px\" \/>\t\t\t\t\t\t\t\t\t\t\t\t\t\t\t<\/div>\n\t\t\t\t<\/div>\n\t\t\t\t<div class=\"elementor-element elementor-element-be0e26f elementor-widget elementor-widget-image\" data-id=\"be0e26f\" data-element_type=\"widget\" data-e-type=\"widget\" data-widget_type=\"image.default\">\n\t\t\t\t<div class=\"elementor-widget-container\">\n\t\t\t\t\t\t\t\t\t\t\t\t\t\t\t<img decoding=\"async\" width=\"1920\" height=\"1440\" src=\"https:\/\/costablanca-magazin.com\/wp-content\/uploads\/2024\/10\/IMG_1785.jpg\" class=\"attachment-full size-full wp-image-2798\" alt=\"Livlig aktivitet og middelhavsdelikatesser \u2013 ukentlige markeder i Marina Alta og Marina Baixa 2\" srcset=\"https:\/\/costablanca-magazin.com\/wp-content\/uploads\/2024\/10\/IMG_1785.jpg 1920w, https:\/\/costablanca-magazin.com\/wp-content\/uploads\/2024\/10\/IMG_1785-300x225.jpg 300w, https:\/\/costablanca-magazin.com\/wp-content\/uploads\/2024\/10\/IMG_1785-1024x768.jpg 1024w, https:\/\/costablanca-magazin.com\/wp-content\/uploads\/2024\/10\/IMG_1785-768x576.jpg 768w, https:\/\/costablanca-magazin.com\/wp-content\/uploads\/2024\/10\/IMG_1785-1536x1152.jpg 1536w\" sizes=\"(max-width: 1920px) 100vw, 1920px\" \/>\t\t\t\t\t\t\t\t\t\t\t\t\t\t\t<\/div>\n\t\t\t\t<\/div>\n\t\t\t\t<\/div>\n\t\t<div class=\"elementor-element elementor-element-95ee762 e-con-full e-flex e-con e-child\" data-id=\"95ee762\" data-element_type=\"container\" data-e-type=\"container\">\n\t\t\t\t<div class=\"elementor-element elementor-element-23bf2e8 elementor-widget elementor-widget-text-editor\" data-id=\"23bf2e8\" data-element_type=\"widget\" data-e-type=\"widget\" data-widget_type=\"text-editor.default\">\n\t\t\t\t<div class=\"elementor-widget-container\">\n\t\t\t\t\t\t\t\t\t<p>Hvis du har lyst p\u00e5 et fargerikt liv og r\u00f8re p\u00e5 Costa Blanca, b\u00f8r du absolutt bes\u00f8ke de ukentlige markedene. Her blander det virkelige livet til innbyggerne og lokalbefolkningen seg med feriegjestenes utflukter. Mellom duftende frukt- og gr\u00f8nnsaksboder, middelhavsdelikatesser, fargerike tekstiler og h\u00e5ndlagde produkter m\u00f8tes lokalbefolkningen og tilreisende for \u00e5 spasere, kikke og kj\u00f8pe ferske r\u00e5varer til hverdagen eller bare nyte den livlige atmosf\u00e6ren.<\/p><p>Markedene er det perfekte stedet for \u00e5 nyte middelhavsstilen. Fra tidlig om morgenen fylles torgene av en summing av stemmer og duften av nybakte varer, frukt og gr\u00f8nnsaker, blomster og urter. Bodene er fylt opp med modne tomater, saftige appelsiner, nyh\u00f8stet hvitl\u00f8k og oliven i alle varianter - med mye hell direkte fra \u00e5krene i regionen. Det finnes ogs\u00e5 et utvalg av typiske produkter som lokalprodusert ost, honning og p\u00f8lser som vil f\u00e5 ethvert handlehjerte til \u00e5 banke raskere.<br \/>Men markedene tilbyr mye mer enn bare fersk mat. Ogs\u00e5 kunsth\u00e5ndverk har sin plass her. Fra h\u00e5ndvevde kurver eller l\u00e6rvarer til keramikk - her kan du finne litt av hvert, avhengig av markedet. Ogs\u00e5 moteinteresserte kommer til sin rett: Mange markeder byr p\u00e5 en fargerik blanding av kl\u00e6r og tilbeh\u00f8r, noen ganger til r\u00f8verkj\u00f8pspriser.<br \/>Menneskene som befolker disse markedene, gj\u00f8r opplevelsen spesiell. Travle handelsmenn tilbyr sine varer. Det er den avslappede, \u00e5pne naturen til innbyggerne p\u00e5 Costa Blanca som gj\u00f8r disse markedene til en s\u00e5 popul\u00e6r m\u00f8teplass.<\/p><p>Enten det er for \u00e5 gj\u00f8re de store ukentlige innkj\u00f8pene, kj\u00f8pe en rask matbit eller bare rusle gjennom bodene, er et bes\u00f8k p\u00e5 de ukentlige markedene i Marina Alta og Marina Baixa en opplevelse du ikke m\u00e5 g\u00e5 glipp av. Disse markedene gir deg en flott mulighet til \u00e5 fylle p\u00e5 med ferske r\u00e5varer mens du nyter det pulserende, autentiske livet p\u00e5 Costa Blanca.<\/p><p><a href=\"https:\/\/costablanca-magazin.com\/nb\/lokalt\/informasjon\/merket-ved-costa-blanca\/\" target=\"_blank\" rel=\"noopener\">Oversikt over alle markeder\u00a0<\/a><\/p>\t\t\t\t\t\t\t\t<\/div>\n\t\t\t\t<\/div>\n\t\t\t\t<\/div>\n\t\t<div class=\"elementor-element elementor-element-3d702e9 e-con-full e-flex e-con e-child\" data-id=\"3d702e9\" data-element_type=\"container\" data-e-type=\"container\">\n\t\t\t\t<div class=\"elementor-element elementor-element-50f4b05 elementor-widget elementor-widget-image\" data-id=\"50f4b05\" data-element_type=\"widget\" data-e-type=\"widget\" data-widget_type=\"image.default\">\n\t\t\t\t<div class=\"elementor-widget-container\">\n\t\t\t\t\t\t\t\t\t\t\t\t\t\t\t<img decoding=\"async\" width=\"1920\" height=\"2560\" src=\"https:\/\/costablanca-magazin.com\/wp-content\/uploads\/2024\/10\/Wochenmarkt-Costa-Blanca-8-scaled.jpg\" class=\"attachment-full size-full wp-image-2809\" alt=\"Livlig aktivitet og middelhavsdelikatesser \u2013 Ukentlige markeder i Marina Alta og Marina Baixa 13\" srcset=\"https:\/\/costablanca-magazin.com\/wp-content\/uploads\/2024\/10\/Wochenmarkt-Costa-Blanca-8-scaled.jpg 1920w, https:\/\/costablanca-magazin.com\/wp-content\/uploads\/2024\/10\/Wochenmarkt-Costa-Blanca-8-225x300.jpg 225w, https:\/\/costablanca-magazin.com\/wp-content\/uploads\/2024\/10\/Wochenmarkt-Costa-Blanca-8-768x1024.jpg 768w, https:\/\/costablanca-magazin.com\/wp-content\/uploads\/2024\/10\/Wochenmarkt-Costa-Blanca-8-1152x1536.jpg 1152w, https:\/\/costablanca-magazin.com\/wp-content\/uploads\/2024\/10\/Wochenmarkt-Costa-Blanca-8-1536x2048.jpg 1536w\" sizes=\"(max-width: 1920px) 100vw, 1920px\" \/>\t\t\t\t\t\t\t\t\t\t\t\t\t\t\t<\/div>\n\t\t\t\t<\/div>\n\t\t\t\t<div class=\"elementor-element elementor-element-4260ffb elementor-widget elementor-widget-image\" data-id=\"4260ffb\" data-element_type=\"widget\" data-e-type=\"widget\" data-widget_type=\"image.default\">\n\t\t\t\t<div class=\"elementor-widget-container\">\n\t\t\t\t\t\t\t\t\t\t\t\t\t\t\t<img loading=\"lazy\" decoding=\"async\" width=\"800\" height=\"534\" src=\"https:\/\/costablanca-magazin.com\/wp-content\/uploads\/2024\/10\/Pixabay-vegetables-2732558-1024x683.jpg\" class=\"attachment-large size-large wp-image-2801\" alt=\"Livlig aktivitet og middelhavsdelikatesser \u2013 Ukentlige markeder i Marina Alta og Marina Baixa 5\" srcset=\"https:\/\/costablanca-magazin.com\/wp-content\/uploads\/2024\/10\/Pixabay-vegetables-2732558-1024x683.jpg 1024w, https:\/\/costablanca-magazin.com\/wp-content\/uploads\/2024\/10\/Pixabay-vegetables-2732558-300x200.jpg 300w, https:\/\/costablanca-magazin.com\/wp-content\/uploads\/2024\/10\/Pixabay-vegetables-2732558-768x512.jpg 768w, https:\/\/costablanca-magazin.com\/wp-content\/uploads\/2024\/10\/Pixabay-vegetables-2732558-1536x1024.jpg 1536w, https:\/\/costablanca-magazin.com\/wp-content\/uploads\/2024\/10\/Pixabay-vegetables-2732558-2048x1365.jpg 2048w\" sizes=\"(max-width: 800px) 100vw, 800px\" \/>\t\t\t\t\t\t\t\t\t\t\t\t\t\t\t<\/div>\n\t\t\t\t<\/div>\n\t\t\t\t<\/div>\n\t\t\t\t\t<\/div>\n\t\t\t\t<\/div>\n\t\t\t\t<\/div>","protected":false},"excerpt":{"rendered":"<p>Buntes Treiben und mediterrane Gen\u00fcsse Die Wochenm\u00e4rkte der Marina Alta und Marina Baixa Wer Lust auf buntes Treiben an der Costa Blanca hat, der sollte unbedingt die Wochenm\u00e4rkte besuchen. Hier mischt sich das echte Leben der Residenten und Einwohner mit den Ausfl\u00fcgen der Urlauber. Zwischen duftenden Obst- und Gem\u00fcsest\u00e4nden, mediterranen Gen\u00fcsse, bunten Stoffen und handgefertigten [&hellip;]<\/p>\n","protected":false},"author":1,"featured_media":2802,"comment_status":"closed","ping_status":"closed","sticky":false,"template":"elementor_header_footer","format":"standard","meta":{"om_disable_all_campaigns":false,"_monsterinsights_skip_tracking":false,"_monsterinsights_sitenote_active":false,"_monsterinsights_sitenote_note":"","_monsterinsights_sitenote_category":0,"footnotes":""},"categories":[22,15],"tags":[61,333,336,335,334,332],"class_list":["post-2795","post","type-post","status-publish","format-standard","has-post-thumbnail","hentry","category-aktivitaeten-und-ausfluege","category-leben-in-spanien","tag-costa-blanca","tag-maerkte-der-costa-blanca","tag-mercadillos-costa-blanca","tag-mercados-costa-blanca","tag-wochenmaerkte","tag-wochenmaerkte-an-der-costa-blanca"],"aioseo_notices":[],"_links":{"self":[{"href":"https:\/\/costablanca-magazin.com\/nb\/wp-json\/wp\/v2\/posts\/2795","targetHints":{"allow":["GET"]}}],"collection":[{"href":"https:\/\/costablanca-magazin.com\/nb\/wp-json\/wp\/v2\/posts"}],"about":[{"href":"https:\/\/costablanca-magazin.com\/nb\/wp-json\/wp\/v2\/types\/post"}],"author":[{"embeddable":true,"href":"https:\/\/costablanca-magazin.com\/nb\/wp-json\/wp\/v2\/users\/1"}],"replies":[{"embeddable":true,"href":"https:\/\/costablanca-magazin.com\/nb\/wp-json\/wp\/v2\/comments?post=2795"}],"version-history":[{"count":13,"href":"https:\/\/costablanca-magazin.com\/nb\/wp-json\/wp\/v2\/posts\/2795\/revisions"}],"predecessor-version":[{"id":11066,"href":"https:\/\/costablanca-magazin.com\/nb\/wp-json\/wp\/v2\/posts\/2795\/revisions\/11066"}],"wp:featuredmedia":[{"embeddable":true,"href":"https:\/\/costablanca-magazin.com\/nb\/wp-json\/wp\/v2\/media\/2802"}],"wp:attachment":[{"href":"https:\/\/costablanca-magazin.com\/nb\/wp-json\/wp\/v2\/media?parent=2795"}],"wp:term":[{"taxonomy":"category","embeddable":true,"href":"https:\/\/costablanca-magazin.com\/nb\/wp-json\/wp\/v2\/categories?post=2795"},{"taxonomy":"post_tag","embeddable":true,"href":"https:\/\/costablanca-magazin.com\/nb\/wp-json\/wp\/v2\/tags?post=2795"}],"curies":[{"name":"wp","href":"https:\/\/api.w.org\/{rel}","templated":true}]}}