{"id":270,"date":"2024-06-05T19:26:05","date_gmt":"2024-06-05T17:26:05","guid":{"rendered":"https:\/\/costablanca-magazin.com\/?p=270"},"modified":"2025-05-15T10:33:28","modified_gmt":"2025-05-15T08:33:28","slug":"residencia-pa-costa-blanca","status":"publish","type":"post","link":"https:\/\/costablanca-magazin.com\/nb\/residenten\/leben-in-spanien\/residencia-an-der-costa-blanca\/","title":{"rendered":"Residencia p\u00e5 Costa Blanca"},"content":{"rendered":"<div data-elementor-type=\"wp-post\" data-elementor-id=\"270\" class=\"elementor elementor-270\" data-elementor-post-type=\"post\">\n\t\t\t\t<div class=\"elementor-element elementor-element-b8d6898 e-flex e-con-boxed e-con e-parent\" data-id=\"b8d6898\" data-element_type=\"container\" data-e-type=\"container\">\n\t\t\t\t\t<div class=\"e-con-inner\">\n\t\t\t\t<div class=\"elementor-element elementor-element-e48284e elementor-widget elementor-widget-heading\" data-id=\"e48284e\" data-element_type=\"widget\" data-e-type=\"widget\" data-widget_type=\"heading.default\">\n\t\t\t\t<div class=\"elementor-widget-container\">\n\t\t\t\t\t<h1 class=\"elementor-heading-title elementor-size-default\">Residencia p\u00e5 Costa Blanca<\/h1>\t\t\t\t<\/div>\n\t\t\t\t<\/div>\n\t\t\t\t\t<\/div>\n\t\t\t\t<\/div>\n\t\t<div class=\"elementor-element elementor-element-19d414a e-flex e-con-boxed e-con e-parent\" data-id=\"19d414a\" data-element_type=\"container\" data-e-type=\"container\">\n\t\t\t\t\t<div class=\"e-con-inner\">\n\t\t\t\t<div class=\"elementor-element elementor-element-4e42553 elementor-widget elementor-widget-text-editor\" data-id=\"4e42553\" data-element_type=\"widget\" data-e-type=\"widget\" data-widget_type=\"text-editor.default\">\n\t\t\t\t<div class=\"elementor-widget-container\">\n\t\t\t\t\t\t\t\t\t<h2 class=\"elementor-heading-title elementor-size-default\"><span style=\"color: #333333;\">Oppholdstillatelse p\u00e5 Costa Blanca: Registrering, prosess og viktige aspekter<\/span><\/h2>\t\t\t\t\t\t\t\t<\/div>\n\t\t\t\t<\/div>\n\t\t\t\t\t<\/div>\n\t\t\t\t<\/div>\n\t\t<div class=\"elementor-element elementor-element-28b8ecd e-flex e-con-boxed e-con e-parent\" data-id=\"28b8ecd\" data-element_type=\"container\" data-e-type=\"container\">\n\t\t\t\t\t<div class=\"e-con-inner\">\n\t\t<div class=\"elementor-element elementor-element-8383789 e-con-full e-flex e-con e-child\" data-id=\"8383789\" data-element_type=\"container\" data-e-type=\"container\">\n\t\t\t\t<div class=\"elementor-element elementor-element-d74c759 elementor-widget elementor-widget-image\" data-id=\"d74c759\" data-element_type=\"widget\" data-e-type=\"widget\" data-widget_type=\"image.default\">\n\t\t\t\t<div class=\"elementor-widget-container\">\n\t\t\t\t\t\t\t\t\t\t\t\t\t\t\t<img fetchpriority=\"high\" decoding=\"async\" width=\"768\" height=\"432\" src=\"https:\/\/costablanca-magazin.com\/wp-content\/uploads\/2024\/06\/residencia.jpg\" class=\"attachment-large size-large wp-image-271\" alt=\"residencia costa-blanca\" srcset=\"https:\/\/costablanca-magazin.com\/wp-content\/uploads\/2024\/06\/residencia.jpg 768w, https:\/\/costablanca-magazin.com\/wp-content\/uploads\/2024\/06\/residencia-300x169.jpg 300w\" sizes=\"(max-width: 768px) 100vw, 768px\" \/>\t\t\t\t\t\t\t\t\t\t\t\t\t\t\t<\/div>\n\t\t\t\t<\/div>\n\t\t\t\t<\/div>\n\t\t<div class=\"elementor-element elementor-element-04d7714 e-con-full e-flex e-con e-child\" data-id=\"04d7714\" data-element_type=\"container\" data-e-type=\"container\">\n\t\t\t\t<div class=\"elementor-element elementor-element-7afdde0 elementor-widget elementor-widget-text-editor\" data-id=\"7afdde0\" data-element_type=\"widget\" data-e-type=\"widget\" data-widget_type=\"text-editor.default\">\n\t\t\t\t<div class=\"elementor-widget-container\">\n\t\t\t\t\t\t\t\t\t<p>Spanias solfylte Costa Blanca tiltrekker seg hvert \u00e5r mange utlendinger som bestemmer seg for \u00e5 bosette seg der permanent. Hvis du er en av disse, m\u00e5 du v\u00e6re klar over oppholdstillatelse, registreringsprosessen og visse punkter du b\u00f8r v\u00e6re oppmerksom p\u00e5.<\/p>\n<!-- ai-h1words -->\n<p>Hvis du er ny p\u00e5 Costa Blanca og planlegger \u00e5 bli der i en lengre periode, b\u00f8r du samle inn de n\u00f8dvendige dokumentene, gj\u00f8re avtaler med immigrasjonskontoret og finne ut om tidsfrister, slik at den n\u00f8dvendige oppholdsstatusen blir ordnet p\u00e5 en smidig m\u00e5te og du kan bo p\u00e5 Costa Blanca med rettssikkerhet.<\/p>\n<!-- \/ai-h1words -->\n\n<p><strong>N\u00e5r trenger man \u00e5 registrere seg som bosatt?<\/strong><\/p><p>Som hovedregel gjelder at EU-borgere som oppholder seg i Spania i mer enn tre m\u00e5neder, er forpliktet til \u00e5 registrere seg som bosatt ved den nasjonale politistasjonen i bostedsomr\u00e5det og s\u00f8ke om en \u201eTarjeta de Identidad de Extranjero\u201c (TIE) \u2013 identitetskort for utlendinger.<\/p>\t\t\t\t\t\t\t\t<\/div>\n\t\t\t\t<\/div>\n\t\t\t\t<\/div>\n\t\t\t\t\t<\/div>\n\t\t\t\t<\/div>\n\t\t<div class=\"elementor-element elementor-element-843a7d3 e-flex e-con-boxed e-con e-parent\" data-id=\"843a7d3\" data-element_type=\"container\" data-e-type=\"container\">\n\t\t\t\t\t<div class=\"e-con-inner\">\n\t\t\t\t<div class=\"elementor-element elementor-element-79c6336 elementor-widget elementor-widget-text-editor\" data-id=\"79c6336\" data-element_type=\"widget\" data-e-type=\"widget\" data-widget_type=\"text-editor.default\">\n\t\t\t\t<div class=\"elementor-widget-container\">\n\t\t\t\t\t\t\t\t\t<p><strong>Registreringsprosedyre<\/strong><\/p><p>Registreringen som bosatt best\u00e5r av to deler. F\u00f8rst m\u00e5 du sende inn en s\u00f8knad til utlendingsmyndighetene (Oficina de Extranjeros) eller politistasjonen. Du m\u00e5 dokumentere at du har bodd i Spania i mer enn tre m\u00e5neder de siste seks m\u00e5nedene, at du har inntekt eller tilstrekkelige \u00f8konomiske midler til \u00e5 fors\u00f8rge deg selv og familien din, og at du har privat eller offentlig helseforsikring.<\/p><p>Etter at s\u00f8knaden din er godkjent, vil du motta et sertifikat som du m\u00e5 ta med til det nasjonale politistasjonen for \u00e5 registrere dine biometriske data (fingeravtrykk) og s\u00f8ke om TIE. Du m\u00e5 deretter vente i omtrent en m\u00e5ned f\u00f8r kortet ditt er klart og du kan hente det.<\/p><p><strong>Hva m\u00e5 man v\u00e6re oppmerksom p\u00e5 n\u00e5r man melder seg bosatt i Spania?<\/strong><\/p><p>Det er noen viktige punkter du b\u00f8r v\u00e6re oppmerksom p\u00e5 n\u00e5r du registrerer deg i Spania. For det f\u00f8rste endres din skattestatus n\u00e5r du blir bosatt i landet. Som bosatt i Spania er du pliktig til \u00e5 betale skatt i Spania p\u00e5 din globale inntekt. Du m\u00e5 derfor registrere deg hos den spanske skattemyndigheten og s\u00f8ke om et spansk skattenummer (NIE).<\/p><p>For det andre, hvis du eier et kj\u00f8ret\u00f8y, m\u00e5 du registrere det p\u00e5 spanske bilskilt og s\u00f8rge for at det oppfyller spanske standarder. I tillegg m\u00e5 du bytte ut f\u00f8rerkortet ditt med et spansk f\u00f8rerkort hvis du bor i Spania i mer enn to \u00e5r.<\/p><p>Til slutt er det viktig at du informerer deg om dine rettigheter og plikter som bosatt i Spania. Dette inkluderer kunnskap om lover og regler knyttet til arbeid, helsetjenester, sosiale ytelser og andre aspekter ved livet i Spania.<\/p><p>\u00c5 registrere seg som bosatt i Spania er et viktig skritt hvis du planlegger \u00e5 bosette deg permanent. Det krever noen formaliteter, og det er viktige punkter \u00e5 v\u00e6re oppmerksom p\u00e5, men til syvende og sist gir det deg muligheten til \u00e5 delta fullt ut i livet i dette vakre landet.<\/p><p><strong>Tilpasning til det spanske helsevesenet<\/strong><\/p><p>En av de st\u00f8rste tilpasningene for nye innbyggere i Spania er helsevesenet. Som bosatt har du rett til samme helsetjenester som spanske statsborgere, forutsatt at du betaler inn til det spanske trygdesystemet. Du b\u00f8r beholde ditt europeiske helsetrygdkort (EHIC) i overgangsperioden, men v\u00e6re klar over at det ikke er en permanent l\u00f8sning for helsetjenester i Spania.<\/p><p><strong>L\u00e6re spansk<\/strong><\/p><p>Et annet viktig aspekt du b\u00f8r v\u00e6re oppmerksom p\u00e5, er viktigheten av \u00e5 l\u00e6re spansk. Selv om engelsk snakkes mange steder langs Costa Blanca, er det viktig \u00e5 gj\u00f8re en innsats for \u00e5 l\u00e6re spansk for \u00e5 integrere seg bedre i samfunnet og f\u00e5 tilgang til alle tjenester.<\/p><p><strong>Integrering i lokalsamfunnet<\/strong><\/p><p>Integrering i lokalsamfunnet er et annet viktig aspekt som nye innbyggere b\u00f8r v\u00e6re oppmerksomme p\u00e5. Dette kan gj\u00f8res ved \u00e5 delta p\u00e5 lokale arrangementer, bli kjent med naboene og engasjere seg i lokale foreninger og organisasjoner. God integrering kan bidra til \u00e5 utvikle en f\u00f8lelse av tilh\u00f8righet og gj\u00f8re at du f\u00f8ler deg mer hjemme i ditt nye hjem.<\/p><p><strong>En eiendomsekspert kan v\u00e6re til hjelp<\/strong><\/p><p>N\u00e5r du kj\u00f8per eiendom i Spania, kan det v\u00e6re nyttig \u00e5 konsultere en eiendomsekspert. Han eller hun kan hjelpe deg med \u00e5 finne den perfekte eiendommen, kjenner det lokale markedet og kan veilede deg gjennom kj\u00f8psprosessen.<\/p><p>Beslutningen om \u00e5 bli bosatt i Spania er et stort skritt. Det krever planlegging, forberedelser og oppmerksomhet p\u00e5 mange detaljer. Likevel kan beslutningen om \u00e5 bli bosatt i Spania gi deg mange fordeler, blant annet tilgang til helsetjenester, muligheten til \u00e5 bo i et vakkert klima og sjansen til \u00e5 oppleve en ny kultur og livsstil. Med riktig forberedelse og r\u00e5dgivning kan beslutningen om \u00e5 bli bosatt i Spania bli en av de beste beslutningene i livet ditt.<\/p>\t\t\t\t\t\t\t\t<\/div>\n\t\t\t\t<\/div>\n\t\t\t\t\t<\/div>\n\t\t\t\t<\/div>\n\t\t<div class=\"elementor-element elementor-element-40f613a e-flex e-con-boxed e-con e-parent\" data-id=\"40f613a\" data-element_type=\"container\" data-e-type=\"container\">\n\t\t\t\t\t<div class=\"e-con-inner\">\n\t\t\t\t<div class=\"elementor-element elementor-element-1088413 elementor-widget elementor-widget-heading\" data-id=\"1088413\" data-element_type=\"widget\" data-e-type=\"widget\" data-widget_type=\"heading.default\">\n\t\t\t\t<div class=\"elementor-widget-container\">\n\t\t\t\t\t<h3 class=\"elementor-heading-title elementor-size-default\">Dette kan ogs\u00e5 interessere deg<\/h3>\t\t\t\t<\/div>\n\t\t\t\t<\/div>\n\t\t\t\t<div class=\"elementor-element elementor-element-213b218 elementor-grid-4 elementor-grid-tablet-2 elementor-grid-mobile-1 elementor-posts--thumbnail-top elementor-card-shadow-yes elementor-posts__hover-gradient elementor-widget elementor-widget-posts\" data-id=\"213b218\" data-element_type=\"widget\" data-e-type=\"widget\" data-settings=\"{&quot;cards_columns&quot;:&quot;4&quot;,&quot;cards_columns_tablet&quot;:&quot;2&quot;,&quot;cards_columns_mobile&quot;:&quot;1&quot;,&quot;cards_row_gap&quot;:{&quot;unit&quot;:&quot;px&quot;,&quot;size&quot;:35,&quot;sizes&quot;:[]},&quot;cards_row_gap_tablet&quot;:{&quot;unit&quot;:&quot;px&quot;,&quot;size&quot;:&quot;&quot;,&quot;sizes&quot;:[]},&quot;cards_row_gap_mobile&quot;:{&quot;unit&quot;:&quot;px&quot;,&quot;size&quot;:&quot;&quot;,&quot;sizes&quot;:[]}}\" data-widget_type=\"posts.cards\">\n\t\t\t\t<div class=\"elementor-widget-container\">\n\t\t\t\t\t\t\t<div class=\"elementor-posts-container elementor-posts elementor-posts--skin-cards elementor-grid\" role=\"list\">\n\t\t\t\t<article class=\"elementor-post elementor-grid-item post-11484 post type-post status-publish format-standard has-post-thumbnail hentry category-veranstaltungen-events tag-costa-blanca-2 tag-events-costa-blanca tag-fiestas-costa-blanca tag-konzerte-costa-blanca tag-kultur-costa-blanca tag-veranstaltungen-costa-blanca-mai tag-veranstaltungskalender-costa-blanca\" role=\"listitem\">\n\t\t\t<div class=\"elementor-post__card\">\n\t\t\t\t<a class=\"elementor-post__thumbnail__link\" href=\"https:\/\/costablanca-magazin.com\/nb\/freizeit\/veranstaltungen-events\/veranstaltungen-un-events-an-der-costa-blanca-mai-2026\/\" tabindex=\"-1\" ><div class=\"elementor-post__thumbnail\"><img decoding=\"async\" width=\"300\" height=\"169\" src=\"https:\/\/costablanca-magazin.com\/wp-content\/uploads\/2026\/05\/AdobeStock_296419932-300x169.jpeg\" class=\"attachment-medium size-medium wp-image-11485\" alt=\"Arrangementer Costa Blanca - mai 2026\" srcset=\"https:\/\/costablanca-magazin.com\/wp-content\/uploads\/2026\/05\/AdobeStock_296419932-300x169.jpeg 300w, https:\/\/costablanca-magazin.com\/wp-content\/uploads\/2026\/05\/AdobeStock_296419932-1024x576.jpeg 1024w, https:\/\/costablanca-magazin.com\/wp-content\/uploads\/2026\/05\/AdobeStock_296419932-768x432.jpeg 768w, https:\/\/costablanca-magazin.com\/wp-content\/uploads\/2026\/05\/AdobeStock_296419932-1536x864.jpeg 1536w, https:\/\/costablanca-magazin.com\/wp-content\/uploads\/2026\/05\/AdobeStock_296419932-2048x1152.jpeg 2048w, https:\/\/costablanca-magazin.com\/wp-content\/uploads\/2026\/05\/AdobeStock_296419932-18x10.jpeg 18w\" sizes=\"(max-width: 300px) 100vw, 300px\" \/><\/div><\/a>\n\t\t\t\t<div class=\"elementor-post__text\">\n\t\t\t\t<h3 class=\"elementor-post__title\">\n\t\t\t<a href=\"https:\/\/costablanca-magazin.com\/nb\/freizeit\/veranstaltungen-events\/veranstaltungen-un-events-an-der-costa-blanca-mai-2026\/\" >\n\t\t\t\tArrangementer p\u00e5 Costa Blanca - mai 2026\t\t\t<\/a>\n\t\t<\/h3>\n\t\t\t\t<\/div>\n\t\t\t\t\t<\/div>\n\t\t<\/article>\n\t\t\t\t<article class=\"elementor-post elementor-grid-item post-11423 post type-post status-publish format-standard has-post-thumbnail hentry category-veranstaltungen-events tag-fiestas-costa-blanca-2026 tag-moros-y-cristianos-benidorm tag-moros-y-cristianos-costa-blanca-2026 tag-moros-y-cristianos-denia tag-moros-y-cristianos-termine-2026 tag-moros-y-cristianos-villajoyosa\" role=\"listitem\">\n\t\t\t<div class=\"elementor-post__card\">\n\t\t\t\t<a class=\"elementor-post__thumbnail__link\" href=\"https:\/\/costablanca-magazin.com\/nb\/freizeit\/veranstaltungen-events\/moros-y-cristianos-costa-blanca-2026-termine-und-feste\/\" tabindex=\"-1\" ><div class=\"elementor-post__thumbnail\"><img decoding=\"async\" width=\"300\" height=\"135\" src=\"https:\/\/costablanca-magazin.com\/wp-content\/uploads\/2025\/09\/calpe-moros-300x135.jpg\" class=\"attachment-medium size-medium wp-image-8738\" alt=\"calpe moros y cristianos\" srcset=\"https:\/\/costablanca-magazin.com\/wp-content\/uploads\/2025\/09\/calpe-moros-300x135.jpg 300w, https:\/\/costablanca-magazin.com\/wp-content\/uploads\/2025\/09\/calpe-moros-1024x460.jpg 1024w, https:\/\/costablanca-magazin.com\/wp-content\/uploads\/2025\/09\/calpe-moros-768x345.jpg 768w, https:\/\/costablanca-magazin.com\/wp-content\/uploads\/2025\/09\/calpe-moros.jpg 1200w\" sizes=\"(max-width: 300px) 100vw, 300px\" \/><\/div><\/a>\n\t\t\t\t<div class=\"elementor-post__text\">\n\t\t\t\t<h3 class=\"elementor-post__title\">\n\t\t\t<a href=\"https:\/\/costablanca-magazin.com\/nb\/freizeit\/veranstaltungen-events\/moros-y-cristianos-costa-blanca-2026-termine-und-feste\/\" >\n\t\t\t\tMoros y Cristianos Costa Blanca 2026 - Datoer og festligheter\t\t\t<\/a>\n\t\t<\/h3>\n\t\t\t\t<\/div>\n\t\t\t\t\t<\/div>\n\t\t<\/article>\n\t\t\t\t<article class=\"elementor-post elementor-grid-item post-11405 post type-post status-publish format-standard has-post-thumbnail hentry category-news-politik tag-airlines-spanien tag-fluege-alicante tag-fluege-valencia tag-iran-konflikt-flugpreise tag-jet-fuel-spanien tag-kerosinpreise-europa\" role=\"listitem\">\n\t\t\t<div class=\"elementor-post__card\">\n\t\t\t\t<a class=\"elementor-post__thumbnail__link\" href=\"https:\/\/costablanca-magazin.com\/nb\/lokales\/news-politik\/iran-konflikt-und-flugpreise-was-alicante-und-valencia-wirklich-erwartet\/\" tabindex=\"-1\" ><div class=\"elementor-post__thumbnail\"><img loading=\"lazy\" decoding=\"async\" width=\"300\" height=\"227\" src=\"https:\/\/costablanca-magazin.com\/wp-content\/uploads\/2026\/04\/die-inselzeitung-mallorca-255-300x227.jpg\" class=\"attachment-medium size-medium wp-image-11406\" alt=\"Iran-konflikten og flyprisene: Hva som egentlig venter Alicante og Valencia\" srcset=\"https:\/\/costablanca-magazin.com\/wp-content\/uploads\/2026\/04\/die-inselzeitung-mallorca-255-300x227.jpg 300w, https:\/\/costablanca-magazin.com\/wp-content\/uploads\/2026\/04\/die-inselzeitung-mallorca-255-1024x776.jpg 1024w, https:\/\/costablanca-magazin.com\/wp-content\/uploads\/2026\/04\/die-inselzeitung-mallorca-255-768x582.jpg 768w, https:\/\/costablanca-magazin.com\/wp-content\/uploads\/2026\/04\/die-inselzeitung-mallorca-255-1536x1164.jpg 1536w, https:\/\/costablanca-magazin.com\/wp-content\/uploads\/2026\/04\/die-inselzeitung-mallorca-255-2048x1552.jpg 2048w, https:\/\/costablanca-magazin.com\/wp-content\/uploads\/2026\/04\/die-inselzeitung-mallorca-255-16x12.jpg 16w\" sizes=\"(max-width: 300px) 100vw, 300px\" \/><\/div><\/a>\n\t\t\t\t<div class=\"elementor-post__text\">\n\t\t\t\t<h3 class=\"elementor-post__title\">\n\t\t\t<a href=\"https:\/\/costablanca-magazin.com\/nb\/lokales\/news-politik\/iran-konflikt-und-flugpreise-was-alicante-und-valencia-wirklich-erwartet\/\" >\n\t\t\t\tIran-konflikten og flyprisene: Hva som egentlig venter Alicante og Valencia\t\t\t<\/a>\n\t\t<\/h3>\n\t\t\t\t<\/div>\n\t\t\t\t\t<\/div>\n\t\t<\/article>\n\t\t\t\t<article class=\"elementor-post elementor-grid-item post-11389 post type-post status-publish format-standard has-post-thumbnail hentry category-leben-in-spanien tag-antrag-pflege-spanien tag-comunitat-valenciana-pflege tag-dependencia-costa-blanca tag-pflege-costa-blanca tag-pflegegrad-spanien tag-pflegehilfe-alicante\" role=\"listitem\">\n\t\t\t<div class=\"elementor-post__card\">\n\t\t\t\t<a class=\"elementor-post__thumbnail__link\" href=\"https:\/\/costablanca-magazin.com\/nb\/residenten\/leben-in-spanien\/pflege-an-der-costa-blanca-leistungen-antrag-und-hilfe\/\" tabindex=\"-1\" ><div class=\"elementor-post__thumbnail\"><img loading=\"lazy\" decoding=\"async\" width=\"300\" height=\"100\" src=\"https:\/\/costablanca-magazin.com\/wp-content\/uploads\/2026\/04\/AdobeStock_210113313-300x100.jpeg\" class=\"attachment-medium size-medium wp-image-11390\" alt=\"N\u00e5r omsorg plutselig blir et problem p\u00e5 Costa Blanca\" srcset=\"https:\/\/costablanca-magazin.com\/wp-content\/uploads\/2026\/04\/AdobeStock_210113313-300x100.jpeg 300w, https:\/\/costablanca-magazin.com\/wp-content\/uploads\/2026\/04\/AdobeStock_210113313-1024x341.jpeg 1024w, https:\/\/costablanca-magazin.com\/wp-content\/uploads\/2026\/04\/AdobeStock_210113313-768x256.jpeg 768w, https:\/\/costablanca-magazin.com\/wp-content\/uploads\/2026\/04\/AdobeStock_210113313-1536x512.jpeg 1536w, https:\/\/costablanca-magazin.com\/wp-content\/uploads\/2026\/04\/AdobeStock_210113313-2048x682.jpeg 2048w, https:\/\/costablanca-magazin.com\/wp-content\/uploads\/2026\/04\/AdobeStock_210113313-18x6.jpeg 18w\" sizes=\"(max-width: 300px) 100vw, 300px\" \/><\/div><\/a>\n\t\t\t\t<div class=\"elementor-post__text\">\n\t\t\t\t<h3 class=\"elementor-post__title\">\n\t\t\t<a href=\"https:\/\/costablanca-magazin.com\/nb\/residenten\/leben-in-spanien\/pflege-an-der-costa-blanca-leistungen-antrag-und-hilfe\/\" >\n\t\t\t\tOmsorg p\u00e5 Costa Blanca - fordeler, s\u00f8knad og assistanse\t\t\t<\/a>\n\t\t<\/h3>\n\t\t\t\t<\/div>\n\t\t\t\t\t<\/div>\n\t\t<\/article>\n\t\t\t\t<\/div>\n\t\t\n\t\t\t\t\t\t<\/div>\n\t\t\t\t<\/div>\n\t\t\t\t\t<\/div>\n\t\t\t\t<\/div>\n\t\t\t\t<\/div>","protected":false},"excerpt":{"rendered":"<p>Residenzstatus an der Costa Blanca: Anmeldung, Prozess und wichtige Aspekte Spaniens sonnenverw\u00f6hnte Costa Blanca zieht jedes Jahr zahlreiche Expats an, die sich entschlie\u00dfen, sich dauerhaft<\/p>","protected":false},"author":1,"featured_media":271,"comment_status":"closed","ping_status":"closed","sticky":false,"template":"elementor_header_footer","format":"standard","meta":{"om_disable_all_campaigns":false,"_monsterinsights_skip_tracking":false,"_monsterinsights_sitenote_active":false,"_monsterinsights_sitenote_note":"","_monsterinsights_sitenote_category":0,"footnotes":""},"categories":[15],"tags":[48,85,47],"class_list":["post-270","post","type-post","status-publish","format-standard","has-post-thumbnail","hentry","category-leben-in-spanien","tag-residencia-beantragen","tag-residencia-costablanca","tag-residencia-spanien"],"aioseo_notices":[],"_links":{"self":[{"href":"https:\/\/costablanca-magazin.com\/nb\/wp-json\/wp\/v2\/posts\/270","targetHints":{"allow":["GET"]}}],"collection":[{"href":"https:\/\/costablanca-magazin.com\/nb\/wp-json\/wp\/v2\/posts"}],"about":[{"href":"https:\/\/costablanca-magazin.com\/nb\/wp-json\/wp\/v2\/types\/post"}],"author":[{"embeddable":true,"href":"https:\/\/costablanca-magazin.com\/nb\/wp-json\/wp\/v2\/users\/1"}],"replies":[{"embeddable":true,"href":"https:\/\/costablanca-magazin.com\/nb\/wp-json\/wp\/v2\/comments?post=270"}],"version-history":[{"count":13,"href":"https:\/\/costablanca-magazin.com\/nb\/wp-json\/wp\/v2\/posts\/270\/revisions"}],"predecessor-version":[{"id":6666,"href":"https:\/\/costablanca-magazin.com\/nb\/wp-json\/wp\/v2\/posts\/270\/revisions\/6666"}],"wp:featuredmedia":[{"embeddable":true,"href":"https:\/\/costablanca-magazin.com\/nb\/wp-json\/wp\/v2\/media\/271"}],"wp:attachment":[{"href":"https:\/\/costablanca-magazin.com\/nb\/wp-json\/wp\/v2\/media?parent=270"}],"wp:term":[{"taxonomy":"category","embeddable":true,"href":"https:\/\/costablanca-magazin.com\/nb\/wp-json\/wp\/v2\/categories?post=270"},{"taxonomy":"post_tag","embeddable":true,"href":"https:\/\/costablanca-magazin.com\/nb\/wp-json\/wp\/v2\/tags?post=270"}],"curies":[{"name":"wp","href":"https:\/\/api.w.org\/{rel}","templated":true}]}}