{"id":1918,"date":"2024-09-12T11:19:03","date_gmt":"2024-09-12T09:19:03","guid":{"rendered":"https:\/\/costablanca-magazin.com\/?p=1918"},"modified":"2025-07-08T05:44:44","modified_gmt":"2025-07-08T03:44:44","slug":"avfallshandtering-slik-sorterer-du-riktig","status":"publish","type":"post","link":"https:\/\/costablanca-magazin.com\/nb\/residenten\/leben-in-spanien\/muellentsorgung-so-trennen-sie-richtig\/","title":{"rendered":"Avfallsh\u00e5ndtering: Slik sorterer du avfallet riktig"},"content":{"rendered":"<div data-elementor-type=\"wp-post\" data-elementor-id=\"1918\" class=\"elementor elementor-1918\" data-elementor-post-type=\"post\">\n\t\t\t\t<div class=\"elementor-element elementor-element-bfa578f e-flex e-con-boxed e-con e-parent\" data-id=\"bfa578f\" data-element_type=\"container\" data-e-type=\"container\">\n\t\t\t\t\t<div class=\"e-con-inner\">\n\t\t\t\t<div class=\"elementor-element elementor-element-34739eb elementor-widget elementor-widget-heading\" data-id=\"34739eb\" data-element_type=\"widget\" data-e-type=\"widget\" data-widget_type=\"heading.default\">\n\t\t\t\t<div class=\"elementor-widget-container\">\n\t\t\t\t\t<h1 class=\"elementor-heading-title elementor-size-default\">Avfallsh\u00e5ndtering: Slik sorterer du avfallet riktig<\/h1>\t\t\t\t<\/div>\n\t\t\t\t<\/div>\n\t\t\t\t<div class=\"elementor-element elementor-element-1b22905 elementor-widget elementor-widget-heading\" data-id=\"1b22905\" data-element_type=\"widget\" data-e-type=\"widget\" data-widget_type=\"heading.default\">\n\t\t\t\t<div class=\"elementor-widget-container\">\n\t\t\t\t\t<h2 class=\"elementor-heading-title elementor-size-default\">De fleste vet hvordan avfallssortering fungerer \u2013 men hvis du likevel er usikker, finner du her noen nyttige tips for ren og respektfull avfallsh\u00e5ndtering.<\/h2>\t\t\t\t<\/div>\n\t\t\t\t<\/div>\n\t\t\t\t\t<\/div>\n\t\t\t\t<\/div>\n\t\t<div class=\"elementor-element elementor-element-4b1f28f e-flex e-con-boxed e-con e-parent\" data-id=\"4b1f28f\" data-element_type=\"container\" data-e-type=\"container\">\n\t\t\t\t\t<div class=\"e-con-inner\">\n\t\t<div class=\"elementor-element elementor-element-df67ab8 e-con-full e-flex e-con e-child\" data-id=\"df67ab8\" data-element_type=\"container\" data-e-type=\"container\">\n\t\t\t\t<div class=\"elementor-element elementor-element-8bf62a9 elementor-widget elementor-widget-text-editor\" data-id=\"8bf62a9\" data-element_type=\"widget\" data-e-type=\"widget\" data-widget_type=\"text-editor.default\">\n\t\t\t\t<div class=\"elementor-widget-container\">\n\t\t\t\t\t\t\t\t\t<p>Det f\u00f8rste man legger merke til, er uflidde, overfylte og s\u00f8ppelete s\u00f8ppelcontainere. Men et rent milj\u00f8 er ikke bare et tegn p\u00e5 respekt for naturen, men ogs\u00e5 for v\u00e5re medmennesker. I regionene Marina Alta og Marina Baja blir det derfor lagt s\u00e6rlig vekt p\u00e5 korrekt avfallsh\u00e5ndtering \u2013 og det med god grunn. De som ikke kvitter seg med avfallet sitt p\u00e5 riktig m\u00e5te, risikerer ikke bare d\u00e5rlig samvittighet, men ogs\u00e5 h\u00f8ye b\u00f8ter. Kommunen Alfaz del Pi har nylig \u00f8kt b\u00f8tene for feil eller ulovlig dumping av s\u00f8ppel til opptil 3001 euro. M\u00e5let er \u00e5 sikre at b\u00e5de innbyggere og bes\u00f8kende tar sitt ansvar og bevarer skj\u00f8nnheten i denne kystregionen. Denne artikkelen gir deg tips om hvordan du sorterer s\u00f8ppelet ditt riktig og hva du m\u00e5 v\u00e6re oppmerksom p\u00e5 n\u00e5r du kvitter deg med hageavfall, gamle m\u00f8bler og andre spesielle tilfeller.<\/p><p><strong>Riktig avfallssortering<\/strong><br \/>I de lokale kommunene blir avfallet sortert i ulike kategorier, slik det gj\u00f8res i nesten hele Europa. <br \/>\u2022 Restavfall (gr\u00e5 eller gr\u00f8nne containere):<br \/>Her h\u00f8rer alt som ikke kan resirkuleres hjemme, som hygieneprodukter, bleier og skittent emballasje.<br \/>\u2022 Bioavfall (brune containere):<br \/>Organisk avfall som matrester, frukt- og gr\u00f8nnsaksskall, kaffegrut og teblader skal kastes i disse beholderne. Unng\u00e5 \u00e5 legge plastposer eller andre ikke-organiske materialer i beholderne.<br \/>\u2022 Papir og papp (bl\u00e5 containere):<br \/>Papir, papp og kartong skal kastes i de bl\u00e5 containerne. Pass p\u00e5 at disse materialene er rene og t\u00f8rre.<br \/>\u2022 Plast og metall (gule containere):<br \/>Plastflasker, bokser, tetrapakker og annen emballasje av plast eller metall skal kastes i gule containere. Disse b\u00f8r skylles ut f\u00f8r de kastes.<br \/>\u2022 Glass (gr\u00f8nne containere med liten \u00e5pning):<br \/>Glassflasker og glassbeholdere skal kastes i de tiltenkte containerne. Fjern lokk eller korker f\u00f8r avfallsh\u00e5ndtering.<\/p><p>I tillegg til husholdningsavfall finnes det spesialavfall som ikke kan kastes i vanlige s\u00f8ppelcontainere. Dette inkluderer hageavfall, gamle m\u00f8bler og elektriske apparater.<\/p>\t\t\t\t\t\t\t\t<\/div>\n\t\t\t\t<\/div>\n\t\t\t\t<div class=\"elementor-element elementor-element-bd21bc7 elementor-widget elementor-widget-heading\" data-id=\"bd21bc7\" data-element_type=\"widget\" data-e-type=\"widget\" data-widget_type=\"heading.default\">\n\t\t\t\t<div class=\"elementor-widget-container\">\n\t\t\t\t\t<h3 class=\"elementor-heading-title elementor-size-default\">Viktig Punto Limpio \/ ECOPARQUE<\/h3>\t\t\t\t<\/div>\n\t\t\t\t<\/div>\n\t\t\t\t<\/div>\n\t\t<div class=\"elementor-element elementor-element-1c273af e-con-full e-flex e-con e-child\" data-id=\"1c273af\" data-element_type=\"container\" data-e-type=\"container\">\n\t\t\t\t<div class=\"elementor-element elementor-element-aa59460 elementor-widget elementor-widget-text-editor\" data-id=\"aa59460\" data-element_type=\"widget\" data-e-type=\"widget\" data-widget_type=\"text-editor.default\">\n\t\t\t\t<div class=\"elementor-widget-container\">\n\t\t\t\t\t\t\t\t\t<p><strong>hageavfall<\/strong><br \/>Hageavfall som klipp, l\u00f8v, grener og gress h\u00f8rer ikke hjemme i vanlige s\u00f8ppelcontainere. Mange kommuner tilbyr spesielle hentetjenester for hageavfall. Dette avfallet kan ogs\u00e5 leveres direkte til en Punto Limpio \/ ECOPARQUE. I noen kommuner finnes det til og med spesielle containere for gr\u00f8ntavfall som settes ut p\u00e5 bestemte tidspunkter.<\/p><p><strong>Gamle m\u00f8bler og grovs\u00f8ppel<\/strong><br \/>Stort avfall som gamle m\u00f8bler, madrasser eller store husholdningsartikler m\u00e5 ikke kastes i vanlige s\u00f8ppelcontainere. I stedet kan du benytte deg av kommunens hentetjeneste eller bringe gjenstandene direkte til en Punto Limpio \/ ECOPARQUE. Det anbefales \u00e5 kontakte kommunen f\u00f8r avfallet kastes for \u00e5 koordinere hentetjenesten.<br \/><strong>elektronisk avfall<\/strong><br \/>Elektroskrot som gamle TV-apparater, kj\u00f8leskap eller datamaskiner m\u00e5 ogs\u00e5 kastes separat. Mange kommuner tilbyr hentetjenester for elektroskrot. Alternativt kan disse gjenstandene leveres til en Punto Limpio \/ ECOPARQUE.<\/p><p><strong>Viktig informasjon for husholdninger<\/strong><br \/>Rengj\u00f8ring av avfall: Emballasje og beholdere b\u00f8r rengj\u00f8res grundig f\u00f8r avhending for \u00e5 unng\u00e5 forurensning og for \u00e5 st\u00f8tte resirkuleringsprosessene.<br \/>Ikke blandet avfall: Det er avgj\u00f8rende at de ulike avfallstypene ikke blandes. Feil sortering kan ha stor innvirkning p\u00e5 gjenvinningsgraden.<br \/>Avfallsh\u00e5ndtering p\u00e5 helligdager: V\u00e6r oppmerksom p\u00e5 at avfallsh\u00e5ndteringen kan v\u00e6re begrenset p\u00e5 helligdager. Kontakt kommunen for \u00e5 f\u00e5 informasjon om de n\u00f8yaktige hentetidene.<br \/>S\u00f8ppelsortering er kanskje ikke det mest spennende temaet, men et lite bidrag fra hver og en av oss gj\u00f8r ikke bare omgivelsene vakrere, men ogs\u00e5 mer livlige. Og la oss v\u00e6re \u00e6rlige: Hvem vil risikere \u00e5 f\u00e5 en saftig bot for \u00e5 ha kastet en flaske p\u00e5 en uforsiktig m\u00e5te? Det er bedre \u00e5 v\u00e6re p\u00e5 den sikre siden og nyte solen uten \u00e5 m\u00e5tte bekymre seg for s\u00f8ppel! <\/p><p>\u00a0<\/p>\t\t\t\t\t\t\t\t<\/div>\n\t\t\t\t<\/div>\n\t\t\t\t<\/div>\n\t\t\t\t\t<\/div>\n\t\t\t\t<\/div>\n\t\t<div class=\"elementor-element elementor-element-4f89a8e e-flex e-con-boxed e-con e-parent\" data-id=\"4f89a8e\" data-element_type=\"container\" data-e-type=\"container\">\n\t\t\t\t\t<div class=\"e-con-inner\">\n\t\t<div class=\"elementor-element elementor-element-06c4592 e-con-full e-flex e-con e-child\" data-id=\"06c4592\" data-element_type=\"container\" data-e-type=\"container\">\n\t\t\t\t<div class=\"elementor-element elementor-element-6b25030 elementor-widget elementor-widget-text-editor\" data-id=\"6b25030\" data-element_type=\"widget\" data-e-type=\"widget\" data-widget_type=\"text-editor.default\">\n\t\t\t\t<div class=\"elementor-widget-container\">\n\t\t\t\t\t\t\t\t\t<p><strong>Marina Alta:<\/strong><\/p><pre><br \/>Punto Limpio \/ ECOPARQUE <strong>D\u00e9nia<\/strong><br \/>Partida Madrigueres Sud, s\/n, 03700 D\u00e9nia<br \/>Man.-fre. 8:00-18:00, l\u00f8r. 9:00-13:00<br \/><br \/>Punto Limpio \/ ECOPARQUE <strong>X\u00e0bia (J\u00e1vea)<\/strong><br \/>Carrer Garcilaso de la Vega, 4, 03730 X\u00e0bia<br \/>Man.-fre. 9:00-13:00, l\u00f8r. 9:00-14:00<br \/><br \/>Punto Limpio \/ ECOPARQUE<strong> Calp (Calpe)<\/strong><br \/>Calle Eslovenia, 10, 03710 Calp<br \/>Man.-fre. 8:00-18:00, l\u00f8r. 9:00-14:00<br \/><br \/>Punto Limpio \/ ECOPARQUE <strong>Benissa<\/strong><br \/>Avenida Pa\u00eds Valenci\u00e0, 237, 03720 Benissa<br \/>Man.-fre. 9:00-13:00, l\u00f8r. 9:00-14:00<br \/><br \/>Punto Limpio \/ ECOPARQUE <strong>Teulada-Moraira<\/strong><br \/>Partida Canor, 03724 Teulada<br \/>Man.-fre. 9:00-13:00, l\u00f8r. 9:00-14:00<\/pre>\t\t\t\t\t\t\t\t<\/div>\n\t\t\t\t<\/div>\n\t\t\t\t<\/div>\n\t\t<div class=\"elementor-element elementor-element-4e18bea e-con-full e-flex e-con e-child\" data-id=\"4e18bea\" data-element_type=\"container\" data-e-type=\"container\">\n\t\t\t\t<div class=\"elementor-element elementor-element-cfd9cc5 elementor-widget elementor-widget-text-editor\" data-id=\"cfd9cc5\" data-element_type=\"widget\" data-e-type=\"widget\" data-widget_type=\"text-editor.default\">\n\t\t\t\t<div class=\"elementor-widget-container\">\n\t\t\t\t\t\t\t\t\t<p><strong>Marina Baja:<\/strong><\/p><pre><br \/>Punto Limpio \/ ECOPARQUE <strong>Benidorm<\/strong><br \/>Calle de Polop, s\/n, 03502 Benidorm<br \/>Man.-fre. 8:00-18:00, l\u00f8r. 9:00-13:00<br \/><br \/><br \/>Punto Limpio \/ ECOPARQUE <strong>Altea<\/strong><br \/>Partida Les Quintanes, s\/n, 03590 Altea<br \/>Man.-fre. 9:00-14:00, l\u00f8r. 9:00-13:00<br \/><br \/><br \/>Punto Limpio \/ ECOPARQUE <strong>La Nuc\u00eda<\/strong><br \/>Carrer Serra Gelada, 35, 03530 La Nuc\u00eda<br \/>Man.-fre. 8:00-18:00, l\u00f8r. 9:00-14:00<br \/><br \/><br \/>Punto Limpio \/ ECOPARQUE <strong>Villajoyosa<\/strong><br \/>Calle Gregal, s\/n, 03570 Villajoyosa<br \/>Man.-fre. 9:00-14:00, l\u00f8r. 9:00-13:00<br \/><br \/><br \/>Punto Limpio \/ ECOPARQUE<strong> Finestrat<\/strong><br \/>Pol\u00edgono Industrial, 03509 Finestrat, Alicante<br \/>Man.-fre. 8:00-18:00, l\u00f8r. 9:00-14:00<br \/><br \/><br \/>Punto Limpio \/ ECOPARQUE <strong>Alfaz del Pi\/Albir<\/strong><br \/>Carretera CV-763, Km 2, 03580 Alfaz del Pi<br \/>Man.-fre. 8:00-18:00, l\u00f8r. 9:00-14:00<\/pre>\t\t\t\t\t\t\t\t<\/div>\n\t\t\t\t<\/div>\n\t\t\t\t<\/div>\n\t\t\t\t\t<\/div>\n\t\t\t\t<\/div>\n\t\t<div class=\"elementor-element elementor-element-200e12d e-flex e-con-boxed e-con e-parent\" data-id=\"200e12d\" data-element_type=\"container\" data-e-type=\"container\">\n\t\t\t\t\t<div class=\"e-con-inner\">\n\t\t\t\t<div class=\"elementor-element elementor-element-3ff1c1a elementor-widget elementor-widget-text-editor\" data-id=\"3ff1c1a\" data-element_type=\"widget\" data-e-type=\"widget\" data-widget_type=\"text-editor.default\">\n\t\t\t\t<div class=\"elementor-widget-container\">\n\t\t\t\t\t\t\t\t\t<p><strong>Hentetjeneste og kontaktmuligheter<\/strong><br \/>Mange kommuner i Marina Alta og Marina Baja tilbyr spesielle hentetjenester for grovavfall, hageavfall og elektronisk avfall. Denne tjenesten er ofte gratis, men m\u00e5 bestilles p\u00e5 forh\u00e5nd.<\/p><p><strong>D\u00e9nia<\/strong>: +34 965 78 00 00 Henting av grovavfall og elektronisk avfall p\u00e5 foresp\u00f8rsel.<br \/><strong>X\u00e0bia (J\u00e1vea)<\/strong>: +34 965 79 05 00 Regelmessig henting av hageavfall og grovavfall etter forh\u00e5ndsmelding.<br \/><strong>Benidorm<\/strong>: +34 966 81 00 00 Henting av store husholdningsartikler og hageavfall etter avtale.<br \/><strong>Alfaz del Pi\/Albir<\/strong>: +34 965 88 31 34Henting av hageavfall og grovavfall p\u00e5 foresp\u00f8rsel, i tillegg er det spesielle innsamlingsdatoer for elektriske apparater.<\/p>\t\t\t\t\t\t\t\t<\/div>\n\t\t\t\t<\/div>\n\t\t\t\t\t<\/div>\n\t\t\t\t<\/div>\n\t\t<div class=\"elementor-element elementor-element-328b623 e-flex e-con-boxed e-con e-parent\" data-id=\"328b623\" data-element_type=\"container\" data-e-type=\"container\">\n\t\t\t\t\t<div class=\"e-con-inner\">\n\t\t<div class=\"elementor-element elementor-element-a819655 e-con-full e-flex e-con e-child\" data-id=\"a819655\" data-element_type=\"container\" data-e-type=\"container\">\n\t\t\t\t<div class=\"elementor-element elementor-element-b71d25e elementor-widget elementor-widget-spacer\" data-id=\"b71d25e\" data-element_type=\"widget\" data-e-type=\"widget\" data-widget_type=\"spacer.default\">\n\t\t\t\t<div class=\"elementor-widget-container\">\n\t\t\t\t\t\t\t<div class=\"elementor-spacer\">\n\t\t\t<div class=\"elementor-spacer-inner\"><\/div>\n\t\t<\/div>\n\t\t\t\t\t\t<\/div>\n\t\t\t\t<\/div>\n\t\t\t\t<div class=\"elementor-element elementor-element-08ecadf elementor-widget elementor-widget-text-editor\" data-id=\"08ecadf\" data-element_type=\"widget\" data-e-type=\"widget\" data-widget_type=\"text-editor.default\">\n\t\t\t\t<div class=\"elementor-widget-container\">\n\t\t\t\t\t\t\t\t\t<p><em><strong>S\u00f8ppelsortering viser respekt <\/strong><\/em><br \/><em><strong>overfor milj\u00f8et v\u00e5rt <\/strong><\/em><br \/><em><strong>og samfunnet.<\/strong><\/em><\/p><p><em><strong>De som bare kaster avfallet sitt <\/strong><\/em><br \/><em><strong>ved siden av containere, <\/strong><\/em><br \/><em><strong>skader ikke bare naturen, <\/strong><\/em><br \/><em><strong>men belaster ogs\u00e5 <\/strong><\/em><br \/><em><strong>sine medmennesker. <\/strong><\/em><br \/><em><strong>Sammen s\u00f8rger vi for <\/strong><\/em><br \/><em><strong>med ansvarlig <\/strong><\/em><br \/><em><strong>Handle for et rent og livskraftig milj\u00f8!<\/strong><\/em><\/p>\t\t\t\t\t\t\t\t<\/div>\n\t\t\t\t<\/div>\n\t\t\t\t<\/div>\n\t\t<div class=\"elementor-element elementor-element-cd9da5a e-con-full e-flex e-con e-child\" data-id=\"cd9da5a\" data-element_type=\"container\" data-e-type=\"container\">\n\t\t\t\t<div class=\"elementor-element elementor-element-b26e032 elementor-widget elementor-widget-image\" data-id=\"b26e032\" data-element_type=\"widget\" data-e-type=\"widget\" data-widget_type=\"image.default\">\n\t\t\t\t<div class=\"elementor-widget-container\">\n\t\t\t\t\t\t\t\t\t\t\t\t\t\t\t<img fetchpriority=\"high\" decoding=\"async\" width=\"800\" height=\"600\" src=\"https:\/\/costablanca-magazin.com\/wp-content\/uploads\/2024\/09\/20240908_105022-1024x768.jpg\" class=\"attachment-large size-large wp-image-1921\" alt=\"costablanca mallorca 176\" srcset=\"https:\/\/costablanca-magazin.com\/wp-content\/uploads\/2024\/09\/20240908_105022-1024x768.jpg 1024w, https:\/\/costablanca-magazin.com\/wp-content\/uploads\/2024\/09\/20240908_105022-300x225.jpg 300w, https:\/\/costablanca-magazin.com\/wp-content\/uploads\/2024\/09\/20240908_105022-768x576.jpg 768w, https:\/\/costablanca-magazin.com\/wp-content\/uploads\/2024\/09\/20240908_105022-1536x1152.jpg 1536w, https:\/\/costablanca-magazin.com\/wp-content\/uploads\/2024\/09\/20240908_105022-2048x1536.jpg 2048w\" sizes=\"(max-width: 800px) 100vw, 800px\" \/>\t\t\t\t\t\t\t\t\t\t\t\t\t\t\t<\/div>\n\t\t\t\t<\/div>\n\t\t\t\t<\/div>\n\t\t\t\t\t<\/div>\n\t\t\t\t<\/div>\n\t\t<div class=\"elementor-element elementor-element-86ba80c e-flex e-con-boxed e-con e-parent\" data-id=\"86ba80c\" data-element_type=\"container\" data-e-type=\"container\">\n\t\t\t\t\t<div class=\"e-con-inner\">\n\t\t\t\t<div class=\"elementor-element elementor-element-2e2a8f5 elementor-widget elementor-widget-heading\" data-id=\"2e2a8f5\" data-element_type=\"widget\" data-e-type=\"widget\" data-widget_type=\"heading.default\">\n\t\t\t\t<div class=\"elementor-widget-container\">\n\t\t\t\t\t<h4 class=\"elementor-heading-title elementor-size-default\">Dette kan ogs\u00e5 interessere deg<\/h4>\t\t\t\t<\/div>\n\t\t\t\t<\/div>\n\t\t\t\t<div class=\"elementor-element elementor-element-0aa25be elementor-grid-4 elementor-grid-tablet-2 elementor-grid-mobile-1 elementor-posts--thumbnail-top elementor-card-shadow-yes elementor-posts__hover-gradient elementor-widget elementor-widget-posts\" data-id=\"0aa25be\" data-element_type=\"widget\" data-e-type=\"widget\" data-settings=\"{&quot;cards_columns&quot;:&quot;4&quot;,&quot;cards_columns_tablet&quot;:&quot;2&quot;,&quot;cards_columns_mobile&quot;:&quot;1&quot;,&quot;cards_row_gap&quot;:{&quot;unit&quot;:&quot;px&quot;,&quot;size&quot;:35,&quot;sizes&quot;:[]},&quot;cards_row_gap_tablet&quot;:{&quot;unit&quot;:&quot;px&quot;,&quot;size&quot;:&quot;&quot;,&quot;sizes&quot;:[]},&quot;cards_row_gap_mobile&quot;:{&quot;unit&quot;:&quot;px&quot;,&quot;size&quot;:&quot;&quot;,&quot;sizes&quot;:[]}}\" data-widget_type=\"posts.cards\">\n\t\t\t\t<div class=\"elementor-widget-container\">\n\t\t\t\t\t\t\t<div class=\"elementor-posts-container elementor-posts elementor-posts--skin-cards elementor-grid\" role=\"list\">\n\t\t\t\t<article class=\"elementor-post elementor-grid-item post-11484 post type-post status-publish format-standard has-post-thumbnail hentry category-veranstaltungen-events tag-costa-blanca-2 tag-events-costa-blanca tag-fiestas-costa-blanca tag-konzerte-costa-blanca tag-kultur-costa-blanca tag-veranstaltungen-costa-blanca-mai tag-veranstaltungskalender-costa-blanca\" role=\"listitem\">\n\t\t\t<div class=\"elementor-post__card\">\n\t\t\t\t<a class=\"elementor-post__thumbnail__link\" href=\"https:\/\/costablanca-magazin.com\/nb\/freizeit\/veranstaltungen-events\/veranstaltungen-un-events-an-der-costa-blanca-mai-2026\/\" tabindex=\"-1\" ><div class=\"elementor-post__thumbnail\"><img decoding=\"async\" width=\"300\" height=\"169\" src=\"https:\/\/costablanca-magazin.com\/wp-content\/uploads\/2026\/05\/AdobeStock_296419932-300x169.jpeg\" class=\"attachment-medium size-medium wp-image-11485\" alt=\"Arrangementer Costa Blanca - mai 2026\" srcset=\"https:\/\/costablanca-magazin.com\/wp-content\/uploads\/2026\/05\/AdobeStock_296419932-300x169.jpeg 300w, https:\/\/costablanca-magazin.com\/wp-content\/uploads\/2026\/05\/AdobeStock_296419932-1024x576.jpeg 1024w, https:\/\/costablanca-magazin.com\/wp-content\/uploads\/2026\/05\/AdobeStock_296419932-768x432.jpeg 768w, https:\/\/costablanca-magazin.com\/wp-content\/uploads\/2026\/05\/AdobeStock_296419932-1536x864.jpeg 1536w, https:\/\/costablanca-magazin.com\/wp-content\/uploads\/2026\/05\/AdobeStock_296419932-2048x1152.jpeg 2048w, https:\/\/costablanca-magazin.com\/wp-content\/uploads\/2026\/05\/AdobeStock_296419932-18x10.jpeg 18w\" sizes=\"(max-width: 300px) 100vw, 300px\" \/><\/div><\/a>\n\t\t\t\t<div class=\"elementor-post__text\">\n\t\t\t\t<h3 class=\"elementor-post__title\">\n\t\t\t<a href=\"https:\/\/costablanca-magazin.com\/nb\/freizeit\/veranstaltungen-events\/veranstaltungen-un-events-an-der-costa-blanca-mai-2026\/\" >\n\t\t\t\tArrangementer p\u00e5 Costa Blanca - mai 2026\t\t\t<\/a>\n\t\t<\/h3>\n\t\t\t\t<\/div>\n\t\t\t\t\t<\/div>\n\t\t<\/article>\n\t\t\t\t<article class=\"elementor-post elementor-grid-item post-11423 post type-post status-publish format-standard has-post-thumbnail hentry category-veranstaltungen-events tag-fiestas-costa-blanca-2026 tag-moros-y-cristianos-benidorm tag-moros-y-cristianos-costa-blanca-2026 tag-moros-y-cristianos-denia tag-moros-y-cristianos-termine-2026 tag-moros-y-cristianos-villajoyosa\" role=\"listitem\">\n\t\t\t<div class=\"elementor-post__card\">\n\t\t\t\t<a class=\"elementor-post__thumbnail__link\" href=\"https:\/\/costablanca-magazin.com\/nb\/freizeit\/veranstaltungen-events\/moros-y-cristianos-costa-blanca-2026-termine-und-feste\/\" tabindex=\"-1\" ><div class=\"elementor-post__thumbnail\"><img decoding=\"async\" width=\"300\" height=\"135\" src=\"https:\/\/costablanca-magazin.com\/wp-content\/uploads\/2025\/09\/calpe-moros-300x135.jpg\" class=\"attachment-medium size-medium wp-image-8738\" alt=\"calpe moros y cristianos\" srcset=\"https:\/\/costablanca-magazin.com\/wp-content\/uploads\/2025\/09\/calpe-moros-300x135.jpg 300w, https:\/\/costablanca-magazin.com\/wp-content\/uploads\/2025\/09\/calpe-moros-1024x460.jpg 1024w, https:\/\/costablanca-magazin.com\/wp-content\/uploads\/2025\/09\/calpe-moros-768x345.jpg 768w, https:\/\/costablanca-magazin.com\/wp-content\/uploads\/2025\/09\/calpe-moros.jpg 1200w\" sizes=\"(max-width: 300px) 100vw, 300px\" \/><\/div><\/a>\n\t\t\t\t<div class=\"elementor-post__text\">\n\t\t\t\t<h3 class=\"elementor-post__title\">\n\t\t\t<a href=\"https:\/\/costablanca-magazin.com\/nb\/freizeit\/veranstaltungen-events\/moros-y-cristianos-costa-blanca-2026-termine-und-feste\/\" >\n\t\t\t\tMoros y Cristianos Costa Blanca 2026 - Datoer og festligheter\t\t\t<\/a>\n\t\t<\/h3>\n\t\t\t\t<\/div>\n\t\t\t\t\t<\/div>\n\t\t<\/article>\n\t\t\t\t<article class=\"elementor-post elementor-grid-item post-11405 post type-post status-publish format-standard has-post-thumbnail hentry category-news-politik tag-airlines-spanien tag-fluege-alicante tag-fluege-valencia tag-iran-konflikt-flugpreise tag-jet-fuel-spanien tag-kerosinpreise-europa\" role=\"listitem\">\n\t\t\t<div class=\"elementor-post__card\">\n\t\t\t\t<a class=\"elementor-post__thumbnail__link\" href=\"https:\/\/costablanca-magazin.com\/nb\/lokales\/news-politik\/iran-konflikt-und-flugpreise-was-alicante-und-valencia-wirklich-erwartet\/\" tabindex=\"-1\" ><div class=\"elementor-post__thumbnail\"><img loading=\"lazy\" decoding=\"async\" width=\"300\" height=\"227\" src=\"https:\/\/costablanca-magazin.com\/wp-content\/uploads\/2026\/04\/die-inselzeitung-mallorca-255-300x227.jpg\" class=\"attachment-medium size-medium wp-image-11406\" alt=\"Iran-konflikten og flyprisene: Hva som egentlig venter Alicante og Valencia\" srcset=\"https:\/\/costablanca-magazin.com\/wp-content\/uploads\/2026\/04\/die-inselzeitung-mallorca-255-300x227.jpg 300w, https:\/\/costablanca-magazin.com\/wp-content\/uploads\/2026\/04\/die-inselzeitung-mallorca-255-1024x776.jpg 1024w, https:\/\/costablanca-magazin.com\/wp-content\/uploads\/2026\/04\/die-inselzeitung-mallorca-255-768x582.jpg 768w, https:\/\/costablanca-magazin.com\/wp-content\/uploads\/2026\/04\/die-inselzeitung-mallorca-255-1536x1164.jpg 1536w, https:\/\/costablanca-magazin.com\/wp-content\/uploads\/2026\/04\/die-inselzeitung-mallorca-255-2048x1552.jpg 2048w, https:\/\/costablanca-magazin.com\/wp-content\/uploads\/2026\/04\/die-inselzeitung-mallorca-255-16x12.jpg 16w\" sizes=\"(max-width: 300px) 100vw, 300px\" \/><\/div><\/a>\n\t\t\t\t<div class=\"elementor-post__text\">\n\t\t\t\t<h3 class=\"elementor-post__title\">\n\t\t\t<a href=\"https:\/\/costablanca-magazin.com\/nb\/lokales\/news-politik\/iran-konflikt-und-flugpreise-was-alicante-und-valencia-wirklich-erwartet\/\" >\n\t\t\t\tIran-konflikten og flyprisene: Hva som egentlig venter Alicante og Valencia\t\t\t<\/a>\n\t\t<\/h3>\n\t\t\t\t<\/div>\n\t\t\t\t\t<\/div>\n\t\t<\/article>\n\t\t\t\t<article class=\"elementor-post elementor-grid-item post-11389 post type-post status-publish format-standard has-post-thumbnail hentry category-leben-in-spanien tag-antrag-pflege-spanien tag-comunitat-valenciana-pflege tag-dependencia-costa-blanca tag-pflege-costa-blanca tag-pflegegrad-spanien tag-pflegehilfe-alicante\" role=\"listitem\">\n\t\t\t<div class=\"elementor-post__card\">\n\t\t\t\t<a class=\"elementor-post__thumbnail__link\" href=\"https:\/\/costablanca-magazin.com\/nb\/residenten\/leben-in-spanien\/pflege-an-der-costa-blanca-leistungen-antrag-und-hilfe\/\" tabindex=\"-1\" ><div class=\"elementor-post__thumbnail\"><img loading=\"lazy\" decoding=\"async\" width=\"300\" height=\"100\" src=\"https:\/\/costablanca-magazin.com\/wp-content\/uploads\/2026\/04\/AdobeStock_210113313-300x100.jpeg\" class=\"attachment-medium size-medium wp-image-11390\" alt=\"N\u00e5r omsorg plutselig blir et problem p\u00e5 Costa Blanca\" srcset=\"https:\/\/costablanca-magazin.com\/wp-content\/uploads\/2026\/04\/AdobeStock_210113313-300x100.jpeg 300w, https:\/\/costablanca-magazin.com\/wp-content\/uploads\/2026\/04\/AdobeStock_210113313-1024x341.jpeg 1024w, https:\/\/costablanca-magazin.com\/wp-content\/uploads\/2026\/04\/AdobeStock_210113313-768x256.jpeg 768w, https:\/\/costablanca-magazin.com\/wp-content\/uploads\/2026\/04\/AdobeStock_210113313-1536x512.jpeg 1536w, https:\/\/costablanca-magazin.com\/wp-content\/uploads\/2026\/04\/AdobeStock_210113313-2048x682.jpeg 2048w, https:\/\/costablanca-magazin.com\/wp-content\/uploads\/2026\/04\/AdobeStock_210113313-18x6.jpeg 18w\" sizes=\"(max-width: 300px) 100vw, 300px\" \/><\/div><\/a>\n\t\t\t\t<div class=\"elementor-post__text\">\n\t\t\t\t<h3 class=\"elementor-post__title\">\n\t\t\t<a href=\"https:\/\/costablanca-magazin.com\/nb\/residenten\/leben-in-spanien\/pflege-an-der-costa-blanca-leistungen-antrag-und-hilfe\/\" >\n\t\t\t\tOmsorg p\u00e5 Costa Blanca - fordeler, s\u00f8knad og assistanse\t\t\t<\/a>\n\t\t<\/h3>\n\t\t\t\t<\/div>\n\t\t\t\t\t<\/div>\n\t\t<\/article>\n\t\t\t\t<\/div>\n\t\t\n\t\t\t\t\t\t<\/div>\n\t\t\t\t<\/div>\n\t\t\t\t\t<\/div>\n\t\t\t\t<\/div>\n\t\t\t\t<\/div>","protected":false},"excerpt":{"rendered":"<p>M\u00fcllentsorgung: So trennen Sie richtig Die meisten wissen, wie M\u00fclltrennung funktioniert \u2013 aber falls es doch einmal Unsicherheiten gibt, hier ein paar hilfreiche Tipps f\u00fcr<\/p>","protected":false},"author":1,"featured_media":1919,"comment_status":"closed","ping_status":"closed","sticky":false,"template":"elementor_header_footer","format":"standard","meta":{"om_disable_all_campaigns":false,"_monsterinsights_skip_tracking":false,"_monsterinsights_sitenote_active":false,"_monsterinsights_sitenote_note":"","_monsterinsights_sitenote_category":0,"footnotes":""},"categories":[15],"tags":[186,185,184],"class_list":["post-1918","post","type-post","status-publish","format-standard","has-post-thumbnail","hentry","category-leben-in-spanien","tag-adressen-muellentsorgung-costa-blanca","tag-muellentsorgen-costa-blaca","tag-muelltrennung"],"aioseo_notices":[],"_links":{"self":[{"href":"https:\/\/costablanca-magazin.com\/nb\/wp-json\/wp\/v2\/posts\/1918","targetHints":{"allow":["GET"]}}],"collection":[{"href":"https:\/\/costablanca-magazin.com\/nb\/wp-json\/wp\/v2\/posts"}],"about":[{"href":"https:\/\/costablanca-magazin.com\/nb\/wp-json\/wp\/v2\/types\/post"}],"author":[{"embeddable":true,"href":"https:\/\/costablanca-magazin.com\/nb\/wp-json\/wp\/v2\/users\/1"}],"replies":[{"embeddable":true,"href":"https:\/\/costablanca-magazin.com\/nb\/wp-json\/wp\/v2\/comments?post=1918"}],"version-history":[{"count":16,"href":"https:\/\/costablanca-magazin.com\/nb\/wp-json\/wp\/v2\/posts\/1918\/revisions"}],"predecessor-version":[{"id":6168,"href":"https:\/\/costablanca-magazin.com\/nb\/wp-json\/wp\/v2\/posts\/1918\/revisions\/6168"}],"wp:featuredmedia":[{"embeddable":true,"href":"https:\/\/costablanca-magazin.com\/nb\/wp-json\/wp\/v2\/media\/1919"}],"wp:attachment":[{"href":"https:\/\/costablanca-magazin.com\/nb\/wp-json\/wp\/v2\/media?parent=1918"}],"wp:term":[{"taxonomy":"category","embeddable":true,"href":"https:\/\/costablanca-magazin.com\/nb\/wp-json\/wp\/v2\/categories?post=1918"},{"taxonomy":"post_tag","embeddable":true,"href":"https:\/\/costablanca-magazin.com\/nb\/wp-json\/wp\/v2\/tags?post=1918"}],"curies":[{"name":"wp","href":"https:\/\/api.w.org\/{rel}","templated":true}]}}