{"id":11880,"date":"2026-07-17T11:40:00","date_gmt":"2026-07-17T09:40:00","guid":{"rendered":"https:\/\/costablanca-magazin.com\/?p=11880"},"modified":"2026-07-17T11:39:17","modified_gmt":"2026-07-17T09:39:17","slug":"spania-i-vm-finalen-der-costa-blanca-feirer-la-furia-roja-pa-storskjerm","status":"publish","type":"post","link":"https:\/\/costablanca-magazin.com\/nb\/lokales\/infos\/spanien-im-wm-finale-wo-die-costa-blanca-la-furia-roja-auf-grossleinwand-feiert\/","title":{"rendered":"Spania i VM-finalen: Der Costa Blanca feirer La Furia Roja p\u00e5 storskjerm"},"content":{"rendered":"<div data-elementor-type=\"wp-post\" data-elementor-id=\"11880\" class=\"elementor elementor-11880\" data-elementor-post-type=\"post\">\n\t\t\t\t<div class=\"elementor-element elementor-element-a47b8f8 e-flex e-con-boxed e-con e-parent\" data-id=\"a47b8f8\" data-element_type=\"container\" data-e-type=\"container\">\n\t\t\t\t\t<div class=\"e-con-inner\">\n\t\t\t\t<div class=\"elementor-element elementor-element-70abf8f elementor-widget elementor-widget-heading\" data-id=\"70abf8f\" data-element_type=\"widget\" data-e-type=\"widget\" data-widget_type=\"heading.default\">\n\t\t\t\t<div class=\"elementor-widget-container\">\n\t\t\t\t\t<h1 class=\"elementor-heading-title elementor-size-default\">Spania i VM-finalen: Der Costa Blanca feirer La Furia Roja p\u00e5 storskjerm\n\n<\/h1>\t\t\t\t<\/div>\n\t\t\t\t<\/div>\n\t\t\t\t<div class=\"elementor-element elementor-element-65ad8eb elementor-widget elementor-widget-image\" data-id=\"65ad8eb\" data-element_type=\"widget\" data-e-type=\"widget\" data-widget_type=\"image.default\">\n\t\t\t\t<div class=\"elementor-widget-container\">\n\t\t\t\t\t\t\t\t\t\t\t\t\t\t\t<img fetchpriority=\"high\" decoding=\"async\" width=\"800\" height=\"534\" src=\"https:\/\/costablanca-magazin.com\/wp-content\/uploads\/2026\/07\/spanien-im-wm-endspiel-2026-und-publicviewing-mallorca-1024x683.jpg\" class=\"attachment-large size-large wp-image-11881\" alt=\"Spania i VM-finalen 2026 og offentlig visning p\u00e5 Costa Blanca\" srcset=\"https:\/\/costablanca-magazin.com\/wp-content\/uploads\/2026\/07\/spanien-im-wm-endspiel-2026-und-publicviewing-mallorca-1024x683.jpg 1024w, https:\/\/costablanca-magazin.com\/wp-content\/uploads\/2026\/07\/spanien-im-wm-endspiel-2026-und-publicviewing-mallorca-300x200.jpg 300w, https:\/\/costablanca-magazin.com\/wp-content\/uploads\/2026\/07\/spanien-im-wm-endspiel-2026-und-publicviewing-mallorca-768x512.jpg 768w, https:\/\/costablanca-magazin.com\/wp-content\/uploads\/2026\/07\/spanien-im-wm-endspiel-2026-und-publicviewing-mallorca-18x12.jpg 18w, https:\/\/costablanca-magazin.com\/wp-content\/uploads\/2026\/07\/spanien-im-wm-endspiel-2026-und-publicviewing-mallorca.jpg 1200w\" sizes=\"(max-width: 800px) 100vw, 800px\" \/>\t\t\t\t\t\t\t\t\t\t\t\t\t\t\t<\/div>\n\t\t\t\t<\/div>\n\t\t\t\t<div class=\"elementor-element elementor-element-a463e16 elementor-widget elementor-widget-heading\" data-id=\"a463e16\" data-element_type=\"widget\" data-e-type=\"widget\" data-widget_type=\"heading.default\">\n\t\t\t\t<div class=\"elementor-widget-container\">\n\t\t\t\t\t<h2 class=\"elementor-heading-title elementor-size-default\">Spania er i VM-finalen etter 2\u20130-seieren over Frankrike. Her er oversikten over steder langs Costa Blanca hvor det er planlagt offentlig visning \u2013 fra Alicante via Benidorm til D\u00e9nia, Calp og Torrevieja.\n\n<\/h2>\t\t\t\t<\/div>\n\t\t\t\t<\/div>\n\t\t\t\t\t<\/div>\n\t\t\t\t<\/div>\n\t\t<div class=\"elementor-element elementor-element-90b153f e-flex e-con-boxed e-con e-parent\" data-id=\"90b153f\" data-element_type=\"container\" data-e-type=\"container\">\n\t\t\t\t\t<div class=\"e-con-inner\">\n\t\t<div class=\"elementor-element elementor-element-a545c45 e-con-full e-flex e-con e-child\" data-id=\"a545c45\" data-element_type=\"container\" data-e-type=\"container\">\n\t\t\t\t<div class=\"elementor-element elementor-element-95a63c3 elementor-widget elementor-widget-text-editor\" data-id=\"95a63c3\" data-element_type=\"widget\" data-e-type=\"widget\" data-widget_type=\"text-editor.default\">\n\t\t\t\t<div class=\"elementor-widget-container\">\n\t\t\t\t\t\t\t\t\t<p data-olk-copy-source=\"MessageBody\">Spania har klart det: Etter 2\u20130-seieren over Frankrike er \u201eLa Furia Roja\u201c i finalen i fotball-VM. Og selvf\u00f8lgelig sitter man ikke stille foran TV-en p\u00e5 Costa Blanca heller. Byer, kommuner og arrang\u00f8rer forbereder seg p\u00e5 \u00e5rets fotballbegivenhet \u2013 med storskjermer, fanzoner og en liste som sannsynligvis vil vokse frem til s\u00f8ndag.<\/p><h2><b data-olk-copy-source=\"MessageBody\">Spania er tilbake i VM-finalen etter 16 \u00e5r<\/b><\/h2><p>Spania slo favoritten Frankrike 2\u20130 i semifinalen og er dermed i en VM-finale for f\u00f8rste gang siden tittelseieren i 2010. M\u00e5lene ble scoret av Mikel Oyarzabal og Pedro Porro. Men fremfor alt imponerte \u00abLa Selecci\u00f3n\u00bb med kontroll, ro og et forsvar som knapt ga Frankrike pusterom.<\/p><p>N\u00e5 venter hele Spania spent p\u00e5 finalen den\u00a0<b>S\u00f8ndag 19. juli<\/b>. Motstanderen blir avgjort i den andre semifinalen mellom England og Argentina.<\/p><p>For Costa Blanca betyr dette at s\u00f8ndagskvelden blir st\u00f8yende mange steder. Veldig st\u00f8yende. Og veldig sosial. De som ikke \u00f8nsker \u00e5 heie p\u00e5 La Furia Roja alene p\u00e5 sofaen, finner her de f\u00f8rste stedene for offentlig visning. Listen oppdateres l\u00f8pende etter hvert som flere kommuner bekrefter planene sine offisielt.<\/p><h2><b>Offentlig visning p\u00e5 Costa Blanca: Disse stedene er kjent<\/b><\/h2><p>Mange direktesendinger ble opprinnelig planlagt for semifinalen. Etter at laget har kvalifisert seg til finalen, f\u00f8lger n\u00e5 flere byer etter eller bekrefter allerede planlagte storskjermvisninger. Derfor gjelder det \u00e5 sjekke de offisielle kanalene en gang til like f\u00f8r avreise.<\/p><h3><b><span lang=\"es\">Alicante: Treningssenter<\/span><\/b><\/h3><p><span lang=\"es\">Alicante satser p\u00e5 Centro de Tecnificaci\u00f3n.\u00a0<\/span>Byen hadde allerede planlagt \u00e5 bruke anlegget til kampene til det spanske landslaget \u2013 inkludert eventuelle utslagsrunder frem til finalen. Det er planlagt to storskjermer ved siden av banen, i tillegg til videotavlene i Pabell\u00f3n.<\/p><p>Inngangen er gratis. If\u00f8lge de opplysningene vi har f\u00e5tt s\u00e5 langt, \u00e5pnes d\u00f8rene en time f\u00f8r kampstart. Det er ikke tillatt \u00e5 ta med alkoholholdige drikker.<\/p><p><b>Status:<\/b>\u00a0planlagt for Spanias vei mot VM-finalen<br \/><b>Sted:<\/b>\u00a0Treningssenteret, Alicante<br \/><b>Inngang:<\/b>\u00a0gratis<br \/><b>Merk:<\/b>\u00a0Adgang inntil kapasitetsgrensen, ingen alkoholholdige drikker.<\/p><h3><b>Alicante: El Muelle Live<\/b><\/h3><p>Ogs\u00e5 El Muelle Live i havnen i Alicante hadde allerede fra semifinalen etablert seg som et samlingssted for fotballfans. I stedet for en konsertkveld var det storskjerm, oppvarmingsprogram, mat og drikke og mye r\u00f8dt og gult.<\/p><p>N\u00e5r det gjelder finalen, b\u00f8r man sjekke direkte med arrang\u00f8ren om formatet blir gjentatt p\u00e5 s\u00f8ndag.<\/p><p><b>Status:<\/b>\u00a0Semifinalen bekreftet, finalen m\u00e5 fortsatt vurderes<br \/><b>Sted:<\/b>\u00a0El Muelle Live, havnen i Alicante<br \/><b>Inngang:<\/b>\u00a0i henhold til det n\u00e5v\u00e6rende formatet, gratis inntil kapasitetsgrensen er n\u00e5dd<br \/><b>Merk:<\/b>\u00a0Ved arrangementer i havnen kan adgangen bli begrenset med kort varsel.<\/p><h3><b>Benidorm: Auditorio Julio Iglesias<\/b><\/h3><p>N\u00e5r Benidorm ser p\u00e5 fotball, er det neppe i hviskende toner. Til semifinalen ble Auditorio Julio Iglesias annonsert som det store samlingsstedet. D\u00f8rene \u00e5pnet allerede klokken 18, inngangen var gratis, og det ble servert mat, drikke og musikk f\u00f8r kampstart.<\/p><p>Det er \u00e5penbart at Benidorm ogs\u00e5 \u00f8nsker \u00e5 legge til rette for en stor finale. De offisielle detaljene om finalen b\u00f8r imidlertid bekreftes p\u00e5 nytt.<\/p><p><b>Status:<\/b>\u00a0Semifinalen er bekreftet, finalen m\u00e5 fortsatt unders\u00f8kes offisielt<br \/><b>Sted:<\/b>\u00a0Auditorio Julio Iglesias, Benidorm<br \/><b>Inngang:<\/b>\u00a0gratis i semifinalen<br \/><b>Merk:<\/b>\u00a0Kom tidlig. Benidorm, juli og en finale i Spania er ikke en god kombinasjon for \u201evi drar fem minutter f\u00f8r\u201c.<\/p>\t\t\t\t\t\t\t\t<\/div>\n\t\t\t\t<\/div>\n\t\t\t\t<\/div>\n\t\t<div class=\"elementor-element elementor-element-089d8a1 e-con-full e-flex e-con e-child\" data-id=\"089d8a1\" data-element_type=\"container\" data-e-type=\"container\">\n\t\t\t\t<div class=\"elementor-element elementor-element-1bd35f6 elementor-widget elementor-widget-text-editor\" data-id=\"1bd35f6\" data-element_type=\"widget\" data-e-type=\"widget\" data-widget_type=\"text-editor.default\">\n\t\t\t\t<div class=\"elementor-widget-container\">\n\t\t\t\t\t\t\t\t\t<h3><b>D\u00e9nia: Campo Diego Mena<\/b><\/h3><p>D\u00e9nia er allerede et skritt foran. Byen hadde satt opp en stor skjerm p\u00e5 Campo Diego Mena i forbindelse med semifinalen og kunngjort: Dersom Spania g\u00e5r til finalen, vil kampen igjen bli vist der s\u00f8ndag 19. juli. N\u00e5 har nettopp dette skjedd.<\/p><p>I semifinalen \u00e5pnet d\u00f8rene klokken 20.00. Alkohol var ikke tillatt, og det var ikke planlagt noen barvirksomhet. Byen anbefalte \u00e5 reise med offentlig transport, blant annet med linjene L1 og L5 til Plaza de Cholet.<\/p><p><b>Status:<\/b>\u00a0Finalen er kunngjort<br \/><b>Sted:<\/b>\u00a0Campo Diego Mena, D\u00e9nia<br \/><b>Dato:<\/b>\u00a0S\u00f8ndag 19. juli<br \/><b>Merk:<\/b>\u00a0Ingen alkohol, ingen barvirksomhet slik det har v\u00e6rt hittil \u2013 ta med vann.<\/p><h3><b>Calp: Storskjerm til finalen<\/b><\/h3><p>I Calp faller VM-finalen p\u00e5 en helg der det uansett er mye som skjer: Festes de la Mare de D\u00e9u del Carme byr p\u00e5 musikk, program i havnen og sommerlig kveldsstemning. Det er annonsert en storskjermvisning av VM-finalen s\u00f8ndag klokken 21.<\/p><p>Allerede f\u00f8r semifinalen hadde folk samlet seg p\u00e5 Playa de la Fossa for \u00e5 f\u00f8lge med p\u00e5 storskjerm. N\u00e5r det gjelder finalekvelden, b\u00f8r den n\u00f8yaktige adressen sjekkes igjen kort tid f\u00f8r offentliggj\u00f8ringen hos kommunen eller i det gjeldende festprogrammet.<\/p><p><b>Status:<\/b>\u00a0Finalen skal sendes p\u00e5 TV<br \/><b>Sted:<\/b>\u00a0Calp, sjekk n\u00f8yaktig areal i festivalprogrammet<br \/><b>Dato:<\/b>\u00a0S\u00f8ndag 19. juli, kl. 21.00<br \/><b>Merk:<\/b>\u00a0P\u00e5 grunn av festprogrammet og fotballkampen vil det trolig bli mer folk enn p\u00e5 en vanlig s\u00f8ndagskveld.<\/p><h3><b>Torrevieja: Teatro Municipal<\/b><\/h3><p>Torrevieja har tidligere vist Spanias kamper p\u00e5 storskjerm i Teatro Municipal. Stedet har en klar fordel: faste seter, et beskyttet milj\u00f8 og mindre behov for improvisasjon enn p\u00e5 et \u00e5pent torg.<\/p><p>F\u00f8r du drar til byen, b\u00f8r du sjekke med Turismo Torrevieja eller Cultura Torrevieja om Teatro Municipal ogs\u00e5 holder \u00e5pent under finalen.<\/p><p><b>Status:<\/b>\u00a0Tidligere kamper bekreftet, finalen er fortsatt under vurdering<br \/><b>Sted:<\/b>\u00a0Teatro Municipal, Torrevieja<br \/><b>Merk:<\/b>\u00a0Dersom det \u00e5pnes, vil det antakelig gjelde: gratis inngang inntil kapasitetsgrensen er n\u00e5dd.<\/p><h3><b>Andre steder i provinsen Alicante<\/b><\/h3><p>Det er ogs\u00e5 annonsert storskjermer i flere andre steder i provinsen i forbindelse med semifinalen, blant annet i La Vila Joiosa, Finestrat, Callosa d\u2019en Sarri\u00e0, Elche, Villena, Orihuela og andre kommuner. Mange bestemmer seg i siste \u00f8yeblikk om de skal sette opp skjermer igjen til finalen.<\/p><p>S\u00e5 snart nye steder er offisielt bekreftet, vil denne listen bli oppdatert.<\/p><h4><b>F\u00f8r du kj\u00f8rer av g\u00e5rde: sjekk raskt<\/b><\/h4><p>Offentlig visning h\u00f8res enkelt ut: dra dit, heie, ferdig. Men n\u00e5r det gjelder en VM-finale, er det sjelden helt s\u00e5 avslappet. Gratis inngang, fulle tribuner og sommerlige temperaturer krever litt planlegging.<\/p><p>Derfor b\u00f8r du sjekke f\u00f8lgende f\u00f8r avreise:<\/p><ul type=\"disc\"><li>Sjekk de offisielle kanalene til byen eller arrang\u00f8ren<\/li><li>dra av g\u00e5rde i god tid<\/li><li>bruk offentlig transport hvis mulig<\/li><li>Ikke ta med glassflasker, fyrverkeri eller store kj\u00f8lebokser<\/li><li>Pakke inn vann<\/li><li>For familier: Avtal m\u00f8tested og hjemtur p\u00e5 forh\u00e5nd<\/li><\/ul><h3><b>Costa Blanca gj\u00f8r seg klar<\/b><\/h3><p>Alicante, Benidorm, D\u00e9nia, Calp, Torrevieja \u2013 Costa Blanca vil nok p\u00e5 s\u00f8ndag kveld vite ganske n\u00f8yaktig hvem de heier p\u00e5. Og hvis det plutselig dukker opp en skjerm et sted, tar vi den med p\u00e5 listen.<\/p><p>For i en VM-finale gjelder f\u00f8lgende: Den som finner en god plass, b\u00f8r beholde den. Den som ikke finner noen, f\u00e5r nye venner senest n\u00e5r det f\u00f8rste m\u00e5let blir scoret.<\/p>\t\t\t\t\t\t\t\t<\/div>\n\t\t\t\t<\/div>\n\t\t\t\t<\/div>\n\t\t\t\t\t<\/div>\n\t\t\t\t<\/div>\n\t\t<div class=\"elementor-element elementor-element-ab5e6e4 e-flex e-con-boxed e-con e-parent\" data-id=\"ab5e6e4\" data-element_type=\"container\" data-e-type=\"container\">\n\t\t\t\t\t<div class=\"e-con-inner\">\n\t\t\t\t<div class=\"elementor-element elementor-element-bd483ca elementor-widget elementor-widget-heading\" data-id=\"bd483ca\" data-element_type=\"widget\" data-e-type=\"widget\" data-widget_type=\"heading.default\">\n\t\t\t\t<div class=\"elementor-widget-container\">\n\t\t\t\t\t<h2 class=\"elementor-heading-title elementor-size-default\">Oppdatering: Nye steder for offentlig visning p\u00e5 Costa Blanca<\/h2>\t\t\t\t<\/div>\n\t\t\t\t<\/div>\n\t\t\t\t<div class=\"elementor-element elementor-element-e5af6c7 elementor-widget elementor-widget-text-editor\" data-id=\"e5af6c7\" data-element_type=\"widget\" data-e-type=\"widget\" data-widget_type=\"text-editor.default\">\n\t\t\t\t<div class=\"elementor-widget-container\">\n\t\t\t\t\t\t\t\t\t<p class=\"isSelectedEnd\">Det er n\u00e5 bekreftet flere steder for offentlig visning av VM-finalen. Nye steder som har kommet til er <strong>Plaza de Toros i Alicante som en del av Sabrofest<\/strong>, som <strong>Pla\u00e7a de l\u2019Ordana i Sant Joan d\u2019Alacant<\/strong>, det <strong>Recinto Vatasa ved Playa Varadero i Santa Pola<\/strong>, to storskjerm-TV-er i <strong>Guardamar del Segura<\/strong> samt <strong>Plaza de la Iglesia i Pilar de la Horadada<\/strong>.<\/p><p class=\"isSelectedEnd\">Ogs\u00e5 i <strong>Torrevieja<\/strong> N\u00e5 er det fastsatt et konkret sted for finalen: I stedet for Teatro Municipal, som ble nevnt i f\u00f8rste omgang, skal kampen spilles p\u00e5 <strong>Paseo Vista Alegre<\/strong> vist. I <strong>Calp<\/strong> I tillegg til Playa de la Fossa kommer det et nytt visningssted ved fiskerihavnen.<\/p><p>Dermed blir listen stadig lengre \u2013 og langs Costa Blanca vil det p\u00e5 s\u00f8ndag neppe mangle muligheter til \u00e5 heie p\u00e5 \u201eLa Furia Roja\u201c sammen.<\/p>\t\t\t\t\t\t\t\t<\/div>\n\t\t\t\t<\/div>\n\t\t\t\t\t<\/div>\n\t\t\t\t<\/div>\n\t\t\t\t<\/div>","protected":false},"excerpt":{"rendered":"<p>Spanien im WM-Finale: Wo die Costa Blanca La Furia Roja auf Gro\u00dfleinwand feiert Spanien steht nach dem 2:0 gegen Frankreich im WM-Finale. Wo an der Costa Blanca Public Viewing geplant ist \u2013 von Alicante \u00fcber Benidorm bis D\u00e9nia, Calp und Torrevieja. Spanien hat es geschafft: Nach dem 2:0 gegen Frankreich steht \u201eLa Furia Roja\u201c im [&hellip;]<\/p>\n","protected":false},"author":1,"featured_media":11881,"comment_status":"closed","ping_status":"closed","sticky":false,"template":"elementor_header_footer","format":"standard","meta":{"footnotes":""},"categories":[13,12],"tags":[1792],"class_list":["post-11880","post","type-post","status-publish","format-standard","has-post-thumbnail","hentry","category-infos","category-news-politik","tag-sport-costa-blanca"],"aioseo_notices":[],"aioseo_head":"\n\t\t<!-- All in One SEO Pro 5.0.1.1 - aioseo.com -->\n\t<meta name=\"description\" content=\"Spanien steht nach dem 2:0 gegen Frankreich im WM-Finale. Wo an der Costa Blanca Public Viewing geplant ist \u2013 von Alicante \u00fcber Benidorm bis D\u00e9nia, Calp und Torrevieja.\" \/>\n\t<meta name=\"robots\" content=\"max-snippet:-1, max-image-preview:large, max-video-preview:-1\" \/>\n\t<meta name=\"author\" content=\"admin\"\/>\n\t<link rel=\"canonical\" href=\"https:\/\/costablanca-magazin.com\/nb\/lokales\/infos\/spanien-im-wm-finale-wo-die-costa-blanca-la-furia-roja-auf-grossleinwand-feiert\/\" \/>\n\t<meta name=\"generator\" content=\"All in One SEO Pro (AIOSEO) 5.0.1.1\" \/>\n\t\t<meta property=\"og:locale\" content=\"nb_NO\" \/>\n\t\t<meta property=\"og:site_name\" content=\"Costa Blanca Magazin\" \/>\n\t\t<meta property=\"og:type\" content=\"article\" \/>\n\t\t<meta property=\"og:title\" content=\"Spanien im WM-Finale: Wo die Costa Blanca La Furia Roja auf Gro\u00dfleinwand feiert\" \/>\n\t\t<meta property=\"og:description\" content=\"Spanien steht nach dem 2:0 gegen Frankreich im WM-Finale. Wo an der Costa Blanca Public Viewing geplant ist \u2013 von Alicante \u00fcber Benidorm bis D\u00e9nia, Calp und Torrevieja.\" \/>\n\t\t<meta property=\"og:url\" content=\"https:\/\/costablanca-magazin.com\/nb\/lokales\/infos\/spanien-im-wm-finale-wo-die-costa-blanca-la-furia-roja-auf-grossleinwand-feiert\/\" \/>\n\t\t<meta property=\"og:image\" content=\"https:\/\/costablanca-magazin.com\/wp-content\/uploads\/2026\/07\/spanien-im-wm-endspiel-2026-und-publicviewing-mallorca.jpg\" \/>\n\t\t<meta property=\"og:image:secure_url\" content=\"https:\/\/costablanca-magazin.com\/wp-content\/uploads\/2026\/07\/spanien-im-wm-endspiel-2026-und-publicviewing-mallorca.jpg\" \/>\n\t\t<meta property=\"og:image:width\" content=\"1200\" \/>\n\t\t<meta property=\"og:image:height\" content=\"800\" \/>\n\t\t<meta property=\"article:published_time\" content=\"2026-07-17T09:40:00+00:00\" \/>\n\t\t<meta property=\"article:modified_time\" content=\"2026-07-17T09:39:17+00:00\" \/>\n\t\t<meta property=\"article:publisher\" content=\"https:\/\/www.facebook.com\/costablancalifestyle\/\" \/>\n\t\t<meta name=\"twitter:card\" content=\"summary_large_image\" \/>\n\t\t<meta name=\"twitter:title\" content=\"Spanien im WM-Finale: Wo die Costa Blanca La Furia Roja auf Gro\u00dfleinwand feiert\" \/>\n\t\t<meta name=\"twitter:description\" content=\"Spanien steht nach dem 2:0 gegen Frankreich im WM-Finale. Wo an der Costa Blanca Public Viewing geplant ist \u2013 von Alicante \u00fcber Benidorm bis D\u00e9nia, Calp und Torrevieja.\" \/>\n\t\t<meta name=\"twitter:image\" content=\"https:\/\/costablanca-magazin.com\/wp-content\/uploads\/2026\/07\/spanien-im-wm-endspiel-2026-und-publicviewing-mallorca.jpg\" \/>\n\t\t<script type=\"application\/ld+json\" class=\"aioseo-schema\">\n\t\t\t{\"@context\":\"https:\\\/\\\/schema.org\",\"@graph\":[{\"@type\":\"BreadcrumbList\",\"@id\":\"https:\\\/\\\/costablanca-magazin.com\\\/nb\\\/lokales\\\/infos\\\/spanien-im-wm-finale-wo-die-costa-blanca-la-furia-roja-auf-grossleinwand-feiert\\\/#breadcrumblist\",\"itemListElement\":[{\"@type\":\"ListItem\",\"@id\":\"https:\\\/\\\/costablanca-magazin.com\\\/nb#listItem\",\"position\":1,\"name\":\"Home\",\"item\":\"https:\\\/\\\/costablanca-magazin.com\\\/nb\",\"nextItem\":{\"@type\":\"ListItem\",\"@id\":\"https:\\\/\\\/costablanca-magazin.com\\\/nb\\\/lokalt\\\/#listItem\",\"name\":\"Lokales\"}},{\"@type\":\"ListItem\",\"@id\":\"https:\\\/\\\/costablanca-magazin.com\\\/nb\\\/lokalt\\\/#listItem\",\"position\":2,\"name\":\"Lokales\",\"item\":\"https:\\\/\\\/costablanca-magazin.com\\\/nb\\\/lokalt\\\/\",\"nextItem\":{\"@type\":\"ListItem\",\"@id\":\"https:\\\/\\\/costablanca-magazin.com\\\/nb\\\/informasjon\\\/#listItem\",\"name\":\"Infos\"},\"previousItem\":{\"@type\":\"ListItem\",\"@id\":\"https:\\\/\\\/costablanca-magazin.com\\\/nb#listItem\",\"name\":\"Home\"}},{\"@type\":\"ListItem\",\"@id\":\"https:\\\/\\\/costablanca-magazin.com\\\/nb\\\/informasjon\\\/#listItem\",\"position\":3,\"name\":\"Infos\",\"item\":\"https:\\\/\\\/costablanca-magazin.com\\\/nb\\\/informasjon\\\/\",\"nextItem\":{\"@type\":\"ListItem\",\"@id\":\"https:\\\/\\\/costablanca-magazin.com\\\/nb\\\/lokales\\\/infos\\\/spanien-im-wm-finale-wo-die-costa-blanca-la-furia-roja-auf-grossleinwand-feiert\\\/#listItem\",\"name\":\"Spanien im WM-Finale: Wo die Costa Blanca La Furia Roja auf Gro\\u00dfleinwand feiert\"},\"previousItem\":{\"@type\":\"ListItem\",\"@id\":\"https:\\\/\\\/costablanca-magazin.com\\\/nb\\\/lokalt\\\/#listItem\",\"name\":\"Lokales\"}},{\"@type\":\"ListItem\",\"@id\":\"https:\\\/\\\/costablanca-magazin.com\\\/nb\\\/lokales\\\/infos\\\/spanien-im-wm-finale-wo-die-costa-blanca-la-furia-roja-auf-grossleinwand-feiert\\\/#listItem\",\"position\":4,\"name\":\"Spanien im WM-Finale: Wo die Costa Blanca La Furia Roja auf Gro\\u00dfleinwand feiert\",\"previousItem\":{\"@type\":\"ListItem\",\"@id\":\"https:\\\/\\\/costablanca-magazin.com\\\/nb\\\/informasjon\\\/#listItem\",\"name\":\"Infos\"}}]},{\"@type\":\"NewsArticle\",\"@id\":\"https:\\\/\\\/costablanca-magazin.com\\\/nb\\\/lokales\\\/infos\\\/spanien-im-wm-finale-wo-die-costa-blanca-la-furia-roja-auf-grossleinwand-feiert\\\/#article\",\"name\":\"Spanien im WM-Finale: Wo die Costa Blanca La Furia Roja auf Gro\\u00dfleinwand feiert\",\"headline\":\"Spanien im WM-Finale: Wo die Costa Blanca La Furia Roja auf Gro\\u00dfleinwand feiert\",\"author\":{\"@id\":\"https:\\\/\\\/costablanca-magazin.com\\\/nb\\\/author\\\/admin\\\/#author\"},\"publisher\":{\"@id\":\"https:\\\/\\\/costablanca-magazin.com\\\/nb\\\/#organization\"},\"image\":{\"@type\":\"ImageObject\",\"url\":\"https:\\\/\\\/costablanca-magazin.com\\\/wp-content\\\/uploads\\\/2026\\\/07\\\/spanien-im-wm-endspiel-2026-und-publicviewing-mallorca.jpg\",\"width\":1200,\"height\":800,\"caption\":\"Spanien im WM-Finale: Wo die Costa Blanca La Furia Roja auf Gro\\u00dfleinwand feiert\"},\"datePublished\":\"2026-07-17T11:40:00+02:00\",\"dateModified\":\"2026-07-17T11:39:17+02:00\",\"inLanguage\":\"nb-NO\",\"mainEntityOfPage\":{\"@id\":\"https:\\\/\\\/costablanca-magazin.com\\\/nb\\\/lokales\\\/infos\\\/spanien-im-wm-finale-wo-die-costa-blanca-la-furia-roja-auf-grossleinwand-feiert\\\/#webpage\"},\"isPartOf\":{\"@id\":\"https:\\\/\\\/costablanca-magazin.com\\\/nb\\\/lokales\\\/infos\\\/spanien-im-wm-finale-wo-die-costa-blanca-la-furia-roja-auf-grossleinwand-feiert\\\/#webpage\"},\"articleSection\":\"Infos, News &amp; Politik, Sport\"},{\"@type\":\"Person\",\"@id\":\"https:\\\/\\\/costablanca-magazin.com\\\/nb\\\/author\\\/admin\\\/#author\",\"url\":\"https:\\\/\\\/costablanca-magazin.com\\\/nb\\\/author\\\/admin\\\/\",\"name\":\"admin\"},{\"@type\":\"WebPage\",\"@id\":\"https:\\\/\\\/costablanca-magazin.com\\\/nb\\\/lokales\\\/infos\\\/spanien-im-wm-finale-wo-die-costa-blanca-la-furia-roja-auf-grossleinwand-feiert\\\/#webpage\",\"url\":\"https:\\\/\\\/costablanca-magazin.com\\\/nb\\\/lokales\\\/infos\\\/spanien-im-wm-finale-wo-die-costa-blanca-la-furia-roja-auf-grossleinwand-feiert\\\/\",\"name\":\"Spanien im WM-Finale: Wo die Costa Blanca La Furia Roja auf Gro\\u00dfleinwand feiert\",\"description\":\"Spanien steht nach dem 2:0 gegen Frankreich im WM-Finale. Wo an der Costa Blanca Public Viewing geplant ist \\u2013 von Alicante \\u00fcber Benidorm bis D\\u00e9nia, Calp und Torrevieja.\",\"inLanguage\":\"nb-NO\",\"isPartOf\":{\"@id\":\"https:\\\/\\\/costablanca-magazin.com\\\/nb\\\/#website\"},\"breadcrumb\":{\"@id\":\"https:\\\/\\\/costablanca-magazin.com\\\/nb\\\/lokales\\\/infos\\\/spanien-im-wm-finale-wo-die-costa-blanca-la-furia-roja-auf-grossleinwand-feiert\\\/#breadcrumblist\"},\"author\":{\"@id\":\"https:\\\/\\\/costablanca-magazin.com\\\/nb\\\/author\\\/admin\\\/#author\"},\"creator\":{\"@id\":\"https:\\\/\\\/costablanca-magazin.com\\\/nb\\\/author\\\/admin\\\/#author\"},\"image\":{\"@type\":\"ImageObject\",\"url\":\"https:\\\/\\\/costablanca-magazin.com\\\/wp-content\\\/uploads\\\/2026\\\/07\\\/spanien-im-wm-endspiel-2026-und-publicviewing-mallorca.jpg\",\"@id\":\"https:\\\/\\\/costablanca-magazin.com\\\/nb\\\/lokales\\\/infos\\\/spanien-im-wm-finale-wo-die-costa-blanca-la-furia-roja-auf-grossleinwand-feiert\\\/#mainImage\",\"width\":1200,\"height\":800,\"caption\":\"Spanien im WM-Finale: Wo die Costa Blanca La Furia Roja auf Gro\\u00dfleinwand feiert\"},\"primaryImageOfPage\":{\"@id\":\"https:\\\/\\\/costablanca-magazin.com\\\/nb\\\/lokales\\\/infos\\\/spanien-im-wm-finale-wo-die-costa-blanca-la-furia-roja-auf-grossleinwand-feiert\\\/#mainImage\"},\"datePublished\":\"2026-07-17T11:40:00+02:00\",\"dateModified\":\"2026-07-17T11:39:17+02:00\",\"mainEntity\":{\"@id\":\"https:\\\/\\\/costablanca-magazin.com\\\/nb\\\/lokales\\\/infos\\\/spanien-im-wm-finale-wo-die-costa-blanca-la-furia-roja-auf-grossleinwand-feiert\\\/#article\"}},{\"@type\":\"WebSite\",\"@id\":\"https:\\\/\\\/costablanca-magazin.com\\\/nb\\\/#website\",\"url\":\"https:\\\/\\\/costablanca-magazin.com\\\/nb\\\/\",\"name\":\"Costa Blanca Magazin\",\"description\":\"Costa Blanca - alles um das Leben und die Freizeit an der K\\u00fcste\",\"inLanguage\":\"nb-NO\",\"publisher\":{\"@id\":\"https:\\\/\\\/costablanca-magazin.com\\\/nb\\\/#organization\"},\"potentialAction\":{\"@type\":\"SearchAction\",\"target\":\"https:\\\/\\\/costablanca-magazin.com\\\/nb\\\/?s={search_term_string}\",\"query-input\":\"required name=search_term_string\"}},{\"@type\":[\"Organization\",\"NewsMediaOrganization\"],\"@id\":\"https:\\\/\\\/costablanca-magazin.com\\\/nb\\\/#organization\",\"name\":\"Costa Blanca Magazin\",\"description\":\"Costa Blanca Magazin\",\"url\":\"https:\\\/\\\/costablanca-magazin.com\\\/nb\\\/\",\"email\":\"info@costablanca-magazin.com\",\"telephone\":\"+34 663 946 871\",\"logo\":{\"@type\":\"ImageObject\",\"url\":\"https:\\\/\\\/costablanca-magazin.com\\\/wp-content\\\/uploads\\\/2024\\\/05\\\/logo.jpg\",\"@id\":\"https:\\\/\\\/costablanca-magazin.com\\\/nb\\\/lokales\\\/infos\\\/spanien-im-wm-finale-wo-die-costa-blanca-la-furia-roja-auf-grossleinwand-feiert\\\/#organizationLogo\",\"width\":1605,\"height\":236,\"caption\":\"Costa Blanca Magazin\"},\"image\":{\"@id\":\"https:\\\/\\\/costablanca-magazin.com\\\/nb\\\/lokales\\\/infos\\\/spanien-im-wm-finale-wo-die-costa-blanca-la-furia-roja-auf-grossleinwand-feiert\\\/#organizationLogo\"},\"sameAs\":[\"https:\\\/\\\/www.facebook.com\\\/costablancalifestyle\\\/\",\"https:\\\/\\\/www.instagram.com\\\/costablancamagazin\\\/\"]}]}\n\t\t<\/script>\n\t\t<!-- All in One SEO Pro -->\r\n\t\t<title>Spanien im WM-Finale: Wo die Costa Blanca La Furia Roja auf Gro\u00dfleinwand feiert<\/title>\n\n","aioseo_head_json":{"title":"Spania i VM-finalen: Der Costa Blanca feirer La Furia Roja p\u00e5 storskjerm","description":"Spania er i VM-finalen etter 2\u20130-seieren over Frankrike. Her er oversikten over steder langs Costa Blanca hvor det er planlagt offentlig visning \u2013 fra Alicante via Benidorm til D\u00e9nia, Calp og Torrevieja.","canonical_url":"https:\/\/costablanca-magazin.com\/nb\/lokales\/infos\/spanien-im-wm-finale-wo-die-costa-blanca-la-furia-roja-auf-grossleinwand-feiert\/","robots":"max-snippet:-1, max-image-preview:large, max-video-preview:-1","keywords":"","webmasterTools":{"miscellaneous":""},"schema":{"@context":"https:\/\/schema.org","@graph":[{"@type":"BreadcrumbList","@id":"https:\/\/costablanca-magazin.com\/nb\/lokales\/infos\/spanien-im-wm-finale-wo-die-costa-blanca-la-furia-roja-auf-grossleinwand-feiert\/#breadcrumblist","itemListElement":[{"@type":"ListItem","@id":"https:\/\/costablanca-magazin.com\/nb#listItem","position":1,"name":"Home","item":"https:\/\/costablanca-magazin.com\/nb","nextItem":{"@type":"ListItem","@id":"https:\/\/costablanca-magazin.com\/nb\/lokalt\/#listItem","name":"Lokales"}},{"@type":"ListItem","@id":"https:\/\/costablanca-magazin.com\/nb\/lokalt\/#listItem","position":2,"name":"Lokales","item":"https:\/\/costablanca-magazin.com\/nb\/lokalt\/","nextItem":{"@type":"ListItem","@id":"https:\/\/costablanca-magazin.com\/nb\/informasjon\/#listItem","name":"Infos"},"previousItem":{"@type":"ListItem","@id":"https:\/\/costablanca-magazin.com\/nb#listItem","name":"Home"}},{"@type":"ListItem","@id":"https:\/\/costablanca-magazin.com\/nb\/informasjon\/#listItem","position":3,"name":"Infos","item":"https:\/\/costablanca-magazin.com\/nb\/informasjon\/","nextItem":{"@type":"ListItem","@id":"https:\/\/costablanca-magazin.com\/nb\/lokales\/infos\/spanien-im-wm-finale-wo-die-costa-blanca-la-furia-roja-auf-grossleinwand-feiert\/#listItem","name":"Spanien im WM-Finale: Wo die Costa Blanca La Furia Roja auf Gro\u00dfleinwand feiert"},"previousItem":{"@type":"ListItem","@id":"https:\/\/costablanca-magazin.com\/nb\/lokalt\/#listItem","name":"Lokales"}},{"@type":"ListItem","@id":"https:\/\/costablanca-magazin.com\/nb\/lokales\/infos\/spanien-im-wm-finale-wo-die-costa-blanca-la-furia-roja-auf-grossleinwand-feiert\/#listItem","position":4,"name":"Spanien im WM-Finale: Wo die Costa Blanca La Furia Roja auf Gro\u00dfleinwand feiert","previousItem":{"@type":"ListItem","@id":"https:\/\/costablanca-magazin.com\/nb\/informasjon\/#listItem","name":"Infos"}}]},{"@type":"NewsArticle","@id":"https:\/\/costablanca-magazin.com\/nb\/lokales\/infos\/spanien-im-wm-finale-wo-die-costa-blanca-la-furia-roja-auf-grossleinwand-feiert\/#article","name":"Spanien im WM-Finale: Wo die Costa Blanca La Furia Roja auf Gro\u00dfleinwand feiert","headline":"Spanien im WM-Finale: Wo die Costa Blanca La Furia Roja auf Gro\u00dfleinwand feiert","author":{"@id":"https:\/\/costablanca-magazin.com\/nb\/author\/admin\/#author"},"publisher":{"@id":"https:\/\/costablanca-magazin.com\/nb\/#organization"},"image":{"@type":"ImageObject","url":"https:\/\/costablanca-magazin.com\/wp-content\/uploads\/2026\/07\/spanien-im-wm-endspiel-2026-und-publicviewing-mallorca.jpg","width":1200,"height":800,"caption":"Spanien im WM-Finale: Wo die Costa Blanca La Furia Roja auf Gro\u00dfleinwand feiert"},"datePublished":"2026-07-17T11:40:00+02:00","dateModified":"2026-07-17T11:39:17+02:00","inLanguage":"nb-NO","mainEntityOfPage":{"@id":"https:\/\/costablanca-magazin.com\/nb\/lokales\/infos\/spanien-im-wm-finale-wo-die-costa-blanca-la-furia-roja-auf-grossleinwand-feiert\/#webpage"},"isPartOf":{"@id":"https:\/\/costablanca-magazin.com\/nb\/lokales\/infos\/spanien-im-wm-finale-wo-die-costa-blanca-la-furia-roja-auf-grossleinwand-feiert\/#webpage"},"articleSection":"Infos, News &amp; Politik, Sport"},{"@type":"Person","@id":"https:\/\/costablanca-magazin.com\/nb\/author\/admin\/#author","url":"https:\/\/costablanca-magazin.com\/nb\/author\/admin\/","name":"admin"},{"@type":"WebPage","@id":"https:\/\/costablanca-magazin.com\/nb\/lokales\/infos\/spanien-im-wm-finale-wo-die-costa-blanca-la-furia-roja-auf-grossleinwand-feiert\/#webpage","url":"https:\/\/costablanca-magazin.com\/nb\/lokales\/infos\/spanien-im-wm-finale-wo-die-costa-blanca-la-furia-roja-auf-grossleinwand-feiert\/","name":"Spanien im WM-Finale: Wo die Costa Blanca La Furia Roja auf Gro\u00dfleinwand feiert","description":"Spanien steht nach dem 2:0 gegen Frankreich im WM-Finale. Wo an der Costa Blanca Public Viewing geplant ist \u2013 von Alicante \u00fcber Benidorm bis D\u00e9nia, Calp und Torrevieja.","inLanguage":"nb-NO","isPartOf":{"@id":"https:\/\/costablanca-magazin.com\/nb\/#website"},"breadcrumb":{"@id":"https:\/\/costablanca-magazin.com\/nb\/lokales\/infos\/spanien-im-wm-finale-wo-die-costa-blanca-la-furia-roja-auf-grossleinwand-feiert\/#breadcrumblist"},"author":{"@id":"https:\/\/costablanca-magazin.com\/nb\/author\/admin\/#author"},"creator":{"@id":"https:\/\/costablanca-magazin.com\/nb\/author\/admin\/#author"},"image":{"@type":"ImageObject","url":"https:\/\/costablanca-magazin.com\/wp-content\/uploads\/2026\/07\/spanien-im-wm-endspiel-2026-und-publicviewing-mallorca.jpg","@id":"https:\/\/costablanca-magazin.com\/nb\/lokales\/infos\/spanien-im-wm-finale-wo-die-costa-blanca-la-furia-roja-auf-grossleinwand-feiert\/#mainImage","width":1200,"height":800,"caption":"Spanien im WM-Finale: Wo die Costa Blanca La Furia Roja auf Gro\u00dfleinwand feiert"},"primaryImageOfPage":{"@id":"https:\/\/costablanca-magazin.com\/nb\/lokales\/infos\/spanien-im-wm-finale-wo-die-costa-blanca-la-furia-roja-auf-grossleinwand-feiert\/#mainImage"},"datePublished":"2026-07-17T11:40:00+02:00","dateModified":"2026-07-17T11:39:17+02:00","mainEntity":{"@id":"https:\/\/costablanca-magazin.com\/nb\/lokales\/infos\/spanien-im-wm-finale-wo-die-costa-blanca-la-furia-roja-auf-grossleinwand-feiert\/#article"}},{"@type":"WebSite","@id":"https:\/\/costablanca-magazin.com\/nb\/#website","url":"https:\/\/costablanca-magazin.com\/nb\/","name":"Costa Blanca Magazin","description":"Costa Blanca - alles um das Leben und die Freizeit an der K\u00fcste","inLanguage":"nb-NO","publisher":{"@id":"https:\/\/costablanca-magazin.com\/nb\/#organization"},"potentialAction":{"@type":"SearchAction","target":"https:\/\/costablanca-magazin.com\/nb\/?s={search_term_string}","query-input":"required name=search_term_string"}},{"@type":["Organization","NewsMediaOrganization"],"@id":"https:\/\/costablanca-magazin.com\/nb\/#organization","name":"Costa Blanca Magazin","description":"Costa Blanca Magazin","url":"https:\/\/costablanca-magazin.com\/nb\/","email":"info@costablanca-magazin.com","telephone":"+34 663 946 871","logo":{"@type":"ImageObject","url":"https:\/\/costablanca-magazin.com\/wp-content\/uploads\/2024\/05\/logo.jpg","@id":"https:\/\/costablanca-magazin.com\/nb\/lokales\/infos\/spanien-im-wm-finale-wo-die-costa-blanca-la-furia-roja-auf-grossleinwand-feiert\/#organizationLogo","width":1605,"height":236,"caption":"Costa Blanca Magazin"},"image":{"@id":"https:\/\/costablanca-magazin.com\/nb\/lokales\/infos\/spanien-im-wm-finale-wo-die-costa-blanca-la-furia-roja-auf-grossleinwand-feiert\/#organizationLogo"},"sameAs":["https:\/\/www.facebook.com\/costablancalifestyle\/","https:\/\/www.instagram.com\/costablancamagazin\/"]}]},"og:locale":"nb_NO","og:site_name":"Costa Blanca Magazin","og:type":"article","og:title":"Spanien im WM-Finale: Wo die Costa Blanca La Furia Roja auf Gro\u00dfleinwand feiert","og:description":"Spanien steht nach dem 2:0 gegen Frankreich im WM-Finale. Wo an der Costa Blanca Public Viewing geplant ist \u2013 von Alicante \u00fcber Benidorm bis D\u00e9nia, Calp und Torrevieja.","og:url":"https:\/\/costablanca-magazin.com\/nb\/lokales\/infos\/spanien-im-wm-finale-wo-die-costa-blanca-la-furia-roja-auf-grossleinwand-feiert\/","og:image":"https:\/\/costablanca-magazin.com\/wp-content\/uploads\/2026\/07\/spanien-im-wm-endspiel-2026-und-publicviewing-mallorca.jpg","og:image:secure_url":"https:\/\/costablanca-magazin.com\/wp-content\/uploads\/2026\/07\/spanien-im-wm-endspiel-2026-und-publicviewing-mallorca.jpg","og:image:width":1200,"og:image:height":800,"article:published_time":"2026-07-17T09:40:00+00:00","article:modified_time":"2026-07-17T09:39:17+00:00","article:publisher":"https:\/\/www.facebook.com\/costablancalifestyle\/","twitter:card":"summary_large_image","twitter:title":"Spanien im WM-Finale: Wo die Costa Blanca La Furia Roja auf Gro\u00dfleinwand feiert","twitter:description":"Spanien steht nach dem 2:0 gegen Frankreich im WM-Finale. Wo an der Costa Blanca Public Viewing geplant ist \u2013 von Alicante \u00fcber Benidorm bis D\u00e9nia, Calp und Torrevieja.","twitter:image":"https:\/\/costablanca-magazin.com\/wp-content\/uploads\/2026\/07\/spanien-im-wm-endspiel-2026-und-publicviewing-mallorca.jpg"},"aioseo_meta_data":{"post_id":"11880","title":"Spania i VM-finalen: Der Costa Blanca feirer La Furia Roja p\u00e5 storskjerm","description":"Spania er i VM-finalen etter 2\u20130-seieren over Frankrike. Her er oversikten over steder langs Costa Blanca hvor det er planlagt offentlig visning \u2013 fra Alicante via Benidorm til D\u00e9nia, Calp og Torrevieja.","keywords":null,"keyphrases":{"focus":[],"additional":[]},"primary_term":{"category":13},"canonical_url":null,"og_title":null,"og_description":null,"og_object_type":"default","og_image_type":"default","og_image_url":null,"og_image_width":null,"og_image_height":null,"og_image_custom_url":null,"og_image_custom_fields":null,"og_video":"","og_custom_url":null,"og_article_section":null,"og_article_tags":null,"twitter_use_og":false,"twitter_card":"default","twitter_image_type":"default","twitter_image_url":null,"twitter_image_custom_url":null,"twitter_image_custom_fields":null,"twitter_title":null,"twitter_description":null,"schema":{"blockGraphs":[],"customGraphs":[],"default":{"data":{"Article":[],"Course":[],"Dataset":[],"FAQPage":[],"Movie":[],"Person":[],"Product":[],"ProductReview":[],"Car":[],"Recipe":[],"Service":[],"SoftwareApplication":[],"WebPage":[]},"graphName":"Article","isEnabled":true},"graphs":[]},"schema_type":"default","schema_type_options":null,"pillar_content":false,"robots_default":true,"robots_noindex":false,"robots_noarchive":false,"robots_nosnippet":false,"robots_nofollow":false,"robots_noimageindex":false,"robots_noodp":false,"robots_notranslate":false,"robots_max_snippet":"-1","robots_max_videopreview":"-1","robots_max_imagepreview":"large","priority":null,"frequency":"default","local_seo":null,"seo_analyzer_scan_date":"2026-07-17 09:45:05","breadcrumb_settings":null,"limit_modified_date":false,"reviewed_by":"0","open_ai":null,"ai":{"faqs":[],"keyPoints":[],"schemas":[],"titles":[],"descriptions":[],"socialPosts":{"email":{"subject":"","preview":"","content":""},"linkedin":[],"twitter":[],"facebook":[],"instagram":[]}},"created":"2026-07-15 07:46:53","updated":"2026-08-10 07:29:19","focus_keyword":null,"additional_keywords":null,"truseo_locale":null},"aioseo_breadcrumb":"<div class=\"aioseo-breadcrumbs\"><span class=\"aioseo-breadcrumb\">\n\t<a href=\"https:\/\/costablanca-magazin.com\/nb\" title=\"Home\">Home<\/a>\n<\/span><span class=\"aioseo-breadcrumb-separator\">&raquo;<\/span><span class=\"aioseo-breadcrumb\">\n\t<a href=\"https:\/\/costablanca-magazin.com\/nb\/lokalt\/\" title=\"Lokales\">Lokales<\/a>\n<\/span><span class=\"aioseo-breadcrumb-separator\">&raquo;<\/span><span class=\"aioseo-breadcrumb\">\n\t<a href=\"https:\/\/costablanca-magazin.com\/nb\/informasjon\/\" title=\"Infos\">Infos<\/a>\n<\/span><span class=\"aioseo-breadcrumb-separator\">&raquo;<\/span><span class=\"aioseo-breadcrumb\">\n\tSpanien im WM-Finale: Wo die Costa Blanca La Furia Roja auf Gro\u00dfleinwand feiert\n<\/span><\/div>","aioseo_breadcrumb_json":[{"label":"Home","link":"https:\/\/costablanca-magazin.com\/nb"},{"label":"Lokales","link":"https:\/\/costablanca-magazin.com\/nb\/lokalt\/"},{"label":"Infos","link":"https:\/\/costablanca-magazin.com\/nb\/informasjon\/"},{"label":"Spanien im WM-Finale: Wo die Costa Blanca La Furia Roja auf Gro\u00dfleinwand feiert","link":"https:\/\/costablanca-magazin.com\/nb\/lokales\/infos\/spanien-im-wm-finale-wo-die-costa-blanca-la-furia-roja-auf-grossleinwand-feiert\/"}],"_links":{"self":[{"href":"https:\/\/costablanca-magazin.com\/nb\/wp-json\/wp\/v2\/posts\/11880","targetHints":{"allow":["GET"]}}],"collection":[{"href":"https:\/\/costablanca-magazin.com\/nb\/wp-json\/wp\/v2\/posts"}],"about":[{"href":"https:\/\/costablanca-magazin.com\/nb\/wp-json\/wp\/v2\/types\/post"}],"author":[{"embeddable":true,"href":"https:\/\/costablanca-magazin.com\/nb\/wp-json\/wp\/v2\/users\/1"}],"replies":[{"embeddable":true,"href":"https:\/\/costablanca-magazin.com\/nb\/wp-json\/wp\/v2\/comments?post=11880"}],"version-history":[{"count":10,"href":"https:\/\/costablanca-magazin.com\/nb\/wp-json\/wp\/v2\/posts\/11880\/revisions"}],"predecessor-version":[{"id":11964,"href":"https:\/\/costablanca-magazin.com\/nb\/wp-json\/wp\/v2\/posts\/11880\/revisions\/11964"}],"wp:featuredmedia":[{"embeddable":true,"href":"https:\/\/costablanca-magazin.com\/nb\/wp-json\/wp\/v2\/media\/11881"}],"wp:attachment":[{"href":"https:\/\/costablanca-magazin.com\/nb\/wp-json\/wp\/v2\/media?parent=11880"}],"wp:term":[{"taxonomy":"category","embeddable":true,"href":"https:\/\/costablanca-magazin.com\/nb\/wp-json\/wp\/v2\/categories?post=11880"},{"taxonomy":"post_tag","embeddable":true,"href":"https:\/\/costablanca-magazin.com\/nb\/wp-json\/wp\/v2\/tags?post=11880"}],"curies":[{"name":"wp","href":"https:\/\/api.w.org\/{rel}","templated":true}]}}