{"id":11871,"date":"2026-07-14T11:28:59","date_gmt":"2026-07-14T09:28:59","guid":{"rendered":"https:\/\/costablanca-magazin.com\/?p=11871"},"modified":"2026-07-14T11:32:28","modified_gmt":"2026-07-14T09:32:28","slug":"aemet-varsel-for-costa-blanca-varme-opp-til-42-grader-i-innlandet","status":"publish","type":"post","link":"https:\/\/costablanca-magazin.com\/nb\/lokales\/infos\/aemet-warnung-costa-blanca-hitze-bis-42-grad-im-inland\/","title":{"rendered":"AEMET-varsel for Costa Blanca: Varme opp til 42 grader i innlandet"},"content":{"rendered":"<div data-elementor-type=\"wp-post\" data-elementor-id=\"11871\" class=\"elementor elementor-11871\" data-elementor-post-type=\"post\">\n\t\t\t\t<div class=\"elementor-element elementor-element-32ce498 e-flex e-con-boxed e-con e-parent\" data-id=\"32ce498\" data-element_type=\"container\" data-e-type=\"container\">\n\t\t\t\t\t<div class=\"e-con-inner\">\n\t\t\t\t<div class=\"elementor-element elementor-element-8f20973 elementor-widget elementor-widget-heading\" data-id=\"8f20973\" data-element_type=\"widget\" data-e-type=\"widget\" data-widget_type=\"heading.default\">\n\t\t\t\t<div class=\"elementor-widget-container\">\n\t\t\t\t\t<h1 class=\"elementor-heading-title elementor-size-default\">AEMET-varsel for Costa Blanca: Varme opp til 42 grader i innlandet<\/h1>\t\t\t\t<\/div>\n\t\t\t\t<\/div>\n\t\t\t\t<div class=\"elementor-element elementor-element-9b1be94 elementor-widget elementor-widget-image\" data-id=\"9b1be94\" data-element_type=\"widget\" data-e-type=\"widget\" data-widget_type=\"image.default\">\n\t\t\t\t<div class=\"elementor-widget-container\">\n\t\t\t\t\t\t\t\t\t\t\t\t\t\t\t<img fetchpriority=\"high\" decoding=\"async\" width=\"800\" height=\"534\" src=\"https:\/\/costablanca-magazin.com\/wp-content\/uploads\/2026\/07\/Sommerhitze-Mallorca-AEMET-1024x683.jpg\" class=\"attachment-large size-large wp-image-11872\" alt=\"AEMET-varsel for Costa Blanca: Varme opp til 42 grader i innlandet\" srcset=\"https:\/\/costablanca-magazin.com\/wp-content\/uploads\/2026\/07\/Sommerhitze-Mallorca-AEMET-1024x683.jpg 1024w, https:\/\/costablanca-magazin.com\/wp-content\/uploads\/2026\/07\/Sommerhitze-Mallorca-AEMET-300x200.jpg 300w, https:\/\/costablanca-magazin.com\/wp-content\/uploads\/2026\/07\/Sommerhitze-Mallorca-AEMET-768x512.jpg 768w, https:\/\/costablanca-magazin.com\/wp-content\/uploads\/2026\/07\/Sommerhitze-Mallorca-AEMET-1536x1024.jpg 1536w, https:\/\/costablanca-magazin.com\/wp-content\/uploads\/2026\/07\/Sommerhitze-Mallorca-AEMET-2048x1366.jpg 2048w, https:\/\/costablanca-magazin.com\/wp-content\/uploads\/2026\/07\/Sommerhitze-Mallorca-AEMET-18x12.jpg 18w\" sizes=\"(max-width: 800px) 100vw, 800px\" \/>\t\t\t\t\t\t\t\t\t\t\t\t\t\t\t<\/div>\n\t\t\t\t<\/div>\n\t\t\t\t<div class=\"elementor-element elementor-element-23a6956 elementor-widget elementor-widget-heading\" data-id=\"23a6956\" data-element_type=\"widget\" data-e-type=\"widget\" data-widget_type=\"heading.default\">\n\t\t\t\t<div class=\"elementor-widget-container\">\n\t\t\t\t\t<h2 class=\"elementor-heading-title elementor-size-default\">Costa Blanca g\u00e5r inn i en periode med sv\u00e6rt varmt v\u00e6r. Rett ved kysten vil temperaturene mange steder holde seg noe lavere, mens det i innlandet i provinsen Alicante blir betydelig mer ubehagelig. AEMET forventer lokale temperaturtopp p\u00e5 40 grader og mer.<\/h2>\t\t\t\t<\/div>\n\t\t\t\t<\/div>\n\t\t\t\t\t<\/div>\n\t\t\t\t<\/div>\n\t\t<div class=\"elementor-element elementor-element-404759e e-flex e-con-boxed e-con e-parent\" data-id=\"404759e\" data-element_type=\"container\" data-e-type=\"container\">\n\t\t\t\t\t<div class=\"e-con-inner\">\n\t\t<div class=\"elementor-element elementor-element-7053524 e-con-full e-flex e-con e-child\" data-id=\"7053524\" data-element_type=\"container\" data-e-type=\"container\">\n\t\t\t\t<div class=\"elementor-element elementor-element-1a79385 elementor-widget elementor-widget-text-editor\" data-id=\"1a79385\" data-element_type=\"widget\" data-e-type=\"widget\" data-widget_type=\"text-editor.default\">\n\t\t\t\t<div class=\"elementor-widget-container\">\n\t\t\t\t\t\t\t\t\t<h2><b data-olk-copy-source=\"MessageBody\">AEMET melder om h\u00f8ye temperaturer i Alicante og omegn<\/b><\/h2><p>Det spanske v\u00e6rbyr\u00e5et AEMET forventer mye sol, t\u00f8rr luft og stigende temperaturer i provinsen Alicante de neste dagene. Forskjellen mellom kystbyene og innlandet er spesielt p\u00e5fallende: I Alicante by ligger maksimumstemperaturene if\u00f8lge AEMET for det meste mellom 32 og 35 grader, mens de i Benidorm og Torrevieja ligger litt under eller litt over dette. I D\u00e9nia forventes det derimot opptil 37 grader, i X\u00e0bia opptil 36 grader og i Calp opptil 35 grader.<\/p><p>Prognosen er betydelig mer ekstrem i innlandet og i den s\u00f8rlige delen av provinsen. For Elche oppgir AEMET i den aktuelle 7-dagersprognosen maksimumstemperaturer p\u00e5 opptil 39 grader, for Orihuela opptil 41 grader og for Villena opptil 42 grader. Dermed gjelder varselet ikke bare de klassiske innlandskommunene, men ogs\u00e5 omr\u00e5der som spiller en rolle i hverdagen for mange innbyggere p\u00e5 Costa Blanca: pendling til jobb, innkj\u00f8p, legetimer, byggeplasser, landbruk, leveringstjenester og reiser mellom kysten og innlandet.<\/p><h2><b>Onsdag f\u00f8lges med s\u00e6rlig stor oppmerksomhet<\/b><\/h2><p>For tirsdag 14. juli har AEMET utstedt en gul advarsel for det indre av Alicante p\u00e5 grunn av temperaturer opp til 38 grader. For onsdag 15. juli er det meldt 40 grader i det indre av Alicante; i det s\u00f8rlige kystomr\u00e5det i provinsen Alicante melder AEMET om temperaturer p\u00e5 opptil 37 grader. Varselet gjelder i begge tilfeller de varmeste timene p\u00e5 dagen, alts\u00e5 fra tidlig ettermiddag og utover kvelden.<\/p><p>V\u00e6rforholdene er ikke begrenset til Alicante. AEMET forventer en sv\u00e6rt ugunstig uke for Comunitat Valenciana, med langvarige heteb\u00f8lger, saharast\u00f8v i luften og mulige t\u00f8rre tordenbyger i innlandet. Nettopp denne kombinasjonen kan \u00f8ke belastningen: Det er varmt, luften f\u00f8les tyngre, og ved t\u00f8rre tordenbyger \u00f8ker brannfaren ytterligere.<\/p><h2><b>Hvorfor denne varmen ofte undervurderes<\/b><\/h2><p>En varm juledag er ikke noe uvanlig p\u00e5 Costa Blanca. Det blir kritisk n\u00e5r h\u00f8ye dagstemperaturer kombineres med varme netter. Da kj\u00f8ler leilighetene seg d\u00e5rligere ned, sirkulasjonen kommer ikke helt til ro, og sm\u00e5 feil i hverdagen f\u00e5r st\u00f8rre betydning.<\/p><p>Eldre, sm\u00e5 barn, gravide, kronisk syke, personer med hjerte- og karsykdommer samt personer som arbeider utend\u00f8rs er spesielt utsatt. Selv de som \u201ebare kj\u00f8rer en kort tur\u201c for \u00e5 handle til lunsj, jobber i hagen eller g\u00e5r tur med hunden p\u00e5 oppvarmet asfalt, merker ofte belastningen f\u00f8rst n\u00e5r det er for sent.<\/p><p>Conselleria de Sanidad i Generalitat Valenciana p\u00e5peker i programmet \u201eAltas Temperaturas \u2013 Ola de Calor 2026\u201c helserisikoene ved h\u00f8ye temperaturer. Disse inkluderer dehydrering, varmestress og, i alvorlige tilfeller, heteslag. Det spanske helsedepartementet understreker ogs\u00e5 at eldre og barn er spesielt utsatt for sterke temperaturbelastninger.<\/p><h2><b>Hva som er fornuftig i hverdagen n\u00e5<\/b><\/h2><p>Avtaler, innkj\u00f8p, trening og hagearbeid b\u00f8r om mulig legges til tidlig om morgenen eller om kvelden. Timene mellom kl. 12 og 17 er, i dette v\u00e6ret, den minst gunstige tiden for alt som krever fysisk anstrengelse<\/p>\t\t\t\t\t\t\t\t<\/div>\n\t\t\t\t<\/div>\n\t\t\t\t<\/div>\n\t\t<div class=\"elementor-element elementor-element-6057c10 e-con-full e-flex e-con e-child\" data-id=\"6057c10\" data-element_type=\"container\" data-e-type=\"container\">\n\t\t\t\t<div class=\"elementor-element elementor-element-2760f44 elementor-widget elementor-widget-text-editor\" data-id=\"2760f44\" data-element_type=\"widget\" data-e-type=\"widget\" data-widget_type=\"text-editor.default\">\n\t\t\t\t<div class=\"elementor-widget-container\">\n\t\t\t\t\t\t\t\t\t<p>De som arbeider utend\u00f8rs, b\u00f8r ikke betrakte pauser, skygge og vann som en bekvemmelighet, men som et sikkerhetstiltak.<\/p><p>Man b\u00f8r ikke vente med \u00e5 drikke til man f\u00e5r hodepine, svimmelhet eller tretthet. Vann er et bedre valg enn alkohol, sv\u00e6rt s\u00f8te drikker eller flere sterke kaffekopper etter hverandre. N\u00e5r det er varmt, reagerer kroppen raskere enn vanlig.<\/p><p>Leilighetene skal holdes lukket og m\u00f8rklagt s\u00e5 langt det lar seg gj\u00f8re om dagen. Det luftes tidlig om morgenen og sent p\u00e5 kvelden. Markiser, rullegardiner og gardiner hjelper ofte bedre enn en vifte, som bare sprer varm luft.<\/p><p>N\u00e5r man spiser, er det som regel lettere \u00e5 ford\u00f8ye mindre porsjoner.\u00a0<\/p><p data-olk-copy-source=\"MessageBody\">Salater, frukt, gr\u00f8nnsaker, gazpacho, kalde supper eller enkle retter belaster sirkulasjonen mindre enn tunge m\u00e5ltider.<\/p><h2><b>Ikke glem barn, eldre og kj\u00e6ledyr<\/b><\/h2><p>Hos eldre mennesker er t\u00f8rstf\u00f8lelsen ofte svakere. P\u00e5r\u00f8rende og naboer b\u00f8r derfor heller sp\u00f8rre en gang for mye: Er det nok vann i huset? Er det kj\u00f8lig nok i leiligheten? Virker personen uvanlig tr\u00f8tt, forvirret eller svak?<\/p><p>Barn blir raskere overopphetet enn voksne. De b\u00f8r ikke leke lenge i solen i de varmeste timene. Barnevogner m\u00e5 ikke dekkes helt til med kluter, fordi varmen kan samle seg under dem.<\/p><p>Ogs\u00e5 hunder og katter trenger n\u00e5 mer oppmerksomhet. Turene b\u00f8r foreg\u00e5 tidlig om morgenen eller sent p\u00e5 kvelden. Asfalt kan bli sv\u00e6rt varmt og skade potene. Barn og dyr m\u00e5 aldri bli igjen i en parkert bil \u2013 ikke engang i noen f\u00e5 minutter.<\/p><h2><b>Ta advarselstegn p\u00e5 alvor<\/b><\/h2><p>Hodepine, svimmelhet, kvalme, muskelkramper, uvanlig svakhet, rask puls eller forvirring kan v\u00e6re de f\u00f8rste varselsignalene. Den som rammes, b\u00f8r umiddelbart komme seg ut av solen, sette seg ned eller legge seg ned, l\u00f8sne p\u00e5 kl\u00e6rne og kj\u00f8les ned forsiktig.<\/p><p>Vann b\u00f8r kun gis hvis personen er v\u00e5ken og kan kommunisere. Ved bevissthetsforstyrrelser, sterk forvirring, pusteproblemer, sv\u00e6rt varm hud, vedvarende oppkast eller mistanke om heteslag gjelder f\u00f8lgende: Ring 112 umiddelbart.<\/p><h2><b>Hva den gule advarselen betyr<\/b><\/h2><p>Gult er ikke en unntakstilstand hos AEMET. Det er imidlertid en klar advarsel: V\u00e6ret kan utgj\u00f8re en risiko for f\u00f8lsomme personer og ved feil oppf\u00f8rsel.<\/p><p>For Costa Blanca betyr dette n\u00e5: Ikke undervurder kystforholdene, hold spesielt \u00f8ye med innlandet, unng\u00e5 middagsvarmen, drikk nok v\u00e6ske og beskytt utsatte personer aktivt. De neste dagene gir ingen grunn til panikk \u2013 men det er heller ikke tid for \u00e5 slappe av.<\/p>\t\t\t\t\t\t\t\t<\/div>\n\t\t\t\t<\/div>\n\t\t\t\t<div class=\"elementor-element elementor-element-f5f87eb elementor-widget elementor-widget-spacer\" data-id=\"f5f87eb\" data-element_type=\"widget\" data-e-type=\"widget\" data-widget_type=\"spacer.default\">\n\t\t\t\t<div class=\"elementor-widget-container\">\n\t\t\t\t\t\t\t<div class=\"elementor-spacer\">\n\t\t\t<div class=\"elementor-spacer-inner\"><\/div>\n\t\t<\/div>\n\t\t\t\t\t\t<\/div>\n\t\t\t\t<\/div>\n\t\t\t\t<div class=\"elementor-element elementor-element-5b8bb51 elementor-widget elementor-widget-text-editor\" data-id=\"5b8bb51\" data-element_type=\"widget\" data-e-type=\"widget\" data-widget_type=\"text-editor.default\">\n\t\t\t\t<div class=\"elementor-widget-container\">\n\t\t\t\t\t\t\t\t\t<p><span lang=\"es\" data-olk-copy-source=\"MessageBody\">Kilde: AEMET, Helsedepartementet<\/span><\/p>\t\t\t\t\t\t\t\t<\/div>\n\t\t\t\t<\/div>\n\t\t\t\t<\/div>\n\t\t\t\t\t<\/div>\n\t\t\t\t<\/div>\n\t\t\t\t<\/div>","protected":false},"excerpt":{"rendered":"<p>AEMET-Warnung Costa Blanca: Hitze bis 42 Grad im Inland Die Costa Blanca startet in eine sehr hei\u00dfe Wetterphase. Direkt an der K\u00fcste bleiben die Werte vielerorts etwas niedriger, im Hinterland der Provinz Alicante wird es deutlich belastender. AEMET rechnet lokal mit Spitzen um 40 Grad und mehr. AEMET meldet hohe Temperaturen in Alicante und Umgebung [&hellip;]<\/p>\n","protected":false},"author":1,"featured_media":11872,"comment_status":"closed","ping_status":"closed","sticky":false,"template":"elementor_header_footer","format":"standard","meta":{"footnotes":""},"categories":[13,12],"tags":[1774],"class_list":["post-11871","post","type-post","status-publish","format-standard","has-post-thumbnail","hentry","category-infos","category-news-politik","tag-news-costa-blanca"],"aioseo_notices":[],"aioseo_head":"\n\t\t<!-- All in One SEO Pro 5.0.1.1 - aioseo.com -->\n\t<meta name=\"description\" content=\"AEMET warnt in der Provinz Alicante vor sehr hohen Temperaturen. An der Costa Blanca wird es hei\u00df, im Hinterland teils extrem. Was jetzt wichtig ist.\" \/>\n\t<meta name=\"robots\" content=\"max-snippet:-1, max-image-preview:large, max-video-preview:-1\" \/>\n\t<meta name=\"author\" content=\"admin\"\/>\n\t<link rel=\"canonical\" href=\"https:\/\/costablanca-magazin.com\/nb\/lokales\/infos\/aemet-warnung-costa-blanca-hitze-bis-42-grad-im-inland\/\" \/>\n\t<meta name=\"generator\" content=\"All in One SEO Pro (AIOSEO) 5.0.1.1\" \/>\n\t\t<meta property=\"og:locale\" content=\"nb_NO\" \/>\n\t\t<meta property=\"og:site_name\" content=\"Costa Blanca Magazin\" \/>\n\t\t<meta property=\"og:type\" content=\"article\" \/>\n\t\t<meta property=\"og:title\" content=\"AEMET-Warnung Costa Blanca: Hitze bis 42 Grad im Inland\" \/>\n\t\t<meta property=\"og:description\" content=\"AEMET warnt in der Provinz Alicante vor sehr hohen Temperaturen. An der Costa Blanca wird es hei\u00df, im Hinterland teils extrem. Was jetzt wichtig ist.\" \/>\n\t\t<meta property=\"og:url\" content=\"https:\/\/costablanca-magazin.com\/nb\/lokales\/infos\/aemet-warnung-costa-blanca-hitze-bis-42-grad-im-inland\/\" \/>\n\t\t<meta property=\"og:image\" content=\"https:\/\/costablanca-magazin.com\/wp-content\/uploads\/2026\/07\/Sommerhitze-Mallorca-AEMET.jpg\" \/>\n\t\t<meta property=\"og:image:secure_url\" content=\"https:\/\/costablanca-magazin.com\/wp-content\/uploads\/2026\/07\/Sommerhitze-Mallorca-AEMET.jpg\" \/>\n\t\t<meta property=\"og:image:width\" content=\"2560\" \/>\n\t\t<meta property=\"og:image:height\" content=\"1707\" \/>\n\t\t<meta property=\"article:published_time\" content=\"2026-07-14T09:28:59+00:00\" \/>\n\t\t<meta property=\"article:modified_time\" content=\"2026-07-14T09:32:28+00:00\" \/>\n\t\t<meta property=\"article:publisher\" content=\"https:\/\/www.facebook.com\/costablancalifestyle\/\" \/>\n\t\t<meta name=\"twitter:card\" content=\"summary_large_image\" \/>\n\t\t<meta name=\"twitter:title\" content=\"AEMET-Warnung Costa Blanca: Hitze bis 42 Grad im Inland\" \/>\n\t\t<meta name=\"twitter:description\" content=\"AEMET warnt in der Provinz Alicante vor sehr hohen Temperaturen. An der Costa Blanca wird es hei\u00df, im Hinterland teils extrem. Was jetzt wichtig ist.\" \/>\n\t\t<meta name=\"twitter:image\" content=\"https:\/\/costablanca-magazin.com\/wp-content\/uploads\/2026\/07\/Sommerhitze-Mallorca-AEMET.jpg\" \/>\n\t\t<script type=\"application\/ld+json\" class=\"aioseo-schema\">\n\t\t\t{\"@context\":\"https:\\\/\\\/schema.org\",\"@graph\":[{\"@type\":\"BreadcrumbList\",\"@id\":\"https:\\\/\\\/costablanca-magazin.com\\\/nb\\\/lokales\\\/infos\\\/aemet-warnung-costa-blanca-hitze-bis-42-grad-im-inland\\\/#breadcrumblist\",\"itemListElement\":[{\"@type\":\"ListItem\",\"@id\":\"https:\\\/\\\/costablanca-magazin.com\\\/nb#listItem\",\"position\":1,\"name\":\"Home\",\"item\":\"https:\\\/\\\/costablanca-magazin.com\\\/nb\",\"nextItem\":{\"@type\":\"ListItem\",\"@id\":\"https:\\\/\\\/costablanca-magazin.com\\\/nb\\\/lokalt\\\/#listItem\",\"name\":\"Lokales\"}},{\"@type\":\"ListItem\",\"@id\":\"https:\\\/\\\/costablanca-magazin.com\\\/nb\\\/lokalt\\\/#listItem\",\"position\":2,\"name\":\"Lokales\",\"item\":\"https:\\\/\\\/costablanca-magazin.com\\\/nb\\\/lokalt\\\/\",\"nextItem\":{\"@type\":\"ListItem\",\"@id\":\"https:\\\/\\\/costablanca-magazin.com\\\/nb\\\/informasjon\\\/#listItem\",\"name\":\"Infos\"},\"previousItem\":{\"@type\":\"ListItem\",\"@id\":\"https:\\\/\\\/costablanca-magazin.com\\\/nb#listItem\",\"name\":\"Home\"}},{\"@type\":\"ListItem\",\"@id\":\"https:\\\/\\\/costablanca-magazin.com\\\/nb\\\/informasjon\\\/#listItem\",\"position\":3,\"name\":\"Infos\",\"item\":\"https:\\\/\\\/costablanca-magazin.com\\\/nb\\\/informasjon\\\/\",\"nextItem\":{\"@type\":\"ListItem\",\"@id\":\"https:\\\/\\\/costablanca-magazin.com\\\/nb\\\/lokales\\\/infos\\\/aemet-warnung-costa-blanca-hitze-bis-42-grad-im-inland\\\/#listItem\",\"name\":\"AEMET-Warnung Costa Blanca: Hitze bis 42 Grad im Inland\"},\"previousItem\":{\"@type\":\"ListItem\",\"@id\":\"https:\\\/\\\/costablanca-magazin.com\\\/nb\\\/lokalt\\\/#listItem\",\"name\":\"Lokales\"}},{\"@type\":\"ListItem\",\"@id\":\"https:\\\/\\\/costablanca-magazin.com\\\/nb\\\/lokales\\\/infos\\\/aemet-warnung-costa-blanca-hitze-bis-42-grad-im-inland\\\/#listItem\",\"position\":4,\"name\":\"AEMET-Warnung Costa Blanca: Hitze bis 42 Grad im Inland\",\"previousItem\":{\"@type\":\"ListItem\",\"@id\":\"https:\\\/\\\/costablanca-magazin.com\\\/nb\\\/informasjon\\\/#listItem\",\"name\":\"Infos\"}}]},{\"@type\":\"NewsArticle\",\"@id\":\"https:\\\/\\\/costablanca-magazin.com\\\/nb\\\/lokales\\\/infos\\\/aemet-warnung-costa-blanca-hitze-bis-42-grad-im-inland\\\/#article\",\"name\":\"AEMET-Warnung Costa Blanca: Hitze bis 42 Grad im Inland\",\"headline\":\"AEMET-Warnung Costa Blanca: Hitze bis 42 Grad im Inland\",\"author\":{\"@id\":\"https:\\\/\\\/costablanca-magazin.com\\\/nb\\\/author\\\/admin\\\/#author\"},\"publisher\":{\"@id\":\"https:\\\/\\\/costablanca-magazin.com\\\/nb\\\/#organization\"},\"image\":{\"@type\":\"ImageObject\",\"url\":\"https:\\\/\\\/costablanca-magazin.com\\\/wp-content\\\/uploads\\\/2026\\\/07\\\/Sommerhitze-Mallorca-AEMET.jpg\",\"width\":2560,\"height\":1707,\"caption\":\"AEMET-Warnung Costa Blanca: Hitze bis 42 Grad im Inland\"},\"datePublished\":\"2026-07-14T11:28:59+02:00\",\"dateModified\":\"2026-07-14T11:32:28+02:00\",\"inLanguage\":\"nb-NO\",\"mainEntityOfPage\":{\"@id\":\"https:\\\/\\\/costablanca-magazin.com\\\/nb\\\/lokales\\\/infos\\\/aemet-warnung-costa-blanca-hitze-bis-42-grad-im-inland\\\/#webpage\"},\"isPartOf\":{\"@id\":\"https:\\\/\\\/costablanca-magazin.com\\\/nb\\\/lokales\\\/infos\\\/aemet-warnung-costa-blanca-hitze-bis-42-grad-im-inland\\\/#webpage\"},\"articleSection\":\"Infos, News &amp; Politik, News Costa Blanca\"},{\"@type\":\"Person\",\"@id\":\"https:\\\/\\\/costablanca-magazin.com\\\/nb\\\/author\\\/admin\\\/#author\",\"url\":\"https:\\\/\\\/costablanca-magazin.com\\\/nb\\\/author\\\/admin\\\/\",\"name\":\"admin\"},{\"@type\":\"WebPage\",\"@id\":\"https:\\\/\\\/costablanca-magazin.com\\\/nb\\\/lokales\\\/infos\\\/aemet-warnung-costa-blanca-hitze-bis-42-grad-im-inland\\\/#webpage\",\"url\":\"https:\\\/\\\/costablanca-magazin.com\\\/nb\\\/lokales\\\/infos\\\/aemet-warnung-costa-blanca-hitze-bis-42-grad-im-inland\\\/\",\"name\":\"AEMET-Warnung Costa Blanca: Hitze bis 42 Grad im Inland\",\"description\":\"AEMET warnt in der Provinz Alicante vor sehr hohen Temperaturen. An der Costa Blanca wird es hei\\u00df, im Hinterland teils extrem. Was jetzt wichtig ist.\",\"inLanguage\":\"nb-NO\",\"isPartOf\":{\"@id\":\"https:\\\/\\\/costablanca-magazin.com\\\/nb\\\/#website\"},\"breadcrumb\":{\"@id\":\"https:\\\/\\\/costablanca-magazin.com\\\/nb\\\/lokales\\\/infos\\\/aemet-warnung-costa-blanca-hitze-bis-42-grad-im-inland\\\/#breadcrumblist\"},\"author\":{\"@id\":\"https:\\\/\\\/costablanca-magazin.com\\\/nb\\\/author\\\/admin\\\/#author\"},\"creator\":{\"@id\":\"https:\\\/\\\/costablanca-magazin.com\\\/nb\\\/author\\\/admin\\\/#author\"},\"image\":{\"@type\":\"ImageObject\",\"url\":\"https:\\\/\\\/costablanca-magazin.com\\\/wp-content\\\/uploads\\\/2026\\\/07\\\/Sommerhitze-Mallorca-AEMET.jpg\",\"@id\":\"https:\\\/\\\/costablanca-magazin.com\\\/nb\\\/lokales\\\/infos\\\/aemet-warnung-costa-blanca-hitze-bis-42-grad-im-inland\\\/#mainImage\",\"width\":2560,\"height\":1707,\"caption\":\"AEMET-Warnung Costa Blanca: Hitze bis 42 Grad im Inland\"},\"primaryImageOfPage\":{\"@id\":\"https:\\\/\\\/costablanca-magazin.com\\\/nb\\\/lokales\\\/infos\\\/aemet-warnung-costa-blanca-hitze-bis-42-grad-im-inland\\\/#mainImage\"},\"datePublished\":\"2026-07-14T11:28:59+02:00\",\"dateModified\":\"2026-07-14T11:32:28+02:00\",\"mainEntity\":{\"@id\":\"https:\\\/\\\/costablanca-magazin.com\\\/nb\\\/lokales\\\/infos\\\/aemet-warnung-costa-blanca-hitze-bis-42-grad-im-inland\\\/#article\"}},{\"@type\":\"WebSite\",\"@id\":\"https:\\\/\\\/costablanca-magazin.com\\\/nb\\\/#website\",\"url\":\"https:\\\/\\\/costablanca-magazin.com\\\/nb\\\/\",\"name\":\"Costa Blanca Magazin\",\"description\":\"Costa Blanca - alles um das Leben und die Freizeit an der K\\u00fcste\",\"inLanguage\":\"nb-NO\",\"publisher\":{\"@id\":\"https:\\\/\\\/costablanca-magazin.com\\\/nb\\\/#organization\"},\"potentialAction\":{\"@type\":\"SearchAction\",\"target\":\"https:\\\/\\\/costablanca-magazin.com\\\/nb\\\/?s={search_term_string}\",\"query-input\":\"required name=search_term_string\"}},{\"@type\":[\"Organization\",\"NewsMediaOrganization\"],\"@id\":\"https:\\\/\\\/costablanca-magazin.com\\\/nb\\\/#organization\",\"name\":\"Costa Blanca Magazin\",\"description\":\"Costa Blanca Magazin\",\"url\":\"https:\\\/\\\/costablanca-magazin.com\\\/nb\\\/\",\"email\":\"info@costablanca-magazin.com\",\"telephone\":\"+34 663 946 871\",\"logo\":{\"@type\":\"ImageObject\",\"url\":\"https:\\\/\\\/costablanca-magazin.com\\\/wp-content\\\/uploads\\\/2024\\\/05\\\/logo.jpg\",\"@id\":\"https:\\\/\\\/costablanca-magazin.com\\\/nb\\\/lokales\\\/infos\\\/aemet-warnung-costa-blanca-hitze-bis-42-grad-im-inland\\\/#organizationLogo\",\"width\":1605,\"height\":236,\"caption\":\"Costa Blanca Magazin\"},\"image\":{\"@id\":\"https:\\\/\\\/costablanca-magazin.com\\\/nb\\\/lokales\\\/infos\\\/aemet-warnung-costa-blanca-hitze-bis-42-grad-im-inland\\\/#organizationLogo\"},\"sameAs\":[\"https:\\\/\\\/www.facebook.com\\\/costablancalifestyle\\\/\",\"https:\\\/\\\/www.instagram.com\\\/costablancamagazin\\\/\"]}]}\n\t\t<\/script>\n\t\t<!-- All in One SEO Pro -->\r\n\t\t<title>AEMET-Warnung Costa Blanca: Hitze bis 42 Grad im Inland<\/title>\n\n","aioseo_head_json":{"title":"AEMET-varsel for Costa Blanca: Varme opp til 42 grader i innlandet","description":"AEMET advarer om sv\u00e6rt h\u00f8ye temperaturer i provinsen Alicante. Det blir varmt p\u00e5 Costa Blanca, og i innlandet kan det bli ekstremt varmt. Dette er viktig \u00e5 vite n\u00e5.","canonical_url":"https:\/\/costablanca-magazin.com\/nb\/lokales\/infos\/aemet-warnung-costa-blanca-hitze-bis-42-grad-im-inland\/","robots":"max-snippet:-1, max-image-preview:large, max-video-preview:-1","keywords":"","webmasterTools":{"miscellaneous":""},"schema":{"@context":"https:\/\/schema.org","@graph":[{"@type":"BreadcrumbList","@id":"https:\/\/costablanca-magazin.com\/nb\/lokales\/infos\/aemet-warnung-costa-blanca-hitze-bis-42-grad-im-inland\/#breadcrumblist","itemListElement":[{"@type":"ListItem","@id":"https:\/\/costablanca-magazin.com\/nb#listItem","position":1,"name":"Home","item":"https:\/\/costablanca-magazin.com\/nb","nextItem":{"@type":"ListItem","@id":"https:\/\/costablanca-magazin.com\/nb\/lokalt\/#listItem","name":"Lokales"}},{"@type":"ListItem","@id":"https:\/\/costablanca-magazin.com\/nb\/lokalt\/#listItem","position":2,"name":"Lokales","item":"https:\/\/costablanca-magazin.com\/nb\/lokalt\/","nextItem":{"@type":"ListItem","@id":"https:\/\/costablanca-magazin.com\/nb\/informasjon\/#listItem","name":"Infos"},"previousItem":{"@type":"ListItem","@id":"https:\/\/costablanca-magazin.com\/nb#listItem","name":"Home"}},{"@type":"ListItem","@id":"https:\/\/costablanca-magazin.com\/nb\/informasjon\/#listItem","position":3,"name":"Infos","item":"https:\/\/costablanca-magazin.com\/nb\/informasjon\/","nextItem":{"@type":"ListItem","@id":"https:\/\/costablanca-magazin.com\/nb\/lokales\/infos\/aemet-warnung-costa-blanca-hitze-bis-42-grad-im-inland\/#listItem","name":"AEMET-Warnung Costa Blanca: Hitze bis 42 Grad im Inland"},"previousItem":{"@type":"ListItem","@id":"https:\/\/costablanca-magazin.com\/nb\/lokalt\/#listItem","name":"Lokales"}},{"@type":"ListItem","@id":"https:\/\/costablanca-magazin.com\/nb\/lokales\/infos\/aemet-warnung-costa-blanca-hitze-bis-42-grad-im-inland\/#listItem","position":4,"name":"AEMET-Warnung Costa Blanca: Hitze bis 42 Grad im Inland","previousItem":{"@type":"ListItem","@id":"https:\/\/costablanca-magazin.com\/nb\/informasjon\/#listItem","name":"Infos"}}]},{"@type":"NewsArticle","@id":"https:\/\/costablanca-magazin.com\/nb\/lokales\/infos\/aemet-warnung-costa-blanca-hitze-bis-42-grad-im-inland\/#article","name":"AEMET-Warnung Costa Blanca: Hitze bis 42 Grad im Inland","headline":"AEMET-Warnung Costa Blanca: Hitze bis 42 Grad im Inland","author":{"@id":"https:\/\/costablanca-magazin.com\/nb\/author\/admin\/#author"},"publisher":{"@id":"https:\/\/costablanca-magazin.com\/nb\/#organization"},"image":{"@type":"ImageObject","url":"https:\/\/costablanca-magazin.com\/wp-content\/uploads\/2026\/07\/Sommerhitze-Mallorca-AEMET.jpg","width":2560,"height":1707,"caption":"AEMET-Warnung Costa Blanca: Hitze bis 42 Grad im Inland"},"datePublished":"2026-07-14T11:28:59+02:00","dateModified":"2026-07-14T11:32:28+02:00","inLanguage":"nb-NO","mainEntityOfPage":{"@id":"https:\/\/costablanca-magazin.com\/nb\/lokales\/infos\/aemet-warnung-costa-blanca-hitze-bis-42-grad-im-inland\/#webpage"},"isPartOf":{"@id":"https:\/\/costablanca-magazin.com\/nb\/lokales\/infos\/aemet-warnung-costa-blanca-hitze-bis-42-grad-im-inland\/#webpage"},"articleSection":"Infos, News &amp; Politik, News Costa Blanca"},{"@type":"Person","@id":"https:\/\/costablanca-magazin.com\/nb\/author\/admin\/#author","url":"https:\/\/costablanca-magazin.com\/nb\/author\/admin\/","name":"admin"},{"@type":"WebPage","@id":"https:\/\/costablanca-magazin.com\/nb\/lokales\/infos\/aemet-warnung-costa-blanca-hitze-bis-42-grad-im-inland\/#webpage","url":"https:\/\/costablanca-magazin.com\/nb\/lokales\/infos\/aemet-warnung-costa-blanca-hitze-bis-42-grad-im-inland\/","name":"AEMET-Warnung Costa Blanca: Hitze bis 42 Grad im Inland","description":"AEMET warnt in der Provinz Alicante vor sehr hohen Temperaturen. An der Costa Blanca wird es hei\u00df, im Hinterland teils extrem. Was jetzt wichtig ist.","inLanguage":"nb-NO","isPartOf":{"@id":"https:\/\/costablanca-magazin.com\/nb\/#website"},"breadcrumb":{"@id":"https:\/\/costablanca-magazin.com\/nb\/lokales\/infos\/aemet-warnung-costa-blanca-hitze-bis-42-grad-im-inland\/#breadcrumblist"},"author":{"@id":"https:\/\/costablanca-magazin.com\/nb\/author\/admin\/#author"},"creator":{"@id":"https:\/\/costablanca-magazin.com\/nb\/author\/admin\/#author"},"image":{"@type":"ImageObject","url":"https:\/\/costablanca-magazin.com\/wp-content\/uploads\/2026\/07\/Sommerhitze-Mallorca-AEMET.jpg","@id":"https:\/\/costablanca-magazin.com\/nb\/lokales\/infos\/aemet-warnung-costa-blanca-hitze-bis-42-grad-im-inland\/#mainImage","width":2560,"height":1707,"caption":"AEMET-Warnung Costa Blanca: Hitze bis 42 Grad im Inland"},"primaryImageOfPage":{"@id":"https:\/\/costablanca-magazin.com\/nb\/lokales\/infos\/aemet-warnung-costa-blanca-hitze-bis-42-grad-im-inland\/#mainImage"},"datePublished":"2026-07-14T11:28:59+02:00","dateModified":"2026-07-14T11:32:28+02:00","mainEntity":{"@id":"https:\/\/costablanca-magazin.com\/nb\/lokales\/infos\/aemet-warnung-costa-blanca-hitze-bis-42-grad-im-inland\/#article"}},{"@type":"WebSite","@id":"https:\/\/costablanca-magazin.com\/nb\/#website","url":"https:\/\/costablanca-magazin.com\/nb\/","name":"Costa Blanca Magazin","description":"Costa Blanca - alles um das Leben und die Freizeit an der K\u00fcste","inLanguage":"nb-NO","publisher":{"@id":"https:\/\/costablanca-magazin.com\/nb\/#organization"},"potentialAction":{"@type":"SearchAction","target":"https:\/\/costablanca-magazin.com\/nb\/?s={search_term_string}","query-input":"required name=search_term_string"}},{"@type":["Organization","NewsMediaOrganization"],"@id":"https:\/\/costablanca-magazin.com\/nb\/#organization","name":"Costa Blanca Magazin","description":"Costa Blanca Magazin","url":"https:\/\/costablanca-magazin.com\/nb\/","email":"info@costablanca-magazin.com","telephone":"+34 663 946 871","logo":{"@type":"ImageObject","url":"https:\/\/costablanca-magazin.com\/wp-content\/uploads\/2024\/05\/logo.jpg","@id":"https:\/\/costablanca-magazin.com\/nb\/lokales\/infos\/aemet-warnung-costa-blanca-hitze-bis-42-grad-im-inland\/#organizationLogo","width":1605,"height":236,"caption":"Costa Blanca Magazin"},"image":{"@id":"https:\/\/costablanca-magazin.com\/nb\/lokales\/infos\/aemet-warnung-costa-blanca-hitze-bis-42-grad-im-inland\/#organizationLogo"},"sameAs":["https:\/\/www.facebook.com\/costablancalifestyle\/","https:\/\/www.instagram.com\/costablancamagazin\/"]}]},"og:locale":"nb_NO","og:site_name":"Costa Blanca Magazin","og:type":"article","og:title":"AEMET-Warnung Costa Blanca: Hitze bis 42 Grad im Inland","og:description":"AEMET warnt in der Provinz Alicante vor sehr hohen Temperaturen. An der Costa Blanca wird es hei\u00df, im Hinterland teils extrem. Was jetzt wichtig ist.","og:url":"https:\/\/costablanca-magazin.com\/nb\/lokales\/infos\/aemet-warnung-costa-blanca-hitze-bis-42-grad-im-inland\/","og:image":"https:\/\/costablanca-magazin.com\/wp-content\/uploads\/2026\/07\/Sommerhitze-Mallorca-AEMET.jpg","og:image:secure_url":"https:\/\/costablanca-magazin.com\/wp-content\/uploads\/2026\/07\/Sommerhitze-Mallorca-AEMET.jpg","og:image:width":2560,"og:image:height":1707,"article:published_time":"2026-07-14T09:28:59+00:00","article:modified_time":"2026-07-14T09:32:28+00:00","article:publisher":"https:\/\/www.facebook.com\/costablancalifestyle\/","twitter:card":"summary_large_image","twitter:title":"AEMET-Warnung Costa Blanca: Hitze bis 42 Grad im Inland","twitter:description":"AEMET warnt in der Provinz Alicante vor sehr hohen Temperaturen. An der Costa Blanca wird es hei\u00df, im Hinterland teils extrem. Was jetzt wichtig ist.","twitter:image":"https:\/\/costablanca-magazin.com\/wp-content\/uploads\/2026\/07\/Sommerhitze-Mallorca-AEMET.jpg"},"aioseo_meta_data":{"post_id":"11871","title":"AEMET-varsel for Costa Blanca: Varme opp til 42 grader i innlandet","description":"AEMET advarer om sv\u00e6rt h\u00f8ye temperaturer i provinsen Alicante. Det blir varmt p\u00e5 Costa Blanca, og i innlandet kan det bli ekstremt varmt. Dette er viktig \u00e5 vite n\u00e5.","keywords":null,"keyphrases":{"focus":[],"additional":[]},"primary_term":{"category":13},"canonical_url":null,"og_title":null,"og_description":null,"og_object_type":"default","og_image_type":"default","og_image_url":null,"og_image_width":null,"og_image_height":null,"og_image_custom_url":null,"og_image_custom_fields":null,"og_video":"","og_custom_url":null,"og_article_section":null,"og_article_tags":null,"twitter_use_og":false,"twitter_card":"default","twitter_image_type":"default","twitter_image_url":null,"twitter_image_custom_url":null,"twitter_image_custom_fields":null,"twitter_title":null,"twitter_description":null,"schema":{"blockGraphs":[],"customGraphs":[],"default":{"data":{"Article":[],"Course":[],"Dataset":[],"FAQPage":[],"Movie":[],"Person":[],"Product":[],"ProductReview":[],"Car":[],"Recipe":[],"Service":[],"SoftwareApplication":[],"WebPage":[]},"graphName":"Article","isEnabled":true},"graphs":[]},"schema_type":"default","schema_type_options":null,"pillar_content":false,"robots_default":true,"robots_noindex":false,"robots_noarchive":false,"robots_nosnippet":false,"robots_nofollow":false,"robots_noimageindex":false,"robots_noodp":false,"robots_notranslate":false,"robots_max_snippet":"-1","robots_max_videopreview":"-1","robots_max_imagepreview":"large","priority":null,"frequency":"default","local_seo":null,"seo_analyzer_scan_date":"2026-07-14 09:32:30","breadcrumb_settings":null,"limit_modified_date":false,"reviewed_by":"0","open_ai":null,"ai":{"faqs":[],"keyPoints":[],"schemas":[],"titles":[],"descriptions":[],"socialPosts":{"email":{"subject":"","preview":"","content":""},"linkedin":[],"twitter":[],"facebook":[],"instagram":[]}},"created":"2026-07-14 09:27:01","updated":"2026-08-10 07:29:20","focus_keyword":null,"additional_keywords":null,"truseo_locale":null},"aioseo_breadcrumb":"<div class=\"aioseo-breadcrumbs\"><span class=\"aioseo-breadcrumb\">\n\t<a href=\"https:\/\/costablanca-magazin.com\/nb\" title=\"Home\">Home<\/a>\n<\/span><span class=\"aioseo-breadcrumb-separator\">&raquo;<\/span><span class=\"aioseo-breadcrumb\">\n\t<a href=\"https:\/\/costablanca-magazin.com\/nb\/lokalt\/\" title=\"Lokales\">Lokales<\/a>\n<\/span><span class=\"aioseo-breadcrumb-separator\">&raquo;<\/span><span class=\"aioseo-breadcrumb\">\n\t<a href=\"https:\/\/costablanca-magazin.com\/nb\/informasjon\/\" title=\"Infos\">Infos<\/a>\n<\/span><span class=\"aioseo-breadcrumb-separator\">&raquo;<\/span><span class=\"aioseo-breadcrumb\">\n\tAEMET-Warnung Costa Blanca: Hitze bis 42 Grad im Inland\n<\/span><\/div>","aioseo_breadcrumb_json":[{"label":"Home","link":"https:\/\/costablanca-magazin.com\/nb"},{"label":"Lokales","link":"https:\/\/costablanca-magazin.com\/nb\/lokalt\/"},{"label":"Infos","link":"https:\/\/costablanca-magazin.com\/nb\/informasjon\/"},{"label":"AEMET-Warnung Costa Blanca: Hitze bis 42 Grad im Inland","link":"https:\/\/costablanca-magazin.com\/nb\/lokales\/infos\/aemet-warnung-costa-blanca-hitze-bis-42-grad-im-inland\/"}],"_links":{"self":[{"href":"https:\/\/costablanca-magazin.com\/nb\/wp-json\/wp\/v2\/posts\/11871","targetHints":{"allow":["GET"]}}],"collection":[{"href":"https:\/\/costablanca-magazin.com\/nb\/wp-json\/wp\/v2\/posts"}],"about":[{"href":"https:\/\/costablanca-magazin.com\/nb\/wp-json\/wp\/v2\/types\/post"}],"author":[{"embeddable":true,"href":"https:\/\/costablanca-magazin.com\/nb\/wp-json\/wp\/v2\/users\/1"}],"replies":[{"embeddable":true,"href":"https:\/\/costablanca-magazin.com\/nb\/wp-json\/wp\/v2\/comments?post=11871"}],"version-history":[{"count":7,"href":"https:\/\/costablanca-magazin.com\/nb\/wp-json\/wp\/v2\/posts\/11871\/revisions"}],"predecessor-version":[{"id":11879,"href":"https:\/\/costablanca-magazin.com\/nb\/wp-json\/wp\/v2\/posts\/11871\/revisions\/11879"}],"wp:featuredmedia":[{"embeddable":true,"href":"https:\/\/costablanca-magazin.com\/nb\/wp-json\/wp\/v2\/media\/11872"}],"wp:attachment":[{"href":"https:\/\/costablanca-magazin.com\/nb\/wp-json\/wp\/v2\/media?parent=11871"}],"wp:term":[{"taxonomy":"category","embeddable":true,"href":"https:\/\/costablanca-magazin.com\/nb\/wp-json\/wp\/v2\/categories?post=11871"},{"taxonomy":"post_tag","embeddable":true,"href":"https:\/\/costablanca-magazin.com\/nb\/wp-json\/wp\/v2\/tags?post=11871"}],"curies":[{"name":"wp","href":"https:\/\/api.w.org\/{rel}","templated":true}]}}