{"id":11484,"date":"2026-05-01T18:00:00","date_gmt":"2026-05-01T16:00:00","guid":{"rendered":"https:\/\/costablanca-magazin.com\/?p=11484"},"modified":"2026-05-01T16:41:21","modified_gmt":"2026-05-01T14:41:21","slug":"begivenheter-og-hendelser-pa-costa-blanca-mai-2026","status":"publish","type":"post","link":"https:\/\/costablanca-magazin.com\/nb\/freizeit\/veranstaltungen-events\/veranstaltungen-un-events-an-der-costa-blanca-mai-2026\/","title":{"rendered":"Arrangementer p\u00e5 Costa Blanca - mai 2026"},"content":{"rendered":"<div data-elementor-type=\"wp-post\" data-elementor-id=\"11484\" class=\"elementor elementor-11484\" data-elementor-post-type=\"post\">\n\t\t\t\t<div class=\"elementor-element elementor-element-acae5bb e-flex e-con-boxed e-con e-parent\" data-id=\"acae5bb\" data-element_type=\"container\" data-e-type=\"container\">\n\t\t\t\t\t<div class=\"e-con-inner\">\n\t\t\t\t<div class=\"elementor-element elementor-element-e385beb elementor-widget elementor-widget-heading\" data-id=\"e385beb\" data-element_type=\"widget\" data-e-type=\"widget\" data-widget_type=\"heading.default\">\n\t\t\t\t<div class=\"elementor-widget-container\">\n\t\t\t\t\t<h1 class=\"elementor-heading-title elementor-size-default\">Hendelser og begivenheter Costa Blanca - Mai 2026  <\/h1>\t\t\t\t<\/div>\n\t\t\t\t<\/div>\n\t\t\t\t<div class=\"elementor-element elementor-element-1e4422b elementor-widget elementor-widget-image\" data-id=\"1e4422b\" data-element_type=\"widget\" data-e-type=\"widget\" data-widget_type=\"image.default\">\n\t\t\t\t<div class=\"elementor-widget-container\">\n\t\t\t\t\t\t\t\t\t\t\t\t\t\t\t<img decoding=\"async\" src=\"https:\/\/costablanca-magazin.com\/wp-content\/uploads\/elementor\/thumbs\/AdobeStock_296419932-rmthu9squ8c3fibdg5sp50lnb7xizw4kcloptmooto.jpeg\" title=\"Arrangementer Costa Blanca - mai 2026\" alt=\"Arrangementer Costa Blanca - mai 2026\" loading=\"lazy\" \/>\t\t\t\t\t\t\t\t\t\t\t\t\t\t\t<\/div>\n\t\t\t\t<\/div>\n\t\t\t\t<div class=\"elementor-element elementor-element-17cba99 elementor-widget elementor-widget-heading\" data-id=\"17cba99\" data-element_type=\"widget\" data-e-type=\"widget\" data-widget_type=\"heading.default\">\n\t\t\t\t<div class=\"elementor-widget-container\">\n\t\t\t\t\t<h2 class=\"elementor-heading-title elementor-size-default\">Arrangementer i mai p\u00e5 Costa Blanca: Kultur, konserter, teater, arrangementer, fiestas og lokale datoer fra D\u00e9nia til Torrevieja p\u00e5 et \u00f8yeblikk.<\/h2>\t\t\t\t<\/div>\n\t\t\t\t<\/div>\n\t\t\t\t\t<\/div>\n\t\t\t\t<\/div>\n\t\t<div class=\"elementor-element elementor-element-cc0ba35 e-flex e-con-boxed e-con e-parent\" data-id=\"cc0ba35\" data-element_type=\"container\" data-e-type=\"container\">\n\t\t\t\t\t<div class=\"e-con-inner\">\n\t\t\t\t<div class=\"elementor-element elementor-element-d1aff0c elementor-widget elementor-widget-text-editor\" data-id=\"d1aff0c\" data-element_type=\"widget\" data-e-type=\"widget\" data-widget_type=\"text-editor.default\">\n\t\t\t\t<div class=\"elementor-widget-container\">\n\t\t\t\t\t\t\t\t\t<p>Mai bringer bevegelse i kalenderen p\u00e5 Costa Blanca. I Torrevieja er det <strong data-start=\"525\" data-end=\"542\">Feria de Mayo<\/strong> Andalusisk festivalkultur med casetas, sevillanas, flamenco og lange kvelder i byen. Calp sl\u00e5r an tonen med <strong data-start=\"653\" data-end=\"665\">Firacalp<\/strong> Byen D\u00e9nia fokuserer p\u00e5 gastronomi, handel og lokalt n\u00e6ringsliv, mens La Nuc\u00eda samler sport, workshops og gastronomiske formater. I D\u00e9nia beveger kulturen seg ut av sentrum med gatekunst, dans og utstillinger. Det er ogs\u00e5 teater i Altea og Benidorm, konserter i Torrevieja, Alicante og Villajoyosa samt mindre arrangementer som ofte er n\u00e6rmere hverdagslivet enn den store eventplakaten. Arrangementskalenderen i mai viser Costa Blanca mellom lokal scene, nabolag, musikk, marked og fiesta - fra D\u00e9nia til Torrevieja.<\/p>\t\t\t\t\t\t\t\t<\/div>\n\t\t\t\t<\/div>\n\t\t\t\t\t<\/div>\n\t\t\t\t<\/div>\n\t\t<div class=\"elementor-element elementor-element-e37328f e-flex e-con-boxed e-con e-parent\" data-id=\"e37328f\" data-element_type=\"container\" data-e-type=\"container\">\n\t\t\t\t\t<div class=\"e-con-inner\">\n\t\t\t\t<div class=\"elementor-element elementor-element-1e127f1 elementor-widget-divider--separator-type-pattern elementor-widget-divider--view-line elementor-widget elementor-widget-divider\" data-id=\"1e127f1\" data-element_type=\"widget\" data-e-type=\"widget\" data-widget_type=\"divider.default\">\n\t\t\t\t<div class=\"elementor-widget-container\">\n\t\t\t\t\t\t\t<div class=\"elementor-divider\" style=\"--divider-pattern-url: url(&quot;data:image\/svg+xml,%3Csvg xmlns=&#039;http:\/\/www.w3.org\/2000\/svg&#039; preserveAspectRatio=&#039;none&#039; overflow=&#039;visible&#039; height=&#039;100%&#039; viewBox=&#039;0 0 24 24&#039; fill=&#039;none&#039; stroke=&#039;black&#039; stroke-width=&#039;1.5&#039; stroke-linecap=&#039;square&#039; stroke-miterlimit=&#039;10&#039;%3E%3Cpath d=&#039;M0,6c6,0,0.9,11.1,6.9,11.1S18,6,24,6&#039;\/%3E%3C\/svg%3E&quot;);\">\n\t\t\t<span class=\"elementor-divider-separator\">\n\t\t\t\t\t\t<\/span>\n\t\t<\/div>\n\t\t\t\t\t\t<\/div>\n\t\t\t\t<\/div>\n\t\t\t\t\t<\/div>\n\t\t\t\t<\/div>\n\t\t<div class=\"elementor-element elementor-element-c17f1b4 e-flex e-con-boxed e-con e-parent\" data-id=\"c17f1b4\" data-element_type=\"container\" data-e-type=\"container\">\n\t\t\t\t\t<div class=\"e-con-inner\">\n\t\t<div class=\"elementor-element elementor-element-937fff6 e-con-full e-flex e-con e-child\" data-id=\"937fff6\" data-element_type=\"container\" data-e-type=\"container\">\n\t\t\t\t<div class=\"elementor-element elementor-element-fcd3619 elementor-widget elementor-widget-heading\" data-id=\"fcd3619\" data-element_type=\"widget\" data-e-type=\"widget\" data-widget_type=\"heading.default\">\n\t\t\t\t<div class=\"elementor-widget-container\">\n\t\t\t\t\t<h3 class=\"elementor-heading-title elementor-size-default\">Calpe\n<\/h3>\t\t\t\t<\/div>\n\t\t\t\t<\/div>\n\t\t\t\t<div class=\"elementor-element elementor-element-5a579c6 elementor-widget elementor-widget-text-editor\" data-id=\"5a579c6\" data-element_type=\"widget\" data-e-type=\"widget\" data-widget_type=\"text-editor.default\">\n\t\t\t\t<div class=\"elementor-widget-container\">\n\t\t\t\t\t\t\t\t\t<p>03. mai, kl. 10.00 til 14.00 - La Calle del Arte. Calle Sant\u00edsimo Cristo, Poble Antic de Calp. Kunst p\u00e5 gaten i stedet for bak museumsd\u00f8rer: Calle Sant\u00edsimo Cristo blir en \u00e5pen kunstmeile i det gamle sentrum. Arrangementet finner alltid sted den f\u00f8rste s\u00f8ndagen i m\u00e5neden. Organisert av Concejal\u00eda de Cultura Calp.<\/p><p>07. mai 2026, kl. 20:00 - Konferanse: Guardia Civil og historisk arv. Sal\u00f3 d'Actes, Seu Universit\u00e0ria de Calp - Casa Nova. Ra\u00fal Berenguer Gonz\u00e1lez forteller om Guardia Civils arbeid med \u00e5 beskytte den historiske arven. Det h\u00f8res t\u00f8rt ut, men det er et spennende blikk bak kulissene i arbeidet med monument- og kulturminnevern. Arrang\u00f8r er Universitat d'Alacant, Ajuntament de Calp og UCO.<\/p><p>08. mai, kl. 20.00 til 22.00 - Calp Piano Festival: Jean-Paul Gasparian. Auditorio, Casa de la Cultura. Den parisiske pianisten Jean-Paul Gasparian \u00e5pner den musikalske maim\u00e5neden i Calp. Den internasjonalt anerkjente og prisbel\u00f8nte pianisten har gratis adgang til Auditorio fredag kveld. Det er ledige plasser s\u00e5 lenge salen spiller med. Arrangeres av Concejal\u00eda de Cultura.<\/p><p>09. mai, kl. 9.30 - Sendero Azul de Calalga a Bassetes 2026. Startsted i henhold til p\u00e5melding \/ ruten Calalga-Bassetes. Guidet kystvandring p\u00e5 spansk, 3,2 kilometer, ca. to timer. Gratis, men med p\u00e5melding. En god mulighet til \u00e5 se denne kyststrekningen ikke bare i forbifarten. Organisert av Ajuntament de Calp.<\/p><p>09. mai, kl. 11.30 - Foredrag: Aspectos clave en el impacto visual, Sal\u00f3 Blau, Casa de Cultura. Jos\u00e9 Benito Ruiz snakker om visuell p\u00e5virkning - et tema for alle som ikke bare vil se p\u00e5 bilder, men som \u00f8nsker \u00e5 forst\u00e5 dem. Gratis inngang s\u00e5 lenge det er ledige plasser. Arrang\u00f8r er Ajuntament de Calp, Concejal\u00eda de Cultura, Foto Club Ifach og andre samarbeidspartnere.<\/p><p>15. mai, kl. 20.00 - Calp Piano Festival: Congyu Wang. Auditorio, Casa de la Cultura. Andre kveld av Calp Pianofestival. Congyu Wang spiller i auditoriet i Casa de la Cultura. Gratis adgang opp til fullsatt sal, anbefalt for publikum fra \u00e5tte \u00e5r og oppover. Arrangeres av Ajuntament de Calp og Concejal\u00eda de Cultura.<\/p><p>21. mai, kl. 20:00 - XV. internasjonale vinter-v\u00e5r-musikkfestival: Camerata Virtuosi. Auditorio, Casa de la Cultura. \u201eUna noche de solistas\u201c med Joaqu\u00edn Pall Palomares, Joaqu\u00edn Palomares og David Apell\u00e1niz. Klassisk kveld med to fioliner og cello. Inngang: 15 euro i billettluken, bestilling via info@pal-music.com<\/p><p>Arrangeres av Ajuntament de Calp og Concejal\u00eda de Cultura.<\/p><p>21. mai til s\u00f8ndag 24. mai - Firacalp 2026 - Plaza Mayor. Den XVI. utgaven av gastronomi- og handelsmessen bringer lokale bedrifter, mat, m\u00f8ter og forretninger til Plaza Mayor. Calp viser seg ikke fra sin glansede side her, men det som teller i hverdagen: Gastronomi, handel og nabolag. Messen arrangeres av Ajuntament de Calp, OBRI'T A CALP og Empresarios de Calpe.<\/p><p>29. mai, kl. 20.00 - Calp Piano Festival: Istv\u00e1n I. Sz\u00e9kely. Auditorio, Casa de la Cultura. Nok en pianokonsert i Auditorio i slutten av m\u00e5neden. Istv\u00e1n I. Sz\u00e9kely spiller som en del av Calp Piano Festival. Gratis adgang s\u00e5 langt det er plass, publikum fra \u00e5tte \u00e5r og oppover. Arrangeres av Ajuntament de Calp og Concejal\u00eda de Cultura.<\/p><p>30. mai, kl. 21.00 - Teater: Bienvenidos a bordo. Auditorio, Casa de la Cultura. Gruppen \u201eL@s Divin@s\u201c fremf\u00f8rer \u201eBienvenidos a bordo\u201c under ledelse av Maite L\u00f3pez. En teaterkveld med gratis adgang, s\u00e5 lenge det er ledige plasser. Arrangeres av Ajuntament de Calp og Centre C\u00edvic de la Tercera Edat.<\/p>\t\t\t\t\t\t\t\t<\/div>\n\t\t\t\t<\/div>\n\t\t\t\t<div class=\"elementor-element elementor-element-2749e87 elementor-widget elementor-widget-heading\" data-id=\"2749e87\" data-element_type=\"widget\" data-e-type=\"widget\" data-widget_type=\"heading.default\">\n\t\t\t\t<div class=\"elementor-widget-container\">\n\t\t\t\t\t<h3 class=\"elementor-heading-title elementor-size-default\">Altea<\/h3>\t\t\t\t<\/div>\n\t\t\t\t<\/div>\n\t\t\t\t<div class=\"elementor-element elementor-element-103fe67 elementor-widget elementor-widget-text-editor\" data-id=\"103fe67\" data-element_type=\"widget\" data-e-type=\"widget\" data-widget_type=\"text-editor.default\">\n\t\t\t\t<div class=\"elementor-widget-container\">\n\t\t\t\t\t\t\t\t\t<p>2. mai, kl. 18.00 - Vivo Vivaldi. Palau Altea. Vivaldi, men ikke i l\u00e6rebokformat: \u201eVivo Vivaldi\u201c kombinerer musikk, bevegelse og moderne scenisk arbeid for \u00e5 skape en reise gjennom de fire \u00e5rstidene. Stykket er utviklet av 10&amp;10-Narv\u00e1ez, Runde, Sanz med Cia. Teatro Espa\u00f1ol y 10&amp;10 Crega. Passer for barn, unge og voksne.\u00a0<\/p><p>03. mai, kl. 19.00 - \u00a1Por fin me voy! Palau Altea. Carles Sans, kjent fra sin lange tid med Tricicle, kommer til Altea med en ny solokveld. Hverdagsliv, idiosynkrasier, avskjedstanker og rikelig med timing: Skuespilleren gj\u00f8r sm\u00e5 observasjoner til stor komedie. Jos\u00e9 Corbacho er medregiss\u00f8r. Forestillingen spilles p\u00e5 spansk.\u00a0<\/p><p>09. mai, kl. 10.00 til 14.00 - Taller de narraci\u00f3n oral: Te cuento. Casa de Cultura Altea. Kan hvem som helst fortelle historier? Ikke helt, nei. Denne workshopen med Marisela Romero handler om hvordan en id\u00e9 blir til et fortalt \u00f8yeblikk. Samlingen 9. mai markerer avslutningen p\u00e5 den firedelte workshopen. Kurset vil bli holdt p\u00e5 spansk. Kun deltakelse p\u00e5 hele workshopen med fire datoer. P\u00e5melding via <a href=\"https:\/\/www.alteacultural.com\/inscripcio\" target=\"_blank\" rel=\"noopener\">www.alteacultural.com\/inscripcio<\/a><\/p><p>09. mai, kl. 20.00 - Teatro: El Futuro. Palau Altea. Med \u201eEl Futuro\u201c bringer Cia Gaudint Teatre en teaterreise gjennom Europa til scenen - utad p\u00e5 veien, innad ikke mindre. Mellom drama, komedie, vennskap og ubesvarte sp\u00f8rsm\u00e5l er det nok av stoff til ettertanke. Varighet: ca. 105 minutter. Forestillingen spilles p\u00e5 spansk.\u00a0<\/p><p>17. mai, kl. 19.00 - Teatro: La Ternura. Palau Altea. Shakespeare hilser, Alfredo Sanzol omskriver klassikeren: \u201eLa Ternura\u201c er en komedie om kj\u00e6rlighet, beskyttelse, forvirring og villfarelsen i \u00e5 kunne kontrollere f\u00f8lelsene. Stykket ble tildelt Premio Max for beste teaterstykke i 2019. En dronning, to prinsesser, en tilsynelatende \u00f8de \u00f8y - og selvf\u00f8lgelig g\u00e5r ingenting etter planen. Varighet: 120 minutter. Forestillingen spilles p\u00e5 spansk. Entr\u00e9: 20 til 24 euro.<\/p><p>31. mai, 18.30 - Teatre: M'entens o t'ho explique? Palau Altea. Cia. Pla i Rev\u00e9s bringer valensiansk teater til scenen i slutten av m\u00e5neden. \u201eM'entens o t'ho explique?\u201c h\u00f8res ut som et klart budskap allerede i tittelen - og sannsynligvis etter et par misforst\u00e5elser underveis. Inngang: 12 euro. Billetter via medlemmer av Comissi\u00f3 del Crist eller via <a href=\"https:\/\/bit.ly\/entrades31maig\" target=\"_blank\" rel=\"noopener\">bit.ly\/entrades31maig.<\/a><\/p>\t\t\t\t\t\t\t\t<\/div>\n\t\t\t\t<\/div>\n\t\t\t\t<\/div>\n\t\t<div class=\"elementor-element elementor-element-f24f320 e-con-full e-flex e-con e-child\" data-id=\"f24f320\" data-element_type=\"container\" data-e-type=\"container\">\n\t\t\t\t<div class=\"elementor-element elementor-element-e8d5383 elementor-widget__width-initial elementor-widget elementor-widget-gallery\" data-id=\"e8d5383\" data-element_type=\"widget\" data-e-type=\"widget\" data-settings=\"{&quot;gallery_layout&quot;:&quot;masonry&quot;,&quot;columns&quot;:1,&quot;gap&quot;:{&quot;unit&quot;:&quot;px&quot;,&quot;size&quot;:5,&quot;sizes&quot;:[]},&quot;lazyload&quot;:&quot;yes&quot;,&quot;columns_tablet&quot;:2,&quot;columns_mobile&quot;:1,&quot;gap_tablet&quot;:{&quot;unit&quot;:&quot;px&quot;,&quot;size&quot;:10,&quot;sizes&quot;:[]},&quot;gap_mobile&quot;:{&quot;unit&quot;:&quot;px&quot;,&quot;size&quot;:10,&quot;sizes&quot;:[]},&quot;link_to&quot;:&quot;file&quot;,&quot;overlay_background&quot;:&quot;yes&quot;,&quot;content_hover_animation&quot;:&quot;fade-in&quot;}\" data-widget_type=\"gallery.default\">\n\t\t\t\t<div class=\"elementor-widget-container\">\n\t\t\t\t\t\t\t<div class=\"elementor-gallery__container\">\n\t\t\t\t\t\t\t<a class=\"e-gallery-item elementor-gallery-item elementor-animated-content\" href=\"https:\/\/costablanca-magazin.com\/wp-content\/uploads\/2026\/05\/pa_vivovivaldi.webp\" data-elementor-open-lightbox=\"yes\" data-elementor-lightbox-slideshow=\"e8d5383\" data-elementor-lightbox-title=\"pa_vivovivaldi\" data-elementor-lightbox-description=\"Veranstaltungen Costa Blanca \u2013 Mai 2026  \" data-e-action-hash=\"#elementor-action%3Aaction%3Dlightbox%26settings%3DeyJpZCI6MTE1MTQsInVybCI6Imh0dHBzOlwvXC9jb3N0YWJsYW5jYS1tYWdhemluLmNvbVwvd3AtY29udGVudFwvdXBsb2Fkc1wvMjAyNlwvMDVcL3BhX3Zpdm92aXZhbGRpLndlYnAiLCJzbGlkZXNob3ciOiJlOGQ1MzgzIn0%3D\">\n\t\t\t\t\t<div class=\"e-gallery-image elementor-gallery-item__image\" data-thumbnail=\"https:\/\/costablanca-magazin.com\/wp-content\/uploads\/2026\/05\/pa_vivovivaldi.webp\" data-width=\"1100\" data-height=\"733\" aria-label=\"Arrangementer Costa Blanca - mai 2026\" role=\"img\" ><\/div>\n\t\t\t\t\t\t\t\t\t\t\t<div class=\"elementor-gallery-item__overlay\"><\/div>\n\t\t\t\t\t\t\t\t\t\t\t\t\t\t<\/a>\n\t\t\t\t\t\t\t<a class=\"e-gallery-item elementor-gallery-item elementor-animated-content\" href=\"https:\/\/costablanca-magazin.com\/wp-content\/uploads\/2026\/05\/200526_cartel_individual_zee_zee.jpg\" data-elementor-open-lightbox=\"yes\" data-elementor-lightbox-slideshow=\"e8d5383\" data-elementor-lightbox-title=\"200526_cartel_individual_zee_zee\" data-elementor-lightbox-description=\"Veranstaltungen Costa Blanca \u2013 Mai 2026  \" data-e-action-hash=\"#elementor-action%3Aaction%3Dlightbox%26settings%3DeyJpZCI6MTE0OTMsInVybCI6Imh0dHBzOlwvXC9jb3N0YWJsYW5jYS1tYWdhemluLmNvbVwvd3AtY29udGVudFwvdXBsb2Fkc1wvMjAyNlwvMDVcLzIwMDUyNl9jYXJ0ZWxfaW5kaXZpZHVhbF96ZWVfemVlLmpwZyIsInNsaWRlc2hvdyI6ImU4ZDUzODMifQ%3D%3D\">\n\t\t\t\t\t<div class=\"e-gallery-image elementor-gallery-item__image\" data-thumbnail=\"https:\/\/costablanca-magazin.com\/wp-content\/uploads\/2026\/05\/200526_cartel_individual_zee_zee.jpg\" data-width=\"1414\" data-height=\"2000\" aria-label=\"Arrangementer Costa Blanca - mai 2026\" role=\"img\" ><\/div>\n\t\t\t\t\t\t\t\t\t\t\t<div class=\"elementor-gallery-item__overlay\"><\/div>\n\t\t\t\t\t\t\t\t\t\t\t\t\t\t<\/a>\n\t\t\t\t\t\t\t<a class=\"e-gallery-item elementor-gallery-item elementor-animated-content\" href=\"https:\/\/costablanca-magazin.com\/wp-content\/uploads\/2026\/05\/210526_camerata_virtuosi_en_calpe_21_de_mayo_de_2026_1.jpg\" data-elementor-open-lightbox=\"yes\" data-elementor-lightbox-slideshow=\"e8d5383\" data-elementor-lightbox-title=\"210526_camerata_virtuosi_en_calpe_21_de_mayo_de_2026_1\" data-elementor-lightbox-description=\"Veranstaltungen Costa Blanca \u2013 Mai 2026  \" data-e-action-hash=\"#elementor-action%3Aaction%3Dlightbox%26settings%3DeyJpZCI6MTE0OTQsInVybCI6Imh0dHBzOlwvXC9jb3N0YWJsYW5jYS1tYWdhemluLmNvbVwvd3AtY29udGVudFwvdXBsb2Fkc1wvMjAyNlwvMDVcLzIxMDUyNl9jYW1lcmF0YV92aXJ0dW9zaV9lbl9jYWxwZV8yMV9kZV9tYXlvX2RlXzIwMjZfMS5qcGciLCJzbGlkZXNob3ciOiJlOGQ1MzgzIn0%3D\">\n\t\t\t\t\t<div class=\"e-gallery-image elementor-gallery-item__image\" data-thumbnail=\"https:\/\/costablanca-magazin.com\/wp-content\/uploads\/2026\/05\/210526_camerata_virtuosi_en_calpe_21_de_mayo_de_2026_1.jpg\" data-width=\"1024\" data-height=\"1536\" aria-label=\"Arrangementer Costa Blanca - mai 2026\" role=\"img\" ><\/div>\n\t\t\t\t\t\t\t\t\t\t\t<div class=\"elementor-gallery-item__overlay\"><\/div>\n\t\t\t\t\t\t\t\t\t\t\t\t\t\t<\/a>\n\t\t\t\t\t\t\t<a class=\"e-gallery-item elementor-gallery-item elementor-animated-content\" href=\"https:\/\/costablanca-magazin.com\/wp-content\/uploads\/2026\/05\/21_05_firacalp_maig.jpg\" data-elementor-open-lightbox=\"yes\" data-elementor-lightbox-slideshow=\"e8d5383\" data-elementor-lightbox-title=\"21_05_firacalp_maig\" data-elementor-lightbox-description=\"Veranstaltungen Costa Blanca \u2013 Mai 2026  \" data-e-action-hash=\"#elementor-action%3Aaction%3Dlightbox%26settings%3DeyJpZCI6MTE0OTUsInVybCI6Imh0dHBzOlwvXC9jb3N0YWJsYW5jYS1tYWdhemluLmNvbVwvd3AtY29udGVudFwvdXBsb2Fkc1wvMjAyNlwvMDVcLzIxXzA1X2ZpcmFjYWxwX21haWcuanBnIiwic2xpZGVzaG93IjoiZThkNTM4MyJ9\">\n\t\t\t\t\t<div class=\"e-gallery-image elementor-gallery-item__image\" data-thumbnail=\"https:\/\/costablanca-magazin.com\/wp-content\/uploads\/2026\/05\/21_05_firacalp_maig.jpg\" data-width=\"1080\" data-height=\"1350\" aria-label=\"Arrangementer Costa Blanca - mai 2026\" role=\"img\" ><\/div>\n\t\t\t\t\t\t\t\t\t\t\t<div class=\"elementor-gallery-item__overlay\"><\/div>\n\t\t\t\t\t\t\t\t\t\t\t\t\t\t<\/a>\n\t\t\t\t\t\t\t<a class=\"e-gallery-item elementor-gallery-item elementor-animated-content\" href=\"https:\/\/costablanca-magazin.com\/wp-content\/uploads\/2026\/05\/2026-04-11-Taller-narracion-oral-TE-CUENTO-Marisela-768x1085-1.webp\" data-elementor-open-lightbox=\"yes\" data-elementor-lightbox-slideshow=\"e8d5383\" data-elementor-lightbox-title=\"2026-04-11-Taller-narracion-oral-TE-CUENTO-Marisela-768x1085\" data-elementor-lightbox-description=\"Veranstaltungen Costa Blanca \u2013 Mai 2026  \" data-e-action-hash=\"#elementor-action%3Aaction%3Dlightbox%26settings%3DeyJpZCI6MTE0OTYsInVybCI6Imh0dHBzOlwvXC9jb3N0YWJsYW5jYS1tYWdhemluLmNvbVwvd3AtY29udGVudFwvdXBsb2Fkc1wvMjAyNlwvMDVcLzIwMjYtMDQtMTEtVGFsbGVyLW5hcnJhY2lvbi1vcmFsLVRFLUNVRU5UTy1NYXJpc2VsYS03Njh4MTA4NS0xLndlYnAiLCJzbGlkZXNob3ciOiJlOGQ1MzgzIn0%3D\">\n\t\t\t\t\t<div class=\"e-gallery-image elementor-gallery-item__image\" data-thumbnail=\"https:\/\/costablanca-magazin.com\/wp-content\/uploads\/2026\/05\/2026-04-11-Taller-narracion-oral-TE-CUENTO-Marisela-768x1085-1.webp\" data-width=\"768\" data-height=\"1085\" aria-label=\"Arrangementer Costa Blanca - mai 2026\" role=\"img\" ><\/div>\n\t\t\t\t\t\t\t\t\t\t\t<div class=\"elementor-gallery-item__overlay\"><\/div>\n\t\t\t\t\t\t\t\t\t\t\t\t\t\t<\/a>\n\t\t\t\t\t<\/div>\n\t\t\t\t\t<\/div>\n\t\t\t\t<\/div>\n\t\t\t\t<\/div>\n\t\t<div class=\"elementor-element elementor-element-afd3436 e-con-full e-flex e-con e-child\" data-id=\"afd3436\" data-element_type=\"container\" data-e-type=\"container\">\n\t\t\t\t<div class=\"elementor-element elementor-element-3845770 elementor-widget__width-initial elementor-widget elementor-widget-gallery\" data-id=\"3845770\" data-element_type=\"widget\" data-e-type=\"widget\" data-settings=\"{&quot;columns&quot;:1,&quot;gallery_layout&quot;:&quot;masonry&quot;,&quot;gap&quot;:{&quot;unit&quot;:&quot;px&quot;,&quot;size&quot;:5,&quot;sizes&quot;:[]},&quot;lazyload&quot;:&quot;yes&quot;,&quot;columns_tablet&quot;:2,&quot;columns_mobile&quot;:1,&quot;gap_tablet&quot;:{&quot;unit&quot;:&quot;px&quot;,&quot;size&quot;:10,&quot;sizes&quot;:[]},&quot;gap_mobile&quot;:{&quot;unit&quot;:&quot;px&quot;,&quot;size&quot;:10,&quot;sizes&quot;:[]},&quot;link_to&quot;:&quot;file&quot;,&quot;overlay_background&quot;:&quot;yes&quot;,&quot;content_hover_animation&quot;:&quot;fade-in&quot;}\" data-widget_type=\"gallery.default\">\n\t\t\t\t<div class=\"elementor-widget-container\">\n\t\t\t\t\t\t\t<div class=\"elementor-gallery__container\">\n\t\t\t\t\t\t\t<a class=\"e-gallery-item elementor-gallery-item elementor-animated-content\" href=\"https:\/\/costablanca-magazin.com\/wp-content\/uploads\/2026\/05\/villajozosa-2.jpg\" data-elementor-open-lightbox=\"yes\" data-elementor-lightbox-slideshow=\"3845770\" data-elementor-lightbox-title=\"villajoyosa 2\" data-elementor-lightbox-description=\"Veranstaltungen Costa Blanca \u2013 Mai 2026  \" data-e-action-hash=\"#elementor-action%3Aaction%3Dlightbox%26settings%3DeyJpZCI6MTE1MjIsInVybCI6Imh0dHBzOlwvXC9jb3N0YWJsYW5jYS1tYWdhemluLmNvbVwvd3AtY29udGVudFwvdXBsb2Fkc1wvMjAyNlwvMDVcL3ZpbGxham96b3NhLTIuanBnIiwic2xpZGVzaG93IjoiMzg0NTc3MCJ9\">\n\t\t\t\t\t<div class=\"e-gallery-image elementor-gallery-item__image\" data-thumbnail=\"https:\/\/costablanca-magazin.com\/wp-content\/uploads\/2026\/05\/villajozosa-2.jpg\" data-width=\"700\" data-height=\"420\" aria-label=\"Arrangementer Costa Blanca - mai 2026\" role=\"img\" ><\/div>\n\t\t\t\t\t\t\t\t\t\t\t<div class=\"elementor-gallery-item__overlay\"><\/div>\n\t\t\t\t\t\t\t\t\t\t\t\t\t\t<\/a>\n\t\t\t\t\t\t\t<a class=\"e-gallery-item elementor-gallery-item elementor-animated-content\" href=\"https:\/\/costablanca-magazin.com\/wp-content\/uploads\/2026\/05\/vila-4.jpg\" data-elementor-open-lightbox=\"yes\" data-elementor-lightbox-slideshow=\"3845770\" data-elementor-lightbox-title=\"vila 4\" data-elementor-lightbox-description=\"Veranstaltungen Costa Blanca \u2013 Mai 2026  \" data-e-action-hash=\"#elementor-action%3Aaction%3Dlightbox%26settings%3DeyJpZCI6MTE1MjEsInVybCI6Imh0dHBzOlwvXC9jb3N0YWJsYW5jYS1tYWdhemluLmNvbVwvd3AtY29udGVudFwvdXBsb2Fkc1wvMjAyNlwvMDVcL3ZpbGEtNC5qcGciLCJzbGlkZXNob3ciOiIzODQ1NzcwIn0%3D\">\n\t\t\t\t\t<div class=\"e-gallery-image elementor-gallery-item__image\" data-thumbnail=\"https:\/\/costablanca-magazin.com\/wp-content\/uploads\/2026\/05\/vila-4.jpg\" data-width=\"1792\" data-height=\"2560\" aria-label=\"Arrangementer Costa Blanca - mai 2026\" role=\"img\" ><\/div>\n\t\t\t\t\t\t\t\t\t\t\t<div class=\"elementor-gallery-item__overlay\"><\/div>\n\t\t\t\t\t\t\t\t\t\t\t\t\t\t<\/a>\n\t\t\t\t\t\t\t<a class=\"e-gallery-item elementor-gallery-item elementor-animated-content\" href=\"https:\/\/costablanca-magazin.com\/wp-content\/uploads\/2026\/05\/vila-3.jpg\" data-elementor-open-lightbox=\"yes\" data-elementor-lightbox-slideshow=\"3845770\" data-elementor-lightbox-title=\"vila 3\" data-elementor-lightbox-description=\"Veranstaltungen Costa Blanca \u2013 Mai 2026  \" data-e-action-hash=\"#elementor-action%3Aaction%3Dlightbox%26settings%3DeyJpZCI6MTE1MjAsInVybCI6Imh0dHBzOlwvXC9jb3N0YWJsYW5jYS1tYWdhemluLmNvbVwvd3AtY29udGVudFwvdXBsb2Fkc1wvMjAyNlwvMDVcL3ZpbGEtMy5qcGciLCJzbGlkZXNob3ciOiIzODQ1NzcwIn0%3D\">\n\t\t\t\t\t<div class=\"e-gallery-image elementor-gallery-item__image\" data-thumbnail=\"https:\/\/costablanca-magazin.com\/wp-content\/uploads\/2026\/05\/vila-3.jpg\" data-width=\"2560\" data-height=\"1440\" aria-label=\"Arrangementer Costa Blanca - mai 2026\" role=\"img\" ><\/div>\n\t\t\t\t\t\t\t\t\t\t\t<div class=\"elementor-gallery-item__overlay\"><\/div>\n\t\t\t\t\t\t\t\t\t\t\t\t\t\t<\/a>\n\t\t\t\t\t\t\t<a class=\"e-gallery-item elementor-gallery-item elementor-animated-content\" href=\"https:\/\/costablanca-magazin.com\/wp-content\/uploads\/2026\/05\/pa_vivovivaldi_banner.webp\" data-elementor-open-lightbox=\"yes\" data-elementor-lightbox-slideshow=\"3845770\" data-elementor-lightbox-title=\"pa_vivovivaldi_banner\" data-elementor-lightbox-description=\"Veranstaltungen Costa Blanca \u2013 Mai 2026  \" data-e-action-hash=\"#elementor-action%3Aaction%3Dlightbox%26settings%3DeyJpZCI6MTE1MTUsInVybCI6Imh0dHBzOlwvXC9jb3N0YWJsYW5jYS1tYWdhemluLmNvbVwvd3AtY29udGVudFwvdXBsb2Fkc1wvMjAyNlwvMDVcL3BhX3Zpdm92aXZhbGRpX2Jhbm5lci53ZWJwIiwic2xpZGVzaG93IjoiMzg0NTc3MCJ9\">\n\t\t\t\t\t<div class=\"e-gallery-image elementor-gallery-item__image\" data-thumbnail=\"https:\/\/costablanca-magazin.com\/wp-content\/uploads\/2026\/05\/pa_vivovivaldi_banner.webp\" data-width=\"1096\" data-height=\"403\" aria-label=\"Arrangementer Costa Blanca - mai 2026\" role=\"img\" ><\/div>\n\t\t\t\t\t\t\t\t\t\t\t<div class=\"elementor-gallery-item__overlay\"><\/div>\n\t\t\t\t\t\t\t\t\t\t\t\t\t\t<\/a>\n\t\t\t\t\t\t\t<a class=\"e-gallery-item elementor-gallery-item elementor-animated-content\" href=\"https:\/\/costablanca-magazin.com\/wp-content\/uploads\/2026\/05\/WhatsApp_Image_2026-03-06_at_11-11-37.jpeg\" data-elementor-open-lightbox=\"yes\" data-elementor-lightbox-slideshow=\"3845770\" data-elementor-lightbox-title=\"WhatsApp_Image_2026-03-06_at_11-11-37\" data-elementor-lightbox-description=\"Veranstaltungen Costa Blanca \u2013 Mai 2026  \" data-e-action-hash=\"#elementor-action%3Aaction%3Dlightbox%26settings%3DeyJpZCI6MTE1MjMsInVybCI6Imh0dHBzOlwvXC9jb3N0YWJsYW5jYS1tYWdhemluLmNvbVwvd3AtY29udGVudFwvdXBsb2Fkc1wvMjAyNlwvMDVcL1doYXRzQXBwX0ltYWdlXzIwMjYtMDMtMDZfYXRfMTEtMTEtMzcuanBlZyIsInNsaWRlc2hvdyI6IjM4NDU3NzAifQ%3D%3D\">\n\t\t\t\t\t<div class=\"e-gallery-image elementor-gallery-item__image\" data-thumbnail=\"https:\/\/costablanca-magazin.com\/wp-content\/uploads\/2026\/05\/WhatsApp_Image_2026-03-06_at_11-11-37.jpeg\" data-width=\"1131\" data-height=\"1600\" aria-label=\"Arrangementer Costa Blanca - mai 2026\" role=\"img\" ><\/div>\n\t\t\t\t\t\t\t\t\t\t\t<div class=\"elementor-gallery-item__overlay\"><\/div>\n\t\t\t\t\t\t\t\t\t\t\t\t\t\t<\/a>\n\t\t\t\t\t<\/div>\n\t\t\t\t\t<\/div>\n\t\t\t\t<\/div>\n\t\t\t\t<\/div>\n\t\t<div class=\"elementor-element elementor-element-b6e5bc2 e-con-full e-flex e-con e-child\" data-id=\"b6e5bc2\" data-element_type=\"container\" data-e-type=\"container\">\n\t\t\t\t<div class=\"elementor-element elementor-element-fdc8bae elementor-widget elementor-widget-heading\" data-id=\"fdc8bae\" data-element_type=\"widget\" data-e-type=\"widget\" data-widget_type=\"heading.default\">\n\t\t\t\t<div class=\"elementor-widget-container\">\n\t\t\t\t\t<h3 class=\"elementor-heading-title elementor-size-default\">La Vilajoiosa<\/h3>\t\t\t\t<\/div>\n\t\t\t\t<\/div>\n\t\t\t\t<div class=\"elementor-element elementor-element-b648d7f elementor-widget elementor-widget-text-editor\" data-id=\"b648d7f\" data-element_type=\"widget\" data-e-type=\"widget\" data-widget_type=\"text-editor.default\">\n\t\t\t\t<div class=\"elementor-widget-container\">\n\t\t\t\t\t\t\t\t\t<p>Til 04. mai, kl. 18.00 - Utstilling: Campo Abierto, Ernst Kraft Espai d'Art Contemporani La Barbera, C. Huit de Maig, s\/n. Abstraksjon m\u00f8ter figur, lys m\u00f8ter skygge: Ernst Kraft viser verk som ikke er h\u00f8ylytte, men som har en langvarig effekt. Utstillingen har p\u00e5g\u00e5tt siden 6. mars og vises frem til 4. mai.<\/p><p>05. mai, kl. 18.00 - Kino: El jovencito Frankenstein. Auditorio Centro Social. Mel Brooks\u2019 klassiker fra 1974 bringer Frankenstein til lerretet uten patos, men med fart og absurd humor. Presentert av Sebasti\u00e1n Ant\u00f3n. Passer for alle aldre. Varighet: 105 minutter.\u00a0<\/p><p>L\u00f8rdag 9. mai 2026, kl. 17.00 - Konsert XIV Concurs de Tuba. Tuba i konkurransesammenheng: Agrupaci\u00f3 Musical Mediterraneo setter s\u00f8kelyset p\u00e5 et instrument som ellers ofte jobber i bakgrunnen. Konserten starter kl. 17.00. Arrang\u00f8r er Agrupaci\u00f3 Musical Mediterraneo.<\/p><p>16. mai, kl. 19.00 - Dans: La Finitud, C\u00eda. Sara Calero. Teatre Auditori, Concepci\u00f3n Aragon\u00e9s, 2. Flamenco, dans og musikk som en refleksjon over forgjengelighet: Sara Calero setter opp et intenst stykke for et voksent publikum med tre musikere. Varighet: 75 minutter.\u00a0<\/p><p>23. mai, kl. 18:00 - Dukketeater: Jagill\u00e9, el porquet verdblau. Auditorio Centro Social. Et gr\u00e5tt villsvin dr\u00f8mmer seg inn i andre farger, former og identiteter - og til slutt m\u00e5 det finne ut hvem det egentlig er. Dukketeater p\u00e5 valenciansk for familier med barn fra fem \u00e5r og oppover. Varighet: 50 minutter. Begrenset antall plasser, invitasjoner er tilgjengelige en m\u00e5ned f\u00f8r forestillingen.<\/p><p>30. mai, kl. 19.00 - Musikk: Bront\u00eb, Guiem Soldevila. Jard\u00edn Do\u00f1a Concha La Barbera. Den menorcinske musikeren Guiem Soldevila kombinerer folkemusikk, pop, litteratur og scenisk poesi med Bront\u00eb-s\u00f8strenes tekstverdener. Med stemme, piano, gitar, cello, fl\u00f8yte, dans og fortelling. En kveld for et voksent publikum som jobber i det stille fremfor \u00e5 satse p\u00e5 store effekter.<\/p><p>31. mai, kl. 12.00 - Konsert OCA Ateneu Musical. Auditorio Centro Social. Musikk i slutten av m\u00e5neden: Societat Ateneu Musical inviterer til konsert i Auditorio Centro Social. Konserten starter kl. 12.00. Organisert av Societat Ateneu Musical.<\/p>\t\t\t\t\t\t\t\t<\/div>\n\t\t\t\t<\/div>\n\t\t\t\t<div class=\"elementor-element elementor-element-f3718b4 elementor-widget elementor-widget-heading\" data-id=\"f3718b4\" data-element_type=\"widget\" data-e-type=\"widget\" data-widget_type=\"heading.default\">\n\t\t\t\t<div class=\"elementor-widget-container\">\n\t\t\t\t\t<h3 class=\"elementor-heading-title elementor-size-default\">Benissa<\/h3>\t\t\t\t<\/div>\n\t\t\t\t<\/div>\n\t\t\t\t<div class=\"elementor-element elementor-element-39593e2 elementor-widget__width-initial elementor-widget elementor-widget-text-editor\" data-id=\"39593e2\" data-element_type=\"widget\" data-e-type=\"widget\" data-widget_type=\"text-editor.default\">\n\t\t\t\t<div class=\"elementor-widget-container\">\n\t\t\t\t\t\t\t\t\t<p>03. mai, kl. 10.00 - Mercado del coleccionismo e intercambio filat\u00e9lico . Bajos del antiguo Casal Jove, Calle Francisco Sendra, 2. Frimerker, mynter, gamle gjenstander og sm\u00e5funn med en historie: Samler- og byttemarkedet i Benissa er ikke for dem som har det travelt, men akkurat passe for alle som liker \u00e5 kikke. Gratis adgang. Arrangeres av Agrupaci\u00f3n Filat\u00e9lica y Numism\u00e1tica Benissa.<\/p><p>Til 18. mai, tirsdag til l\u00f8rdag, kl. 18.00-20.30 - Utstillingen Certamen pintura Salvador Soria. Centro de Arte Taller Ivars, Pla\u00e7a Germans Ivars. Taller Ivars viser verk fra Salvador Sorias malerikonkurranse. En rolig kunstbegivenhet tidlig p\u00e5 kvelden - med god tid til \u00e5 se, sammenligne og diskutere. Gratis inngang. Stengt p\u00e5 helligdager og i festivaluken fra 27. april til 3. mai.<\/p><p>09. mai, kl. 19:00 og 22:00 og 10. mai, kl. 18:00 og 21:00 - Kino: Kraken. El Libro Negro de las Horas. Sal\u00f3 Cultural, Calle Pare Andreu Ivars, 21, 3. etasje. Spansk thriller med Alejo Sauras, Maggie Civantos og Natalia Rodr\u00edguez. Intrige, politi, familie - ikke en film du kan se mens du sorterer WhatsApp-meldinger. Anbefales ikke for barn under 12 \u00e5r. Arrangeres av Ayuntamiento de Benissa.<\/p><p>16. mai kl. 19.00 og 22.00 og 17. mai kl. 18.00 og 21.00 - Kino: Michael, Sal\u00f3 Cultural, Calle Pare Andreu Ivars, 21, 3. etasje. Biografisk musikkdrama om Michael Jackson, regissert av Antoine Fuqua, med Jaafar Jackson, Nia Long, Laura Harrier, Miles Teller og Colman Domingo. To visninger - for pophistorie med kino i stedet for str\u00f8mmesofa. Anbefales ikke for barn under 12 \u00e5r. Arrangeres av Ayuntamiento de<\/p>\t\t\t\t\t\t\t\t<\/div>\n\t\t\t\t<\/div>\n\t\t\t\t<\/div>\n\t\t\t\t\t<\/div>\n\t\t\t\t<\/div>\n\t\t<div class=\"elementor-element elementor-element-4af194c e-flex e-con-boxed e-con e-parent\" data-id=\"4af194c\" data-element_type=\"container\" data-e-type=\"container\">\n\t\t\t\t\t<div class=\"e-con-inner\">\n\t\t<div class=\"elementor-element elementor-element-5363c05 e-con-full e-flex e-con e-child\" data-id=\"5363c05\" data-element_type=\"container\" data-e-type=\"container\">\n\t\t\t\t<div class=\"elementor-element elementor-element-0d11699 elementor-widget elementor-widget-heading\" data-id=\"0d11699\" data-element_type=\"widget\" data-e-type=\"widget\" data-widget_type=\"heading.default\">\n\t\t\t\t<div class=\"elementor-widget-container\">\n\t\t\t\t\t<h3 class=\"elementor-heading-title elementor-size-default\">Teulada\/Moraira\n<\/h3>\t\t\t\t<\/div>\n\t\t\t\t<\/div>\n\t\t\t\t<div class=\"elementor-element elementor-element-b155506 elementor-widget elementor-widget-text-editor\" data-id=\"b155506\" data-element_type=\"widget\" data-e-type=\"widget\" data-widget_type=\"text-editor.default\">\n\t\t\t\t<div class=\"elementor-widget-container\">\n\t\t\t\t\t\t\t\t\t<p>10. mai, 18.00 - Santi Marcilla: \u201eDespierta! Est\u00e1s so\u00f1ando. Ellos tambi\u00e9n\u201c <br \/>Auditorio Teulada Moraira. Ikke en klassisk tryllekassekveld: Santi Marcilla jobber med illusjon, mentalisme og persepsjon - med andre ord med det \u00f8yeblikket der du som publikum et \u00f8yeblikk lurer p\u00e5 om ditt eget hode fortsatt spiller med eller om det i all hemmelighet har falt ut. En liveopplevelse mellom magi, sanseillusjon og forbl\u00f8ffelse.<\/p><p>16. mai, kl. 20:00 - 80-tallssymfonien av Neon Collective <br \/>Auditorio Teulada Moraira. The Cure, U2 og Depeche Mode m\u00f8ter orkestral kraft: Neon Collective tar med seg mer enn 40 musikere p\u00e5 scenen og gj\u00f8r de store 80-tallshymnene om til et symfonisk hyllestformat. For alle som kjenner \u201eEnjoy the Silence\u201c - og gjerne vil h\u00f8re den med betydelig flere strykere.<\/p>\t\t\t\t\t\t\t\t<\/div>\n\t\t\t\t<\/div>\n\t\t\t\t<div class=\"elementor-element elementor-element-876ad6b elementor-widget elementor-widget-heading\" data-id=\"876ad6b\" data-element_type=\"widget\" data-e-type=\"widget\" data-widget_type=\"heading.default\">\n\t\t\t\t<div class=\"elementor-widget-container\">\n\t\t\t\t\t<h3 class=\"elementor-heading-title elementor-size-default\">La Nucia\n\n<\/h3>\t\t\t\t<\/div>\n\t\t\t\t<\/div>\n\t\t\t\t<div class=\"elementor-element elementor-element-ec8afb3 elementor-widget elementor-widget-text-editor\" data-id=\"ec8afb3\" data-element_type=\"widget\" data-e-type=\"widget\" data-widget_type=\"text-editor.default\">\n\t\t\t\t<div class=\"elementor-widget-container\">\n\t\t\t\t\t\t\t\t\t<p>\u00a002. mai til 3. mai - Campeonato de Espa\u00f1a Raids Aventura. La Nuc\u00eda Ciudad del Deporte, stadion og uteomr\u00e5der. Det spanske mesterskapet i Raid Aventura bringer orientering, utholdenhet og lagarbeid til La Nuc\u00eda. To dager med sportsprogram p\u00e5 og rundt anleggene til Ciudad del Deporte. \u00c5pent for publikum.<\/p><p>06. mars , 18.00 - Utstilling: Campo Abierto, Ernst Kraft. Kunstutstillingen \u201eCampo Abierto\u201c av Ernst Kraft \u00e5pnet 6. mars. En stille kunstdag i La Nucias kalender - med betydelig mindre puls enn de sportslige begivenhetene, men absolutt ikke mindre i\u00f8ynefallende.<\/p><p>05. mai til 23. juni - Talleres Xarxa Salut. La Nuc\u00eda, et sted for helse og foreldreskap. Ni gratis \u00f8kter for m\u00f8dre og fedre om foreldrerollen, familiehverdagen og det \u00e5 leve med barn. Workshopene ledes av spesialister fra Centro de Salud og Centro de Especialidades La Nuc\u00eda. Praktisk, hverdagsn\u00e6rt og trygt uten et glanset pedagogisk filter.<\/p><p>07. mai, kl. 10.00 - Jornada Redes Sociales con IA. Lab_Nucia. En workshop for bedrifter som vet at de m\u00e5 v\u00e6re mer til stede p\u00e5 nett - men aldri vet hva de skal legge ut. Tema: Hvordan kunstig intelligens kan hjelpe til med ideer, tekster, redaksjonelle planer og struktur i sosiale medier. Arrangeres i samarbeid med OAP av FEMPA.<\/p><p>09. mai til 10. mai - Torxa Esculta. Ciutat Esportiva Camilo Cano, La Nuc\u00eda. Mer enn 200 unge speidere fra Comunitat Valenciana vil konkurrere mot hverandre i ulike idrettskonkurranser i l\u00f8pet av to intensive dager. La Nuc\u00eda gj\u00f8r det La Nuc\u00eda ofte gj\u00f8r: utnytter idrettsanleggene sine til det fulle.<\/p><p>09 mai, til , 12 mai - II GastroWeekend. CEM Captivador. Fire dagers gastronomisk program etter suksessen med den f\u00f8rste utgaven. Det legges ut billetter til kulinariske opplevelser og et spesialabonnement med kun 50 plasser. Billetter via www.elxato.com og <a href=\"https:\/\/www.lanuciagastronomica.com\" target=\"_blank\" rel=\"noopener\">www.lanuciagastronomica.com<\/a>.<\/p><p>09. mai - Gastrodagen. CEM Captivador. Et gastronomisk m\u00f8te med en meny av kokker fra provinsen. Ikke en kjapp matbit, men et program for alle som vil vite hva det regionale kj\u00f8kkenet kan utrette n\u00e5r fagfolk jobber rundt et bord. Billetter via <a href=\"http:\/\/www.elxato.com\" target=\"_blank\" rel=\"noopener\">www.elxato.com<\/a> og <a href=\"https:\/\/www.lanuciagastronomica.com\" target=\"_blank\" rel=\"noopener\">www.lanuciagastronomica.com.<\/a><\/p><p>10. mai - Gastro Market. CEM Captivador. Gastronomimarked med mer enn 20 produkter og levende musikk. Det er gratis adgang. En god mulighet til \u00e5 smake p\u00e5 lokale produkter uten \u00e5 m\u00e5tte bestille en full meny.<\/p><p>10. mai , 19.00 - Konsert med Uni\u00f3 Musical de La Nuc\u00eda med Rub\u00e9n Sime\u00f3 <br \/>Auditori La Nuc\u00eda. Uni\u00f3 Musical de La Nuc\u00eda opptrer sammen med den internasjonalt erfarne trompetisten Rub\u00e9n Sime\u00f3. En konsertkveld for alle som ikke forveksler korpsmusikk med tivoliklisj\u00e9er. Billetter i billettluken p\u00e5 l'Auditori og p\u00e5 nettet via <a href=\"https:\/\/culturalanucia.com\" target=\"_blank\" rel=\"noopener\">culturalanucia.com.<\/a><\/p><p>16. mai - VI D\u00eda de la Familia. Pabell\u00f3n La Muixara. Familiedagen finner sted p\u00e5 Pabell\u00f3n La Muixara og er \u00e5pen for publikum. Et arrangement med et klart budskap: mindre program, mer ettermiddag sammen.<\/p><p>16. mai, kl. 20.00 - Zarzuela: La Revoltosa. L'Auditori La Nuc\u00eda. Spansk musikkteater i Auditori: \u201eLa Revoltosa\u201c bringer zarzuela til scenen - livlig, klassisk og med nok temperament til at man ikke trenger \u00e5 sitte ned hele kvelden. Billetter via <a href=\"https:\/\/culturalanucia.com\" target=\"_blank\" rel=\"noopener\">culturalanucia.com<\/a><\/p><p>17. mai - Konsentrasjon av klassiske lastebiler og veteranbiler. Parkeringsplass ved Estadio Ol\u00edmpico. Klassiske lastebiler og biler m\u00f8tes ved stadion. \u00c5pent for publikum. En dag for alle som ser mer p\u00e5 krom, motorst\u00f8y og gamle karosserier enn p\u00e5 nye bilbrosjyrer.<\/p><p>28. mai, kl. 10.00 - Formaci\u00f3n Campa\u00f1as Publicitarias RRSS. Lab_Nucia. Workshop for bedrifter som \u00f8nsker \u00e5 annonsere p\u00e5 sosiale nettverk med et lite budsjett. Workshopen vil fokusere p\u00e5 kampanjem\u00e5l, oppsett av annonser, eksempler med overkommelige budsjetter og hvordan man kan se om en kampanje fungerer. Arrangeres av OAP FEMPA i samarbeid med Lab_Nucia.<\/p><p>29. mai , 19.00 - Psykologikonferanse: Decir que no es tambi\u00e9n salud mental. Senter for ungdom La Nuc\u00eda. Psykolog Manuela Escribano snakker om hvorfor det \u00e5 si nei ogs\u00e5 er en del av den psykiske helsen. Ogs\u00e5 annonsert: Overraskelser, servering og levende musikk. Et tema som trolig ber\u00f8rer flere enn vi vil innr\u00f8mme.<\/p>\t\t\t\t\t\t\t\t<\/div>\n\t\t\t\t<\/div>\n\t\t\t\t<\/div>\n\t\t<div class=\"elementor-element elementor-element-e53adfe e-con-full e-flex e-con e-child\" data-id=\"e53adfe\" data-element_type=\"container\" data-e-type=\"container\">\n\t\t\t\t<div class=\"elementor-element elementor-element-5ba2065 elementor-widget__width-initial elementor-widget elementor-widget-gallery\" data-id=\"5ba2065\" data-element_type=\"widget\" data-e-type=\"widget\" data-settings=\"{&quot;columns&quot;:1,&quot;gallery_layout&quot;:&quot;masonry&quot;,&quot;gap&quot;:{&quot;unit&quot;:&quot;px&quot;,&quot;size&quot;:5,&quot;sizes&quot;:[]},&quot;lazyload&quot;:&quot;yes&quot;,&quot;columns_tablet&quot;:2,&quot;columns_mobile&quot;:1,&quot;gap_tablet&quot;:{&quot;unit&quot;:&quot;px&quot;,&quot;size&quot;:10,&quot;sizes&quot;:[]},&quot;gap_mobile&quot;:{&quot;unit&quot;:&quot;px&quot;,&quot;size&quot;:10,&quot;sizes&quot;:[]},&quot;link_to&quot;:&quot;file&quot;,&quot;overlay_background&quot;:&quot;yes&quot;,&quot;content_hover_animation&quot;:&quot;fade-in&quot;}\" data-widget_type=\"gallery.default\">\n\t\t\t\t<div class=\"elementor-widget-container\">\n\t\t\t\t\t\t\t<div class=\"elementor-gallery__container\">\n\t\t\t\t\t\t\t<a class=\"e-gallery-item elementor-gallery-item elementor-animated-content\" href=\"https:\/\/costablanca-magazin.com\/wp-content\/uploads\/2026\/05\/PHOTO-2026-04-16-21-17-19.jpg\" data-elementor-open-lightbox=\"yes\" data-elementor-lightbox-slideshow=\"5ba2065\" data-elementor-lightbox-title=\"PHOTO-2026-04-16-21-17-19\" data-elementor-lightbox-description=\"Veranstaltungen Costa Blanca \u2013 Mai 2026  \" data-e-action-hash=\"#elementor-action%3Aaction%3Dlightbox%26settings%3DeyJpZCI6MTE1MTYsInVybCI6Imh0dHBzOlwvXC9jb3N0YWJsYW5jYS1tYWdhemluLmNvbVwvd3AtY29udGVudFwvdXBsb2Fkc1wvMjAyNlwvMDVcL1BIT1RPLTIwMjYtMDQtMTYtMjEtMTctMTkuanBnIiwic2xpZGVzaG93IjoiNWJhMjA2NSJ9\">\n\t\t\t\t\t<div class=\"e-gallery-image elementor-gallery-item__image\" data-thumbnail=\"https:\/\/costablanca-magazin.com\/wp-content\/uploads\/2026\/05\/PHOTO-2026-04-16-21-17-19.jpg\" data-width=\"1080\" data-height=\"1350\" aria-label=\"Arrangementer Costa Blanca - mai 2026\" role=\"img\" ><\/div>\n\t\t\t\t\t\t\t\t\t\t\t<div class=\"elementor-gallery-item__overlay\"><\/div>\n\t\t\t\t\t\t\t\t\t\t\t\t\t\t<\/a>\n\t\t\t\t\t\t\t<a class=\"e-gallery-item elementor-gallery-item elementor-animated-content\" href=\"https:\/\/costablanca-magazin.com\/wp-content\/uploads\/2026\/05\/banner-inmaduros-2-2048x1152-1.webp\" data-elementor-open-lightbox=\"yes\" data-elementor-lightbox-slideshow=\"5ba2065\" data-elementor-lightbox-title=\"banner-inmaduros-2-2048x1152\" data-elementor-lightbox-description=\"Veranstaltungen Costa Blanca \u2013 Mai 2026  \" data-e-action-hash=\"#elementor-action%3Aaction%3Dlightbox%26settings%3DeyJpZCI6MTE1MDAsInVybCI6Imh0dHBzOlwvXC9jb3N0YWJsYW5jYS1tYWdhemluLmNvbVwvd3AtY29udGVudFwvdXBsb2Fkc1wvMjAyNlwvMDVcL2Jhbm5lci1pbm1hZHVyb3MtMi0yMDQ4eDExNTItMS53ZWJwIiwic2xpZGVzaG93IjoiNWJhMjA2NSJ9\">\n\t\t\t\t\t<div class=\"e-gallery-image elementor-gallery-item__image\" data-thumbnail=\"https:\/\/costablanca-magazin.com\/wp-content\/uploads\/2026\/05\/banner-inmaduros-2-2048x1152-1.webp\" data-width=\"1600\" data-height=\"900\" aria-label=\"Arrangementer Costa Blanca - mai 2026\" role=\"img\" ><\/div>\n\t\t\t\t\t\t\t\t\t\t\t<div class=\"elementor-gallery-item__overlay\"><\/div>\n\t\t\t\t\t\t\t\t\t\t\t\t\t\t<\/a>\n\t\t\t\t\t\t\t<a class=\"e-gallery-item elementor-gallery-item elementor-animated-content\" href=\"https:\/\/costablanca-magazin.com\/wp-content\/uploads\/2026\/05\/ARTESESCENICAS.jpg\" data-elementor-open-lightbox=\"yes\" data-elementor-lightbox-slideshow=\"5ba2065\" data-elementor-lightbox-title=\"ARTESESCENICAS\" data-elementor-lightbox-description=\"Veranstaltungen Costa Blanca \u2013 Mai 2026  \" data-e-action-hash=\"#elementor-action%3Aaction%3Dlightbox%26settings%3DeyJpZCI6MTE0OTksInVybCI6Imh0dHBzOlwvXC9jb3N0YWJsYW5jYS1tYWdhemluLmNvbVwvd3AtY29udGVudFwvdXBsb2Fkc1wvMjAyNlwvMDVcL0FSVEVTRVNDRU5JQ0FTLmpwZyIsInNsaWRlc2hvdyI6IjViYTIwNjUifQ%3D%3D\">\n\t\t\t\t\t<div class=\"e-gallery-image elementor-gallery-item__image\" data-thumbnail=\"https:\/\/costablanca-magazin.com\/wp-content\/uploads\/2026\/05\/ARTESESCENICAS.jpg\" data-width=\"1467\" data-height=\"1054\" aria-label=\"Arrangementer Costa Blanca - mai 2026\" role=\"img\" ><\/div>\n\t\t\t\t\t\t\t\t\t\t\t<div class=\"elementor-gallery-item__overlay\"><\/div>\n\t\t\t\t\t\t\t\t\t\t\t\t\t\t<\/a>\n\t\t\t\t\t\t\t<a class=\"e-gallery-item elementor-gallery-item elementor-animated-content\" href=\"https:\/\/costablanca-magazin.com\/wp-content\/uploads\/2026\/05\/taller-dIvars.jpg\" data-elementor-open-lightbox=\"yes\" data-elementor-lightbox-slideshow=\"5ba2065\" data-elementor-lightbox-title=\"taller-dIvars\" data-elementor-lightbox-description=\"Veranstaltungen Costa Blanca \u2013 Mai 2026  \" data-e-action-hash=\"#elementor-action%3Aaction%3Dlightbox%26settings%3DeyJpZCI6MTE1MTksInVybCI6Imh0dHBzOlwvXC9jb3N0YWJsYW5jYS1tYWdhemluLmNvbVwvd3AtY29udGVudFwvdXBsb2Fkc1wvMjAyNlwvMDVcL3RhbGxlci1kSXZhcnMuanBnIiwic2xpZGVzaG93IjoiNWJhMjA2NSJ9\">\n\t\t\t\t\t<div class=\"e-gallery-image elementor-gallery-item__image\" data-thumbnail=\"https:\/\/costablanca-magazin.com\/wp-content\/uploads\/2026\/05\/taller-dIvars.jpg\" data-width=\"600\" data-height=\"450\" aria-label=\"Arrangementer Costa Blanca - mai 2026\" role=\"img\" ><\/div>\n\t\t\t\t\t\t\t\t\t\t\t<div class=\"elementor-gallery-item__overlay\"><\/div>\n\t\t\t\t\t\t\t\t\t\t\t\t\t\t<\/a>\n\t\t\t\t\t\t\t<a class=\"e-gallery-item elementor-gallery-item elementor-animated-content\" href=\"https:\/\/costablanca-magazin.com\/wp-content\/uploads\/2026\/05\/Altea-1.jpg\" data-elementor-open-lightbox=\"yes\" data-elementor-lightbox-slideshow=\"5ba2065\" data-elementor-lightbox-title=\"Altea 1\" data-elementor-lightbox-description=\"Veranstaltungen Costa Blanca \u2013 Mai 2026  \" data-e-action-hash=\"#elementor-action%3Aaction%3Dlightbox%26settings%3DeyJpZCI6MTE0OTgsInVybCI6Imh0dHBzOlwvXC9jb3N0YWJsYW5jYS1tYWdhemluLmNvbVwvd3AtY29udGVudFwvdXBsb2Fkc1wvMjAyNlwvMDVcL0FsdGVhLTEuanBnIiwic2xpZGVzaG93IjoiNWJhMjA2NSJ9\">\n\t\t\t\t\t<div class=\"e-gallery-image elementor-gallery-item__image\" data-thumbnail=\"https:\/\/costablanca-magazin.com\/wp-content\/uploads\/2026\/05\/Altea-1.jpg\" data-width=\"1920\" data-height=\"1080\" aria-label=\"Arrangementer Costa Blanca - mai 2026\" role=\"img\" ><\/div>\n\t\t\t\t\t\t\t\t\t\t\t<div class=\"elementor-gallery-item__overlay\"><\/div>\n\t\t\t\t\t\t\t\t\t\t\t\t\t\t<\/a>\n\t\t\t\t\t\t\t<a class=\"e-gallery-item elementor-gallery-item elementor-animated-content\" href=\"https:\/\/costablanca-magazin.com\/wp-content\/uploads\/2026\/05\/080526_cartel_individual_gasparian.jpg\" data-elementor-open-lightbox=\"yes\" data-elementor-lightbox-slideshow=\"5ba2065\" data-elementor-lightbox-title=\"080526_cartel_individual_gasparian\" data-elementor-lightbox-description=\"Veranstaltungen Costa Blanca \u2013 Mai 2026  \" data-e-action-hash=\"#elementor-action%3Aaction%3Dlightbox%26settings%3DeyJpZCI6MTE0OTEsInVybCI6Imh0dHBzOlwvXC9jb3N0YWJsYW5jYS1tYWdhemluLmNvbVwvd3AtY29udGVudFwvdXBsb2Fkc1wvMjAyNlwvMDVcLzA4MDUyNl9jYXJ0ZWxfaW5kaXZpZHVhbF9nYXNwYXJpYW4uanBnIiwic2xpZGVzaG93IjoiNWJhMjA2NSJ9\">\n\t\t\t\t\t<div class=\"e-gallery-image elementor-gallery-item__image\" data-thumbnail=\"https:\/\/costablanca-magazin.com\/wp-content\/uploads\/2026\/05\/080526_cartel_individual_gasparian.jpg\" data-width=\"1414\" data-height=\"2000\" aria-label=\"Arrangementer Costa Blanca - mai 2026\" role=\"img\" ><\/div>\n\t\t\t\t\t\t\t\t\t\t\t<div class=\"elementor-gallery-item__overlay\"><\/div>\n\t\t\t\t\t\t\t\t\t\t\t\t\t\t<\/a>\n\t\t\t\t\t<\/div>\n\t\t\t\t\t<\/div>\n\t\t\t\t<\/div>\n\t\t\t\t<\/div>\n\t\t<div class=\"elementor-element elementor-element-45c7091 e-con-full e-flex e-con e-child\" data-id=\"45c7091\" data-element_type=\"container\" data-e-type=\"container\">\n\t\t\t\t<div class=\"elementor-element elementor-element-a4f5f13 elementor-widget__width-initial elementor-widget elementor-widget-gallery\" data-id=\"a4f5f13\" data-element_type=\"widget\" data-e-type=\"widget\" data-settings=\"{&quot;columns&quot;:1,&quot;gallery_layout&quot;:&quot;masonry&quot;,&quot;gap&quot;:{&quot;unit&quot;:&quot;px&quot;,&quot;size&quot;:5,&quot;sizes&quot;:[]},&quot;lazyload&quot;:&quot;yes&quot;,&quot;columns_tablet&quot;:2,&quot;columns_mobile&quot;:1,&quot;gap_tablet&quot;:{&quot;unit&quot;:&quot;px&quot;,&quot;size&quot;:10,&quot;sizes&quot;:[]},&quot;gap_mobile&quot;:{&quot;unit&quot;:&quot;px&quot;,&quot;size&quot;:10,&quot;sizes&quot;:[]},&quot;link_to&quot;:&quot;file&quot;,&quot;overlay_background&quot;:&quot;yes&quot;,&quot;content_hover_animation&quot;:&quot;fade-in&quot;}\" data-widget_type=\"gallery.default\">\n\t\t\t\t<div class=\"elementor-widget-container\">\n\t\t\t\t\t\t\t<div class=\"elementor-gallery__container\">\n\t\t\t\t\t\t\t<a class=\"e-gallery-item elementor-gallery-item elementor-animated-content\" href=\"https:\/\/costablanca-magazin.com\/wp-content\/uploads\/2026\/05\/cartel_teatro_bienvenidos_a_bordo_page-0001_0.jpg\" data-elementor-open-lightbox=\"yes\" data-elementor-lightbox-slideshow=\"a4f5f13\" data-elementor-lightbox-title=\"cartel_teatro_bienvenidos_a_bordo_page-0001_0\" data-elementor-lightbox-description=\"Veranstaltungen Costa Blanca \u2013 Mai 2026  \" data-e-action-hash=\"#elementor-action%3Aaction%3Dlightbox%26settings%3DeyJpZCI6MTE1MDQsInVybCI6Imh0dHBzOlwvXC9jb3N0YWJsYW5jYS1tYWdhemluLmNvbVwvd3AtY29udGVudFwvdXBsb2Fkc1wvMjAyNlwvMDVcL2NhcnRlbF90ZWF0cm9fYmllbnZlbmlkb3NfYV9ib3Jkb19wYWdlLTAwMDFfMC5qcGciLCJzbGlkZXNob3ciOiJhNGY1ZjEzIn0%3D\">\n\t\t\t\t\t<div class=\"e-gallery-image elementor-gallery-item__image\" data-thumbnail=\"https:\/\/costablanca-magazin.com\/wp-content\/uploads\/2026\/05\/cartel_teatro_bienvenidos_a_bordo_page-0001_0-1086x1536.jpg\" data-width=\"1086\" data-height=\"1536\" aria-label=\"Arrangementer Costa Blanca - mai 2026\" role=\"img\" ><\/div>\n\t\t\t\t\t\t\t\t\t\t\t<div class=\"elementor-gallery-item__overlay\"><\/div>\n\t\t\t\t\t\t\t\t\t\t\t\t\t\t<\/a>\n\t\t\t\t\t\t\t<a class=\"e-gallery-item elementor-gallery-item elementor-animated-content\" href=\"https:\/\/costablanca-magazin.com\/wp-content\/uploads\/2026\/05\/CARTELES-PRESENTACIONES-IMPRIMIR_page-0001-1.jpg\" data-elementor-open-lightbox=\"yes\" data-elementor-lightbox-slideshow=\"a4f5f13\" data-elementor-lightbox-title=\"CARTELES PRESENTACIONES IMPRIMIR_page-0001 1\" data-elementor-lightbox-description=\"Veranstaltungen Costa Blanca \u2013 Mai 2026  \" data-e-action-hash=\"#elementor-action%3Aaction%3Dlightbox%26settings%3DeyJpZCI6MTE1MDUsInVybCI6Imh0dHBzOlwvXC9jb3N0YWJsYW5jYS1tYWdhemluLmNvbVwvd3AtY29udGVudFwvdXBsb2Fkc1wvMjAyNlwvMDVcL0NBUlRFTEVTLVBSRVNFTlRBQ0lPTkVTLUlNUFJJTUlSX3BhZ2UtMDAwMS0xLmpwZyIsInNsaWRlc2hvdyI6ImE0ZjVmMTMifQ%3D%3D\">\n\t\t\t\t\t<div class=\"e-gallery-image elementor-gallery-item__image\" data-thumbnail=\"https:\/\/costablanca-magazin.com\/wp-content\/uploads\/2026\/05\/CARTELES-PRESENTACIONES-IMPRIMIR_page-0001-1.jpg\" data-width=\"764\" data-height=\"1080\" aria-label=\"Arrangementer Costa Blanca - mai 2026\" role=\"img\" ><\/div>\n\t\t\t\t\t\t\t\t\t\t\t<div class=\"elementor-gallery-item__overlay\"><\/div>\n\t\t\t\t\t\t\t\t\t\t\t\t\t\t<\/a>\n\t\t\t\t\t\t\t<a class=\"e-gallery-item elementor-gallery-item elementor-animated-content\" href=\"https:\/\/costablanca-magazin.com\/wp-content\/uploads\/2026\/05\/Adobe-Express-file-1_0.jpg\" data-elementor-open-lightbox=\"yes\" data-elementor-lightbox-slideshow=\"a4f5f13\" data-elementor-lightbox-title=\"Adobe Express - file 1_0\" data-elementor-lightbox-description=\"Veranstaltungen Costa Blanca \u2013 Mai 2026  \" data-e-action-hash=\"#elementor-action%3Aaction%3Dlightbox%26settings%3DeyJpZCI6MTE0OTcsInVybCI6Imh0dHBzOlwvXC9jb3N0YWJsYW5jYS1tYWdhemluLmNvbVwvd3AtY29udGVudFwvdXBsb2Fkc1wvMjAyNlwvMDVcL0Fkb2JlLUV4cHJlc3MtZmlsZS0xXzAuanBnIiwic2xpZGVzaG93IjoiYTRmNWYxMyJ9\">\n\t\t\t\t\t<div class=\"e-gallery-image elementor-gallery-item__image\" data-thumbnail=\"https:\/\/costablanca-magazin.com\/wp-content\/uploads\/2026\/05\/Adobe-Express-file-1_0.jpg\" data-width=\"759\" data-height=\"1080\" aria-label=\"Arrangementer Costa Blanca - mai 2026\" role=\"img\" ><\/div>\n\t\t\t\t\t\t\t\t\t\t\t<div class=\"elementor-gallery-item__overlay\"><\/div>\n\t\t\t\t\t\t\t\t\t\t\t\t\t\t<\/a>\n\t\t\t\t\t\t\t<a class=\"e-gallery-item elementor-gallery-item elementor-animated-content\" href=\"https:\/\/costablanca-magazin.com\/wp-content\/uploads\/2026\/05\/DAVIDDOMINGUEZ.jpg\" data-elementor-open-lightbox=\"yes\" data-elementor-lightbox-slideshow=\"a4f5f13\" data-elementor-lightbox-title=\"DAVIDDOMINGUEZ\" data-elementor-lightbox-description=\"Veranstaltungen Costa Blanca \u2013 Mai 2026  \" data-e-action-hash=\"#elementor-action%3Aaction%3Dlightbox%26settings%3DeyJpZCI6MTE1MDYsInVybCI6Imh0dHBzOlwvXC9jb3N0YWJsYW5jYS1tYWdhemluLmNvbVwvd3AtY29udGVudFwvdXBsb2Fkc1wvMjAyNlwvMDVcL0RBVklERE9NSU5HVUVaLmpwZyIsInNsaWRlc2hvdyI6ImE0ZjVmMTMifQ%3D%3D\">\n\t\t\t\t\t<div class=\"e-gallery-image elementor-gallery-item__image\" data-thumbnail=\"https:\/\/costablanca-magazin.com\/wp-content\/uploads\/2026\/05\/DAVIDDOMINGUEZ.jpg\" data-width=\"1467\" data-height=\"1054\" aria-label=\"Arrangementer Costa Blanca - mai 2026\" role=\"img\" ><\/div>\n\t\t\t\t\t\t\t\t\t\t\t<div class=\"elementor-gallery-item__overlay\"><\/div>\n\t\t\t\t\t\t\t\t\t\t\t\t\t\t<\/a>\n\t\t\t\t\t\t\t<a class=\"e-gallery-item elementor-gallery-item elementor-animated-content\" href=\"https:\/\/costablanca-magazin.com\/wp-content\/uploads\/2026\/05\/5-Expo-trobades.jpg\" data-elementor-open-lightbox=\"yes\" data-elementor-lightbox-slideshow=\"a4f5f13\" data-elementor-lightbox-title=\"5-Expo trobades\" data-elementor-lightbox-description=\"Veranstaltungen Costa Blanca \u2013 Mai 2026  \" data-e-action-hash=\"#elementor-action%3Aaction%3Dlightbox%26settings%3DeyJpZCI6MTE0ODgsInVybCI6Imh0dHBzOlwvXC9jb3N0YWJsYW5jYS1tYWdhemluLmNvbVwvd3AtY29udGVudFwvdXBsb2Fkc1wvMjAyNlwvMDVcLzUtRXhwby10cm9iYWRlcy5qcGciLCJzbGlkZXNob3ciOiJhNGY1ZjEzIn0%3D\">\n\t\t\t\t\t<div class=\"e-gallery-image elementor-gallery-item__image\" data-thumbnail=\"https:\/\/costablanca-magazin.com\/wp-content\/uploads\/2026\/05\/5-Expo-trobades.jpg\" data-width=\"1080\" data-height=\"1350\" aria-label=\"Plakat for Exposici\u00f3 Trobades 2026 med en fargerik tegneseriescene av mennesker som arbeider p\u00e5 et banner; dato og sted for arrangementet er vist: Del 9 al 16 de maig, Casa de la cultura de D\u00e9nia.\" role=\"img\" ><\/div>\n\t\t\t\t\t\t\t\t\t\t\t<div class=\"elementor-gallery-item__overlay\"><\/div>\n\t\t\t\t\t\t\t\t\t\t\t\t\t\t<\/a>\n\t\t\t\t\t\t\t<a class=\"e-gallery-item elementor-gallery-item elementor-animated-content\" href=\"https:\/\/costablanca-magazin.com\/wp-content\/uploads\/2026\/05\/7-DAMA.jpg\" data-elementor-open-lightbox=\"yes\" data-elementor-lightbox-slideshow=\"a4f5f13\" data-elementor-lightbox-title=\"7- DAMA\" data-elementor-lightbox-description=\"Veranstaltungen Costa Blanca \u2013 Mai 2026  \" data-e-action-hash=\"#elementor-action%3Aaction%3Dlightbox%26settings%3DeyJpZCI6MTE0OTAsInVybCI6Imh0dHBzOlwvXC9jb3N0YWJsYW5jYS1tYWdhemluLmNvbVwvd3AtY29udGVudFwvdXBsb2Fkc1wvMjAyNlwvMDVcLzctREFNQS5qcGciLCJzbGlkZXNob3ciOiJhNGY1ZjEzIn0%3D\">\n\t\t\t\t\t<div class=\"e-gallery-image elementor-gallery-item__image\" data-thumbnail=\"https:\/\/costablanca-magazin.com\/wp-content\/uploads\/2026\/05\/7-DAMA.jpg\" data-width=\"1080\" data-height=\"1350\" aria-label=\"Arrangementer Costa Blanca - mai 2026\" role=\"img\" ><\/div>\n\t\t\t\t\t\t\t\t\t\t\t<div class=\"elementor-gallery-item__overlay\"><\/div>\n\t\t\t\t\t\t\t\t\t\t\t\t\t\t<\/a>\n\t\t\t\t\t<\/div>\n\t\t\t\t\t<\/div>\n\t\t\t\t<\/div>\n\t\t\t\t<\/div>\n\t\t<div class=\"elementor-element elementor-element-5819762 e-con-full e-flex e-con e-child\" data-id=\"5819762\" data-element_type=\"container\" data-e-type=\"container\">\n\t\t\t\t<div class=\"elementor-element elementor-element-6026773 elementor-widget elementor-widget-heading\" data-id=\"6026773\" data-element_type=\"widget\" data-e-type=\"widget\" data-widget_type=\"heading.default\">\n\t\t\t\t<div class=\"elementor-widget-container\">\n\t\t\t\t\t<h3 class=\"elementor-heading-title elementor-size-default\">Denia\n<\/h3>\t\t\t\t<\/div>\n\t\t\t\t<\/div>\n\t\t\t\t<div class=\"elementor-element elementor-element-b75019b elementor-widget__width-initial elementor-widget elementor-widget-text-editor\" data-id=\"b75019b\" data-element_type=\"widget\" data-e-type=\"widget\" data-widget_type=\"text-editor.default\">\n\t\t\t\t<div class=\"elementor-widget-container\">\n\t\t\t\t\t\t\t\t\t<p>02. mai, kl. 20.00 - En Femen\u00ed: Femmes. Teatre Auditori. Spansk dans og flamenco, koreografert av Pilar And\u00fajar. Forestillingen sporer utviklingen fra Antonia Merc\u00e9 \u201eLa Argentina\u201c til moderne flamenco Varighet: ca. 70 minutter, spr\u00e5k: spansk. Inngang: 5 euro via <a href=\"http:\/\/www.notikumi.com\">www.notikumi.com<\/a> eller i billettkontoret en time f\u00f8r forestillingen starter.<\/p><p>03. mai, tidspunkt etter p\u00e5melding - Familieutflukt: Aventura a la Torre del Gerro. M\u00f8tested: Centre de observaci\u00f3 de cetacis de les Rotes<br \/>Guidet familierute til fots gjennom det marine reservatet ved Cap de Sant Antoni. To timer, fem euro, anbefalt fra \u00e5tte \u00e5r og oppover. P\u00e5melding innen torsdag kl. 14.00, per e-post til <a href=\"mailto:viuiconviu@ayto-denia.es\">viuiconviu@ayto-denia.es<\/a>. For alle som \u00f8nsker \u00e5 se Les Rotes med en forklaring i stedet for bare en selfie.<\/p><p>07. til 23. mai, kl. 11.00 til 14.00 og kl. 17.00 til 21.00 - Utstilling: Batxillerat Art\u00edstic IES Historiador Chab\u00e0s. Casa de Cultura, Sala Gran. Ung kunst fra D\u00e9nia: Elever fra den kunstneriske Bachillerato-linjen ved IES Historiador Chab\u00e0s viser sine arbeider. \u00c5pent p\u00e5 l\u00f8rdager fra kl. 10.00 til 13.30.<\/p><p>09. til 16. mai, kl. 11.00 til 14.00 og kl. 17.00 til 21.00 - Utstilling: Trobades Escolars. Casa de Cultura, Vest\u00edbul. Et skoleprosjekt med m\u00f8ter og mange lokale talenter: Kunstutstillingen \u00e5pner 9. mai kl. 11.00. \u00c5pent p\u00e5 l\u00f8rdager fra kl. 10.00 til 13.30.<\/p><p>09. mai, kl. 20.00 - V\u00e5rkonsert: Grup Polif\u00f2nic Cadenza<br \/>Teatre Auditori. Grup Polif\u00f2nic Cadenza synger under ledelse av Silvia Pe\u00f1a. Medvirker ogs\u00e5: Abhisek Ghosh p\u00e5 gitar og Vicent Sendra p\u00e5 piano. Gratis adgang s\u00e5 lenge det er ledige plasser.\u00a0<\/p><p>Til 10. mai, kl. 10.00-14.00 og 16.00-19.00 - Utstilling: A\u00fan susurra tu jard\u00edn. Centre d'Art l'Estaci\u00f3. Susana Garc\u00eda Ungo viser verk med tittelen \u201eA\u00fan susurra tu jard\u00edn\u201c p\u00e5 Centre d'Art l'Estaci\u00f3. \u00c5pent p\u00e5 s\u00f8ndager fra kl. 9.00 til 15.00, stengt 1. mai.\u00a0\u00a0<\/p><p>15. mai, kl. 20.00 - En Femen\u00ed: Tango en tiempo de mujer<br \/>Teatre Auditori. Tango med tanke p\u00e5 kvinnens rolle - musikalsk, dansemessig og narrativt. Under ledelse av Mariano Otero, med Juan Esteban Cuacci p\u00e5 piano, Virginia Gonz\u00e1lez Leonhart p\u00e5 fiolin, sangerinnen Anal\u00eda Bueti og danserne Rebeca N\u00fa\u00f1ez og B\u00e1rbara Palmer. Inngang via <a href=\"http:\/\/www.notikumi.com\">www.notikumi.com<\/a> eller i billettkontoret en time f\u00f8r forestillingen starter.\u00a0<\/p><p>16. mai 2026, kl. 12.00 til 20.00 - DAMA: IV Festival D\u00e9nia d'Arts de Carrer\/Moviment\/Acci\u00f3. Marqu\u00e9s de Campo og Pla\u00e7a del Consell\u00a0<br \/>Gatekunst, bevegelse, dans og action i sentrum av D\u00e9nia. DAMA bringer kulturen ut av salen og ut p\u00e5 gaten - der du ikke trenger \u00e5 hviske p\u00e5 forh\u00e5nd. Kunstnerisk ledelse: Fr\u00e1giles Danza. Organisert og st\u00f8ttet av Ajuntament de D\u00e9nia, Cultura.\u00a0<\/p><p>16. mai, til 7. juni kl. 10.00-14.00 og 17.00-20.00 - Utstilling: Nueva Arqueolog\u00eda. Centre d'Art l'Estaci\u00f3. Anton Gudzykevych viser utstillingen \u201eNueva Arqueolog\u00eda\u201c. \u00c5pning 16. mai kl. 18.30. \u00c5pent p\u00e5 s\u00f8n- og helligdager fra kl. 9.00 til 15.00.<\/p><p>17. mai, kl. 12.00 - Konsert: Agrupaci\u00f3 Art\u00edstica Musical de D\u00e9nia<br \/>Teatre Auditori. Konsert som en del av XXXI Campanya M\u00fasica as Pobles 2026. Gratis adgang etter invitasjon, booking via <a href=\"http:\/\/www.notikumi.com\">www.notikumi.com<\/a>. Restbilletter i billettluken en time f\u00f8r forestillingen starter. Messingmusikk med lokalt tilsnitt - og uten omveier via store ord.\u00a0<\/p><p>22. mai, kl. 19.00 - Boklansering: Ac\u00fastica de hu\u00e9rfanos. Casa de Cultura.<br \/>Eugenia S\u00e1nchez presenterer sin bok \u201eAc\u00fastica de hu\u00e9rfanos\u201c. Francisco Cejudo presenterer, Esteban Ferre akkompagnerer musikalsk. Arrangeres av Poetes per la cultura. Gratis adgang inntil det er fullt.\u00a0<\/p><p>23. mai, kl. 20.00 - V\u00e5rkonsert: Orfe\u00f3 de D\u00e9nia. Teatre Auditori. Orfe\u00f3 de D\u00e9nia holder v\u00e5rkonsert p\u00e5 Teatre Auditori. Gratis inngang, s\u00e5 lenge det er ledige plasser. En klassiker i kalenderen - og som regel bedre bes\u00f8kt enn du kan planlegge for \u201egratis inngang\u201c.<\/p><p>28. mai til 6. juni, kl. 11.00-14.00 og 17.00-21.00 - Utstilling: Reinterpretaci\u00f3 de l'obra de Toni Ortol\u00e0. Casa de Cultura, Vest\u00edbul. EPA D\u00e9nia viser arbeider som nytolker Toni Ortol\u00e0s verk. \u00c5pning 28. mai kl. 19.00. \u00c5pent p\u00e5 l\u00f8rdager fra kl. 10.00 til 13.30.<\/p><p>28. mai til 13. juni, kl. 11.00-14.00 og 17.00-21.00 - Utstilling: Errancias. Casa de Cultura, Sala Gran. Ram\u00f3n Puig de la Bellacasa Alberola presenterer \u201eErrancias\u201c i Sala Gran. \u00c5pning 28. mai kl. 19.00. \u00c5pent p\u00e5 l\u00f8rdager fra kl. 10.00 til 13.30.<\/p><p>30. mai, kl. 20.00 - En Femen\u00ed: Menospausia. Teatre Auditori. Teater av Cia Bestreta med Arantxa Gonz\u00e1lez og Amparo Oltra. To damer, et bryllup, mye organisering og sannsynligvis mer nerver enn ris p\u00e5 kirkeplassen. Forestillingen spilles p\u00e5 spansk\/valenciansk. Inngang via <a href=\"http:\/\/www.notikumi.com\">www.notikumi.com<\/a> eller i billettkontoret en time f\u00f8r forestillingen starter.<\/p><p>31. mai, tidspunkt etter p\u00e5melding - Familieutflukt: Descobrint les Rotes en kayak. M\u00f8tested: C\/ F\u00e9nix, ved enden av Marineta. Familietur i kajakk langs klippekysten i Les Rotes. Fire timer, fem euro, anbefalt fra \u00e5tte \u00e5r og oppover. Utstyr ved startpunktet, med forklaringer av historier og legender underveis. P\u00e5melding innen torsdag kl. 14.00, via e-post til viuiconviu@ayto-denia.es.<\/p><p>31. mai, kl. 19.00 - Konsert\/dans: Jove Ballet de la Marina. Teatre Auditori. Klassisk dans og samtidsdans med Jove Ballet de la Marina. Inngang via <a href=\"http:\/\/www.notikumi.com\">www.notikumi.com<\/a> eller i billettluken en time f\u00f8r forestillingen starter. En m\u00e5nedsfinale med bevegelse i stedet for en siste akkord.<\/p>\t\t\t\t\t\t\t\t<\/div>\n\t\t\t\t<\/div>\n\t\t\t\t<div class=\"elementor-element elementor-element-ba435a6 elementor-widget elementor-widget-heading\" data-id=\"ba435a6\" data-element_type=\"widget\" data-e-type=\"widget\" data-widget_type=\"heading.default\">\n\t\t\t\t<div class=\"elementor-widget-container\">\n\t\t\t\t\t<h3 class=\"elementor-heading-title elementor-size-default\">Benidorm<\/h3>\t\t\t\t<\/div>\n\t\t\t\t<\/div>\n\t\t\t\t<div class=\"elementor-element elementor-element-9ee539a elementor-widget__width-initial elementor-widget elementor-widget-text-editor\" data-id=\"9ee539a\" data-element_type=\"widget\" data-e-type=\"widget\" data-widget_type=\"text-editor.default\">\n\t\t\t\t<div class=\"elementor-widget-container\">\n\t\t\t\t\t\t\t\t\t<p>05. mai, kl. 12.00 - Utstilling: Vamos a la Playa. Espai d'Art, Ayuntamiento de Benidorm. Victoria Udalova viser malerier om havet, stranden og sommerlyset - ikke et solstolprogram, men et kunstnerisk blikk p\u00e5 det som ligger rett utenfor d\u00f8ren i Benidorm. Utstillingen varer fra 5. til 15. mai.<\/p><p>05. mai, kl. 19.00 - Bokpresentasjon: C\u00edrculo Cerrado. C.M. El Torrej\u00f3, Plaza Canalejas, Benidorm. Julio Pavanetti presenterer sin nye bok \u201eC\u00edrculo Cerrado\u201c. Kvelden vil bli presentert av poeten Francisco Cejudo, med musikalsk akkompagnement av Carlos Eduardo Mu\u00f1oz Clavijo. Litteratur m\u00f8ter singer-songwriter - Benidorm kan mer enn bare store scener og st\u00f8yende promenader.<\/p><p>10. til 16. mai, fra kl. 12.00 - Mundiavocat: Fotball-VM for jurister. Ciudad Deportiva Guillermo Amor og Campos Antonio L\u00f3pez Guerrero. Advokater i tr\u00f8yer i stedet for dresser: VM i fotball for advokater arrangeres i Benidorm. <br \/>\u00c5pningsseremonien finner sted 10. mai kl. 10.30 i Auditorio \u00d3scar Espl\u00e1 i Parque de l'Aig\u00fcera. Klokken 12.00 begynner konkurransen p\u00e5 byens fotballbaner.<\/p><p>14. mai, kl. 19.00 - Bokpresentasjon: Polvo de \u00c1nima y otros poemas. Biblioteca Central de Benidorm. Pablo Jankovich Ramos presenterer diktsamlingen \u201ePolvo de \u00c1nima y otros poemas\u201c. En kveld for alle som ikke ser p\u00e5 poesi som obligatorisk lesning, men som et lite avbrekk fra den normale ukentlige rytmen.<\/p><p>17. mai, kl. 20.00 - Teater: Paloma San Basilio - Dulcinea. Centro Cultural de Benidorm. Paloma San Basilio kommer til Benidorm med \u201eDulcinea\u201c. Stykket gir en velkjent litter\u00e6r skikkelse sin egen stemme - med musikk, teater og en scenekvinne som vet \u00e5 holde p\u00e5 publikum. Musikalsk ledelse: Julio Awad, sceneinstrukt\u00f8r: Juan Carlos Rubio. Billetter er tilgjengelige fra Vivaticket eller Concejal\u00eda de Cultura.<\/p><p>18. til 29. mai, kl. 11.00 - Utstilling: CHO-KOLLAGES. Espai d'Art, Ayuntamiento de Benidorm. Juana Mart\u00ednez V\u00e1zquez viser med \u201eCHO-KOLLAGES\u201c et arbeid mellom collage, materiale og farge. Utstillingen varer fra 18. til 29. mai. \u00c5pningen er 19. mai kl. 11.00. Her dukker hverdagsmaterialene opp for andre gang - denne gangen ikke i skapet, men p\u00e5 veggen.<\/p>\t\t\t\t\t\t\t\t<\/div>\n\t\t\t\t<\/div>\n\t\t\t\t<\/div>\n\t\t\t\t\t<\/div>\n\t\t\t\t<\/div>\n\t\t<div class=\"elementor-element elementor-element-b4b88fd e-flex e-con-boxed e-con e-parent\" data-id=\"b4b88fd\" data-element_type=\"container\" data-e-type=\"container\">\n\t\t\t\t\t<div class=\"e-con-inner\">\n\t\t<div class=\"elementor-element elementor-element-714d34b e-con-full e-flex e-con e-child\" data-id=\"714d34b\" data-element_type=\"container\" data-e-type=\"container\">\n\t\t\t\t<div class=\"elementor-element elementor-element-04b6c50 elementor-widget elementor-widget-heading\" data-id=\"04b6c50\" data-element_type=\"widget\" data-e-type=\"widget\" data-widget_type=\"heading.default\">\n\t\t\t\t<div class=\"elementor-widget-container\">\n\t\t\t\t\t<h3 class=\"elementor-heading-title elementor-size-default\">Alicante<\/h3>\t\t\t\t<\/div>\n\t\t\t\t<\/div>\n\t\t\t\t<div class=\"elementor-element elementor-element-dac700d elementor-widget__width-initial elementor-widget elementor-widget-text-editor\" data-id=\"dac700d\" data-element_type=\"widget\" data-e-type=\"widget\" data-widget_type=\"text-editor.default\">\n\t\t\t\t<div class=\"elementor-widget-container\">\n\t\t\t\t\t\t\t\t\t<p>Frem til 3. mai - JazzDay Alicante. Alicante, forskjellige steder \/ avslutning p\u00e5 Teatro Principal. Det er et program med nesten tjue aktiviteter rundt den internasjonale jazzdagen. Jazz ikke som bakgrunnsmusikk, men som byens samtaleemne.<\/p><p>03. mai, kl. 12.00 - Konsert med Banda Sinf\u00f3nica Municipal de Alicante <br \/>ADDA - Auditorio de la Diputaci\u00f3n de Alicante. Banda Sinf\u00f3nica Municipal spiller med solistene David Mart\u00edn Mar\u00edn p\u00e5 tuba og Pablo Mart\u00ednez del Cerro p\u00e5 bombardino. Klassisk musikk ved lunsjtid - uten oppstyr, men med god lyd.<\/p><p>06. mai, 18.30 - Audici\u00f3n de alumnos del Conservatorio \u00d3scar Espl\u00e1 <br \/>Caja Negra, Las Cigarreras kultursenter. Elever fra Conservatorio \u00d3scar Espl\u00e1 viser sine ferdigheter med messinginstrumenter og slagverk. Gratis adgang opp til fullsatt kapasitet.<\/p><p>06. til 10. mai - Feria del Libro de Alicante. Espacio S\u00e9neca, Alicante, Et trettitalls stands og mer enn 200 aktiviteter: boksigneringer, m\u00f8ter, opplesninger og programmer for ulike aldersgrupper. For alle som ikke bare vil kj\u00f8pe b\u00f8ker, men ogs\u00e5 diskutere dem.<\/p><p>07. til 10. mai - A contraluz. Muestra de cine in\u00e9dito. Alicante \/ Centro Cultural Las Cigarreras. Filmserien er dedikert til mindre kjent film. Programmet starter 7. mai kl. 20.00 med en diskusjon om film og meditasjon med David Victori, og fra 8. mai blir det flere filmvisninger i Caja Negra.<\/p><p>08. til 09. mai, kl. 18.30 - Cultura en Barrios: Obras maestras del cine universal. Alicante, bydelsprogram \/ sted i henhold til program. Internasjonale filmklassikere med et sosialt perspektiv, inkludert komedie og drama. Filmene blir ikke bare vist, men ogs\u00e5 diskutert.<\/p><p>08. til 09. mai, kl. 18.30 - Cultura en Barrios: Trenzando cuentos <br \/>Alicante, distriktsprogram \/ sted i henhold til program. Miguel \u00c1ngel Montilla forteller historier med poetisk hukommelse og teft for det muntlige. God historiefortelling trenger ikke en stor scene, men oppmerksomme tilh\u00f8rere.<\/p><p>Frem til 10. mai - Utstillingen \u201eUna mirada, una emoci\u00f3n\u201c Sala de Exposiciones de La Lonja del Pescado, Alicante. Utstillingen viser verk fra XIV Certamen Nacional og XI Certamen Internacional de Pintura \u201eMiradas\u201c, organisert av Fundaci\u00f3n Jorge Ali\u00f3 para la Prevenci\u00f3n de la Ceguera. Kunst med en klar bakgrunn: \u00e5 se, \u00e5 oppfatte og blikkets verdi.<\/p><p>15. mai, kl. 21.00 - Dobbeltkonsert: This House og Disciplina Limitar <br \/>Caja Negra, Centro Cultural Las Cigarreras. This House med G.W. Sok, Ignacio Cordoba, S\u00f8ren H\u00f8i og Kristian Tangvik presenterer albumet \u201eSoft Rains Will Come\u201c. Disciplina Limitar spiller ogs\u00e5. Inngang: 8\/10 euro, i salg i billettluken.<\/p><p>Til 23. mai, kl. 10.00-21.30 - Utstillingen \u201eLa firmeza de un instante\u201c. Caja Blanca, Centro Cultural Las Cigarreras. Jes\u00fas Madri\u00f1\u00e1n viser sentrale fotografiske arbeider. Et format for alle som ikke ser portretter, lys og n\u00e5tid som adskilte ting.<\/p><p>Frem til 24. mai - Utstillingen \u201eTestimonio documental de \u00d3scar Espl\u00e1 y Emilio Varela\u201c. Kommunalt arkiv i Alicante. Som en del av A\u00f1o Varela-Espl\u00e1 viser det kommunale arkivet dokumenter knyttet til \u00d3scar Espl\u00e1 og Emilio Varela. Kulturhistorie fra Alicante, i det stille, men absolutt produktivt.<\/p><p>Fra 24. april til 31. mai - Utstillingen \u201eLa balada de Hugo Pratt\u201c <br \/>Espacio S\u00e9neca, Alicante. Espacio S\u00e9neca dedikerer en utstilling til den italienske tegneren Hugo Pratt. For alle som aldri har sett tegneserier som en mindre sak.<\/p><p>Fra 30. april til 26. juni, kl. 20.00 - Poetry Slam Alicante. Kultursenteret Las Cigarreras. P\u00e5 VII Torneo Poetry Slam Alicante blir spr\u00e5ket en sak for scenen. Noen f\u00e5 minutter, direkte p\u00e5virkning, og til slutt f\u00e5r publikum komme til orde.<\/p><p>Fra 10. april til 22. august - Utstillingen \u201eLa romer\u00eda de los cornudos\u201c <br \/>Alicante, utstillingssted i henhold til programmet. Utgangspunktet er balletten med samme navn av Garc\u00eda Lorca og Rivas Cherif fra 1933, som gir opphav til en idiosynkratisk utforskning av Romer\u00eda del Roc\u00edo og Do\u00f1ana - via video, dans, musikk og kostymer. Ikke et folkloristisk klistremerke, men kunst med friksjon<\/p>\t\t\t\t\t\t\t\t<\/div>\n\t\t\t\t<\/div>\n\t\t\t\t<div class=\"elementor-element elementor-element-5725728 elementor-widget elementor-widget-heading\" data-id=\"5725728\" data-element_type=\"widget\" data-e-type=\"widget\" data-widget_type=\"heading.default\">\n\t\t\t\t<div class=\"elementor-widget-container\">\n\t\t\t\t\t<h3 class=\"elementor-heading-title elementor-size-default\">Torrevieja<\/h3>\t\t\t\t<\/div>\n\t\t\t\t<\/div>\n\t\t\t\t<div class=\"elementor-element elementor-element-9aad2bb elementor-widget__width-initial elementor-widget elementor-widget-text-editor\" data-id=\"9aad2bb\" data-element_type=\"widget\" data-e-type=\"widget\" data-widget_type=\"text-editor.default\">\n\t\t\t\t<div class=\"elementor-widget-container\">\n\t\t\t\t\t\t\t\t\t<p>03. mai, 19.00 - PANGEA: Abraham Cupeiro &amp; Orquesta Arnova Ensemble <br \/>Auditorio Internacional de Torrevieja. Historiske instrumenter, et stort orkester, mye lyd: Abraham Cupeiro og Arnova Ensemble byr p\u00e5 en konsert som ikke h\u00f8res ut som et standardprogram.<\/p><p>05. mai, kl. 19.30 - Vespro della Beata Vergine av Claudio Monteverdi <br \/>Auditorio Internacional de Torrevieja. Capella de Ministrers under ledelse av Carles Magraner er viet Monteverdi. Tidlig musikk, store stemmer, konsentrert atmosf\u00e6re - ikke en kveld man lytter til i forbifarten.<\/p><p>07. til 10. mai, fra kl. 12.00 - Feria de Mayo Torrevieja, Parque Antonio Soria, Torrevieja. I fire dager blir torget en m\u00f8teplass med andalusiske rytmer: casetas, sevillanas, flamenco, hester,... Feriaen er en festival som raskt f\u00e5r publikum i bevegelse. Festivalen har sine r\u00f8tter i den andalusiske feria-tradisjonen, men i Torrevieja er den mye mer \u00e5pen og tilgjengelig enn sitt store forbilde i Sevilla. Casetasene er m\u00f8teplasser, ikke lukkede selskaper. Festivalen blir spesielt livlig tidlig p\u00e5 kvelden. Da fylles gatene opp, musikken blir h\u00f8yere, lysene tennes og feriaen f\u00e5r en annen karakter: mindre familieettermiddag, mer spansk festkveld. Hvis du vil oppleve hele feriaen, b\u00f8r du komme p\u00e5 fredag eller l\u00f8rdag etter kl. 21.00.<\/p><p>V\u00e6r oppmerksom p\u00e5 dette! Det kan v\u00e6re vanskelig \u00e5 parkere rundt anlegget p\u00e5 hovedkveldene. Kom tidlig, parker litt lenger unna eller ta en taxi. Kontanter er ogs\u00e5 nyttig, da kortbetaling ikke godtas overalt.<\/p><p>09. mai, kl. 19.00 - Gala D\u00eda de Europa. Auditorio Internacional de Torrevieja. Europadagen p\u00e5 Auditorio: I Torrevieja, hvor det bor mange europeiske innbyggere, er dette ikke bare et protokoll\u00e6rt arrangement, men en kveld med et internasjonalt publikum.<\/p><p>10. mai, kl. 12.00 - Casanovas Orquesta: Un Conciertazo para Todos <br \/>Teatro Municipal de Torrevieja. Konsert ved lunsjtid, uttrykkelig beregnet p\u00e5 alle. Casanovas Orquesta fokuserer p\u00e5 fremdrift i stedet for stiv s\u00f8ndagsplikt.<\/p><p>14. mai, kl. 20.00 - Sabor &amp; Cultura. Teatro Municipal de Torrevieja. Gastronomi m\u00f8ter kultur. En kveld som ikke bare handler om scenen, men ogs\u00e5 om hvordan Torrevieja forener nytelse og program.<\/p><p>16. mai, kl. 20.00 - Los Salerosos: El Gran Guateque - M\u00fasica para Bailar <br \/>Teatro Municipal de Torrevieja. Tittelen sl\u00e5r an tonen: Musikk for dans, minner om store dansekvelder og en guateque som ikke er laget for \u00e5 sitte stille.<\/p><p>17. mai, kl. 12.00 - UMT &amp; Johan de Meij. Teatro Municipal de Torrevieja. <br \/>Uni\u00f3n Musical Torrevejense m\u00f8ter Johan de Meij. Lokalt ensemble, internasjonalt navn - en konsert med mer tyngde enn bare s\u00f8ndagsmusikk.<\/p><p>23. mai, kl. 19.00 - OST: Brahms. Auditorio Internacional de Torrevieja. Orquesta Sinf\u00f3nica de Torrevieja vier seg til Brahms. Stor klang, klare rammer, et program uten un\u00f8dvendige effekter.<\/p><p>23. mai, kl. 20.00 - Teater: Mitad y Mitad. Teatro Municipal de Torrevieja <br \/>Teater i stedet for symfonier: \u201eMitad y Mitad\u201c st\u00e5r p\u00e5 programmet denne kvelden p\u00e5 Teatro Municipal. Torrevieja gj\u00f8r ikke valget noe enklere.<\/p><p>24. mai, kl. 20.00 - Teater: Mejor no decirlo. Teatro Municipal de Torrevieja. <br \/>Noen ganger ligger halve poenget i tittelen. \u201eMejor no decirlo\u201c h\u00f8res ut som teater der ikke alt m\u00e5 sies.<\/p><p>29. mai, kl. 20.30 - David Dom\u00ednguez: El raro de los 90\u2019s. Auditorio Internacional de Torrevieja. En mon\u00f3logo for alle dem som ikke bare opplevde 90-tallet, men ogs\u00e5 overlevde det. David Dom\u00ednguez ser tilbake - finurlig, direkte og sv\u00e6rt gjenkjennelig.<\/p><p>30. mai, kl. 9.30 - Competici\u00f3n Nacional de Artes Esc\u00e9nicas <br \/>Teatro Municipal de Torrevieja. Tidlig start, mye scene: Den nasjonale konkurransen viser frem dans, uttrykk og unge talenter. En date for alle som vil se hva som r\u00f8rer seg i den unge talentsektoren.<\/p><p>31. mai, kl. 18.00 - El Mago Invisible: Nada es lo que parece. Sted ikke spesifisert. Magi i slutten av m\u00e5neden. \u201eNada es lo que parece\u201c lover illusjon, overraskelse og sannsynligvis noen sv\u00e6rt skeptiske blikk fra publikum.<\/p>\t\t\t\t\t\t\t\t<\/div>\n\t\t\t\t<\/div>\n\t\t\t\t<\/div>\n\t\t<div class=\"elementor-element elementor-element-1497975 e-con-full e-flex e-con e-child\" data-id=\"1497975\" data-element_type=\"container\" data-e-type=\"container\">\n\t\t\t\t<div class=\"elementor-element elementor-element-c9f8b51 elementor-widget__width-initial elementor-widget elementor-widget-gallery\" data-id=\"c9f8b51\" data-element_type=\"widget\" data-e-type=\"widget\" data-settings=\"{&quot;columns&quot;:1,&quot;gallery_layout&quot;:&quot;masonry&quot;,&quot;gap&quot;:{&quot;unit&quot;:&quot;px&quot;,&quot;size&quot;:5,&quot;sizes&quot;:[]},&quot;lazyload&quot;:&quot;yes&quot;,&quot;columns_tablet&quot;:2,&quot;columns_mobile&quot;:1,&quot;gap_tablet&quot;:{&quot;unit&quot;:&quot;px&quot;,&quot;size&quot;:10,&quot;sizes&quot;:[]},&quot;gap_mobile&quot;:{&quot;unit&quot;:&quot;px&quot;,&quot;size&quot;:10,&quot;sizes&quot;:[]},&quot;link_to&quot;:&quot;file&quot;,&quot;overlay_background&quot;:&quot;yes&quot;,&quot;content_hover_animation&quot;:&quot;fade-in&quot;}\" data-widget_type=\"gallery.default\">\n\t\t\t\t<div class=\"elementor-widget-container\">\n\t\t\t\t\t\t\t<div class=\"elementor-gallery__container\">\n\t\t\t\t\t\t\t<a class=\"e-gallery-item elementor-gallery-item elementor-animated-content\" href=\"https:\/\/costablanca-magazin.com\/wp-content\/uploads\/2026\/05\/fla-cartel-2026.jpg\" data-elementor-open-lightbox=\"yes\" data-elementor-lightbox-slideshow=\"c9f8b51\" data-elementor-lightbox-title=\"fla-cartel-2026\" data-elementor-lightbox-description=\"Veranstaltungen Costa Blanca \u2013 Mai 2026  \" data-e-action-hash=\"#elementor-action%3Aaction%3Dlightbox%26settings%3DeyJpZCI6MTE1MDgsInVybCI6Imh0dHBzOlwvXC9jb3N0YWJsYW5jYS1tYWdhemluLmNvbVwvd3AtY29udGVudFwvdXBsb2Fkc1wvMjAyNlwvMDVcL2ZsYS1jYXJ0ZWwtMjAyNi5qcGciLCJzbGlkZXNob3ciOiJjOWY4YjUxIn0%3D\">\n\t\t\t\t\t<div class=\"e-gallery-image elementor-gallery-item__image\" data-thumbnail=\"https:\/\/costablanca-magazin.com\/wp-content\/uploads\/2026\/05\/fla-cartel-2026-1317x2048.jpg\" data-width=\"1317\" data-height=\"2048\" aria-label=\"Arrangementer Costa Blanca - mai 2026\" role=\"img\" ><\/div>\n\t\t\t\t\t\t\t\t\t\t\t<div class=\"elementor-gallery-item__overlay\"><\/div>\n\t\t\t\t\t\t\t\t\t\t\t\t\t\t<\/a>\n\t\t\t\t\t\t\t<a class=\"e-gallery-item elementor-gallery-item elementor-animated-content\" href=\"https:\/\/costablanca-magazin.com\/wp-content\/uploads\/2026\/05\/romeria.png\" data-elementor-open-lightbox=\"yes\" data-elementor-lightbox-slideshow=\"c9f8b51\" data-elementor-lightbox-title=\"Veranstaltungen Costa Blanca \u2013 Mai 2026\" data-elementor-lightbox-description=\"Veranstaltungen Costa Blanca \u2013 Mai 2026  \" data-e-action-hash=\"#elementor-action%3Aaction%3Dlightbox%26settings%3DeyJpZCI6MTE1MTcsInVybCI6Imh0dHBzOlwvXC9jb3N0YWJsYW5jYS1tYWdhemluLmNvbVwvd3AtY29udGVudFwvdXBsb2Fkc1wvMjAyNlwvMDVcL3JvbWVyaWEucG5nIiwic2xpZGVzaG93IjoiYzlmOGI1MSJ9\">\n\t\t\t\t\t<div class=\"e-gallery-image elementor-gallery-item__image\" data-thumbnail=\"https:\/\/costablanca-magazin.com\/wp-content\/uploads\/2026\/05\/romeria.png\" data-width=\"300\" data-height=\"200\" aria-label=\"Arrangementer Costa Blanca - mai 2026\" role=\"img\" ><\/div>\n\t\t\t\t\t\t\t\t\t\t\t<div class=\"elementor-gallery-item__overlay\"><\/div>\n\t\t\t\t\t\t\t\t\t\t\t\t\t\t<\/a>\n\t\t\t\t\t\t\t<a class=\"e-gallery-item elementor-gallery-item elementor-animated-content\" href=\"https:\/\/costablanca-magazin.com\/wp-content\/uploads\/2026\/05\/5instagram-story.jpg\" data-elementor-open-lightbox=\"yes\" data-elementor-lightbox-slideshow=\"c9f8b51\" data-elementor-lightbox-title=\"5instagram-story\" data-elementor-lightbox-description=\"Veranstaltungen Costa Blanca \u2013 Mai 2026  \" data-e-action-hash=\"#elementor-action%3Aaction%3Dlightbox%26settings%3DeyJpZCI6MTE0ODksInVybCI6Imh0dHBzOlwvXC9jb3N0YWJsYW5jYS1tYWdhemluLmNvbVwvd3AtY29udGVudFwvdXBsb2Fkc1wvMjAyNlwvMDVcLzVpbnN0YWdyYW0tc3RvcnkuanBnIiwic2xpZGVzaG93IjoiYzlmOGI1MSJ9\">\n\t\t\t\t\t<div class=\"e-gallery-image elementor-gallery-item__image\" data-thumbnail=\"https:\/\/costablanca-magazin.com\/wp-content\/uploads\/2026\/05\/5instagram-story-1152x2048.jpg\" data-width=\"1152\" data-height=\"2048\" aria-label=\"Plakat som reklamerer for utstillingen &#039;LAS CIGARRERAS&#039; av Jes\u00fas Madri\u00f1\u00e1n (21.02.-23.05.). Plakaten viser et n\u00e6rbilde av to unge mennesker til venstre og en beskrivende tekst med logoer til h\u00f8yre.\" role=\"img\" ><\/div>\n\t\t\t\t\t\t\t\t\t\t\t<div class=\"elementor-gallery-item__overlay\"><\/div>\n\t\t\t\t\t\t\t\t\t\t\t\t\t\t<\/a>\n\t\t\t\t\t\t\t<a class=\"e-gallery-item elementor-gallery-item elementor-animated-content\" href=\"https:\/\/costablanca-magazin.com\/wp-content\/uploads\/2026\/05\/3-Expo-Aun-susurra-tu-jardin-Fins-al-10.jpg\" data-elementor-open-lightbox=\"yes\" data-elementor-lightbox-slideshow=\"c9f8b51\" data-elementor-lightbox-title=\"3- Expo Aun susurra tu jard\u00edn Fins al 10\" data-elementor-lightbox-description=\"Veranstaltungen Costa Blanca \u2013 Mai 2026  \" data-e-action-hash=\"#elementor-action%3Aaction%3Dlightbox%26settings%3DeyJpZCI6MTE0ODcsInVybCI6Imh0dHBzOlwvXC9jb3N0YWJsYW5jYS1tYWdhemluLmNvbVwvd3AtY29udGVudFwvdXBsb2Fkc1wvMjAyNlwvMDVcLzMtRXhwby1BdW4tc3VzdXJyYS10dS1qYXJkaW4tRmlucy1hbC0xMC5qcGciLCJzbGlkZXNob3ciOiJjOWY4YjUxIn0%3D\">\n\t\t\t\t\t<div class=\"e-gallery-image elementor-gallery-item__image\" data-thumbnail=\"https:\/\/costablanca-magazin.com\/wp-content\/uploads\/2026\/05\/3-Expo-Aun-susurra-tu-jardin-Fins-al-10.jpg\" data-width=\"1080\" data-height=\"1350\" aria-label=\"Utstillingskartong: &#039;A\u00daN SUSURRA TU JARD\u00cdN&#039; av Susana Garc\u00eda Ungo, med en collage av abstrakte blomsterbilder i rosa, azurbl\u00e5 og pastellfarger.\" role=\"img\" ><\/div>\n\t\t\t\t\t\t\t\t\t\t\t<div class=\"elementor-gallery-item__overlay\"><\/div>\n\t\t\t\t\t\t\t\t\t\t\t\t\t\t<\/a>\n\t\t\t\t\t\t\t<a class=\"e-gallery-item elementor-gallery-item elementor-animated-content\" href=\"https:\/\/costablanca-magazin.com\/wp-content\/uploads\/2026\/05\/El-diablo-viste-de-.jpg\" data-elementor-open-lightbox=\"yes\" data-elementor-lightbox-slideshow=\"c9f8b51\" data-elementor-lightbox-title=\"El-diablo-viste-de-\" data-elementor-lightbox-description=\"#image_title\" data-e-action-hash=\"#elementor-action%3Aaction%3Dlightbox%26settings%3DeyJpZCI6MTE1MDcsInVybCI6Imh0dHBzOlwvXC9jb3N0YWJsYW5jYS1tYWdhemluLmNvbVwvd3AtY29udGVudFwvdXBsb2Fkc1wvMjAyNlwvMDVcL0VsLWRpYWJsby12aXN0ZS1kZS0uanBnIiwic2xpZGVzaG93IjoiYzlmOGI1MSJ9\">\n\t\t\t\t\t<div class=\"e-gallery-image elementor-gallery-item__image\" data-thumbnail=\"https:\/\/costablanca-magazin.com\/wp-content\/uploads\/2026\/05\/El-diablo-viste-de-.jpg\" data-width=\"736\" data-height=\"920\" aria-label=\"\" role=\"img\" ><\/div>\n\t\t\t\t\t\t\t\t\t\t\t<div class=\"elementor-gallery-item__overlay\"><\/div>\n\t\t\t\t\t\t\t\t\t\t\t\t\t\t<\/a>\n\t\t\t\t\t\t\t<a class=\"e-gallery-item elementor-gallery-item elementor-animated-content\" href=\"https:\/\/costablanca-magazin.com\/wp-content\/uploads\/2026\/05\/imagen-la-Ternura-768x512-1.webp\" data-elementor-open-lightbox=\"yes\" data-elementor-lightbox-slideshow=\"c9f8b51\" data-elementor-lightbox-title=\"imagen-la-TVeranstaltungen Costa Blanca \u2013 Mai 2026  ernura-768x512\" data-elementor-lightbox-description=\"Veranstaltungen Costa Blanca \u2013 Mai 2026  \" data-e-action-hash=\"#elementor-action%3Aaction%3Dlightbox%26settings%3DeyJpZCI6MTE1MTEsInVybCI6Imh0dHBzOlwvXC9jb3N0YWJsYW5jYS1tYWdhemluLmNvbVwvd3AtY29udGVudFwvdXBsb2Fkc1wvMjAyNlwvMDVcL2ltYWdlbi1sYS1UZXJudXJhLTc2OHg1MTItMS53ZWJwIiwic2xpZGVzaG93IjoiYzlmOGI1MSJ9\">\n\t\t\t\t\t<div class=\"e-gallery-image elementor-gallery-item__image\" data-thumbnail=\"https:\/\/costablanca-magazin.com\/wp-content\/uploads\/2026\/05\/imagen-la-Ternura-768x512-1.webp\" data-width=\"768\" data-height=\"512\" aria-label=\"Arrangementer Costa Blanca - mai 2026\" role=\"img\" ><\/div>\n\t\t\t\t\t\t\t\t\t\t\t<div class=\"elementor-gallery-item__overlay\"><\/div>\n\t\t\t\t\t\t\t\t\t\t\t\t\t\t<\/a>\n\t\t\t\t\t\t\t<a class=\"e-gallery-item elementor-gallery-item elementor-animated-content\" href=\"https:\/\/costablanca-magazin.com\/wp-content\/uploads\/2026\/05\/Kraken.jpg\" data-elementor-open-lightbox=\"yes\" data-elementor-lightbox-slideshow=\"c9f8b51\" data-elementor-lightbox-title=\"Kraken\" data-elementor-lightbox-description=\"Veranstaltungen Costa Blanca \u2013 Mai 2026  \" data-e-action-hash=\"#elementor-action%3Aaction%3Dlightbox%26settings%3DeyJpZCI6MTE1MTIsInVybCI6Imh0dHBzOlwvXC9jb3N0YWJsYW5jYS1tYWdhemluLmNvbVwvd3AtY29udGVudFwvdXBsb2Fkc1wvMjAyNlwvMDVcL0tyYWtlbi5qcGciLCJzbGlkZXNob3ciOiJjOWY4YjUxIn0%3D\">\n\t\t\t\t\t<div class=\"e-gallery-image elementor-gallery-item__image\" data-thumbnail=\"https:\/\/costablanca-magazin.com\/wp-content\/uploads\/2026\/05\/Kraken.jpg\" data-width=\"735\" data-height=\"1056\" aria-label=\"Arrangementer Costa Blanca - mai 2026\" role=\"img\" ><\/div>\n\t\t\t\t\t\t\t\t\t\t\t<div class=\"elementor-gallery-item__overlay\"><\/div>\n\t\t\t\t\t\t\t\t\t\t\t\t\t\t<\/a>\n\t\t\t\t\t<\/div>\n\t\t\t\t\t<\/div>\n\t\t\t\t<\/div>\n\t\t\t\t<\/div>\n\t\t\t\t\t<\/div>\n\t\t\t\t<\/div>\n\t\t<div class=\"elementor-element elementor-element-902656d e-flex e-con-boxed e-con e-parent\" data-id=\"902656d\" data-element_type=\"container\" data-e-type=\"container\">\n\t\t\t\t\t<div class=\"e-con-inner\">\n\t\t\t\t<div class=\"elementor-element elementor-element-62ef34c elementor-share-buttons--view-icon elementor-share-buttons--skin-gradient elementor-share-buttons--shape-square elementor-grid-0 elementor-share-buttons--color-official elementor-widget elementor-widget-share-buttons\" data-id=\"62ef34c\" data-element_type=\"widget\" data-e-type=\"widget\" data-widget_type=\"share-buttons.default\">\n\t\t\t\t<div class=\"elementor-widget-container\">\n\t\t\t\t\t\t\t<div class=\"elementor-grid\" role=\"list\">\n\t\t\t\t\t\t\t\t<div class=\"elementor-grid-item\" role=\"listitem\">\n\t\t\t\t\t\t<div class=\"elementor-share-btn elementor-share-btn_facebook\" role=\"button\" tabindex=\"0\" aria-label=\"Share on facebook\">\n\t\t\t\t\t\t\t\t\t\t\t\t\t\t\t<span class=\"elementor-share-btn__icon\">\n\t\t\t\t\t\t\t\t<svg aria-hidden=\"true\" class=\"e-font-icon-svg e-fab-facebook\" viewbox=\"0 0 512 512\" xmlns=\"http:\/\/www.w3.org\/2000\/svg\"><path d=\"M504 256C504 119 393 8 256 8S8 119 8 256c0 123.78 90.69 226.38 209.25 245V327.69h-63V256h63v-54.64c0-62.15 37-96.48 93.67-96.48 27.14 0 55.52 4.84 55.52 4.84v61h-31.28c-30.8 0-40.41 19.12-40.41 38.73V256h68.78l-11 71.69h-57.78V501C413.31 482.38 504 379.78 504 256z\"><\/path><\/svg>\t\t\t\t\t\t\t<\/span>\n\t\t\t\t\t\t\t\t\t\t\t\t\t\t\t\t\t\t\t\t<\/div>\n\t\t\t\t\t<\/div>\n\t\t\t\t\t\t\t\t\t<div class=\"elementor-grid-item\" role=\"listitem\">\n\t\t\t\t\t\t<div class=\"elementor-share-btn elementor-share-btn_pinterest\" role=\"button\" tabindex=\"0\" aria-label=\"Share on pinterest\">\n\t\t\t\t\t\t\t\t\t\t\t\t\t\t\t<span class=\"elementor-share-btn__icon\">\n\t\t\t\t\t\t\t\t<svg aria-hidden=\"true\" class=\"e-font-icon-svg e-fab-pinterest\" viewbox=\"0 0 496 512\" xmlns=\"http:\/\/www.w3.org\/2000\/svg\"><path d=\"M496 256c0 137-111 248-248 248-25.6 0-50.2-3.9-73.4-11.1 10.1-16.5 25.2-43.5 30.8-65 3-11.6 15.4-59 15.4-59 8.1 15.4 31.7 28.5 56.8 28.5 74.8 0 128.7-68.8 128.7-154.3 0-81.9-66.9-143.2-152.9-143.2-107 0-163.9 71.8-163.9 150.1 0 36.4 19.4 81.7 50.3 96.1 4.7 2.2 7.2 1.2 8.3-3.3.8-3.4 5-20.3 6.9-28.1.6-2.5.3-4.7-1.7-7.1-10.1-12.5-18.3-35.3-18.3-56.6 0-54.7 41.4-107.6 112-107.6 60.9 0 103.6 41.5 103.6 100.9 0 67.1-33.9 113.6-78 113.6-24.3 0-42.6-20.1-36.7-44.8 7-29.5 20.5-61.3 20.5-82.6 0-19-10.2-34.9-31.4-34.9-24.9 0-44.9 25.7-44.9 60.2 0 22 7.4 36.8 7.4 36.8s-24.5 103.8-29 123.2c-5 21.4-3 51.6-.9 71.2C65.4 450.9 0 361.1 0 256 0 119 111 8 248 8s248 111 248 248z\"><\/path><\/svg>\t\t\t\t\t\t\t<\/span>\n\t\t\t\t\t\t\t\t\t\t\t\t\t\t\t\t\t\t\t\t<\/div>\n\t\t\t\t\t<\/div>\n\t\t\t\t\t\t\t\t\t<div class=\"elementor-grid-item\" role=\"listitem\">\n\t\t\t\t\t\t<div class=\"elementor-share-btn elementor-share-btn_x-twitter\" role=\"button\" tabindex=\"0\" aria-label=\"Share on x-twitter\">\n\t\t\t\t\t\t\t\t\t\t\t\t\t\t\t<span class=\"elementor-share-btn__icon\">\n\t\t\t\t\t\t\t\t<svg aria-hidden=\"true\" class=\"e-font-icon-svg e-fab-x-twitter\" viewbox=\"0 0 512 512\" xmlns=\"http:\/\/www.w3.org\/2000\/svg\"><path d=\"M389.2 48h70.6L305.6 224.2 487 464H345L233.7 318.6 106.5 464H35.8L200.7 275.5 26.8 48H172.4L272.9 180.9 389.2 48zM364.4 421.8h39.1L151.1 88h-42L364.4 421.8z\"><\/path><\/svg>\t\t\t\t\t\t\t<\/span>\n\t\t\t\t\t\t\t\t\t\t\t\t\t\t\t\t\t\t\t\t<\/div>\n\t\t\t\t\t<\/div>\n\t\t\t\t\t\t\t\t\t<div class=\"elementor-grid-item\" role=\"listitem\">\n\t\t\t\t\t\t<div class=\"elementor-share-btn elementor-share-btn_whatsapp\" role=\"button\" tabindex=\"0\" aria-label=\"Share on whatsapp\">\n\t\t\t\t\t\t\t\t\t\t\t\t\t\t\t<span class=\"elementor-share-btn__icon\">\n\t\t\t\t\t\t\t\t<svg aria-hidden=\"true\" class=\"e-font-icon-svg e-fab-whatsapp\" viewbox=\"0 0 448 512\" xmlns=\"http:\/\/www.w3.org\/2000\/svg\"><path d=\"M380.9 97.1C339 55.1 283.2 32 223.9 32c-122.4 0-222 99.6-222 222 0 39.1 10.2 77.3 29.6 111L0 480l117.7-30.9c32.4 17.7 68.9 27 106.1 27h.1c122.3 0 224.1-99.6 224.1-222 0-59.3-25.2-115-67.1-157zm-157 341.6c-33.2 0-65.7-8.9-94-25.7l-6.7-4-69.8 18.3L72 359.2l-4.4-7c-18.5-29.4-28.2-63.3-28.2-98.2 0-101.7 82.8-184.5 184.6-184.5 49.3 0 95.6 19.2 130.4 54.1 34.8 34.9 56.2 81.2 56.1 130.5 0 101.8-84.9 184.6-186.6 184.6zm101.2-138.2c-5.5-2.8-32.8-16.2-37.9-18-5.1-1.9-8.8-2.8-12.5 2.8-3.7 5.6-14.3 18-17.6 21.8-3.2 3.7-6.5 4.2-12 1.4-32.6-16.3-54-29.1-75.5-66-5.7-9.8 5.7-9.1 16.3-30.3 1.8-3.7.9-6.9-.5-9.7-1.4-2.8-12.5-30.1-17.1-41.2-4.5-10.8-9.1-9.3-12.5-9.5-3.2-.2-6.9-.2-10.6-.2-3.7 0-9.7 1.4-14.8 6.9-5.1 5.6-19.4 19-19.4 46.3 0 27.3 19.9 53.7 22.6 57.4 2.8 3.7 39.1 59.7 94.8 83.8 35.2 15.2 49 16.5 66.6 13.9 10.7-1.6 32.8-13.4 37.4-26.4 4.6-13 4.6-24.1 3.2-26.4-1.3-2.5-5-3.9-10.5-6.6z\"><\/path><\/svg>\t\t\t\t\t\t\t<\/span>\n\t\t\t\t\t\t\t\t\t\t\t\t\t\t\t\t\t\t\t\t<\/div>\n\t\t\t\t\t<\/div>\n\t\t\t\t\t\t\t\t\t<div class=\"elementor-grid-item\" role=\"listitem\">\n\t\t\t\t\t\t<div class=\"elementor-share-btn elementor-share-btn_email\" role=\"button\" tabindex=\"0\" aria-label=\"Share on email\">\n\t\t\t\t\t\t\t\t\t\t\t\t\t\t\t<span class=\"elementor-share-btn__icon\">\n\t\t\t\t\t\t\t\t<svg aria-hidden=\"true\" class=\"e-font-icon-svg e-fas-envelope\" viewbox=\"0 0 512 512\" xmlns=\"http:\/\/www.w3.org\/2000\/svg\"><path d=\"M502.3 190.8c3.9-3.1 9.7-.2 9.7 4.7V400c0 26.5-21.5 48-48 48H48c-26.5 0-48-21.5-48-48V195.6c0-5 5.7-7.8 9.7-4.7 22.4 17.4 52.1 39.5 154.1 113.6 21.1 15.4 56.7 47.8 92.2 47.6 35.7.3 72-32.8 92.3-47.6 102-74.1 131.6-96.3 154-113.7zM256 320c23.2.4 56.6-29.2 73.4-41.4 132.7-96.3 142.8-104.7 173.4-128.7 5.8-4.5 9.2-11.5 9.2-18.9v-19c0-26.5-21.5-48-48-48H48C21.5 64 0 85.5 0 112v19c0 7.4 3.4 14.3 9.2 18.9 30.6 23.9 40.7 32.4 173.4 128.7 16.8 12.2 50.2 41.8 73.4 41.4z\"><\/path><\/svg>\t\t\t\t\t\t\t<\/span>\n\t\t\t\t\t\t\t\t\t\t\t\t\t\t\t\t\t\t\t\t<\/div>\n\t\t\t\t\t<\/div>\n\t\t\t\t\t\t\t\t\t<div class=\"elementor-grid-item\" role=\"listitem\">\n\t\t\t\t\t\t<div class=\"elementor-share-btn elementor-share-btn_print\" role=\"button\" tabindex=\"0\" aria-label=\"Share on print\">\n\t\t\t\t\t\t\t\t\t\t\t\t\t\t\t<span class=\"elementor-share-btn__icon\">\n\t\t\t\t\t\t\t\t<svg aria-hidden=\"true\" class=\"e-font-icon-svg e-fas-print\" viewbox=\"0 0 512 512\" xmlns=\"http:\/\/www.w3.org\/2000\/svg\"><path d=\"M448 192V77.25c0-8.49-3.37-16.62-9.37-22.63L393.37 9.37c-6-6-14.14-9.37-22.63-9.37H96C78.33 0 64 14.33 64 32v160c-35.35 0-64 28.65-64 64v112c0 8.84 7.16 16 16 16h48v96c0 17.67 14.33 32 32 32h320c17.67 0 32-14.33 32-32v-96h48c8.84 0 16-7.16 16-16V256c0-35.35-28.65-64-64-64zm-64 256H128v-96h256v96zm0-224H128V64h192v48c0 8.84 7.16 16 16 16h48v96zm48 72c-13.25 0-24-10.75-24-24 0-13.26 10.75-24 24-24s24 10.74 24 24c0 13.25-10.75 24-24 24z\"><\/path><\/svg>\t\t\t\t\t\t\t<\/span>\n\t\t\t\t\t\t\t\t\t\t\t\t\t\t\t\t\t\t\t\t<\/div>\n\t\t\t\t\t<\/div>\n\t\t\t\t\t\t<\/div>\n\t\t\t\t\t\t<\/div>\n\t\t\t\t<\/div>\n\t\t\t\t\t<\/div>\n\t\t\t\t<\/div>\n\t\t<div class=\"elementor-element elementor-element-920a5d7 e-flex e-con-boxed e-con e-parent\" data-id=\"920a5d7\" data-element_type=\"container\" data-e-type=\"container\">\n\t\t\t\t\t<div class=\"e-con-inner\">\n\t\t\t\t<div class=\"elementor-element elementor-element-487fa2c elementor-widget-divider--separator-type-pattern elementor-widget-divider--view-line elementor-widget elementor-widget-divider\" data-id=\"487fa2c\" data-element_type=\"widget\" data-e-type=\"widget\" data-widget_type=\"divider.default\">\n\t\t\t\t<div class=\"elementor-widget-container\">\n\t\t\t\t\t\t\t<div class=\"elementor-divider\" style=\"--divider-pattern-url: url(&quot;data:image\/svg+xml,%3Csvg xmlns=&#039;http:\/\/www.w3.org\/2000\/svg&#039; preserveAspectRatio=&#039;none&#039; overflow=&#039;visible&#039; height=&#039;100%&#039; viewBox=&#039;0 0 24 24&#039; fill=&#039;none&#039; stroke=&#039;black&#039; stroke-width=&#039;1.5&#039; stroke-linecap=&#039;square&#039; stroke-miterlimit=&#039;10&#039;%3E%3Cpath d=&#039;M0,6c6,0,0.9,11.1,6.9,11.1S18,6,24,6&#039;\/%3E%3C\/svg%3E&quot;);\">\n\t\t\t<span class=\"elementor-divider-separator\">\n\t\t\t\t\t\t<\/span>\n\t\t<\/div>\n\t\t\t\t\t\t<\/div>\n\t\t\t\t<\/div>\n\t\t\t\t<div class=\"elementor-element elementor-element-6a9b094 elementor-widget elementor-widget-heading\" data-id=\"6a9b094\" data-element_type=\"widget\" data-e-type=\"widget\" data-widget_type=\"heading.default\">\n\t\t\t\t<div class=\"elementor-widget-container\">\n\t\t\t\t\t<h4 class=\"elementor-heading-title elementor-size-default\">Fortell oss om ditt arrangement c.rehagel@die-inselzeitung.com - - Charlotta Rehagel\nCharlotta Rehagel<\/h4>\t\t\t\t<\/div>\n\t\t\t\t<\/div>\n\t\t\t\t<div class=\"elementor-element elementor-element-c168ecc elementor-widget-divider--separator-type-pattern elementor-widget-divider--view-line elementor-widget elementor-widget-divider\" data-id=\"c168ecc\" data-element_type=\"widget\" data-e-type=\"widget\" data-widget_type=\"divider.default\">\n\t\t\t\t<div class=\"elementor-widget-container\">\n\t\t\t\t\t\t\t<div class=\"elementor-divider\" style=\"--divider-pattern-url: url(&quot;data:image\/svg+xml,%3Csvg xmlns=&#039;http:\/\/www.w3.org\/2000\/svg&#039; preserveAspectRatio=&#039;none&#039; overflow=&#039;visible&#039; height=&#039;100%&#039; viewBox=&#039;0 0 24 24&#039; fill=&#039;none&#039; stroke=&#039;black&#039; stroke-width=&#039;1.5&#039; stroke-linecap=&#039;square&#039; stroke-miterlimit=&#039;10&#039;%3E%3Cpath d=&#039;M0,6c6,0,0.9,11.1,6.9,11.1S18,6,24,6&#039;\/%3E%3C\/svg%3E&quot;);\">\n\t\t\t<span class=\"elementor-divider-separator\">\n\t\t\t\t\t\t<\/span>\n\t\t<\/div>\n\t\t\t\t\t\t<\/div>\n\t\t\t\t<\/div>\n\t\t\t\t<div class=\"elementor-element elementor-element-38736c6 elementor-grid-3 elementor-grid-tablet-2 elementor-grid-mobile-1 elementor-posts--thumbnail-top elementor-posts--show-avatar elementor-card-shadow-yes elementor-posts__hover-gradient elementor-widget elementor-widget-posts\" data-id=\"38736c6\" data-element_type=\"widget\" data-e-type=\"widget\" data-settings=\"{&quot;cards_columns&quot;:&quot;3&quot;,&quot;cards_columns_tablet&quot;:&quot;2&quot;,&quot;cards_columns_mobile&quot;:&quot;1&quot;,&quot;cards_row_gap&quot;:{&quot;unit&quot;:&quot;px&quot;,&quot;size&quot;:35,&quot;sizes&quot;:[]},&quot;cards_row_gap_tablet&quot;:{&quot;unit&quot;:&quot;px&quot;,&quot;size&quot;:&quot;&quot;,&quot;sizes&quot;:[]},&quot;cards_row_gap_mobile&quot;:{&quot;unit&quot;:&quot;px&quot;,&quot;size&quot;:&quot;&quot;,&quot;sizes&quot;:[]}}\" data-widget_type=\"posts.cards\">\n\t\t\t\t<div class=\"elementor-widget-container\">\n\t\t\t\t\t\t\t<div class=\"elementor-posts-container elementor-posts elementor-posts--skin-cards elementor-grid\" role=\"list\">\n\t\t\t\t<article class=\"elementor-post elementor-grid-item post-11484 post type-post status-publish format-standard has-post-thumbnail hentry category-veranstaltungen-events tag-costa-blanca-2 tag-events-costa-blanca tag-fiestas-costa-blanca tag-konzerte-costa-blanca tag-kultur-costa-blanca tag-veranstaltungen-costa-blanca-mai tag-veranstaltungskalender-costa-blanca\" role=\"listitem\">\n\t\t\t<div class=\"elementor-post__card\">\n\t\t\t\t<a class=\"elementor-post__thumbnail__link\" href=\"https:\/\/costablanca-magazin.com\/nb\/freizeit\/veranstaltungen-events\/veranstaltungen-un-events-an-der-costa-blanca-mai-2026\/\" tabindex=\"-1\" ><div class=\"elementor-post__thumbnail\"><img fetchpriority=\"high\" decoding=\"async\" width=\"2048\" height=\"1152\" src=\"https:\/\/costablanca-magazin.com\/wp-content\/uploads\/2026\/05\/AdobeStock_296419932-2048x1152.jpeg\" class=\"attachment-2048x2048 size-2048x2048 wp-image-11485\" alt=\"Arrangementer Costa Blanca - mai 2026\" srcset=\"https:\/\/costablanca-magazin.com\/wp-content\/uploads\/2026\/05\/AdobeStock_296419932-2048x1152.jpeg 2048w, https:\/\/costablanca-magazin.com\/wp-content\/uploads\/2026\/05\/AdobeStock_296419932-300x169.jpeg 300w, https:\/\/costablanca-magazin.com\/wp-content\/uploads\/2026\/05\/AdobeStock_296419932-1024x576.jpeg 1024w, https:\/\/costablanca-magazin.com\/wp-content\/uploads\/2026\/05\/AdobeStock_296419932-768x432.jpeg 768w, https:\/\/costablanca-magazin.com\/wp-content\/uploads\/2026\/05\/AdobeStock_296419932-1536x864.jpeg 1536w, https:\/\/costablanca-magazin.com\/wp-content\/uploads\/2026\/05\/AdobeStock_296419932-18x10.jpeg 18w\" sizes=\"(max-width: 2048px) 100vw, 2048px\" \/><\/div><\/a>\n\t\t\t\t<div class=\"elementor-post__badge\">Arrangementer og begivenheter<\/div>\n\t\t\t\t<div class=\"elementor-post__avatar\">\n\t\t\t\t\t<\/div>\n\t\t\t\t<div class=\"elementor-post__text\">\n\t\t\t\t<h3 class=\"elementor-post__title\">\n\t\t\t<a href=\"https:\/\/costablanca-magazin.com\/nb\/freizeit\/veranstaltungen-events\/veranstaltungen-un-events-an-der-costa-blanca-mai-2026\/\" >\n\t\t\t\tArrangementer p\u00e5 Costa Blanca - mai 2026\t\t\t<\/a>\n\t\t<\/h3>\n\t\t\t\t<\/div>\n\t\t\t\t\t<\/div>\n\t\t<\/article>\n\t\t\t\t<article class=\"elementor-post elementor-grid-item post-11423 post type-post status-publish format-standard has-post-thumbnail hentry category-veranstaltungen-events tag-fiestas-costa-blanca-2026 tag-moros-y-cristianos-benidorm tag-moros-y-cristianos-costa-blanca-2026 tag-moros-y-cristianos-denia tag-moros-y-cristianos-termine-2026 tag-moros-y-cristianos-villajoyosa\" role=\"listitem\">\n\t\t\t<div class=\"elementor-post__card\">\n\t\t\t\t<a class=\"elementor-post__thumbnail__link\" href=\"https:\/\/costablanca-magazin.com\/nb\/freizeit\/veranstaltungen-events\/moros-y-cristianos-costa-blanca-2026-termine-und-feste\/\" tabindex=\"-1\" ><div class=\"elementor-post__thumbnail\"><img decoding=\"async\" width=\"1200\" height=\"539\" src=\"https:\/\/costablanca-magazin.com\/wp-content\/uploads\/2025\/09\/calpe-moros.jpg\" class=\"attachment-2048x2048 size-2048x2048 wp-image-8738\" alt=\"calpe moros y cristianos\" srcset=\"https:\/\/costablanca-magazin.com\/wp-content\/uploads\/2025\/09\/calpe-moros.jpg 1200w, https:\/\/costablanca-magazin.com\/wp-content\/uploads\/2025\/09\/calpe-moros-300x135.jpg 300w, https:\/\/costablanca-magazin.com\/wp-content\/uploads\/2025\/09\/calpe-moros-1024x460.jpg 1024w, https:\/\/costablanca-magazin.com\/wp-content\/uploads\/2025\/09\/calpe-moros-768x345.jpg 768w\" sizes=\"(max-width: 1200px) 100vw, 1200px\" \/><\/div><\/a>\n\t\t\t\t<div class=\"elementor-post__badge\">Arrangementer og begivenheter<\/div>\n\t\t\t\t<div class=\"elementor-post__avatar\">\n\t\t\t\t\t<\/div>\n\t\t\t\t<div class=\"elementor-post__text\">\n\t\t\t\t<h3 class=\"elementor-post__title\">\n\t\t\t<a href=\"https:\/\/costablanca-magazin.com\/nb\/freizeit\/veranstaltungen-events\/moros-y-cristianos-costa-blanca-2026-termine-und-feste\/\" >\n\t\t\t\tMoros y Cristianos Costa Blanca 2026 - Datoer og festligheter\t\t\t<\/a>\n\t\t<\/h3>\n\t\t\t\t<\/div>\n\t\t\t\t\t<\/div>\n\t\t<\/article>\n\t\t\t\t<article class=\"elementor-post elementor-grid-item post-11337 post type-post status-publish format-standard has-post-thumbnail hentry category-veranstaltungen-events tag-altea-veranstaltungen tag-april-costa-blanca tag-denia-veranstaltungen tag-events-costa-blanca-2026 tag-ostern-costa-blanca tag-semana-santa-costa-blanca tag-veranstaltungen-costa-blanca\" role=\"listitem\">\n\t\t\t<div class=\"elementor-post__card\">\n\t\t\t\t<a class=\"elementor-post__thumbnail__link\" href=\"https:\/\/costablanca-magazin.com\/nb\/freizeit\/veranstaltungen-events\/april-an-der-costa-blanca-events-und-ostern-2026\/\" tabindex=\"-1\" ><div class=\"elementor-post__thumbnail\"><img decoding=\"async\" width=\"2048\" height=\"1368\" src=\"https:\/\/costablanca-magazin.com\/wp-content\/uploads\/2026\/04\/crowd-in-costumes-in-semana-santa-festival-capture-2026-03-18-07-56-36-utc-2048x1368.jpeg\" class=\"attachment-2048x2048 size-2048x2048 wp-image-11338\" alt=\"April p\u00e5 Costa Blanca: arrangementer, p\u00e5ske og arrangementer 2026\" srcset=\"https:\/\/costablanca-magazin.com\/wp-content\/uploads\/2026\/04\/crowd-in-costumes-in-semana-santa-festival-capture-2026-03-18-07-56-36-utc-2048x1368.jpeg 2048w, https:\/\/costablanca-magazin.com\/wp-content\/uploads\/2026\/04\/crowd-in-costumes-in-semana-santa-festival-capture-2026-03-18-07-56-36-utc-300x200.jpeg 300w, https:\/\/costablanca-magazin.com\/wp-content\/uploads\/2026\/04\/crowd-in-costumes-in-semana-santa-festival-capture-2026-03-18-07-56-36-utc-1024x684.jpeg 1024w, https:\/\/costablanca-magazin.com\/wp-content\/uploads\/2026\/04\/crowd-in-costumes-in-semana-santa-festival-capture-2026-03-18-07-56-36-utc-768x513.jpeg 768w, https:\/\/costablanca-magazin.com\/wp-content\/uploads\/2026\/04\/crowd-in-costumes-in-semana-santa-festival-capture-2026-03-18-07-56-36-utc-1536x1026.jpeg 1536w, https:\/\/costablanca-magazin.com\/wp-content\/uploads\/2026\/04\/crowd-in-costumes-in-semana-santa-festival-capture-2026-03-18-07-56-36-utc-18x12.jpeg 18w\" sizes=\"(max-width: 2048px) 100vw, 2048px\" \/><\/div><\/a>\n\t\t\t\t<div class=\"elementor-post__badge\">Arrangementer og begivenheter<\/div>\n\t\t\t\t<div class=\"elementor-post__avatar\">\n\t\t\t\t\t<\/div>\n\t\t\t\t<div class=\"elementor-post__text\">\n\t\t\t\t<h3 class=\"elementor-post__title\">\n\t\t\t<a href=\"https:\/\/costablanca-magazin.com\/nb\/freizeit\/veranstaltungen-events\/april-an-der-costa-blanca-events-und-ostern-2026\/\" >\n\t\t\t\tApril p\u00e5 Costa Blanca - Arrangementer og p\u00e5ske 2026\t\t\t<\/a>\n\t\t<\/h3>\n\t\t\t\t<\/div>\n\t\t\t\t\t<\/div>\n\t\t<\/article>\n\t\t\t\t<\/div>\n\t\t\n\t\t\t\t\t\t<\/div>\n\t\t\t\t<\/div>\n\t\t\t\t\t<\/div>\n\t\t\t\t<\/div>\n\t\t\t\t<\/div>","protected":false},"excerpt":{"rendered":"<p>Veranstaltungen und Events Costa Blanca \u2013 Mai 2026 Veranstaltungen im Mai an der Costa Blanca: Kultur, Konzerte, Theater, Events, Fiestas<\/p>","protected":false},"author":3,"featured_media":11485,"comment_status":"closed","ping_status":"closed","sticky":false,"template":"elementor_header_footer","format":"standard","meta":{"om_disable_all_campaigns":false,"_monsterinsights_skip_tracking":false,"_monsterinsights_sitenote_active":false,"_monsterinsights_sitenote_note":"","_monsterinsights_sitenote_category":0,"footnotes":""},"categories":[23],"tags":[613,923,1733,1072,1734,1735,1736],"class_list":["post-11484","post","type-post","status-publish","format-standard","has-post-thumbnail","hentry","category-veranstaltungen-events","tag-costa-blanca-2","tag-events-costa-blanca","tag-fiestas-costa-blanca","tag-konzerte-costa-blanca","tag-kultur-costa-blanca","tag-veranstaltungen-costa-blanca-mai","tag-veranstaltungskalender-costa-blanca"],"aioseo_notices":[],"_links":{"self":[{"href":"https:\/\/costablanca-magazin.com\/nb\/wp-json\/wp\/v2\/posts\/11484","targetHints":{"allow":["GET"]}}],"collection":[{"href":"https:\/\/costablanca-magazin.com\/nb\/wp-json\/wp\/v2\/posts"}],"about":[{"href":"https:\/\/costablanca-magazin.com\/nb\/wp-json\/wp\/v2\/types\/post"}],"author":[{"embeddable":true,"href":"https:\/\/costablanca-magazin.com\/nb\/wp-json\/wp\/v2\/users\/3"}],"replies":[{"embeddable":true,"href":"https:\/\/costablanca-magazin.com\/nb\/wp-json\/wp\/v2\/comments?post=11484"}],"version-history":[{"count":4,"href":"https:\/\/costablanca-magazin.com\/nb\/wp-json\/wp\/v2\/posts\/11484\/revisions"}],"predecessor-version":[{"id":11526,"href":"https:\/\/costablanca-magazin.com\/nb\/wp-json\/wp\/v2\/posts\/11484\/revisions\/11526"}],"wp:featuredmedia":[{"embeddable":true,"href":"https:\/\/costablanca-magazin.com\/nb\/wp-json\/wp\/v2\/media\/11485"}],"wp:attachment":[{"href":"https:\/\/costablanca-magazin.com\/nb\/wp-json\/wp\/v2\/media?parent=11484"}],"wp:term":[{"taxonomy":"category","embeddable":true,"href":"https:\/\/costablanca-magazin.com\/nb\/wp-json\/wp\/v2\/categories?post=11484"},{"taxonomy":"post_tag","embeddable":true,"href":"https:\/\/costablanca-magazin.com\/nb\/wp-json\/wp\/v2\/tags?post=11484"}],"curies":[{"name":"wp","href":"https:\/\/api.w.org\/{rel}","templated":true}]}}