{"id":11423,"date":"2026-04-27T09:00:00","date_gmt":"2026-04-27T07:00:00","guid":{"rendered":"https:\/\/costablanca-magazin.com\/?p=11423"},"modified":"2026-04-27T15:45:55","modified_gmt":"2026-04-27T13:45:55","slug":"moros-y-cristianos-costa-blanca-2026-datoer-og-festivaler","status":"publish","type":"post","link":"https:\/\/costablanca-magazin.com\/nb\/freizeit\/veranstaltungen-events\/moros-y-cristianos-costa-blanca-2026-termine-und-feste\/","title":{"rendered":"Moros y Cristianos Costa Blanca 2026 - Datoer og festligheter"},"content":{"rendered":"<div data-elementor-type=\"wp-post\" data-elementor-id=\"11423\" class=\"elementor elementor-11423\" data-elementor-post-type=\"post\">\n\t\t\t\t<div class=\"elementor-element elementor-element-fe43bb6 e-flex e-con-boxed e-con e-parent\" data-id=\"fe43bb6\" data-element_type=\"container\" data-e-type=\"container\">\n\t\t\t\t\t<div class=\"e-con-inner\">\n\t\t\t\t<div class=\"elementor-element elementor-element-f0dd263 elementor-widget elementor-widget-heading\" data-id=\"f0dd263\" data-element_type=\"widget\" data-e-type=\"widget\" data-widget_type=\"heading.default\">\n\t\t\t\t<div class=\"elementor-widget-container\">\n\t\t\t\t\t<h2 class=\"elementor-heading-title elementor-size-default\">Moros y Cristianos Costa Blanca 2026 - Datoer og festligheter<\/h2>\t\t\t\t<\/div>\n\t\t\t\t<\/div>\n\t\t\t\t<div class=\"elementor-element elementor-element-9c3e2b5 elementor-widget elementor-widget-image\" data-id=\"9c3e2b5\" data-element_type=\"widget\" data-e-type=\"widget\" data-widget_type=\"image.default\">\n\t\t\t\t<div class=\"elementor-widget-container\">\n\t\t\t\t\t\t\t\t\t\t\t\t\t\t\t<img decoding=\"async\" src=\"https:\/\/costablanca-magazin.com\/wp-content\/uploads\/elementor\/thumbs\/Moros-y-Cristianos-Benissa-rjc5j8bkde24hxw9prgn5ga5or059tii675usglo6k.jpg\" title=\"Moros y Cristianos Benissa\" alt=\"Moros y Cristianos Benissa 1\" loading=\"lazy\" \/>\t\t\t\t\t\t\t\t\t\t\t\t\t\t\t<\/div>\n\t\t\t\t<\/div>\n\t\t\t\t<div class=\"elementor-element elementor-element-5f46ce2 elementor-widget elementor-widget-heading\" data-id=\"5f46ce2\" data-element_type=\"widget\" data-e-type=\"widget\" data-widget_type=\"heading.default\">\n\t\t\t\t<div class=\"elementor-widget-container\">\n\t\t\t\t\t<h2 class=\"elementor-heading-title elementor-size-default\">Hvorfor disse fiestaene er mer enn bare fargerike parader<\/h2>\t\t\t\t<\/div>\n\t\t\t\t<\/div>\n\t\t\t\t\t<\/div>\n\t\t\t\t<\/div>\n\t\t<div class=\"elementor-element elementor-element-2cfb824 e-flex e-con-boxed e-con e-parent\" data-id=\"2cfb824\" data-element_type=\"container\" data-e-type=\"container\">\n\t\t\t\t\t<div class=\"e-con-inner\">\n\t\t<div class=\"elementor-element elementor-element-1eb6761 e-con-full e-flex e-con e-child\" data-id=\"1eb6761\" data-element_type=\"container\" data-e-type=\"container\">\n\t\t\t\t<div class=\"elementor-element elementor-element-722820c elementor-widget elementor-widget-text-editor\" data-id=\"722820c\" data-element_type=\"widget\" data-e-type=\"widget\" data-widget_type=\"text-editor.default\">\n\t\t\t\t<div class=\"elementor-widget-container\">\n\t\t\t\t\t\t\t\t\t<p>F\u00f8rst kommer trommene. S\u00e5 messingbl\u00e5sere. S\u00e5 fylles gatene med tunge stoffer, skinnende hjelmer, fj\u00e6rkroner, faner, hester og grupper som ikke bare \u201eg\u00e5r forbi\u201c, men som har forberedt opptredenen sin i m\u00e5nedsvis. Moros y Cristianos er en av de festivalene p\u00e5 Costa Blanca der en by eller landsby dropper sin normale rytme i noen dager.<\/p><p>I Moraira, Benissa, X\u00e0bia, Villajoyosa, D\u00e9nia, Guardamar, Orihuela, Almorad\u00ed, Altea, Benidorm og Calp trekker fiestaene hvert \u00e5r tusenvis av mennesker ut i gatene. Ikke alle steder samtidig, ikke alle steder av samme st\u00f8rrelse - men alltid med musikk, historie, lokal stolthet og en organisatorisk innsats som g\u00e5r langt utover en vanlig sommerfestival.<\/p><p>For fastboende og langtidsferierende er det verdt \u00e5 ta en tidlig titt p\u00e5 kalenderen. Noen datoer er blant de travleste i l\u00f8pet av \u00e5ret. Under de store paradene er veiene stengt, parkeringsplassene er knappe og de beste plassene blir raskt opptatt.<\/p><h2><strong>Hva Moros y Cristianos handler om<\/strong><\/h2><p>Festivalene minner om middelalderens sammenst\u00f8t mellom muslimske og kristne herskere p\u00e5 Den iberiske halv\u00f8y. Dette historiske materialet har gitt opphav til Costa Blancas egen festkultur: h\u00f8ylytt, presist organisert, til tider spektakul\u00e6r - og mange steder dypt knyttet til den lokale identiteten.<\/p><p>Hovedrollene spilles av filaes eller comparsas, de festlige gruppene av moros og Cristianos. De har sine egne farger, kostymer, musikkstykker, marsjformasjoner og faste roller i prosessen. Mange familier har v\u00e6rt involvert i generasjoner. Barn vokser inn i det, unge mennesker tar sine f\u00f8rste roller, voksne opptrer som capitanes, abanderados eller ambassad\u00f8rer.<\/p><p>Det store \u00f8yeblikket er vanligvis entradas, den seremonielle inntoget av gruppene. Det finnes ogs\u00e5 embajadas, der erobring, forhandling og gjenerobring iscenesettes. Noen byer har sine egne h\u00f8ydepunkter: I Villajoyosa er det den ber\u00f8mte Desembarco p\u00e5 stranden, i Moraira er det Conquista Mora og Reconquista Cristiana, og i X\u00e0bia er det parader i havnedistriktet Duanes de la Mar.<\/p><h2><strong>De viktigste datoene i Moros-y-Cristianos 2026<\/strong><\/h2><h3><strong>Moraira - tidlig start med gallaparade<\/strong><\/h3><ol start=\"5\"><li>frem til 14. juni 2026<\/li><\/ol><p>Moraira \u00e5pner Moros-y-Cristianos-sesongen for mange i Marina Alta. H\u00f8ydepunktene p\u00e5 programmet er Conquista Mora den 12. juni, Reconquista Cristiana den 13. juni og Desfile de Gala den 14. juni.<\/p><p>Byen er overkommelig, avstandene er korte, og kulissene ved havet gir festivalen en unik ramme. For lesere fra Teulada, Benissa, Benitatxell, J\u00e1vea og Calp er Moraira et av de beste stedene \u00e5 starte.<\/p><h3><strong>Benissa - Moros y Cristianos i det historiske sentrum<\/strong><\/h3><ol start=\"28\"><li>juni til 2. juli 2026<\/li><\/ol><p>Benissa feirer Ap\u00f3stol til \u00e6re for San Pedro. Datoen er tradisjonelt rundt 29. juni. I 2026 vil perioden fra 28. juni til 2. juli bli brukt.<\/p><p>Festivalen har et annet preg enn i de store kystbyene. Gatene i sentrum er smalere, musikken st\u00e5r tettere, og paraden g\u00e5r ikke langs en tilfeldig promenade, men tvers gjennom sentrum av byen. Det er nettopp dette som gj\u00f8r Benissa s\u00e5 interessant for Marina Alta.<\/p><h3><strong>X\u00e0bia \/ J\u00e1vea - Moros y Cristianos i havnedistriktet<\/strong><\/h3><p>Juli 2026, store parader 18. og 19. juli<\/p><p>I X\u00e0bia h\u00f8rer fiestaen hjemme i Duanes de la Mar. Havnen, havet, de trange gatene og kveldsstemningen gir paradene en helt egen tone. De store desfil\u00e9ene er planlagt til 18. og 19. juli.<\/p><p>X\u00e0bia er ikke noe sideshow. Moros y Cristianos er et fast innslag her om sommeren, spesielt for den nordlige Costa Blanca.<\/p>\t\t\t\t\t\t\t\t<\/div>\n\t\t\t\t<\/div>\n\t\t\t\t<\/div>\n\t\t<div class=\"elementor-element elementor-element-8decb01 e-con-full e-flex e-con e-child\" data-id=\"8decb01\" data-element_type=\"container\" data-e-type=\"container\">\n\t\t\t\t<div class=\"elementor-element elementor-element-a488339 elementor-widget elementor-widget-gallery\" data-id=\"a488339\" data-element_type=\"widget\" data-e-type=\"widget\" data-settings=\"{&quot;gallery_layout&quot;:&quot;masonry&quot;,&quot;columns&quot;:1,&quot;lazyload&quot;:&quot;yes&quot;,&quot;columns_tablet&quot;:2,&quot;columns_mobile&quot;:1,&quot;gap&quot;:{&quot;unit&quot;:&quot;px&quot;,&quot;size&quot;:10,&quot;sizes&quot;:[]},&quot;gap_tablet&quot;:{&quot;unit&quot;:&quot;px&quot;,&quot;size&quot;:10,&quot;sizes&quot;:[]},&quot;gap_mobile&quot;:{&quot;unit&quot;:&quot;px&quot;,&quot;size&quot;:10,&quot;sizes&quot;:[]},&quot;link_to&quot;:&quot;file&quot;,&quot;overlay_background&quot;:&quot;yes&quot;,&quot;content_hover_animation&quot;:&quot;fade-in&quot;}\" data-widget_type=\"gallery.default\">\n\t\t\t\t<div class=\"elementor-widget-container\">\n\t\t\t\t\t\t\t<div class=\"elementor-gallery__container\">\n\t\t\t\t\t\t\t<a class=\"e-gallery-item elementor-gallery-item elementor-animated-content\" href=\"https:\/\/costablanca-magazin.com\/wp-content\/uploads\/2026\/04\/Moros-i-Cristianos-Benidorm-Fiesta-1.jpg\" data-elementor-open-lightbox=\"yes\" data-elementor-lightbox-slideshow=\"a488339\" data-elementor-lightbox-title=\"Moros i Cristianos Benidorm Fiesta (1)\" data-elementor-lightbox-description=\"Moros i Cristianos Benidorm Fiesta (1)\" data-e-action-hash=\"#elementor-action%3Aaction%3Dlightbox%26settings%3DeyJpZCI6MTE0MjUsInVybCI6Imh0dHBzOlwvXC9jb3N0YWJsYW5jYS1tYWdhemluLmNvbVwvd3AtY29udGVudFwvdXBsb2Fkc1wvMjAyNlwvMDRcL01vcm9zLWktQ3Jpc3RpYW5vcy1CZW5pZG9ybS1GaWVzdGEtMS5qcGciLCJzbGlkZXNob3ciOiJhNDg4MzM5In0%3D\">\n\t\t\t\t\t<div class=\"e-gallery-image elementor-gallery-item__image\" data-thumbnail=\"https:\/\/costablanca-magazin.com\/wp-content\/uploads\/2026\/04\/Moros-i-Cristianos-Benidorm-Fiesta-1.jpg\" data-width=\"2560\" data-height=\"2047\" aria-label=\"Moros i Cristianos Benidorm Fiesta (1)\" role=\"img\" ><\/div>\n\t\t\t\t\t\t\t\t\t\t\t<div class=\"elementor-gallery-item__overlay\"><\/div>\n\t\t\t\t\t\t\t\t\t\t\t\t\t\t<\/a>\n\t\t\t\t\t\t\t<a class=\"e-gallery-item elementor-gallery-item elementor-animated-content\" href=\"https:\/\/costablanca-magazin.com\/wp-content\/uploads\/2026\/04\/Moros-i-Cristianos-Benidorm-Fiesta-4.jpg\" data-elementor-open-lightbox=\"yes\" data-elementor-lightbox-slideshow=\"a488339\" data-elementor-lightbox-title=\"Moros i Cristianos Benidorm Fiesta (4)\" data-elementor-lightbox-description=\"Moros i Cristianos Benidorm Fiesta (4)\" data-e-action-hash=\"#elementor-action%3Aaction%3Dlightbox%26settings%3DeyJpZCI6MTE0MjksInVybCI6Imh0dHBzOlwvXC9jb3N0YWJsYW5jYS1tYWdhemluLmNvbVwvd3AtY29udGVudFwvdXBsb2Fkc1wvMjAyNlwvMDRcL01vcm9zLWktQ3Jpc3RpYW5vcy1CZW5pZG9ybS1GaWVzdGEtNC5qcGciLCJzbGlkZXNob3ciOiJhNDg4MzM5In0%3D\">\n\t\t\t\t\t<div class=\"e-gallery-image elementor-gallery-item__image\" data-thumbnail=\"https:\/\/costablanca-magazin.com\/wp-content\/uploads\/2026\/04\/Moros-i-Cristianos-Benidorm-Fiesta-4.jpg\" data-width=\"2259\" data-height=\"2560\" aria-label=\"Moros i Cristianos Benidorm Fiesta (4)\" role=\"img\" ><\/div>\n\t\t\t\t\t\t\t\t\t\t\t<div class=\"elementor-gallery-item__overlay\"><\/div>\n\t\t\t\t\t\t\t\t\t\t\t\t\t\t<\/a>\n\t\t\t\t\t\t\t<a class=\"e-gallery-item elementor-gallery-item elementor-animated-content\" href=\"https:\/\/costablanca-magazin.com\/wp-content\/uploads\/2026\/04\/Moros-i-Cristianos-Benidorm-Fiesta-5.jpg\" data-elementor-open-lightbox=\"yes\" data-elementor-lightbox-slideshow=\"a488339\" data-elementor-lightbox-title=\"Moros i Cristianos Benidorm Fiesta (5)\" data-elementor-lightbox-description=\"Moros i Cristianos Benidorm Fiesta (5)\" data-e-action-hash=\"#elementor-action%3Aaction%3Dlightbox%26settings%3DeyJpZCI6MTE0MzAsInVybCI6Imh0dHBzOlwvXC9jb3N0YWJsYW5jYS1tYWdhemluLmNvbVwvd3AtY29udGVudFwvdXBsb2Fkc1wvMjAyNlwvMDRcL01vcm9zLWktQ3Jpc3RpYW5vcy1CZW5pZG9ybS1GaWVzdGEtNS5qcGciLCJzbGlkZXNob3ciOiJhNDg4MzM5In0%3D\">\n\t\t\t\t\t<div class=\"e-gallery-image elementor-gallery-item__image\" data-thumbnail=\"https:\/\/costablanca-magazin.com\/wp-content\/uploads\/2026\/04\/Moros-i-Cristianos-Benidorm-Fiesta-5.jpg\" data-width=\"2560\" data-height=\"1875\" aria-label=\"Moros i Cristianos Benidorm Fiesta (5)\" role=\"img\" ><\/div>\n\t\t\t\t\t\t\t\t\t\t\t<div class=\"elementor-gallery-item__overlay\"><\/div>\n\t\t\t\t\t\t\t\t\t\t\t\t\t\t<\/a>\n\t\t\t\t\t\t\t<a class=\"e-gallery-item elementor-gallery-item elementor-animated-content\" href=\"https:\/\/costablanca-magazin.com\/wp-content\/uploads\/2024\/07\/Denia-Morros-y-cristianos-4-rotated.jpg\" data-elementor-open-lightbox=\"yes\" data-elementor-lightbox-slideshow=\"a488339\" data-elementor-lightbox-title=\"Denia-Morros-y-cristianos (4)\" data-elementor-lightbox-description=\"Fiesta Moros y cristianos Denia \" data-e-action-hash=\"#elementor-action%3Aaction%3Dlightbox%26settings%3DeyJpZCI6MTU1MCwidXJsIjoiaHR0cHM6XC9cL2Nvc3RhYmxhbmNhLW1hZ2F6aW4uY29tXC93cC1jb250ZW50XC91cGxvYWRzXC8yMDI0XC8wN1wvRGVuaWEtTW9ycm9zLXktY3Jpc3RpYW5vcy00LXJvdGF0ZWQuanBnIiwic2xpZGVzaG93IjoiYTQ4ODMzOSJ9\">\n\t\t\t\t\t<div class=\"e-gallery-image elementor-gallery-item__image\" data-thumbnail=\"https:\/\/costablanca-magazin.com\/wp-content\/uploads\/2024\/07\/Denia-Morros-y-cristianos-4-rotated.jpg\" data-width=\"1920\" data-height=\"2560\" aria-label=\"Fiesta Moros y cristianos Denia 1\" role=\"img\" ><\/div>\n\t\t\t\t\t\t\t\t\t\t\t<div class=\"elementor-gallery-item__overlay\"><\/div>\n\t\t\t\t\t\t\t\t\t\t\t\t\t\t<\/a>\n\t\t\t\t\t<\/div>\n\t\t\t\t\t<\/div>\n\t\t\t\t<\/div>\n\t\t\t\t<\/div>\n\t\t<div class=\"elementor-element elementor-element-5ad7dcb e-con-full e-flex e-con e-child\" data-id=\"5ad7dcb\" data-element_type=\"container\" data-e-type=\"container\">\n\t\t\t\t<div class=\"elementor-element elementor-element-30f3ed5 elementor-widget elementor-widget-gallery\" data-id=\"30f3ed5\" data-element_type=\"widget\" data-e-type=\"widget\" data-settings=\"{&quot;gallery_layout&quot;:&quot;masonry&quot;,&quot;columns&quot;:1,&quot;lazyload&quot;:&quot;yes&quot;,&quot;columns_tablet&quot;:2,&quot;columns_mobile&quot;:1,&quot;gap&quot;:{&quot;unit&quot;:&quot;px&quot;,&quot;size&quot;:10,&quot;sizes&quot;:[]},&quot;gap_tablet&quot;:{&quot;unit&quot;:&quot;px&quot;,&quot;size&quot;:10,&quot;sizes&quot;:[]},&quot;gap_mobile&quot;:{&quot;unit&quot;:&quot;px&quot;,&quot;size&quot;:10,&quot;sizes&quot;:[]},&quot;link_to&quot;:&quot;file&quot;,&quot;overlay_background&quot;:&quot;yes&quot;,&quot;content_hover_animation&quot;:&quot;fade-in&quot;}\" data-widget_type=\"gallery.default\">\n\t\t\t\t<div class=\"elementor-widget-container\">\n\t\t\t\t\t\t\t<div class=\"elementor-gallery__container\">\n\t\t\t\t\t\t\t<a class=\"e-gallery-item elementor-gallery-item elementor-animated-content\" href=\"https:\/\/costablanca-magazin.com\/wp-content\/uploads\/2025\/06\/moros-benissa-3.jpg\" data-elementor-open-lightbox=\"yes\" data-elementor-lightbox-slideshow=\"30f3ed5\" data-elementor-lightbox-title=\"Moros y Cristianos Benissa\" data-elementor-lightbox-description=\"Moros y Cristianos Benissa\" data-e-action-hash=\"#elementor-action%3Aaction%3Dlightbox%26settings%3DeyJpZCI6NzYxNywidXJsIjoiaHR0cHM6XC9cL2Nvc3RhYmxhbmNhLW1hZ2F6aW4uY29tXC93cC1jb250ZW50XC91cGxvYWRzXC8yMDI1XC8wNlwvbW9yb3MtYmVuaXNzYS0zLmpwZyIsInNsaWRlc2hvdyI6IjMwZjNlZDUifQ%3D%3D\">\n\t\t\t\t\t<div class=\"e-gallery-image elementor-gallery-item__image\" data-thumbnail=\"https:\/\/costablanca-magazin.com\/wp-content\/uploads\/2025\/06\/moros-benissa-3.jpg\" data-width=\"1200\" data-height=\"500\" aria-label=\"Moros y Cristianos Benissa\" role=\"img\" ><\/div>\n\t\t\t\t\t\t\t\t\t\t\t<div class=\"elementor-gallery-item__overlay\"><\/div>\n\t\t\t\t\t\t\t\t\t\t\t\t\t\t<\/a>\n\t\t\t\t\t\t\t<a class=\"e-gallery-item elementor-gallery-item elementor-animated-content\" href=\"https:\/\/costablanca-magazin.com\/wp-content\/uploads\/2025\/04\/Moros-i-christianos-Alcoy-1.jpg\" data-elementor-open-lightbox=\"yes\" data-elementor-lightbox-slideshow=\"30f3ed5\" data-elementor-lightbox-title=\"Moros i christianos Alcoy\" data-elementor-lightbox-description=\"Moros i christianos Alcoy\" data-e-action-hash=\"#elementor-action%3Aaction%3Dlightbox%26settings%3DeyJpZCI6NjU5NCwidXJsIjoiaHR0cHM6XC9cL2Nvc3RhYmxhbmNhLW1hZ2F6aW4uY29tXC93cC1jb250ZW50XC91cGxvYWRzXC8yMDI1XC8wNFwvTW9yb3MtaS1jaHJpc3RpYW5vcy1BbGNveS0xLmpwZyIsInNsaWRlc2hvdyI6IjMwZjNlZDUifQ%3D%3D\">\n\t\t\t\t\t<div class=\"e-gallery-image elementor-gallery-item__image\" data-thumbnail=\"https:\/\/costablanca-magazin.com\/wp-content\/uploads\/2025\/04\/Moros-i-christianos-Alcoy-1.jpg\" data-width=\"859\" data-height=\"1200\" aria-label=\"Moros og cristianos Alcoy\" role=\"img\" ><\/div>\n\t\t\t\t\t\t\t\t\t\t\t<div class=\"elementor-gallery-item__overlay\"><\/div>\n\t\t\t\t\t\t\t\t\t\t\t\t\t\t<\/a>\n\t\t\t\t\t\t\t<a class=\"e-gallery-item elementor-gallery-item elementor-animated-content\" href=\"https:\/\/costablanca-magazin.com\/wp-content\/uploads\/2024\/07\/shutterstock_1558707188-moros-y-cristianos-scaled.jpg\" data-elementor-open-lightbox=\"yes\" data-elementor-lightbox-slideshow=\"30f3ed5\" data-elementor-lightbox-title=\"Fiesta Moros y cristianos Denia 2024\" data-elementor-lightbox-description=\"Fiesta Moros y cristianos Denia 2024\" data-e-action-hash=\"#elementor-action%3Aaction%3Dlightbox%26settings%3DeyJpZCI6MTU0NywidXJsIjoiaHR0cHM6XC9cL2Nvc3RhYmxhbmNhLW1hZ2F6aW4uY29tXC93cC1jb250ZW50XC91cGxvYWRzXC8yMDI0XC8wN1wvc2h1dHRlcnN0b2NrXzE1NTg3MDcxODgtbW9yb3MteS1jcmlzdGlhbm9zLXNjYWxlZC5qcGciLCJzbGlkZXNob3ciOiIzMGYzZWQ1In0%3D\">\n\t\t\t\t\t<div class=\"e-gallery-image elementor-gallery-item__image\" data-thumbnail=\"https:\/\/costablanca-magazin.com\/wp-content\/uploads\/2024\/07\/shutterstock_1558707188-moros-y-cristianos-scaled.jpg\" data-width=\"1707\" data-height=\"2560\" aria-label=\"Fiesta Moros y cristianos Denia 2024\" role=\"img\" ><\/div>\n\t\t\t\t\t\t\t\t\t\t\t<div class=\"elementor-gallery-item__overlay\"><\/div>\n\t\t\t\t\t\t\t\t\t\t\t\t\t\t<\/a>\n\t\t\t\t\t\t\t<a class=\"e-gallery-item elementor-gallery-item elementor-animated-content\" href=\"https:\/\/costablanca-magazin.com\/wp-content\/uploads\/2025\/09\/calpe-moros.jpg\" data-elementor-open-lightbox=\"yes\" data-elementor-lightbox-slideshow=\"30f3ed5\" data-elementor-lightbox-title=\"calpe moros y cristianos\" data-elementor-lightbox-description=\"calpe moros y cristianos\" data-e-action-hash=\"#elementor-action%3Aaction%3Dlightbox%26settings%3DeyJpZCI6ODczOCwidXJsIjoiaHR0cHM6XC9cL2Nvc3RhYmxhbmNhLW1hZ2F6aW4uY29tXC93cC1jb250ZW50XC91cGxvYWRzXC8yMDI1XC8wOVwvY2FscGUtbW9yb3MuanBnIiwic2xpZGVzaG93IjoiMzBmM2VkNSJ9\">\n\t\t\t\t\t<div class=\"e-gallery-image elementor-gallery-item__image\" data-thumbnail=\"https:\/\/costablanca-magazin.com\/wp-content\/uploads\/2025\/09\/calpe-moros.jpg\" data-width=\"1200\" data-height=\"539\" aria-label=\"calpe moros y cristianos\" role=\"img\" ><\/div>\n\t\t\t\t\t\t\t\t\t\t\t<div class=\"elementor-gallery-item__overlay\"><\/div>\n\t\t\t\t\t\t\t\t\t\t\t\t\t\t<\/a>\n\t\t\t\t\t<\/div>\n\t\t\t\t\t<\/div>\n\t\t\t\t<\/div>\n\t\t\t\t<\/div>\n\t\t<div class=\"elementor-element elementor-element-e1f95d3 e-con-full e-flex e-con e-child\" data-id=\"e1f95d3\" data-element_type=\"container\" data-e-type=\"container\">\n\t\t\t\t<div class=\"elementor-element elementor-element-109d10e elementor-widget elementor-widget-text-editor\" data-id=\"109d10e\" data-element_type=\"widget\" data-e-type=\"widget\" data-widget_type=\"text-editor.default\">\n\t\t\t\t<div class=\"elementor-widget-container\">\n\t\t\t\t\t\t\t\t\t<h3><strong>Guardamar, Orihuela og Almorad\u00ed - de sterke datoene i s\u00f8r<\/strong><\/h3><p>Det er ogs\u00e5 verdt \u00e5 ta en titt p\u00e5 festkalenderen s\u00f8r p\u00e5 Costa Blanca. Guardamar del Segura feirer fra 17. til 27. juli som en del av Fiestas Patronales til \u00e6re for San Jaime. Almorad\u00ed kombinerer Feria og Moros y Cristianos fra 24. juli til 2. august. Orihuela fokuserer p\u00e5 en spesielt sterk historisk referanse med sine Fiestas de la Reconquista.<\/p><p>For lesere fra Torrevieja, Orihuela Costa, La Zenia, Guardamar og Vega Baja er disse datoene ofte n\u00e6rmere og mer praktiske enn de store festivalene i nord.<\/p><h3><strong>Villajoyosa - klassikeren med Desembarco<\/strong><\/h3><ol start=\"24\"><li>juli til 2. august 2026<\/li><\/ol><p>Villajoyosa er det store navnet blant Moros-y-Cristianos-festivalene p\u00e5 Costa Blanca. Festlighetene til \u00e6re for Santa Marta arrangeres hvert \u00e5r fra 24. juli til 2. august 2026, og det mest kjente innslaget er Desembarco, den rekonstruerte landgangen p\u00e5 stranden.<\/p><p>Dette handler ikke bare om en parade. Villajoyosa kombinerer havet, byens historie, musikk, feststemte grupper og en forestilling som er kjent langt utenfor regionen. La Vila Joiosa er sommerens klare h\u00f8ydepunkt i arrangementskalenderen.<\/p><h3><strong>D\u00e9nia - Sant Roc og Moros y Cristianos<\/strong><\/h3><p>13.-16. august 2026<\/p><p>D\u00e9nia feirer tradisjonelt sine Moros y Cristianos i august til \u00e6re for Sant Roc. De detaljerte programmene blir vanligvis publisert senere, men perioden 13.-16. august b\u00f8r allerede n\u00e5 noteres.<\/p><p>Paradene g\u00e5r gjennom sentrale deler av byen. Dette gj\u00f8r D\u00e9nia til en av de viktigste datoene i august for den nordlige Costa Blanca.<\/p><h2><strong>Noter h\u00f8stens datoer allerede n\u00e5<\/strong><\/h2><h3><strong>Murcia - en perifer region med en sterk festivalkalender<\/strong><\/h3><ol start=\"9\"><li>frem til 16. september 2026<\/li><\/ol><p>Murcia ligger utenfor Costa Blanca, men er lett tilgjengelig for lesere fra Torrevieja, La Zenia og Orihuela Costa. Moros y Cristianos de Murcia arrangeres fra 9. til 16. september 2026 og er en sterk tilleggsdato for s\u00f8rstatene.<\/p><h3><strong>Altea - Moros y Cristianos og Festes Majors<\/strong><\/h3><p>26. til 30. september 2026<\/p><p>Altea er en av de viktigste h\u00f8stdatoene i Marina Baixa. Moros y Cristianos er en del av de store lokale festlighetene og varer fra 26. til 30. september 2026.<\/p><p>Etter sommerens festivaler byr Altea igjen p\u00e5 et tettpakket program med parader, musikk og kveldsarrangementer.<\/p><h3><strong>Benidorm - Moros y Cristianos i oktober<\/strong><\/h3><ol><li>frem til 4. oktober 2026<\/li><\/ol><p>Benidorm feirer Moros y Cristianos 2026 fra 1. til 4. oktober. Dette er en viktig dato for Marina Baixa: sentralt, lett tilgjengelig og med den synligheten som Benidorm nesten automatisk gir til arrangementer.<\/p><h3><strong>Calp \/ Calpe - Jubileums\u00e5r for fiestaen<\/strong><\/h3><p>16. til 22. oktober 2026<\/p><p>Calp er spesielt interessant i 2026 fordi Moros y Cristianos feirer sitt 50-\u00e5rsjubileum der. Feiringen finner tradisjonelt sted i oktober. De n\u00f8yaktige hoveddagene b\u00f8r sjekkes p\u00e5 nytt via Ayuntamiento eller festivalens nettside f\u00f8r arrangementskalenderen publiseres.<\/p><p>I \u00e5r gj\u00f8r jubileet Calp mer redaksjonelt enn vanlig. For lesere fra Calp, Benissa, Moraira og Altea h\u00f8rer datoen hjemme i kalenderen.<\/p>\t\t\t\t\t\t\t\t<\/div>\n\t\t\t\t<\/div>\n\t\t\t\t<\/div>\n\t\t\t\t\t<\/div>\n\t\t\t\t<\/div>\n\t\t<div class=\"elementor-element elementor-element-eaec696 e-flex e-con-boxed e-con e-parent\" data-id=\"eaec696\" data-element_type=\"container\" data-e-type=\"container\">\n\t\t\t\t\t<div class=\"e-con-inner\">\n\t\t<div class=\"elementor-element elementor-element-28e53db e-con-full e-flex e-con e-child\" data-id=\"28e53db\" data-element_type=\"container\" data-e-type=\"container\">\n\t\t\t\t<div class=\"elementor-element elementor-element-8cf6bbe elementor-widget elementor-widget-text-editor\" data-id=\"8cf6bbe\" data-element_type=\"widget\" data-e-type=\"widget\" data-widget_type=\"text-editor.default\">\n\t\t\t\t<div class=\"elementor-widget-container\">\n\t\t\t\t\t\t\t\t\t<h2><strong>Datoer 2026 \u00e5 notere seg<\/strong><\/h2><table><thead><tr><td><p>Beliggenhet<\/p><\/td><td><p>Dato 2026<\/p><\/td><td><p>Merknad<\/p><\/td><\/tr><\/thead><tbody><tr><td><p>Moraira<\/p><\/td><td><p>5.-14. juni<\/p><\/td><td><p>Conquista Mora, Reconquista Cristiana, Gala Parade<\/p><\/td><\/tr><tr><td><p>Benissa<\/p><\/td><td><p>28. juni-2. juli<\/p><\/td><td><p>Moros y Cristianos til \u00e6re for San Pedro<\/p><\/td><\/tr><tr><td><p>X\u00e0bia \/ J\u00e1vea<\/p><\/td><td><p>11.-19. juli, store parader 18.-19. juli<\/p><\/td><td><p>Duanes de la Mar havneomr\u00e5de<\/p><\/td><\/tr><tr><td><p>Guardamar del Segura<\/p><\/td><td><p>17.-27. juli<\/p><\/td><td><p>Fiestas Patronales og Moros y Cristianos<\/p><\/td><\/tr><tr><td><p>Villajoyosa \/ La Vila Joiosa<\/p><\/td><td><p>24.-31. juli<\/p><\/td><td><p>Desembarco, en av de mest kjente datoene<\/p><\/td><\/tr><tr><td><p>Almorad\u00ed<\/p><\/td><td><p>24. juli-2. august<\/p><\/td><td><p>Feria og Moros y Cristianos<\/p><\/td><\/tr><tr><td><p>Orihuela<\/p><\/td><td><p>Juli<\/p><\/td><td><p>Fiestas de la Reconquista<\/p><\/td><\/tr><tr><td><p>D\u00e9nia<\/p><\/td><td><p>13.-16. august<\/p><\/td><td><p>Til \u00e6re for Sant Roc<\/p><\/td><\/tr><tr><td><p>Murcia<\/p><\/td><td><p>9.-16. september<\/p><\/td><td><p>Perifert omr\u00e5de, spesielt interessant for s\u00f8r<\/p><\/td><\/tr><tr><td><p>Altea<\/p><\/td><td><p>26.-30. september<\/p><\/td><td><p>H\u00f8stdate i Marina Baixa<\/p><\/td><\/tr><tr><td><p>Benidorm<\/p><\/td><td><p>1.-4. oktober<\/p><\/td><td><p>Moros y Cristianos i sentrum<\/p><\/td><\/tr><tr><td><p>Calp \/ Calpe<\/p><\/td><td><p>16.-22. oktober<\/p><\/td><td><p>50 \u00e5r med Moros y Cristianos<\/p><\/td><\/tr><\/tbody><\/table><h2><strong>Praktisk tenkning: Ikke vent til siste \u00f8yeblikk<\/strong><\/h2><p>I Moros y Cristianos forvandles et normalt bysentrum raskt til en festivalsone. Veier stenges, parkeringsplasser forsvinner og restaurantene langs paraderutene er tidlig fulle. Hvis du vil se en av de store desfil\u00e9ene, er det bedre \u00e5 planlegge litt ekstra tid.<\/p><p>For familier: Trommer, horn og pyroteknikk kan bli ganske h\u00f8ylytt. I brede gater kan du se formasjonene bedre, i trange smug er du n\u00e6rmere musikken og de feststemte gruppene. Begge deler har sin appell - det er bare det at det sjelden fungerer \u00e5 kj\u00f8re spontant gjennom p\u00e5 slike kvelder.<\/p><h2><strong>Hvorfor disse festivalene holder seg<\/strong><\/h2><p>Moros y Cristianos er ikke effektive fordi de er glatt iscenesatt. De fungerer fordi byene selv st\u00e5r bak dem. Festgrupper, musikkforeninger, familier, skreddere, frivillige, r\u00e5dhus og hele bydeler jobber i m\u00e5nedsvis for \u00e5 f\u00e5 til disse dagene.<\/p><p>Du kan se innsatsen. Du kan h\u00f8re det. Og du skj\u00f8nner raskt at det ikke er noen som bare paraderer gjennom gatene for \u00e5 ta noen bilder. Disse festene h\u00f8rer Costa Blanca til som knapt noen annen sommer- og h\u00f8stbegivenhet: h\u00f8ylytte, presise, noen ganger sprudlende - men aldri vilk\u00e5rlige.<\/p>\t\t\t\t\t\t\t\t<\/div>\n\t\t\t\t<\/div>\n\t\t\t\t<\/div>\n\t\t<div class=\"elementor-element elementor-element-f3b986e e-con-full e-flex e-con e-child\" data-id=\"f3b986e\" data-element_type=\"container\" data-e-type=\"container\">\n\t\t\t\t<div class=\"elementor-element elementor-element-2bc6342 elementor-widget elementor-widget-gallery\" data-id=\"2bc6342\" data-element_type=\"widget\" data-e-type=\"widget\" data-settings=\"{&quot;gallery_layout&quot;:&quot;masonry&quot;,&quot;columns&quot;:1,&quot;lazyload&quot;:&quot;yes&quot;,&quot;columns_tablet&quot;:2,&quot;columns_mobile&quot;:1,&quot;gap&quot;:{&quot;unit&quot;:&quot;px&quot;,&quot;size&quot;:10,&quot;sizes&quot;:[]},&quot;gap_tablet&quot;:{&quot;unit&quot;:&quot;px&quot;,&quot;size&quot;:10,&quot;sizes&quot;:[]},&quot;gap_mobile&quot;:{&quot;unit&quot;:&quot;px&quot;,&quot;size&quot;:10,&quot;sizes&quot;:[]},&quot;link_to&quot;:&quot;file&quot;,&quot;overlay_background&quot;:&quot;yes&quot;,&quot;content_hover_animation&quot;:&quot;fade-in&quot;}\" data-widget_type=\"gallery.default\">\n\t\t\t\t<div class=\"elementor-widget-container\">\n\t\t\t\t\t\t\t<div class=\"elementor-gallery__container\">\n\t\t\t\t\t\t\t<a class=\"e-gallery-item elementor-gallery-item elementor-animated-content\" href=\"https:\/\/costablanca-magazin.com\/wp-content\/uploads\/2024\/07\/Denia-Morros-y-cristianos-6-scaled.jpg\" data-elementor-open-lightbox=\"yes\" data-elementor-lightbox-slideshow=\"2bc6342\" data-elementor-lightbox-title=\"Denia-Morros-y-cristianos (6)\" data-elementor-lightbox-description=\"Fiesta Moros y cristianos Denia \" data-e-action-hash=\"#elementor-action%3Aaction%3Dlightbox%26settings%3DeyJpZCI6MTU1MSwidXJsIjoiaHR0cHM6XC9cL2Nvc3RhYmxhbmNhLW1hZ2F6aW4uY29tXC93cC1jb250ZW50XC91cGxvYWRzXC8yMDI0XC8wN1wvRGVuaWEtTW9ycm9zLXktY3Jpc3RpYW5vcy02LXNjYWxlZC5qcGciLCJzbGlkZXNob3ciOiIyYmM2MzQyIn0%3D\">\n\t\t\t\t\t<div class=\"e-gallery-image elementor-gallery-item__image\" data-thumbnail=\"https:\/\/costablanca-magazin.com\/wp-content\/uploads\/2024\/07\/Denia-Morros-y-cristianos-6-scaled.jpg\" data-width=\"2049\" data-height=\"2560\" aria-label=\"Fiesta Moros y cristianos Denia 2\" role=\"img\" ><\/div>\n\t\t\t\t\t\t\t\t\t\t\t<div class=\"elementor-gallery-item__overlay\"><\/div>\n\t\t\t\t\t\t\t\t\t\t\t\t\t\t<\/a>\n\t\t\t\t\t\t\t<a class=\"e-gallery-item elementor-gallery-item elementor-animated-content\" href=\"https:\/\/costablanca-magazin.com\/wp-content\/uploads\/2024\/07\/Denia-Morros-y-cristianos-8-scaled.jpg\" data-elementor-open-lightbox=\"yes\" data-elementor-lightbox-slideshow=\"2bc6342\" data-elementor-lightbox-title=\"Denia-Morros-y-cristianos (8)\" data-elementor-lightbox-description=\"Fiesta Moros y cristianos Denia \" data-e-action-hash=\"#elementor-action%3Aaction%3Dlightbox%26settings%3DeyJpZCI6MTU1MiwidXJsIjoiaHR0cHM6XC9cL2Nvc3RhYmxhbmNhLW1hZ2F6aW4uY29tXC93cC1jb250ZW50XC91cGxvYWRzXC8yMDI0XC8wN1wvRGVuaWEtTW9ycm9zLXktY3Jpc3RpYW5vcy04LXNjYWxlZC5qcGciLCJzbGlkZXNob3ciOiIyYmM2MzQyIn0%3D\">\n\t\t\t\t\t<div class=\"e-gallery-image elementor-gallery-item__image\" data-thumbnail=\"https:\/\/costablanca-magazin.com\/wp-content\/uploads\/2024\/07\/Denia-Morros-y-cristianos-8-scaled.jpg\" data-width=\"2174\" data-height=\"2560\" aria-label=\"Fiesta Moros y cristianos Denia 3\" role=\"img\" ><\/div>\n\t\t\t\t\t\t\t\t\t\t\t<div class=\"elementor-gallery-item__overlay\"><\/div>\n\t\t\t\t\t\t\t\t\t\t\t\t\t\t<\/a>\n\t\t\t\t\t\t\t<a class=\"e-gallery-item elementor-gallery-item elementor-animated-content\" href=\"https:\/\/costablanca-magazin.com\/wp-content\/uploads\/2026\/04\/cusco-peru-may-12-school-children-in-uniform-2026-03-26-11-38-04-utc.jpg\" data-elementor-open-lightbox=\"yes\" data-elementor-lightbox-slideshow=\"2bc6342\" data-elementor-lightbox-title=\"Moros y Cristianos\" data-elementor-lightbox-description=\"Moros y Cristianos\" data-e-action-hash=\"#elementor-action%3Aaction%3Dlightbox%26settings%3DeyJpZCI6MTE0MzMsInVybCI6Imh0dHBzOlwvXC9jb3N0YWJsYW5jYS1tYWdhemluLmNvbVwvd3AtY29udGVudFwvdXBsb2Fkc1wvMjAyNlwvMDRcL2N1c2NvLXBlcnUtbWF5LTEyLXNjaG9vbC1jaGlsZHJlbi1pbi11bmlmb3JtLTIwMjYtMDMtMjYtMTEtMzgtMDQtdXRjLmpwZyIsInNsaWRlc2hvdyI6IjJiYzYzNDIifQ%3D%3D\">\n\t\t\t\t\t<div class=\"e-gallery-image elementor-gallery-item__image\" data-thumbnail=\"https:\/\/costablanca-magazin.com\/wp-content\/uploads\/2026\/04\/cusco-peru-may-12-school-children-in-uniform-2026-03-26-11-38-04-utc.jpg\" data-width=\"2560\" data-height=\"1707\" aria-label=\"Moros y Cristianos\" role=\"img\" ><\/div>\n\t\t\t\t\t\t\t\t\t\t\t<div class=\"elementor-gallery-item__overlay\"><\/div>\n\t\t\t\t\t\t\t\t\t\t\t\t\t\t<\/a>\n\t\t\t\t\t\t\t<a class=\"e-gallery-item elementor-gallery-item elementor-animated-content\" href=\"https:\/\/costablanca-magazin.com\/wp-content\/uploads\/2026\/04\/medieval-knights-templar-at-war-history-and-repre-2026-03-25-22-49-56-utc.jpg\" data-elementor-open-lightbox=\"yes\" data-elementor-lightbox-slideshow=\"2bc6342\" data-elementor-lightbox-title=\"medieval-knights-templar-at-war-history-and-repre-2026-03-25-22-49-56-utc\" data-elementor-lightbox-description=\"Moros y Cristianos\" data-e-action-hash=\"#elementor-action%3Aaction%3Dlightbox%26settings%3DeyJpZCI6MTE0MzQsInVybCI6Imh0dHBzOlwvXC9jb3N0YWJsYW5jYS1tYWdhemluLmNvbVwvd3AtY29udGVudFwvdXBsb2Fkc1wvMjAyNlwvMDRcL21lZGlldmFsLWtuaWdodHMtdGVtcGxhci1hdC13YXItaGlzdG9yeS1hbmQtcmVwcmUtMjAyNi0wMy0yNS0yMi00OS01Ni11dGMuanBnIiwic2xpZGVzaG93IjoiMmJjNjM0MiJ9\">\n\t\t\t\t\t<div class=\"e-gallery-image elementor-gallery-item__image\" data-thumbnail=\"https:\/\/costablanca-magazin.com\/wp-content\/uploads\/2026\/04\/medieval-knights-templar-at-war-history-and-repre-2026-03-25-22-49-56-utc.jpg\" data-width=\"2060\" data-height=\"2221\" aria-label=\"Moros y Cristianos\" role=\"img\" ><\/div>\n\t\t\t\t\t\t\t\t\t\t\t<div class=\"elementor-gallery-item__overlay\"><\/div>\n\t\t\t\t\t\t\t\t\t\t\t\t\t\t<\/a>\n\t\t\t\t\t<\/div>\n\t\t\t\t\t<\/div>\n\t\t\t\t<\/div>\n\t\t\t\t<\/div>\n\t\t\t\t\t<\/div>\n\t\t\t\t<\/div>\n\t\t<div class=\"elementor-element elementor-element-1b4c618 e-flex e-con-boxed e-con e-parent\" data-id=\"1b4c618\" data-element_type=\"container\" data-e-type=\"container\">\n\t\t\t\t\t<div class=\"e-con-inner\">\n\t\t\t\t<div class=\"elementor-element elementor-element-fc1c004 elementor-widget-divider--view-line elementor-widget elementor-widget-divider\" data-id=\"fc1c004\" data-element_type=\"widget\" data-e-type=\"widget\" data-widget_type=\"divider.default\">\n\t\t\t\t<div class=\"elementor-widget-container\">\n\t\t\t\t\t\t\t<div class=\"elementor-divider\">\n\t\t\t<span class=\"elementor-divider-separator\">\n\t\t\t\t\t\t<\/span>\n\t\t<\/div>\n\t\t\t\t\t\t<\/div>\n\t\t\t\t<\/div>\n\t\t\t\t\t<\/div>\n\t\t\t\t<\/div>\n\t\t<div class=\"elementor-element elementor-element-81b4420 e-flex e-con-boxed e-con e-parent\" data-id=\"81b4420\" data-element_type=\"container\" data-e-type=\"container\">\n\t\t\t\t\t<div class=\"e-con-inner\">\n\t\t\t\t<div class=\"elementor-element elementor-element-bff3923 elementor-grid-3 elementor-grid-tablet-2 elementor-grid-mobile-1 elementor-posts--thumbnail-top elementor-posts--show-avatar elementor-card-shadow-yes elementor-posts__hover-gradient elementor-widget elementor-widget-posts\" data-id=\"bff3923\" data-element_type=\"widget\" data-e-type=\"widget\" data-settings=\"{&quot;cards_columns&quot;:&quot;3&quot;,&quot;cards_columns_tablet&quot;:&quot;2&quot;,&quot;cards_columns_mobile&quot;:&quot;1&quot;,&quot;cards_row_gap&quot;:{&quot;unit&quot;:&quot;px&quot;,&quot;size&quot;:35,&quot;sizes&quot;:[]},&quot;cards_row_gap_tablet&quot;:{&quot;unit&quot;:&quot;px&quot;,&quot;size&quot;:&quot;&quot;,&quot;sizes&quot;:[]},&quot;cards_row_gap_mobile&quot;:{&quot;unit&quot;:&quot;px&quot;,&quot;size&quot;:&quot;&quot;,&quot;sizes&quot;:[]}}\" data-widget_type=\"posts.cards\">\n\t\t\t\t<div class=\"elementor-widget-container\">\n\t\t\t\t\t\t\t<div class=\"elementor-posts-container elementor-posts elementor-posts--skin-cards elementor-grid\" role=\"list\">\n\t\t\t\t<article class=\"elementor-post elementor-grid-item post-11128 post type-post status-publish format-standard has-post-thumbnail hentry category-aktivitaeten-und-ausfluege tag-domingo-de-ramos-elche tag-easter-costa-blanca-events tag-ostern-costa-blanca tag-osterprozession-alicante tag-procesiones-semana-santa-alicante tag-semana-santa-alicante tag-semana-santa-costa-blanca tag-semana-santa-denia tag-semana-santa-elche-2 tag-semana-santa-orihuela\" role=\"listitem\">\n\t\t\t<div class=\"elementor-post__card\">\n\t\t\t\t<a class=\"elementor-post__thumbnail__link\" href=\"https:\/\/costablanca-magazin.com\/nb\/freizeit\/aktivitaeten-und-ausfluege\/ostern-an-der-costa-blanca-semana-santa-und-prozessionen\/\" tabindex=\"-1\" ><div class=\"elementor-post__thumbnail\"><img fetchpriority=\"high\" decoding=\"async\" width=\"683\" height=\"1024\" src=\"https:\/\/costablanca-magazin.com\/wp-content\/uploads\/2025\/03\/people-wearing-uniforms-and-bearing-the-statue-of-2025-02-09-13-18-51-utc-683x1024.jpg\" class=\"attachment-large size-large wp-image-5306\" alt=\"P\u00e5ske og historie: De viktigste kirkene og religi\u00f8se stedene p\u00e5 Costa Blanca 2\" srcset=\"https:\/\/costablanca-magazin.com\/wp-content\/uploads\/2025\/03\/people-wearing-uniforms-and-bearing-the-statue-of-2025-02-09-13-18-51-utc-683x1024.jpg 683w, https:\/\/costablanca-magazin.com\/wp-content\/uploads\/2025\/03\/people-wearing-uniforms-and-bearing-the-statue-of-2025-02-09-13-18-51-utc-200x300.jpg 200w, https:\/\/costablanca-magazin.com\/wp-content\/uploads\/2025\/03\/people-wearing-uniforms-and-bearing-the-statue-of-2025-02-09-13-18-51-utc-768x1152.jpg 768w, https:\/\/costablanca-magazin.com\/wp-content\/uploads\/2025\/03\/people-wearing-uniforms-and-bearing-the-statue-of-2025-02-09-13-18-51-utc-1024x1536.jpg 1024w, https:\/\/costablanca-magazin.com\/wp-content\/uploads\/2025\/03\/people-wearing-uniforms-and-bearing-the-statue-of-2025-02-09-13-18-51-utc-1365x2048.jpg 1365w, https:\/\/costablanca-magazin.com\/wp-content\/uploads\/2025\/03\/people-wearing-uniforms-and-bearing-the-statue-of-2025-02-09-13-18-51-utc-scaled.jpg 1707w\" sizes=\"(max-width: 683px) 100vw, 683px\" \/><\/div><\/a>\n\t\t\t\t<div class=\"elementor-post__badge\">Aktiviteter og utflukter<\/div>\n\t\t\t\t<div class=\"elementor-post__avatar\">\n\t\t\t\t\t<\/div>\n\t\t\t\t<div class=\"elementor-post__text\">\n\t\t\t\t<span class=\"elementor-post__title\">\n\t\t\t<a href=\"https:\/\/costablanca-magazin.com\/nb\/freizeit\/aktivitaeten-und-ausfluege\/ostern-an-der-costa-blanca-semana-santa-und-prozessionen\/\" >\n\t\t\t\tP\u00e5ske p\u00e5 Costa Blanca - Semana Santa og prosesjoner\t\t\t<\/a>\n\t\t<\/span>\n\t\t\t\t<div class=\"elementor-post__excerpt\">\n\t\t\t<p>P\u00e5ske p\u00e5 Costa Blanca - Semana Santa og prosesjoner P\u00e5ske p\u00e5 Costa Blanca: prosesjoner, brorskap og tradisjoner p\u00e5 Costa Blanca<\/p>\n\t\t<\/div>\n\t\t\n\t\t<a class=\"elementor-post__read-more\" href=\"https:\/\/costablanca-magazin.com\/nb\/freizeit\/aktivitaeten-und-ausfluege\/ostern-an-der-costa-blanca-semana-santa-und-prozessionen\/\" aria-label=\"Read more about Ostern an der Costa Blanca &#8211; Semana Santa und Prozessionen\" tabindex=\"-1\" >\n\t\t\tLes mer \u00bb\t\t<\/a>\n\n\t\t\t\t<\/div>\n\t\t\t\t\t<\/div>\n\t\t<\/article>\n\t\t\t\t<article class=\"elementor-post elementor-grid-item post-11085 post type-post status-publish format-standard has-post-thumbnail hentry category-aktivitaeten-und-ausfluege tag-chocolates-valor-museum tag-schokolade-villajoyosa tag-schokoladenfabriken-costa-blanca tag-schokoladenroute-villajoyosa tag-traditionelle-suesswaren-villajoyosa tag-turron-villajoyosa\" role=\"listitem\">\n\t\t\t<div class=\"elementor-post__card\">\n\t\t\t\t<a class=\"elementor-post__thumbnail__link\" href=\"https:\/\/costablanca-magazin.com\/nb\/freizeit\/aktivitaeten-und-ausfluege\/schokoladen-route-villajoyosa-suesse-tradition-entdecken\/\" tabindex=\"-1\" ><div class=\"elementor-post__thumbnail\"><img decoding=\"async\" width=\"684\" height=\"1024\" src=\"https:\/\/costablanca-magazin.com\/wp-content\/uploads\/2025\/09\/cocoa-drink-2025-01-10-22-33-37-utc-684x1024.jpg\" class=\"attachment-large size-large wp-image-8964\" alt=\"Villajoyosa \u2013 Den hemmelige hovedstaden for s\u00f8tsaker\" \/><\/div><\/a>\n\t\t\t\t<div class=\"elementor-post__badge\">Aktiviteter og utflukter<\/div>\n\t\t\t\t<div class=\"elementor-post__avatar\">\n\t\t\t\t\t<\/div>\n\t\t\t\t<div class=\"elementor-post__text\">\n\t\t\t\t<span class=\"elementor-post__title\">\n\t\t\t<a href=\"https:\/\/costablanca-magazin.com\/nb\/freizeit\/aktivitaeten-und-ausfluege\/schokoladen-route-villajoyosa-suesse-tradition-entdecken\/\" >\n\t\t\t\tVillajoyosa sjokoladerute - oppdag den s\u00f8te tradisjonen\t\t\t<\/a>\n\t\t<\/span>\n\t\t\t\t<div class=\"elementor-post__excerpt\">\n\t\t\t<p>Sjokoladeruten Villajoyosa - Oppdag den s\u00f8te tradisjonen Villajoyosa er kjent som Spanias sjokoladeby. Sjokolade- og turr\u00f3n-industriens rute f\u00f8rer til tradisjonelle virksomheter<\/p>\n\t\t<\/div>\n\t\t\n\t\t<a class=\"elementor-post__read-more\" href=\"https:\/\/costablanca-magazin.com\/nb\/freizeit\/aktivitaeten-und-ausfluege\/schokoladen-route-villajoyosa-suesse-tradition-entdecken\/\" aria-label=\"Read more about Schokoladen-Route Villajoyosa &#8211; S\u00fc\u00dfe Tradition entdecken\" tabindex=\"-1\" >\n\t\t\tLes mer \u00bb\t\t<\/a>\n\n\t\t\t\t<\/div>\n\t\t\t\t\t<\/div>\n\t\t<\/article>\n\t\t\t\t<article class=\"elementor-post elementor-grid-item post-11086 post type-post status-publish format-standard has-post-thumbnail hentry category-aktivitaeten-und-ausfluege tag-ausflug-burg-xativa tag-borgia-familie-xativa tag-burg-xativa tag-burg-xativa-geschichte tag-castell-de-xativa tag-sehenswuerdigkeit-xativa-valencia\" role=\"listitem\">\n\t\t\t<div class=\"elementor-post__card\">\n\t\t\t\t<a class=\"elementor-post__thumbnail__link\" href=\"https:\/\/costablanca-magazin.com\/nb\/freizeit\/aktivitaeten-und-ausfluege\/burg-von-xativa-geschichte-der-borgia-festung-entdecken\/\" tabindex=\"-1\" ><div class=\"elementor-post__thumbnail\"><img decoding=\"async\" width=\"512\" height=\"180\" src=\"https:\/\/costablanca-magazin.com\/wp-content\/uploads\/2025\/08\/castell-1-1024x580-2-e1755517144513.jpg\" class=\"attachment-large size-large wp-image-8493\" alt=\"X\u00e0tiva-borgen: historie, makt og Borgias lange skygge 6\" srcset=\"https:\/\/costablanca-magazin.com\/wp-content\/uploads\/2025\/08\/castell-1-1024x580-2-e1755517144513.jpg 512w, https:\/\/costablanca-magazin.com\/wp-content\/uploads\/2025\/08\/castell-1-1024x580-2-e1755517144513-300x105.jpg 300w\" sizes=\"(max-width: 512px) 100vw, 512px\" \/><\/div><\/a>\n\t\t\t\t<div class=\"elementor-post__badge\">Aktiviteter og utflukter<\/div>\n\t\t\t\t<div class=\"elementor-post__avatar\">\n\t\t\t\t\t<\/div>\n\t\t\t\t<div class=\"elementor-post__text\">\n\t\t\t\t<span class=\"elementor-post__title\">\n\t\t\t<a href=\"https:\/\/costablanca-magazin.com\/nb\/freizeit\/aktivitaeten-und-ausfluege\/burg-von-xativa-geschichte-der-borgia-festung-entdecken\/\" >\n\t\t\t\tX\u00e0tiva-slottet: oppdag historien til Borgia-festningen\t\t\t<\/a>\n\t\t<\/span>\n\t\t\t\t<div class=\"elementor-post__excerpt\">\n\t\t\t<p>X\u00e0tiva-slottet: oppdag historien til Borgia-festningen X\u00e0tiva-slottet er en av de mest imponerende festningene i Valencia-regionen. Dens historie<\/p>\n\t\t<\/div>\n\t\t\n\t\t<a class=\"elementor-post__read-more\" href=\"https:\/\/costablanca-magazin.com\/nb\/freizeit\/aktivitaeten-und-ausfluege\/burg-von-xativa-geschichte-der-borgia-festung-entdecken\/\" aria-label=\"Read more about Burg von X\u00e0tiva: Geschichte der Borgia-Festung entdecken\" tabindex=\"-1\" >\n\t\t\tLes mer \u00bb\t\t<\/a>\n\n\t\t\t\t<\/div>\n\t\t\t\t\t<\/div>\n\t\t<\/article>\n\t\t\t\t<\/div>\n\t\t\n\t\t\t\t\t\t<\/div>\n\t\t\t\t<\/div>\n\t\t\t\t\t<\/div>\n\t\t\t\t<\/div>\n\t\t\t\t<\/div>","protected":false},"excerpt":{"rendered":"<p>Moros y Cristianos Costa Blanca 2026 &#8211; Termine und Feste Warum diese Fiestas mehr sind als bunte Umz\u00fcge Erst kommen die Trommeln. Dann die Bl\u00e4ser. Dann f\u00fcllt sich die Stra\u00dfe mit schweren Stoffen, gl\u00e4nzenden Helmen, Federkronen, Standarten, Pferden und Gruppen, die nicht einfach \u201emitlaufen\u201c, sondern ihren Auftritt seit Monaten vorbereiten. Moros y Cristianos geh\u00f6ren an [&hellip;]<\/p>\n","protected":false},"author":1,"featured_media":8738,"comment_status":"closed","ping_status":"closed","sticky":false,"template":"elementor_header_footer","format":"standard","meta":{"footnotes":""},"categories":[23],"tags":[1729,235,1726,1727,1725,1728],"class_list":["post-11423","post","type-post","status-publish","format-standard","has-post-thumbnail","hentry","category-veranstaltungen-events","tag-fiestas-costa-blanca-2026","tag-moros-y-cristianos-benidorm","tag-moros-y-cristianos-costa-blanca-2026","tag-moros-y-cristianos-denia","tag-moros-y-cristianos-termine-2026","tag-moros-y-cristianos-villajoyosa"],"aioseo_notices":[],"_links":{"self":[{"href":"https:\/\/costablanca-magazin.com\/nb\/wp-json\/wp\/v2\/posts\/11423","targetHints":{"allow":["GET"]}}],"collection":[{"href":"https:\/\/costablanca-magazin.com\/nb\/wp-json\/wp\/v2\/posts"}],"about":[{"href":"https:\/\/costablanca-magazin.com\/nb\/wp-json\/wp\/v2\/types\/post"}],"author":[{"embeddable":true,"href":"https:\/\/costablanca-magazin.com\/nb\/wp-json\/wp\/v2\/users\/1"}],"replies":[{"embeddable":true,"href":"https:\/\/costablanca-magazin.com\/nb\/wp-json\/wp\/v2\/comments?post=11423"}],"version-history":[{"count":7,"href":"https:\/\/costablanca-magazin.com\/nb\/wp-json\/wp\/v2\/posts\/11423\/revisions"}],"predecessor-version":[{"id":11441,"href":"https:\/\/costablanca-magazin.com\/nb\/wp-json\/wp\/v2\/posts\/11423\/revisions\/11441"}],"wp:featuredmedia":[{"embeddable":true,"href":"https:\/\/costablanca-magazin.com\/nb\/wp-json\/wp\/v2\/media\/8738"}],"wp:attachment":[{"href":"https:\/\/costablanca-magazin.com\/nb\/wp-json\/wp\/v2\/media?parent=11423"}],"wp:term":[{"taxonomy":"category","embeddable":true,"href":"https:\/\/costablanca-magazin.com\/nb\/wp-json\/wp\/v2\/categories?post=11423"},{"taxonomy":"post_tag","embeddable":true,"href":"https:\/\/costablanca-magazin.com\/nb\/wp-json\/wp\/v2\/tags?post=11423"}],"curies":[{"name":"wp","href":"https:\/\/api.w.org\/{rel}","templated":true}]}}