{"id":11405,"date":"2026-04-23T15:33:16","date_gmt":"2026-04-23T13:33:16","guid":{"rendered":"https:\/\/costablanca-magazin.com\/?p=11405"},"modified":"2026-04-24T16:14:18","modified_gmt":"2026-04-24T14:14:18","slug":"iran-konflikten-og-flypriser-hva-alicante-og-valencia-egentlig-forventer","status":"publish","type":"post","link":"https:\/\/costablanca-magazin.com\/nb\/lokales\/news-politik\/iran-konflikt-und-flugpreise-was-alicante-und-valencia-wirklich-erwartet\/","title":{"rendered":"Iran-konflikten og flyprisene: Hva som egentlig venter Alicante og Valencia"},"content":{"rendered":"<div data-elementor-type=\"wp-post\" data-elementor-id=\"11405\" class=\"elementor elementor-11405\" data-elementor-post-type=\"post\">\n\t\t\t\t<div class=\"elementor-element elementor-element-af3fc2a e-flex e-con-boxed e-con e-parent\" data-id=\"af3fc2a\" data-element_type=\"container\" data-e-type=\"container\">\n\t\t\t\t\t<div class=\"e-con-inner\">\n\t\t\t\t<div class=\"elementor-element elementor-element-f8865e2 elementor-widget elementor-widget-heading\" data-id=\"f8865e2\" data-element_type=\"widget\" data-e-type=\"widget\" data-widget_type=\"heading.default\">\n\t\t\t\t<div class=\"elementor-widget-container\">\n\t\t\t\t\t<h2 class=\"elementor-heading-title elementor-size-default\">Iran-konflikten og flyprisene: Hva som egentlig venter Alicante og Valencia<\/h2>\t\t\t\t<\/div>\n\t\t\t\t<\/div>\n\t\t\t\t<div class=\"elementor-element elementor-element-f8b2c28 elementor-widget elementor-widget-image\" data-id=\"f8b2c28\" data-element_type=\"widget\" data-e-type=\"widget\" data-widget_type=\"image.default\">\n\t\t\t\t<div class=\"elementor-widget-container\">\n\t\t\t\t\t\t\t\t\t\t\t\t\t\t\t<img decoding=\"async\" src=\"https:\/\/costablanca-magazin.com\/wp-content\/uploads\/elementor\/thumbs\/die-inselzeitung-mallorca-255-rmfkvt4ossj4t7pydqmj4220qrycfajars88bh39uc.jpg\" title=\"Iran-konflikten og flyprisene: Hva som egentlig venter Alicante og Valencia\" alt=\"Iran-konflikten og flyprisene: Hva som egentlig venter Alicante og Valencia\" loading=\"lazy\" \/>\t\t\t\t\t\t\t\t\t\t\t\t\t\t\t<\/div>\n\t\t\t\t<\/div>\n\t\t\t\t<div class=\"elementor-element elementor-element-380243d elementor-widget elementor-widget-heading\" data-id=\"380243d\" data-element_type=\"widget\" data-e-type=\"widget\" data-widget_type=\"heading.default\">\n\t\t\t\t<div class=\"elementor-widget-container\">\n\t\t\t\t\t<h2 class=\"elementor-heading-title elementor-size-default\">Krig, parafin og billetter: Hva Iran-konflikten egentlig betyr for flyreiser til Alicante og Valencia\n\nH\u00f8yere kostnader, mye nerv\u00f8sitet - men ingen grunn til kriseteater<\/h2>\t\t\t\t<\/div>\n\t\t\t\t<\/div>\n\t\t\t\t\t<\/div>\n\t\t\t\t<\/div>\n\t\t<div class=\"elementor-element elementor-element-aa9b576 e-flex e-con-boxed e-con e-parent\" data-id=\"aa9b576\" data-element_type=\"container\" data-e-type=\"container\">\n\t\t\t\t\t<div class=\"e-con-inner\">\n\t\t<div class=\"elementor-element elementor-element-8f2c1c3 e-con-full e-flex e-con e-child\" data-id=\"8f2c1c3\" data-element_type=\"container\" data-e-type=\"container\">\n\t\t\t\t<div class=\"elementor-element elementor-element-88cbc43 elementor-widget elementor-widget-text-editor\" data-id=\"88cbc43\" data-element_type=\"widget\" data-e-type=\"widget\" data-widget_type=\"text-editor.default\">\n\t\t\t\t<div class=\"elementor-widget-container\">\n\t\t\t\t\t\t\t\t\t<p class=\"x_MsoNormal\" data-olk-copy-source=\"MessageBody\">Den som leser overskriftene om flytrafikken for tiden, vil kanskje tro at den neste store innstillingen av flyvninger i Europa allerede er p\u00e5 trappene. Det h\u00f8res dramatisk ut og gir gode overskrifter - men det er likevel ikke en korrekt beskrivelse av situasjonen. Sannheten er at krigen med Iran har satt markedet for flydrivstoff i Europa under betydelig press. Reuters rapporterte allerede i mars at prisen p\u00e5 flydrivstoff hadde steget fra rundt 85-90 dollar fatet til 150-200 dollar p\u00e5 kort tid. EUROCONTROL bekreftet i slutten av mars at gjennomsnittsprisene p\u00e5 flydrivstoff i Europa dermed var omtrent dobbelt s\u00e5 h\u00f8ye som ved inngangen til \u00e5ret.<\/p><p class=\"x_MsoNormal\">Dette betyr at kostnadspresset er reelt. Men r\u00e5varemarkedet forvandles ikke automatisk til en forsyningskatastrofe p\u00e5 alle flyplasser over natten. Det er nettopp her den vanlige krisest\u00f8yen ofte begynner: Et alvorlig markedsproblem blir raskt til en endetidsfilm med boardingkort. For en n\u00f8ktern kategorisering er det derfor verdt \u00e5 se p\u00e5 de faktiske mekanismene.<\/p><h3 class=\"x_MsoNormal\"><b>Hvorfor p\u00e5virker konflikten flytrafikken i Europa i det hele tatt?<\/b><\/h3><p class=\"x_MsoNormal\">Det kritiske punktet ligger i forsyningskjeden. Hormuzstredet er sentralt for energieksporten fra Golfen. Hvis presset \u00f8ker der, vil det p\u00e5virke det europeiske markedet for flydrivstoff. EU vurderer derfor n\u00e5 \u00e5 p\u00e5legge medlemslandene et st\u00f8rre ansvar for \u00e5 holde og overv\u00e5ke lagrene av flydrivstoff p\u00e5 en mer m\u00e5lrettet m\u00e5te og omfordele dem regionalt i tilfelle knapphet. Det planlegges ogs\u00e5 tettere markedsoverv\u00e5king og et drivstoffobservatorium. Dette viser hvor alvorlig Brussel tar situasjonen. Men det viser ogs\u00e5 at reaksjonen s\u00e5 langt f\u00f8rst og fremst har v\u00e6rt forebyggende, og ikke et uttrykk for en kollaps som allerede har inntruffet.<\/p><p class=\"x_MsoNormal\">EUROCONTROL rapporterte en gjennomsnittspris p\u00e5 flydrivstoff p\u00e5 4,73 dollar per gallon for 27. mars og 4,85 dollar per gallon for 10. april. Prisene er derfor fortsatt h\u00f8ye og volatile, men de beveger seg i et marked som overv\u00e5kes kontinuerlig og ikke flyr i blinde.<\/p><h3 class=\"x_MsoNormal\"><b>Spania er rammet - men bedre beskyttet enn mange andre land<\/b><\/h3><p class=\"x_MsoNormal\">S\u00e5 langt har situasjonen i Spania v\u00e6rt mer stabil enn i andre deler av Europa. If\u00f8lge ALA er mellom 80 og 85 prosent av flydrivstoffet som forbrukes i Spania produsert innenlands. El Pa\u00eds melder ogs\u00e5 at Aena har skjerpet overv\u00e5kingen av situasjonen betydelig og samarbeider tettere med Cores, Exolum, flyselskaper og bransjeforeninger. Samtidig er hovedbudskapet fra Spania fortsatt bemerkelsesverdig n\u00f8kternt: Driften g\u00e5r som normalt, og det er for \u00f8yeblikket ingen tegn til akutte forsyningsproblemer p\u00e5 spanske flyplasser.<\/p><p class=\"x_MsoNormal\">Dette er det avgj\u00f8rende punktet for Alicante og Valencia. Begge flyplassene er avhengige av det spanske systemet, ikke av en isolert s\u00e6rsituasjon. S\u00e5 den som antyder at Iran-konflikten har en direkte innvirkning p\u00e5 flyvningene til Costa Blanca i form av tilbudsmangel, forteller i \u00f8yeblikket en mer dramatisk enn realistisk historie. Problemet ligger f\u00f8rst og fremst i kostnadene og usikkerheten i markedet, ikke i tomme tanker p\u00e5 Middelhavskysten.<\/p><p class=\"x_MsoNormal\">\u00a0<\/p>\t\t\t\t\t\t\t\t<\/div>\n\t\t\t\t<\/div>\n\t\t\t\t<\/div>\n\t\t<div class=\"elementor-element elementor-element-b134d8d e-con-full e-flex e-con e-child\" data-id=\"b134d8d\" data-element_type=\"container\" data-e-type=\"container\">\n\t\t\t\t<div class=\"elementor-element elementor-element-8e4a3ee elementor-widget elementor-widget-text-editor\" data-id=\"8e4a3ee\" data-element_type=\"widget\" data-e-type=\"widget\" data-widget_type=\"text-editor.default\">\n\t\t\t\t<div class=\"elementor-widget-container\">\n\t\t\t\t\t\t\t\t\t<h3 class=\"x_MsoNormal\"><b>Hva reisende til Alicante og Valencia faktisk kan legge merke til n\u00e5<\/b><\/h3><p class=\"x_MsoNormal\">Konflikten er selvsagt ikke uten konsekvenser. Flyselskapene har lenge f\u00f8lt effekten av h\u00f8yere drivstoffkostnader. Reuters rapporterte allerede i mars at flere flyselskaper reagerte p\u00e5 prispresset. SAS og Air New Zealand \u00f8kte prisene, mens andre selskaper innf\u00f8rte tilleggsavgifter eller justerte planleggingen. Den 22. april gikk United s\u00e5 \u00e5pent ut og erkl\u00e6rte at billettprisene kunne stige med 15 til 20 prosent for \u00e5 kompensere for de \u00f8kte drivstoffkostnadene, samtidig som selskapet allerede hadde gjennomf\u00f8rt flere pris\u00f8kninger.<\/p><p class=\"x_MsoNormal\">For passasjerer p\u00e5 ruter til Alicante eller Valencia betyr dette f\u00f8rst og fremst at sannsynligheten for at billettene blir dyrere p\u00e5 visse tidspunkter \u00f8ker. S\u00e6rlig utsatt er reisetider med h\u00f8y ettersp\u00f8rsel, bestillinger p\u00e5 kort varsel og forbindelser med mindre konkurranse. P\u00e5 den annen side er det mindre sannsynlig med et generelt og umiddelbart prishopp p\u00e5 alle europeiske ruter til Spania. Til det er markedet for differensiert, og Spanias tilbudssituasjon har s\u00e5 langt v\u00e6rt for stabil.<\/p><h3 class=\"x_MsoNormal\"><b>Derfor b\u00f8r du lese varsler med forsiktighet<\/b><\/h3><p class=\"x_MsoNormal\">S\u00e6rlig n\u00e5r det gjelder flypriser, oppsummeres alt for tiden i en enkel formel: Krig er lik parafinmangel er lik billettsjokk. Det er fengende lesning, men holder ofte bare delvis m\u00e5l ved n\u00e6rmere ettersyn. Ja, prisen p\u00e5 flydrivstoff har steget massivt. Ja, flyselskapene reagerer allerede. Ja, EU forbereder seg p\u00e5 mulige flaskehalser. Nei, dette har enn\u00e5 ikke automatisk f\u00f8rt til en umiddelbar forsyningskrise i Spania eller en omfattende pris\u00f8kning p\u00e5 alle forbindelser til Alicante og Valencia.<\/p><p class=\"x_MsoNormal\">Problemet er med andre ord alvorlig nok uten at vi trenger \u00e5 skrive den neste katastroferapporten. Markedet er under press. Men ikke noe mer s\u00e5 langt.<\/p><h3 class=\"x_MsoNormal\"><b>Det som gjenst\u00e5r som avgj\u00f8rende for Alicante og Valencia n\u00e5<\/b><\/h3><p class=\"x_MsoNormal\">Hvorvidt flyreiser til Costa Blanca og Valencia-regionen vil bli merkbart dyrere, avhenger av tre hovedfaktorer: konfliktens varighet, den videre utviklingen i prisene p\u00e5 flydrivstoff og hvor stor del av merkostnadene flyselskapene faktisk velter over p\u00e5 kundene. S\u00e5 lenge Spania opprettholder et relativt stabilt tilbud og konkurransen p\u00e5 de europeiske rutene fortsetter, er det forel\u00f8pig mer som taler for selektive tilleggsavgifter enn et generelt prissjokk.<\/p><p class=\"x_MsoNormal\">Iran-konflikten har brakt Europas flytrafikk inn i en vanskelig fase n\u00e5r det gjelder drivstoff. Parafinprisene har steget kraftig, flyselskapene reagerer allerede, og EU vurderer ytterligere sikkerhetsmekanismer. For Spania er imidlertid mottoet for \u00f8yeblikket: \u00e5rv\u00e5kenhet ja, forsyningskrise nei. Alle som ser p\u00e5 flyreiser til Alicante eller Valencia, b\u00f8r derfor forvente et nerv\u00f8st marked snarere enn den store kollapsen som noen overskrifter allerede pr\u00f8ver \u00e5 mane frem.<\/p>\t\t\t\t\t\t\t\t<\/div>\n\t\t\t\t<\/div>\n\t\t\t\t<\/div>\n\t\t\t\t\t<\/div>\n\t\t\t\t<\/div>\n\t\t<div class=\"elementor-element elementor-element-9b09cb7 e-flex e-con-boxed e-con e-parent\" data-id=\"9b09cb7\" data-element_type=\"container\" data-e-type=\"container\">\n\t\t\t\t\t<div class=\"e-con-inner\">\n\t\t\t\t<div class=\"elementor-element elementor-element-ae1200b elementor-widget-divider--separator-type-pattern elementor-widget-divider--no-spacing elementor-widget-divider--view-line elementor-widget elementor-widget-divider\" data-id=\"ae1200b\" data-element_type=\"widget\" data-e-type=\"widget\" data-widget_type=\"divider.default\">\n\t\t\t\t<div class=\"elementor-widget-container\">\n\t\t\t\t\t\t\t<div class=\"elementor-divider\" style=\"--divider-pattern-url: url(&quot;data:image\/svg+xml,%3Csvg xmlns=&#039;http:\/\/www.w3.org\/2000\/svg&#039; preserveAspectRatio=&#039;xMidYMid meet&#039; overflow=&#039;visible&#039; height=&#039;100%&#039; viewBox=&#039;0 0 126 26&#039; fill=&#039;black&#039; stroke=&#039;none&#039;%3E%3Cpath d=&#039;M3,10.2c2.6,0,2.6,2,2.6,3.2S4.4,16.5,3,16.5s-3-1.4-3-3.2S0.4,10.2,3,10.2z M18.8,10.2c1.7,0,3.2,1.4,3.2,3.2s-1.4,3.2-3.2,3.2c-1.7,0-3.2-1.4-3.2-3.2S17,10.2,18.8,10.2z M34.6,10.2c1.5,0,2.6,1.4,2.6,3.2s-0.5,3.2-1.9,3.2c-1.5,0-3.4-1.4-3.4-3.2S33.1,10.2,34.6,10.2z M50.5,10.2c1.7,0,3.2,1.4,3.2,3.2s-1.4,3.2-3.2,3.2c-1.7,0-3.3-0.9-3.3-2.6S48.7,10.2,50.5,10.2z M66.2,10.2c1.5,0,3.4,1.4,3.4,3.2s-1.9,3.2-3.4,3.2c-1.5,0-2.6-0.4-2.6-2.1S64.8,10.2,66.2,10.2z M82.2,10.2c1.7,0.8,2.6,1.4,2.6,3.2s-0.1,3.2-1.6,3.2c-1.5,0-3.7-1.4-3.7-3.2S80.5,9.4,82.2,10.2zM98.6,10.2c1.5,0,2.6,0.4,2.6,2.1s-1.2,4.2-2.6,4.2c-1.5,0-3.7-0.4-3.7-2.1S97.1,10.2,98.6,10.2z M113.4,10.2c1.2,0,2.2,0.9,2.2,3.2s-0.1,3.2-1.3,3.2s-3.1-1.4-3.1-3.2S112.2,10.2,113.4,10.2z&#039;\/%3E%3C\/svg%3E&quot;);\">\n\t\t\t<span class=\"elementor-divider-separator\">\n\t\t\t\t\t\t<\/span>\n\t\t<\/div>\n\t\t\t\t\t\t<\/div>\n\t\t\t\t<\/div>\n\t\t\t\t<div class=\"elementor-element elementor-element-d3e7005 elementor-grid-3 elementor-grid-tablet-2 elementor-grid-mobile-1 elementor-posts--thumbnail-top elementor-posts--show-avatar elementor-card-shadow-yes elementor-posts__hover-gradient elementor-widget elementor-widget-posts\" data-id=\"d3e7005\" data-element_type=\"widget\" data-e-type=\"widget\" data-settings=\"{&quot;cards_columns&quot;:&quot;3&quot;,&quot;cards_columns_tablet&quot;:&quot;2&quot;,&quot;cards_columns_mobile&quot;:&quot;1&quot;,&quot;cards_row_gap&quot;:{&quot;unit&quot;:&quot;px&quot;,&quot;size&quot;:35,&quot;sizes&quot;:[]},&quot;cards_row_gap_tablet&quot;:{&quot;unit&quot;:&quot;px&quot;,&quot;size&quot;:&quot;&quot;,&quot;sizes&quot;:[]},&quot;cards_row_gap_mobile&quot;:{&quot;unit&quot;:&quot;px&quot;,&quot;size&quot;:&quot;&quot;,&quot;sizes&quot;:[]}}\" data-widget_type=\"posts.cards\">\n\t\t\t\t<div class=\"elementor-widget-container\">\n\t\t\t\t\t\t\t<div class=\"elementor-posts-container elementor-posts elementor-posts--skin-cards elementor-grid\" role=\"list\">\n\t\t\t\t<article class=\"elementor-post elementor-grid-item post-11324 post type-post status-publish format-standard has-post-thumbnail hentry category-news-politik tag-mietanstieg-spanien-2026 tag-mieterhoehung-spanien-2-prozent tag-mietpreise-spanien-2026 tag-mietvertrag-spanien-verlaengern\" role=\"listitem\">\n\t\t\t<div class=\"elementor-post__card\">\n\t\t\t\t<a class=\"elementor-post__thumbnail__link\" href=\"https:\/\/costablanca-magazin.com\/nb\/lokales\/news-politik\/neues-boe-dekret-mietanstieg-spanien-bis-2027-auf-2-begrenzt\/\" tabindex=\"-1\" ><div class=\"elementor-post__thumbnail\"><img fetchpriority=\"high\" decoding=\"async\" width=\"890\" height=\"421\" src=\"https:\/\/costablanca-magazin.com\/wp-content\/uploads\/2026\/02\/bauen-und-wohnen-mallorca-inselmagazin-haus-e1771429547307.jpg\" class=\"attachment-2048x2048 size-2048x2048 wp-image-10778\" alt=\"NRUA 2026 p\u00e5 Costa Blanca: registreringskrav, skatteregler og risiko for ferieutleiere\" srcset=\"https:\/\/costablanca-magazin.com\/wp-content\/uploads\/2026\/02\/bauen-und-wohnen-mallorca-inselmagazin-haus-e1771429547307.jpg 890w, https:\/\/costablanca-magazin.com\/wp-content\/uploads\/2026\/02\/bauen-und-wohnen-mallorca-inselmagazin-haus-e1771429547307-300x142.jpg 300w, https:\/\/costablanca-magazin.com\/wp-content\/uploads\/2026\/02\/bauen-und-wohnen-mallorca-inselmagazin-haus-e1771429547307-768x363.jpg 768w, https:\/\/costablanca-magazin.com\/wp-content\/uploads\/2026\/02\/bauen-und-wohnen-mallorca-inselmagazin-haus-e1771429547307-18x9.jpg 18w\" sizes=\"(max-width: 890px) 100vw, 890px\" \/><\/div><\/a>\n\t\t\t\t<div class=\"elementor-post__badge\">Nyheter og politikk<\/div>\n\t\t\t\t<div class=\"elementor-post__avatar\">\n\t\t\t\t\t<\/div>\n\t\t\t\t<div class=\"elementor-post__text\">\n\t\t\t\t<span class=\"elementor-post__title\">\n\t\t\t<a href=\"https:\/\/costablanca-magazin.com\/nb\/lokales\/news-politik\/neues-boe-dekret-mietanstieg-spanien-bis-2027-auf-2-begrenzt\/\" >\n\t\t\t\tNytt BOE-dekret: Husleie\u00f8kning i Spania begrenset til 2 % innen 2027\t\t\t<\/a>\n\t\t<\/span>\n\t\t\t\t<div class=\"elementor-post__excerpt\">\n\t\t\t<p>Nytt BOE-dekret: husleie\u00f8kninger i Spania begrenset til 2 % innen 2027 Nytt BOE-dekret begrenser husleie\u00f8kninger i Spania til 2 %<\/p>\n\t\t<\/div>\n\t\t\n\t\t<a class=\"elementor-post__read-more\" href=\"https:\/\/costablanca-magazin.com\/nb\/lokales\/news-politik\/neues-boe-dekret-mietanstieg-spanien-bis-2027-auf-2-begrenzt\/\" aria-label=\"Read more about Neues BOE-Dekret: Mietanstieg Spanien bis 2027 auf 2 % begrenzt\" tabindex=\"-1\" >\n\t\t\tLes mer \u00bb\t\t<\/a>\n\n\t\t\t\t<\/div>\n\t\t\t\t\t<\/div>\n\t\t<\/article>\n\t\t\t\t<article class=\"elementor-post elementor-grid-item post-11315 post type-post status-publish format-standard has-post-thumbnail hentry category-news-politik tag-dieselpreis-spanien tag-energiekosten-costa-blanca tag-energiekrise-spanien-2026 tag-preise-spanien-aktuell tag-stromkosten-spanien-senkung\" role=\"listitem\">\n\t\t\t<div class=\"elementor-post__card\">\n\t\t\t\t<a class=\"elementor-post__thumbnail__link\" href=\"https:\/\/costablanca-magazin.com\/nb\/lokales\/news-politik\/mehrwertsteuer-auf-energie-in-spanien-soll-sinken\/\" tabindex=\"-1\" ><div class=\"elementor-post__thumbnail\"><img decoding=\"async\" width=\"1000\" height=\"562\" src=\"https:\/\/costablanca-magazin.com\/wp-content\/uploads\/2026\/03\/Tankstelle.jpg\" class=\"attachment-2048x2048 size-2048x2048 wp-image-11317\" alt=\"Merverdiavgiften p\u00e5 energi i Spania skal reduseres\" srcset=\"https:\/\/costablanca-magazin.com\/wp-content\/uploads\/2026\/03\/Tankstelle.jpg 1000w, https:\/\/costablanca-magazin.com\/wp-content\/uploads\/2026\/03\/Tankstelle-300x169.jpg 300w, https:\/\/costablanca-magazin.com\/wp-content\/uploads\/2026\/03\/Tankstelle-768x432.jpg 768w, https:\/\/costablanca-magazin.com\/wp-content\/uploads\/2026\/03\/Tankstelle-18x10.jpg 18w\" sizes=\"(max-width: 1000px) 100vw, 1000px\" \/><\/div><\/a>\n\t\t\t\t<div class=\"elementor-post__badge\">Nyheter og politikk<\/div>\n\t\t\t\t<div class=\"elementor-post__avatar\">\n\t\t\t\t\t<\/div>\n\t\t\t\t<div class=\"elementor-post__text\">\n\t\t\t\t<span class=\"elementor-post__title\">\n\t\t\t<a href=\"https:\/\/costablanca-magazin.com\/nb\/lokales\/news-politik\/mehrwertsteuer-auf-energie-in-spanien-soll-sinken\/\" >\n\t\t\t\tMerverdiavgiften p\u00e5 energi i Spania skal reduseres\t\t\t<\/a>\n\t\t<\/span>\n\t\t\t\t<div class=\"elementor-post__excerpt\">\n\t\t\t<p>Moms p\u00e5 energi skal ned i Spania Momsen p\u00e5 elektrisitet, gass og drivstoff skal reduseres til 10 %<\/p>\n\t\t<\/div>\n\t\t\n\t\t<a class=\"elementor-post__read-more\" href=\"https:\/\/costablanca-magazin.com\/nb\/lokales\/news-politik\/mehrwertsteuer-auf-energie-in-spanien-soll-sinken\/\" aria-label=\"Read more about Mehrwertsteuer auf Energie in Spanien soll sinken\" tabindex=\"-1\" >\n\t\t\tLes mer \u00bb\t\t<\/a>\n\n\t\t\t\t<\/div>\n\t\t\t\t\t<\/div>\n\t\t<\/article>\n\t\t\t\t<article class=\"elementor-post elementor-grid-item post-10880 post type-post status-publish format-standard has-post-thumbnail hentry category-news-politik tag-handelskonflikt-usa-spanien tag-lng-spanien-usa tag-olivenoel-export-usa tag-spanien-export-usa tag-trump-spanien-handelsstopp tag-usa-spanien-handel\" role=\"listitem\">\n\t\t\t<div class=\"elementor-post__card\">\n\t\t\t\t<a class=\"elementor-post__thumbnail__link\" href=\"https:\/\/costablanca-magazin.com\/nb\/lokales\/news-politik\/usa-spanien-trump-droht-mit-handelsstopp\/\" tabindex=\"-1\" ><div class=\"elementor-post__thumbnail\"><img decoding=\"async\" width=\"1200\" height=\"392\" src=\"https:\/\/costablanca-magazin.com\/wp-content\/uploads\/2026\/03\/shutterstock_2612600915-e1772633400837.jpg\" class=\"attachment-2048x2048 size-2048x2048 wp-image-10878\" alt=\"Handel - Trumps trussel mot Spania @shutterstock_2612600915\" srcset=\"https:\/\/costablanca-magazin.com\/wp-content\/uploads\/2026\/03\/shutterstock_2612600915-e1772633400837.jpg 1200w, https:\/\/costablanca-magazin.com\/wp-content\/uploads\/2026\/03\/shutterstock_2612600915-e1772633400837-300x98.jpg 300w, https:\/\/costablanca-magazin.com\/wp-content\/uploads\/2026\/03\/shutterstock_2612600915-e1772633400837-1024x335.jpg 1024w, https:\/\/costablanca-magazin.com\/wp-content\/uploads\/2026\/03\/shutterstock_2612600915-e1772633400837-768x251.jpg 768w, https:\/\/costablanca-magazin.com\/wp-content\/uploads\/2026\/03\/shutterstock_2612600915-e1772633400837-18x6.jpg 18w\" sizes=\"(max-width: 1200px) 100vw, 1200px\" \/><\/div><\/a>\n\t\t\t\t<div class=\"elementor-post__badge\">Nyheter og politikk<\/div>\n\t\t\t\t<div class=\"elementor-post__avatar\">\n\t\t\t\t\t<\/div>\n\t\t\t\t<div class=\"elementor-post__text\">\n\t\t\t\t<span class=\"elementor-post__title\">\n\t\t\t<a href=\"https:\/\/costablanca-magazin.com\/nb\/lokales\/news-politik\/usa-spanien-trump-droht-mit-handelsstopp\/\" >\n\t\t\t\tUSA-Spania - Trump truer med handelsforbud\t\t\t<\/a>\n\t\t<\/span>\n\t\t\t\t<div class=\"elementor-post__excerpt\">\n\t\t\t<p>USA-Spania - Trump truer med handelsforbud Trump truer Spania med handelsforbud. Tall om eksport, LNG, olivenolje og mulige konsekvenser<\/p>\n\t\t<\/div>\n\t\t\n\t\t<a class=\"elementor-post__read-more\" href=\"https:\/\/costablanca-magazin.com\/nb\/lokales\/news-politik\/usa-spanien-trump-droht-mit-handelsstopp\/\" aria-label=\"Read more about USA\u2013Spanien &#8211; Trump droht mit Handelsstopp\" tabindex=\"-1\" >\n\t\t\tLes mer \u00bb\t\t<\/a>\n\n\t\t\t\t<\/div>\n\t\t\t\t\t<\/div>\n\t\t<\/article>\n\t\t\t\t<\/div>\n\t\t\n\t\t\t\t\t\t<\/div>\n\t\t\t\t<\/div>\n\t\t\t\t\t<\/div>\n\t\t\t\t<\/div>\n\t\t\t\t<\/div>","protected":false},"excerpt":{"rendered":"<p>Iran-Konflikt und Flugpreise: Was Alicante und Valencia wirklich erwartet Krieg, Kerosin, Tickets: Was der Iran-Konflikt f\u00fcr Fl\u00fcge nach Alicante und Valencia wirklich bedeutet H\u00f6here Kosten, viel Nervosit\u00e4t \u2013 aber kein Grund f\u00fcr Krisentheater Wer derzeit \u00dcberschriften zum Luftverkehr liest, k\u00f6nnte meinen, in Europa stehe der n\u00e4chste gro\u00dfe Flugstopp schon bereit. Das klingt dramatisch, tr\u00e4gt sich [&hellip;]<\/p>\n","protected":false},"author":1,"featured_media":11406,"comment_status":"closed","ping_status":"closed","sticky":false,"template":"elementor_header_footer","format":"standard","meta":{"footnotes":""},"categories":[12],"tags":[1724,1719,1720,1723,1721,1722],"class_list":["post-11405","post","type-post","status-publish","format-standard","has-post-thumbnail","hentry","category-news-politik","tag-airlines-spanien","tag-fluege-alicante","tag-fluege-valencia","tag-iran-konflikt-flugpreise","tag-jet-fuel-spanien","tag-kerosinpreise-europa"],"aioseo_notices":[],"_links":{"self":[{"href":"https:\/\/costablanca-magazin.com\/nb\/wp-json\/wp\/v2\/posts\/11405","targetHints":{"allow":["GET"]}}],"collection":[{"href":"https:\/\/costablanca-magazin.com\/nb\/wp-json\/wp\/v2\/posts"}],"about":[{"href":"https:\/\/costablanca-magazin.com\/nb\/wp-json\/wp\/v2\/types\/post"}],"author":[{"embeddable":true,"href":"https:\/\/costablanca-magazin.com\/nb\/wp-json\/wp\/v2\/users\/1"}],"replies":[{"embeddable":true,"href":"https:\/\/costablanca-magazin.com\/nb\/wp-json\/wp\/v2\/comments?post=11405"}],"version-history":[{"count":7,"href":"https:\/\/costablanca-magazin.com\/nb\/wp-json\/wp\/v2\/posts\/11405\/revisions"}],"predecessor-version":[{"id":11422,"href":"https:\/\/costablanca-magazin.com\/nb\/wp-json\/wp\/v2\/posts\/11405\/revisions\/11422"}],"wp:featuredmedia":[{"embeddable":true,"href":"https:\/\/costablanca-magazin.com\/nb\/wp-json\/wp\/v2\/media\/11406"}],"wp:attachment":[{"href":"https:\/\/costablanca-magazin.com\/nb\/wp-json\/wp\/v2\/media?parent=11405"}],"wp:term":[{"taxonomy":"category","embeddable":true,"href":"https:\/\/costablanca-magazin.com\/nb\/wp-json\/wp\/v2\/categories?post=11405"},{"taxonomy":"post_tag","embeddable":true,"href":"https:\/\/costablanca-magazin.com\/nb\/wp-json\/wp\/v2\/tags?post=11405"}],"curies":[{"name":"wp","href":"https:\/\/api.w.org\/{rel}","templated":true}]}}