{"id":11315,"date":"2026-03-20T15:03:31","date_gmt":"2026-03-20T14:03:31","guid":{"rendered":"https:\/\/costablanca-magazin.com\/?p=11315"},"modified":"2026-03-22T11:25:11","modified_gmt":"2026-03-22T10:25:11","slug":"merverdiavgiften-pa-energi-i-spania-skal-ned","status":"publish","type":"post","link":"https:\/\/costablanca-magazin.com\/nb\/lokales\/news-politik\/mehrwertsteuer-auf-energie-in-spanien-soll-sinken\/","title":{"rendered":"Merverdiavgiften p\u00e5 energi i Spania skal reduseres"},"content":{"rendered":"<div data-elementor-type=\"wp-post\" data-elementor-id=\"11315\" class=\"elementor elementor-11315\" data-elementor-post-type=\"post\">\n\t\t\t\t<div class=\"elementor-element elementor-element-30bee42 e-flex e-con-boxed e-con e-parent\" data-id=\"30bee42\" data-element_type=\"container\" data-e-type=\"container\">\n\t\t\t\t\t<div class=\"e-con-inner\">\n\t\t\t\t<div class=\"elementor-element elementor-element-02885ea elementor-widget elementor-widget-heading\" data-id=\"02885ea\" data-element_type=\"widget\" data-e-type=\"widget\" data-widget_type=\"heading.default\">\n\t\t\t\t<div class=\"elementor-widget-container\">\n\t\t\t\t\t<h1 class=\"elementor-heading-title elementor-size-default\">Merverdiavgiften p\u00e5 energi i Spania skal reduseres<\/h1>\t\t\t\t<\/div>\n\t\t\t\t<\/div>\n\t\t\t\t<div class=\"elementor-element elementor-element-bd0e35a elementor-widget elementor-widget-image\" data-id=\"bd0e35a\" data-element_type=\"widget\" data-e-type=\"widget\" data-widget_type=\"image.default\">\n\t\t\t\t<div class=\"elementor-widget-container\">\n\t\t\t\t\t\t\t\t\t\t\t\t\t\t\t<img fetchpriority=\"high\" decoding=\"async\" width=\"1000\" height=\"562\" src=\"https:\/\/costablanca-magazin.com\/wp-content\/uploads\/2026\/03\/Tankstelle.jpg\" class=\"attachment-full size-full wp-image-11317\" alt=\"Merverdiavgiften p\u00e5 energi i Spania skal reduseres\" srcset=\"https:\/\/costablanca-magazin.com\/wp-content\/uploads\/2026\/03\/Tankstelle.jpg 1000w, https:\/\/costablanca-magazin.com\/wp-content\/uploads\/2026\/03\/Tankstelle-300x169.jpg 300w, https:\/\/costablanca-magazin.com\/wp-content\/uploads\/2026\/03\/Tankstelle-768x432.jpg 768w, https:\/\/costablanca-magazin.com\/wp-content\/uploads\/2026\/03\/Tankstelle-18x10.jpg 18w\" sizes=\"(max-width: 1000px) 100vw, 1000px\" \/>\t\t\t\t\t\t\t\t\t\t\t\t\t\t\t<\/div>\n\t\t\t\t<\/div>\n\t\t\t\t<div class=\"elementor-element elementor-element-2038651 elementor-widget elementor-widget-heading\" data-id=\"2038651\" data-element_type=\"widget\" data-e-type=\"widget\" data-widget_type=\"heading.default\">\n\t\t\t\t<div class=\"elementor-widget-container\">\n\t\t\t\t\t<h2 class=\"elementor-heading-title elementor-size-default\">Momsen p\u00e5 str\u00f8m, gass og drivstoff skal ned til 10 % i Spania. Hva tiltakene betyr for Costa Blanca og energiprisene.<\/h2>\t\t\t\t<\/div>\n\t\t\t\t<\/div>\n\t\t\t\t\t<\/div>\n\t\t\t\t<\/div>\n\t\t<div class=\"elementor-element elementor-element-ba2f18a e-flex e-con-boxed e-con e-parent\" data-id=\"ba2f18a\" data-element_type=\"container\" data-e-type=\"container\">\n\t\t\t\t\t<div class=\"e-con-inner\">\n\t\t\t\t<div class=\"elementor-element elementor-element-9b35409 elementor-widget elementor-widget-text-editor\" data-id=\"9b35409\" data-element_type=\"widget\" data-e-type=\"widget\" data-widget_type=\"text-editor.default\">\n\t\t\t\t<div class=\"elementor-widget-container\">\n\t\t\t\t\t\t\t\t\t<p data-start=\"108\" data-end=\"331\"><strong data-start=\"108\" data-end=\"128\">Oppdatering (21\/03):<\/strong><br data-start=\"128\" data-end=\"131\" \/>De varslede tiltakene er n\u00e5 offisielt tr\u00e5dt i kraft. Med dagens publisering i den spanske statstidende (BOE) trer reduksjonen i merverdiavgiften p\u00e5 str\u00f8m, gass og drivstoff i kraft umiddelbart.<\/p><p data-start=\"333\" data-end=\"545\" data-is-last-node=\"\" data-is-only-node=\"\">Dette betyr at de avtalte lettelsene trer i kraft umiddelbart og b\u00f8r dempe den siste tidens \u00f8kning i energiprisene p\u00e5 kort sikt - ogs\u00e5 for husholdninger og bedrifter p\u00e5 Balearene og p\u00e5 Costa Blanca.<\/p><p data-start=\"333\" data-end=\"545\" data-is-last-node=\"\" data-is-only-node=\"\">Publisering - <a href=\"https:\/\/www.boe.es\/boe\/dias\/2026\/03\/21\/\" target=\"_blank\" rel=\"noopener\">https:\/\/www.boe.es\/boe\/dias\/2026\/03\/21\/<\/a><\/p>\t\t\t\t\t\t\t\t<\/div>\n\t\t\t\t<\/div>\n\t\t\t\t\t<\/div>\n\t\t\t\t<\/div>\n\t\t<div class=\"elementor-element elementor-element-34fbca1 e-flex e-con-boxed e-con e-parent\" data-id=\"34fbca1\" data-element_type=\"container\" data-e-type=\"container\">\n\t\t\t\t\t<div class=\"e-con-inner\">\n\t\t<div class=\"elementor-element elementor-element-400bf4f e-con-full e-flex e-con e-child\" data-id=\"400bf4f\" data-element_type=\"container\" data-e-type=\"container\">\n\t\t\t\t<div class=\"elementor-element elementor-element-bfe2023 elementor-widget elementor-widget-text-editor\" data-id=\"bfe2023\" data-element_type=\"widget\" data-e-type=\"widget\" data-widget_type=\"text-editor.default\">\n\t\t\t\t<div class=\"elementor-widget-container\">\n\t\t\t\t\t\t\t\t\t<h3 class=\"x_MsoNormal\"><b data-olk-copy-source=\"MessageBody\">Regjeringen planlegger \u00e5 lette byrden p\u00e5 elektrisitet, gass og drivstoff - effekter som ogs\u00e5 merkes p\u00e5 Costa Blanca<\/b><\/h3><p class=\"x_MsoNormal\">Spania reagerer p\u00e5 de stigende energiprisene som f\u00f8lge av konflikten i Iran: Regjeringen \u00f8nsker \u00e5 redusere momsen p\u00e5 elektrisitet, gass og drivstoff fra 21 til 10 prosent. Beslutningen skal tas p\u00e5 et ekstraordin\u00e6rt ministerr\u00e5dsm\u00f8te.<\/p><p class=\"x_MsoNormal\">Problemstillingen er direkte relevant for Costa Blanca - fra D\u00e9nia til Villajoyosa. \u00d8kte str\u00f8m- og drivstoffkostnader er blant de viktigste utgiftsfaktorene for husholdninger, selvstendig n\u00e6ringsdrivende og bedrifter, s\u00e6rlig innen transport- og servicesektoren.<\/p><h3 class=\"x_MsoNormal\"><b>Avlastning via flere justeringsskruer<\/b><\/h3><p class=\"x_MsoNormal\">I tillegg til momsreduksjonen planlegger Madrid ytterligere tiltak i energisektoren. S\u00e6ravgiften p\u00e5 elektrisitet skal reduseres betydelig, og det planlegges ogs\u00e5 en midlertidig opphevelse av avgiften p\u00e5 elektrisitetsproduksjon. Det planlegges ogs\u00e5 avgiftsjusteringer for fast brensel som pellets og briketter.<\/p><p class=\"x_MsoNormal\">I motsetning til energikrisen etter at krigen i Ukraina br\u00f8t ut, tilbyr ikke regjeringen generelle drivstoffrabatter denne gangen. I stedet fokuseres det p\u00e5 m\u00e5lrettet st\u00f8tte til spesielt ber\u00f8rte sektorer - blant annet transport, landbruk, fiskeri og energiintensive bedrifter.<\/p><p class=\"x_MsoNormal\">\u00a0<\/p>\t\t\t\t\t\t\t\t<\/div>\n\t\t\t\t<\/div>\n\t\t\t\t<\/div>\n\t\t<div class=\"elementor-element elementor-element-f8a02d5 e-con-full e-flex e-con e-child\" data-id=\"f8a02d5\" data-element_type=\"container\" data-e-type=\"container\">\n\t\t\t\t<div class=\"elementor-element elementor-element-121224c elementor-widget elementor-widget-text-editor\" data-id=\"121224c\" data-element_type=\"widget\" data-e-type=\"widget\" data-widget_type=\"text-editor.default\">\n\t\t\t\t<div class=\"elementor-widget-container\">\n\t\t\t\t\t\t\t\t\t<h3 class=\"x_MsoNormal\"><b>Fokus p\u00e5 husholdningene<\/b><\/h3><p class=\"x_MsoNormal\">En sentral del av pakken er utvidelsen av den s\u00e5kalte sosiale tariffen for str\u00f8m. Utsatte husholdninger skal i fremtiden f\u00e5 h\u00f8yere rabatter for \u00e5 bedre kunne dempe dagens energikostnader.<\/p><p class=\"x_MsoNormal\">I tillegg diskuteres det igjen skatteinsentiver for kj\u00f8p av elbiler. Et tilsvarende fradrag i inntektsskatten er under diskusjon, ettersom tidligere regler ikke ble implementert.<\/p><h3 class=\"x_MsoNormal\"><b>Oljereserver frigj\u00f8res<\/b><\/h3><p class=\"x_MsoNormal\">Samtidig har Spania besluttet \u00e5 frigj\u00f8re strategiske oljereserver. Totalt 11,5 millioner fat skal ut p\u00e5 markedet for \u00e5 dempe kortsiktige pristopper. En f\u00f8rste del vil bli gjort tilgjengelig allerede i n\u00e6r fremtid.<\/p><h3 class=\"x_MsoNormal\"><b>Beslutning n\u00e6rt forest\u00e5ende<\/b><\/h3><p class=\"x_MsoNormal\">Tiltakspakken skal vedtas ved kongelig resolusjon og deretter legges frem for parlamentet for godkjenning. Regjeringen \u00f8nsker \u00e5 svare p\u00e5 utviklingen i energiprisene p\u00e5 kort sikt - med direkte innvirkning p\u00e5 forbrukere og bedrifter langs hele Costa Blanca.<\/p>\t\t\t\t\t\t\t\t<\/div>\n\t\t\t\t<\/div>\n\t\t\t\t<\/div>\n\t\t\t\t\t<\/div>\n\t\t\t\t<\/div>\n\t\t<div class=\"elementor-element elementor-element-926cd5f e-flex e-con-boxed e-con e-parent\" data-id=\"926cd5f\" data-element_type=\"container\" data-e-type=\"container\">\n\t\t\t\t\t<div class=\"e-con-inner\">\n\t\t\t\t<div class=\"elementor-element elementor-element-dc46aec elementor-widget-divider--separator-type-pattern elementor-widget-divider--no-spacing elementor-widget-divider--view-line elementor-widget elementor-widget-divider\" data-id=\"dc46aec\" data-element_type=\"widget\" data-e-type=\"widget\" data-widget_type=\"divider.default\">\n\t\t\t\t<div class=\"elementor-widget-container\">\n\t\t\t\t\t\t\t<div class=\"elementor-divider\" style=\"--divider-pattern-url: url(&quot;data:image\/svg+xml,%3Csvg xmlns=&#039;http:\/\/www.w3.org\/2000\/svg&#039; preserveAspectRatio=&#039;xMidYMid meet&#039; overflow=&#039;visible&#039; height=&#039;100%&#039; viewBox=&#039;0 0 126 26&#039; fill=&#039;black&#039; stroke=&#039;none&#039;%3E%3Cpath d=&#039;M3,10.2c2.6,0,2.6,2,2.6,3.2S4.4,16.5,3,16.5s-3-1.4-3-3.2S0.4,10.2,3,10.2z M18.8,10.2c1.7,0,3.2,1.4,3.2,3.2s-1.4,3.2-3.2,3.2c-1.7,0-3.2-1.4-3.2-3.2S17,10.2,18.8,10.2z M34.6,10.2c1.5,0,2.6,1.4,2.6,3.2s-0.5,3.2-1.9,3.2c-1.5,0-3.4-1.4-3.4-3.2S33.1,10.2,34.6,10.2z M50.5,10.2c1.7,0,3.2,1.4,3.2,3.2s-1.4,3.2-3.2,3.2c-1.7,0-3.3-0.9-3.3-2.6S48.7,10.2,50.5,10.2z M66.2,10.2c1.5,0,3.4,1.4,3.4,3.2s-1.9,3.2-3.4,3.2c-1.5,0-2.6-0.4-2.6-2.1S64.8,10.2,66.2,10.2z M82.2,10.2c1.7,0.8,2.6,1.4,2.6,3.2s-0.1,3.2-1.6,3.2c-1.5,0-3.7-1.4-3.7-3.2S80.5,9.4,82.2,10.2zM98.6,10.2c1.5,0,2.6,0.4,2.6,2.1s-1.2,4.2-2.6,4.2c-1.5,0-3.7-0.4-3.7-2.1S97.1,10.2,98.6,10.2z M113.4,10.2c1.2,0,2.2,0.9,2.2,3.2s-0.1,3.2-1.3,3.2s-3.1-1.4-3.1-3.2S112.2,10.2,113.4,10.2z&#039;\/%3E%3C\/svg%3E&quot;);\">\n\t\t\t<span class=\"elementor-divider-separator\">\n\t\t\t\t\t\t<\/span>\n\t\t<\/div>\n\t\t\t\t\t\t<\/div>\n\t\t\t\t<\/div>\n\t\t\t\t<div class=\"elementor-element elementor-element-6207987 elementor-grid-3 elementor-grid-tablet-2 elementor-grid-mobile-1 elementor-posts--thumbnail-top elementor-posts--show-avatar elementor-card-shadow-yes elementor-posts__hover-gradient elementor-widget elementor-widget-posts\" data-id=\"6207987\" data-element_type=\"widget\" data-e-type=\"widget\" data-settings=\"{&quot;cards_columns&quot;:&quot;3&quot;,&quot;cards_columns_tablet&quot;:&quot;2&quot;,&quot;cards_columns_mobile&quot;:&quot;1&quot;,&quot;cards_row_gap&quot;:{&quot;unit&quot;:&quot;px&quot;,&quot;size&quot;:35,&quot;sizes&quot;:[]},&quot;cards_row_gap_tablet&quot;:{&quot;unit&quot;:&quot;px&quot;,&quot;size&quot;:&quot;&quot;,&quot;sizes&quot;:[]},&quot;cards_row_gap_mobile&quot;:{&quot;unit&quot;:&quot;px&quot;,&quot;size&quot;:&quot;&quot;,&quot;sizes&quot;:[]}}\" data-widget_type=\"posts.cards\">\n\t\t\t\t<div class=\"elementor-widget-container\">\n\t\t\t\t\t\t\t<div class=\"elementor-posts-container elementor-posts elementor-posts--skin-cards elementor-grid\" role=\"list\">\n\t\t\t\t<article class=\"elementor-post elementor-grid-item post-11128 post type-post status-publish format-standard has-post-thumbnail hentry category-aktivitaeten-und-ausfluege tag-domingo-de-ramos-elche tag-easter-costa-blanca-events tag-ostern-costa-blanca tag-osterprozession-alicante tag-procesiones-semana-santa-alicante tag-semana-santa-alicante tag-semana-santa-costa-blanca tag-semana-santa-denia tag-semana-santa-elche-2 tag-semana-santa-orihuela\" role=\"listitem\">\n\t\t\t<div class=\"elementor-post__card\">\n\t\t\t\t<a class=\"elementor-post__thumbnail__link\" href=\"https:\/\/costablanca-magazin.com\/nb\/freizeit\/aktivitaeten-und-ausfluege\/ostern-an-der-costa-blanca-semana-santa-und-prozessionen\/\" tabindex=\"-1\" ><div class=\"elementor-post__thumbnail\"><img decoding=\"async\" width=\"1365\" height=\"2048\" src=\"https:\/\/costablanca-magazin.com\/wp-content\/uploads\/2025\/03\/people-wearing-uniforms-and-bearing-the-statue-of-2025-02-09-13-18-51-utc-1365x2048.jpg\" class=\"attachment-2048x2048 size-2048x2048 wp-image-5306\" alt=\"P\u00e5ske og historie: De viktigste kirkene og religi\u00f8se stedene p\u00e5 Costa Blanca 2\" srcset=\"https:\/\/costablanca-magazin.com\/wp-content\/uploads\/2025\/03\/people-wearing-uniforms-and-bearing-the-statue-of-2025-02-09-13-18-51-utc-1365x2048.jpg 1365w, https:\/\/costablanca-magazin.com\/wp-content\/uploads\/2025\/03\/people-wearing-uniforms-and-bearing-the-statue-of-2025-02-09-13-18-51-utc-200x300.jpg 200w, https:\/\/costablanca-magazin.com\/wp-content\/uploads\/2025\/03\/people-wearing-uniforms-and-bearing-the-statue-of-2025-02-09-13-18-51-utc-683x1024.jpg 683w, https:\/\/costablanca-magazin.com\/wp-content\/uploads\/2025\/03\/people-wearing-uniforms-and-bearing-the-statue-of-2025-02-09-13-18-51-utc-768x1152.jpg 768w, https:\/\/costablanca-magazin.com\/wp-content\/uploads\/2025\/03\/people-wearing-uniforms-and-bearing-the-statue-of-2025-02-09-13-18-51-utc-1024x1536.jpg 1024w, https:\/\/costablanca-magazin.com\/wp-content\/uploads\/2025\/03\/people-wearing-uniforms-and-bearing-the-statue-of-2025-02-09-13-18-51-utc-scaled.jpg 1707w\" sizes=\"(max-width: 1365px) 100vw, 1365px\" \/><\/div><\/a>\n\t\t\t\t<div class=\"elementor-post__badge\">Aktiviteter og utflukter<\/div>\n\t\t\t\t<div class=\"elementor-post__avatar\">\n\t\t\t\t\t<\/div>\n\t\t\t\t<div class=\"elementor-post__text\">\n\t\t\t\t<h3 class=\"elementor-post__title\">\n\t\t\t<a href=\"https:\/\/costablanca-magazin.com\/nb\/freizeit\/aktivitaeten-und-ausfluege\/ostern-an-der-costa-blanca-semana-santa-und-prozessionen\/\" >\n\t\t\t\tP\u00e5ske p\u00e5 Costa Blanca - Semana Santa og prosesjoner\t\t\t<\/a>\n\t\t<\/h3>\n\t\t\t\t<div class=\"elementor-post__excerpt\">\n\t\t\t<p>P\u00e5ske p\u00e5 Costa Blanca - Semana Santa og prosesjoner P\u00e5ske p\u00e5 Costa Blanca: prosesjoner, brorskap og tradisjoner p\u00e5 Costa Blanca<\/p>\n\t\t<\/div>\n\t\t\n\t\t<a class=\"elementor-post__read-more\" href=\"https:\/\/costablanca-magazin.com\/nb\/freizeit\/aktivitaeten-und-ausfluege\/ostern-an-der-costa-blanca-semana-santa-und-prozessionen\/\" aria-label=\"Read more about Ostern an der Costa Blanca &#8211; Semana Santa und Prozessionen\" tabindex=\"-1\" >\n\t\t\tLes mer \u00bb\t\t<\/a>\n\n\t\t\t\t<\/div>\n\t\t\t\t\t<\/div>\n\t\t<\/article>\n\t\t\t\t<article class=\"elementor-post elementor-grid-item post-11085 post type-post status-publish format-standard has-post-thumbnail hentry category-aktivitaeten-und-ausfluege tag-chocolates-valor-museum tag-schokolade-villajoyosa tag-schokoladenfabriken-costa-blanca tag-schokoladenroute-villajoyosa tag-traditionelle-suesswaren-villajoyosa tag-turron-villajoyosa\" role=\"listitem\">\n\t\t\t<div class=\"elementor-post__card\">\n\t\t\t\t<a class=\"elementor-post__thumbnail__link\" href=\"https:\/\/costablanca-magazin.com\/nb\/freizeit\/aktivitaeten-und-ausfluege\/schokoladen-route-villajoyosa-suesse-tradition-entdecken\/\" tabindex=\"-1\" ><div class=\"elementor-post__thumbnail\"><img decoding=\"async\" width=\"801\" height=\"287\" src=\"https:\/\/costablanca-magazin.com\/wp-content\/uploads\/2025\/09\/cocoa-drink-2025-01-10-22-33-37-utc-e1773068289392.jpg\" class=\"attachment-2048x2048 size-2048x2048 wp-image-8964\" alt=\"Villajoyosa \u2013 Den hemmelige hovedstaden for s\u00f8tsaker\" srcset=\"https:\/\/costablanca-magazin.com\/wp-content\/uploads\/2025\/09\/cocoa-drink-2025-01-10-22-33-37-utc-e1773068289392.jpg 801w, https:\/\/costablanca-magazin.com\/wp-content\/uploads\/2025\/09\/cocoa-drink-2025-01-10-22-33-37-utc-e1773068289392-300x107.jpg 300w, https:\/\/costablanca-magazin.com\/wp-content\/uploads\/2025\/09\/cocoa-drink-2025-01-10-22-33-37-utc-e1773068289392-768x275.jpg 768w, https:\/\/costablanca-magazin.com\/wp-content\/uploads\/2025\/09\/cocoa-drink-2025-01-10-22-33-37-utc-e1773068289392-18x6.jpg 18w\" sizes=\"(max-width: 801px) 100vw, 801px\" \/><\/div><\/a>\n\t\t\t\t<div class=\"elementor-post__badge\">Aktiviteter og utflukter<\/div>\n\t\t\t\t<div class=\"elementor-post__avatar\">\n\t\t\t\t\t<\/div>\n\t\t\t\t<div class=\"elementor-post__text\">\n\t\t\t\t<h3 class=\"elementor-post__title\">\n\t\t\t<a href=\"https:\/\/costablanca-magazin.com\/nb\/freizeit\/aktivitaeten-und-ausfluege\/schokoladen-route-villajoyosa-suesse-tradition-entdecken\/\" >\n\t\t\t\tVillajoyosa sjokoladerute - oppdag den s\u00f8te tradisjonen\t\t\t<\/a>\n\t\t<\/h3>\n\t\t\t\t<div class=\"elementor-post__excerpt\">\n\t\t\t<p>Sjokoladeruten Villajoyosa - Oppdag den s\u00f8te tradisjonen Villajoyosa er kjent som Spanias sjokoladeby. Sjokolade- og turr\u00f3n-industriens rute f\u00f8rer til tradisjonelle virksomheter<\/p>\n\t\t<\/div>\n\t\t\n\t\t<a class=\"elementor-post__read-more\" href=\"https:\/\/costablanca-magazin.com\/nb\/freizeit\/aktivitaeten-und-ausfluege\/schokoladen-route-villajoyosa-suesse-tradition-entdecken\/\" aria-label=\"Read more about Schokoladen-Route Villajoyosa &#8211; S\u00fc\u00dfe Tradition entdecken\" tabindex=\"-1\" >\n\t\t\tLes mer \u00bb\t\t<\/a>\n\n\t\t\t\t<\/div>\n\t\t\t\t\t<\/div>\n\t\t<\/article>\n\t\t\t\t<article class=\"elementor-post elementor-grid-item post-11086 post type-post status-publish format-standard has-post-thumbnail hentry category-aktivitaeten-und-ausfluege tag-ausflug-burg-xativa tag-borgia-familie-xativa tag-burg-xativa tag-burg-xativa-geschichte tag-castell-de-xativa tag-sehenswuerdigkeit-xativa-valencia\" role=\"listitem\">\n\t\t\t<div class=\"elementor-post__card\">\n\t\t\t\t<a class=\"elementor-post__thumbnail__link\" href=\"https:\/\/costablanca-magazin.com\/nb\/freizeit\/aktivitaeten-und-ausfluege\/burg-von-xativa-geschichte-der-borgia-festung-entdecken\/\" tabindex=\"-1\" ><div class=\"elementor-post__thumbnail\"><img loading=\"lazy\" decoding=\"async\" width=\"512\" height=\"180\" src=\"https:\/\/costablanca-magazin.com\/wp-content\/uploads\/2025\/08\/castell-1-1024x580-2-e1755517144513.jpg\" class=\"attachment-2048x2048 size-2048x2048 wp-image-8493\" alt=\"X\u00e0tiva-borgen: historie, makt og Borgias lange skygge 6\" srcset=\"https:\/\/costablanca-magazin.com\/wp-content\/uploads\/2025\/08\/castell-1-1024x580-2-e1755517144513.jpg 512w, https:\/\/costablanca-magazin.com\/wp-content\/uploads\/2025\/08\/castell-1-1024x580-2-e1755517144513-300x105.jpg 300w\" sizes=\"(max-width: 512px) 100vw, 512px\" \/><\/div><\/a>\n\t\t\t\t<div class=\"elementor-post__badge\">Aktiviteter og utflukter<\/div>\n\t\t\t\t<div class=\"elementor-post__avatar\">\n\t\t\t\t\t<\/div>\n\t\t\t\t<div class=\"elementor-post__text\">\n\t\t\t\t<h3 class=\"elementor-post__title\">\n\t\t\t<a href=\"https:\/\/costablanca-magazin.com\/nb\/freizeit\/aktivitaeten-und-ausfluege\/burg-von-xativa-geschichte-der-borgia-festung-entdecken\/\" >\n\t\t\t\tX\u00e0tiva-slottet: oppdag historien til Borgia-festningen\t\t\t<\/a>\n\t\t<\/h3>\n\t\t\t\t<div class=\"elementor-post__excerpt\">\n\t\t\t<p>X\u00e0tiva-slottet: oppdag historien til Borgia-festningen X\u00e0tiva-slottet er en av de mest imponerende festningene i Valencia-regionen. Dens historie<\/p>\n\t\t<\/div>\n\t\t\n\t\t<a class=\"elementor-post__read-more\" href=\"https:\/\/costablanca-magazin.com\/nb\/freizeit\/aktivitaeten-und-ausfluege\/burg-von-xativa-geschichte-der-borgia-festung-entdecken\/\" aria-label=\"Read more about Burg von X\u00e0tiva: Geschichte der Borgia-Festung entdecken\" tabindex=\"-1\" >\n\t\t\tLes mer \u00bb\t\t<\/a>\n\n\t\t\t\t<\/div>\n\t\t\t\t\t<\/div>\n\t\t<\/article>\n\t\t\t\t<\/div>\n\t\t\n\t\t\t\t\t\t<\/div>\n\t\t\t\t<\/div>\n\t\t\t\t\t<\/div>\n\t\t\t\t<\/div>\n\t\t\t\t<\/div>","protected":false},"excerpt":{"rendered":"<p>Mehrwertsteuer auf Energie in Spanien soll sinken Die Mehrwertsteuer auf Strom, Gas und Kraftstoffe soll in Spanien auf 10 % sinken. Was die Ma\u00dfnahmen f\u00fcr die Costa Blanca und Energiepreise bedeuten. Update (21.03.):Die angek\u00fcndigten Ma\u00dfnahmen sind nun offiziell in Kraft. Mit der heutigen Ver\u00f6ffentlichung im spanischen Amtsblatt (BOE) gilt die Senkung der Mehrwertsteuer auf Strom, [&hellip;]<\/p>\n","protected":false},"author":1,"featured_media":11317,"comment_status":"closed","ping_status":"closed","sticky":false,"template":"elementor_header_footer","format":"standard","meta":{"om_disable_all_campaigns":false,"_monsterinsights_skip_tracking":false,"_monsterinsights_sitenote_active":false,"_monsterinsights_sitenote_note":"","_monsterinsights_sitenote_category":0,"footnotes":""},"categories":[12],"tags":[1691,1688,1689,1692,1690],"class_list":["post-11315","post","type-post","status-publish","format-standard","has-post-thumbnail","hentry","category-news-politik","tag-dieselpreis-spanien","tag-energiekosten-costa-blanca","tag-energiekrise-spanien-2026","tag-preise-spanien-aktuell","tag-stromkosten-spanien-senkung"],"aioseo_notices":[],"_links":{"self":[{"href":"https:\/\/costablanca-magazin.com\/nb\/wp-json\/wp\/v2\/posts\/11315","targetHints":{"allow":["GET"]}}],"collection":[{"href":"https:\/\/costablanca-magazin.com\/nb\/wp-json\/wp\/v2\/posts"}],"about":[{"href":"https:\/\/costablanca-magazin.com\/nb\/wp-json\/wp\/v2\/types\/post"}],"author":[{"embeddable":true,"href":"https:\/\/costablanca-magazin.com\/nb\/wp-json\/wp\/v2\/users\/1"}],"replies":[{"embeddable":true,"href":"https:\/\/costablanca-magazin.com\/nb\/wp-json\/wp\/v2\/comments?post=11315"}],"version-history":[{"count":7,"href":"https:\/\/costablanca-magazin.com\/nb\/wp-json\/wp\/v2\/posts\/11315\/revisions"}],"predecessor-version":[{"id":11323,"href":"https:\/\/costablanca-magazin.com\/nb\/wp-json\/wp\/v2\/posts\/11315\/revisions\/11323"}],"wp:featuredmedia":[{"embeddable":true,"href":"https:\/\/costablanca-magazin.com\/nb\/wp-json\/wp\/v2\/media\/11317"}],"wp:attachment":[{"href":"https:\/\/costablanca-magazin.com\/nb\/wp-json\/wp\/v2\/media?parent=11315"}],"wp:term":[{"taxonomy":"category","embeddable":true,"href":"https:\/\/costablanca-magazin.com\/nb\/wp-json\/wp\/v2\/categories?post=11315"},{"taxonomy":"post_tag","embeddable":true,"href":"https:\/\/costablanca-magazin.com\/nb\/wp-json\/wp\/v2\/tags?post=11315"}],"curies":[{"name":"wp","href":"https:\/\/api.w.org\/{rel}","templated":true}]}}