{"id":11086,"date":"2026-03-10T09:00:00","date_gmt":"2026-03-10T08:00:00","guid":{"rendered":"https:\/\/costablanca-magazin.com\/?p=11086"},"modified":"2026-03-18T08:11:29","modified_gmt":"2026-03-18T07:11:29","slug":"borgen-xativa-oppdag-historien-til-borgia-festningen","status":"publish","type":"post","link":"https:\/\/costablanca-magazin.com\/nb\/freizeit\/aktivitaeten-und-ausfluege\/burg-von-xativa-geschichte-der-borgia-festung-entdecken\/","title":{"rendered":"X\u00e0tiva-slottet: oppdag historien til Borgia-festningen"},"content":{"rendered":"\t\t<div data-elementor-type=\"wp-post\" data-elementor-id=\"11086\" class=\"elementor elementor-11086\" data-elementor-post-type=\"post\">\n\t\t\t\t<div class=\"elementor-element elementor-element-c7b9117 e-flex e-con-boxed e-con e-parent\" data-id=\"c7b9117\" data-element_type=\"container\" data-e-type=\"container\">\n\t\t\t\t\t<div class=\"e-con-inner\">\n\t\t\t\t<div class=\"elementor-element elementor-element-410ba77 elementor-widget elementor-widget-heading\" data-id=\"410ba77\" data-element_type=\"widget\" data-e-type=\"widget\" data-widget_type=\"heading.default\">\n\t\t\t\t<div class=\"elementor-widget-container\">\n\t\t\t\t\t<h1 class=\"elementor-heading-title elementor-size-default\">Burg von X\u00e0tiva: Geschichte der Borgia-Festung entdecken<\/h1>\t\t\t\t<\/div>\n\t\t\t\t<\/div>\n\t\t\t\t<div class=\"elementor-element elementor-element-bec96e2 elementor-widget elementor-widget-gallery\" data-id=\"bec96e2\" data-element_type=\"widget\" data-e-type=\"widget\" data-settings=\"{&quot;gallery_layout&quot;:&quot;masonry&quot;,&quot;columns&quot;:1,&quot;lazyload&quot;:&quot;yes&quot;,&quot;columns_tablet&quot;:2,&quot;columns_mobile&quot;:1,&quot;gap&quot;:{&quot;unit&quot;:&quot;px&quot;,&quot;size&quot;:10,&quot;sizes&quot;:[]},&quot;gap_tablet&quot;:{&quot;unit&quot;:&quot;px&quot;,&quot;size&quot;:10,&quot;sizes&quot;:[]},&quot;gap_mobile&quot;:{&quot;unit&quot;:&quot;px&quot;,&quot;size&quot;:10,&quot;sizes&quot;:[]},&quot;link_to&quot;:&quot;file&quot;,&quot;overlay_background&quot;:&quot;yes&quot;,&quot;content_hover_animation&quot;:&quot;fade-in&quot;}\" data-widget_type=\"gallery.default\">\n\t\t\t\t<div class=\"elementor-widget-container\">\n\t\t\t\t\t\t\t<div class=\"elementor-gallery__container\">\n\t\t\t\t\t\t\t<a class=\"e-gallery-item elementor-gallery-item elementor-animated-content\" href=\"https:\/\/costablanca-magazin.com\/wp-content\/uploads\/2025\/08\/castell-1-1024x580-2-e1755517144513.jpg\" data-elementor-open-lightbox=\"yes\" data-elementor-lightbox-slideshow=\"bec96e2\" data-elementor-lightbox-title=\"Die Burg von X\u00e0tiva: Geschichte,  Macht und der lange Schatten  der Borgias\" data-elementor-lightbox-description=\"Die Burg von X\u00e0tiva: Geschichte, \nMacht und der lange Schatten \nder Borgias\" data-e-action-hash=\"#elementor-action%3Aaction%3Dlightbox%26settings%3DeyJpZCI6ODQ5MywidXJsIjoiaHR0cHM6XC9cL2Nvc3RhYmxhbmNhLW1hZ2F6aW4uY29tXC93cC1jb250ZW50XC91cGxvYWRzXC8yMDI1XC8wOFwvY2FzdGVsbC0xLTEwMjR4NTgwLTItZTE3NTU1MTcxNDQ1MTMuanBnIiwic2xpZGVzaG93IjoiYmVjOTZlMiJ9\">\n\t\t\t\t\t<div class=\"e-gallery-image elementor-gallery-item__image\" data-thumbnail=\"https:\/\/costablanca-magazin.com\/wp-content\/uploads\/2025\/08\/castell-1-1024x580-2-e1755517144513.jpg\" data-width=\"512\" data-height=\"180\" aria-label=\"Die Burg von X\u00e0tiva: Geschichte, Macht und der lange Schatten der Borgias 6\" role=\"img\" ><\/div>\n\t\t\t\t\t\t\t\t\t\t\t<div class=\"elementor-gallery-item__overlay\"><\/div>\n\t\t\t\t\t\t\t\t\t\t\t\t\t\t<\/a>\n\t\t\t\t\t<\/div>\n\t\t\t\t\t<\/div>\n\t\t\t\t<\/div>\n\t\t\t\t<div class=\"elementor-element elementor-element-c714e73 elementor-widget elementor-widget-heading\" data-id=\"c714e73\" data-element_type=\"widget\" data-e-type=\"widget\" data-widget_type=\"heading.default\">\n\t\t\t\t<div class=\"elementor-widget-container\">\n\t\t\t\t\t<h2 class=\"elementor-heading-title elementor-size-default\">Die Burg von X\u00e0tiva z\u00e4hlt zu den eindrucksvollsten Festungen der Region Valencia. Geschichte der Borgias, Museum, Aussicht und Einblicke in Spaniens Machtgeschichte.<\/h2>\t\t\t\t<\/div>\n\t\t\t\t<\/div>\n\t\t\t\t\t<\/div>\n\t\t\t\t<\/div>\n\t\t<div class=\"elementor-element elementor-element-bb2415f e-flex e-con-boxed e-con e-parent\" data-id=\"bb2415f\" data-element_type=\"container\" data-e-type=\"container\">\n\t\t\t\t\t<div class=\"e-con-inner\">\n\t\t<div class=\"elementor-element elementor-element-b3eba28 e-con-full e-flex e-con e-child\" data-id=\"b3eba28\" data-element_type=\"container\" data-e-type=\"container\">\n\t\t\t\t<div class=\"elementor-element elementor-element-f60c197 elementor-widget elementor-widget-text-editor\" data-id=\"f60c197\" data-element_type=\"widget\" data-e-type=\"widget\" data-widget_type=\"text-editor.default\">\n\t\t\t\t<div class=\"elementor-widget-container\">\n\t\t\t\t\t\t\t\t\t<p>Was heute steinerne Ruine ist, war einst ein politisches Machtzentrum, Gef\u00e4ngnis, Zuflucht \u2013 und stiller Zeuge europ\u00e4ischer Geschichte. Die Burg von X\u00e0tiva ist alles, nur kein Relikt f\u00fcr die Bilderbuchkulisse.<\/p><p>Es ist ein weiter Weg hinauf. Die Serpentinen schl\u00e4ngeln sich durch Pinienhaine und Felsformationen, bis sich zwischen niedriger Vegetation und ersten Mauerresten die Silhouette der Festung abzeichnet. Doch wer sich die M\u00fche macht, wird belohnt \u2013 nicht mit einem touristischen Aha-Moment, sondern mit echtem Stoff f\u00fcr Geschichtsinteressierte. Die Burganlage \u00fcber X\u00e0tiva hat nicht nur Jahrhunderte \u00fcberlebt, sie hat sie mitgeschrieben.<\/p><p>Zwei Festungen, ein R\u00fcckgrat: Das Castell Menor und das Castell Major ziehen sich wie eine Wirbels\u00e4ule \u00fcber den Bergr\u00fccken. Iberische Urspr\u00fcnge, r\u00f6mische Fundamente, maurische Architektur und christliche Um- und Ausbauten \u2013 was hier steht, ist ein steinernes Palimpsest. Was erhalten blieb, ist erstaunlich: Zinnen, T\u00fcrme, Wehranlagen, Kapellen, Zisternen \u2013 und auch ein Gef\u00e4ngnistrakt, in dem \u00fcber Jahrhunderte politische Gegner einsa\u00dfen. Wer die engen Zellen betritt, sp\u00fcrt sofort, dass diese Mauern nicht nur vor Feinden sch\u00fctzen, sondern auch Macht demonstrieren sollten.<\/p><p>Im Inneren geht es weniger romantisch zu als in manch anderen Burgen Spaniens. X\u00e0tiva war nie Dekoration, sondern Werkzeug der Macht. Milit\u00e4rische Effizienz statt h\u00f6fischer Glanz. Die Plaza de Armas war Exerzierplatz, nicht Festsaal. Die Kapelle Santa Mar\u00eda \u2013 schlicht, zweckm\u00e4\u00dfig. Alles atmet Funktion.<\/p><p>Neben der Bausubstanz liefert auch das kleine Burgmuseum Einblicke in die Nutzung der Anlage. Modelle, Artefakte und multimediale Stationen verdeutlichen, wie sich die Burg \u00fcber die Jahrhunderte ver\u00e4ndert hat und welche Rolle sie in der Geschichte der Region spielte \u2013 nicht nur strategisch, sondern auch symbolisch.<\/p>\t\t\t\t\t\t\t\t<\/div>\n\t\t\t\t<\/div>\n\t\t\t\t<\/div>\n\t\t<div class=\"elementor-element elementor-element-e59b414 e-con-full e-flex e-con e-child\" data-id=\"e59b414\" data-element_type=\"container\" data-e-type=\"container\">\n\t\t\t\t<div class=\"elementor-element elementor-element-2ab6e10 elementor-widget elementor-widget-text-editor\" data-id=\"2ab6e10\" data-element_type=\"widget\" data-e-type=\"widget\" data-widget_type=\"text-editor.default\">\n\t\t\t\t<div class=\"elementor-widget-container\">\n\t\t\t\t\t\t\t\t\t<p>Und dann ist da noch ein Name, der untrennbar mit X\u00e0tiva verbunden ist: Borja. Die Familie, sp\u00e4ter unter dem italienisierten Namen Borgia bekannt, hat hier ihre Wurzeln. Alfons de Borja \u2013 Papst Calixt III. \u2013 und sein Neffe Rodrigo, der als Alexander VI. einer der ber\u00fcchtigtsten P\u00e4pste der Kirchengeschichte wurde, stiegen von X\u00e0tiva aus in die h\u00f6chsten R\u00e4nge Europas auf. Ob sie tats\u00e4chlich in der Burg geboren wurden, ist umstritten \u2013 dass ihre Herkunft eng mit der Stadt verkn\u00fcpft ist, dagegen unbestritten.<\/p><p>Heute ist es nicht mehr der Vatikan, der X\u00e0tiva besucht, sondern Wanderer, Schulklassen, Residenten mit Neugier. Die Burg ist kein Geheimtipp \u2013 aber auch kein \u00fcberlaufenes Postkartenmotiv. Sie ist zug\u00e4nglich, erfahrbar \u2013 und sie spielt nicht Museum, sie ist eines. Kein Mittelalter-Spektakel, aber ein kleines Restaurant im ehemaligen Wachhaus \u2013 mit Terrasse, Panoramablick und Gastronomieangebot. Wer durchs Haupttor geht, landet nicht im Klischee, sondern in der Geschichte.<\/p><p>Der Blick vom Castell Major reicht weit. Doch es ist weniger der Ausblick als der Einblick, der diesen Ort besonders macht. Wer einen halben Tag investiert \u2013 mit Wasserflasche, Sonnenhut und halbwegs gesunder Kondition \u2013 bekommt etwas zur\u00fcck: ein Gef\u00fchl daf\u00fcr, wie komplex, widerspr\u00fcchlich und vielschichtig diese Region war und ist.<\/p><p>Die Burg von X\u00e0tiva ist kein Ort zum schnellen Durchmarsch. Wer hier unterwegs ist, st\u00f6\u00dft auf ein Gef\u00e4ngnis, eine schlichte Kapelle und ein kleines Museum \u2013 alles ohne Effekthascherei, aber mit klarer Ansage: Hier ging es um Macht, Kontrolle und Alltag. Kein Prunk, kein Pathos \u2013 daf\u00fcr Geschichte, die sich nicht aufdr\u00e4ngt, aber h\u00e4ngen bleibt.<\/p>\t\t\t\t\t\t\t\t<\/div>\n\t\t\t\t<\/div>\n\t\t\t\t<\/div>\n\t\t\t\t\t<\/div>\n\t\t\t\t<\/div>\n\t\t<div class=\"elementor-element elementor-element-785b1d8 e-flex e-con-boxed e-con e-parent\" data-id=\"785b1d8\" data-element_type=\"container\" data-e-type=\"container\">\n\t\t\t\t\t<div class=\"e-con-inner\">\n\t\t\t\t<div class=\"elementor-element elementor-element-0af4faf elementor-widget-divider--separator-type-pattern elementor-widget-divider--no-spacing elementor-widget-divider--view-line elementor-widget elementor-widget-divider\" data-id=\"0af4faf\" data-element_type=\"widget\" data-e-type=\"widget\" data-widget_type=\"divider.default\">\n\t\t\t\t<div class=\"elementor-widget-container\">\n\t\t\t\t\t\t\t<div class=\"elementor-divider\" style=\"--divider-pattern-url: url(&quot;data:image\/svg+xml,%3Csvg xmlns=&#039;http:\/\/www.w3.org\/2000\/svg&#039; preserveAspectRatio=&#039;xMidYMid meet&#039; overflow=&#039;visible&#039; height=&#039;100%&#039; viewBox=&#039;0 0 126 26&#039; fill=&#039;black&#039; stroke=&#039;none&#039;%3E%3Cpath d=&#039;M3,10.2c2.6,0,2.6,2,2.6,3.2S4.4,16.5,3,16.5s-3-1.4-3-3.2S0.4,10.2,3,10.2z M18.8,10.2c1.7,0,3.2,1.4,3.2,3.2s-1.4,3.2-3.2,3.2c-1.7,0-3.2-1.4-3.2-3.2S17,10.2,18.8,10.2z M34.6,10.2c1.5,0,2.6,1.4,2.6,3.2s-0.5,3.2-1.9,3.2c-1.5,0-3.4-1.4-3.4-3.2S33.1,10.2,34.6,10.2z M50.5,10.2c1.7,0,3.2,1.4,3.2,3.2s-1.4,3.2-3.2,3.2c-1.7,0-3.3-0.9-3.3-2.6S48.7,10.2,50.5,10.2z M66.2,10.2c1.5,0,3.4,1.4,3.4,3.2s-1.9,3.2-3.4,3.2c-1.5,0-2.6-0.4-2.6-2.1S64.8,10.2,66.2,10.2z M82.2,10.2c1.7,0.8,2.6,1.4,2.6,3.2s-0.1,3.2-1.6,3.2c-1.5,0-3.7-1.4-3.7-3.2S80.5,9.4,82.2,10.2zM98.6,10.2c1.5,0,2.6,0.4,2.6,2.1s-1.2,4.2-2.6,4.2c-1.5,0-3.7-0.4-3.7-2.1S97.1,10.2,98.6,10.2z M113.4,10.2c1.2,0,2.2,0.9,2.2,3.2s-0.1,3.2-1.3,3.2s-3.1-1.4-3.1-3.2S112.2,10.2,113.4,10.2z&#039;\/%3E%3C\/svg%3E&quot;);\">\n\t\t\t<span class=\"elementor-divider-separator\">\n\t\t\t\t\t\t<\/span>\n\t\t<\/div>\n\t\t\t\t\t\t<\/div>\n\t\t\t\t<\/div>\n\t\t\t\t<div class=\"elementor-element elementor-element-d30fe90 elementor-widget elementor-widget-gallery\" data-id=\"d30fe90\" data-element_type=\"widget\" data-e-type=\"widget\" data-settings=\"{&quot;gallery_layout&quot;:&quot;justified&quot;,&quot;ideal_row_height&quot;:{&quot;unit&quot;:&quot;px&quot;,&quot;size&quot;:235,&quot;sizes&quot;:[]},&quot;lazyload&quot;:&quot;yes&quot;,&quot;ideal_row_height_tablet&quot;:{&quot;unit&quot;:&quot;px&quot;,&quot;size&quot;:150,&quot;sizes&quot;:[]},&quot;ideal_row_height_mobile&quot;:{&quot;unit&quot;:&quot;px&quot;,&quot;size&quot;:150,&quot;sizes&quot;:[]},&quot;gap&quot;:{&quot;unit&quot;:&quot;px&quot;,&quot;size&quot;:10,&quot;sizes&quot;:[]},&quot;gap_tablet&quot;:{&quot;unit&quot;:&quot;px&quot;,&quot;size&quot;:10,&quot;sizes&quot;:[]},&quot;gap_mobile&quot;:{&quot;unit&quot;:&quot;px&quot;,&quot;size&quot;:10,&quot;sizes&quot;:[]},&quot;link_to&quot;:&quot;file&quot;,&quot;overlay_background&quot;:&quot;yes&quot;,&quot;content_hover_animation&quot;:&quot;fade-in&quot;}\" data-widget_type=\"gallery.default\">\n\t\t\t\t<div class=\"elementor-widget-container\">\n\t\t\t\t\t\t\t<div class=\"elementor-gallery__container\">\n\t\t\t\t\t\t\t<a class=\"e-gallery-item elementor-gallery-item elementor-animated-content\" href=\"https:\/\/costablanca-magazin.com\/wp-content\/uploads\/2025\/08\/Finestra-sala-duc-calabria-6-1024x580-1.jpg\" data-elementor-open-lightbox=\"yes\" data-elementor-lightbox-slideshow=\"d30fe90\" data-elementor-lightbox-title=\"Die Burg von X\u00e0tiva: Geschichte,  Macht und der lange Schatten  der Borgias\" data-elementor-lightbox-description=\"Die Burg von X\u00e0tiva: Geschichte, \nMacht und der lange Schatten \nder Borgias\" data-e-action-hash=\"#elementor-action%3Aaction%3Dlightbox%26settings%3DeyJpZCI6ODQ5MiwidXJsIjoiaHR0cHM6XC9cL2Nvc3RhYmxhbmNhLW1hZ2F6aW4uY29tXC93cC1jb250ZW50XC91cGxvYWRzXC8yMDI1XC8wOFwvRmluZXN0cmEtc2FsYS1kdWMtY2FsYWJyaWEtNi0xMDI0eDU4MC0xLmpwZyIsInNsaWRlc2hvdyI6ImQzMGZlOTAifQ%3D%3D\">\n\t\t\t\t\t<div class=\"e-gallery-image elementor-gallery-item__image\" data-thumbnail=\"https:\/\/costablanca-magazin.com\/wp-content\/uploads\/2025\/08\/Finestra-sala-duc-calabria-6-1024x580-1.jpg\" data-width=\"512\" data-height=\"290\" aria-label=\"Die Burg von X\u00e0tiva: Geschichte, Macht und der lange Schatten der Borgias 5\" role=\"img\" ><\/div>\n\t\t\t\t\t\t\t\t\t\t\t<div class=\"elementor-gallery-item__overlay\"><\/div>\n\t\t\t\t\t\t\t\t\t\t\t\t\t\t<\/a>\n\t\t\t\t\t\t\t<a class=\"e-gallery-item elementor-gallery-item elementor-animated-content\" href=\"https:\/\/costablanca-magazin.com\/wp-content\/uploads\/2025\/08\/Torre-San-Jorge-2-1024x580-1.jpg\" data-elementor-open-lightbox=\"yes\" data-elementor-lightbox-slideshow=\"d30fe90\" data-elementor-lightbox-title=\"Die Burg von X\u00e0tiva: Geschichte,  Macht und der lange Schatten  der Borgias\" data-elementor-lightbox-description=\"Die Burg von X\u00e0tiva: Geschichte, \nMacht und der lange Schatten \nder Borgias\" data-e-action-hash=\"#elementor-action%3Aaction%3Dlightbox%26settings%3DeyJpZCI6ODQ5MSwidXJsIjoiaHR0cHM6XC9cL2Nvc3RhYmxhbmNhLW1hZ2F6aW4uY29tXC93cC1jb250ZW50XC91cGxvYWRzXC8yMDI1XC8wOFwvVG9ycmUtU2FuLUpvcmdlLTItMTAyNHg1ODAtMS5qcGciLCJzbGlkZXNob3ciOiJkMzBmZTkwIn0%3D\">\n\t\t\t\t\t<div class=\"e-gallery-image elementor-gallery-item__image\" data-thumbnail=\"https:\/\/costablanca-magazin.com\/wp-content\/uploads\/2025\/08\/Torre-San-Jorge-2-1024x580-1.jpg\" data-width=\"512\" data-height=\"290\" aria-label=\"Die Burg von X\u00e0tiva: Geschichte, Macht und der lange Schatten der Borgias 4\" role=\"img\" ><\/div>\n\t\t\t\t\t\t\t\t\t\t\t<div class=\"elementor-gallery-item__overlay\"><\/div>\n\t\t\t\t\t\t\t\t\t\t\t\t\t\t<\/a>\n\t\t\t\t\t\t\t<a class=\"e-gallery-item elementor-gallery-item elementor-animated-content\" href=\"https:\/\/costablanca-magazin.com\/wp-content\/uploads\/2025\/08\/torre-reina-himilce-6-1024x580-1.jpg\" data-elementor-open-lightbox=\"yes\" data-elementor-lightbox-slideshow=\"d30fe90\" data-elementor-lightbox-title=\"Die Burg von X\u00e0tiva: Geschichte,  Macht und der lange Schatten  der Borgias\" data-elementor-lightbox-description=\"Die Burg von X\u00e0tiva: Geschichte, \nMacht und der lange Schatten \nder Borgias\" data-e-action-hash=\"#elementor-action%3Aaction%3Dlightbox%26settings%3DeyJpZCI6ODQ5MCwidXJsIjoiaHR0cHM6XC9cL2Nvc3RhYmxhbmNhLW1hZ2F6aW4uY29tXC93cC1jb250ZW50XC91cGxvYWRzXC8yMDI1XC8wOFwvdG9ycmUtcmVpbmEtaGltaWxjZS02LTEwMjR4NTgwLTEuanBnIiwic2xpZGVzaG93IjoiZDMwZmU5MCJ9\">\n\t\t\t\t\t<div class=\"e-gallery-image elementor-gallery-item__image\" data-thumbnail=\"https:\/\/costablanca-magazin.com\/wp-content\/uploads\/2025\/08\/torre-reina-himilce-6-1024x580-1.jpg\" data-width=\"512\" data-height=\"290\" aria-label=\"Die Burg von X\u00e0tiva: Geschichte, Macht und der lange Schatten der Borgias 3\" role=\"img\" ><\/div>\n\t\t\t\t\t\t\t\t\t\t\t<div class=\"elementor-gallery-item__overlay\"><\/div>\n\t\t\t\t\t\t\t\t\t\t\t\t\t\t<\/a>\n\t\t\t\t\t\t\t<a class=\"e-gallery-item elementor-gallery-item elementor-animated-content\" href=\"https:\/\/costablanca-magazin.com\/wp-content\/uploads\/2025\/08\/preso-compte-urgell-2-1024x580-1.jpg\" data-elementor-open-lightbox=\"yes\" data-elementor-lightbox-slideshow=\"d30fe90\" data-elementor-lightbox-title=\"Die Burg von X\u00e0tiva: Geschichte,  Macht und der lange Schatten  der Borgias\" data-elementor-lightbox-description=\"Die Burg von X\u00e0tiva: Geschichte, \nMacht und der lange Schatten \nder Borgias\" data-e-action-hash=\"#elementor-action%3Aaction%3Dlightbox%26settings%3DeyJpZCI6ODQ4OSwidXJsIjoiaHR0cHM6XC9cL2Nvc3RhYmxhbmNhLW1hZ2F6aW4uY29tXC93cC1jb250ZW50XC91cGxvYWRzXC8yMDI1XC8wOFwvcHJlc28tY29tcHRlLXVyZ2VsbC0yLTEwMjR4NTgwLTEuanBnIiwic2xpZGVzaG93IjoiZDMwZmU5MCJ9\">\n\t\t\t\t\t<div class=\"e-gallery-image elementor-gallery-item__image\" data-thumbnail=\"https:\/\/costablanca-magazin.com\/wp-content\/uploads\/2025\/08\/preso-compte-urgell-2-1024x580-1.jpg\" data-width=\"512\" data-height=\"290\" aria-label=\"Die Burg von X\u00e0tiva: Geschichte, Macht und der lange Schatten der Borgias 2\" role=\"img\" ><\/div>\n\t\t\t\t\t\t\t\t\t\t\t<div class=\"elementor-gallery-item__overlay\"><\/div>\n\t\t\t\t\t\t\t\t\t\t\t\t\t\t<\/a>\n\t\t\t\t\t\t\t<a class=\"e-gallery-item elementor-gallery-item elementor-animated-content\" href=\"https:\/\/costablanca-magazin.com\/wp-content\/uploads\/2025\/08\/porta-Hannibal-2-1024x580-1.jpg\" data-elementor-open-lightbox=\"yes\" data-elementor-lightbox-slideshow=\"d30fe90\" data-elementor-lightbox-title=\"Die Burg von X\u00e0tiva: Geschichte,  Macht und der lange Schatten  der Borgias\" data-elementor-lightbox-description=\"Die Burg von X\u00e0tiva: Geschichte, \nMacht und der lange Schatten \nder Borgias\" data-e-action-hash=\"#elementor-action%3Aaction%3Dlightbox%26settings%3DeyJpZCI6ODQ4OCwidXJsIjoiaHR0cHM6XC9cL2Nvc3RhYmxhbmNhLW1hZ2F6aW4uY29tXC93cC1jb250ZW50XC91cGxvYWRzXC8yMDI1XC8wOFwvcG9ydGEtSGFubmliYWwtMi0xMDI0eDU4MC0xLmpwZyIsInNsaWRlc2hvdyI6ImQzMGZlOTAifQ%3D%3D\">\n\t\t\t\t\t<div class=\"e-gallery-image elementor-gallery-item__image\" data-thumbnail=\"https:\/\/costablanca-magazin.com\/wp-content\/uploads\/2025\/08\/porta-Hannibal-2-1024x580-1.jpg\" data-width=\"512\" data-height=\"290\" aria-label=\"Die Burg von X\u00e0tiva: Geschichte, Macht und der lange Schatten der Borgias 1\" role=\"img\" ><\/div>\n\t\t\t\t\t\t\t\t\t\t\t<div class=\"elementor-gallery-item__overlay\"><\/div>\n\t\t\t\t\t\t\t\t\t\t\t\t\t\t<\/a>\n\t\t\t\t\t<\/div>\n\t\t\t\t\t<\/div>\n\t\t\t\t<\/div>\n\t\t\t\t\t<\/div>\n\t\t\t\t<\/div>\n\t\t<div class=\"elementor-element elementor-element-f396792 e-flex e-con-boxed e-con e-parent\" data-id=\"f396792\" data-element_type=\"container\" data-e-type=\"container\">\n\t\t\t\t\t<div class=\"e-con-inner\">\n\t\t\t\t<div class=\"elementor-element elementor-element-9c87f76 elementor-widget-divider--separator-type-pattern elementor-widget-divider--no-spacing elementor-widget-divider--view-line elementor-widget elementor-widget-divider\" data-id=\"9c87f76\" data-element_type=\"widget\" data-e-type=\"widget\" data-widget_type=\"divider.default\">\n\t\t\t\t<div class=\"elementor-widget-container\">\n\t\t\t\t\t\t\t<div class=\"elementor-divider\" style=\"--divider-pattern-url: url(&quot;data:image\/svg+xml,%3Csvg xmlns=&#039;http:\/\/www.w3.org\/2000\/svg&#039; preserveAspectRatio=&#039;xMidYMid meet&#039; overflow=&#039;visible&#039; height=&#039;100%&#039; viewBox=&#039;0 0 126 26&#039; fill=&#039;black&#039; stroke=&#039;none&#039;%3E%3Cpath d=&#039;M3,10.2c2.6,0,2.6,2,2.6,3.2S4.4,16.5,3,16.5s-3-1.4-3-3.2S0.4,10.2,3,10.2z M18.8,10.2c1.7,0,3.2,1.4,3.2,3.2s-1.4,3.2-3.2,3.2c-1.7,0-3.2-1.4-3.2-3.2S17,10.2,18.8,10.2z M34.6,10.2c1.5,0,2.6,1.4,2.6,3.2s-0.5,3.2-1.9,3.2c-1.5,0-3.4-1.4-3.4-3.2S33.1,10.2,34.6,10.2z M50.5,10.2c1.7,0,3.2,1.4,3.2,3.2s-1.4,3.2-3.2,3.2c-1.7,0-3.3-0.9-3.3-2.6S48.7,10.2,50.5,10.2z M66.2,10.2c1.5,0,3.4,1.4,3.4,3.2s-1.9,3.2-3.4,3.2c-1.5,0-2.6-0.4-2.6-2.1S64.8,10.2,66.2,10.2z M82.2,10.2c1.7,0.8,2.6,1.4,2.6,3.2s-0.1,3.2-1.6,3.2c-1.5,0-3.7-1.4-3.7-3.2S80.5,9.4,82.2,10.2zM98.6,10.2c1.5,0,2.6,0.4,2.6,2.1s-1.2,4.2-2.6,4.2c-1.5,0-3.7-0.4-3.7-2.1S97.1,10.2,98.6,10.2z M113.4,10.2c1.2,0,2.2,0.9,2.2,3.2s-0.1,3.2-1.3,3.2s-3.1-1.4-3.1-3.2S112.2,10.2,113.4,10.2z&#039;\/%3E%3C\/svg%3E&quot;);\">\n\t\t\t<span class=\"elementor-divider-separator\">\n\t\t\t\t\t\t<\/span>\n\t\t<\/div>\n\t\t\t\t\t\t<\/div>\n\t\t\t\t<\/div>\n\t\t\t\t\t<\/div>\n\t\t\t\t<\/div>\n\t\t<div class=\"elementor-element elementor-element-b2c04e6 e-flex e-con-boxed e-con e-parent\" data-id=\"b2c04e6\" data-element_type=\"container\" data-e-type=\"container\">\n\t\t\t\t\t<div class=\"e-con-inner\">\n\t\t\t\t<div class=\"elementor-element elementor-element-55bb577 elementor-widget elementor-widget-heading\" data-id=\"55bb577\" data-element_type=\"widget\" data-e-type=\"widget\" data-widget_type=\"heading.default\">\n\t\t\t\t<div class=\"elementor-widget-container\">\n\t\t\t\t\t<h2 class=\"elementor-heading-title elementor-size-default\">Das k\u00f6nnte sie auch interessieren<\/h2>\t\t\t\t<\/div>\n\t\t\t\t<\/div>\n\t\t\t\t<div class=\"elementor-element elementor-element-57758ce elementor-grid-3 elementor-grid-tablet-2 elementor-grid-mobile-1 elementor-posts--thumbnail-top elementor-card-shadow-yes elementor-posts__hover-gradient elementor-widget elementor-widget-posts\" data-id=\"57758ce\" data-element_type=\"widget\" data-e-type=\"widget\" data-settings=\"{&quot;cards_columns&quot;:&quot;3&quot;,&quot;cards_columns_tablet&quot;:&quot;2&quot;,&quot;cards_columns_mobile&quot;:&quot;1&quot;,&quot;cards_row_gap&quot;:{&quot;unit&quot;:&quot;px&quot;,&quot;size&quot;:35,&quot;sizes&quot;:[]},&quot;cards_row_gap_tablet&quot;:{&quot;unit&quot;:&quot;px&quot;,&quot;size&quot;:&quot;&quot;,&quot;sizes&quot;:[]},&quot;cards_row_gap_mobile&quot;:{&quot;unit&quot;:&quot;px&quot;,&quot;size&quot;:&quot;&quot;,&quot;sizes&quot;:[]}}\" data-widget_type=\"posts.cards\">\n\t\t\t\t<div class=\"elementor-widget-container\">\n\t\t\t\t\t\t\t<div class=\"elementor-posts-container elementor-posts elementor-posts--skin-cards elementor-grid\" role=\"list\">\n\t\t\t\t<article class=\"elementor-post elementor-grid-item post-11128 post type-post status-publish format-standard has-post-thumbnail hentry category-aktivitaeten-und-ausfluege tag-domingo-de-ramos-elche tag-easter-costa-blanca-events tag-ostern-costa-blanca tag-osterprozession-alicante tag-procesiones-semana-santa-alicante tag-semana-santa-alicante tag-semana-santa-costa-blanca tag-semana-santa-denia tag-semana-santa-elche-2 tag-semana-santa-orihuela\" role=\"listitem\">\n\t\t\t<div class=\"elementor-post__card\">\n\t\t\t\t<a class=\"elementor-post__thumbnail__link\" href=\"https:\/\/costablanca-magazin.com\/nb\/freizeit\/aktivitaeten-und-ausfluege\/ostern-an-der-costa-blanca-semana-santa-und-prozessionen\/\" tabindex=\"-1\" ><div class=\"elementor-post__thumbnail\"><img fetchpriority=\"high\" decoding=\"async\" width=\"1024\" height=\"1536\" src=\"https:\/\/costablanca-magazin.com\/wp-content\/uploads\/2025\/03\/people-wearing-uniforms-and-bearing-the-statue-of-2025-02-09-13-18-51-utc-1024x1536.jpg\" class=\"attachment-1536x1536 size-1536x1536 wp-image-5306\" alt=\"Ostern und Geschichte: Die bedeutendsten Kirchen und religi\u00f6sen St\u00e4tten der Costa Blanca 2\" srcset=\"https:\/\/costablanca-magazin.com\/wp-content\/uploads\/2025\/03\/people-wearing-uniforms-and-bearing-the-statue-of-2025-02-09-13-18-51-utc-1024x1536.jpg 1024w, https:\/\/costablanca-magazin.com\/wp-content\/uploads\/2025\/03\/people-wearing-uniforms-and-bearing-the-statue-of-2025-02-09-13-18-51-utc-200x300.jpg 200w, https:\/\/costablanca-magazin.com\/wp-content\/uploads\/2025\/03\/people-wearing-uniforms-and-bearing-the-statue-of-2025-02-09-13-18-51-utc-683x1024.jpg 683w, https:\/\/costablanca-magazin.com\/wp-content\/uploads\/2025\/03\/people-wearing-uniforms-and-bearing-the-statue-of-2025-02-09-13-18-51-utc-768x1152.jpg 768w, https:\/\/costablanca-magazin.com\/wp-content\/uploads\/2025\/03\/people-wearing-uniforms-and-bearing-the-statue-of-2025-02-09-13-18-51-utc-1365x2048.jpg 1365w, https:\/\/costablanca-magazin.com\/wp-content\/uploads\/2025\/03\/people-wearing-uniforms-and-bearing-the-statue-of-2025-02-09-13-18-51-utc-scaled.jpg 1707w\" sizes=\"(max-width: 1024px) 100vw, 1024px\" \/><\/div><\/a>\n\t\t\t\t<div class=\"elementor-post__text\">\n\t\t\t\t<h3 class=\"elementor-post__title\">\n\t\t\t<a href=\"https:\/\/costablanca-magazin.com\/nb\/freizeit\/aktivitaeten-und-ausfluege\/ostern-an-der-costa-blanca-semana-santa-und-prozessionen\/\" >\n\t\t\t\tOstern an der Costa Blanca &#8211; Semana Santa und Prozessionen\t\t\t<\/a>\n\t\t<\/h3>\n\t\t\t\t<\/div>\n\t\t\t\t\t<\/div>\n\t\t<\/article>\n\t\t\t\t<article class=\"elementor-post elementor-grid-item post-11085 post type-post status-publish format-standard has-post-thumbnail hentry category-aktivitaeten-und-ausfluege tag-chocolates-valor-museum tag-schokolade-villajoyosa tag-schokoladenfabriken-costa-blanca tag-schokoladenroute-villajoyosa tag-traditionelle-suesswaren-villajoyosa tag-turron-villajoyosa\" role=\"listitem\">\n\t\t\t<div class=\"elementor-post__card\">\n\t\t\t\t<a class=\"elementor-post__thumbnail__link\" href=\"https:\/\/costablanca-magazin.com\/nb\/freizeit\/aktivitaeten-und-ausfluege\/schokoladen-route-villajoyosa-suesse-tradition-entdecken\/\" tabindex=\"-1\" ><div class=\"elementor-post__thumbnail\"><img decoding=\"async\" width=\"801\" height=\"287\" src=\"https:\/\/costablanca-magazin.com\/wp-content\/uploads\/2025\/09\/cocoa-drink-2025-01-10-22-33-37-utc-e1773068289392.jpg\" class=\"attachment-1536x1536 size-1536x1536 wp-image-8964\" alt=\"Villajoyosa \u2013 Die heimliche Hauptstadt der S\u00fc\u00dfigkeiten\" srcset=\"https:\/\/costablanca-magazin.com\/wp-content\/uploads\/2025\/09\/cocoa-drink-2025-01-10-22-33-37-utc-e1773068289392.jpg 801w, https:\/\/costablanca-magazin.com\/wp-content\/uploads\/2025\/09\/cocoa-drink-2025-01-10-22-33-37-utc-e1773068289392-300x107.jpg 300w, https:\/\/costablanca-magazin.com\/wp-content\/uploads\/2025\/09\/cocoa-drink-2025-01-10-22-33-37-utc-e1773068289392-768x275.jpg 768w, https:\/\/costablanca-magazin.com\/wp-content\/uploads\/2025\/09\/cocoa-drink-2025-01-10-22-33-37-utc-e1773068289392-18x6.jpg 18w\" sizes=\"(max-width: 801px) 100vw, 801px\" \/><\/div><\/a>\n\t\t\t\t<div class=\"elementor-post__text\">\n\t\t\t\t<h3 class=\"elementor-post__title\">\n\t\t\t<a href=\"https:\/\/costablanca-magazin.com\/nb\/freizeit\/aktivitaeten-und-ausfluege\/schokoladen-route-villajoyosa-suesse-tradition-entdecken\/\" >\n\t\t\t\tSchokoladen-Route Villajoyosa &#8211; S\u00fc\u00dfe Tradition entdecken\t\t\t<\/a>\n\t\t<\/h3>\n\t\t\t\t<\/div>\n\t\t\t\t\t<\/div>\n\t\t<\/article>\n\t\t\t\t<article class=\"elementor-post elementor-grid-item post-11086 post type-post status-publish format-standard has-post-thumbnail hentry category-aktivitaeten-und-ausfluege tag-ausflug-burg-xativa tag-borgia-familie-xativa tag-burg-xativa tag-burg-xativa-geschichte tag-castell-de-xativa tag-sehenswuerdigkeit-xativa-valencia\" role=\"listitem\">\n\t\t\t<div class=\"elementor-post__card\">\n\t\t\t\t<a class=\"elementor-post__thumbnail__link\" href=\"https:\/\/costablanca-magazin.com\/nb\/freizeit\/aktivitaeten-und-ausfluege\/burg-von-xativa-geschichte-der-borgia-festung-entdecken\/\" tabindex=\"-1\" ><div class=\"elementor-post__thumbnail\"><img decoding=\"async\" width=\"512\" height=\"180\" src=\"https:\/\/costablanca-magazin.com\/wp-content\/uploads\/2025\/08\/castell-1-1024x580-2-e1755517144513.jpg\" class=\"attachment-1536x1536 size-1536x1536 wp-image-8493\" alt=\"Die Burg von X\u00e0tiva: Geschichte, Macht und der lange Schatten der Borgias 6\" srcset=\"https:\/\/costablanca-magazin.com\/wp-content\/uploads\/2025\/08\/castell-1-1024x580-2-e1755517144513.jpg 512w, https:\/\/costablanca-magazin.com\/wp-content\/uploads\/2025\/08\/castell-1-1024x580-2-e1755517144513-300x105.jpg 300w\" sizes=\"(max-width: 512px) 100vw, 512px\" \/><\/div><\/a>\n\t\t\t\t<div class=\"elementor-post__text\">\n\t\t\t\t<h3 class=\"elementor-post__title\">\n\t\t\t<a href=\"https:\/\/costablanca-magazin.com\/nb\/freizeit\/aktivitaeten-und-ausfluege\/burg-von-xativa-geschichte-der-borgia-festung-entdecken\/\" >\n\t\t\t\tBurg von X\u00e0tiva: Geschichte der Borgia-Festung entdecken\t\t\t<\/a>\n\t\t<\/h3>\n\t\t\t\t<\/div>\n\t\t\t\t\t<\/div>\n\t\t<\/article>\n\t\t\t\t<\/div>\n\t\t\n\t\t\t\t\t\t<\/div>\n\t\t\t\t<\/div>\n\t\t\t\t<div class=\"elementor-element elementor-element-417a7cf elementor-widget elementor-widget-shortcode\" data-id=\"417a7cf\" data-element_type=\"widget\" data-e-type=\"widget\" data-widget_type=\"shortcode.default\">\n\t\t\t\t<div class=\"elementor-widget-container\">\n\t\t\t\t\t\t\t<div class=\"elementor-shortcode\">[3d-flip-book id=\"2519\" ][\/3d-flip-book]<\/div>\n\t\t\t\t\t\t<\/div>\n\t\t\t\t<\/div>\n\t\t\t\t\t<\/div>\n\t\t\t\t<\/div>\n\t\t\t\t<\/div>\n\t\t","protected":false},"excerpt":{"rendered":"<p>Burg von X\u00e0tiva: Geschichte der Borgia-Festung entdecken Die Burg von X\u00e0tiva z\u00e4hlt zu den eindrucksvollsten Festungen der Region Valencia. Geschichte der Borgias, Museum, Aussicht und<\/p>","protected":false},"author":1,"featured_media":8493,"comment_status":"closed","ping_status":"closed","sticky":false,"template":"elementor_header_footer","format":"standard","meta":{"footnotes":""},"categories":[22],"tags":[1672,1667,1668,1670,1669,1671],"class_list":["post-11086","post","type-post","status-publish","format-standard","has-post-thumbnail","hentry","category-aktivitaeten-und-ausfluege","tag-ausflug-burg-xativa","tag-borgia-familie-xativa","tag-burg-xativa","tag-burg-xativa-geschichte","tag-castell-de-xativa","tag-sehenswuerdigkeit-xativa-valencia"],"aioseo_notices":[],"_links":{"self":[{"href":"https:\/\/costablanca-magazin.com\/nb\/wp-json\/wp\/v2\/posts\/11086","targetHints":{"allow":["GET"]}}],"collection":[{"href":"https:\/\/costablanca-magazin.com\/nb\/wp-json\/wp\/v2\/posts"}],"about":[{"href":"https:\/\/costablanca-magazin.com\/nb\/wp-json\/wp\/v2\/types\/post"}],"author":[{"embeddable":true,"href":"https:\/\/costablanca-magazin.com\/nb\/wp-json\/wp\/v2\/users\/1"}],"replies":[{"embeddable":true,"href":"https:\/\/costablanca-magazin.com\/nb\/wp-json\/wp\/v2\/comments?post=11086"}],"version-history":[{"count":7,"href":"https:\/\/costablanca-magazin.com\/nb\/wp-json\/wp\/v2\/posts\/11086\/revisions"}],"predecessor-version":[{"id":11225,"href":"https:\/\/costablanca-magazin.com\/nb\/wp-json\/wp\/v2\/posts\/11086\/revisions\/11225"}],"wp:featuredmedia":[{"embeddable":true,"href":"https:\/\/costablanca-magazin.com\/nb\/wp-json\/wp\/v2\/media\/8493"}],"wp:attachment":[{"href":"https:\/\/costablanca-magazin.com\/nb\/wp-json\/wp\/v2\/media?parent=11086"}],"wp:term":[{"taxonomy":"category","embeddable":true,"href":"https:\/\/costablanca-magazin.com\/nb\/wp-json\/wp\/v2\/categories?post=11086"},{"taxonomy":"post_tag","embeddable":true,"href":"https:\/\/costablanca-magazin.com\/nb\/wp-json\/wp\/v2\/tags?post=11086"}],"curies":[{"name":"wp","href":"https:\/\/api.w.org\/{rel}","templated":true}]}}