{"id":10880,"date":"2026-03-04T15:02:21","date_gmt":"2026-03-04T14:02:21","guid":{"rendered":"https:\/\/costablanca-magazin.com\/?p=10880"},"modified":"2026-03-18T09:36:45","modified_gmt":"2026-03-18T08:36:45","slug":"usa-spania-trump-truer-med-handelsforbud","status":"publish","type":"post","link":"https:\/\/costablanca-magazin.com\/nb\/lokales\/news-politik\/usa-spanien-trump-droht-mit-handelsstopp\/","title":{"rendered":"USA-Spania - Trump truer med handelsforbud"},"content":{"rendered":"<div data-elementor-type=\"wp-post\" data-elementor-id=\"10880\" class=\"elementor elementor-10880\" data-elementor-post-type=\"post\">\n\t\t\t\t<div class=\"elementor-element elementor-element-e2bdbc0 e-flex e-con-boxed e-con e-parent\" data-id=\"e2bdbc0\" data-element_type=\"container\" data-e-type=\"container\">\n\t\t\t\t\t<div class=\"e-con-inner\">\n\t\t\t\t<div class=\"elementor-element elementor-element-a819af6 elementor-widget elementor-widget-heading\" data-id=\"a819af6\" data-element_type=\"widget\" data-e-type=\"widget\" data-widget_type=\"heading.default\">\n\t\t\t\t<div class=\"elementor-widget-container\">\n\t\t\t\t\t<h1 class=\"elementor-heading-title elementor-size-default\">USA-Spania - Trump truer med handelsforbud\n\n<\/h1>\t\t\t\t<\/div>\n\t\t\t\t<\/div>\n\t\t\t\t<div class=\"elementor-element elementor-element-aec167e elementor-widget elementor-widget-image\" data-id=\"aec167e\" data-element_type=\"widget\" data-e-type=\"widget\" data-widget_type=\"image.default\">\n\t\t\t\t<div class=\"elementor-widget-container\">\n\t\t\t\t\t\t\t\t\t\t\t\t\t\t\t<img fetchpriority=\"high\" decoding=\"async\" width=\"1200\" height=\"392\" src=\"https:\/\/costablanca-magazin.com\/wp-content\/uploads\/2026\/03\/shutterstock_2612600915-e1772633400837.jpg\" class=\"attachment-full size-full wp-image-10878\" alt=\"Handel - Trumps trussel mot Spania @shutterstock_2612600915\" srcset=\"https:\/\/costablanca-magazin.com\/wp-content\/uploads\/2026\/03\/shutterstock_2612600915-e1772633400837.jpg 1200w, https:\/\/costablanca-magazin.com\/wp-content\/uploads\/2026\/03\/shutterstock_2612600915-e1772633400837-300x98.jpg 300w, https:\/\/costablanca-magazin.com\/wp-content\/uploads\/2026\/03\/shutterstock_2612600915-e1772633400837-1024x335.jpg 1024w, https:\/\/costablanca-magazin.com\/wp-content\/uploads\/2026\/03\/shutterstock_2612600915-e1772633400837-768x251.jpg 768w, https:\/\/costablanca-magazin.com\/wp-content\/uploads\/2026\/03\/shutterstock_2612600915-e1772633400837-18x6.jpg 18w\" sizes=\"(max-width: 1200px) 100vw, 1200px\" \/>\t\t\t\t\t\t\t\t\t\t\t\t\t\t\t<\/div>\n\t\t\t\t<\/div>\n\t\t\t\t<div class=\"elementor-element elementor-element-95aae7b elementor-widget elementor-widget-heading\" data-id=\"95aae7b\" data-element_type=\"widget\" data-e-type=\"widget\" data-widget_type=\"heading.default\">\n\t\t\t\t<div class=\"elementor-widget-container\">\n\t\t\t\t\t<h2 class=\"elementor-heading-title elementor-size-default\">Trump truer Spania med handelsforbud. Tall om eksport, LNG, olivenolje og mulige konsekvenser for \u00f8konomien og bedriftene p\u00e5 Costa Blanca.\n\n<\/h2>\t\t\t\t<\/div>\n\t\t\t\t<\/div>\n\t\t\t\t\t<\/div>\n\t\t\t\t<\/div>\n\t\t<div class=\"elementor-element elementor-element-68978f8 e-flex e-con-boxed e-con e-parent\" data-id=\"68978f8\" data-element_type=\"container\" data-e-type=\"container\">\n\t\t\t\t\t<div class=\"e-con-inner\">\n\t\t<div class=\"elementor-element elementor-element-49dcd41 e-con-full e-flex e-con e-child\" data-id=\"49dcd41\" data-element_type=\"container\" data-e-type=\"container\">\n\t\t\t\t<div class=\"elementor-element elementor-element-3699233 elementor-widget elementor-widget-text-editor\" data-id=\"3699233\" data-element_type=\"widget\" data-e-type=\"widget\" data-widget_type=\"text-editor.default\">\n\t\t\t\t<div class=\"elementor-widget-container\">\n\t\t\t\t\t\t\t\t\t<p>Ordene fra Washington var uvanlig klare. Donald Trump \u00e5pnet offentlig for \u00e5 avslutte handelsforbindelsene med Spania fullstendig. Spania er \u201eikke en god partner\u201c, erkl\u00e6rte den tidligere amerikanske presidenten, med henvisning til Madrids holdning i den p\u00e5g\u00e5ende sikkerhetskonflikten.<\/p><p>Det politiske budskapet er klart formulert. \u00d8konomisk sett er situasjonen imidlertid mye mer nyansert.<\/p><p><b>Oversikt over handelstallene<br \/><\/b>De komplette utenrikshandelsdataene som er tilgjengelige for \u00f8yeblikket, er fra 2024 og gir et p\u00e5litelig grunnlag for klassifisering. Spania eksporterte varer til en verdi av rundt 18,4 milliarder amerikanske dollar til USA.<br \/>Dette gj\u00f8r USA til et av de viktigste salgsmarkedene utenfor Europa. Samtidig utgj\u00f8r det amerikanske markedet bare rundt fire til fem prosent av den totale spanske eksporten. Den klart st\u00f8rste delen av utenrikshandelen foreg\u00e5r fortsatt innenfor EU. Hjemmemarkedet er derfor fortsatt det sentrale \u00f8konomiske milj\u00f8et for spanske selskaper.<\/p><p><b>Energihandel: USA spiller en viktig rolle<br \/><\/b>Et omr\u00e5de med sterkere gjensidig avhengighet er energiforsyningen. I 2025 hentet Spania til tider opptil 35 prosent av LNG-importen sin fra USA. Amerikansk flytende naturgass er derfor en betydelig komponent i den spanske energimiksen. P\u00e5 globalt niv\u00e5 er imidlertid USA verdens st\u00f8rste LNG-eksport\u00f8r. Leveransene g\u00e5r til Europa, Asia og Latin-Amerika. Spania er bare ett av mange salgsmarkeder.<br \/><br \/>En forsyningsstopp vil stille organisatoriske krav til Spania p\u00e5 kort sikt, men kan delvis kompenseres av andre leverand\u00f8rer som Algerie eller Qatar. Omvendt kan Spania lett bli erstattet \u00f8konomisk av amerikanske energieksport\u00f8rer.<\/p><p><b>Hvilke sektorer vil bli ber\u00f8rt?<br \/><\/b>Skulle det faktisk oppst\u00e5 handelsrestriksjoner, vil de f\u00f8rst og fremst ramme enkelte eksportsektorer.<\/p><ul type=\"disc\"><li>Landbruk og n\u00e6ringsmiddelindustri<br \/>Olivenolje, vin, sitrusfrukter og bearbeidede matvarer er blant de viktigste spanske landbruksproduktene p\u00e5 det amerikanske markedet.<\/li><li>Industri<br \/>Maskiner, elektriske komponenter og bildeler er ogs\u00e5 relevante eksportvarer.<\/li><li>Forbruker- og designprodukter<br \/>Keramikk, m\u00f8bler og andre designprodukter fra Spania har ogs\u00e5 etablert stabile salgsmarkeder i USA.<\/li><\/ul>\t\t\t\t\t\t\t\t<\/div>\n\t\t\t\t<\/div>\n\t\t\t\t<\/div>\n\t\t<div class=\"elementor-element elementor-element-a2ddc2b e-con-full e-flex e-con e-child\" data-id=\"a2ddc2b\" data-element_type=\"container\" data-e-type=\"container\">\n\t\t\t\t<div class=\"elementor-element elementor-element-ad2fc95 elementor-widget elementor-widget-text-editor\" data-id=\"ad2fc95\" data-element_type=\"widget\" data-e-type=\"widget\" data-widget_type=\"text-editor.default\">\n\t\t\t\t<div class=\"elementor-widget-container\">\n\t\t\t\t\t\t\t\t\t<p>Handelsbarrierer kan bli merkbare for enkelte regioner i Spania. Effekten p\u00e5 \u00f8konomien som helhet vil imidlertid forbli begrenset.<\/p><p><b>Olivenolje som et eksempel<br \/><\/b>Spania er verdens ledende produsent av olivenolje. Etter to svake innh\u00f8stings\u00e5r har produksjonen nylig stabilisert seg igjen. Eksportverdien av spansk olivenolje til USA ligger p\u00e5 rundt 970 millioner euro per \u00e5r. Dette gj\u00f8r USA til et av de viktigste salgsmarkedene utenfor Europa.<\/p><p>Et eventuelt tarifftillegg vil ha flere konsekvenser:<\/p><ul type=\"disc\"><li>sterkere konkurransepress for spanske produsenter<\/li><li>Markedsmuligheter for leverand\u00f8rer fra Hellas eller Tunisia<\/li><li>Stigende forbrukerpriser i USA<\/li><\/ul><p>Det amerikanske markedet er fortsatt viktig - men det er ikke noe alternativ. Det finnes fortsatt salgsmuligheter innenfor EU og i \u00f8kende grad p\u00e5 de asiatiske markedene.<\/p><p><b>Betydning for Costa Blanca<br \/><\/b>Det finnes ogs\u00e5 eksportrettet industri p\u00e5 Costa Blanca. Landbruksprodukter fra Alicante-provinsen - blant annet sitrusfrukter, vin, olivenolje og bearbeidede matvarer - n\u00e5r internasjonale markeder, i noen tilfeller ogs\u00e5 USA.<\/p><p>Volumene er h\u00e5ndterbare sammenlignet med store landbruksregioner i Spania. Likevel kan handelshindringer ramme enkeltprodusenter eller eksportorienterte selskaper. Samtidig er den regionale \u00f8konomien mer bredt basert. Turisme, bygg og anlegg, tjenester og det internasjonale eiendomsmarkedet har en mye sterkere innvirkning p\u00e5 Costa Blanca.<\/p><p>En handelskonflikt mellom Washington og Madrid vil derfor neppe ha noen direkte strukturell innvirkning p\u00e5 regionens \u00f8konomi. De politiske uttalelsene fra Washington markerer en klar retorisk opptrapping. De \u00f8konomiske dataene tegner imidlertid et mer n\u00f8kternt bilde. <br \/>USA er en viktig handelspartner for Spania, men ikke en dominerende. Samtidig er Spania \u00f8konomisk substituerbart med USA.<br \/>Hvis det faktisk skulle oppst\u00e5 handelshindringer, vil de f\u00f8rst og fremst ramme enkeltsektorer - ikke Spanias \u00f8konomiske stabilitet som helhet.<\/p>\t\t\t\t\t\t\t\t<\/div>\n\t\t\t\t<\/div>\n\t\t\t\t<\/div>\n\t\t\t\t\t<\/div>\n\t\t\t\t<\/div>\n\t\t<div class=\"elementor-element elementor-element-bda3b3d e-flex e-con-boxed e-con e-parent\" data-id=\"bda3b3d\" data-element_type=\"container\" data-e-type=\"container\">\n\t\t\t\t\t<div class=\"e-con-inner\">\n\t\t\t\t<div class=\"elementor-element elementor-element-69d356c elementor-widget-divider--separator-type-pattern elementor-widget-divider--no-spacing elementor-widget-divider--view-line elementor-widget elementor-widget-divider\" data-id=\"69d356c\" data-element_type=\"widget\" data-e-type=\"widget\" data-widget_type=\"divider.default\">\n\t\t\t\t<div class=\"elementor-widget-container\">\n\t\t\t\t\t\t\t<div class=\"elementor-divider\" style=\"--divider-pattern-url: url(&quot;data:image\/svg+xml,%3Csvg xmlns=&#039;http:\/\/www.w3.org\/2000\/svg&#039; preserveAspectRatio=&#039;xMidYMid meet&#039; overflow=&#039;visible&#039; height=&#039;100%&#039; viewBox=&#039;0 0 126 26&#039; fill=&#039;black&#039; stroke=&#039;none&#039;%3E%3Cpath d=&#039;M3,10.2c2.6,0,2.6,2,2.6,3.2S4.4,16.5,3,16.5s-3-1.4-3-3.2S0.4,10.2,3,10.2z M18.8,10.2c1.7,0,3.2,1.4,3.2,3.2s-1.4,3.2-3.2,3.2c-1.7,0-3.2-1.4-3.2-3.2S17,10.2,18.8,10.2z M34.6,10.2c1.5,0,2.6,1.4,2.6,3.2s-0.5,3.2-1.9,3.2c-1.5,0-3.4-1.4-3.4-3.2S33.1,10.2,34.6,10.2z M50.5,10.2c1.7,0,3.2,1.4,3.2,3.2s-1.4,3.2-3.2,3.2c-1.7,0-3.3-0.9-3.3-2.6S48.7,10.2,50.5,10.2z M66.2,10.2c1.5,0,3.4,1.4,3.4,3.2s-1.9,3.2-3.4,3.2c-1.5,0-2.6-0.4-2.6-2.1S64.8,10.2,66.2,10.2z M82.2,10.2c1.7,0.8,2.6,1.4,2.6,3.2s-0.1,3.2-1.6,3.2c-1.5,0-3.7-1.4-3.7-3.2S80.5,9.4,82.2,10.2zM98.6,10.2c1.5,0,2.6,0.4,2.6,2.1s-1.2,4.2-2.6,4.2c-1.5,0-3.7-0.4-3.7-2.1S97.1,10.2,98.6,10.2z M113.4,10.2c1.2,0,2.2,0.9,2.2,3.2s-0.1,3.2-1.3,3.2s-3.1-1.4-3.1-3.2S112.2,10.2,113.4,10.2z&#039;\/%3E%3C\/svg%3E&quot;);\">\n\t\t\t<span class=\"elementor-divider-separator\">\n\t\t\t\t\t\t<\/span>\n\t\t<\/div>\n\t\t\t\t\t\t<\/div>\n\t\t\t\t<\/div>\n\t\t\t\t<div class=\"elementor-element elementor-element-9652943 elementor-grid-3 elementor-grid-tablet-2 elementor-grid-mobile-1 elementor-posts--thumbnail-top elementor-posts--show-avatar elementor-card-shadow-yes elementor-posts__hover-gradient elementor-widget elementor-widget-posts\" data-id=\"9652943\" data-element_type=\"widget\" data-e-type=\"widget\" data-settings=\"{&quot;cards_columns&quot;:&quot;3&quot;,&quot;cards_columns_tablet&quot;:&quot;2&quot;,&quot;cards_columns_mobile&quot;:&quot;1&quot;,&quot;cards_row_gap&quot;:{&quot;unit&quot;:&quot;px&quot;,&quot;size&quot;:35,&quot;sizes&quot;:[]},&quot;cards_row_gap_tablet&quot;:{&quot;unit&quot;:&quot;px&quot;,&quot;size&quot;:&quot;&quot;,&quot;sizes&quot;:[]},&quot;cards_row_gap_mobile&quot;:{&quot;unit&quot;:&quot;px&quot;,&quot;size&quot;:&quot;&quot;,&quot;sizes&quot;:[]}}\" data-widget_type=\"posts.cards\">\n\t\t\t\t<div class=\"elementor-widget-container\">\n\t\t\t\t\t\t\t<div class=\"elementor-posts-container elementor-posts elementor-posts--skin-cards elementor-grid\" role=\"list\">\n\t\t\t\t<article class=\"elementor-post elementor-grid-item post-10341 post type-post status-publish format-standard has-post-thumbnail hentry category-news-politik tag-adif-hochgeschwindigkeitsnetz tag-cordoba-entgleisung tag-eisenbahnunglueck-andalusien tag-hochgeschwindigkeitszug-unfall tag-iryo-zug tag-viele-tote-zugunfall tag-zugunglueck-spanien\" role=\"listitem\">\n\t\t\t<div class=\"elementor-post__card\">\n\t\t\t\t<a class=\"elementor-post__thumbnail__link\" href=\"https:\/\/costablanca-magazin.com\/nb\/lokales\/news-politik\/spanien-schweres-zugunglueck-39-tote-nach-entgleisung-bei-cordoba\/\" tabindex=\"-1\" ><div class=\"elementor-post__thumbnail\"><img decoding=\"async\" width=\"1200\" height=\"800\" src=\"https:\/\/costablanca-magazin.com\/wp-content\/uploads\/2026\/01\/iryo-zug-@iryo.eu_.jpg\" class=\"attachment-2048x2048 size-2048x2048 wp-image-10342\" alt=\"iryo tog @iryo.eu\" srcset=\"https:\/\/costablanca-magazin.com\/wp-content\/uploads\/2026\/01\/iryo-zug-@iryo.eu_.jpg 1200w, https:\/\/costablanca-magazin.com\/wp-content\/uploads\/2026\/01\/iryo-zug-@iryo.eu_-300x200.jpg 300w, https:\/\/costablanca-magazin.com\/wp-content\/uploads\/2026\/01\/iryo-zug-@iryo.eu_-1024x683.jpg 1024w, https:\/\/costablanca-magazin.com\/wp-content\/uploads\/2026\/01\/iryo-zug-@iryo.eu_-768x512.jpg 768w, https:\/\/costablanca-magazin.com\/wp-content\/uploads\/2026\/01\/iryo-zug-@iryo.eu_-18x12.jpg 18w\" sizes=\"(max-width: 1200px) 100vw, 1200px\" \/><\/div><\/a>\n\t\t\t\t<div class=\"elementor-post__badge\">Nyheter og politikk<\/div>\n\t\t\t\t<div class=\"elementor-post__avatar\">\n\t\t\t\t\t<\/div>\n\t\t\t\t<div class=\"elementor-post__text\">\n\t\t\t\t<h3 class=\"elementor-post__title\">\n\t\t\t<a href=\"https:\/\/costablanca-magazin.com\/nb\/lokales\/news-politik\/spanien-schweres-zugunglueck-39-tote-nach-entgleisung-bei-cordoba\/\" >\n\t\t\t\tSpania - Alvorlig togulykke: 39 d\u00f8de etter avsporing n\u00e6r C\u00f3rdoba\t\t\t<\/a>\n\t\t<\/h3>\n\t\t\t\t<\/div>\n\t\t\t\t\t<\/div>\n\t\t<\/article>\n\t\t\t\t<article class=\"elementor-post elementor-grid-item post-6565 post type-post status-publish format-standard has-post-thumbnail hentry category-news-politik tag-nach-vielen-regen-entspannt-sich-die-grundwassersituation tag-trinkwasser-costa-blanca tag-wassersituation-an-der-costa-blanca\" role=\"listitem\">\n\t\t\t<div class=\"elementor-post__card\">\n\t\t\t\t<a class=\"elementor-post__thumbnail__link\" href=\"https:\/\/costablanca-magazin.com\/nb\/lokales\/news-politik\/marina-baixa-profitiert-vom-regen-braucht-aber-perspektiven\/\" tabindex=\"-1\" ><div class=\"elementor-post__thumbnail\"><img decoding=\"async\" width=\"2048\" height=\"1365\" src=\"https:\/\/costablanca-magazin.com\/wp-content\/uploads\/2025\/04\/happy-girl-playing-by-the-forest-lake-with-an-umbr-2025-02-09-23-48-03-utc-2048x1365.jpg\" class=\"attachment-2048x2048 size-2048x2048 wp-image-6575\" alt=\"Marina Baixa nyter godt av regnet, men trenger utsikter\" srcset=\"https:\/\/costablanca-magazin.com\/wp-content\/uploads\/2025\/04\/happy-girl-playing-by-the-forest-lake-with-an-umbr-2025-02-09-23-48-03-utc-2048x1365.jpg 2048w, https:\/\/costablanca-magazin.com\/wp-content\/uploads\/2025\/04\/happy-girl-playing-by-the-forest-lake-with-an-umbr-2025-02-09-23-48-03-utc-300x200.jpg 300w, https:\/\/costablanca-magazin.com\/wp-content\/uploads\/2025\/04\/happy-girl-playing-by-the-forest-lake-with-an-umbr-2025-02-09-23-48-03-utc-1024x683.jpg 1024w, https:\/\/costablanca-magazin.com\/wp-content\/uploads\/2025\/04\/happy-girl-playing-by-the-forest-lake-with-an-umbr-2025-02-09-23-48-03-utc-768x512.jpg 768w, https:\/\/costablanca-magazin.com\/wp-content\/uploads\/2025\/04\/happy-girl-playing-by-the-forest-lake-with-an-umbr-2025-02-09-23-48-03-utc-1536x1024.jpg 1536w\" sizes=\"(max-width: 2048px) 100vw, 2048px\" \/><\/div><\/a>\n\t\t\t\t<div class=\"elementor-post__badge\">Nyheter og politikk<\/div>\n\t\t\t\t<div class=\"elementor-post__avatar\">\n\t\t\t\t\t<\/div>\n\t\t\t\t<div class=\"elementor-post__text\">\n\t\t\t\t<h3 class=\"elementor-post__title\">\n\t\t\t<a href=\"https:\/\/costablanca-magazin.com\/nb\/lokales\/news-politik\/marina-baixa-profitiert-vom-regen-braucht-aber-perspektiven\/\" >\n\t\t\t\tMarina Baixa nyter godt av regnet, men trenger utsikter\t\t\t<\/a>\n\t\t<\/h3>\n\t\t\t\t<\/div>\n\t\t\t\t\t<\/div>\n\t\t<\/article>\n\t\t\t\t<article class=\"elementor-post elementor-grid-item post-5151 post type-post status-publish format-standard has-post-thumbnail hentry category-news-politik tag-abstimmung tag-alicante tag-bildungsministerium tag-bildungssystem tag-carlos-mazon tag-elternwahl tag-kastilisch tag-mehrsprachigkeit tag-politische-kontroverse tag-regionalregierung tag-schulunterricht tag-sprachdebatte tag-sprachpolitik tag-unterrichtssprache tag-valencianisch\" role=\"listitem\">\n\t\t\t<div class=\"elementor-post__card\">\n\t\t\t\t<a class=\"elementor-post__thumbnail__link\" href=\"https:\/\/costablanca-magazin.com\/nb\/lokales\/news-politik\/sprachenwahl-in-alicante-mehrheit-entscheidet-sich\/\" tabindex=\"-1\" ><div class=\"elementor-post__thumbnail\"><img loading=\"lazy\" decoding=\"async\" width=\"1200\" height=\"1600\" src=\"https:\/\/costablanca-magazin.com\/wp-content\/uploads\/2025\/03\/IMG-20250312-WA0000.jpg\" class=\"attachment-2048x2048 size-2048x2048 wp-image-5152\" alt=\"Spr\u00e5kvalg i Alicante: Flertallet av familiene velger spansk i undervisningen\" srcset=\"https:\/\/costablanca-magazin.com\/wp-content\/uploads\/2025\/03\/IMG-20250312-WA0000.jpg 1200w, https:\/\/costablanca-magazin.com\/wp-content\/uploads\/2025\/03\/IMG-20250312-WA0000-225x300.jpg 225w, https:\/\/costablanca-magazin.com\/wp-content\/uploads\/2025\/03\/IMG-20250312-WA0000-768x1024.jpg 768w, https:\/\/costablanca-magazin.com\/wp-content\/uploads\/2025\/03\/IMG-20250312-WA0000-1152x1536.jpg 1152w\" sizes=\"(max-width: 1200px) 100vw, 1200px\" \/><\/div><\/a>\n\t\t\t\t<div class=\"elementor-post__badge\">Nyheter og politikk<\/div>\n\t\t\t\t<div class=\"elementor-post__avatar\">\n\t\t\t\t\t<\/div>\n\t\t\t\t<div class=\"elementor-post__text\">\n\t\t\t\t<h3 class=\"elementor-post__title\">\n\t\t\t<a href=\"https:\/\/costablanca-magazin.com\/nb\/lokales\/news-politik\/sprachenwahl-in-alicante-mehrheit-entscheidet-sich\/\" >\n\t\t\t\tSpr\u00e5kvalg i Alicante - flertallet bestemmer\t\t\t<\/a>\n\t\t<\/h3>\n\t\t\t\t<\/div>\n\t\t\t\t\t<\/div>\n\t\t<\/article>\n\t\t\t\t<\/div>\n\t\t\n\t\t\t\t\t\t<\/div>\n\t\t\t\t<\/div>\n\t\t\t\t\t<\/div>\n\t\t\t\t<\/div>\n\t\t\t\t<\/div>","protected":false},"excerpt":{"rendered":"<p>USA-Spania - Trump truer med handelsforbud Trump truer Spania med handelsforbud. Tall om eksport, LNG, olivenolje og mulige konsekvenser<\/p>","protected":false},"author":1,"featured_media":10878,"comment_status":"closed","ping_status":"closed","sticky":false,"template":"elementor_header_footer","format":"standard","meta":{"footnotes":""},"categories":[12],"tags":[1661,1665,1666,1663,1664,1662],"class_list":["post-10880","post","type-post","status-publish","format-standard","has-post-thumbnail","hentry","category-news-politik","tag-handelskonflikt-usa-spanien","tag-lng-spanien-usa","tag-olivenoel-export-usa","tag-spanien-export-usa","tag-trump-spanien-handelsstopp","tag-usa-spanien-handel"],"aioseo_notices":[],"_links":{"self":[{"href":"https:\/\/costablanca-magazin.com\/nb\/wp-json\/wp\/v2\/posts\/10880","targetHints":{"allow":["GET"]}}],"collection":[{"href":"https:\/\/costablanca-magazin.com\/nb\/wp-json\/wp\/v2\/posts"}],"about":[{"href":"https:\/\/costablanca-magazin.com\/nb\/wp-json\/wp\/v2\/types\/post"}],"author":[{"embeddable":true,"href":"https:\/\/costablanca-magazin.com\/nb\/wp-json\/wp\/v2\/users\/1"}],"replies":[{"embeddable":true,"href":"https:\/\/costablanca-magazin.com\/nb\/wp-json\/wp\/v2\/comments?post=10880"}],"version-history":[{"count":16,"href":"https:\/\/costablanca-magazin.com\/nb\/wp-json\/wp\/v2\/posts\/10880\/revisions"}],"predecessor-version":[{"id":11313,"href":"https:\/\/costablanca-magazin.com\/nb\/wp-json\/wp\/v2\/posts\/10880\/revisions\/11313"}],"wp:featuredmedia":[{"embeddable":true,"href":"https:\/\/costablanca-magazin.com\/nb\/wp-json\/wp\/v2\/media\/10878"}],"wp:attachment":[{"href":"https:\/\/costablanca-magazin.com\/nb\/wp-json\/wp\/v2\/media?parent=10880"}],"wp:term":[{"taxonomy":"category","embeddable":true,"href":"https:\/\/costablanca-magazin.com\/nb\/wp-json\/wp\/v2\/categories?post=10880"},{"taxonomy":"post_tag","embeddable":true,"href":"https:\/\/costablanca-magazin.com\/nb\/wp-json\/wp\/v2\/tags?post=10880"}],"curies":[{"name":"wp","href":"https:\/\/api.w.org\/{rel}","templated":true}]}}