{"id":5863,"date":"2025-04-26T09:00:00","date_gmt":"2025-04-26T07:00:00","guid":{"rendered":"https:\/\/costablanca-magazin.com\/?p=5863"},"modified":"2026-07-09T07:44:49","modified_gmt":"2026-07-09T05:44:49","slug":"votre-guide-pour-vivre-et-travailler-sur-la-costa-blanca","status":"publish","type":"post","link":"https:\/\/costablanca-magazin.com\/fr\/residenten\/leben-in-spanien\/ihr-leitfaden-fuer-leben-und-arbeiten-an-der-costa-blanca\/","title":{"rendered":"Votre guide pour vivre et travailler sur la Costa Blanca"},"content":{"rendered":"<div data-elementor-type=\"wp-post\" data-elementor-id=\"5863\" class=\"elementor elementor-5863\" data-elementor-post-type=\"post\">\n\t\t\t\t<div class=\"elementor-element elementor-element-21cca5a e-flex e-con-boxed e-con e-parent\" data-id=\"21cca5a\" data-element_type=\"container\" data-e-type=\"container\">\n\t\t\t\t\t<div class=\"e-con-inner\">\n\t\t\t\t<div class=\"elementor-element elementor-element-f9f5d6b elementor-widget elementor-widget-heading\" data-id=\"f9f5d6b\" data-element_type=\"widget\" data-e-type=\"widget\" data-widget_type=\"heading.default\">\n\t\t\t\t<div class=\"elementor-widget-container\">\n\t\t\t\t\t<h1 class=\"elementor-heading-title elementor-size-default\">Ihr Leitfaden \nf\u00fcr Leben \nund Arbeiten \nan der Costa Blanca<\/h1>\t\t\t\t<\/div>\n\t\t\t\t<\/div>\n\t\t\t\t<div class=\"elementor-element elementor-element-14eb471 elementor-widget elementor-widget-heading\" data-id=\"14eb471\" data-element_type=\"widget\" data-e-type=\"widget\" data-widget_type=\"heading.default\">\n\t\t\t\t<div class=\"elementor-widget-container\">\n\t\t\t\t\t<p class=\"elementor-heading-title elementor-size-default\">\u00c9tapes importantes pour tous ceux \nqui souhaitent s'installer dans la Marina Alta ou la Marina Baixa \n.<\/p>\t\t\t\t<\/div>\n\t\t\t\t<\/div>\n\t\t\t\t<div class=\"elementor-element elementor-element-289c0aa elementor-widget elementor-widget-image\" data-id=\"289c0aa\" data-element_type=\"widget\" data-e-type=\"widget\" data-widget_type=\"image.default\">\n\t\t\t\t<div class=\"elementor-widget-container\">\n\t\t\t\t\t\t\t\t\t\t\t\t\t\t\t<img fetchpriority=\"high\" decoding=\"async\" width=\"2560\" height=\"1706\" src=\"https:\/\/costablanca-magazin.com\/wp-content\/uploads\/2025\/04\/Fotolia_101040061_XL-scaled.jpg\" class=\"attachment-full size-full wp-image-5868\" alt=\"Votre guide pour vivre et travailler sur la Costa Blanca\" srcset=\"https:\/\/costablanca-magazin.com\/wp-content\/uploads\/2025\/04\/Fotolia_101040061_XL-scaled.jpg 2560w, https:\/\/costablanca-magazin.com\/wp-content\/uploads\/2025\/04\/Fotolia_101040061_XL-300x200.jpg 300w, https:\/\/costablanca-magazin.com\/wp-content\/uploads\/2025\/04\/Fotolia_101040061_XL-1024x682.jpg 1024w, https:\/\/costablanca-magazin.com\/wp-content\/uploads\/2025\/04\/Fotolia_101040061_XL-768x512.jpg 768w, https:\/\/costablanca-magazin.com\/wp-content\/uploads\/2025\/04\/Fotolia_101040061_XL-1536x1024.jpg 1536w, https:\/\/costablanca-magazin.com\/wp-content\/uploads\/2025\/04\/Fotolia_101040061_XL-2048x1365.jpg 2048w\" sizes=\"(max-width: 2560px) 100vw, 2560px\" \/>\t\t\t\t\t\t\t\t\t\t\t\t\t\t\t<\/div>\n\t\t\t\t<\/div>\n\t\t\t\t<div class=\"elementor-element elementor-element-0dff62f elementor-widget elementor-widget-text-editor\" data-id=\"0dff62f\" data-element_type=\"widget\" data-e-type=\"widget\" data-widget_type=\"text-editor.default\">\n\t\t\t\t<div class=\"elementor-widget-container\">\n\t\t\t\t\t\t\t\t\t<p>Quiconque souhaite vivre ou travailler sur la Costa Blanca pendant la majeure partie de l'ann\u00e9e doit se familiariser avec les formalit\u00e9s administratives et les dispositions l\u00e9gales requises. Cela comprend la demande d\u2019un num\u00e9ro d\u2019identification fiscale (NIE) pour les ressortissants de l\u2019UE, l\u2019inscription au registre des habitants de la commune concern\u00e9e ainsi que, le cas \u00e9ch\u00e9ant, la conversion du permis de conduire ou l\u2019immatriculation d\u2019un v\u00e9hicule \u00e9tranger. Dans les pages suivantes, nous expliquons les premi\u00e8res d\u00e9marches essentielles pour les futurs r\u00e9sidents \u00e0 temps partiel ou \u00e0 temps plein, afin de leur faciliter l\u2019acc\u00e8s \u00e0 une vie priv\u00e9e et professionnelle \u00e9panouie sur la Costa Blanca.<\/p>\t\t\t\t\t\t\t\t<\/div>\n\t\t\t\t<\/div>\n\t\t\t\t\t<\/div>\n\t\t\t\t<\/div>\n\t\t<div class=\"elementor-element elementor-element-02bc6e0 e-flex e-con-boxed e-con e-parent\" data-id=\"02bc6e0\" data-element_type=\"container\" data-e-type=\"container\">\n\t\t\t\t\t<div class=\"e-con-inner\">\n\t\t<div class=\"elementor-element elementor-element-bfcbd97 e-con-full e-flex e-con e-child\" data-id=\"bfcbd97\" data-element_type=\"container\" data-e-type=\"container\">\n\t\t\t\t<div class=\"elementor-element elementor-element-c2fe4c8 elementor-widget elementor-widget-heading\" data-id=\"c2fe4c8\" data-element_type=\"widget\" data-e-type=\"widget\" data-widget_type=\"heading.default\">\n\t\t\t\t<div class=\"elementor-widget-container\">\n\t\t\t\t\t<h3 class=\"elementor-heading-title elementor-size-default\">N.I.E. : le num\u00e9ro indispensable pour les \u00e9trangers \nsur la Costa Blanca<\/h3>\t\t\t\t<\/div>\n\t\t\t\t<\/div>\n\t\t\t\t<div class=\"elementor-element elementor-element-8e994d5 elementor-widget elementor-widget-text-editor\" data-id=\"8e994d5\" data-element_type=\"widget\" data-e-type=\"widget\" data-widget_type=\"text-editor.default\">\n\t\t\t\t<div class=\"elementor-widget-container\">\n\t\t\t\t\t\t\t\t\t<p>Sans le num\u00e9ro d'identification fiscale espagnol (NIE), rien ne fonctionne<br \/>Le num\u00e9ro d'identification fiscale espagnol pour les \u00e9trangers (N\u00famero de Identificaci\u00f3n de Extranjeros, ou N.I.E.) est \u00e9galement disponible aupr\u00e8s de la <br \/>Indispensable sur la Costa Blanca. Qu'il s'agisse d'acheter un bien immobilier, de souscrire un abonnement Internet ou de r\u00e9gler des formalit\u00e9s professionnelles ou administratives, pratiquement rien n'est possible sans le NIE.<br \/>Pour demander le NIE, il faut remplir le formulaire \u201e EX-15 \u201c (disponible sur le site extranjeros.inclusion.gob.es) et le remettre, accompagn\u00e9 d'une photo d'identit\u00e9, d'une carte d'identit\u00e9 ou d'un passeport en cours de validit\u00e9 et du justificatif de paiement des frais de dossier, en personne au service comp\u00e9tent de la Polic\u00eda Nacional de la r\u00e9gion (par exemple \u00e0 Alicante ou \u00e0 Benidorm).<br \/>Apr\u00e8s le Brexit, les ressortissants britanniques doivent en outre disposer d'un titre de s\u00e9jour ou d'un visa pour pouvoir d\u00e9poser leur demande. En tant que membres de l'Espace \u00e9conomique europ\u00e9en (EEE), les ressortissants norv\u00e9giens b\u00e9n\u00e9ficient des m\u00eames dispositions que les citoyens de l'UE.<\/p>\t\t\t\t\t\t\t\t<\/div>\n\t\t\t\t<\/div>\n\t\t\t\t<\/div>\n\t\t<div class=\"elementor-element elementor-element-b9418a4 e-con-full e-flex e-con e-child\" data-id=\"b9418a4\" data-element_type=\"container\" data-e-type=\"container\">\n\t\t\t\t<div class=\"elementor-element elementor-element-6861080 elementor-widget elementor-widget-text-editor\" data-id=\"6861080\" data-element_type=\"widget\" data-e-type=\"widget\" data-widget_type=\"text-editor.default\">\n\t\t\t\t<div class=\"elementor-widget-container\">\n\t\t\t\t\t\t\t\t\t<p>De nombreux conseillers fiscaux et avocats locaux de la Marina Alta et de la Marina Baixa proposent, moyennant des honoraires, de vous aider dans vos d\u00e9marches pour obtenir un NIE. Il est vivement recommand\u00e9 de comparer les tarifs au pr\u00e9alable.<\/p>\t\t\t\t\t\t\t\t<\/div>\n\t\t\t\t<\/div>\n\t\t\t\t<div class=\"elementor-element elementor-element-43fd1dd elementor-widget elementor-widget-gallery\" data-id=\"43fd1dd\" data-element_type=\"widget\" data-e-type=\"widget\" data-settings=\"{&quot;gallery_layout&quot;:&quot;masonry&quot;,&quot;columns&quot;:1,&quot;lazyload&quot;:&quot;yes&quot;,&quot;columns_tablet&quot;:2,&quot;columns_mobile&quot;:1,&quot;gap&quot;:{&quot;unit&quot;:&quot;px&quot;,&quot;size&quot;:10,&quot;sizes&quot;:[]},&quot;gap_tablet&quot;:{&quot;unit&quot;:&quot;px&quot;,&quot;size&quot;:10,&quot;sizes&quot;:[]},&quot;gap_mobile&quot;:{&quot;unit&quot;:&quot;px&quot;,&quot;size&quot;:10,&quot;sizes&quot;:[]},&quot;link_to&quot;:&quot;file&quot;,&quot;overlay_background&quot;:&quot;yes&quot;,&quot;content_hover_animation&quot;:&quot;fade-in&quot;}\" data-widget_type=\"gallery.default\">\n\t\t\t\t<div class=\"elementor-widget-container\">\n\t\t\t\t\t\t\t<div class=\"elementor-gallery__container\">\n\t\t\t\t\t\t\t<a class=\"e-gallery-item elementor-gallery-item elementor-animated-content\" href=\"https:\/\/costablanca-magazin.com\/wp-content\/uploads\/2025\/04\/BildschirmfotoFocus-Seite4.jpg\" data-elementor-open-lightbox=\"yes\" data-elementor-lightbox-slideshow=\"43fd1dd\" data-elementor-lightbox-title=\"N.I.E.: Die wichtigste Nummer f\u00fcr Ausl\u00e4nder  an der Costa Blanca\" data-elementor-lightbox-description=\"N.I.E.: Die wichtigste Nummer f\u00fcr Ausl\u00e4nder an der Costa Blanca\" data-e-action-hash=\"#elementor-action%3Aaction%3Dlightbox%26settings%3DeyJpZCI6NTg2NywidXJsIjoiaHR0cHM6XC9cL2Nvc3RhYmxhbmNhLW1hZ2F6aW4uY29tXC93cC1jb250ZW50XC91cGxvYWRzXC8yMDI1XC8wNFwvQmlsZHNjaGlybWZvdG9Gb2N1cy1TZWl0ZTQuanBnIiwic2xpZGVzaG93IjoiNDNmZDFkZCJ9\">\n\t\t\t\t\t<div class=\"e-gallery-image elementor-gallery-item__image\" data-thumbnail=\"https:\/\/costablanca-magazin.com\/wp-content\/uploads\/2025\/04\/BildschirmfotoFocus-Seite4.jpg\" data-width=\"1146\" data-height=\"716\" aria-label=\"N.I.E. : le num\u00e9ro indispensable pour les \u00e9trangers sur la Costa Blanca\" role=\"img\" ><\/div>\n\t\t\t\t\t\t\t\t\t\t\t<div class=\"elementor-gallery-item__overlay\"><\/div>\n\t\t\t\t\t\t\t\t\t\t\t\t\t\t<\/a>\n\t\t\t\t\t<\/div>\n\t\t\t\t\t<\/div>\n\t\t\t\t<\/div>\n\t\t\t\t<\/div>\n\t\t\t\t\t<\/div>\n\t\t\t\t<\/div>\n\t\t<div class=\"elementor-element elementor-element-271d043 e-flex e-con-boxed e-con e-parent\" data-id=\"271d043\" data-element_type=\"container\" data-e-type=\"container\">\n\t\t\t\t\t<div class=\"e-con-inner\">\n\t\t<div class=\"elementor-element elementor-element-a01d919 e-con-full e-flex e-con e-child\" data-id=\"a01d919\" data-element_type=\"container\" data-e-type=\"container\">\n\t\t\t\t<div class=\"elementor-element elementor-element-98ed518 elementor-widget elementor-widget-heading\" data-id=\"98ed518\" data-element_type=\"widget\" data-e-type=\"widget\" data-widget_type=\"heading.default\">\n\t\t\t\t<div class=\"elementor-widget-container\">\n\t\t\t\t\t<h4 class=\"elementor-heading-title elementor-size-default\">R\u00e9sidence \u2013 L'inscription \nen tant que r\u00e9sident sur la Costa Blanca en toute simplicit\u00e9<\/h4>\t\t\t\t<\/div>\n\t\t\t\t<\/div>\n\t\t\t\t<div class=\"elementor-element elementor-element-c4f81f8 elementor-widget elementor-widget-text-editor\" data-id=\"c4f81f8\" data-element_type=\"widget\" data-e-type=\"widget\" data-widget_type=\"text-editor.default\">\n\t\t\t\t<div class=\"elementor-widget-container\">\n\t\t\t\t\t\t\t\t\t<p>Votre guide sur l'enregistrement de s\u00e9jour<br \/>Toute personne souhaitant s'installer de mani\u00e8re permanente sur la Costa Blanca pour une dur\u00e9e sup\u00e9rieure \u00e0 trois mois doit demander une \u00ab residencia \u00bb. Cette inscription s'effectue aupr\u00e8s du commissariat de police comp\u00e9tent (Polic\u00eda Nacional). <br \/>Il est possible de prendre rendez-vous en ligne via le portail <strong>sede.administracionespublicas.gob.es<\/strong> soient convenues.<\/p><p>Pour cela, s\u00e9lectionnez la province d'Alicante, puis, sous \u201e Tr\u00e1mites cuerpo nacional de polic\u00eda \u201c, choisissez l'option \u201e Certificado UE \u201c et suivez les \u00e9tapes suivantes jusqu'\u00e0 la confirmation du rendez-vous.<\/p>\t\t\t\t\t\t\t\t<\/div>\n\t\t\t\t<\/div>\n\t\t\t\t<\/div>\n\t\t<div class=\"elementor-element elementor-element-e90e1fb e-con-full e-flex e-con e-child\" data-id=\"e90e1fb\" data-element_type=\"container\" data-e-type=\"container\">\n\t\t\t\t<div class=\"elementor-element elementor-element-e4c0080 elementor-widget elementor-widget-text-editor\" data-id=\"e4c0080\" data-element_type=\"widget\" data-e-type=\"widget\" data-widget_type=\"text-editor.default\">\n\t\t\t\t<div class=\"elementor-widget-container\">\n\t\t\t\t\t\t\t\t\t<p><strong>Lors du rendez-vous, les demandeurs doivent se munir des documents suivants :<\/strong><br \/>\u2022 formulaire rempli<br \/>\u2022 une carte d'identit\u00e9 ou un passeport en cours de validit\u00e9<br \/>\u2022 Justificatif d'une assurance maladie en cours de validit\u00e9<br \/>\u2022 Justificatif de moyens financiers suffisants pour subvenir \u00e0 ses besoins<br \/>En raison du Brexit, les ressortissants britanniques doivent pr\u00e9senter des documents suppl\u00e9mentaires, tels que des titres de s\u00e9jour ou des visas, tandis que les Norv\u00e9giens, en tant que membres de l'Espace \u00e9conomique europ\u00e9en (EEE), doivent remplir des conditions similaires \u00e0 celles des citoyens de l'UE.<\/p><p><strong>Important<\/strong>: La Residencia permet d'acc\u00e9der pleinement aux services administratifs et sociaux locaux et facilite de nombreuses d\u00e9marches administratives.<\/p>\t\t\t\t\t\t\t\t<\/div>\n\t\t\t\t<\/div>\n\t\t\t\t<\/div>\n\t\t\t\t\t<\/div>\n\t\t\t\t<\/div>\n\t\t<div class=\"elementor-element elementor-element-1c01828 e-flex e-con-boxed e-con e-parent\" data-id=\"1c01828\" data-element_type=\"container\" data-e-type=\"container\">\n\t\t\t\t\t<div class=\"e-con-inner\">\n\t\t<div class=\"elementor-element elementor-element-ef2a6c9 e-con-full e-flex e-con e-child\" data-id=\"ef2a6c9\" data-element_type=\"container\" data-e-type=\"container\">\n\t\t\t\t<div class=\"elementor-element elementor-element-93e1ef1 elementor-widget elementor-widget-heading\" data-id=\"93e1ef1\" data-element_type=\"widget\" data-e-type=\"widget\" data-widget_type=\"heading.default\">\n\t\t\t\t<div class=\"elementor-widget-container\">\n\t\t\t\t\t<h5 class=\"elementor-heading-title elementor-size-default\">Inscription sur les listes de la population : \nInscription sur la Costa Blanca<\/h5>\t\t\t\t<\/div>\n\t\t\t\t<\/div>\n\t\t\t\t<div class=\"elementor-element elementor-element-f2b53a3 elementor-widget elementor-widget-text-editor\" data-id=\"f2b53a3\" data-element_type=\"widget\" data-e-type=\"widget\" data-widget_type=\"text-editor.default\">\n\t\t\t\t<div class=\"elementor-widget-container\">\n\t\t\t\t\t\t\t\t\t<p>Ce que les nouveaux r\u00e9sidents de la Marina Alta et de la Marina Baixa doivent savoir<br \/>Toute personne souhaitant vivre ou travailler de mani\u00e8re permanente sur la Costa Blanca doit s'inscrire aupr\u00e8s de la mairie locale (\u201e Empadronamiento \u201c) dans un d\u00e9lai de trois mois. Pour cela, il faut pr\u00e9senter son passeport ou sa carte d'identit\u00e9, ainsi qu'un justificatif de domicile (contrat de location ou d'achat).<br \/>Certaines communes exigent en outre la \u201e residencia \u201c, c'est-\u00e0-dire l'enregistrement aupr\u00e8s du service des \u00e9trangers.<br \/><br \/>L'inscription permet aux communes de b\u00e9n\u00e9ficier d'aides financi\u00e8res importantes, donne aux habitants le droit de voter aux \u00e9lections municipales et leur donne acc\u00e8s aux prestations sociales.<br \/><br \/>Apr\u00e8s le Brexit, les Britanniques pourraient avoir besoin de titres de s\u00e9jour suppl\u00e9mentaires, tandis que les Norv\u00e9giens b\u00e9n\u00e9ficient de droits similaires \u00e0 ceux des citoyens de l'UE.<\/p>\t\t\t\t\t\t\t\t<\/div>\n\t\t\t\t<\/div>\n\t\t\t\t<\/div>\n\t\t<div class=\"elementor-element elementor-element-b1eb062 e-con-full e-flex e-con e-child\" data-id=\"b1eb062\" data-element_type=\"container\" data-e-type=\"container\">\n\t\t\t\t<div class=\"elementor-element elementor-element-e4a40ad elementor-widget elementor-widget-gallery\" data-id=\"e4a40ad\" data-element_type=\"widget\" data-e-type=\"widget\" data-settings=\"{&quot;columns&quot;:1,&quot;aspect_ratio&quot;:&quot;4:3&quot;,&quot;lazyload&quot;:&quot;yes&quot;,&quot;gallery_layout&quot;:&quot;grid&quot;,&quot;columns_tablet&quot;:2,&quot;columns_mobile&quot;:1,&quot;gap&quot;:{&quot;unit&quot;:&quot;px&quot;,&quot;size&quot;:10,&quot;sizes&quot;:[]},&quot;gap_tablet&quot;:{&quot;unit&quot;:&quot;px&quot;,&quot;size&quot;:10,&quot;sizes&quot;:[]},&quot;gap_mobile&quot;:{&quot;unit&quot;:&quot;px&quot;,&quot;size&quot;:10,&quot;sizes&quot;:[]},&quot;link_to&quot;:&quot;file&quot;,&quot;overlay_background&quot;:&quot;yes&quot;,&quot;content_hover_animation&quot;:&quot;fade-in&quot;}\" data-widget_type=\"gallery.default\">\n\t\t\t\t<div class=\"elementor-widget-container\">\n\t\t\t\t\t\t\t<div class=\"elementor-gallery__container\">\n\t\t\t\t\t\t\t<a class=\"e-gallery-item elementor-gallery-item elementor-animated-content\" href=\"https:\/\/costablanca-magazin.com\/wp-content\/uploads\/2025\/04\/Inselzeitung-Mallorca-Pixabay-empadronamiento.jpg\" data-elementor-open-lightbox=\"yes\" data-elementor-lightbox-slideshow=\"e4a40ad\" data-elementor-lightbox-title=\"Empadronamiento:  Anmeldung an der Costa Blanca\" data-elementor-lightbox-description=\"Empadronamiento: Anmeldung an der Costa Blanca\" data-e-action-hash=\"#elementor-action%3Aaction%3Dlightbox%26settings%3DeyJpZCI6NTg2NSwidXJsIjoiaHR0cHM6XC9cL2Nvc3RhYmxhbmNhLW1hZ2F6aW4uY29tXC93cC1jb250ZW50XC91cGxvYWRzXC8yMDI1XC8wNFwvSW5zZWx6ZWl0dW5nLU1hbGxvcmNhLVBpeGFiYXktZW1wYWRyb25hbWllbnRvLmpwZyIsInNsaWRlc2hvdyI6ImU0YTQwYWQifQ%3D%3D\">\n\t\t\t\t\t<div class=\"e-gallery-image elementor-gallery-item__image\" data-thumbnail=\"https:\/\/costablanca-magazin.com\/wp-content\/uploads\/2025\/04\/Inselzeitung-Mallorca-Pixabay-empadronamiento.jpg\" data-width=\"1920\" data-height=\"1280\" aria-label=\"Empadronamiento : inscription sur la Costa Blanca\" role=\"img\" ><\/div>\n\t\t\t\t\t\t\t\t\t\t\t<div class=\"elementor-gallery-item__overlay\"><\/div>\n\t\t\t\t\t\t\t\t\t\t\t\t\t\t<\/a>\n\t\t\t\t\t<\/div>\n\t\t\t\t\t<\/div>\n\t\t\t\t<\/div>\n\t\t\t\t<\/div>\n\t\t\t\t\t<\/div>\n\t\t\t\t<\/div>\n\t\t<div class=\"elementor-element elementor-element-1c27485 e-flex e-con-boxed e-con e-parent\" data-id=\"1c27485\" data-element_type=\"container\" data-e-type=\"container\">\n\t\t\t\t\t<div class=\"e-con-inner\">\n\t\t<div class=\"elementor-element elementor-element-a36350c e-con-full e-flex e-con e-child\" data-id=\"a36350c\" data-element_type=\"container\" data-e-type=\"container\">\n\t\t\t\t<div class=\"elementor-element elementor-element-3cc7bf0 elementor-widget elementor-widget-heading\" data-id=\"3cc7bf0\" data-element_type=\"widget\" data-e-type=\"widget\" data-widget_type=\"heading.default\">\n\t\t\t\t<div class=\"elementor-widget-container\">\n\t\t\t\t\t<h5 class=\"elementor-heading-title elementor-size-default\">S\u00e9curit\u00e9 sociale - Assurance sociale<\/h5>\t\t\t\t<\/div>\n\t\t\t\t<\/div>\n\t\t\t\t<div class=\"elementor-element elementor-element-4fb23f2 elementor-widget elementor-widget-text-editor\" data-id=\"4fb23f2\" data-element_type=\"widget\" data-e-type=\"widget\" data-widget_type=\"text-editor.default\">\n\t\t\t\t<div class=\"elementor-widget-container\">\n\t\t\t\t\t\t\t\t\t<p>Ce que les salari\u00e9s et les travailleurs ind\u00e9pendants r\u00e9sidents doivent savoir<br \/>La Seguridad Social est le syst\u00e8me de s\u00e9curit\u00e9 sociale espagnol destin\u00e9 aux salari\u00e9s et aux travailleurs ind\u00e9pendants (aut\u00f3nomos). Elle couvre l'assurance maladie, l'assurance ch\u00f4mage et l'assurance d\u00e9pendance. Les salari\u00e9s et les travailleurs ind\u00e9pendants doivent s'inscrire et payer des cotisations, <br \/>pour b\u00e9n\u00e9ficier de prestations sociales.<\/p>\t\t\t\t\t\t\t\t<\/div>\n\t\t\t\t<\/div>\n\t\t\t\t<div class=\"elementor-element elementor-element-1287881 elementor-widget elementor-widget-gallery\" data-id=\"1287881\" data-element_type=\"widget\" data-e-type=\"widget\" data-settings=\"{&quot;columns&quot;:1,&quot;aspect_ratio&quot;:&quot;16:9&quot;,&quot;lazyload&quot;:&quot;yes&quot;,&quot;gallery_layout&quot;:&quot;grid&quot;,&quot;columns_tablet&quot;:2,&quot;columns_mobile&quot;:1,&quot;gap&quot;:{&quot;unit&quot;:&quot;px&quot;,&quot;size&quot;:10,&quot;sizes&quot;:[]},&quot;gap_tablet&quot;:{&quot;unit&quot;:&quot;px&quot;,&quot;size&quot;:10,&quot;sizes&quot;:[]},&quot;gap_mobile&quot;:{&quot;unit&quot;:&quot;px&quot;,&quot;size&quot;:10,&quot;sizes&quot;:[]},&quot;link_to&quot;:&quot;file&quot;,&quot;overlay_background&quot;:&quot;yes&quot;,&quot;content_hover_animation&quot;:&quot;fade-in&quot;}\" data-widget_type=\"gallery.default\">\n\t\t\t\t<div class=\"elementor-widget-container\">\n\t\t\t\t\t\t\t<div class=\"elementor-gallery__container\">\n\t\t\t\t\t\t\t<a class=\"e-gallery-item elementor-gallery-item elementor-animated-content\" href=\"https:\/\/costablanca-magazin.com\/wp-content\/uploads\/2025\/04\/Inselzeitung-Mallorca-Pixabay-seguridad-social.jpg\" data-elementor-open-lightbox=\"yes\" data-elementor-lightbox-slideshow=\"1287881\" data-elementor-lightbox-title=\"Seguridad Social \u2013 Sozialversicherung\" data-elementor-lightbox-description=\"Seguridad Social \u2013 Sozialversicherung \" data-e-action-hash=\"#elementor-action%3Aaction%3Dlightbox%26settings%3DeyJpZCI6NTg2NiwidXJsIjoiaHR0cHM6XC9cL2Nvc3RhYmxhbmNhLW1hZ2F6aW4uY29tXC93cC1jb250ZW50XC91cGxvYWRzXC8yMDI1XC8wNFwvSW5zZWx6ZWl0dW5nLU1hbGxvcmNhLVBpeGFiYXktc2VndXJpZGFkLXNvY2lhbC5qcGciLCJzbGlkZXNob3ciOiIxMjg3ODgxIn0%3D\">\n\t\t\t\t\t<div class=\"e-gallery-image elementor-gallery-item__image\" data-thumbnail=\"https:\/\/costablanca-magazin.com\/wp-content\/uploads\/2025\/04\/Inselzeitung-Mallorca-Pixabay-seguridad-social.jpg\" data-width=\"1920\" data-height=\"1282\" aria-label=\"S\u00e9curit\u00e9 sociale \u2013 Assurance sociale\" role=\"img\" ><\/div>\n\t\t\t\t\t\t\t\t\t\t\t<div class=\"elementor-gallery-item__overlay\"><\/div>\n\t\t\t\t\t\t\t\t\t\t\t\t\t\t<\/a>\n\t\t\t\t\t<\/div>\n\t\t\t\t\t<\/div>\n\t\t\t\t<\/div>\n\t\t\t\t<\/div>\n\t\t<div class=\"elementor-element elementor-element-a50dd90 e-con-full e-flex e-con e-child\" data-id=\"a50dd90\" data-element_type=\"container\" data-e-type=\"container\">\n\t\t\t\t<div class=\"elementor-element elementor-element-ccfa47c elementor-widget elementor-widget-text-editor\" data-id=\"ccfa47c\" data-element_type=\"widget\" data-e-type=\"widget\" data-widget_type=\"text-editor.default\">\n\t\t\t\t<div class=\"elementor-widget-container\">\n\t\t\t\t\t\t\t\t\t<p>La S\u00e9curit\u00e9 sociale se compose de trois institutions principales :<br \/>\u2022 Tr\u00e9sorerie g\u00e9n\u00e9rale de la S\u00e9curit\u00e9 sociale (TGSS) : charg\u00e9e de la gestion et du recouvrement des cotisations.<br \/>\u2022 Instituto Nacional de la Seguridad Social (INSS) : charg\u00e9 de l'octroi et du calcul des prestations.<br \/>\u2022 Service public national de l'emploi (SEPE) : aide aux ch\u00f4meurs.<br \/><br \/>L'inscription s'effectue aupr\u00e8s de l'agence de la S\u00e9curit\u00e9 sociale comp\u00e9tente de la r\u00e9gion, o\u00f9 un num\u00e9ro de s\u00e9curit\u00e9 sociale est attribu\u00e9. Les salari\u00e9s sont g\u00e9n\u00e9ralement inscrits par leur employeur, <br \/>Les travailleurs ind\u00e9pendants s'occupent eux-m\u00eames de leur inscription ou font appel \u00e0 un gestionnaire. Les prestations de la S\u00e9curit\u00e9 sociale diff\u00e8rent en partie de celles de leur pays d'origine. <br \/><br \/>Apr\u00e8s le Brexit, les r\u00e9sidents britanniques pourraient avoir besoin de documents suppl\u00e9mentaires. En tant que membres de l'Espace \u00e9conomique europ\u00e9en (EEE), les Norv\u00e9giens b\u00e9n\u00e9ficient de droits similaires \u00e0 ceux des citoyens de l'UE.<br \/>Les retrait\u00e9s r\u00e9sidant en Espagne b\u00e9n\u00e9ficient \u00e9galement de la Seguridad Social, \u00e0 condition d'avoir \u00e9t\u00e9 affili\u00e9s \u00e0 l'assurance maladie publique. Les personnes b\u00e9n\u00e9ficiant d'une assurance maladie priv\u00e9e conservent le libre choix de leur m\u00e9decin.<\/p>\t\t\t\t\t\t\t\t<\/div>\n\t\t\t\t<\/div>\n\t\t\t\t<\/div>\n\t\t\t\t\t<\/div>\n\t\t\t\t<\/div>\n\t\t<div class=\"elementor-element elementor-element-3f7f5e0 e-flex e-con-boxed e-con e-parent\" data-id=\"3f7f5e0\" data-element_type=\"container\" data-e-type=\"container\">\n\t\t\t\t\t<div class=\"e-con-inner\">\n\t\t<div class=\"elementor-element elementor-element-1e435c6 e-con-full e-flex e-con e-child\" data-id=\"1e435c6\" data-element_type=\"container\" data-e-type=\"container\">\n\t\t\t\t<div class=\"elementor-element elementor-element-e61f4cf elementor-widget elementor-widget-heading\" data-id=\"e61f4cf\" data-element_type=\"widget\" data-e-type=\"widget\" data-widget_type=\"heading.default\">\n\t\t\t\t<div class=\"elementor-widget-container\">\n\t\t\t\t\t<h5 class=\"elementor-heading-title elementor-size-default\">Gestor\u00edas : aide pour les d\u00e9marches administratives\nsur la Costa Blanca<\/h5>\t\t\t\t<\/div>\n\t\t\t\t<\/div>\n\t\t\t\t<div class=\"elementor-element elementor-element-5031c20 elementor-widget elementor-widget-text-editor\" data-id=\"5031c20\" data-element_type=\"widget\" data-e-type=\"widget\" data-widget_type=\"text-editor.default\">\n\t\t\t\t<div class=\"elementor-widget-container\">\n\t\t\t\t\t\t\t\t\t<p>Une aide professionnelle pour les d\u00e9marches administratives destin\u00e9es aux r\u00e9sidents <br \/>\u00e0 Marina Alta et Marina Baixa : les d\u00e9marches administratives et les formalit\u00e9s aupr\u00e8s des autorit\u00e9s peuvent s'av\u00e9rer compliqu\u00e9es et prendre beaucoup de temps en Espagne. <br \/>C'est pourquoi de nombreux r\u00e9sidents de la Costa Blanca font appel \u00e0 des \u201e gestor\u00edas \u201c, des agences sp\u00e9cialis\u00e9es qui servent d'interm\u00e9diaires entre les citoyens et les administrations.<br \/><br \/>Les \u00ab gestor\u00edas \u00bb se chargent, par exemple, des demandes de num\u00e9ro NIE, des immatriculations de v\u00e9hicules, des d\u00e9marches fiscales, des inscriptions \u00e0 la S\u00e9curit\u00e9 sociale ainsi que d'autres formalit\u00e9s administratives.<\/p>\t\t\t\t\t\t\t\t<\/div>\n\t\t\t\t<\/div>\n\t\t\t\t<\/div>\n\t\t<div class=\"elementor-element elementor-element-f07b666 e-con-full e-flex e-con e-child\" data-id=\"f07b666\" data-element_type=\"container\" data-e-type=\"container\">\n\t\t\t\t<div class=\"elementor-element elementor-element-a31f3de elementor-widget elementor-widget-text-editor\" data-id=\"a31f3de\" data-element_type=\"widget\" data-e-type=\"widget\" data-widget_type=\"text-editor.default\">\n\t\t\t\t<div class=\"elementor-widget-container\">\n\t\t\t\t\t\t\t\t\t<p>Pour les r\u00e9sidents qui ne ma\u00eetrisent pas suffisamment l'espagnol, les \u00ab gestor\u00edas \u00bb sont particuli\u00e8rement utiles, car elles permettent de surmonter les obstacles linguistiques et locaux. <br \/><br \/>Les honoraires des agences varient consid\u00e9rablement ; il est donc conseill\u00e9 de comparer les prix au pr\u00e9alable. Il en va de m\u00eame pour les cabinets d'avocats et les \u00e9tudes notariales <br \/>proposent souvent des services similaires.<\/p><p><strong>Astuce<\/strong>: Les personnes qui ont besoin d'une aide \u00e0 long terme peuvent \u00e9galement s'adresser \u00e0 une \u00ab gestor\u00eda \u00bb pour b\u00e9n\u00e9ficier d'une aide mensuelle <br \/>Convenir d'un montant forfaitaire.<\/p>\t\t\t\t\t\t\t\t<\/div>\n\t\t\t\t<\/div>\n\t\t\t\t<\/div>\n\t\t\t\t\t<\/div>\n\t\t\t\t<\/div>\n\t\t<div class=\"elementor-element elementor-element-839719d e-flex e-con-boxed e-con e-parent\" data-id=\"839719d\" data-element_type=\"container\" data-e-type=\"container\">\n\t\t\t\t\t<div class=\"e-con-inner\">\n\t\t<div class=\"elementor-element elementor-element-49d5c95 e-con-full e-flex e-con e-child\" data-id=\"49d5c95\" data-element_type=\"container\" data-e-type=\"container\">\n\t\t\t\t<div class=\"elementor-element elementor-element-b813b25 elementor-widget elementor-widget-heading\" data-id=\"b813b25\" data-element_type=\"widget\" data-e-type=\"widget\" data-widget_type=\"heading.default\">\n\t\t\t\t<div class=\"elementor-widget-container\">\n\t\t\t\t\t<h5 class=\"elementor-heading-title elementor-size-default\">Travailleur ind\u00e9pendant : se lancer en tant que professionnel lib\u00e9ral \nsur la Costa Blanca<\/h5>\t\t\t\t<\/div>\n\t\t\t\t<\/div>\n\t\t\t\t<div class=\"elementor-element elementor-element-3986b1d elementor-widget elementor-widget-text-editor\" data-id=\"3986b1d\" data-element_type=\"widget\" data-e-type=\"widget\" data-widget_type=\"text-editor.default\">\n\t\t\t\t<div class=\"elementor-widget-container\">\n\t\t\t\t\t\t\t\t\t<p>Informations importantes pour les travailleurs ind\u00e9pendants de la Marina Alta et de la Marina Baixa<\/p><p>Si vous souhaitez exercer une activit\u00e9 ind\u00e9pendante sur la Costa Blanca, vous pouvez soit cr\u00e9er une soci\u00e9t\u00e9 (Sociedad Limitada \u2013 S.L.), soit vous inscrire en tant qu\u201e\u201c aut\u00f3nomo \u00bb. Pour cela, vous devez disposer d\u2019un num\u00e9ro de s\u00e9curit\u00e9 sociale, <br \/>un num\u00e9ro NIE (num\u00e9ro d'identification fiscale) ainsi qu'un compte bancaire espagnol.<br \/><br \/>L'inscription en tant qu'\u00ab aut\u00f3nomo \u00bb s'effectue aupr\u00e8s du service comp\u00e9tent de la S\u00e9curit\u00e9 sociale (par exemple \u00e0 Alicante ou \u00e0 Benidorm). Il est \u00e9galement n\u00e9cessaire de s'enregistrer aupr\u00e8s de l'administration fiscale espagnole (Hacienda). <br \/>Il est possible de prendre rendez-vous en ligne aupr\u00e8s de ces deux administrations.<br \/>Il est conseill\u00e9 d'avoir de bonnes connaissances en espagnol ; \u00e0 d\u00e9faut, il est recommand\u00e9 de faire appel \u00e0 un conseiller fiscal ou \u00e0 un avocat.<br \/><br \/>Avant de louer des locaux commerciaux, il convient de v\u00e9rifier aupr\u00e8s de la mairie si l'on dispose d'une licence d'exploitation appropri\u00e9e.<\/p>\t\t\t\t\t\t\t\t<\/div>\n\t\t\t\t<\/div>\n\t\t\t\t<\/div>\n\t\t<div class=\"elementor-element elementor-element-89d4267 e-con-full e-flex e-con e-child\" data-id=\"89d4267\" data-element_type=\"container\" data-e-type=\"container\">\n\t\t\t\t<div class=\"elementor-element elementor-element-92612af elementor-widget elementor-widget-text-editor\" data-id=\"92612af\" data-element_type=\"widget\" data-e-type=\"widget\" data-widget_type=\"text-editor.default\">\n\t\t\t\t<div class=\"elementor-widget-container\">\n\t\t\t\t\t\t\t\t\t<p>Dans la Communaut\u00e9 valencienne, les travailleurs ind\u00e9pendants b\u00e9n\u00e9ficient de cotisations sociales r\u00e9duites la premi\u00e8re ann\u00e9e. <br \/>(\u201e Tarifa Plana \u201c), \u00e0 partir d'environ 80 euros par mois. Les cotisations augmentent ensuite progressivement <br \/>jusqu'au montant normal d'environ 295 euros par mois. Il est possible de verser volontairement des cotisations plus \u00e9lev\u00e9es, <br \/>afin de garantir de meilleures prestations de retraite. Les conjoints peuvent, le cas \u00e9ch\u00e9ant, \u00eatre consid\u00e9r\u00e9s comme des \u201e aut\u00f3nomos colaboradores \u201c <br \/>pour s'inscrire, ce qui implique de publier ses propres contributions.<\/p>\t\t\t\t\t\t\t\t<\/div>\n\t\t\t\t<\/div>\n\t\t\t\t<div class=\"elementor-element elementor-element-d081e83 elementor-widget elementor-widget-gallery\" data-id=\"d081e83\" data-element_type=\"widget\" data-e-type=\"widget\" data-settings=\"{&quot;columns&quot;:1,&quot;aspect_ratio&quot;:&quot;21:9&quot;,&quot;lazyload&quot;:&quot;yes&quot;,&quot;gallery_layout&quot;:&quot;grid&quot;,&quot;columns_tablet&quot;:2,&quot;columns_mobile&quot;:1,&quot;gap&quot;:{&quot;unit&quot;:&quot;px&quot;,&quot;size&quot;:10,&quot;sizes&quot;:[]},&quot;gap_tablet&quot;:{&quot;unit&quot;:&quot;px&quot;,&quot;size&quot;:10,&quot;sizes&quot;:[]},&quot;gap_mobile&quot;:{&quot;unit&quot;:&quot;px&quot;,&quot;size&quot;:10,&quot;sizes&quot;:[]},&quot;link_to&quot;:&quot;file&quot;,&quot;overlay_background&quot;:&quot;yes&quot;,&quot;content_hover_animation&quot;:&quot;fade-in&quot;}\" data-widget_type=\"gallery.default\">\n\t\t\t\t<div class=\"elementor-widget-container\">\n\t\t\t\t\t\t\t<div class=\"elementor-gallery__container\">\n\t\t\t\t\t\t\t<a class=\"e-gallery-item elementor-gallery-item elementor-animated-content\" href=\"https:\/\/costablanca-magazin.com\/wp-content\/uploads\/2025\/04\/Inselzeitung-Mallorca-Focus-home-office-2021-08-29-22-32-54-utc-scaled.jpg\" data-elementor-open-lightbox=\"yes\" data-elementor-lightbox-slideshow=\"d081e83\" data-elementor-lightbox-title=\"Aut\u00f3nomo: Als Freiberufler  an der Costa Blanca durchstarten\" data-elementor-lightbox-description=\"Aut\u00f3nomo: Als Freiberufler an der Costa Blanca durchstarten\" data-e-action-hash=\"#elementor-action%3Aaction%3Dlightbox%26settings%3DeyJpZCI6NTg2NCwidXJsIjoiaHR0cHM6XC9cL2Nvc3RhYmxhbmNhLW1hZ2F6aW4uY29tXC93cC1jb250ZW50XC91cGxvYWRzXC8yMDI1XC8wNFwvSW5zZWx6ZWl0dW5nLU1hbGxvcmNhLUZvY3VzLWhvbWUtb2ZmaWNlLTIwMjEtMDgtMjktMjItMzItNTQtdXRjLXNjYWxlZC5qcGciLCJzbGlkZXNob3ciOiJkMDgxZTgzIn0%3D\">\n\t\t\t\t\t<div class=\"e-gallery-image elementor-gallery-item__image\" data-thumbnail=\"https:\/\/costablanca-magazin.com\/wp-content\/uploads\/2025\/04\/Inselzeitung-Mallorca-Focus-home-office-2021-08-29-22-32-54-utc-scaled.jpg\" data-width=\"2560\" data-height=\"2013\" aria-label=\"Aut\u00f3nomo : se lancer en tant qu&#039;ind\u00e9pendant sur la Costa Blanca\" role=\"img\" ><\/div>\n\t\t\t\t\t\t\t\t\t\t\t<div class=\"elementor-gallery-item__overlay\"><\/div>\n\t\t\t\t\t\t\t\t\t\t\t\t\t\t<\/a>\n\t\t\t\t\t<\/div>\n\t\t\t\t\t<\/div>\n\t\t\t\t<\/div>\n\t\t\t\t<\/div>\n\t\t\t\t\t<\/div>\n\t\t\t\t<\/div>\n\t\t\t\t<\/div>","protected":false},"excerpt":{"rendered":"<p>Ihr Leitfaden f\u00fcr Leben und Arbeiten an der Costa Blanca Wichtige Schritte f\u00fcr alle, die sich in der Marina Alta oder Marina Baixa niederlassen m\u00f6chten. Wer den Gro\u00dfteil des Jahres an der Costa Blanca leben oder dort arbeiten m\u00f6chte, muss sich mit den erforderlichen administrativen und rechtlichen Vorgaben vertraut machen. Dazu geh\u00f6ren die Beantragung einer [&hellip;]<\/p>\n","protected":false},"author":4,"featured_media":5868,"comment_status":"closed","ping_status":"closed","sticky":false,"template":"elementor_header_footer","format":"standard","meta":{"footnotes":""},"categories":[15],"tags":[1753,1749,1747,1746,1781],"class_list":["post-5863","post","type-post","status-publish","format-standard","has-post-thumbnail","hentry","category-leben-in-spanien","tag-arbeiten-in-spanien","tag-auswandern-spanien","tag-behoerden-spanien","tag-nie-empadronamiento-spanien","tag-selbststaendig-in-spanien"],"aioseo_notices":[],"aioseo_head":"\n\t\t<!-- All in One SEO Pro 5.0.1.1 - aioseo.com -->\n\t<meta name=\"description\" content=\"Wichtige Schritte f\u00fcr alle, die sich in der Marina Alta oder Marina Baixa niederlassen m\u00f6chten.\" \/>\n\t<meta name=\"robots\" content=\"max-snippet:-1, max-image-preview:large, max-video-preview:-1\" \/>\n\t<meta name=\"author\" content=\"Costablanca Magazin Redaktion\"\/>\n\t<link rel=\"canonical\" href=\"https:\/\/costablanca-magazin.com\/fr\/residenten\/leben-in-spanien\/ihr-leitfaden-fuer-leben-und-arbeiten-an-der-costa-blanca\/\" \/>\n\t<meta name=\"generator\" content=\"All in One SEO Pro (AIOSEO) 5.0.1.1\" \/>\n\t\t<meta property=\"og:locale\" content=\"fr_FR\" \/>\n\t\t<meta property=\"og:site_name\" content=\"Costa Blanca Magazin\" \/>\n\t\t<meta property=\"og:type\" content=\"article\" \/>\n\t\t<meta property=\"og:title\" content=\"Ihr Leitfaden f\u00fcr Leben und Arbeiten an der Costa\u2026\" \/>\n\t\t<meta property=\"og:description\" content=\"Wichtige Schritte f\u00fcr alle, die sich in der Marina Alta oder Marina Baixa niederlassen m\u00f6chten.\" \/>\n\t\t<meta property=\"og:url\" content=\"https:\/\/costablanca-magazin.com\/fr\/residenten\/leben-in-spanien\/ihr-leitfaden-fuer-leben-und-arbeiten-an-der-costa-blanca\/\" \/>\n\t\t<meta property=\"og:image\" content=\"https:\/\/costablanca-magazin.com\/wp-content\/uploads\/2025\/04\/Fotolia_101040061_XL-scaled.jpg\" \/>\n\t\t<meta property=\"og:image:secure_url\" content=\"https:\/\/costablanca-magazin.com\/wp-content\/uploads\/2025\/04\/Fotolia_101040061_XL-scaled.jpg\" \/>\n\t\t<meta property=\"og:image:width\" content=\"2560\" \/>\n\t\t<meta property=\"og:image:height\" content=\"1706\" \/>\n\t\t<meta property=\"article:published_time\" content=\"2025-04-26T07:00:00+00:00\" \/>\n\t\t<meta property=\"article:modified_time\" content=\"2026-07-09T05:44:49+00:00\" \/>\n\t\t<meta property=\"article:publisher\" content=\"https:\/\/www.facebook.com\/costablancalifestyle\/\" \/>\n\t\t<meta name=\"twitter:card\" content=\"summary_large_image\" \/>\n\t\t<meta name=\"twitter:title\" content=\"Ihr Leitfaden f\u00fcr Leben und Arbeiten an der Costa\u2026\" \/>\n\t\t<meta name=\"twitter:description\" content=\"Wichtige Schritte f\u00fcr alle, die sich in der Marina Alta oder Marina Baixa niederlassen m\u00f6chten.\" \/>\n\t\t<meta name=\"twitter:image\" content=\"https:\/\/costablanca-magazin.com\/wp-content\/uploads\/2025\/04\/Fotolia_101040061_XL-scaled.jpg\" \/>\n\t\t<script type=\"application\/ld+json\" class=\"aioseo-schema\">\n\t\t\t{\"@context\":\"https:\\\/\\\/schema.org\",\"@graph\":[{\"@type\":\"BreadcrumbList\",\"@id\":\"https:\\\/\\\/costablanca-magazin.com\\\/fr\\\/residenten\\\/leben-in-spanien\\\/ihr-leitfaden-fuer-leben-und-arbeiten-an-der-costa-blanca\\\/#breadcrumblist\",\"itemListElement\":[{\"@type\":\"ListItem\",\"@id\":\"https:\\\/\\\/costablanca-magazin.com\\\/fr#listItem\",\"position\":1,\"name\":\"Home\",\"item\":\"https:\\\/\\\/costablanca-magazin.com\\\/fr\",\"nextItem\":{\"@type\":\"ListItem\",\"@id\":\"https:\\\/\\\/costablanca-magazin.com\\\/fr\\\/residents\\\/#listItem\",\"name\":\"Residenten\"}},{\"@type\":\"ListItem\",\"@id\":\"https:\\\/\\\/costablanca-magazin.com\\\/fr\\\/residents\\\/#listItem\",\"position\":2,\"name\":\"Residenten\",\"item\":\"https:\\\/\\\/costablanca-magazin.com\\\/fr\\\/residents\\\/\",\"nextItem\":{\"@type\":\"ListItem\",\"@id\":\"https:\\\/\\\/costablanca-magazin.com\\\/fr\\\/vivre-en-espagne\\\/#listItem\",\"name\":\"Leben in Spanien\"},\"previousItem\":{\"@type\":\"ListItem\",\"@id\":\"https:\\\/\\\/costablanca-magazin.com\\\/fr#listItem\",\"name\":\"Home\"}},{\"@type\":\"ListItem\",\"@id\":\"https:\\\/\\\/costablanca-magazin.com\\\/fr\\\/vivre-en-espagne\\\/#listItem\",\"position\":3,\"name\":\"Leben in Spanien\",\"item\":\"https:\\\/\\\/costablanca-magazin.com\\\/fr\\\/vivre-en-espagne\\\/\",\"nextItem\":{\"@type\":\"ListItem\",\"@id\":\"https:\\\/\\\/costablanca-magazin.com\\\/fr\\\/residenten\\\/leben-in-spanien\\\/ihr-leitfaden-fuer-leben-und-arbeiten-an-der-costa-blanca\\\/#listItem\",\"name\":\"Ihr Leitfaden f\\u00fcr Leben und Arbeiten an der Costa Blanca\"},\"previousItem\":{\"@type\":\"ListItem\",\"@id\":\"https:\\\/\\\/costablanca-magazin.com\\\/fr\\\/residents\\\/#listItem\",\"name\":\"Residenten\"}},{\"@type\":\"ListItem\",\"@id\":\"https:\\\/\\\/costablanca-magazin.com\\\/fr\\\/residenten\\\/leben-in-spanien\\\/ihr-leitfaden-fuer-leben-und-arbeiten-an-der-costa-blanca\\\/#listItem\",\"position\":4,\"name\":\"Ihr Leitfaden f\\u00fcr Leben und Arbeiten an der Costa Blanca\",\"previousItem\":{\"@type\":\"ListItem\",\"@id\":\"https:\\\/\\\/costablanca-magazin.com\\\/fr\\\/vivre-en-espagne\\\/#listItem\",\"name\":\"Leben in Spanien\"}}]},{\"@type\":\"NewsArticle\",\"@id\":\"https:\\\/\\\/costablanca-magazin.com\\\/fr\\\/residenten\\\/leben-in-spanien\\\/ihr-leitfaden-fuer-leben-und-arbeiten-an-der-costa-blanca\\\/#article\",\"name\":\"Ihr Leitfaden f\\u00fcr Leben und Arbeiten an der Costa Blanca\",\"headline\":\"Ihr Leitfaden f\\u00fcr Leben und Arbeiten an der Costa Blanca\",\"author\":{\"@id\":\"https:\\\/\\\/costablanca-magazin.com\\\/fr\\\/author\\\/costablanca-magazin-redaktion\\\/#author\"},\"publisher\":{\"@id\":\"https:\\\/\\\/costablanca-magazin.com\\\/fr\\\/#organization\"},\"image\":{\"@type\":\"ImageObject\",\"url\":\"https:\\\/\\\/costablanca-magazin.com\\\/wp-content\\\/uploads\\\/2025\\\/04\\\/Fotolia_101040061_XL-scaled.jpg\",\"width\":2560,\"height\":1706,\"caption\":\"Ihr Leitfaden f\\u00fcr Leben und Arbeiten an der Costa Blanca\"},\"datePublished\":\"2025-04-26T09:00:00+02:00\",\"dateModified\":\"2026-07-09T07:44:49+02:00\",\"inLanguage\":\"fr-FR\",\"mainEntityOfPage\":{\"@id\":\"https:\\\/\\\/costablanca-magazin.com\\\/fr\\\/residenten\\\/leben-in-spanien\\\/ihr-leitfaden-fuer-leben-und-arbeiten-an-der-costa-blanca\\\/#webpage\"},\"isPartOf\":{\"@id\":\"https:\\\/\\\/costablanca-magazin.com\\\/fr\\\/residenten\\\/leben-in-spanien\\\/ihr-leitfaden-fuer-leben-und-arbeiten-an-der-costa-blanca\\\/#webpage\"},\"articleSection\":\"Leben in Spanien, Arbeiten in Spanien, Auswandern Spanien, Beh\\u00f6rden Spanien, NIE &amp; Empadronamiento, Selbstst\\u00e4ndig in Spanien\"},{\"@type\":\"Person\",\"@id\":\"https:\\\/\\\/costablanca-magazin.com\\\/fr\\\/author\\\/costablanca-magazin-redaktion\\\/#author\",\"url\":\"https:\\\/\\\/costablanca-magazin.com\\\/fr\\\/author\\\/costablanca-magazin-redaktion\\\/\",\"name\":\"Costablanca Magazin Redaktion\"},{\"@type\":\"WebPage\",\"@id\":\"https:\\\/\\\/costablanca-magazin.com\\\/fr\\\/residenten\\\/leben-in-spanien\\\/ihr-leitfaden-fuer-leben-und-arbeiten-an-der-costa-blanca\\\/#webpage\",\"url\":\"https:\\\/\\\/costablanca-magazin.com\\\/fr\\\/residenten\\\/leben-in-spanien\\\/ihr-leitfaden-fuer-leben-und-arbeiten-an-der-costa-blanca\\\/\",\"name\":\"Ihr Leitfaden f\\u00fcr Leben und Arbeiten an der Costa\\u2026\",\"description\":\"Wichtige Schritte f\\u00fcr alle, die sich in der Marina Alta oder Marina Baixa niederlassen m\\u00f6chten.\",\"inLanguage\":\"fr-FR\",\"isPartOf\":{\"@id\":\"https:\\\/\\\/costablanca-magazin.com\\\/fr\\\/#website\"},\"breadcrumb\":{\"@id\":\"https:\\\/\\\/costablanca-magazin.com\\\/fr\\\/residenten\\\/leben-in-spanien\\\/ihr-leitfaden-fuer-leben-und-arbeiten-an-der-costa-blanca\\\/#breadcrumblist\"},\"author\":{\"@id\":\"https:\\\/\\\/costablanca-magazin.com\\\/fr\\\/author\\\/costablanca-magazin-redaktion\\\/#author\"},\"creator\":{\"@id\":\"https:\\\/\\\/costablanca-magazin.com\\\/fr\\\/author\\\/costablanca-magazin-redaktion\\\/#author\"},\"image\":{\"@type\":\"ImageObject\",\"url\":\"https:\\\/\\\/costablanca-magazin.com\\\/wp-content\\\/uploads\\\/2025\\\/04\\\/Fotolia_101040061_XL-scaled.jpg\",\"@id\":\"https:\\\/\\\/costablanca-magazin.com\\\/fr\\\/residenten\\\/leben-in-spanien\\\/ihr-leitfaden-fuer-leben-und-arbeiten-an-der-costa-blanca\\\/#mainImage\",\"width\":2560,\"height\":1706,\"caption\":\"Ihr Leitfaden f\\u00fcr Leben und Arbeiten an der Costa Blanca\"},\"primaryImageOfPage\":{\"@id\":\"https:\\\/\\\/costablanca-magazin.com\\\/fr\\\/residenten\\\/leben-in-spanien\\\/ihr-leitfaden-fuer-leben-und-arbeiten-an-der-costa-blanca\\\/#mainImage\"},\"datePublished\":\"2025-04-26T09:00:00+02:00\",\"dateModified\":\"2026-07-09T07:44:49+02:00\",\"mainEntity\":{\"@id\":\"https:\\\/\\\/costablanca-magazin.com\\\/fr\\\/residenten\\\/leben-in-spanien\\\/ihr-leitfaden-fuer-leben-und-arbeiten-an-der-costa-blanca\\\/#article\"}},{\"@type\":\"WebSite\",\"@id\":\"https:\\\/\\\/costablanca-magazin.com\\\/fr\\\/#website\",\"url\":\"https:\\\/\\\/costablanca-magazin.com\\\/fr\\\/\",\"name\":\"Costa Blanca Magazin\",\"description\":\"Costa Blanca - alles um das Leben und die Freizeit an der K\\u00fcste\",\"inLanguage\":\"fr-FR\",\"publisher\":{\"@id\":\"https:\\\/\\\/costablanca-magazin.com\\\/fr\\\/#organization\"},\"potentialAction\":{\"@type\":\"SearchAction\",\"target\":\"https:\\\/\\\/costablanca-magazin.com\\\/fr\\\/?s={search_term_string}\",\"query-input\":\"required name=search_term_string\"}},{\"@type\":[\"Organization\",\"NewsMediaOrganization\"],\"@id\":\"https:\\\/\\\/costablanca-magazin.com\\\/fr\\\/#organization\",\"name\":\"Costa Blanca Magazin\",\"description\":\"Costa Blanca Magazin\",\"url\":\"https:\\\/\\\/costablanca-magazin.com\\\/fr\\\/\",\"email\":\"info@costablanca-magazin.com\",\"telephone\":\"+34 663 946 871\",\"logo\":{\"@type\":\"ImageObject\",\"url\":\"https:\\\/\\\/costablanca-magazin.com\\\/wp-content\\\/uploads\\\/2024\\\/05\\\/logo.jpg\",\"@id\":\"https:\\\/\\\/costablanca-magazin.com\\\/fr\\\/residenten\\\/leben-in-spanien\\\/ihr-leitfaden-fuer-leben-und-arbeiten-an-der-costa-blanca\\\/#organizationLogo\",\"width\":1605,\"height\":236,\"caption\":\"Costa Blanca Magazin\"},\"image\":{\"@id\":\"https:\\\/\\\/costablanca-magazin.com\\\/fr\\\/residenten\\\/leben-in-spanien\\\/ihr-leitfaden-fuer-leben-und-arbeiten-an-der-costa-blanca\\\/#organizationLogo\"},\"sameAs\":[\"https:\\\/\\\/www.facebook.com\\\/costablancalifestyle\\\/\",\"https:\\\/\\\/www.instagram.com\\\/costablancamagazin\\\/\"]}]}\n\t\t<\/script>\n\t\t<!-- All in One SEO Pro -->\r\n\t\t<title>Ihr Leitfaden f\u00fcr Leben und Arbeiten an der Costa\u2026<\/title>\n\n","aioseo_head_json":{"title":"Ihr Leitfaden f\u00fcr Leben und Arbeiten an der Costa\u2026","description":"\u00c9tapes importantes pour tous ceux qui souhaitent s'installer dans la Marina Alta ou la Marina Baixa.","canonical_url":"https:\/\/costablanca-magazin.com\/fr\/residenten\/leben-in-spanien\/ihr-leitfaden-fuer-leben-und-arbeiten-an-der-costa-blanca\/","robots":"max-snippet:-1, max-image-preview:large, max-video-preview:-1","keywords":"","webmasterTools":{"miscellaneous":""},"schema":{"@context":"https:\/\/schema.org","@graph":[{"@type":"BreadcrumbList","@id":"https:\/\/costablanca-magazin.com\/fr\/residenten\/leben-in-spanien\/ihr-leitfaden-fuer-leben-und-arbeiten-an-der-costa-blanca\/#breadcrumblist","itemListElement":[{"@type":"ListItem","@id":"https:\/\/costablanca-magazin.com\/fr#listItem","position":1,"name":"Home","item":"https:\/\/costablanca-magazin.com\/fr","nextItem":{"@type":"ListItem","@id":"https:\/\/costablanca-magazin.com\/fr\/residents\/#listItem","name":"Residenten"}},{"@type":"ListItem","@id":"https:\/\/costablanca-magazin.com\/fr\/residents\/#listItem","position":2,"name":"Residenten","item":"https:\/\/costablanca-magazin.com\/fr\/residents\/","nextItem":{"@type":"ListItem","@id":"https:\/\/costablanca-magazin.com\/fr\/vivre-en-espagne\/#listItem","name":"Leben in Spanien"},"previousItem":{"@type":"ListItem","@id":"https:\/\/costablanca-magazin.com\/fr#listItem","name":"Home"}},{"@type":"ListItem","@id":"https:\/\/costablanca-magazin.com\/fr\/vivre-en-espagne\/#listItem","position":3,"name":"Leben in Spanien","item":"https:\/\/costablanca-magazin.com\/fr\/vivre-en-espagne\/","nextItem":{"@type":"ListItem","@id":"https:\/\/costablanca-magazin.com\/fr\/residenten\/leben-in-spanien\/ihr-leitfaden-fuer-leben-und-arbeiten-an-der-costa-blanca\/#listItem","name":"Ihr Leitfaden f\u00fcr Leben und Arbeiten an der Costa Blanca"},"previousItem":{"@type":"ListItem","@id":"https:\/\/costablanca-magazin.com\/fr\/residents\/#listItem","name":"Residenten"}},{"@type":"ListItem","@id":"https:\/\/costablanca-magazin.com\/fr\/residenten\/leben-in-spanien\/ihr-leitfaden-fuer-leben-und-arbeiten-an-der-costa-blanca\/#listItem","position":4,"name":"Ihr Leitfaden f\u00fcr Leben und Arbeiten an der Costa Blanca","previousItem":{"@type":"ListItem","@id":"https:\/\/costablanca-magazin.com\/fr\/vivre-en-espagne\/#listItem","name":"Leben in Spanien"}}]},{"@type":"NewsArticle","@id":"https:\/\/costablanca-magazin.com\/fr\/residenten\/leben-in-spanien\/ihr-leitfaden-fuer-leben-und-arbeiten-an-der-costa-blanca\/#article","name":"Ihr Leitfaden f\u00fcr Leben und Arbeiten an der Costa Blanca","headline":"Ihr Leitfaden f\u00fcr Leben und Arbeiten an der Costa Blanca","author":{"@id":"https:\/\/costablanca-magazin.com\/fr\/author\/costablanca-magazin-redaktion\/#author"},"publisher":{"@id":"https:\/\/costablanca-magazin.com\/fr\/#organization"},"image":{"@type":"ImageObject","url":"https:\/\/costablanca-magazin.com\/wp-content\/uploads\/2025\/04\/Fotolia_101040061_XL-scaled.jpg","width":2560,"height":1706,"caption":"Ihr Leitfaden f\u00fcr Leben und Arbeiten an der Costa Blanca"},"datePublished":"2025-04-26T09:00:00+02:00","dateModified":"2026-07-09T07:44:49+02:00","inLanguage":"fr-FR","mainEntityOfPage":{"@id":"https:\/\/costablanca-magazin.com\/fr\/residenten\/leben-in-spanien\/ihr-leitfaden-fuer-leben-und-arbeiten-an-der-costa-blanca\/#webpage"},"isPartOf":{"@id":"https:\/\/costablanca-magazin.com\/fr\/residenten\/leben-in-spanien\/ihr-leitfaden-fuer-leben-und-arbeiten-an-der-costa-blanca\/#webpage"},"articleSection":"Leben in Spanien, Arbeiten in Spanien, Auswandern Spanien, Beh\u00f6rden Spanien, NIE &amp; Empadronamiento, Selbstst\u00e4ndig in Spanien"},{"@type":"Person","@id":"https:\/\/costablanca-magazin.com\/fr\/author\/costablanca-magazin-redaktion\/#author","url":"https:\/\/costablanca-magazin.com\/fr\/author\/costablanca-magazin-redaktion\/","name":"Costablanca Magazin Redaktion"},{"@type":"WebPage","@id":"https:\/\/costablanca-magazin.com\/fr\/residenten\/leben-in-spanien\/ihr-leitfaden-fuer-leben-und-arbeiten-an-der-costa-blanca\/#webpage","url":"https:\/\/costablanca-magazin.com\/fr\/residenten\/leben-in-spanien\/ihr-leitfaden-fuer-leben-und-arbeiten-an-der-costa-blanca\/","name":"Ihr Leitfaden f\u00fcr Leben und Arbeiten an der Costa\u2026","description":"Wichtige Schritte f\u00fcr alle, die sich in der Marina Alta oder Marina Baixa niederlassen m\u00f6chten.","inLanguage":"fr-FR","isPartOf":{"@id":"https:\/\/costablanca-magazin.com\/fr\/#website"},"breadcrumb":{"@id":"https:\/\/costablanca-magazin.com\/fr\/residenten\/leben-in-spanien\/ihr-leitfaden-fuer-leben-und-arbeiten-an-der-costa-blanca\/#breadcrumblist"},"author":{"@id":"https:\/\/costablanca-magazin.com\/fr\/author\/costablanca-magazin-redaktion\/#author"},"creator":{"@id":"https:\/\/costablanca-magazin.com\/fr\/author\/costablanca-magazin-redaktion\/#author"},"image":{"@type":"ImageObject","url":"https:\/\/costablanca-magazin.com\/wp-content\/uploads\/2025\/04\/Fotolia_101040061_XL-scaled.jpg","@id":"https:\/\/costablanca-magazin.com\/fr\/residenten\/leben-in-spanien\/ihr-leitfaden-fuer-leben-und-arbeiten-an-der-costa-blanca\/#mainImage","width":2560,"height":1706,"caption":"Ihr Leitfaden f\u00fcr Leben und Arbeiten an der Costa Blanca"},"primaryImageOfPage":{"@id":"https:\/\/costablanca-magazin.com\/fr\/residenten\/leben-in-spanien\/ihr-leitfaden-fuer-leben-und-arbeiten-an-der-costa-blanca\/#mainImage"},"datePublished":"2025-04-26T09:00:00+02:00","dateModified":"2026-07-09T07:44:49+02:00","mainEntity":{"@id":"https:\/\/costablanca-magazin.com\/fr\/residenten\/leben-in-spanien\/ihr-leitfaden-fuer-leben-und-arbeiten-an-der-costa-blanca\/#article"}},{"@type":"WebSite","@id":"https:\/\/costablanca-magazin.com\/fr\/#website","url":"https:\/\/costablanca-magazin.com\/fr\/","name":"Costa Blanca Magazin","description":"Costa Blanca - alles um das Leben und die Freizeit an der K\u00fcste","inLanguage":"fr-FR","publisher":{"@id":"https:\/\/costablanca-magazin.com\/fr\/#organization"},"potentialAction":{"@type":"SearchAction","target":"https:\/\/costablanca-magazin.com\/fr\/?s={search_term_string}","query-input":"required name=search_term_string"}},{"@type":["Organization","NewsMediaOrganization"],"@id":"https:\/\/costablanca-magazin.com\/fr\/#organization","name":"Costa Blanca Magazin","description":"Costa Blanca Magazin","url":"https:\/\/costablanca-magazin.com\/fr\/","email":"info@costablanca-magazin.com","telephone":"+34 663 946 871","logo":{"@type":"ImageObject","url":"https:\/\/costablanca-magazin.com\/wp-content\/uploads\/2024\/05\/logo.jpg","@id":"https:\/\/costablanca-magazin.com\/fr\/residenten\/leben-in-spanien\/ihr-leitfaden-fuer-leben-und-arbeiten-an-der-costa-blanca\/#organizationLogo","width":1605,"height":236,"caption":"Costa Blanca Magazin"},"image":{"@id":"https:\/\/costablanca-magazin.com\/fr\/residenten\/leben-in-spanien\/ihr-leitfaden-fuer-leben-und-arbeiten-an-der-costa-blanca\/#organizationLogo"},"sameAs":["https:\/\/www.facebook.com\/costablancalifestyle\/","https:\/\/www.instagram.com\/costablancamagazin\/"]}]},"og:locale":"fr_FR","og:site_name":"Costa Blanca Magazin","og:type":"article","og:title":"Ihr Leitfaden f\u00fcr Leben und Arbeiten an der Costa\u2026","og:description":"Wichtige Schritte f\u00fcr alle, die sich in der Marina Alta oder Marina Baixa niederlassen m\u00f6chten.","og:url":"https:\/\/costablanca-magazin.com\/fr\/residenten\/leben-in-spanien\/ihr-leitfaden-fuer-leben-und-arbeiten-an-der-costa-blanca\/","og:image":"https:\/\/costablanca-magazin.com\/wp-content\/uploads\/2025\/04\/Fotolia_101040061_XL-scaled.jpg","og:image:secure_url":"https:\/\/costablanca-magazin.com\/wp-content\/uploads\/2025\/04\/Fotolia_101040061_XL-scaled.jpg","og:image:width":2560,"og:image:height":1706,"article:published_time":"2025-04-26T07:00:00+00:00","article:modified_time":"2026-07-09T05:44:49+00:00","article:publisher":"https:\/\/www.facebook.com\/costablancalifestyle\/","twitter:card":"summary_large_image","twitter:title":"Ihr Leitfaden f\u00fcr Leben und Arbeiten an der Costa\u2026","twitter:description":"Wichtige Schritte f\u00fcr alle, die sich in der Marina Alta oder Marina Baixa niederlassen m\u00f6chten.","twitter:image":"https:\/\/costablanca-magazin.com\/wp-content\/uploads\/2025\/04\/Fotolia_101040061_XL-scaled.jpg"},"aioseo_meta_data":{"post_id":"5863","title":"Ihr Leitfaden f\u00fcr Leben und Arbeiten an der Costa\u2026","description":"\u00c9tapes importantes pour tous ceux qui souhaitent s'installer dans la Marina Alta ou la Marina Baixa.","keywords":null,"keyphrases":{"focus":[],"additional":[]},"primary_term":null,"canonical_url":null,"og_title":null,"og_description":null,"og_object_type":"default","og_image_type":"default","og_image_url":null,"og_image_width":null,"og_image_height":null,"og_image_custom_url":null,"og_image_custom_fields":null,"og_video":"","og_custom_url":null,"og_article_section":null,"og_article_tags":null,"twitter_use_og":false,"twitter_card":"default","twitter_image_type":"default","twitter_image_url":null,"twitter_image_custom_url":null,"twitter_image_custom_fields":null,"twitter_title":null,"twitter_description":null,"schema":{"blockGraphs":[],"customGraphs":[],"default":{"data":{"Article":[],"Course":[],"Dataset":[],"FAQPage":[],"Movie":[],"Person":[],"Product":[],"ProductReview":[],"Car":[],"Recipe":[],"Service":[],"SoftwareApplication":[],"WebPage":[]},"graphName":"BlogPosting","isEnabled":true},"graphs":[]},"schema_type":"default","schema_type_options":null,"pillar_content":false,"robots_default":true,"robots_noindex":false,"robots_noarchive":false,"robots_nosnippet":false,"robots_nofollow":false,"robots_noimageindex":false,"robots_noodp":false,"robots_notranslate":false,"robots_max_snippet":"-1","robots_max_videopreview":"-1","robots_max_imagepreview":"large","priority":null,"frequency":"default","local_seo":null,"seo_analyzer_scan_date":"2026-07-09 05:45:04","breadcrumb_settings":null,"limit_modified_date":false,"reviewed_by":null,"open_ai":null,"ai":null,"created":"2025-04-24 09:05:04","updated":"2026-08-10 07:30:00","focus_keyword":null,"additional_keywords":null,"truseo_locale":null},"aioseo_breadcrumb":"<div class=\"aioseo-breadcrumbs\"><span class=\"aioseo-breadcrumb\">\n\t<a href=\"https:\/\/costablanca-magazin.com\/fr\" title=\"Home\">Home<\/a>\n<\/span><span class=\"aioseo-breadcrumb-separator\">&raquo;<\/span><span class=\"aioseo-breadcrumb\">\n\t<a href=\"https:\/\/costablanca-magazin.com\/fr\/residents\/\" title=\"Residenten\">Residenten<\/a>\n<\/span><span class=\"aioseo-breadcrumb-separator\">&raquo;<\/span><span class=\"aioseo-breadcrumb\">\n\t<a href=\"https:\/\/costablanca-magazin.com\/fr\/vivre-en-espagne\/\" title=\"Leben in Spanien\">Leben in Spanien<\/a>\n<\/span><span class=\"aioseo-breadcrumb-separator\">&raquo;<\/span><span class=\"aioseo-breadcrumb\">\n\tIhr Leitfaden f\u00fcr Leben und Arbeiten an der Costa Blanca\n<\/span><\/div>","aioseo_breadcrumb_json":[{"label":"Home","link":"https:\/\/costablanca-magazin.com\/fr"},{"label":"Residenten","link":"https:\/\/costablanca-magazin.com\/fr\/residents\/"},{"label":"Leben in Spanien","link":"https:\/\/costablanca-magazin.com\/fr\/vivre-en-espagne\/"},{"label":"Ihr Leitfaden f\u00fcr Leben und Arbeiten an der Costa Blanca","link":"https:\/\/costablanca-magazin.com\/fr\/residenten\/leben-in-spanien\/ihr-leitfaden-fuer-leben-und-arbeiten-an-der-costa-blanca\/"}],"_links":{"self":[{"href":"https:\/\/costablanca-magazin.com\/fr\/wp-json\/wp\/v2\/posts\/5863","targetHints":{"allow":["GET"]}}],"collection":[{"href":"https:\/\/costablanca-magazin.com\/fr\/wp-json\/wp\/v2\/posts"}],"about":[{"href":"https:\/\/costablanca-magazin.com\/fr\/wp-json\/wp\/v2\/types\/post"}],"author":[{"embeddable":true,"href":"https:\/\/costablanca-magazin.com\/fr\/wp-json\/wp\/v2\/users\/4"}],"replies":[{"embeddable":true,"href":"https:\/\/costablanca-magazin.com\/fr\/wp-json\/wp\/v2\/comments?post=5863"}],"version-history":[{"count":16,"href":"https:\/\/costablanca-magazin.com\/fr\/wp-json\/wp\/v2\/posts\/5863\/revisions"}],"predecessor-version":[{"id":10511,"href":"https:\/\/costablanca-magazin.com\/fr\/wp-json\/wp\/v2\/posts\/5863\/revisions\/10511"}],"wp:featuredmedia":[{"embeddable":true,"href":"https:\/\/costablanca-magazin.com\/fr\/wp-json\/wp\/v2\/media\/5868"}],"wp:attachment":[{"href":"https:\/\/costablanca-magazin.com\/fr\/wp-json\/wp\/v2\/media?parent=5863"}],"wp:term":[{"taxonomy":"category","embeddable":true,"href":"https:\/\/costablanca-magazin.com\/fr\/wp-json\/wp\/v2\/categories?post=5863"},{"taxonomy":"post_tag","embeddable":true,"href":"https:\/\/costablanca-magazin.com\/fr\/wp-json\/wp\/v2\/tags?post=5863"}],"curies":[{"name":"wp","href":"https:\/\/api.w.org\/{rel}","templated":true}]}}