{"id":3598,"date":"2024-12-23T09:00:00","date_gmt":"2024-12-23T08:00:00","guid":{"rendered":"https:\/\/costablanca-magazin.com\/?p=3598"},"modified":"2026-07-07T10:39:42","modified_gmt":"2026-07-07T08:39:42","slug":"les-plaisirs-de-noel-sur-la-costa-blanca-grands-classiques-sucres-et-plats-de-fete","status":"publish","type":"post","link":"https:\/\/costablanca-magazin.com\/fr\/kulinarisches\/spezialitaeten-rezepte\/weihnachtsgenuss-costa-blanca-suessen-klassiker-und-festtagsgerichten\/","title":{"rendered":"Les plaisirs de No\u00ebl sur la Costa Blanca : grands classiques sucr\u00e9s et plats de f\u00eate"},"content":{"rendered":"<div data-elementor-type=\"wp-post\" data-elementor-id=\"3598\" class=\"elementor elementor-3598\" data-elementor-post-type=\"post\">\n\t\t\t\t<div class=\"elementor-element elementor-element-beb4da1 e-flex e-con-boxed e-con e-parent\" data-id=\"beb4da1\" data-element_type=\"container\" data-e-type=\"container\">\n\t\t\t\t\t<div class=\"e-con-inner\">\n\t\t\t\t<div class=\"elementor-element elementor-element-6f86462d elementor-widget elementor-widget-text-editor\" data-id=\"6f86462d\" data-element_type=\"widget\" data-e-type=\"widget\" data-widget_type=\"text-editor.default\">\n\t\t\t\t<div class=\"elementor-widget-container\">\n\t\t\t\t\t\t\t\t\t\n<p class=\"wp-block-paragraph\"><br><\/p>\n\t\t\t\t\t\t\t\t<\/div>\n\t\t\t\t<\/div>\n\t\t\t\t\t<\/div>\n\t\t\t\t<\/div>\n\t\t<div class=\"elementor-element elementor-element-5ae1352 e-flex e-con-boxed e-con e-parent\" data-id=\"5ae1352\" data-element_type=\"container\" data-e-type=\"container\">\n\t\t\t\t\t<div class=\"e-con-inner\">\n\t\t\t\t<div class=\"elementor-element elementor-element-6e952e5 elementor-widget elementor-widget-heading\" data-id=\"6e952e5\" data-element_type=\"widget\" data-e-type=\"widget\" data-widget_type=\"heading.default\">\n\t\t\t\t<div class=\"elementor-widget-container\">\n\t\t\t\t\t<h1 class=\"elementor-heading-title elementor-size-default\">Les plaisirs de No\u00ebl sur la Costa Blanca<\/h1>\t\t\t\t<\/div>\n\t\t\t\t<\/div>\n\t\t\t\t<div class=\"elementor-element elementor-element-84e401f elementor-widget elementor-widget-heading\" data-id=\"84e401f\" data-element_type=\"widget\" data-e-type=\"widget\" data-widget_type=\"heading.default\">\n\t\t\t\t<div class=\"elementor-widget-container\">\n\t\t\t\t\t<h2 class=\"elementor-heading-title elementor-size-default\">Des grands classiques sucr\u00e9s \naux plats sal\u00e9s des f\u00eates : \nles traditions culinaires de la Marina Alta \net de la Marina Baja<\/h2>\t\t\t\t<\/div>\n\t\t\t\t<\/div>\n\t\t\t\t<div class=\"elementor-element elementor-element-9f84d82 elementor-widget elementor-widget-image\" data-id=\"9f84d82\" data-element_type=\"widget\" data-e-type=\"widget\" data-widget_type=\"image.default\">\n\t\t\t\t<div class=\"elementor-widget-container\">\n\t\t\t\t\t\t\t\t\t\t\t\t\t\t\t<img decoding=\"async\" src=\"https:\/\/costablanca-magazin.com\/wp-content\/uploads\/elementor\/thumbs\/flat-lay-of-festive-christmas-table-setting-and-ce-2024-10-18-05-36-08-utc-scaled-rjc6ywi62isuyjie5mvjzgsdh7jn1rmw8oyojj91nk.jpg\" title=\"Les plaisirs de No\u00ebl sur la Costa Blanca\" alt=\"Les plaisirs de No\u00ebl sur la Costa Blanca 1\" loading=\"lazy\" \/>\t\t\t\t\t\t\t\t\t\t\t\t\t\t\t<\/div>\n\t\t\t\t<\/div>\n\t\t\t\t\t<\/div>\n\t\t\t\t<\/div>\n\t\t<div class=\"elementor-element elementor-element-5766dc9 e-flex e-con-boxed e-con e-parent\" data-id=\"5766dc9\" data-element_type=\"container\" data-e-type=\"container\">\n\t\t\t\t\t<div class=\"e-con-inner\">\n\t\t<div class=\"elementor-element elementor-element-d64099b e-con-full e-flex e-con e-child\" data-id=\"d64099b\" data-element_type=\"container\" data-e-type=\"container\">\n\t\t\t\t<div class=\"elementor-element elementor-element-31695e0 elementor-widget elementor-widget-text-editor\" data-id=\"31695e0\" data-element_type=\"widget\" data-e-type=\"widget\" data-widget_type=\"text-editor.default\">\n\t\t\t\t<div class=\"elementor-widget-container\">\n\t\t\t\t\t\t\t\t\t<p>No\u00ebl dans la Marina Alta et la Marina Baja n'est pas seulement une f\u00eate pour les sens, mais aussi pour les papilles. La r\u00e9gion offre une riche palette de sp\u00e9cialit\u00e9s traditionnelles qui, \u00e0 chaque bouch\u00e9e, racontent des histoires de culture, d\u2019origine et de rituels familiaux. Des plats principaux copieux aux douceurs sucr\u00e9es, ici, No\u00ebl a le go\u00fbt de la convivialit\u00e9 et de la tradition.<\/p>\n<p><strong>Les grands classiques des f\u00eates : que mettre sur la table ?<\/strong><br \/>Dans de nombreux foyers de la r\u00e9gion, la p\u00e9riode de No\u00ebl commence par de copieux repas de f\u00eate, c\u00e9l\u00e9br\u00e9s surtout la veille de No\u00ebl, la Nochebuena. En t\u00eate de liste figure le \u201e Pavo Relleno \u201c, une dinde farcie dont la recette se transmet de g\u00e9n\u00e9ration en g\u00e9n\u00e9ration. Sa farce varie, mais elle contient souvent des amandes, des pignons de pin et des fruits secs, qui soulignent la saveur typiquement m\u00e9diterran\u00e9enne de ce plat.<\/p>\n<p>Les fruits de mer occupent \u00e9galement une place centrale : crevettes, homards ou moules, souvent fra\u00eechement p\u00each\u00e9s dans les ports de D\u00e9nia ou de J\u00e1vea, font partie des sp\u00e9cialit\u00e9s incontournables. Le \u00ab caldero de Navidad \u00bb constitue un autre plat phare : il s'agit d'un riz au poisson \u00e9pic\u00e9, originaire des villages c\u00f4tiers de la r\u00e9gion, qui a conserv\u00e9 jusqu'\u00e0 aujourd'hui ses racines dans la tradition de la p\u00eache.<\/p>\n<p><strong>Le c\u00f4t\u00e9 sucr\u00e9 des f\u00eates de fin d'ann\u00e9e<\/strong><br \/>Aucun No\u00ebl sur la Costa Blanca n'est complet sans le turr\u00f3n, sans doute le dessert le plus c\u00e9l\u00e8bre de la r\u00e9gion. Originaire d'Alicante, il se d\u00e9cline en d'innombrables variantes : de la version dure aux amandes enti\u00e8res (turr\u00f3n d'Alicante) \u00e0 la version cr\u00e9meuse aux amandes moulues (turr\u00f3n de Jijona). Ces deux vari\u00e9t\u00e9s remontent au XVIe si\u00e8cle et constituaient autrefois un produit de luxe que seuls quelques privil\u00e9gi\u00e9s pouvaient s\u2019offrir.<\/p>\t\t\t\t\t\t\t\t<\/div>\n\t\t\t\t<\/div>\n\t\t\t\t<\/div>\n\t\t<div class=\"elementor-element elementor-element-3137361 e-con-full e-flex e-con e-child\" data-id=\"3137361\" data-element_type=\"container\" data-e-type=\"container\">\n\t\t\t\t<div class=\"elementor-element elementor-element-99f105d elementor-widget elementor-widget-image\" data-id=\"99f105d\" data-element_type=\"widget\" data-e-type=\"widget\" data-widget_type=\"image.default\">\n\t\t\t\t<div class=\"elementor-widget-container\">\n\t\t\t\t\t\t\t\t\t\t\t\t\t\t\t<img fetchpriority=\"high\" decoding=\"async\" width=\"683\" height=\"1024\" src=\"https:\/\/costablanca-magazin.com\/wp-content\/uploads\/2024\/12\/turron-polvorones-mantecados-on-grey-table-top-2023-11-27-05-17-58-utc-683x1024.jpg\" class=\"attachment-large size-large wp-image-3683\" alt=\"Les plaisirs de No\u00ebl sur la Costa Blanca\" srcset=\"https:\/\/costablanca-magazin.com\/wp-content\/uploads\/2024\/12\/turron-polvorones-mantecados-on-grey-table-top-2023-11-27-05-17-58-utc-683x1024.jpg 683w, https:\/\/costablanca-magazin.com\/wp-content\/uploads\/2024\/12\/turron-polvorones-mantecados-on-grey-table-top-2023-11-27-05-17-58-utc-200x300.jpg 200w, https:\/\/costablanca-magazin.com\/wp-content\/uploads\/2024\/12\/turron-polvorones-mantecados-on-grey-table-top-2023-11-27-05-17-58-utc-768x1152.jpg 768w, https:\/\/costablanca-magazin.com\/wp-content\/uploads\/2024\/12\/turron-polvorones-mantecados-on-grey-table-top-2023-11-27-05-17-58-utc-1024x1536.jpg 1024w, https:\/\/costablanca-magazin.com\/wp-content\/uploads\/2024\/12\/turron-polvorones-mantecados-on-grey-table-top-2023-11-27-05-17-58-utc-1365x2048.jpg 1365w, https:\/\/costablanca-magazin.com\/wp-content\/uploads\/2024\/12\/turron-polvorones-mantecados-on-grey-table-top-2023-11-27-05-17-58-utc-scaled.jpg 1706w\" sizes=\"(max-width: 683px) 100vw, 683px\" \/>\t\t\t\t\t\t\t\t\t\t\t\t\t\t\t<\/div>\n\t\t\t\t<\/div>\n\t\t\t\t<\/div>\n\t\t\t\t\t<\/div>\n\t\t\t\t<\/div>\n\t\t<div class=\"elementor-element elementor-element-f2dfca6 e-flex e-con-boxed e-con e-parent\" data-id=\"f2dfca6\" data-element_type=\"container\" data-e-type=\"container\">\n\t\t\t\t\t<div class=\"e-con-inner\">\n\t\t\t\t<div class=\"elementor-element elementor-element-69c356f elementor-widget elementor-widget-text-editor\" data-id=\"69c356f\" data-element_type=\"widget\" data-e-type=\"widget\" data-widget_type=\"text-editor.default\">\n\t\t\t\t<div class=\"elementor-widget-container\">\n\t\t\t\t\t\t\t\t\t<p>Les polvorones et les mantecados, des biscuits friables agr\u00e9ment\u00e9s d'une pinc\u00e9e de cannelle ou de citron, viennent compl\u00e9ter cette gamme de douceurs. Leur histoire remonte \u00e0 l'\u00e9poque mauresque, lorsque les amandes et le miel ont fait leur apparition dans la cuisine ib\u00e9rique. Dans de nombreuses familles, ils sont encore aujourd\u2019hui pr\u00e9par\u00e9s maison et cuits selon la m\u00e9thode traditionnelle.<\/p>\n<p>Une sp\u00e9cialit\u00e9 r\u00e9gionale \u00e0 ne pas manquer est le Rosc\u00f3n de Reyes, une couronne de No\u00ebl que l'on d\u00e9guste traditionnellement le jour des Rois. Orn\u00e9 de fruits confits, c\u2019est non seulement un d\u00e9lice culinaire, mais aussi un jeu : celui qui trouve la figurine ou la f\u00e8ve cach\u00e9e peut \u00eatre \u201e roi \u201c pendant une journ\u00e9e \u2013 ou devra payer le g\u00e2teau l\u2019ann\u00e9e suivante.<\/p>\n<p><strong>Rituels et traditions culinaires du r\u00e9veillon du Nouvel An<\/strong><br \/>Alors que No\u00ebl est une p\u00e9riode de recueillement, le r\u00e9veillon du Nouvel An est plus anim\u00e9. Les \u201e Uvas de la Suerte \u201c constituent un \u00e9l\u00e9ment incontournable du passage \u00e0 la nouvelle ann\u00e9e : il s\u2019agit de douze grains de raisin que l\u2019on mange \u00e0 minuit, au rythme des coups de cloche \u2013 un pour chaque mois de l\u2019ann\u00e9e \u00e0 venir, accompagn\u00e9 d\u2019un v\u0153u. Cette coutume, n\u00e9e en Espagne \u00e0 la fin du XIXe si\u00e8cle, est profond\u00e9ment ancr\u00e9e dans la r\u00e9gion et s\u2019accompagne souvent d\u2019un verre de cava.<\/p>\t\t\t\t\t\t\t\t<\/div>\n\t\t\t\t<\/div>\n\t\t\t\t\t<\/div>\n\t\t\t\t<\/div>\n\t\t<div class=\"elementor-element elementor-element-088667c e-flex e-con-boxed e-con e-parent\" data-id=\"088667c\" data-element_type=\"container\" data-e-type=\"container\">\n\t\t\t\t\t<div class=\"e-con-inner\">\n\t\t<div class=\"elementor-element elementor-element-45b2c9b e-con-full e-flex e-con e-child\" data-id=\"45b2c9b\" data-element_type=\"container\" data-e-type=\"container\">\n\t\t\t\t<div class=\"elementor-element elementor-element-5e6cc8d elementor-widget__width-initial elementor-widget elementor-widget-image\" data-id=\"5e6cc8d\" data-element_type=\"widget\" data-e-type=\"widget\" data-widget_type=\"image.default\">\n\t\t\t\t<div class=\"elementor-widget-container\">\n\t\t\t\t\t\t\t\t\t\t\t\t\t\t\t<img decoding=\"async\" width=\"768\" height=\"866\" src=\"https:\/\/costablanca-magazin.com\/wp-content\/uploads\/2024\/12\/turron-european-nougat-confection-2023-11-27-05-19-19-utc-scaled-e1734174724949-768x866.jpg\" class=\"attachment-medium_large size-medium_large wp-image-3681\" alt=\"Turr\u00f3n de Jijona (turr\u00f3n moelleux aux amandes)\" srcset=\"https:\/\/costablanca-magazin.com\/wp-content\/uploads\/2024\/12\/turron-european-nougat-confection-2023-11-27-05-19-19-utc-scaled-e1734174724949-768x866.jpg 768w, https:\/\/costablanca-magazin.com\/wp-content\/uploads\/2024\/12\/turron-european-nougat-confection-2023-11-27-05-19-19-utc-scaled-e1734174724949-266x300.jpg 266w, https:\/\/costablanca-magazin.com\/wp-content\/uploads\/2024\/12\/turron-european-nougat-confection-2023-11-27-05-19-19-utc-scaled-e1734174724949-1362x1536.jpg 1362w, https:\/\/costablanca-magazin.com\/wp-content\/uploads\/2024\/12\/turron-european-nougat-confection-2023-11-27-05-19-19-utc-scaled-e1734174724949-1816x2048.jpg 1816w, https:\/\/costablanca-magazin.com\/wp-content\/uploads\/2024\/12\/turron-european-nougat-confection-2023-11-27-05-19-19-utc-scaled-e1734174724949.jpg 1906w\" sizes=\"(max-width: 768px) 100vw, 768px\" \/>\t\t\t\t\t\t\t\t\t\t\t\t\t\t\t<\/div>\n\t\t\t\t<\/div>\n\t\t\t\t<\/div>\n\t\t<div class=\"elementor-element elementor-element-b26e79a e-con-full e-flex e-con e-child\" data-id=\"b26e79a\" data-element_type=\"container\" data-e-type=\"container\">\n\t\t\t\t<div class=\"elementor-element elementor-element-e3e39dc elementor-widget elementor-widget-text-editor\" data-id=\"e3e39dc\" data-element_type=\"widget\" data-e-type=\"widget\" data-widget_type=\"text-editor.default\">\n\t\t\t\t<div class=\"elementor-widget-container\">\n\t\t\t\t\t\t\t\t\t<p>Le menu du r\u00e9veillon varie, mais l'un des plats les plus appr\u00e9ci\u00e9s est le \u201e Cordero al Horno \u201c, un agneau r\u00f4ti \u00e0 feu doux, parfum\u00e9 aux herbes et \u00e0 l'huile d'olive. Les tapas telles que le jambon ib\u00e9rique, les fruits de mer marin\u00e9s et les fromages locaux sont \u00e9galement incontournables lors de nombreuses f\u00eates.<\/p>\n<p><strong>L'importance d'\u00eatre ensemble<\/strong><br \/>Pendant la p\u00e9riode de No\u00ebl, dans la Marina Alta et la Marina Baja, manger est bien plus qu'un simple plaisir : c'est l'expression d'un esprit communautaire et d'une tradition. Familles et amis se r\u00e9unissent pour c\u00e9l\u00e9brer leurs racines, que ce soit \u00e0 travers des plats traditionnels pr\u00e9par\u00e9s depuis des g\u00e9n\u00e9rations ou en partageant le plaisir des douceurs sucr\u00e9es et des joyeuses coutumes du r\u00e9veillon.<\/p>\n<p>Cette diversit\u00e9 culinaire refl\u00e8te la richesse culturelle de la r\u00e9gion, qui honore son pass\u00e9 tout en restant ouverte aux nouvelles influences. No\u00ebl et le r\u00e9veillon du Nouvel An sur la Costa Blanca sont une f\u00eate pour les papilles\u2026 et pour l'\u00e2me.<\/p>\n<p><strong>Recettes typiques de la cuisine de No\u00ebl<\/strong> <br \/>Vous trouverez dans la page suivante deux recettes qui illustrent les traditions culinaires de la r\u00e9gion et qui sont faciles \u00e0 r\u00e9aliser. Ces recettes incarnent la chaleur et les saveurs de la p\u00e9riode de No\u00ebl dans la Marina Alta et la Marina Baja.<\/p>\t\t\t\t\t\t\t\t<\/div>\n\t\t\t\t<\/div>\n\t\t\t\t<\/div>\n\t\t\t\t\t<\/div>\n\t\t\t\t<\/div>\n\t\t<div class=\"elementor-element elementor-element-888c9b0 e-flex e-con-boxed e-con e-parent\" data-id=\"888c9b0\" data-element_type=\"container\" data-e-type=\"container\">\n\t\t\t\t\t<div class=\"e-con-inner\">\n\t\t<div class=\"elementor-element elementor-element-fa9e19f e-con-full e-flex e-con e-child\" data-id=\"fa9e19f\" data-element_type=\"container\" data-e-type=\"container\">\n\t\t\t\t<div class=\"elementor-element elementor-element-b0cc375 elementor-widget elementor-widget-heading\" data-id=\"b0cc375\" data-element_type=\"widget\" data-e-type=\"widget\" data-widget_type=\"heading.default\">\n\t\t\t\t<div class=\"elementor-widget-container\">\n\t\t\t\t\t<h3 class=\"elementor-heading-title elementor-size-default\">Turr\u00f3n de Jijona (turr\u00f3n moelleux aux amandes)<\/h3>\t\t\t\t<\/div>\n\t\t\t\t<\/div>\n\t\t\t\t<div class=\"elementor-element elementor-element-a6a832c elementor-widget elementor-widget-image\" data-id=\"a6a832c\" data-element_type=\"widget\" data-e-type=\"widget\" data-widget_type=\"image.default\">\n\t\t\t\t<div class=\"elementor-widget-container\">\n\t\t\t\t\t\t\t\t\t\t\t\t\t\t\t<img decoding=\"async\" width=\"800\" height=\"523\" src=\"https:\/\/costablanca-magazin.com\/wp-content\/uploads\/2024\/12\/turron-european-nougat-confection-2023-11-27-05-32-01-utc-1024x670.jpg\" class=\"attachment-large size-large wp-image-3682\" alt=\"Turr\u00f3n de Jijona (turr\u00f3n moelleux aux amandes) 1\" srcset=\"https:\/\/costablanca-magazin.com\/wp-content\/uploads\/2024\/12\/turron-european-nougat-confection-2023-11-27-05-32-01-utc-1024x670.jpg 1024w, https:\/\/costablanca-magazin.com\/wp-content\/uploads\/2024\/12\/turron-european-nougat-confection-2023-11-27-05-32-01-utc-300x196.jpg 300w, https:\/\/costablanca-magazin.com\/wp-content\/uploads\/2024\/12\/turron-european-nougat-confection-2023-11-27-05-32-01-utc-768x502.jpg 768w, https:\/\/costablanca-magazin.com\/wp-content\/uploads\/2024\/12\/turron-european-nougat-confection-2023-11-27-05-32-01-utc-1536x1005.jpg 1536w, https:\/\/costablanca-magazin.com\/wp-content\/uploads\/2024\/12\/turron-european-nougat-confection-2023-11-27-05-32-01-utc-2048x1340.jpg 2048w\" sizes=\"(max-width: 800px) 100vw, 800px\" \/>\t\t\t\t\t\t\t\t\t\t\t\t\t\t\t<\/div>\n\t\t\t\t<\/div>\n\t\t\t\t<div class=\"elementor-element elementor-element-097e21f elementor-widget elementor-widget-text-editor\" data-id=\"097e21f\" data-element_type=\"widget\" data-e-type=\"widget\" data-widget_type=\"text-editor.default\">\n\t\t\t\t<div class=\"elementor-widget-container\">\n\t\t\t\t\t\t\t\t\t<p><strong>Un grand classique sucr\u00e9 qui ne doit manquer sur aucune table de No\u00ebl<\/strong><\/p>\n<p><em>\u2022 300 g d'amandes (\u00e9pluch\u00e9es et l\u00e9g\u00e8rement grill\u00e9es) <\/em><br \/><em>\u2022 200 g de miel <\/em><br \/><em>\u2022 150 g de sucre <\/em><br \/><em>\u2022 1 blanc d'\u0153uf <\/em><br \/><em>\u2022 1 pinc\u00e9e de cannelle (facultatif)<\/em><\/p>\n<p>Broyer finement les amandes dans un robot m\u00e9nager jusqu\u2019\u00e0 obtenir une consistance p\u00e2teuse. Faire fondre le miel et le sucre dans une casserole \u00e0 feu doux jusqu\u2019\u00e0 ce que le m\u00e9lange soit homog\u00e8ne. Monter les blancs d\u2019\u0153ufs en neige et les incorporer d\u00e9licatement au m\u00e9lange miel-sucre. Ajouter les amandes moulues et bien m\u00e9langer. Assaisonner \u00e9ventuellement d'une pinc\u00e9e de cannelle. Verser le m\u00e9lange dans un moule rectangulaire, recouvrir de papier sulfuris\u00e9 et tasser uniform\u00e9ment. Laisser reposer pendant au moins 24 heures, jusqu'\u00e0 ce que le turr\u00f3n soit ferme. Couper en morceaux et servir.<\/p>\t\t\t\t\t\t\t\t<\/div>\n\t\t\t\t<\/div>\n\t\t\t\t<\/div>\n\t\t<div class=\"elementor-element elementor-element-f80fcc1 e-con-full e-flex e-con e-child\" data-id=\"f80fcc1\" data-element_type=\"container\" data-e-type=\"container\">\n\t\t\t\t<div class=\"elementor-element elementor-element-4a56ebd elementor-widget elementor-widget-heading\" data-id=\"4a56ebd\" data-element_type=\"widget\" data-e-type=\"widget\" data-widget_type=\"heading.default\">\n\t\t\t\t<div class=\"elementor-widget-container\">\n\t\t\t\t\t<h4 class=\"elementor-heading-title elementor-size-default\">Cordero al Horno (agneau r\u00f4ti au four)<\/h4>\t\t\t\t<\/div>\n\t\t\t\t<\/div>\n\t\t\t\t<div class=\"elementor-element elementor-element-e6fb8ad elementor-widget elementor-widget-text-editor\" data-id=\"e6fb8ad\" data-element_type=\"widget\" data-e-type=\"widget\" data-widget_type=\"text-editor.default\">\n\t\t\t\t<div class=\"elementor-widget-container\">\n\t\t\t\t\t\t\t\t\t<p><strong>Un plat de f\u00eate copieux, particuli\u00e8rement appr\u00e9ci\u00e9 pour le r\u00e9veillon du Nouvel An<\/strong><\/p>\n<p><em>\u2022 1,5 kg de gigot d'agneau <\/em><br \/><em>\u2022 4 gousses d'ail <\/em><br \/><em>\u2022 1 bouquet de romarin frais <\/em><br \/><em>\u2022 1 bouquet de thym <\/em><br \/><em>\u2022 100 ml d'huile d'olive <\/em><br \/><em>\u2022 200 ml de vin blanc <\/em><br \/><em>\u2022 Sel et poivre<\/em><\/p>\n<p>Pr\u00e9chauffez le four \u00e0 180 \u00b0C. Assaisonnez g\u00e9n\u00e9reusement le gigot d'agneau avec du sel et du poivre. Coupez les gousses d'ail en fines lamelles et ins\u00e9rez-les avec les herbes dans de petites entailles pratiqu\u00e9es dans la viande. Placez le gigot d'agneau dans un plat allant au four, arrosez-le d'huile d'olive et ajoutez le vin blanc. Faites cuire la viande au four pendant 1 h 30 \u00e0 2 heures, en l'arrosant de temps en temps avec le jus de cuisson. Avant de servir, laissez reposer l'agneau quelques instants afin que les jus puissent se stabiliser.<\/p>\t\t\t\t\t\t\t\t<\/div>\n\t\t\t\t<\/div>\n\t\t\t\t<div class=\"elementor-element elementor-element-19316e4 elementor-widget elementor-widget-image\" data-id=\"19316e4\" data-element_type=\"widget\" data-e-type=\"widget\" data-widget_type=\"image.default\">\n\t\t\t\t<div class=\"elementor-widget-container\">\n\t\t\t\t\t\t\t\t\t\t\t\t\t\t\t<img loading=\"lazy\" decoding=\"async\" width=\"800\" height=\"532\" src=\"https:\/\/costablanca-magazin.com\/wp-content\/uploads\/2024\/12\/braised-slow-cooked-lamb-shank-in-red-wine-sauce-w-2023-11-27-05-04-12-utc-1024x681.jpg\" class=\"attachment-large size-large wp-image-3680\" alt=\"Cordero al Horno (agneau r\u00f4ti au four)\" srcset=\"https:\/\/costablanca-magazin.com\/wp-content\/uploads\/2024\/12\/braised-slow-cooked-lamb-shank-in-red-wine-sauce-w-2023-11-27-05-04-12-utc-1024x681.jpg 1024w, https:\/\/costablanca-magazin.com\/wp-content\/uploads\/2024\/12\/braised-slow-cooked-lamb-shank-in-red-wine-sauce-w-2023-11-27-05-04-12-utc-300x200.jpg 300w, https:\/\/costablanca-magazin.com\/wp-content\/uploads\/2024\/12\/braised-slow-cooked-lamb-shank-in-red-wine-sauce-w-2023-11-27-05-04-12-utc-768x511.jpg 768w, https:\/\/costablanca-magazin.com\/wp-content\/uploads\/2024\/12\/braised-slow-cooked-lamb-shank-in-red-wine-sauce-w-2023-11-27-05-04-12-utc-1536x1022.jpg 1536w, https:\/\/costablanca-magazin.com\/wp-content\/uploads\/2024\/12\/braised-slow-cooked-lamb-shank-in-red-wine-sauce-w-2023-11-27-05-04-12-utc-2048x1363.jpg 2048w\" sizes=\"(max-width: 800px) 100vw, 800px\" \/>\t\t\t\t\t\t\t\t\t\t\t\t\t\t\t<\/div>\n\t\t\t\t<\/div>\n\t\t\t\t<\/div>\n\t\t\t\t\t<\/div>\n\t\t\t\t<\/div>\n\t\t\t\t<\/div>","protected":false},"excerpt":{"rendered":"<p>Weihnachtsgenuss an der Costa Blanca Von s\u00fc\u00dfen Klassikern bis hin zu herzhaften Festtagsgerichten: Kulinarische Traditionen der Marina Alta und Marina Baja Weihnachten in der Marina Alta und Marina Baja ist nicht nur ein Fest der Sinne, sondern auch des Gaumens. Die Region bietet eine reiche Palette an traditionellen K\u00f6stlichkeiten, die mit jedem Bissen Geschichten von [&hellip;]<\/p>\n","protected":false},"author":4,"featured_media":3684,"comment_status":"closed","ping_status":"closed","sticky":false,"template":"elementor_header_footer","format":"standard","meta":{"footnotes":""},"categories":[20],"tags":[1784],"class_list":["post-3598","post","type-post","status-publish","format-standard","has-post-thumbnail","hentry","category-spezialitaeten-rezepte","tag-spezialitaeten-costa-blanca"],"aioseo_notices":[],"aioseo_head":"\n\t\t<!-- All in One SEO Pro 5.0.1.1 - aioseo.com -->\n\t<meta name=\"description\" content=\"Von s\u00fc\u00dfen Klassikern bis hin zu herzhaften Festtagsgerichten: Kulinarische Traditionen der Marina Alta und Marina Baja - icht nur ein Fest der\u2026\" \/>\n\t<meta name=\"robots\" content=\"max-snippet:-1, max-image-preview:large, max-video-preview:-1\" \/>\n\t<meta name=\"author\" content=\"Costablanca Magazin Redaktion\"\/>\n\t<link rel=\"canonical\" href=\"https:\/\/costablanca-magazin.com\/fr\/kulinarisches\/spezialitaeten-rezepte\/weihnachtsgenuss-costa-blanca-suessen-klassiker-und-festtagsgerichten\/\" \/>\n\t<meta name=\"generator\" content=\"All in One SEO Pro (AIOSEO) 5.0.1.1\" \/>\n\t\t<meta property=\"og:locale\" content=\"fr_FR\" \/>\n\t\t<meta property=\"og:site_name\" content=\"Costa Blanca Magazin\" \/>\n\t\t<meta property=\"og:type\" content=\"article\" \/>\n\t\t<meta property=\"og:title\" content=\"Weihnachtsgenuss Costa Blanca - s\u00fc\u00dfen Klassiker und\u2026\" \/>\n\t\t<meta property=\"og:description\" content=\"Von s\u00fc\u00dfen Klassikern bis hin zu herzhaften Festtagsgerichten: Kulinarische Traditionen der Marina Alta und Marina Baja - icht nur ein Fest der\u2026\" \/>\n\t\t<meta property=\"og:url\" content=\"https:\/\/costablanca-magazin.com\/fr\/kulinarisches\/spezialitaeten-rezepte\/weihnachtsgenuss-costa-blanca-suessen-klassiker-und-festtagsgerichten\/\" \/>\n\t\t<meta property=\"og:image\" content=\"https:\/\/costablanca-magazin.com\/wp-content\/uploads\/2024\/12\/flat-lay-of-festive-christmas-table-setting-and-ce-2024-10-18-05-36-08-utc-scaled.jpg\" \/>\n\t\t<meta property=\"og:image:secure_url\" content=\"https:\/\/costablanca-magazin.com\/wp-content\/uploads\/2024\/12\/flat-lay-of-festive-christmas-table-setting-and-ce-2024-10-18-05-36-08-utc-scaled.jpg\" \/>\n\t\t<meta property=\"og:image:width\" content=\"2560\" \/>\n\t\t<meta property=\"og:image:height\" content=\"1224\" \/>\n\t\t<meta property=\"article:published_time\" content=\"2024-12-23T08:00:00+00:00\" \/>\n\t\t<meta property=\"article:modified_time\" content=\"2026-07-07T08:39:42+00:00\" \/>\n\t\t<meta property=\"article:publisher\" content=\"https:\/\/www.facebook.com\/costablancalifestyle\/\" \/>\n\t\t<meta name=\"twitter:card\" content=\"summary_large_image\" \/>\n\t\t<meta name=\"twitter:title\" content=\"Weihnachtsgenuss Costa Blanca - s\u00fc\u00dfen Klassiker und\u2026\" \/>\n\t\t<meta name=\"twitter:description\" content=\"Von s\u00fc\u00dfen Klassikern bis hin zu herzhaften Festtagsgerichten: Kulinarische Traditionen der Marina Alta und Marina Baja - icht nur ein Fest der\u2026\" \/>\n\t\t<meta name=\"twitter:image\" content=\"https:\/\/costablanca-magazin.com\/wp-content\/uploads\/2024\/12\/flat-lay-of-festive-christmas-table-setting-and-ce-2024-10-18-05-36-08-utc-scaled.jpg\" \/>\n\t\t<script type=\"application\/ld+json\" class=\"aioseo-schema\">\n\t\t\t{\"@context\":\"https:\\\/\\\/schema.org\",\"@graph\":[{\"@type\":\"BreadcrumbList\",\"@id\":\"https:\\\/\\\/costablanca-magazin.com\\\/fr\\\/kulinarisches\\\/spezialitaeten-rezepte\\\/weihnachtsgenuss-costa-blanca-suessen-klassiker-und-festtagsgerichten\\\/#breadcrumblist\",\"itemListElement\":[{\"@type\":\"ListItem\",\"@id\":\"https:\\\/\\\/costablanca-magazin.com\\\/fr#listItem\",\"position\":1,\"name\":\"Home\",\"item\":\"https:\\\/\\\/costablanca-magazin.com\\\/fr\",\"nextItem\":{\"@type\":\"ListItem\",\"@id\":\"https:\\\/\\\/costablanca-magazin.com\\\/fr\\\/gastronomique\\\/#listItem\",\"name\":\"Kulinarisches\"}},{\"@type\":\"ListItem\",\"@id\":\"https:\\\/\\\/costablanca-magazin.com\\\/fr\\\/gastronomique\\\/#listItem\",\"position\":2,\"name\":\"Kulinarisches\",\"item\":\"https:\\\/\\\/costablanca-magazin.com\\\/fr\\\/gastronomique\\\/\",\"nextItem\":{\"@type\":\"ListItem\",\"@id\":\"https:\\\/\\\/costablanca-magazin.com\\\/fr\\\/specialites-recettes\\\/#listItem\",\"name\":\"Spezialit\\u00e4ten\\u00a0 &amp; Rezepte\"},\"previousItem\":{\"@type\":\"ListItem\",\"@id\":\"https:\\\/\\\/costablanca-magazin.com\\\/fr#listItem\",\"name\":\"Home\"}},{\"@type\":\"ListItem\",\"@id\":\"https:\\\/\\\/costablanca-magazin.com\\\/fr\\\/specialites-recettes\\\/#listItem\",\"position\":3,\"name\":\"Spezialit\\u00e4ten\\u00a0 &amp; Rezepte\",\"item\":\"https:\\\/\\\/costablanca-magazin.com\\\/fr\\\/specialites-recettes\\\/\",\"nextItem\":{\"@type\":\"ListItem\",\"@id\":\"https:\\\/\\\/costablanca-magazin.com\\\/fr\\\/kulinarisches\\\/spezialitaeten-rezepte\\\/weihnachtsgenuss-costa-blanca-suessen-klassiker-und-festtagsgerichten\\\/#listItem\",\"name\":\"Weihnachtsgenuss Costa Blanca &#8211; s\\u00fc\\u00dfen Klassiker und Festtagsgerichten\"},\"previousItem\":{\"@type\":\"ListItem\",\"@id\":\"https:\\\/\\\/costablanca-magazin.com\\\/fr\\\/gastronomique\\\/#listItem\",\"name\":\"Kulinarisches\"}},{\"@type\":\"ListItem\",\"@id\":\"https:\\\/\\\/costablanca-magazin.com\\\/fr\\\/kulinarisches\\\/spezialitaeten-rezepte\\\/weihnachtsgenuss-costa-blanca-suessen-klassiker-und-festtagsgerichten\\\/#listItem\",\"position\":4,\"name\":\"Weihnachtsgenuss Costa Blanca &#8211; s\\u00fc\\u00dfen Klassiker und Festtagsgerichten\",\"previousItem\":{\"@type\":\"ListItem\",\"@id\":\"https:\\\/\\\/costablanca-magazin.com\\\/fr\\\/specialites-recettes\\\/#listItem\",\"name\":\"Spezialit\\u00e4ten\\u00a0 &amp; Rezepte\"}}]},{\"@type\":\"NewsArticle\",\"@id\":\"https:\\\/\\\/costablanca-magazin.com\\\/fr\\\/kulinarisches\\\/spezialitaeten-rezepte\\\/weihnachtsgenuss-costa-blanca-suessen-klassiker-und-festtagsgerichten\\\/#article\",\"name\":\"Weihnachtsgenuss Costa Blanca \\u2013 s\\u00fc\\u00dfen Klassiker und Festtagsgerichten\",\"headline\":\"Weihnachtsgenuss Costa Blanca \\u2013 s\\u00fc\\u00dfen Klassiker und Festtagsgerichten\",\"author\":{\"@id\":\"https:\\\/\\\/costablanca-magazin.com\\\/fr\\\/author\\\/costablanca-magazin-redaktion\\\/#author\"},\"publisher\":{\"@id\":\"https:\\\/\\\/costablanca-magazin.com\\\/fr\\\/#organization\"},\"image\":{\"@type\":\"ImageObject\",\"url\":\"https:\\\/\\\/costablanca-magazin.com\\\/wp-content\\\/uploads\\\/2024\\\/12\\\/flat-lay-of-festive-christmas-table-setting-and-ce-2024-10-18-05-36-08-utc-scaled.jpg\",\"width\":2560,\"height\":1224,\"caption\":\"Weihnachtsgenuss Costa Blanca \\u2013 s\\u00fc\\u00dfen Klassiker und Festtagsgerichten\"},\"datePublished\":\"2024-12-23T09:00:00+01:00\",\"dateModified\":\"2026-07-07T10:39:42+02:00\",\"inLanguage\":\"fr-FR\",\"mainEntityOfPage\":{\"@id\":\"https:\\\/\\\/costablanca-magazin.com\\\/fr\\\/kulinarisches\\\/spezialitaeten-rezepte\\\/weihnachtsgenuss-costa-blanca-suessen-klassiker-und-festtagsgerichten\\\/#webpage\"},\"isPartOf\":{\"@id\":\"https:\\\/\\\/costablanca-magazin.com\\\/fr\\\/kulinarisches\\\/spezialitaeten-rezepte\\\/weihnachtsgenuss-costa-blanca-suessen-klassiker-und-festtagsgerichten\\\/#webpage\"},\"articleSection\":\"Spezialit\\u00e4ten\\u00a0 &amp; Rezepte, Spezialit\\u00e4ten Costa Blanca\"},{\"@type\":\"Person\",\"@id\":\"https:\\\/\\\/costablanca-magazin.com\\\/fr\\\/author\\\/costablanca-magazin-redaktion\\\/#author\",\"url\":\"https:\\\/\\\/costablanca-magazin.com\\\/fr\\\/author\\\/costablanca-magazin-redaktion\\\/\",\"name\":\"Costablanca Magazin Redaktion\"},{\"@type\":\"WebPage\",\"@id\":\"https:\\\/\\\/costablanca-magazin.com\\\/fr\\\/kulinarisches\\\/spezialitaeten-rezepte\\\/weihnachtsgenuss-costa-blanca-suessen-klassiker-und-festtagsgerichten\\\/#webpage\",\"url\":\"https:\\\/\\\/costablanca-magazin.com\\\/fr\\\/kulinarisches\\\/spezialitaeten-rezepte\\\/weihnachtsgenuss-costa-blanca-suessen-klassiker-und-festtagsgerichten\\\/\",\"name\":\"Weihnachtsgenuss Costa Blanca - s\\u00fc\\u00dfen Klassiker und\\u2026\",\"description\":\"Von s\\u00fc\\u00dfen Klassikern bis hin zu herzhaften Festtagsgerichten: Kulinarische Traditionen der Marina Alta und Marina Baja - icht nur ein Fest der\\u2026\",\"inLanguage\":\"fr-FR\",\"isPartOf\":{\"@id\":\"https:\\\/\\\/costablanca-magazin.com\\\/fr\\\/#website\"},\"breadcrumb\":{\"@id\":\"https:\\\/\\\/costablanca-magazin.com\\\/fr\\\/kulinarisches\\\/spezialitaeten-rezepte\\\/weihnachtsgenuss-costa-blanca-suessen-klassiker-und-festtagsgerichten\\\/#breadcrumblist\"},\"author\":{\"@id\":\"https:\\\/\\\/costablanca-magazin.com\\\/fr\\\/author\\\/costablanca-magazin-redaktion\\\/#author\"},\"creator\":{\"@id\":\"https:\\\/\\\/costablanca-magazin.com\\\/fr\\\/author\\\/costablanca-magazin-redaktion\\\/#author\"},\"image\":{\"@type\":\"ImageObject\",\"url\":\"https:\\\/\\\/costablanca-magazin.com\\\/wp-content\\\/uploads\\\/2024\\\/12\\\/flat-lay-of-festive-christmas-table-setting-and-ce-2024-10-18-05-36-08-utc-scaled.jpg\",\"@id\":\"https:\\\/\\\/costablanca-magazin.com\\\/fr\\\/kulinarisches\\\/spezialitaeten-rezepte\\\/weihnachtsgenuss-costa-blanca-suessen-klassiker-und-festtagsgerichten\\\/#mainImage\",\"width\":2560,\"height\":1224,\"caption\":\"Weihnachtsgenuss Costa Blanca \\u2013 s\\u00fc\\u00dfen Klassiker und Festtagsgerichten\"},\"primaryImageOfPage\":{\"@id\":\"https:\\\/\\\/costablanca-magazin.com\\\/fr\\\/kulinarisches\\\/spezialitaeten-rezepte\\\/weihnachtsgenuss-costa-blanca-suessen-klassiker-und-festtagsgerichten\\\/#mainImage\"},\"datePublished\":\"2024-12-23T09:00:00+01:00\",\"dateModified\":\"2026-07-07T10:39:42+02:00\",\"mainEntity\":{\"@id\":\"https:\\\/\\\/costablanca-magazin.com\\\/fr\\\/kulinarisches\\\/spezialitaeten-rezepte\\\/weihnachtsgenuss-costa-blanca-suessen-klassiker-und-festtagsgerichten\\\/#article\"}},{\"@type\":\"WebSite\",\"@id\":\"https:\\\/\\\/costablanca-magazin.com\\\/fr\\\/#website\",\"url\":\"https:\\\/\\\/costablanca-magazin.com\\\/fr\\\/\",\"name\":\"Costa Blanca Magazin\",\"description\":\"Costa Blanca - alles um das Leben und die Freizeit an der K\\u00fcste\",\"inLanguage\":\"fr-FR\",\"publisher\":{\"@id\":\"https:\\\/\\\/costablanca-magazin.com\\\/fr\\\/#organization\"},\"potentialAction\":{\"@type\":\"SearchAction\",\"target\":\"https:\\\/\\\/costablanca-magazin.com\\\/fr\\\/?s={search_term_string}\",\"query-input\":\"required name=search_term_string\"}},{\"@type\":[\"Organization\",\"NewsMediaOrganization\"],\"@id\":\"https:\\\/\\\/costablanca-magazin.com\\\/fr\\\/#organization\",\"name\":\"Costa Blanca Magazin\",\"description\":\"Costa Blanca Magazin\",\"url\":\"https:\\\/\\\/costablanca-magazin.com\\\/fr\\\/\",\"email\":\"info@costablanca-magazin.com\",\"telephone\":\"+34 663 946 871\",\"logo\":{\"@type\":\"ImageObject\",\"url\":\"https:\\\/\\\/costablanca-magazin.com\\\/wp-content\\\/uploads\\\/2024\\\/05\\\/logo.jpg\",\"@id\":\"https:\\\/\\\/costablanca-magazin.com\\\/fr\\\/kulinarisches\\\/spezialitaeten-rezepte\\\/weihnachtsgenuss-costa-blanca-suessen-klassiker-und-festtagsgerichten\\\/#organizationLogo\",\"width\":1605,\"height\":236,\"caption\":\"Costa Blanca Magazin\"},\"image\":{\"@id\":\"https:\\\/\\\/costablanca-magazin.com\\\/fr\\\/kulinarisches\\\/spezialitaeten-rezepte\\\/weihnachtsgenuss-costa-blanca-suessen-klassiker-und-festtagsgerichten\\\/#organizationLogo\"},\"sameAs\":[\"https:\\\/\\\/www.facebook.com\\\/costablancalifestyle\\\/\",\"https:\\\/\\\/www.instagram.com\\\/costablancamagazin\\\/\"]}]}\n\t\t<\/script>\n\t\t<!-- All in One SEO Pro -->\r\n\t\t<title>Weihnachtsgenuss Costa Blanca - s\u00fc\u00dfen Klassiker und\u2026<\/title>\n\n","aioseo_head_json":{"title":"Weihnachtsgenuss Costa Blanca - s\u00fc\u00dfen Klassiker und\u2026","description":"Von s\u00fc\u00dfen Klassikern bis hin zu herzhaften Festtagsgerichten: Kulinarische Traditionen der Marina Alta und Marina Baja - icht nur ein Fest der\u2026","canonical_url":"https:\/\/costablanca-magazin.com\/fr\/kulinarisches\/spezialitaeten-rezepte\/weihnachtsgenuss-costa-blanca-suessen-klassiker-und-festtagsgerichten\/","robots":"max-snippet:-1, max-image-preview:large, max-video-preview:-1","keywords":"","webmasterTools":{"miscellaneous":""},"schema":{"@context":"https:\/\/schema.org","@graph":[{"@type":"BreadcrumbList","@id":"https:\/\/costablanca-magazin.com\/fr\/kulinarisches\/spezialitaeten-rezepte\/weihnachtsgenuss-costa-blanca-suessen-klassiker-und-festtagsgerichten\/#breadcrumblist","itemListElement":[{"@type":"ListItem","@id":"https:\/\/costablanca-magazin.com\/fr#listItem","position":1,"name":"Home","item":"https:\/\/costablanca-magazin.com\/fr","nextItem":{"@type":"ListItem","@id":"https:\/\/costablanca-magazin.com\/fr\/gastronomique\/#listItem","name":"Kulinarisches"}},{"@type":"ListItem","@id":"https:\/\/costablanca-magazin.com\/fr\/gastronomique\/#listItem","position":2,"name":"Kulinarisches","item":"https:\/\/costablanca-magazin.com\/fr\/gastronomique\/","nextItem":{"@type":"ListItem","@id":"https:\/\/costablanca-magazin.com\/fr\/specialites-recettes\/#listItem","name":"Spezialit\u00e4ten\u00a0 &amp; Rezepte"},"previousItem":{"@type":"ListItem","@id":"https:\/\/costablanca-magazin.com\/fr#listItem","name":"Home"}},{"@type":"ListItem","@id":"https:\/\/costablanca-magazin.com\/fr\/specialites-recettes\/#listItem","position":3,"name":"Spezialit\u00e4ten\u00a0 &amp; Rezepte","item":"https:\/\/costablanca-magazin.com\/fr\/specialites-recettes\/","nextItem":{"@type":"ListItem","@id":"https:\/\/costablanca-magazin.com\/fr\/kulinarisches\/spezialitaeten-rezepte\/weihnachtsgenuss-costa-blanca-suessen-klassiker-und-festtagsgerichten\/#listItem","name":"Weihnachtsgenuss Costa Blanca &#8211; s\u00fc\u00dfen Klassiker und Festtagsgerichten"},"previousItem":{"@type":"ListItem","@id":"https:\/\/costablanca-magazin.com\/fr\/gastronomique\/#listItem","name":"Kulinarisches"}},{"@type":"ListItem","@id":"https:\/\/costablanca-magazin.com\/fr\/kulinarisches\/spezialitaeten-rezepte\/weihnachtsgenuss-costa-blanca-suessen-klassiker-und-festtagsgerichten\/#listItem","position":4,"name":"Weihnachtsgenuss Costa Blanca &#8211; s\u00fc\u00dfen Klassiker und Festtagsgerichten","previousItem":{"@type":"ListItem","@id":"https:\/\/costablanca-magazin.com\/fr\/specialites-recettes\/#listItem","name":"Spezialit\u00e4ten\u00a0 &amp; Rezepte"}}]},{"@type":"NewsArticle","@id":"https:\/\/costablanca-magazin.com\/fr\/kulinarisches\/spezialitaeten-rezepte\/weihnachtsgenuss-costa-blanca-suessen-klassiker-und-festtagsgerichten\/#article","name":"Weihnachtsgenuss Costa Blanca \u2013 s\u00fc\u00dfen Klassiker und Festtagsgerichten","headline":"Weihnachtsgenuss Costa Blanca \u2013 s\u00fc\u00dfen Klassiker und Festtagsgerichten","author":{"@id":"https:\/\/costablanca-magazin.com\/fr\/author\/costablanca-magazin-redaktion\/#author"},"publisher":{"@id":"https:\/\/costablanca-magazin.com\/fr\/#organization"},"image":{"@type":"ImageObject","url":"https:\/\/costablanca-magazin.com\/wp-content\/uploads\/2024\/12\/flat-lay-of-festive-christmas-table-setting-and-ce-2024-10-18-05-36-08-utc-scaled.jpg","width":2560,"height":1224,"caption":"Weihnachtsgenuss Costa Blanca \u2013 s\u00fc\u00dfen Klassiker und Festtagsgerichten"},"datePublished":"2024-12-23T09:00:00+01:00","dateModified":"2026-07-07T10:39:42+02:00","inLanguage":"fr-FR","mainEntityOfPage":{"@id":"https:\/\/costablanca-magazin.com\/fr\/kulinarisches\/spezialitaeten-rezepte\/weihnachtsgenuss-costa-blanca-suessen-klassiker-und-festtagsgerichten\/#webpage"},"isPartOf":{"@id":"https:\/\/costablanca-magazin.com\/fr\/kulinarisches\/spezialitaeten-rezepte\/weihnachtsgenuss-costa-blanca-suessen-klassiker-und-festtagsgerichten\/#webpage"},"articleSection":"Spezialit\u00e4ten\u00a0 &amp; Rezepte, Spezialit\u00e4ten Costa Blanca"},{"@type":"Person","@id":"https:\/\/costablanca-magazin.com\/fr\/author\/costablanca-magazin-redaktion\/#author","url":"https:\/\/costablanca-magazin.com\/fr\/author\/costablanca-magazin-redaktion\/","name":"Costablanca Magazin Redaktion"},{"@type":"WebPage","@id":"https:\/\/costablanca-magazin.com\/fr\/kulinarisches\/spezialitaeten-rezepte\/weihnachtsgenuss-costa-blanca-suessen-klassiker-und-festtagsgerichten\/#webpage","url":"https:\/\/costablanca-magazin.com\/fr\/kulinarisches\/spezialitaeten-rezepte\/weihnachtsgenuss-costa-blanca-suessen-klassiker-und-festtagsgerichten\/","name":"Weihnachtsgenuss Costa Blanca - s\u00fc\u00dfen Klassiker und\u2026","description":"Von s\u00fc\u00dfen Klassikern bis hin zu herzhaften Festtagsgerichten: Kulinarische Traditionen der Marina Alta und Marina Baja - icht nur ein Fest der\u2026","inLanguage":"fr-FR","isPartOf":{"@id":"https:\/\/costablanca-magazin.com\/fr\/#website"},"breadcrumb":{"@id":"https:\/\/costablanca-magazin.com\/fr\/kulinarisches\/spezialitaeten-rezepte\/weihnachtsgenuss-costa-blanca-suessen-klassiker-und-festtagsgerichten\/#breadcrumblist"},"author":{"@id":"https:\/\/costablanca-magazin.com\/fr\/author\/costablanca-magazin-redaktion\/#author"},"creator":{"@id":"https:\/\/costablanca-magazin.com\/fr\/author\/costablanca-magazin-redaktion\/#author"},"image":{"@type":"ImageObject","url":"https:\/\/costablanca-magazin.com\/wp-content\/uploads\/2024\/12\/flat-lay-of-festive-christmas-table-setting-and-ce-2024-10-18-05-36-08-utc-scaled.jpg","@id":"https:\/\/costablanca-magazin.com\/fr\/kulinarisches\/spezialitaeten-rezepte\/weihnachtsgenuss-costa-blanca-suessen-klassiker-und-festtagsgerichten\/#mainImage","width":2560,"height":1224,"caption":"Weihnachtsgenuss Costa Blanca \u2013 s\u00fc\u00dfen Klassiker und Festtagsgerichten"},"primaryImageOfPage":{"@id":"https:\/\/costablanca-magazin.com\/fr\/kulinarisches\/spezialitaeten-rezepte\/weihnachtsgenuss-costa-blanca-suessen-klassiker-und-festtagsgerichten\/#mainImage"},"datePublished":"2024-12-23T09:00:00+01:00","dateModified":"2026-07-07T10:39:42+02:00","mainEntity":{"@id":"https:\/\/costablanca-magazin.com\/fr\/kulinarisches\/spezialitaeten-rezepte\/weihnachtsgenuss-costa-blanca-suessen-klassiker-und-festtagsgerichten\/#article"}},{"@type":"WebSite","@id":"https:\/\/costablanca-magazin.com\/fr\/#website","url":"https:\/\/costablanca-magazin.com\/fr\/","name":"Costa Blanca Magazin","description":"Costa Blanca - alles um das Leben und die Freizeit an der K\u00fcste","inLanguage":"fr-FR","publisher":{"@id":"https:\/\/costablanca-magazin.com\/fr\/#organization"},"potentialAction":{"@type":"SearchAction","target":"https:\/\/costablanca-magazin.com\/fr\/?s={search_term_string}","query-input":"required name=search_term_string"}},{"@type":["Organization","NewsMediaOrganization"],"@id":"https:\/\/costablanca-magazin.com\/fr\/#organization","name":"Costa Blanca Magazin","description":"Costa Blanca Magazin","url":"https:\/\/costablanca-magazin.com\/fr\/","email":"info@costablanca-magazin.com","telephone":"+34 663 946 871","logo":{"@type":"ImageObject","url":"https:\/\/costablanca-magazin.com\/wp-content\/uploads\/2024\/05\/logo.jpg","@id":"https:\/\/costablanca-magazin.com\/fr\/kulinarisches\/spezialitaeten-rezepte\/weihnachtsgenuss-costa-blanca-suessen-klassiker-und-festtagsgerichten\/#organizationLogo","width":1605,"height":236,"caption":"Costa Blanca Magazin"},"image":{"@id":"https:\/\/costablanca-magazin.com\/fr\/kulinarisches\/spezialitaeten-rezepte\/weihnachtsgenuss-costa-blanca-suessen-klassiker-und-festtagsgerichten\/#organizationLogo"},"sameAs":["https:\/\/www.facebook.com\/costablancalifestyle\/","https:\/\/www.instagram.com\/costablancamagazin\/"]}]},"og:locale":"fr_FR","og:site_name":"Costa Blanca Magazin","og:type":"article","og:title":"Weihnachtsgenuss Costa Blanca - s\u00fc\u00dfen Klassiker und\u2026","og:description":"Von s\u00fc\u00dfen Klassikern bis hin zu herzhaften Festtagsgerichten: Kulinarische Traditionen der Marina Alta und Marina Baja - icht nur ein Fest der\u2026","og:url":"https:\/\/costablanca-magazin.com\/fr\/kulinarisches\/spezialitaeten-rezepte\/weihnachtsgenuss-costa-blanca-suessen-klassiker-und-festtagsgerichten\/","og:image":"https:\/\/costablanca-magazin.com\/wp-content\/uploads\/2024\/12\/flat-lay-of-festive-christmas-table-setting-and-ce-2024-10-18-05-36-08-utc-scaled.jpg","og:image:secure_url":"https:\/\/costablanca-magazin.com\/wp-content\/uploads\/2024\/12\/flat-lay-of-festive-christmas-table-setting-and-ce-2024-10-18-05-36-08-utc-scaled.jpg","og:image:width":2560,"og:image:height":1224,"article:published_time":"2024-12-23T08:00:00+00:00","article:modified_time":"2026-07-07T08:39:42+00:00","article:publisher":"https:\/\/www.facebook.com\/costablancalifestyle\/","twitter:card":"summary_large_image","twitter:title":"Weihnachtsgenuss Costa Blanca - s\u00fc\u00dfen Klassiker und\u2026","twitter:description":"Von s\u00fc\u00dfen Klassikern bis hin zu herzhaften Festtagsgerichten: Kulinarische Traditionen der Marina Alta und Marina Baja - icht nur ein Fest der\u2026","twitter:image":"https:\/\/costablanca-magazin.com\/wp-content\/uploads\/2024\/12\/flat-lay-of-festive-christmas-table-setting-and-ce-2024-10-18-05-36-08-utc-scaled.jpg"},"aioseo_meta_data":{"post_id":"3598","title":"Weihnachtsgenuss Costa Blanca - s\u00fc\u00dfen Klassiker und\u2026","description":"Von s\u00fc\u00dfen Klassikern bis hin zu herzhaften Festtagsgerichten: Kulinarische Traditionen der Marina Alta und Marina Baja - icht nur ein Fest der\u2026","keywords":null,"keyphrases":{"focus":[],"additional":[]},"primary_term":null,"canonical_url":null,"og_title":null,"og_description":null,"og_object_type":"default","og_image_type":"default","og_image_url":null,"og_image_width":null,"og_image_height":null,"og_image_custom_url":null,"og_image_custom_fields":null,"og_video":"","og_custom_url":null,"og_article_section":null,"og_article_tags":null,"twitter_use_og":false,"twitter_card":"default","twitter_image_type":"default","twitter_image_url":null,"twitter_image_custom_url":null,"twitter_image_custom_fields":null,"twitter_title":null,"twitter_description":null,"schema":{"blockGraphs":[],"customGraphs":[],"default":{"data":{"Article":[],"Course":[],"Dataset":[],"FAQPage":[],"Movie":[],"Person":[],"Product":[],"ProductReview":[],"Car":[],"Recipe":[],"Service":[],"SoftwareApplication":[],"WebPage":[]},"graphName":"BlogPosting","isEnabled":true},"graphs":[]},"schema_type":"default","schema_type_options":null,"pillar_content":false,"robots_default":true,"robots_noindex":false,"robots_noarchive":false,"robots_nosnippet":false,"robots_nofollow":false,"robots_noimageindex":false,"robots_noodp":false,"robots_notranslate":false,"robots_max_snippet":"-1","robots_max_videopreview":"-1","robots_max_imagepreview":"large","priority":null,"frequency":"default","local_seo":null,"seo_analyzer_scan_date":"2026-07-07 09:40:05","breadcrumb_settings":null,"limit_modified_date":false,"reviewed_by":null,"open_ai":null,"ai":null,"created":"2024-12-14 11:05:16","updated":"2026-08-10 07:30:18","focus_keyword":null,"additional_keywords":null,"truseo_locale":null},"aioseo_breadcrumb":"<div class=\"aioseo-breadcrumbs\"><span class=\"aioseo-breadcrumb\">\n\t<a href=\"https:\/\/costablanca-magazin.com\/fr\" title=\"Home\">Home<\/a>\n<\/span><span class=\"aioseo-breadcrumb-separator\">&raquo;<\/span><span class=\"aioseo-breadcrumb\">\n\t<a href=\"https:\/\/costablanca-magazin.com\/fr\/gastronomique\/\" title=\"Kulinarisches\">Kulinarisches<\/a>\n<\/span><span class=\"aioseo-breadcrumb-separator\">&raquo;<\/span><span class=\"aioseo-breadcrumb\">\n\t<a href=\"https:\/\/costablanca-magazin.com\/fr\/specialites-recettes\/\" title=\"Spezialit\u00e4ten  &amp; Rezepte\">Spezialit\u00e4ten  &amp; Rezepte<\/a>\n<\/span><span class=\"aioseo-breadcrumb-separator\">&raquo;<\/span><span class=\"aioseo-breadcrumb\">\n\tWeihnachtsgenuss Costa Blanca \u2013 s\u00fc\u00dfen Klassiker und Festtagsgerichten\n<\/span><\/div>","aioseo_breadcrumb_json":[{"label":"Home","link":"https:\/\/costablanca-magazin.com\/fr"},{"label":"Kulinarisches","link":"https:\/\/costablanca-magazin.com\/fr\/gastronomique\/"},{"label":"Spezialit\u00e4ten\u00a0 &amp; Rezepte","link":"https:\/\/costablanca-magazin.com\/fr\/specialites-recettes\/"},{"label":"Weihnachtsgenuss Costa Blanca &#8211; s\u00fc\u00dfen Klassiker und Festtagsgerichten","link":"https:\/\/costablanca-magazin.com\/fr\/kulinarisches\/spezialitaeten-rezepte\/weihnachtsgenuss-costa-blanca-suessen-klassiker-und-festtagsgerichten\/"}],"_links":{"self":[{"href":"https:\/\/costablanca-magazin.com\/fr\/wp-json\/wp\/v2\/posts\/3598","targetHints":{"allow":["GET"]}}],"collection":[{"href":"https:\/\/costablanca-magazin.com\/fr\/wp-json\/wp\/v2\/posts"}],"about":[{"href":"https:\/\/costablanca-magazin.com\/fr\/wp-json\/wp\/v2\/types\/post"}],"author":[{"embeddable":true,"href":"https:\/\/costablanca-magazin.com\/fr\/wp-json\/wp\/v2\/users\/4"}],"replies":[{"embeddable":true,"href":"https:\/\/costablanca-magazin.com\/fr\/wp-json\/wp\/v2\/comments?post=3598"}],"version-history":[{"count":19,"href":"https:\/\/costablanca-magazin.com\/fr\/wp-json\/wp\/v2\/posts\/3598\/revisions"}],"predecessor-version":[{"id":6452,"href":"https:\/\/costablanca-magazin.com\/fr\/wp-json\/wp\/v2\/posts\/3598\/revisions\/6452"}],"wp:featuredmedia":[{"embeddable":true,"href":"https:\/\/costablanca-magazin.com\/fr\/wp-json\/wp\/v2\/media\/3684"}],"wp:attachment":[{"href":"https:\/\/costablanca-magazin.com\/fr\/wp-json\/wp\/v2\/media?parent=3598"}],"wp:term":[{"taxonomy":"category","embeddable":true,"href":"https:\/\/costablanca-magazin.com\/fr\/wp-json\/wp\/v2\/categories?post=3598"},{"taxonomy":"post_tag","embeddable":true,"href":"https:\/\/costablanca-magazin.com\/fr\/wp-json\/wp\/v2\/tags?post=3598"}],"curies":[{"name":"wp","href":"https:\/\/api.w.org\/{rel}","templated":true}]}}